{"id":911,"date":"2017-08-21T16:04:38","date_gmt":"2017-08-21T14:04:38","guid":{"rendered":"https:\/\/katarek.pl\/blog\/?p=911"},"modified":"2017-08-21T16:04:38","modified_gmt":"2017-08-21T14:04:38","slug":"czy-trzydniowka-jest-zarazliwa","status":"publish","type":"post","link":"https:\/\/katarek.pl\/czy-trzydniowka-jest-zarazliwa\/","title":{"rendered":"Czym jest trzydni\u00f3wka i czy jest zara\u017aliwa?"},"content":{"rendered":"<p>Jej nazwa brzmi zupe\u0142nie niegro\u017anie. Trzy dni \u2013 i po chorobie. Czy rzeczywi\u015bcie? Perspektywa znacz\u0105co si\u0119 zmienia na d\u017awi\u0119k oficjalnej nazwy tej choroby \u2013 rumie\u0144 nag\u0142y. Czym jest to tajemnicze schorzenie? Sk\u0105d si\u0119 bierze? Jak post\u0119powa\u0107, gdy zauwa\u017cymy jej objawy? I najwa\u017cniejsze pytanie: czy w zwi\u0105zku z tym, \u017ce ma gwa\u0142towny przebieg, nale\u017cy si\u0119 jej szczeg\u00f3lnie obawia\u0107? <strong>Czy trzydni\u00f3wka jest zara\u017aliwa?<\/strong> <!--more--><\/p>\n<h2>Sk\u0105d si\u0119 bierze trzydni\u00f3wka?<\/h2>\n<p>Rumie\u0144 nag\u0142y zwany trzydni\u00f3wk\u0105 to <b>choroba wirusowa rozprzestrzeniaj\u0105ca si\u0119 drog\u0105 kropelkow\u0105<\/b>. <strong>Sk\u0105d si\u0119 bierze trzydni\u00f3wka<\/strong>? Odpowiedzialny jest za ni\u0105 wirus human herpesvirus 6. Dotyka najcz\u0119\u015bciej niemowl\u0105t oraz dzieci do lat 3. Mimo, \u017ce choruj\u0105 na ni\u0105 tylko dzieci, to zara\u017ca\u0107 mog\u0105 r\u00f3wnie\u017c doro\u015bli nosiciele wirusa. Cho\u0107 rumie\u0144 nag\u0142y ma gwa\u0142towny charakter, lekarze okre\u015blaj\u0105 go jako \u0142agodn\u0105 chorob\u0119 wieku dzieci\u0119cego. Nie jest to bardzo zara\u017aliwa choroba, a wirus nie wywo\u0142uje epidemii. Co wi\u0119cej, kto raz zachorowa\u0142 na trzydni\u00f3wk\u0119, zyskuje odporno\u015b\u0107 na ni\u0105 na reszt\u0119 \u017cycia.<\/p>\n<h2>Jak przebiega trzydni\u00f3wka<\/h2>\n<p>Pierwsze objawy rumienia pojawiaj\u0105 si\u0119 w oko\u0142o 10-14 dniu od zara\u017cenia wirusem. Nagle pojawia si\u0119 niczym <b>niezapowiedziana gor\u0105czka<\/b> &#8211; ok. 39 st. C (dochodz\u0105ca nawet do 40 st. C). Z uwagi na fakt, \u017ce jest to bardzo wysoka temperatura, zw\u0142aszcza dla malucha, nale\u017cy je uwa\u017cnie obserwowa\u0107. Szczeg\u00f3lnie niemowl\u0119ta nara\u017cone s\u0105 na wyst\u0105pienie tzw. drgawek gor\u0105czkowych (wyst\u0119puj\u0105 u ok. 5 procent dzieci w wieku mi\u0119dzy 6. miesi\u0105cem a 5. rokiem \u017cycia).<\/p>\n<p>Ci\u0119\u017cko od razu rozpozna\u0107 <em>trzydni\u00f3wk\u0119<\/em>, gdy\u017c jej pocz\u0105tkowe objawy takie jak kaszel, katar, czy\u00a0zatkany nos\u00a0u dziecka, mog\u0105 \u015bwiadczy\u0107 r\u00f3wnie\u017c o zwyk\u0142ym przezi\u0119bieniu czy grypie. Ze wzgl\u0119du na wysok\u0105 temperatur\u0119, maluch mo\u017ce do\u015bwiadcza\u0107 obni\u017cenia nastroju, mo\u017ce sta\u0107 si\u0119 ospa\u0142y, apatyczny, bez apetytu. Dodatkowe objawy, kt\u00f3re mog\u0105, ale nie musz\u0105 wyst\u0105pi\u0107, to zaczerwienienie gard\u0142a, b\u00f3l ucha, powi\u0119kszenie w\u0119z\u0142\u00f3w ch\u0142onnych.<\/p>\n<p>Gor\u0105czka wywo\u0142ana rumieniem ust\u0119puje z regu\u0142y w\u0142a\u015bnie po trzech dniach, ale czasem przeci\u0105ga si\u0119 jeszcze na jeden lub nawet dwa kolejne dni. Kiedy temperatura cia\u0142a zaczyna wraca\u0107 do normy, na ciele pojawia si\u0119 r\u00f3\u017cowa wysypka (przede wszystkim na klatce piersiowej), kt\u00f3ra na szcz\u0119\u015bcie znika ju\u017c po kilkunastu godzinach.<\/p>\n<h3>\u0141agodzenie objaw\u00f3w trzydni\u00f3wki<\/h3>\n<p>Z jednej strony <strong>trzydni\u00f3wka<\/strong> to \u0142agodna choroba wieku dzieci\u0119cego, ale mimo wszystko towarzyszy jej wysoka gor\u0105czka, kt\u00f3ra zagra\u017ca zdrowiu dziecka. Najwa\u017cniejsze to podj\u0105\u0107 dzia\u0142anie bez wpadania w \u00a0panik\u0119. Nie warto samodzielnie stawia\u0107 diagnozy \u2013 dla bezpiecze\u0144stwa lepiej uda\u0107 si\u0119 z dzieckiem do lekarza. Je\u015bli jednak temperatura u dziecka ro\u015bnie, osi\u0105gn\u0119\u0142a ju\u017c 38 st. C i nie spada, a wy nie macie mo\u017cliwo\u015bci dosta\u0107 si\u0119 od razu do pediatry, podaj dziecku lek przeciwgor\u0105czkowy (paracetamol lub ibuprofen). Bardzo wa\u017cne jest wtedy dbanie o w\u0142a\u015bciwe nawodnienie organizmu dziecka.<\/p>\n<p>Ulg\u0119 w gor\u0105czce mo\u017ce przynie\u015b\u0107 maluchowi r\u00f3wnie\u017c k\u0105piel w wodzie o dwa stopnie ch\u0142odniejszej ni\u017c cia\u0142o dziecka. Po k\u0105pieli za\u0142\u00f3\u017c maluszkowi lekkie, przewiewne ubranie, w kt\u00f3rym nie b\u0119dzie si\u0119 dodatkowo poci\u0142. Mo\u017cesz r\u00f3wnie\u017c zrobi\u0107 dziecku ch\u0142odny ok\u0142ad na czo\u0142o i kark i zadba\u0107 o to, by jego pok\u00f3j by\u0142 przewietrzony.<\/p>\n<p>To w\u0142a\u015bciwie najwa\u017cniejsze kroki, jakie nale\u017cy podj\u0105\u0107 podczas trzydni\u00f3wki. Tej choroby si\u0119 nie leczy, dziecko musi j\u0105 po prostu \u201eprzechorowa\u0107\u201d, a jedyne co rodzice mog\u0105 zrobi\u0107, to \u0142agodzi\u0107 jej objawy, aby maluch lepiej j\u0105 zni\u00f3s\u0142.<\/p>\n<p>Aby zapobiec zara\u017ceniem si\u0119 tym wirusem warto sprawdzi\u0107 <a href=\"https:\/\/katarek.pl\/blog\/jak-nie-zarazic-sie-grypa-od-domownikow\/\">jak uchroni\u0107 si\u0119 przed przezi\u0119bieniem wiosn\u0105<\/a>. Jednak, gdy choroba b\u0119dzie nieub\u0142agalna, warto mie\u0107 w domu <a href=\"https:\/\/katarek.pl\/blog\/urzadzenia-do-czyszczenia-nosa-niemowlaka\/\">urz\u0105dzania do oczyszczania nosa niemowlaka<\/a>, aby zmniejszy\u0107 uci\u0105\u017cliwo\u015b\u0107 dolegliwo\u015bci.<\/p>\n","protected":false},"excerpt":"Wi\u0119kszo\u015b\u0107 maluch\u00f3w w okresie niemowl\u0119cym j\u0105 przechodzi. Dowiedz si\u0119 mamo jak rozpozna\u0107 objawy trzydni\u00f3wki i jak sobie z ni\u0105 radzi\u0107. ","author":7,"featured_media":912,"comment_status":"open","ping_status":"open","sticky":false,"template":"","format":"standard","meta":{"_acf_changed":false,"inline_featured_image":false,"editor_plus_copied_stylings":"{}","footnotes":""},"categories":[28,41],"tags":[],"class_list":["post-911","post","type-post","status-publish","format-standard","has-post-thumbnail","hentry","category-dziecko","category-zdrowie-dziecko"],"yoast_head":"<!-- This site is optimized with the Yoast SEO plugin v27.4 - https:\/\/yoast.com\/product\/yoast-seo-wordpress\/ -->\n<title>Czy trzydni\u00f3wka jest zara\u017aliwa? Sk\u0105d si\u0119 bierze i jak \u0142agodzi\u0107 objawy? - blog Katarek<\/title>\n<meta name=\"description\" content=\"Zastanawiasz si\u0119 sk\u0105d si\u0119 bierze trzydni\u00f3wka i czy jest zara\u017aliwa? O przyczynach, objawach i sposobach walki z t\u0105 chorob\u0105 opisujemy na blogu Katarek. Sprawd\u017a!\" \/>\n<meta name=\"robots\" content=\"index, follow, max-snippet:-1, max-image-preview:large, max-video-preview:-1\" \/>\n<link rel=\"canonical\" href=\"https:\/\/katarek.pl\/czy-trzydniowka-jest-zarazliwa\/\" \/>\n<meta property=\"og:locale\" content=\"pl_PL\" \/>\n<meta property=\"og:type\" content=\"article\" \/>\n<meta property=\"og:title\" content=\"Czy trzydni\u00f3wka jest zara\u017aliwa? Sk\u0105d si\u0119 bierze i jak \u0142agodzi\u0107 objawy? - blog Katarek\" \/>\n<meta property=\"og:description\" content=\"Zastanawiasz si\u0119 sk\u0105d si\u0119 bierze trzydni\u00f3wka i czy jest zara\u017aliwa? O przyczynach, objawach i sposobach walki z t\u0105 chorob\u0105 opisujemy na blogu Katarek. Sprawd\u017a!\" \/>\n<meta property=\"og:url\" content=\"https:\/\/katarek.pl\/czy-trzydniowka-jest-zarazliwa\/\" \/>\n<meta property=\"og:site_name\" content=\"katarek.pl\" \/>\n<meta property=\"article:published_time\" content=\"2017-08-21T14:04:38+00:00\" \/>\n<meta property=\"og:image\" content=\"https:\/\/katarek.pl\/wp-content\/uploads\/2017\/08\/fotolia_114489983_l-scaled.jpg\" \/>\n\t<meta property=\"og:image:width\" content=\"2560\" \/>\n\t<meta property=\"og:image:height\" content=\"1696\" \/>\n\t<meta property=\"og:image:type\" content=\"image\/jpeg\" \/>\n<meta name=\"author\" content=\"katarek\" \/>\n<meta name=\"twitter:card\" content=\"summary_large_image\" \/>\n<meta name=\"twitter:label1\" content=\"Napisane przez\" \/>\n\t<meta name=\"twitter:data1\" content=\"katarek\" \/>\n\t<meta name=\"twitter:label2\" content=\"Szacowany czas czytania\" \/>\n\t<meta name=\"twitter:data2\" content=\"3 minuty\" \/>\n<script type=\"application\/ld+json\" class=\"yoast-schema-graph\">{\"@context\":\"https:\\\/\\\/schema.org\",\"@graph\":[{\"@type\":\"Article\",\"@id\":\"https:\\\/\\\/katarek.pl\\\/czy-trzydniowka-jest-zarazliwa\\\/#article\",\"isPartOf\":{\"@id\":\"https:\\\/\\\/katarek.pl\\\/czy-trzydniowka-jest-zarazliwa\\\/\"},\"author\":{\"name\":\"katarek\",\"@id\":\"https:\\\/\\\/katarek.pl\\\/#\\\/schema\\\/person\\\/c7267555b2aaad4c6d15146a155bc430\"},\"headline\":\"Czym jest trzydni\u00f3wka i czy jest zara\u017aliwa?\",\"datePublished\":\"2017-08-21T14:04:38+00:00\",\"mainEntityOfPage\":{\"@id\":\"https:\\\/\\\/katarek.pl\\\/czy-trzydniowka-jest-zarazliwa\\\/\"},\"wordCount\":664,\"commentCount\":0,\"image\":{\"@id\":\"https:\\\/\\\/katarek.pl\\\/czy-trzydniowka-jest-zarazliwa\\\/#primaryimage\"},\"thumbnailUrl\":\"https:\\\/\\\/katarek.pl\\\/wp-content\\\/uploads\\\/2017\\\/08\\\/fotolia_114489983_l-scaled.jpg\",\"articleSection\":[\"Dziecko\",\"Zdrowie\"],\"inLanguage\":\"pl-PL\"},{\"@type\":\"WebPage\",\"@id\":\"https:\\\/\\\/katarek.pl\\\/czy-trzydniowka-jest-zarazliwa\\\/\",\"url\":\"https:\\\/\\\/katarek.pl\\\/czy-trzydniowka-jest-zarazliwa\\\/\",\"name\":\"Czy trzydni\u00f3wka jest zara\u017aliwa? Sk\u0105d si\u0119 bierze i jak \u0142agodzi\u0107 objawy? - blog Katarek\",\"isPartOf\":{\"@id\":\"https:\\\/\\\/katarek.pl\\\/#website\"},\"primaryImageOfPage\":{\"@id\":\"https:\\\/\\\/katarek.pl\\\/czy-trzydniowka-jest-zarazliwa\\\/#primaryimage\"},\"image\":{\"@id\":\"https:\\\/\\\/katarek.pl\\\/czy-trzydniowka-jest-zarazliwa\\\/#primaryimage\"},\"thumbnailUrl\":\"https:\\\/\\\/katarek.pl\\\/wp-content\\\/uploads\\\/2017\\\/08\\\/fotolia_114489983_l-scaled.jpg\",\"datePublished\":\"2017-08-21T14:04:38+00:00\",\"author\":{\"@id\":\"https:\\\/\\\/katarek.pl\\\/#\\\/schema\\\/person\\\/c7267555b2aaad4c6d15146a155bc430\"},\"description\":\"Zastanawiasz si\u0119 sk\u0105d si\u0119 bierze trzydni\u00f3wka i czy jest zara\u017aliwa? O przyczynach, objawach i sposobach walki z t\u0105 chorob\u0105 opisujemy na blogu Katarek. Sprawd\u017a!\",\"breadcrumb\":{\"@id\":\"https:\\\/\\\/katarek.pl\\\/czy-trzydniowka-jest-zarazliwa\\\/#breadcrumb\"},\"inLanguage\":\"pl-PL\",\"potentialAction\":[{\"@type\":\"ReadAction\",\"target\":[\"https:\\\/\\\/katarek.pl\\\/czy-trzydniowka-jest-zarazliwa\\\/\"]}]},{\"@type\":\"ImageObject\",\"inLanguage\":\"pl-PL\",\"@id\":\"https:\\\/\\\/katarek.pl\\\/czy-trzydniowka-jest-zarazliwa\\\/#primaryimage\",\"url\":\"https:\\\/\\\/katarek.pl\\\/wp-content\\\/uploads\\\/2017\\\/08\\\/fotolia_114489983_l-scaled.jpg\",\"contentUrl\":\"https:\\\/\\\/katarek.pl\\\/wp-content\\\/uploads\\\/2017\\\/08\\\/fotolia_114489983_l-scaled.jpg\",\"width\":2560,\"height\":1696,\"caption\":\"czy trzydni\u00f3wka jest zara\u017aliwa objawy i leczenie\"},{\"@type\":\"BreadcrumbList\",\"@id\":\"https:\\\/\\\/katarek.pl\\\/czy-trzydniowka-jest-zarazliwa\\\/#breadcrumb\",\"itemListElement\":[{\"@type\":\"ListItem\",\"position\":1,\"name\":\"Home\",\"item\":\"https:\\\/\\\/katarek.pl\\\/\"},{\"@type\":\"ListItem\",\"position\":2,\"name\":\"Blog\",\"item\":\"https:\\\/\\\/katarek.pl\\\/blog\\\/\"},{\"@type\":\"ListItem\",\"position\":3,\"name\":\"Czym jest trzydni\u00f3wka i czy jest zara\u017aliwa?\"}]},{\"@type\":\"WebSite\",\"@id\":\"https:\\\/\\\/katarek.pl\\\/#website\",\"url\":\"https:\\\/\\\/katarek.pl\\\/\",\"name\":\"katarek.pl\",\"description\":\"\",\"potentialAction\":[{\"@type\":\"SearchAction\",\"target\":{\"@type\":\"EntryPoint\",\"urlTemplate\":\"https:\\\/\\\/katarek.pl\\\/?s={search_term_string}\"},\"query-input\":{\"@type\":\"PropertyValueSpecification\",\"valueRequired\":true,\"valueName\":\"search_term_string\"}}],\"inLanguage\":\"pl-PL\"},{\"@type\":\"Person\",\"@id\":\"https:\\\/\\\/katarek.pl\\\/#\\\/schema\\\/person\\\/c7267555b2aaad4c6d15146a155bc430\",\"name\":\"katarek\",\"url\":\"https:\\\/\\\/katarek.pl\\\/author\\\/katarek\\\/\"}]}<\/script>\n<!-- \/ Yoast SEO plugin. -->","yoast_head_json":{"title":"Czy trzydni\u00f3wka jest zara\u017aliwa? Sk\u0105d si\u0119 bierze i jak \u0142agodzi\u0107 objawy? - blog Katarek","description":"Zastanawiasz si\u0119 sk\u0105d si\u0119 bierze trzydni\u00f3wka i czy jest zara\u017aliwa? O przyczynach, objawach i sposobach walki z t\u0105 chorob\u0105 opisujemy na blogu Katarek. Sprawd\u017a!","robots":{"index":"index","follow":"follow","max-snippet":"max-snippet:-1","max-image-preview":"max-image-preview:large","max-video-preview":"max-video-preview:-1"},"canonical":"https:\/\/katarek.pl\/czy-trzydniowka-jest-zarazliwa\/","og_locale":"pl_PL","og_type":"article","og_title":"Czy trzydni\u00f3wka jest zara\u017aliwa? Sk\u0105d si\u0119 bierze i jak \u0142agodzi\u0107 objawy? - blog Katarek","og_description":"Zastanawiasz si\u0119 sk\u0105d si\u0119 bierze trzydni\u00f3wka i czy jest zara\u017aliwa? O przyczynach, objawach i sposobach walki z t\u0105 chorob\u0105 opisujemy na blogu Katarek. Sprawd\u017a!","og_url":"https:\/\/katarek.pl\/czy-trzydniowka-jest-zarazliwa\/","og_site_name":"katarek.pl","article_published_time":"2017-08-21T14:04:38+00:00","og_image":[{"width":2560,"height":1696,"url":"https:\/\/katarek.pl\/wp-content\/uploads\/2017\/08\/fotolia_114489983_l-scaled.jpg","type":"image\/jpeg"}],"author":"katarek","twitter_card":"summary_large_image","twitter_misc":{"Napisane przez":"katarek","Szacowany czas czytania":"3 minuty"},"schema":{"@context":"https:\/\/schema.org","@graph":[{"@type":"Article","@id":"https:\/\/katarek.pl\/czy-trzydniowka-jest-zarazliwa\/#article","isPartOf":{"@id":"https:\/\/katarek.pl\/czy-trzydniowka-jest-zarazliwa\/"},"author":{"name":"katarek","@id":"https:\/\/katarek.pl\/#\/schema\/person\/c7267555b2aaad4c6d15146a155bc430"},"headline":"Czym jest trzydni\u00f3wka i czy jest zara\u017aliwa?","datePublished":"2017-08-21T14:04:38+00:00","mainEntityOfPage":{"@id":"https:\/\/katarek.pl\/czy-trzydniowka-jest-zarazliwa\/"},"wordCount":664,"commentCount":0,"image":{"@id":"https:\/\/katarek.pl\/czy-trzydniowka-jest-zarazliwa\/#primaryimage"},"thumbnailUrl":"https:\/\/katarek.pl\/wp-content\/uploads\/2017\/08\/fotolia_114489983_l-scaled.jpg","articleSection":["Dziecko","Zdrowie"],"inLanguage":"pl-PL"},{"@type":"WebPage","@id":"https:\/\/katarek.pl\/czy-trzydniowka-jest-zarazliwa\/","url":"https:\/\/katarek.pl\/czy-trzydniowka-jest-zarazliwa\/","name":"Czy trzydni\u00f3wka jest zara\u017aliwa? Sk\u0105d si\u0119 bierze i jak \u0142agodzi\u0107 objawy? - blog Katarek","isPartOf":{"@id":"https:\/\/katarek.pl\/#website"},"primaryImageOfPage":{"@id":"https:\/\/katarek.pl\/czy-trzydniowka-jest-zarazliwa\/#primaryimage"},"image":{"@id":"https:\/\/katarek.pl\/czy-trzydniowka-jest-zarazliwa\/#primaryimage"},"thumbnailUrl":"https:\/\/katarek.pl\/wp-content\/uploads\/2017\/08\/fotolia_114489983_l-scaled.jpg","datePublished":"2017-08-21T14:04:38+00:00","author":{"@id":"https:\/\/katarek.pl\/#\/schema\/person\/c7267555b2aaad4c6d15146a155bc430"},"description":"Zastanawiasz si\u0119 sk\u0105d si\u0119 bierze trzydni\u00f3wka i czy jest zara\u017aliwa? O przyczynach, objawach i sposobach walki z t\u0105 chorob\u0105 opisujemy na blogu Katarek. Sprawd\u017a!","breadcrumb":{"@id":"https:\/\/katarek.pl\/czy-trzydniowka-jest-zarazliwa\/#breadcrumb"},"inLanguage":"pl-PL","potentialAction":[{"@type":"ReadAction","target":["https:\/\/katarek.pl\/czy-trzydniowka-jest-zarazliwa\/"]}]},{"@type":"ImageObject","inLanguage":"pl-PL","@id":"https:\/\/katarek.pl\/czy-trzydniowka-jest-zarazliwa\/#primaryimage","url":"https:\/\/katarek.pl\/wp-content\/uploads\/2017\/08\/fotolia_114489983_l-scaled.jpg","contentUrl":"https:\/\/katarek.pl\/wp-content\/uploads\/2017\/08\/fotolia_114489983_l-scaled.jpg","width":2560,"height":1696,"caption":"czy trzydni\u00f3wka jest zara\u017aliwa objawy i leczenie"},{"@type":"BreadcrumbList","@id":"https:\/\/katarek.pl\/czy-trzydniowka-jest-zarazliwa\/#breadcrumb","itemListElement":[{"@type":"ListItem","position":1,"name":"Home","item":"https:\/\/katarek.pl\/"},{"@type":"ListItem","position":2,"name":"Blog","item":"https:\/\/katarek.pl\/blog\/"},{"@type":"ListItem","position":3,"name":"Czym jest trzydni\u00f3wka i czy jest zara\u017aliwa?"}]},{"@type":"WebSite","@id":"https:\/\/katarek.pl\/#website","url":"https:\/\/katarek.pl\/","name":"katarek.pl","description":"","potentialAction":[{"@type":"SearchAction","target":{"@type":"EntryPoint","urlTemplate":"https:\/\/katarek.pl\/?s={search_term_string}"},"query-input":{"@type":"PropertyValueSpecification","valueRequired":true,"valueName":"search_term_string"}}],"inLanguage":"pl-PL"},{"@type":"Person","@id":"https:\/\/katarek.pl\/#\/schema\/person\/c7267555b2aaad4c6d15146a155bc430","name":"katarek","url":"https:\/\/katarek.pl\/author\/katarek\/"}]}},"acf":[],"gutenberg_blocks":[{"blockName":"custom-styles","attrs":{"styles":""}}],"meta_data":false,"featured_image":{"url":"https:\/\/katarek.pl\/wp-content\/uploads\/2017\/08\/fotolia_114489983_l-scaled-1024x678.jpg"},"main_category":{"name":"Dziecko"},"prev_page":{"slug":"stres-w-ciazy-jak-wplywa-na-dziecko"},"next_page":{"slug":"dziecko-samochodzie-upal-dlaczego-temat-nas-porusza"},"_links":{"self":[{"href":"https:\/\/katarek.pl\/index.php\/wp-json\/wp\/v2\/posts\/911","targetHints":{"allow":["GET"]}}],"collection":[{"href":"https:\/\/katarek.pl\/index.php\/wp-json\/wp\/v2\/posts"}],"about":[{"href":"https:\/\/katarek.pl\/index.php\/wp-json\/wp\/v2\/types\/post"}],"author":[{"embeddable":true,"href":"https:\/\/katarek.pl\/index.php\/wp-json\/wp\/v2\/users\/7"}],"replies":[{"embeddable":true,"href":"https:\/\/katarek.pl\/index.php\/wp-json\/wp\/v2\/comments?post=911"}],"version-history":[{"count":0,"href":"https:\/\/katarek.pl\/index.php\/wp-json\/wp\/v2\/posts\/911\/revisions"}],"wp:featuredmedia":[{"embeddable":true,"href":"https:\/\/katarek.pl\/index.php\/wp-json\/wp\/v2\/media\/912"}],"wp:attachment":[{"href":"https:\/\/katarek.pl\/index.php\/wp-json\/wp\/v2\/media?parent=911"}],"wp:term":[{"taxonomy":"category","embeddable":true,"href":"https:\/\/katarek.pl\/index.php\/wp-json\/wp\/v2\/categories?post=911"},{"taxonomy":"post_tag","embeddable":true,"href":"https:\/\/katarek.pl\/index.php\/wp-json\/wp\/v2\/tags?post=911"}],"curies":[{"name":"wp","href":"https:\/\/api.w.org\/{rel}","templated":true}]}}