{"id":907,"date":"2017-08-09T16:27:55","date_gmt":"2017-08-09T14:27:55","guid":{"rendered":"https:\/\/katarek.pl\/blog\/?p=907"},"modified":"2025-09-26T14:45:45","modified_gmt":"2025-09-26T12:45:45","slug":"dziecko-samochodzie-upal-dlaczego-temat-nas-porusza","status":"publish","type":"post","link":"https:\/\/katarek.pl\/dziecko-samochodzie-upal-dlaczego-temat-nas-porusza\/","title":{"rendered":"Dziecko w samochodzie i upa\u0142. Dlaczego ten temat tak nas porusza?"},"content":{"rendered":"<p><strong>&#8211; Wyskocz\u0119 tylko na moment do sklepu\u2026 &#8211; To tylko chwilka, 5 minut\u2026 &#8211; Za chwil\u0119 wr\u00f3c\u0119\u2026 Tak najcz\u0119\u015bciej my\u015bl\u0105 opiekunowie, kt\u00f3rzy zostawiaj\u0105 swoje dziecko w samochodzie, a sami wychodz\u0105 za\u0142atwi\u0107 swoje sprawy. Cz\u0119sto jednak za\u0142atwianie si\u0119 przed\u0142u\u017ca, a rodzic w ferworze zada\u0144 zapomina o dziecku. \u00a0Wiecie ju\u017c, o czym mowa, prawda? W ko\u0144cu ten temat powraca jak bumerang ka\u017cdego lata\u2026 Wydawa\u0107 by si\u0119 mog\u0142o, \u017ce wszyscy wiedz\u0105 ju\u017c o tym, \u017ce nie wolno zostawia\u0107 dziecka w samochodzie podczas upa\u0142\u00f3w, nawet na chwil\u0119, na 5 minut&#8230; Mimo to, co jaki\u015b czas docieraj\u0105 do nas informacje o kolejnym rodzicu, kt\u00f3ry \u201ezapomnia\u0142\u201d o maluchu w aucie. Powiedzmy sobie zatem raz jeszcze: dlaczego zamkni\u0119cie dziecka latem w samochodzie jest takie gro\u017ane?<\/strong> <!--more--><\/p>\n<p>W wi\u0119kszo\u015bci tragicznych przypadk\u00f3w, kt\u00f3re mia\u0142y miejsce w ostatnich latach na ca\u0142ym \u015bwiecie, rodzice nie mieli z\u0142ych zamiar\u00f3w. Zabrak\u0142o wyobra\u017ani, g\u00f3r\u0119 wzi\u0119\u0142o roztargnienie. A mo\u017ce nat\u0142ok obowi\u0105zk\u00f3w i problem\u00f3w. Wszyscy rodzice (a zw\u0142aszcza tzw. multizadaniowcy) wiedz\u0105, \u017ce czasem nasz\u0105 uwag\u0119 poch\u0142ania kilka czynno\u015bci na raz. Nawet, gdy pocz\u0105tkowo rzeczywi\u015bcie chcieli\u015bmy tylko podej\u015b\u0107 do kiosku po chusteczki higieniczne, to po drodze co\u015b mo\u017ce odwraca nasz\u0105 uwag\u0119 od pocz\u0105tkowej sprawy. Zapominamy o dziecku i idziemy op\u0142aci\u0107 rachunki, wys\u0142a\u0107 listy, przystajemy na chwil\u0119 rozmowy ze znajom\u0105. Z pi\u0119ciu minut robi si\u0119 pi\u0119tna\u015bcie, a cz\u0119sto nawet i wi\u0119cej. Co wtedy?<\/p>\n<h2>Auto w s\u0142o\u0144cu. Co si\u0119 dzieje w jego wn\u0119trzu?<\/h2>\n<p>Zamkni\u0119ty samoch\u00f3d pozostawiony na parkingu (najcz\u0119\u015bciej w pe\u0142nym s\u0142o\u0144cu) w szybkim tempie akumuluje ciep\u0142o z zewn\u0105trz. Przez szyby do \u015brodka dostaje si\u0119 promieniowanie s\u0142oneczne, zar\u00f3wno \u015bwiat\u0142o widzialne, jak i podczerwone. Pojazd b\u0142yskawicznie nagrzewa si\u0119 i co najwa\u017cniejsze, nie oddaje tego ciep\u0142a z powrotem na zewn\u0105trz. Szyby przepuszczaj\u0105 je tylko w jedn\u0105 stron\u0119. Je\u015bli samoch\u00f3d ma ciemny kolor, to proces nagrzewania przebiega jeszcze szybciej. Nawet pozostawiona uchylona szyba w drzwiach niewiele zmienia.<\/p>\n<p>W samochodzie robi si\u0119 gor\u0105co. Jak bardzo? Gdy na zewn\u0105trz jest 25-30 stopni, to temperatura mo\u017ce si\u0119gn\u0105\u0107 nawet 90 st. C! Pami\u0119tajmy o tym, \u017ce gdy prognozy pogody m\u00f3wi\u0105 o 30-stopniowym upale, to maj\u0105 na my\u015bli temperatur\u0119 powietrza mierzon\u0105 w cieniu. W s\u0142o\u0144cu jest o wiele gorzej. Przy temperaturze r\u00f3wnej 33 st. C wn\u0119trze auta nagrzewa si\u0119 do 50 st. w ci\u0105gu zaledwie 20 minut. Przebywanie w takich warunkach to ju\u017c zagro\u017cenie dla \u017cycia i zdrowia! To, co nam, doros\u0142ym, nie wydaje si\u0119 du\u017cym wyzwaniem, dla dziecka mo\u017ce nim ju\u017c by\u0107. W tym miejscu warto pos\u0142u\u017cy\u0107 si\u0119 starym dobrym \u2013 i zawsze aktualnym! \u2013 przyk\u0142adem kataru. Dla doros\u0142ego drobnostka, jednak <a href=\"https:\/\/katarek.pl\/o-katarze\/\">katar u niemowlaka<\/a> to powa\u017cny problem utrudniaj\u0105cy oddychanie, spanie, jedzenie\u2026 Dzieci\u0119cy organizm w zamkni\u0119tym aucie nagrzewa si\u0119 od dw\u00f3ch do pi\u0119ciu razy szybciej ni\u017c organizm doros\u0142ego.<\/p>\n<h2>Kilka innych rad dotycz\u0105cych podr\u00f3\u017cowania dziecka w aucie<\/h2>\n<p>Podczas letnich wycieczek z dzieckiem w samochodzie warto pami\u0119ta\u0107 o jeszcze kilku szczeg\u00f3\u0142ach. W miar\u0119 mo\u017cliwo\u015bci unikajcie podr\u00f3\u017cy mi\u0119dzy 11. a 16. Zanim wsi\u0105dziecie do samochodu, dobrze go przewietrz. Klimatyzacji u\u017cywaj rozs\u0105dnie \u2013 zbyt du\u017ce r\u00f3\u017cnice mi\u0119dzy temperatur\u0105 w aucie i na zewn\u0105trz sprawi\u0105, \u017ce dziecko b\u0142yskawicznie si\u0119 <a href=\"https:\/\/katarek.pl\/blog\/objawy-grypy\/\">przezi\u0119bi<\/a>. Za\u0142\u00f3\u017c na tylne szyby specjalne os\u0142onki chroni\u0105ce przed promieniami s\u0142onecznymi. Zawsze miej ze sob\u0105 du\u017c\u0105 butelk\u0119 \u015bwie\u017cej wody i cz\u0119sto podawaj j\u0105 dziecku, aby unikn\u0105\u0107 <a href=\"https:\/\/katarek.pl\/blog\/jak-poznac-ze-dziecko-jest-odwodnione\/\">odwodnienia<\/a>. Dziecku za\u0142\u00f3\u017c lekkie ubranie z naturalnych materia\u0142\u00f3w (najlepiej bawe\u0142ny), kt\u00f3re przepuszczaj\u0105 powietrze, a w d\u0142u\u017cszej podr\u00f3\u017cy r\u00f3bcie cz\u0119stsze postoje. Szerokiej drogi!<\/p>\n","protected":false},"excerpt":"Podr\u00f3\u017cujesz z maluchem? Pami\u0119taj, \u017ce dziecko w samochodzie podczas upa\u0142\u00f3w jest szczeg\u00f3lnie nara\u017cone na przegrzanie i odwodnienie, dlatego nigdy nie zostawiaj go samego w poje\u017adzie nawet na chwil\u0119! ","author":7,"featured_media":2966,"comment_status":"open","ping_status":"open","sticky":false,"template":"","format":"standard","meta":{"_acf_changed":false,"inline_featured_image":false,"editor_plus_copied_stylings":"{}","footnotes":""},"categories":[28,41],"tags":[],"class_list":["post-907","post","type-post","status-publish","format-standard","has-post-thumbnail","hentry","category-dziecko","category-zdrowie-dziecko"],"yoast_head":"<!-- This site is optimized with the Yoast SEO plugin v27.4 - https:\/\/yoast.com\/product\/yoast-seo-wordpress\/ -->\n<title>Dziecko w samochodzie i upa\u0142. Dlaczego ten temat tak nas porusza? - katarek.pl<\/title>\n<meta name=\"description\" content=\"Dziecko w samochodzie podczas upa\u0142u - \u015bmiertelne niebezpiecze\u0144stwo. Przeczytaj, dlaczego nigdy nie wolno zostawia\u0107 dziecka w aucie. Udost\u0119pnij!\" \/>\n<meta name=\"robots\" content=\"index, follow, max-snippet:-1, max-image-preview:large, max-video-preview:-1\" \/>\n<link rel=\"canonical\" href=\"https:\/\/katarek.pl\/dziecko-samochodzie-upal-dlaczego-temat-nas-porusza\/\" \/>\n<meta property=\"og:locale\" content=\"pl_PL\" \/>\n<meta property=\"og:type\" content=\"article\" \/>\n<meta property=\"og:title\" content=\"Dziecko w samochodzie i upa\u0142. Dlaczego ten temat tak nas porusza? - katarek.pl\" \/>\n<meta property=\"og:description\" content=\"Dziecko w samochodzie podczas upa\u0142u - \u015bmiertelne niebezpiecze\u0144stwo. Przeczytaj, dlaczego nigdy nie wolno zostawia\u0107 dziecka w aucie. Udost\u0119pnij!\" \/>\n<meta property=\"og:url\" content=\"https:\/\/katarek.pl\/dziecko-samochodzie-upal-dlaczego-temat-nas-porusza\/\" \/>\n<meta property=\"og:site_name\" content=\"katarek.pl\" \/>\n<meta property=\"article:published_time\" content=\"2017-08-09T14:27:55+00:00\" \/>\n<meta property=\"article:modified_time\" content=\"2025-09-26T12:45:45+00:00\" \/>\n<meta property=\"og:image\" content=\"https:\/\/katarek.pl\/wp-content\/uploads\/2017\/08\/dziecko-w-samochodzie-l.jpg\" \/>\n\t<meta property=\"og:image:width\" content=\"2356\" \/>\n\t<meta property=\"og:image:height\" content=\"1571\" \/>\n\t<meta property=\"og:image:type\" content=\"image\/jpeg\" \/>\n<meta name=\"author\" content=\"katarek\" \/>\n<meta name=\"twitter:card\" content=\"summary_large_image\" \/>\n<meta name=\"twitter:label1\" content=\"Napisane przez\" \/>\n\t<meta name=\"twitter:data1\" content=\"katarek\" \/>\n\t<meta name=\"twitter:label2\" content=\"Szacowany czas czytania\" \/>\n\t<meta name=\"twitter:data2\" content=\"4 minuty\" \/>\n<script type=\"application\/ld+json\" class=\"yoast-schema-graph\">{\"@context\":\"https:\\\/\\\/schema.org\",\"@graph\":[{\"@type\":\"Article\",\"@id\":\"https:\\\/\\\/katarek.pl\\\/dziecko-samochodzie-upal-dlaczego-temat-nas-porusza\\\/#article\",\"isPartOf\":{\"@id\":\"https:\\\/\\\/katarek.pl\\\/dziecko-samochodzie-upal-dlaczego-temat-nas-porusza\\\/\"},\"author\":{\"name\":\"katarek\",\"@id\":\"https:\\\/\\\/katarek.pl\\\/#\\\/schema\\\/person\\\/c7267555b2aaad4c6d15146a155bc430\"},\"headline\":\"Dziecko w samochodzie i upa\u0142. Dlaczego ten temat tak nas porusza?\",\"datePublished\":\"2017-08-09T14:27:55+00:00\",\"dateModified\":\"2025-09-26T12:45:45+00:00\",\"mainEntityOfPage\":{\"@id\":\"https:\\\/\\\/katarek.pl\\\/dziecko-samochodzie-upal-dlaczego-temat-nas-porusza\\\/\"},\"wordCount\":659,\"commentCount\":0,\"image\":{\"@id\":\"https:\\\/\\\/katarek.pl\\\/dziecko-samochodzie-upal-dlaczego-temat-nas-porusza\\\/#primaryimage\"},\"thumbnailUrl\":\"https:\\\/\\\/katarek.pl\\\/wp-content\\\/uploads\\\/2017\\\/08\\\/dziecko-w-samochodzie-l.jpg\",\"articleSection\":[\"Dziecko\",\"Zdrowie\"],\"inLanguage\":\"pl-PL\"},{\"@type\":\"WebPage\",\"@id\":\"https:\\\/\\\/katarek.pl\\\/dziecko-samochodzie-upal-dlaczego-temat-nas-porusza\\\/\",\"url\":\"https:\\\/\\\/katarek.pl\\\/dziecko-samochodzie-upal-dlaczego-temat-nas-porusza\\\/\",\"name\":\"Dziecko w samochodzie i upa\u0142. Dlaczego ten temat tak nas porusza? - katarek.pl\",\"isPartOf\":{\"@id\":\"https:\\\/\\\/katarek.pl\\\/#website\"},\"primaryImageOfPage\":{\"@id\":\"https:\\\/\\\/katarek.pl\\\/dziecko-samochodzie-upal-dlaczego-temat-nas-porusza\\\/#primaryimage\"},\"image\":{\"@id\":\"https:\\\/\\\/katarek.pl\\\/dziecko-samochodzie-upal-dlaczego-temat-nas-porusza\\\/#primaryimage\"},\"thumbnailUrl\":\"https:\\\/\\\/katarek.pl\\\/wp-content\\\/uploads\\\/2017\\\/08\\\/dziecko-w-samochodzie-l.jpg\",\"datePublished\":\"2017-08-09T14:27:55+00:00\",\"dateModified\":\"2025-09-26T12:45:45+00:00\",\"author\":{\"@id\":\"https:\\\/\\\/katarek.pl\\\/#\\\/schema\\\/person\\\/c7267555b2aaad4c6d15146a155bc430\"},\"description\":\"Dziecko w samochodzie podczas upa\u0142u - \u015bmiertelne niebezpiecze\u0144stwo. Przeczytaj, dlaczego nigdy nie wolno zostawia\u0107 dziecka w aucie. Udost\u0119pnij!\",\"breadcrumb\":{\"@id\":\"https:\\\/\\\/katarek.pl\\\/dziecko-samochodzie-upal-dlaczego-temat-nas-porusza\\\/#breadcrumb\"},\"inLanguage\":\"pl-PL\",\"potentialAction\":[{\"@type\":\"ReadAction\",\"target\":[\"https:\\\/\\\/katarek.pl\\\/dziecko-samochodzie-upal-dlaczego-temat-nas-porusza\\\/\"]}]},{\"@type\":\"ImageObject\",\"inLanguage\":\"pl-PL\",\"@id\":\"https:\\\/\\\/katarek.pl\\\/dziecko-samochodzie-upal-dlaczego-temat-nas-porusza\\\/#primaryimage\",\"url\":\"https:\\\/\\\/katarek.pl\\\/wp-content\\\/uploads\\\/2017\\\/08\\\/dziecko-w-samochodzie-l.jpg\",\"contentUrl\":\"https:\\\/\\\/katarek.pl\\\/wp-content\\\/uploads\\\/2017\\\/08\\\/dziecko-w-samochodzie-l.jpg\",\"width\":2356,\"height\":1571,\"caption\":\"Close Up Asian cute newborn baby sleeping in modern car seat. Child new born traveling safety on the road. Safe way to travel fastened seat belts in a vehicle with young kids. Trip with an infant.\"},{\"@type\":\"BreadcrumbList\",\"@id\":\"https:\\\/\\\/katarek.pl\\\/dziecko-samochodzie-upal-dlaczego-temat-nas-porusza\\\/#breadcrumb\",\"itemListElement\":[{\"@type\":\"ListItem\",\"position\":1,\"name\":\"Home\",\"item\":\"https:\\\/\\\/katarek.pl\\\/\"},{\"@type\":\"ListItem\",\"position\":2,\"name\":\"Blog\",\"item\":\"https:\\\/\\\/katarek.pl\\\/blog\\\/\"},{\"@type\":\"ListItem\",\"position\":3,\"name\":\"Dziecko w samochodzie i upa\u0142. Dlaczego ten temat tak nas porusza?\"}]},{\"@type\":\"WebSite\",\"@id\":\"https:\\\/\\\/katarek.pl\\\/#website\",\"url\":\"https:\\\/\\\/katarek.pl\\\/\",\"name\":\"katarek.pl\",\"description\":\"\",\"potentialAction\":[{\"@type\":\"SearchAction\",\"target\":{\"@type\":\"EntryPoint\",\"urlTemplate\":\"https:\\\/\\\/katarek.pl\\\/?s={search_term_string}\"},\"query-input\":{\"@type\":\"PropertyValueSpecification\",\"valueRequired\":true,\"valueName\":\"search_term_string\"}}],\"inLanguage\":\"pl-PL\"},{\"@type\":\"Person\",\"@id\":\"https:\\\/\\\/katarek.pl\\\/#\\\/schema\\\/person\\\/c7267555b2aaad4c6d15146a155bc430\",\"name\":\"katarek\",\"url\":\"https:\\\/\\\/katarek.pl\\\/author\\\/katarek\\\/\"}]}<\/script>\n<!-- \/ Yoast SEO plugin. -->","yoast_head_json":{"title":"Dziecko w samochodzie i upa\u0142. Dlaczego ten temat tak nas porusza? - katarek.pl","description":"Dziecko w samochodzie podczas upa\u0142u - \u015bmiertelne niebezpiecze\u0144stwo. Przeczytaj, dlaczego nigdy nie wolno zostawia\u0107 dziecka w aucie. Udost\u0119pnij!","robots":{"index":"index","follow":"follow","max-snippet":"max-snippet:-1","max-image-preview":"max-image-preview:large","max-video-preview":"max-video-preview:-1"},"canonical":"https:\/\/katarek.pl\/dziecko-samochodzie-upal-dlaczego-temat-nas-porusza\/","og_locale":"pl_PL","og_type":"article","og_title":"Dziecko w samochodzie i upa\u0142. Dlaczego ten temat tak nas porusza? - katarek.pl","og_description":"Dziecko w samochodzie podczas upa\u0142u - \u015bmiertelne niebezpiecze\u0144stwo. Przeczytaj, dlaczego nigdy nie wolno zostawia\u0107 dziecka w aucie. Udost\u0119pnij!","og_url":"https:\/\/katarek.pl\/dziecko-samochodzie-upal-dlaczego-temat-nas-porusza\/","og_site_name":"katarek.pl","article_published_time":"2017-08-09T14:27:55+00:00","article_modified_time":"2025-09-26T12:45:45+00:00","og_image":[{"width":2356,"height":1571,"url":"https:\/\/katarek.pl\/wp-content\/uploads\/2017\/08\/dziecko-w-samochodzie-l.jpg","type":"image\/jpeg"}],"author":"katarek","twitter_card":"summary_large_image","twitter_misc":{"Napisane przez":"katarek","Szacowany czas czytania":"4 minuty"},"schema":{"@context":"https:\/\/schema.org","@graph":[{"@type":"Article","@id":"https:\/\/katarek.pl\/dziecko-samochodzie-upal-dlaczego-temat-nas-porusza\/#article","isPartOf":{"@id":"https:\/\/katarek.pl\/dziecko-samochodzie-upal-dlaczego-temat-nas-porusza\/"},"author":{"name":"katarek","@id":"https:\/\/katarek.pl\/#\/schema\/person\/c7267555b2aaad4c6d15146a155bc430"},"headline":"Dziecko w samochodzie i upa\u0142. Dlaczego ten temat tak nas porusza?","datePublished":"2017-08-09T14:27:55+00:00","dateModified":"2025-09-26T12:45:45+00:00","mainEntityOfPage":{"@id":"https:\/\/katarek.pl\/dziecko-samochodzie-upal-dlaczego-temat-nas-porusza\/"},"wordCount":659,"commentCount":0,"image":{"@id":"https:\/\/katarek.pl\/dziecko-samochodzie-upal-dlaczego-temat-nas-porusza\/#primaryimage"},"thumbnailUrl":"https:\/\/katarek.pl\/wp-content\/uploads\/2017\/08\/dziecko-w-samochodzie-l.jpg","articleSection":["Dziecko","Zdrowie"],"inLanguage":"pl-PL"},{"@type":"WebPage","@id":"https:\/\/katarek.pl\/dziecko-samochodzie-upal-dlaczego-temat-nas-porusza\/","url":"https:\/\/katarek.pl\/dziecko-samochodzie-upal-dlaczego-temat-nas-porusza\/","name":"Dziecko w samochodzie i upa\u0142. Dlaczego ten temat tak nas porusza? - katarek.pl","isPartOf":{"@id":"https:\/\/katarek.pl\/#website"},"primaryImageOfPage":{"@id":"https:\/\/katarek.pl\/dziecko-samochodzie-upal-dlaczego-temat-nas-porusza\/#primaryimage"},"image":{"@id":"https:\/\/katarek.pl\/dziecko-samochodzie-upal-dlaczego-temat-nas-porusza\/#primaryimage"},"thumbnailUrl":"https:\/\/katarek.pl\/wp-content\/uploads\/2017\/08\/dziecko-w-samochodzie-l.jpg","datePublished":"2017-08-09T14:27:55+00:00","dateModified":"2025-09-26T12:45:45+00:00","author":{"@id":"https:\/\/katarek.pl\/#\/schema\/person\/c7267555b2aaad4c6d15146a155bc430"},"description":"Dziecko w samochodzie podczas upa\u0142u - \u015bmiertelne niebezpiecze\u0144stwo. Przeczytaj, dlaczego nigdy nie wolno zostawia\u0107 dziecka w aucie. Udost\u0119pnij!","breadcrumb":{"@id":"https:\/\/katarek.pl\/dziecko-samochodzie-upal-dlaczego-temat-nas-porusza\/#breadcrumb"},"inLanguage":"pl-PL","potentialAction":[{"@type":"ReadAction","target":["https:\/\/katarek.pl\/dziecko-samochodzie-upal-dlaczego-temat-nas-porusza\/"]}]},{"@type":"ImageObject","inLanguage":"pl-PL","@id":"https:\/\/katarek.pl\/dziecko-samochodzie-upal-dlaczego-temat-nas-porusza\/#primaryimage","url":"https:\/\/katarek.pl\/wp-content\/uploads\/2017\/08\/dziecko-w-samochodzie-l.jpg","contentUrl":"https:\/\/katarek.pl\/wp-content\/uploads\/2017\/08\/dziecko-w-samochodzie-l.jpg","width":2356,"height":1571,"caption":"Close Up Asian cute newborn baby sleeping in modern car seat. Child new born traveling safety on the road. Safe way to travel fastened seat belts in a vehicle with young kids. Trip with an infant."},{"@type":"BreadcrumbList","@id":"https:\/\/katarek.pl\/dziecko-samochodzie-upal-dlaczego-temat-nas-porusza\/#breadcrumb","itemListElement":[{"@type":"ListItem","position":1,"name":"Home","item":"https:\/\/katarek.pl\/"},{"@type":"ListItem","position":2,"name":"Blog","item":"https:\/\/katarek.pl\/blog\/"},{"@type":"ListItem","position":3,"name":"Dziecko w samochodzie i upa\u0142. Dlaczego ten temat tak nas porusza?"}]},{"@type":"WebSite","@id":"https:\/\/katarek.pl\/#website","url":"https:\/\/katarek.pl\/","name":"katarek.pl","description":"","potentialAction":[{"@type":"SearchAction","target":{"@type":"EntryPoint","urlTemplate":"https:\/\/katarek.pl\/?s={search_term_string}"},"query-input":{"@type":"PropertyValueSpecification","valueRequired":true,"valueName":"search_term_string"}}],"inLanguage":"pl-PL"},{"@type":"Person","@id":"https:\/\/katarek.pl\/#\/schema\/person\/c7267555b2aaad4c6d15146a155bc430","name":"katarek","url":"https:\/\/katarek.pl\/author\/katarek\/"}]}},"acf":[],"gutenberg_blocks":[{"blockName":"custom-styles","attrs":{"styles":""}}],"meta_data":false,"featured_image":{"url":"https:\/\/katarek.pl\/wp-content\/uploads\/2017\/08\/dziecko-w-samochodzie-l-1024x683.jpg"},"main_category":{"name":"Dziecko"},"prev_page":{"slug":"czy-trzydniowka-jest-zarazliwa"},"next_page":{"slug":"filtry-dla-dziecka"},"_links":{"self":[{"href":"https:\/\/katarek.pl\/index.php\/wp-json\/wp\/v2\/posts\/907","targetHints":{"allow":["GET"]}}],"collection":[{"href":"https:\/\/katarek.pl\/index.php\/wp-json\/wp\/v2\/posts"}],"about":[{"href":"https:\/\/katarek.pl\/index.php\/wp-json\/wp\/v2\/types\/post"}],"author":[{"embeddable":true,"href":"https:\/\/katarek.pl\/index.php\/wp-json\/wp\/v2\/users\/7"}],"replies":[{"embeddable":true,"href":"https:\/\/katarek.pl\/index.php\/wp-json\/wp\/v2\/comments?post=907"}],"version-history":[{"count":1,"href":"https:\/\/katarek.pl\/index.php\/wp-json\/wp\/v2\/posts\/907\/revisions"}],"predecessor-version":[{"id":3744,"href":"https:\/\/katarek.pl\/index.php\/wp-json\/wp\/v2\/posts\/907\/revisions\/3744"}],"wp:featuredmedia":[{"embeddable":true,"href":"https:\/\/katarek.pl\/index.php\/wp-json\/wp\/v2\/media\/2966"}],"wp:attachment":[{"href":"https:\/\/katarek.pl\/index.php\/wp-json\/wp\/v2\/media?parent=907"}],"wp:term":[{"taxonomy":"category","embeddable":true,"href":"https:\/\/katarek.pl\/index.php\/wp-json\/wp\/v2\/categories?post=907"},{"taxonomy":"post_tag","embeddable":true,"href":"https:\/\/katarek.pl\/index.php\/wp-json\/wp\/v2\/tags?post=907"}],"curies":[{"name":"wp","href":"https:\/\/api.w.org\/{rel}","templated":true}]}}