{"id":859,"date":"2017-05-16T15:58:48","date_gmt":"2017-05-16T13:58:48","guid":{"rendered":"http:\/\/czasbeztroski.pl\/?p=859"},"modified":"2017-05-16T15:58:48","modified_gmt":"2017-05-16T13:58:48","slug":"odra-u-dzieci","status":"publish","type":"post","link":"https:\/\/katarek.pl\/odra-u-dzieci\/","title":{"rendered":"Alarm! Odra u dzieci zn\u00f3w atakuje"},"content":{"rendered":"<p><strong>M\u00f3wi\u0142o si\u0119, \u017ce o tej chorobie mo\u017cna ju\u017c zapomnie\u0107. Tymczasem odra u dzieci wraca i z ogromn\u0105 si\u0142\u0105 zbiera swoje (nawet \u015bmiertelne!) \u017cniwo. Wirus odry rozprzestrzenia si\u0119 w Europie ju\u017c od kilku tygodni i wydaje si\u0119, \u017ce nikt nie ma nad tym kontroli. Zw\u0142aszcza, \u017ce zdania na temat zagro\u017cenia ze strony odry s\u0105 podzielone. Jaka jest zatem prawda?<\/strong> <!--more--><\/p>\n<h2>Odra jest wysoce zara\u017aliw\u0105 chorob\u0105 wieku dzieci\u0119cego.<\/h2>\n<p>Do zaka\u017cenia wirusem dochodzi poprzez drog\u0119 kropelkow\u0105. Wirus \u201edojrzewa\u201d w organizmie od 9 do 14 dni, a zara\u017ca\u0107 innych chory zaczyna na dwa dni przed wyst\u0105pieniem objaw\u00f3w. Typowym objawem jest wysypka. Chory przestaje zara\u017ca\u0107 najp\u00f3\u017aniej po czwartym dniu po pojawieniu si\u0119 wysypki. Dobre wie\u015bci s\u0105 takie, \u017ce raz przebyta odra daje odporno\u015b\u0107 na t\u0119 chorob\u0119 na reszt\u0119 \u017cycia.<\/p>\n<h2>Odra u dzieci &#8211; jakie s\u0105 inne objawy?<\/h2>\n<p>Na pocz\u0105tku dominuje silny b\u00f3l gard\u0142a, pojawia si\u0119 katar, nie\u017cyt spoj\u00f3wek oraz rozwija si\u0119 stan zapalny g\u00f3rnych dr\u00f3g oddechowych. Cz\u0119sto pojawia si\u0119 te\u017c suchy kaszel. Charakterystyczne s\u0105 tzw. plamki Koplika, czyli bia\u0142e przebarwienia b\u0142ony \u015bluzowej wewn\u0119trznej strony policzk\u00f3w, na wysoko\u015bci z\u0119b\u00f3w trzonowych. Nast\u0119pnie pojawia si\u0119 wysoka gor\u0105czka.<\/p>\n<p>Je\u015bli chodzi o wysypk\u0119, najpierw pojawia si\u0119 na twarzy \u2013 za uszami i na czole. Nast\u0119pnie post\u0119puje w d\u00f3\u0142 i stopniowo zajmuje ca\u0142e cia\u0142o. Wraz z up\u0142ywem czasu wysypka zmienia kolor z r\u00f3\u017cowego na ceglasty i nask\u00f3rek zaczyna si\u0119 z\u0142uszcza\u0107.<\/p>\n<h2>Lekarze zwracaj\u0105 uwag\u0119, \u017ce odry nie nale\u017cy bagatelizowa\u0107<\/h2>\n<p>Lekcewa\u017c\u0105cy stosunek do tej choroby skutkuje bowiem dynamiczniejszym jej rozprzestrzenianiem. W Polsce co prawda nie zdarzy\u0142y si\u0119 ofiary \u015bmiertelne, ale liczba zachorowa\u0144 wci\u0105\u017c ro\u015bnie.<\/p>\n<p><span style=\"color: #339966;\">Niepokoj\u0105cy jest fakt, \u017ce wed\u0142ug WHO w Polsce zachorowa\u0142o 140 os\u00f3b w przeci\u0105gu stycznia 2016-luty 2017.<\/span><\/p>\n<p>Na odr\u0119 mo\u017cna si\u0119 zaszczepi\u0107. Robi to wi\u0119kszo\u015b\u0107 Polak\u00f3w, ale i tak jeste\u015bmy jednym z najbardziej nara\u017conych na wzrost liczby zachorowa\u0144 kraj\u00f3w w Europie. Wed\u0142ug danych WHO wystarczy, \u017ce odsetek os\u00f3b uodpornionych na wirusa odry spadnie poni\u017cej 95 procent og\u00f3\u0142u spo\u0142ecze\u0144stwa, by powsta\u0142o zagro\u017cenie epidemi\u0105. Nasz kraj jest ju\u017c blisko przekroczenia tej granicy.<\/p>\n<h2>Dlaczego odra jest niebezpieczna? Bo grozi powik\u0142aniami.<\/h2>\n<p>Nale\u017c\u0105 do nich zapalenie p\u0142uc, ucha \u015brodkowego, mi\u0119\u015bnia sercowego i m\u00f3zgu. Nie istnieje lekarstwo na odr\u0119. Mo\u017cna j\u0105 leczy\u0107 jedynie objawowo, poprzez zbijanie gor\u0105czki, wysok\u0105 dba\u0142o\u015b\u0107 o higien\u0119 i odpowiedni\u0105 poda\u017c p\u0142yn\u00f3w. Dlatego odra mo\u017ce by\u0107 niebezpieczna dla niemowl\u0105t, dzieci ze s\u0142ab\u0105 odporno\u015bci\u0105, niedo\u017cywionych i z wadami serca. Odra jest te\u017c wysoce niebezpieczna dla kobiet w ci\u0105\u017cy.<\/p>\n<h2>\u00a0<\/h2>\n","protected":false},"excerpt":"M\u00f3wi\u0142o si\u0119, \u017ce o tej chorobie mo\u017cna ju\u017c zapomnie\u0107. Tymczasem odra u dzieci wraca i z ogromn\u0105 si\u0142\u0105 zbiera swoje (nawet \u015bmiertelne!) \u017cniwo. Wirus odry rozprzestrzenia si\u0119 w Europie ju\u017c od kilku tygodni i wydaje si\u0119, \u017ce nikt nie ma nad tym kontroli. Zw\u0142aszcza, \u017ce zdania na temat zagro\u017cenia ze strony odry s\u0105 podzielone. Jaka [&hellip;]","author":7,"featured_media":860,"comment_status":"open","ping_status":"open","sticky":false,"template":"","format":"standard","meta":{"_acf_changed":false,"inline_featured_image":false,"editor_plus_copied_stylings":"{}","footnotes":""},"categories":[28,41],"tags":[],"class_list":["post-859","post","type-post","status-publish","format-standard","has-post-thumbnail","hentry","category-dziecko","category-zdrowie-dziecko"],"yoast_head":"<!-- This site is optimized with the Yoast SEO plugin v27.4 - https:\/\/yoast.com\/product\/yoast-seo-wordpress\/ -->\n<title>Alarm! Odra u dzieci zn\u00f3w atakuje - katarek.pl<\/title>\n<meta name=\"description\" content=\"M\u00f3wi\u0142o si\u0119, \u017ce o tej chorobie mo\u017cna ju\u017c zapomnie\u0107. Tymczasem odra u dzieci wraca i z ogromn\u0105 si\u0142\u0105 zbiera swoje (nawet \u015bmiertelne!) \u017cniwo. Wirus odry rozprzestrzenia si\u0119 w Europie ju\u017c od kilku tygodni i wydaje si\u0119, \u017ce nikt nie ma nad tym kontroli.\" \/>\n<meta name=\"robots\" content=\"index, follow, max-snippet:-1, max-image-preview:large, max-video-preview:-1\" \/>\n<link rel=\"canonical\" href=\"https:\/\/katarek.pl\/odra-u-dzieci\/\" \/>\n<meta property=\"og:locale\" content=\"pl_PL\" \/>\n<meta property=\"og:type\" content=\"article\" \/>\n<meta property=\"og:title\" content=\"Alarm! Odra u dzieci zn\u00f3w atakuje - katarek.pl\" \/>\n<meta property=\"og:description\" content=\"M\u00f3wi\u0142o si\u0119, \u017ce o tej chorobie mo\u017cna ju\u017c zapomnie\u0107. Tymczasem odra u dzieci wraca i z ogromn\u0105 si\u0142\u0105 zbiera swoje (nawet \u015bmiertelne!) \u017cniwo. Wirus odry rozprzestrzenia si\u0119 w Europie ju\u017c od kilku tygodni i wydaje si\u0119, \u017ce nikt nie ma nad tym kontroli.\" \/>\n<meta property=\"og:url\" content=\"https:\/\/katarek.pl\/odra-u-dzieci\/\" \/>\n<meta property=\"og:site_name\" content=\"katarek.pl\" \/>\n<meta property=\"article:published_time\" content=\"2017-05-16T13:58:48+00:00\" \/>\n<meta property=\"og:image\" content=\"https:\/\/katarek.pl\/wp-content\/uploads\/2017\/05\/baby-boom.png\" \/>\n\t<meta property=\"og:image:width\" content=\"1200\" \/>\n\t<meta property=\"og:image:height\" content=\"628\" \/>\n\t<meta property=\"og:image:type\" content=\"image\/png\" \/>\n<meta name=\"author\" content=\"katarek\" \/>\n<meta name=\"twitter:card\" content=\"summary_large_image\" \/>\n<meta name=\"twitter:label1\" content=\"Napisane przez\" \/>\n\t<meta name=\"twitter:data1\" content=\"katarek\" \/>\n\t<meta name=\"twitter:label2\" content=\"Szacowany czas czytania\" \/>\n\t<meta name=\"twitter:data2\" content=\"2 minuty\" \/>\n<script type=\"application\/ld+json\" class=\"yoast-schema-graph\">{\"@context\":\"https:\\\/\\\/schema.org\",\"@graph\":[{\"@type\":\"Article\",\"@id\":\"https:\\\/\\\/katarek.pl\\\/odra-u-dzieci\\\/#article\",\"isPartOf\":{\"@id\":\"https:\\\/\\\/katarek.pl\\\/odra-u-dzieci\\\/\"},\"author\":{\"name\":\"katarek\",\"@id\":\"https:\\\/\\\/katarek.pl\\\/#\\\/schema\\\/person\\\/c7267555b2aaad4c6d15146a155bc430\"},\"headline\":\"Alarm! Odra u dzieci zn\u00f3w atakuje\",\"datePublished\":\"2017-05-16T13:58:48+00:00\",\"mainEntityOfPage\":{\"@id\":\"https:\\\/\\\/katarek.pl\\\/odra-u-dzieci\\\/\"},\"wordCount\":462,\"commentCount\":0,\"image\":{\"@id\":\"https:\\\/\\\/katarek.pl\\\/odra-u-dzieci\\\/#primaryimage\"},\"thumbnailUrl\":\"https:\\\/\\\/katarek.pl\\\/wp-content\\\/uploads\\\/2017\\\/05\\\/baby-boom.png\",\"articleSection\":[\"Dziecko\",\"Zdrowie\"],\"inLanguage\":\"pl-PL\"},{\"@type\":\"WebPage\",\"@id\":\"https:\\\/\\\/katarek.pl\\\/odra-u-dzieci\\\/\",\"url\":\"https:\\\/\\\/katarek.pl\\\/odra-u-dzieci\\\/\",\"name\":\"Alarm! Odra u dzieci zn\u00f3w atakuje - katarek.pl\",\"isPartOf\":{\"@id\":\"https:\\\/\\\/katarek.pl\\\/#website\"},\"primaryImageOfPage\":{\"@id\":\"https:\\\/\\\/katarek.pl\\\/odra-u-dzieci\\\/#primaryimage\"},\"image\":{\"@id\":\"https:\\\/\\\/katarek.pl\\\/odra-u-dzieci\\\/#primaryimage\"},\"thumbnailUrl\":\"https:\\\/\\\/katarek.pl\\\/wp-content\\\/uploads\\\/2017\\\/05\\\/baby-boom.png\",\"datePublished\":\"2017-05-16T13:58:48+00:00\",\"author\":{\"@id\":\"https:\\\/\\\/katarek.pl\\\/#\\\/schema\\\/person\\\/c7267555b2aaad4c6d15146a155bc430\"},\"description\":\"M\u00f3wi\u0142o si\u0119, \u017ce o tej chorobie mo\u017cna ju\u017c zapomnie\u0107. Tymczasem odra u dzieci wraca i z ogromn\u0105 si\u0142\u0105 zbiera swoje (nawet \u015bmiertelne!) \u017cniwo. Wirus odry rozprzestrzenia si\u0119 w Europie ju\u017c od kilku tygodni i wydaje si\u0119, \u017ce nikt nie ma nad tym kontroli.\",\"breadcrumb\":{\"@id\":\"https:\\\/\\\/katarek.pl\\\/odra-u-dzieci\\\/#breadcrumb\"},\"inLanguage\":\"pl-PL\",\"potentialAction\":[{\"@type\":\"ReadAction\",\"target\":[\"https:\\\/\\\/katarek.pl\\\/odra-u-dzieci\\\/\"]}]},{\"@type\":\"ImageObject\",\"inLanguage\":\"pl-PL\",\"@id\":\"https:\\\/\\\/katarek.pl\\\/odra-u-dzieci\\\/#primaryimage\",\"url\":\"https:\\\/\\\/katarek.pl\\\/wp-content\\\/uploads\\\/2017\\\/05\\\/baby-boom.png\",\"contentUrl\":\"https:\\\/\\\/katarek.pl\\\/wp-content\\\/uploads\\\/2017\\\/05\\\/baby-boom.png\",\"width\":1200,\"height\":628,\"caption\":\"Odra u dziecka\"},{\"@type\":\"BreadcrumbList\",\"@id\":\"https:\\\/\\\/katarek.pl\\\/odra-u-dzieci\\\/#breadcrumb\",\"itemListElement\":[{\"@type\":\"ListItem\",\"position\":1,\"name\":\"Home\",\"item\":\"https:\\\/\\\/katarek.pl\\\/\"},{\"@type\":\"ListItem\",\"position\":2,\"name\":\"Blog\",\"item\":\"https:\\\/\\\/katarek.pl\\\/blog\\\/\"},{\"@type\":\"ListItem\",\"position\":3,\"name\":\"Alarm! Odra u dzieci zn\u00f3w atakuje\"}]},{\"@type\":\"WebSite\",\"@id\":\"https:\\\/\\\/katarek.pl\\\/#website\",\"url\":\"https:\\\/\\\/katarek.pl\\\/\",\"name\":\"katarek.pl\",\"description\":\"\",\"potentialAction\":[{\"@type\":\"SearchAction\",\"target\":{\"@type\":\"EntryPoint\",\"urlTemplate\":\"https:\\\/\\\/katarek.pl\\\/?s={search_term_string}\"},\"query-input\":{\"@type\":\"PropertyValueSpecification\",\"valueRequired\":true,\"valueName\":\"search_term_string\"}}],\"inLanguage\":\"pl-PL\"},{\"@type\":\"Person\",\"@id\":\"https:\\\/\\\/katarek.pl\\\/#\\\/schema\\\/person\\\/c7267555b2aaad4c6d15146a155bc430\",\"name\":\"katarek\",\"url\":\"https:\\\/\\\/katarek.pl\\\/author\\\/katarek\\\/\"}]}<\/script>\n<!-- \/ Yoast SEO plugin. -->","yoast_head_json":{"title":"Alarm! Odra u dzieci zn\u00f3w atakuje - katarek.pl","description":"M\u00f3wi\u0142o si\u0119, \u017ce o tej chorobie mo\u017cna ju\u017c zapomnie\u0107. Tymczasem odra u dzieci wraca i z ogromn\u0105 si\u0142\u0105 zbiera swoje (nawet \u015bmiertelne!) \u017cniwo. Wirus odry rozprzestrzenia si\u0119 w Europie ju\u017c od kilku tygodni i wydaje si\u0119, \u017ce nikt nie ma nad tym kontroli.","robots":{"index":"index","follow":"follow","max-snippet":"max-snippet:-1","max-image-preview":"max-image-preview:large","max-video-preview":"max-video-preview:-1"},"canonical":"https:\/\/katarek.pl\/odra-u-dzieci\/","og_locale":"pl_PL","og_type":"article","og_title":"Alarm! Odra u dzieci zn\u00f3w atakuje - katarek.pl","og_description":"M\u00f3wi\u0142o si\u0119, \u017ce o tej chorobie mo\u017cna ju\u017c zapomnie\u0107. Tymczasem odra u dzieci wraca i z ogromn\u0105 si\u0142\u0105 zbiera swoje (nawet \u015bmiertelne!) \u017cniwo. Wirus odry rozprzestrzenia si\u0119 w Europie ju\u017c od kilku tygodni i wydaje si\u0119, \u017ce nikt nie ma nad tym kontroli.","og_url":"https:\/\/katarek.pl\/odra-u-dzieci\/","og_site_name":"katarek.pl","article_published_time":"2017-05-16T13:58:48+00:00","og_image":[{"width":1200,"height":628,"url":"https:\/\/katarek.pl\/wp-content\/uploads\/2017\/05\/baby-boom.png","type":"image\/png"}],"author":"katarek","twitter_card":"summary_large_image","twitter_misc":{"Napisane przez":"katarek","Szacowany czas czytania":"2 minuty"},"schema":{"@context":"https:\/\/schema.org","@graph":[{"@type":"Article","@id":"https:\/\/katarek.pl\/odra-u-dzieci\/#article","isPartOf":{"@id":"https:\/\/katarek.pl\/odra-u-dzieci\/"},"author":{"name":"katarek","@id":"https:\/\/katarek.pl\/#\/schema\/person\/c7267555b2aaad4c6d15146a155bc430"},"headline":"Alarm! Odra u dzieci zn\u00f3w atakuje","datePublished":"2017-05-16T13:58:48+00:00","mainEntityOfPage":{"@id":"https:\/\/katarek.pl\/odra-u-dzieci\/"},"wordCount":462,"commentCount":0,"image":{"@id":"https:\/\/katarek.pl\/odra-u-dzieci\/#primaryimage"},"thumbnailUrl":"https:\/\/katarek.pl\/wp-content\/uploads\/2017\/05\/baby-boom.png","articleSection":["Dziecko","Zdrowie"],"inLanguage":"pl-PL"},{"@type":"WebPage","@id":"https:\/\/katarek.pl\/odra-u-dzieci\/","url":"https:\/\/katarek.pl\/odra-u-dzieci\/","name":"Alarm! Odra u dzieci zn\u00f3w atakuje - katarek.pl","isPartOf":{"@id":"https:\/\/katarek.pl\/#website"},"primaryImageOfPage":{"@id":"https:\/\/katarek.pl\/odra-u-dzieci\/#primaryimage"},"image":{"@id":"https:\/\/katarek.pl\/odra-u-dzieci\/#primaryimage"},"thumbnailUrl":"https:\/\/katarek.pl\/wp-content\/uploads\/2017\/05\/baby-boom.png","datePublished":"2017-05-16T13:58:48+00:00","author":{"@id":"https:\/\/katarek.pl\/#\/schema\/person\/c7267555b2aaad4c6d15146a155bc430"},"description":"M\u00f3wi\u0142o si\u0119, \u017ce o tej chorobie mo\u017cna ju\u017c zapomnie\u0107. Tymczasem odra u dzieci wraca i z ogromn\u0105 si\u0142\u0105 zbiera swoje (nawet \u015bmiertelne!) \u017cniwo. Wirus odry rozprzestrzenia si\u0119 w Europie ju\u017c od kilku tygodni i wydaje si\u0119, \u017ce nikt nie ma nad tym kontroli.","breadcrumb":{"@id":"https:\/\/katarek.pl\/odra-u-dzieci\/#breadcrumb"},"inLanguage":"pl-PL","potentialAction":[{"@type":"ReadAction","target":["https:\/\/katarek.pl\/odra-u-dzieci\/"]}]},{"@type":"ImageObject","inLanguage":"pl-PL","@id":"https:\/\/katarek.pl\/odra-u-dzieci\/#primaryimage","url":"https:\/\/katarek.pl\/wp-content\/uploads\/2017\/05\/baby-boom.png","contentUrl":"https:\/\/katarek.pl\/wp-content\/uploads\/2017\/05\/baby-boom.png","width":1200,"height":628,"caption":"Odra u dziecka"},{"@type":"BreadcrumbList","@id":"https:\/\/katarek.pl\/odra-u-dzieci\/#breadcrumb","itemListElement":[{"@type":"ListItem","position":1,"name":"Home","item":"https:\/\/katarek.pl\/"},{"@type":"ListItem","position":2,"name":"Blog","item":"https:\/\/katarek.pl\/blog\/"},{"@type":"ListItem","position":3,"name":"Alarm! Odra u dzieci zn\u00f3w atakuje"}]},{"@type":"WebSite","@id":"https:\/\/katarek.pl\/#website","url":"https:\/\/katarek.pl\/","name":"katarek.pl","description":"","potentialAction":[{"@type":"SearchAction","target":{"@type":"EntryPoint","urlTemplate":"https:\/\/katarek.pl\/?s={search_term_string}"},"query-input":{"@type":"PropertyValueSpecification","valueRequired":true,"valueName":"search_term_string"}}],"inLanguage":"pl-PL"},{"@type":"Person","@id":"https:\/\/katarek.pl\/#\/schema\/person\/c7267555b2aaad4c6d15146a155bc430","name":"katarek","url":"https:\/\/katarek.pl\/author\/katarek\/"}]}},"acf":[],"gutenberg_blocks":[{"blockName":"custom-styles","attrs":{"styles":""}}],"meta_data":false,"featured_image":{"url":"https:\/\/katarek.pl\/wp-content\/uploads\/2017\/05\/baby-boom-1024x536.png"},"main_category":{"name":"Dziecko"},"prev_page":{"slug":"czy-moje-dziecko-ma-autyzm"},"next_page":{"slug":"alergia-ukladu-oddechowego"},"_links":{"self":[{"href":"https:\/\/katarek.pl\/index.php\/wp-json\/wp\/v2\/posts\/859","targetHints":{"allow":["GET"]}}],"collection":[{"href":"https:\/\/katarek.pl\/index.php\/wp-json\/wp\/v2\/posts"}],"about":[{"href":"https:\/\/katarek.pl\/index.php\/wp-json\/wp\/v2\/types\/post"}],"author":[{"embeddable":true,"href":"https:\/\/katarek.pl\/index.php\/wp-json\/wp\/v2\/users\/7"}],"replies":[{"embeddable":true,"href":"https:\/\/katarek.pl\/index.php\/wp-json\/wp\/v2\/comments?post=859"}],"version-history":[{"count":0,"href":"https:\/\/katarek.pl\/index.php\/wp-json\/wp\/v2\/posts\/859\/revisions"}],"wp:featuredmedia":[{"embeddable":true,"href":"https:\/\/katarek.pl\/index.php\/wp-json\/wp\/v2\/media\/860"}],"wp:attachment":[{"href":"https:\/\/katarek.pl\/index.php\/wp-json\/wp\/v2\/media?parent=859"}],"wp:term":[{"taxonomy":"category","embeddable":true,"href":"https:\/\/katarek.pl\/index.php\/wp-json\/wp\/v2\/categories?post=859"},{"taxonomy":"post_tag","embeddable":true,"href":"https:\/\/katarek.pl\/index.php\/wp-json\/wp\/v2\/tags?post=859"}],"curies":[{"name":"wp","href":"https:\/\/api.w.org\/{rel}","templated":true}]}}