{"id":759,"date":"2016-10-13T12:28:01","date_gmt":"2016-10-13T12:28:01","guid":{"rendered":"https:\/\/katarek.pl\/blog\/?p=364"},"modified":"2016-10-13T12:28:01","modified_gmt":"2016-10-13T12:28:01","slug":"porod-a-rzeczywistosc-moje-wyobrazenia-po-ciazy","status":"publish","type":"post","link":"https:\/\/katarek.pl\/porod-a-rzeczywistosc-moje-wyobrazenia-po-ciazy\/","title":{"rendered":"Por\u00f3d a rzeczywisto\u015b\u0107. Moje wyobra\u017cenia po ci\u0105\u017cy"},"content":{"rendered":"<p><strong>Pierwsze dni\/tygodnie po powrocie ze szpitala wyobra\u017ca\u0142am sobie jako jedn\u0105 wielk\u0105 sielank\u0119 &#8211; na \u015brodku \u0142\u00f3\u017cka le\u017cy synek, po bokach ja z m\u0119\u017cem. B\u0142ogi spok\u00f3j, scenka jak z reklamy &#8211; wsz\u0119dzie biel, bia\u0142e \u0142\u00f3\u017cko, bia\u0142a po\u015bciel, ja w bieli, m\u0105\u017c w bieli, maluszek w bia\u0142ym ubranku. Cichutki, drzemi\u0105cy sobie. Gdzie\u015b w tle siedzi anio\u0142 na chmurce i gra na harfie. Wyobra\u017cania wyobra\u017ceniami, a \u017cycie \u017cyciem: rzadko kiedy by\u0142a taka chwila kiedy ca\u0142a tr\u00f3jeczka mog\u0142a spokojnie razem poby\u0107. Zawsze jedno z nas musia\u0142o albo sprz\u0105ta\u0107, albo gotowa\u0107, albo wyparza\u0107 flaszki, albo odsypia\u0142o. Depresja poporodowa. <a href=\"https:\/\/katarek.pl\/blog\/jestes-zmeczona-mama-mamy-na-to-sposoby\/\">Zm\u0119czenie<\/a>+ rozdra\u017cnienie = k\u0142\u00f3tnie z partnerem. Strasznie mi\u0119dzy nami by\u0142o przez ten pierwszy czas.- Paulina<\/strong> <!--more--><\/p>\n<p>To pierwsze wspomnienie na jakie trafi\u0142am przeszukuj\u0105c Internet, ale niezwykle obrazowe. Niestety macierzy\u0144stwo to nieidealny stan z gazet czy Instagrama, po porodzie zaskakuje nas NOWA rzeczywisto\u015b\u0107.<\/p>\n<h2>Poznaj moj\u0105 histori\u0119<\/h2>\n<p>Chyba wszystkie ci\u0119\u017carne kobiety maj\u0105 w g\u0142owie jak\u0105\u015b wizj\u0119 macierzy\u0144stwa, wykreowan\u0105 w oparciu o do\u015bwiadczenie innych mam, obiegowe opinie, zas\u0142yszane historie i anegdotki. Co wi\u0119cej &#8211; ostatnio modne sta\u0142o si\u0119 wr\u0119cz \u00a0gloryfikowanie macierzy\u0144stwa przez celebrytki, kt\u00f3re ch\u0119tnie wypowiadaj\u0105 si\u0119 na ten temat (jedynie w aspekcie kolorowych stron) bycia mam\u0105. Jednak czy rodzicielstwo to wy\u0142\u0105cznie pasmo szcz\u0119\u015bcia ?<\/p>\n<p>Ja stara\u0142am podej\u015b\u0107 do tematu racjonalnie. B\u0119d\u0105c w ci\u0105\u017cy raczej nie wybiega\u0142am my\u015blami poza dziewi\u0119\u0107 miesi\u0119cy oczekiwania \u2013 wa\u017cne by\u0142o dla mnie tu i teraz, czyli <a href=\"https:\/\/katarek.pl\/blog\/jestem-w-ciazy-badania-1-14-tc\/\">badania<\/a> i prawid\u0142owy rozw\u00f3j malucha w moim brzuchu. A gdy my\u015bla\u0142am o tym jak b\u0119dzie wygl\u0105da\u0142o moje \u017cycie po narodzinach Kubusia by\u0142am przekonana, <strong>\u017ce ulegnie ono tylko nieznacznej zmianie<\/strong>, a wszystkie osoby m\u00f3wi\u0105ce o tym, \u017ce m\u00f3j \u015bwiat obr\u00f3ci si\u0119 do g\u00f3ry nogami, po prostu \u017ale organizuj\u0105 sw\u00f3j czas. Przecie\u017c zawsze do tej pory wszystko idealnie uda\u0142o mi si\u0119 u\u0142o\u017cy\u0107 czy zaplanowa\u0107. Myli\u0142am si\u0119.<\/p>\n<h2>Historie m\u0142odych mam<\/h2>\n<p>Postanowi\u0142am r\u00f3wnie\u017c przejrze\u0107 fora \u00a0oraz sprawdzi\u0107 oczekiwania innych mam.\u00a0 Zacytuje wam kilka wypowiedzi oraz \u201ema\u0142e zaskoczenia\u201d .<\/p>\n<p>&#8222;My\u015bla\u0142am, \u017ce b\u0119dziemy si\u0119 przytula\u0107 ca\u0142y czas, usypia\u0107 w swoich obj\u0119ciach. Ale c\u00f3\u017c dziecko jest ruchliwe i spokojny proces usypiania jest po prostu niemo\u017cliwy.&#8221; \u2013 Karolina<\/p>\n<p>&#8222;Wyobra\u017ca\u0142am sobie, \u017ce od razu po urodzinach mojego Male\u0144stwa oszaleje z mi\u0142o\u015bci do niego- mo\u017ce zabrzmi to \u017ale- ale wcale tak nie by\u0142o\u2026 Urodzenie dziecka kosztowa\u0142o mnie tyle wysi\u0142ku i b\u00f3lu, a sam proces karmienia nie poszed\u0142 idealnie, i szybko, wyst\u0105pi\u0142 baby blues. Dlatego uwierzcie mi\u0142o\u015b\u0107 do mojego ukochanego dzieci\u0105tka rodzi\u0142a si\u0119 z czasem.&#8221; \u2013 Kaja<\/p>\n<p>&#8222;By\u0142am przekonana, \u017ce jak urodz\u0119 i po\u0142o\u017c\u0105 mi dziecko na brzuchu to z m\u0119\u017cem jak na ameryka\u0144skich filmach z\u0142apiemy si\u0119 za r\u0105czki, damy sobie buziaka i pop\u0142aczemy si\u0119 z rado\u015bci. Tymczasem zamiast tych wszystkich radosnych uczu\u0107 by\u0142o po prostu przera\u017cenie i szok, tak wielki, \u017ce nie umia\u0142am odpowiada\u0107 na najprostsze pytania, nawet jak mam na imi\u0119.&#8221; \u2013 m\u0142oda mama<\/p>\n<p>&#8222;Chcia\u0142am by\u0107 fajn\u0105 mamu\u015bk\u0105, tak\u0105 zadban\u0105, z u\u0142o\u017conymi w\u0142osami, \u0142adnie ubran\u0105\u2026.. a si\u0119 BARDZOO pomyli\u0142am, nie to mi w g\u0142owie i szczerze nadal pomykam w dresie- bo mi wygodnie.&#8221; \u2013 Ola<\/p>\n<p>Nie ukrywam, \u017ce ucieszy\u0142am si\u0119 kiedy zobaczy\u0142am inne &#8221; zaskoczone mamy&#8221; \u00a0\ud83d\ude42<\/p>\n<h2>Pocz\u0105tki bywaj\u0105 ci\u0119\u017ckie &#8211; szczeg\u00f3lnie przy pierwszym maluchu<\/h2>\n<p>Dziecko, przynajmniej na pocz\u0105tku, zmienia \u017cycie ca\u0142ej rodziny, absorbuje wi\u0119kszo\u015b\u0107 czasu i si\u0142. Nie zrozumcie mnie \u017ale \u2013 dzidziu\u015b wnosi mn\u00f3stwo rado\u015bci do \u017cycia ka\u017cdej pary, ale tak\u017ce stresu, zm\u0119czenia i niepewno\u015bci. Nie zapomn\u0119 nigdy pierwszych d\u00f3b po powrocie ze szpitala \u2013 oswajanie si\u0119 z maluszkiem i \u201enauczenie si\u0119\u201d jego nawyk\u00f3w zaj\u0119\u0142o nam dobrych kilka tygodni, nieprzespane noce, stres, czuwanie nad \u0142\u00f3\u017ceczkiem i sprawdzenie oddechu \u2013 s\u0142owem istne szale\u0144stwo. Nagle g\u0142\u00f3wnym tematem naszych rozm\u00f3w sta\u0142a si\u0119 <a href=\"https:\/\/katarek.pl\/blog\/krew-w-kupce-dziecka\/\"><strong>kupka<\/strong> <\/a>\u2013 czy by\u0142a, a je\u015bli nie to dlaczego, a jaki kolor itp. \u2013 gdybym to us\u0142ysza\u0142a przed ci\u0105\u017c\u0105 to nigdy bym w to nie uwierzy\u0142a.<\/p>\n<p>Nigdy nie my\u015bla\u0142am te\u017c o tym, \u017ce krzyk dziecka mo\u017ce by\u0107 tak g\u0142o\u015bny \ud83d\ude42 to tylko ma\u0142y wycinek rzeczywisto\u015bci. Z perspektywy my\u015bl\u0119, \u017ce lepiej nie mie\u0107 oczekiwa\u0144 tylko przyjmowa\u0107 rzeczy takimi jakie s\u0105. Nie da si\u0119 niemowlaka dostosowa\u0107 do sztywno ustalonego harmonogramu \u2013 wszystkie perfekcjonistki (w tym ja) musz\u0105 troch\u0119 wyluzowa\u0107 i nauczy\u0107 si\u0119 nowej umiej\u0119tno\u015bci \u2013 elastycznego podej\u015bcia do czasu.<\/p>\n<p>Media kreuj\u0105 wizerunek szcz\u0119\u015bliwej mamy, ale ma\u0142o kto wspomina o \u201e<a href=\"https:\/\/katarek.pl\/blog\/baby-blues-czestszy-niz-myslisz\/\">baby blues<\/a>\u201d, czyli stanie przygn\u0119bienia wyst\u0119puj\u0105cym po porodzie, a jest on bardzo cz\u0119sty- ca\u0142y \u015bwiat wywraca Ci si\u0119 do g\u00f3ry nogami!\u00a0 Niestety wci\u0105\u017c wiele kobiet obwinia si\u0119 o to, \u017ce czuje wewn\u0119trzn\u0105 pustk\u0119 i smutek po narodzinach dziecka- a nie powinny.<\/p>\n<p>Przeczyta\u0142am kiedy\u015b, \u017ce narodziny potomka to zmiana na miar\u0119 tej, kt\u00f3r\u0105 przechodz\u0105 nastolatkowie w okresie dojrzewania. I rzeczywi\u015bcie co\u015b w tym jest. Do macierzy\u0144stwa trzeba dojrze\u0107, nie od razu jest pi\u0119knie, \u0142atwo i przyjemnie. Jak w ka\u017cdym nowym do\u015bwiadczeniu najtrudniejsze s\u0105 pocz\u0105tki, ale teraz z perspektywy widz\u0119, \u017ce wszystkie trudne momenty buduj\u0105 silniejsz\u0105 wi\u0119\u017a z partnerem oraz z dzieckiem.\u00a0 Bardzo wa\u017cne jest wsparcie bliskich os\u00f3b i nie jest to tylko powtarzany frazes. Obecno\u015b\u0107 drugiej osoby potrafi sprawi\u0107, \u017ce nawet najgorsza kolka, czy wstawanie w nocy wydaje si\u0119 mniej straszne.<\/p>\n<p>Z drugiej strony w ci\u0105\u017cy nie wyobra\u017ca\u0142am sobie, \u017ce mo\u017cna obdarzy\u0107 tak ma\u0142\u0105 istotk\u0119 mi\u0142o\u015bci\u0105 bezwarunkow\u0105, cieszy\u0107 si\u0119 ka\u017cdym drobnym u\u015bmieszkiem, ka\u017cdym wyartyku\u0142owanym d\u017awi\u0119kiem, kt\u00f3ry nie przypomina \u017cadnego s\u0142owa, ka\u017cd\u0105 now\u0105 umiej\u0119tno\u015bci\u0105. Bycie mam\u0105 zaskakuje ka\u017cdego dnia. Chocia\u017c wieczorem k\u0142ad\u0119 si\u0119 zm\u0119czona do \u0142\u00f3zka to wystarczy spojrzenie na spokojn\u0105, zaspan\u0105 twarz synka i nie mam w\u0105tpliwo\u015bci, \u017ce to najlepsze co nam si\u0119 przytrafi\u0142o, a czas na wyspanie b\u0119d\u0105 mia\u0142a na staro\u015b\u0107 \ud83d\ude42<\/p>\n<p>W starciu wyidealizowane wyobra\u017cenie kontra rzeczywisto\u015b\u0107, rzeczywisto\u015b\u0107 wygrywa 1:0, ale wcale nie ma w tym nic z\u0142ego, bo przecie\u017c nikt ani nic nie jest idealne. A nie musi by\u0107 idealnie \u017ceby by\u0142o cudownie<\/p>\n<p>Filiz Sulejman -Srokosz<\/p>\n","protected":false},"excerpt":"Pierwsze dni\/tygodnie po powrocie ze szpitala wyobra\u017ca\u0142am sobie jako jedn\u0105 wielk\u0105 sielank\u0119 &#8211; na \u015brodku \u0142\u00f3\u017cka le\u017cy synek, po bokach ja z m\u0119\u017cem. B\u0142ogi spok\u00f3j, scenka jak z reklamy &#8211; wsz\u0119dzie biel, bia\u0142e \u0142\u00f3\u017cko, bia\u0142a po\u015bciel, ja w bieli, m\u0105\u017c w bieli, maluszek w bia\u0142ym ubranku. Cichutki, drzemi\u0105cy sobie. Gdzie\u015b w tle siedzi anio\u0142 na [&hellip;]","author":7,"featured_media":2945,"comment_status":"open","ping_status":"open","sticky":false,"template":"","format":"standard","meta":{"_acf_changed":false,"inline_featured_image":false,"editor_plus_copied_stylings":"{}","footnotes":""},"categories":[43,50,51],"tags":[],"class_list":["post-759","post","type-post","status-publish","format-standard","has-post-thumbnail","hentry","category-ciaza","category-emocje","category-porod-i-polog"],"yoast_head":"<!-- This site is optimized with the Yoast SEO plugin v27.4 - https:\/\/yoast.com\/product\/yoast-seo-wordpress\/ -->\n<title>Por\u00f3d a rzeczywisto\u015b\u0107. Moje wyobra\u017cenia po ci\u0105\u017cy - katarek.pl<\/title>\n<meta name=\"description\" content=\"Ja w bieli, m\u0105\u017c w bieli, maluszek w bia\u0142ym ubranku. Cichutki, drzemi\u0105cy sobie. Nasze wyobra\u017cenia o tym, jak b\u0119dzie wygl\u0105da\u0142o macierzy\u0144stwo cz\u0119sto mijaj\u0105 si\u0119 z rzeczywisto\u015bci\u0105. Na co warto by\u0107 gotow\u0105?\" \/>\n<meta name=\"robots\" content=\"index, follow, max-snippet:-1, max-image-preview:large, max-video-preview:-1\" \/>\n<link rel=\"canonical\" href=\"https:\/\/katarek.pl\/porod-a-rzeczywistosc-moje-wyobrazenia-po-ciazy\/\" \/>\n<meta property=\"og:locale\" content=\"pl_PL\" \/>\n<meta property=\"og:type\" content=\"article\" \/>\n<meta property=\"og:title\" content=\"Por\u00f3d a rzeczywisto\u015b\u0107. Moje wyobra\u017cenia po ci\u0105\u017cy - katarek.pl\" \/>\n<meta property=\"og:description\" content=\"Ja w bieli, m\u0105\u017c w bieli, maluszek w bia\u0142ym ubranku. Cichutki, drzemi\u0105cy sobie. Nasze wyobra\u017cenia o tym, jak b\u0119dzie wygl\u0105da\u0142o macierzy\u0144stwo cz\u0119sto mijaj\u0105 si\u0119 z rzeczywisto\u015bci\u0105. Na co warto by\u0107 gotow\u0105?\" \/>\n<meta property=\"og:url\" content=\"https:\/\/katarek.pl\/porod-a-rzeczywistosc-moje-wyobrazenia-po-ciazy\/\" \/>\n<meta property=\"og:site_name\" content=\"katarek.pl\" \/>\n<meta property=\"article:published_time\" content=\"2016-10-13T12:28:01+00:00\" \/>\n<meta property=\"og:image\" content=\"https:\/\/katarek.pl\/wp-content\/uploads\/2016\/10\/wyobrazenia-po-ciazy.jpg\" \/>\n\t<meta property=\"og:image:width\" content=\"2356\" \/>\n\t<meta property=\"og:image:height\" content=\"1571\" \/>\n\t<meta property=\"og:image:type\" content=\"image\/jpeg\" \/>\n<meta name=\"author\" content=\"katarek\" \/>\n<meta name=\"twitter:card\" content=\"summary_large_image\" \/>\n<meta name=\"twitter:label1\" content=\"Napisane przez\" \/>\n\t<meta name=\"twitter:data1\" content=\"katarek\" \/>\n\t<meta name=\"twitter:label2\" content=\"Szacowany czas czytania\" \/>\n\t<meta name=\"twitter:data2\" content=\"5 minut\" \/>\n<script type=\"application\/ld+json\" class=\"yoast-schema-graph\">{\"@context\":\"https:\\\/\\\/schema.org\",\"@graph\":[{\"@type\":\"Article\",\"@id\":\"https:\\\/\\\/katarek.pl\\\/porod-a-rzeczywistosc-moje-wyobrazenia-po-ciazy\\\/#article\",\"isPartOf\":{\"@id\":\"https:\\\/\\\/katarek.pl\\\/porod-a-rzeczywistosc-moje-wyobrazenia-po-ciazy\\\/\"},\"author\":{\"name\":\"katarek\",\"@id\":\"https:\\\/\\\/katarek.pl\\\/#\\\/schema\\\/person\\\/c7267555b2aaad4c6d15146a155bc430\"},\"headline\":\"Por\u00f3d a rzeczywisto\u015b\u0107. Moje wyobra\u017cenia po ci\u0105\u017cy\",\"datePublished\":\"2016-10-13T12:28:01+00:00\",\"mainEntityOfPage\":{\"@id\":\"https:\\\/\\\/katarek.pl\\\/porod-a-rzeczywistosc-moje-wyobrazenia-po-ciazy\\\/\"},\"wordCount\":1096,\"commentCount\":0,\"image\":{\"@id\":\"https:\\\/\\\/katarek.pl\\\/porod-a-rzeczywistosc-moje-wyobrazenia-po-ciazy\\\/#primaryimage\"},\"thumbnailUrl\":\"https:\\\/\\\/katarek.pl\\\/wp-content\\\/uploads\\\/2016\\\/10\\\/wyobrazenia-po-ciazy.jpg\",\"articleSection\":[\"Ci\u0105\u017ca\",\"Emocje\",\"Por\u00f3d i po\u0142\u00f3g\"],\"inLanguage\":\"pl-PL\"},{\"@type\":\"WebPage\",\"@id\":\"https:\\\/\\\/katarek.pl\\\/porod-a-rzeczywistosc-moje-wyobrazenia-po-ciazy\\\/\",\"url\":\"https:\\\/\\\/katarek.pl\\\/porod-a-rzeczywistosc-moje-wyobrazenia-po-ciazy\\\/\",\"name\":\"Por\u00f3d a rzeczywisto\u015b\u0107. Moje wyobra\u017cenia po ci\u0105\u017cy - katarek.pl\",\"isPartOf\":{\"@id\":\"https:\\\/\\\/katarek.pl\\\/#website\"},\"primaryImageOfPage\":{\"@id\":\"https:\\\/\\\/katarek.pl\\\/porod-a-rzeczywistosc-moje-wyobrazenia-po-ciazy\\\/#primaryimage\"},\"image\":{\"@id\":\"https:\\\/\\\/katarek.pl\\\/porod-a-rzeczywistosc-moje-wyobrazenia-po-ciazy\\\/#primaryimage\"},\"thumbnailUrl\":\"https:\\\/\\\/katarek.pl\\\/wp-content\\\/uploads\\\/2016\\\/10\\\/wyobrazenia-po-ciazy.jpg\",\"datePublished\":\"2016-10-13T12:28:01+00:00\",\"author\":{\"@id\":\"https:\\\/\\\/katarek.pl\\\/#\\\/schema\\\/person\\\/c7267555b2aaad4c6d15146a155bc430\"},\"description\":\"Ja w bieli, m\u0105\u017c w bieli, maluszek w bia\u0142ym ubranku. Cichutki, drzemi\u0105cy sobie. Nasze wyobra\u017cenia o tym, jak b\u0119dzie wygl\u0105da\u0142o macierzy\u0144stwo cz\u0119sto mijaj\u0105 si\u0119 z rzeczywisto\u015bci\u0105. Na co warto by\u0107 gotow\u0105?\",\"breadcrumb\":{\"@id\":\"https:\\\/\\\/katarek.pl\\\/porod-a-rzeczywistosc-moje-wyobrazenia-po-ciazy\\\/#breadcrumb\"},\"inLanguage\":\"pl-PL\",\"potentialAction\":[{\"@type\":\"ReadAction\",\"target\":[\"https:\\\/\\\/katarek.pl\\\/porod-a-rzeczywistosc-moje-wyobrazenia-po-ciazy\\\/\"]}]},{\"@type\":\"ImageObject\",\"inLanguage\":\"pl-PL\",\"@id\":\"https:\\\/\\\/katarek.pl\\\/porod-a-rzeczywistosc-moje-wyobrazenia-po-ciazy\\\/#primaryimage\",\"url\":\"https:\\\/\\\/katarek.pl\\\/wp-content\\\/uploads\\\/2016\\\/10\\\/wyobrazenia-po-ciazy.jpg\",\"contentUrl\":\"https:\\\/\\\/katarek.pl\\\/wp-content\\\/uploads\\\/2016\\\/10\\\/wyobrazenia-po-ciazy.jpg\",\"width\":2356,\"height\":1571,\"caption\":\"moje wyobra\u017cenia po ci\u0105\u017cy\"},{\"@type\":\"BreadcrumbList\",\"@id\":\"https:\\\/\\\/katarek.pl\\\/porod-a-rzeczywistosc-moje-wyobrazenia-po-ciazy\\\/#breadcrumb\",\"itemListElement\":[{\"@type\":\"ListItem\",\"position\":1,\"name\":\"Home\",\"item\":\"https:\\\/\\\/katarek.pl\\\/\"},{\"@type\":\"ListItem\",\"position\":2,\"name\":\"Blog\",\"item\":\"https:\\\/\\\/katarek.pl\\\/blog\\\/\"},{\"@type\":\"ListItem\",\"position\":3,\"name\":\"Por\u00f3d a rzeczywisto\u015b\u0107. Moje wyobra\u017cenia po ci\u0105\u017cy\"}]},{\"@type\":\"WebSite\",\"@id\":\"https:\\\/\\\/katarek.pl\\\/#website\",\"url\":\"https:\\\/\\\/katarek.pl\\\/\",\"name\":\"katarek.pl\",\"description\":\"\",\"potentialAction\":[{\"@type\":\"SearchAction\",\"target\":{\"@type\":\"EntryPoint\",\"urlTemplate\":\"https:\\\/\\\/katarek.pl\\\/?s={search_term_string}\"},\"query-input\":{\"@type\":\"PropertyValueSpecification\",\"valueRequired\":true,\"valueName\":\"search_term_string\"}}],\"inLanguage\":\"pl-PL\"},{\"@type\":\"Person\",\"@id\":\"https:\\\/\\\/katarek.pl\\\/#\\\/schema\\\/person\\\/c7267555b2aaad4c6d15146a155bc430\",\"name\":\"katarek\",\"url\":\"https:\\\/\\\/katarek.pl\\\/author\\\/katarek\\\/\"}]}<\/script>\n<!-- \/ Yoast SEO plugin. -->","yoast_head_json":{"title":"Por\u00f3d a rzeczywisto\u015b\u0107. Moje wyobra\u017cenia po ci\u0105\u017cy - katarek.pl","description":"Ja w bieli, m\u0105\u017c w bieli, maluszek w bia\u0142ym ubranku. Cichutki, drzemi\u0105cy sobie. Nasze wyobra\u017cenia o tym, jak b\u0119dzie wygl\u0105da\u0142o macierzy\u0144stwo cz\u0119sto mijaj\u0105 si\u0119 z rzeczywisto\u015bci\u0105. Na co warto by\u0107 gotow\u0105?","robots":{"index":"index","follow":"follow","max-snippet":"max-snippet:-1","max-image-preview":"max-image-preview:large","max-video-preview":"max-video-preview:-1"},"canonical":"https:\/\/katarek.pl\/porod-a-rzeczywistosc-moje-wyobrazenia-po-ciazy\/","og_locale":"pl_PL","og_type":"article","og_title":"Por\u00f3d a rzeczywisto\u015b\u0107. Moje wyobra\u017cenia po ci\u0105\u017cy - katarek.pl","og_description":"Ja w bieli, m\u0105\u017c w bieli, maluszek w bia\u0142ym ubranku. Cichutki, drzemi\u0105cy sobie. Nasze wyobra\u017cenia o tym, jak b\u0119dzie wygl\u0105da\u0142o macierzy\u0144stwo cz\u0119sto mijaj\u0105 si\u0119 z rzeczywisto\u015bci\u0105. Na co warto by\u0107 gotow\u0105?","og_url":"https:\/\/katarek.pl\/porod-a-rzeczywistosc-moje-wyobrazenia-po-ciazy\/","og_site_name":"katarek.pl","article_published_time":"2016-10-13T12:28:01+00:00","og_image":[{"width":2356,"height":1571,"url":"https:\/\/katarek.pl\/wp-content\/uploads\/2016\/10\/wyobrazenia-po-ciazy.jpg","type":"image\/jpeg"}],"author":"katarek","twitter_card":"summary_large_image","twitter_misc":{"Napisane przez":"katarek","Szacowany czas czytania":"5 minut"},"schema":{"@context":"https:\/\/schema.org","@graph":[{"@type":"Article","@id":"https:\/\/katarek.pl\/porod-a-rzeczywistosc-moje-wyobrazenia-po-ciazy\/#article","isPartOf":{"@id":"https:\/\/katarek.pl\/porod-a-rzeczywistosc-moje-wyobrazenia-po-ciazy\/"},"author":{"name":"katarek","@id":"https:\/\/katarek.pl\/#\/schema\/person\/c7267555b2aaad4c6d15146a155bc430"},"headline":"Por\u00f3d a rzeczywisto\u015b\u0107. Moje wyobra\u017cenia po ci\u0105\u017cy","datePublished":"2016-10-13T12:28:01+00:00","mainEntityOfPage":{"@id":"https:\/\/katarek.pl\/porod-a-rzeczywistosc-moje-wyobrazenia-po-ciazy\/"},"wordCount":1096,"commentCount":0,"image":{"@id":"https:\/\/katarek.pl\/porod-a-rzeczywistosc-moje-wyobrazenia-po-ciazy\/#primaryimage"},"thumbnailUrl":"https:\/\/katarek.pl\/wp-content\/uploads\/2016\/10\/wyobrazenia-po-ciazy.jpg","articleSection":["Ci\u0105\u017ca","Emocje","Por\u00f3d i po\u0142\u00f3g"],"inLanguage":"pl-PL"},{"@type":"WebPage","@id":"https:\/\/katarek.pl\/porod-a-rzeczywistosc-moje-wyobrazenia-po-ciazy\/","url":"https:\/\/katarek.pl\/porod-a-rzeczywistosc-moje-wyobrazenia-po-ciazy\/","name":"Por\u00f3d a rzeczywisto\u015b\u0107. Moje wyobra\u017cenia po ci\u0105\u017cy - katarek.pl","isPartOf":{"@id":"https:\/\/katarek.pl\/#website"},"primaryImageOfPage":{"@id":"https:\/\/katarek.pl\/porod-a-rzeczywistosc-moje-wyobrazenia-po-ciazy\/#primaryimage"},"image":{"@id":"https:\/\/katarek.pl\/porod-a-rzeczywistosc-moje-wyobrazenia-po-ciazy\/#primaryimage"},"thumbnailUrl":"https:\/\/katarek.pl\/wp-content\/uploads\/2016\/10\/wyobrazenia-po-ciazy.jpg","datePublished":"2016-10-13T12:28:01+00:00","author":{"@id":"https:\/\/katarek.pl\/#\/schema\/person\/c7267555b2aaad4c6d15146a155bc430"},"description":"Ja w bieli, m\u0105\u017c w bieli, maluszek w bia\u0142ym ubranku. Cichutki, drzemi\u0105cy sobie. Nasze wyobra\u017cenia o tym, jak b\u0119dzie wygl\u0105da\u0142o macierzy\u0144stwo cz\u0119sto mijaj\u0105 si\u0119 z rzeczywisto\u015bci\u0105. Na co warto by\u0107 gotow\u0105?","breadcrumb":{"@id":"https:\/\/katarek.pl\/porod-a-rzeczywistosc-moje-wyobrazenia-po-ciazy\/#breadcrumb"},"inLanguage":"pl-PL","potentialAction":[{"@type":"ReadAction","target":["https:\/\/katarek.pl\/porod-a-rzeczywistosc-moje-wyobrazenia-po-ciazy\/"]}]},{"@type":"ImageObject","inLanguage":"pl-PL","@id":"https:\/\/katarek.pl\/porod-a-rzeczywistosc-moje-wyobrazenia-po-ciazy\/#primaryimage","url":"https:\/\/katarek.pl\/wp-content\/uploads\/2016\/10\/wyobrazenia-po-ciazy.jpg","contentUrl":"https:\/\/katarek.pl\/wp-content\/uploads\/2016\/10\/wyobrazenia-po-ciazy.jpg","width":2356,"height":1571,"caption":"moje wyobra\u017cenia po ci\u0105\u017cy"},{"@type":"BreadcrumbList","@id":"https:\/\/katarek.pl\/porod-a-rzeczywistosc-moje-wyobrazenia-po-ciazy\/#breadcrumb","itemListElement":[{"@type":"ListItem","position":1,"name":"Home","item":"https:\/\/katarek.pl\/"},{"@type":"ListItem","position":2,"name":"Blog","item":"https:\/\/katarek.pl\/blog\/"},{"@type":"ListItem","position":3,"name":"Por\u00f3d a rzeczywisto\u015b\u0107. Moje wyobra\u017cenia po ci\u0105\u017cy"}]},{"@type":"WebSite","@id":"https:\/\/katarek.pl\/#website","url":"https:\/\/katarek.pl\/","name":"katarek.pl","description":"","potentialAction":[{"@type":"SearchAction","target":{"@type":"EntryPoint","urlTemplate":"https:\/\/katarek.pl\/?s={search_term_string}"},"query-input":{"@type":"PropertyValueSpecification","valueRequired":true,"valueName":"search_term_string"}}],"inLanguage":"pl-PL"},{"@type":"Person","@id":"https:\/\/katarek.pl\/#\/schema\/person\/c7267555b2aaad4c6d15146a155bc430","name":"katarek","url":"https:\/\/katarek.pl\/author\/katarek\/"}]}},"acf":[],"gutenberg_blocks":[{"blockName":"custom-styles","attrs":{"styles":""}}],"meta_data":false,"featured_image":{"url":"https:\/\/katarek.pl\/wp-content\/uploads\/2016\/10\/wyobrazenia-po-ciazy-1024x683.jpg"},"main_category":{"name":"Ci\u0105\u017ca"},"prev_page":{"slug":"druga-ciaza-zazdrosc-u-jedynaka"},"next_page":{"slug":"dobry-film-na-wieczor"},"_links":{"self":[{"href":"https:\/\/katarek.pl\/index.php\/wp-json\/wp\/v2\/posts\/759","targetHints":{"allow":["GET"]}}],"collection":[{"href":"https:\/\/katarek.pl\/index.php\/wp-json\/wp\/v2\/posts"}],"about":[{"href":"https:\/\/katarek.pl\/index.php\/wp-json\/wp\/v2\/types\/post"}],"author":[{"embeddable":true,"href":"https:\/\/katarek.pl\/index.php\/wp-json\/wp\/v2\/users\/7"}],"replies":[{"embeddable":true,"href":"https:\/\/katarek.pl\/index.php\/wp-json\/wp\/v2\/comments?post=759"}],"version-history":[{"count":0,"href":"https:\/\/katarek.pl\/index.php\/wp-json\/wp\/v2\/posts\/759\/revisions"}],"wp:featuredmedia":[{"embeddable":true,"href":"https:\/\/katarek.pl\/index.php\/wp-json\/wp\/v2\/media\/2945"}],"wp:attachment":[{"href":"https:\/\/katarek.pl\/index.php\/wp-json\/wp\/v2\/media?parent=759"}],"wp:term":[{"taxonomy":"category","embeddable":true,"href":"https:\/\/katarek.pl\/index.php\/wp-json\/wp\/v2\/categories?post=759"},{"taxonomy":"post_tag","embeddable":true,"href":"https:\/\/katarek.pl\/index.php\/wp-json\/wp\/v2\/tags?post=759"}],"curies":[{"name":"wp","href":"https:\/\/api.w.org\/{rel}","templated":true}]}}