{"id":742,"date":"2015-11-04T11:00:15","date_gmt":"2015-11-04T11:00:15","guid":{"rendered":"https:\/\/katarek.pl\/blog\/?p=47"},"modified":"2015-11-04T11:00:15","modified_gmt":"2015-11-04T11:00:15","slug":"nieleczony-katar-a-rozwoj-infekcji","status":"publish","type":"post","link":"https:\/\/katarek.pl\/nieleczony-katar-a-rozwoj-infekcji\/","title":{"rendered":"Nieleczony katar a rozw\u00f3j infekcji u dziecka"},"content":{"rendered":"<p><strong>\u201eNieleczony katar trwa 7 dni, a leczony tydzie\u0144\u201d &#8211; znane porzekad\u0142o w praktyce pediatry nie ma zbyt du\u017cego znaczenia. Nie powinno r\u00f3wnie\u017c by\u0107 wyznacznikiem post\u0119powania dla rodzic\u00f3w. Nie wa\u017cne jest jak szybko katar zniknie, wa\u017cniejsze aby znikn\u0105\u0142 i nie powoduj\u0105c dalszych konsekwencji, \u00a0nie mo\u017cna jednak pozostawa\u0107 biernym w leczeniu kataru.<\/strong><\/p>\n<p><!--more--><\/p>\n<p>Zdarza si\u0119 nam s\u0142ysze\u0107 opowie\u015bci Mam \u201eznad piaskownicy\u201d: <em>wystarczy, \u017ce dostanie zwyk\u0142ego katarku, a ju\u017c mu \u015bcieka na oskrzela i jest ci\u0119\u017cko chory<\/em>.<\/p>\n<p><strong>Katar to nie tylko zatkany nos, \u015bciekanie wydzieliny do gard\u0142a i jej wyp\u0142ywanie na zewn\u0105trz.<\/strong> U ma\u0142ego dziecka katar to przede wszystkim trudno\u015bci z karmieniem, ze spaniem i og\u00f3lnie gorsze samopoczucie dziecka. Zakatarzone dziecko staje si\u0119 \u0142atwiejszym celem dla drobnoustroj\u00f3w. Mo\u017cna powiedzie\u0107, \u017ce wirus, prosto z nosa trafia w go\u015bcinne progi dr\u00f3g oddechowych. Owa go\u015bcinno\u015b\u0107 wynika przede wszystkim z os\u0142abienia dziecka. Aby doda\u0107 maluchowi si\u0142 dbajmy o jego nosek. Mniejszy katar to lepszy apetyt i lepszy sen.<\/p>\n<h2>Nieleczony katar a rozw\u00f3j infekcji &#8211; konsekwencje<\/h2>\n<p><strong>\u201eZwyk\u0142y katar\u201d mo\u017ce by\u0107 pocz\u0105tkiem zapalenia oskrzeli, p\u0142uc czy ucha<\/strong>. Zgromadzona nadmierna wydzielina w organizmie dziecka daje powa\u017cne efekty dla zdrowia Maluszka! Od czego\u015b przecie\u017c musi si\u0119 zacz\u0105\u0107.<\/p>\n<p>Zdarza si\u0119, \u017ce pocz\u0105tkowe zbagatelizowanie kataru staje si\u0119 przyczyn\u0105 powa\u017cniejszych objaw\u00f3w chorobowych, gor\u0105czki i zastosowania u dziecka antybiotyku. Im m\u0142odsze dziecko tym wi\u0119ksza odpowiedzialno\u015b\u0107 \u201eza nosek\u201d spoczywa na rodzicu. Wynika to nie tylko z nieumiej\u0119tno\u015bci maluch\u00f3w do wydmuchiwania nosa (do 1 roku \u017cycia dziecko oddycha wy\u0142\u0105cznie przez nos!), ale ze wspomnianych trudno\u015bci z karmieniem.<\/p>\n<p>We\u017amy niemowl\u0119, kt\u00f3re pije mleko. Bez wzgl\u0119du na to czy ssie pier\u015b, czy butelk\u0119, to <strong>w trakcie karmienia oddycha tylko i wy\u0142\u0105cznie przez nos<\/strong>. Je\u015bli wi\u0119c nos jest przytkany, niemowl\u0119 nie mo\u017ce je\u015b\u0107, traci na wadze, mo\u017ce doj\u015b\u0107 do odwodnienia i konieczno\u015bci hospitalizacji. Dlatego tak wa\u017cne jest zdecydowane dzia\u0142anie ju\u017c przy pierwszych objawach infekcji.<\/p>\n<h2>Co robi\u0107, gdy niemowl\u0119 ma katar?<\/h2>\n<p><strong>Czyszczenie nosa i odpowiednie nawil\u017canie \u015bluz\u00f3wek to absolutna podstawa leczenia kataru.<\/strong> Pami\u0119taj, \u017ce takie post\u0119powanie nie tylko u\u0142atwia oddychanie, a stanowi bro\u0144 w walce z wirusami. Nieocenion\u0105 pomoc\u0105 s\u0105 specjalnie skonstruowane <a href=\"https:\/\/katarek.pl\/produkty\/\">aspiratory do nosa<\/a>. Pami\u0119tajmy jednak, \u017ce aspiratory ustne cz\u0119sto przenosz\u0105 infekcj\u0119 z dziecka na rodzica, dlatego nale\u017cy uwa\u017ca\u0107. Ich u\u017cyciu powinno towarzyszy\u0107 zakropienie nosa sol\u0105 fizjologiczn\u0105. U\u0142atwi to odci\u0105gni\u0119cie wydzieliny, a po ca\u0142ej procedurze nawil\u017cy \u015bluz\u00f3wk\u0119 jamy nosowej. Ca\u0142o\u015b\u0107 powtarzamy kilka razy dziennie. Wymaga to niekiedy du\u017cej dozy cierpliwo\u015bci. Tym bardziej, \u017ce takie odci\u0105ganie kataru wydaje si\u0119 by\u0107 \u201esyzyfow\u0105 prac\u0105\u201d. Z nosa leci przecie\u017c non-stop, dziecko nie \u015bmieje si\u0119 rado\u015bnie na widok kropelek i aspiratora. A rodzic pada z n\u00f3g od tego ca\u0142ego marudzenia swojej pociechy. Po ca\u0142ym dniu takich \u201em\u0119czarni higienicznych\u201d wida\u0107 jednak efekt w postaci lepiej przespanej nocy.<\/p>\n<p><strong>Nie unikaj spacer\u00f3w z dzieckiem w trakcie kataru<\/strong>. Je\u015bli maluch nie ma gor\u0105czki, a pogoda na to pozwala \u2013 spaceruj. Ch\u0142odniejsze powietrze u\u0142atwi mu oddychanie. Nie podkr\u0119caj za bardzo ogrzewania. Temperatura 20-21\u2032C jest wystarczaj\u0105ca, a do spania zaleca si\u0119 nawet ni\u017csz\u0105. Ponadto podawaj dziecku du\u017ce ilo\u015bci p\u0142yn\u00f3w do picia (woda, mleko). Rozrzedz\u0105 one wydzielin\u0119 z nosa i u\u0142atwi\u0105 jej usuwanie.<\/p>\n<p>Walcz z katarem zdecydowanie. Unikniesz dzi\u0119ki temu rozwoju infekcji i niepotrzebnych powik\u0142a\u0144.<\/p>\n<p>Autorka: Mama Pediatra<\/p>\n<p>Dagmara Chmurzy\u0144ska- Rutkowska<\/p>\n<p>www.mamapediatra.blog.pl<\/p>\n","protected":false},"excerpt":"\u201eNieleczony katar trwa 7 dni, a leczony tydzie\u0144\u201d &#8211; znane porzekad\u0142o w praktyce pediatry nie ma zbyt du\u017cego znaczenia. Nie powinno r\u00f3wnie\u017c by\u0107 wyznacznikiem post\u0119powania dla rodzic\u00f3w. Nie wa\u017cne jest jak szybko katar zniknie, wa\u017cniejsze aby znikn\u0105\u0142 i nie powoduj\u0105c dalszych konsekwencji, \u00a0nie mo\u017cna jednak pozostawa\u0107 biernym w leczeniu kataru.","author":7,"featured_media":2900,"comment_status":"open","ping_status":"open","sticky":false,"template":"","format":"standard","meta":{"_acf_changed":false,"inline_featured_image":false,"editor_plus_copied_stylings":"{}","footnotes":""},"categories":[28,41],"tags":[],"class_list":["post-742","post","type-post","status-publish","format-standard","has-post-thumbnail","hentry","category-dziecko","category-zdrowie-dziecko"],"yoast_head":"<!-- This site is optimized with the Yoast SEO plugin v27.4 - https:\/\/yoast.com\/product\/yoast-seo-wordpress\/ -->\n<title>Nieleczony katar a rozw\u00f3j infekcji u dziecka - katarek.pl<\/title>\n<meta name=\"description\" content=\"\u201eNieleczony katar trwa 7 dni, a leczony tydzie\u0144\u201d - znane porzekad\u0142o w praktyce pediatry nie ma zbyt du\u017cego znaczenia. Nie powinno r\u00f3wnie\u017c by\u0107 wyznacznikiem post\u0119powania dla rodzic\u00f3w. Jak radzi\u0107 sobie z katarem u dziecka?\" \/>\n<meta name=\"robots\" content=\"index, follow, max-snippet:-1, max-image-preview:large, max-video-preview:-1\" \/>\n<link rel=\"canonical\" href=\"https:\/\/katarek.pl\/nieleczony-katar-a-rozwoj-infekcji\/\" \/>\n<meta property=\"og:locale\" content=\"pl_PL\" \/>\n<meta property=\"og:type\" content=\"article\" \/>\n<meta property=\"og:title\" content=\"Nieleczony katar a rozw\u00f3j infekcji u dziecka - katarek.pl\" \/>\n<meta property=\"og:description\" content=\"\u201eNieleczony katar trwa 7 dni, a leczony tydzie\u0144\u201d - znane porzekad\u0142o w praktyce pediatry nie ma zbyt du\u017cego znaczenia. Nie powinno r\u00f3wnie\u017c by\u0107 wyznacznikiem post\u0119powania dla rodzic\u00f3w. Jak radzi\u0107 sobie z katarem u dziecka?\" \/>\n<meta property=\"og:url\" content=\"https:\/\/katarek.pl\/nieleczony-katar-a-rozwoj-infekcji\/\" \/>\n<meta property=\"og:site_name\" content=\"katarek.pl\" \/>\n<meta property=\"article:published_time\" content=\"2015-11-04T11:00:15+00:00\" \/>\n<meta property=\"og:image\" content=\"https:\/\/katarek.pl\/wp-content\/uploads\/2015\/11\/dziecko-katar.jpg\" \/>\n\t<meta property=\"og:image:width\" content=\"2356\" \/>\n\t<meta property=\"og:image:height\" content=\"1571\" \/>\n\t<meta property=\"og:image:type\" content=\"image\/jpeg\" \/>\n<meta name=\"author\" content=\"katarek\" \/>\n<meta name=\"twitter:card\" content=\"summary_large_image\" \/>\n<meta name=\"twitter:label1\" content=\"Napisane przez\" \/>\n\t<meta name=\"twitter:data1\" content=\"katarek\" \/>\n\t<meta name=\"twitter:label2\" content=\"Szacowany czas czytania\" \/>\n\t<meta name=\"twitter:data2\" content=\"3 minuty\" \/>\n<script type=\"application\/ld+json\" class=\"yoast-schema-graph\">{\"@context\":\"https:\\\/\\\/schema.org\",\"@graph\":[{\"@type\":\"Article\",\"@id\":\"https:\\\/\\\/katarek.pl\\\/nieleczony-katar-a-rozwoj-infekcji\\\/#article\",\"isPartOf\":{\"@id\":\"https:\\\/\\\/katarek.pl\\\/nieleczony-katar-a-rozwoj-infekcji\\\/\"},\"author\":{\"name\":\"katarek\",\"@id\":\"https:\\\/\\\/katarek.pl\\\/#\\\/schema\\\/person\\\/c7267555b2aaad4c6d15146a155bc430\"},\"headline\":\"Nieleczony katar a rozw\u00f3j infekcji u dziecka\",\"datePublished\":\"2015-11-04T11:00:15+00:00\",\"mainEntityOfPage\":{\"@id\":\"https:\\\/\\\/katarek.pl\\\/nieleczony-katar-a-rozwoj-infekcji\\\/\"},\"wordCount\":612,\"commentCount\":1,\"image\":{\"@id\":\"https:\\\/\\\/katarek.pl\\\/nieleczony-katar-a-rozwoj-infekcji\\\/#primaryimage\"},\"thumbnailUrl\":\"https:\\\/\\\/katarek.pl\\\/wp-content\\\/uploads\\\/2015\\\/11\\\/dziecko-katar.jpg\",\"articleSection\":[\"Dziecko\",\"Zdrowie\"],\"inLanguage\":\"pl-PL\"},{\"@type\":\"WebPage\",\"@id\":\"https:\\\/\\\/katarek.pl\\\/nieleczony-katar-a-rozwoj-infekcji\\\/\",\"url\":\"https:\\\/\\\/katarek.pl\\\/nieleczony-katar-a-rozwoj-infekcji\\\/\",\"name\":\"Nieleczony katar a rozw\u00f3j infekcji u dziecka - katarek.pl\",\"isPartOf\":{\"@id\":\"https:\\\/\\\/katarek.pl\\\/#website\"},\"primaryImageOfPage\":{\"@id\":\"https:\\\/\\\/katarek.pl\\\/nieleczony-katar-a-rozwoj-infekcji\\\/#primaryimage\"},\"image\":{\"@id\":\"https:\\\/\\\/katarek.pl\\\/nieleczony-katar-a-rozwoj-infekcji\\\/#primaryimage\"},\"thumbnailUrl\":\"https:\\\/\\\/katarek.pl\\\/wp-content\\\/uploads\\\/2015\\\/11\\\/dziecko-katar.jpg\",\"datePublished\":\"2015-11-04T11:00:15+00:00\",\"author\":{\"@id\":\"https:\\\/\\\/katarek.pl\\\/#\\\/schema\\\/person\\\/c7267555b2aaad4c6d15146a155bc430\"},\"description\":\"\u201eNieleczony katar trwa 7 dni, a leczony tydzie\u0144\u201d - znane porzekad\u0142o w praktyce pediatry nie ma zbyt du\u017cego znaczenia. Nie powinno r\u00f3wnie\u017c by\u0107 wyznacznikiem post\u0119powania dla rodzic\u00f3w. Jak radzi\u0107 sobie z katarem u dziecka?\",\"breadcrumb\":{\"@id\":\"https:\\\/\\\/katarek.pl\\\/nieleczony-katar-a-rozwoj-infekcji\\\/#breadcrumb\"},\"inLanguage\":\"pl-PL\",\"potentialAction\":[{\"@type\":\"ReadAction\",\"target\":[\"https:\\\/\\\/katarek.pl\\\/nieleczony-katar-a-rozwoj-infekcji\\\/\"]}]},{\"@type\":\"ImageObject\",\"inLanguage\":\"pl-PL\",\"@id\":\"https:\\\/\\\/katarek.pl\\\/nieleczony-katar-a-rozwoj-infekcji\\\/#primaryimage\",\"url\":\"https:\\\/\\\/katarek.pl\\\/wp-content\\\/uploads\\\/2015\\\/11\\\/dziecko-katar.jpg\",\"contentUrl\":\"https:\\\/\\\/katarek.pl\\\/wp-content\\\/uploads\\\/2015\\\/11\\\/dziecko-katar.jpg\",\"width\":2356,\"height\":1571,\"caption\":\"\u017c\u00f3\u0142ty katar u dziecka\"},{\"@type\":\"BreadcrumbList\",\"@id\":\"https:\\\/\\\/katarek.pl\\\/nieleczony-katar-a-rozwoj-infekcji\\\/#breadcrumb\",\"itemListElement\":[{\"@type\":\"ListItem\",\"position\":1,\"name\":\"Home\",\"item\":\"https:\\\/\\\/katarek.pl\\\/\"},{\"@type\":\"ListItem\",\"position\":2,\"name\":\"Blog\",\"item\":\"https:\\\/\\\/katarek.pl\\\/blog\\\/\"},{\"@type\":\"ListItem\",\"position\":3,\"name\":\"Nieleczony katar a rozw\u00f3j infekcji u dziecka\"}]},{\"@type\":\"WebSite\",\"@id\":\"https:\\\/\\\/katarek.pl\\\/#website\",\"url\":\"https:\\\/\\\/katarek.pl\\\/\",\"name\":\"katarek.pl\",\"description\":\"\",\"potentialAction\":[{\"@type\":\"SearchAction\",\"target\":{\"@type\":\"EntryPoint\",\"urlTemplate\":\"https:\\\/\\\/katarek.pl\\\/?s={search_term_string}\"},\"query-input\":{\"@type\":\"PropertyValueSpecification\",\"valueRequired\":true,\"valueName\":\"search_term_string\"}}],\"inLanguage\":\"pl-PL\"},{\"@type\":\"Person\",\"@id\":\"https:\\\/\\\/katarek.pl\\\/#\\\/schema\\\/person\\\/c7267555b2aaad4c6d15146a155bc430\",\"name\":\"katarek\",\"url\":\"https:\\\/\\\/katarek.pl\\\/author\\\/katarek\\\/\"}]}<\/script>\n<!-- \/ Yoast SEO plugin. -->","yoast_head_json":{"title":"Nieleczony katar a rozw\u00f3j infekcji u dziecka - katarek.pl","description":"\u201eNieleczony katar trwa 7 dni, a leczony tydzie\u0144\u201d - znane porzekad\u0142o w praktyce pediatry nie ma zbyt du\u017cego znaczenia. Nie powinno r\u00f3wnie\u017c by\u0107 wyznacznikiem post\u0119powania dla rodzic\u00f3w. Jak radzi\u0107 sobie z katarem u dziecka?","robots":{"index":"index","follow":"follow","max-snippet":"max-snippet:-1","max-image-preview":"max-image-preview:large","max-video-preview":"max-video-preview:-1"},"canonical":"https:\/\/katarek.pl\/nieleczony-katar-a-rozwoj-infekcji\/","og_locale":"pl_PL","og_type":"article","og_title":"Nieleczony katar a rozw\u00f3j infekcji u dziecka - katarek.pl","og_description":"\u201eNieleczony katar trwa 7 dni, a leczony tydzie\u0144\u201d - znane porzekad\u0142o w praktyce pediatry nie ma zbyt du\u017cego znaczenia. Nie powinno r\u00f3wnie\u017c by\u0107 wyznacznikiem post\u0119powania dla rodzic\u00f3w. Jak radzi\u0107 sobie z katarem u dziecka?","og_url":"https:\/\/katarek.pl\/nieleczony-katar-a-rozwoj-infekcji\/","og_site_name":"katarek.pl","article_published_time":"2015-11-04T11:00:15+00:00","og_image":[{"width":2356,"height":1571,"url":"https:\/\/katarek.pl\/wp-content\/uploads\/2015\/11\/dziecko-katar.jpg","type":"image\/jpeg"}],"author":"katarek","twitter_card":"summary_large_image","twitter_misc":{"Napisane przez":"katarek","Szacowany czas czytania":"3 minuty"},"schema":{"@context":"https:\/\/schema.org","@graph":[{"@type":"Article","@id":"https:\/\/katarek.pl\/nieleczony-katar-a-rozwoj-infekcji\/#article","isPartOf":{"@id":"https:\/\/katarek.pl\/nieleczony-katar-a-rozwoj-infekcji\/"},"author":{"name":"katarek","@id":"https:\/\/katarek.pl\/#\/schema\/person\/c7267555b2aaad4c6d15146a155bc430"},"headline":"Nieleczony katar a rozw\u00f3j infekcji u dziecka","datePublished":"2015-11-04T11:00:15+00:00","mainEntityOfPage":{"@id":"https:\/\/katarek.pl\/nieleczony-katar-a-rozwoj-infekcji\/"},"wordCount":612,"commentCount":1,"image":{"@id":"https:\/\/katarek.pl\/nieleczony-katar-a-rozwoj-infekcji\/#primaryimage"},"thumbnailUrl":"https:\/\/katarek.pl\/wp-content\/uploads\/2015\/11\/dziecko-katar.jpg","articleSection":["Dziecko","Zdrowie"],"inLanguage":"pl-PL"},{"@type":"WebPage","@id":"https:\/\/katarek.pl\/nieleczony-katar-a-rozwoj-infekcji\/","url":"https:\/\/katarek.pl\/nieleczony-katar-a-rozwoj-infekcji\/","name":"Nieleczony katar a rozw\u00f3j infekcji u dziecka - katarek.pl","isPartOf":{"@id":"https:\/\/katarek.pl\/#website"},"primaryImageOfPage":{"@id":"https:\/\/katarek.pl\/nieleczony-katar-a-rozwoj-infekcji\/#primaryimage"},"image":{"@id":"https:\/\/katarek.pl\/nieleczony-katar-a-rozwoj-infekcji\/#primaryimage"},"thumbnailUrl":"https:\/\/katarek.pl\/wp-content\/uploads\/2015\/11\/dziecko-katar.jpg","datePublished":"2015-11-04T11:00:15+00:00","author":{"@id":"https:\/\/katarek.pl\/#\/schema\/person\/c7267555b2aaad4c6d15146a155bc430"},"description":"\u201eNieleczony katar trwa 7 dni, a leczony tydzie\u0144\u201d - znane porzekad\u0142o w praktyce pediatry nie ma zbyt du\u017cego znaczenia. Nie powinno r\u00f3wnie\u017c by\u0107 wyznacznikiem post\u0119powania dla rodzic\u00f3w. Jak radzi\u0107 sobie z katarem u dziecka?","breadcrumb":{"@id":"https:\/\/katarek.pl\/nieleczony-katar-a-rozwoj-infekcji\/#breadcrumb"},"inLanguage":"pl-PL","potentialAction":[{"@type":"ReadAction","target":["https:\/\/katarek.pl\/nieleczony-katar-a-rozwoj-infekcji\/"]}]},{"@type":"ImageObject","inLanguage":"pl-PL","@id":"https:\/\/katarek.pl\/nieleczony-katar-a-rozwoj-infekcji\/#primaryimage","url":"https:\/\/katarek.pl\/wp-content\/uploads\/2015\/11\/dziecko-katar.jpg","contentUrl":"https:\/\/katarek.pl\/wp-content\/uploads\/2015\/11\/dziecko-katar.jpg","width":2356,"height":1571,"caption":"\u017c\u00f3\u0142ty katar u dziecka"},{"@type":"BreadcrumbList","@id":"https:\/\/katarek.pl\/nieleczony-katar-a-rozwoj-infekcji\/#breadcrumb","itemListElement":[{"@type":"ListItem","position":1,"name":"Home","item":"https:\/\/katarek.pl\/"},{"@type":"ListItem","position":2,"name":"Blog","item":"https:\/\/katarek.pl\/blog\/"},{"@type":"ListItem","position":3,"name":"Nieleczony katar a rozw\u00f3j infekcji u dziecka"}]},{"@type":"WebSite","@id":"https:\/\/katarek.pl\/#website","url":"https:\/\/katarek.pl\/","name":"katarek.pl","description":"","potentialAction":[{"@type":"SearchAction","target":{"@type":"EntryPoint","urlTemplate":"https:\/\/katarek.pl\/?s={search_term_string}"},"query-input":{"@type":"PropertyValueSpecification","valueRequired":true,"valueName":"search_term_string"}}],"inLanguage":"pl-PL"},{"@type":"Person","@id":"https:\/\/katarek.pl\/#\/schema\/person\/c7267555b2aaad4c6d15146a155bc430","name":"katarek","url":"https:\/\/katarek.pl\/author\/katarek\/"}]}},"acf":[],"gutenberg_blocks":[{"blockName":"custom-styles","attrs":{"styles":""}}],"meta_data":false,"featured_image":{"url":"https:\/\/katarek.pl\/wp-content\/uploads\/2015\/11\/dziecko-katar-1024x683.jpg"},"main_category":{"name":"Dziecko"},"prev_page":{"slug":"przeziebienie-w-ciazy-2"},"next_page":{"slug":"gdy-mezczyzna-jest-zazdrosny-o-dziecko"},"_links":{"self":[{"href":"https:\/\/katarek.pl\/index.php\/wp-json\/wp\/v2\/posts\/742","targetHints":{"allow":["GET"]}}],"collection":[{"href":"https:\/\/katarek.pl\/index.php\/wp-json\/wp\/v2\/posts"}],"about":[{"href":"https:\/\/katarek.pl\/index.php\/wp-json\/wp\/v2\/types\/post"}],"author":[{"embeddable":true,"href":"https:\/\/katarek.pl\/index.php\/wp-json\/wp\/v2\/users\/7"}],"replies":[{"embeddable":true,"href":"https:\/\/katarek.pl\/index.php\/wp-json\/wp\/v2\/comments?post=742"}],"version-history":[{"count":0,"href":"https:\/\/katarek.pl\/index.php\/wp-json\/wp\/v2\/posts\/742\/revisions"}],"wp:featuredmedia":[{"embeddable":true,"href":"https:\/\/katarek.pl\/index.php\/wp-json\/wp\/v2\/media\/2900"}],"wp:attachment":[{"href":"https:\/\/katarek.pl\/index.php\/wp-json\/wp\/v2\/media?parent=742"}],"wp:term":[{"taxonomy":"category","embeddable":true,"href":"https:\/\/katarek.pl\/index.php\/wp-json\/wp\/v2\/categories?post=742"},{"taxonomy":"post_tag","embeddable":true,"href":"https:\/\/katarek.pl\/index.php\/wp-json\/wp\/v2\/tags?post=742"}],"curies":[{"name":"wp","href":"https:\/\/api.w.org\/{rel}","templated":true}]}}