{"id":6102,"date":"2026-04-24T16:49:46","date_gmt":"2026-04-24T14:49:46","guid":{"rendered":"https:\/\/katarek.pl\/?p=6102"},"modified":"2026-04-24T16:49:48","modified_gmt":"2026-04-24T14:49:48","slug":"kolor-kataru-u-dziecka-co-oznacza-i-kiedy-naprawde-trzeba-sie-martwic","status":"publish","type":"post","link":"https:\/\/katarek.pl\/kolor-kataru-u-dziecka-co-oznacza-i-kiedy-naprawde-trzeba-sie-martwic\/","title":{"rendered":"Kolor kataru u dziecka \u2013 co oznacza i kiedy naprawd\u0119 trzeba si\u0119 martwi\u0107?"},"content":{"rendered":"\n<p class=\" eplus-wrapper\">Katar to jeden z najcz\u0119stszych objaw\u00f3w infekcji u dzieci. Cho\u0107 zwykle kojarzy si\u0119 z przezi\u0119bieniem, jego <strong>kolor i konsystencja mog\u0105 dostarczy\u0107 dodatkowych informacji o tym, na jakim etapie jest infekcja<\/strong>. Warto jednak pami\u0119ta\u0107, \u017ce sam kolor kataru <strong>nie jest diagnoz\u0105<\/strong> i nigdy nie powinien by\u0107 jedynym kryterium oceny stanu zdrowia dziecka.<\/p>\n\n\n\n<h3 class=\" wp-block-heading eplus-wrapper\">Sk\u0105d bior\u0105 si\u0119 r\u00f3\u017cne kolory kataru?<\/h3>\n\n\n\n<p class=\" eplus-wrapper\">Wydzielina z nosa to naturalny mechanizm obronny organizmu. Pomaga usuwa\u0107 wirusy, bakterie, alergeny i zanieczyszczenia. W trakcie infekcji zmienia si\u0119 jej sk\u0142ad \u2013 pojawiaj\u0105 si\u0119 kom\u00f3rki uk\u0142adu odporno\u015bciowego, a to w\u0142a\u015bnie one odpowiadaj\u0105 za zmian\u0119 barwy \u015bluzu.<\/p>\n\n\n\n<h3 class=\" wp-block-heading eplus-wrapper\">Co oznaczaj\u0105 poszczeg\u00f3lne kolory?<\/h3>\n\n\n<ul class=\" wp-block-list eplus-wrapper eplus-styles-uid-323c3b\">\n<li class=\" eplus-wrapper\"><strong>Przezroczysty, wodnisty katar<\/strong> \u2013 cz\u0119sto wyst\u0119puje na pocz\u0105tku infekcji wirusowej, przy alergii lub podra\u017cnieniu \u015bluz\u00f3wki (np. suche powietrze).<\/li>\n\n\n\n<li class=\" eplus-wrapper\"><strong>Bia\u0142y, g\u0119sty katar<\/strong> \u2013 \u015bwiadczy o trwaj\u0105cym stanie zapalnym i spowolnionym odp\u0142ywie wydzieliny.<\/li>\n\n\n\n<li class=\" eplus-wrapper\"><strong>\u017b\u00f3\u0142ty lub zielony katar<\/strong> \u2013 to cz\u0119sty pow\u00f3d niepokoju rodzic\u00f3w, jednak <strong>nie oznacza automatycznie infekcji bakteryjnej ani konieczno\u015bci stosowania antybiotyku<\/strong>. Taka barwa jest efektem intensywnej pracy uk\u0142adu odporno\u015bciowego \u2013 obecno\u015bci obumar\u0142ych kom\u00f3rek odporno\u015bciowych (neutrofili), kt\u00f3re aktywnie zwalcza\u0142y patogeny. Mo\u017ce pojawi\u0107 si\u0119 zar\u00f3wno w przebiegu infekcji wirusowej, jak i w fazie zdrowienia.<\/li>\n\n\n\n<li class=\" eplus-wrapper\"><strong>Katar z domieszk\u0105 krwi<\/strong> \u2013 zwykle wynika z przesuszenia i podra\u017cnienia \u015bluz\u00f3wki, szczeg\u00f3lnie przy cz\u0119stym oczyszczaniu nosa.<\/li>\n<\/ul>\n\n\n<h3 class=\" wp-block-heading eplus-wrapper\">Szczeg\u00f3lnie wa\u017cne u niemowl\u0105t (0\u201312 miesi\u0119cy)<\/h3>\n\n\n\n<p class=\" eplus-wrapper\">Niemowl\u0119ta oddychaj\u0105 g\u0142\u00f3wnie przez nos i <strong>nie potrafi\u0105 samodzielnie usun\u0105\u0107 wydzieliny<\/strong>. Nawet niewielki katar mo\u017ce u nich:<\/p>\n\n\n<ul class=\" wp-block-list eplus-wrapper eplus-styles-uid-da68fd\">\n<li class=\" eplus-wrapper\">utrudnia\u0107 oddychanie,<\/li>\n\n\n\n<li class=\" eplus-wrapper\">powodowa\u0107 problemy z karmieniem,<\/li>\n\n\n\n<li class=\" eplus-wrapper\">zaburza\u0107 sen i zwi\u0119ksza\u0107 rozdra\u017cnienie.<\/li>\n<\/ul>\n\n\n<p class=\" eplus-wrapper\">U najm\u0142odszych dzieci <strong>wi\u0119ksze znaczenie ni\u017c kolor kataru ma jego ilo\u015b\u0107 oraz to, czy utrudnia oddychanie<\/strong>. Dlatego tak wa\u017cne jest regularne i delikatne oczyszczanie nosa \u2013 niezale\u017cnie od tego, czy wydzielina jest przezroczysta, bia\u0142a czy zielona.<\/p>\n\n\n\n<h3 class=\" wp-block-heading eplus-wrapper\">O czym warto pami\u0119ta\u0107?<\/h3>\n\n\n\n<p class=\" eplus-wrapper\">Kolor kataru to jedynie wskaz\u00f3wka. Zawsze nale\u017cy patrze\u0107 na dziecko ca\u0142o\u015bciowo: jego samopoczucie, czas trwania objaw\u00f3w, obecno\u015b\u0107 gor\u0105czki czy kaszlu. Regularna higiena nosa realnie poprawia komfort oddychania i mo\u017ce zmniejszy\u0107 ryzyko powik\u0142a\u0144, zw\u0142aszcza u niemowl\u0105t. W razie w\u0105tpliwo\u015bci zawsze skonsultuj si\u0119 z lekarzem.<\/p>\n\n\n\n<h2 class=\" wp-block-heading eplus-wrapper\">FAQ \u2013 najcz\u0119\u015bciej zadawane pytania o kolor kataru<\/h2>\n\n\n\n<h3 class=\" wp-block-heading eplus-wrapper\">Czy zielony katar zawsze oznacza infekcj\u0119 bakteryjn\u0105?<\/h3>\n\n\n\n<p class=\" eplus-wrapper\">Nie. To jeden z najcz\u0119stszych mit\u00f3w. Zielony kolor wynika najcz\u0119\u015bciej z obecno\u015bci kom\u00f3rek uk\u0142adu odporno\u015bciowego i mo\u017ce wyst\u0119powa\u0107 r\u00f3wnie\u017c w infekcji wirusowej lub w fazie zdrowienia.<\/p>\n\n\n\n<h3 class=\" wp-block-heading eplus-wrapper\">Czy przy \u017c\u00f3\u0142tym lub zielonym katarze potrzebny jest antybiotyk?<\/h3>\n\n\n\n<p class=\" eplus-wrapper\">Nie na podstawie samego koloru. O decyzji o leczeniu <strong>zawsze decyduje lekarz<\/strong>, bior\u0105c pod uwag\u0119 czas trwania objaw\u00f3w i og\u00f3lny stan dziecka.<\/p>\n\n\n\n<h3 class=\" wp-block-heading eplus-wrapper\">Jaki kolor kataru jest typowy dla alergii?<\/h3>\n\n\n\n<p class=\" eplus-wrapper\">Najcz\u0119\u015bciej <strong>przezroczysty, wodnisty i obfity<\/strong>, cz\u0119sto z kichaniem i \u0142zawieniem oczu.<\/p>\n\n\n\n<h3 class=\" wp-block-heading eplus-wrapper\">Co oznacza katar z krwi\u0105 u dziecka?<\/h3>\n\n\n\n<p class=\" eplus-wrapper\">Zwykle jest wynikiem przesuszonej lub podra\u017cnionej \u015bluz\u00f3wki. Je\u015bli krew pojawia si\u0119 cz\u0119sto lub w du\u017cej ilo\u015bci \u2013 nale\u017cy skonsultowa\u0107 si\u0119 z lekarzem.<\/p>\n\n\n\n<h3 class=\" wp-block-heading eplus-wrapper\">Jak d\u0142ugo katar u dziecka jest \u201enormalny\u201d?<\/h3>\n\n\n\n<p class=\" eplus-wrapper\">Typowy katar infekcyjny trwa <strong>oko\u0142o 7\u201310 dni<\/strong>. Je\u015bli objawy si\u0119 nasilaj\u0105 lub utrzymuj\u0105 d\u0142u\u017cej, warto skonsultowa\u0107 si\u0119 ze specjalist\u0105.<\/p>\n\n\n\n<h3 class=\" wp-block-heading eplus-wrapper\">Czy u niemowl\u0105t trzeba usuwa\u0107 katar nawet, je\u015bli jest przezroczysty?<\/h3>\n\n\n\n<p class=\" eplus-wrapper\">Tak. U niemowl\u0105t <strong>ka\u017cdy katar mo\u017ce utrudnia\u0107 oddychanie<\/strong>, dlatego regularne usuwanie wydzieliny jest kluczowe \u2013 niezale\u017cnie od jej koloru.<\/p>\n","protected":false},"excerpt":"Katar to jeden z najcz\u0119stszych objaw\u00f3w infekcji u dzieci. Cho\u0107 zwykle kojarzy si\u0119 z przezi\u0119bieniem, jego kolor i konsystencja mog\u0105 dostarczy\u0107 dodatkowych informacji o tym, na jakim etapie jest infekcja. Warto jednak pami\u0119ta\u0107, \u017ce sam kolor kataru nie jest diagnoz\u0105 i nigdy nie powinien by\u0107 jedynym kryterium oceny stanu zdrowia dziecka. Sk\u0105d bior\u0105 si\u0119 r\u00f3\u017cne [&hellip;]","author":9,"featured_media":6105,"comment_status":"closed","ping_status":"open","sticky":false,"template":"","format":"standard","meta":{"_acf_changed":false,"inline_featured_image":false,"editor_plus_copied_stylings":"{}","footnotes":""},"categories":[32,1,41],"tags":[53,57,60,62,65,66,67,71],"class_list":["post-6102","post","type-post","status-publish","format-standard","has-post-thumbnail","hentry","category-aspiracja","category-bez-kategorii","category-zdrowie-dziecko","tag-aspirator","tag-katar","tag-katarek","tag-niemowle","tag-noworodek","tag-oczyszczanie","tag-pielegnacja","tag-zdrowie"],"yoast_head":"<!-- This site is optimized with the Yoast SEO plugin v27.4 - https:\/\/yoast.com\/product\/yoast-seo-wordpress\/ -->\n<title>Kolor kataru u dziecka \u2013 co oznacza i kiedy naprawd\u0119 trzeba si\u0119 martwi\u0107? - katarek.pl<\/title>\n<meta name=\"robots\" content=\"index, follow, max-snippet:-1, max-image-preview:large, max-video-preview:-1\" \/>\n<link rel=\"canonical\" href=\"https:\/\/katarek.pl\/kolor-kataru-u-dziecka-co-oznacza-i-kiedy-naprawde-trzeba-sie-martwic\/\" \/>\n<meta property=\"og:locale\" content=\"pl_PL\" \/>\n<meta property=\"og:type\" content=\"article\" \/>\n<meta property=\"og:title\" content=\"Kolor kataru u dziecka \u2013 co oznacza i kiedy naprawd\u0119 trzeba si\u0119 martwi\u0107? - katarek.pl\" \/>\n<meta property=\"og:description\" content=\"Katar to jeden z najcz\u0119stszych objaw\u00f3w infekcji u dzieci. Cho\u0107 zwykle kojarzy si\u0119 z przezi\u0119bieniem, jego kolor i konsystencja mog\u0105 dostarczy\u0107 dodatkowych informacji o tym, na jakim etapie jest infekcja. Warto jednak pami\u0119ta\u0107, \u017ce sam kolor kataru nie jest diagnoz\u0105 i nigdy nie powinien by\u0107 jedynym kryterium oceny stanu zdrowia dziecka. Sk\u0105d bior\u0105 si\u0119 r\u00f3\u017cne [&hellip;]\" \/>\n<meta property=\"og:url\" content=\"https:\/\/katarek.pl\/kolor-kataru-u-dziecka-co-oznacza-i-kiedy-naprawde-trzeba-sie-martwic\/\" \/>\n<meta property=\"og:site_name\" content=\"katarek.pl\" \/>\n<meta property=\"article:published_time\" content=\"2026-04-24T14:49:46+00:00\" \/>\n<meta property=\"article:modified_time\" content=\"2026-04-24T14:49:48+00:00\" \/>\n<meta property=\"og:image\" content=\"https:\/\/katarek.pl\/wp-content\/uploads\/2026\/04\/Projektbeznazwy72.webp\" \/>\n\t<meta property=\"og:image:width\" content=\"1600\" \/>\n\t<meta property=\"og:image:height\" content=\"1200\" \/>\n\t<meta property=\"og:image:type\" content=\"image\/webp\" \/>\n<meta name=\"author\" content=\"Katarek\" \/>\n<meta name=\"twitter:card\" content=\"summary_large_image\" \/>\n<meta name=\"twitter:label1\" content=\"Napisane przez\" \/>\n\t<meta name=\"twitter:data1\" content=\"Katarek\" \/>\n\t<meta name=\"twitter:label2\" content=\"Szacowany czas czytania\" \/>\n\t<meta name=\"twitter:data2\" content=\"4 minuty\" \/>\n<script type=\"application\/ld+json\" class=\"yoast-schema-graph\">{\"@context\":\"https:\\\/\\\/schema.org\",\"@graph\":[{\"@type\":\"Article\",\"@id\":\"https:\\\/\\\/katarek.pl\\\/kolor-kataru-u-dziecka-co-oznacza-i-kiedy-naprawde-trzeba-sie-martwic\\\/#article\",\"isPartOf\":{\"@id\":\"https:\\\/\\\/katarek.pl\\\/kolor-kataru-u-dziecka-co-oznacza-i-kiedy-naprawde-trzeba-sie-martwic\\\/\"},\"author\":{\"name\":\"Katarek\",\"@id\":\"https:\\\/\\\/katarek.pl\\\/#\\\/schema\\\/person\\\/221b283ff04cb47298d8ae0b2cc64485\"},\"headline\":\"Kolor kataru u dziecka \u2013 co oznacza i kiedy naprawd\u0119 trzeba si\u0119 martwi\u0107?\",\"datePublished\":\"2026-04-24T14:49:46+00:00\",\"dateModified\":\"2026-04-24T14:49:48+00:00\",\"mainEntityOfPage\":{\"@id\":\"https:\\\/\\\/katarek.pl\\\/kolor-kataru-u-dziecka-co-oznacza-i-kiedy-naprawde-trzeba-sie-martwic\\\/\"},\"wordCount\":589,\"image\":{\"@id\":\"https:\\\/\\\/katarek.pl\\\/kolor-kataru-u-dziecka-co-oznacza-i-kiedy-naprawde-trzeba-sie-martwic\\\/#primaryimage\"},\"thumbnailUrl\":\"https:\\\/\\\/katarek.pl\\\/wp-content\\\/uploads\\\/2026\\\/04\\\/Projektbeznazwy72.webp\",\"keywords\":[\"aspirator\",\"katar\",\"katarek\",\"niemowl\u0119\",\"noworodek\",\"oczyszczanie\",\"piel\u0119gnacja\",\"zdrowie\"],\"articleSection\":{\"0\":\"Aspiracja\",\"2\":\"Zdrowie\"},\"inLanguage\":\"pl-PL\"},{\"@type\":\"WebPage\",\"@id\":\"https:\\\/\\\/katarek.pl\\\/kolor-kataru-u-dziecka-co-oznacza-i-kiedy-naprawde-trzeba-sie-martwic\\\/\",\"url\":\"https:\\\/\\\/katarek.pl\\\/kolor-kataru-u-dziecka-co-oznacza-i-kiedy-naprawde-trzeba-sie-martwic\\\/\",\"name\":\"Kolor kataru u dziecka \u2013 co oznacza i kiedy naprawd\u0119 trzeba si\u0119 martwi\u0107? - katarek.pl\",\"isPartOf\":{\"@id\":\"https:\\\/\\\/katarek.pl\\\/#website\"},\"primaryImageOfPage\":{\"@id\":\"https:\\\/\\\/katarek.pl\\\/kolor-kataru-u-dziecka-co-oznacza-i-kiedy-naprawde-trzeba-sie-martwic\\\/#primaryimage\"},\"image\":{\"@id\":\"https:\\\/\\\/katarek.pl\\\/kolor-kataru-u-dziecka-co-oznacza-i-kiedy-naprawde-trzeba-sie-martwic\\\/#primaryimage\"},\"thumbnailUrl\":\"https:\\\/\\\/katarek.pl\\\/wp-content\\\/uploads\\\/2026\\\/04\\\/Projektbeznazwy72.webp\",\"datePublished\":\"2026-04-24T14:49:46+00:00\",\"dateModified\":\"2026-04-24T14:49:48+00:00\",\"author\":{\"@id\":\"https:\\\/\\\/katarek.pl\\\/#\\\/schema\\\/person\\\/221b283ff04cb47298d8ae0b2cc64485\"},\"breadcrumb\":{\"@id\":\"https:\\\/\\\/katarek.pl\\\/kolor-kataru-u-dziecka-co-oznacza-i-kiedy-naprawde-trzeba-sie-martwic\\\/#breadcrumb\"},\"inLanguage\":\"pl-PL\",\"potentialAction\":[{\"@type\":\"ReadAction\",\"target\":[\"https:\\\/\\\/katarek.pl\\\/kolor-kataru-u-dziecka-co-oznacza-i-kiedy-naprawde-trzeba-sie-martwic\\\/\"]}]},{\"@type\":\"ImageObject\",\"inLanguage\":\"pl-PL\",\"@id\":\"https:\\\/\\\/katarek.pl\\\/kolor-kataru-u-dziecka-co-oznacza-i-kiedy-naprawde-trzeba-sie-martwic\\\/#primaryimage\",\"url\":\"https:\\\/\\\/katarek.pl\\\/wp-content\\\/uploads\\\/2026\\\/04\\\/Projektbeznazwy72.webp\",\"contentUrl\":\"https:\\\/\\\/katarek.pl\\\/wp-content\\\/uploads\\\/2026\\\/04\\\/Projektbeznazwy72.webp\",\"width\":1600,\"height\":1200,\"caption\":\"katar u niemowlaka\"},{\"@type\":\"BreadcrumbList\",\"@id\":\"https:\\\/\\\/katarek.pl\\\/kolor-kataru-u-dziecka-co-oznacza-i-kiedy-naprawde-trzeba-sie-martwic\\\/#breadcrumb\",\"itemListElement\":[{\"@type\":\"ListItem\",\"position\":1,\"name\":\"Home\",\"item\":\"https:\\\/\\\/katarek.pl\\\/\"},{\"@type\":\"ListItem\",\"position\":2,\"name\":\"Blog\",\"item\":\"https:\\\/\\\/katarek.pl\\\/blog\\\/\"},{\"@type\":\"ListItem\",\"position\":3,\"name\":\"Kolor kataru u dziecka \u2013 co oznacza i kiedy naprawd\u0119 trzeba si\u0119 martwi\u0107?\"}]},{\"@type\":\"WebSite\",\"@id\":\"https:\\\/\\\/katarek.pl\\\/#website\",\"url\":\"https:\\\/\\\/katarek.pl\\\/\",\"name\":\"katarek.pl\",\"description\":\"\",\"potentialAction\":[{\"@type\":\"SearchAction\",\"target\":{\"@type\":\"EntryPoint\",\"urlTemplate\":\"https:\\\/\\\/katarek.pl\\\/?s={search_term_string}\"},\"query-input\":{\"@type\":\"PropertyValueSpecification\",\"valueRequired\":true,\"valueName\":\"search_term_string\"}}],\"inLanguage\":\"pl-PL\"},{\"@type\":\"Person\",\"@id\":\"https:\\\/\\\/katarek.pl\\\/#\\\/schema\\\/person\\\/221b283ff04cb47298d8ae0b2cc64485\",\"name\":\"Katarek\",\"url\":\"https:\\\/\\\/katarek.pl\\\/author\\\/sklepduna-biz-pl\\\/\"}]}<\/script>\n<!-- \/ Yoast SEO plugin. -->","yoast_head_json":{"title":"Kolor kataru u dziecka \u2013 co oznacza i kiedy naprawd\u0119 trzeba si\u0119 martwi\u0107? - katarek.pl","robots":{"index":"index","follow":"follow","max-snippet":"max-snippet:-1","max-image-preview":"max-image-preview:large","max-video-preview":"max-video-preview:-1"},"canonical":"https:\/\/katarek.pl\/kolor-kataru-u-dziecka-co-oznacza-i-kiedy-naprawde-trzeba-sie-martwic\/","og_locale":"pl_PL","og_type":"article","og_title":"Kolor kataru u dziecka \u2013 co oznacza i kiedy naprawd\u0119 trzeba si\u0119 martwi\u0107? - katarek.pl","og_description":"Katar to jeden z najcz\u0119stszych objaw\u00f3w infekcji u dzieci. Cho\u0107 zwykle kojarzy si\u0119 z przezi\u0119bieniem, jego kolor i konsystencja mog\u0105 dostarczy\u0107 dodatkowych informacji o tym, na jakim etapie jest infekcja. Warto jednak pami\u0119ta\u0107, \u017ce sam kolor kataru nie jest diagnoz\u0105 i nigdy nie powinien by\u0107 jedynym kryterium oceny stanu zdrowia dziecka. Sk\u0105d bior\u0105 si\u0119 r\u00f3\u017cne [&hellip;]","og_url":"https:\/\/katarek.pl\/kolor-kataru-u-dziecka-co-oznacza-i-kiedy-naprawde-trzeba-sie-martwic\/","og_site_name":"katarek.pl","article_published_time":"2026-04-24T14:49:46+00:00","article_modified_time":"2026-04-24T14:49:48+00:00","og_image":[{"width":1600,"height":1200,"url":"https:\/\/katarek.pl\/wp-content\/uploads\/2026\/04\/Projektbeznazwy72.webp","type":"image\/webp"}],"author":"Katarek","twitter_card":"summary_large_image","twitter_misc":{"Napisane przez":"Katarek","Szacowany czas czytania":"4 minuty"},"schema":{"@context":"https:\/\/schema.org","@graph":[{"@type":"Article","@id":"https:\/\/katarek.pl\/kolor-kataru-u-dziecka-co-oznacza-i-kiedy-naprawde-trzeba-sie-martwic\/#article","isPartOf":{"@id":"https:\/\/katarek.pl\/kolor-kataru-u-dziecka-co-oznacza-i-kiedy-naprawde-trzeba-sie-martwic\/"},"author":{"name":"Katarek","@id":"https:\/\/katarek.pl\/#\/schema\/person\/221b283ff04cb47298d8ae0b2cc64485"},"headline":"Kolor kataru u dziecka \u2013 co oznacza i kiedy naprawd\u0119 trzeba si\u0119 martwi\u0107?","datePublished":"2026-04-24T14:49:46+00:00","dateModified":"2026-04-24T14:49:48+00:00","mainEntityOfPage":{"@id":"https:\/\/katarek.pl\/kolor-kataru-u-dziecka-co-oznacza-i-kiedy-naprawde-trzeba-sie-martwic\/"},"wordCount":589,"image":{"@id":"https:\/\/katarek.pl\/kolor-kataru-u-dziecka-co-oznacza-i-kiedy-naprawde-trzeba-sie-martwic\/#primaryimage"},"thumbnailUrl":"https:\/\/katarek.pl\/wp-content\/uploads\/2026\/04\/Projektbeznazwy72.webp","keywords":["aspirator","katar","katarek","niemowl\u0119","noworodek","oczyszczanie","piel\u0119gnacja","zdrowie"],"articleSection":{"0":"Aspiracja","2":"Zdrowie"},"inLanguage":"pl-PL"},{"@type":"WebPage","@id":"https:\/\/katarek.pl\/kolor-kataru-u-dziecka-co-oznacza-i-kiedy-naprawde-trzeba-sie-martwic\/","url":"https:\/\/katarek.pl\/kolor-kataru-u-dziecka-co-oznacza-i-kiedy-naprawde-trzeba-sie-martwic\/","name":"Kolor kataru u dziecka \u2013 co oznacza i kiedy naprawd\u0119 trzeba si\u0119 martwi\u0107? - katarek.pl","isPartOf":{"@id":"https:\/\/katarek.pl\/#website"},"primaryImageOfPage":{"@id":"https:\/\/katarek.pl\/kolor-kataru-u-dziecka-co-oznacza-i-kiedy-naprawde-trzeba-sie-martwic\/#primaryimage"},"image":{"@id":"https:\/\/katarek.pl\/kolor-kataru-u-dziecka-co-oznacza-i-kiedy-naprawde-trzeba-sie-martwic\/#primaryimage"},"thumbnailUrl":"https:\/\/katarek.pl\/wp-content\/uploads\/2026\/04\/Projektbeznazwy72.webp","datePublished":"2026-04-24T14:49:46+00:00","dateModified":"2026-04-24T14:49:48+00:00","author":{"@id":"https:\/\/katarek.pl\/#\/schema\/person\/221b283ff04cb47298d8ae0b2cc64485"},"breadcrumb":{"@id":"https:\/\/katarek.pl\/kolor-kataru-u-dziecka-co-oznacza-i-kiedy-naprawde-trzeba-sie-martwic\/#breadcrumb"},"inLanguage":"pl-PL","potentialAction":[{"@type":"ReadAction","target":["https:\/\/katarek.pl\/kolor-kataru-u-dziecka-co-oznacza-i-kiedy-naprawde-trzeba-sie-martwic\/"]}]},{"@type":"ImageObject","inLanguage":"pl-PL","@id":"https:\/\/katarek.pl\/kolor-kataru-u-dziecka-co-oznacza-i-kiedy-naprawde-trzeba-sie-martwic\/#primaryimage","url":"https:\/\/katarek.pl\/wp-content\/uploads\/2026\/04\/Projektbeznazwy72.webp","contentUrl":"https:\/\/katarek.pl\/wp-content\/uploads\/2026\/04\/Projektbeznazwy72.webp","width":1600,"height":1200,"caption":"katar u niemowlaka"},{"@type":"BreadcrumbList","@id":"https:\/\/katarek.pl\/kolor-kataru-u-dziecka-co-oznacza-i-kiedy-naprawde-trzeba-sie-martwic\/#breadcrumb","itemListElement":[{"@type":"ListItem","position":1,"name":"Home","item":"https:\/\/katarek.pl\/"},{"@type":"ListItem","position":2,"name":"Blog","item":"https:\/\/katarek.pl\/blog\/"},{"@type":"ListItem","position":3,"name":"Kolor kataru u dziecka \u2013 co oznacza i kiedy naprawd\u0119 trzeba si\u0119 martwi\u0107?"}]},{"@type":"WebSite","@id":"https:\/\/katarek.pl\/#website","url":"https:\/\/katarek.pl\/","name":"katarek.pl","description":"","potentialAction":[{"@type":"SearchAction","target":{"@type":"EntryPoint","urlTemplate":"https:\/\/katarek.pl\/?s={search_term_string}"},"query-input":{"@type":"PropertyValueSpecification","valueRequired":true,"valueName":"search_term_string"}}],"inLanguage":"pl-PL"},{"@type":"Person","@id":"https:\/\/katarek.pl\/#\/schema\/person\/221b283ff04cb47298d8ae0b2cc64485","name":"Katarek","url":"https:\/\/katarek.pl\/author\/sklepduna-biz-pl\/"}]}},"acf":[],"gutenberg_blocks":[{"blockName":"custom-styles","attrs":{"styles":".eplus-styles-uid-323c3b{grid-template-columns:repeat(1,1fr);list-style-type:disc}@media (max-width:981px){.eplus-styles-uid-323c3b{list-style-type:}}@media (max-width:600px){.eplus-styles-uid-323c3b{list-style-type:}}.eplus-styles-uid-323c3b:hover{list-style-type:}.eplus-styles-uid-da68fd{grid-template-columns:repeat(1,1fr);list-style-type:disc}@media (max-width:981px){.eplus-styles-uid-da68fd{list-style-type:}}@media (max-width:600px){.eplus-styles-uid-da68fd{list-style-type:}}.eplus-styles-uid-da68fd:hover{list-style-type:}"}},{"blockName":"core\/paragraph","attrs":{"className":"","epAnimationGeneratedClass":"edplus_anim-aeB2UD","epGeneratedClass":"eplus-wrapper"},"innerBlocks":[],"innerHTML":"\n<p class=\" eplus-wrapper\">Katar to jeden z najcz\u0119stszych objaw\u00f3w infekcji u dzieci. Cho\u0107 zwykle kojarzy si\u0119 z przezi\u0119bieniem, jego <strong>kolor i konsystencja mog\u0105 dostarczy\u0107 dodatkowych informacji o tym, na jakim etapie jest infekcja<\/strong>. Warto jednak pami\u0119ta\u0107, \u017ce sam kolor kataru <strong>nie jest diagnoz\u0105<\/strong> i nigdy nie powinien by\u0107 jedynym kryterium oceny stanu zdrowia dziecka.<\/p>\n","innerContent":["\n<p class=\" eplus-wrapper\">Katar to jeden z najcz\u0119stszych objaw\u00f3w infekcji u dzieci. Cho\u0107 zwykle kojarzy si\u0119 z przezi\u0119bieniem, jego <strong>kolor i konsystencja mog\u0105 dostarczy\u0107 dodatkowych informacji o tym, na jakim etapie jest infekcja<\/strong>. Warto jednak pami\u0119ta\u0107, \u017ce sam kolor kataru <strong>nie jest diagnoz\u0105<\/strong> i nigdy nie powinien by\u0107 jedynym kryterium oceny stanu zdrowia dziecka.<\/p>\n"]},{"blockName":"core\/heading","attrs":{"level":3,"className":"","epAnimationGeneratedClass":"edplus_anim-CTg8cI","epGeneratedClass":"eplus-wrapper"},"innerBlocks":[],"innerHTML":"\n<h3 class=\" wp-block-heading eplus-wrapper\">Sk\u0105d bior\u0105 si\u0119 r\u00f3\u017cne kolory kataru?<\/h3>\n","innerContent":["\n<h3 class=\" wp-block-heading eplus-wrapper\">Sk\u0105d bior\u0105 si\u0119 r\u00f3\u017cne kolory kataru?<\/h3>\n"]},{"blockName":"core\/paragraph","attrs":{"className":"","epAnimationGeneratedClass":"edplus_anim-Tk0XbM","epGeneratedClass":"eplus-wrapper"},"innerBlocks":[],"innerHTML":"\n<p class=\" eplus-wrapper\">Wydzielina z nosa to naturalny mechanizm obronny organizmu. Pomaga usuwa\u0107 wirusy, bakterie, alergeny i zanieczyszczenia. W trakcie infekcji zmienia si\u0119 jej sk\u0142ad \u2013 pojawiaj\u0105 si\u0119 kom\u00f3rki uk\u0142adu odporno\u015bciowego, a to w\u0142a\u015bnie one odpowiadaj\u0105 za zmian\u0119 barwy \u015bluzu.<\/p>\n","innerContent":["\n<p class=\" eplus-wrapper\">Wydzielina z nosa to naturalny mechanizm obronny organizmu. Pomaga usuwa\u0107 wirusy, bakterie, alergeny i zanieczyszczenia. W trakcie infekcji zmienia si\u0119 jej sk\u0142ad \u2013 pojawiaj\u0105 si\u0119 kom\u00f3rki uk\u0142adu odporno\u015bciowego, a to w\u0142a\u015bnie one odpowiadaj\u0105 za zmian\u0119 barwy \u015bluzu.<\/p>\n"]},{"blockName":"core\/heading","attrs":{"level":3,"className":"","epAnimationGeneratedClass":"edplus_anim-H1L83f","epGeneratedClass":"eplus-wrapper"},"innerBlocks":[],"innerHTML":"\n<h3 class=\" wp-block-heading eplus-wrapper\">Co oznaczaj\u0105 poszczeg\u00f3lne kolory?<\/h3>\n","innerContent":["\n<h3 class=\" wp-block-heading eplus-wrapper\">Co oznaczaj\u0105 poszczeg\u00f3lne kolory?<\/h3>\n"]},{"blockName":"core\/list","attrs":{"className":"","epStylingOptions":{"columnsResponsiveEnabled":false,"columnsHoverEnabled":false,"itemsSpacingResponsiveEnabled":false,"itemsSpacingHoverEnabled":false,"listStyleResponsiveEnabled":false,"listStyleHoverEnabled":false,"listIconResponsiveEnabled":false,"listIconHoverEnabled":false,"columns":{"target":"","responsive":true,"hover":true,"options":[{"custom":true,"control":"ToggleOptions"},{"label":"Columns","control":"Range","attribute":"columns","css":"grid-template-columns","customValue":"repeat({{value}}, 1fr)","props":{"max":5,"min":1,"supportedUnits":[]},"defaults":{"desktop":"1"},"show_if":{"className":["ep-custom-list"]}}]},"itemsSpacing":{"target":"","responsive":true,"hover":true,"options":[{"label":"Items Spacing","control":"Range","attribute":"itemsSpacing","css":"grid-gap","props":{"max":100,"min":0,"supportedUnits":["px"]},"show_if":{"className":["ep-custom-list"]}}]},"listStyle":{"target":"","responsive":true,"hover":true,"options":[{"custom":true,"control":"IconClassToggle","condition":{"relation":"AND","query":[{"field":"attributes.className","compare":"IN","value":"ep-custom-list"}]}},{"label":"Choose List Style","control":"ButtonGroup","attribute":"unorderListStyle","css":"list-style-type","defaults":{"desktop":"disc"},"condition":{"relation":"AND","query":[{"field":"attributes.className","compare":"IN","value":"ep-custom-list"},{"field":"attributes.ordered","compare":"EQUAL","value":false},{"field":"attributes.className","compare":"NOT IN","value":"ep-custom-icon-list"}]},"props":{"layout":"stacked","options":[{"customIcon":"<svg enable-background='new 0 0 512 512' version='1.1' viewBox='0 0 512 512' xml:space='preserve' xmlns='http:\/\/www.w3.org\/2000\/svg'><path d='m256 0c-141.16 0-256 114.84-256 256s114.84 256 256 256 256-114.84 256-256-114.84-256-256-256zm0 448c-105.86 0-192-86.135-192-192 0-40.406 12.25-78.604 35.542-111.2l267.66 267.66c-32.594 23.292-70.792 35.542-111.2 35.542zm156.46-80.802-267.66-267.66c32.594-23.292 70.792-35.542 111.2-35.542 105.86 0 192 86.135 192 192 0 40.406-12.25 78.604-35.542 111.2z'\/><\/svg>","value":"none"},{"customIcon":"<svg enable-background='new 0 0 29.107 29.107' version='1.1' viewBox='0 0 29.107 29.107' xml:space='preserve' xmlns='http:\/\/www.w3.org\/2000\/svg'><path d='M14.554,0C6.561,0,0,6.562,0,14.552c0,7.996,6.561,14.555,14.554,14.555c7.996,0,14.553-6.559,14.553-14.555 C29.106,6.562,22.55,0,14.554,0z'\/><\/svg>","value":"disc"},{"customIcon":"<svg enable-background='new 0 0 341.333 341.333' version='1.1' viewBox='0 0 341.33 341.33' xml:space='preserve' xmlns='http:\/\/www.w3.org\/2000\/svg'><path d='m170.67 0c-94.257 0-170.67 76.41-170.67 170.67s76.41 170.67 170.67 170.67 170.67-76.41 170.67-170.67-76.411-170.67-170.67-170.67zm0 298.67c-70.692 0-128-57.308-128-128s57.308-128 128-128 128 57.308 128 128-57.308 128-128 128z'\/><\/svg>","value":"circle"},{"customIcon":"<svg enable-background='new 0 0 60 60' version='1.1' viewBox='0 0 60 60' xml:space='preserve' xmlns='http:\/\/www.w3.org\/2000\/svg'><rect width='60' height='60'\/><\/svg>","value":"square"}]}},{"label":"Choose List Style","control":"ButtonGroup","attribute":"orderListStyle","css":"list-style-type","defaults":{"desktop":"decimal"},"condition":{"relation":"AND","query":[{"field":"attributes.className","compare":"IN","value":"ep-custom-list"},{"field":"attributes.ordered","compare":"EQUAL","value":true},{"field":"attributes.className","compare":"NOT IN","value":"ep-custom-icon-list"}]},"props":{"layout":"stacked","options":[{"customIcon":"<svg enable-background='new 0 0 512 512' version='1.1' viewBox='0 0 512 512' xml:space='preserve' xmlns='http:\/\/www.w3.org\/2000\/svg'><path d='m256 0c-141.16 0-256 114.84-256 256s114.84 256 256 256 256-114.84 256-256-114.84-256-256-256zm0 448c-105.86 0-192-86.135-192-192 0-40.406 12.25-78.604 35.542-111.2l267.66 267.66c-32.594 23.292-70.792 35.542-111.2 35.542zm156.46-80.802-267.66-267.66c32.594-23.292 70.792-35.542 111.2-35.542 105.86 0 192 86.135 192 192 0 40.406-12.25 78.604-35.542 111.2z'\/><\/svg>","value":"none"},{"customIcon":"<svg id='Capa_1' enable-background='new 0 0 512 512' viewBox='0 0 512 512' xmlns='http:\/\/www.w3.org\/2000\/svg'><g id='_x31__1_'><path d='m376 512v-512h-99.902l-3.56 9.932c-9.419 26.294-27.202 49.746-52.837 69.697-26.528 20.684-51.211 34.849-73.359 42.1l-10.342 3.383v114.771l19.702-6.519c36.387-12.012 69.448-29.268 98.672-51.445v330.081z'\/><\/g><\/svg>","value":"decimal"},{"customIcon":"\u2160","value":"upper-roman"},{"customIcon":"\u2170","value":"lower-roman"}]}}]},"listIcon":{"target":"li:before","includeDotSuffix":false,"responsive":true,"hover":true,"hoverTarget":"{{class}} li:hover:before","options":[{"label":"Icon","control":"IconPicker","attribute":"icon","defaults":{"desktop":"eplusicon-check"},"css":"content","condition":{"relation":"AND","query":[{"field":"attributes.className","compare":"IN","value":"ep-custom-icon-list"}]}},{"label":"Background","control":"ColorPicker","attribute":"iconBackground","css":"background","condition":{"query":[{"field":"attributes.className","compare":"IN","value":"ep-custom-icon-list"}]}},{"label":"Color","control":"ColorPicker","attribute":"iconColor","css":"color","condition":{"query":[{"field":"attributes.className","compare":"IN","value":"ep-custom-icon-list"}]}},{"label":"Size","control":"Range","attribute":"iconSize","css":"font-size","props":{"supportedUnits":["px"],"max":100},"condition":{"query":[{"field":"attributes.className","compare":"IN","value":"ep-custom-icon-list"}]}},{"label":"Radius","control":"Range","attribute":"iconRadius","css":"border-radius","condition":{"query":[{"field":"attributes.className","compare":"IN","value":"ep-custom-icon-list"}]}},{"label":"Padding","control":"Range","attribute":"iconPadding","css":"padding","props":{"supportedUnits":["px"],"max":100},"condition":{"query":[{"field":"attributes.className","compare":"IN","value":"ep-custom-icon-list"}]}}]},"savedStyling":"","clientId":"f547d6ba-285b-4c05-96fb-b407ac06a686"},"columns":{"desktop":{"value":1,"important":false,"unit":""},"tablet":{"value":"","important":false,"unit":"%"},"tabletModified":false,"mobile":{"value":"","important":false,"unit":"%"},"mobileModified":false,"hover":{"value":"","important":false,"unit":"%"},"hoverModified":false},"itemsSpacing":{"desktop":{"value":"","important":false,"unit":"%"},"tablet":{"value":"","important":false,"unit":"%"},"tabletModified":false,"mobile":{"value":"","important":false,"unit":"%"},"mobileModified":false,"hover":{"value":"","important":false,"unit":"%"},"hoverModified":false},"unorderListStyle":{"desktop":"disc","tablet":"","tabletModified":false,"mobile":"","mobileModified":false,"hover":"","hoverModified":false},"orderListStyle":{"desktop":"decimal","tablet":"","tabletModified":false,"mobile":"","mobileModified":false,"hover":"","hoverModified":false},"icon":{"desktop":{"icon":"eplusicon-check"},"tablet":{"icon":""},"tabletModified":false,"mobile":{"icon":""},"mobileModified":false,"hover":{"icon":""},"hoverModified":false},"iconBackground":{"desktop":{"color":""},"tablet":{"color":""},"tabletModified":false,"mobile":{"color":""},"mobileModified":false,"hover":{"color":""},"hoverModified":false},"iconColor":{"desktop":{"color":""},"tablet":{"color":""},"tabletModified":false,"mobile":{"color":""},"mobileModified":false,"hover":{"color":""},"hoverModified":false},"iconSize":{"desktop":{"value":"","important":false,"unit":"%"},"tablet":{"value":"","important":false,"unit":"%"},"tabletModified":false,"mobile":{"value":"","important":false,"unit":"%"},"mobileModified":false,"hover":{"value":"","important":false,"unit":"%"},"hoverModified":false},"iconRadius":{"desktop":{"value":"","important":false,"unit":"%"},"tablet":{"value":"","important":false,"unit":"%"},"tabletModified":false,"mobile":{"value":"","important":false,"unit":"%"},"mobileModified":false,"hover":{"value":"","important":false,"unit":"%"},"hoverModified":false},"iconPadding":{"desktop":{"value":"","important":false,"unit":"%"},"tablet":{"value":"","important":false,"unit":"%"},"tabletModified":false,"mobile":{"value":"","important":false,"unit":"%"},"mobileModified":false,"hover":{"value":"","important":false,"unit":"%"},"hoverModified":false},"epAnimationGeneratedClass":"edplus_anim-0YEkV4","epGeneratedClass":"eplus-wrapper"},"innerBlocks":[{"blockName":"core\/list-item","attrs":{"className":"","epAnimationGeneratedClass":"edplus_anim-6Drloi","epGeneratedClass":"eplus-wrapper"},"innerBlocks":[],"innerHTML":"\n<li class=\" eplus-wrapper\"><strong>Przezroczysty, wodnisty katar<\/strong> \u2013 cz\u0119sto wyst\u0119puje na pocz\u0105tku infekcji wirusowej, przy alergii lub podra\u017cnieniu \u015bluz\u00f3wki (np. suche powietrze).<\/li>\n","innerContent":["\n<li class=\" eplus-wrapper\"><strong>Przezroczysty, wodnisty katar<\/strong> \u2013 cz\u0119sto wyst\u0119puje na pocz\u0105tku infekcji wirusowej, przy alergii lub podra\u017cnieniu \u015bluz\u00f3wki (np. suche powietrze).<\/li>\n"]},{"blockName":"core\/list-item","attrs":{"className":"","epAnimationGeneratedClass":"edplus_anim-ezDRmP","epGeneratedClass":"eplus-wrapper"},"innerBlocks":[],"innerHTML":"\n<li class=\" eplus-wrapper\"><strong>Bia\u0142y, g\u0119sty katar<\/strong> \u2013 \u015bwiadczy o trwaj\u0105cym stanie zapalnym i spowolnionym odp\u0142ywie wydzieliny.<\/li>\n","innerContent":["\n<li class=\" eplus-wrapper\"><strong>Bia\u0142y, g\u0119sty katar<\/strong> \u2013 \u015bwiadczy o trwaj\u0105cym stanie zapalnym i spowolnionym odp\u0142ywie wydzieliny.<\/li>\n"]},{"blockName":"core\/list-item","attrs":{"className":"","epAnimationGeneratedClass":"edplus_anim-psd75a","epGeneratedClass":"eplus-wrapper"},"innerBlocks":[],"innerHTML":"\n<li class=\" eplus-wrapper\"><strong>\u017b\u00f3\u0142ty lub zielony katar<\/strong> \u2013 to cz\u0119sty pow\u00f3d niepokoju rodzic\u00f3w, jednak <strong>nie oznacza automatycznie infekcji bakteryjnej ani konieczno\u015bci stosowania antybiotyku<\/strong>. Taka barwa jest efektem intensywnej pracy uk\u0142adu odporno\u015bciowego \u2013 obecno\u015bci obumar\u0142ych kom\u00f3rek odporno\u015bciowych (neutrofili), kt\u00f3re aktywnie zwalcza\u0142y patogeny. Mo\u017ce pojawi\u0107 si\u0119 zar\u00f3wno w przebiegu infekcji wirusowej, jak i w fazie zdrowienia.<\/li>\n","innerContent":["\n<li class=\" eplus-wrapper\"><strong>\u017b\u00f3\u0142ty lub zielony katar<\/strong> \u2013 to cz\u0119sty pow\u00f3d niepokoju rodzic\u00f3w, jednak <strong>nie oznacza automatycznie infekcji bakteryjnej ani konieczno\u015bci stosowania antybiotyku<\/strong>. Taka barwa jest efektem intensywnej pracy uk\u0142adu odporno\u015bciowego \u2013 obecno\u015bci obumar\u0142ych kom\u00f3rek odporno\u015bciowych (neutrofili), kt\u00f3re aktywnie zwalcza\u0142y patogeny. Mo\u017ce pojawi\u0107 si\u0119 zar\u00f3wno w przebiegu infekcji wirusowej, jak i w fazie zdrowienia.<\/li>\n"]},{"blockName":"core\/list-item","attrs":{"className":"","epAnimationGeneratedClass":"edplus_anim-lct5M4","epGeneratedClass":"eplus-wrapper"},"innerBlocks":[],"innerHTML":"\n<li class=\" eplus-wrapper\"><strong>Katar z domieszk\u0105 krwi<\/strong> \u2013 zwykle wynika z przesuszenia i podra\u017cnienia \u015bluz\u00f3wki, szczeg\u00f3lnie przy cz\u0119stym oczyszczaniu nosa.<\/li>\n","innerContent":["\n<li class=\" eplus-wrapper\"><strong>Katar z domieszk\u0105 krwi<\/strong> \u2013 zwykle wynika z przesuszenia i podra\u017cnienia \u015bluz\u00f3wki, szczeg\u00f3lnie przy cz\u0119stym oczyszczaniu nosa.<\/li>\n"]}],"innerHTML":"<ul class=\" wp-block-list eplus-wrapper eplus-styles-uid-323c3b\">\n\n\n\n\n\n<\/ul>","innerContent":["\n<ul class=\" wp-block-list eplus-wrapper\">",null,"\n\n",null,"\n\n",null,"\n\n",null,"<\/ul>\n"]},{"blockName":"core\/heading","attrs":{"level":3,"className":"","epAnimationGeneratedClass":"edplus_anim-NQekgm","epGeneratedClass":"eplus-wrapper"},"innerBlocks":[],"innerHTML":"\n<h3 class=\" wp-block-heading eplus-wrapper\">Szczeg\u00f3lnie wa\u017cne u niemowl\u0105t (0\u201312 miesi\u0119cy)<\/h3>\n","innerContent":["\n<h3 class=\" wp-block-heading eplus-wrapper\">Szczeg\u00f3lnie wa\u017cne u niemowl\u0105t (0\u201312 miesi\u0119cy)<\/h3>\n"]},{"blockName":"core\/paragraph","attrs":{"className":"","epAnimationGeneratedClass":"edplus_anim-IGi0ny","epGeneratedClass":"eplus-wrapper"},"innerBlocks":[],"innerHTML":"\n<p class=\" eplus-wrapper\">Niemowl\u0119ta oddychaj\u0105 g\u0142\u00f3wnie przez nos i <strong>nie potrafi\u0105 samodzielnie usun\u0105\u0107 wydzieliny<\/strong>. Nawet niewielki katar mo\u017ce u nich:<\/p>\n","innerContent":["\n<p class=\" eplus-wrapper\">Niemowl\u0119ta oddychaj\u0105 g\u0142\u00f3wnie przez nos i <strong>nie potrafi\u0105 samodzielnie usun\u0105\u0107 wydzieliny<\/strong>. Nawet niewielki katar mo\u017ce u nich:<\/p>\n"]},{"blockName":"core\/list","attrs":{"className":"","epStylingOptions":{"columnsResponsiveEnabled":false,"columnsHoverEnabled":false,"itemsSpacingResponsiveEnabled":false,"itemsSpacingHoverEnabled":false,"listStyleResponsiveEnabled":false,"listStyleHoverEnabled":false,"listIconResponsiveEnabled":false,"listIconHoverEnabled":false,"columns":{"target":"","responsive":true,"hover":true,"options":[{"custom":true,"control":"ToggleOptions"},{"label":"Columns","control":"Range","attribute":"columns","css":"grid-template-columns","customValue":"repeat({{value}}, 1fr)","props":{"max":5,"min":1,"supportedUnits":[]},"defaults":{"desktop":"1"},"show_if":{"className":["ep-custom-list"]}}]},"itemsSpacing":{"target":"","responsive":true,"hover":true,"options":[{"label":"Items Spacing","control":"Range","attribute":"itemsSpacing","css":"grid-gap","props":{"max":100,"min":0,"supportedUnits":["px"]},"show_if":{"className":["ep-custom-list"]}}]},"listStyle":{"target":"","responsive":true,"hover":true,"options":[{"custom":true,"control":"IconClassToggle","condition":{"relation":"AND","query":[{"field":"attributes.className","compare":"IN","value":"ep-custom-list"}]}},{"label":"Choose List Style","control":"ButtonGroup","attribute":"unorderListStyle","css":"list-style-type","defaults":{"desktop":"disc"},"condition":{"relation":"AND","query":[{"field":"attributes.className","compare":"IN","value":"ep-custom-list"},{"field":"attributes.ordered","compare":"EQUAL","value":false},{"field":"attributes.className","compare":"NOT IN","value":"ep-custom-icon-list"}]},"props":{"layout":"stacked","options":[{"customIcon":"<svg enable-background='new 0 0 512 512' version='1.1' viewBox='0 0 512 512' xml:space='preserve' xmlns='http:\/\/www.w3.org\/2000\/svg'><path d='m256 0c-141.16 0-256 114.84-256 256s114.84 256 256 256 256-114.84 256-256-114.84-256-256-256zm0 448c-105.86 0-192-86.135-192-192 0-40.406 12.25-78.604 35.542-111.2l267.66 267.66c-32.594 23.292-70.792 35.542-111.2 35.542zm156.46-80.802-267.66-267.66c32.594-23.292 70.792-35.542 111.2-35.542 105.86 0 192 86.135 192 192 0 40.406-12.25 78.604-35.542 111.2z'\/><\/svg>","value":"none"},{"customIcon":"<svg enable-background='new 0 0 29.107 29.107' version='1.1' viewBox='0 0 29.107 29.107' xml:space='preserve' xmlns='http:\/\/www.w3.org\/2000\/svg'><path d='M14.554,0C6.561,0,0,6.562,0,14.552c0,7.996,6.561,14.555,14.554,14.555c7.996,0,14.553-6.559,14.553-14.555 C29.106,6.562,22.55,0,14.554,0z'\/><\/svg>","value":"disc"},{"customIcon":"<svg enable-background='new 0 0 341.333 341.333' version='1.1' viewBox='0 0 341.33 341.33' xml:space='preserve' xmlns='http:\/\/www.w3.org\/2000\/svg'><path d='m170.67 0c-94.257 0-170.67 76.41-170.67 170.67s76.41 170.67 170.67 170.67 170.67-76.41 170.67-170.67-76.411-170.67-170.67-170.67zm0 298.67c-70.692 0-128-57.308-128-128s57.308-128 128-128 128 57.308 128 128-57.308 128-128 128z'\/><\/svg>","value":"circle"},{"customIcon":"<svg enable-background='new 0 0 60 60' version='1.1' viewBox='0 0 60 60' xml:space='preserve' xmlns='http:\/\/www.w3.org\/2000\/svg'><rect width='60' height='60'\/><\/svg>","value":"square"}]}},{"label":"Choose List Style","control":"ButtonGroup","attribute":"orderListStyle","css":"list-style-type","defaults":{"desktop":"decimal"},"condition":{"relation":"AND","query":[{"field":"attributes.className","compare":"IN","value":"ep-custom-list"},{"field":"attributes.ordered","compare":"EQUAL","value":true},{"field":"attributes.className","compare":"NOT IN","value":"ep-custom-icon-list"}]},"props":{"layout":"stacked","options":[{"customIcon":"<svg enable-background='new 0 0 512 512' version='1.1' viewBox='0 0 512 512' xml:space='preserve' xmlns='http:\/\/www.w3.org\/2000\/svg'><path d='m256 0c-141.16 0-256 114.84-256 256s114.84 256 256 256 256-114.84 256-256-114.84-256-256-256zm0 448c-105.86 0-192-86.135-192-192 0-40.406 12.25-78.604 35.542-111.2l267.66 267.66c-32.594 23.292-70.792 35.542-111.2 35.542zm156.46-80.802-267.66-267.66c32.594-23.292 70.792-35.542 111.2-35.542 105.86 0 192 86.135 192 192 0 40.406-12.25 78.604-35.542 111.2z'\/><\/svg>","value":"none"},{"customIcon":"<svg id='Capa_1' enable-background='new 0 0 512 512' viewBox='0 0 512 512' xmlns='http:\/\/www.w3.org\/2000\/svg'><g id='_x31__1_'><path d='m376 512v-512h-99.902l-3.56 9.932c-9.419 26.294-27.202 49.746-52.837 69.697-26.528 20.684-51.211 34.849-73.359 42.1l-10.342 3.383v114.771l19.702-6.519c36.387-12.012 69.448-29.268 98.672-51.445v330.081z'\/><\/g><\/svg>","value":"decimal"},{"customIcon":"\u2160","value":"upper-roman"},{"customIcon":"\u2170","value":"lower-roman"}]}}]},"listIcon":{"target":"li:before","includeDotSuffix":false,"responsive":true,"hover":true,"hoverTarget":"{{class}} li:hover:before","options":[{"label":"Icon","control":"IconPicker","attribute":"icon","defaults":{"desktop":"eplusicon-check"},"css":"content","condition":{"relation":"AND","query":[{"field":"attributes.className","compare":"IN","value":"ep-custom-icon-list"}]}},{"label":"Background","control":"ColorPicker","attribute":"iconBackground","css":"background","condition":{"query":[{"field":"attributes.className","compare":"IN","value":"ep-custom-icon-list"}]}},{"label":"Color","control":"ColorPicker","attribute":"iconColor","css":"color","condition":{"query":[{"field":"attributes.className","compare":"IN","value":"ep-custom-icon-list"}]}},{"label":"Size","control":"Range","attribute":"iconSize","css":"font-size","props":{"supportedUnits":["px"],"max":100},"condition":{"query":[{"field":"attributes.className","compare":"IN","value":"ep-custom-icon-list"}]}},{"label":"Radius","control":"Range","attribute":"iconRadius","css":"border-radius","condition":{"query":[{"field":"attributes.className","compare":"IN","value":"ep-custom-icon-list"}]}},{"label":"Padding","control":"Range","attribute":"iconPadding","css":"padding","props":{"supportedUnits":["px"],"max":100},"condition":{"query":[{"field":"attributes.className","compare":"IN","value":"ep-custom-icon-list"}]}}]},"savedStyling":"","clientId":"3ac0ff03-8d65-4e95-8964-a104e9d90f84"},"columns":{"desktop":{"value":1,"important":false,"unit":""},"tablet":{"value":"","important":false,"unit":"%"},"tabletModified":false,"mobile":{"value":"","important":false,"unit":"%"},"mobileModified":false,"hover":{"value":"","important":false,"unit":"%"},"hoverModified":false},"itemsSpacing":{"desktop":{"value":"","important":false,"unit":"%"},"tablet":{"value":"","important":false,"unit":"%"},"tabletModified":false,"mobile":{"value":"","important":false,"unit":"%"},"mobileModified":false,"hover":{"value":"","important":false,"unit":"%"},"hoverModified":false},"unorderListStyle":{"desktop":"disc","tablet":"","tabletModified":false,"mobile":"","mobileModified":false,"hover":"","hoverModified":false},"orderListStyle":{"desktop":"decimal","tablet":"","tabletModified":false,"mobile":"","mobileModified":false,"hover":"","hoverModified":false},"icon":{"desktop":{"icon":"eplusicon-check"},"tablet":{"icon":""},"tabletModified":false,"mobile":{"icon":""},"mobileModified":false,"hover":{"icon":""},"hoverModified":false},"iconBackground":{"desktop":{"color":""},"tablet":{"color":""},"tabletModified":false,"mobile":{"color":""},"mobileModified":false,"hover":{"color":""},"hoverModified":false},"iconColor":{"desktop":{"color":""},"tablet":{"color":""},"tabletModified":false,"mobile":{"color":""},"mobileModified":false,"hover":{"color":""},"hoverModified":false},"iconSize":{"desktop":{"value":"","important":false,"unit":"%"},"tablet":{"value":"","important":false,"unit":"%"},"tabletModified":false,"mobile":{"value":"","important":false,"unit":"%"},"mobileModified":false,"hover":{"value":"","important":false,"unit":"%"},"hoverModified":false},"iconRadius":{"desktop":{"value":"","important":false,"unit":"%"},"tablet":{"value":"","important":false,"unit":"%"},"tabletModified":false,"mobile":{"value":"","important":false,"unit":"%"},"mobileModified":false,"hover":{"value":"","important":false,"unit":"%"},"hoverModified":false},"iconPadding":{"desktop":{"value":"","important":false,"unit":"%"},"tablet":{"value":"","important":false,"unit":"%"},"tabletModified":false,"mobile":{"value":"","important":false,"unit":"%"},"mobileModified":false,"hover":{"value":"","important":false,"unit":"%"},"hoverModified":false},"epAnimationGeneratedClass":"edplus_anim-ZUjNol","epGeneratedClass":"eplus-wrapper"},"innerBlocks":[{"blockName":"core\/list-item","attrs":{"className":"","epAnimationGeneratedClass":"edplus_anim-OmGxCA","epGeneratedClass":"eplus-wrapper"},"innerBlocks":[],"innerHTML":"\n<li class=\" eplus-wrapper\">utrudnia\u0107 oddychanie,<\/li>\n","innerContent":["\n<li class=\" eplus-wrapper\">utrudnia\u0107 oddychanie,<\/li>\n"]},{"blockName":"core\/list-item","attrs":{"className":"","epAnimationGeneratedClass":"edplus_anim-tETL4q","epGeneratedClass":"eplus-wrapper"},"innerBlocks":[],"innerHTML":"\n<li class=\" eplus-wrapper\">powodowa\u0107 problemy z karmieniem,<\/li>\n","innerContent":["\n<li class=\" eplus-wrapper\">powodowa\u0107 problemy z karmieniem,<\/li>\n"]},{"blockName":"core\/list-item","attrs":{"className":"","epAnimationGeneratedClass":"edplus_anim-wGEkfN","epGeneratedClass":"eplus-wrapper"},"innerBlocks":[],"innerHTML":"\n<li class=\" eplus-wrapper\">zaburza\u0107 sen i zwi\u0119ksza\u0107 rozdra\u017cnienie.<\/li>\n","innerContent":["\n<li class=\" eplus-wrapper\">zaburza\u0107 sen i zwi\u0119ksza\u0107 rozdra\u017cnienie.<\/li>\n"]}],"innerHTML":"<ul class=\" wp-block-list eplus-wrapper eplus-styles-uid-da68fd\">\n\n\n\n<\/ul>","innerContent":["\n<ul class=\" wp-block-list eplus-wrapper\">",null,"\n\n",null,"\n\n",null,"<\/ul>\n"]},{"blockName":"core\/paragraph","attrs":{"className":"","epAnimationGeneratedClass":"edplus_anim-M1aRJ9","epGeneratedClass":"eplus-wrapper"},"innerBlocks":[],"innerHTML":"\n<p class=\" eplus-wrapper\">U najm\u0142odszych dzieci <strong>wi\u0119ksze znaczenie ni\u017c kolor kataru ma jego ilo\u015b\u0107 oraz to, czy utrudnia oddychanie<\/strong>. Dlatego tak wa\u017cne jest regularne i delikatne oczyszczanie nosa \u2013 niezale\u017cnie od tego, czy wydzielina jest przezroczysta, bia\u0142a czy zielona.<\/p>\n","innerContent":["\n<p class=\" eplus-wrapper\">U najm\u0142odszych dzieci <strong>wi\u0119ksze znaczenie ni\u017c kolor kataru ma jego ilo\u015b\u0107 oraz to, czy utrudnia oddychanie<\/strong>. Dlatego tak wa\u017cne jest regularne i delikatne oczyszczanie nosa \u2013 niezale\u017cnie od tego, czy wydzielina jest przezroczysta, bia\u0142a czy zielona.<\/p>\n"]},{"blockName":"core\/heading","attrs":{"level":3,"className":"","epAnimationGeneratedClass":"edplus_anim-8cvWLQ","epGeneratedClass":"eplus-wrapper"},"innerBlocks":[],"innerHTML":"\n<h3 class=\" wp-block-heading eplus-wrapper\">O czym warto pami\u0119ta\u0107?<\/h3>\n","innerContent":["\n<h3 class=\" wp-block-heading eplus-wrapper\">O czym warto pami\u0119ta\u0107?<\/h3>\n"]},{"blockName":"core\/paragraph","attrs":{"className":"","epAnimationGeneratedClass":"edplus_anim-aeB2UD","epGeneratedClass":"eplus-wrapper"},"innerBlocks":[],"innerHTML":"\n<p class=\" eplus-wrapper\">Kolor kataru to jedynie wskaz\u00f3wka. Zawsze nale\u017cy patrze\u0107 na dziecko ca\u0142o\u015bciowo: jego samopoczucie, czas trwania objaw\u00f3w, obecno\u015b\u0107 gor\u0105czki czy kaszlu. Regularna higiena nosa realnie poprawia komfort oddychania i mo\u017ce zmniejszy\u0107 ryzyko powik\u0142a\u0144, zw\u0142aszcza u niemowl\u0105t. W razie w\u0105tpliwo\u015bci zawsze skonsultuj si\u0119 z lekarzem.<\/p>\n","innerContent":["\n<p class=\" eplus-wrapper\">Kolor kataru to jedynie wskaz\u00f3wka. Zawsze nale\u017cy patrze\u0107 na dziecko ca\u0142o\u015bciowo: jego samopoczucie, czas trwania objaw\u00f3w, obecno\u015b\u0107 gor\u0105czki czy kaszlu. Regularna higiena nosa realnie poprawia komfort oddychania i mo\u017ce zmniejszy\u0107 ryzyko powik\u0142a\u0144, zw\u0142aszcza u niemowl\u0105t. W razie w\u0105tpliwo\u015bci zawsze skonsultuj si\u0119 z lekarzem.<\/p>\n"]},{"blockName":"core\/heading","attrs":{"className":"","epAnimationGeneratedClass":"edplus_anim-Z8pB7r","epGeneratedClass":"eplus-wrapper"},"innerBlocks":[],"innerHTML":"\n<h2 class=\" wp-block-heading eplus-wrapper\">FAQ \u2013 najcz\u0119\u015bciej zadawane pytania o kolor kataru<\/h2>\n","innerContent":["\n<h2 class=\" wp-block-heading eplus-wrapper\">FAQ \u2013 najcz\u0119\u015bciej zadawane pytania o kolor kataru<\/h2>\n"]},{"blockName":"core\/heading","attrs":{"level":3,"className":"","epAnimationGeneratedClass":"edplus_anim-nsZTyE","epGeneratedClass":"eplus-wrapper"},"innerBlocks":[],"innerHTML":"\n<h3 class=\" wp-block-heading eplus-wrapper\">Czy zielony katar zawsze oznacza infekcj\u0119 bakteryjn\u0105?<\/h3>\n","innerContent":["\n<h3 class=\" wp-block-heading eplus-wrapper\">Czy zielony katar zawsze oznacza infekcj\u0119 bakteryjn\u0105?<\/h3>\n"]},{"blockName":"core\/paragraph","attrs":{"className":"","epAnimationGeneratedClass":"edplus_anim-X0deq1","epGeneratedClass":"eplus-wrapper"},"innerBlocks":[],"innerHTML":"\n<p class=\" eplus-wrapper\">Nie. To jeden z najcz\u0119stszych mit\u00f3w. Zielony kolor wynika najcz\u0119\u015bciej z obecno\u015bci kom\u00f3rek uk\u0142adu odporno\u015bciowego i mo\u017ce wyst\u0119powa\u0107 r\u00f3wnie\u017c w infekcji wirusowej lub w fazie zdrowienia.<\/p>\n","innerContent":["\n<p class=\" eplus-wrapper\">Nie. To jeden z najcz\u0119stszych mit\u00f3w. Zielony kolor wynika najcz\u0119\u015bciej z obecno\u015bci kom\u00f3rek uk\u0142adu odporno\u015bciowego i mo\u017ce wyst\u0119powa\u0107 r\u00f3wnie\u017c w infekcji wirusowej lub w fazie zdrowienia.<\/p>\n"]},{"blockName":"core\/heading","attrs":{"level":3,"className":"","epAnimationGeneratedClass":"edplus_anim-ySaCvL","epGeneratedClass":"eplus-wrapper"},"innerBlocks":[],"innerHTML":"\n<h3 class=\" wp-block-heading eplus-wrapper\">Czy przy \u017c\u00f3\u0142tym lub zielonym katarze potrzebny jest antybiotyk?<\/h3>\n","innerContent":["\n<h3 class=\" wp-block-heading eplus-wrapper\">Czy przy \u017c\u00f3\u0142tym lub zielonym katarze potrzebny jest antybiotyk?<\/h3>\n"]},{"blockName":"core\/paragraph","attrs":{"className":"","epAnimationGeneratedClass":"edplus_anim-ZlDf9A","epGeneratedClass":"eplus-wrapper"},"innerBlocks":[],"innerHTML":"\n<p class=\" eplus-wrapper\">Nie na podstawie samego koloru. O decyzji o leczeniu <strong>zawsze decyduje lekarz<\/strong>, bior\u0105c pod uwag\u0119 czas trwania objaw\u00f3w i og\u00f3lny stan dziecka.<\/p>\n","innerContent":["\n<p class=\" eplus-wrapper\">Nie na podstawie samego koloru. O decyzji o leczeniu <strong>zawsze decyduje lekarz<\/strong>, bior\u0105c pod uwag\u0119 czas trwania objaw\u00f3w i og\u00f3lny stan dziecka.<\/p>\n"]},{"blockName":"core\/heading","attrs":{"level":3,"className":"","epAnimationGeneratedClass":"edplus_anim-JZbLVI","epGeneratedClass":"eplus-wrapper"},"innerBlocks":[],"innerHTML":"\n<h3 class=\" wp-block-heading eplus-wrapper\">Jaki kolor kataru jest typowy dla alergii?<\/h3>\n","innerContent":["\n<h3 class=\" wp-block-heading eplus-wrapper\">Jaki kolor kataru jest typowy dla alergii?<\/h3>\n"]},{"blockName":"core\/paragraph","attrs":{"className":"","epAnimationGeneratedClass":"edplus_anim-89Roas","epGeneratedClass":"eplus-wrapper"},"innerBlocks":[],"innerHTML":"\n<p class=\" eplus-wrapper\">Najcz\u0119\u015bciej <strong>przezroczysty, wodnisty i obfity<\/strong>, cz\u0119sto z kichaniem i \u0142zawieniem oczu.<\/p>\n","innerContent":["\n<p class=\" eplus-wrapper\">Najcz\u0119\u015bciej <strong>przezroczysty, wodnisty i obfity<\/strong>, cz\u0119sto z kichaniem i \u0142zawieniem oczu.<\/p>\n"]},{"blockName":"core\/heading","attrs":{"level":3,"className":"","epAnimationGeneratedClass":"edplus_anim-RWozjk","epGeneratedClass":"eplus-wrapper"},"innerBlocks":[],"innerHTML":"\n<h3 class=\" wp-block-heading eplus-wrapper\">Co oznacza katar z krwi\u0105 u dziecka?<\/h3>\n","innerContent":["\n<h3 class=\" wp-block-heading eplus-wrapper\">Co oznacza katar z krwi\u0105 u dziecka?<\/h3>\n"]},{"blockName":"core\/paragraph","attrs":{"className":"","epAnimationGeneratedClass":"edplus_anim-qIaRvb","epGeneratedClass":"eplus-wrapper"},"innerBlocks":[],"innerHTML":"\n<p class=\" eplus-wrapper\">Zwykle jest wynikiem przesuszonej lub podra\u017cnionej \u015bluz\u00f3wki. Je\u015bli krew pojawia si\u0119 cz\u0119sto lub w du\u017cej ilo\u015bci \u2013 nale\u017cy skonsultowa\u0107 si\u0119 z lekarzem.<\/p>\n","innerContent":["\n<p class=\" eplus-wrapper\">Zwykle jest wynikiem przesuszonej lub podra\u017cnionej \u015bluz\u00f3wki. Je\u015bli krew pojawia si\u0119 cz\u0119sto lub w du\u017cej ilo\u015bci \u2013 nale\u017cy skonsultowa\u0107 si\u0119 z lekarzem.<\/p>\n"]},{"blockName":"core\/heading","attrs":{"level":3,"className":"","epAnimationGeneratedClass":"edplus_anim-ujxtMP","epGeneratedClass":"eplus-wrapper"},"innerBlocks":[],"innerHTML":"\n<h3 class=\" wp-block-heading eplus-wrapper\">Jak d\u0142ugo katar u dziecka jest \u201enormalny\u201d?<\/h3>\n","innerContent":["\n<h3 class=\" wp-block-heading eplus-wrapper\">Jak d\u0142ugo katar u dziecka jest \u201enormalny\u201d?<\/h3>\n"]},{"blockName":"core\/paragraph","attrs":{"className":"","epAnimationGeneratedClass":"edplus_anim-EZkaB5","epGeneratedClass":"eplus-wrapper"},"innerBlocks":[],"innerHTML":"\n<p class=\" eplus-wrapper\">Typowy katar infekcyjny trwa <strong>oko\u0142o 7\u201310 dni<\/strong>. Je\u015bli objawy si\u0119 nasilaj\u0105 lub utrzymuj\u0105 d\u0142u\u017cej, warto skonsultowa\u0107 si\u0119 ze specjalist\u0105.<\/p>\n","innerContent":["\n<p class=\" eplus-wrapper\">Typowy katar infekcyjny trwa <strong>oko\u0142o 7\u201310 dni<\/strong>. Je\u015bli objawy si\u0119 nasilaj\u0105 lub utrzymuj\u0105 d\u0142u\u017cej, warto skonsultowa\u0107 si\u0119 ze specjalist\u0105.<\/p>\n"]},{"blockName":"core\/heading","attrs":{"level":3,"className":"","epAnimationGeneratedClass":"edplus_anim-V7Dx6F","epGeneratedClass":"eplus-wrapper"},"innerBlocks":[],"innerHTML":"\n<h3 class=\" wp-block-heading eplus-wrapper\">Czy u niemowl\u0105t trzeba usuwa\u0107 katar nawet, je\u015bli jest przezroczysty?<\/h3>\n","innerContent":["\n<h3 class=\" wp-block-heading eplus-wrapper\">Czy u niemowl\u0105t trzeba usuwa\u0107 katar nawet, je\u015bli jest przezroczysty?<\/h3>\n"]},{"blockName":"core\/paragraph","attrs":{"className":"","epAnimationGeneratedClass":"edplus_anim-yGvzM7","epGeneratedClass":"eplus-wrapper"},"innerBlocks":[],"innerHTML":"\n<p class=\" eplus-wrapper\">Tak. U niemowl\u0105t <strong>ka\u017cdy katar mo\u017ce utrudnia\u0107 oddychanie<\/strong>, dlatego regularne usuwanie wydzieliny jest kluczowe \u2013 niezale\u017cnie od jej koloru.<\/p>\n","innerContent":["\n<p class=\" eplus-wrapper\">Tak. U niemowl\u0105t <strong>ka\u017cdy katar mo\u017ce utrudnia\u0107 oddychanie<\/strong>, dlatego regularne usuwanie wydzieliny jest kluczowe \u2013 niezale\u017cnie od jej koloru.<\/p>\n"]}],"meta_data":false,"featured_image":{"url":"https:\/\/katarek.pl\/wp-content\/uploads\/2026\/04\/Projektbeznazwy72-1024x768.webp"},"main_category":{"name":"Aspiracja"},"prev_page":false,"next_page":{"slug":"wyprawka-dla-chorego-dziecka-co-warto-miec-pod-reka-gdy-zachoruje-noworodek-lub-niemowle"},"_links":{"self":[{"href":"https:\/\/katarek.pl\/index.php\/wp-json\/wp\/v2\/posts\/6102","targetHints":{"allow":["GET"]}}],"collection":[{"href":"https:\/\/katarek.pl\/index.php\/wp-json\/wp\/v2\/posts"}],"about":[{"href":"https:\/\/katarek.pl\/index.php\/wp-json\/wp\/v2\/types\/post"}],"author":[{"embeddable":true,"href":"https:\/\/katarek.pl\/index.php\/wp-json\/wp\/v2\/users\/9"}],"replies":[{"embeddable":true,"href":"https:\/\/katarek.pl\/index.php\/wp-json\/wp\/v2\/comments?post=6102"}],"version-history":[{"count":4,"href":"https:\/\/katarek.pl\/index.php\/wp-json\/wp\/v2\/posts\/6102\/revisions"}],"predecessor-version":[{"id":6123,"href":"https:\/\/katarek.pl\/index.php\/wp-json\/wp\/v2\/posts\/6102\/revisions\/6123"}],"wp:featuredmedia":[{"embeddable":true,"href":"https:\/\/katarek.pl\/index.php\/wp-json\/wp\/v2\/media\/6105"}],"wp:attachment":[{"href":"https:\/\/katarek.pl\/index.php\/wp-json\/wp\/v2\/media?parent=6102"}],"wp:term":[{"taxonomy":"category","embeddable":true,"href":"https:\/\/katarek.pl\/index.php\/wp-json\/wp\/v2\/categories?post=6102"},{"taxonomy":"post_tag","embeddable":true,"href":"https:\/\/katarek.pl\/index.php\/wp-json\/wp\/v2\/tags?post=6102"}],"curies":[{"name":"wp","href":"https:\/\/api.w.org\/{rel}","templated":true}]}}