{"id":5769,"date":"2026-03-25T16:24:47","date_gmt":"2026-03-25T15:24:47","guid":{"rendered":"https:\/\/katarek.pl\/?p=5769"},"modified":"2026-03-25T16:24:48","modified_gmt":"2026-03-25T15:24:48","slug":"wyprawka-higieniczna-2026","status":"publish","type":"post","link":"https:\/\/katarek.pl\/wyprawka-higieniczna-2026\/","title":{"rendered":"Wyprawka higieniczna 2026: Lista &#8222;must-have&#8221; dla przysz\u0142ych rodzic\u00f3w"},"content":{"rendered":"<p>Aby zapewni\u0107 noworodkowi pe\u0142n\u0105 higien\u0119 i bezpiecze\u0144stwo od pierwszego dnia, w Twojej wyprawce musz\u0105 znale\u017a\u0107 si\u0119: <strong>ja\u0142owe gaziki bawe\u0142niane, pieluszki tetrowe, aspirator kataru, sterylna s&oacute;l fizjologiczna 0,9% oraz delikatne kosmetyki emolientowe.<\/strong> Te 5 produkt&oacute;w to absolutne minimum, kt&oacute;re pozwoli Ci zareagowa\u0107 na katar, ulewanie czy piel\u0119gnacj\u0119 p\u0119pka natychmiast po powrocie ze szpitala.<\/p>\n<p>Dlaczego higiena nosa powinna by\u0107 priorytetem w wyprawce?<\/p>\n<p><strong>Noworodki i niemowl\u0119ta oddychaj\u0105 niemal\u017ce wy\u0142\u0105cznie przez nos<\/strong>, a ich drogi oddechowe s\u0105 bardzo w\u0105skie. Nawet niewielka ilo\u015b\u0107 wydzieliny lub zaschni\u0119te resztki mleka po ulewaniu mog\u0105 powodowa\u0107 dyskomfort, trudno\u015bci w karmieniu i problemy ze snem.<\/p>\n<p>Wyprawka higieniczna 2026 stawia na prewencj\u0119 &ndash; <strong>posiadanie aspiratora i soli fizjologicznej &bdquo;pod r\u0119k\u0105&rdquo; pozwala na natychmiastow\u0105 reakcj\u0119<\/strong>. Nie czekaj z zakupem do pierwszej nocy z katarem. Sklepy i apteki mog\u0105 by\u0107 wtedy zamkni\u0119te, a stres zwi\u0105zany z p\u0142aczem dusz\u0105cego si\u0119 malucha jest ogromny.<\/p>\n<h2>Lista niezb\u0119dnych akcesori&oacute;w higienicznych dla noworodka<\/h2>\n<p>Przygotowanie zestawu ratunkowego to fundament \u015bwiadomego rodzicielstwa. Oto produkty, kt&oacute;re realnie u\u0142atwiaj\u0105 \u017cycie:<\/p>\n<ul>\n<li><strong>Gaziki ja\u0142owe<\/strong> &#8211; Niezast\u0105pione do przemywania oczu (zawsze od zewn\u0119trznego k\u0105cika do wewn\u0105trz) oraz piel\u0119gnacji kikuta p\u0119powiny.<\/li>\n<li><strong>Pieluszki tetrowe i mu\u015blinowe<\/strong> &#8211; Cho\u0107 kr&oacute;luj\u0105 &#8222;pampersy&#8221;, klasyczna tetra jest niezb\u0119dna do wycierania buzi czy podk\u0142adania pod g\u0142&oacute;wk\u0119.<\/li>\n<li><strong>Aspirator kataru <\/strong>&#8211; Modele takie jak <a href=\"https:\/\/katarek.pl\/produkt\/katarek-simple\/\">Katarek Simple<\/a> czy <a href=\"https:\/\/katarek.pl\/produkt\/aspirator-katarek-complete-secure\/\">Katarek Complete Secure+<\/a> wykorzystuj\u0105 jednostajn\u0105 si\u0142\u0119 ss\u0105c\u0105 odkurzacza, co pozwala bezpiecznie usun\u0105\u0107 katar nawet z g\u0142\u0119bokich partii nosa.<\/li>\n<li><strong>S&oacute;l fizjologiczna NaCl 0,9%<\/strong> &#8211; Wybieraj ampu\u0142ki <a href=\"https:\/\/katarek.pl\/produkt\/katarek-fizjologiczny-roztwor-soli\/\">soli fizjologiczniej 0,9%<\/a>, kt&oacute;re pomog\u0105 w higienie nosa, oczu, nosa, przemywaniu ran, a tak\u017ce do nebulizacji.<\/li>\n<li><strong>Kosmetyki emolientowe<\/strong> &#8211; Delikatne \u017cele do mycia, <a href=\"https:\/\/katarek.pl\/produkt\/katarek-nawilzajaca-masc-do-nosa-z-prebiotykiem\/\">ma\u015bci<\/a> i kremy ochronne, kt&oacute;re nie naruszaj\u0105 naturalnego pH sk&oacute;ry noworodka.<\/li>\n<\/ul>\n<h2>Czy aspirator do odkurzacza to obowi\u0105zkowy element wyprawki?<\/h2>\n<p><strong>Tak, aspirator pod\u0142\u0105czany do odkurzacza jest elementem obowi\u0105zkowym<\/strong>, poniewa\u017c jako jedyny zapewnia sta\u0142\u0105 i bezpiecznie zredukowan\u0105 si\u0142\u0119 ss\u0105c\u0105, zdoln\u0105 usun\u0105\u0107 g\u0119st\u0105 wydzielin\u0119, kt&oacute;rej nie pokona gruszka ani aspiratory ustne. Aspirator mo\u017ce r&oacute;wnie\u017c s\u0142u\u017cy\u0107 do usuwania ulanej tre\u015bci pokarmowej, kt&oacute;ra potrafi zalega\u0107 w nosku niemowlaka.<\/p>\n<p>Wielu rodzic&oacute;w obawia si\u0119 mocy odkurzacza, jednak konstrukcja <a href=\"https:\/\/katarek.pl\/kategoria-produktu\/aspiratory\/\">aspirator&oacute;w Katarek <\/a>redukuje j\u0105 do bezpiecznego poziomu, co potwierdzaj\u0105 certyfikaty wyrobu medycznego. To inwestycja w zdrowie &ndash; dro\u017cny nos to mniejsze ryzyko powik\u0142a\u0144, takich jak zapalenie ucha czy oskrzeli.<\/p>\n<h2>Checklista wyprawkowa dla przysz\u0142ych rodzic&oacute;w (do pobrania)<\/h2>\n<p>Skorzystaj z poni\u017cszej tabeli, aby upewni\u0107 si\u0119, \u017ce masz wszystko, czego potrzebujesz przed powrotem ze szpitala:<\/p>\n<table class=\"d-table\">\n<tbody>\n<tr>\n<td><strong>Kategoria<\/strong><\/td>\n<td><strong>Produkt<\/strong><\/td>\n<td><strong>Przeznaczenie<\/strong><\/td>\n<\/tr>\n<tr>\n<td><strong>Nos i drogi oddechowe<\/strong><\/td>\n<td>Aspirator<\/td>\n<td>Usuwanie kataru i zalegaj\u0105cej wydzieliny<\/td>\n<\/tr>\n<tr>\n<td><strong>Piel\u0119gnacja codzienna<\/strong><\/td>\n<td>S&oacute;l fizjologiczna 0,9%<\/td>\n<td>Higiena nosa, oczu i nebulizacja<\/td>\n<\/tr>\n<tr>\n<td><strong>Higiena p\u0119pka i oczu<\/strong><\/td>\n<td>Gaziki ja\u0142owe<\/td>\n<td>Bezpieczne przemywanie delikatnych miejsc<\/td>\n<\/tr>\n<tr>\n<td><strong>Akcesoria pomocnicze<\/strong><\/td>\n<td>Pieluchy tetrowe<\/td>\n<td>Ochrona ubra\u0144, wycieranie buzi<\/td>\n<\/tr>\n<tr>\n<td><strong>K\u0105piel i ochrona<\/strong><\/td>\n<td>Emolienty 0+<\/td>\n<td>Mycie i nawil\u017canie bez podra\u017cnie\u0144<\/td>\n<\/tr>\n<\/tbody>\n<\/table>\n<h2>Wybierz produkty dostosowane do potrzeb Twojego malucha<\/h2>\n<p>Wyprawka higieniczna 2026 to co\u015b wi\u0119cej ni\u017c kosmetyki &ndash; to Tw&oacute;j system wsparcia w sytuacjach kryzysowych. Marka Katarek, obecna na rynku od lat, dostarcza rozwi\u0105za\u0144, kt&oacute;re czyni\u0105 higien\u0119 nosa prost\u0105 i skuteczn\u0105. Pami\u0119taj: <strong>aspirator i s&oacute;l fizjologiczna s\u0105 tak samo wa\u017cne jak pierwsze pieluchy.<\/strong> Skorzystaj z naszych wskaz&oacute;wek i miej pewno\u015b\u0107, \u017ce Twoja wyrawka nie zawiedzie Was w pierwszych wsp&oacute;lnych tygodniach!<\/p>\n<h2>FAQ<\/h2>\n<h3>Czy aspirator Katarek mo\u017cna stosowa\u0107 od 1. dnia \u017cycia?<\/h3>\n<p>Tak, konstrukcja aspiratora bezpiecznie redukuje si\u0142\u0119 ss\u0105c\u0105 odkurzacza, co pozwala na stosowanie go u noworodk&oacute;w ju\u017c od pierwszych dni \u017cycia.<\/p>\n<h3>Czy s&oacute;l fizjologiczna nadaje si\u0119 do nebulizacji?<\/h3>\n<p>Tak, sterylny roztw&oacute;r NaCl 0,9% (np. <a href=\"https:\/\/katarek.pl\/produkt\/katarek-secure-roztwor-soli-fizjologiczny-naci-09-20x5-ml\/\">Katarek Secure+<\/a>) jest idealny zar&oacute;wno do higieny nosa, jak i do nebulizacji w celu nawil\u017cenia dr&oacute;g oddechowych.<\/p>\n<h3>Jakie akcesoria do higieny nosa i nebulizacji kupi\u0107 przed porodem?<\/h3>\n<p>Zaleca si\u0119 zakup aspiratora kataru, zapasu ampu\u0142ek soli fizycznej 0,9% oraz opcjonalnie cichego nebulizatora kompresorowego (np. <a href=\"https:\/\/katarek.pl\/produkt\/katarek-inhalo\/\">Katarek Inhalo<\/a>), kt&oacute;ry przyda si\u0119 przy pierwszych infekcjach.<\/p>\n<h3>Czy aspiratorem mo\u017cna usuwa\u0107 wy\u0142\u0105cznie katar?<\/h3>\n<p>Katar u niemowl\u0119cia jest g\u0142&oacute;wnym powodem u\u017cywania aspiratora, jednak urz\u0105dzenie to przydaje si\u0119 r&oacute;wnie\u017c do usuwania zalegaj\u0105cego w nosie pokarmu.<br \/>\n<script type=\"application\/ld+json\"><br \/>\n{<br \/>\n  \"@context\": \"https:\/\/schema.org\",<br \/>\n  \"@type\": \"FAQPage\",<br \/>\n  \"mainEntity\": [<br \/>\n    {<br \/>\n      \"@type\": \"Question\",<br \/>\n      \"name\": \"Czy aspirator Katarek mo\u017cna stosowa\u0107 od 1. dnia \u017cycia?\",<br \/>\n      \"acceptedAnswer\": {<br \/>\n        \"@type\": \"Answer\",<br \/>\n        \"text\": \"Tak, konstrukcja aspiratora bezpiecznie redukuje si\u0142\u0119 ss\u0105c\u0105 odkurzacza, co pozwala na stosowanie go u noworodk\u00f3w ju\u017c od pierwszych dni \u017cycia.\"<br \/>\n      }<br \/>\n    },<br \/>\n    {<br \/>\n      \"@type\": \"Question\",<br \/>\n      \"name\": \"Czy s\u00f3l fizjologiczna nadaje si\u0119 do nebulizacji?\",<br \/>\n      \"acceptedAnswer\": {<br \/>\n        \"@type\": \"Answer\",<br \/>\n        \"text\": \"Tak, sterylny roztw\u00f3r NaCl 0,9% (np. Katarek Secure+) jest idealny zar\u00f3wno do higieny nosa, jak i do nebulizacji w celu nawil\u017cenia dr\u00f3g oddechowych.\"<br \/>\n      }<br \/>\n    },<br \/>\n    {<br \/>\n      \"@type\": \"Question\",<br \/>\n      \"name\": \"Jakie akcesoria do higieny nosa i nebulizacji kupi\u0107 przed porodem?\",<br \/>\n      \"acceptedAnswer\": {<br \/>\n        \"@type\": \"Answer\",<br \/>\n        \"text\": \"Zaleca si\u0119 zakup aspiratora kataru, zapasu ampu\u0142ek soli fizycznej 0,9% oraz opcjonalnie cichego nebulizatora kompresorowego (np. Katarek Inhalo), kt\u00f3ry przyda si\u0119 przy pierwszych infekcjach.\"<br \/>\n      }<br \/>\n    },<br \/>\n    {<br \/>\n      \"@type\": \"Question\",<br \/>\n      \"name\": \"Czy aspiratorem mo\u017cna usuwa\u0107 wy\u0142\u0105cznie katar?\",<br \/>\n      \"acceptedAnswer\": {<br \/>\n        \"@type\": \"Answer\",<br \/>\n        \"text\": \"Katar u niemowl\u0119cia jest g\u0142\u00f3wnym powodem u\u017cywania aspiratora, jednak urz\u0105dzenie to przydaje si\u0119 r\u00f3wnie\u017c do usuwania zalegaj\u0105cego w nosie pokarmu.\"<br \/>\n      }<br \/>\n    }<br \/>\n  ]<br \/>\n}<br \/>\n<\/script><\/p>\n","protected":false},"excerpt":"Aby zapewni\u0107 noworodkowi pe\u0142n\u0105 higien\u0119 i bezpiecze\u0144stwo od pierwszego dnia, w Twojej wyprawce musz\u0105 znale\u017a\u0107 si\u0119: ja\u0142owe gaziki bawe\u0142niane, pieluszki tetrowe, aspirator kataru, sterylna s&oacute;l fizjologiczna 0,9% oraz delikatne kosmetyki emolientowe. Te 5 produkt&oacute;w to absolutne minimum, kt&oacute;re pozwoli Ci zareagowa\u0107 na katar, ulewanie czy piel\u0119gnacj\u0119 p\u0119pka natychmiast po powrocie ze szpitala. Dlaczego higiena nosa [&hellip;]","author":9,"featured_media":5771,"comment_status":"closed","ping_status":"open","sticky":false,"template":"","format":"standard","meta":{"_acf_changed":false,"inline_featured_image":false,"editor_plus_copied_stylings":"{}","footnotes":""},"categories":[43,28,51],"tags":[],"class_list":["post-5769","post","type-post","status-publish","format-standard","has-post-thumbnail","hentry","category-ciaza","category-dziecko","category-porod-i-polog"],"yoast_head":"<!-- This site is optimized with the Yoast SEO plugin v27.4 - https:\/\/yoast.com\/product\/yoast-seo-wordpress\/ -->\n<title>Wyprawka higieniczna 2026: Lista &quot;must-have&quot; dla przysz\u0142ych rodzic\u00f3w - katarek.pl<\/title>\n<meta name=\"description\" content=\"Wyprawka higieniczna 2026, czyli pe\u0142na lista &quot;must-have&quot; dla przysz\u0142ych rodzic\u00f3w. Nie daj si\u0119 zaskoczy\u0107! Przygotuj si\u0119 na start z naszym nowym poradnikiem.\" \/>\n<meta name=\"robots\" content=\"index, follow, max-snippet:-1, max-image-preview:large, max-video-preview:-1\" \/>\n<link rel=\"canonical\" href=\"https:\/\/katarek.pl\/wyprawka-higieniczna-2026\/\" \/>\n<meta property=\"og:locale\" content=\"pl_PL\" \/>\n<meta property=\"og:type\" content=\"article\" \/>\n<meta property=\"og:title\" content=\"Wyprawka higieniczna 2026: Lista &quot;must-have&quot; dla przysz\u0142ych rodzic\u00f3w - katarek.pl\" \/>\n<meta property=\"og:description\" content=\"Wyprawka higieniczna 2026, czyli pe\u0142na lista &quot;must-have&quot; dla przysz\u0142ych rodzic\u00f3w. Nie daj si\u0119 zaskoczy\u0107! Przygotuj si\u0119 na start z naszym nowym poradnikiem.\" \/>\n<meta property=\"og:url\" content=\"https:\/\/katarek.pl\/wyprawka-higieniczna-2026\/\" \/>\n<meta property=\"og:site_name\" content=\"katarek.pl\" \/>\n<meta property=\"article:published_time\" content=\"2026-03-25T15:24:47+00:00\" \/>\n<meta property=\"article:modified_time\" content=\"2026-03-25T15:24:48+00:00\" \/>\n<meta property=\"og:image\" content=\"https:\/\/katarek.pl\/wp-content\/uploads\/2026\/03\/wyprawka-higieniczna-2026-must-have.jpg\" \/>\n\t<meta property=\"og:image:width\" content=\"1600\" \/>\n\t<meta property=\"og:image:height\" content=\"1200\" \/>\n\t<meta property=\"og:image:type\" content=\"image\/jpeg\" \/>\n<meta name=\"author\" content=\"Katarek\" \/>\n<meta name=\"twitter:card\" content=\"summary_large_image\" \/>\n<meta name=\"twitter:label1\" content=\"Napisane przez\" \/>\n\t<meta name=\"twitter:data1\" content=\"Katarek\" \/>\n\t<meta name=\"twitter:label2\" content=\"Szacowany czas czytania\" \/>\n\t<meta name=\"twitter:data2\" content=\"4 minuty\" \/>\n<script type=\"application\/ld+json\" class=\"yoast-schema-graph\">{\"@context\":\"https:\\\/\\\/schema.org\",\"@graph\":[{\"@type\":\"Article\",\"@id\":\"https:\\\/\\\/katarek.pl\\\/wyprawka-higieniczna-2026\\\/#article\",\"isPartOf\":{\"@id\":\"https:\\\/\\\/katarek.pl\\\/wyprawka-higieniczna-2026\\\/\"},\"author\":{\"name\":\"Katarek\",\"@id\":\"https:\\\/\\\/katarek.pl\\\/#\\\/schema\\\/person\\\/221b283ff04cb47298d8ae0b2cc64485\"},\"headline\":\"Wyprawka higieniczna 2026: Lista &#8222;must-have&#8221; dla przysz\u0142ych rodzic\u00f3w\",\"datePublished\":\"2026-03-25T15:24:47+00:00\",\"dateModified\":\"2026-03-25T15:24:48+00:00\",\"mainEntityOfPage\":{\"@id\":\"https:\\\/\\\/katarek.pl\\\/wyprawka-higieniczna-2026\\\/\"},\"wordCount\":743,\"image\":{\"@id\":\"https:\\\/\\\/katarek.pl\\\/wyprawka-higieniczna-2026\\\/#primaryimage\"},\"thumbnailUrl\":\"https:\\\/\\\/katarek.pl\\\/wp-content\\\/uploads\\\/2026\\\/03\\\/wyprawka-higieniczna-2026-must-have.jpg\",\"articleSection\":[\"Ci\u0105\u017ca\",\"Dziecko\",\"Por\u00f3d i po\u0142\u00f3g\"],\"inLanguage\":\"pl-PL\"},{\"@type\":\"WebPage\",\"@id\":\"https:\\\/\\\/katarek.pl\\\/wyprawka-higieniczna-2026\\\/\",\"url\":\"https:\\\/\\\/katarek.pl\\\/wyprawka-higieniczna-2026\\\/\",\"name\":\"Wyprawka higieniczna 2026: Lista \\\"must-have\\\" dla przysz\u0142ych rodzic\u00f3w - katarek.pl\",\"isPartOf\":{\"@id\":\"https:\\\/\\\/katarek.pl\\\/#website\"},\"primaryImageOfPage\":{\"@id\":\"https:\\\/\\\/katarek.pl\\\/wyprawka-higieniczna-2026\\\/#primaryimage\"},\"image\":{\"@id\":\"https:\\\/\\\/katarek.pl\\\/wyprawka-higieniczna-2026\\\/#primaryimage\"},\"thumbnailUrl\":\"https:\\\/\\\/katarek.pl\\\/wp-content\\\/uploads\\\/2026\\\/03\\\/wyprawka-higieniczna-2026-must-have.jpg\",\"datePublished\":\"2026-03-25T15:24:47+00:00\",\"dateModified\":\"2026-03-25T15:24:48+00:00\",\"author\":{\"@id\":\"https:\\\/\\\/katarek.pl\\\/#\\\/schema\\\/person\\\/221b283ff04cb47298d8ae0b2cc64485\"},\"description\":\"Wyprawka higieniczna 2026, czyli pe\u0142na lista \\\"must-have\\\" dla przysz\u0142ych rodzic\u00f3w. Nie daj si\u0119 zaskoczy\u0107! Przygotuj si\u0119 na start z naszym nowym poradnikiem.\",\"breadcrumb\":{\"@id\":\"https:\\\/\\\/katarek.pl\\\/wyprawka-higieniczna-2026\\\/#breadcrumb\"},\"inLanguage\":\"pl-PL\",\"potentialAction\":[{\"@type\":\"ReadAction\",\"target\":[\"https:\\\/\\\/katarek.pl\\\/wyprawka-higieniczna-2026\\\/\"]}]},{\"@type\":\"ImageObject\",\"inLanguage\":\"pl-PL\",\"@id\":\"https:\\\/\\\/katarek.pl\\\/wyprawka-higieniczna-2026\\\/#primaryimage\",\"url\":\"https:\\\/\\\/katarek.pl\\\/wp-content\\\/uploads\\\/2026\\\/03\\\/wyprawka-higieniczna-2026-must-have.jpg\",\"contentUrl\":\"https:\\\/\\\/katarek.pl\\\/wp-content\\\/uploads\\\/2026\\\/03\\\/wyprawka-higieniczna-2026-must-have.jpg\",\"width\":1600,\"height\":1200,\"caption\":\"Wyprawka higieniczna 2026, czyli pe\u0142na lista \\\"must-have\\\" dla przysz\u0142ych rodzic\u00f3w\"},{\"@type\":\"BreadcrumbList\",\"@id\":\"https:\\\/\\\/katarek.pl\\\/wyprawka-higieniczna-2026\\\/#breadcrumb\",\"itemListElement\":[{\"@type\":\"ListItem\",\"position\":1,\"name\":\"Home\",\"item\":\"https:\\\/\\\/katarek.pl\\\/\"},{\"@type\":\"ListItem\",\"position\":2,\"name\":\"Blog\",\"item\":\"https:\\\/\\\/katarek.pl\\\/blog\\\/\"},{\"@type\":\"ListItem\",\"position\":3,\"name\":\"Wyprawka higieniczna 2026: Lista &#8222;must-have&#8221; dla przysz\u0142ych rodzic\u00f3w\"}]},{\"@type\":\"WebSite\",\"@id\":\"https:\\\/\\\/katarek.pl\\\/#website\",\"url\":\"https:\\\/\\\/katarek.pl\\\/\",\"name\":\"katarek.pl\",\"description\":\"\",\"potentialAction\":[{\"@type\":\"SearchAction\",\"target\":{\"@type\":\"EntryPoint\",\"urlTemplate\":\"https:\\\/\\\/katarek.pl\\\/?s={search_term_string}\"},\"query-input\":{\"@type\":\"PropertyValueSpecification\",\"valueRequired\":true,\"valueName\":\"search_term_string\"}}],\"inLanguage\":\"pl-PL\"},{\"@type\":\"Person\",\"@id\":\"https:\\\/\\\/katarek.pl\\\/#\\\/schema\\\/person\\\/221b283ff04cb47298d8ae0b2cc64485\",\"name\":\"Katarek\",\"url\":\"https:\\\/\\\/katarek.pl\\\/author\\\/sklepduna-biz-pl\\\/\"}]}<\/script>\n<!-- \/ Yoast SEO plugin. -->","yoast_head_json":{"title":"Wyprawka higieniczna 2026: Lista \"must-have\" dla przysz\u0142ych rodzic\u00f3w - katarek.pl","description":"Wyprawka higieniczna 2026, czyli pe\u0142na lista \"must-have\" dla przysz\u0142ych rodzic\u00f3w. Nie daj si\u0119 zaskoczy\u0107! Przygotuj si\u0119 na start z naszym nowym poradnikiem.","robots":{"index":"index","follow":"follow","max-snippet":"max-snippet:-1","max-image-preview":"max-image-preview:large","max-video-preview":"max-video-preview:-1"},"canonical":"https:\/\/katarek.pl\/wyprawka-higieniczna-2026\/","og_locale":"pl_PL","og_type":"article","og_title":"Wyprawka higieniczna 2026: Lista \"must-have\" dla przysz\u0142ych rodzic\u00f3w - katarek.pl","og_description":"Wyprawka higieniczna 2026, czyli pe\u0142na lista \"must-have\" dla przysz\u0142ych rodzic\u00f3w. Nie daj si\u0119 zaskoczy\u0107! Przygotuj si\u0119 na start z naszym nowym poradnikiem.","og_url":"https:\/\/katarek.pl\/wyprawka-higieniczna-2026\/","og_site_name":"katarek.pl","article_published_time":"2026-03-25T15:24:47+00:00","article_modified_time":"2026-03-25T15:24:48+00:00","og_image":[{"width":1600,"height":1200,"url":"https:\/\/katarek.pl\/wp-content\/uploads\/2026\/03\/wyprawka-higieniczna-2026-must-have.jpg","type":"image\/jpeg"}],"author":"Katarek","twitter_card":"summary_large_image","twitter_misc":{"Napisane przez":"Katarek","Szacowany czas czytania":"4 minuty"},"schema":{"@context":"https:\/\/schema.org","@graph":[{"@type":"Article","@id":"https:\/\/katarek.pl\/wyprawka-higieniczna-2026\/#article","isPartOf":{"@id":"https:\/\/katarek.pl\/wyprawka-higieniczna-2026\/"},"author":{"name":"Katarek","@id":"https:\/\/katarek.pl\/#\/schema\/person\/221b283ff04cb47298d8ae0b2cc64485"},"headline":"Wyprawka higieniczna 2026: Lista &#8222;must-have&#8221; dla przysz\u0142ych rodzic\u00f3w","datePublished":"2026-03-25T15:24:47+00:00","dateModified":"2026-03-25T15:24:48+00:00","mainEntityOfPage":{"@id":"https:\/\/katarek.pl\/wyprawka-higieniczna-2026\/"},"wordCount":743,"image":{"@id":"https:\/\/katarek.pl\/wyprawka-higieniczna-2026\/#primaryimage"},"thumbnailUrl":"https:\/\/katarek.pl\/wp-content\/uploads\/2026\/03\/wyprawka-higieniczna-2026-must-have.jpg","articleSection":["Ci\u0105\u017ca","Dziecko","Por\u00f3d i po\u0142\u00f3g"],"inLanguage":"pl-PL"},{"@type":"WebPage","@id":"https:\/\/katarek.pl\/wyprawka-higieniczna-2026\/","url":"https:\/\/katarek.pl\/wyprawka-higieniczna-2026\/","name":"Wyprawka higieniczna 2026: Lista \"must-have\" dla przysz\u0142ych rodzic\u00f3w - katarek.pl","isPartOf":{"@id":"https:\/\/katarek.pl\/#website"},"primaryImageOfPage":{"@id":"https:\/\/katarek.pl\/wyprawka-higieniczna-2026\/#primaryimage"},"image":{"@id":"https:\/\/katarek.pl\/wyprawka-higieniczna-2026\/#primaryimage"},"thumbnailUrl":"https:\/\/katarek.pl\/wp-content\/uploads\/2026\/03\/wyprawka-higieniczna-2026-must-have.jpg","datePublished":"2026-03-25T15:24:47+00:00","dateModified":"2026-03-25T15:24:48+00:00","author":{"@id":"https:\/\/katarek.pl\/#\/schema\/person\/221b283ff04cb47298d8ae0b2cc64485"},"description":"Wyprawka higieniczna 2026, czyli pe\u0142na lista \"must-have\" dla przysz\u0142ych rodzic\u00f3w. Nie daj si\u0119 zaskoczy\u0107! Przygotuj si\u0119 na start z naszym nowym poradnikiem.","breadcrumb":{"@id":"https:\/\/katarek.pl\/wyprawka-higieniczna-2026\/#breadcrumb"},"inLanguage":"pl-PL","potentialAction":[{"@type":"ReadAction","target":["https:\/\/katarek.pl\/wyprawka-higieniczna-2026\/"]}]},{"@type":"ImageObject","inLanguage":"pl-PL","@id":"https:\/\/katarek.pl\/wyprawka-higieniczna-2026\/#primaryimage","url":"https:\/\/katarek.pl\/wp-content\/uploads\/2026\/03\/wyprawka-higieniczna-2026-must-have.jpg","contentUrl":"https:\/\/katarek.pl\/wp-content\/uploads\/2026\/03\/wyprawka-higieniczna-2026-must-have.jpg","width":1600,"height":1200,"caption":"Wyprawka higieniczna 2026, czyli pe\u0142na lista \"must-have\" dla przysz\u0142ych rodzic\u00f3w"},{"@type":"BreadcrumbList","@id":"https:\/\/katarek.pl\/wyprawka-higieniczna-2026\/#breadcrumb","itemListElement":[{"@type":"ListItem","position":1,"name":"Home","item":"https:\/\/katarek.pl\/"},{"@type":"ListItem","position":2,"name":"Blog","item":"https:\/\/katarek.pl\/blog\/"},{"@type":"ListItem","position":3,"name":"Wyprawka higieniczna 2026: Lista &#8222;must-have&#8221; dla przysz\u0142ych rodzic\u00f3w"}]},{"@type":"WebSite","@id":"https:\/\/katarek.pl\/#website","url":"https:\/\/katarek.pl\/","name":"katarek.pl","description":"","potentialAction":[{"@type":"SearchAction","target":{"@type":"EntryPoint","urlTemplate":"https:\/\/katarek.pl\/?s={search_term_string}"},"query-input":{"@type":"PropertyValueSpecification","valueRequired":true,"valueName":"search_term_string"}}],"inLanguage":"pl-PL"},{"@type":"Person","@id":"https:\/\/katarek.pl\/#\/schema\/person\/221b283ff04cb47298d8ae0b2cc64485","name":"Katarek","url":"https:\/\/katarek.pl\/author\/sklepduna-biz-pl\/"}]}},"acf":[],"gutenberg_blocks":[{"blockName":"custom-styles","attrs":{"styles":""}}],"meta_data":false,"featured_image":{"url":"https:\/\/katarek.pl\/wp-content\/uploads\/2026\/03\/wyprawka-higieniczna-2026-must-have-1024x768.jpg"},"main_category":{"name":"Ci\u0105\u017ca"},"prev_page":{"slug":"jak-wspierac-odpornosc-niemowlat-i-noworodkow-porady-dla-mlodych-mam-dziecko-0-12-miesiecy"},"next_page":{"slug":"jaki-wybrac-nebulizator-jakich-uniknac-pulapek"},"_links":{"self":[{"href":"https:\/\/katarek.pl\/index.php\/wp-json\/wp\/v2\/posts\/5769","targetHints":{"allow":["GET"]}}],"collection":[{"href":"https:\/\/katarek.pl\/index.php\/wp-json\/wp\/v2\/posts"}],"about":[{"href":"https:\/\/katarek.pl\/index.php\/wp-json\/wp\/v2\/types\/post"}],"author":[{"embeddable":true,"href":"https:\/\/katarek.pl\/index.php\/wp-json\/wp\/v2\/users\/9"}],"replies":[{"embeddable":true,"href":"https:\/\/katarek.pl\/index.php\/wp-json\/wp\/v2\/comments?post=5769"}],"version-history":[{"count":2,"href":"https:\/\/katarek.pl\/index.php\/wp-json\/wp\/v2\/posts\/5769\/revisions"}],"predecessor-version":[{"id":5855,"href":"https:\/\/katarek.pl\/index.php\/wp-json\/wp\/v2\/posts\/5769\/revisions\/5855"}],"wp:featuredmedia":[{"embeddable":true,"href":"https:\/\/katarek.pl\/index.php\/wp-json\/wp\/v2\/media\/5771"}],"wp:attachment":[{"href":"https:\/\/katarek.pl\/index.php\/wp-json\/wp\/v2\/media?parent=5769"}],"wp:term":[{"taxonomy":"category","embeddable":true,"href":"https:\/\/katarek.pl\/index.php\/wp-json\/wp\/v2\/categories?post=5769"},{"taxonomy":"post_tag","embeddable":true,"href":"https:\/\/katarek.pl\/index.php\/wp-json\/wp\/v2\/tags?post=5769"}],"curies":[{"name":"wp","href":"https:\/\/api.w.org\/{rel}","templated":true}]}}