{"id":569,"date":"2017-03-27T14:11:34","date_gmt":"2017-03-27T14:11:34","guid":{"rendered":"https:\/\/katarek.pl\/blog\/?p=569"},"modified":"2017-03-27T14:11:34","modified_gmt":"2017-03-27T14:11:34","slug":"czy-to-jest-alergia-na","status":"publish","type":"post","link":"https:\/\/katarek.pl\/czy-to-jest-alergia-na\/","title":{"rendered":"Czy to jest alergia na&#8230;? Rozpoznaj j\u0105 i lecz! O rodzajach alergii"},"content":{"rendered":"<p><strong>Jest czas grypy, jest czas przezi\u0119bie\u0144. Rozpoczyna si\u0119 okres pyta\u0144 czy to jest alergia na&#8230;? No w\u0142a\u015bnie i tu potrzeba dobrej diagnozy. Ju\u017c lada chwila powitamy jednak wiosn\u0119, a tym samym po\u017cegnamy najzimniejszy, sprzyjaj\u0105cy zachorowaniom okres roku. Czy to jednak aby na pewno koniec kataru? Niestety, skoro wiosna, to i budz\u0105ca si\u0119 do \u017cycia ziele\u0144, kwitnienie ro\u015blin, py\u0142ki i\u2026 alergie. Gdy wiosn\u0105 przez d\u0142u\u017cszy czas bezskutecznie leczysz katar czy kaszel u swojego dziecka, mo\u017ce to oznacza\u0107 w\u0142a\u015bnie alergi\u0119.<\/strong><br \/>\n<!--more--><\/p>\n<h2>Alergia a przezi\u0119bienie<\/h2>\n<p>Alergi\u0119 \u0142atwo mylnie uto\u017csami\u0107 z przezi\u0119bieniem. Ich objawy s\u0105 takie same b\u0105d\u017a zbli\u017cone: katar, kaszel, drapanie w gardle, zaczerwienione oczy. Skoro wizyty u pediatry i kolejne przepisywane przez niego lekarstwa nie przynosz\u0105 pozytywnych rezultat\u00f3w, do akcji musz\u0105 wkroczy\u0107 sami rodzice. To znaczy rozpocz\u0105\u0107 wnikliw\u0105 obserwacj\u0119 swojego dziecka. Chodzi przede wszystkim o dostrze\u017cenie, kiedy objawy si\u0119 nasilaj\u0105. Je\u015bli nie wyst\u0119puj\u0105 stale, w spos\u00f3b ci\u0105g\u0142y, a jedynie w okre\u015blonych sytuacjach (np. po powrocie ze spaceru oraz w suche, wietrzne dni), dziecko prawdopodobnie uczulone jest na py\u0142ki okre\u015blonych ro\u015blin. Takie informacje o okoliczno\u015bciach wyst\u0119powania kataru czy kaszlu to bardzo cenna informacja dla lekarza. Na pewno pomo\u017ce mu postawi\u0107 w\u0142a\u015bciw\u0105 diagnoz\u0119.<\/p>\n<h2>Katar alergiczny &#8211; czy to jest alergia na&#8230;?<\/h2>\n<p>Na szcz\u0119\u015bcie do\u015b\u0107 \u0142atwo jest odr\u00f3\u017cni\u0107 katar towarzysz\u0105cy infekcji wirusowej od tego typowego dla alergii. Katar przy przezi\u0119bieniu wraz z up\u0142ywem czasu g\u0119stnieje i zmienia kolor (nie dlatego, \u017ce przezi\u0119bienie przeradza si\u0119 w infekcj\u0119 bakteryjn\u0105; zmiana wygl\u0105du i konsystencji kataru to naturalne zjawisko). Katar alergiczny przez ca\u0142y czas pozostaje wodnisty i ciurkiem leje si\u0119 z nosa. <a href=\"https:\/\/katarek.pl\/\">Zatkany nos u dziecka<\/a> spowodowany jest tu nie nagromadzon\u0105 wydzielin\u0105, a obrz\u0119kiem wywo\u0142anym przez alergeny. <strong>\u00a0Alergi\u0119 mo\u017cemy te\u017c rozpozna\u0107 na podstawie kaszlu<\/strong>. Jest on zawsze suchy, p\u0142ytki, gard\u0142owy, bo wywo\u0142any podra\u017cnieniem \u015bluz\u00f3wki dr\u00f3g oddechowych. Przy alergii nie dochodzi do wytwarzania g\u0119stego \u015bluzu zalegaj\u0105cego w oskrzelach. Kaszel alergiczny mo\u017ce si\u0119 nasila\u0107 rano oraz w wyniku wysi\u0142ku fizycznego.<\/p>\n<p>R\u00f3\u017cnice mi\u0119dzy przezi\u0119bieniem, a alergi\u0105 wyst\u0119puj\u0105 tak\u017ce ze wzgl\u0119du na d\u0142ugo\u015b\u0107 trwania. Przezi\u0119bienie mo\u017ce trwa\u0107 od kilku dni do dw\u00f3ch tygodni, po czasie jednak ust\u0119puje. Inaczej alergia \u2013 ta utrzymuje si\u0119 tak d\u0142ugo, jak d\u0142ugo uczulone dziecko ma kontakt z danym alergenem. Mo\u017ce wi\u0119c wyst\u0119powa\u0107 np. przez ca\u0142y miesi\u0105c, jak w przypadku brzozy. Uczuleni na jej py\u0142ki m\u0119cz\u0105 si\u0119 z katarem przez ca\u0142y kwiecie\u0144.<\/p>\n<p>Czy to oznacza, \u017ce alergia minie wraz z ko\u0144cem okresu pylenia ro\u015blin? I \u017ce w zwi\u0105zku z tym nie trzeba jej leczy\u0107? Wr\u0119cz przeciwnie. Z czasem nieleczona alergia b\u0119dzie si\u0119 pog\u0142\u0119bia\u0107. Zwyk\u0142y katar mo\u017ce rozwin\u0105\u0107 si\u0119 w alergi\u0119 kontaktow\u0105 lub wziewn\u0105, a w konsekwencji \u2013 w astm\u0119 oskrzelow\u0105.<\/p>\n<p>Alergie na py\u0142ki najcz\u0119\u015bciej objawiaj\u0105 si\u0119 u kilkulatk\u00f3w, rzadko u niemowl\u0105t. Je\u015bli ju\u017c wyst\u0105pi, to zwykle u dziecka powy\u017cej 6. miesi\u0105ca \u017cycia. Leczenie alergii polega na podawaniu \u015brodk\u00f3w przeciwuczuleniowych i rozkurczaj\u0105cych naczynia krwiono\u015bne dr\u00f3g oddechowych.<\/p>\n","protected":false},"excerpt":"Jest czas grypy, jest czas przezi\u0119bie\u0144. Rozpoczyna si\u0119 okres pyta\u0144 czy to jest alergia na&#8230;? No w\u0142a\u015bnie i tu potrzeba dobrej diagnozy. Ju\u017c lada chwila powitamy jednak wiosn\u0119, a tym samym po\u017cegnamy najzimniejszy, sprzyjaj\u0105cy zachorowaniom okres roku. Czy to jednak aby na pewno koniec kataru? Niestety, skoro wiosna, to i budz\u0105ca si\u0119 do \u017cycia ziele\u0144, [&hellip;]","author":7,"featured_media":2960,"comment_status":"open","ping_status":"open","sticky":false,"template":"","format":"standard","meta":{"_acf_changed":false,"inline_featured_image":false,"editor_plus_copied_stylings":"{}","footnotes":""},"categories":[28,41],"tags":[],"class_list":["post-569","post","type-post","status-publish","format-standard","has-post-thumbnail","hentry","category-dziecko","category-zdrowie-dziecko"],"yoast_head":"<!-- This site is optimized with the Yoast SEO plugin v27.4 - https:\/\/yoast.com\/product\/yoast-seo-wordpress\/ -->\n<title>Czy to jest alergia na...? Rozpoznaj j\u0105 i lecz! O rodzajach alergii - katarek.pl<\/title>\n<meta name=\"description\" content=\"Alergi\u0119 \u0142atwo mylnie uto\u017csami\u0107 z przezi\u0119bieniem. Ich objawy s\u0105 takie same b\u0105d\u017a zbli\u017cone: katar, kaszel, drapanie w gardle, zaczerwienione oczy. Jak rozpozna\u0107 alergi\u0119?\" \/>\n<meta name=\"robots\" content=\"index, follow, max-snippet:-1, max-image-preview:large, max-video-preview:-1\" \/>\n<link rel=\"canonical\" href=\"https:\/\/katarek.pl\/czy-to-jest-alergia-na\/\" \/>\n<meta property=\"og:locale\" content=\"pl_PL\" \/>\n<meta property=\"og:type\" content=\"article\" \/>\n<meta property=\"og:title\" content=\"Czy to jest alergia na...? Rozpoznaj j\u0105 i lecz! O rodzajach alergii - katarek.pl\" \/>\n<meta property=\"og:description\" content=\"Alergi\u0119 \u0142atwo mylnie uto\u017csami\u0107 z przezi\u0119bieniem. Ich objawy s\u0105 takie same b\u0105d\u017a zbli\u017cone: katar, kaszel, drapanie w gardle, zaczerwienione oczy. Jak rozpozna\u0107 alergi\u0119?\" \/>\n<meta property=\"og:url\" content=\"https:\/\/katarek.pl\/czy-to-jest-alergia-na\/\" \/>\n<meta property=\"og:site_name\" content=\"katarek.pl\" \/>\n<meta property=\"article:published_time\" content=\"2017-03-27T14:11:34+00:00\" \/>\n<meta property=\"og:image\" content=\"https:\/\/katarek.pl\/wp-content\/uploads\/2017\/03\/czy-to-jest-alergia-na.jpg\" \/>\n\t<meta property=\"og:image:width\" content=\"2360\" \/>\n\t<meta property=\"og:image:height\" content=\"1568\" \/>\n\t<meta property=\"og:image:type\" content=\"image\/jpeg\" \/>\n<meta name=\"author\" content=\"katarek\" \/>\n<meta name=\"twitter:card\" content=\"summary_large_image\" \/>\n<meta name=\"twitter:label1\" content=\"Napisane przez\" \/>\n\t<meta name=\"twitter:data1\" content=\"katarek\" \/>\n\t<meta name=\"twitter:label2\" content=\"Szacowany czas czytania\" \/>\n\t<meta name=\"twitter:data2\" content=\"3 minuty\" \/>\n<script type=\"application\/ld+json\" class=\"yoast-schema-graph\">{\"@context\":\"https:\\\/\\\/schema.org\",\"@graph\":[{\"@type\":\"Article\",\"@id\":\"https:\\\/\\\/katarek.pl\\\/czy-to-jest-alergia-na\\\/#article\",\"isPartOf\":{\"@id\":\"https:\\\/\\\/katarek.pl\\\/czy-to-jest-alergia-na\\\/\"},\"author\":{\"name\":\"katarek\",\"@id\":\"https:\\\/\\\/katarek.pl\\\/#\\\/schema\\\/person\\\/c7267555b2aaad4c6d15146a155bc430\"},\"headline\":\"Czy to jest alergia na&#8230;? Rozpoznaj j\u0105 i lecz! O rodzajach alergii\",\"datePublished\":\"2017-03-27T14:11:34+00:00\",\"mainEntityOfPage\":{\"@id\":\"https:\\\/\\\/katarek.pl\\\/czy-to-jest-alergia-na\\\/\"},\"wordCount\":561,\"commentCount\":0,\"image\":{\"@id\":\"https:\\\/\\\/katarek.pl\\\/czy-to-jest-alergia-na\\\/#primaryimage\"},\"thumbnailUrl\":\"https:\\\/\\\/katarek.pl\\\/wp-content\\\/uploads\\\/2017\\\/03\\\/czy-to-jest-alergia-na.jpg\",\"articleSection\":[\"Dziecko\",\"Zdrowie\"],\"inLanguage\":\"pl-PL\"},{\"@type\":\"WebPage\",\"@id\":\"https:\\\/\\\/katarek.pl\\\/czy-to-jest-alergia-na\\\/\",\"url\":\"https:\\\/\\\/katarek.pl\\\/czy-to-jest-alergia-na\\\/\",\"name\":\"Czy to jest alergia na...? Rozpoznaj j\u0105 i lecz! O rodzajach alergii - katarek.pl\",\"isPartOf\":{\"@id\":\"https:\\\/\\\/katarek.pl\\\/#website\"},\"primaryImageOfPage\":{\"@id\":\"https:\\\/\\\/katarek.pl\\\/czy-to-jest-alergia-na\\\/#primaryimage\"},\"image\":{\"@id\":\"https:\\\/\\\/katarek.pl\\\/czy-to-jest-alergia-na\\\/#primaryimage\"},\"thumbnailUrl\":\"https:\\\/\\\/katarek.pl\\\/wp-content\\\/uploads\\\/2017\\\/03\\\/czy-to-jest-alergia-na.jpg\",\"datePublished\":\"2017-03-27T14:11:34+00:00\",\"author\":{\"@id\":\"https:\\\/\\\/katarek.pl\\\/#\\\/schema\\\/person\\\/c7267555b2aaad4c6d15146a155bc430\"},\"description\":\"Alergi\u0119 \u0142atwo mylnie uto\u017csami\u0107 z przezi\u0119bieniem. Ich objawy s\u0105 takie same b\u0105d\u017a zbli\u017cone: katar, kaszel, drapanie w gardle, zaczerwienione oczy. Jak rozpozna\u0107 alergi\u0119?\",\"breadcrumb\":{\"@id\":\"https:\\\/\\\/katarek.pl\\\/czy-to-jest-alergia-na\\\/#breadcrumb\"},\"inLanguage\":\"pl-PL\",\"potentialAction\":[{\"@type\":\"ReadAction\",\"target\":[\"https:\\\/\\\/katarek.pl\\\/czy-to-jest-alergia-na\\\/\"]}]},{\"@type\":\"ImageObject\",\"inLanguage\":\"pl-PL\",\"@id\":\"https:\\\/\\\/katarek.pl\\\/czy-to-jest-alergia-na\\\/#primaryimage\",\"url\":\"https:\\\/\\\/katarek.pl\\\/wp-content\\\/uploads\\\/2017\\\/03\\\/czy-to-jest-alergia-na.jpg\",\"contentUrl\":\"https:\\\/\\\/katarek.pl\\\/wp-content\\\/uploads\\\/2017\\\/03\\\/czy-to-jest-alergia-na.jpg\",\"width\":2360,\"height\":1568,\"caption\":\"czy to jest alergia\"},{\"@type\":\"BreadcrumbList\",\"@id\":\"https:\\\/\\\/katarek.pl\\\/czy-to-jest-alergia-na\\\/#breadcrumb\",\"itemListElement\":[{\"@type\":\"ListItem\",\"position\":1,\"name\":\"Home\",\"item\":\"https:\\\/\\\/katarek.pl\\\/\"},{\"@type\":\"ListItem\",\"position\":2,\"name\":\"Blog\",\"item\":\"https:\\\/\\\/katarek.pl\\\/blog\\\/\"},{\"@type\":\"ListItem\",\"position\":3,\"name\":\"Czy to jest alergia na&#8230;? Rozpoznaj j\u0105 i lecz! O rodzajach alergii\"}]},{\"@type\":\"WebSite\",\"@id\":\"https:\\\/\\\/katarek.pl\\\/#website\",\"url\":\"https:\\\/\\\/katarek.pl\\\/\",\"name\":\"katarek.pl\",\"description\":\"\",\"potentialAction\":[{\"@type\":\"SearchAction\",\"target\":{\"@type\":\"EntryPoint\",\"urlTemplate\":\"https:\\\/\\\/katarek.pl\\\/?s={search_term_string}\"},\"query-input\":{\"@type\":\"PropertyValueSpecification\",\"valueRequired\":true,\"valueName\":\"search_term_string\"}}],\"inLanguage\":\"pl-PL\"},{\"@type\":\"Person\",\"@id\":\"https:\\\/\\\/katarek.pl\\\/#\\\/schema\\\/person\\\/c7267555b2aaad4c6d15146a155bc430\",\"name\":\"katarek\",\"url\":\"https:\\\/\\\/katarek.pl\\\/author\\\/katarek\\\/\"}]}<\/script>\n<!-- \/ Yoast SEO plugin. -->","yoast_head_json":{"title":"Czy to jest alergia na...? Rozpoznaj j\u0105 i lecz! O rodzajach alergii - katarek.pl","description":"Alergi\u0119 \u0142atwo mylnie uto\u017csami\u0107 z przezi\u0119bieniem. Ich objawy s\u0105 takie same b\u0105d\u017a zbli\u017cone: katar, kaszel, drapanie w gardle, zaczerwienione oczy. Jak rozpozna\u0107 alergi\u0119?","robots":{"index":"index","follow":"follow","max-snippet":"max-snippet:-1","max-image-preview":"max-image-preview:large","max-video-preview":"max-video-preview:-1"},"canonical":"https:\/\/katarek.pl\/czy-to-jest-alergia-na\/","og_locale":"pl_PL","og_type":"article","og_title":"Czy to jest alergia na...? Rozpoznaj j\u0105 i lecz! O rodzajach alergii - katarek.pl","og_description":"Alergi\u0119 \u0142atwo mylnie uto\u017csami\u0107 z przezi\u0119bieniem. Ich objawy s\u0105 takie same b\u0105d\u017a zbli\u017cone: katar, kaszel, drapanie w gardle, zaczerwienione oczy. Jak rozpozna\u0107 alergi\u0119?","og_url":"https:\/\/katarek.pl\/czy-to-jest-alergia-na\/","og_site_name":"katarek.pl","article_published_time":"2017-03-27T14:11:34+00:00","og_image":[{"width":2360,"height":1568,"url":"https:\/\/katarek.pl\/wp-content\/uploads\/2017\/03\/czy-to-jest-alergia-na.jpg","type":"image\/jpeg"}],"author":"katarek","twitter_card":"summary_large_image","twitter_misc":{"Napisane przez":"katarek","Szacowany czas czytania":"3 minuty"},"schema":{"@context":"https:\/\/schema.org","@graph":[{"@type":"Article","@id":"https:\/\/katarek.pl\/czy-to-jest-alergia-na\/#article","isPartOf":{"@id":"https:\/\/katarek.pl\/czy-to-jest-alergia-na\/"},"author":{"name":"katarek","@id":"https:\/\/katarek.pl\/#\/schema\/person\/c7267555b2aaad4c6d15146a155bc430"},"headline":"Czy to jest alergia na&#8230;? Rozpoznaj j\u0105 i lecz! O rodzajach alergii","datePublished":"2017-03-27T14:11:34+00:00","mainEntityOfPage":{"@id":"https:\/\/katarek.pl\/czy-to-jest-alergia-na\/"},"wordCount":561,"commentCount":0,"image":{"@id":"https:\/\/katarek.pl\/czy-to-jest-alergia-na\/#primaryimage"},"thumbnailUrl":"https:\/\/katarek.pl\/wp-content\/uploads\/2017\/03\/czy-to-jest-alergia-na.jpg","articleSection":["Dziecko","Zdrowie"],"inLanguage":"pl-PL"},{"@type":"WebPage","@id":"https:\/\/katarek.pl\/czy-to-jest-alergia-na\/","url":"https:\/\/katarek.pl\/czy-to-jest-alergia-na\/","name":"Czy to jest alergia na...? Rozpoznaj j\u0105 i lecz! O rodzajach alergii - katarek.pl","isPartOf":{"@id":"https:\/\/katarek.pl\/#website"},"primaryImageOfPage":{"@id":"https:\/\/katarek.pl\/czy-to-jest-alergia-na\/#primaryimage"},"image":{"@id":"https:\/\/katarek.pl\/czy-to-jest-alergia-na\/#primaryimage"},"thumbnailUrl":"https:\/\/katarek.pl\/wp-content\/uploads\/2017\/03\/czy-to-jest-alergia-na.jpg","datePublished":"2017-03-27T14:11:34+00:00","author":{"@id":"https:\/\/katarek.pl\/#\/schema\/person\/c7267555b2aaad4c6d15146a155bc430"},"description":"Alergi\u0119 \u0142atwo mylnie uto\u017csami\u0107 z przezi\u0119bieniem. Ich objawy s\u0105 takie same b\u0105d\u017a zbli\u017cone: katar, kaszel, drapanie w gardle, zaczerwienione oczy. Jak rozpozna\u0107 alergi\u0119?","breadcrumb":{"@id":"https:\/\/katarek.pl\/czy-to-jest-alergia-na\/#breadcrumb"},"inLanguage":"pl-PL","potentialAction":[{"@type":"ReadAction","target":["https:\/\/katarek.pl\/czy-to-jest-alergia-na\/"]}]},{"@type":"ImageObject","inLanguage":"pl-PL","@id":"https:\/\/katarek.pl\/czy-to-jest-alergia-na\/#primaryimage","url":"https:\/\/katarek.pl\/wp-content\/uploads\/2017\/03\/czy-to-jest-alergia-na.jpg","contentUrl":"https:\/\/katarek.pl\/wp-content\/uploads\/2017\/03\/czy-to-jest-alergia-na.jpg","width":2360,"height":1568,"caption":"czy to jest alergia"},{"@type":"BreadcrumbList","@id":"https:\/\/katarek.pl\/czy-to-jest-alergia-na\/#breadcrumb","itemListElement":[{"@type":"ListItem","position":1,"name":"Home","item":"https:\/\/katarek.pl\/"},{"@type":"ListItem","position":2,"name":"Blog","item":"https:\/\/katarek.pl\/blog\/"},{"@type":"ListItem","position":3,"name":"Czy to jest alergia na&#8230;? Rozpoznaj j\u0105 i lecz! O rodzajach alergii"}]},{"@type":"WebSite","@id":"https:\/\/katarek.pl\/#website","url":"https:\/\/katarek.pl\/","name":"katarek.pl","description":"","potentialAction":[{"@type":"SearchAction","target":{"@type":"EntryPoint","urlTemplate":"https:\/\/katarek.pl\/?s={search_term_string}"},"query-input":{"@type":"PropertyValueSpecification","valueRequired":true,"valueName":"search_term_string"}}],"inLanguage":"pl-PL"},{"@type":"Person","@id":"https:\/\/katarek.pl\/#\/schema\/person\/c7267555b2aaad4c6d15146a155bc430","name":"katarek","url":"https:\/\/katarek.pl\/author\/katarek\/"}]}},"acf":[],"gutenberg_blocks":[{"blockName":"custom-styles","attrs":{"styles":""}}],"meta_data":false,"featured_image":{"url":"https:\/\/katarek.pl\/wp-content\/uploads\/2017\/03\/czy-to-jest-alergia-na-1024x680.jpg"},"main_category":{"name":"Dziecko"},"prev_page":{"slug":"krew-z-nosa-u-dziecka"},"next_page":{"slug":"niemowle-na-basen"},"_links":{"self":[{"href":"https:\/\/katarek.pl\/index.php\/wp-json\/wp\/v2\/posts\/569","targetHints":{"allow":["GET"]}}],"collection":[{"href":"https:\/\/katarek.pl\/index.php\/wp-json\/wp\/v2\/posts"}],"about":[{"href":"https:\/\/katarek.pl\/index.php\/wp-json\/wp\/v2\/types\/post"}],"author":[{"embeddable":true,"href":"https:\/\/katarek.pl\/index.php\/wp-json\/wp\/v2\/users\/7"}],"replies":[{"embeddable":true,"href":"https:\/\/katarek.pl\/index.php\/wp-json\/wp\/v2\/comments?post=569"}],"version-history":[{"count":0,"href":"https:\/\/katarek.pl\/index.php\/wp-json\/wp\/v2\/posts\/569\/revisions"}],"wp:featuredmedia":[{"embeddable":true,"href":"https:\/\/katarek.pl\/index.php\/wp-json\/wp\/v2\/media\/2960"}],"wp:attachment":[{"href":"https:\/\/katarek.pl\/index.php\/wp-json\/wp\/v2\/media?parent=569"}],"wp:term":[{"taxonomy":"category","embeddable":true,"href":"https:\/\/katarek.pl\/index.php\/wp-json\/wp\/v2\/categories?post=569"},{"taxonomy":"post_tag","embeddable":true,"href":"https:\/\/katarek.pl\/index.php\/wp-json\/wp\/v2\/tags?post=569"}],"curies":[{"name":"wp","href":"https:\/\/api.w.org\/{rel}","templated":true}]}}