{"id":520,"date":"2017-02-03T09:23:44","date_gmt":"2017-02-03T09:23:44","guid":{"rendered":"https:\/\/katarek.pl\/blog\/?p=520"},"modified":"2026-01-29T15:16:55","modified_gmt":"2026-01-29T14:16:55","slug":"imbir-dla-dzieci-na-przeziebienie","status":"publish","type":"post","link":"https:\/\/katarek.pl\/imbir-dla-dzieci-na-przeziebienie\/","title":{"rendered":"Imbir dla dzieci na przezi\u0119bienie. Od kiedy podawa\u0107 niemowl\u0119ciu?"},"content":{"rendered":"<p>Wszyscy wko\u0142o kaszl\u0105, kichaj\u0105, choruj\u0105. Twojej rodziny nie dopad\u0142o jeszcze przezi\u0119bienie lub grypa? To \u015bwietnie, ale sezon zachorowa\u0144 nie odpuszcza i wkr\u00f3tce kt\u00f3re\u015b z Was mo\u017ce z\u0142apa\u0107 wirusa. A wtedy ju\u017c efekt domina gwarantowany\u2026 Taki scenariusz nie wchodzi w gr\u0119, prawda? Zatem zamiast ucieka\u0107 przed chorob\u0105, wyprowad\u017a ofensyw\u0119. Oczywi\u015bcie jak najbardziej naturaln\u0105, wi\u0119c suplementy diety id\u0105 w k\u0105t. Tym razem polecamy star\u0105 dobr\u0105 herbat\u0119, ale z w\u0142a\u015bciwymi dodatkami, kt\u00f3re rozgrzewaj\u0105, wspieraj\u0105 odporno\u015b\u0107 i dzia\u0142aj\u0105 antybakteryjnie. <strong>Imbir na przezi\u0119bienie<\/strong> to sprawdzone rozwi\u0105zanie! Sprawd\u017a co jeszcze warto zastosowa\u0107.\u00a0<!--more--><\/p>\n<p>Obecna w ka\u017cdym domu, lubiana przez osoby w ka\u017cdym wieku. Sekretne sk\u0142adniki, kt\u00f3re dodasz do antyprzezi\u0119bieniowej herbaty b\u0119d\u0105 zale\u017ca\u0142y od tego, komu zamierzasz j\u0105 poda\u0107. Herbata to bardzo dobry \u015brodek prewencyjny, ale i wspomagaj\u0105cy, kiedy ju\u017c dojdzie do infekcji. Zim\u0105, gdy powietrze w pomieszczeniach ma cz\u0119sto zbyt wysok\u0105 temperatur\u0119 i jest za suche, w\u0142a\u015bciwa poda\u017c p\u0142yn\u00f3w jest niezwykle wa\u017cna. Zw\u0142aszcza w\u015br\u00f3d dzieci i os\u00f3b starszych. O tej porze roku zdarza nam si\u0119 zapomina\u0107 o tym, jak istotne jest picie. Tymczasem picie nawil\u017ca nas od \u015brodka i pomaga \u0142agodzi\u0107 podra\u017cnienia, np. nask\u00f3rka nosa podczas kataru.<\/p>\n<h2>Na przezi\u0119bienie dla dziecka imbir!<\/h2>\n<p>Mistrz rozgrzewki, czyli imbir. Poprawia kr\u0105\u017cenie, \u0142agodzi dolegliwo\u015bci uk\u0142adu pokarmowego, wspomaga stawy obola\u0142e podczas grypy. Poza tym jest oczywi\u015bcie bakteriob\u00f3jczy i przeciwzapalny. \u015awietnie sprawdza si\u0119 przy kaszlu i katarze, bo rozrzedza \u015bluz i wspomaga wykrztuszanie. Je\u015bli jednak my\u015blisz, \u017ce imbir to dobra odpowied\u017a na pytanie co na katar u niemowlaka \u2013 wstrzymaj si\u0119. <b>Imbir jest pikantn\u0105 przypraw\u0105 i nadaje si\u0119 dla dzieci najwcze\u015bniej po 12. miesi\u0105cu \u017cycia.<\/b> Dawkuj go ostro\u017cnie, bo bardziej wra\u017cliwe dziecko mo\u017ce zareagowa\u0107 na niego \u0142zawieniem czy duszno\u015bciami. Niemniej, naprawd\u0119 warto w\u0142\u0105czy\u0107 go do diety malucha. Sprawd\u017a zatem\u00a0<a href=\"https:\/\/katarek.pl\/blog\/katar-u-miesiecznego-dziecka-a-katar-u-rocznego-dziecka-czym-sie-rozni\/\">co na katar dla miesi\u0119cznego dziecka<\/a> mo\u017cna zastosowa\u0107.\u00a0<\/p>\n<h2>Imbir dla dzieci czy herbata z malin\u0105<\/h2>\n<p>Warto stosowa\u0107 jedno i drugie! Malina i jej przetwory od wiek\u00f3w uznawane s\u0105 za jedne z najlepszych \u015brodk\u00f3w na przezi\u0119bienie. Trudno zliczy\u0107 wszystkie w\u0142a\u015bciwo\u015bci malin \u2013 dzia\u0142aj\u0105 napotnie, przeciwgor\u0105czkowo, wzmacniaj\u0105co, antybakteryjnie, oczyszczaj\u0105co. Maj\u0105 mn\u00f3stwo witaminy C, E oraz witamin z grupy B, potas, \u017celazo, magnez, wap\u0144. Jak przyrz\u0105dzi\u0107 zimow\u0105 herbat\u0119 malinow\u0105? Najrozs\u0105dniej si\u0119gn\u0105\u0107 do domowych, mro\u017conych lub s\u0142oikowych zapas\u00f3w. Mo\u017cemy te\u017c kupi\u0107 w sklepie zielarskim suszone owoce. Wystarczy zaparzy\u0107 je wrz\u0105tkiem wraz z herbat\u0105. Maliny s\u0105 bezpieczne dla dzieci \u2013 mo\u017cemy je podawa\u0107 ju\u017c od 7. miesi\u0105ca \u017cycia malucha, wi\u0119c nieco wcze\u015bniej, ni\u017c\u00a0<strong>imbir dla niemowlaka.<\/strong><\/p>\n<h3>Herbatka z imbirem dla mamy<\/h3>\n<p>Przygotowanie rozgrzewaj\u0105cej herbaty z<em> imbirem na przezi\u0119bienie<\/em> jest bardzo \u0142atwe i szybkie. Jak j\u0105 zrobi\u0107?<\/p>\n<ol>\n<li style=\"list-style-type: none;\">\n<ol>\n<li>Pokr\u00f3j obrany kawa\u0142ek imbiru.<\/li>\n<li>Obierz cytryn\u0119 i pokr\u00f3j na \u201e\u00f3semki\u201d.<\/li>\n<li>Do imbiru i cytryny dodaj p\u00f3\u0142 \u0142y\u017ceczki kurkumy, szczypt\u0119 pieprzu (kt\u00f3ry aktywuje kurkum\u0119).<\/li>\n<li>Dodaj mi\u00f3d.<\/li>\n<li>Wszystkie sk\u0142adniki dok\u0142adnie wymieszaj, by powsta\u0142 syrop i nast\u0119pnie dodaj go do zaparzonej wcze\u015bniej herbaty.<\/li>\n<\/ol>\n<\/li>\n<\/ol>\n<h3>Nap\u00f3j z dodatkiem cynamonu<\/h3>\n<p>Wyobra\u017cacie sobie zimow\u0105 kuchni\u0119 bez cynamonu? Ja te\u017c nie, cho\u0107 to nie tylko kwestia smaku. Cynamon jest \u015bwietnym \u015brodkiem zapobiegaj\u0105cym chorobie. Dzia\u0142a bakteriob\u00f3jczo i przeciwzapalnie. Zalicza si\u0119 do lekko pikantnych, rozgrzewaj\u0105cych przypraw, wi\u0119c dodatek jego kory przyda si\u0119 w herbacie po powrocie z zimowego spaceru czy kuligu. Z tego te\u017c powodu musimy uwa\u017ca\u0107 przy podawaniu go dzieciom. W niewielkich ilo\u015bciach dozwolony jest po 10. miesi\u0105cu \u017cycia.<\/p>\n<p>Cynamon warto wykorzysta\u0107 do przygotowania domowego \u201egrza\u0144ca\u201d. Kawa\u0142ek kory wystarczy zala\u0107 wrz\u0105tkiem wraz z suszonym jab\u0142kiem, pomara\u0144cz\u0105 i kilkoma go\u017adzikami. Pijemy przecedzony nap\u00f3j. Go\u017adziki, tak jak <strong>imbir dla dzieci,<\/strong> nadaj\u0105 si\u0119 ju\u017c dla rocznego malucha, jednak z pomara\u0144czami nale\u017cy wstrzyma\u0107 si\u0119 d\u0142u\u017cej. To silny alergen, wi\u0119c wprowadzamy je dopiero w drugim roku \u017cycia dziecka.<\/p>\n<h3>Dzika r\u00f3\u017ca &#8211; bomba z witamin\u0105 C<\/h3>\n<p>Koniecznie zamie\u0144 na ni\u0105 tradycyjn\u0105 cytryn\u0119! Ma od niej a\u017c 20-30 razy wi\u0119cej witaminy C i w kontakcie z czarn\u0105 herbat\u0105 nie wytwarza szkodliwych zwi\u0105zk\u00f3w. No i z powodzeniem mo\u017cesz j\u0105 dawa\u0107 dziecku ju\u017c od 5. miesi\u0105ca \u017cycia. Dzika r\u00f3\u017ca obfituje te\u017c w przeciwutleniacze, dzi\u0119ki kt\u00f3rym kom\u00f3rki organizmu s\u0105 silniejsze i tym samym lepiej broni\u0105 si\u0119 przed drobnoustrojami. Doro\u015bli powinni j\u0105 doceni\u0107 tak\u017ce za dzia\u0142anie moczop\u0119dne.<\/p>\n<h3>Naturalny syrop na przezi\u0119bienie<\/h3>\n<p>Przepis na naturalny syrop, kt\u00f3ry \u015bwietnie \u0142agodzi objawy przezi\u0119bienia. Sk\u0142adniki:<\/p>\n<ul>\n<li>kilka z\u0105bk\u00f3w czosnku dok\u0142adnie zmia\u017cd\u017conych<\/li>\n<li>2 \u0142y\u017cki miodu<\/li>\n<li>2 \u0142y\u017cki soku z cytryny<\/li>\n<li>kilka \u0142y\u017cek konfitury z r\u00f3\u017cy<\/li>\n<\/ul>\n<p>Wszystkie sk\u0142adniki wymieszaj i odczekaj, a\u017c &#8222;si\u0119 przegryz\u0105&#8221;. Dawkowanie: 2\/3 \u0142y\u017cki 3 razy dziennie :<\/p>\n<h3>Napotna lipa<\/h3>\n<p>No i wreszcie kwiat lipy. Napar z niego przygotowany lekko uspokaja i usypia, dlatego najlepiej bardzo ciep\u0142\u0105 herbatk\u0119 wypi\u0107 tu\u017c przed snem i dobrze okry\u0107 si\u0119 ko\u0142dr\u0105. Lipa b\u0119dzie dzia\u0142a\u0142a podczas snu. Doskona\u0142ym dodatkiem os\u0142adzaj\u0105cym napar b\u0119dzie domowy sok malinowy. Dzieciom herbatk\u0119 z lipy mo\u017cna podawa\u0107 ju\u017c po 5. miesi\u0105cu. Je\u015bli jednak Twoje dziecko z\u0142apie ju\u017c katar, sprawd\u017a\u00a0<a href=\"https:\/\/katarek.pl\/blog\/jak-leczyc-katar-u-niemowlaka-domowe-sposoby\/\">domowe sposoby na leczenie kataru u niemowlaka<\/a>.<\/p>\n\n<section class=\"product-tabs alignfull section-mb-xxs \">\n\t<div class=\"container container--mobile-overflow\">\n\t\t\t\t\t\n\t\t\n\t\t\n\t\t\t<nav class=\"py-spacer-32 w-full border-b-1 border-primary-300 overflow-x-auto\">\n\t\t\t\t<ul class=\"flex items-center md:justify-center gap-spacer-32 flex-nowrap\">\n\t\t\t\t\t\t\t\t\t\t\t<li>\n\t\t\t\t\t\t\t<button class=\"product-tabs__tab link-underline title-sm !text-primary-700 font-bold active\" data-target=\"category-16\">\n\t\t\t\t\t\t\t\tAspiratory\n\t\t\t\t\t\t\t<\/button>\n\t\t\t\t\t\t<\/li>\n\t\t\t\t\t\t\t\t\t\t\t<li>\n\t\t\t\t\t\t\t<button class=\"product-tabs__tab link-underline title-sm !text-primary-700 font-bold \" data-target=\"category-19\">\n\t\t\t\t\t\t\t\tNebulizatory\n\t\t\t\t\t\t\t<\/button>\n\t\t\t\t\t\t<\/li>\n\t\t\t\t\t\t\t\t\t\t\t<li>\n\t\t\t\t\t\t\t<button class=\"product-tabs__tab link-underline title-sm !text-primary-700 font-bold \" data-target=\"category-21\">\n\t\t\t\t\t\t\t\tSole\n\t\t\t\t\t\t\t<\/button>\n\t\t\t\t\t\t<\/li>\n\t\t\t\t\t\t\t\t\t<\/ul>\n\t\t\t<\/nav>\n\n\t\t\t<div class=\"product-tabs\">\n\t\t\t\t\t\t\t\t\t<div data-content=\"category-16\" class=\"product-tabs__content active\">\n\t\t\t\t\t\t<div class=\"overflow-x-auto flex flex-nowrap gap-32 py-spacer-48 mb-32 lg:mb-0\">\n\t\t\t\t\t\t\t\t\t\t\t\t\t\t\t\t\t\t\t\t\t\t\t\t                              \n\n<div class=\"product-card product-card-trustmate-container flex flex-col relative group min-w-[90vw] lg:min-w-0 lg:w-[calc(100%_\/_3_-_1.5rem)]\">\n\n      <div class=\"bg-secondary-200 rounded-t-20 relative\">\n              <div class=\"post-tags absolute z-10 top-14 left-16 flex flex-wrap gap-8\">\n\n                      \t\t\n\t\t\t\t\t\t\t\t<span class=\"tag pink\">Promocja<\/span>\n\t\t\t\n                    \t\t\n\t\t\t\t\t\t\t\t\t\t\t\t\t<span class=\"tag yellow\">z kodem -15%<\/span>\n\t\t\t\n        <\/div>\n            <div class=\"post-image rounded-t-20 overflow-hidden relative aspect-[6\/5]\">\n        <a class=\"stretched-link\" href=\"https:\/\/katarek.pl\/produkt\/zestaw-katarek-travel-2w1-adapter-do-odkurzaczy-pionowych\/\">\n          <span class=\"sr-only\">Zestaw Katarek Travel 2w1 + Adapter do odkurzaczy pionowych<\/span>\n        <\/a>\n        <div class=\"transition-opacity   group-hover:opacity-0 \">\n          <img loading=\"lazy\" decoding=\"async\" width=\"768\" height=\"768\" src=\"https:\/\/katarek.pl\/wp-content\/uploads\/2025\/11\/3-768x768.png\" class=\"h-full w-full object-cover aspect-[6\/5]\" alt=\"Zestaw Katarek Travel + Adapter do odkurzaczy pionowych - zestaw 3 w 1 na katar w tym ustnie\" srcset=\"https:\/\/katarek.pl\/wp-content\/uploads\/2025\/11\/3-768x768.png 768w, https:\/\/katarek.pl\/wp-content\/uploads\/2025\/11\/3-450x450.png 450w, https:\/\/katarek.pl\/wp-content\/uploads\/2025\/11\/3-250x250.png 250w, https:\/\/katarek.pl\/wp-content\/uploads\/2025\/11\/3-500x500.png 500w, https:\/\/katarek.pl\/wp-content\/uploads\/2025\/11\/3-485x485.png 485w, https:\/\/katarek.pl\/wp-content\/uploads\/2025\/11\/3-600x600.png 600w, https:\/\/katarek.pl\/wp-content\/uploads\/2025\/11\/3-100x100.png 100w, https:\/\/katarek.pl\/wp-content\/uploads\/2025\/11\/3.png 900w\" sizes=\"(max-width: 768px) 100vw, 768px\" \/>\n\n        <\/div>\n\n                  <div class=\"absolute inset-0 opacity-0 transition-opacity group-hover:opacity-100\">\n            <img loading=\"lazy\" decoding=\"async\" width=\"768\" height=\"768\" src=\"https:\/\/katarek.pl\/wp-content\/uploads\/2025\/11\/2-768x768.png\" class=\"h-full w-full object-cover aspect-[6\/5]\" alt=\"Zestaw zawiera katarek Travel aspirator kataru dla dzieci oraz adapter do odkurzaczy pionowych\" srcset=\"https:\/\/katarek.pl\/wp-content\/uploads\/2025\/11\/2-768x768.png 768w, https:\/\/katarek.pl\/wp-content\/uploads\/2025\/11\/2-450x450.png 450w, https:\/\/katarek.pl\/wp-content\/uploads\/2025\/11\/2-250x250.png 250w, https:\/\/katarek.pl\/wp-content\/uploads\/2025\/11\/2-500x500.png 500w, https:\/\/katarek.pl\/wp-content\/uploads\/2025\/11\/2-485x485.png 485w, https:\/\/katarek.pl\/wp-content\/uploads\/2025\/11\/2-600x600.png 600w, https:\/\/katarek.pl\/wp-content\/uploads\/2025\/11\/2-100x100.png 100w, https:\/\/katarek.pl\/wp-content\/uploads\/2025\/11\/2.png 900w\" sizes=\"(max-width: 768px) 100vw, 768px\" \/>\n\n          <\/div>\n        \n      <\/div>\n    <\/div>\n\n    <div class=\"product-card__details bg-white p-12 lg:p-24 flex flex-col gap-20 rounded-b-20 h-full\" data-product-id=\"4298\">\n    <div class=\"inline-block self-start product-card-trustmate__rating\">\n      <a class=\"product-card__title !text-primary-700  inline link-underline h5 font-medium\" href=\"https:\/\/katarek.pl\/produkt\/zestaw-katarek-travel-2w1-adapter-do-odkurzaczy-pionowych\/\">\n        Zestaw Katarek Travel 2w1 + Adapter do odkurzaczy pionowych\n      <\/a>\n    <\/div>\n\n          <div class=\"product-card__description line-clamp-3 text-md text-gray-500\"><p>odci\u0105ganiesz katar odkurzaczem poziomym, pionowym oraz wyj\u0105tkowo ustami. Must have do wyprawki!<\/p><\/div>\n    \n          <div class=\"flex justify-between gap-14 flex-wrap mt-auto\">\n        <div class=\"product-price h4 font-semibold self-end text-pink-800\">\n          <span class=\"woocommerce-Price-amount amount\"><bdi>111,99&nbsp;<span class=\"woocommerce-Price-currencySymbol\">&#122;&#322;<\/span><\/bdi><\/span>\n        <\/div>\n        <div class=\"product-card__button\">\n\n          <a href=\"\/?add-to-cart=4298\" data-product_id=\"4298\" target=\"_self\" class=\"button primary add_to_cart_button ajax_add_to_cart\">\n            <span>\n              Dodaj do koszyka\n            <\/span>\n\n            <svg xmlns=\"http:\/\/www.w3.org\/2000\/svg\" width=\"24\" height=\"24\" viewbox=\"0 0 24 24\" fill=\"none\">\n\t<path d=\"M4 12H20M20 12L14.6667 7M20 12L14.6667 17\" stroke=\"currentColor\" stroke-width=\"1.5\" stroke-linecap=\"round\"\/>\n<\/svg>\n\n          <\/a>\n\n        <\/div>\n      <\/div>\n      <\/div>\n<\/div>\n\t\t\t\t\t\t\t\t\t\t\t\t\t\t\t\t\t                              \n\n<div class=\"product-card product-card-trustmate-container flex flex-col relative group min-w-[90vw] lg:min-w-0 lg:w-[calc(100%_\/_3_-_1.5rem)]\">\n\n      <div class=\"bg-secondary-200 rounded-t-20 relative\">\n              <div class=\"post-tags absolute z-10 top-14 left-16 flex flex-wrap gap-8\">\n\n                      \t\t\n\t\t\t\t\t\t\t\t<span class=\"tag pink\">Promocja<\/span>\n\t\t\t\n                            <\/div>\n            <div class=\"post-image rounded-t-20 overflow-hidden relative aspect-[6\/5]\">\n        <a class=\"stretched-link\" href=\"https:\/\/katarek.pl\/produkt\/katarek-standard\/\">\n          <span class=\"sr-only\">Katarek Standard<\/span>\n        <\/a>\n        <div class=\"transition-opacity   group-hover:opacity-0 \">\n          <img loading=\"lazy\" decoding=\"async\" width=\"768\" height=\"768\" src=\"https:\/\/katarek.pl\/wp-content\/uploads\/2025\/09\/6-768x768.png\" class=\"h-full w-full object-cover aspect-[6\/5]\" alt=\"Aspirator do kataru dla dzieci Katarek Standard\" srcset=\"https:\/\/katarek.pl\/wp-content\/uploads\/2025\/09\/6-768x768.png 768w, https:\/\/katarek.pl\/wp-content\/uploads\/2025\/09\/6-450x450.png 450w, https:\/\/katarek.pl\/wp-content\/uploads\/2025\/09\/6-250x250.png 250w, https:\/\/katarek.pl\/wp-content\/uploads\/2025\/09\/6-500x500.png 500w, https:\/\/katarek.pl\/wp-content\/uploads\/2025\/09\/6-485x485.png 485w, https:\/\/katarek.pl\/wp-content\/uploads\/2025\/09\/6-600x600.png 600w, https:\/\/katarek.pl\/wp-content\/uploads\/2025\/09\/6-100x100.png 100w, https:\/\/katarek.pl\/wp-content\/uploads\/2025\/09\/6.png 1000w\" sizes=\"(max-width: 768px) 100vw, 768px\" \/>\n\n        <\/div>\n\n                  <div class=\"absolute inset-0 opacity-0 transition-opacity group-hover:opacity-100\">\n            <img loading=\"lazy\" decoding=\"async\" width=\"768\" height=\"768\" src=\"https:\/\/katarek.pl\/wp-content\/uploads\/2025\/07\/Projekt-bez-nazwy-52-768x768.png\" class=\"h-full w-full object-cover aspect-[6\/5]\" alt=\"Aspirator Katarek Standard z 2 ko\u0144c\u00f3wkami\" srcset=\"https:\/\/katarek.pl\/wp-content\/uploads\/2025\/07\/Projekt-bez-nazwy-52-768x768.png 768w, https:\/\/katarek.pl\/wp-content\/uploads\/2025\/07\/Projekt-bez-nazwy-52-450x450.png 450w, https:\/\/katarek.pl\/wp-content\/uploads\/2025\/07\/Projekt-bez-nazwy-52-250x250.png 250w, https:\/\/katarek.pl\/wp-content\/uploads\/2025\/07\/Projekt-bez-nazwy-52-500x500.png 500w, https:\/\/katarek.pl\/wp-content\/uploads\/2025\/07\/Projekt-bez-nazwy-52-485x485.png 485w, https:\/\/katarek.pl\/wp-content\/uploads\/2025\/07\/Projekt-bez-nazwy-52-600x600.png 600w, https:\/\/katarek.pl\/wp-content\/uploads\/2025\/07\/Projekt-bez-nazwy-52-100x100.png 100w, https:\/\/katarek.pl\/wp-content\/uploads\/2025\/07\/Projekt-bez-nazwy-52.png 1000w\" sizes=\"(max-width: 768px) 100vw, 768px\" \/>\n\n          <\/div>\n        \n      <\/div>\n    <\/div>\n\n    <div class=\"product-card__details bg-white p-12 lg:p-24 flex flex-col gap-20 rounded-b-20 h-full\" data-product-id=\"3142\">\n    <div class=\"inline-block self-start product-card-trustmate__rating\">\n      <a class=\"product-card__title !text-primary-700  inline link-underline h5 font-medium\" href=\"https:\/\/katarek.pl\/produkt\/katarek-standard\/\">\n        Katarek Standard\n      <\/a>\n    <\/div>\n\n          <div class=\"product-card__description line-clamp-3 text-md text-gray-500\"><p>prosty ale bardzo pomocny. Aspirator kataru do odkurzacza, kt\u00f3ry pokona nawet g\u0119st\u0105, zielon\u0105 wydzielin\u0119!<\/p><\/div>\n    \n          <div class=\"flex justify-between gap-14 flex-wrap mt-auto\">\n        <div class=\"product-price h4 font-semibold self-end text-pink-800\">\n          <span class=\"woocommerce-Price-amount amount\"><bdi>53,00&nbsp;<span class=\"woocommerce-Price-currencySymbol\">&#122;&#322;<\/span><\/bdi><\/span>\n        <\/div>\n        <div class=\"product-card__button\">\n\n          <a href=\"\/?add-to-cart=3142\" data-product_id=\"3142\" target=\"_self\" class=\"button primary add_to_cart_button ajax_add_to_cart\">\n            <span>\n              Dodaj do koszyka\n            <\/span>\n\n            <svg xmlns=\"http:\/\/www.w3.org\/2000\/svg\" width=\"24\" height=\"24\" viewbox=\"0 0 24 24\" fill=\"none\">\n\t<path d=\"M4 12H20M20 12L14.6667 7M20 12L14.6667 17\" stroke=\"currentColor\" stroke-width=\"1.5\" stroke-linecap=\"round\"\/>\n<\/svg>\n\n          <\/a>\n\n        <\/div>\n      <\/div>\n      <\/div>\n<\/div>\n\t\t\t\t\t\t\t\t\t\t\t\t\t\t\t\t\t                              \n\n<div class=\"product-card product-card-trustmate-container flex flex-col relative group min-w-[90vw] lg:min-w-0 lg:w-[calc(100%_\/_3_-_1.5rem)]\">\n\n      <div class=\"bg-secondary-200 rounded-t-20 relative\">\n              <div class=\"post-tags absolute z-10 top-14 left-16 flex flex-wrap gap-8\">\n\n                      \t\t\n\t\t\t\t\t\t\t\t<span class=\"tag pink\">Promocja<\/span>\n\t\t\t\n                            <\/div>\n            <div class=\"post-image rounded-t-20 overflow-hidden relative aspect-[6\/5]\">\n        <a class=\"stretched-link\" href=\"https:\/\/katarek.pl\/produkt\/katarek-simple\/\">\n          <span class=\"sr-only\">Katarek Simple<\/span>\n        <\/a>\n        <div class=\"transition-opacity   group-hover:opacity-0 \">\n          <img loading=\"lazy\" decoding=\"async\" width=\"768\" height=\"768\" src=\"https:\/\/katarek.pl\/wp-content\/uploads\/2025\/07\/Projekt-bez-nazwy-83-768x768.png\" class=\"h-full w-full object-cover aspect-[6\/5]\" alt=\"Prosty, tani aspirator kataru do odkurzacza Katarek Simple\" srcset=\"https:\/\/katarek.pl\/wp-content\/uploads\/2025\/07\/Projekt-bez-nazwy-83-768x768.png 768w, https:\/\/katarek.pl\/wp-content\/uploads\/2025\/07\/Projekt-bez-nazwy-83-450x450.png 450w, https:\/\/katarek.pl\/wp-content\/uploads\/2025\/07\/Projekt-bez-nazwy-83-250x250.png 250w, https:\/\/katarek.pl\/wp-content\/uploads\/2025\/07\/Projekt-bez-nazwy-83-500x500.png 500w, https:\/\/katarek.pl\/wp-content\/uploads\/2025\/07\/Projekt-bez-nazwy-83-485x485.png 485w, https:\/\/katarek.pl\/wp-content\/uploads\/2025\/07\/Projekt-bez-nazwy-83-600x600.png 600w, https:\/\/katarek.pl\/wp-content\/uploads\/2025\/07\/Projekt-bez-nazwy-83-100x100.png 100w, https:\/\/katarek.pl\/wp-content\/uploads\/2025\/07\/Projekt-bez-nazwy-83.png 1000w\" sizes=\"(max-width: 768px) 100vw, 768px\" \/>\n\n        <\/div>\n\n                  <div class=\"absolute inset-0 opacity-0 transition-opacity group-hover:opacity-100\">\n            <img loading=\"lazy\" decoding=\"async\" width=\"768\" height=\"768\" src=\"https:\/\/katarek.pl\/wp-content\/uploads\/2025\/07\/Projekt-bez-nazwy-53-768x768.png\" class=\"h-full w-full object-cover aspect-[6\/5]\" alt=\"Podstawowy Katarek Simple - aspirator kataru do odkurzacza dla dzieci\" srcset=\"https:\/\/katarek.pl\/wp-content\/uploads\/2025\/07\/Projekt-bez-nazwy-53-768x768.png 768w, https:\/\/katarek.pl\/wp-content\/uploads\/2025\/07\/Projekt-bez-nazwy-53-450x450.png 450w, https:\/\/katarek.pl\/wp-content\/uploads\/2025\/07\/Projekt-bez-nazwy-53-250x250.png 250w, https:\/\/katarek.pl\/wp-content\/uploads\/2025\/07\/Projekt-bez-nazwy-53-500x500.png 500w, https:\/\/katarek.pl\/wp-content\/uploads\/2025\/07\/Projekt-bez-nazwy-53-485x485.png 485w, https:\/\/katarek.pl\/wp-content\/uploads\/2025\/07\/Projekt-bez-nazwy-53-600x600.png 600w, https:\/\/katarek.pl\/wp-content\/uploads\/2025\/07\/Projekt-bez-nazwy-53-100x100.png 100w, https:\/\/katarek.pl\/wp-content\/uploads\/2025\/07\/Projekt-bez-nazwy-53.png 1000w\" sizes=\"(max-width: 768px) 100vw, 768px\" \/>\n\n          <\/div>\n        \n      <\/div>\n    <\/div>\n\n    <div class=\"product-card__details bg-white p-12 lg:p-24 flex flex-col gap-20 rounded-b-20 h-full\" data-product-id=\"3120\">\n    <div class=\"inline-block self-start product-card-trustmate__rating\">\n      <a class=\"product-card__title !text-primary-700  inline link-underline h5 font-medium\" href=\"https:\/\/katarek.pl\/produkt\/katarek-simple\/\">\n        Katarek Simple\n      <\/a>\n    <\/div>\n\n          <div class=\"product-card__description line-clamp-3 text-md text-gray-500\"><p>podstawowy aspirator, kt\u00f3ry efektywnie \u015bci\u0105ga katar od pierwszego dnia dziecka<\/p><\/div>\n    \n          <div class=\"flex justify-between gap-14 flex-wrap mt-auto\">\n        <div class=\"product-price h4 font-semibold self-end text-pink-800\">\n          <span class=\"woocommerce-Price-amount amount\"><bdi>42,40&nbsp;<span class=\"woocommerce-Price-currencySymbol\">&#122;&#322;<\/span><\/bdi><\/span>\n        <\/div>\n        <div class=\"product-card__button\">\n\n          <a href=\"\/?add-to-cart=3120\" data-product_id=\"3120\" target=\"_self\" class=\"button primary add_to_cart_button ajax_add_to_cart\">\n            <span>\n              Dodaj do koszyka\n            <\/span>\n\n            <svg xmlns=\"http:\/\/www.w3.org\/2000\/svg\" width=\"24\" height=\"24\" viewbox=\"0 0 24 24\" fill=\"none\">\n\t<path d=\"M4 12H20M20 12L14.6667 7M20 12L14.6667 17\" stroke=\"currentColor\" stroke-width=\"1.5\" stroke-linecap=\"round\"\/>\n<\/svg>\n\n          <\/a>\n\n        <\/div>\n      <\/div>\n      <\/div>\n<\/div>\n\t\t\t\t\t\t\t\t\t\t\t\t\t\t\t\t\t\t\t\t\t<\/div>\n\t\t\t\t\t\t<div class=\"flex place-content-center\">\n\t\t\t\t\t\t\t\t\n\t\n\t\n\t\t\n\t\t\t<a href=\"https:\/\/katarek.pl\/kategoria-produktu\/aspiratory\/\" target=\"_self\"  class=\"button outlined   \">\n\t\t\t\t<span>\n\t\t\t\t\tZobacz wi\u0119cej\n\t\t\t\t<\/span>\n\n\t\t\t\t\t\t\t\t\t<svg xmlns=\"http:\/\/www.w3.org\/2000\/svg\" width=\"24\" height=\"24\" viewbox=\"0 0 24 24\" fill=\"none\">\n\t<path d=\"M4 12H20M20 12L14.6667 7M20 12L14.6667 17\" stroke=\"currentColor\" stroke-width=\"1.5\" stroke-linecap=\"round\"\/>\n<\/svg>\n\n\t\t\t\t\n\t\t\t<\/a>\n\n\t\t\n\t\n\t\t\t\t\t\t<\/div>\n\t\t\t\t\t<\/div>\n\t\t\t\t\t\t\t\t\t<div data-content=\"category-19\" class=\"product-tabs__content \">\n\t\t\t\t\t\t<div class=\"overflow-x-auto flex flex-nowrap gap-32 py-spacer-48 mb-32 lg:mb-0\">\n\t\t\t\t\t\t\t\t\t\t\t\t\t\t\t\t\t\t\t\t\t\t\t\t                              \n\n<div class=\"product-card product-card-trustmate-container flex flex-col relative group min-w-[90vw] lg:min-w-0 lg:w-[calc(100%_\/_3_-_1.5rem)]\">\n\n      <div class=\"bg-secondary-200 rounded-t-20 relative\">\n              <div class=\"post-tags absolute z-10 top-14 left-16 flex flex-wrap gap-8\">\n\n                      \t\t\n\t\t\t\t\t\t\t\t<span class=\"tag pink\">Promocja<\/span>\n\t\t\t\n                    \t\t\n\t\t\t\t\t\t\t\t\t\t\t\t\t<span class=\"tag yellow\">Nowo\u015b\u0107<\/span>\n\t\t\t\t\t\t\t\t\t\t\t\t\t\t\t<span class=\"tag yellow\">z kodem -15%<\/span>\n\t\t\t\n        <\/div>\n            <div class=\"post-image rounded-t-20 overflow-hidden relative aspect-[6\/5]\">\n        <a class=\"stretched-link\" href=\"https:\/\/katarek.pl\/produkt\/helpmedi-nebucare-secure\/\">\n          <span class=\"sr-only\">Helpmedi NebuCare.Secure<\/span>\n        <\/a>\n        <div class=\"transition-opacity   group-hover:opacity-0 \">\n          <img loading=\"lazy\" decoding=\"async\" width=\"768\" height=\"768\" src=\"https:\/\/katarek.pl\/wp-content\/uploads\/2026\/03\/1-768x768.webp\" class=\"h-full w-full object-cover aspect-[6\/5]\" alt=\"Ne_03C\" srcset=\"https:\/\/katarek.pl\/wp-content\/uploads\/2026\/03\/1-768x768.webp 768w, https:\/\/katarek.pl\/wp-content\/uploads\/2026\/03\/1-450x450.webp 450w, https:\/\/katarek.pl\/wp-content\/uploads\/2026\/03\/1-250x250.webp 250w, https:\/\/katarek.pl\/wp-content\/uploads\/2026\/03\/1-500x500.webp 500w, https:\/\/katarek.pl\/wp-content\/uploads\/2026\/03\/1-485x485.webp 485w, https:\/\/katarek.pl\/wp-content\/uploads\/2026\/03\/1-600x600.webp 600w, https:\/\/katarek.pl\/wp-content\/uploads\/2026\/03\/1-100x100.webp 100w, https:\/\/katarek.pl\/wp-content\/uploads\/2026\/03\/1.webp 900w\" sizes=\"(max-width: 768px) 100vw, 768px\" \/>\n\n        <\/div>\n\n                  <div class=\"absolute inset-0 opacity-0 transition-opacity group-hover:opacity-100\">\n            <img loading=\"lazy\" decoding=\"async\" width=\"768\" height=\"768\" src=\"https:\/\/katarek.pl\/wp-content\/uploads\/2026\/03\/7-768x768.webp\" class=\"h-full w-full object-cover aspect-[6\/5]\" alt=\"Ne-03C_ty\u0142_maska\" srcset=\"https:\/\/katarek.pl\/wp-content\/uploads\/2026\/03\/7-768x768.webp 768w, https:\/\/katarek.pl\/wp-content\/uploads\/2026\/03\/7-450x450.webp 450w, https:\/\/katarek.pl\/wp-content\/uploads\/2026\/03\/7-250x250.webp 250w, https:\/\/katarek.pl\/wp-content\/uploads\/2026\/03\/7-500x500.webp 500w, https:\/\/katarek.pl\/wp-content\/uploads\/2026\/03\/7-485x485.webp 485w, https:\/\/katarek.pl\/wp-content\/uploads\/2026\/03\/7-600x600.webp 600w, https:\/\/katarek.pl\/wp-content\/uploads\/2026\/03\/7-100x100.webp 100w, https:\/\/katarek.pl\/wp-content\/uploads\/2026\/03\/7.webp 900w\" sizes=\"(max-width: 768px) 100vw, 768px\" \/>\n\n          <\/div>\n        \n      <\/div>\n    <\/div>\n\n    <div class=\"product-card__details bg-white p-12 lg:p-24 flex flex-col gap-20 rounded-b-20 h-full\" data-product-id=\"5689\">\n    <div class=\"inline-block self-start product-card-trustmate__rating\">\n      <a class=\"product-card__title !text-primary-700  inline link-underline h5 font-medium\" href=\"https:\/\/katarek.pl\/produkt\/helpmedi-nebucare-secure\/\">\n        Helpmedi NebuCare.Secure\n      <\/a>\n    <\/div>\n\n          <div class=\"product-card__description line-clamp-3 text-md text-gray-500\"><p>Ultracichy, mobilny nebulizator siateczkowy z trybem czyszczenia g\u0142owicy<\/p><\/div>\n    \n          <div class=\"flex justify-between gap-14 flex-wrap mt-auto\">\n        <div class=\"product-price h4 font-semibold self-end text-pink-800\">\n          <span class=\"woocommerce-Price-amount amount\"><bdi>179,00&nbsp;<span class=\"woocommerce-Price-currencySymbol\">&#122;&#322;<\/span><\/bdi><\/span>\n        <\/div>\n        <div class=\"product-card__button\">\n\n          <a href=\"\/?add-to-cart=5689\" data-product_id=\"5689\" target=\"_self\" class=\"button primary add_to_cart_button ajax_add_to_cart\">\n            <span>\n              Dodaj do koszyka\n            <\/span>\n\n            <svg xmlns=\"http:\/\/www.w3.org\/2000\/svg\" width=\"24\" height=\"24\" viewbox=\"0 0 24 24\" fill=\"none\">\n\t<path d=\"M4 12H20M20 12L14.6667 7M20 12L14.6667 17\" stroke=\"currentColor\" stroke-width=\"1.5\" stroke-linecap=\"round\"\/>\n<\/svg>\n\n          <\/a>\n\n        <\/div>\n      <\/div>\n      <\/div>\n<\/div>\n\t\t\t\t\t\t\t\t\t\t\t\t\t\t\t\t\t              \n\n<div class=\"product-card product-card-trustmate-container flex flex-col relative group min-w-[90vw] lg:min-w-0 lg:w-[calc(100%_\/_3_-_1.5rem)]\">\n\n      <div class=\"bg-secondary-200 rounded-t-20 relative\">\n            <div class=\"post-image rounded-t-20 overflow-hidden relative aspect-[6\/5]\">\n        <a class=\"stretched-link\" href=\"https:\/\/katarek.pl\/produkt\/zestaw-czesci-zamiennych-basic-cnb69010a-katarek-nebulizator-kompresorowy\/\">\n          <span class=\"sr-only\">Uniwersalny zestaw cz\u0119\u015bci zamiennych BASIC (A), KATAREK Nebulizator kompresorowy<\/span>\n        <\/a>\n        <div class=\"transition-opacity   group-hover:opacity-0 \">\n          <img loading=\"lazy\" decoding=\"async\" width=\"768\" height=\"768\" src=\"https:\/\/katarek.pl\/wp-content\/uploads\/2025\/07\/Uniwersalny-komplet-czesci-zamiennych-BASICA_KATAREK-Nebulizator-kompresorowy-768x768.png\" class=\"h-full w-full object-cover aspect-[6\/5]\" alt=\"Uniwersalny-komplet-czesci-zamiennych-BASIC-A-KATAREK-Nebulizator-kompresorowy\" srcset=\"https:\/\/katarek.pl\/wp-content\/uploads\/2025\/07\/Uniwersalny-komplet-czesci-zamiennych-BASICA_KATAREK-Nebulizator-kompresorowy-768x768.png 768w, https:\/\/katarek.pl\/wp-content\/uploads\/2025\/07\/Uniwersalny-komplet-czesci-zamiennych-BASICA_KATAREK-Nebulizator-kompresorowy-450x450.png 450w, https:\/\/katarek.pl\/wp-content\/uploads\/2025\/07\/Uniwersalny-komplet-czesci-zamiennych-BASICA_KATAREK-Nebulizator-kompresorowy-1024x1024.png 1024w, https:\/\/katarek.pl\/wp-content\/uploads\/2025\/07\/Uniwersalny-komplet-czesci-zamiennych-BASICA_KATAREK-Nebulizator-kompresorowy-250x250.png 250w, https:\/\/katarek.pl\/wp-content\/uploads\/2025\/07\/Uniwersalny-komplet-czesci-zamiennych-BASICA_KATAREK-Nebulizator-kompresorowy-500x500.png 500w, https:\/\/katarek.pl\/wp-content\/uploads\/2025\/07\/Uniwersalny-komplet-czesci-zamiennych-BASICA_KATAREK-Nebulizator-kompresorowy-485x485.png 485w, https:\/\/katarek.pl\/wp-content\/uploads\/2025\/07\/Uniwersalny-komplet-czesci-zamiennych-BASICA_KATAREK-Nebulizator-kompresorowy-600x600.png 600w, https:\/\/katarek.pl\/wp-content\/uploads\/2025\/07\/Uniwersalny-komplet-czesci-zamiennych-BASICA_KATAREK-Nebulizator-kompresorowy-100x100.png 100w, https:\/\/katarek.pl\/wp-content\/uploads\/2025\/07\/Uniwersalny-komplet-czesci-zamiennych-BASICA_KATAREK-Nebulizator-kompresorowy.png 1500w\" sizes=\"(max-width: 768px) 100vw, 768px\" \/>\n\n        <\/div>\n\n                  <div class=\"absolute inset-0 opacity-0 transition-opacity group-hover:opacity-100\">\n            <img loading=\"lazy\" decoding=\"async\" width=\"768\" height=\"768\" src=\"https:\/\/katarek.pl\/wp-content\/uploads\/2025\/07\/katarek-uniwersalny-zestaw-czesci-zamiennych-basic-a-768x768.png\" class=\"h-full w-full object-cover aspect-[6\/5]\" alt=\"Katarek nebulizator - cz\u0119\u015bci zamienne i maseczki\" srcset=\"https:\/\/katarek.pl\/wp-content\/uploads\/2025\/07\/katarek-uniwersalny-zestaw-czesci-zamiennych-basic-a-768x768.png 768w, https:\/\/katarek.pl\/wp-content\/uploads\/2025\/07\/katarek-uniwersalny-zestaw-czesci-zamiennych-basic-a-485x485.png 485w, https:\/\/katarek.pl\/wp-content\/uploads\/2025\/07\/katarek-uniwersalny-zestaw-czesci-zamiennych-basic-a-100x100.png 100w, https:\/\/katarek.pl\/wp-content\/uploads\/2025\/07\/katarek-uniwersalny-zestaw-czesci-zamiennych-basic-a-600x600.png 600w, https:\/\/katarek.pl\/wp-content\/uploads\/2025\/07\/katarek-uniwersalny-zestaw-czesci-zamiennych-basic-a-300x300.png 300w, https:\/\/katarek.pl\/wp-content\/uploads\/2025\/07\/katarek-uniwersalny-zestaw-czesci-zamiennych-basic-a-1024x1024.png 1024w, https:\/\/katarek.pl\/wp-content\/uploads\/2025\/07\/katarek-uniwersalny-zestaw-czesci-zamiennych-basic-a-150x150.png 150w, https:\/\/katarek.pl\/wp-content\/uploads\/2025\/07\/katarek-uniwersalny-zestaw-czesci-zamiennych-basic-a-500x500.png 500w, https:\/\/katarek.pl\/wp-content\/uploads\/2025\/07\/katarek-uniwersalny-zestaw-czesci-zamiennych-basic-a-450x450.png 450w, https:\/\/katarek.pl\/wp-content\/uploads\/2025\/07\/katarek-uniwersalny-zestaw-czesci-zamiennych-basic-a.png 1080w\" sizes=\"(max-width: 768px) 100vw, 768px\" \/>\n\n          <\/div>\n        \n      <\/div>\n    <\/div>\n\n    <div class=\"product-card__details bg-white p-12 lg:p-24 flex flex-col gap-20 rounded-b-20 h-full\" data-product-id=\"3117\">\n    <div class=\"inline-block self-start product-card-trustmate__rating\">\n      <a class=\"product-card__title !text-primary-700  inline link-underline h5 font-medium\" href=\"https:\/\/katarek.pl\/produkt\/zestaw-czesci-zamiennych-basic-cnb69010a-katarek-nebulizator-kompresorowy\/\">\n        Uniwersalny zestaw cz\u0119\u015bci zamiennych BASIC (A), KATAREK Nebulizator kompresorowy\n      <\/a>\n    <\/div>\n\n          <div class=\"product-card__description line-clamp-3 text-md text-gray-500\"><!-- wp:paragraph {\"className\":\"\",\"epAnimationGeneratedClass\":\"edplus_anim-cLL2IQ\",\"epGeneratedClass\":\"eplus-wrapper\"} -->\r\n<p class=\" eplus-wrapper\">zestaw cz\u0119\u015bci zamiennych zawiera: filtr powietrza (5 szt.), maska inhalacyjna ma\u0142a, maska inhalacyjna du\u017ca, ustnik, przew\u00f3d powietrzny<\/p>\r\n<!-- \/wp:paragraph -->\r\n\r\n<!-- wp:paragraph {\"className\":\"\",\"epAnimationGeneratedClass\":\"edplus_anim-cLL2IQ\",\"epGeneratedClass\":\"eplus-wrapper\"} --><!-- \/wp:paragraph --><\/div>\n    \n          <div class=\"flex justify-between gap-14 flex-wrap mt-auto\">\n        <div class=\"product-price h4 font-semibold self-end text-primary-600\">\n          <span class=\"woocommerce-Price-amount amount\"><bdi>35,00&nbsp;<span class=\"woocommerce-Price-currencySymbol\">&#122;&#322;<\/span><\/bdi><\/span>\n        <\/div>\n        <div class=\"product-card__button\">\n\n          <a href=\"\/?add-to-cart=3117\" data-product_id=\"3117\" target=\"_self\" class=\"button primary add_to_cart_button ajax_add_to_cart\">\n            <span>\n              Dodaj do koszyka\n            <\/span>\n\n            <svg xmlns=\"http:\/\/www.w3.org\/2000\/svg\" width=\"24\" height=\"24\" viewbox=\"0 0 24 24\" fill=\"none\">\n\t<path d=\"M4 12H20M20 12L14.6667 7M20 12L14.6667 17\" stroke=\"currentColor\" stroke-width=\"1.5\" stroke-linecap=\"round\"\/>\n<\/svg>\n\n          <\/a>\n\n        <\/div>\n      <\/div>\n      <\/div>\n<\/div>\n\t\t\t\t\t\t\t\t\t\t\t\t\t\t\t\t\t                              \n\n<div class=\"product-card product-card-trustmate-container flex flex-col relative group min-w-[90vw] lg:min-w-0 lg:w-[calc(100%_\/_3_-_1.5rem)]\">\n\n      <div class=\"bg-secondary-200 rounded-t-20 relative\">\n              <div class=\"post-tags absolute z-10 top-14 left-16 flex flex-wrap gap-8\">\n\n                      \t\t\n\t\t\t\t\t\t\t\t<span class=\"tag pink\">Promocja<\/span>\n\t\t\t\n                    \t\t\n\t\t\t\t\t\t\t\t\t\t\t\t\t<span class=\"tag hidden\">nebulizator<\/span>\n\t\t\t\n        <\/div>\n            <div class=\"post-image rounded-t-20 overflow-hidden relative aspect-[6\/5]\">\n        <a class=\"stretched-link\" href=\"https:\/\/katarek.pl\/produkt\/katarek-inhalo\/\">\n          <span class=\"sr-only\">Katarek Inhalo<\/span>\n        <\/a>\n        <div class=\"transition-opacity   group-hover:opacity-0 \">\n          <img loading=\"lazy\" decoding=\"async\" width=\"768\" height=\"768\" src=\"https:\/\/katarek.pl\/wp-content\/uploads\/2025\/06\/Inhalo-1200x1200-v1.1-768x768.png\" class=\"h-full w-full object-cover aspect-[6\/5]\" alt=\"Katarek Inhalo - zestaw do nebulizacji z sol\u0105 fizjologiczna i hipertoniczna dla ca\u0142ej rodziny\" srcset=\"https:\/\/katarek.pl\/wp-content\/uploads\/2025\/06\/Inhalo-1200x1200-v1.1-768x768.png 768w, https:\/\/katarek.pl\/wp-content\/uploads\/2025\/06\/Inhalo-1200x1200-v1.1-450x450.png 450w, https:\/\/katarek.pl\/wp-content\/uploads\/2025\/06\/Inhalo-1200x1200-v1.1-1024x1024.png 1024w, https:\/\/katarek.pl\/wp-content\/uploads\/2025\/06\/Inhalo-1200x1200-v1.1-250x250.png 250w, https:\/\/katarek.pl\/wp-content\/uploads\/2025\/06\/Inhalo-1200x1200-v1.1-500x500.png 500w, https:\/\/katarek.pl\/wp-content\/uploads\/2025\/06\/Inhalo-1200x1200-v1.1-485x485.png 485w, https:\/\/katarek.pl\/wp-content\/uploads\/2025\/06\/Inhalo-1200x1200-v1.1-600x600.png 600w, https:\/\/katarek.pl\/wp-content\/uploads\/2025\/06\/Inhalo-1200x1200-v1.1-100x100.png 100w, https:\/\/katarek.pl\/wp-content\/uploads\/2025\/06\/Inhalo-1200x1200-v1.1.png 1200w\" sizes=\"(max-width: 768px) 100vw, 768px\" \/>\n\n        <\/div>\n\n                  <div class=\"absolute inset-0 opacity-0 transition-opacity group-hover:opacity-100\">\n            <img loading=\"lazy\" decoding=\"async\" width=\"768\" height=\"511\" src=\"https:\/\/katarek.pl\/wp-content\/uploads\/2025\/06\/DSC_6993-scaled-768x511.jpg\" class=\"h-full w-full object-cover aspect-[6\/5]\" alt=\"Zestaw do nebulizacji Katarek Inhalo\" srcset=\"https:\/\/katarek.pl\/wp-content\/uploads\/2025\/06\/DSC_6993-scaled-768x511.jpg 768w, https:\/\/katarek.pl\/wp-content\/uploads\/2025\/06\/DSC_6993-scaled-600x399.jpg 600w, https:\/\/katarek.pl\/wp-content\/uploads\/2025\/06\/DSC_6993-scaled-450x299.jpg 450w, https:\/\/katarek.pl\/wp-content\/uploads\/2025\/06\/DSC_6993-scaled-1024x681.jpg 1024w, https:\/\/katarek.pl\/wp-content\/uploads\/2025\/06\/DSC_6993-scaled-1536x1022.jpg 1536w, https:\/\/katarek.pl\/wp-content\/uploads\/2025\/06\/DSC_6993-scaled-2048x1362.jpg 2048w, https:\/\/katarek.pl\/wp-content\/uploads\/2025\/06\/DSC_6993-scaled-500x333.jpg 500w, https:\/\/katarek.pl\/wp-content\/uploads\/2025\/06\/DSC_6993-300x200.jpg 300w\" sizes=\"(max-width: 768px) 100vw, 768px\" \/>\n\n          <\/div>\n        \n      <\/div>\n    <\/div>\n\n    <div class=\"product-card__details bg-white p-12 lg:p-24 flex flex-col gap-20 rounded-b-20 h-full\" data-product-id=\"1173\">\n    <div class=\"inline-block self-start product-card-trustmate__rating\">\n      <a class=\"product-card__title !text-primary-700  inline link-underline h5 font-medium\" href=\"https:\/\/katarek.pl\/produkt\/katarek-inhalo\/\">\n        Katarek Inhalo\n      <\/a>\n    <\/div>\n\n          <div class=\"product-card__description line-clamp-3 text-md text-gray-500\"><p>zestaw do nebulizacji\u00a0 &#8211; cichy nebulizator kompresorowy w zestawie z solami fizjologicznymi i hipertonicznymi\u00a0<\/p><\/div>\n    \n          <div class=\"flex justify-between gap-14 flex-wrap mt-auto\">\n        <div class=\"product-price h4 font-semibold self-end text-pink-800\">\n          <span class=\"woocommerce-Price-amount amount\"><bdi>179,00&nbsp;<span class=\"woocommerce-Price-currencySymbol\">&#122;&#322;<\/span><\/bdi><\/span>\n        <\/div>\n        <div class=\"product-card__button\">\n\n          <a href=\"\/?add-to-cart=1173\" data-product_id=\"1173\" target=\"_self\" class=\"button primary add_to_cart_button ajax_add_to_cart\">\n            <span>\n              Dodaj do koszyka\n            <\/span>\n\n            <svg xmlns=\"http:\/\/www.w3.org\/2000\/svg\" width=\"24\" height=\"24\" viewbox=\"0 0 24 24\" fill=\"none\">\n\t<path d=\"M4 12H20M20 12L14.6667 7M20 12L14.6667 17\" stroke=\"currentColor\" stroke-width=\"1.5\" stroke-linecap=\"round\"\/>\n<\/svg>\n\n          <\/a>\n\n        <\/div>\n      <\/div>\n      <\/div>\n<\/div>\n\t\t\t\t\t\t\t\t\t\t\t\t\t\t\t\t\t\t\t\t\t<\/div>\n\t\t\t\t\t\t<div class=\"flex place-content-center\">\n\t\t\t\t\t\t\t\t\n\t\n\t\n\t\t\n\t\t\t<a href=\"https:\/\/katarek.pl\/kategoria-produktu\/nebulizatory\/\" target=\"_self\"  class=\"button outlined   \">\n\t\t\t\t<span>\n\t\t\t\t\tZobacz wi\u0119cej\n\t\t\t\t<\/span>\n\n\t\t\t\t\t\t\t\t\t<svg xmlns=\"http:\/\/www.w3.org\/2000\/svg\" width=\"24\" height=\"24\" viewbox=\"0 0 24 24\" fill=\"none\">\n\t<path d=\"M4 12H20M20 12L14.6667 7M20 12L14.6667 17\" stroke=\"currentColor\" stroke-width=\"1.5\" stroke-linecap=\"round\"\/>\n<\/svg>\n\n\t\t\t\t\n\t\t\t<\/a>\n\n\t\t\n\t\n\t\t\t\t\t\t<\/div>\n\t\t\t\t\t<\/div>\n\t\t\t\t\t\t\t\t\t<div data-content=\"category-21\" class=\"product-tabs__content \">\n\t\t\t\t\t\t<div class=\"overflow-x-auto flex flex-nowrap gap-32 py-spacer-48 mb-32 lg:mb-0\">\n\t\t\t\t\t\t\t\t\t\t\t\t\t\t\t\t\t\t\t\t\t\t\t\t        \n\n<div class=\"product-card product-card-trustmate-container flex flex-col relative group min-w-[90vw] lg:min-w-0 lg:w-[calc(100%_\/_3_-_1.5rem)]\">\n\n      <div class=\"bg-secondary-200 rounded-t-20 relative\">\n              <div class=\"post-tags absolute z-10 top-14 left-16 flex flex-wrap gap-8\">\n\n                    \t\t\n\t\t\t\t\t\t\t\t\t\t\t\t\t<span class=\"tag yellow\">Nowo\u015b\u0107<\/span>\n\t\t\t\n        <\/div>\n            <div class=\"post-image rounded-t-20 overflow-hidden relative aspect-[6\/5]\">\n        <a class=\"stretched-link\" href=\"https:\/\/katarek.pl\/produkt\/katarek-woda-morska-izotoniczna-30-ml\/\">\n          <span class=\"sr-only\">Katarek Woda Morska izotoniczna 30 ml<\/span>\n        <\/a>\n        <div class=\"transition-opacity \">\n          <img loading=\"lazy\" decoding=\"async\" width=\"768\" height=\"768\" src=\"https:\/\/katarek.pl\/wp-content\/uploads\/2026\/01\/Projekt-bez-nazwy-5-768x768.png\" class=\"h-full w-full object-cover aspect-[6\/5]\" alt=\"Katarek Woda Morska Izotoniczna 0,9 %, spray do nosa\" srcset=\"https:\/\/katarek.pl\/wp-content\/uploads\/2026\/01\/Projekt-bez-nazwy-5-768x768.png 768w, https:\/\/katarek.pl\/wp-content\/uploads\/2026\/01\/Projekt-bez-nazwy-5-450x450.png 450w, https:\/\/katarek.pl\/wp-content\/uploads\/2026\/01\/Projekt-bez-nazwy-5-250x250.png 250w, https:\/\/katarek.pl\/wp-content\/uploads\/2026\/01\/Projekt-bez-nazwy-5-500x500.png 500w, https:\/\/katarek.pl\/wp-content\/uploads\/2026\/01\/Projekt-bez-nazwy-5-485x485.png 485w, https:\/\/katarek.pl\/wp-content\/uploads\/2026\/01\/Projekt-bez-nazwy-5-600x600.png 600w, https:\/\/katarek.pl\/wp-content\/uploads\/2026\/01\/Projekt-bez-nazwy-5-100x100.png 100w, https:\/\/katarek.pl\/wp-content\/uploads\/2026\/01\/Projekt-bez-nazwy-5.png 900w\" sizes=\"(max-width: 768px) 100vw, 768px\" \/>\n\n        <\/div>\n\n        \n      <\/div>\n    <\/div>\n\n    <div class=\"product-card__details bg-white p-12 lg:p-24 flex flex-col gap-20 rounded-b-20 h-full\" data-product-id=\"4143\">\n    <div class=\"inline-block self-start product-card-trustmate__rating\">\n      <a class=\"product-card__title !text-primary-700  inline link-underline h5 font-medium\" href=\"https:\/\/katarek.pl\/produkt\/katarek-woda-morska-izotoniczna-30-ml\/\">\n        Katarek Woda Morska izotoniczna 30 ml\n      <\/a>\n    <\/div>\n\n          <div class=\"product-card__description line-clamp-3 text-md text-gray-500\"><p>naturalna ulga dla nosa. Bez konserwant\u00f3w, bez kompromis\u00f3w<\/p><\/div>\n    \n          <div class=\"flex justify-between gap-14 flex-wrap mt-auto\">\n        <div class=\"product-price h4 font-semibold self-end text-primary-600\">\n          <span class=\"woocommerce-Price-amount amount\"><bdi>15,90&nbsp;<span class=\"woocommerce-Price-currencySymbol\">&#122;&#322;<\/span><\/bdi><\/span>\n        <\/div>\n        <div class=\"product-card__button\">\n\n          <a href=\"\/?add-to-cart=4143\" data-product_id=\"4143\" target=\"_self\" class=\"button primary add_to_cart_button ajax_add_to_cart\">\n            <span>\n              Dodaj do koszyka\n            <\/span>\n\n            <svg xmlns=\"http:\/\/www.w3.org\/2000\/svg\" width=\"24\" height=\"24\" viewbox=\"0 0 24 24\" fill=\"none\">\n\t<path d=\"M4 12H20M20 12L14.6667 7M20 12L14.6667 17\" stroke=\"currentColor\" stroke-width=\"1.5\" stroke-linecap=\"round\"\/>\n<\/svg>\n\n          <\/a>\n\n        <\/div>\n      <\/div>\n      <\/div>\n<\/div>\n\t\t\t\t\t\t\t\t\t\t\t\t\t\t\t\t\t                              \n\n<div class=\"product-card product-card-trustmate-container flex flex-col relative group min-w-[90vw] lg:min-w-0 lg:w-[calc(100%_\/_3_-_1.5rem)]\">\n\n      <div class=\"bg-secondary-200 rounded-t-20 relative\">\n              <div class=\"post-tags absolute z-10 top-14 left-16 flex flex-wrap gap-8\">\n\n                      \t\t\n\t\t\t\t\t\t\t\t<span class=\"tag pink\">Promocja<\/span>\n\t\t\t\n                            <\/div>\n            <div class=\"post-image rounded-t-20 overflow-hidden relative aspect-[6\/5]\">\n        <a class=\"stretched-link\" href=\"https:\/\/katarek.pl\/produkt\/katarek-fizjologiczny-roztwor-soli\/\">\n          <span class=\"sr-only\">Katarek s\u00f3l fizjologiczna 0,9%<\/span>\n        <\/a>\n        <div class=\"transition-opacity   group-hover:opacity-0 \">\n          <img loading=\"lazy\" decoding=\"async\" width=\"768\" height=\"768\" src=\"https:\/\/katarek.pl\/wp-content\/uploads\/2025\/07\/Projekt-bez-nazwy-45-768x768.png\" class=\"h-full w-full object-cover aspect-[6\/5]\" alt=\"Katarek roztw\u00f3r fizjologiczny soli 0,9%\" srcset=\"https:\/\/katarek.pl\/wp-content\/uploads\/2025\/07\/Projekt-bez-nazwy-45-768x768.png 768w, https:\/\/katarek.pl\/wp-content\/uploads\/2025\/07\/Projekt-bez-nazwy-45-485x485.png 485w, https:\/\/katarek.pl\/wp-content\/uploads\/2025\/07\/Projekt-bez-nazwy-45-100x100.png 100w, https:\/\/katarek.pl\/wp-content\/uploads\/2025\/07\/Projekt-bez-nazwy-45-600x600.png 600w, https:\/\/katarek.pl\/wp-content\/uploads\/2025\/07\/Projekt-bez-nazwy-45-450x450.png 450w, https:\/\/katarek.pl\/wp-content\/uploads\/2025\/07\/Projekt-bez-nazwy-45-250x250.png 250w, https:\/\/katarek.pl\/wp-content\/uploads\/2025\/07\/Projekt-bez-nazwy-45-500x500.png 500w, https:\/\/katarek.pl\/wp-content\/uploads\/2025\/07\/Projekt-bez-nazwy-45.png 1000w\" sizes=\"(max-width: 768px) 100vw, 768px\" \/>\n\n        <\/div>\n\n                  <div class=\"absolute inset-0 opacity-0 transition-opacity group-hover:opacity-100\">\n            <img loading=\"lazy\" decoding=\"async\" width=\"600\" height=\"600\" src=\"https:\/\/katarek.pl\/wp-content\/uploads\/2025\/07\/3.png\" class=\"h-full w-full object-cover aspect-[6\/5]\" alt=\"Katarek roztw\u00f3r fizjologiczny soli 0,9%\" srcset=\"https:\/\/katarek.pl\/wp-content\/uploads\/2025\/07\/3.png 600w, https:\/\/katarek.pl\/wp-content\/uploads\/2025\/07\/3-485x485.png 485w, https:\/\/katarek.pl\/wp-content\/uploads\/2025\/07\/3-100x100.png 100w, https:\/\/katarek.pl\/wp-content\/uploads\/2025\/07\/3-300x300.png 300w, https:\/\/katarek.pl\/wp-content\/uploads\/2025\/07\/3-150x150.png 150w, https:\/\/katarek.pl\/wp-content\/uploads\/2025\/07\/3-500x500.png 500w, https:\/\/katarek.pl\/wp-content\/uploads\/2025\/07\/3-450x450.png 450w\" sizes=\"(max-width: 600px) 100vw, 600px\" \/>\n\n          <\/div>\n        \n      <\/div>\n    <\/div>\n\n    <div class=\"product-card__details bg-white p-12 lg:p-24 flex flex-col gap-20 rounded-b-20 h-full\" data-product-id=\"3148\">\n    <div class=\"inline-block self-start product-card-trustmate__rating\">\n      <a class=\"product-card__title !text-primary-700  inline link-underline h5 font-medium\" href=\"https:\/\/katarek.pl\/produkt\/katarek-fizjologiczny-roztwor-soli\/\">\n        Katarek s\u00f3l fizjologiczna 0,9%\n      <\/a>\n    <\/div>\n\n          <div class=\"product-card__description line-clamp-3 text-md text-gray-500\"><p>do nebulizacji i piel\u0119gnacji noska, oka, ucha, przemywania ran\u00a0<\/p><\/div>\n    \n          <div class=\"flex justify-between gap-14 flex-wrap mt-auto\">\n        <div class=\"product-price h4 font-semibold self-end text-pink-800\">\n          <span class=\"woocommerce-Price-amount amount\"><bdi>10,50&nbsp;<span class=\"woocommerce-Price-currencySymbol\">&#122;&#322;<\/span><\/bdi><\/span>\n        <\/div>\n        <div class=\"product-card__button\">\n\n          <a href=\"\/?add-to-cart=3148\" data-product_id=\"3148\" target=\"_self\" class=\"button primary add_to_cart_button ajax_add_to_cart\">\n            <span>\n              Dodaj do koszyka\n            <\/span>\n\n            <svg xmlns=\"http:\/\/www.w3.org\/2000\/svg\" width=\"24\" height=\"24\" viewbox=\"0 0 24 24\" fill=\"none\">\n\t<path d=\"M4 12H20M20 12L14.6667 7M20 12L14.6667 17\" stroke=\"currentColor\" stroke-width=\"1.5\" stroke-linecap=\"round\"\/>\n<\/svg>\n\n          <\/a>\n\n        <\/div>\n      <\/div>\n      <\/div>\n<\/div>\n\t\t\t\t\t\t\t\t\t\t\t\t\t\t\t\t\t                              \n\n<div class=\"product-card product-card-trustmate-container flex flex-col relative group min-w-[90vw] lg:min-w-0 lg:w-[calc(100%_\/_3_-_1.5rem)]\">\n\n      <div class=\"bg-secondary-200 rounded-t-20 relative\">\n              <div class=\"post-tags absolute z-10 top-14 left-16 flex flex-wrap gap-8\">\n\n                      \t\t\n\t\t\t\t\t\t\t\t<span class=\"tag pink\">Promocja<\/span>\n\t\t\t\n                            <\/div>\n            <div class=\"post-image rounded-t-20 overflow-hidden relative aspect-[6\/5]\">\n        <a class=\"stretched-link\" href=\"https:\/\/katarek.pl\/produkt\/sol-hipertoniczna\/\">\n          <span class=\"sr-only\">Katarek s\u00f3l hipertoniczna 3%<\/span>\n        <\/a>\n        <div class=\"transition-opacity \">\n          <img loading=\"lazy\" decoding=\"async\" width=\"768\" height=\"768\" src=\"https:\/\/katarek.pl\/wp-content\/uploads\/2025\/07\/Projekt-bez-nazwy-46-768x768.png\" class=\"h-full w-full object-cover aspect-[6\/5]\" alt=\"Katarek s\u00f3l hipertoniczna 3% do nebulizacji dla dzieci - roztw\u00f3r w ampu\u0142kach\" srcset=\"https:\/\/katarek.pl\/wp-content\/uploads\/2025\/07\/Projekt-bez-nazwy-46-768x768.png 768w, https:\/\/katarek.pl\/wp-content\/uploads\/2025\/07\/Projekt-bez-nazwy-46-485x485.png 485w, https:\/\/katarek.pl\/wp-content\/uploads\/2025\/07\/Projekt-bez-nazwy-46-100x100.png 100w, https:\/\/katarek.pl\/wp-content\/uploads\/2025\/07\/Projekt-bez-nazwy-46-600x600.png 600w, https:\/\/katarek.pl\/wp-content\/uploads\/2025\/07\/Projekt-bez-nazwy-46-450x450.png 450w, https:\/\/katarek.pl\/wp-content\/uploads\/2025\/07\/Projekt-bez-nazwy-46-250x250.png 250w, https:\/\/katarek.pl\/wp-content\/uploads\/2025\/07\/Projekt-bez-nazwy-46-500x500.png 500w, https:\/\/katarek.pl\/wp-content\/uploads\/2025\/07\/Projekt-bez-nazwy-46.png 1000w\" sizes=\"(max-width: 768px) 100vw, 768px\" \/>\n\n        <\/div>\n\n        \n      <\/div>\n    <\/div>\n\n    <div class=\"product-card__details bg-white p-12 lg:p-24 flex flex-col gap-20 rounded-b-20 h-full\" data-product-id=\"3044\">\n    <div class=\"inline-block self-start product-card-trustmate__rating\">\n      <a class=\"product-card__title !text-primary-700  inline link-underline h5 font-medium\" href=\"https:\/\/katarek.pl\/produkt\/sol-hipertoniczna\/\">\n        Katarek s\u00f3l hipertoniczna 3%\n      <\/a>\n    <\/div>\n\n          <div class=\"product-card__description line-clamp-3 text-md text-gray-500\"><p>naturalna pomoc w oczyszczaniu dr\u00f3g oddechowych. Idealna do nebulizacji \u2013 zar\u00f3wno dla dzieci i doros\u0142ych &#8211; najlepiej po konsultacji z lekarzem<\/p><\/div>\n    \n          <div class=\"flex justify-between gap-14 flex-wrap mt-auto\">\n        <div class=\"product-price h4 font-semibold self-end text-pink-800\">\n          <span class=\"woocommerce-Price-amount amount\"><bdi>21,00&nbsp;<span class=\"woocommerce-Price-currencySymbol\">&#122;&#322;<\/span><\/bdi><\/span>\n        <\/div>\n        <div class=\"product-card__button\">\n\n          <a href=\"\/?add-to-cart=3044\" data-product_id=\"3044\" target=\"_self\" class=\"button primary add_to_cart_button ajax_add_to_cart\">\n            <span>\n              Dodaj do koszyka\n            <\/span>\n\n            <svg xmlns=\"http:\/\/www.w3.org\/2000\/svg\" width=\"24\" height=\"24\" viewbox=\"0 0 24 24\" fill=\"none\">\n\t<path d=\"M4 12H20M20 12L14.6667 7M20 12L14.6667 17\" stroke=\"currentColor\" stroke-width=\"1.5\" stroke-linecap=\"round\"\/>\n<\/svg>\n\n          <\/a>\n\n        <\/div>\n      <\/div>\n      <\/div>\n<\/div>\n\t\t\t\t\t\t\t\t\t\t\t\t\t\t\t\t\t\t\t\t\t<\/div>\n\t\t\t\t\t\t<div class=\"flex place-content-center\">\n\t\t\t\t\t\t\t\t\n\t\n\t\n\t\t\n\t\t\t<a href=\"https:\/\/katarek.pl\/kategoria-produktu\/sole\/\" target=\"_self\"  class=\"button outlined   \">\n\t\t\t\t<span>\n\t\t\t\t\tZobacz wi\u0119cej\n\t\t\t\t<\/span>\n\n\t\t\t\t\t\t\t\t\t<svg xmlns=\"http:\/\/www.w3.org\/2000\/svg\" width=\"24\" height=\"24\" viewbox=\"0 0 24 24\" fill=\"none\">\n\t<path d=\"M4 12H20M20 12L14.6667 7M20 12L14.6667 17\" stroke=\"currentColor\" stroke-width=\"1.5\" stroke-linecap=\"round\"\/>\n<\/svg>\n\n\t\t\t\t\n\t\t\t<\/a>\n\n\t\t\n\t\n\t\t\t\t\t\t<\/div>\n\t\t\t\t\t<\/div>\n\t\t\t\t\t\t\t<\/div>\n\t\t\t<\/div>\n\n\n<\/section>\n","protected":false},"excerpt":"Wszyscy wko\u0142o kaszl\u0105, kichaj\u0105, choruj\u0105. Twojej rodziny nie dopad\u0142o jeszcze przezi\u0119bienie lub grypa? To \u015bwietnie, ale sezon zachorowa\u0144 nie odpuszcza i wkr\u00f3tce kt\u00f3re\u015b z Was mo\u017ce z\u0142apa\u0107 wirusa. A wtedy ju\u017c efekt domina gwarantowany\u2026 Taki scenariusz nie wchodzi w gr\u0119, prawda? Zatem zamiast ucieka\u0107 przed chorob\u0105, wyprowad\u017a ofensyw\u0119. Oczywi\u015bcie jak najbardziej naturaln\u0105, wi\u0119c suplementy diety [&hellip;]","author":7,"featured_media":806,"comment_status":"open","ping_status":"open","sticky":false,"template":"","format":"standard","meta":{"_acf_changed":false,"inline_featured_image":false,"editor_plus_copied_stylings":"{}","footnotes":""},"categories":[28,41],"tags":[],"class_list":["post-520","post","type-post","status-publish","format-standard","has-post-thumbnail","hentry","category-dziecko","category-zdrowie-dziecko"],"yoast_head":"<!-- This site is optimized with the Yoast SEO plugin v27.4 - https:\/\/yoast.com\/product\/yoast-seo-wordpress\/ -->\n<title>Imbir dla dzieci na przezi\u0119bienie. Od kiedy dla niemowlaka? - blog Katarek<\/title>\n<meta name=\"description\" content=\"Twoje dziecko cz\u0119sto choruje zim\u0105? Zastosuj imbir na przezi\u0119bienie oraz inne naturalne napary. Sprawd\u017a od kiedy mo\u017cna podawa\u0107 go niemowlakowi. Zapraszamy!\" \/>\n<meta name=\"robots\" content=\"index, follow, max-snippet:-1, max-image-preview:large, max-video-preview:-1\" \/>\n<link rel=\"canonical\" href=\"https:\/\/katarek.pl\/imbir-dla-dzieci-na-przeziebienie\/\" \/>\n<meta property=\"og:locale\" content=\"pl_PL\" \/>\n<meta property=\"og:type\" content=\"article\" \/>\n<meta property=\"og:title\" content=\"Imbir dla dzieci na przezi\u0119bienie. Od kiedy dla niemowlaka? - blog Katarek\" \/>\n<meta property=\"og:description\" content=\"Twoje dziecko cz\u0119sto choruje zim\u0105? Zastosuj imbir na przezi\u0119bienie oraz inne naturalne napary. Sprawd\u017a od kiedy mo\u017cna podawa\u0107 go niemowlakowi. Zapraszamy!\" \/>\n<meta property=\"og:url\" content=\"https:\/\/katarek.pl\/imbir-dla-dzieci-na-przeziebienie\/\" \/>\n<meta property=\"og:site_name\" content=\"katarek.pl\" \/>\n<meta property=\"article:published_time\" content=\"2017-02-03T09:23:44+00:00\" \/>\n<meta property=\"article:modified_time\" content=\"2026-01-29T14:16:55+00:00\" \/>\n<meta property=\"og:image\" content=\"https:\/\/katarek.pl\/wp-content\/uploads\/2017\/02\/na-przeziecca8bienie-imbir-1024x694-1.jpg\" \/>\n\t<meta property=\"og:image:width\" content=\"1024\" \/>\n\t<meta property=\"og:image:height\" content=\"694\" \/>\n\t<meta property=\"og:image:type\" content=\"image\/jpeg\" \/>\n<meta name=\"author\" content=\"katarek\" \/>\n<meta name=\"twitter:card\" content=\"summary_large_image\" \/>\n<meta name=\"twitter:label1\" content=\"Napisane przez\" \/>\n\t<meta name=\"twitter:data1\" content=\"katarek\" \/>\n\t<meta name=\"twitter:label2\" content=\"Szacowany czas czytania\" \/>\n\t<meta name=\"twitter:data2\" content=\"5 minut\" \/>\n<script type=\"application\/ld+json\" class=\"yoast-schema-graph\">{\"@context\":\"https:\\\/\\\/schema.org\",\"@graph\":[{\"@type\":\"Article\",\"@id\":\"https:\\\/\\\/katarek.pl\\\/imbir-dla-dzieci-na-przeziebienie\\\/#article\",\"isPartOf\":{\"@id\":\"https:\\\/\\\/katarek.pl\\\/imbir-dla-dzieci-na-przeziebienie\\\/\"},\"author\":{\"name\":\"katarek\",\"@id\":\"https:\\\/\\\/katarek.pl\\\/#\\\/schema\\\/person\\\/c7267555b2aaad4c6d15146a155bc430\"},\"headline\":\"Imbir dla dzieci na przezi\u0119bienie. Od kiedy podawa\u0107 niemowl\u0119ciu?\",\"datePublished\":\"2017-02-03T09:23:44+00:00\",\"dateModified\":\"2026-01-29T14:16:55+00:00\",\"mainEntityOfPage\":{\"@id\":\"https:\\\/\\\/katarek.pl\\\/imbir-dla-dzieci-na-przeziebienie\\\/\"},\"wordCount\":911,\"commentCount\":1,\"image\":{\"@id\":\"https:\\\/\\\/katarek.pl\\\/imbir-dla-dzieci-na-przeziebienie\\\/#primaryimage\"},\"thumbnailUrl\":\"https:\\\/\\\/katarek.pl\\\/wp-content\\\/uploads\\\/2017\\\/02\\\/na-przeziecca8bienie-imbir-1024x694-1.jpg\",\"articleSection\":[\"Dziecko\",\"Zdrowie\"],\"inLanguage\":\"pl-PL\"},{\"@type\":\"WebPage\",\"@id\":\"https:\\\/\\\/katarek.pl\\\/imbir-dla-dzieci-na-przeziebienie\\\/\",\"url\":\"https:\\\/\\\/katarek.pl\\\/imbir-dla-dzieci-na-przeziebienie\\\/\",\"name\":\"Imbir dla dzieci na przezi\u0119bienie. Od kiedy dla niemowlaka? - blog Katarek\",\"isPartOf\":{\"@id\":\"https:\\\/\\\/katarek.pl\\\/#website\"},\"primaryImageOfPage\":{\"@id\":\"https:\\\/\\\/katarek.pl\\\/imbir-dla-dzieci-na-przeziebienie\\\/#primaryimage\"},\"image\":{\"@id\":\"https:\\\/\\\/katarek.pl\\\/imbir-dla-dzieci-na-przeziebienie\\\/#primaryimage\"},\"thumbnailUrl\":\"https:\\\/\\\/katarek.pl\\\/wp-content\\\/uploads\\\/2017\\\/02\\\/na-przeziecca8bienie-imbir-1024x694-1.jpg\",\"datePublished\":\"2017-02-03T09:23:44+00:00\",\"dateModified\":\"2026-01-29T14:16:55+00:00\",\"author\":{\"@id\":\"https:\\\/\\\/katarek.pl\\\/#\\\/schema\\\/person\\\/c7267555b2aaad4c6d15146a155bc430\"},\"description\":\"Twoje dziecko cz\u0119sto choruje zim\u0105? Zastosuj imbir na przezi\u0119bienie oraz inne naturalne napary. Sprawd\u017a od kiedy mo\u017cna podawa\u0107 go niemowlakowi. Zapraszamy!\",\"breadcrumb\":{\"@id\":\"https:\\\/\\\/katarek.pl\\\/imbir-dla-dzieci-na-przeziebienie\\\/#breadcrumb\"},\"inLanguage\":\"pl-PL\",\"potentialAction\":[{\"@type\":\"ReadAction\",\"target\":[\"https:\\\/\\\/katarek.pl\\\/imbir-dla-dzieci-na-przeziebienie\\\/\"]}]},{\"@type\":\"ImageObject\",\"inLanguage\":\"pl-PL\",\"@id\":\"https:\\\/\\\/katarek.pl\\\/imbir-dla-dzieci-na-przeziebienie\\\/#primaryimage\",\"url\":\"https:\\\/\\\/katarek.pl\\\/wp-content\\\/uploads\\\/2017\\\/02\\\/na-przeziecca8bienie-imbir-1024x694-1.jpg\",\"contentUrl\":\"https:\\\/\\\/katarek.pl\\\/wp-content\\\/uploads\\\/2017\\\/02\\\/na-przeziecca8bienie-imbir-1024x694-1.jpg\",\"width\":1024,\"height\":694,\"caption\":\"Imbir na przezi\u0119bienie\"},{\"@type\":\"BreadcrumbList\",\"@id\":\"https:\\\/\\\/katarek.pl\\\/imbir-dla-dzieci-na-przeziebienie\\\/#breadcrumb\",\"itemListElement\":[{\"@type\":\"ListItem\",\"position\":1,\"name\":\"Home\",\"item\":\"https:\\\/\\\/katarek.pl\\\/\"},{\"@type\":\"ListItem\",\"position\":2,\"name\":\"Blog\",\"item\":\"https:\\\/\\\/katarek.pl\\\/blog\\\/\"},{\"@type\":\"ListItem\",\"position\":3,\"name\":\"Imbir dla dzieci na przezi\u0119bienie. Od kiedy podawa\u0107 niemowl\u0119ciu?\"}]},{\"@type\":\"WebSite\",\"@id\":\"https:\\\/\\\/katarek.pl\\\/#website\",\"url\":\"https:\\\/\\\/katarek.pl\\\/\",\"name\":\"katarek.pl\",\"description\":\"\",\"potentialAction\":[{\"@type\":\"SearchAction\",\"target\":{\"@type\":\"EntryPoint\",\"urlTemplate\":\"https:\\\/\\\/katarek.pl\\\/?s={search_term_string}\"},\"query-input\":{\"@type\":\"PropertyValueSpecification\",\"valueRequired\":true,\"valueName\":\"search_term_string\"}}],\"inLanguage\":\"pl-PL\"},{\"@type\":\"Person\",\"@id\":\"https:\\\/\\\/katarek.pl\\\/#\\\/schema\\\/person\\\/c7267555b2aaad4c6d15146a155bc430\",\"name\":\"katarek\",\"url\":\"https:\\\/\\\/katarek.pl\\\/author\\\/katarek\\\/\"}]}<\/script>\n<!-- \/ Yoast SEO plugin. -->","yoast_head_json":{"title":"Imbir dla dzieci na przezi\u0119bienie. Od kiedy dla niemowlaka? - blog Katarek","description":"Twoje dziecko cz\u0119sto choruje zim\u0105? Zastosuj imbir na przezi\u0119bienie oraz inne naturalne napary. Sprawd\u017a od kiedy mo\u017cna podawa\u0107 go niemowlakowi. Zapraszamy!","robots":{"index":"index","follow":"follow","max-snippet":"max-snippet:-1","max-image-preview":"max-image-preview:large","max-video-preview":"max-video-preview:-1"},"canonical":"https:\/\/katarek.pl\/imbir-dla-dzieci-na-przeziebienie\/","og_locale":"pl_PL","og_type":"article","og_title":"Imbir dla dzieci na przezi\u0119bienie. Od kiedy dla niemowlaka? - blog Katarek","og_description":"Twoje dziecko cz\u0119sto choruje zim\u0105? Zastosuj imbir na przezi\u0119bienie oraz inne naturalne napary. Sprawd\u017a od kiedy mo\u017cna podawa\u0107 go niemowlakowi. Zapraszamy!","og_url":"https:\/\/katarek.pl\/imbir-dla-dzieci-na-przeziebienie\/","og_site_name":"katarek.pl","article_published_time":"2017-02-03T09:23:44+00:00","article_modified_time":"2026-01-29T14:16:55+00:00","og_image":[{"width":1024,"height":694,"url":"https:\/\/katarek.pl\/wp-content\/uploads\/2017\/02\/na-przeziecca8bienie-imbir-1024x694-1.jpg","type":"image\/jpeg"}],"author":"katarek","twitter_card":"summary_large_image","twitter_misc":{"Napisane przez":"katarek","Szacowany czas czytania":"5 minut"},"schema":{"@context":"https:\/\/schema.org","@graph":[{"@type":"Article","@id":"https:\/\/katarek.pl\/imbir-dla-dzieci-na-przeziebienie\/#article","isPartOf":{"@id":"https:\/\/katarek.pl\/imbir-dla-dzieci-na-przeziebienie\/"},"author":{"name":"katarek","@id":"https:\/\/katarek.pl\/#\/schema\/person\/c7267555b2aaad4c6d15146a155bc430"},"headline":"Imbir dla dzieci na przezi\u0119bienie. Od kiedy podawa\u0107 niemowl\u0119ciu?","datePublished":"2017-02-03T09:23:44+00:00","dateModified":"2026-01-29T14:16:55+00:00","mainEntityOfPage":{"@id":"https:\/\/katarek.pl\/imbir-dla-dzieci-na-przeziebienie\/"},"wordCount":911,"commentCount":1,"image":{"@id":"https:\/\/katarek.pl\/imbir-dla-dzieci-na-przeziebienie\/#primaryimage"},"thumbnailUrl":"https:\/\/katarek.pl\/wp-content\/uploads\/2017\/02\/na-przeziecca8bienie-imbir-1024x694-1.jpg","articleSection":["Dziecko","Zdrowie"],"inLanguage":"pl-PL"},{"@type":"WebPage","@id":"https:\/\/katarek.pl\/imbir-dla-dzieci-na-przeziebienie\/","url":"https:\/\/katarek.pl\/imbir-dla-dzieci-na-przeziebienie\/","name":"Imbir dla dzieci na przezi\u0119bienie. Od kiedy dla niemowlaka? - blog Katarek","isPartOf":{"@id":"https:\/\/katarek.pl\/#website"},"primaryImageOfPage":{"@id":"https:\/\/katarek.pl\/imbir-dla-dzieci-na-przeziebienie\/#primaryimage"},"image":{"@id":"https:\/\/katarek.pl\/imbir-dla-dzieci-na-przeziebienie\/#primaryimage"},"thumbnailUrl":"https:\/\/katarek.pl\/wp-content\/uploads\/2017\/02\/na-przeziecca8bienie-imbir-1024x694-1.jpg","datePublished":"2017-02-03T09:23:44+00:00","dateModified":"2026-01-29T14:16:55+00:00","author":{"@id":"https:\/\/katarek.pl\/#\/schema\/person\/c7267555b2aaad4c6d15146a155bc430"},"description":"Twoje dziecko cz\u0119sto choruje zim\u0105? Zastosuj imbir na przezi\u0119bienie oraz inne naturalne napary. Sprawd\u017a od kiedy mo\u017cna podawa\u0107 go niemowlakowi. Zapraszamy!","breadcrumb":{"@id":"https:\/\/katarek.pl\/imbir-dla-dzieci-na-przeziebienie\/#breadcrumb"},"inLanguage":"pl-PL","potentialAction":[{"@type":"ReadAction","target":["https:\/\/katarek.pl\/imbir-dla-dzieci-na-przeziebienie\/"]}]},{"@type":"ImageObject","inLanguage":"pl-PL","@id":"https:\/\/katarek.pl\/imbir-dla-dzieci-na-przeziebienie\/#primaryimage","url":"https:\/\/katarek.pl\/wp-content\/uploads\/2017\/02\/na-przeziecca8bienie-imbir-1024x694-1.jpg","contentUrl":"https:\/\/katarek.pl\/wp-content\/uploads\/2017\/02\/na-przeziecca8bienie-imbir-1024x694-1.jpg","width":1024,"height":694,"caption":"Imbir na przezi\u0119bienie"},{"@type":"BreadcrumbList","@id":"https:\/\/katarek.pl\/imbir-dla-dzieci-na-przeziebienie\/#breadcrumb","itemListElement":[{"@type":"ListItem","position":1,"name":"Home","item":"https:\/\/katarek.pl\/"},{"@type":"ListItem","position":2,"name":"Blog","item":"https:\/\/katarek.pl\/blog\/"},{"@type":"ListItem","position":3,"name":"Imbir dla dzieci na przezi\u0119bienie. Od kiedy podawa\u0107 niemowl\u0119ciu?"}]},{"@type":"WebSite","@id":"https:\/\/katarek.pl\/#website","url":"https:\/\/katarek.pl\/","name":"katarek.pl","description":"","potentialAction":[{"@type":"SearchAction","target":{"@type":"EntryPoint","urlTemplate":"https:\/\/katarek.pl\/?s={search_term_string}"},"query-input":{"@type":"PropertyValueSpecification","valueRequired":true,"valueName":"search_term_string"}}],"inLanguage":"pl-PL"},{"@type":"Person","@id":"https:\/\/katarek.pl\/#\/schema\/person\/c7267555b2aaad4c6d15146a155bc430","name":"katarek","url":"https:\/\/katarek.pl\/author\/katarek\/"}]}},"acf":[],"gutenberg_blocks":[{"blockName":"custom-styles","attrs":{"styles":""}},{"blockName":"acf\/productlistswithnavigation","attrs":{"name":"acf\/productlistswithnavigation","data":{"title_heading_label":"","_title_heading_label":"field_680f5de7d3992","title_heading_text":"","_title_heading_text":"field_638627ccced84","title_heading_level":"h2","_title_heading_level":"field_638627e7ced85","title_heading_variant":"default","_title_heading_variant":"field_63862847ced86","title_extra_classes":"","_title_extra_classes":"field_638628eeced88","title":"","_title":"field_67f635c24ab4f","type_section":"manual","_type_section":"field_67f6367c80390","relationship":["16","19","21"],"_relationship":"field_67f636438038f"},"mode":"edit"},"innerBlocks":[],"innerHTML":"","innerContent":[]}],"meta_data":false,"featured_image":{"url":"https:\/\/katarek.pl\/wp-content\/uploads\/2017\/02\/na-przeziecca8bienie-imbir-1024x694-1.jpg"},"main_category":{"name":"Dziecko"},"prev_page":{"slug":"kiedy-podac-dziecku-rosol-jajko-chleb"},"next_page":{"slug":"smog-krakow"},"_links":{"self":[{"href":"https:\/\/katarek.pl\/index.php\/wp-json\/wp\/v2\/posts\/520","targetHints":{"allow":["GET"]}}],"collection":[{"href":"https:\/\/katarek.pl\/index.php\/wp-json\/wp\/v2\/posts"}],"about":[{"href":"https:\/\/katarek.pl\/index.php\/wp-json\/wp\/v2\/types\/post"}],"author":[{"embeddable":true,"href":"https:\/\/katarek.pl\/index.php\/wp-json\/wp\/v2\/users\/7"}],"replies":[{"embeddable":true,"href":"https:\/\/katarek.pl\/index.php\/wp-json\/wp\/v2\/comments?post=520"}],"version-history":[{"count":1,"href":"https:\/\/katarek.pl\/index.php\/wp-json\/wp\/v2\/posts\/520\/revisions"}],"predecessor-version":[{"id":4891,"href":"https:\/\/katarek.pl\/index.php\/wp-json\/wp\/v2\/posts\/520\/revisions\/4891"}],"wp:featuredmedia":[{"embeddable":true,"href":"https:\/\/katarek.pl\/index.php\/wp-json\/wp\/v2\/media\/806"}],"wp:attachment":[{"href":"https:\/\/katarek.pl\/index.php\/wp-json\/wp\/v2\/media?parent=520"}],"wp:term":[{"taxonomy":"category","embeddable":true,"href":"https:\/\/katarek.pl\/index.php\/wp-json\/wp\/v2\/categories?post=520"},{"taxonomy":"post_tag","embeddable":true,"href":"https:\/\/katarek.pl\/index.php\/wp-json\/wp\/v2\/tags?post=520"}],"curies":[{"name":"wp","href":"https:\/\/api.w.org\/{rel}","templated":true}]}}