{"id":514,"date":"2025-04-10T16:28:52","date_gmt":"2025-04-10T14:28:52","guid":{"rendered":"https:\/\/katarek.empressia.dev\/?p=514"},"modified":"2025-09-26T15:06:14","modified_gmt":"2025-09-26T13:06:14","slug":"o-czym-najczesciej-mamy-zapominaja-przygotowujac-wyprawke","status":"publish","type":"post","link":"https:\/\/katarek.pl\/o-czym-najczesciej-mamy-zapominaja-przygotowujac-wyprawke\/","title":{"rendered":"O czym najcz\u0119\u015bciej mamy zapominaj\u0105 przygotowuj\u0105c wyprawk\u0119?"},"content":{"rendered":"\n<p class=\" eplus-wrapper\"><strong>Zaczynasz odlicza\u0107 tygodnie do&nbsp;porodu? Oczekiwanie na&nbsp;maluszka umilasz sobie szykuj\u0105c wyprawk\u0119? Zakupy dla malucha to&nbsp;nie&nbsp;tylko&nbsp;przyjemno\u015b\u0107, to&nbsp;r\u00f3wnie\u017c czas, w&nbsp;trakcie kt\u00f3rego&nbsp;mo\u017cesz si\u0119 odpowiednio przygotowa\u0107 na&nbsp;jego przyj\u015bcie. Wa\u017cne jest, \u017ceby&nbsp;wszystkie potrzebne przedmioty mie\u0107 pod&nbsp;r\u0119k\u0105 zawczasu, bo&nbsp;jak ju\u017c maluch si\u0119 pojawi, to&nbsp;b\u0119dziesz mia\u0142a zdecydowanie mniej czasu na&nbsp;zakupy. Co&nbsp;powinna zawiera\u0107 wyprawka dla mamy i&nbsp;malucha.&nbsp;<\/strong><\/p>\n\n\n\n<h2 class=\" wp-block-heading eplus-wrapper\">Ka\u017cda mama zna podstawy<\/h2>\n\n\n\n<p class=\" eplus-wrapper\">W&nbsp;internecie mo\u017cna znale\u017a\u0107 wiele gotowych list produkt\u00f3w, kt\u00f3re b\u0119d\u0105 potrzebne Twojemu dziecku. Na&nbsp;pewno te\u017c posi\u0142kujesz si\u0119 poradami mamy, siostry czy&nbsp;przyjaci\u00f3\u0142ek. Dlatego wiesz, \u017ce&nbsp;potrzebne b\u0119d\u0105 Ci&nbsp;ubranka dostosowane do&nbsp;pogody i&nbsp;okoliczno\u015bci, w\u00f3zek, \u0142\u00f3\u017ceczko, po\u015bciel, kosmetyki do&nbsp;piel\u0119gnacji.&nbsp;<\/p>\n\n\n\n<p class=\" eplus-wrapper\"><strong>Zastanawiasz si\u0119 co&nbsp;kupi\u0107 dla dziecka przed&nbsp;porodem?<\/strong>&nbsp;Wa\u017cne jest, \u017ceby&nbsp;nie&nbsp;popada\u0107 w&nbsp;zakupowy sza\u0142. Nie&nbsp;ma&nbsp;sensu kupowa\u0107 bardzo du\u017cej ilo\u015bci ubranek w&nbsp;najmniejszych rozmiarach, bo&nbsp;niemowlak do\u015b\u0107 szybko ro\u015bnie. Zdarza si\u0119 te\u017c, \u017ce&nbsp;dziecko rodzi si\u0119 do\u015b\u0107 du\u017ce i&nbsp;wtedy najmniejsze dost\u0119pne rozmiary ju\u017c od&nbsp;samego pocz\u0105tku mog\u0105 by\u0107 dla niego za&nbsp;ma\u0142e.&nbsp;<strong>Porad\u017a si\u0119 najlepiej kole\u017canek jakie ilo\u015bci pajacyk\u00f3w, kaftanik\u00f3w i&nbsp;\u015bpioch\u00f3w przyda\u0142y im&nbsp;si\u0119 w&nbsp;pierwszych tygodniach.&nbsp;<\/strong><\/p>\n\n\n\n<p class=\" eplus-wrapper\">Jest wiele akcesori\u00f3w i&nbsp;gad\u017cet\u00f3w dla niemowl\u0105t, kt\u00f3re nie&nbsp;do&nbsp;ko\u0144ca w&nbsp;rzeczywisto\u015bci si\u0119 sprawdzaj\u0105, dlatego zanim kupisz kolejn\u0105 nowo\u015b\u0107, kt\u00f3r\u0105 producenci uwa\u017caj\u0105 za&nbsp;niezb\u0119dn\u0105 dla kilkudniowego dziecka porozmawiaj na&nbsp;ten temat ze&nbsp;znajomymi, kt\u00f3rzy&nbsp;maj\u0105 ju\u017c dzieci lub zapytaj innych mam na&nbsp;forach czy&nbsp;w&nbsp;grupach dyskusyjnych na&nbsp;portalach spo\u0142eczno\u015bciowych.&nbsp;<\/p>\n\n\n\n<h2 class=\" wp-block-heading eplus-wrapper\">Pami\u0119taj o&nbsp;niezb\u0119dnych, a&nbsp;nieoczywistych produktach<\/h2>\n\n\n\n<p class=\" eplus-wrapper\">Od&nbsp;samego pocz\u0105tku jeste\u015b przekonana, \u017ce&nbsp;b\u0119dziesz u\u017cywa\u0142a tylko&nbsp;pieluch jednorazowych. Tak\u0105 decyzj\u0119 podejmuje wi\u0119kszo\u015b\u0107 mam, bo&nbsp;s\u0105&nbsp;one faktycznie do\u015b\u0107 wygodne. Szykuj\u0105c wyprawk\u0119 kup jednak kilka klasycznych pieluch tetrowych. Pomimo tego, \u017ce&nbsp;nie&nbsp;b\u0119dziesz ich u\u017cywa\u0142a w&nbsp;standardowy spos\u00f3b, zast\u0119puj\u0105c je&nbsp;jednorazowymi, to&nbsp;na&nbsp;pewno si\u0119 przydadz\u0105. Noworodkom cz\u0119sto si\u0119 ulewa, dlatego warto je&nbsp;mie\u0107 zamiast \u015bliniaka, kt\u00f3ry&nbsp;sprawdzi si\u0119 dopiero u&nbsp;troch\u0119 wi\u0119kszych dzieci. Takie pieluchy przydatne s\u0105&nbsp;te\u017c, je\u015bli chcesz po\u0142o\u017cy\u0107 dziecko poza w\u00f3zkiem lub \u0142\u00f3\u017ceczkiem, a&nbsp;nie&nbsp;jeste\u015b pewna czy&nbsp;dane miejsce jest idealnie czyste. Dobrze sprawdzaj\u0105 si\u0119 te\u017c przy przewijaniu roz\u0142o\u017cone na&nbsp;przewijaku.&nbsp;<\/p>\n\n\n\n<p class=\" eplus-wrapper\">Cz\u0119\u015b\u0107 mam my\u015bli, \u017ce&nbsp;katar nie&nbsp;dotyczy najm\u0142odszych, przecie\u017c nie&nbsp;dopuszcz\u0105 do&nbsp;tego, \u017ceby&nbsp;maluch si\u0119 przezi\u0119bi\u0142. Gdyby\u015bmy \u017cyli w&nbsp;idealnym \u015bwiecie, to&nbsp;na&nbsp;pewno by&nbsp;tak&nbsp;by\u0142o. Niestety przed&nbsp;wszystkimi zarazkami nie&nbsp;jeste\u015bmy w&nbsp;stanie naszego male\u0144stwa uchroni\u0107. Dlatego warto ju\u017c na&nbsp;etapie wyprawki zaopatrzy\u0107 si\u0119 w&nbsp;<a href=\"https:\/\/katarek.pl\/produkty\/\">aspirator<\/a>, \u017ceby&nbsp;w&nbsp;razie wyst\u0105pienia kataru m\u00f3c od&nbsp;razu oczy\u015bci\u0107 nos male\u0144stwa. Dlaczego jest to&nbsp;tak&nbsp;wa\u017cne, mo\u017cesz dowiedzie\u0107 si\u0119&nbsp;<a href=\"https:\/\/katarek.pl\/wyprawka\/\">tutaj<\/a>.&nbsp;<\/p>\n\n\n\n<h2 class=\" wp-block-heading eplus-wrapper\">Rzeczywisto\u015b\u0107 mo\u017ce Ci\u0119 zaskoczy\u0107 \u2013 wyprawka dla mamy<\/h2>\n\n\n\n<p class=\" eplus-wrapper\"><strong>Wyprawka dla mamy to&nbsp;zawsze temat wa\u017cny, dla ka\u017cdej kobiety.<\/strong>&nbsp;Wi\u0119kszo\u015b\u0107 mam przed&nbsp;porodem nie&nbsp;zaopatruje si\u0119 w&nbsp;laktator, planuj\u0105c karmienie piersi\u0105 bezpo\u015brednio, bez&nbsp;odci\u0105gania pokarmu. Nie&nbsp;kupuj\u0105 z&nbsp;tego powodu laktatora. Nawet je\u015bli nie&nbsp;planujesz odci\u0105ga\u0107 mleka, to&nbsp;zastan\u00f3w si\u0119 nad&nbsp;zakupem lub wypo\u017cyczeniem laktatora. Zdarza si\u0119 bowiem, \u017ce&nbsp;zm\u0119czenie spowodowane d\u0142ugim porodem, b\u0105d\u017a stres kt\u00f3ry&nbsp;mu&nbsp;towarzyszy, mo\u017ce wp\u0142yn\u0105\u0107 na&nbsp;Twoj\u0105 laktacj\u0119 i&nbsp;w&nbsp;pierwszych dniach mo\u017cesz mie\u0107 mniej pokarmu b\u0105d\u017a ca\u0142kowity jego zast\u00f3j. Wiele po\u0142o\u017cnych i&nbsp;doradc\u00f3w laktacyjnych zaleca wtedy pobudzanie laktacji za&nbsp;pomoc\u0105 laktatora. Mo\u017ce by\u0107 on&nbsp;wtedy potrzebny Ci&nbsp;ju\u017c w&nbsp;szpitalu, wi\u0119c&nbsp;warto mie\u0107 go&nbsp;w&nbsp;swojej walizce. Je\u015bli oka\u017ce si\u0119, \u017ce&nbsp;nie&nbsp;b\u0119dzie Ci&nbsp;w&nbsp;og\u00f3le potrzebny, to&nbsp;produkt nieu\u017cywany b\u0119dziesz mog\u0142a bez&nbsp;problemu odsprzeda\u0107 za&nbsp;po\u015brednictwem internetu.&nbsp;<\/p>\n\n\n\n<p class=\" eplus-wrapper\">Pami\u0119taj, \u017ce&nbsp;dobrze przygotowana mama b\u0119dzie gotowa na&nbsp;wi\u0119kszo\u015b\u0107 sytuacji, a&nbsp;dzi\u0119ki temu b\u0119dzie mia\u0142a mo\u017cliwo\u015b\u0107 szybko i&nbsp;w\u0142a\u015bciwie na&nbsp;ni\u0105 zareagowa\u0107.<strong>&nbsp;Dlatego zaplanuj wyprawk\u0119 dla mamy i&nbsp;malucha z&nbsp;g\u0142ow\u0105, a&nbsp;b\u0119dziesz mog\u0142a nazwa\u0107 si\u0119 przewiduj\u0105c\u0105 mam\u0105.&nbsp;<\/strong><\/p>\n\n\n\n<p class=\" eplus-wrapper\">Na&nbsp;naszym blogu przeczytasz r\u00f3wnie\u017c o&nbsp;innych ciekawych rzeczach w&nbsp;trakcie po\u0142ogu, takich jak&nbsp;<a href=\"https:\/\/katarek.pl\/blog\/wypadanie-wlosow-pologu\/\">wypadanie w\u0142os\u00f3w po&nbsp;ci\u0105\u017cy<\/a>.<\/p>\n\n\n\n<p class=\" eplus-wrapper\"><\/p>\n\n\n<section class=\"product-tabs alignfull section-mb-xxs \">\n\t<div class=\"container container--mobile-overflow\">\n\t\t\t\t\t\n\n\t<h2 class=\"  text-center  \">\n\n\t\tPoznaj aspiratory Katarek\n\n\t<\/h2>\n\n\t\t\n\t\t\n\t\t\t<nav class=\"py-spacer-32 w-full border-b-1 border-primary-300 overflow-x-auto\">\n\t\t\t\t<ul class=\"flex items-center md:justify-center gap-spacer-32 flex-nowrap\">\n\t\t\t\t\t\t\t\t\t\t\t<li>\n\t\t\t\t\t\t\t<button class=\"product-tabs__tab link-underline title-sm !text-primary-700 font-bold active\" data-target=\"category-16\">\n\t\t\t\t\t\t\t\tAspiratory\n\t\t\t\t\t\t\t<\/button>\n\t\t\t\t\t\t<\/li>\n\t\t\t\t\t\t\t\t\t<\/ul>\n\t\t\t<\/nav>\n\n\t\t\t<div class=\"product-tabs\">\n\t\t\t\t\t\t\t\t\t<div data-content=\"category-16\" class=\"product-tabs__content active\">\n\t\t\t\t\t\t<div class=\"overflow-x-auto flex flex-nowrap gap-32 py-spacer-48 mb-32 lg:mb-0\">\n\t\t\t\t\t\t\t\t\t\t\t\t\t\t\t\t\t\t\t\t\t\t\t\t                              \n\n<div class=\"product-card product-card-trustmate-container flex flex-col relative group min-w-[90vw] lg:min-w-0 lg:w-[calc(100%_\/_3_-_1.5rem)]\">\n\n      <div class=\"bg-secondary-200 rounded-t-20 relative\">\n              <div class=\"post-tags absolute z-10 top-14 left-16 flex flex-wrap gap-8\">\n\n                      \t\t\n\t\t\t\t\t\t\t\t<span class=\"tag pink\">Promocja<\/span>\n\t\t\t\n                    \t\t\n\t\t\t\t\t\t\t\t\t\t\t\t\t<span class=\"tag yellow\">z kodem -15%<\/span>\n\t\t\t\n        <\/div>\n            <div class=\"post-image rounded-t-20 overflow-hidden relative aspect-[6\/5]\">\n        <a class=\"stretched-link\" href=\"https:\/\/katarek.pl\/produkt\/zestaw-katarek-travel-2w1-adapter-do-odkurzaczy-pionowych\/\">\n          <span class=\"sr-only\">Zestaw Katarek Travel 2w1 + Adapter do odkurzaczy pionowych<\/span>\n        <\/a>\n        <div class=\"transition-opacity   group-hover:opacity-0 \">\n          <img loading=\"lazy\" decoding=\"async\" width=\"768\" height=\"768\" src=\"https:\/\/katarek.pl\/wp-content\/uploads\/2025\/11\/3-768x768.png\" class=\"h-full w-full object-cover aspect-[6\/5]\" alt=\"Zestaw Katarek Travel + Adapter do odkurzaczy pionowych - zestaw 3 w 1 na katar w tym ustnie\" srcset=\"https:\/\/katarek.pl\/wp-content\/uploads\/2025\/11\/3-768x768.png 768w, https:\/\/katarek.pl\/wp-content\/uploads\/2025\/11\/3-450x450.png 450w, https:\/\/katarek.pl\/wp-content\/uploads\/2025\/11\/3-250x250.png 250w, https:\/\/katarek.pl\/wp-content\/uploads\/2025\/11\/3-500x500.png 500w, https:\/\/katarek.pl\/wp-content\/uploads\/2025\/11\/3-485x485.png 485w, https:\/\/katarek.pl\/wp-content\/uploads\/2025\/11\/3-600x600.png 600w, https:\/\/katarek.pl\/wp-content\/uploads\/2025\/11\/3-100x100.png 100w, https:\/\/katarek.pl\/wp-content\/uploads\/2025\/11\/3.png 900w\" sizes=\"(max-width: 768px) 100vw, 768px\" \/>\n\n        <\/div>\n\n                  <div class=\"absolute inset-0 opacity-0 transition-opacity group-hover:opacity-100\">\n            <img loading=\"lazy\" decoding=\"async\" width=\"768\" height=\"768\" src=\"https:\/\/katarek.pl\/wp-content\/uploads\/2025\/11\/2-768x768.png\" class=\"h-full w-full object-cover aspect-[6\/5]\" alt=\"Zestaw zawiera katarek Travel aspirator kataru dla dzieci oraz adapter do odkurzaczy pionowych\" srcset=\"https:\/\/katarek.pl\/wp-content\/uploads\/2025\/11\/2-768x768.png 768w, https:\/\/katarek.pl\/wp-content\/uploads\/2025\/11\/2-450x450.png 450w, https:\/\/katarek.pl\/wp-content\/uploads\/2025\/11\/2-250x250.png 250w, https:\/\/katarek.pl\/wp-content\/uploads\/2025\/11\/2-500x500.png 500w, https:\/\/katarek.pl\/wp-content\/uploads\/2025\/11\/2-485x485.png 485w, https:\/\/katarek.pl\/wp-content\/uploads\/2025\/11\/2-600x600.png 600w, https:\/\/katarek.pl\/wp-content\/uploads\/2025\/11\/2-100x100.png 100w, https:\/\/katarek.pl\/wp-content\/uploads\/2025\/11\/2.png 900w\" sizes=\"(max-width: 768px) 100vw, 768px\" \/>\n\n          <\/div>\n        \n      <\/div>\n    <\/div>\n\n    <div class=\"product-card__details bg-white p-12 lg:p-24 flex flex-col gap-20 rounded-b-20 h-full\" data-product-id=\"4298\">\n    <div class=\"inline-block self-start product-card-trustmate__rating\">\n      <a class=\"product-card__title !text-primary-700  inline link-underline h5 font-medium\" href=\"https:\/\/katarek.pl\/produkt\/zestaw-katarek-travel-2w1-adapter-do-odkurzaczy-pionowych\/\">\n        Zestaw Katarek Travel 2w1 + Adapter do odkurzaczy pionowych\n      <\/a>\n    <\/div>\n\n          <div class=\"product-card__description line-clamp-3 text-md text-gray-500\"><p>odci\u0105ganiesz katar odkurzaczem poziomym, pionowym oraz wyj\u0105tkowo ustami. Must have do wyprawki!<\/p><\/div>\n    \n          <div class=\"flex justify-between gap-14 flex-wrap mt-auto\">\n        <div class=\"product-price h4 font-semibold self-end text-pink-800\">\n          <span class=\"woocommerce-Price-amount amount\"><bdi>111,99&nbsp;<span class=\"woocommerce-Price-currencySymbol\">&#122;&#322;<\/span><\/bdi><\/span>\n        <\/div>\n        <div class=\"product-card__button\">\n\n          <a href=\"\/?add-to-cart=4298\" data-product_id=\"4298\" target=\"_self\" class=\"button primary add_to_cart_button ajax_add_to_cart\">\n            <span>\n              Dodaj do koszyka\n            <\/span>\n\n            <svg xmlns=\"http:\/\/www.w3.org\/2000\/svg\" width=\"24\" height=\"24\" viewbox=\"0 0 24 24\" fill=\"none\">\n\t<path d=\"M4 12H20M20 12L14.6667 7M20 12L14.6667 17\" stroke=\"currentColor\" stroke-width=\"1.5\" stroke-linecap=\"round\"\/>\n<\/svg>\n\n          <\/a>\n\n        <\/div>\n      <\/div>\n      <\/div>\n<\/div>\n\t\t\t\t\t\t\t\t\t\t\t\t\t\t\t\t\t                              \n\n<div class=\"product-card product-card-trustmate-container flex flex-col relative group min-w-[90vw] lg:min-w-0 lg:w-[calc(100%_\/_3_-_1.5rem)]\">\n\n      <div class=\"bg-secondary-200 rounded-t-20 relative\">\n              <div class=\"post-tags absolute z-10 top-14 left-16 flex flex-wrap gap-8\">\n\n                      \t\t\n\t\t\t\t\t\t\t\t<span class=\"tag pink\">Promocja<\/span>\n\t\t\t\n                            <\/div>\n            <div class=\"post-image rounded-t-20 overflow-hidden relative aspect-[6\/5]\">\n        <a class=\"stretched-link\" href=\"https:\/\/katarek.pl\/produkt\/katarek-standard\/\">\n          <span class=\"sr-only\">Katarek Standard<\/span>\n        <\/a>\n        <div class=\"transition-opacity   group-hover:opacity-0 \">\n          <img loading=\"lazy\" decoding=\"async\" width=\"768\" height=\"768\" src=\"https:\/\/katarek.pl\/wp-content\/uploads\/2025\/09\/6-768x768.png\" class=\"h-full w-full object-cover aspect-[6\/5]\" alt=\"Aspirator do kataru dla dzieci Katarek Standard\" srcset=\"https:\/\/katarek.pl\/wp-content\/uploads\/2025\/09\/6-768x768.png 768w, https:\/\/katarek.pl\/wp-content\/uploads\/2025\/09\/6-450x450.png 450w, https:\/\/katarek.pl\/wp-content\/uploads\/2025\/09\/6-250x250.png 250w, https:\/\/katarek.pl\/wp-content\/uploads\/2025\/09\/6-500x500.png 500w, https:\/\/katarek.pl\/wp-content\/uploads\/2025\/09\/6-485x485.png 485w, https:\/\/katarek.pl\/wp-content\/uploads\/2025\/09\/6-600x600.png 600w, https:\/\/katarek.pl\/wp-content\/uploads\/2025\/09\/6-100x100.png 100w, https:\/\/katarek.pl\/wp-content\/uploads\/2025\/09\/6.png 1000w\" sizes=\"(max-width: 768px) 100vw, 768px\" \/>\n\n        <\/div>\n\n                  <div class=\"absolute inset-0 opacity-0 transition-opacity group-hover:opacity-100\">\n            <img loading=\"lazy\" decoding=\"async\" width=\"768\" height=\"768\" src=\"https:\/\/katarek.pl\/wp-content\/uploads\/2025\/07\/Projekt-bez-nazwy-52-768x768.png\" class=\"h-full w-full object-cover aspect-[6\/5]\" alt=\"Aspirator Katarek Standard z 2 ko\u0144c\u00f3wkami\" srcset=\"https:\/\/katarek.pl\/wp-content\/uploads\/2025\/07\/Projekt-bez-nazwy-52-768x768.png 768w, https:\/\/katarek.pl\/wp-content\/uploads\/2025\/07\/Projekt-bez-nazwy-52-450x450.png 450w, https:\/\/katarek.pl\/wp-content\/uploads\/2025\/07\/Projekt-bez-nazwy-52-250x250.png 250w, https:\/\/katarek.pl\/wp-content\/uploads\/2025\/07\/Projekt-bez-nazwy-52-500x500.png 500w, https:\/\/katarek.pl\/wp-content\/uploads\/2025\/07\/Projekt-bez-nazwy-52-485x485.png 485w, https:\/\/katarek.pl\/wp-content\/uploads\/2025\/07\/Projekt-bez-nazwy-52-600x600.png 600w, https:\/\/katarek.pl\/wp-content\/uploads\/2025\/07\/Projekt-bez-nazwy-52-100x100.png 100w, https:\/\/katarek.pl\/wp-content\/uploads\/2025\/07\/Projekt-bez-nazwy-52.png 1000w\" sizes=\"(max-width: 768px) 100vw, 768px\" \/>\n\n          <\/div>\n        \n      <\/div>\n    <\/div>\n\n    <div class=\"product-card__details bg-white p-12 lg:p-24 flex flex-col gap-20 rounded-b-20 h-full\" data-product-id=\"3142\">\n    <div class=\"inline-block self-start product-card-trustmate__rating\">\n      <a class=\"product-card__title !text-primary-700  inline link-underline h5 font-medium\" href=\"https:\/\/katarek.pl\/produkt\/katarek-standard\/\">\n        Katarek Standard\n      <\/a>\n    <\/div>\n\n          <div class=\"product-card__description line-clamp-3 text-md text-gray-500\"><p>prosty ale bardzo pomocny. Aspirator kataru do odkurzacza, kt\u00f3ry pokona nawet g\u0119st\u0105, zielon\u0105 wydzielin\u0119!<\/p><\/div>\n    \n          <div class=\"flex justify-between gap-14 flex-wrap mt-auto\">\n        <div class=\"product-price h4 font-semibold self-end text-pink-800\">\n          <span class=\"woocommerce-Price-amount amount\"><bdi>53,00&nbsp;<span class=\"woocommerce-Price-currencySymbol\">&#122;&#322;<\/span><\/bdi><\/span>\n        <\/div>\n        <div class=\"product-card__button\">\n\n          <a href=\"\/?add-to-cart=3142\" data-product_id=\"3142\" target=\"_self\" class=\"button primary add_to_cart_button ajax_add_to_cart\">\n            <span>\n              Dodaj do koszyka\n            <\/span>\n\n            <svg xmlns=\"http:\/\/www.w3.org\/2000\/svg\" width=\"24\" height=\"24\" viewbox=\"0 0 24 24\" fill=\"none\">\n\t<path d=\"M4 12H20M20 12L14.6667 7M20 12L14.6667 17\" stroke=\"currentColor\" stroke-width=\"1.5\" stroke-linecap=\"round\"\/>\n<\/svg>\n\n          <\/a>\n\n        <\/div>\n      <\/div>\n      <\/div>\n<\/div>\n\t\t\t\t\t\t\t\t\t\t\t\t\t\t\t\t\t                              \n\n<div class=\"product-card product-card-trustmate-container flex flex-col relative group min-w-[90vw] lg:min-w-0 lg:w-[calc(100%_\/_3_-_1.5rem)]\">\n\n      <div class=\"bg-secondary-200 rounded-t-20 relative\">\n              <div class=\"post-tags absolute z-10 top-14 left-16 flex flex-wrap gap-8\">\n\n                      \t\t\n\t\t\t\t\t\t\t\t<span class=\"tag pink\">Promocja<\/span>\n\t\t\t\n                            <\/div>\n            <div class=\"post-image rounded-t-20 overflow-hidden relative aspect-[6\/5]\">\n        <a class=\"stretched-link\" href=\"https:\/\/katarek.pl\/produkt\/katarek-simple\/\">\n          <span class=\"sr-only\">Katarek Simple<\/span>\n        <\/a>\n        <div class=\"transition-opacity   group-hover:opacity-0 \">\n          <img loading=\"lazy\" decoding=\"async\" width=\"768\" height=\"768\" src=\"https:\/\/katarek.pl\/wp-content\/uploads\/2025\/07\/Projekt-bez-nazwy-83-768x768.png\" class=\"h-full w-full object-cover aspect-[6\/5]\" alt=\"Prosty, tani aspirator kataru do odkurzacza Katarek Simple\" srcset=\"https:\/\/katarek.pl\/wp-content\/uploads\/2025\/07\/Projekt-bez-nazwy-83-768x768.png 768w, https:\/\/katarek.pl\/wp-content\/uploads\/2025\/07\/Projekt-bez-nazwy-83-450x450.png 450w, https:\/\/katarek.pl\/wp-content\/uploads\/2025\/07\/Projekt-bez-nazwy-83-250x250.png 250w, https:\/\/katarek.pl\/wp-content\/uploads\/2025\/07\/Projekt-bez-nazwy-83-500x500.png 500w, https:\/\/katarek.pl\/wp-content\/uploads\/2025\/07\/Projekt-bez-nazwy-83-485x485.png 485w, https:\/\/katarek.pl\/wp-content\/uploads\/2025\/07\/Projekt-bez-nazwy-83-600x600.png 600w, https:\/\/katarek.pl\/wp-content\/uploads\/2025\/07\/Projekt-bez-nazwy-83-100x100.png 100w, https:\/\/katarek.pl\/wp-content\/uploads\/2025\/07\/Projekt-bez-nazwy-83.png 1000w\" sizes=\"(max-width: 768px) 100vw, 768px\" \/>\n\n        <\/div>\n\n                  <div class=\"absolute inset-0 opacity-0 transition-opacity group-hover:opacity-100\">\n            <img loading=\"lazy\" decoding=\"async\" width=\"768\" height=\"768\" src=\"https:\/\/katarek.pl\/wp-content\/uploads\/2025\/07\/Projekt-bez-nazwy-53-768x768.png\" class=\"h-full w-full object-cover aspect-[6\/5]\" alt=\"Podstawowy Katarek Simple - aspirator kataru do odkurzacza dla dzieci\" srcset=\"https:\/\/katarek.pl\/wp-content\/uploads\/2025\/07\/Projekt-bez-nazwy-53-768x768.png 768w, https:\/\/katarek.pl\/wp-content\/uploads\/2025\/07\/Projekt-bez-nazwy-53-450x450.png 450w, https:\/\/katarek.pl\/wp-content\/uploads\/2025\/07\/Projekt-bez-nazwy-53-250x250.png 250w, https:\/\/katarek.pl\/wp-content\/uploads\/2025\/07\/Projekt-bez-nazwy-53-500x500.png 500w, https:\/\/katarek.pl\/wp-content\/uploads\/2025\/07\/Projekt-bez-nazwy-53-485x485.png 485w, https:\/\/katarek.pl\/wp-content\/uploads\/2025\/07\/Projekt-bez-nazwy-53-600x600.png 600w, https:\/\/katarek.pl\/wp-content\/uploads\/2025\/07\/Projekt-bez-nazwy-53-100x100.png 100w, https:\/\/katarek.pl\/wp-content\/uploads\/2025\/07\/Projekt-bez-nazwy-53.png 1000w\" sizes=\"(max-width: 768px) 100vw, 768px\" \/>\n\n          <\/div>\n        \n      <\/div>\n    <\/div>\n\n    <div class=\"product-card__details bg-white p-12 lg:p-24 flex flex-col gap-20 rounded-b-20 h-full\" data-product-id=\"3120\">\n    <div class=\"inline-block self-start product-card-trustmate__rating\">\n      <a class=\"product-card__title !text-primary-700  inline link-underline h5 font-medium\" href=\"https:\/\/katarek.pl\/produkt\/katarek-simple\/\">\n        Katarek Simple\n      <\/a>\n    <\/div>\n\n          <div class=\"product-card__description line-clamp-3 text-md text-gray-500\"><p>podstawowy aspirator, kt\u00f3ry efektywnie \u015bci\u0105ga katar od pierwszego dnia dziecka<\/p><\/div>\n    \n          <div class=\"flex justify-between gap-14 flex-wrap mt-auto\">\n        <div class=\"product-price h4 font-semibold self-end text-pink-800\">\n          <span class=\"woocommerce-Price-amount amount\"><bdi>42,40&nbsp;<span class=\"woocommerce-Price-currencySymbol\">&#122;&#322;<\/span><\/bdi><\/span>\n        <\/div>\n        <div class=\"product-card__button\">\n\n          <a href=\"\/?add-to-cart=3120\" data-product_id=\"3120\" target=\"_self\" class=\"button primary add_to_cart_button ajax_add_to_cart\">\n            <span>\n              Dodaj do koszyka\n            <\/span>\n\n            <svg xmlns=\"http:\/\/www.w3.org\/2000\/svg\" width=\"24\" height=\"24\" viewbox=\"0 0 24 24\" fill=\"none\">\n\t<path d=\"M4 12H20M20 12L14.6667 7M20 12L14.6667 17\" stroke=\"currentColor\" stroke-width=\"1.5\" stroke-linecap=\"round\"\/>\n<\/svg>\n\n          <\/a>\n\n        <\/div>\n      <\/div>\n      <\/div>\n<\/div>\n\t\t\t\t\t\t\t\t\t\t\t\t\t\t\t\t\t\t\t\t\t<\/div>\n\t\t\t\t\t\t<div class=\"flex place-content-center\">\n\t\t\t\t\t\t\t\t\n\t\n\t\n\t\t\n\t\t\t<a href=\"https:\/\/katarek.pl\/kategoria-produktu\/aspiratory\/\" target=\"_self\"  class=\"button outlined   \">\n\t\t\t\t<span>\n\t\t\t\t\tZobacz wi\u0119cej\n\t\t\t\t<\/span>\n\n\t\t\t\t\t\t\t\t\t<svg xmlns=\"http:\/\/www.w3.org\/2000\/svg\" width=\"24\" height=\"24\" viewbox=\"0 0 24 24\" fill=\"none\">\n\t<path d=\"M4 12H20M20 12L14.6667 7M20 12L14.6667 17\" stroke=\"currentColor\" stroke-width=\"1.5\" stroke-linecap=\"round\"\/>\n<\/svg>\n\n\t\t\t\t\n\t\t\t<\/a>\n\n\t\t\n\t\n\t\t\t\t\t\t<\/div>\n\t\t\t\t\t<\/div>\n\t\t\t\t\t\t\t<\/div>\n\t\t\t<\/div>\n\n\n<\/section>\n","protected":false},"excerpt":"Narodziny dziecka to niezwyk\u0142e wydarzenie, na kt\u00f3re przygotowujesz si\u0119 9 miesi\u0119cy. Poza dbaniem o zdrowie i rozwojem maluszka starasz si\u0119 tak\u017ce kupi\u0107 wszystko co b\u0119dzie Ci potrzebne zar\u00f3wno w szpitalu jak i w domu po porodzie. Je\u015bli to Twoje pierwsze dziecko z pewno\u015bci\u0105 sama do ko\u0144ca nie wiesz co Ci si\u0119 przyda a co nie. Rzeczy dla niemowlaka s\u0105 pi\u0119kne i kusz\u0105 ze sklepowych p\u00f3\u0142ek ale czy wszystko jest potrzebne? Jaki\u015b czas temu przeprowadzili\u015bmy badania na grupie do\u015bwiadczonych mam zadaj\u0105c im pytanie co tak naprawd\u0119 przyda\u0142o im si\u0119 po powrocie do domu, na tej podstawie stworzyli\u015bmy list\u0119 produkt\u00f3w must have m\u0142odej mamy przydatnych w domu po porodzie.","author":1,"featured_media":512,"comment_status":"closed","ping_status":"closed","sticky":false,"template":"","format":"standard","meta":{"_acf_changed":false,"inline_featured_image":false,"editor_plus_copied_stylings":"{}","footnotes":""},"categories":[31],"tags":[],"class_list":["post-514","post","type-post","status-publish","format-standard","has-post-thumbnail","hentry","category-mama"],"yoast_head":"<!-- This site is optimized with the Yoast SEO plugin v27.4 - https:\/\/yoast.com\/product\/yoast-seo-wordpress\/ -->\n<title>O czym najcz\u0119\u015bciej mamy zapominaj\u0105 przygotowuj\u0105c wyprawk\u0119? - katarek.pl<\/title>\n<meta name=\"description\" content=\"Kompletujesz wyprawk\u0119 dla noworodka? Sprawd\u017a, o czym najcz\u0119\u015bciej zapominaj\u0105 mamy. Przeczytaj nasz artyku\u0142 i b\u0105d\u017a w pe\u0142ni przygotowana na przyj\u015bcie maluszka!\" \/>\n<meta name=\"robots\" content=\"index, follow, max-snippet:-1, max-image-preview:large, max-video-preview:-1\" \/>\n<link rel=\"canonical\" href=\"https:\/\/katarek.pl\/o-czym-najczesciej-mamy-zapominaja-przygotowujac-wyprawke\/\" \/>\n<meta property=\"og:locale\" content=\"pl_PL\" \/>\n<meta property=\"og:type\" content=\"article\" \/>\n<meta property=\"og:title\" content=\"O czym najcz\u0119\u015bciej mamy zapominaj\u0105 przygotowuj\u0105c wyprawk\u0119? - katarek.pl\" \/>\n<meta property=\"og:description\" content=\"Kompletujesz wyprawk\u0119 dla noworodka? Sprawd\u017a, o czym najcz\u0119\u015bciej zapominaj\u0105 mamy. Przeczytaj nasz artyku\u0142 i b\u0105d\u017a w pe\u0142ni przygotowana na przyj\u015bcie maluszka!\" \/>\n<meta property=\"og:url\" content=\"https:\/\/katarek.pl\/o-czym-najczesciej-mamy-zapominaja-przygotowujac-wyprawke\/\" \/>\n<meta property=\"og:site_name\" content=\"katarek.pl\" \/>\n<meta property=\"article:published_time\" content=\"2025-04-10T14:28:52+00:00\" \/>\n<meta property=\"article:modified_time\" content=\"2025-09-26T13:06:14+00:00\" \/>\n<meta property=\"og:image\" content=\"https:\/\/katarek.pl\/wp-content\/uploads\/2025\/04\/blog1.webp\" \/>\n\t<meta property=\"og:image:width\" content=\"484\" \/>\n\t<meta property=\"og:image:height\" content=\"484\" \/>\n\t<meta property=\"og:image:type\" content=\"image\/webp\" \/>\n<meta name=\"author\" content=\"empressia\" \/>\n<meta name=\"twitter:card\" content=\"summary_large_image\" \/>\n<meta name=\"twitter:label1\" content=\"Napisane przez\" \/>\n\t<meta name=\"twitter:data1\" content=\"empressia\" \/>\n\t<meta name=\"twitter:label2\" content=\"Szacowany czas czytania\" \/>\n\t<meta name=\"twitter:data2\" content=\"4 minuty\" \/>\n<script type=\"application\/ld+json\" class=\"yoast-schema-graph\">{\"@context\":\"https:\\\/\\\/schema.org\",\"@graph\":[{\"@type\":\"Article\",\"@id\":\"https:\\\/\\\/katarek.pl\\\/o-czym-najczesciej-mamy-zapominaja-przygotowujac-wyprawke\\\/#article\",\"isPartOf\":{\"@id\":\"https:\\\/\\\/katarek.pl\\\/o-czym-najczesciej-mamy-zapominaja-przygotowujac-wyprawke\\\/\"},\"author\":{\"name\":\"empressia\",\"@id\":\"https:\\\/\\\/katarek.pl\\\/#\\\/schema\\\/person\\\/3954ad4d9220f440a2dfa183c4edd2d4\"},\"headline\":\"O czym najcz\u0119\u015bciej mamy zapominaj\u0105 przygotowuj\u0105c wyprawk\u0119?\",\"datePublished\":\"2025-04-10T14:28:52+00:00\",\"dateModified\":\"2025-09-26T13:06:14+00:00\",\"mainEntityOfPage\":{\"@id\":\"https:\\\/\\\/katarek.pl\\\/o-czym-najczesciej-mamy-zapominaja-przygotowujac-wyprawke\\\/\"},\"wordCount\":888,\"image\":{\"@id\":\"https:\\\/\\\/katarek.pl\\\/o-czym-najczesciej-mamy-zapominaja-przygotowujac-wyprawke\\\/#primaryimage\"},\"thumbnailUrl\":\"https:\\\/\\\/katarek.pl\\\/wp-content\\\/uploads\\\/2025\\\/04\\\/blog1.webp\",\"articleSection\":[\"Mama\"],\"inLanguage\":\"pl-PL\"},{\"@type\":\"WebPage\",\"@id\":\"https:\\\/\\\/katarek.pl\\\/o-czym-najczesciej-mamy-zapominaja-przygotowujac-wyprawke\\\/\",\"url\":\"https:\\\/\\\/katarek.pl\\\/o-czym-najczesciej-mamy-zapominaja-przygotowujac-wyprawke\\\/\",\"name\":\"O czym najcz\u0119\u015bciej mamy zapominaj\u0105 przygotowuj\u0105c wyprawk\u0119? - katarek.pl\",\"isPartOf\":{\"@id\":\"https:\\\/\\\/katarek.pl\\\/#website\"},\"primaryImageOfPage\":{\"@id\":\"https:\\\/\\\/katarek.pl\\\/o-czym-najczesciej-mamy-zapominaja-przygotowujac-wyprawke\\\/#primaryimage\"},\"image\":{\"@id\":\"https:\\\/\\\/katarek.pl\\\/o-czym-najczesciej-mamy-zapominaja-przygotowujac-wyprawke\\\/#primaryimage\"},\"thumbnailUrl\":\"https:\\\/\\\/katarek.pl\\\/wp-content\\\/uploads\\\/2025\\\/04\\\/blog1.webp\",\"datePublished\":\"2025-04-10T14:28:52+00:00\",\"dateModified\":\"2025-09-26T13:06:14+00:00\",\"author\":{\"@id\":\"https:\\\/\\\/katarek.pl\\\/#\\\/schema\\\/person\\\/3954ad4d9220f440a2dfa183c4edd2d4\"},\"description\":\"Kompletujesz wyprawk\u0119 dla noworodka? Sprawd\u017a, o czym najcz\u0119\u015bciej zapominaj\u0105 mamy. Przeczytaj nasz artyku\u0142 i b\u0105d\u017a w pe\u0142ni przygotowana na przyj\u015bcie maluszka!\",\"breadcrumb\":{\"@id\":\"https:\\\/\\\/katarek.pl\\\/o-czym-najczesciej-mamy-zapominaja-przygotowujac-wyprawke\\\/#breadcrumb\"},\"inLanguage\":\"pl-PL\",\"potentialAction\":[{\"@type\":\"ReadAction\",\"target\":[\"https:\\\/\\\/katarek.pl\\\/o-czym-najczesciej-mamy-zapominaja-przygotowujac-wyprawke\\\/\"]}]},{\"@type\":\"ImageObject\",\"inLanguage\":\"pl-PL\",\"@id\":\"https:\\\/\\\/katarek.pl\\\/o-czym-najczesciej-mamy-zapominaja-przygotowujac-wyprawke\\\/#primaryimage\",\"url\":\"https:\\\/\\\/katarek.pl\\\/wp-content\\\/uploads\\\/2025\\\/04\\\/blog1.webp\",\"contentUrl\":\"https:\\\/\\\/katarek.pl\\\/wp-content\\\/uploads\\\/2025\\\/04\\\/blog1.webp\",\"width\":484,\"height\":484},{\"@type\":\"BreadcrumbList\",\"@id\":\"https:\\\/\\\/katarek.pl\\\/o-czym-najczesciej-mamy-zapominaja-przygotowujac-wyprawke\\\/#breadcrumb\",\"itemListElement\":[{\"@type\":\"ListItem\",\"position\":1,\"name\":\"Home\",\"item\":\"https:\\\/\\\/katarek.pl\\\/\"},{\"@type\":\"ListItem\",\"position\":2,\"name\":\"Blog\",\"item\":\"https:\\\/\\\/katarek.pl\\\/blog\\\/\"},{\"@type\":\"ListItem\",\"position\":3,\"name\":\"O czym najcz\u0119\u015bciej mamy zapominaj\u0105 przygotowuj\u0105c wyprawk\u0119?\"}]},{\"@type\":\"WebSite\",\"@id\":\"https:\\\/\\\/katarek.pl\\\/#website\",\"url\":\"https:\\\/\\\/katarek.pl\\\/\",\"name\":\"katarek.pl\",\"description\":\"\",\"potentialAction\":[{\"@type\":\"SearchAction\",\"target\":{\"@type\":\"EntryPoint\",\"urlTemplate\":\"https:\\\/\\\/katarek.pl\\\/?s={search_term_string}\"},\"query-input\":{\"@type\":\"PropertyValueSpecification\",\"valueRequired\":true,\"valueName\":\"search_term_string\"}}],\"inLanguage\":\"pl-PL\"},{\"@type\":\"Person\",\"@id\":\"https:\\\/\\\/katarek.pl\\\/#\\\/schema\\\/person\\\/3954ad4d9220f440a2dfa183c4edd2d4\",\"name\":\"empressia\",\"sameAs\":[\"https:\\\/\\\/katarek.pl\"],\"url\":\"https:\\\/\\\/katarek.pl\\\/author\\\/empressia\\\/\"}]}<\/script>\n<!-- \/ Yoast SEO plugin. -->","yoast_head_json":{"title":"O czym najcz\u0119\u015bciej mamy zapominaj\u0105 przygotowuj\u0105c wyprawk\u0119? - katarek.pl","description":"Kompletujesz wyprawk\u0119 dla noworodka? Sprawd\u017a, o czym najcz\u0119\u015bciej zapominaj\u0105 mamy. Przeczytaj nasz artyku\u0142 i b\u0105d\u017a w pe\u0142ni przygotowana na przyj\u015bcie maluszka!","robots":{"index":"index","follow":"follow","max-snippet":"max-snippet:-1","max-image-preview":"max-image-preview:large","max-video-preview":"max-video-preview:-1"},"canonical":"https:\/\/katarek.pl\/o-czym-najczesciej-mamy-zapominaja-przygotowujac-wyprawke\/","og_locale":"pl_PL","og_type":"article","og_title":"O czym najcz\u0119\u015bciej mamy zapominaj\u0105 przygotowuj\u0105c wyprawk\u0119? - katarek.pl","og_description":"Kompletujesz wyprawk\u0119 dla noworodka? Sprawd\u017a, o czym najcz\u0119\u015bciej zapominaj\u0105 mamy. Przeczytaj nasz artyku\u0142 i b\u0105d\u017a w pe\u0142ni przygotowana na przyj\u015bcie maluszka!","og_url":"https:\/\/katarek.pl\/o-czym-najczesciej-mamy-zapominaja-przygotowujac-wyprawke\/","og_site_name":"katarek.pl","article_published_time":"2025-04-10T14:28:52+00:00","article_modified_time":"2025-09-26T13:06:14+00:00","og_image":[{"width":484,"height":484,"url":"https:\/\/katarek.pl\/wp-content\/uploads\/2025\/04\/blog1.webp","type":"image\/webp"}],"author":"empressia","twitter_card":"summary_large_image","twitter_misc":{"Napisane przez":"empressia","Szacowany czas czytania":"4 minuty"},"schema":{"@context":"https:\/\/schema.org","@graph":[{"@type":"Article","@id":"https:\/\/katarek.pl\/o-czym-najczesciej-mamy-zapominaja-przygotowujac-wyprawke\/#article","isPartOf":{"@id":"https:\/\/katarek.pl\/o-czym-najczesciej-mamy-zapominaja-przygotowujac-wyprawke\/"},"author":{"name":"empressia","@id":"https:\/\/katarek.pl\/#\/schema\/person\/3954ad4d9220f440a2dfa183c4edd2d4"},"headline":"O czym najcz\u0119\u015bciej mamy zapominaj\u0105 przygotowuj\u0105c wyprawk\u0119?","datePublished":"2025-04-10T14:28:52+00:00","dateModified":"2025-09-26T13:06:14+00:00","mainEntityOfPage":{"@id":"https:\/\/katarek.pl\/o-czym-najczesciej-mamy-zapominaja-przygotowujac-wyprawke\/"},"wordCount":888,"image":{"@id":"https:\/\/katarek.pl\/o-czym-najczesciej-mamy-zapominaja-przygotowujac-wyprawke\/#primaryimage"},"thumbnailUrl":"https:\/\/katarek.pl\/wp-content\/uploads\/2025\/04\/blog1.webp","articleSection":["Mama"],"inLanguage":"pl-PL"},{"@type":"WebPage","@id":"https:\/\/katarek.pl\/o-czym-najczesciej-mamy-zapominaja-przygotowujac-wyprawke\/","url":"https:\/\/katarek.pl\/o-czym-najczesciej-mamy-zapominaja-przygotowujac-wyprawke\/","name":"O czym najcz\u0119\u015bciej mamy zapominaj\u0105 przygotowuj\u0105c wyprawk\u0119? - katarek.pl","isPartOf":{"@id":"https:\/\/katarek.pl\/#website"},"primaryImageOfPage":{"@id":"https:\/\/katarek.pl\/o-czym-najczesciej-mamy-zapominaja-przygotowujac-wyprawke\/#primaryimage"},"image":{"@id":"https:\/\/katarek.pl\/o-czym-najczesciej-mamy-zapominaja-przygotowujac-wyprawke\/#primaryimage"},"thumbnailUrl":"https:\/\/katarek.pl\/wp-content\/uploads\/2025\/04\/blog1.webp","datePublished":"2025-04-10T14:28:52+00:00","dateModified":"2025-09-26T13:06:14+00:00","author":{"@id":"https:\/\/katarek.pl\/#\/schema\/person\/3954ad4d9220f440a2dfa183c4edd2d4"},"description":"Kompletujesz wyprawk\u0119 dla noworodka? Sprawd\u017a, o czym najcz\u0119\u015bciej zapominaj\u0105 mamy. Przeczytaj nasz artyku\u0142 i b\u0105d\u017a w pe\u0142ni przygotowana na przyj\u015bcie maluszka!","breadcrumb":{"@id":"https:\/\/katarek.pl\/o-czym-najczesciej-mamy-zapominaja-przygotowujac-wyprawke\/#breadcrumb"},"inLanguage":"pl-PL","potentialAction":[{"@type":"ReadAction","target":["https:\/\/katarek.pl\/o-czym-najczesciej-mamy-zapominaja-przygotowujac-wyprawke\/"]}]},{"@type":"ImageObject","inLanguage":"pl-PL","@id":"https:\/\/katarek.pl\/o-czym-najczesciej-mamy-zapominaja-przygotowujac-wyprawke\/#primaryimage","url":"https:\/\/katarek.pl\/wp-content\/uploads\/2025\/04\/blog1.webp","contentUrl":"https:\/\/katarek.pl\/wp-content\/uploads\/2025\/04\/blog1.webp","width":484,"height":484},{"@type":"BreadcrumbList","@id":"https:\/\/katarek.pl\/o-czym-najczesciej-mamy-zapominaja-przygotowujac-wyprawke\/#breadcrumb","itemListElement":[{"@type":"ListItem","position":1,"name":"Home","item":"https:\/\/katarek.pl\/"},{"@type":"ListItem","position":2,"name":"Blog","item":"https:\/\/katarek.pl\/blog\/"},{"@type":"ListItem","position":3,"name":"O czym najcz\u0119\u015bciej mamy zapominaj\u0105 przygotowuj\u0105c wyprawk\u0119?"}]},{"@type":"WebSite","@id":"https:\/\/katarek.pl\/#website","url":"https:\/\/katarek.pl\/","name":"katarek.pl","description":"","potentialAction":[{"@type":"SearchAction","target":{"@type":"EntryPoint","urlTemplate":"https:\/\/katarek.pl\/?s={search_term_string}"},"query-input":{"@type":"PropertyValueSpecification","valueRequired":true,"valueName":"search_term_string"}}],"inLanguage":"pl-PL"},{"@type":"Person","@id":"https:\/\/katarek.pl\/#\/schema\/person\/3954ad4d9220f440a2dfa183c4edd2d4","name":"empressia","sameAs":["https:\/\/katarek.pl"],"url":"https:\/\/katarek.pl\/author\/empressia\/"}]}},"acf":[],"gutenberg_blocks":[{"blockName":"custom-styles","attrs":{"styles":""}},{"blockName":"core\/paragraph","attrs":{"className":"","epAnimationGeneratedClass":"edplus_anim-hgAD5h","epGeneratedClass":"eplus-wrapper"},"innerBlocks":[],"innerHTML":"\n<p class=\" eplus-wrapper\"><strong>Zaczynasz odlicza\u0107 tygodnie do&nbsp;porodu? Oczekiwanie na&nbsp;maluszka umilasz sobie szykuj\u0105c wyprawk\u0119? Zakupy dla malucha to&nbsp;nie&nbsp;tylko&nbsp;przyjemno\u015b\u0107, to&nbsp;r\u00f3wnie\u017c czas, w&nbsp;trakcie kt\u00f3rego&nbsp;mo\u017cesz si\u0119 odpowiednio przygotowa\u0107 na&nbsp;jego przyj\u015bcie. Wa\u017cne jest, \u017ceby&nbsp;wszystkie potrzebne przedmioty mie\u0107 pod&nbsp;r\u0119k\u0105 zawczasu, bo&nbsp;jak ju\u017c maluch si\u0119 pojawi, to&nbsp;b\u0119dziesz mia\u0142a zdecydowanie mniej czasu na&nbsp;zakupy. Co&nbsp;powinna zawiera\u0107 wyprawka dla mamy i&nbsp;malucha.&nbsp;<\/strong><\/p>\n","innerContent":["\n<p class=\" eplus-wrapper\"><strong>Zaczynasz odlicza\u0107 tygodnie do&nbsp;porodu? Oczekiwanie na&nbsp;maluszka umilasz sobie szykuj\u0105c wyprawk\u0119? Zakupy dla malucha to&nbsp;nie&nbsp;tylko&nbsp;przyjemno\u015b\u0107, to&nbsp;r\u00f3wnie\u017c czas, w&nbsp;trakcie kt\u00f3rego&nbsp;mo\u017cesz si\u0119 odpowiednio przygotowa\u0107 na&nbsp;jego przyj\u015bcie. Wa\u017cne jest, \u017ceby&nbsp;wszystkie potrzebne przedmioty mie\u0107 pod&nbsp;r\u0119k\u0105 zawczasu, bo&nbsp;jak ju\u017c maluch si\u0119 pojawi, to&nbsp;b\u0119dziesz mia\u0142a zdecydowanie mniej czasu na&nbsp;zakupy. Co&nbsp;powinna zawiera\u0107 wyprawka dla mamy i&nbsp;malucha.&nbsp;<\/strong><\/p>\n"]},{"blockName":"core\/heading","attrs":{"className":"","epAnimationGeneratedClass":"edplus_anim-KJj2BC","epGeneratedClass":"eplus-wrapper"},"innerBlocks":[],"innerHTML":"\n<h2 class=\" wp-block-heading eplus-wrapper\">Ka\u017cda mama zna podstawy<\/h2>\n","innerContent":["\n<h2 class=\" wp-block-heading eplus-wrapper\">Ka\u017cda mama zna podstawy<\/h2>\n"]},{"blockName":"core\/paragraph","attrs":{"className":"","epAnimationGeneratedClass":"edplus_anim-6fBmSL","epGeneratedClass":"eplus-wrapper"},"innerBlocks":[],"innerHTML":"\n<p class=\" eplus-wrapper\">W&nbsp;internecie mo\u017cna znale\u017a\u0107 wiele gotowych list produkt\u00f3w, kt\u00f3re b\u0119d\u0105 potrzebne Twojemu dziecku. Na&nbsp;pewno te\u017c posi\u0142kujesz si\u0119 poradami mamy, siostry czy&nbsp;przyjaci\u00f3\u0142ek. Dlatego wiesz, \u017ce&nbsp;potrzebne b\u0119d\u0105 Ci&nbsp;ubranka dostosowane do&nbsp;pogody i&nbsp;okoliczno\u015bci, w\u00f3zek, \u0142\u00f3\u017ceczko, po\u015bciel, kosmetyki do&nbsp;piel\u0119gnacji.&nbsp;<\/p>\n","innerContent":["\n<p class=\" eplus-wrapper\">W&nbsp;internecie mo\u017cna znale\u017a\u0107 wiele gotowych list produkt\u00f3w, kt\u00f3re b\u0119d\u0105 potrzebne Twojemu dziecku. Na&nbsp;pewno te\u017c posi\u0142kujesz si\u0119 poradami mamy, siostry czy&nbsp;przyjaci\u00f3\u0142ek. Dlatego wiesz, \u017ce&nbsp;potrzebne b\u0119d\u0105 Ci&nbsp;ubranka dostosowane do&nbsp;pogody i&nbsp;okoliczno\u015bci, w\u00f3zek, \u0142\u00f3\u017ceczko, po\u015bciel, kosmetyki do&nbsp;piel\u0119gnacji.&nbsp;<\/p>\n"]},{"blockName":"core\/paragraph","attrs":{"className":"","epAnimationGeneratedClass":"edplus_anim-8OvU2w","epGeneratedClass":"eplus-wrapper"},"innerBlocks":[],"innerHTML":"\n<p class=\" eplus-wrapper\"><strong>Zastanawiasz si\u0119 co&nbsp;kupi\u0107 dla dziecka przed&nbsp;porodem?<\/strong>&nbsp;Wa\u017cne jest, \u017ceby&nbsp;nie&nbsp;popada\u0107 w&nbsp;zakupowy sza\u0142. Nie&nbsp;ma&nbsp;sensu kupowa\u0107 bardzo du\u017cej ilo\u015bci ubranek w&nbsp;najmniejszych rozmiarach, bo&nbsp;niemowlak do\u015b\u0107 szybko ro\u015bnie. Zdarza si\u0119 te\u017c, \u017ce&nbsp;dziecko rodzi si\u0119 do\u015b\u0107 du\u017ce i&nbsp;wtedy najmniejsze dost\u0119pne rozmiary ju\u017c od&nbsp;samego pocz\u0105tku mog\u0105 by\u0107 dla niego za&nbsp;ma\u0142e.&nbsp;<strong>Porad\u017a si\u0119 najlepiej kole\u017canek jakie ilo\u015bci pajacyk\u00f3w, kaftanik\u00f3w i&nbsp;\u015bpioch\u00f3w przyda\u0142y im&nbsp;si\u0119 w&nbsp;pierwszych tygodniach.&nbsp;<\/strong><\/p>\n","innerContent":["\n<p class=\" eplus-wrapper\"><strong>Zastanawiasz si\u0119 co&nbsp;kupi\u0107 dla dziecka przed&nbsp;porodem?<\/strong>&nbsp;Wa\u017cne jest, \u017ceby&nbsp;nie&nbsp;popada\u0107 w&nbsp;zakupowy sza\u0142. Nie&nbsp;ma&nbsp;sensu kupowa\u0107 bardzo du\u017cej ilo\u015bci ubranek w&nbsp;najmniejszych rozmiarach, bo&nbsp;niemowlak do\u015b\u0107 szybko ro\u015bnie. Zdarza si\u0119 te\u017c, \u017ce&nbsp;dziecko rodzi si\u0119 do\u015b\u0107 du\u017ce i&nbsp;wtedy najmniejsze dost\u0119pne rozmiary ju\u017c od&nbsp;samego pocz\u0105tku mog\u0105 by\u0107 dla niego za&nbsp;ma\u0142e.&nbsp;<strong>Porad\u017a si\u0119 najlepiej kole\u017canek jakie ilo\u015bci pajacyk\u00f3w, kaftanik\u00f3w i&nbsp;\u015bpioch\u00f3w przyda\u0142y im&nbsp;si\u0119 w&nbsp;pierwszych tygodniach.&nbsp;<\/strong><\/p>\n"]},{"blockName":"core\/paragraph","attrs":{"className":"","epAnimationGeneratedClass":"edplus_anim-BL1n5X","epGeneratedClass":"eplus-wrapper"},"innerBlocks":[],"innerHTML":"\n<p class=\" eplus-wrapper\">Jest wiele akcesori\u00f3w i&nbsp;gad\u017cet\u00f3w dla niemowl\u0105t, kt\u00f3re nie&nbsp;do&nbsp;ko\u0144ca w&nbsp;rzeczywisto\u015bci si\u0119 sprawdzaj\u0105, dlatego zanim kupisz kolejn\u0105 nowo\u015b\u0107, kt\u00f3r\u0105 producenci uwa\u017caj\u0105 za&nbsp;niezb\u0119dn\u0105 dla kilkudniowego dziecka porozmawiaj na&nbsp;ten temat ze&nbsp;znajomymi, kt\u00f3rzy&nbsp;maj\u0105 ju\u017c dzieci lub zapytaj innych mam na&nbsp;forach czy&nbsp;w&nbsp;grupach dyskusyjnych na&nbsp;portalach spo\u0142eczno\u015bciowych.&nbsp;<\/p>\n","innerContent":["\n<p class=\" eplus-wrapper\">Jest wiele akcesori\u00f3w i&nbsp;gad\u017cet\u00f3w dla niemowl\u0105t, kt\u00f3re nie&nbsp;do&nbsp;ko\u0144ca w&nbsp;rzeczywisto\u015bci si\u0119 sprawdzaj\u0105, dlatego zanim kupisz kolejn\u0105 nowo\u015b\u0107, kt\u00f3r\u0105 producenci uwa\u017caj\u0105 za&nbsp;niezb\u0119dn\u0105 dla kilkudniowego dziecka porozmawiaj na&nbsp;ten temat ze&nbsp;znajomymi, kt\u00f3rzy&nbsp;maj\u0105 ju\u017c dzieci lub zapytaj innych mam na&nbsp;forach czy&nbsp;w&nbsp;grupach dyskusyjnych na&nbsp;portalach spo\u0142eczno\u015bciowych.&nbsp;<\/p>\n"]},{"blockName":"core\/heading","attrs":{"className":"","epAnimationGeneratedClass":"edplus_anim-HB4YBT","epGeneratedClass":"eplus-wrapper"},"innerBlocks":[],"innerHTML":"\n<h2 class=\" wp-block-heading eplus-wrapper\">Pami\u0119taj o&nbsp;niezb\u0119dnych, a&nbsp;nieoczywistych produktach<\/h2>\n","innerContent":["\n<h2 class=\" wp-block-heading eplus-wrapper\">Pami\u0119taj o&nbsp;niezb\u0119dnych, a&nbsp;nieoczywistych produktach<\/h2>\n"]},{"blockName":"core\/paragraph","attrs":{"className":"","epAnimationGeneratedClass":"edplus_anim-e1KhTp","epGeneratedClass":"eplus-wrapper"},"innerBlocks":[],"innerHTML":"\n<p class=\" eplus-wrapper\">Od&nbsp;samego pocz\u0105tku jeste\u015b przekonana, \u017ce&nbsp;b\u0119dziesz u\u017cywa\u0142a tylko&nbsp;pieluch jednorazowych. Tak\u0105 decyzj\u0119 podejmuje wi\u0119kszo\u015b\u0107 mam, bo&nbsp;s\u0105&nbsp;one faktycznie do\u015b\u0107 wygodne. Szykuj\u0105c wyprawk\u0119 kup jednak kilka klasycznych pieluch tetrowych. Pomimo tego, \u017ce&nbsp;nie&nbsp;b\u0119dziesz ich u\u017cywa\u0142a w&nbsp;standardowy spos\u00f3b, zast\u0119puj\u0105c je&nbsp;jednorazowymi, to&nbsp;na&nbsp;pewno si\u0119 przydadz\u0105. Noworodkom cz\u0119sto si\u0119 ulewa, dlatego warto je&nbsp;mie\u0107 zamiast \u015bliniaka, kt\u00f3ry&nbsp;sprawdzi si\u0119 dopiero u&nbsp;troch\u0119 wi\u0119kszych dzieci. Takie pieluchy przydatne s\u0105&nbsp;te\u017c, je\u015bli chcesz po\u0142o\u017cy\u0107 dziecko poza w\u00f3zkiem lub \u0142\u00f3\u017ceczkiem, a&nbsp;nie&nbsp;jeste\u015b pewna czy&nbsp;dane miejsce jest idealnie czyste. Dobrze sprawdzaj\u0105 si\u0119 te\u017c przy przewijaniu roz\u0142o\u017cone na&nbsp;przewijaku.&nbsp;<\/p>\n","innerContent":["\n<p class=\" eplus-wrapper\">Od&nbsp;samego pocz\u0105tku jeste\u015b przekonana, \u017ce&nbsp;b\u0119dziesz u\u017cywa\u0142a tylko&nbsp;pieluch jednorazowych. Tak\u0105 decyzj\u0119 podejmuje wi\u0119kszo\u015b\u0107 mam, bo&nbsp;s\u0105&nbsp;one faktycznie do\u015b\u0107 wygodne. Szykuj\u0105c wyprawk\u0119 kup jednak kilka klasycznych pieluch tetrowych. Pomimo tego, \u017ce&nbsp;nie&nbsp;b\u0119dziesz ich u\u017cywa\u0142a w&nbsp;standardowy spos\u00f3b, zast\u0119puj\u0105c je&nbsp;jednorazowymi, to&nbsp;na&nbsp;pewno si\u0119 przydadz\u0105. Noworodkom cz\u0119sto si\u0119 ulewa, dlatego warto je&nbsp;mie\u0107 zamiast \u015bliniaka, kt\u00f3ry&nbsp;sprawdzi si\u0119 dopiero u&nbsp;troch\u0119 wi\u0119kszych dzieci. Takie pieluchy przydatne s\u0105&nbsp;te\u017c, je\u015bli chcesz po\u0142o\u017cy\u0107 dziecko poza w\u00f3zkiem lub \u0142\u00f3\u017ceczkiem, a&nbsp;nie&nbsp;jeste\u015b pewna czy&nbsp;dane miejsce jest idealnie czyste. Dobrze sprawdzaj\u0105 si\u0119 te\u017c przy przewijaniu roz\u0142o\u017cone na&nbsp;przewijaku.&nbsp;<\/p>\n"]},{"blockName":"core\/paragraph","attrs":{"className":"","epAnimationGeneratedClass":"edplus_anim-9gXvQ2","epGeneratedClass":"eplus-wrapper"},"innerBlocks":[],"innerHTML":"\n<p class=\" eplus-wrapper\">Cz\u0119\u015b\u0107 mam my\u015bli, \u017ce&nbsp;katar nie&nbsp;dotyczy najm\u0142odszych, przecie\u017c nie&nbsp;dopuszcz\u0105 do&nbsp;tego, \u017ceby&nbsp;maluch si\u0119 przezi\u0119bi\u0142. Gdyby\u015bmy \u017cyli w&nbsp;idealnym \u015bwiecie, to&nbsp;na&nbsp;pewno by&nbsp;tak&nbsp;by\u0142o. Niestety przed&nbsp;wszystkimi zarazkami nie&nbsp;jeste\u015bmy w&nbsp;stanie naszego male\u0144stwa uchroni\u0107. Dlatego warto ju\u017c na&nbsp;etapie wyprawki zaopatrzy\u0107 si\u0119 w&nbsp;<a href=\"https:\/\/katarek.pl\/produkty\/\">aspirator<\/a>, \u017ceby&nbsp;w&nbsp;razie wyst\u0105pienia kataru m\u00f3c od&nbsp;razu oczy\u015bci\u0107 nos male\u0144stwa. Dlaczego jest to&nbsp;tak&nbsp;wa\u017cne, mo\u017cesz dowiedzie\u0107 si\u0119&nbsp;<a href=\"https:\/\/katarek.pl\/wyprawka\/\">tutaj<\/a>.&nbsp;<\/p>\n","innerContent":["\n<p class=\" eplus-wrapper\">Cz\u0119\u015b\u0107 mam my\u015bli, \u017ce&nbsp;katar nie&nbsp;dotyczy najm\u0142odszych, przecie\u017c nie&nbsp;dopuszcz\u0105 do&nbsp;tego, \u017ceby&nbsp;maluch si\u0119 przezi\u0119bi\u0142. Gdyby\u015bmy \u017cyli w&nbsp;idealnym \u015bwiecie, to&nbsp;na&nbsp;pewno by&nbsp;tak&nbsp;by\u0142o. Niestety przed&nbsp;wszystkimi zarazkami nie&nbsp;jeste\u015bmy w&nbsp;stanie naszego male\u0144stwa uchroni\u0107. Dlatego warto ju\u017c na&nbsp;etapie wyprawki zaopatrzy\u0107 si\u0119 w&nbsp;<a href=\"https:\/\/katarek.pl\/produkty\/\">aspirator<\/a>, \u017ceby&nbsp;w&nbsp;razie wyst\u0105pienia kataru m\u00f3c od&nbsp;razu oczy\u015bci\u0107 nos male\u0144stwa. Dlaczego jest to&nbsp;tak&nbsp;wa\u017cne, mo\u017cesz dowiedzie\u0107 si\u0119&nbsp;<a href=\"https:\/\/katarek.pl\/wyprawka\/\">tutaj<\/a>.&nbsp;<\/p>\n"]},{"blockName":"core\/heading","attrs":{"className":"","epAnimationGeneratedClass":"edplus_anim-HqZUOT","epGeneratedClass":"eplus-wrapper"},"innerBlocks":[],"innerHTML":"\n<h2 class=\" wp-block-heading eplus-wrapper\">Rzeczywisto\u015b\u0107 mo\u017ce Ci\u0119 zaskoczy\u0107 \u2013 wyprawka dla mamy<\/h2>\n","innerContent":["\n<h2 class=\" wp-block-heading eplus-wrapper\">Rzeczywisto\u015b\u0107 mo\u017ce Ci\u0119 zaskoczy\u0107 \u2013 wyprawka dla mamy<\/h2>\n"]},{"blockName":"core\/paragraph","attrs":{"className":"","epAnimationGeneratedClass":"edplus_anim-RYL7b0","epGeneratedClass":"eplus-wrapper"},"innerBlocks":[],"innerHTML":"\n<p class=\" eplus-wrapper\"><strong>Wyprawka dla mamy to&nbsp;zawsze temat wa\u017cny, dla ka\u017cdej kobiety.<\/strong>&nbsp;Wi\u0119kszo\u015b\u0107 mam przed&nbsp;porodem nie&nbsp;zaopatruje si\u0119 w&nbsp;laktator, planuj\u0105c karmienie piersi\u0105 bezpo\u015brednio, bez&nbsp;odci\u0105gania pokarmu. Nie&nbsp;kupuj\u0105 z&nbsp;tego powodu laktatora. Nawet je\u015bli nie&nbsp;planujesz odci\u0105ga\u0107 mleka, to&nbsp;zastan\u00f3w si\u0119 nad&nbsp;zakupem lub wypo\u017cyczeniem laktatora. Zdarza si\u0119 bowiem, \u017ce&nbsp;zm\u0119czenie spowodowane d\u0142ugim porodem, b\u0105d\u017a stres kt\u00f3ry&nbsp;mu&nbsp;towarzyszy, mo\u017ce wp\u0142yn\u0105\u0107 na&nbsp;Twoj\u0105 laktacj\u0119 i&nbsp;w&nbsp;pierwszych dniach mo\u017cesz mie\u0107 mniej pokarmu b\u0105d\u017a ca\u0142kowity jego zast\u00f3j. Wiele po\u0142o\u017cnych i&nbsp;doradc\u00f3w laktacyjnych zaleca wtedy pobudzanie laktacji za&nbsp;pomoc\u0105 laktatora. Mo\u017ce by\u0107 on&nbsp;wtedy potrzebny Ci&nbsp;ju\u017c w&nbsp;szpitalu, wi\u0119c&nbsp;warto mie\u0107 go&nbsp;w&nbsp;swojej walizce. Je\u015bli oka\u017ce si\u0119, \u017ce&nbsp;nie&nbsp;b\u0119dzie Ci&nbsp;w&nbsp;og\u00f3le potrzebny, to&nbsp;produkt nieu\u017cywany b\u0119dziesz mog\u0142a bez&nbsp;problemu odsprzeda\u0107 za&nbsp;po\u015brednictwem internetu.&nbsp;<\/p>\n","innerContent":["\n<p class=\" eplus-wrapper\"><strong>Wyprawka dla mamy to&nbsp;zawsze temat wa\u017cny, dla ka\u017cdej kobiety.<\/strong>&nbsp;Wi\u0119kszo\u015b\u0107 mam przed&nbsp;porodem nie&nbsp;zaopatruje si\u0119 w&nbsp;laktator, planuj\u0105c karmienie piersi\u0105 bezpo\u015brednio, bez&nbsp;odci\u0105gania pokarmu. Nie&nbsp;kupuj\u0105 z&nbsp;tego powodu laktatora. Nawet je\u015bli nie&nbsp;planujesz odci\u0105ga\u0107 mleka, to&nbsp;zastan\u00f3w si\u0119 nad&nbsp;zakupem lub wypo\u017cyczeniem laktatora. Zdarza si\u0119 bowiem, \u017ce&nbsp;zm\u0119czenie spowodowane d\u0142ugim porodem, b\u0105d\u017a stres kt\u00f3ry&nbsp;mu&nbsp;towarzyszy, mo\u017ce wp\u0142yn\u0105\u0107 na&nbsp;Twoj\u0105 laktacj\u0119 i&nbsp;w&nbsp;pierwszych dniach mo\u017cesz mie\u0107 mniej pokarmu b\u0105d\u017a ca\u0142kowity jego zast\u00f3j. Wiele po\u0142o\u017cnych i&nbsp;doradc\u00f3w laktacyjnych zaleca wtedy pobudzanie laktacji za&nbsp;pomoc\u0105 laktatora. Mo\u017ce by\u0107 on&nbsp;wtedy potrzebny Ci&nbsp;ju\u017c w&nbsp;szpitalu, wi\u0119c&nbsp;warto mie\u0107 go&nbsp;w&nbsp;swojej walizce. Je\u015bli oka\u017ce si\u0119, \u017ce&nbsp;nie&nbsp;b\u0119dzie Ci&nbsp;w&nbsp;og\u00f3le potrzebny, to&nbsp;produkt nieu\u017cywany b\u0119dziesz mog\u0142a bez&nbsp;problemu odsprzeda\u0107 za&nbsp;po\u015brednictwem internetu.&nbsp;<\/p>\n"]},{"blockName":"core\/paragraph","attrs":{"className":"","epAnimationGeneratedClass":"edplus_anim-f4fA7X","epGeneratedClass":"eplus-wrapper"},"innerBlocks":[],"innerHTML":"\n<p class=\" eplus-wrapper\">Pami\u0119taj, \u017ce&nbsp;dobrze przygotowana mama b\u0119dzie gotowa na&nbsp;wi\u0119kszo\u015b\u0107 sytuacji, a&nbsp;dzi\u0119ki temu b\u0119dzie mia\u0142a mo\u017cliwo\u015b\u0107 szybko i&nbsp;w\u0142a\u015bciwie na&nbsp;ni\u0105 zareagowa\u0107.<strong>&nbsp;Dlatego zaplanuj wyprawk\u0119 dla mamy i&nbsp;malucha z&nbsp;g\u0142ow\u0105, a&nbsp;b\u0119dziesz mog\u0142a nazwa\u0107 si\u0119 przewiduj\u0105c\u0105 mam\u0105.&nbsp;<\/strong><\/p>\n","innerContent":["\n<p class=\" eplus-wrapper\">Pami\u0119taj, \u017ce&nbsp;dobrze przygotowana mama b\u0119dzie gotowa na&nbsp;wi\u0119kszo\u015b\u0107 sytuacji, a&nbsp;dzi\u0119ki temu b\u0119dzie mia\u0142a mo\u017cliwo\u015b\u0107 szybko i&nbsp;w\u0142a\u015bciwie na&nbsp;ni\u0105 zareagowa\u0107.<strong>&nbsp;Dlatego zaplanuj wyprawk\u0119 dla mamy i&nbsp;malucha z&nbsp;g\u0142ow\u0105, a&nbsp;b\u0119dziesz mog\u0142a nazwa\u0107 si\u0119 przewiduj\u0105c\u0105 mam\u0105.&nbsp;<\/strong><\/p>\n"]},{"blockName":"core\/paragraph","attrs":{"className":"","epAnimationGeneratedClass":"edplus_anim-hgAD5h","epGeneratedClass":"eplus-wrapper"},"innerBlocks":[],"innerHTML":"\n<p class=\" eplus-wrapper\">Na&nbsp;naszym blogu przeczytasz r\u00f3wnie\u017c o&nbsp;innych ciekawych rzeczach w&nbsp;trakcie po\u0142ogu, takich jak&nbsp;<a href=\"https:\/\/katarek.pl\/blog\/wypadanie-wlosow-pologu\/\">wypadanie w\u0142os\u00f3w po&nbsp;ci\u0105\u017cy<\/a>.<\/p>\n","innerContent":["\n<p class=\" eplus-wrapper\">Na&nbsp;naszym blogu przeczytasz r\u00f3wnie\u017c o&nbsp;innych ciekawych rzeczach w&nbsp;trakcie po\u0142ogu, takich jak&nbsp;<a href=\"https:\/\/katarek.pl\/blog\/wypadanie-wlosow-pologu\/\">wypadanie w\u0142os\u00f3w po&nbsp;ci\u0105\u017cy<\/a>.<\/p>\n"]},{"blockName":"core\/paragraph","attrs":{"className":"","epAnimationGeneratedClass":"edplus_anim-qNsvN4","epGeneratedClass":"eplus-wrapper"},"innerBlocks":[],"innerHTML":"\n<p class=\" eplus-wrapper\"><\/p>\n","innerContent":["\n<p class=\" eplus-wrapper\"><\/p>\n"]},{"blockName":"acf\/productlistswithnavigation","attrs":{"name":"acf\/productlistswithnavigation","data":{"title_heading_label":"","_title_heading_label":"field_680f5de7d3992","title_heading_text":"Poznaj aspiratory Katarek","_title_heading_text":"field_638627ccced84","title_heading_level":"h2","_title_heading_level":"field_638627e7ced85","title_heading_variant":"default","_title_heading_variant":"field_63862847ced86","title_extra_classes":"","_title_extra_classes":"field_638628eeced88","title":"","_title":"field_67f635c24ab4f","type_section":"manual","_type_section":"field_67f6367c80390","relationship":["16"],"_relationship":"field_67f636438038f"},"mode":"edit"},"innerBlocks":[],"innerHTML":"","innerContent":[]}],"meta_data":false,"featured_image":{"url":"https:\/\/katarek.pl\/wp-content\/uploads\/2025\/04\/blog1.webp"},"main_category":{"name":"Mama"},"prev_page":{"slug":"witaj-w-domu-maluszku-czyli-produktowy-must-have-mlodej-mamy"},"next_page":{"slug":"katar-u-dziecka-a-badanie-krwi-czy-powinno-sie-je-wykonywac-podczas-kataru"},"_links":{"self":[{"href":"https:\/\/katarek.pl\/index.php\/wp-json\/wp\/v2\/posts\/514","targetHints":{"allow":["GET"]}}],"collection":[{"href":"https:\/\/katarek.pl\/index.php\/wp-json\/wp\/v2\/posts"}],"about":[{"href":"https:\/\/katarek.pl\/index.php\/wp-json\/wp\/v2\/types\/post"}],"author":[{"embeddable":true,"href":"https:\/\/katarek.pl\/index.php\/wp-json\/wp\/v2\/users\/1"}],"replies":[{"embeddable":true,"href":"https:\/\/katarek.pl\/index.php\/wp-json\/wp\/v2\/comments?post=514"}],"version-history":[{"count":5,"href":"https:\/\/katarek.pl\/index.php\/wp-json\/wp\/v2\/posts\/514\/revisions"}],"predecessor-version":[{"id":3494,"href":"https:\/\/katarek.pl\/index.php\/wp-json\/wp\/v2\/posts\/514\/revisions\/3494"}],"wp:featuredmedia":[{"embeddable":true,"href":"https:\/\/katarek.pl\/index.php\/wp-json\/wp\/v2\/media\/512"}],"wp:attachment":[{"href":"https:\/\/katarek.pl\/index.php\/wp-json\/wp\/v2\/media?parent=514"}],"wp:term":[{"taxonomy":"category","embeddable":true,"href":"https:\/\/katarek.pl\/index.php\/wp-json\/wp\/v2\/categories?post=514"},{"taxonomy":"post_tag","embeddable":true,"href":"https:\/\/katarek.pl\/index.php\/wp-json\/wp\/v2\/tags?post=514"}],"curies":[{"name":"wp","href":"https:\/\/api.w.org\/{rel}","templated":true}]}}