{"id":479,"date":"2017-01-10T12:40:13","date_gmt":"2017-01-10T12:40:13","guid":{"rendered":"https:\/\/katarek.pl\/blog\/?p=479"},"modified":"2017-01-10T12:40:13","modified_gmt":"2017-01-10T12:40:13","slug":"spacer-z-niemowlakiem","status":"publish","type":"post","link":"https:\/\/katarek.pl\/spacer-z-niemowlakiem\/","title":{"rendered":"Spacer z niemowlakiem"},"content":{"rendered":"<p><strong>Kiedy wyj\u015b\u0107 na spacer z niemowlakiem? Pewnie i Ty na pocz\u0105tku zastanawia\u0142a\u015b si\u0119 o najlepsz\u0105 por\u0119 na Wasz\u0105 pierwsz\u0105 podr\u00f3\u017c \ud83d\ude42 Czy istniej\u0105 jakie\u015b bezpieczne regu\u0142y oraz zasady kt\u00f3rych powinna\u015b przestrzega\u0107? Postaram si\u0119 w dalszej cz\u0119\u015bci artyku\u0142u przekaza\u0107 wszystkie informacje jakie znalaz\u0142am szukaj\u0105c ich dla siebie \ud83d\ude42<\/strong> <!--more--><\/p>\n<h2>Pierwszy spacer<\/h2>\n<p>Je\u017celi Tw\u00f3j bobas urodzi\u0142 si\u0119 wiosn\u0105 lub latem, a pogoda nie jest kapry\u015bna to w opinii po\u0142o\u017cnych i pediatr\u00f3w nic nie stoi na przeszkodzie, aby na pierwszy spacer uda\u0107 si\u0119 nawet w pierwszym tygodniu \u017cycia. Natomiast w przypadku maluch\u00f3w urodzonych jesieni\u0105 lub zim\u0105 konieczne jest uprzednie\u00a0<strong>\u201ewerandowanie\u201d<\/strong>. Co oznacza ten termin? Ni mniej ni wi\u0119cej przyzwyczajanie bobasa do warunk\u00f3w panuj\u0105cych na zewn\u0105trz poprzez wystawianie go w w\u00f3zku (pocz\u0105tkowo na kilka minut) na balkon, taras lub do pomieszczenia, w kt\u00f3rym otwarte s\u0105 okna. Dziecko musi w\u00f3wczas by\u0107 ubrane tak jak na dw\u00f3r. Dopiero po takim \u201etreningu\u201d mo\u017cna przeprowadzi\u0107 pr\u00f3b\u0119 generaln\u0105 w postaci kr\u00f3tkiego spaceru, kt\u00f3ry z czasem nale\u017cy wyd\u0142u\u017ca\u0107.<\/p>\n<h2>Zima nam nie straszna &#8211; spacerowanie z niemowlakiem w zimie\u00a0<\/h2>\n<p>Obecnie, gdy temperatury oscyluj\u0105 wok\u00f3\u0142 zera spotykam si\u0119 z opiniami, \u017ce dziecko nie powinno przebywa\u0107 na zewn\u0105trz. To niestety cz\u0119sto powtarzany mit. Z niemowlakiem wychodzimy na spacer zawsze!, nie tylko wiosn\u0105 i latem. Warunki pogodowe, \u00a0kt\u00f3re <strong>wykluczaj\u0105 spacer to mr\u00f3z poni\u017cej 10 stopni Celsjusza, silny wiatr lub \u00a0opady deszczu oraz poziom smogu<\/strong> przekraczaj\u0105cy dozwolon\u0105 warto\u015b\u0107. Cho\u0107 mitem jest stwierdzenie, \u017ce zim\u0105 nie nale\u017cy wychodzi\u0107 z dzieckiem na dw\u00f3r to z pewno\u015bci\u0105 prawd\u0105 jest to, \u017ce malucha nie nale\u017cy przegrzewa\u0107 &#8211; kieruj si\u0119 zasad\u0105 m\u00f3wi\u0105c\u0105 o tym, \u017ce Twoja pociecha powinna mie\u0107 o jedn\u0105 warstw\u0119 wi\u0119cej ni\u017c Ty. \u00a0Absolutny \u201emust have\u201d to czapka, kt\u00f3r\u0105 latem mo\u017cemy zamieni\u0107 na kapelusz lub chusteczk\u0119. Delikatna sk\u00f3ra malucha wymaga przed ka\u017cdorazowym wyj\u015bciem aplikacji kremu ochronnego (<strong>osobi\u015bcie polecam krem w sztyfcie \u2013 \u0142atwo si\u0119 nak\u0142ada i nie jest tak t\u0142usty)<\/strong> \u2013 zim\u0105 chroni przede wszystkim przed mrozem, ale i promieniowaniem s\u0142onecznym. Najlepiej wybra\u0107 wi\u0119c taki, kt\u00f3ry posiada r\u00f3wnie\u017c filtr s\u0142oneczny.<\/p>\n<p><strong>Niemowlaki, kt\u00f3re rzadko przebywaj\u0105 na dworze cz\u0119\u015bciej choruj\u0105<\/strong> \u2013 w trakcie spaceru dziecko <a href=\"https:\/\/katarek.pl\/blog\/witamina-d-niedobor\/\"> nabywa odporno\u015b\u0107<\/a>. Ko\u0142ysz\u0105ce ruchy w\u00f3zka uspokajaj\u0105 malucha st\u0105d bobasy najcz\u0119\u015bciej \u015bpi\u0105 na spacerach, co jest niew\u0105tpliw\u0105 zalet\u0105 dla mam. Na rynku dost\u0119pne s\u0105 r\u00f3\u017cne \u201espacerowe\u201d gad\u017cety \u2013 parasolka chroni\u0105ca przed s\u0142o\u0144cem, uchwyt na kaw\u0119 (bezkofeinow\u0105:)) czy folia chroni\u0105ca przed deszczem \u2013 warto mie\u0107 je przy sobie.<\/p>\n<p>Je\u015bli karmisz piersi\u0105 pami\u0119taj aby tras\u0119 spaceru wyznaczy\u0107 tak aby mie\u0107 mo\u017cliwo\u015b\u0107 nakarmienia dziecka w razie gdyby zg\u0142odnia\u0142o. Publiczne karmienie nie jest problemem w lecie natomiast zim\u0105 warto mie\u0107 kilka sprawdzonych miejsc (z wygodnym fotelem :), gdzie b\u0119dzie mo\u017cna na chwil\u0119 odpocz\u0105\u0107 i zaj\u0105\u0107 si\u0119 dzieckiem.<\/p>\n<p>Mi\u0142ego spacerowania\u00a0<\/p>\n<p>Filiz Sulejman- Srokosz<\/p>\n","protected":false},"excerpt":"Kiedy wyj\u015b\u0107 na spacer z niemowlakiem? Pewnie i Ty na pocz\u0105tku zastanawia\u0142a\u015b si\u0119 o najlepsz\u0105 por\u0119 na Wasz\u0105 pierwsz\u0105 podr\u00f3\u017c \ud83d\ude42 Czy istniej\u0105 jakie\u015b bezpieczne regu\u0142y oraz zasady kt\u00f3rych powinna\u015b przestrzega\u0107? Postaram si\u0119 w dalszej cz\u0119\u015bci artyku\u0142u przekaza\u0107 wszystkie informacje jakie znalaz\u0142am szukaj\u0105c ich dla siebie \ud83d\ude42","author":7,"featured_media":480,"comment_status":"open","ping_status":"open","sticky":false,"template":"","format":"standard","meta":{"_acf_changed":false,"inline_featured_image":false,"editor_plus_copied_stylings":"{}","footnotes":""},"categories":[28,41],"tags":[],"class_list":["post-479","post","type-post","status-publish","format-standard","has-post-thumbnail","hentry","category-dziecko","category-zdrowie-dziecko"],"yoast_head":"<!-- This site is optimized with the Yoast SEO plugin v27.4 - https:\/\/yoast.com\/product\/yoast-seo-wordpress\/ -->\n<title>Spacer z niemowlakiem - katarek.pl<\/title>\n<meta name=\"description\" content=\"Kiedy wyj\u015b\u0107 na spacer z niemowlakiem? Pewnie i Ty na pocz\u0105tku zastanawia\u0142a\u015b si\u0119 o najlepsz\u0105 por\u0119 na Wasz\u0105 pierwsz\u0105 podr\u00f3\u017c\" \/>\n<meta name=\"robots\" content=\"index, follow, max-snippet:-1, max-image-preview:large, max-video-preview:-1\" \/>\n<link rel=\"canonical\" href=\"https:\/\/katarek.pl\/spacer-z-niemowlakiem\/\" \/>\n<meta property=\"og:locale\" content=\"pl_PL\" \/>\n<meta property=\"og:type\" content=\"article\" \/>\n<meta property=\"og:title\" content=\"Spacer z niemowlakiem - katarek.pl\" \/>\n<meta property=\"og:description\" content=\"Kiedy wyj\u015b\u0107 na spacer z niemowlakiem? Pewnie i Ty na pocz\u0105tku zastanawia\u0142a\u015b si\u0119 o najlepsz\u0105 por\u0119 na Wasz\u0105 pierwsz\u0105 podr\u00f3\u017c\" \/>\n<meta property=\"og:url\" content=\"https:\/\/katarek.pl\/spacer-z-niemowlakiem\/\" \/>\n<meta property=\"og:site_name\" content=\"katarek.pl\" \/>\n<meta property=\"article:published_time\" content=\"2017-01-10T12:40:13+00:00\" \/>\n<meta property=\"og:image\" content=\"https:\/\/katarek.pl\/wp-content\/uploads\/2017\/01\/spacer-z-niemowlakiem.jpg\" \/>\n\t<meta property=\"og:image:width\" content=\"1688\" \/>\n\t<meta property=\"og:image:height\" content=\"1125\" \/>\n\t<meta property=\"og:image:type\" content=\"image\/jpeg\" \/>\n<meta name=\"author\" content=\"katarek\" \/>\n<meta name=\"twitter:card\" content=\"summary_large_image\" \/>\n<meta name=\"twitter:label1\" content=\"Napisane przez\" \/>\n\t<meta name=\"twitter:data1\" content=\"katarek\" \/>\n\t<meta name=\"twitter:label2\" content=\"Szacowany czas czytania\" \/>\n\t<meta name=\"twitter:data2\" content=\"3 minuty\" \/>\n<script type=\"application\/ld+json\" class=\"yoast-schema-graph\">{\"@context\":\"https:\\\/\\\/schema.org\",\"@graph\":[{\"@type\":\"Article\",\"@id\":\"https:\\\/\\\/katarek.pl\\\/spacer-z-niemowlakiem\\\/#article\",\"isPartOf\":{\"@id\":\"https:\\\/\\\/katarek.pl\\\/spacer-z-niemowlakiem\\\/\"},\"author\":{\"name\":\"katarek\",\"@id\":\"https:\\\/\\\/katarek.pl\\\/#\\\/schema\\\/person\\\/c7267555b2aaad4c6d15146a155bc430\"},\"headline\":\"Spacer z niemowlakiem\",\"datePublished\":\"2017-01-10T12:40:13+00:00\",\"mainEntityOfPage\":{\"@id\":\"https:\\\/\\\/katarek.pl\\\/spacer-z-niemowlakiem\\\/\"},\"wordCount\":505,\"commentCount\":1,\"image\":{\"@id\":\"https:\\\/\\\/katarek.pl\\\/spacer-z-niemowlakiem\\\/#primaryimage\"},\"thumbnailUrl\":\"https:\\\/\\\/katarek.pl\\\/wp-content\\\/uploads\\\/2017\\\/01\\\/spacer-z-niemowlakiem.jpg\",\"articleSection\":[\"Dziecko\",\"Zdrowie\"],\"inLanguage\":\"pl-PL\"},{\"@type\":\"WebPage\",\"@id\":\"https:\\\/\\\/katarek.pl\\\/spacer-z-niemowlakiem\\\/\",\"url\":\"https:\\\/\\\/katarek.pl\\\/spacer-z-niemowlakiem\\\/\",\"name\":\"Spacer z niemowlakiem - katarek.pl\",\"isPartOf\":{\"@id\":\"https:\\\/\\\/katarek.pl\\\/#website\"},\"primaryImageOfPage\":{\"@id\":\"https:\\\/\\\/katarek.pl\\\/spacer-z-niemowlakiem\\\/#primaryimage\"},\"image\":{\"@id\":\"https:\\\/\\\/katarek.pl\\\/spacer-z-niemowlakiem\\\/#primaryimage\"},\"thumbnailUrl\":\"https:\\\/\\\/katarek.pl\\\/wp-content\\\/uploads\\\/2017\\\/01\\\/spacer-z-niemowlakiem.jpg\",\"datePublished\":\"2017-01-10T12:40:13+00:00\",\"author\":{\"@id\":\"https:\\\/\\\/katarek.pl\\\/#\\\/schema\\\/person\\\/c7267555b2aaad4c6d15146a155bc430\"},\"description\":\"Kiedy wyj\u015b\u0107 na spacer z niemowlakiem? Pewnie i Ty na pocz\u0105tku zastanawia\u0142a\u015b si\u0119 o najlepsz\u0105 por\u0119 na Wasz\u0105 pierwsz\u0105 podr\u00f3\u017c\",\"breadcrumb\":{\"@id\":\"https:\\\/\\\/katarek.pl\\\/spacer-z-niemowlakiem\\\/#breadcrumb\"},\"inLanguage\":\"pl-PL\",\"potentialAction\":[{\"@type\":\"ReadAction\",\"target\":[\"https:\\\/\\\/katarek.pl\\\/spacer-z-niemowlakiem\\\/\"]}]},{\"@type\":\"ImageObject\",\"inLanguage\":\"pl-PL\",\"@id\":\"https:\\\/\\\/katarek.pl\\\/spacer-z-niemowlakiem\\\/#primaryimage\",\"url\":\"https:\\\/\\\/katarek.pl\\\/wp-content\\\/uploads\\\/2017\\\/01\\\/spacer-z-niemowlakiem.jpg\",\"contentUrl\":\"https:\\\/\\\/katarek.pl\\\/wp-content\\\/uploads\\\/2017\\\/01\\\/spacer-z-niemowlakiem.jpg\",\"width\":1688,\"height\":1125,\"caption\":\"spacer z ma\u0142ym dzieckiem\"},{\"@type\":\"BreadcrumbList\",\"@id\":\"https:\\\/\\\/katarek.pl\\\/spacer-z-niemowlakiem\\\/#breadcrumb\",\"itemListElement\":[{\"@type\":\"ListItem\",\"position\":1,\"name\":\"Home\",\"item\":\"https:\\\/\\\/katarek.pl\\\/\"},{\"@type\":\"ListItem\",\"position\":2,\"name\":\"Blog\",\"item\":\"https:\\\/\\\/katarek.pl\\\/blog\\\/\"},{\"@type\":\"ListItem\",\"position\":3,\"name\":\"Spacer z niemowlakiem\"}]},{\"@type\":\"WebSite\",\"@id\":\"https:\\\/\\\/katarek.pl\\\/#website\",\"url\":\"https:\\\/\\\/katarek.pl\\\/\",\"name\":\"katarek.pl\",\"description\":\"\",\"potentialAction\":[{\"@type\":\"SearchAction\",\"target\":{\"@type\":\"EntryPoint\",\"urlTemplate\":\"https:\\\/\\\/katarek.pl\\\/?s={search_term_string}\"},\"query-input\":{\"@type\":\"PropertyValueSpecification\",\"valueRequired\":true,\"valueName\":\"search_term_string\"}}],\"inLanguage\":\"pl-PL\"},{\"@type\":\"Person\",\"@id\":\"https:\\\/\\\/katarek.pl\\\/#\\\/schema\\\/person\\\/c7267555b2aaad4c6d15146a155bc430\",\"name\":\"katarek\",\"url\":\"https:\\\/\\\/katarek.pl\\\/author\\\/katarek\\\/\"}]}<\/script>\n<!-- \/ Yoast SEO plugin. -->","yoast_head_json":{"title":"Spacer z niemowlakiem - katarek.pl","description":"Kiedy wyj\u015b\u0107 na spacer z niemowlakiem? Pewnie i Ty na pocz\u0105tku zastanawia\u0142a\u015b si\u0119 o najlepsz\u0105 por\u0119 na Wasz\u0105 pierwsz\u0105 podr\u00f3\u017c","robots":{"index":"index","follow":"follow","max-snippet":"max-snippet:-1","max-image-preview":"max-image-preview:large","max-video-preview":"max-video-preview:-1"},"canonical":"https:\/\/katarek.pl\/spacer-z-niemowlakiem\/","og_locale":"pl_PL","og_type":"article","og_title":"Spacer z niemowlakiem - katarek.pl","og_description":"Kiedy wyj\u015b\u0107 na spacer z niemowlakiem? Pewnie i Ty na pocz\u0105tku zastanawia\u0142a\u015b si\u0119 o najlepsz\u0105 por\u0119 na Wasz\u0105 pierwsz\u0105 podr\u00f3\u017c","og_url":"https:\/\/katarek.pl\/spacer-z-niemowlakiem\/","og_site_name":"katarek.pl","article_published_time":"2017-01-10T12:40:13+00:00","og_image":[{"width":1688,"height":1125,"url":"https:\/\/katarek.pl\/wp-content\/uploads\/2017\/01\/spacer-z-niemowlakiem.jpg","type":"image\/jpeg"}],"author":"katarek","twitter_card":"summary_large_image","twitter_misc":{"Napisane przez":"katarek","Szacowany czas czytania":"3 minuty"},"schema":{"@context":"https:\/\/schema.org","@graph":[{"@type":"Article","@id":"https:\/\/katarek.pl\/spacer-z-niemowlakiem\/#article","isPartOf":{"@id":"https:\/\/katarek.pl\/spacer-z-niemowlakiem\/"},"author":{"name":"katarek","@id":"https:\/\/katarek.pl\/#\/schema\/person\/c7267555b2aaad4c6d15146a155bc430"},"headline":"Spacer z niemowlakiem","datePublished":"2017-01-10T12:40:13+00:00","mainEntityOfPage":{"@id":"https:\/\/katarek.pl\/spacer-z-niemowlakiem\/"},"wordCount":505,"commentCount":1,"image":{"@id":"https:\/\/katarek.pl\/spacer-z-niemowlakiem\/#primaryimage"},"thumbnailUrl":"https:\/\/katarek.pl\/wp-content\/uploads\/2017\/01\/spacer-z-niemowlakiem.jpg","articleSection":["Dziecko","Zdrowie"],"inLanguage":"pl-PL"},{"@type":"WebPage","@id":"https:\/\/katarek.pl\/spacer-z-niemowlakiem\/","url":"https:\/\/katarek.pl\/spacer-z-niemowlakiem\/","name":"Spacer z niemowlakiem - katarek.pl","isPartOf":{"@id":"https:\/\/katarek.pl\/#website"},"primaryImageOfPage":{"@id":"https:\/\/katarek.pl\/spacer-z-niemowlakiem\/#primaryimage"},"image":{"@id":"https:\/\/katarek.pl\/spacer-z-niemowlakiem\/#primaryimage"},"thumbnailUrl":"https:\/\/katarek.pl\/wp-content\/uploads\/2017\/01\/spacer-z-niemowlakiem.jpg","datePublished":"2017-01-10T12:40:13+00:00","author":{"@id":"https:\/\/katarek.pl\/#\/schema\/person\/c7267555b2aaad4c6d15146a155bc430"},"description":"Kiedy wyj\u015b\u0107 na spacer z niemowlakiem? Pewnie i Ty na pocz\u0105tku zastanawia\u0142a\u015b si\u0119 o najlepsz\u0105 por\u0119 na Wasz\u0105 pierwsz\u0105 podr\u00f3\u017c","breadcrumb":{"@id":"https:\/\/katarek.pl\/spacer-z-niemowlakiem\/#breadcrumb"},"inLanguage":"pl-PL","potentialAction":[{"@type":"ReadAction","target":["https:\/\/katarek.pl\/spacer-z-niemowlakiem\/"]}]},{"@type":"ImageObject","inLanguage":"pl-PL","@id":"https:\/\/katarek.pl\/spacer-z-niemowlakiem\/#primaryimage","url":"https:\/\/katarek.pl\/wp-content\/uploads\/2017\/01\/spacer-z-niemowlakiem.jpg","contentUrl":"https:\/\/katarek.pl\/wp-content\/uploads\/2017\/01\/spacer-z-niemowlakiem.jpg","width":1688,"height":1125,"caption":"spacer z ma\u0142ym dzieckiem"},{"@type":"BreadcrumbList","@id":"https:\/\/katarek.pl\/spacer-z-niemowlakiem\/#breadcrumb","itemListElement":[{"@type":"ListItem","position":1,"name":"Home","item":"https:\/\/katarek.pl\/"},{"@type":"ListItem","position":2,"name":"Blog","item":"https:\/\/katarek.pl\/blog\/"},{"@type":"ListItem","position":3,"name":"Spacer z niemowlakiem"}]},{"@type":"WebSite","@id":"https:\/\/katarek.pl\/#website","url":"https:\/\/katarek.pl\/","name":"katarek.pl","description":"","potentialAction":[{"@type":"SearchAction","target":{"@type":"EntryPoint","urlTemplate":"https:\/\/katarek.pl\/?s={search_term_string}"},"query-input":{"@type":"PropertyValueSpecification","valueRequired":true,"valueName":"search_term_string"}}],"inLanguage":"pl-PL"},{"@type":"Person","@id":"https:\/\/katarek.pl\/#\/schema\/person\/c7267555b2aaad4c6d15146a155bc430","name":"katarek","url":"https:\/\/katarek.pl\/author\/katarek\/"}]}},"acf":[],"gutenberg_blocks":[{"blockName":"custom-styles","attrs":{"styles":""}}],"meta_data":false,"featured_image":{"url":"https:\/\/katarek.pl\/wp-content\/uploads\/2017\/01\/spacer-z-niemowlakiem-1024x682.jpg"},"main_category":{"name":"Dziecko"},"prev_page":{"slug":"czy-katar-to-choroba"},"next_page":{"slug":"sterylnosc-szkodzi"},"_links":{"self":[{"href":"https:\/\/katarek.pl\/index.php\/wp-json\/wp\/v2\/posts\/479","targetHints":{"allow":["GET"]}}],"collection":[{"href":"https:\/\/katarek.pl\/index.php\/wp-json\/wp\/v2\/posts"}],"about":[{"href":"https:\/\/katarek.pl\/index.php\/wp-json\/wp\/v2\/types\/post"}],"author":[{"embeddable":true,"href":"https:\/\/katarek.pl\/index.php\/wp-json\/wp\/v2\/users\/7"}],"replies":[{"embeddable":true,"href":"https:\/\/katarek.pl\/index.php\/wp-json\/wp\/v2\/comments?post=479"}],"version-history":[{"count":0,"href":"https:\/\/katarek.pl\/index.php\/wp-json\/wp\/v2\/posts\/479\/revisions"}],"wp:featuredmedia":[{"embeddable":true,"href":"https:\/\/katarek.pl\/index.php\/wp-json\/wp\/v2\/media\/480"}],"wp:attachment":[{"href":"https:\/\/katarek.pl\/index.php\/wp-json\/wp\/v2\/media?parent=479"}],"wp:term":[{"taxonomy":"category","embeddable":true,"href":"https:\/\/katarek.pl\/index.php\/wp-json\/wp\/v2\/categories?post=479"},{"taxonomy":"post_tag","embeddable":true,"href":"https:\/\/katarek.pl\/index.php\/wp-json\/wp\/v2\/tags?post=479"}],"curies":[{"name":"wp","href":"https:\/\/api.w.org\/{rel}","templated":true}]}}