{"id":393,"date":"2016-11-04T13:30:18","date_gmt":"2016-11-04T13:30:18","guid":{"rendered":"https:\/\/katarek.pl\/blog\/?p=393"},"modified":"2016-11-04T13:30:18","modified_gmt":"2016-11-04T13:30:18","slug":"sharenting-zdjecia-dziecka","status":"publish","type":"post","link":"https:\/\/katarek.pl\/sharenting-zdjecia-dziecka\/","title":{"rendered":"Sharenting. Wrzucasz do Sieci zdj\u0119cia dziecka? Zachowaj rozs\u0105dek"},"content":{"rendered":"<p><strong>Polski Facebook dzia\u0142a od po\u0142owy roku 2008. Dzieci, kt\u00f3re urodzi\u0142y si\u0119 w tym samym czasie, co polska wersja j\u0119zykowa najpopularniejszego serwisu spo\u0142eczno\u015bciowego na \u015bwiecie, maj\u0105 8 lat. Niekt\u00f3re z nich maj\u0105 ju\u017c w\u0142asne konto na tym portalu, jednak to wcale nie znaczy, \u017ce ich obecno\u015b\u0107 w Internecie zacz\u0119\u0142a si\u0119 dopiero teraz. Zadbali o to ich rodzice, wrzucaj\u0105c do Sieci zdj\u0119cia swoich maluch\u00f3w pod has\u0142em \u201eniech ca\u0142y \u015bwiat zobaczy, jak\u0105 mamy wspania\u0142\u0105 rodzin\u0119!\u201d. Jednak to, co raz znajdzie si\u0119 w Internecie, pozostaje w nim w\u0142a\u015bciwie na zawsze. Jakie zagro\u017cenia si\u0119 z tym wi\u0105\u017c\u0105?<\/strong> <!--more--><\/p>\n<h2>Sharenting zdj\u0119\u0107 dziecka &#8211; uwa\u017caj, bo mo\u017cesz wywo\u0142a\u0107 traum\u0119!<\/h2>\n<p>Media spo\u0142eczno\u015bciowe nie s\u0105 po to, by si\u0119 ich ba\u0107. Podobnie jak mo\u017cliwo\u015b\u0107 udost\u0119pniania za ich po\u015brednictwem r\u00f3\u017cnorodnych zdj\u0119\u0107. Facebook czy Instagram s\u0142u\u017c\u0105 podtrzymywaniu relacji ze znajomymi, przyjaci\u00f3\u0142mi, rodzin\u0105, z kt\u00f3r\u0105 nie widujemy si\u0119 na co dzie\u0144. Uko\u0144czenie studi\u00f3w, egzotyczna wycieczka, zdanie egzaminu na prawo jazdy \u2013 tak wyj\u0105tkowe chwile ch\u0119tnie uwieczniamy na zdj\u0119ciach, po czym ochoczo pokazujemy innym. Czy mo\u017ce wi\u0119c dziwi\u0107, \u017ce r\u00f3wnie ch\u0119tnie dzielimy si\u0119 fotografiami naszego maluszka? W ko\u0144cu narodziny nowego \u017cycia to jedno z najpozytywniejszych wydarze\u0144 w \u017cyciu.<\/p>\n<p>Dawniej zdj\u0119cia umieszczali\u015bmy w albumie i pokazywali\u015bmy najbli\u017cszym, gdy wpadali do nas w odwiedziny. Dzisiaj mamy takie czasy, \u017ce zdj\u0119cia zgrywamy na komputer i \u0142atwiej jest nam je opublikowa\u0107 w internecie, ni\u017c odda\u0107 do wywo\u0142ania. To takie wygodne! Tyle \u017ce nie zawsze rozs\u0105dne i bezpieczne. Mo\u017ce nam si\u0119 wydawa\u0107, \u017ce nasze albumy widz\u0105 tylko znajomi. Nic bardziej mylnego \u2013<strong> zdj\u0119cia mog\u0105 trafia\u0107 w r\u00f3\u017cne, nawet bardzo niepowo\u0142ane r\u0119ce<\/strong>. Nie chc\u0119 rozsiewa\u0107 paniki i snu\u0107 wizji o dzieci\u0119cych porywaczach, pedofilach i producentach dzieci\u0119cej pornografii, cho\u0107 to tak\u017ce realne zagro\u017cenie. My\u015bl\u0119 raczej o reputacji naszych dzieci.<\/p>\n<p>Dzieci pierwszych u\u017cytkownik\u00f3w polskiego Facebooka chodz\u0105 ju\u017c do szko\u0142y. Spotykaj\u0105 tam nowych koleg\u00f3w, kt\u00f3rych chc\u0105 pozna\u0107 jak najlepiej, ale te\u017c pokaza\u0107 si\u0119 im z jak najlepszej strony, by zyska\u0107 ich sympati\u0119. Te dzieci to internetowi tubylcy, nie znaj\u0105 \u015bwiata innego ni\u017c ten w kt\u00f3rym istnieje internet. Mo\u017cemy by\u0107 zatem pewni, \u017ce po informacje o kolegach i kole\u017cankach z klasy udadz\u0105 si\u0119 w\u0142a\u015bnie do Sieci. W wyszukiwark\u0119 wpisz\u0105 dane twojego dziecka i znajd\u0105 jego konta \u2013 je\u015bli posiada takowe \u2013 na kilku portalach, ale te\u017c np. zdj\u0119cia z kont jego rodzic\u00f3w. A tam? Pierwsza k\u0105piel, ospa wietrzna, maluch na nocniczku, p\u0142acz\u0105cy, z g\u0142upi\u0105 min\u0105, na golasa. <strong>Przez takie zdj\u0119cia dziecko mo\u017ce si\u0119 sta\u0107 obiektem kpin<\/strong>. Albo z innej strony: czy chcemy, \u017ceby zdj\u0119cie naszej zap\u0142akanej pociechy ilustrowa\u0142o umieszczony gdzie\u015b w internecie podrz\u0119dny artyku\u0142 pod tytu\u0142em \u201e<a title=\"sposoby na katar u niemowlaka\" href=\"https:\/\/katarek.pl\/blog\/domowe-sposoby-na-katar-u-dziecka\/\" target=\"_blank\" rel=\"noopener\">sposoby na katar u niemowlaka<\/a>\u201d?<\/p>\n<p><strong>Czy powinni\u015bmy wi\u0119c usun\u0105\u0107 swoje konta? Nie, wystarczy zachowa\u0107 zdrowy rozs\u0105dek.<\/strong> Nie publikujmy zdj\u0119\u0107 i informacji o dzieciach, kt\u00f3re w jakikolwiek spos\u00f3b mog\u0105 by\u0107 kontrowersyjne, albo zdradza\u0107 o nich zbyt wiele. Nawet z pozoru niewinne zdj\u0119cia mog\u0105 zupe\u0142nie zmieni\u0107 wyd\u017awi\u0119k, gdy osadzi si\u0119 je w innym kontek\u015bcie (sprawd\u017a kampanie Fundacji Dzieci Niczyje). Obcy ludzie mog\u0105 ponadto wykorzysta\u0107 informacje znalezione na profilu do zdobycia zaufania u dziecka. Bo jak nie zaufa\u0107 komu\u015b, kto zna adres zamieszkania babci, imi\u0119 kota i ulubionej bajki?<\/p>\n<p>Wszystko jest dla ludzi, dlatego korzystajcie z portali spo\u0142eczno\u015bciowych, ale\u2026 pomy\u015blcie, zanim wrzucicie!<\/p>\n","protected":false},"excerpt":"Polski Facebook dzia\u0142a od po\u0142owy roku 2008. Dzieci, kt\u00f3re urodzi\u0142y si\u0119 w tym samym czasie, co polska wersja j\u0119zykowa najpopularniejszego serwisu spo\u0142eczno\u015bciowego na \u015bwiecie, maj\u0105 8 lat. Niekt\u00f3re z nich maj\u0105 ju\u017c w\u0142asne konto na tym portalu, jednak to wcale nie znaczy, \u017ce ich obecno\u015b\u0107 w Internecie zacz\u0119\u0142a si\u0119 dopiero teraz. Zadbali o to ich [&hellip;]","author":7,"featured_media":733,"comment_status":"open","ping_status":"open","sticky":false,"template":"","format":"standard","meta":{"_acf_changed":false,"inline_featured_image":false,"editor_plus_copied_stylings":"{}","footnotes":""},"categories":[38,31],"tags":[],"class_list":["post-393","post","type-post","status-publish","format-standard","has-post-thumbnail","hentry","category-lifestyle","category-mama"],"yoast_head":"<!-- This site is optimized with the Yoast SEO plugin v27.4 - https:\/\/yoast.com\/product\/yoast-seo-wordpress\/ -->\n<title>Sharenting. Wrzucasz do Sieci zdj\u0119cia dziecka? Zachowaj rozs\u0105dek - katarek.pl<\/title>\n<meta name=\"description\" content=\"Rodzice, wrzucaj\u0105 do Sieci zdj\u0119cia swoich maluch\u00f3w pod has\u0142em \u201eniech ca\u0142y \u015bwiat zobaczy, jak\u0105 mamy wspania\u0142\u0105 rodzin\u0119!\u201d. Jakie zagro\u017cenia si\u0119 z tym wi\u0105\u017c\u0105?\" \/>\n<meta name=\"robots\" content=\"index, follow, max-snippet:-1, max-image-preview:large, max-video-preview:-1\" \/>\n<link rel=\"canonical\" href=\"https:\/\/katarek.pl\/sharenting-zdjecia-dziecka\/\" \/>\n<meta property=\"og:locale\" content=\"pl_PL\" \/>\n<meta property=\"og:type\" content=\"article\" \/>\n<meta property=\"og:title\" content=\"Sharenting. Wrzucasz do Sieci zdj\u0119cia dziecka? Zachowaj rozs\u0105dek - katarek.pl\" \/>\n<meta property=\"og:description\" content=\"Rodzice, wrzucaj\u0105 do Sieci zdj\u0119cia swoich maluch\u00f3w pod has\u0142em \u201eniech ca\u0142y \u015bwiat zobaczy, jak\u0105 mamy wspania\u0142\u0105 rodzin\u0119!\u201d. Jakie zagro\u017cenia si\u0119 z tym wi\u0105\u017c\u0105?\" \/>\n<meta property=\"og:url\" content=\"https:\/\/katarek.pl\/sharenting-zdjecia-dziecka\/\" \/>\n<meta property=\"og:site_name\" content=\"katarek.pl\" \/>\n<meta property=\"article:published_time\" content=\"2016-11-04T13:30:18+00:00\" \/>\n<meta property=\"og:image\" content=\"https:\/\/katarek.pl\/wp-content\/uploads\/2016\/11\/zdjecia-dzieci.jpg\" \/>\n\t<meta property=\"og:image:width\" content=\"2356\" \/>\n\t<meta property=\"og:image:height\" content=\"1570\" \/>\n\t<meta property=\"og:image:type\" content=\"image\/jpeg\" \/>\n<meta name=\"author\" content=\"katarek\" \/>\n<meta name=\"twitter:card\" content=\"summary_large_image\" \/>\n<meta name=\"twitter:label1\" content=\"Napisane przez\" \/>\n\t<meta name=\"twitter:data1\" content=\"katarek\" \/>\n\t<meta name=\"twitter:label2\" content=\"Szacowany czas czytania\" \/>\n\t<meta name=\"twitter:data2\" content=\"3 minuty\" \/>\n<script type=\"application\/ld+json\" class=\"yoast-schema-graph\">{\"@context\":\"https:\\\/\\\/schema.org\",\"@graph\":[{\"@type\":\"Article\",\"@id\":\"https:\\\/\\\/katarek.pl\\\/sharenting-zdjecia-dziecka\\\/#article\",\"isPartOf\":{\"@id\":\"https:\\\/\\\/katarek.pl\\\/sharenting-zdjecia-dziecka\\\/\"},\"author\":{\"name\":\"katarek\",\"@id\":\"https:\\\/\\\/katarek.pl\\\/#\\\/schema\\\/person\\\/c7267555b2aaad4c6d15146a155bc430\"},\"headline\":\"Sharenting. Wrzucasz do Sieci zdj\u0119cia dziecka? Zachowaj rozs\u0105dek\",\"datePublished\":\"2016-11-04T13:30:18+00:00\",\"mainEntityOfPage\":{\"@id\":\"https:\\\/\\\/katarek.pl\\\/sharenting-zdjecia-dziecka\\\/\"},\"wordCount\":609,\"commentCount\":2,\"image\":{\"@id\":\"https:\\\/\\\/katarek.pl\\\/sharenting-zdjecia-dziecka\\\/#primaryimage\"},\"thumbnailUrl\":\"https:\\\/\\\/katarek.pl\\\/wp-content\\\/uploads\\\/2016\\\/11\\\/zdjecia-dzieci.jpg\",\"articleSection\":[\"Lifestyle\",\"Mama\"],\"inLanguage\":\"pl-PL\"},{\"@type\":\"WebPage\",\"@id\":\"https:\\\/\\\/katarek.pl\\\/sharenting-zdjecia-dziecka\\\/\",\"url\":\"https:\\\/\\\/katarek.pl\\\/sharenting-zdjecia-dziecka\\\/\",\"name\":\"Sharenting. Wrzucasz do Sieci zdj\u0119cia dziecka? Zachowaj rozs\u0105dek - katarek.pl\",\"isPartOf\":{\"@id\":\"https:\\\/\\\/katarek.pl\\\/#website\"},\"primaryImageOfPage\":{\"@id\":\"https:\\\/\\\/katarek.pl\\\/sharenting-zdjecia-dziecka\\\/#primaryimage\"},\"image\":{\"@id\":\"https:\\\/\\\/katarek.pl\\\/sharenting-zdjecia-dziecka\\\/#primaryimage\"},\"thumbnailUrl\":\"https:\\\/\\\/katarek.pl\\\/wp-content\\\/uploads\\\/2016\\\/11\\\/zdjecia-dzieci.jpg\",\"datePublished\":\"2016-11-04T13:30:18+00:00\",\"author\":{\"@id\":\"https:\\\/\\\/katarek.pl\\\/#\\\/schema\\\/person\\\/c7267555b2aaad4c6d15146a155bc430\"},\"description\":\"Rodzice, wrzucaj\u0105 do Sieci zdj\u0119cia swoich maluch\u00f3w pod has\u0142em \u201eniech ca\u0142y \u015bwiat zobaczy, jak\u0105 mamy wspania\u0142\u0105 rodzin\u0119!\u201d. Jakie zagro\u017cenia si\u0119 z tym wi\u0105\u017c\u0105?\",\"breadcrumb\":{\"@id\":\"https:\\\/\\\/katarek.pl\\\/sharenting-zdjecia-dziecka\\\/#breadcrumb\"},\"inLanguage\":\"pl-PL\",\"potentialAction\":[{\"@type\":\"ReadAction\",\"target\":[\"https:\\\/\\\/katarek.pl\\\/sharenting-zdjecia-dziecka\\\/\"]}]},{\"@type\":\"ImageObject\",\"inLanguage\":\"pl-PL\",\"@id\":\"https:\\\/\\\/katarek.pl\\\/sharenting-zdjecia-dziecka\\\/#primaryimage\",\"url\":\"https:\\\/\\\/katarek.pl\\\/wp-content\\\/uploads\\\/2016\\\/11\\\/zdjecia-dzieci.jpg\",\"contentUrl\":\"https:\\\/\\\/katarek.pl\\\/wp-content\\\/uploads\\\/2016\\\/11\\\/zdjecia-dzieci.jpg\",\"width\":2356,\"height\":1570,\"caption\":\"wrzucanie zdj\u0119\u0107 dziecka do sieci\"},{\"@type\":\"BreadcrumbList\",\"@id\":\"https:\\\/\\\/katarek.pl\\\/sharenting-zdjecia-dziecka\\\/#breadcrumb\",\"itemListElement\":[{\"@type\":\"ListItem\",\"position\":1,\"name\":\"Home\",\"item\":\"https:\\\/\\\/katarek.pl\\\/\"},{\"@type\":\"ListItem\",\"position\":2,\"name\":\"Blog\",\"item\":\"https:\\\/\\\/katarek.pl\\\/blog\\\/\"},{\"@type\":\"ListItem\",\"position\":3,\"name\":\"Sharenting. Wrzucasz do Sieci zdj\u0119cia dziecka? Zachowaj rozs\u0105dek\"}]},{\"@type\":\"WebSite\",\"@id\":\"https:\\\/\\\/katarek.pl\\\/#website\",\"url\":\"https:\\\/\\\/katarek.pl\\\/\",\"name\":\"katarek.pl\",\"description\":\"\",\"potentialAction\":[{\"@type\":\"SearchAction\",\"target\":{\"@type\":\"EntryPoint\",\"urlTemplate\":\"https:\\\/\\\/katarek.pl\\\/?s={search_term_string}\"},\"query-input\":{\"@type\":\"PropertyValueSpecification\",\"valueRequired\":true,\"valueName\":\"search_term_string\"}}],\"inLanguage\":\"pl-PL\"},{\"@type\":\"Person\",\"@id\":\"https:\\\/\\\/katarek.pl\\\/#\\\/schema\\\/person\\\/c7267555b2aaad4c6d15146a155bc430\",\"name\":\"katarek\",\"url\":\"https:\\\/\\\/katarek.pl\\\/author\\\/katarek\\\/\"}]}<\/script>\n<!-- \/ Yoast SEO plugin. -->","yoast_head_json":{"title":"Sharenting. Wrzucasz do Sieci zdj\u0119cia dziecka? Zachowaj rozs\u0105dek - katarek.pl","description":"Rodzice, wrzucaj\u0105 do Sieci zdj\u0119cia swoich maluch\u00f3w pod has\u0142em \u201eniech ca\u0142y \u015bwiat zobaczy, jak\u0105 mamy wspania\u0142\u0105 rodzin\u0119!\u201d. Jakie zagro\u017cenia si\u0119 z tym wi\u0105\u017c\u0105?","robots":{"index":"index","follow":"follow","max-snippet":"max-snippet:-1","max-image-preview":"max-image-preview:large","max-video-preview":"max-video-preview:-1"},"canonical":"https:\/\/katarek.pl\/sharenting-zdjecia-dziecka\/","og_locale":"pl_PL","og_type":"article","og_title":"Sharenting. Wrzucasz do Sieci zdj\u0119cia dziecka? Zachowaj rozs\u0105dek - katarek.pl","og_description":"Rodzice, wrzucaj\u0105 do Sieci zdj\u0119cia swoich maluch\u00f3w pod has\u0142em \u201eniech ca\u0142y \u015bwiat zobaczy, jak\u0105 mamy wspania\u0142\u0105 rodzin\u0119!\u201d. Jakie zagro\u017cenia si\u0119 z tym wi\u0105\u017c\u0105?","og_url":"https:\/\/katarek.pl\/sharenting-zdjecia-dziecka\/","og_site_name":"katarek.pl","article_published_time":"2016-11-04T13:30:18+00:00","og_image":[{"width":2356,"height":1570,"url":"https:\/\/katarek.pl\/wp-content\/uploads\/2016\/11\/zdjecia-dzieci.jpg","type":"image\/jpeg"}],"author":"katarek","twitter_card":"summary_large_image","twitter_misc":{"Napisane przez":"katarek","Szacowany czas czytania":"3 minuty"},"schema":{"@context":"https:\/\/schema.org","@graph":[{"@type":"Article","@id":"https:\/\/katarek.pl\/sharenting-zdjecia-dziecka\/#article","isPartOf":{"@id":"https:\/\/katarek.pl\/sharenting-zdjecia-dziecka\/"},"author":{"name":"katarek","@id":"https:\/\/katarek.pl\/#\/schema\/person\/c7267555b2aaad4c6d15146a155bc430"},"headline":"Sharenting. Wrzucasz do Sieci zdj\u0119cia dziecka? Zachowaj rozs\u0105dek","datePublished":"2016-11-04T13:30:18+00:00","mainEntityOfPage":{"@id":"https:\/\/katarek.pl\/sharenting-zdjecia-dziecka\/"},"wordCount":609,"commentCount":2,"image":{"@id":"https:\/\/katarek.pl\/sharenting-zdjecia-dziecka\/#primaryimage"},"thumbnailUrl":"https:\/\/katarek.pl\/wp-content\/uploads\/2016\/11\/zdjecia-dzieci.jpg","articleSection":["Lifestyle","Mama"],"inLanguage":"pl-PL"},{"@type":"WebPage","@id":"https:\/\/katarek.pl\/sharenting-zdjecia-dziecka\/","url":"https:\/\/katarek.pl\/sharenting-zdjecia-dziecka\/","name":"Sharenting. Wrzucasz do Sieci zdj\u0119cia dziecka? Zachowaj rozs\u0105dek - katarek.pl","isPartOf":{"@id":"https:\/\/katarek.pl\/#website"},"primaryImageOfPage":{"@id":"https:\/\/katarek.pl\/sharenting-zdjecia-dziecka\/#primaryimage"},"image":{"@id":"https:\/\/katarek.pl\/sharenting-zdjecia-dziecka\/#primaryimage"},"thumbnailUrl":"https:\/\/katarek.pl\/wp-content\/uploads\/2016\/11\/zdjecia-dzieci.jpg","datePublished":"2016-11-04T13:30:18+00:00","author":{"@id":"https:\/\/katarek.pl\/#\/schema\/person\/c7267555b2aaad4c6d15146a155bc430"},"description":"Rodzice, wrzucaj\u0105 do Sieci zdj\u0119cia swoich maluch\u00f3w pod has\u0142em \u201eniech ca\u0142y \u015bwiat zobaczy, jak\u0105 mamy wspania\u0142\u0105 rodzin\u0119!\u201d. Jakie zagro\u017cenia si\u0119 z tym wi\u0105\u017c\u0105?","breadcrumb":{"@id":"https:\/\/katarek.pl\/sharenting-zdjecia-dziecka\/#breadcrumb"},"inLanguage":"pl-PL","potentialAction":[{"@type":"ReadAction","target":["https:\/\/katarek.pl\/sharenting-zdjecia-dziecka\/"]}]},{"@type":"ImageObject","inLanguage":"pl-PL","@id":"https:\/\/katarek.pl\/sharenting-zdjecia-dziecka\/#primaryimage","url":"https:\/\/katarek.pl\/wp-content\/uploads\/2016\/11\/zdjecia-dzieci.jpg","contentUrl":"https:\/\/katarek.pl\/wp-content\/uploads\/2016\/11\/zdjecia-dzieci.jpg","width":2356,"height":1570,"caption":"wrzucanie zdj\u0119\u0107 dziecka do sieci"},{"@type":"BreadcrumbList","@id":"https:\/\/katarek.pl\/sharenting-zdjecia-dziecka\/#breadcrumb","itemListElement":[{"@type":"ListItem","position":1,"name":"Home","item":"https:\/\/katarek.pl\/"},{"@type":"ListItem","position":2,"name":"Blog","item":"https:\/\/katarek.pl\/blog\/"},{"@type":"ListItem","position":3,"name":"Sharenting. Wrzucasz do Sieci zdj\u0119cia dziecka? Zachowaj rozs\u0105dek"}]},{"@type":"WebSite","@id":"https:\/\/katarek.pl\/#website","url":"https:\/\/katarek.pl\/","name":"katarek.pl","description":"","potentialAction":[{"@type":"SearchAction","target":{"@type":"EntryPoint","urlTemplate":"https:\/\/katarek.pl\/?s={search_term_string}"},"query-input":{"@type":"PropertyValueSpecification","valueRequired":true,"valueName":"search_term_string"}}],"inLanguage":"pl-PL"},{"@type":"Person","@id":"https:\/\/katarek.pl\/#\/schema\/person\/c7267555b2aaad4c6d15146a155bc430","name":"katarek","url":"https:\/\/katarek.pl\/author\/katarek\/"}]}},"acf":[],"gutenberg_blocks":[{"blockName":"custom-styles","attrs":{"styles":""}}],"meta_data":false,"featured_image":{"url":"https:\/\/katarek.pl\/wp-content\/uploads\/2016\/11\/zdjecia-dzieci-1024x682.jpg"},"main_category":{"name":"Lifestyle"},"prev_page":{"slug":"jak-leczyc-katar-u-niemowlaka-domowe-sposoby"},"next_page":{"slug":"znieczulenie-przy-porodzie"},"_links":{"self":[{"href":"https:\/\/katarek.pl\/index.php\/wp-json\/wp\/v2\/posts\/393","targetHints":{"allow":["GET"]}}],"collection":[{"href":"https:\/\/katarek.pl\/index.php\/wp-json\/wp\/v2\/posts"}],"about":[{"href":"https:\/\/katarek.pl\/index.php\/wp-json\/wp\/v2\/types\/post"}],"author":[{"embeddable":true,"href":"https:\/\/katarek.pl\/index.php\/wp-json\/wp\/v2\/users\/7"}],"replies":[{"embeddable":true,"href":"https:\/\/katarek.pl\/index.php\/wp-json\/wp\/v2\/comments?post=393"}],"version-history":[{"count":0,"href":"https:\/\/katarek.pl\/index.php\/wp-json\/wp\/v2\/posts\/393\/revisions"}],"wp:featuredmedia":[{"embeddable":true,"href":"https:\/\/katarek.pl\/index.php\/wp-json\/wp\/v2\/media\/733"}],"wp:attachment":[{"href":"https:\/\/katarek.pl\/index.php\/wp-json\/wp\/v2\/media?parent=393"}],"wp:term":[{"taxonomy":"category","embeddable":true,"href":"https:\/\/katarek.pl\/index.php\/wp-json\/wp\/v2\/categories?post=393"},{"taxonomy":"post_tag","embeddable":true,"href":"https:\/\/katarek.pl\/index.php\/wp-json\/wp\/v2\/tags?post=393"}],"curies":[{"name":"wp","href":"https:\/\/api.w.org\/{rel}","templated":true}]}}