{"id":330,"date":"2016-08-18T13:12:01","date_gmt":"2016-08-18T13:12:01","guid":{"rendered":"https:\/\/katarek.pl\/blog\/?p=330"},"modified":"2016-08-18T13:12:01","modified_gmt":"2016-08-18T13:12:01","slug":"jak-wyliczyc-termin-porodu","status":"publish","type":"post","link":"https:\/\/katarek.pl\/jak-wyliczyc-termin-porodu\/","title":{"rendered":"Jak wyliczy\u0107 termin porodu?"},"content":{"rendered":"<p>Ju\u017c na pocz\u0105tku ci\u0105\u017cy dowiadujesz si\u0119, \u017ce prawdopodobnie urodzisz pomi\u0119dzy 38. a 42. tygodniem. Ci\u0105\u017ca, kt\u00f3ra ko\u0144czy si\u0119 przed 37 tygodniem nazywa si\u0119 porodem przedwczesnym, za\u015b trwaj\u0105ca ponad 42 tygodnie przeterminowan\u0105. Okre\u015blenie <strong>terminu porodu<\/strong> jest istotne dla prawid\u0142owego przebiegu opieki nad mam\u0105 i dzieckiem. <!--more--><\/p>\n<h2 id=\"jak-wyliczyc-termin-porodu-ocena-wieku-ciazowego\">Jak wyliczy\u0107 termin porodu? Ocena wieku ci\u0105\u017cowego<\/h2>\n<p>Pomocna w jego wyliczeniu jest ocena wieku ci\u0105\u017cowego. Licz\u0105c od pierwszego dnia ostatniej miesi\u0105czki, przy za\u0142o\u017ceniu, \u017ce Twoje cykle s\u0105 regularne i masz 28-dniowy cykl miesi\u0105czkowy- ci\u0105\u017ca <b>trwa 280 dni, czyli 10 miesi\u0119cy ksi\u0119\u017cycowych<\/b>. Bior\u0105c pod uwag\u0119 r\u00f3\u017cn\u0105 d\u0142ugo\u015b\u0107 cykl\u00f3w, mo\u017cliwo\u015b\u0107 pojawienia si\u0119 owulacji wcze\u015bniej ni\u017c w po\u0142owie cyklu, dat\u0119 zap\u0142odnienia, kt\u00f3ra przy regularnym wsp\u00f3\u0142\u017cycia jest trudna do podania i badanie USG we wczesnej ci\u0105\u017cy &#8211; termin porodu jest przez lekarza odpowiednio modyfikowany.<\/p>\n<p><b>Spis tre\u015bci<\/b><\/p>\n<ul>\n<li><a href=\"#jak-wyliczyc-termin-porodu-ocena-wieku-ciazowego\">Jak wyliczy\u0107 termin porodu? Ocena wieku ci\u0105\u017cowego<\/a><\/li>\n<li><a href=\"#czy-termin-porodu-od-dnia-zaplodnienia-moze-sie-przesunac\">Czy termin porodu od dnia zap\u0142odnienia mo\u017ce si\u0119 przesun\u0105\u0107?<\/a><\/li>\n<li><a href=\"#ciekawostki-o-ciazy\">Ciekawostki o ci\u0105\u017cy<\/a><\/li>\n<\/ul>\n<p>Dok\u0142adno\u015b\u0107 pomiaru ultrasonograficznego wykonywanego oko\u0142o 8 t.c. wynosi +\/- 7 dni. Jedenasty tydzie\u0144 ci\u0105\u017cy i 6 dni to nadal 11 tygodni. Liczymy sko\u0144czone tygodnie. Zapytana w kt\u00f3rym jeste\u015b tygodniu nie m\u00f3wisz, \u017ce jeste\u015b w dwunastym, bo dla lekarza czy po\u0142o\u017cnej prowadz\u0105cej Twoj\u0105 ci\u0105\u017c\u0119 to nadal jedenasty tydzie\u0144. Pami\u0119taj, \u017ce ustalona\u00a0<em>data porodu<\/em> jest tylko terminem orientacyjnym, a odst\u0119pstwo dw\u00f3ch tygodni przed i po jest norm\u0105.<\/p>\n<h2 id=\"czy-termin-porodu-od-dnia-zaplodnienia-moze-sie-przesunac\">Czy termin porodu od dnia zap\u0142odnienia mo\u017ce si\u0119 przesun\u0105\u0107?<\/h2>\n<p>Nie traktuj <strong>termin porodu od dnia zap\u0142odnienia<\/strong> bezwgl\u0119dnie, \u017ceby oszcz\u0119dzi\u0107 sobie powod\u00f3w do niepokoju przy kilkudniowym jego przesuni\u0119ciu. Statystyki podaj\u0105, \u017ce por\u00f3d najcz\u0119\u015bciej odbywa si\u0119 w 282. dniu ci\u0105\u017cy, a tylko 4% dzieci przychodzi na \u015bwiat w wyliczonym terminie. Zatem bior\u0105c pod uwag\u0119 ca\u0142\u0105 populacj\u0119 kobiet 48% urodzi przed wyliczon\u0105 dat\u0105 terminu porodu, a pozosta\u0142e 48% po zaplanowanej dacie.\u00a0<\/p>\n<p>Podobno dziewczynki mieszkaj\u0105 w brzuchu mamy o jeden dzie\u0144 d\u0142u\u017cej ni\u017c ch\u0142opcy. Na to kiedy rozpocznie si\u0119 por\u00f3d nie ma wp\u0142ywu Tw\u00f3j wiek, wzrost,\u00a0 waga, \u00a0rasa czy klimat w jakim mieszkasz, ale za to noworodek mo\u017ce sam zadecydowa\u0107 kiedy jest gotowy na pierwsze spotkanie z Wami. Dlatego warto wiedzie\u0107 jakie s\u0105\u00a0<a href=\"https:\/\/katarek.pl\/blog\/objawy-porodu\/\">pierwsze objawy porodu<\/a>.<\/p>\n<h3 id=\"ciekawostki-o-ciazy\">Ciekawostki o ci\u0105\u017cy<\/h3>\n<p>A na koniec przedstawiamy gar\u015b\u0107 ciekawostek. Czy wiesz, \u017ce:<\/p>\n<ul>\n<li>Ojcowie\u00a0 posiadaj\u0105cy stresuj\u0105c\u0105 prac\u0119 cz\u0119\u015bciej maj\u0105 c\u00f3rki.<\/li>\n<li>Liczba rodz\u0105cych si\u0119 ch\u0142opc\u00f3w i dziewczynek zmienia si\u0119 wraz z porami roku np. w lecie rodzi si\u0119 wi\u0119cej ch\u0142opc\u00f3w.<\/li>\n<li>W Polsce najwi\u0119cej dzieci rodzi si\u0119 w poniedzia\u0142ek (oko\u0142o 50 %).<\/li>\n<li>Najpopularniejsze imi\u0119 \u017ce\u0144skie 2015 r. \u2013 Zuzanna; m\u0119skie &#8211; Jakub.<\/li>\n<li>W Polsce najwi\u0119cej dzieci rodzi si\u0119 pod koniec wrze\u015bnia.<\/li>\n<li>W Polsce 32% porod\u00f3w ko\u0144czy si\u0119 cesarskim ci\u0119ciem.<\/li>\n<li>Wi\u0119kszo\u015b\u0107 dzieci rodzi si\u0119 po terminie, 30% rodzi si\u0119 przed terminem, a w dok\u0142adnie wyliczonym terminie 5%.\n<p>Sprawd\u017a tak\u017ce\u00a0<a href=\"https:\/\/katarek.pl\/blog\/mity-w-ciazy\/\">mity o ci\u0105\u017cy<\/a>, kt\u00f3re kr\u0105\u017c\u0105 w\u015br\u00f3d kobiet, aby pami\u0119ta\u0107, \u017ce s\u0105 to g\u0142\u00f3wnie przes\u0105dy i zabobony!<\/li>\n<\/ul>\n<p>Autorka:<\/p>\n<p>Emilia Ja\u015bniewska<\/p>\n<p>Po\u0142o\u017cna, fundacja <a href=\"http:\/\/dobre-rece-polskich-poloznych.pl\/\" rel=\"nofollow\">Dobre R\u0119ce Polskich Po\u0142o\u017cnych<\/a><\/p>\n","protected":false},"excerpt":"Ju\u017c na pocz\u0105tku ci\u0105\u017cy dowiadujesz si\u0119, \u017ce prawdopodobnie urodzisz pomi\u0119dzy 38. a 42. tygodniem. Ci\u0105\u017ca, kt\u00f3ra ko\u0144czy si\u0119 przed 37 tygodniem nazywa si\u0119 porodem przedwczesnym, za\u015b trwaj\u0105ca ponad 42 tygodnie przeterminowan\u0105. Okre\u015blenie terminu porodu jest istotne dla prawid\u0142owego przebiegu opieki nad mam\u0105 i dzieckiem.","author":7,"featured_media":721,"comment_status":"open","ping_status":"open","sticky":false,"template":"","format":"standard","meta":{"_acf_changed":false,"inline_featured_image":false,"editor_plus_copied_stylings":"{}","footnotes":""},"categories":[43,51],"tags":[],"class_list":["post-330","post","type-post","status-publish","format-standard","has-post-thumbnail","hentry","category-ciaza","category-porod-i-polog"],"yoast_head":"<!-- This site is optimized with the Yoast SEO plugin v27.4 - https:\/\/yoast.com\/product\/yoast-seo-wordpress\/ -->\n<title>Termin porodu. Jak wyliczy\u0107 dat\u0119 od dnia zap\u0142odnienia? - blog Katarek<\/title>\n<meta name=\"description\" content=\"Ka\u017cda mama czeka na ten finalny dzie\u0144, czyli data, w kt\u00f3rym maluszek ma si\u0119 urodzi\u0107. Jak wyliczy\u0107 termin porodu od dnia zap\u0142odnienia? Sprawd\u017a na blogu Katarek!\" \/>\n<meta name=\"robots\" content=\"index, follow, max-snippet:-1, max-image-preview:large, max-video-preview:-1\" \/>\n<link rel=\"canonical\" href=\"https:\/\/katarek.pl\/jak-wyliczyc-termin-porodu\/\" \/>\n<meta property=\"og:locale\" content=\"pl_PL\" \/>\n<meta property=\"og:type\" content=\"article\" \/>\n<meta property=\"og:title\" content=\"Termin porodu. Jak wyliczy\u0107 dat\u0119 od dnia zap\u0142odnienia? - blog Katarek\" \/>\n<meta property=\"og:description\" content=\"Ka\u017cda mama czeka na ten finalny dzie\u0144, czyli data, w kt\u00f3rym maluszek ma si\u0119 urodzi\u0107. Jak wyliczy\u0107 termin porodu od dnia zap\u0142odnienia? Sprawd\u017a na blogu Katarek!\" \/>\n<meta property=\"og:url\" content=\"https:\/\/katarek.pl\/jak-wyliczyc-termin-porodu\/\" \/>\n<meta property=\"og:site_name\" content=\"katarek.pl\" \/>\n<meta property=\"article:published_time\" content=\"2016-08-18T13:12:01+00:00\" \/>\n<meta property=\"og:image\" content=\"https:\/\/katarek.pl\/wp-content\/uploads\/2016\/08\/termin-porodu.jpg\" \/>\n\t<meta property=\"og:image:width\" content=\"2356\" \/>\n\t<meta property=\"og:image:height\" content=\"1571\" \/>\n\t<meta property=\"og:image:type\" content=\"image\/jpeg\" \/>\n<meta name=\"author\" content=\"katarek\" \/>\n<meta name=\"twitter:card\" content=\"summary_large_image\" \/>\n<meta name=\"twitter:label1\" content=\"Napisane przez\" \/>\n\t<meta name=\"twitter:data1\" content=\"katarek\" \/>\n\t<meta name=\"twitter:label2\" content=\"Szacowany czas czytania\" \/>\n\t<meta name=\"twitter:data2\" content=\"3 minuty\" \/>\n<script type=\"application\/ld+json\" class=\"yoast-schema-graph\">{\"@context\":\"https:\\\/\\\/schema.org\",\"@graph\":[{\"@type\":\"Article\",\"@id\":\"https:\\\/\\\/katarek.pl\\\/jak-wyliczyc-termin-porodu\\\/#article\",\"isPartOf\":{\"@id\":\"https:\\\/\\\/katarek.pl\\\/jak-wyliczyc-termin-porodu\\\/\"},\"author\":{\"name\":\"katarek\",\"@id\":\"https:\\\/\\\/katarek.pl\\\/#\\\/schema\\\/person\\\/c7267555b2aaad4c6d15146a155bc430\"},\"headline\":\"Jak wyliczy\u0107 termin porodu?\",\"datePublished\":\"2016-08-18T13:12:01+00:00\",\"mainEntityOfPage\":{\"@id\":\"https:\\\/\\\/katarek.pl\\\/jak-wyliczyc-termin-porodu\\\/\"},\"wordCount\":539,\"commentCount\":0,\"image\":{\"@id\":\"https:\\\/\\\/katarek.pl\\\/jak-wyliczyc-termin-porodu\\\/#primaryimage\"},\"thumbnailUrl\":\"https:\\\/\\\/katarek.pl\\\/wp-content\\\/uploads\\\/2016\\\/08\\\/termin-porodu.jpg\",\"articleSection\":[\"Ci\u0105\u017ca\",\"Por\u00f3d i po\u0142\u00f3g\"],\"inLanguage\":\"pl-PL\"},{\"@type\":\"WebPage\",\"@id\":\"https:\\\/\\\/katarek.pl\\\/jak-wyliczyc-termin-porodu\\\/\",\"url\":\"https:\\\/\\\/katarek.pl\\\/jak-wyliczyc-termin-porodu\\\/\",\"name\":\"Termin porodu. Jak wyliczy\u0107 dat\u0119 od dnia zap\u0142odnienia? - blog Katarek\",\"isPartOf\":{\"@id\":\"https:\\\/\\\/katarek.pl\\\/#website\"},\"primaryImageOfPage\":{\"@id\":\"https:\\\/\\\/katarek.pl\\\/jak-wyliczyc-termin-porodu\\\/#primaryimage\"},\"image\":{\"@id\":\"https:\\\/\\\/katarek.pl\\\/jak-wyliczyc-termin-porodu\\\/#primaryimage\"},\"thumbnailUrl\":\"https:\\\/\\\/katarek.pl\\\/wp-content\\\/uploads\\\/2016\\\/08\\\/termin-porodu.jpg\",\"datePublished\":\"2016-08-18T13:12:01+00:00\",\"author\":{\"@id\":\"https:\\\/\\\/katarek.pl\\\/#\\\/schema\\\/person\\\/c7267555b2aaad4c6d15146a155bc430\"},\"description\":\"Ka\u017cda mama czeka na ten finalny dzie\u0144, czyli data, w kt\u00f3rym maluszek ma si\u0119 urodzi\u0107. Jak wyliczy\u0107 termin porodu od dnia zap\u0142odnienia? Sprawd\u017a na blogu Katarek!\",\"breadcrumb\":{\"@id\":\"https:\\\/\\\/katarek.pl\\\/jak-wyliczyc-termin-porodu\\\/#breadcrumb\"},\"inLanguage\":\"pl-PL\",\"potentialAction\":[{\"@type\":\"ReadAction\",\"target\":[\"https:\\\/\\\/katarek.pl\\\/jak-wyliczyc-termin-porodu\\\/\"]}]},{\"@type\":\"ImageObject\",\"inLanguage\":\"pl-PL\",\"@id\":\"https:\\\/\\\/katarek.pl\\\/jak-wyliczyc-termin-porodu\\\/#primaryimage\",\"url\":\"https:\\\/\\\/katarek.pl\\\/wp-content\\\/uploads\\\/2016\\\/08\\\/termin-porodu.jpg\",\"contentUrl\":\"https:\\\/\\\/katarek.pl\\\/wp-content\\\/uploads\\\/2016\\\/08\\\/termin-porodu.jpg\",\"width\":2356,\"height\":1571,\"caption\":\"Jak wyliczy\u0107 termin porodu\"},{\"@type\":\"BreadcrumbList\",\"@id\":\"https:\\\/\\\/katarek.pl\\\/jak-wyliczyc-termin-porodu\\\/#breadcrumb\",\"itemListElement\":[{\"@type\":\"ListItem\",\"position\":1,\"name\":\"Home\",\"item\":\"https:\\\/\\\/katarek.pl\\\/\"},{\"@type\":\"ListItem\",\"position\":2,\"name\":\"Blog\",\"item\":\"https:\\\/\\\/katarek.pl\\\/blog\\\/\"},{\"@type\":\"ListItem\",\"position\":3,\"name\":\"Jak wyliczy\u0107 termin porodu?\"}]},{\"@type\":\"WebSite\",\"@id\":\"https:\\\/\\\/katarek.pl\\\/#website\",\"url\":\"https:\\\/\\\/katarek.pl\\\/\",\"name\":\"katarek.pl\",\"description\":\"\",\"potentialAction\":[{\"@type\":\"SearchAction\",\"target\":{\"@type\":\"EntryPoint\",\"urlTemplate\":\"https:\\\/\\\/katarek.pl\\\/?s={search_term_string}\"},\"query-input\":{\"@type\":\"PropertyValueSpecification\",\"valueRequired\":true,\"valueName\":\"search_term_string\"}}],\"inLanguage\":\"pl-PL\"},{\"@type\":\"Person\",\"@id\":\"https:\\\/\\\/katarek.pl\\\/#\\\/schema\\\/person\\\/c7267555b2aaad4c6d15146a155bc430\",\"name\":\"katarek\",\"url\":\"https:\\\/\\\/katarek.pl\\\/author\\\/katarek\\\/\"}]}<\/script>\n<!-- \/ Yoast SEO plugin. -->","yoast_head_json":{"title":"Termin porodu. Jak wyliczy\u0107 dat\u0119 od dnia zap\u0142odnienia? - blog Katarek","description":"Ka\u017cda mama czeka na ten finalny dzie\u0144, czyli data, w kt\u00f3rym maluszek ma si\u0119 urodzi\u0107. Jak wyliczy\u0107 termin porodu od dnia zap\u0142odnienia? Sprawd\u017a na blogu Katarek!","robots":{"index":"index","follow":"follow","max-snippet":"max-snippet:-1","max-image-preview":"max-image-preview:large","max-video-preview":"max-video-preview:-1"},"canonical":"https:\/\/katarek.pl\/jak-wyliczyc-termin-porodu\/","og_locale":"pl_PL","og_type":"article","og_title":"Termin porodu. Jak wyliczy\u0107 dat\u0119 od dnia zap\u0142odnienia? - blog Katarek","og_description":"Ka\u017cda mama czeka na ten finalny dzie\u0144, czyli data, w kt\u00f3rym maluszek ma si\u0119 urodzi\u0107. Jak wyliczy\u0107 termin porodu od dnia zap\u0142odnienia? Sprawd\u017a na blogu Katarek!","og_url":"https:\/\/katarek.pl\/jak-wyliczyc-termin-porodu\/","og_site_name":"katarek.pl","article_published_time":"2016-08-18T13:12:01+00:00","og_image":[{"width":2356,"height":1571,"url":"https:\/\/katarek.pl\/wp-content\/uploads\/2016\/08\/termin-porodu.jpg","type":"image\/jpeg"}],"author":"katarek","twitter_card":"summary_large_image","twitter_misc":{"Napisane przez":"katarek","Szacowany czas czytania":"3 minuty"},"schema":{"@context":"https:\/\/schema.org","@graph":[{"@type":"Article","@id":"https:\/\/katarek.pl\/jak-wyliczyc-termin-porodu\/#article","isPartOf":{"@id":"https:\/\/katarek.pl\/jak-wyliczyc-termin-porodu\/"},"author":{"name":"katarek","@id":"https:\/\/katarek.pl\/#\/schema\/person\/c7267555b2aaad4c6d15146a155bc430"},"headline":"Jak wyliczy\u0107 termin porodu?","datePublished":"2016-08-18T13:12:01+00:00","mainEntityOfPage":{"@id":"https:\/\/katarek.pl\/jak-wyliczyc-termin-porodu\/"},"wordCount":539,"commentCount":0,"image":{"@id":"https:\/\/katarek.pl\/jak-wyliczyc-termin-porodu\/#primaryimage"},"thumbnailUrl":"https:\/\/katarek.pl\/wp-content\/uploads\/2016\/08\/termin-porodu.jpg","articleSection":["Ci\u0105\u017ca","Por\u00f3d i po\u0142\u00f3g"],"inLanguage":"pl-PL"},{"@type":"WebPage","@id":"https:\/\/katarek.pl\/jak-wyliczyc-termin-porodu\/","url":"https:\/\/katarek.pl\/jak-wyliczyc-termin-porodu\/","name":"Termin porodu. Jak wyliczy\u0107 dat\u0119 od dnia zap\u0142odnienia? - blog Katarek","isPartOf":{"@id":"https:\/\/katarek.pl\/#website"},"primaryImageOfPage":{"@id":"https:\/\/katarek.pl\/jak-wyliczyc-termin-porodu\/#primaryimage"},"image":{"@id":"https:\/\/katarek.pl\/jak-wyliczyc-termin-porodu\/#primaryimage"},"thumbnailUrl":"https:\/\/katarek.pl\/wp-content\/uploads\/2016\/08\/termin-porodu.jpg","datePublished":"2016-08-18T13:12:01+00:00","author":{"@id":"https:\/\/katarek.pl\/#\/schema\/person\/c7267555b2aaad4c6d15146a155bc430"},"description":"Ka\u017cda mama czeka na ten finalny dzie\u0144, czyli data, w kt\u00f3rym maluszek ma si\u0119 urodzi\u0107. Jak wyliczy\u0107 termin porodu od dnia zap\u0142odnienia? Sprawd\u017a na blogu Katarek!","breadcrumb":{"@id":"https:\/\/katarek.pl\/jak-wyliczyc-termin-porodu\/#breadcrumb"},"inLanguage":"pl-PL","potentialAction":[{"@type":"ReadAction","target":["https:\/\/katarek.pl\/jak-wyliczyc-termin-porodu\/"]}]},{"@type":"ImageObject","inLanguage":"pl-PL","@id":"https:\/\/katarek.pl\/jak-wyliczyc-termin-porodu\/#primaryimage","url":"https:\/\/katarek.pl\/wp-content\/uploads\/2016\/08\/termin-porodu.jpg","contentUrl":"https:\/\/katarek.pl\/wp-content\/uploads\/2016\/08\/termin-porodu.jpg","width":2356,"height":1571,"caption":"Jak wyliczy\u0107 termin porodu"},{"@type":"BreadcrumbList","@id":"https:\/\/katarek.pl\/jak-wyliczyc-termin-porodu\/#breadcrumb","itemListElement":[{"@type":"ListItem","position":1,"name":"Home","item":"https:\/\/katarek.pl\/"},{"@type":"ListItem","position":2,"name":"Blog","item":"https:\/\/katarek.pl\/blog\/"},{"@type":"ListItem","position":3,"name":"Jak wyliczy\u0107 termin porodu?"}]},{"@type":"WebSite","@id":"https:\/\/katarek.pl\/#website","url":"https:\/\/katarek.pl\/","name":"katarek.pl","description":"","potentialAction":[{"@type":"SearchAction","target":{"@type":"EntryPoint","urlTemplate":"https:\/\/katarek.pl\/?s={search_term_string}"},"query-input":{"@type":"PropertyValueSpecification","valueRequired":true,"valueName":"search_term_string"}}],"inLanguage":"pl-PL"},{"@type":"Person","@id":"https:\/\/katarek.pl\/#\/schema\/person\/c7267555b2aaad4c6d15146a155bc430","name":"katarek","url":"https:\/\/katarek.pl\/author\/katarek\/"}]}},"acf":[],"gutenberg_blocks":[{"blockName":"custom-styles","attrs":{"styles":""}}],"meta_data":false,"featured_image":{"url":"https:\/\/katarek.pl\/wp-content\/uploads\/2016\/08\/termin-porodu-1024x683.jpg"},"main_category":{"name":"Ci\u0105\u017ca"},"prev_page":{"slug":"baby-blues-co-to-jest"},"next_page":{"slug":"sluz-w-kupce-dziecka-czy-to-infekcja"},"_links":{"self":[{"href":"https:\/\/katarek.pl\/index.php\/wp-json\/wp\/v2\/posts\/330","targetHints":{"allow":["GET"]}}],"collection":[{"href":"https:\/\/katarek.pl\/index.php\/wp-json\/wp\/v2\/posts"}],"about":[{"href":"https:\/\/katarek.pl\/index.php\/wp-json\/wp\/v2\/types\/post"}],"author":[{"embeddable":true,"href":"https:\/\/katarek.pl\/index.php\/wp-json\/wp\/v2\/users\/7"}],"replies":[{"embeddable":true,"href":"https:\/\/katarek.pl\/index.php\/wp-json\/wp\/v2\/comments?post=330"}],"version-history":[{"count":0,"href":"https:\/\/katarek.pl\/index.php\/wp-json\/wp\/v2\/posts\/330\/revisions"}],"wp:featuredmedia":[{"embeddable":true,"href":"https:\/\/katarek.pl\/index.php\/wp-json\/wp\/v2\/media\/721"}],"wp:attachment":[{"href":"https:\/\/katarek.pl\/index.php\/wp-json\/wp\/v2\/media?parent=330"}],"wp:term":[{"taxonomy":"category","embeddable":true,"href":"https:\/\/katarek.pl\/index.php\/wp-json\/wp\/v2\/categories?post=330"},{"taxonomy":"post_tag","embeddable":true,"href":"https:\/\/katarek.pl\/index.php\/wp-json\/wp\/v2\/tags?post=330"}],"curies":[{"name":"wp","href":"https:\/\/api.w.org\/{rel}","templated":true}]}}