{"id":326,"date":"2017-05-12T10:41:09","date_gmt":"2017-05-12T10:41:09","guid":{"rendered":"https:\/\/katarek.pl\/?p=326"},"modified":"2025-06-25T09:28:30","modified_gmt":"2025-06-25T07:28:30","slug":"alergia-ukladu-oddechowego","status":"publish","type":"post","link":"https:\/\/katarek.pl\/alergia-ukladu-oddechowego\/","title":{"rendered":"Co to jest alergia uk\u0142adu oddechowego"},"content":{"rendered":"\n<p class=\" eplus-wrapper\">Alergia oznacza zbi\u00f3r reakcji i objaw\u00f3w na okre\u015blone substancje zwane alergenami, znajduj\u0105ce si\u0119 najcz\u0119\u015bciej w otoczeniu i jedzeniu.<\/p>\n\n\n\n<p class=\" eplus-wrapper\"><strong>Alergia uk\u0142adu oddechowego mo\u017ce pojawi\u0107 si\u0119 w ka\u017cdym wieku, a do typowych jej objaw\u00f3w zaliczamy:<\/strong><\/p>\n\n\n<ol class=\" wp-block-list eplus-wrapper eplus-styles-uid-891cfb\">\n<li class=\" eplus-wrapper\">katar sienny i towarzysz\u0105cy jemu obrz\u0119k b\u0142ony \u015bluzowej,<\/li>\n\n\n\n<li class=\" eplus-wrapper\">cz\u0119ste kichanie,<\/li>\n\n\n\n<li class=\" eplus-wrapper\">sw\u0119dzenie nosa,<\/li>\n\n\n\n<li class=\" eplus-wrapper\">zaczerwienione oczy,<\/li>\n\n\n\n<li class=\" eplus-wrapper\">\u0142zawienie,<\/li>\n\n\n\n<li class=\" eplus-wrapper\">obrz\u0119k spoj\u00f3wek.<\/li>\n<\/ol>\n\n\n<p class=\" eplus-wrapper\">Objawy alergicznego nie\u017cytu noska nasilaj\u0105 si\u0119 w 3 okresach roku: <strong>wiosennym<\/strong> (py\u0142ki drzew i kwiat\u00f3w), <strong>letnim <\/strong>(py\u0142ki traw i zb\u00f3\u017c), <strong>jesiennym<\/strong> (py\u0142ki chwast\u00f3w, p\u00f3\u017anych kwiat\u00f3w i traw).<\/p>\n\n\n\n<p class=\" eplus-wrapper\">Nale\u017cy zidentyfikowa\u0107 alergeny i przeprowadzi\u0107 testy alergiczne (sk\u00f3rne), aby rozwia\u0107 wszelkie w\u0105tpliwo\u015bci. Takie testy s\u0105 wykonywane u dzieci powy\u017cej 3-go roku \u017cycia.<\/p>\n\n\n\n<p class=\" eplus-wrapper\">W okresie niemowl\u0119cym pojawia si\u0119 zwykle alergia pokarmowa, gdy\u017c alergia na alergeny powietrzne zaczyna si\u0119 powy\u017cej 4-go roku \u017cycia.<\/p>\n","protected":false},"excerpt":"Alergia oznacza zbi\u00f3r reakcji i objaw\u00f3w na okre\u015blone substancje zwane alergenami, znajduj\u0105ce si\u0119 najcz\u0119\u015bciej w otoczeniu i jedzeniu. Alergia uk\u0142adu oddechowego mo\u017ce pojawi\u0107 si\u0119 w ka\u017cdym wieku, a do typowych jej objaw\u00f3w zaliczamy: Objawy alergicznego nie\u017cytu noska nasilaj\u0105 si\u0119 w 3 okresach roku: wiosennym (py\u0142ki drzew i kwiat\u00f3w), letnim (py\u0142ki traw i zb\u00f3\u017c), jesiennym (py\u0142ki [&hellip;]","author":7,"featured_media":1204,"comment_status":"closed","ping_status":"closed","sticky":false,"template":"","format":"standard","meta":{"_acf_changed":false,"inline_featured_image":false,"editor_plus_copied_stylings":"{}","footnotes":""},"categories":[36],"tags":[],"class_list":["post-326","post","type-post","status-publish","format-standard","has-post-thumbnail","hentry","category-artykuly"],"yoast_head":"<!-- This site is optimized with the Yoast SEO plugin v27.4 - https:\/\/yoast.com\/product\/yoast-seo-wordpress\/ -->\n<title>Co to jest alergia uk\u0142adu oddechowego? Przyczyny, objawy, skutki<\/title>\n<meta name=\"description\" content=\"Dowiedz si\u0119, czym jest alergia uk\u0142adu oddechowego oraz poznaj jej przyczyny, objawy i skutki. Zapraszamy na nasz\u0105 stron\u0119 i do zapoznania si\u0119 z ofert\u0105.\" \/>\n<meta name=\"robots\" content=\"index, follow, max-snippet:-1, max-image-preview:large, max-video-preview:-1\" \/>\n<link rel=\"canonical\" href=\"https:\/\/katarek.pl\/alergia-ukladu-oddechowego\/\" \/>\n<meta property=\"og:locale\" content=\"pl_PL\" \/>\n<meta property=\"og:type\" content=\"article\" \/>\n<meta property=\"og:title\" content=\"Co to jest alergia uk\u0142adu oddechowego? Przyczyny, objawy, skutki\" \/>\n<meta property=\"og:description\" content=\"Dowiedz si\u0119, czym jest alergia uk\u0142adu oddechowego oraz poznaj jej przyczyny, objawy i skutki. Zapraszamy na nasz\u0105 stron\u0119 i do zapoznania si\u0119 z ofert\u0105.\" \/>\n<meta property=\"og:url\" content=\"https:\/\/katarek.pl\/alergia-ukladu-oddechowego\/\" \/>\n<meta property=\"og:site_name\" content=\"katarek.pl\" \/>\n<meta property=\"article:published_time\" content=\"2017-05-12T10:41:09+00:00\" \/>\n<meta property=\"article:modified_time\" content=\"2025-06-25T07:28:30+00:00\" \/>\n<meta property=\"og:image\" content=\"https:\/\/katarek.pl\/wp-content\/uploads\/2017\/05\/katar-to-nie-choroba-1.jpg\" \/>\n\t<meta property=\"og:image:width\" content=\"849\" \/>\n\t<meta property=\"og:image:height\" content=\"566\" \/>\n\t<meta property=\"og:image:type\" content=\"image\/jpeg\" \/>\n<meta name=\"author\" content=\"katarek\" \/>\n<meta name=\"twitter:card\" content=\"summary_large_image\" \/>\n<meta name=\"twitter:label1\" content=\"Napisane przez\" \/>\n\t<meta name=\"twitter:data1\" content=\"katarek\" \/>\n\t<meta name=\"twitter:label2\" content=\"Szacowany czas czytania\" \/>\n\t<meta name=\"twitter:data2\" content=\"1 minuta\" \/>\n<script type=\"application\/ld+json\" class=\"yoast-schema-graph\">{\"@context\":\"https:\\\/\\\/schema.org\",\"@graph\":[{\"@type\":\"Article\",\"@id\":\"https:\\\/\\\/katarek.pl\\\/alergia-ukladu-oddechowego\\\/#article\",\"isPartOf\":{\"@id\":\"https:\\\/\\\/katarek.pl\\\/alergia-ukladu-oddechowego\\\/\"},\"author\":{\"name\":\"katarek\",\"@id\":\"https:\\\/\\\/katarek.pl\\\/#\\\/schema\\\/person\\\/c7267555b2aaad4c6d15146a155bc430\"},\"headline\":\"Co to jest alergia uk\u0142adu oddechowego\",\"datePublished\":\"2017-05-12T10:41:09+00:00\",\"dateModified\":\"2025-06-25T07:28:30+00:00\",\"mainEntityOfPage\":{\"@id\":\"https:\\\/\\\/katarek.pl\\\/alergia-ukladu-oddechowego\\\/\"},\"wordCount\":155,\"image\":{\"@id\":\"https:\\\/\\\/katarek.pl\\\/alergia-ukladu-oddechowego\\\/#primaryimage\"},\"thumbnailUrl\":\"https:\\\/\\\/katarek.pl\\\/wp-content\\\/uploads\\\/2017\\\/05\\\/katar-to-nie-choroba-1.jpg\",\"articleSection\":[\"Artyku\u0142y\"],\"inLanguage\":\"pl-PL\"},{\"@type\":\"WebPage\",\"@id\":\"https:\\\/\\\/katarek.pl\\\/alergia-ukladu-oddechowego\\\/\",\"url\":\"https:\\\/\\\/katarek.pl\\\/alergia-ukladu-oddechowego\\\/\",\"name\":\"Co to jest alergia uk\u0142adu oddechowego? Przyczyny, objawy, skutki\",\"isPartOf\":{\"@id\":\"https:\\\/\\\/katarek.pl\\\/#website\"},\"primaryImageOfPage\":{\"@id\":\"https:\\\/\\\/katarek.pl\\\/alergia-ukladu-oddechowego\\\/#primaryimage\"},\"image\":{\"@id\":\"https:\\\/\\\/katarek.pl\\\/alergia-ukladu-oddechowego\\\/#primaryimage\"},\"thumbnailUrl\":\"https:\\\/\\\/katarek.pl\\\/wp-content\\\/uploads\\\/2017\\\/05\\\/katar-to-nie-choroba-1.jpg\",\"datePublished\":\"2017-05-12T10:41:09+00:00\",\"dateModified\":\"2025-06-25T07:28:30+00:00\",\"author\":{\"@id\":\"https:\\\/\\\/katarek.pl\\\/#\\\/schema\\\/person\\\/c7267555b2aaad4c6d15146a155bc430\"},\"description\":\"Dowiedz si\u0119, czym jest alergia uk\u0142adu oddechowego oraz poznaj jej przyczyny, objawy i skutki. Zapraszamy na nasz\u0105 stron\u0119 i do zapoznania si\u0119 z ofert\u0105.\",\"breadcrumb\":{\"@id\":\"https:\\\/\\\/katarek.pl\\\/alergia-ukladu-oddechowego\\\/#breadcrumb\"},\"inLanguage\":\"pl-PL\",\"potentialAction\":[{\"@type\":\"ReadAction\",\"target\":[\"https:\\\/\\\/katarek.pl\\\/alergia-ukladu-oddechowego\\\/\"]}]},{\"@type\":\"ImageObject\",\"inLanguage\":\"pl-PL\",\"@id\":\"https:\\\/\\\/katarek.pl\\\/alergia-ukladu-oddechowego\\\/#primaryimage\",\"url\":\"https:\\\/\\\/katarek.pl\\\/wp-content\\\/uploads\\\/2017\\\/05\\\/katar-to-nie-choroba-1.jpg\",\"contentUrl\":\"https:\\\/\\\/katarek.pl\\\/wp-content\\\/uploads\\\/2017\\\/05\\\/katar-to-nie-choroba-1.jpg\",\"width\":849,\"height\":566,\"caption\":\"leczenie kataru u ma\u0142ego dziecka\"},{\"@type\":\"BreadcrumbList\",\"@id\":\"https:\\\/\\\/katarek.pl\\\/alergia-ukladu-oddechowego\\\/#breadcrumb\",\"itemListElement\":[{\"@type\":\"ListItem\",\"position\":1,\"name\":\"Home\",\"item\":\"https:\\\/\\\/katarek.pl\\\/\"},{\"@type\":\"ListItem\",\"position\":2,\"name\":\"Blog\",\"item\":\"https:\\\/\\\/katarek.pl\\\/blog\\\/\"},{\"@type\":\"ListItem\",\"position\":3,\"name\":\"Co to jest alergia uk\u0142adu oddechowego\"}]},{\"@type\":\"WebSite\",\"@id\":\"https:\\\/\\\/katarek.pl\\\/#website\",\"url\":\"https:\\\/\\\/katarek.pl\\\/\",\"name\":\"katarek.pl\",\"description\":\"\",\"potentialAction\":[{\"@type\":\"SearchAction\",\"target\":{\"@type\":\"EntryPoint\",\"urlTemplate\":\"https:\\\/\\\/katarek.pl\\\/?s={search_term_string}\"},\"query-input\":{\"@type\":\"PropertyValueSpecification\",\"valueRequired\":true,\"valueName\":\"search_term_string\"}}],\"inLanguage\":\"pl-PL\"},{\"@type\":\"Person\",\"@id\":\"https:\\\/\\\/katarek.pl\\\/#\\\/schema\\\/person\\\/c7267555b2aaad4c6d15146a155bc430\",\"name\":\"katarek\",\"url\":\"https:\\\/\\\/katarek.pl\\\/author\\\/katarek\\\/\"}]}<\/script>\n<!-- \/ Yoast SEO plugin. -->","yoast_head_json":{"title":"Co to jest alergia uk\u0142adu oddechowego? Przyczyny, objawy, skutki","description":"Dowiedz si\u0119, czym jest alergia uk\u0142adu oddechowego oraz poznaj jej przyczyny, objawy i skutki. Zapraszamy na nasz\u0105 stron\u0119 i do zapoznania si\u0119 z ofert\u0105.","robots":{"index":"index","follow":"follow","max-snippet":"max-snippet:-1","max-image-preview":"max-image-preview:large","max-video-preview":"max-video-preview:-1"},"canonical":"https:\/\/katarek.pl\/alergia-ukladu-oddechowego\/","og_locale":"pl_PL","og_type":"article","og_title":"Co to jest alergia uk\u0142adu oddechowego? Przyczyny, objawy, skutki","og_description":"Dowiedz si\u0119, czym jest alergia uk\u0142adu oddechowego oraz poznaj jej przyczyny, objawy i skutki. Zapraszamy na nasz\u0105 stron\u0119 i do zapoznania si\u0119 z ofert\u0105.","og_url":"https:\/\/katarek.pl\/alergia-ukladu-oddechowego\/","og_site_name":"katarek.pl","article_published_time":"2017-05-12T10:41:09+00:00","article_modified_time":"2025-06-25T07:28:30+00:00","og_image":[{"width":849,"height":566,"url":"https:\/\/katarek.pl\/wp-content\/uploads\/2017\/05\/katar-to-nie-choroba-1.jpg","type":"image\/jpeg"}],"author":"katarek","twitter_card":"summary_large_image","twitter_misc":{"Napisane przez":"katarek","Szacowany czas czytania":"1 minuta"},"schema":{"@context":"https:\/\/schema.org","@graph":[{"@type":"Article","@id":"https:\/\/katarek.pl\/alergia-ukladu-oddechowego\/#article","isPartOf":{"@id":"https:\/\/katarek.pl\/alergia-ukladu-oddechowego\/"},"author":{"name":"katarek","@id":"https:\/\/katarek.pl\/#\/schema\/person\/c7267555b2aaad4c6d15146a155bc430"},"headline":"Co to jest alergia uk\u0142adu oddechowego","datePublished":"2017-05-12T10:41:09+00:00","dateModified":"2025-06-25T07:28:30+00:00","mainEntityOfPage":{"@id":"https:\/\/katarek.pl\/alergia-ukladu-oddechowego\/"},"wordCount":155,"image":{"@id":"https:\/\/katarek.pl\/alergia-ukladu-oddechowego\/#primaryimage"},"thumbnailUrl":"https:\/\/katarek.pl\/wp-content\/uploads\/2017\/05\/katar-to-nie-choroba-1.jpg","articleSection":["Artyku\u0142y"],"inLanguage":"pl-PL"},{"@type":"WebPage","@id":"https:\/\/katarek.pl\/alergia-ukladu-oddechowego\/","url":"https:\/\/katarek.pl\/alergia-ukladu-oddechowego\/","name":"Co to jest alergia uk\u0142adu oddechowego? Przyczyny, objawy, skutki","isPartOf":{"@id":"https:\/\/katarek.pl\/#website"},"primaryImageOfPage":{"@id":"https:\/\/katarek.pl\/alergia-ukladu-oddechowego\/#primaryimage"},"image":{"@id":"https:\/\/katarek.pl\/alergia-ukladu-oddechowego\/#primaryimage"},"thumbnailUrl":"https:\/\/katarek.pl\/wp-content\/uploads\/2017\/05\/katar-to-nie-choroba-1.jpg","datePublished":"2017-05-12T10:41:09+00:00","dateModified":"2025-06-25T07:28:30+00:00","author":{"@id":"https:\/\/katarek.pl\/#\/schema\/person\/c7267555b2aaad4c6d15146a155bc430"},"description":"Dowiedz si\u0119, czym jest alergia uk\u0142adu oddechowego oraz poznaj jej przyczyny, objawy i skutki. Zapraszamy na nasz\u0105 stron\u0119 i do zapoznania si\u0119 z ofert\u0105.","breadcrumb":{"@id":"https:\/\/katarek.pl\/alergia-ukladu-oddechowego\/#breadcrumb"},"inLanguage":"pl-PL","potentialAction":[{"@type":"ReadAction","target":["https:\/\/katarek.pl\/alergia-ukladu-oddechowego\/"]}]},{"@type":"ImageObject","inLanguage":"pl-PL","@id":"https:\/\/katarek.pl\/alergia-ukladu-oddechowego\/#primaryimage","url":"https:\/\/katarek.pl\/wp-content\/uploads\/2017\/05\/katar-to-nie-choroba-1.jpg","contentUrl":"https:\/\/katarek.pl\/wp-content\/uploads\/2017\/05\/katar-to-nie-choroba-1.jpg","width":849,"height":566,"caption":"leczenie kataru u ma\u0142ego dziecka"},{"@type":"BreadcrumbList","@id":"https:\/\/katarek.pl\/alergia-ukladu-oddechowego\/#breadcrumb","itemListElement":[{"@type":"ListItem","position":1,"name":"Home","item":"https:\/\/katarek.pl\/"},{"@type":"ListItem","position":2,"name":"Blog","item":"https:\/\/katarek.pl\/blog\/"},{"@type":"ListItem","position":3,"name":"Co to jest alergia uk\u0142adu oddechowego"}]},{"@type":"WebSite","@id":"https:\/\/katarek.pl\/#website","url":"https:\/\/katarek.pl\/","name":"katarek.pl","description":"","potentialAction":[{"@type":"SearchAction","target":{"@type":"EntryPoint","urlTemplate":"https:\/\/katarek.pl\/?s={search_term_string}"},"query-input":{"@type":"PropertyValueSpecification","valueRequired":true,"valueName":"search_term_string"}}],"inLanguage":"pl-PL"},{"@type":"Person","@id":"https:\/\/katarek.pl\/#\/schema\/person\/c7267555b2aaad4c6d15146a155bc430","name":"katarek","url":"https:\/\/katarek.pl\/author\/katarek\/"}]}},"acf":[],"gutenberg_blocks":[{"blockName":"custom-styles","attrs":{"styles":".eplus-styles-uid-891cfb{grid-template-columns:repeat(1,1fr);list-style-type:decimal}@media (max-width:981px){.eplus-styles-uid-891cfb{list-style-type:}}@media (max-width:600px){.eplus-styles-uid-891cfb{list-style-type:}}.eplus-styles-uid-891cfb:hover{list-style-type:}"}},{"blockName":"core\/paragraph","attrs":{"className":"","epAnimationGeneratedClass":"edplus_anim-PC6cx3","epGeneratedClass":"eplus-wrapper"},"innerBlocks":[],"innerHTML":"\n<p class=\" eplus-wrapper\">Alergia oznacza zbi\u00f3r reakcji i objaw\u00f3w na okre\u015blone substancje zwane alergenami, znajduj\u0105ce si\u0119 najcz\u0119\u015bciej w otoczeniu i jedzeniu.<\/p>\n","innerContent":["\n<p class=\" eplus-wrapper\">Alergia oznacza zbi\u00f3r reakcji i objaw\u00f3w na okre\u015blone substancje zwane alergenami, znajduj\u0105ce si\u0119 najcz\u0119\u015bciej w otoczeniu i jedzeniu.<\/p>\n"]},{"blockName":"core\/paragraph","attrs":{"className":"","epAnimationGeneratedClass":"edplus_anim-AZVgEs","epGeneratedClass":"eplus-wrapper"},"innerBlocks":[],"innerHTML":"\n<p class=\" eplus-wrapper\"><strong>Alergia uk\u0142adu oddechowego mo\u017ce pojawi\u0107 si\u0119 w ka\u017cdym wieku, a do typowych jej objaw\u00f3w zaliczamy:<\/strong><\/p>\n","innerContent":["\n<p class=\" eplus-wrapper\"><strong>Alergia uk\u0142adu oddechowego mo\u017ce pojawi\u0107 si\u0119 w ka\u017cdym wieku, a do typowych jej objaw\u00f3w zaliczamy:<\/strong><\/p>\n"]},{"blockName":"core\/list","attrs":{"ordered":true,"className":"","epStylingOptions":{"columnsResponsiveEnabled":false,"columnsHoverEnabled":false,"itemsSpacingResponsiveEnabled":false,"itemsSpacingHoverEnabled":false,"listStyleResponsiveEnabled":false,"listStyleHoverEnabled":false,"listIconResponsiveEnabled":false,"listIconHoverEnabled":false,"columns":{"target":"","responsive":true,"hover":true,"options":[{"custom":true,"control":"ToggleOptions"},{"label":"Columns","control":"Range","attribute":"columns","css":"grid-template-columns","customValue":"repeat({{value}}, 1fr)","props":{"max":5,"min":1,"supportedUnits":[]},"defaults":{"desktop":"1"},"show_if":{"className":["ep-custom-list"]}}]},"itemsSpacing":{"target":"","responsive":true,"hover":true,"options":[{"label":"Items Spacing","control":"Range","attribute":"itemsSpacing","css":"grid-gap","props":{"max":100,"min":0,"supportedUnits":["px"]},"show_if":{"className":["ep-custom-list"]}}]},"listStyle":{"target":"","responsive":true,"hover":true,"options":[{"custom":true,"control":"IconClassToggle","condition":{"relation":"AND","query":[{"field":"attributes.className","compare":"IN","value":"ep-custom-list"}]}},{"label":"Choose List Style","control":"ButtonGroup","attribute":"unorderListStyle","css":"list-style-type","defaults":{"desktop":"disc"},"condition":{"relation":"AND","query":[{"field":"attributes.className","compare":"IN","value":"ep-custom-list"},{"field":"attributes.ordered","compare":"EQUAL","value":false},{"field":"attributes.className","compare":"NOT IN","value":"ep-custom-icon-list"}]},"props":{"layout":"stacked","options":[{"customIcon":"<svg enable-background='new 0 0 512 512' version='1.1' viewBox='0 0 512 512' xml:space='preserve' xmlns='http:\/\/www.w3.org\/2000\/svg'><path d='m256 0c-141.16 0-256 114.84-256 256s114.84 256 256 256 256-114.84 256-256-114.84-256-256-256zm0 448c-105.86 0-192-86.135-192-192 0-40.406 12.25-78.604 35.542-111.2l267.66 267.66c-32.594 23.292-70.792 35.542-111.2 35.542zm156.46-80.802-267.66-267.66c32.594-23.292 70.792-35.542 111.2-35.542 105.86 0 192 86.135 192 192 0 40.406-12.25 78.604-35.542 111.2z'\/><\/svg>","value":"none"},{"customIcon":"<svg enable-background='new 0 0 29.107 29.107' version='1.1' viewBox='0 0 29.107 29.107' xml:space='preserve' xmlns='http:\/\/www.w3.org\/2000\/svg'><path d='M14.554,0C6.561,0,0,6.562,0,14.552c0,7.996,6.561,14.555,14.554,14.555c7.996,0,14.553-6.559,14.553-14.555 C29.106,6.562,22.55,0,14.554,0z'\/><\/svg>","value":"disc"},{"customIcon":"<svg enable-background='new 0 0 341.333 341.333' version='1.1' viewBox='0 0 341.33 341.33' xml:space='preserve' xmlns='http:\/\/www.w3.org\/2000\/svg'><path d='m170.67 0c-94.257 0-170.67 76.41-170.67 170.67s76.41 170.67 170.67 170.67 170.67-76.41 170.67-170.67-76.411-170.67-170.67-170.67zm0 298.67c-70.692 0-128-57.308-128-128s57.308-128 128-128 128 57.308 128 128-57.308 128-128 128z'\/><\/svg>","value":"circle"},{"customIcon":"<svg enable-background='new 0 0 60 60' version='1.1' viewBox='0 0 60 60' xml:space='preserve' xmlns='http:\/\/www.w3.org\/2000\/svg'><rect width='60' height='60'\/><\/svg>","value":"square"}]}},{"label":"Choose List Style","control":"ButtonGroup","attribute":"orderListStyle","css":"list-style-type","defaults":{"desktop":"decimal"},"condition":{"relation":"AND","query":[{"field":"attributes.className","compare":"IN","value":"ep-custom-list"},{"field":"attributes.ordered","compare":"EQUAL","value":true},{"field":"attributes.className","compare":"NOT IN","value":"ep-custom-icon-list"}]},"props":{"layout":"stacked","options":[{"customIcon":"<svg enable-background='new 0 0 512 512' version='1.1' viewBox='0 0 512 512' xml:space='preserve' xmlns='http:\/\/www.w3.org\/2000\/svg'><path d='m256 0c-141.16 0-256 114.84-256 256s114.84 256 256 256 256-114.84 256-256-114.84-256-256-256zm0 448c-105.86 0-192-86.135-192-192 0-40.406 12.25-78.604 35.542-111.2l267.66 267.66c-32.594 23.292-70.792 35.542-111.2 35.542zm156.46-80.802-267.66-267.66c32.594-23.292 70.792-35.542 111.2-35.542 105.86 0 192 86.135 192 192 0 40.406-12.25 78.604-35.542 111.2z'\/><\/svg>","value":"none"},{"customIcon":"<svg id='Capa_1' enable-background='new 0 0 512 512' viewBox='0 0 512 512' xmlns='http:\/\/www.w3.org\/2000\/svg'><g id='_x31__1_'><path d='m376 512v-512h-99.902l-3.56 9.932c-9.419 26.294-27.202 49.746-52.837 69.697-26.528 20.684-51.211 34.849-73.359 42.1l-10.342 3.383v114.771l19.702-6.519c36.387-12.012 69.448-29.268 98.672-51.445v330.081z'\/><\/g><\/svg>","value":"decimal"},{"customIcon":"\u2160","value":"upper-roman"},{"customIcon":"\u2170","value":"lower-roman"}]}}]},"listIcon":{"target":"li:before","includeDotSuffix":false,"responsive":true,"hover":true,"hoverTarget":"{{class}} li:hover:before","options":[{"label":"Icon","control":"IconPicker","attribute":"icon","defaults":{"desktop":"eplusicon-check"},"css":"content","condition":{"relation":"AND","query":[{"field":"attributes.className","compare":"IN","value":"ep-custom-icon-list"}]}},{"label":"Background","control":"ColorPicker","attribute":"iconBackground","css":"background","condition":{"query":[{"field":"attributes.className","compare":"IN","value":"ep-custom-icon-list"}]}},{"label":"Color","control":"ColorPicker","attribute":"iconColor","css":"color","condition":{"query":[{"field":"attributes.className","compare":"IN","value":"ep-custom-icon-list"}]}},{"label":"Size","control":"Range","attribute":"iconSize","css":"font-size","props":{"supportedUnits":["px"],"max":100},"condition":{"query":[{"field":"attributes.className","compare":"IN","value":"ep-custom-icon-list"}]}},{"label":"Radius","control":"Range","attribute":"iconRadius","css":"border-radius","condition":{"query":[{"field":"attributes.className","compare":"IN","value":"ep-custom-icon-list"}]}},{"label":"Padding","control":"Range","attribute":"iconPadding","css":"padding","props":{"supportedUnits":["px"],"max":100},"condition":{"query":[{"field":"attributes.className","compare":"IN","value":"ep-custom-icon-list"}]}}]},"savedStyling":"","clientId":"c40d7054-1802-48d3-ad21-fc6cd28d309f"},"columns":{"desktop":{"value":1,"important":false,"unit":""},"tablet":{"value":"","important":false,"unit":"%"},"tabletModified":false,"mobile":{"value":"","important":false,"unit":"%"},"mobileModified":false,"hover":{"value":"","important":false,"unit":"%"},"hoverModified":false},"itemsSpacing":{"desktop":{"value":"","important":false,"unit":"%"},"tablet":{"value":"","important":false,"unit":"%"},"tabletModified":false,"mobile":{"value":"","important":false,"unit":"%"},"mobileModified":false,"hover":{"value":"","important":false,"unit":"%"},"hoverModified":false},"unorderListStyle":{"desktop":"disc","tablet":"","tabletModified":false,"mobile":"","mobileModified":false,"hover":"","hoverModified":false},"orderListStyle":{"desktop":"decimal","tablet":"","tabletModified":false,"mobile":"","mobileModified":false,"hover":"","hoverModified":false},"icon":{"desktop":{"icon":"eplusicon-check"},"tablet":{"icon":""},"tabletModified":false,"mobile":{"icon":""},"mobileModified":false,"hover":{"icon":""},"hoverModified":false},"iconBackground":{"desktop":{"color":""},"tablet":{"color":""},"tabletModified":false,"mobile":{"color":""},"mobileModified":false,"hover":{"color":""},"hoverModified":false},"iconColor":{"desktop":{"color":""},"tablet":{"color":""},"tabletModified":false,"mobile":{"color":""},"mobileModified":false,"hover":{"color":""},"hoverModified":false},"iconSize":{"desktop":{"value":"","important":false,"unit":"%"},"tablet":{"value":"","important":false,"unit":"%"},"tabletModified":false,"mobile":{"value":"","important":false,"unit":"%"},"mobileModified":false,"hover":{"value":"","important":false,"unit":"%"},"hoverModified":false},"iconRadius":{"desktop":{"value":"","important":false,"unit":"%"},"tablet":{"value":"","important":false,"unit":"%"},"tabletModified":false,"mobile":{"value":"","important":false,"unit":"%"},"mobileModified":false,"hover":{"value":"","important":false,"unit":"%"},"hoverModified":false},"iconPadding":{"desktop":{"value":"","important":false,"unit":"%"},"tablet":{"value":"","important":false,"unit":"%"},"tabletModified":false,"mobile":{"value":"","important":false,"unit":"%"},"mobileModified":false,"hover":{"value":"","important":false,"unit":"%"},"hoverModified":false},"epAnimationGeneratedClass":"edplus_anim-X14xfE","epGeneratedClass":"eplus-wrapper"},"innerBlocks":[{"blockName":"core\/list-item","attrs":{"className":"","epAnimationGeneratedClass":"edplus_anim-u5wYWS","epGeneratedClass":"eplus-wrapper"},"innerBlocks":[],"innerHTML":"\n<li class=\" eplus-wrapper\">katar sienny i towarzysz\u0105cy jemu obrz\u0119k b\u0142ony \u015bluzowej,<\/li>\n","innerContent":["\n<li class=\" eplus-wrapper\">katar sienny i towarzysz\u0105cy jemu obrz\u0119k b\u0142ony \u015bluzowej,<\/li>\n"]},{"blockName":"core\/list-item","attrs":{"className":"","epAnimationGeneratedClass":"edplus_anim-VdvrD3","epGeneratedClass":"eplus-wrapper"},"innerBlocks":[],"innerHTML":"\n<li class=\" eplus-wrapper\">cz\u0119ste kichanie,<\/li>\n","innerContent":["\n<li class=\" eplus-wrapper\">cz\u0119ste kichanie,<\/li>\n"]},{"blockName":"core\/list-item","attrs":{"className":"","epAnimationGeneratedClass":"edplus_anim-B76KxA","epGeneratedClass":"eplus-wrapper"},"innerBlocks":[],"innerHTML":"\n<li class=\" eplus-wrapper\">sw\u0119dzenie nosa,<\/li>\n","innerContent":["\n<li class=\" eplus-wrapper\">sw\u0119dzenie nosa,<\/li>\n"]},{"blockName":"core\/list-item","attrs":{"className":"","epAnimationGeneratedClass":"edplus_anim-51LVOI","epGeneratedClass":"eplus-wrapper"},"innerBlocks":[],"innerHTML":"\n<li class=\" eplus-wrapper\">zaczerwienione oczy,<\/li>\n","innerContent":["\n<li class=\" eplus-wrapper\">zaczerwienione oczy,<\/li>\n"]},{"blockName":"core\/list-item","attrs":{"className":"","epAnimationGeneratedClass":"edplus_anim-kzGK42","epGeneratedClass":"eplus-wrapper"},"innerBlocks":[],"innerHTML":"\n<li class=\" eplus-wrapper\">\u0142zawienie,<\/li>\n","innerContent":["\n<li class=\" eplus-wrapper\">\u0142zawienie,<\/li>\n"]},{"blockName":"core\/list-item","attrs":{"className":"","epAnimationGeneratedClass":"edplus_anim-ga40nD","epGeneratedClass":"eplus-wrapper"},"innerBlocks":[],"innerHTML":"\n<li class=\" eplus-wrapper\">obrz\u0119k spoj\u00f3wek.<\/li>\n","innerContent":["\n<li class=\" eplus-wrapper\">obrz\u0119k spoj\u00f3wek.<\/li>\n"]}],"innerHTML":"<ol class=\" wp-block-list eplus-wrapper eplus-styles-uid-891cfb\">\n\n\n\n\n\n\n\n\n\n<\/ol>","innerContent":["\n<ol class=\" wp-block-list eplus-wrapper\">",null,"\n\n",null,"\n\n",null,"\n\n",null,"\n\n",null,"\n\n",null,"<\/ol>\n"]},{"blockName":"core\/paragraph","attrs":{"className":"","epAnimationGeneratedClass":"edplus_anim-jRVtbm","epGeneratedClass":"eplus-wrapper"},"innerBlocks":[],"innerHTML":"\n<p class=\" eplus-wrapper\">Objawy alergicznego nie\u017cytu noska nasilaj\u0105 si\u0119 w 3 okresach roku: <strong>wiosennym<\/strong> (py\u0142ki drzew i kwiat\u00f3w), <strong>letnim <\/strong>(py\u0142ki traw i zb\u00f3\u017c), <strong>jesiennym<\/strong> (py\u0142ki chwast\u00f3w, p\u00f3\u017anych kwiat\u00f3w i traw).<\/p>\n","innerContent":["\n<p class=\" eplus-wrapper\">Objawy alergicznego nie\u017cytu noska nasilaj\u0105 si\u0119 w 3 okresach roku: <strong>wiosennym<\/strong> (py\u0142ki drzew i kwiat\u00f3w), <strong>letnim <\/strong>(py\u0142ki traw i zb\u00f3\u017c), <strong>jesiennym<\/strong> (py\u0142ki chwast\u00f3w, p\u00f3\u017anych kwiat\u00f3w i traw).<\/p>\n"]},{"blockName":"core\/paragraph","attrs":{"className":"","epAnimationGeneratedClass":"edplus_anim-VUwIpO","epGeneratedClass":"eplus-wrapper"},"innerBlocks":[],"innerHTML":"\n<p class=\" eplus-wrapper\">Nale\u017cy zidentyfikowa\u0107 alergeny i przeprowadzi\u0107 testy alergiczne (sk\u00f3rne), aby rozwia\u0107 wszelkie w\u0105tpliwo\u015bci. Takie testy s\u0105 wykonywane u dzieci powy\u017cej 3-go roku \u017cycia.<\/p>\n","innerContent":["\n<p class=\" eplus-wrapper\">Nale\u017cy zidentyfikowa\u0107 alergeny i przeprowadzi\u0107 testy alergiczne (sk\u00f3rne), aby rozwia\u0107 wszelkie w\u0105tpliwo\u015bci. Takie testy s\u0105 wykonywane u dzieci powy\u017cej 3-go roku \u017cycia.<\/p>\n"]},{"blockName":"core\/paragraph","attrs":{"className":"","epAnimationGeneratedClass":"edplus_anim-HZbjG1","epGeneratedClass":"eplus-wrapper"},"innerBlocks":[],"innerHTML":"\n<p class=\" eplus-wrapper\">W okresie niemowl\u0119cym pojawia si\u0119 zwykle alergia pokarmowa, gdy\u017c alergia na alergeny powietrzne zaczyna si\u0119 powy\u017cej 4-go roku \u017cycia.<\/p>\n","innerContent":["\n<p class=\" eplus-wrapper\">W okresie niemowl\u0119cym pojawia si\u0119 zwykle alergia pokarmowa, gdy\u017c alergia na alergeny powietrzne zaczyna si\u0119 powy\u017cej 4-go roku \u017cycia.<\/p>\n"]}],"meta_data":false,"featured_image":{"url":"https:\/\/katarek.pl\/wp-content\/uploads\/2017\/05\/katar-to-nie-choroba-1.jpg"},"main_category":{"name":"Artyku\u0142y"},"prev_page":{"slug":"odra-u-dzieci"},"next_page":{"slug":"wspomagac-leczenie-kataru"},"_links":{"self":[{"href":"https:\/\/katarek.pl\/index.php\/wp-json\/wp\/v2\/posts\/326","targetHints":{"allow":["GET"]}}],"collection":[{"href":"https:\/\/katarek.pl\/index.php\/wp-json\/wp\/v2\/posts"}],"about":[{"href":"https:\/\/katarek.pl\/index.php\/wp-json\/wp\/v2\/types\/post"}],"author":[{"embeddable":true,"href":"https:\/\/katarek.pl\/index.php\/wp-json\/wp\/v2\/users\/7"}],"replies":[{"embeddable":true,"href":"https:\/\/katarek.pl\/index.php\/wp-json\/wp\/v2\/comments?post=326"}],"version-history":[{"count":1,"href":"https:\/\/katarek.pl\/index.php\/wp-json\/wp\/v2\/posts\/326\/revisions"}],"predecessor-version":[{"id":1208,"href":"https:\/\/katarek.pl\/index.php\/wp-json\/wp\/v2\/posts\/326\/revisions\/1208"}],"wp:featuredmedia":[{"embeddable":true,"href":"https:\/\/katarek.pl\/index.php\/wp-json\/wp\/v2\/media\/1204"}],"wp:attachment":[{"href":"https:\/\/katarek.pl\/index.php\/wp-json\/wp\/v2\/media?parent=326"}],"wp:term":[{"taxonomy":"category","embeddable":true,"href":"https:\/\/katarek.pl\/index.php\/wp-json\/wp\/v2\/categories?post=326"},{"taxonomy":"post_tag","embeddable":true,"href":"https:\/\/katarek.pl\/index.php\/wp-json\/wp\/v2\/tags?post=326"}],"curies":[{"name":"wp","href":"https:\/\/api.w.org\/{rel}","templated":true}]}}