{"id":314,"date":"2017-05-12T10:06:07","date_gmt":"2017-05-12T10:06:07","guid":{"rendered":"https:\/\/katarek.pl\/?p=314"},"modified":"2017-05-12T10:06:07","modified_gmt":"2017-05-12T10:06:07","slug":"skad-sie-bierze-katar-u-dzieci","status":"publish","type":"post","link":"https:\/\/katarek.pl\/skad-sie-bierze-katar-u-dzieci\/","title":{"rendered":"Sk\u0105d si\u0119 bierze katar u dzieci?"},"content":{"rendered":"<p>Mo\u017ce nie ka\u017cdy o tym wie, ale b\u0142ona \u015bluzowa zdrowego dziecka ca\u0142y czas produkuje \u015bluz, kt\u00f3ry jest transportowany przez nab\u0142onek (urz\u0119siony) do nosogard\u0142a.<\/p>\n<p><strong>Wyr\u00f3\u017cniamy 3 rodzaje kataru:<\/strong><\/p>\n<ol>\n<li>wirusowy,<\/li>\n<li>bakteryjny,<\/li>\n<li>alergiczny.<\/li>\n<\/ol>\n<h2>Sk\u0105d si\u0119 bierze katar?<\/h2>\n<p>W czasie infekcji dochodzi do <strong>stanu zapalnego<\/strong> (zaka\u017cenia) b\u0142ony \u015bluzowej. W nast\u0119pstwie zaka\u017cenia nast\u0119puje <strong>obrz\u0119k b\u0142ony<\/strong>, niewydolno\u015b\u0107 uk\u0142adu rz\u0119skowego i wzmo\u017cona produkcja patologicznej wydzieliny, kt\u00f3r\u0105 potocznie nazywamy <strong>katarem<\/strong>. Zazwyczaj katar to dopiero pierwsza faza zbli\u017caj\u0105cego si\u0119 przezi\u0119bienia. Zaka\u017cenie b\u0142ony \u015bluzowej powoduje obrz\u0119k, co utrudnia wydalanie wydzieliny na zewn\u0105trz, w nast\u0119pstwie czego tre\u015b\u0107 \u015bluzowa lub \u015bluzowo-ropna zalega w nosie.<\/p>\n<p>Nast\u0119pstwem kataru mo\u017ce by\u0107 zapalenie:<\/p>\n<ul>\n<li>spoj\u00f3wek,<\/li>\n<li>gard\u0142a,<\/li>\n<li>ucha \u015brodkowego,<\/li>\n<li>zatok przynosowych,<\/li>\n<li>krtani,<\/li>\n<li>tchawicy,<\/li>\n<li>oskrzeli,<\/li>\n<li>oskrzelik\u00f3w,<\/li>\n<li>p\u0142uc.<\/li>\n<\/ul>\n<p><strong>Jednym z warunk\u00f3w, aby nie dosz\u0142o do tych chor\u00f3b, jest<\/strong> <strong>dok\u0142adne i prawid\u0142owe oczyszczanie nosa<\/strong>. Przyniesie ono ulg\u0119 ka\u017cdemu ma\u0142emu noskowi, a bezpiecznym, niezawodnym i najskuteczniejszym sposobem na pozbycie si\u0119 wydzieliny jest <a href=\"https:\/\/katarek.pl\/\">aspirator kataru pod\u0142\u0105czany do odkurzacza<\/a>.<\/p>\n","protected":false},"excerpt":"Mo\u017ce nie ka\u017cdy o tym wie, ale b\u0142ona \u015bluzowa zdrowego dziecka ca\u0142y czas produkuje \u015bluz, kt\u00f3ry jest transportowany przez nab\u0142onek (urz\u0119siony) do nosogard\u0142a. Wyr\u00f3\u017cniamy 3 rodzaje kataru: wirusowy, bakteryjny, alergiczny. Sk\u0105d si\u0119 bierze katar? W czasie infekcji dochodzi do stanu zapalnego (zaka\u017cenia) b\u0142ony \u015bluzowej. W nast\u0119pstwie zaka\u017cenia nast\u0119puje obrz\u0119k b\u0142ony, niewydolno\u015b\u0107 uk\u0142adu rz\u0119skowego i wzmo\u017cona [&hellip;]","author":7,"featured_media":1206,"comment_status":"closed","ping_status":"closed","sticky":false,"template":"","format":"standard","meta":{"_acf_changed":false,"inline_featured_image":false,"editor_plus_copied_stylings":"{}","footnotes":""},"categories":[36],"tags":[],"class_list":["post-314","post","type-post","status-publish","format-standard","has-post-thumbnail","hentry","category-artykuly"],"yoast_head":"<!-- This site is optimized with the Yoast SEO plugin v27.4 - https:\/\/yoast.com\/product\/yoast-seo-wordpress\/ -->\n<title>Sk\u0105d si\u0119 bierze katar u dzieci? | Katarek<\/title>\n<meta name=\"description\" content=\"Dowiedz si\u0119, jak dochodzi do infekcji u dziecka, jak j\u0105 zwalczy\u0107 oraz jak zapobiega\u0107 nast\u0119pstwom kataru u dziecka. Zapraszamy do naszego artyku\u0142u.\" \/>\n<meta name=\"robots\" content=\"index, follow, max-snippet:-1, max-image-preview:large, max-video-preview:-1\" \/>\n<link rel=\"canonical\" href=\"https:\/\/katarek.pl\/skad-sie-bierze-katar-u-dzieci\/\" \/>\n<meta property=\"og:locale\" content=\"pl_PL\" \/>\n<meta property=\"og:type\" content=\"article\" \/>\n<meta property=\"og:title\" content=\"Sk\u0105d si\u0119 bierze katar u dzieci? | Katarek\" \/>\n<meta property=\"og:description\" content=\"Dowiedz si\u0119, jak dochodzi do infekcji u dziecka, jak j\u0105 zwalczy\u0107 oraz jak zapobiega\u0107 nast\u0119pstwom kataru u dziecka. Zapraszamy do naszego artyku\u0142u.\" \/>\n<meta property=\"og:url\" content=\"https:\/\/katarek.pl\/skad-sie-bierze-katar-u-dzieci\/\" \/>\n<meta property=\"og:site_name\" content=\"katarek.pl\" \/>\n<meta property=\"article:published_time\" content=\"2017-05-12T10:06:07+00:00\" \/>\n<meta property=\"og:image\" content=\"https:\/\/katarek.pl\/wp-content\/uploads\/2017\/05\/objawy-zabkowania.jpg\" \/>\n\t<meta property=\"og:image:width\" content=\"2356\" \/>\n\t<meta property=\"og:image:height\" content=\"1571\" \/>\n\t<meta property=\"og:image:type\" content=\"image\/jpeg\" \/>\n<meta name=\"author\" content=\"katarek\" \/>\n<meta name=\"twitter:card\" content=\"summary_large_image\" \/>\n<meta name=\"twitter:label1\" content=\"Napisane przez\" \/>\n\t<meta name=\"twitter:data1\" content=\"katarek\" \/>\n\t<meta name=\"twitter:label2\" content=\"Szacowany czas czytania\" \/>\n\t<meta name=\"twitter:data2\" content=\"1 minuta\" \/>\n<script type=\"application\/ld+json\" class=\"yoast-schema-graph\">{\"@context\":\"https:\\\/\\\/schema.org\",\"@graph\":[{\"@type\":\"Article\",\"@id\":\"https:\\\/\\\/katarek.pl\\\/skad-sie-bierze-katar-u-dzieci\\\/#article\",\"isPartOf\":{\"@id\":\"https:\\\/\\\/katarek.pl\\\/skad-sie-bierze-katar-u-dzieci\\\/\"},\"author\":{\"name\":\"katarek\",\"@id\":\"https:\\\/\\\/katarek.pl\\\/#\\\/schema\\\/person\\\/c7267555b2aaad4c6d15146a155bc430\"},\"headline\":\"Sk\u0105d si\u0119 bierze katar u dzieci?\",\"datePublished\":\"2017-05-12T10:06:07+00:00\",\"mainEntityOfPage\":{\"@id\":\"https:\\\/\\\/katarek.pl\\\/skad-sie-bierze-katar-u-dzieci\\\/\"},\"wordCount\":194,\"image\":{\"@id\":\"https:\\\/\\\/katarek.pl\\\/skad-sie-bierze-katar-u-dzieci\\\/#primaryimage\"},\"thumbnailUrl\":\"https:\\\/\\\/katarek.pl\\\/wp-content\\\/uploads\\\/2017\\\/05\\\/objawy-zabkowania.jpg\",\"articleSection\":[\"Artyku\u0142y\"],\"inLanguage\":\"pl-PL\"},{\"@type\":\"WebPage\",\"@id\":\"https:\\\/\\\/katarek.pl\\\/skad-sie-bierze-katar-u-dzieci\\\/\",\"url\":\"https:\\\/\\\/katarek.pl\\\/skad-sie-bierze-katar-u-dzieci\\\/\",\"name\":\"Sk\u0105d si\u0119 bierze katar u dzieci? | Katarek\",\"isPartOf\":{\"@id\":\"https:\\\/\\\/katarek.pl\\\/#website\"},\"primaryImageOfPage\":{\"@id\":\"https:\\\/\\\/katarek.pl\\\/skad-sie-bierze-katar-u-dzieci\\\/#primaryimage\"},\"image\":{\"@id\":\"https:\\\/\\\/katarek.pl\\\/skad-sie-bierze-katar-u-dzieci\\\/#primaryimage\"},\"thumbnailUrl\":\"https:\\\/\\\/katarek.pl\\\/wp-content\\\/uploads\\\/2017\\\/05\\\/objawy-zabkowania.jpg\",\"datePublished\":\"2017-05-12T10:06:07+00:00\",\"author\":{\"@id\":\"https:\\\/\\\/katarek.pl\\\/#\\\/schema\\\/person\\\/c7267555b2aaad4c6d15146a155bc430\"},\"description\":\"Dowiedz si\u0119, jak dochodzi do infekcji u dziecka, jak j\u0105 zwalczy\u0107 oraz jak zapobiega\u0107 nast\u0119pstwom kataru u dziecka. Zapraszamy do naszego artyku\u0142u.\",\"breadcrumb\":{\"@id\":\"https:\\\/\\\/katarek.pl\\\/skad-sie-bierze-katar-u-dzieci\\\/#breadcrumb\"},\"inLanguage\":\"pl-PL\",\"potentialAction\":[{\"@type\":\"ReadAction\",\"target\":[\"https:\\\/\\\/katarek.pl\\\/skad-sie-bierze-katar-u-dzieci\\\/\"]}]},{\"@type\":\"ImageObject\",\"inLanguage\":\"pl-PL\",\"@id\":\"https:\\\/\\\/katarek.pl\\\/skad-sie-bierze-katar-u-dzieci\\\/#primaryimage\",\"url\":\"https:\\\/\\\/katarek.pl\\\/wp-content\\\/uploads\\\/2017\\\/05\\\/objawy-zabkowania.jpg\",\"contentUrl\":\"https:\\\/\\\/katarek.pl\\\/wp-content\\\/uploads\\\/2017\\\/05\\\/objawy-zabkowania.jpg\",\"width\":2356,\"height\":1571,\"caption\":\"sk\u0105d si\u0119 bierze katar u dzieci\"},{\"@type\":\"BreadcrumbList\",\"@id\":\"https:\\\/\\\/katarek.pl\\\/skad-sie-bierze-katar-u-dzieci\\\/#breadcrumb\",\"itemListElement\":[{\"@type\":\"ListItem\",\"position\":1,\"name\":\"Home\",\"item\":\"https:\\\/\\\/katarek.pl\\\/\"},{\"@type\":\"ListItem\",\"position\":2,\"name\":\"Blog\",\"item\":\"https:\\\/\\\/katarek.pl\\\/blog\\\/\"},{\"@type\":\"ListItem\",\"position\":3,\"name\":\"Sk\u0105d si\u0119 bierze katar u dzieci?\"}]},{\"@type\":\"WebSite\",\"@id\":\"https:\\\/\\\/katarek.pl\\\/#website\",\"url\":\"https:\\\/\\\/katarek.pl\\\/\",\"name\":\"katarek.pl\",\"description\":\"\",\"potentialAction\":[{\"@type\":\"SearchAction\",\"target\":{\"@type\":\"EntryPoint\",\"urlTemplate\":\"https:\\\/\\\/katarek.pl\\\/?s={search_term_string}\"},\"query-input\":{\"@type\":\"PropertyValueSpecification\",\"valueRequired\":true,\"valueName\":\"search_term_string\"}}],\"inLanguage\":\"pl-PL\"},{\"@type\":\"Person\",\"@id\":\"https:\\\/\\\/katarek.pl\\\/#\\\/schema\\\/person\\\/c7267555b2aaad4c6d15146a155bc430\",\"name\":\"katarek\",\"url\":\"https:\\\/\\\/katarek.pl\\\/author\\\/katarek\\\/\"}]}<\/script>\n<!-- \/ Yoast SEO plugin. -->","yoast_head_json":{"title":"Sk\u0105d si\u0119 bierze katar u dzieci? | Katarek","description":"Dowiedz si\u0119, jak dochodzi do infekcji u dziecka, jak j\u0105 zwalczy\u0107 oraz jak zapobiega\u0107 nast\u0119pstwom kataru u dziecka. Zapraszamy do naszego artyku\u0142u.","robots":{"index":"index","follow":"follow","max-snippet":"max-snippet:-1","max-image-preview":"max-image-preview:large","max-video-preview":"max-video-preview:-1"},"canonical":"https:\/\/katarek.pl\/skad-sie-bierze-katar-u-dzieci\/","og_locale":"pl_PL","og_type":"article","og_title":"Sk\u0105d si\u0119 bierze katar u dzieci? | Katarek","og_description":"Dowiedz si\u0119, jak dochodzi do infekcji u dziecka, jak j\u0105 zwalczy\u0107 oraz jak zapobiega\u0107 nast\u0119pstwom kataru u dziecka. Zapraszamy do naszego artyku\u0142u.","og_url":"https:\/\/katarek.pl\/skad-sie-bierze-katar-u-dzieci\/","og_site_name":"katarek.pl","article_published_time":"2017-05-12T10:06:07+00:00","og_image":[{"width":2356,"height":1571,"url":"https:\/\/katarek.pl\/wp-content\/uploads\/2017\/05\/objawy-zabkowania.jpg","type":"image\/jpeg"}],"author":"katarek","twitter_card":"summary_large_image","twitter_misc":{"Napisane przez":"katarek","Szacowany czas czytania":"1 minuta"},"schema":{"@context":"https:\/\/schema.org","@graph":[{"@type":"Article","@id":"https:\/\/katarek.pl\/skad-sie-bierze-katar-u-dzieci\/#article","isPartOf":{"@id":"https:\/\/katarek.pl\/skad-sie-bierze-katar-u-dzieci\/"},"author":{"name":"katarek","@id":"https:\/\/katarek.pl\/#\/schema\/person\/c7267555b2aaad4c6d15146a155bc430"},"headline":"Sk\u0105d si\u0119 bierze katar u dzieci?","datePublished":"2017-05-12T10:06:07+00:00","mainEntityOfPage":{"@id":"https:\/\/katarek.pl\/skad-sie-bierze-katar-u-dzieci\/"},"wordCount":194,"image":{"@id":"https:\/\/katarek.pl\/skad-sie-bierze-katar-u-dzieci\/#primaryimage"},"thumbnailUrl":"https:\/\/katarek.pl\/wp-content\/uploads\/2017\/05\/objawy-zabkowania.jpg","articleSection":["Artyku\u0142y"],"inLanguage":"pl-PL"},{"@type":"WebPage","@id":"https:\/\/katarek.pl\/skad-sie-bierze-katar-u-dzieci\/","url":"https:\/\/katarek.pl\/skad-sie-bierze-katar-u-dzieci\/","name":"Sk\u0105d si\u0119 bierze katar u dzieci? | Katarek","isPartOf":{"@id":"https:\/\/katarek.pl\/#website"},"primaryImageOfPage":{"@id":"https:\/\/katarek.pl\/skad-sie-bierze-katar-u-dzieci\/#primaryimage"},"image":{"@id":"https:\/\/katarek.pl\/skad-sie-bierze-katar-u-dzieci\/#primaryimage"},"thumbnailUrl":"https:\/\/katarek.pl\/wp-content\/uploads\/2017\/05\/objawy-zabkowania.jpg","datePublished":"2017-05-12T10:06:07+00:00","author":{"@id":"https:\/\/katarek.pl\/#\/schema\/person\/c7267555b2aaad4c6d15146a155bc430"},"description":"Dowiedz si\u0119, jak dochodzi do infekcji u dziecka, jak j\u0105 zwalczy\u0107 oraz jak zapobiega\u0107 nast\u0119pstwom kataru u dziecka. Zapraszamy do naszego artyku\u0142u.","breadcrumb":{"@id":"https:\/\/katarek.pl\/skad-sie-bierze-katar-u-dzieci\/#breadcrumb"},"inLanguage":"pl-PL","potentialAction":[{"@type":"ReadAction","target":["https:\/\/katarek.pl\/skad-sie-bierze-katar-u-dzieci\/"]}]},{"@type":"ImageObject","inLanguage":"pl-PL","@id":"https:\/\/katarek.pl\/skad-sie-bierze-katar-u-dzieci\/#primaryimage","url":"https:\/\/katarek.pl\/wp-content\/uploads\/2017\/05\/objawy-zabkowania.jpg","contentUrl":"https:\/\/katarek.pl\/wp-content\/uploads\/2017\/05\/objawy-zabkowania.jpg","width":2356,"height":1571,"caption":"sk\u0105d si\u0119 bierze katar u dzieci"},{"@type":"BreadcrumbList","@id":"https:\/\/katarek.pl\/skad-sie-bierze-katar-u-dzieci\/#breadcrumb","itemListElement":[{"@type":"ListItem","position":1,"name":"Home","item":"https:\/\/katarek.pl\/"},{"@type":"ListItem","position":2,"name":"Blog","item":"https:\/\/katarek.pl\/blog\/"},{"@type":"ListItem","position":3,"name":"Sk\u0105d si\u0119 bierze katar u dzieci?"}]},{"@type":"WebSite","@id":"https:\/\/katarek.pl\/#website","url":"https:\/\/katarek.pl\/","name":"katarek.pl","description":"","potentialAction":[{"@type":"SearchAction","target":{"@type":"EntryPoint","urlTemplate":"https:\/\/katarek.pl\/?s={search_term_string}"},"query-input":{"@type":"PropertyValueSpecification","valueRequired":true,"valueName":"search_term_string"}}],"inLanguage":"pl-PL"},{"@type":"Person","@id":"https:\/\/katarek.pl\/#\/schema\/person\/c7267555b2aaad4c6d15146a155bc430","name":"katarek","url":"https:\/\/katarek.pl\/author\/katarek\/"}]}},"acf":[],"gutenberg_blocks":[{"blockName":"custom-styles","attrs":{"styles":""}}],"meta_data":false,"featured_image":{"url":"https:\/\/katarek.pl\/wp-content\/uploads\/2017\/05\/objawy-zabkowania-1024x683.jpg"},"main_category":{"name":"Artyku\u0142y"},"prev_page":{"slug":"inne-przyczyny-kataru"},"next_page":{"slug":"co-to-sa-zatoki"},"_links":{"self":[{"href":"https:\/\/katarek.pl\/index.php\/wp-json\/wp\/v2\/posts\/314","targetHints":{"allow":["GET"]}}],"collection":[{"href":"https:\/\/katarek.pl\/index.php\/wp-json\/wp\/v2\/posts"}],"about":[{"href":"https:\/\/katarek.pl\/index.php\/wp-json\/wp\/v2\/types\/post"}],"author":[{"embeddable":true,"href":"https:\/\/katarek.pl\/index.php\/wp-json\/wp\/v2\/users\/7"}],"replies":[{"embeddable":true,"href":"https:\/\/katarek.pl\/index.php\/wp-json\/wp\/v2\/comments?post=314"}],"version-history":[{"count":0,"href":"https:\/\/katarek.pl\/index.php\/wp-json\/wp\/v2\/posts\/314\/revisions"}],"wp:featuredmedia":[{"embeddable":true,"href":"https:\/\/katarek.pl\/index.php\/wp-json\/wp\/v2\/media\/1206"}],"wp:attachment":[{"href":"https:\/\/katarek.pl\/index.php\/wp-json\/wp\/v2\/media?parent=314"}],"wp:term":[{"taxonomy":"category","embeddable":true,"href":"https:\/\/katarek.pl\/index.php\/wp-json\/wp\/v2\/categories?post=314"},{"taxonomy":"post_tag","embeddable":true,"href":"https:\/\/katarek.pl\/index.php\/wp-json\/wp\/v2\/tags?post=314"}],"curies":[{"name":"wp","href":"https:\/\/api.w.org\/{rel}","templated":true}]}}