{"id":2759,"date":"2024-06-26T15:14:03","date_gmt":"2024-06-26T13:14:03","guid":{"rendered":"https:\/\/katarek.pl\/blog\/?p=2759"},"modified":"2024-06-26T15:14:03","modified_gmt":"2024-06-26T13:14:03","slug":"czy-katar-moze-spowodowac-problemy-ze-sluchem-u-dziecka","status":"publish","type":"post","link":"https:\/\/katarek.pl\/czy-katar-moze-spowodowac-problemy-ze-sluchem-u-dziecka\/","title":{"rendered":"Czy katar mo\u017ce spowodowa\u0107 problemy ze s\u0142uchem u dziecka?"},"content":{"rendered":"<p><b>Spis tre\u015bci<\/b><\/p>\n<ul>\n<li><a href=\"#jak-katar-wplywa-na-uszy\">Jak katar wp\u0142ywa na uszy?<\/a>\n<ul>\n<li><a href=\"#objawy-i-konsekwencje-bolu-ucha\">Objawy i konsekwencje b\u00f3lu ucha<\/a><\/li>\n<li><a href=\"#jak-czesto-katar-prowadzi-do-niedosluchu\">Jak cz\u0119sto katar prowadzi do niedos\u0142uchu?<\/a><\/li>\n<\/ul>\n<\/li>\n<li><a href=\"#jak-zapobiegac-problemom\">Niedos\u0142uch u dziecka po katarze. Jak zapobiega\u0107 problemom?<\/a>\n<ul>\n<li><a href=\"#higiena-nosa\">Higiena nosa<\/a><\/li>\n<li><a href=\"#nawilzanie-powietrza\">Nawil\u017canie powietrza<\/a><\/li>\n<li><a href=\"#inhalacje\">Inhalacje<\/a><\/li>\n<\/ul>\n<\/li>\n<li><a href=\"#co-jesli-niedosluch-u-dziecka-po-katarze-juz-sie-pojawil\">Co, je\u015bli niedos\u0142uch u dziecka po katarze ju\u017c si\u0119 pojawi\u0142?<\/a><\/li>\n<\/ul>\n<p><strong>Katar u dzieci, cho\u0107 cz\u0119sto uznawany za niewielk\u0105 i niepozorn\u0105 dolegliwo\u015b\u0107, mo\u017ce prowadzi\u0107 do powa\u017cniejszych problem\u00f3w, <\/strong>w tym problem\u00f3w ze s\u0142uchem. Dlatego tak wa\u017cna jest ci\u0105g\u0142a edukacja i dbanie o to, aby wszystkie niepokoj\u0105ce objawy konsultowa\u0107 z lekarzem. Poni\u017cej przygotowali\u015bmy kr\u00f3tki poradnik, w kt\u00f3rym opowiem o wszystkim, co ka\u017cda Mama powinna wiedzie\u0107 na temat mo\u017cliwego niedos\u0142uchu u dziecka po katarze. Jak cz\u0119sto wyst\u0119puje? Czy jest powodem do zmartwie\u0144?<\/p>\n<h2 id=\"jak-katar-wplywa-na-uszy\">Jak katar wp\u0142ywa na uszy?<\/h2>\n<p>Przy katarze mo\u017ce doj\u015b\u0107 do zatkania tr\u0105bek s\u0142uchowych (inaczej tr\u0105bek Eustachiusza): to kr\u00f3tki kana\u0142, kt\u00f3ry \u0142\u0105czy nos z gard\u0142em. Gdy te przewody s\u0105 zablokowane, gromadzi si\u0119 w nich wydzielina, co mo\u017ce prowadzi\u0107 do stanu zapalnego ucha \u015brodkowego. Dlatego tak wa\u017cne jest regularne czyszczenie noska dziecka, i to nie tylko nawil\u017canie, ale przede wszystkim odci\u0105ganie nadmiaru wydzieliny, by nie doprowadzi\u0107 do przyblokowania tr\u0105bek s\u0142uchowych i namna\u017cania si\u0119 w nich bakterii.<\/p>\n<p>M\u00f3wi\u0105c najpro\u015bciej: <strong>katar mo\u017ce prze\u0142o\u017cy\u0107 si\u0119 na problemy ze s\u0142uchem przez zatkanie tr\u0105bek s\u0142uchowych lub zapalenie ucha. <\/strong>Wi\u0119cej na ten temat przeczytasz np. w naszym wpisie <a href=\"https:\/\/katarek.pl\/blog\/fakty-mity-o-katarze\/\">Fakty i mity o katarze<\/a>.<\/p>\n<h3 id=\"objawy-i-konsekwencje-bolu-ucha\">Objawy i konsekwencje b\u00f3lu ucha<\/h3>\n<p>Objawy wskazuj\u0105ce na problemy ze s\u0142uchem po katarze to m.in.:<\/p>\n<ul>\n<li>wra\u017cenie st\u0142umionych d\u017awi\u0119k\u00f3w,<\/li>\n<li>mniejsza reakcja dziecka na d\u017awi\u0119ki,<\/li>\n<li>og\u00f3lny dyskomfort,<\/li>\n<li>b\u00f3l ucha.<\/li>\n<\/ul>\n<p>U dzieci, szczeg\u00f3lnie m\u0142odszych, kt\u00f3re nie mog\u0105 jeszcze wprost pokaza\u0107, \u017ce co\u015b je boli czy \u017ce odczuwaj\u0105 dyskomfort, problem objawia si\u0119 p\u0142aczem, rozdra\u017cnieniem, a tak\u017ce trudno\u015bciami w jedzeniu (przede wszystkim obni\u017cony apetyt \u2013 ze wzgl\u0119du na problemy z prze\u0142ykaniem).<\/p>\n<p><img loading=\"lazy\" decoding=\"async\" class=\"aligncenter wp-image-2762 size-full\" src=\"https:\/\/katarek.pl\/wp-content\/uploads\/2024\/06\/dziecko-2-scaled-1.jpg\" alt=\"niedos\u0142uch u dziecka po katarze - jak zapobiega\u0107?\" width=\"2560\" height=\"1707\" srcset=\"https:\/\/katarek.pl\/wp-content\/uploads\/2024\/06\/dziecko-2-scaled-1.jpg 2560w, https:\/\/katarek.pl\/wp-content\/uploads\/2024\/06\/dziecko-2-scaled-1-600x400.jpg 600w, https:\/\/katarek.pl\/wp-content\/uploads\/2024\/06\/dziecko-2-scaled-1-450x300.jpg 450w, https:\/\/katarek.pl\/wp-content\/uploads\/2024\/06\/dziecko-2-scaled-1-768x512.jpg 768w, https:\/\/katarek.pl\/wp-content\/uploads\/2024\/06\/dziecko-2-scaled-1-1024x683.jpg 1024w, https:\/\/katarek.pl\/wp-content\/uploads\/2024\/06\/dziecko-2-scaled-1-1536x1024.jpg 1536w, https:\/\/katarek.pl\/wp-content\/uploads\/2024\/06\/dziecko-2-scaled-1-2048x1366.jpg 2048w, https:\/\/katarek.pl\/wp-content\/uploads\/2024\/06\/dziecko-2-scaled-1-500x333.jpg 500w, https:\/\/katarek.pl\/wp-content\/uploads\/2024\/06\/dziecko-2-scaled-1-300x200.jpg 300w\" sizes=\"(max-width: 2560px) 100vw, 2560px\" \/><\/p>\n<h3 id=\"jak-czesto-katar-prowadzi-do-niedosluchu\">Jak cz\u0119sto katar prowadzi do niedos\u0142uchu?<\/h3>\n<p><strong>Niedos\u0142uch u dziecka po katarze mo\u017ce wyst\u0105pi\u0107, je\u015bli infekcje g\u00f3rnych dr\u00f3g oddechowych cz\u0119sto nawracaj\u0105 lub przeradzaj\u0105 si\u0119 w zapalenie ucha \u015brodkowego<\/strong>. Najwi\u0119kszym czynnikiem ryzyka jest gromadzenie si\u0119 p\u0142ynu w uchu \u015brodkowym, a w konsekwencji: przej\u015bciowe pogorszenie s\u0142uchu. Jednak cz\u0119ste infekcje oraz nieleczony stan zapalny mog\u0105 prowadzi\u0107 do trwa\u0142ego niedos\u0142uchu, a w skrajnych przypadkach nawet do jego utraty.<\/p>\n<p>Nie jest to oczywi\u015bcie problem, kt\u00f3ry wyst\u0105pi przy ka\u017cdym katarze, ale nale\u017cy mie\u0107 na uwadze, \u017ce <strong>nieleczony katar mo\u017ce sko\u0144czy\u0107 si\u0119 trudnymi powik\u0142aniami<\/strong> \u2013 szczeg\u00f3lnie u dzieci o obni\u017conej odporno\u015bci czy u niemowl\u0105t, kt\u00f3rych narz\u0105dy s\u0142uchu wci\u0105\u017c intensywnie si\u0119 rozwijaj\u0105.<\/p>\n<h2 id=\"jak-zapobiegac-problemom\">Niedos\u0142uch u dziecka po katarze. Jak zapobiega\u0107 problemom?<\/h2>\n<p>Tak jak wspomnieli\u015bmy wy\u017cej, aby nie dopu\u015bci\u0107 do niedos\u0142uchu u dziecka po katarze, najwa\u017cniejsze jest zapobieganie. Ale je\u015bli ju\u017c zauwa\u017casz niepokoj\u0105ce objawy, nie zapominaj o konieczno\u015bci konsultacji z lekarzem pediatr\u0105! My mo\u017cemy poradzi\u0107, aby przede wszystkim zadba\u0107 o takie aspekty jak:<\/p>\n<h3 id=\"higiena-nosa\">Higiena nosa<\/h3>\n<p>Regularne oczyszczanie nosa dziecka z wydzieliny, np. przy u\u017cyciu aspiratora, pomaga zapobiega\u0107 zaleganiu wydzieliny. \u015awietn\u0105 opcj\u0105 jest te\u017c stosowanie soli morskiej lub soli fizjologicznej do poprawy nawil\u017cenia noska i utrzymania \u015bluz\u00f3wki nosa w dobrej kondycji.<\/p>\n<p>Wskaz\u00f3wka: Na start dobrym pomys\u0142em jest <a href=\"https:\/\/katarek.pl\/produkt\/katarek-standard-katarek-roztwor-soli-fizjologicznej\/\">ZESTAW Katarek Standard+Katarek s\u00f3l fizjologiczna<\/a>. To zestaw, kt\u00f3ry pozwoli Ci stosowa\u0107 metod\u0119 3 krok\u00f3w, czyli: rozrzedzanie, odci\u0105ganie, nawil\u017canie.<\/p>\n<p><em>Produkt Katarek to wyr\u00f3b medyczny. U\u017cywaj go zgodnie z instrukcj\u0105 u\u017cywania lub etykiet\u0105.<\/em><\/p>\n<h3 id=\"nawilzanie-powietrza\">Nawil\u017canie powietrza<\/h3>\n<p>Utrzymywanie odpowiedniego poziomu wilgotno\u015bci w domu za pomoc\u0105 nawil\u017caczy powietrza lub mokrych r\u0119cznik\u00f3w na kaloryferach mo\u017ce r\u00f3wnie\u017c pom\u00f3c w poprawie stanu dzieci\u0119cego noska i u\u0142atwi\u0107 usuwanie wydzieliny.<\/p>\n<h3 id=\"inhalacje\">Inhalacje<\/h3>\n<p>Kolejny krok, kt\u00f3ry polecamy, to inhalacje z soli fizjologicznej. Je\u015bli masz pewno\u015b\u0107 co do odpowiednich olejk\u00f3w eterycznych, mo\u017cesz je r\u00f3wnie\u017c stosowa\u0107 u swojego malucha, ale s\u00f3l fizjologiczna to najbezpieczniejsze i najbardziej uniwersalne rozwi\u0105zanie. Takie inhalacje pomagaj\u0105 obkurczy\u0107 b\u0142on\u0119 \u015bluzow\u0105 nosa i zmniejszy\u0107 obrz\u0119k.<\/p>\n<h2 id=\"co-jesli-niedosluch-u-dziecka-po-katarze-juz-sie-pojawil\">Co, je\u015bli niedos\u0142uch u dziecka po katarze ju\u017c si\u0119 pojawi\u0142?<\/h2>\n<p>Je\u015bli dziecko ma przed\u0142u\u017caj\u0105cy si\u0119 katar (ponad dwa tygodnie), zatkane uszy lub wykazuje objawy b\u00f3lu ucha, konieczna jest wizyta u laryngologa. W niekt\u00f3rych przypadkach lekarz mo\u017ce zaleci\u0107 leki przeciwzapalne lub, w trudniejszych przypadkach, drena\u017c uszu.<\/p>\n<p>Pami\u0119taj, \u017ce <a href=\"https:\/\/katarek.pl\/blog\/nieleczony-katar-mozliwe-powiklania\/\">nieleczony katar<\/a> mo\u017ce powodowa\u0107 szereg powik\u0142a\u0144, w tym niedos\u0142uch u dziecka: dzia\u0142aj odpowiedzialnie.<\/p>\n","protected":false},"excerpt":"Spis tre\u015bci Jak katar wp\u0142ywa na uszy? Objawy i konsekwencje b\u00f3lu ucha Jak cz\u0119sto katar prowadzi do niedos\u0142uchu? Niedos\u0142uch u dziecka po katarze. Jak zapobiega\u0107 problemom? Higiena nosa Nawil\u017canie powietrza Inhalacje Co, je\u015bli niedos\u0142uch u dziecka po katarze ju\u017c si\u0119 pojawi\u0142? Katar u dzieci, cho\u0107 cz\u0119sto uznawany za niewielk\u0105 i niepozorn\u0105 dolegliwo\u015b\u0107, mo\u017ce prowadzi\u0107 do [&hellip;]","author":7,"featured_media":2761,"comment_status":"open","ping_status":"open","sticky":false,"template":"","format":"standard","meta":{"_acf_changed":false,"inline_featured_image":false,"editor_plus_copied_stylings":"{}","footnotes":""},"categories":[28,41],"tags":[],"class_list":["post-2759","post","type-post","status-publish","format-standard","has-post-thumbnail","hentry","category-dziecko","category-zdrowie-dziecko"],"yoast_head":"<!-- This site is optimized with the Yoast SEO plugin v27.4 - https:\/\/yoast.com\/product\/yoast-seo-wordpress\/ -->\n<title>Niedos\u0142uch u dziecka po katarze: Jak zapobiega\u0107? - blog Katarek<\/title>\n<meta name=\"description\" content=\"Czy katar u dziecka mo\u017ce prowadzi\u0107 do problem\u00f3w ze s\u0142uchem? Jak zapobiega\u0107 takim problemom? Sprawd\u017a w naszym najnowszym wpisie!\" \/>\n<meta name=\"robots\" content=\"index, follow, max-snippet:-1, max-image-preview:large, max-video-preview:-1\" \/>\n<link rel=\"canonical\" href=\"https:\/\/katarek.pl\/czy-katar-moze-spowodowac-problemy-ze-sluchem-u-dziecka\/\" \/>\n<meta property=\"og:locale\" content=\"pl_PL\" \/>\n<meta property=\"og:type\" content=\"article\" \/>\n<meta property=\"og:title\" content=\"Niedos\u0142uch u dziecka po katarze: Jak zapobiega\u0107? - blog Katarek\" \/>\n<meta property=\"og:description\" content=\"Czy katar u dziecka mo\u017ce prowadzi\u0107 do problem\u00f3w ze s\u0142uchem? Jak zapobiega\u0107 takim problemom? Sprawd\u017a w naszym najnowszym wpisie!\" \/>\n<meta property=\"og:url\" content=\"https:\/\/katarek.pl\/czy-katar-moze-spowodowac-problemy-ze-sluchem-u-dziecka\/\" \/>\n<meta property=\"og:site_name\" content=\"katarek.pl\" \/>\n<meta property=\"article:published_time\" content=\"2024-06-26T13:14:03+00:00\" \/>\n<meta property=\"og:image\" content=\"https:\/\/katarek.pl\/wp-content\/uploads\/2024\/06\/niedosluch-u-dziecka-scaled-1.jpg\" \/>\n\t<meta property=\"og:image:width\" content=\"2560\" \/>\n\t<meta property=\"og:image:height\" content=\"2432\" \/>\n\t<meta property=\"og:image:type\" content=\"image\/jpeg\" \/>\n<meta name=\"author\" content=\"katarek\" \/>\n<meta name=\"twitter:card\" content=\"summary_large_image\" \/>\n<meta name=\"twitter:label1\" content=\"Napisane przez\" \/>\n\t<meta name=\"twitter:data1\" content=\"katarek\" \/>\n\t<meta name=\"twitter:label2\" content=\"Szacowany czas czytania\" \/>\n\t<meta name=\"twitter:data2\" content=\"4 minuty\" \/>\n<script type=\"application\/ld+json\" class=\"yoast-schema-graph\">{\"@context\":\"https:\\\/\\\/schema.org\",\"@graph\":[{\"@type\":\"Article\",\"@id\":\"https:\\\/\\\/katarek.pl\\\/czy-katar-moze-spowodowac-problemy-ze-sluchem-u-dziecka\\\/#article\",\"isPartOf\":{\"@id\":\"https:\\\/\\\/katarek.pl\\\/czy-katar-moze-spowodowac-problemy-ze-sluchem-u-dziecka\\\/\"},\"author\":{\"name\":\"katarek\",\"@id\":\"https:\\\/\\\/katarek.pl\\\/#\\\/schema\\\/person\\\/c7267555b2aaad4c6d15146a155bc430\"},\"headline\":\"Czy katar mo\u017ce spowodowa\u0107 problemy ze s\u0142uchem u dziecka?\",\"datePublished\":\"2024-06-26T13:14:03+00:00\",\"mainEntityOfPage\":{\"@id\":\"https:\\\/\\\/katarek.pl\\\/czy-katar-moze-spowodowac-problemy-ze-sluchem-u-dziecka\\\/\"},\"wordCount\":812,\"commentCount\":0,\"image\":{\"@id\":\"https:\\\/\\\/katarek.pl\\\/czy-katar-moze-spowodowac-problemy-ze-sluchem-u-dziecka\\\/#primaryimage\"},\"thumbnailUrl\":\"https:\\\/\\\/katarek.pl\\\/wp-content\\\/uploads\\\/2024\\\/06\\\/niedosluch-u-dziecka-scaled-1.jpg\",\"articleSection\":[\"Dziecko\",\"Zdrowie\"],\"inLanguage\":\"pl-PL\"},{\"@type\":\"WebPage\",\"@id\":\"https:\\\/\\\/katarek.pl\\\/czy-katar-moze-spowodowac-problemy-ze-sluchem-u-dziecka\\\/\",\"url\":\"https:\\\/\\\/katarek.pl\\\/czy-katar-moze-spowodowac-problemy-ze-sluchem-u-dziecka\\\/\",\"name\":\"Niedos\u0142uch u dziecka po katarze: Jak zapobiega\u0107? - blog Katarek\",\"isPartOf\":{\"@id\":\"https:\\\/\\\/katarek.pl\\\/#website\"},\"primaryImageOfPage\":{\"@id\":\"https:\\\/\\\/katarek.pl\\\/czy-katar-moze-spowodowac-problemy-ze-sluchem-u-dziecka\\\/#primaryimage\"},\"image\":{\"@id\":\"https:\\\/\\\/katarek.pl\\\/czy-katar-moze-spowodowac-problemy-ze-sluchem-u-dziecka\\\/#primaryimage\"},\"thumbnailUrl\":\"https:\\\/\\\/katarek.pl\\\/wp-content\\\/uploads\\\/2024\\\/06\\\/niedosluch-u-dziecka-scaled-1.jpg\",\"datePublished\":\"2024-06-26T13:14:03+00:00\",\"author\":{\"@id\":\"https:\\\/\\\/katarek.pl\\\/#\\\/schema\\\/person\\\/c7267555b2aaad4c6d15146a155bc430\"},\"description\":\"Czy katar u dziecka mo\u017ce prowadzi\u0107 do problem\u00f3w ze s\u0142uchem? Jak zapobiega\u0107 takim problemom? Sprawd\u017a w naszym najnowszym wpisie!\",\"breadcrumb\":{\"@id\":\"https:\\\/\\\/katarek.pl\\\/czy-katar-moze-spowodowac-problemy-ze-sluchem-u-dziecka\\\/#breadcrumb\"},\"inLanguage\":\"pl-PL\",\"potentialAction\":[{\"@type\":\"ReadAction\",\"target\":[\"https:\\\/\\\/katarek.pl\\\/czy-katar-moze-spowodowac-problemy-ze-sluchem-u-dziecka\\\/\"]}]},{\"@type\":\"ImageObject\",\"inLanguage\":\"pl-PL\",\"@id\":\"https:\\\/\\\/katarek.pl\\\/czy-katar-moze-spowodowac-problemy-ze-sluchem-u-dziecka\\\/#primaryimage\",\"url\":\"https:\\\/\\\/katarek.pl\\\/wp-content\\\/uploads\\\/2024\\\/06\\\/niedosluch-u-dziecka-scaled-1.jpg\",\"contentUrl\":\"https:\\\/\\\/katarek.pl\\\/wp-content\\\/uploads\\\/2024\\\/06\\\/niedosluch-u-dziecka-scaled-1.jpg\",\"width\":2560,\"height\":2432,\"caption\":\"niedos\u0142uch u dziecka po katarze\"},{\"@type\":\"BreadcrumbList\",\"@id\":\"https:\\\/\\\/katarek.pl\\\/czy-katar-moze-spowodowac-problemy-ze-sluchem-u-dziecka\\\/#breadcrumb\",\"itemListElement\":[{\"@type\":\"ListItem\",\"position\":1,\"name\":\"Home\",\"item\":\"https:\\\/\\\/katarek.pl\\\/\"},{\"@type\":\"ListItem\",\"position\":2,\"name\":\"Blog\",\"item\":\"https:\\\/\\\/katarek.pl\\\/blog\\\/\"},{\"@type\":\"ListItem\",\"position\":3,\"name\":\"Czy katar mo\u017ce spowodowa\u0107 problemy ze s\u0142uchem u dziecka?\"}]},{\"@type\":\"WebSite\",\"@id\":\"https:\\\/\\\/katarek.pl\\\/#website\",\"url\":\"https:\\\/\\\/katarek.pl\\\/\",\"name\":\"katarek.pl\",\"description\":\"\",\"potentialAction\":[{\"@type\":\"SearchAction\",\"target\":{\"@type\":\"EntryPoint\",\"urlTemplate\":\"https:\\\/\\\/katarek.pl\\\/?s={search_term_string}\"},\"query-input\":{\"@type\":\"PropertyValueSpecification\",\"valueRequired\":true,\"valueName\":\"search_term_string\"}}],\"inLanguage\":\"pl-PL\"},{\"@type\":\"Person\",\"@id\":\"https:\\\/\\\/katarek.pl\\\/#\\\/schema\\\/person\\\/c7267555b2aaad4c6d15146a155bc430\",\"name\":\"katarek\",\"url\":\"https:\\\/\\\/katarek.pl\\\/author\\\/katarek\\\/\"}]}<\/script>\n<!-- \/ Yoast SEO plugin. -->","yoast_head_json":{"title":"Niedos\u0142uch u dziecka po katarze: Jak zapobiega\u0107? - blog Katarek","description":"Czy katar u dziecka mo\u017ce prowadzi\u0107 do problem\u00f3w ze s\u0142uchem? Jak zapobiega\u0107 takim problemom? Sprawd\u017a w naszym najnowszym wpisie!","robots":{"index":"index","follow":"follow","max-snippet":"max-snippet:-1","max-image-preview":"max-image-preview:large","max-video-preview":"max-video-preview:-1"},"canonical":"https:\/\/katarek.pl\/czy-katar-moze-spowodowac-problemy-ze-sluchem-u-dziecka\/","og_locale":"pl_PL","og_type":"article","og_title":"Niedos\u0142uch u dziecka po katarze: Jak zapobiega\u0107? - blog Katarek","og_description":"Czy katar u dziecka mo\u017ce prowadzi\u0107 do problem\u00f3w ze s\u0142uchem? Jak zapobiega\u0107 takim problemom? Sprawd\u017a w naszym najnowszym wpisie!","og_url":"https:\/\/katarek.pl\/czy-katar-moze-spowodowac-problemy-ze-sluchem-u-dziecka\/","og_site_name":"katarek.pl","article_published_time":"2024-06-26T13:14:03+00:00","og_image":[{"width":2560,"height":2432,"url":"https:\/\/katarek.pl\/wp-content\/uploads\/2024\/06\/niedosluch-u-dziecka-scaled-1.jpg","type":"image\/jpeg"}],"author":"katarek","twitter_card":"summary_large_image","twitter_misc":{"Napisane przez":"katarek","Szacowany czas czytania":"4 minuty"},"schema":{"@context":"https:\/\/schema.org","@graph":[{"@type":"Article","@id":"https:\/\/katarek.pl\/czy-katar-moze-spowodowac-problemy-ze-sluchem-u-dziecka\/#article","isPartOf":{"@id":"https:\/\/katarek.pl\/czy-katar-moze-spowodowac-problemy-ze-sluchem-u-dziecka\/"},"author":{"name":"katarek","@id":"https:\/\/katarek.pl\/#\/schema\/person\/c7267555b2aaad4c6d15146a155bc430"},"headline":"Czy katar mo\u017ce spowodowa\u0107 problemy ze s\u0142uchem u dziecka?","datePublished":"2024-06-26T13:14:03+00:00","mainEntityOfPage":{"@id":"https:\/\/katarek.pl\/czy-katar-moze-spowodowac-problemy-ze-sluchem-u-dziecka\/"},"wordCount":812,"commentCount":0,"image":{"@id":"https:\/\/katarek.pl\/czy-katar-moze-spowodowac-problemy-ze-sluchem-u-dziecka\/#primaryimage"},"thumbnailUrl":"https:\/\/katarek.pl\/wp-content\/uploads\/2024\/06\/niedosluch-u-dziecka-scaled-1.jpg","articleSection":["Dziecko","Zdrowie"],"inLanguage":"pl-PL"},{"@type":"WebPage","@id":"https:\/\/katarek.pl\/czy-katar-moze-spowodowac-problemy-ze-sluchem-u-dziecka\/","url":"https:\/\/katarek.pl\/czy-katar-moze-spowodowac-problemy-ze-sluchem-u-dziecka\/","name":"Niedos\u0142uch u dziecka po katarze: Jak zapobiega\u0107? - blog Katarek","isPartOf":{"@id":"https:\/\/katarek.pl\/#website"},"primaryImageOfPage":{"@id":"https:\/\/katarek.pl\/czy-katar-moze-spowodowac-problemy-ze-sluchem-u-dziecka\/#primaryimage"},"image":{"@id":"https:\/\/katarek.pl\/czy-katar-moze-spowodowac-problemy-ze-sluchem-u-dziecka\/#primaryimage"},"thumbnailUrl":"https:\/\/katarek.pl\/wp-content\/uploads\/2024\/06\/niedosluch-u-dziecka-scaled-1.jpg","datePublished":"2024-06-26T13:14:03+00:00","author":{"@id":"https:\/\/katarek.pl\/#\/schema\/person\/c7267555b2aaad4c6d15146a155bc430"},"description":"Czy katar u dziecka mo\u017ce prowadzi\u0107 do problem\u00f3w ze s\u0142uchem? Jak zapobiega\u0107 takim problemom? Sprawd\u017a w naszym najnowszym wpisie!","breadcrumb":{"@id":"https:\/\/katarek.pl\/czy-katar-moze-spowodowac-problemy-ze-sluchem-u-dziecka\/#breadcrumb"},"inLanguage":"pl-PL","potentialAction":[{"@type":"ReadAction","target":["https:\/\/katarek.pl\/czy-katar-moze-spowodowac-problemy-ze-sluchem-u-dziecka\/"]}]},{"@type":"ImageObject","inLanguage":"pl-PL","@id":"https:\/\/katarek.pl\/czy-katar-moze-spowodowac-problemy-ze-sluchem-u-dziecka\/#primaryimage","url":"https:\/\/katarek.pl\/wp-content\/uploads\/2024\/06\/niedosluch-u-dziecka-scaled-1.jpg","contentUrl":"https:\/\/katarek.pl\/wp-content\/uploads\/2024\/06\/niedosluch-u-dziecka-scaled-1.jpg","width":2560,"height":2432,"caption":"niedos\u0142uch u dziecka po katarze"},{"@type":"BreadcrumbList","@id":"https:\/\/katarek.pl\/czy-katar-moze-spowodowac-problemy-ze-sluchem-u-dziecka\/#breadcrumb","itemListElement":[{"@type":"ListItem","position":1,"name":"Home","item":"https:\/\/katarek.pl\/"},{"@type":"ListItem","position":2,"name":"Blog","item":"https:\/\/katarek.pl\/blog\/"},{"@type":"ListItem","position":3,"name":"Czy katar mo\u017ce spowodowa\u0107 problemy ze s\u0142uchem u dziecka?"}]},{"@type":"WebSite","@id":"https:\/\/katarek.pl\/#website","url":"https:\/\/katarek.pl\/","name":"katarek.pl","description":"","potentialAction":[{"@type":"SearchAction","target":{"@type":"EntryPoint","urlTemplate":"https:\/\/katarek.pl\/?s={search_term_string}"},"query-input":{"@type":"PropertyValueSpecification","valueRequired":true,"valueName":"search_term_string"}}],"inLanguage":"pl-PL"},{"@type":"Person","@id":"https:\/\/katarek.pl\/#\/schema\/person\/c7267555b2aaad4c6d15146a155bc430","name":"katarek","url":"https:\/\/katarek.pl\/author\/katarek\/"}]}},"acf":[],"gutenberg_blocks":[{"blockName":"custom-styles","attrs":{"styles":""}}],"meta_data":false,"featured_image":{"url":"https:\/\/katarek.pl\/wp-content\/uploads\/2024\/06\/niedosluch-u-dziecka-scaled-1-1024x973.jpg"},"main_category":{"name":"Dziecko"},"prev_page":{"slug":"nawilzacz-powietrza-a-katar-u-dziecka-czy-to-dobre-rozwiazanie"},"next_page":{"slug":"katar-u-dziecka-latem-jakie-moga-byc-przyczyny"},"_links":{"self":[{"href":"https:\/\/katarek.pl\/index.php\/wp-json\/wp\/v2\/posts\/2759","targetHints":{"allow":["GET"]}}],"collection":[{"href":"https:\/\/katarek.pl\/index.php\/wp-json\/wp\/v2\/posts"}],"about":[{"href":"https:\/\/katarek.pl\/index.php\/wp-json\/wp\/v2\/types\/post"}],"author":[{"embeddable":true,"href":"https:\/\/katarek.pl\/index.php\/wp-json\/wp\/v2\/users\/7"}],"replies":[{"embeddable":true,"href":"https:\/\/katarek.pl\/index.php\/wp-json\/wp\/v2\/comments?post=2759"}],"version-history":[{"count":0,"href":"https:\/\/katarek.pl\/index.php\/wp-json\/wp\/v2\/posts\/2759\/revisions"}],"wp:featuredmedia":[{"embeddable":true,"href":"https:\/\/katarek.pl\/index.php\/wp-json\/wp\/v2\/media\/2761"}],"wp:attachment":[{"href":"https:\/\/katarek.pl\/index.php\/wp-json\/wp\/v2\/media?parent=2759"}],"wp:term":[{"taxonomy":"category","embeddable":true,"href":"https:\/\/katarek.pl\/index.php\/wp-json\/wp\/v2\/categories?post=2759"},{"taxonomy":"post_tag","embeddable":true,"href":"https:\/\/katarek.pl\/index.php\/wp-json\/wp\/v2\/tags?post=2759"}],"curies":[{"name":"wp","href":"https:\/\/api.w.org\/{rel}","templated":true}]}}