{"id":2625,"date":"2023-09-11T11:34:50","date_gmt":"2023-09-11T09:34:50","guid":{"rendered":"https:\/\/katarek.pl\/blog\/?p=371"},"modified":"2023-09-11T11:34:50","modified_gmt":"2023-09-11T09:34:50","slug":"zabkowanie-czy-jest-sie-czego-bac","status":"publish","type":"post","link":"https:\/\/katarek.pl\/zabkowanie-czy-jest-sie-czego-bac\/","title":{"rendered":"Z\u0105bkowanie niemowlaka okiem stomatologa &#8211; czy jest si\u0119 czego ba\u0107?"},"content":{"rendered":"<p><strong>Z\u0105bkowanie niemowlaka to proces, przez kt\u00f3ry musi przej\u015b\u0107 ka\u017cde dziecko<\/strong>. Nasi rodzice na pewno si\u0119 martwili i mieli do\u015b\u0107 jak &#8222;sz\u0142y nam z\u0119by&#8221;. Wyj\u015bcie mlecznych z\u0119b\u00f3w jest cz\u0119\u015bci\u0105 natury cz\u0142owieka. Niestety niepotrzebnie opatrzone jest z\u0142owieszczym mitem czy strasznymi historiami.<\/p>\n<p>Postaram si\u0119 w tym kr\u00f3tkim artykule rozwia\u0107 troszk\u0119 legend, da\u0107 kilka rad oraz wyt\u0142umaczy\u0107 kiedy co\u015b jest normalne i nie musimy si\u0119 martwi\u0107, a kiedy trzeba zareagowa\u0107 i wybra\u0107 si\u0119 do lekarza-dentysty.<\/p>\n<p><strong>Spis tre\u015bci<\/strong><\/p>\n<ul>\n<li><a href=\"#schemat-zabkowania-u-niemowlat\">Schemat z\u0105bkowania u niemowl\u0105t<\/a><\/li>\n<li><a href=\"#gdy-zabkowanie-to-jednak-problem\">Gdy z\u0105bkowanie to jednak problem<\/a><\/li>\n<li><a href=\"#glowne-objawy-zabkowania\">G\u0142\u00f3wne objawy z\u0105bkowania<\/a><\/li>\n<li><a href=\"#sposoby-na-zlagodzenie-objawow-zabkowania\">Sposoby na z\u0142agodzenie objaw\u00f3w z\u0105bkowania<\/a><\/li>\n<\/ul>\n<h2 id=\"schemat-zabkowania-u-niemowlat\">Schemat z\u0105bkowania u niemowl\u0105t<\/h2>\n<p>Na pocz\u0105tku zacznijmy od anatomii, <strong>cz\u0142owiek posiada 20 z\u0119b\u00f3w mlecznych, a p\u00f3\u017aniej 32 z\u0119by sta\u0142e<\/strong> (&#8222;\u00f3semki&#8221; te\u017c si\u0119 licz\u0105). Wyrzynanie z\u0119b\u00f3w jest spraw\u0105 indywidualn\u0105 i u ka\u017cdego z nas przebiega w r\u00f3\u017cnym czasie, z r\u00f3\u017cnym nasileniem. Dzi\u0119ki wieloletnim obserwacjom stomatolog\u00f3w i pediatr\u00f3w mo\u017cna okre\u015bli\u0107 jednak pewne ramy czasowe dla ka\u017cdego z z\u0119b\u00f3w mlecznych:<\/p>\n<ul>\n<li>\u201cjedynki\u201d dolne &#8211; 6-9 m\u017c<\/li>\n<li>\u201cjedynki\u201d g\u00f3rne &#8211; 6-12 m\u017c<\/li>\n<li>\u201cdw\u00f3jki\u201d g\u00f3rne &#8211; 6-16 m\u017c<\/li>\n<li>\u201cdw\u00f3jki\u201d dolne &#8211; 7-18 m\u017c<\/li>\n<li>\u201cczw\u00f3rki\u201d g\u00f3rne-dolne &#8211; 12-16 m\u017c<\/li>\n<li>\u201ctr\u00f3jki\u201d g\u00f3rne-dolne &#8211; 16-20 m\u017c<\/li>\n<li>\u201cpi\u0105tki\u201d g\u00f3rne-dolne &#8211; 23-30 m\u017c<\/li>\n<\/ul>\n<p>Patrz\u0105c na ten uk\u0142ad, mo\u017cemy si\u0119 spodziewa\u0107, \u017ce na drugie urodziny nasza pociecha powinna mie\u0107 ju\u017c wszystkie z\u0105bki w buzi. Pediatrzy, by \u0142atwiej by\u0142o nam zapami\u0119ta\u0107, kiedy powinien by\u0107 dany z\u0105b,\u00a0<strong>wprowadzili zasad\u0119 6\/4, czyli co 6 miesi\u0119cy powinny pojawi\u0107 si\u0119 4 nowe\u00a0z\u0105bki<\/strong>. Je\u015bli nasze dziecko nie mie\u015bci si\u0119 w tym schemacie,\u00a0nie nale\u017cy si\u0119 martwi\u0107.<\/p>\n<p>Wyr\u00f3\u017cnia si\u0119 z\u0105bkowanie przedwczesne (do pierwszego m\u017c), z\u0105bkowanie wczesne (3-4 m\u017c), z\u0105bkowanie o czasie (5-8 m\u017c), z\u0105bkowanie op\u00f3\u017anione (9-11 m\u017c) oraz z\u0105bkowanie p\u00f3\u017ane (po 12 m\u017c).<\/p>\n<h2 id=\"gdy-zabkowanie-to-jednak-problem\">Gdy z\u0105bkowanie to jednak problem &#8211; z\u0105bkowanie przedwczesne i p\u00f3\u017ane<\/h2>\n<p><strong>Z\u0105bkowanie, kt\u00f3re mo\u017ce nas martwi\u0107 to z\u0105bkowanie przedwczesne i p\u00f3\u017ane<\/strong>. Przy z\u0105bkowaniu przedwczesnym wyst\u0119puj\u0105 tzw. z\u0119by wrodzone (dziecko si\u0119 z nimi rodzi) i z\u0119by noworodkowe (pojawiaj\u0105 si\u0119 przed pierwszym miesi\u0105cem \u017cycia). Najcz\u0119\u015bciej s\u0105 to \u201cjedynki\u201d dolne, czasem g\u00f3rne, bardzo rzadko &#8222;czw\u00f3rki&#8221;. <strong>Z\u0105bki takie bardzo cz\u0119sto si\u0119 usuwa, poniewa\u017c przeszkadzaj\u0105 w prawid\u0142owym karmieniu<\/strong> oraz mog\u0105 rani\u0107 delikatne dzi\u0105se\u0142ka dziecka.<\/p>\n<p><strong>W\u015br\u00f3d przyczyn z\u0105bkowania przedwczesnego wymienia si\u0119:<\/strong><\/p>\n<ul>\n<li>zaburzenia od\u017cywiania,<\/li>\n<li>niedobory witamin,<\/li>\n<li>zaburzenia hormonalne,<\/li>\n<li>infekcje,<\/li>\n<li>wyst\u0119powanie rodzinne,<\/li>\n<li>rozszczepy podniebienia.<\/li>\n<\/ul>\n<p>Drugie \u201cz\u0142e\u201d z\u0105bkowanie, <strong>to z\u0105bkowanie p\u00f3\u017ane, czyli pierwszy z\u0105b mleczny pojawia si\u0119 po 12 m\u017c, a sta\u0142y po 8 roku \u017cycia<\/strong>. Takie z\u0105bkowanie mo\u017ce nie\u015b\u0107 za sob\u0105 pogorszenie rozwoju szcz\u0119ki oraz \u017cuchwy, tworzenie si\u0119 wad ortodontycznych, op\u00f3\u017anienie rozwoju dziecka oraz bardzo cz\u0119sto wywo\u0142uje kompleksy w\u015br\u00f3d r\u00f3wie\u015bnik\u00f3w. Wyt\u0142umaczy\u0107 je mo\u017cna <strong>nisk\u0105 wag\u0105 urodzeniow\u0105 dziecka, wcze\u015bniactwem, niedoborem witamin, wadami genetycznymi<\/strong> (np. zesp\u00f3\u0142 Downa).<\/p>\n<p>Je\u015bli z\u0105bki nie pojawi\u0105 si\u0119 do 12 m\u017c, nale\u017cy uda\u0107 si\u0119 do stomatologa, a ten po przeprowadzeniu badania jamy ustnej i wykonaniu RTG, powinien skierowa\u0107 do lekarza rodzinnego lub pediatry.<\/p>\n<p>Teraz ju\u017c wiemy kiedy powinien si\u0119 pojawi\u0107 dany z\u0105bek w jamie ustnej, ale<strong> jak rozpozna\u0107, czy to ju\u017c z\u0105bkowanie<\/strong>. Objaw\u00f3w jest wiele, mog\u0105 wyst\u0119powa\u0107 wszystkie naraz lub ka\u017cdy osobno &#8211; znowu jest to sprawa indywidualna.<\/p>\n<h2 id=\"glowne-objawy-zabkowania\">G\u0142\u00f3wne objawy z\u0105bkowania<\/h2>\n<p>Do g\u0142\u00f3wnych objaw\u00f3w z\u0105bkowania zaliczamy:<\/p>\n<ul>\n<li>nadmierne \u015blinienie,<\/li>\n<li>rozpulchnienie, zaczerwienienie dzi\u0105se\u0142 w miejscu wyrzynaj\u0105cego si\u0119 z\u0105bka,<\/li>\n<li>niepok\u00f3j, dra\u017cliwo\u015b\u0107, gorsze samopoczucie, ewidentna zmiana nastroju dziecka,<\/li>\n<li>wk\u0142adanie do buzi i gryzienie twardych przedmiot\u00f3w,<\/li>\n<li>nag\u0142e przebudzenia nocne z p\u0142aczem,<\/li>\n<li>lu\u017ane stolce, <a href=\"https:\/\/katarek.pl\/blog\/biegunka-u-dziecka\/\">biegunka<\/a>,<\/li>\n<li>os\u0142abienie apetytu, pogorszenie odruchu ssania,<\/li>\n<li>podwy\u017cszona ciep\u0142ota cia\u0142a.<\/li>\n<\/ul>\n<p><strong>Wszystkie wy\u017cej wymienione objawy mog\u0105 \u015bwiadczy\u0107, \u017ce wkr\u00f3tce pojawi si\u0119 z\u0105bek u naszego maluszka<\/strong>. Jedyny objaw, kt\u00f3ry budzi kontrowersje to podwy\u017cszona ciep\u0142ota cia\u0142a. Wysokiej, nag\u0142ej temperatury nie nale\u017cy t\u0142umaczy\u0107 z\u0105bkowaniem, lecz szuka\u0107 innej przyczyny np. zapalenie ucha.<\/p>\n<h2 id=\"sposoby-na-zlagodzenie-objawow-zabkowania\">Sposoby na z\u0142agodzenie objaw\u00f3w z\u0105bkowania<\/h2>\n<p><strong>Gdy ju\u017c rozpocznie si\u0119 u naszych dzieci z\u0105bkowanie, warto wiedzie\u0107, jak sobie z nim radzi\u0107<\/strong>. W podr\u0119cznikach i poradnikach, na forach, w\u015br\u00f3d mam, bab\u0107 i cio\u0107 kr\u0105\u017cy wiele sposob\u00f3w, jedne bardziej, drugie mniej skuteczne.<\/p>\n<p>Spr\u00f3bowa\u0142em zebra\u0107 wszystkie i je przedstawi\u0107, r\u00f3wnocze\u015bnie wypisuj\u0105c ich plusy i minusy:<\/p>\n<ul>\n<li>podstawa to otoczenie dziecka trosk\u0105, czu\u0142o\u015bci\u0105, zwr\u00f3ci\u0107 na nie wi\u0119ksz\u0105 uwag\u0119, odwr\u00f3ci\u0107 uwag\u0119 od b\u00f3lu i dyskomfortu zabaw\u0105 lub nauk\u0105, w tej metodzie nie ma minus\u00f3w \ud83d\ude09<\/li>\n<li>gryzaki, gryzako-\u0142apki, zabawki, twarde przedmioty, twarde owoce lub warzywa &#8211; takie przedmioty zapewni\u0105, \u017ce dziecko ca\u0142y czas b\u0119dzie masowa\u0142o dzi\u0105s\u0142a, tym samym \u0142agodz\u0105c b\u00f3l. Mo\u017cna takie urz\u0105dzenia lekko sch\u0142odzi\u0107 w lod\u00f3wce, nigdy zamra\u017carce! Kolejny plus to rozw\u00f3j umiej\u0119tno\u015bci manualnych bobasa. Do minus\u00f3w mo\u017cna zaliczy\u0107 to, \u017ce nie ka\u017cde dziecko jest w stanie taki gryzak utrzyma\u0107 samodzielnie (przydatne u starszych, bardziej sprawnych dzieci),<\/li>\n<li>masa\u017c dzi\u0105se\u0142ek przez rodzica &#8211; tu mo\u017cna masowa\u0107 czystym palcem, specjalnymi nak\u0142adkami, wilgotn\u0105 \u015bciereczk\u0105 (mo\u017ce by\u0107 sch\u0142odzona)wa\u017cne by dawa\u0142o to ukojenie dziecku. Minus to kr\u00f3tki czas dzia\u0142ania w kojeniu b\u00f3lu.<\/li>\n<li>\u017cele na z\u0105bkowanie &#8211; na rynku jest wiele produkt\u00f3w, wi\u0119kszo\u015b\u0107 zawiera w sk\u0142adzie \u015brodek znieczulaj\u0105cy, kt\u00f3ry powoduje miejscowe os\u0142abienie czucia b\u00f3lu. Minusem jest dostarczanie do organizmu leku, kt\u00f3ry mo\u017cna przedawkowa\u0107 (za cz\u0119ste u\u017cywanie) oraz mo\u017ce wywo\u0142a\u0107 reakcj\u0119 alergiczn\u0105,<\/li>\n<li>leki homeopatyczne (Camilla, Osanit) &#8211; forma medycyny niekonwencjonalnej, podobno podanie tej substancji likwiduje objawy z\u0105bkowania. Ja sam bra\u0142em do ust granulki Osanitu, powoduj\u0119 on lekkie mrowienie, dodatkowym plusem mo\u017ce by\u0107 to, \u017ce twarde kuleczki dzia\u0142aj\u0105 jak masa\u017cer na obola\u0142e dzi\u0105se\u0142ka.<\/li>\n<li>syropki z paracetamolem lub ibuprofenem &#8211; s\u0105 to leki dzia\u0142aj\u0105ce przeciwb\u00f3lowo, przeciwgor\u0105czkowo i przeciwzapalnie (tylko ibuprofen). Dzi\u0119ki nim \u0142agodzimy b\u00f3l zwi\u0105zany z z\u0105bkowaniem. Nie nale\u017cy nadu\u017cywa\u0107 tych syropk\u00f3w, stosujemy maksymalnie do pi\u0119ciu dni. Bardzo przydatne jest podanie ich na noc, dziecko b\u0119dzie d\u0142u\u017cej i spokojniej spa\u0142o. W mojej opinii po t\u0105 metod\u0119 si\u0119gajmy w ostateczno\u015bci, gdy nic wi\u0119cej nie pomo\u017ce.<\/li>\n<li>naszyjniki z bursztynu &#8211; sam nie wiem, co my\u015ble\u0107 o tej metodzie, nie pr\u00f3bowa\u0142em jej. Cz\u0119sto s\u0142yszy si\u0119 o cudownym dzia\u0142aniu tych kamieni, wi\u0119c mo\u017ce i z z\u0105bkowaniem te\u017c tak jest. Z doniesie\u0144 niekt\u00f3rych pacjent\u00f3w mog\u0119 twierdzi\u0107, \u017ce ta metoda dzia\u0142a.<\/li>\n<li>szczoteczka soniczna dla dzieci, sam ostatnio odkry\u0142em ten spos\u00f3b przez przypadek. Lekkie drgania masuj\u0105 bol\u0105ce dzi\u0105se\u0142ka, dodatkowa korzy\u015b\u0107 taka, \u017ce przyzwyczajamy dziecko do szczoteczki. Minusy to wysoki koszt zakupu, chocia\u017c s\u0105 dost\u0119pne na rynku szczoteczki od 0 do 3 lat.<\/li>\n<\/ul>\n<p>Podsumowuj\u0105c &#8211; <strong>z\u0105bkowanie jest czym\u015b naturalny, indywidualnym i w jaki\u015b spos\u00f3b pi\u0119knym procesem naszej fizjologi<\/strong>, niestety te\u017c ma swoje mroczne oblicze nios\u0105ce wiele b\u00f3lu, stresu i trudno\u015bci dla dziecka, jak i jego rodzic\u00f3w. Sam jako ojciec, stomatolog, widz\u0105c moj\u0105 c\u00f3reczk\u0119 m\u0119cz\u0105c\u0105 si\u0119 z z\u0105bkowaniem, czasem zastanawiam si\u0119, po co nam z\u0119by. Wiem, \u017ce u\u017cywaj\u0105c mojej wiedzy oraz sposob\u00f3w, kt\u00f3re wymy\u015blili ludzie, jestem w stanie pom\u00f3c jej w cierpieniu. Mam nadziej\u0119, \u017ce ten wpis pom\u00f3g\u0142 cz\u0119\u015bci z Was, w jaki\u015b spos\u00f3b uspokoi\u0142, nauczy\u0142 i przedstawi\u0142 jak skomplikowane i trudne mo\u017ce by\u0107 z\u0105bkowanie.<\/p>\n<p>Pozdrawiam<\/p>\n<p>#tata_stomatolog<\/p>\n<p>Znajd\u017a mnie na Instagramie: <a href=\"https:\/\/www.instagram.com\/tata_stomatolog\/\" rel=\"nofollow\">@tata_stomatolog<\/a><\/p>\n","protected":false},"excerpt":"Z\u0105bkowanie niemowlaka to proces, przez kt\u00f3ry musi przej\u015b\u0107 ka\u017cde dziecko. Nasi rodzice na pewno si\u0119 martwili i mieli do\u015b\u0107 jak &#8222;sz\u0142y nam z\u0119by&#8221;. Wyj\u015bcie mlecznych z\u0119b\u00f3w jest cz\u0119\u015bci\u0105 natury cz\u0142owieka. Niestety niepotrzebnie opatrzone jest z\u0142owieszczym mitem czy strasznymi historiami. Postaram si\u0119 w tym kr\u00f3tkim artykule rozwia\u0107 troszk\u0119 legend, da\u0107 kilka rad oraz wyt\u0142umaczy\u0107 kiedy co\u015b [&hellip;]","author":7,"featured_media":2987,"comment_status":"open","ping_status":"open","sticky":false,"template":"","format":"standard","meta":{"_acf_changed":false,"inline_featured_image":false,"editor_plus_copied_stylings":"{}","footnotes":""},"categories":[28,41],"tags":[],"class_list":["post-2625","post","type-post","status-publish","format-standard","has-post-thumbnail","hentry","category-dziecko","category-zdrowie-dziecko"],"yoast_head":"<!-- This site is optimized with the Yoast SEO plugin v27.4 - https:\/\/yoast.com\/product\/yoast-seo-wordpress\/ -->\n<title>Z\u0105bkowanie u niemowl\u0105t - kiedy si\u0119 zaczyna, objawy, schemat - blog Katarek<\/title>\n<meta name=\"description\" content=\"P\u00f3\u017ane i wczesne z\u0105bkowanie u niemowl\u0105t- dowiedz si\u0119, dlaczego i jak sobie z tym poradzi\u0107. Przyczyny i schemat z\u0105bkowania. Sprawd\u017a blog Katarek!\" \/>\n<meta name=\"robots\" content=\"index, follow, max-snippet:-1, max-image-preview:large, max-video-preview:-1\" \/>\n<link rel=\"canonical\" href=\"https:\/\/katarek.pl\/zabkowanie-czy-jest-sie-czego-bac\/\" \/>\n<meta property=\"og:locale\" content=\"pl_PL\" \/>\n<meta property=\"og:type\" content=\"article\" \/>\n<meta property=\"og:title\" content=\"Z\u0105bkowanie u niemowl\u0105t - kiedy si\u0119 zaczyna, objawy, schemat - blog Katarek\" \/>\n<meta property=\"og:description\" content=\"P\u00f3\u017ane i wczesne z\u0105bkowanie u niemowl\u0105t- dowiedz si\u0119, dlaczego i jak sobie z tym poradzi\u0107. Przyczyny i schemat z\u0105bkowania. Sprawd\u017a blog Katarek!\" \/>\n<meta property=\"og:url\" content=\"https:\/\/katarek.pl\/zabkowanie-czy-jest-sie-czego-bac\/\" \/>\n<meta property=\"og:site_name\" content=\"katarek.pl\" \/>\n<meta property=\"article:published_time\" content=\"2023-09-11T09:34:50+00:00\" \/>\n<meta property=\"og:image\" content=\"https:\/\/katarek.pl\/wp-content\/uploads\/2016\/10\/objawy-zabkowania.jpg\" \/>\n\t<meta property=\"og:image:width\" content=\"2356\" \/>\n\t<meta property=\"og:image:height\" content=\"1571\" \/>\n\t<meta property=\"og:image:type\" content=\"image\/jpeg\" \/>\n<meta name=\"author\" content=\"katarek\" \/>\n<meta name=\"twitter:card\" content=\"summary_large_image\" \/>\n<meta name=\"twitter:label1\" content=\"Napisane przez\" \/>\n\t<meta name=\"twitter:data1\" content=\"katarek\" \/>\n\t<meta name=\"twitter:label2\" content=\"Szacowany czas czytania\" \/>\n\t<meta name=\"twitter:data2\" content=\"7 minut\" \/>\n<script type=\"application\/ld+json\" class=\"yoast-schema-graph\">{\"@context\":\"https:\\\/\\\/schema.org\",\"@graph\":[{\"@type\":\"Article\",\"@id\":\"https:\\\/\\\/katarek.pl\\\/zabkowanie-czy-jest-sie-czego-bac\\\/#article\",\"isPartOf\":{\"@id\":\"https:\\\/\\\/katarek.pl\\\/zabkowanie-czy-jest-sie-czego-bac\\\/\"},\"author\":{\"name\":\"katarek\",\"@id\":\"https:\\\/\\\/katarek.pl\\\/#\\\/schema\\\/person\\\/c7267555b2aaad4c6d15146a155bc430\"},\"headline\":\"Z\u0105bkowanie niemowlaka okiem stomatologa &#8211; czy jest si\u0119 czego ba\u0107?\",\"datePublished\":\"2023-09-11T09:34:50+00:00\",\"mainEntityOfPage\":{\"@id\":\"https:\\\/\\\/katarek.pl\\\/zabkowanie-czy-jest-sie-czego-bac\\\/\"},\"wordCount\":1345,\"commentCount\":1,\"image\":{\"@id\":\"https:\\\/\\\/katarek.pl\\\/zabkowanie-czy-jest-sie-czego-bac\\\/#primaryimage\"},\"thumbnailUrl\":\"https:\\\/\\\/katarek.pl\\\/wp-content\\\/uploads\\\/2016\\\/10\\\/objawy-zabkowania.jpg\",\"articleSection\":[\"Dziecko\",\"Zdrowie\"],\"inLanguage\":\"pl-PL\"},{\"@type\":\"WebPage\",\"@id\":\"https:\\\/\\\/katarek.pl\\\/zabkowanie-czy-jest-sie-czego-bac\\\/\",\"url\":\"https:\\\/\\\/katarek.pl\\\/zabkowanie-czy-jest-sie-czego-bac\\\/\",\"name\":\"Z\u0105bkowanie u niemowl\u0105t - kiedy si\u0119 zaczyna, objawy, schemat - blog Katarek\",\"isPartOf\":{\"@id\":\"https:\\\/\\\/katarek.pl\\\/#website\"},\"primaryImageOfPage\":{\"@id\":\"https:\\\/\\\/katarek.pl\\\/zabkowanie-czy-jest-sie-czego-bac\\\/#primaryimage\"},\"image\":{\"@id\":\"https:\\\/\\\/katarek.pl\\\/zabkowanie-czy-jest-sie-czego-bac\\\/#primaryimage\"},\"thumbnailUrl\":\"https:\\\/\\\/katarek.pl\\\/wp-content\\\/uploads\\\/2016\\\/10\\\/objawy-zabkowania.jpg\",\"datePublished\":\"2023-09-11T09:34:50+00:00\",\"author\":{\"@id\":\"https:\\\/\\\/katarek.pl\\\/#\\\/schema\\\/person\\\/c7267555b2aaad4c6d15146a155bc430\"},\"description\":\"P\u00f3\u017ane i wczesne z\u0105bkowanie u niemowl\u0105t- dowiedz si\u0119, dlaczego i jak sobie z tym poradzi\u0107. Przyczyny i schemat z\u0105bkowania. Sprawd\u017a blog Katarek!\",\"breadcrumb\":{\"@id\":\"https:\\\/\\\/katarek.pl\\\/zabkowanie-czy-jest-sie-czego-bac\\\/#breadcrumb\"},\"inLanguage\":\"pl-PL\",\"potentialAction\":[{\"@type\":\"ReadAction\",\"target\":[\"https:\\\/\\\/katarek.pl\\\/zabkowanie-czy-jest-sie-czego-bac\\\/\"]}]},{\"@type\":\"ImageObject\",\"inLanguage\":\"pl-PL\",\"@id\":\"https:\\\/\\\/katarek.pl\\\/zabkowanie-czy-jest-sie-czego-bac\\\/#primaryimage\",\"url\":\"https:\\\/\\\/katarek.pl\\\/wp-content\\\/uploads\\\/2016\\\/10\\\/objawy-zabkowania.jpg\",\"contentUrl\":\"https:\\\/\\\/katarek.pl\\\/wp-content\\\/uploads\\\/2016\\\/10\\\/objawy-zabkowania.jpg\",\"width\":2356,\"height\":1571,\"caption\":\"wczesne z\u0105bkowanie\"},{\"@type\":\"BreadcrumbList\",\"@id\":\"https:\\\/\\\/katarek.pl\\\/zabkowanie-czy-jest-sie-czego-bac\\\/#breadcrumb\",\"itemListElement\":[{\"@type\":\"ListItem\",\"position\":1,\"name\":\"Home\",\"item\":\"https:\\\/\\\/katarek.pl\\\/\"},{\"@type\":\"ListItem\",\"position\":2,\"name\":\"Blog\",\"item\":\"https:\\\/\\\/katarek.pl\\\/blog\\\/\"},{\"@type\":\"ListItem\",\"position\":3,\"name\":\"Z\u0105bkowanie niemowlaka okiem stomatologa &#8211; czy jest si\u0119 czego ba\u0107?\"}]},{\"@type\":\"WebSite\",\"@id\":\"https:\\\/\\\/katarek.pl\\\/#website\",\"url\":\"https:\\\/\\\/katarek.pl\\\/\",\"name\":\"katarek.pl\",\"description\":\"\",\"potentialAction\":[{\"@type\":\"SearchAction\",\"target\":{\"@type\":\"EntryPoint\",\"urlTemplate\":\"https:\\\/\\\/katarek.pl\\\/?s={search_term_string}\"},\"query-input\":{\"@type\":\"PropertyValueSpecification\",\"valueRequired\":true,\"valueName\":\"search_term_string\"}}],\"inLanguage\":\"pl-PL\"},{\"@type\":\"Person\",\"@id\":\"https:\\\/\\\/katarek.pl\\\/#\\\/schema\\\/person\\\/c7267555b2aaad4c6d15146a155bc430\",\"name\":\"katarek\",\"url\":\"https:\\\/\\\/katarek.pl\\\/author\\\/katarek\\\/\"}]}<\/script>\n<!-- \/ Yoast SEO plugin. -->","yoast_head_json":{"title":"Z\u0105bkowanie u niemowl\u0105t - kiedy si\u0119 zaczyna, objawy, schemat - blog Katarek","description":"P\u00f3\u017ane i wczesne z\u0105bkowanie u niemowl\u0105t- dowiedz si\u0119, dlaczego i jak sobie z tym poradzi\u0107. Przyczyny i schemat z\u0105bkowania. Sprawd\u017a blog Katarek!","robots":{"index":"index","follow":"follow","max-snippet":"max-snippet:-1","max-image-preview":"max-image-preview:large","max-video-preview":"max-video-preview:-1"},"canonical":"https:\/\/katarek.pl\/zabkowanie-czy-jest-sie-czego-bac\/","og_locale":"pl_PL","og_type":"article","og_title":"Z\u0105bkowanie u niemowl\u0105t - kiedy si\u0119 zaczyna, objawy, schemat - blog Katarek","og_description":"P\u00f3\u017ane i wczesne z\u0105bkowanie u niemowl\u0105t- dowiedz si\u0119, dlaczego i jak sobie z tym poradzi\u0107. Przyczyny i schemat z\u0105bkowania. Sprawd\u017a blog Katarek!","og_url":"https:\/\/katarek.pl\/zabkowanie-czy-jest-sie-czego-bac\/","og_site_name":"katarek.pl","article_published_time":"2023-09-11T09:34:50+00:00","og_image":[{"width":2356,"height":1571,"url":"https:\/\/katarek.pl\/wp-content\/uploads\/2016\/10\/objawy-zabkowania.jpg","type":"image\/jpeg"}],"author":"katarek","twitter_card":"summary_large_image","twitter_misc":{"Napisane przez":"katarek","Szacowany czas czytania":"7 minut"},"schema":{"@context":"https:\/\/schema.org","@graph":[{"@type":"Article","@id":"https:\/\/katarek.pl\/zabkowanie-czy-jest-sie-czego-bac\/#article","isPartOf":{"@id":"https:\/\/katarek.pl\/zabkowanie-czy-jest-sie-czego-bac\/"},"author":{"name":"katarek","@id":"https:\/\/katarek.pl\/#\/schema\/person\/c7267555b2aaad4c6d15146a155bc430"},"headline":"Z\u0105bkowanie niemowlaka okiem stomatologa &#8211; czy jest si\u0119 czego ba\u0107?","datePublished":"2023-09-11T09:34:50+00:00","mainEntityOfPage":{"@id":"https:\/\/katarek.pl\/zabkowanie-czy-jest-sie-czego-bac\/"},"wordCount":1345,"commentCount":1,"image":{"@id":"https:\/\/katarek.pl\/zabkowanie-czy-jest-sie-czego-bac\/#primaryimage"},"thumbnailUrl":"https:\/\/katarek.pl\/wp-content\/uploads\/2016\/10\/objawy-zabkowania.jpg","articleSection":["Dziecko","Zdrowie"],"inLanguage":"pl-PL"},{"@type":"WebPage","@id":"https:\/\/katarek.pl\/zabkowanie-czy-jest-sie-czego-bac\/","url":"https:\/\/katarek.pl\/zabkowanie-czy-jest-sie-czego-bac\/","name":"Z\u0105bkowanie u niemowl\u0105t - kiedy si\u0119 zaczyna, objawy, schemat - blog Katarek","isPartOf":{"@id":"https:\/\/katarek.pl\/#website"},"primaryImageOfPage":{"@id":"https:\/\/katarek.pl\/zabkowanie-czy-jest-sie-czego-bac\/#primaryimage"},"image":{"@id":"https:\/\/katarek.pl\/zabkowanie-czy-jest-sie-czego-bac\/#primaryimage"},"thumbnailUrl":"https:\/\/katarek.pl\/wp-content\/uploads\/2016\/10\/objawy-zabkowania.jpg","datePublished":"2023-09-11T09:34:50+00:00","author":{"@id":"https:\/\/katarek.pl\/#\/schema\/person\/c7267555b2aaad4c6d15146a155bc430"},"description":"P\u00f3\u017ane i wczesne z\u0105bkowanie u niemowl\u0105t- dowiedz si\u0119, dlaczego i jak sobie z tym poradzi\u0107. Przyczyny i schemat z\u0105bkowania. Sprawd\u017a blog Katarek!","breadcrumb":{"@id":"https:\/\/katarek.pl\/zabkowanie-czy-jest-sie-czego-bac\/#breadcrumb"},"inLanguage":"pl-PL","potentialAction":[{"@type":"ReadAction","target":["https:\/\/katarek.pl\/zabkowanie-czy-jest-sie-czego-bac\/"]}]},{"@type":"ImageObject","inLanguage":"pl-PL","@id":"https:\/\/katarek.pl\/zabkowanie-czy-jest-sie-czego-bac\/#primaryimage","url":"https:\/\/katarek.pl\/wp-content\/uploads\/2016\/10\/objawy-zabkowania.jpg","contentUrl":"https:\/\/katarek.pl\/wp-content\/uploads\/2016\/10\/objawy-zabkowania.jpg","width":2356,"height":1571,"caption":"wczesne z\u0105bkowanie"},{"@type":"BreadcrumbList","@id":"https:\/\/katarek.pl\/zabkowanie-czy-jest-sie-czego-bac\/#breadcrumb","itemListElement":[{"@type":"ListItem","position":1,"name":"Home","item":"https:\/\/katarek.pl\/"},{"@type":"ListItem","position":2,"name":"Blog","item":"https:\/\/katarek.pl\/blog\/"},{"@type":"ListItem","position":3,"name":"Z\u0105bkowanie niemowlaka okiem stomatologa &#8211; czy jest si\u0119 czego ba\u0107?"}]},{"@type":"WebSite","@id":"https:\/\/katarek.pl\/#website","url":"https:\/\/katarek.pl\/","name":"katarek.pl","description":"","potentialAction":[{"@type":"SearchAction","target":{"@type":"EntryPoint","urlTemplate":"https:\/\/katarek.pl\/?s={search_term_string}"},"query-input":{"@type":"PropertyValueSpecification","valueRequired":true,"valueName":"search_term_string"}}],"inLanguage":"pl-PL"},{"@type":"Person","@id":"https:\/\/katarek.pl\/#\/schema\/person\/c7267555b2aaad4c6d15146a155bc430","name":"katarek","url":"https:\/\/katarek.pl\/author\/katarek\/"}]}},"acf":[],"gutenberg_blocks":[{"blockName":"custom-styles","attrs":{"styles":""}}],"meta_data":false,"featured_image":{"url":"https:\/\/katarek.pl\/wp-content\/uploads\/2016\/10\/objawy-zabkowania-1024x683.jpg"},"main_category":{"name":"Dziecko"},"prev_page":{"slug":"bezdech-senny-u-dziecka-objawy-leczenie-porady"},"next_page":{"slug":"urlop-ojcowski-tacierzynski-ktory-wybrac"},"_links":{"self":[{"href":"https:\/\/katarek.pl\/index.php\/wp-json\/wp\/v2\/posts\/2625","targetHints":{"allow":["GET"]}}],"collection":[{"href":"https:\/\/katarek.pl\/index.php\/wp-json\/wp\/v2\/posts"}],"about":[{"href":"https:\/\/katarek.pl\/index.php\/wp-json\/wp\/v2\/types\/post"}],"author":[{"embeddable":true,"href":"https:\/\/katarek.pl\/index.php\/wp-json\/wp\/v2\/users\/7"}],"replies":[{"embeddable":true,"href":"https:\/\/katarek.pl\/index.php\/wp-json\/wp\/v2\/comments?post=2625"}],"version-history":[{"count":0,"href":"https:\/\/katarek.pl\/index.php\/wp-json\/wp\/v2\/posts\/2625\/revisions"}],"wp:featuredmedia":[{"embeddable":true,"href":"https:\/\/katarek.pl\/index.php\/wp-json\/wp\/v2\/media\/2987"}],"wp:attachment":[{"href":"https:\/\/katarek.pl\/index.php\/wp-json\/wp\/v2\/media?parent=2625"}],"wp:term":[{"taxonomy":"category","embeddable":true,"href":"https:\/\/katarek.pl\/index.php\/wp-json\/wp\/v2\/categories?post=2625"},{"taxonomy":"post_tag","embeddable":true,"href":"https:\/\/katarek.pl\/index.php\/wp-json\/wp\/v2\/tags?post=2625"}],"curies":[{"name":"wp","href":"https:\/\/api.w.org\/{rel}","templated":true}]}}