{"id":2537,"date":"2023-01-20T13:01:34","date_gmt":"2023-01-20T12:01:34","guid":{"rendered":"https:\/\/katarek.pl\/blog\/?p=2537"},"modified":"2025-09-26T14:45:56","modified_gmt":"2025-09-26T12:45:56","slug":"katar-a-alergie-rozpoznac-leczyc-alergiczny-niezyt-nosa","status":"publish","type":"post","link":"https:\/\/katarek.pl\/katar-a-alergie-rozpoznac-leczyc-alergiczny-niezyt-nosa\/","title":{"rendered":"Katar a alergie: jak rozpozna\u0107 i leczy\u0107 alergiczny nie\u017cyt nosa"},"content":{"rendered":"<p><b>Spis tre\u015bci<\/b><\/p>\n<ul>\n<li><a href=\"#jak-odroznic-katar-alergiczny-od-zwykego\">Jak odr\u00f3\u017cni\u0107 katar alergiczny od zwyk\u0142ego?<\/a><\/li>\n<li><a href=\"#jak-leczyc-alergiczny-niezyt-nosa\">Jak leczy\u0107 alergiczny nie\u017cyt nosa?<\/a><\/li>\n<\/ul>\n<p><span style=\"font-weight: 400;\">Alergiczny nie\u017cyt nosa, je\u015bli nie jest skutecznie leczony, mo\u017ce prowadzi\u0107 do naprawd\u0119 powa\u017cnych zmian w funkcjonowaniu uk\u0142adu oddechowego, a powik\u0142ania takie jak zapalenie zatok, a nawet rozw\u00f3j polip\u00f3w, staj\u0105 si\u0119 realnym zagro\u017ceniem.\u00a0<\/span><\/p>\n<p><span style=\"font-weight: 400;\">Jak wiesz, katar mo\u017ce mie\u0107 tak naprawd\u0119 dziesi\u0105tki r\u00f3\u017cnych powod\u00f3w (je\u015bli chcesz je pozna\u0107, zerknij na nasz artyku\u0142 \u2013 <\/span><a href=\"https:\/\/katarek.pl\/blog\/przyczyny-kataru-u-dzieci\/\"><span style=\"font-weight: 400;\">Przyczyny kataru u dzieci<\/span><\/a><span style=\"font-weight: 400;\">), ale niezale\u017cnie od tego, co le\u017cy u \u017ar\u00f3d\u0142a problemu, im szybciej podejmiesz kroki, tym lepiej. W przypadku konieczno\u015bci rozpoznania kataru alergicznego to bardzo wa\u017cne.\u00a0<\/span><\/p>\n<h2 id=\"jak-odroznic-katar-alergiczny-od-zwykego\"><b>Jak odr\u00f3\u017cni\u0107 katar alergiczny od zwyk\u0142ego?<\/b><\/h2>\n<p><span style=\"font-weight: 400;\">Je\u015bli maluch skar\u017cy si\u0119 na pogorszone samopoczucie, a mimo og\u00f3lnego zdrowia i braku gor\u0105czki towarzyszy mu przeci\u0105gaj\u0105cy si\u0119 tygodniami katar, powinna zapali\u0107 si\u0119 w Twojej g\u0142owie czerwona lampka \u2013 mo\u017ce to alergia?<\/span><\/p>\n<p><span style=\"font-weight: 400;\">Ale jak w\u0142a\u015bciwie rozr\u00f3\u017cni\u0107 infekcj\u0119 od alergii, je\u015bli wiele objaw\u00f3w (kaszel, katar, kichanie, b\u00f3l g\u0142owy) s\u0105 do siebie bardzo podobne?<\/span><\/p>\n<p><span style=\"font-weight: 400;\">Najcz\u0119stsze problemy zwi\u0105zane z katarem alergicznym to:<\/span><\/p>\n<ul>\n<li style=\"font-weight: 400;\" aria-level=\"1\"><span style=\"font-weight: 400;\">problemy ze snem (zar\u00f3wno zasypianiem, jak i np. przesypianiem nocy),<\/span><\/li>\n<li style=\"font-weight: 400;\" aria-level=\"1\"><span style=\"font-weight: 400;\">b\u00f3l g\u0142owy o przewlek\u0142ym charakterze,<\/span><\/li>\n<li style=\"font-weight: 400;\" aria-level=\"1\"><span style=\"font-weight: 400;\">b\u00f3l zatok,<\/span><\/li>\n<li style=\"font-weight: 400;\" aria-level=\"1\"><span style=\"font-weight: 400;\">przem\u0119czenie,<\/span><\/li>\n<li style=\"font-weight: 400;\" aria-level=\"1\"><span style=\"font-weight: 400;\">kichanie, szczeg\u00f3lnie napadowe (salwami),<\/span><\/li>\n<li style=\"font-weight: 400;\" aria-level=\"1\"><span style=\"font-weight: 400;\">zapalenie spoj\u00f3wek.<\/span><\/li>\n<\/ul>\n<p><img loading=\"lazy\" decoding=\"async\" class=\"aligncenter wp-image-2539 size-full\" src=\"https:\/\/katarek.pl\/wp-content\/uploads\/2023\/01\/caroline-hernandez-g5njilfgyy8-unsplash.jpg\" alt=\"Jak odr\u00f3\u017cni\u0107 katar alergiczny od zwyk\u0142ego?\" width=\"640\" height=\"424\" srcset=\"https:\/\/katarek.pl\/wp-content\/uploads\/2023\/01\/caroline-hernandez-g5njilfgyy8-unsplash.jpg 640w, https:\/\/katarek.pl\/wp-content\/uploads\/2023\/01\/caroline-hernandez-g5njilfgyy8-unsplash-600x398.jpg 600w, https:\/\/katarek.pl\/wp-content\/uploads\/2023\/01\/caroline-hernandez-g5njilfgyy8-unsplash-450x298.jpg 450w, https:\/\/katarek.pl\/wp-content\/uploads\/2023\/01\/caroline-hernandez-g5njilfgyy8-unsplash-500x331.jpg 500w, https:\/\/katarek.pl\/wp-content\/uploads\/2023\/01\/caroline-hernandez-g5njilfgyy8-unsplash-300x199.jpg 300w\" sizes=\"(max-width: 640px) 100vw, 640px\" \/><\/p>\n<p><span style=\"font-weight: 400;\">Je\u015bli katarowi towarzysz\u0105 powy\u017csze objawy \u2013 warto powa\u017cnie zastanowi\u0107 si\u0119 nad wizyt\u0105 u alergologa. Chcesz przeprowadzi\u0107 wst\u0119pn\u0105, niezobowi\u0105zuj\u0105c\u0105 diagnoz\u0119 w domu, zanim uda Ci si\u0119 spotka\u0107 z lekarzem? Podpowiadamy, na co zwr\u00f3ci\u0107 uwag\u0119.<\/span><\/p>\n<ol>\n<li style=\"font-weight: 400;\" aria-level=\"1\"><span style=\"font-weight: 400;\">Specyfika kataru \u2013 katar alergiczny jest rzadki, wydzielina ma wodnist\u0105 struktur\u0119, cz\u0119sto dos\u0142ownie cieknie maluchowi z nosa.<\/span><\/li>\n<li style=\"font-weight: 400;\" aria-level=\"1\"><span style=\"font-weight: 400;\">Kaszel \u2013 w tym sp\u0142ywanie wydzieliny po tylnej \u015bcianie gard\u0142a powoduj\u0105ce cz\u0119ste pokas\u0142ywanie.<\/span><\/li>\n<li style=\"font-weight: 400;\" aria-level=\"1\"><span style=\"font-weight: 400;\">Zaczerwienienie oczu \u2013 alergii bardzo cz\u0119sto towarzyszy zapalenie spoj\u00f3wek, a tak\u017ce problemy ze sw\u0119dzeniem oczu, \u0142zawieniem czy w\u0142a\u015bnie zaczerwienieniem. Je\u015bli obserwujesz takie objawy u swojego dziecka, szansa alergii jest bardzo wysoka.<\/span><\/li>\n<li style=\"font-weight: 400;\" aria-level=\"1\"><span style=\"font-weight: 400;\">Sw\u0119dzenie gard\u0142a \u2013 czasem alergia objawia si\u0119 b\u00f3lem gard\u0142a, ale r\u00f3wnie cz\u0119sty jest jego \u015bwi\u0105d spowodowany przez dostanie si\u0119 alergen\u00f3w do dalszej cz\u0119\u015bci dr\u00f3g oddechowych.<\/span><\/li>\n<li style=\"font-weight: 400;\" aria-level=\"1\"><span style=\"font-weight: 400;\">Czas trwania objaw\u00f3w \u2013 je\u015bli utrzymuj\u0105 si\u0119 tygodniami (a cz\u0119sto nawet miesi\u0105cami!) i obserwujesz ich nat\u0119\u017cenie w konkretnych sytuacjach (np. po wyj\u015bciu na zewn\u0105trz latem czy z kolei sp\u0119dzaniu czasu w domu zim\u0105), bardzo prawdopodobne, \u017ce zmagasz si\u0119 z katarem alergicznym.<\/span><\/li>\n<li style=\"font-weight: 400;\" aria-level=\"1\"><span style=\"font-weight: 400;\">Duszno\u015bci \u2013 uczucie duszno\u015bci oraz problemy z oddychaniem to cz\u0119ste objawy alergii.<\/span><\/li>\n<li style=\"font-weight: 400;\" aria-level=\"1\"><span style=\"font-weight: 400;\">Wycofanie, problemy ze skupieniem \u2013 cz\u0119sto objawy alergii wi\u0105\u017c\u0105 si\u0119 te\u017c z otumanieniem i uczuciem przewlek\u0142ego zm\u0119czenia, dlatego, je\u015bli dziecko zaczyna mie\u0107 problemy w nauce czy kontaktach z r\u00f3wie\u015bnikami, warto rozwa\u017cy\u0107 wizyt\u0119 u alergologa, aby wykluczy\u0107 lub potwierdzi\u0107 alergi\u0119.<\/span><\/li>\n<li style=\"font-weight: 400;\" aria-level=\"1\"><span style=\"font-weight: 400;\">Kichanie \u2013 na pewno uda\u0142o Ci si\u0119 zauwa\u017cy\u0107, jak cz\u0119sto katarowi towarzyszy kichanie W ten spos\u00f3b organizm pr\u00f3buje broni\u0107 si\u0119 przed alergenami (np. py\u0142kami, roztoczami).<\/span><\/li>\n<\/ol>\n<h2 id=\"jak-leczyc-alergiczny-niezyt-nosa\"><b>Jak leczy\u0107 alergiczny nie\u017cyt nosa?<\/b><\/h2>\n<p><span style=\"font-weight: 400;\">Leki dobierane s\u0105 przez specjalist\u0119 \u2013 musisz spotka\u0107 si\u0119 z alergologiem, aby ustali\u0107 odpowiednie leczenie po wykonaniu test\u00f3w. Nie eksperymentuj na w\u0142asn\u0105 r\u0119k\u0119 \u2013 chodzi w ko\u0144cu o zdrowie dziecka. Samodzielnie mo\u017cesz:<\/span><\/p>\n<ul>\n<li style=\"font-weight: 400;\" aria-level=\"1\"><span style=\"font-weight: 400;\">ograniczy\u0107 ekspozycj\u0119 na alergeny,<\/span><\/li>\n<li style=\"font-weight: 400;\" aria-level=\"1\"><span style=\"font-weight: 400;\">oczyszcza\u0107 nos (np. z pomoc\u0105 aspirator\u00f3w),<\/span><\/li>\n<li style=\"font-weight: 400;\" aria-level=\"1\"><span style=\"font-weight: 400;\">wykonywa\u0107 inhalacje,<\/span><\/li>\n<li style=\"font-weight: 400;\" aria-level=\"1\"><span style=\"font-weight: 400;\">nawil\u017ca\u0107 \u015bluz\u00f3wk\u0119 nosa,<\/span><\/li>\n<li style=\"font-weight: 400;\" aria-level=\"1\"><span style=\"font-weight: 400;\">stosowa\u0107 przepisane przez lekarza leki doustne oraz krople do oczu.<\/span><\/li>\n<\/ul>\n","protected":false},"excerpt":"Katar  to nie zawsze efekt przezi\u0119bienia \u2013 cz\u0119sto bywa r\u00f3wnie\u017c objawem reakcji alergicznej, zar\u00f3wno wziewnej, jak i sk\u00f3rnej, a nawet pokarmowej. Dlaczego tak wa\u017cne jest w\u0142a\u015bciwe rozpoznanie kataru alergicznego i wdro\u017cenie odpowiedniego leczenia? I, co najwa\u017cniejsze, jak to zrobi\u0107? Odpowiedzi na wszystkie pytania znajdziesz w tym artykule.","author":7,"featured_media":2538,"comment_status":"open","ping_status":"open","sticky":false,"template":"","format":"standard","meta":{"_acf_changed":false,"inline_featured_image":false,"editor_plus_copied_stylings":"{}","footnotes":""},"categories":[41],"tags":[],"class_list":["post-2537","post","type-post","status-publish","format-standard","has-post-thumbnail","hentry","category-zdrowie-dziecko"],"yoast_head":"<!-- This site is optimized with the Yoast SEO plugin v27.4 - https:\/\/yoast.com\/product\/yoast-seo-wordpress\/ -->\n<title>Katar a alergie: jak rozpozna\u0107 i leczy\u0107 alergiczny nie\u017cyt nosa - katarek.pl<\/title>\n<meta name=\"description\" content=\"Katar alergiczny u dziecka - jak go rozpozna\u0107 i leczy\u0107? Poznaj objawy alergii i dowiedz si\u0119, jak pom\u00f3c ma\u0142emu alergikowi. Sprawd\u017a artyku\u0142!\" \/>\n<meta name=\"robots\" content=\"index, follow, max-snippet:-1, max-image-preview:large, max-video-preview:-1\" \/>\n<link rel=\"canonical\" href=\"https:\/\/katarek.pl\/katar-a-alergie-rozpoznac-leczyc-alergiczny-niezyt-nosa\/\" \/>\n<meta property=\"og:locale\" content=\"pl_PL\" \/>\n<meta property=\"og:type\" content=\"article\" \/>\n<meta property=\"og:title\" content=\"Katar a alergie: jak rozpozna\u0107 i leczy\u0107 alergiczny nie\u017cyt nosa - katarek.pl\" \/>\n<meta property=\"og:description\" content=\"Katar alergiczny u dziecka - jak go rozpozna\u0107 i leczy\u0107? Poznaj objawy alergii i dowiedz si\u0119, jak pom\u00f3c ma\u0142emu alergikowi. Sprawd\u017a artyku\u0142!\" \/>\n<meta property=\"og:url\" content=\"https:\/\/katarek.pl\/katar-a-alergie-rozpoznac-leczyc-alergiczny-niezyt-nosa\/\" \/>\n<meta property=\"og:site_name\" content=\"katarek.pl\" \/>\n<meta property=\"article:published_time\" content=\"2023-01-20T12:01:34+00:00\" \/>\n<meta property=\"article:modified_time\" content=\"2025-09-26T12:45:56+00:00\" \/>\n<meta property=\"og:image\" content=\"https:\/\/katarek.pl\/wp-content\/uploads\/2023\/01\/coley-christine-gyvmk5ppdxi-unsplash.jpg\" \/>\n\t<meta property=\"og:image:width\" content=\"640\" \/>\n\t<meta property=\"og:image:height\" content=\"512\" \/>\n\t<meta property=\"og:image:type\" content=\"image\/jpeg\" \/>\n<meta name=\"author\" content=\"katarek\" \/>\n<meta name=\"twitter:card\" content=\"summary_large_image\" \/>\n<meta name=\"twitter:label1\" content=\"Napisane przez\" \/>\n\t<meta name=\"twitter:data1\" content=\"katarek\" \/>\n\t<meta name=\"twitter:label2\" content=\"Szacowany czas czytania\" \/>\n\t<meta name=\"twitter:data2\" content=\"4 minuty\" \/>\n<script type=\"application\/ld+json\" class=\"yoast-schema-graph\">{\"@context\":\"https:\\\/\\\/schema.org\",\"@graph\":[{\"@type\":\"Article\",\"@id\":\"https:\\\/\\\/katarek.pl\\\/katar-a-alergie-rozpoznac-leczyc-alergiczny-niezyt-nosa\\\/#article\",\"isPartOf\":{\"@id\":\"https:\\\/\\\/katarek.pl\\\/katar-a-alergie-rozpoznac-leczyc-alergiczny-niezyt-nosa\\\/\"},\"author\":{\"name\":\"katarek\",\"@id\":\"https:\\\/\\\/katarek.pl\\\/#\\\/schema\\\/person\\\/c7267555b2aaad4c6d15146a155bc430\"},\"headline\":\"Katar a alergie: jak rozpozna\u0107 i leczy\u0107 alergiczny nie\u017cyt nosa\",\"datePublished\":\"2023-01-20T12:01:34+00:00\",\"dateModified\":\"2025-09-26T12:45:56+00:00\",\"mainEntityOfPage\":{\"@id\":\"https:\\\/\\\/katarek.pl\\\/katar-a-alergie-rozpoznac-leczyc-alergiczny-niezyt-nosa\\\/\"},\"wordCount\":592,\"commentCount\":0,\"image\":{\"@id\":\"https:\\\/\\\/katarek.pl\\\/katar-a-alergie-rozpoznac-leczyc-alergiczny-niezyt-nosa\\\/#primaryimage\"},\"thumbnailUrl\":\"https:\\\/\\\/katarek.pl\\\/wp-content\\\/uploads\\\/2023\\\/01\\\/coley-christine-gyvmk5ppdxi-unsplash.jpg\",\"articleSection\":[\"Zdrowie\"],\"inLanguage\":\"pl-PL\"},{\"@type\":\"WebPage\",\"@id\":\"https:\\\/\\\/katarek.pl\\\/katar-a-alergie-rozpoznac-leczyc-alergiczny-niezyt-nosa\\\/\",\"url\":\"https:\\\/\\\/katarek.pl\\\/katar-a-alergie-rozpoznac-leczyc-alergiczny-niezyt-nosa\\\/\",\"name\":\"Katar a alergie: jak rozpozna\u0107 i leczy\u0107 alergiczny nie\u017cyt nosa - katarek.pl\",\"isPartOf\":{\"@id\":\"https:\\\/\\\/katarek.pl\\\/#website\"},\"primaryImageOfPage\":{\"@id\":\"https:\\\/\\\/katarek.pl\\\/katar-a-alergie-rozpoznac-leczyc-alergiczny-niezyt-nosa\\\/#primaryimage\"},\"image\":{\"@id\":\"https:\\\/\\\/katarek.pl\\\/katar-a-alergie-rozpoznac-leczyc-alergiczny-niezyt-nosa\\\/#primaryimage\"},\"thumbnailUrl\":\"https:\\\/\\\/katarek.pl\\\/wp-content\\\/uploads\\\/2023\\\/01\\\/coley-christine-gyvmk5ppdxi-unsplash.jpg\",\"datePublished\":\"2023-01-20T12:01:34+00:00\",\"dateModified\":\"2025-09-26T12:45:56+00:00\",\"author\":{\"@id\":\"https:\\\/\\\/katarek.pl\\\/#\\\/schema\\\/person\\\/c7267555b2aaad4c6d15146a155bc430\"},\"description\":\"Katar alergiczny u dziecka - jak go rozpozna\u0107 i leczy\u0107? Poznaj objawy alergii i dowiedz si\u0119, jak pom\u00f3c ma\u0142emu alergikowi. Sprawd\u017a artyku\u0142!\",\"breadcrumb\":{\"@id\":\"https:\\\/\\\/katarek.pl\\\/katar-a-alergie-rozpoznac-leczyc-alergiczny-niezyt-nosa\\\/#breadcrumb\"},\"inLanguage\":\"pl-PL\",\"potentialAction\":[{\"@type\":\"ReadAction\",\"target\":[\"https:\\\/\\\/katarek.pl\\\/katar-a-alergie-rozpoznac-leczyc-alergiczny-niezyt-nosa\\\/\"]}]},{\"@type\":\"ImageObject\",\"inLanguage\":\"pl-PL\",\"@id\":\"https:\\\/\\\/katarek.pl\\\/katar-a-alergie-rozpoznac-leczyc-alergiczny-niezyt-nosa\\\/#primaryimage\",\"url\":\"https:\\\/\\\/katarek.pl\\\/wp-content\\\/uploads\\\/2023\\\/01\\\/coley-christine-gyvmk5ppdxi-unsplash.jpg\",\"contentUrl\":\"https:\\\/\\\/katarek.pl\\\/wp-content\\\/uploads\\\/2023\\\/01\\\/coley-christine-gyvmk5ppdxi-unsplash.jpg\",\"width\":640,\"height\":512,\"caption\":\"Jak leczy\u0107 alergiczny nie\u017cyt nosa?\"},{\"@type\":\"BreadcrumbList\",\"@id\":\"https:\\\/\\\/katarek.pl\\\/katar-a-alergie-rozpoznac-leczyc-alergiczny-niezyt-nosa\\\/#breadcrumb\",\"itemListElement\":[{\"@type\":\"ListItem\",\"position\":1,\"name\":\"Home\",\"item\":\"https:\\\/\\\/katarek.pl\\\/\"},{\"@type\":\"ListItem\",\"position\":2,\"name\":\"Blog\",\"item\":\"https:\\\/\\\/katarek.pl\\\/blog\\\/\"},{\"@type\":\"ListItem\",\"position\":3,\"name\":\"Katar a alergie: jak rozpozna\u0107 i leczy\u0107 alergiczny nie\u017cyt nosa\"}]},{\"@type\":\"WebSite\",\"@id\":\"https:\\\/\\\/katarek.pl\\\/#website\",\"url\":\"https:\\\/\\\/katarek.pl\\\/\",\"name\":\"katarek.pl\",\"description\":\"\",\"potentialAction\":[{\"@type\":\"SearchAction\",\"target\":{\"@type\":\"EntryPoint\",\"urlTemplate\":\"https:\\\/\\\/katarek.pl\\\/?s={search_term_string}\"},\"query-input\":{\"@type\":\"PropertyValueSpecification\",\"valueRequired\":true,\"valueName\":\"search_term_string\"}}],\"inLanguage\":\"pl-PL\"},{\"@type\":\"Person\",\"@id\":\"https:\\\/\\\/katarek.pl\\\/#\\\/schema\\\/person\\\/c7267555b2aaad4c6d15146a155bc430\",\"name\":\"katarek\",\"url\":\"https:\\\/\\\/katarek.pl\\\/author\\\/katarek\\\/\"}]}<\/script>\n<!-- \/ Yoast SEO plugin. -->","yoast_head_json":{"title":"Katar a alergie: jak rozpozna\u0107 i leczy\u0107 alergiczny nie\u017cyt nosa - katarek.pl","description":"Katar alergiczny u dziecka - jak go rozpozna\u0107 i leczy\u0107? Poznaj objawy alergii i dowiedz si\u0119, jak pom\u00f3c ma\u0142emu alergikowi. Sprawd\u017a artyku\u0142!","robots":{"index":"index","follow":"follow","max-snippet":"max-snippet:-1","max-image-preview":"max-image-preview:large","max-video-preview":"max-video-preview:-1"},"canonical":"https:\/\/katarek.pl\/katar-a-alergie-rozpoznac-leczyc-alergiczny-niezyt-nosa\/","og_locale":"pl_PL","og_type":"article","og_title":"Katar a alergie: jak rozpozna\u0107 i leczy\u0107 alergiczny nie\u017cyt nosa - katarek.pl","og_description":"Katar alergiczny u dziecka - jak go rozpozna\u0107 i leczy\u0107? Poznaj objawy alergii i dowiedz si\u0119, jak pom\u00f3c ma\u0142emu alergikowi. Sprawd\u017a artyku\u0142!","og_url":"https:\/\/katarek.pl\/katar-a-alergie-rozpoznac-leczyc-alergiczny-niezyt-nosa\/","og_site_name":"katarek.pl","article_published_time":"2023-01-20T12:01:34+00:00","article_modified_time":"2025-09-26T12:45:56+00:00","og_image":[{"width":640,"height":512,"url":"https:\/\/katarek.pl\/wp-content\/uploads\/2023\/01\/coley-christine-gyvmk5ppdxi-unsplash.jpg","type":"image\/jpeg"}],"author":"katarek","twitter_card":"summary_large_image","twitter_misc":{"Napisane przez":"katarek","Szacowany czas czytania":"4 minuty"},"schema":{"@context":"https:\/\/schema.org","@graph":[{"@type":"Article","@id":"https:\/\/katarek.pl\/katar-a-alergie-rozpoznac-leczyc-alergiczny-niezyt-nosa\/#article","isPartOf":{"@id":"https:\/\/katarek.pl\/katar-a-alergie-rozpoznac-leczyc-alergiczny-niezyt-nosa\/"},"author":{"name":"katarek","@id":"https:\/\/katarek.pl\/#\/schema\/person\/c7267555b2aaad4c6d15146a155bc430"},"headline":"Katar a alergie: jak rozpozna\u0107 i leczy\u0107 alergiczny nie\u017cyt nosa","datePublished":"2023-01-20T12:01:34+00:00","dateModified":"2025-09-26T12:45:56+00:00","mainEntityOfPage":{"@id":"https:\/\/katarek.pl\/katar-a-alergie-rozpoznac-leczyc-alergiczny-niezyt-nosa\/"},"wordCount":592,"commentCount":0,"image":{"@id":"https:\/\/katarek.pl\/katar-a-alergie-rozpoznac-leczyc-alergiczny-niezyt-nosa\/#primaryimage"},"thumbnailUrl":"https:\/\/katarek.pl\/wp-content\/uploads\/2023\/01\/coley-christine-gyvmk5ppdxi-unsplash.jpg","articleSection":["Zdrowie"],"inLanguage":"pl-PL"},{"@type":"WebPage","@id":"https:\/\/katarek.pl\/katar-a-alergie-rozpoznac-leczyc-alergiczny-niezyt-nosa\/","url":"https:\/\/katarek.pl\/katar-a-alergie-rozpoznac-leczyc-alergiczny-niezyt-nosa\/","name":"Katar a alergie: jak rozpozna\u0107 i leczy\u0107 alergiczny nie\u017cyt nosa - katarek.pl","isPartOf":{"@id":"https:\/\/katarek.pl\/#website"},"primaryImageOfPage":{"@id":"https:\/\/katarek.pl\/katar-a-alergie-rozpoznac-leczyc-alergiczny-niezyt-nosa\/#primaryimage"},"image":{"@id":"https:\/\/katarek.pl\/katar-a-alergie-rozpoznac-leczyc-alergiczny-niezyt-nosa\/#primaryimage"},"thumbnailUrl":"https:\/\/katarek.pl\/wp-content\/uploads\/2023\/01\/coley-christine-gyvmk5ppdxi-unsplash.jpg","datePublished":"2023-01-20T12:01:34+00:00","dateModified":"2025-09-26T12:45:56+00:00","author":{"@id":"https:\/\/katarek.pl\/#\/schema\/person\/c7267555b2aaad4c6d15146a155bc430"},"description":"Katar alergiczny u dziecka - jak go rozpozna\u0107 i leczy\u0107? Poznaj objawy alergii i dowiedz si\u0119, jak pom\u00f3c ma\u0142emu alergikowi. Sprawd\u017a artyku\u0142!","breadcrumb":{"@id":"https:\/\/katarek.pl\/katar-a-alergie-rozpoznac-leczyc-alergiczny-niezyt-nosa\/#breadcrumb"},"inLanguage":"pl-PL","potentialAction":[{"@type":"ReadAction","target":["https:\/\/katarek.pl\/katar-a-alergie-rozpoznac-leczyc-alergiczny-niezyt-nosa\/"]}]},{"@type":"ImageObject","inLanguage":"pl-PL","@id":"https:\/\/katarek.pl\/katar-a-alergie-rozpoznac-leczyc-alergiczny-niezyt-nosa\/#primaryimage","url":"https:\/\/katarek.pl\/wp-content\/uploads\/2023\/01\/coley-christine-gyvmk5ppdxi-unsplash.jpg","contentUrl":"https:\/\/katarek.pl\/wp-content\/uploads\/2023\/01\/coley-christine-gyvmk5ppdxi-unsplash.jpg","width":640,"height":512,"caption":"Jak leczy\u0107 alergiczny nie\u017cyt nosa?"},{"@type":"BreadcrumbList","@id":"https:\/\/katarek.pl\/katar-a-alergie-rozpoznac-leczyc-alergiczny-niezyt-nosa\/#breadcrumb","itemListElement":[{"@type":"ListItem","position":1,"name":"Home","item":"https:\/\/katarek.pl\/"},{"@type":"ListItem","position":2,"name":"Blog","item":"https:\/\/katarek.pl\/blog\/"},{"@type":"ListItem","position":3,"name":"Katar a alergie: jak rozpozna\u0107 i leczy\u0107 alergiczny nie\u017cyt nosa"}]},{"@type":"WebSite","@id":"https:\/\/katarek.pl\/#website","url":"https:\/\/katarek.pl\/","name":"katarek.pl","description":"","potentialAction":[{"@type":"SearchAction","target":{"@type":"EntryPoint","urlTemplate":"https:\/\/katarek.pl\/?s={search_term_string}"},"query-input":{"@type":"PropertyValueSpecification","valueRequired":true,"valueName":"search_term_string"}}],"inLanguage":"pl-PL"},{"@type":"Person","@id":"https:\/\/katarek.pl\/#\/schema\/person\/c7267555b2aaad4c6d15146a155bc430","name":"katarek","url":"https:\/\/katarek.pl\/author\/katarek\/"}]}},"acf":[],"gutenberg_blocks":[{"blockName":"custom-styles","attrs":{"styles":""}}],"meta_data":false,"featured_image":{"url":"https:\/\/katarek.pl\/wp-content\/uploads\/2023\/01\/coley-christine-gyvmk5ppdxi-unsplash.jpg"},"main_category":{"name":"Zdrowie"},"prev_page":{"slug":"smog-a-katar-u-dziecka"},"next_page":{"slug":"sposoby-zlagodzenie-objawow-kataru-u-dzieci-tym-domowe-sposoby-udroznienie-nosa-zlagodzenie-kichania"},"_links":{"self":[{"href":"https:\/\/katarek.pl\/index.php\/wp-json\/wp\/v2\/posts\/2537","targetHints":{"allow":["GET"]}}],"collection":[{"href":"https:\/\/katarek.pl\/index.php\/wp-json\/wp\/v2\/posts"}],"about":[{"href":"https:\/\/katarek.pl\/index.php\/wp-json\/wp\/v2\/types\/post"}],"author":[{"embeddable":true,"href":"https:\/\/katarek.pl\/index.php\/wp-json\/wp\/v2\/users\/7"}],"replies":[{"embeddable":true,"href":"https:\/\/katarek.pl\/index.php\/wp-json\/wp\/v2\/comments?post=2537"}],"version-history":[{"count":1,"href":"https:\/\/katarek.pl\/index.php\/wp-json\/wp\/v2\/posts\/2537\/revisions"}],"predecessor-version":[{"id":3746,"href":"https:\/\/katarek.pl\/index.php\/wp-json\/wp\/v2\/posts\/2537\/revisions\/3746"}],"wp:featuredmedia":[{"embeddable":true,"href":"https:\/\/katarek.pl\/index.php\/wp-json\/wp\/v2\/media\/2538"}],"wp:attachment":[{"href":"https:\/\/katarek.pl\/index.php\/wp-json\/wp\/v2\/media?parent=2537"}],"wp:term":[{"taxonomy":"category","embeddable":true,"href":"https:\/\/katarek.pl\/index.php\/wp-json\/wp\/v2\/categories?post=2537"},{"taxonomy":"post_tag","embeddable":true,"href":"https:\/\/katarek.pl\/index.php\/wp-json\/wp\/v2\/tags?post=2537"}],"curies":[{"name":"wp","href":"https:\/\/api.w.org\/{rel}","templated":true}]}}