{"id":2523,"date":"2022-12-15T14:42:26","date_gmt":"2022-12-15T13:42:26","guid":{"rendered":"https:\/\/katarek.pl\/blog\/?p=2523"},"modified":"2022-12-15T14:42:26","modified_gmt":"2022-12-15T13:42:26","slug":"dlaczego-katar-trwa-7-dni","status":"publish","type":"post","link":"https:\/\/katarek.pl\/dlaczego-katar-trwa-7-dni\/","title":{"rendered":"Dlaczego katar trwa 7 dni?"},"content":{"rendered":"<p><b>Katar leczony trwa 7 dni, nieleczony tydzie\u0144<\/b><span style=\"font-weight: 400;\"> \u2013 to chyba jedno z najpopularniejszych hase\u0142 dotycz\u0105cych kataru. Co jednak ma wsp\u00f3lnego z prawd\u0105 i czy faktycznie jest tak, \u017ce ka\u017cdy typ kataru trwa tyle samo? No i co je\u015bli katar jest tylko objawem, nie problemem samym w sobie? Sprawd\u017a, co robi\u0107, gdy utrzymuj\u0105cy si\u0119 <\/span><b>katar ponad tydzie\u0144<\/b><span style=\"font-weight: 400;\"> utrudnia Ci \u017cycie i kiedy nale\u017cy zacz\u0105\u0107 si\u0119 martwi\u0107.<\/span><\/p>\n<h2><b>Dlaczego katar trwa 7 dni\u2026 i czy to w og\u00f3le prawda?<\/b><\/h2>\n<p><span style=\"font-weight: 400;\">Gdy mowa o typowym nie\u017cycie nosa \u2013 czyli zapaleniu b\u0142ony \u015bluzowej nosa \u2013 rzeczywi\u015bcie szacuje si\u0119, \u017ce taki stan trwa w przybli\u017ceniu 7 dni, a cz\u0119sto nawet tylko 2. Wi\u0105\u017ce si\u0119 to z u\u015brednionym czasem zwalczenia nie\u017cytu przez uk\u0142ad odporno\u015bciowy cz\u0142owieka, oczywi\u015bcie przy za\u0142o\u017ceniu, \u017ce jest on w pe\u0142ni sprawny i nie choruje na nic innego.<\/span><\/p>\n<p><span style=\"font-weight: 400;\">W\u00f3wczas p\u0142ynna wydzielina z nosa, cz\u0119ste kichanie, uczucie zatkanego nosa (czasem \u0142\u0105cz\u0105ce si\u0119 z b\u00f3lem g\u0142owy), a nawet kaszel i pieczenie spoj\u00f3wek nie powinny martwi\u0107. Ale pami\u0119taj, \u017ce to wszystko to tylko teoria \u2013 bowiem ju\u017c stan przezi\u0119bienia organizmu \u2013 a co dopiero grypa! \u2013 sprawia, \u017ce katar mo\u017ce przed\u0142u\u017cy\u0107 si\u0119 dwukrotnie, przeci\u0105gaj\u0105c nawet do dw\u00f3ch tygodni.\u00a0<\/span><\/p>\n<p><span style=\"font-weight: 400;\">Gdy katar zwi\u0105zany jest z powa\u017cniejsz\u0105 infekcj\u0105 albo stanowi tylko jeden z powa\u017cniejszych objaw\u00f3w, musisz si\u0119 tym zainteresowa\u0107, nieprawd\u0105 bowiem jest, \u017ce <\/span><b>katar leczony trwa 7 dni, nieleczony tydzie\u0144. <\/b><span style=\"font-weight: 400;\">Wr\u0119cz przeciwnie \u2013 nieleczony, bagatelizowany jako nic nieznacz\u0105cy objaw katar mo\u017ce przerodzi\u0107 si\u0119 w du\u017co powa\u017cniejsze problemy zdrowotne i pozostawi\u0107 Ci\u0119 z ci\u0105gn\u0105cymi si\u0119 przez d\u0142ugie miesi\u0105ce konsekwencjami jednego, niepozornego zaniedbania.\u00a0<\/span><\/p>\n<p><span style=\"font-weight: 400;\">Obalmy wi\u0119c raz na zawsze ten mit \u2013 nie, katar nie utrzymuje si\u0119 zawsze tyle samo czasu, a okres, w jakim organizm poradzi sobie z infekcj\u0105 b\u0142ony \u015bluzowej nosa, jest zale\u017cny od tego, jakie dzia\u0142ania podejmie chory.<\/span><\/p>\n<p><img loading=\"lazy\" decoding=\"async\" class=\"aligncenter wp-image-2526 size-full\" src=\"https:\/\/katarek.pl\/wp-content\/uploads\/2022\/12\/pexels-gustavo-fring-3985185.jpg\" alt=\"Dlaczego katar trwa 7 dni\u2026 i czy to w og\u00f3le prawda?\" width=\"640\" height=\"427\" srcset=\"https:\/\/katarek.pl\/wp-content\/uploads\/2022\/12\/pexels-gustavo-fring-3985185.jpg 640w, https:\/\/katarek.pl\/wp-content\/uploads\/2022\/12\/pexels-gustavo-fring-3985185-600x400.jpg 600w, https:\/\/katarek.pl\/wp-content\/uploads\/2022\/12\/pexels-gustavo-fring-3985185-450x300.jpg 450w, https:\/\/katarek.pl\/wp-content\/uploads\/2022\/12\/pexels-gustavo-fring-3985185-500x334.jpg 500w, https:\/\/katarek.pl\/wp-content\/uploads\/2022\/12\/pexels-gustavo-fring-3985185-300x200.jpg 300w\" sizes=\"(max-width: 640px) 100vw, 640px\" \/><\/p>\n<h2><b>Katar d\u0142u\u017cej ni\u017c 7 dni \u2013 czy powinien ci\u0119 martwi\u0107?<\/b><\/h2>\n<p><span style=\"font-weight: 400;\">Jak wspomnieli\u015bmy wy\u017cej, katar katarowi nier\u00f3wny, co oznacza, \u017ce zwyk\u0142e zapalenie b\u0142ony \u015bluzowej nosa b\u0119dzie utrzymywa\u0107 si\u0119 kr\u00f3cej ni\u017c nie\u017cyt powi\u0105zany z wi\u0119ksz\u0105 infekcj\u0105, np. gryp\u0105. Wtedy <\/span><b>katar ponad tydzie\u0144<\/b><span style=\"font-weight: 400;\"> nie powinien dziwi\u0107 \u2013 musisz da\u0107 swojemu organizmowi czas, aby rozprawi\u0142 si\u0119 z niepo\u017c\u0105danymi objawami, ale pami\u0119taj, \u017ce nie musi walczy\u0107 sam. Prewencja i profilaktyka s\u0105 bardzo istotne, podobnie jak podj\u0119cie aktywnych dzia\u0142a\u0144 ju\u017c w momencie zachorowania.\u00a0<\/span><\/p>\n<p><span style=\"font-weight: 400;\">No dobrze, ale <\/span><b>katar d\u0142u\u017cej ni\u017c 7 dni<\/b><span style=\"font-weight: 400;\"> to niekoniecznie 14, prawda? Co, je\u015bli katar utrzymuje si\u0119 miesi\u0105c czy dwa i nigdzie si\u0119 nie wybiera?<\/span><\/p>\n<p><span style=\"font-weight: 400;\">Wtedy musisz zastanowi\u0107 si\u0119 nad tym, co le\u017cy u jego pod\u0142o\u017ca i dok\u0142adnie okre\u015bli\u0107 charakterystyk\u0119 nie\u017cytu nosa.\u00a0<\/span><\/p>\n<p><span style=\"font-weight: 400;\">Mo\u017ce si\u0119 bowiem okaza\u0107, \u017ce nie jest to katar wywo\u0142any wirusami, a na przyk\u0142ad odpowied\u017a organizmu na obecne w Twoim otoczeniu alergeny (alergie wziewne bardzo cz\u0119sto wywo\u0142uj\u0105 d\u0142ugotrwa\u0142y katar, kt\u00f3ry mo\u017ce trwa\u0107 nawet przez ca\u0142y okres pylenia\/aktywno\u015bci danego alergenu!). Katar alergiczny wygl\u0105da nieco inaczej ni\u017c typowy katar chorobowy \u2013 jest rzadszy, bardziej p\u0142ynny, przezroczysty. Je\u015bli podejrzewasz u siebie alergi\u0119, koniecznie udaj si\u0119 do specjalisty, aby wykluczy\u0107 lub potwierdzi\u0107 t\u0119 przyczyn\u0119.<\/span><\/p>\n<p><span style=\"font-weight: 400;\">Zdarza si\u0119 te\u017c, \u017ce zwyk\u0142y nie\u017cyt nosa zd\u0105\u017cy\u0142 przerodzi\u0107 si\u0119 w powa\u017cniejsz\u0105 infekcj\u0119 albo zej\u015b\u0107 do zatok, infekuj\u0105c je i powoduj\u0105c ich zapalenie. Je\u015bli widzisz u siebie objawy zapalenia zatok lub inne niepokoj\u0105ce symptomy powi\u0105zane z przeci\u0105gaj\u0105cym si\u0119, trwaj\u0105cym du\u017co ponad tydzie\u0144 katarem, odwied\u017a lekarza, kt\u00f3ry postawi w\u0142a\u015bciw\u0105 diagnoz\u0119 i pomo\u017ce Ci wr\u00f3ci\u0107 do zdrowia.<\/span><\/p>\n","protected":false},"excerpt":"Katar leczony trwa 7 dni, nieleczony tydzie\u0144 \u2013 to chyba jedno z najpopularniejszych hase\u0142 dotycz\u0105cych kataru. Co jednak ma wsp\u00f3lnego z prawd\u0105 i czy faktycznie jest tak, \u017ce ka\u017cdy typ kataru trwa tyle samo? No i co je\u015bli katar jest tylko objawem, nie problemem samym w sobie? Sprawd\u017a, co robi\u0107, gdy utrzymuj\u0105cy si\u0119 katar ponad [&hellip;]","author":7,"featured_media":2525,"comment_status":"open","ping_status":"open","sticky":false,"template":"","format":"standard","meta":{"_acf_changed":false,"inline_featured_image":false,"editor_plus_copied_stylings":"{}","footnotes":""},"categories":[41],"tags":[],"class_list":["post-2523","post","type-post","status-publish","format-standard","has-post-thumbnail","hentry","category-zdrowie-dziecko"],"yoast_head":"<!-- This site is optimized with the Yoast SEO plugin v27.4 - https:\/\/yoast.com\/product\/yoast-seo-wordpress\/ -->\n<title>Dlaczego katar trwa 7 dni? - katarek.pl<\/title>\n<meta name=\"description\" content=\"Katar leczony trwa 7 dni, nieleczony tydzie\u0144 \u2013 to chyba jedno z najpopularniejszych hase\u0142 dotycz\u0105cych kataru. Czy jest ono jednak prawdziwe? Sprawd\u017amy!\" \/>\n<meta name=\"robots\" content=\"index, follow, max-snippet:-1, max-image-preview:large, max-video-preview:-1\" \/>\n<link rel=\"canonical\" href=\"https:\/\/katarek.pl\/dlaczego-katar-trwa-7-dni\/\" \/>\n<meta property=\"og:locale\" content=\"pl_PL\" \/>\n<meta property=\"og:type\" content=\"article\" \/>\n<meta property=\"og:title\" content=\"Dlaczego katar trwa 7 dni? - katarek.pl\" \/>\n<meta property=\"og:description\" content=\"Katar leczony trwa 7 dni, nieleczony tydzie\u0144 \u2013 to chyba jedno z najpopularniejszych hase\u0142 dotycz\u0105cych kataru. Czy jest ono jednak prawdziwe? Sprawd\u017amy!\" \/>\n<meta property=\"og:url\" content=\"https:\/\/katarek.pl\/dlaczego-katar-trwa-7-dni\/\" \/>\n<meta property=\"og:site_name\" content=\"katarek.pl\" \/>\n<meta property=\"article:published_time\" content=\"2022-12-15T13:42:26+00:00\" \/>\n<meta property=\"og:image\" content=\"https:\/\/katarek.pl\/wp-content\/uploads\/2022\/12\/pexels-andrea-piacquadio-3765115.jpg\" \/>\n\t<meta property=\"og:image:width\" content=\"1279\" \/>\n\t<meta property=\"og:image:height\" content=\"892\" \/>\n\t<meta property=\"og:image:type\" content=\"image\/jpeg\" \/>\n<meta name=\"author\" content=\"katarek\" \/>\n<meta name=\"twitter:card\" content=\"summary_large_image\" \/>\n<meta name=\"twitter:label1\" content=\"Napisane przez\" \/>\n\t<meta name=\"twitter:data1\" content=\"katarek\" \/>\n\t<meta name=\"twitter:label2\" content=\"Szacowany czas czytania\" \/>\n\t<meta name=\"twitter:data2\" content=\"3 minuty\" \/>\n<script type=\"application\/ld+json\" class=\"yoast-schema-graph\">{\"@context\":\"https:\\\/\\\/schema.org\",\"@graph\":[{\"@type\":\"Article\",\"@id\":\"https:\\\/\\\/katarek.pl\\\/dlaczego-katar-trwa-7-dni\\\/#article\",\"isPartOf\":{\"@id\":\"https:\\\/\\\/katarek.pl\\\/dlaczego-katar-trwa-7-dni\\\/\"},\"author\":{\"name\":\"katarek\",\"@id\":\"https:\\\/\\\/katarek.pl\\\/#\\\/schema\\\/person\\\/c7267555b2aaad4c6d15146a155bc430\"},\"headline\":\"Dlaczego katar trwa 7 dni?\",\"datePublished\":\"2022-12-15T13:42:26+00:00\",\"mainEntityOfPage\":{\"@id\":\"https:\\\/\\\/katarek.pl\\\/dlaczego-katar-trwa-7-dni\\\/\"},\"wordCount\":628,\"commentCount\":0,\"image\":{\"@id\":\"https:\\\/\\\/katarek.pl\\\/dlaczego-katar-trwa-7-dni\\\/#primaryimage\"},\"thumbnailUrl\":\"https:\\\/\\\/katarek.pl\\\/wp-content\\\/uploads\\\/2022\\\/12\\\/pexels-andrea-piacquadio-3765115.jpg\",\"articleSection\":[\"Zdrowie\"],\"inLanguage\":\"pl-PL\"},{\"@type\":\"WebPage\",\"@id\":\"https:\\\/\\\/katarek.pl\\\/dlaczego-katar-trwa-7-dni\\\/\",\"url\":\"https:\\\/\\\/katarek.pl\\\/dlaczego-katar-trwa-7-dni\\\/\",\"name\":\"Dlaczego katar trwa 7 dni? - katarek.pl\",\"isPartOf\":{\"@id\":\"https:\\\/\\\/katarek.pl\\\/#website\"},\"primaryImageOfPage\":{\"@id\":\"https:\\\/\\\/katarek.pl\\\/dlaczego-katar-trwa-7-dni\\\/#primaryimage\"},\"image\":{\"@id\":\"https:\\\/\\\/katarek.pl\\\/dlaczego-katar-trwa-7-dni\\\/#primaryimage\"},\"thumbnailUrl\":\"https:\\\/\\\/katarek.pl\\\/wp-content\\\/uploads\\\/2022\\\/12\\\/pexels-andrea-piacquadio-3765115.jpg\",\"datePublished\":\"2022-12-15T13:42:26+00:00\",\"author\":{\"@id\":\"https:\\\/\\\/katarek.pl\\\/#\\\/schema\\\/person\\\/c7267555b2aaad4c6d15146a155bc430\"},\"description\":\"Katar leczony trwa 7 dni, nieleczony tydzie\u0144 \u2013 to chyba jedno z najpopularniejszych hase\u0142 dotycz\u0105cych kataru. Czy jest ono jednak prawdziwe? Sprawd\u017amy!\",\"breadcrumb\":{\"@id\":\"https:\\\/\\\/katarek.pl\\\/dlaczego-katar-trwa-7-dni\\\/#breadcrumb\"},\"inLanguage\":\"pl-PL\",\"potentialAction\":[{\"@type\":\"ReadAction\",\"target\":[\"https:\\\/\\\/katarek.pl\\\/dlaczego-katar-trwa-7-dni\\\/\"]}]},{\"@type\":\"ImageObject\",\"inLanguage\":\"pl-PL\",\"@id\":\"https:\\\/\\\/katarek.pl\\\/dlaczego-katar-trwa-7-dni\\\/#primaryimage\",\"url\":\"https:\\\/\\\/katarek.pl\\\/wp-content\\\/uploads\\\/2022\\\/12\\\/pexels-andrea-piacquadio-3765115.jpg\",\"contentUrl\":\"https:\\\/\\\/katarek.pl\\\/wp-content\\\/uploads\\\/2022\\\/12\\\/pexels-andrea-piacquadio-3765115.jpg\",\"width\":1279,\"height\":892,\"caption\":\"dlaczego katar trwa 7 dni\"},{\"@type\":\"BreadcrumbList\",\"@id\":\"https:\\\/\\\/katarek.pl\\\/dlaczego-katar-trwa-7-dni\\\/#breadcrumb\",\"itemListElement\":[{\"@type\":\"ListItem\",\"position\":1,\"name\":\"Home\",\"item\":\"https:\\\/\\\/katarek.pl\\\/\"},{\"@type\":\"ListItem\",\"position\":2,\"name\":\"Blog\",\"item\":\"https:\\\/\\\/katarek.pl\\\/blog\\\/\"},{\"@type\":\"ListItem\",\"position\":3,\"name\":\"Dlaczego katar trwa 7 dni?\"}]},{\"@type\":\"WebSite\",\"@id\":\"https:\\\/\\\/katarek.pl\\\/#website\",\"url\":\"https:\\\/\\\/katarek.pl\\\/\",\"name\":\"katarek.pl\",\"description\":\"\",\"potentialAction\":[{\"@type\":\"SearchAction\",\"target\":{\"@type\":\"EntryPoint\",\"urlTemplate\":\"https:\\\/\\\/katarek.pl\\\/?s={search_term_string}\"},\"query-input\":{\"@type\":\"PropertyValueSpecification\",\"valueRequired\":true,\"valueName\":\"search_term_string\"}}],\"inLanguage\":\"pl-PL\"},{\"@type\":\"Person\",\"@id\":\"https:\\\/\\\/katarek.pl\\\/#\\\/schema\\\/person\\\/c7267555b2aaad4c6d15146a155bc430\",\"name\":\"katarek\",\"url\":\"https:\\\/\\\/katarek.pl\\\/author\\\/katarek\\\/\"}]}<\/script>\n<!-- \/ Yoast SEO plugin. -->","yoast_head_json":{"title":"Dlaczego katar trwa 7 dni? - katarek.pl","description":"Katar leczony trwa 7 dni, nieleczony tydzie\u0144 \u2013 to chyba jedno z najpopularniejszych hase\u0142 dotycz\u0105cych kataru. Czy jest ono jednak prawdziwe? Sprawd\u017amy!","robots":{"index":"index","follow":"follow","max-snippet":"max-snippet:-1","max-image-preview":"max-image-preview:large","max-video-preview":"max-video-preview:-1"},"canonical":"https:\/\/katarek.pl\/dlaczego-katar-trwa-7-dni\/","og_locale":"pl_PL","og_type":"article","og_title":"Dlaczego katar trwa 7 dni? - katarek.pl","og_description":"Katar leczony trwa 7 dni, nieleczony tydzie\u0144 \u2013 to chyba jedno z najpopularniejszych hase\u0142 dotycz\u0105cych kataru. Czy jest ono jednak prawdziwe? Sprawd\u017amy!","og_url":"https:\/\/katarek.pl\/dlaczego-katar-trwa-7-dni\/","og_site_name":"katarek.pl","article_published_time":"2022-12-15T13:42:26+00:00","og_image":[{"width":1279,"height":892,"url":"https:\/\/katarek.pl\/wp-content\/uploads\/2022\/12\/pexels-andrea-piacquadio-3765115.jpg","type":"image\/jpeg"}],"author":"katarek","twitter_card":"summary_large_image","twitter_misc":{"Napisane przez":"katarek","Szacowany czas czytania":"3 minuty"},"schema":{"@context":"https:\/\/schema.org","@graph":[{"@type":"Article","@id":"https:\/\/katarek.pl\/dlaczego-katar-trwa-7-dni\/#article","isPartOf":{"@id":"https:\/\/katarek.pl\/dlaczego-katar-trwa-7-dni\/"},"author":{"name":"katarek","@id":"https:\/\/katarek.pl\/#\/schema\/person\/c7267555b2aaad4c6d15146a155bc430"},"headline":"Dlaczego katar trwa 7 dni?","datePublished":"2022-12-15T13:42:26+00:00","mainEntityOfPage":{"@id":"https:\/\/katarek.pl\/dlaczego-katar-trwa-7-dni\/"},"wordCount":628,"commentCount":0,"image":{"@id":"https:\/\/katarek.pl\/dlaczego-katar-trwa-7-dni\/#primaryimage"},"thumbnailUrl":"https:\/\/katarek.pl\/wp-content\/uploads\/2022\/12\/pexels-andrea-piacquadio-3765115.jpg","articleSection":["Zdrowie"],"inLanguage":"pl-PL"},{"@type":"WebPage","@id":"https:\/\/katarek.pl\/dlaczego-katar-trwa-7-dni\/","url":"https:\/\/katarek.pl\/dlaczego-katar-trwa-7-dni\/","name":"Dlaczego katar trwa 7 dni? - katarek.pl","isPartOf":{"@id":"https:\/\/katarek.pl\/#website"},"primaryImageOfPage":{"@id":"https:\/\/katarek.pl\/dlaczego-katar-trwa-7-dni\/#primaryimage"},"image":{"@id":"https:\/\/katarek.pl\/dlaczego-katar-trwa-7-dni\/#primaryimage"},"thumbnailUrl":"https:\/\/katarek.pl\/wp-content\/uploads\/2022\/12\/pexels-andrea-piacquadio-3765115.jpg","datePublished":"2022-12-15T13:42:26+00:00","author":{"@id":"https:\/\/katarek.pl\/#\/schema\/person\/c7267555b2aaad4c6d15146a155bc430"},"description":"Katar leczony trwa 7 dni, nieleczony tydzie\u0144 \u2013 to chyba jedno z najpopularniejszych hase\u0142 dotycz\u0105cych kataru. Czy jest ono jednak prawdziwe? Sprawd\u017amy!","breadcrumb":{"@id":"https:\/\/katarek.pl\/dlaczego-katar-trwa-7-dni\/#breadcrumb"},"inLanguage":"pl-PL","potentialAction":[{"@type":"ReadAction","target":["https:\/\/katarek.pl\/dlaczego-katar-trwa-7-dni\/"]}]},{"@type":"ImageObject","inLanguage":"pl-PL","@id":"https:\/\/katarek.pl\/dlaczego-katar-trwa-7-dni\/#primaryimage","url":"https:\/\/katarek.pl\/wp-content\/uploads\/2022\/12\/pexels-andrea-piacquadio-3765115.jpg","contentUrl":"https:\/\/katarek.pl\/wp-content\/uploads\/2022\/12\/pexels-andrea-piacquadio-3765115.jpg","width":1279,"height":892,"caption":"dlaczego katar trwa 7 dni"},{"@type":"BreadcrumbList","@id":"https:\/\/katarek.pl\/dlaczego-katar-trwa-7-dni\/#breadcrumb","itemListElement":[{"@type":"ListItem","position":1,"name":"Home","item":"https:\/\/katarek.pl\/"},{"@type":"ListItem","position":2,"name":"Blog","item":"https:\/\/katarek.pl\/blog\/"},{"@type":"ListItem","position":3,"name":"Dlaczego katar trwa 7 dni?"}]},{"@type":"WebSite","@id":"https:\/\/katarek.pl\/#website","url":"https:\/\/katarek.pl\/","name":"katarek.pl","description":"","potentialAction":[{"@type":"SearchAction","target":{"@type":"EntryPoint","urlTemplate":"https:\/\/katarek.pl\/?s={search_term_string}"},"query-input":{"@type":"PropertyValueSpecification","valueRequired":true,"valueName":"search_term_string"}}],"inLanguage":"pl-PL"},{"@type":"Person","@id":"https:\/\/katarek.pl\/#\/schema\/person\/c7267555b2aaad4c6d15146a155bc430","name":"katarek","url":"https:\/\/katarek.pl\/author\/katarek\/"}]}},"acf":[],"gutenberg_blocks":[{"blockName":"custom-styles","attrs":{"styles":""}}],"meta_data":false,"featured_image":{"url":"https:\/\/katarek.pl\/wp-content\/uploads\/2022\/12\/pexels-andrea-piacquadio-3765115-1024x714.jpg"},"main_category":{"name":"Zdrowie"},"prev_page":{"slug":"sposoby-zlagodzenie-objawow-kataru-u-dzieci-tym-domowe-sposoby-udroznienie-nosa-zlagodzenie-kichania"},"next_page":{"slug":"jestes-zmeczona-mama-mamy-na-to-sposoby"},"_links":{"self":[{"href":"https:\/\/katarek.pl\/index.php\/wp-json\/wp\/v2\/posts\/2523","targetHints":{"allow":["GET"]}}],"collection":[{"href":"https:\/\/katarek.pl\/index.php\/wp-json\/wp\/v2\/posts"}],"about":[{"href":"https:\/\/katarek.pl\/index.php\/wp-json\/wp\/v2\/types\/post"}],"author":[{"embeddable":true,"href":"https:\/\/katarek.pl\/index.php\/wp-json\/wp\/v2\/users\/7"}],"replies":[{"embeddable":true,"href":"https:\/\/katarek.pl\/index.php\/wp-json\/wp\/v2\/comments?post=2523"}],"version-history":[{"count":0,"href":"https:\/\/katarek.pl\/index.php\/wp-json\/wp\/v2\/posts\/2523\/revisions"}],"wp:featuredmedia":[{"embeddable":true,"href":"https:\/\/katarek.pl\/index.php\/wp-json\/wp\/v2\/media\/2525"}],"wp:attachment":[{"href":"https:\/\/katarek.pl\/index.php\/wp-json\/wp\/v2\/media?parent=2523"}],"wp:term":[{"taxonomy":"category","embeddable":true,"href":"https:\/\/katarek.pl\/index.php\/wp-json\/wp\/v2\/categories?post=2523"},{"taxonomy":"post_tag","embeddable":true,"href":"https:\/\/katarek.pl\/index.php\/wp-json\/wp\/v2\/tags?post=2523"}],"curies":[{"name":"wp","href":"https:\/\/api.w.org\/{rel}","templated":true}]}}