{"id":2495,"date":"2022-10-27T16:31:18","date_gmt":"2022-10-27T14:31:18","guid":{"rendered":"https:\/\/katarek.pl\/blog\/?p=2495"},"modified":"2022-10-27T16:31:18","modified_gmt":"2022-10-27T14:31:18","slug":"czy-katar-jest-zarazliwy","status":"publish","type":"post","link":"https:\/\/katarek.pl\/czy-katar-jest-zarazliwy\/","title":{"rendered":"Czy katar jest zara\u017aliwy?"},"content":{"rendered":"\n<p>Cz\u0119sto zdarza si\u0119, \u017ce z powodu kataru dzieci nie mog\u0105 przyj\u015b\u0107 do przedszkola czy szko\u0142y, a pracownik\u00f3w odsy\u0142a si\u0119 do domu &#8211; czy rzeczywi\u015bcie s\u0105 ku temu podstawy? <strong>Czy katar jest zara\u017aliwy? <\/strong>Je\u015bli tak, to czy ka\u017cdy rodzaj kataru roznosi si\u0119 tak samo, a je\u015bli nie &#8211; to sk\u0105d wynikaj\u0105 tak silne opinie na jego temat? Dzi\u015b odpowiemy na najcz\u0119stsze pytania zwi\u0105zane z katarem i jego zara\u017aliwo\u015bci\u0105 oraz podpowiemy jak by\u0107 bezpiecznym przez ca\u0142y rok, a w szczeg\u00f3lno\u015bci &#8211; w sezonie jesienno-zimowym.<\/p>\n\n\n<p><b>Spis tre\u015bci:<\/b><\/p>\n<ul>\n<li><a href=\"#czy-katarem-mozna-sie-zarazic\">Czy katarem mo\u017cna si\u0119 zarazi\u0107?<\/a>\n<ul>\n<li><a href=\"#zapalenie-zatok\">Zapalenie zatok<\/a><\/li>\n<li><a href=\"#katar-alergiczny\">Katar alergiczny<\/a><\/li>\n<\/ul>\n<\/li>\n<li><a href=\"#jak-przebiega-zarazenie-katarem\">Jak przebiega zara\u017cenie katarem?<\/a>\n<ul>\n<li><a href=\"#ile-dni-zaraza-sie-katarem\">Ile dni zara\u017ca si\u0119 katarem?<\/a><\/li>\n<li><a href=\"#co-robic-aby-uniknac-zarazenia\">Co robi\u0107, aby unikn\u0105\u0107 zara\u017cenia?<\/a><\/li>\n<\/ul>\n<\/li>\n<\/ul>\n<h2 id=\"czy-katarem-mozna-sie-zarazic\">Czy katarem mo\u017cna si\u0119 zarazi\u0107?<\/h2>\n<p>Zacznijmy od podstawowego pytania: <strong>czy katarem mo\u017cna si\u0119 zarazi\u0107<\/strong>? Odpowied\u017a na nie jest nieco bardziej z\u0142o\u017cona ni\u017c by\u015b si\u0119 spodziewa\u0142, bo\u2026 to zale\u017cy. Od czego?<\/p>\n<p>Katar katarowi nie r\u00f3wny. Jak pewnie wiesz, katar chorobowy jest powodowany przez wirusy i bakterie, ale to jeszcze nie wszystko. Mamy przecie\u017c tak\u017ce katar alergiczny (sienny), a tak\u017ce specyficzny katar zatokowy. Jak wi\u0119c rozr\u00f3\u017cni\u0107, kt\u00f3ry jest zara\u017aliwy, a kt\u00f3ry nie?<\/p>\n<p>To do\u015b\u0107 proste &#8211; wystarczy zapami\u0119ta\u0107, u pod\u0142o\u017ca kt\u00f3rego kataru le\u017cy infekcja bakteryjna lub wirusowa. Na tej podstawie ocenisz bez problemu, czy dany typ kataru jest zara\u017aliwy czy nie.<\/p>\n<h3 id=\"zapalenie-zatok\">Zapalenie zatok<\/h3>\n<p>A co z zapaleniem zatok? <strong>Czy katar zatokowy jest zara\u017aliwy? <\/strong>Z zasady tak, poniewa\u017c r\u00f3wnie\u017c i u jego pod\u0142o\u017ca le\u017cy infekcja bakteryjna, a jego przeniesienie do zatok jest tylko kwesti\u0105 dodatkowego nadka\u017cenia i rozwoju choroby. Dlatego zara\u017cenie katarem zatokowym jest jak najbardziej mo\u017cliwe, cho\u0107 nie oznacza, \u017ce od razu z\u0142apiesz r\u00f3wnie\u017c katar zatokowy.<\/p>\n<h3 id=\"katar-alergiczny\">Katar alergiczny<\/h3>\n<p>S\u0105 osoby, kt\u00f3re katar maj\u0105 ca\u0142y rok &#8211; niestety tak dla alergik\u00f3w dzia\u0142a katar sienny. <a href=\"https:\/\/katarek.pl\/blog\/zwykly-katar-czy-alergia-jak-rozpoznac\/\">Jak rozpozna\u0107 katar alergiczny?<\/a> Skoro wi\u0119c trwa ca\u0142y rok i trudno by\u0142oby przez ten okres trwa\u0107 w izolacji, nasuwa si\u0119 najistotniejsze pytanie &#8211; <strong>czy katar alergiczny jest zara\u017aliwy<\/strong>? Nie, poniewa\u017c alergia nie jest zara\u017aliwa, a katar sienny jest wy\u0142\u0105cznie odpowiedzi\u0105 organizmu na alergeny zewn\u0119trzne (np. py\u0142ki, grzyby, sier\u015b\u0107 zwierz\u0105t), dotyczy wy\u0142\u0105cznie alergika i nie przenosi si\u0119 dalej. To dobra informacja zar\u00f3wno dla os\u00f3b, kt\u00f3re na co dzie\u0144 obcuj\u0105 z osobami cierpi\u0105cymi na katar sienny, jak i dla rodzic\u00f3w ma\u0142ych alergik\u00f3w, kt\u00f3rym nakazuje si\u0119 pozostawanie w domu z powodu kataru. Oczywi\u015bcie alergicy mog\u0105 te\u017c cierpie\u0107 na katar wywo\u0142any infekcj\u0105, ale szybko go rozpoznasz. Wiedz\u0105c ju\u017c, <strong>czy katar sienny jest zara\u017aliwy<\/strong>, b\u0119dziesz m\u00f3g\u0142 spokojnie korzysta\u0107 z <a href=\"https:\/\/katarek.pl\/produkt\/katarek-plus\/\">aspiratora Katarek Plus<\/a> i wys\u0142a\u0107 dziecko z przezroczystym, rzadkim katarem do przedszkola czy szko\u0142y.\u00a0 Natomiast\u00a0zapali Ci si\u0119 czerwona lampka w g\u0142owie, gdy zauwa\u017cysz, \u017ce wydzielina g\u0119stnieje i zmienia kolor.<\/p>\n<h2 id=\"jak-przebiega-zarazenie-katarem\">Jak przebiega zara\u017cenie katarem?<\/h2>\n<p>Wiesz ju\u017c, <strong>czy katarem mo\u017cna si\u0119 zarazi\u0107 <\/strong>&#8211; odpowied\u017a b\u0119dzie w niekt\u00f3rych przypadkach twierdz\u0105ca. Jak wi\u0119c przebiega proces przenoszenia si\u0119 bakterii i wirus\u00f3w i co mo\u017cesz zrobi\u0107, aby unikn\u0105\u0107 zara\u017cenia?<\/p>\n<p>Przede wszystkim pami\u0119taj, \u017ce katar jest zara\u017aliwy, gdy u jego pod\u0142o\u017ca le\u017cy infekcja. Wtedy patogeny przenosz\u0105 si\u0119 mi\u0119dzy lud\u017ami drog\u0105 powietrzno-kropelkow\u0105, czyli w trakcie rozmowy, bliskiego kontaktu, a cz\u0119sto nawet przez przebywanie w jednym pomieszczeniu czy w tym samym poje\u017adzie komunikacji miejskiej.<\/p>\n<p><img loading=\"lazy\" decoding=\"async\" class=\"aligncenter wp-image-2513 size-full\" src=\"https:\/\/katarek.pl\/wp-content\/uploads\/2022\/10\/jaki-katar-jest-zarazliwy.jpg\" alt=\"Jaki katar jest zara\u017aliwy\" width=\"800\" height=\"533\" srcset=\"https:\/\/katarek.pl\/wp-content\/uploads\/2022\/10\/jaki-katar-jest-zarazliwy.jpg 800w, https:\/\/katarek.pl\/wp-content\/uploads\/2022\/10\/jaki-katar-jest-zarazliwy-600x400.jpg 600w, https:\/\/katarek.pl\/wp-content\/uploads\/2022\/10\/jaki-katar-jest-zarazliwy-450x300.jpg 450w, https:\/\/katarek.pl\/wp-content\/uploads\/2022\/10\/jaki-katar-jest-zarazliwy-768x512.jpg 768w, https:\/\/katarek.pl\/wp-content\/uploads\/2022\/10\/jaki-katar-jest-zarazliwy-500x333.jpg 500w, https:\/\/katarek.pl\/wp-content\/uploads\/2022\/10\/jaki-katar-jest-zarazliwy-300x200.jpg 300w\" sizes=\"(max-width: 800px) 100vw, 800px\" \/><\/p>\n<h3 id=\"ile-dni-zaraza-sie-katarem\">Ile dni zara\u017ca si\u0119 katarem?<\/h3>\n<p>Oko\u0142o tydzie\u0144 po rozpocz\u0119ciu infekcji przenoszenie wirus\u00f3w i bakterii jest najbardziej nasilone, ale w przypadku dzieci okres zara\u017cania mo\u017ce trwa\u0107 nawet d\u0142u\u017cej.<\/p>\n<h3 id=\"co-robic-aby-uniknac-zarazenia\">Co robi\u0107, aby unikn\u0105\u0107 zara\u017cenia?<\/h3>\n<p>Je\u015bli nie chcesz zarazi\u0107 si\u0119 katarem (ani powi\u0105zan\u0105 z nim chorob\u0105) drog\u0105 powietrzno-kropelkow\u0105, unikaj bezpo\u015bredniego kontaktu z osobami chorymi, a tak\u017ce dbaj o regularne wzmacnianie odporno\u015bci. Pami\u0119taj, \u017ce nawet je\u015bli patogeny zostan\u0105 przeniesione, to zdrowy organizm bez problemu sobie z nimi poradzi, zara\u017cenie nie musi skutkowa\u0107 chorob\u0105.<\/p>\n<p>Je\u015bli to ty jeste\u015b chory &#8211; no\u015b maseczk\u0119, nie kichaj w miejscu publicznym, nie opr\u00f3\u017cniaj nosa przy kim\u015b.<\/p>","protected":false},"excerpt":"Cz\u0119sto zdarza si\u0119, \u017ce z powodu kataru dzieci nie mog\u0105 przyj\u015b\u0107 do przedszkola czy szko\u0142y, a pracownik\u00f3w odsy\u0142a si\u0119 do domu &#8211; czy rzeczywi\u015bcie s\u0105 ku temu podstawy? Czy katar jest zara\u017aliwy? Je\u015bli tak, to czy ka\u017cdy rodzaj kataru roznosi si\u0119 tak samo, a je\u015bli nie &#8211; to sk\u0105d wynikaj\u0105 tak silne opinie na jego [&hellip;]","author":7,"featured_media":2512,"comment_status":"open","ping_status":"open","sticky":false,"template":"","format":"standard","meta":{"_acf_changed":false,"inline_featured_image":false,"editor_plus_copied_stylings":"{}","footnotes":""},"categories":[41],"tags":[],"class_list":["post-2495","post","type-post","status-publish","format-standard","has-post-thumbnail","hentry","category-zdrowie-dziecko"],"yoast_head":"<!-- This site is optimized with the Yoast SEO plugin v27.4 - https:\/\/yoast.com\/product\/yoast-seo-wordpress\/ -->\n<title>Czy katar jest zara\u017aliwy? Rodzaje katar\u00f3w - blog Katarek<\/title>\n<meta name=\"description\" content=\"Zastanawiasz si\u0119, czy katar jest zara\u017aliwy oraz jak przebiega jego proces? Wejd\u017a na bloga i poznaj bardziej katar sienny, zatokowy i alergiczny. Sprawd\u017a!\" \/>\n<meta name=\"robots\" content=\"index, follow, max-snippet:-1, max-image-preview:large, max-video-preview:-1\" \/>\n<link rel=\"canonical\" href=\"https:\/\/katarek.pl\/czy-katar-jest-zarazliwy\/\" \/>\n<meta property=\"og:locale\" content=\"pl_PL\" \/>\n<meta property=\"og:type\" content=\"article\" \/>\n<meta property=\"og:title\" content=\"Czy katar jest zara\u017aliwy? Rodzaje katar\u00f3w - blog Katarek\" \/>\n<meta property=\"og:description\" content=\"Zastanawiasz si\u0119, czy katar jest zara\u017aliwy oraz jak przebiega jego proces? Wejd\u017a na bloga i poznaj bardziej katar sienny, zatokowy i alergiczny. Sprawd\u017a!\" \/>\n<meta property=\"og:url\" content=\"https:\/\/katarek.pl\/czy-katar-jest-zarazliwy\/\" \/>\n<meta property=\"og:site_name\" content=\"katarek.pl\" \/>\n<meta property=\"article:published_time\" content=\"2022-10-27T14:31:18+00:00\" \/>\n<meta property=\"og:image\" content=\"https:\/\/katarek.pl\/wp-content\/uploads\/2022\/10\/czy-katar-jest-zarazliwy-1.webp\" \/>\n\t<meta property=\"og:image:width\" content=\"800\" \/>\n\t<meta property=\"og:image:height\" content=\"533\" \/>\n\t<meta property=\"og:image:type\" content=\"image\/webp\" \/>\n<meta name=\"author\" content=\"katarek\" \/>\n<meta name=\"twitter:card\" content=\"summary_large_image\" \/>\n<meta name=\"twitter:label1\" content=\"Napisane przez\" \/>\n\t<meta name=\"twitter:data1\" content=\"katarek\" \/>\n\t<meta name=\"twitter:label2\" content=\"Szacowany czas czytania\" \/>\n\t<meta name=\"twitter:data2\" content=\"4 minuty\" \/>\n<script type=\"application\/ld+json\" class=\"yoast-schema-graph\">{\"@context\":\"https:\\\/\\\/schema.org\",\"@graph\":[{\"@type\":\"Article\",\"@id\":\"https:\\\/\\\/katarek.pl\\\/czy-katar-jest-zarazliwy\\\/#article\",\"isPartOf\":{\"@id\":\"https:\\\/\\\/katarek.pl\\\/czy-katar-jest-zarazliwy\\\/\"},\"author\":{\"name\":\"katarek\",\"@id\":\"https:\\\/\\\/katarek.pl\\\/#\\\/schema\\\/person\\\/c7267555b2aaad4c6d15146a155bc430\"},\"headline\":\"Czy katar jest zara\u017aliwy?\",\"datePublished\":\"2022-10-27T14:31:18+00:00\",\"mainEntityOfPage\":{\"@id\":\"https:\\\/\\\/katarek.pl\\\/czy-katar-jest-zarazliwy\\\/\"},\"wordCount\":721,\"commentCount\":0,\"image\":{\"@id\":\"https:\\\/\\\/katarek.pl\\\/czy-katar-jest-zarazliwy\\\/#primaryimage\"},\"thumbnailUrl\":\"https:\\\/\\\/katarek.pl\\\/wp-content\\\/uploads\\\/2022\\\/10\\\/czy-katar-jest-zarazliwy-1.webp\",\"articleSection\":[\"Zdrowie\"],\"inLanguage\":\"pl-PL\"},{\"@type\":\"WebPage\",\"@id\":\"https:\\\/\\\/katarek.pl\\\/czy-katar-jest-zarazliwy\\\/\",\"url\":\"https:\\\/\\\/katarek.pl\\\/czy-katar-jest-zarazliwy\\\/\",\"name\":\"Czy katar jest zara\u017aliwy? Rodzaje katar\u00f3w - blog Katarek\",\"isPartOf\":{\"@id\":\"https:\\\/\\\/katarek.pl\\\/#website\"},\"primaryImageOfPage\":{\"@id\":\"https:\\\/\\\/katarek.pl\\\/czy-katar-jest-zarazliwy\\\/#primaryimage\"},\"image\":{\"@id\":\"https:\\\/\\\/katarek.pl\\\/czy-katar-jest-zarazliwy\\\/#primaryimage\"},\"thumbnailUrl\":\"https:\\\/\\\/katarek.pl\\\/wp-content\\\/uploads\\\/2022\\\/10\\\/czy-katar-jest-zarazliwy-1.webp\",\"datePublished\":\"2022-10-27T14:31:18+00:00\",\"author\":{\"@id\":\"https:\\\/\\\/katarek.pl\\\/#\\\/schema\\\/person\\\/c7267555b2aaad4c6d15146a155bc430\"},\"description\":\"Zastanawiasz si\u0119, czy katar jest zara\u017aliwy oraz jak przebiega jego proces? Wejd\u017a na bloga i poznaj bardziej katar sienny, zatokowy i alergiczny. Sprawd\u017a!\",\"breadcrumb\":{\"@id\":\"https:\\\/\\\/katarek.pl\\\/czy-katar-jest-zarazliwy\\\/#breadcrumb\"},\"inLanguage\":\"pl-PL\",\"potentialAction\":[{\"@type\":\"ReadAction\",\"target\":[\"https:\\\/\\\/katarek.pl\\\/czy-katar-jest-zarazliwy\\\/\"]}]},{\"@type\":\"ImageObject\",\"inLanguage\":\"pl-PL\",\"@id\":\"https:\\\/\\\/katarek.pl\\\/czy-katar-jest-zarazliwy\\\/#primaryimage\",\"url\":\"https:\\\/\\\/katarek.pl\\\/wp-content\\\/uploads\\\/2022\\\/10\\\/czy-katar-jest-zarazliwy-1.webp\",\"contentUrl\":\"https:\\\/\\\/katarek.pl\\\/wp-content\\\/uploads\\\/2022\\\/10\\\/czy-katar-jest-zarazliwy-1.webp\",\"width\":800,\"height\":533,\"caption\":\"Czy katar jest zara\u017aliwy\"},{\"@type\":\"BreadcrumbList\",\"@id\":\"https:\\\/\\\/katarek.pl\\\/czy-katar-jest-zarazliwy\\\/#breadcrumb\",\"itemListElement\":[{\"@type\":\"ListItem\",\"position\":1,\"name\":\"Home\",\"item\":\"https:\\\/\\\/katarek.pl\\\/\"},{\"@type\":\"ListItem\",\"position\":2,\"name\":\"Blog\",\"item\":\"https:\\\/\\\/katarek.pl\\\/blog\\\/\"},{\"@type\":\"ListItem\",\"position\":3,\"name\":\"Czy katar jest zara\u017aliwy?\"}]},{\"@type\":\"WebSite\",\"@id\":\"https:\\\/\\\/katarek.pl\\\/#website\",\"url\":\"https:\\\/\\\/katarek.pl\\\/\",\"name\":\"katarek.pl\",\"description\":\"\",\"potentialAction\":[{\"@type\":\"SearchAction\",\"target\":{\"@type\":\"EntryPoint\",\"urlTemplate\":\"https:\\\/\\\/katarek.pl\\\/?s={search_term_string}\"},\"query-input\":{\"@type\":\"PropertyValueSpecification\",\"valueRequired\":true,\"valueName\":\"search_term_string\"}}],\"inLanguage\":\"pl-PL\"},{\"@type\":\"Person\",\"@id\":\"https:\\\/\\\/katarek.pl\\\/#\\\/schema\\\/person\\\/c7267555b2aaad4c6d15146a155bc430\",\"name\":\"katarek\",\"url\":\"https:\\\/\\\/katarek.pl\\\/author\\\/katarek\\\/\"}]}<\/script>\n<!-- \/ Yoast SEO plugin. -->","yoast_head_json":{"title":"Czy katar jest zara\u017aliwy? Rodzaje katar\u00f3w - blog Katarek","description":"Zastanawiasz si\u0119, czy katar jest zara\u017aliwy oraz jak przebiega jego proces? Wejd\u017a na bloga i poznaj bardziej katar sienny, zatokowy i alergiczny. Sprawd\u017a!","robots":{"index":"index","follow":"follow","max-snippet":"max-snippet:-1","max-image-preview":"max-image-preview:large","max-video-preview":"max-video-preview:-1"},"canonical":"https:\/\/katarek.pl\/czy-katar-jest-zarazliwy\/","og_locale":"pl_PL","og_type":"article","og_title":"Czy katar jest zara\u017aliwy? Rodzaje katar\u00f3w - blog Katarek","og_description":"Zastanawiasz si\u0119, czy katar jest zara\u017aliwy oraz jak przebiega jego proces? Wejd\u017a na bloga i poznaj bardziej katar sienny, zatokowy i alergiczny. Sprawd\u017a!","og_url":"https:\/\/katarek.pl\/czy-katar-jest-zarazliwy\/","og_site_name":"katarek.pl","article_published_time":"2022-10-27T14:31:18+00:00","og_image":[{"width":800,"height":533,"url":"https:\/\/katarek.pl\/wp-content\/uploads\/2022\/10\/czy-katar-jest-zarazliwy-1.webp","type":"image\/webp"}],"author":"katarek","twitter_card":"summary_large_image","twitter_misc":{"Napisane przez":"katarek","Szacowany czas czytania":"4 minuty"},"schema":{"@context":"https:\/\/schema.org","@graph":[{"@type":"Article","@id":"https:\/\/katarek.pl\/czy-katar-jest-zarazliwy\/#article","isPartOf":{"@id":"https:\/\/katarek.pl\/czy-katar-jest-zarazliwy\/"},"author":{"name":"katarek","@id":"https:\/\/katarek.pl\/#\/schema\/person\/c7267555b2aaad4c6d15146a155bc430"},"headline":"Czy katar jest zara\u017aliwy?","datePublished":"2022-10-27T14:31:18+00:00","mainEntityOfPage":{"@id":"https:\/\/katarek.pl\/czy-katar-jest-zarazliwy\/"},"wordCount":721,"commentCount":0,"image":{"@id":"https:\/\/katarek.pl\/czy-katar-jest-zarazliwy\/#primaryimage"},"thumbnailUrl":"https:\/\/katarek.pl\/wp-content\/uploads\/2022\/10\/czy-katar-jest-zarazliwy-1.webp","articleSection":["Zdrowie"],"inLanguage":"pl-PL"},{"@type":"WebPage","@id":"https:\/\/katarek.pl\/czy-katar-jest-zarazliwy\/","url":"https:\/\/katarek.pl\/czy-katar-jest-zarazliwy\/","name":"Czy katar jest zara\u017aliwy? Rodzaje katar\u00f3w - blog Katarek","isPartOf":{"@id":"https:\/\/katarek.pl\/#website"},"primaryImageOfPage":{"@id":"https:\/\/katarek.pl\/czy-katar-jest-zarazliwy\/#primaryimage"},"image":{"@id":"https:\/\/katarek.pl\/czy-katar-jest-zarazliwy\/#primaryimage"},"thumbnailUrl":"https:\/\/katarek.pl\/wp-content\/uploads\/2022\/10\/czy-katar-jest-zarazliwy-1.webp","datePublished":"2022-10-27T14:31:18+00:00","author":{"@id":"https:\/\/katarek.pl\/#\/schema\/person\/c7267555b2aaad4c6d15146a155bc430"},"description":"Zastanawiasz si\u0119, czy katar jest zara\u017aliwy oraz jak przebiega jego proces? Wejd\u017a na bloga i poznaj bardziej katar sienny, zatokowy i alergiczny. Sprawd\u017a!","breadcrumb":{"@id":"https:\/\/katarek.pl\/czy-katar-jest-zarazliwy\/#breadcrumb"},"inLanguage":"pl-PL","potentialAction":[{"@type":"ReadAction","target":["https:\/\/katarek.pl\/czy-katar-jest-zarazliwy\/"]}]},{"@type":"ImageObject","inLanguage":"pl-PL","@id":"https:\/\/katarek.pl\/czy-katar-jest-zarazliwy\/#primaryimage","url":"https:\/\/katarek.pl\/wp-content\/uploads\/2022\/10\/czy-katar-jest-zarazliwy-1.webp","contentUrl":"https:\/\/katarek.pl\/wp-content\/uploads\/2022\/10\/czy-katar-jest-zarazliwy-1.webp","width":800,"height":533,"caption":"Czy katar jest zara\u017aliwy"},{"@type":"BreadcrumbList","@id":"https:\/\/katarek.pl\/czy-katar-jest-zarazliwy\/#breadcrumb","itemListElement":[{"@type":"ListItem","position":1,"name":"Home","item":"https:\/\/katarek.pl\/"},{"@type":"ListItem","position":2,"name":"Blog","item":"https:\/\/katarek.pl\/blog\/"},{"@type":"ListItem","position":3,"name":"Czy katar jest zara\u017aliwy?"}]},{"@type":"WebSite","@id":"https:\/\/katarek.pl\/#website","url":"https:\/\/katarek.pl\/","name":"katarek.pl","description":"","potentialAction":[{"@type":"SearchAction","target":{"@type":"EntryPoint","urlTemplate":"https:\/\/katarek.pl\/?s={search_term_string}"},"query-input":{"@type":"PropertyValueSpecification","valueRequired":true,"valueName":"search_term_string"}}],"inLanguage":"pl-PL"},{"@type":"Person","@id":"https:\/\/katarek.pl\/#\/schema\/person\/c7267555b2aaad4c6d15146a155bc430","name":"katarek","url":"https:\/\/katarek.pl\/author\/katarek\/"}]}},"acf":[],"gutenberg_blocks":[{"blockName":"custom-styles","attrs":{"styles":""}},{"blockName":"core\/paragraph","attrs":[],"innerBlocks":[],"innerHTML":"\n<p>Cz\u0119sto zdarza si\u0119, \u017ce z powodu kataru dzieci nie mog\u0105 przyj\u015b\u0107 do przedszkola czy szko\u0142y, a pracownik\u00f3w odsy\u0142a si\u0119 do domu - czy rzeczywi\u015bcie s\u0105 ku temu podstawy? <strong>Czy katar jest zara\u017aliwy? <\/strong>Je\u015bli tak, to czy ka\u017cdy rodzaj kataru roznosi si\u0119 tak samo, a je\u015bli nie - to sk\u0105d wynikaj\u0105 tak silne opinie na jego temat? Dzi\u015b odpowiemy na najcz\u0119stsze pytania zwi\u0105zane z katarem i jego zara\u017aliwo\u015bci\u0105 oraz podpowiemy jak by\u0107 bezpiecznym przez ca\u0142y rok, a w szczeg\u00f3lno\u015bci - w sezonie jesienno-zimowym.<\/p>\n","innerContent":["\n<p>Cz\u0119sto zdarza si\u0119, \u017ce z powodu kataru dzieci nie mog\u0105 przyj\u015b\u0107 do przedszkola czy szko\u0142y, a pracownik\u00f3w odsy\u0142a si\u0119 do domu - czy rzeczywi\u015bcie s\u0105 ku temu podstawy? <strong>Czy katar jest zara\u017aliwy? <\/strong>Je\u015bli tak, to czy ka\u017cdy rodzaj kataru roznosi si\u0119 tak samo, a je\u015bli nie - to sk\u0105d wynikaj\u0105 tak silne opinie na jego temat? Dzi\u015b odpowiemy na najcz\u0119stsze pytania zwi\u0105zane z katarem i jego zara\u017aliwo\u015bci\u0105 oraz podpowiemy jak by\u0107 bezpiecznym przez ca\u0142y rok, a w szczeg\u00f3lno\u015bci - w sezonie jesienno-zimowym.<\/p>\n"]}],"meta_data":false,"featured_image":{"url":"https:\/\/katarek.pl\/wp-content\/uploads\/2022\/10\/czy-katar-jest-zarazliwy-1.webp"},"main_category":{"name":"Zdrowie"},"prev_page":{"slug":"katar-chroniczny-co-to-jest"},"next_page":{"slug":"czym-smarowac-nos-przy-katarze"},"_links":{"self":[{"href":"https:\/\/katarek.pl\/index.php\/wp-json\/wp\/v2\/posts\/2495","targetHints":{"allow":["GET"]}}],"collection":[{"href":"https:\/\/katarek.pl\/index.php\/wp-json\/wp\/v2\/posts"}],"about":[{"href":"https:\/\/katarek.pl\/index.php\/wp-json\/wp\/v2\/types\/post"}],"author":[{"embeddable":true,"href":"https:\/\/katarek.pl\/index.php\/wp-json\/wp\/v2\/users\/7"}],"replies":[{"embeddable":true,"href":"https:\/\/katarek.pl\/index.php\/wp-json\/wp\/v2\/comments?post=2495"}],"version-history":[{"count":0,"href":"https:\/\/katarek.pl\/index.php\/wp-json\/wp\/v2\/posts\/2495\/revisions"}],"wp:featuredmedia":[{"embeddable":true,"href":"https:\/\/katarek.pl\/index.php\/wp-json\/wp\/v2\/media\/2512"}],"wp:attachment":[{"href":"https:\/\/katarek.pl\/index.php\/wp-json\/wp\/v2\/media?parent=2495"}],"wp:term":[{"taxonomy":"category","embeddable":true,"href":"https:\/\/katarek.pl\/index.php\/wp-json\/wp\/v2\/categories?post=2495"},{"taxonomy":"post_tag","embeddable":true,"href":"https:\/\/katarek.pl\/index.php\/wp-json\/wp\/v2\/tags?post=2495"}],"curies":[{"name":"wp","href":"https:\/\/api.w.org\/{rel}","templated":true}]}}