{"id":2346,"date":"2022-04-11T10:24:42","date_gmt":"2022-04-11T08:24:42","guid":{"rendered":"https:\/\/katarek.pl\/blog\/?p=2346"},"modified":"2022-04-11T10:24:42","modified_gmt":"2022-04-11T08:24:42","slug":"katar-sienny-co-to","status":"publish","type":"post","link":"https:\/\/katarek.pl\/katar-sienny-co-to\/","title":{"rendered":"Katar sienny &#8211; co to?"},"content":{"rendered":"<p>Uporczywy, ciekn\u0105cy katar, kt\u00f3remu nie towarzysz\u0105 inne objawy chorobowe (takie jak gor\u0105czka, kaszel czy pozosta\u0142e symptomy grypy oraz przezi\u0119bienia) to dolegliwo\u015b\u0107, kt\u00f3ra dotyka przede wszystkim alergik\u00f3w. <strong>Co to jest katar sienny<\/strong> i jak si\u0119 go pozby\u0107, gdy dyskomfort jest na tyle silny, \u017ce utrudnia codzienne funkcjonowanie? Przygotowali\u015bmy poradnik, w kt\u00f3rym odpowiadamy na najbardziej pal\u0105ce i frustruj\u0105ce pytania zwi\u0105zane z tym rodzajem kataru.<\/p>\n<h2>Katar sienny &#8211; co to? Jak go rozpozna\u0107?<\/h2>\n<p>Katar sienny do\u015b\u0107 \u0142atwo rozr\u00f3\u017cni\u0107 od pozosta\u0142ych typ\u00f3w kataru &#8211; odmienna jest zar\u00f3wno struktura i g\u0119sto\u015b\u0107 wydzieliny, jej kolor oraz cz\u0119stotliwo\u015b\u0107 wyst\u0119powania czy wreszcie nat\u0119\u017cenie i towarzysz\u0105ce katarowi objawy. Zacznijmy jednak od tego, <strong>co to jest katar sienny<\/strong>. Jest to alergiczny nie\u017cyt nosa, kt\u00f3ry ma charakter symptomatyczny (czyli wyst\u0119puje, gdy osoba zetknie si\u0119 z danym alergenem), czasem jednak objawia si\u0119 przewlekle, mo\u017ce wi\u0119c towarzyszy\u0107 alergikowi nawet ca\u0142y rok. Wszystko zale\u017cy od tego, jaki alergen wywo\u0142uje reakcj\u0119 organizmu &#8211; je\u015bli s\u0105 to np. roztocza, a nie pyl\u0105ce przez konkretne miesi\u0105ce zbo\u017ca, katar b\u0119dzie utrzymywa\u0142 si\u0119 ca\u0142y rok, z nasileniem podczas przebywania w szczeg\u00f3lnie zakurzonych pomieszczeniach.<\/p>\n<h3>Jak wygl\u0105da katar alergiczny?<\/h3>\n<ul>\n<li>wydzielina jest rzadka, bezbarwna;<\/li>\n<li>mo\u017ce towarzyszy\u0107 mu sw\u0119dzenie nosa, szyi, r\u0105k;<\/li>\n<li>cz\u0119sto wi\u0105\u017ce si\u0119 z kichaniem, poniewa\u017c organizm pr\u00f3buje oczy\u015bci\u0107 nos z wdychanych alergen\u00f3w;<\/li>\n<li>pojawia si\u0119 niedro\u017cno\u015b\u0107 nosa.<\/li>\n<\/ul>\n<h3>Czy katar sienny jest zara\u017aliwy?<\/h3>\n<p>Katar sienny nie jest bakteryjny i bardzo rzadko powoduje powik\u0142ania takie jak zapalenie zatok. Zatem <strong>czy katar sienny jest zara\u017aliwy<\/strong>? Nie &#8211; poniewa\u017c jest wywo\u0142ywany przez czynniki zewn\u0119trzne, nie patogeny, nie ma mo\u017cliwo\u015bci zarazi\u0107 si\u0119 od osoby cierpi\u0105cej na katar tego rodzaju nawet przy bliskim kontakcie.<\/p>\n<p>&nbsp;<\/p>\n<h3>Jakie objawy towarzysz\u0105ce katarowi siennemu warto zna\u0107?<\/h3>\n<ul>\n<li>suchy kaszel;<\/li>\n<li>b\u00f3l gard\u0142a;<\/li>\n<li>\u0142zawienie i zaczerwienienie oczu;<\/li>\n<li>problemy sk\u00f3rne, np. wysypka, wypryski;<\/li>\n<li>sw\u0119dzenie szczeg\u00f3lnie wra\u017cliwych okolic &#8211; oczu, ust, szyi, nadgarstk\u00f3w;<\/li>\n<li>b\u00f3le g\u0142owy.<\/li>\n<\/ul>\n<p>Je\u015bli zmagasz si\u0119 z <strong>katarem siennym, objawy<\/strong> powinny cho\u0107 cz\u0119\u015bciowo ust\u0105pi\u0107 po zastosowaniu \u015brodk\u00f3w na alergi\u0119 lub ust\u0105pieniu kontaktu z alergenem. W mi\u0119dzyczasie mo\u017ce &#8211; ale nie musi &#8211; pojawi\u0107 si\u0119 gor\u0105czka wywo\u0142ana postawieniem uk\u0142adu immunologicznego w stan gotowo\u015bci, a tak\u017ce objawy psychiczne &#8211; zm\u0119czenie, dra\u017cliwo\u015b\u0107, k\u0142opoty ze snem czy koncentracj\u0105.<\/p>\n<p><img loading=\"lazy\" decoding=\"async\" class=\"aligncenter size-full wp-image-2348\" src=\"https:\/\/katarek.pl\/wp-content\/uploads\/2022\/04\/co-to-jest-katar-sienny.jpg\" alt=\"Co to jest katar sienny\" width=\"667\" height=\"1000\" srcset=\"https:\/\/katarek.pl\/wp-content\/uploads\/2022\/04\/co-to-jest-katar-sienny.jpg 667w, https:\/\/katarek.pl\/wp-content\/uploads\/2022\/04\/co-to-jest-katar-sienny-600x900.jpg 600w, https:\/\/katarek.pl\/wp-content\/uploads\/2022\/04\/co-to-jest-katar-sienny-300x450.jpg 300w, https:\/\/katarek.pl\/wp-content\/uploads\/2022\/04\/co-to-jest-katar-sienny-500x750.jpg 500w, https:\/\/katarek.pl\/wp-content\/uploads\/2022\/04\/co-to-jest-katar-sienny-450x675.jpg 450w, https:\/\/katarek.pl\/wp-content\/uploads\/2022\/04\/co-to-jest-katar-sienny-200x300.jpg 200w\" sizes=\"(max-width: 667px) 100vw, 667px\" \/><\/p>\n<h3>Czy katar sienny mo\u017ce wyst\u0119powa\u0107 u dzieci?<\/h3>\n<p>Tak &#8211; ten typ kataru mo\u017ce pojawi\u0107 si\u0119 u ka\u017cdego alergika, niezale\u017cnie od wieku, poniewa\u017c jest reakcj\u0105 organizmu na alergen wdychany wraz z powietrzem.<\/p>\n<h2>Co na katar sienny?<\/h2>\n<p>Katar sienny nie jest schorzeniem samym w sobie, a jedynie objawem alergii. Dlatego aby pozby\u0107 si\u0119 tego rodzaju kataru nale\u017cy szuka\u0107 rozwi\u0105za\u0144 u \u017ar\u00f3d\u0142a, a wi\u0119c pozby\u0107 si\u0119 alergen\u00f3w lub wyciszy\u0107 b\u0142\u0119dn\u0105 reakcj\u0119 organizmu. Pami\u0119taj te\u017c, by go nie ignorowa\u0107 &#8211; mimo \u017ce z pozoru niegro\u017any, mo\u017ce przyczyni\u0107 si\u0119 np. do rozwoju astmy oskrzelowej.<\/p>\n<p>Na katar sienny polecamy wi\u0119c:<\/p>\n<ul>\n<li>cz\u0119sto p\u0142uka\u0107 i oczyszcza\u0107 nos, np. przy pomocy specjalnego roztworu z sol\u0105 fizjologiczn\u0105;<\/li>\n<li>zapobiega\u0107 kontaktom z alergenami, np. unikaj\u0105c wychodzenia na spacer w trakcie najwi\u0119kszego pylenia, wieszania prania na balkonie czy spotka\u0144 ze zwierz\u0119tami, je\u015bli ma si\u0119 uczulenie na sier\u015b\u0107;<\/li>\n<li>my\u0107 w\u0142osy i cia\u0142o po powrocie do domu w okresie pylenia, je\u015bli przyczyn\u0105 kataru siennego jest alergia na py\u0142ki;<\/li>\n<li>stosowa\u0107 sprawdzone i przepisane przez alergologa \u015brodki na alergi\u0119 z w\u0142a\u015bciwymi substancjami czynnymi (np. loratadyn\u0105).<\/li>\n<\/ul>\n<p>Je\u015bli alergia jest szczeg\u00f3lnie uci\u0105\u017cliwa i utrudnia Ci w du\u017cym stopniu codzienne funkcjonowanie, mo\u017cesz tak\u017ce rozwa\u017cy\u0107 odczulanie.<\/p>\n<p>Przeczytaj tak\u017ce blogpost: <a href=\"https:\/\/katarek.pl\/blog\/przyczyny-kataru-u-dzieci\/\">przyczyny kataru u dzieci<\/a>.<\/p>\n","protected":false},"excerpt":"Uporczywy, ciekn\u0105cy katar, kt\u00f3remu nie towarzysz\u0105 inne objawy chorobowe (takie jak gor\u0105czka, kaszel czy pozosta\u0142e symptomy grypy oraz przezi\u0119bienia) to dolegliwo\u015b\u0107, kt\u00f3ra dotyka przede wszystkim alergik\u00f3w. Co to jest katar sienny i jak si\u0119 go pozby\u0107, gdy dyskomfort jest na tyle silny, \u017ce utrudnia codzienne funkcjonowanie? Przygotowali\u015bmy poradnik, w kt\u00f3rym odpowiadamy na najbardziej pal\u0105ce i [&hellip;]","author":7,"featured_media":2347,"comment_status":"open","ping_status":"open","sticky":false,"template":"","format":"standard","meta":{"_acf_changed":false,"inline_featured_image":false,"editor_plus_copied_stylings":"{}","footnotes":""},"categories":[28,41],"tags":[],"class_list":["post-2346","post","type-post","status-publish","format-standard","has-post-thumbnail","hentry","category-dziecko","category-zdrowie-dziecko"],"yoast_head":"<!-- This site is optimized with the Yoast SEO plugin v27.4 - https:\/\/yoast.com\/product\/yoast-seo-wordpress\/ -->\n<title>Katar sienny - co to jest? - blog Katarek<\/title>\n<meta name=\"description\" content=\"Uporczywy, ciekn\u0105cy katar, kt\u00f3remu nie towarzysz\u0105 inne objawy to dolegliwo\u015b\u0107, kt\u00f3ra dotyka g\u0142\u00f3wnie alergik\u00f3w. Odpowiadamy, co to jest katar sienny.\" \/>\n<meta name=\"robots\" content=\"index, follow, max-snippet:-1, max-image-preview:large, max-video-preview:-1\" \/>\n<link rel=\"canonical\" href=\"https:\/\/katarek.pl\/katar-sienny-co-to\/\" \/>\n<meta property=\"og:locale\" content=\"pl_PL\" \/>\n<meta property=\"og:type\" content=\"article\" \/>\n<meta property=\"og:title\" content=\"Katar sienny - co to jest? - blog Katarek\" \/>\n<meta property=\"og:description\" content=\"Uporczywy, ciekn\u0105cy katar, kt\u00f3remu nie towarzysz\u0105 inne objawy to dolegliwo\u015b\u0107, kt\u00f3ra dotyka g\u0142\u00f3wnie alergik\u00f3w. Odpowiadamy, co to jest katar sienny.\" \/>\n<meta property=\"og:url\" content=\"https:\/\/katarek.pl\/katar-sienny-co-to\/\" \/>\n<meta property=\"og:site_name\" content=\"katarek.pl\" \/>\n<meta property=\"article:published_time\" content=\"2022-04-11T08:24:42+00:00\" \/>\n<meta property=\"og:image\" content=\"https:\/\/katarek.pl\/wp-content\/uploads\/2022\/04\/katar-sienny-co-to.webp\" \/>\n\t<meta property=\"og:image:width\" content=\"1200\" \/>\n\t<meta property=\"og:image:height\" content=\"800\" \/>\n\t<meta property=\"og:image:type\" content=\"image\/webp\" \/>\n<meta name=\"author\" content=\"katarek\" \/>\n<meta name=\"twitter:card\" content=\"summary_large_image\" \/>\n<meta name=\"twitter:label1\" content=\"Napisane przez\" \/>\n\t<meta name=\"twitter:data1\" content=\"katarek\" \/>\n\t<meta name=\"twitter:label2\" content=\"Szacowany czas czytania\" \/>\n\t<meta name=\"twitter:data2\" content=\"3 minuty\" \/>\n<script type=\"application\/ld+json\" class=\"yoast-schema-graph\">{\"@context\":\"https:\\\/\\\/schema.org\",\"@graph\":[{\"@type\":\"Article\",\"@id\":\"https:\\\/\\\/katarek.pl\\\/katar-sienny-co-to\\\/#article\",\"isPartOf\":{\"@id\":\"https:\\\/\\\/katarek.pl\\\/katar-sienny-co-to\\\/\"},\"author\":{\"name\":\"katarek\",\"@id\":\"https:\\\/\\\/katarek.pl\\\/#\\\/schema\\\/person\\\/c7267555b2aaad4c6d15146a155bc430\"},\"headline\":\"Katar sienny &#8211; co to?\",\"datePublished\":\"2022-04-11T08:24:42+00:00\",\"mainEntityOfPage\":{\"@id\":\"https:\\\/\\\/katarek.pl\\\/katar-sienny-co-to\\\/\"},\"wordCount\":652,\"commentCount\":0,\"image\":{\"@id\":\"https:\\\/\\\/katarek.pl\\\/katar-sienny-co-to\\\/#primaryimage\"},\"thumbnailUrl\":\"https:\\\/\\\/katarek.pl\\\/wp-content\\\/uploads\\\/2022\\\/04\\\/katar-sienny-co-to.webp\",\"articleSection\":[\"Dziecko\",\"Zdrowie\"],\"inLanguage\":\"pl-PL\"},{\"@type\":\"WebPage\",\"@id\":\"https:\\\/\\\/katarek.pl\\\/katar-sienny-co-to\\\/\",\"url\":\"https:\\\/\\\/katarek.pl\\\/katar-sienny-co-to\\\/\",\"name\":\"Katar sienny - co to jest? - blog Katarek\",\"isPartOf\":{\"@id\":\"https:\\\/\\\/katarek.pl\\\/#website\"},\"primaryImageOfPage\":{\"@id\":\"https:\\\/\\\/katarek.pl\\\/katar-sienny-co-to\\\/#primaryimage\"},\"image\":{\"@id\":\"https:\\\/\\\/katarek.pl\\\/katar-sienny-co-to\\\/#primaryimage\"},\"thumbnailUrl\":\"https:\\\/\\\/katarek.pl\\\/wp-content\\\/uploads\\\/2022\\\/04\\\/katar-sienny-co-to.webp\",\"datePublished\":\"2022-04-11T08:24:42+00:00\",\"author\":{\"@id\":\"https:\\\/\\\/katarek.pl\\\/#\\\/schema\\\/person\\\/c7267555b2aaad4c6d15146a155bc430\"},\"description\":\"Uporczywy, ciekn\u0105cy katar, kt\u00f3remu nie towarzysz\u0105 inne objawy to dolegliwo\u015b\u0107, kt\u00f3ra dotyka g\u0142\u00f3wnie alergik\u00f3w. Odpowiadamy, co to jest katar sienny.\",\"breadcrumb\":{\"@id\":\"https:\\\/\\\/katarek.pl\\\/katar-sienny-co-to\\\/#breadcrumb\"},\"inLanguage\":\"pl-PL\",\"potentialAction\":[{\"@type\":\"ReadAction\",\"target\":[\"https:\\\/\\\/katarek.pl\\\/katar-sienny-co-to\\\/\"]}]},{\"@type\":\"ImageObject\",\"inLanguage\":\"pl-PL\",\"@id\":\"https:\\\/\\\/katarek.pl\\\/katar-sienny-co-to\\\/#primaryimage\",\"url\":\"https:\\\/\\\/katarek.pl\\\/wp-content\\\/uploads\\\/2022\\\/04\\\/katar-sienny-co-to.webp\",\"contentUrl\":\"https:\\\/\\\/katarek.pl\\\/wp-content\\\/uploads\\\/2022\\\/04\\\/katar-sienny-co-to.webp\",\"width\":1200,\"height\":800,\"caption\":\"Katar sienny co to\"},{\"@type\":\"BreadcrumbList\",\"@id\":\"https:\\\/\\\/katarek.pl\\\/katar-sienny-co-to\\\/#breadcrumb\",\"itemListElement\":[{\"@type\":\"ListItem\",\"position\":1,\"name\":\"Home\",\"item\":\"https:\\\/\\\/katarek.pl\\\/\"},{\"@type\":\"ListItem\",\"position\":2,\"name\":\"Blog\",\"item\":\"https:\\\/\\\/katarek.pl\\\/blog\\\/\"},{\"@type\":\"ListItem\",\"position\":3,\"name\":\"Katar sienny &#8211; co to?\"}]},{\"@type\":\"WebSite\",\"@id\":\"https:\\\/\\\/katarek.pl\\\/#website\",\"url\":\"https:\\\/\\\/katarek.pl\\\/\",\"name\":\"katarek.pl\",\"description\":\"\",\"potentialAction\":[{\"@type\":\"SearchAction\",\"target\":{\"@type\":\"EntryPoint\",\"urlTemplate\":\"https:\\\/\\\/katarek.pl\\\/?s={search_term_string}\"},\"query-input\":{\"@type\":\"PropertyValueSpecification\",\"valueRequired\":true,\"valueName\":\"search_term_string\"}}],\"inLanguage\":\"pl-PL\"},{\"@type\":\"Person\",\"@id\":\"https:\\\/\\\/katarek.pl\\\/#\\\/schema\\\/person\\\/c7267555b2aaad4c6d15146a155bc430\",\"name\":\"katarek\",\"url\":\"https:\\\/\\\/katarek.pl\\\/author\\\/katarek\\\/\"}]}<\/script>\n<!-- \/ Yoast SEO plugin. -->","yoast_head_json":{"title":"Katar sienny - co to jest? - blog Katarek","description":"Uporczywy, ciekn\u0105cy katar, kt\u00f3remu nie towarzysz\u0105 inne objawy to dolegliwo\u015b\u0107, kt\u00f3ra dotyka g\u0142\u00f3wnie alergik\u00f3w. Odpowiadamy, co to jest katar sienny.","robots":{"index":"index","follow":"follow","max-snippet":"max-snippet:-1","max-image-preview":"max-image-preview:large","max-video-preview":"max-video-preview:-1"},"canonical":"https:\/\/katarek.pl\/katar-sienny-co-to\/","og_locale":"pl_PL","og_type":"article","og_title":"Katar sienny - co to jest? - blog Katarek","og_description":"Uporczywy, ciekn\u0105cy katar, kt\u00f3remu nie towarzysz\u0105 inne objawy to dolegliwo\u015b\u0107, kt\u00f3ra dotyka g\u0142\u00f3wnie alergik\u00f3w. Odpowiadamy, co to jest katar sienny.","og_url":"https:\/\/katarek.pl\/katar-sienny-co-to\/","og_site_name":"katarek.pl","article_published_time":"2022-04-11T08:24:42+00:00","og_image":[{"width":1200,"height":800,"url":"https:\/\/katarek.pl\/wp-content\/uploads\/2022\/04\/katar-sienny-co-to.webp","type":"image\/webp"}],"author":"katarek","twitter_card":"summary_large_image","twitter_misc":{"Napisane przez":"katarek","Szacowany czas czytania":"3 minuty"},"schema":{"@context":"https:\/\/schema.org","@graph":[{"@type":"Article","@id":"https:\/\/katarek.pl\/katar-sienny-co-to\/#article","isPartOf":{"@id":"https:\/\/katarek.pl\/katar-sienny-co-to\/"},"author":{"name":"katarek","@id":"https:\/\/katarek.pl\/#\/schema\/person\/c7267555b2aaad4c6d15146a155bc430"},"headline":"Katar sienny &#8211; co to?","datePublished":"2022-04-11T08:24:42+00:00","mainEntityOfPage":{"@id":"https:\/\/katarek.pl\/katar-sienny-co-to\/"},"wordCount":652,"commentCount":0,"image":{"@id":"https:\/\/katarek.pl\/katar-sienny-co-to\/#primaryimage"},"thumbnailUrl":"https:\/\/katarek.pl\/wp-content\/uploads\/2022\/04\/katar-sienny-co-to.webp","articleSection":["Dziecko","Zdrowie"],"inLanguage":"pl-PL"},{"@type":"WebPage","@id":"https:\/\/katarek.pl\/katar-sienny-co-to\/","url":"https:\/\/katarek.pl\/katar-sienny-co-to\/","name":"Katar sienny - co to jest? - blog Katarek","isPartOf":{"@id":"https:\/\/katarek.pl\/#website"},"primaryImageOfPage":{"@id":"https:\/\/katarek.pl\/katar-sienny-co-to\/#primaryimage"},"image":{"@id":"https:\/\/katarek.pl\/katar-sienny-co-to\/#primaryimage"},"thumbnailUrl":"https:\/\/katarek.pl\/wp-content\/uploads\/2022\/04\/katar-sienny-co-to.webp","datePublished":"2022-04-11T08:24:42+00:00","author":{"@id":"https:\/\/katarek.pl\/#\/schema\/person\/c7267555b2aaad4c6d15146a155bc430"},"description":"Uporczywy, ciekn\u0105cy katar, kt\u00f3remu nie towarzysz\u0105 inne objawy to dolegliwo\u015b\u0107, kt\u00f3ra dotyka g\u0142\u00f3wnie alergik\u00f3w. Odpowiadamy, co to jest katar sienny.","breadcrumb":{"@id":"https:\/\/katarek.pl\/katar-sienny-co-to\/#breadcrumb"},"inLanguage":"pl-PL","potentialAction":[{"@type":"ReadAction","target":["https:\/\/katarek.pl\/katar-sienny-co-to\/"]}]},{"@type":"ImageObject","inLanguage":"pl-PL","@id":"https:\/\/katarek.pl\/katar-sienny-co-to\/#primaryimage","url":"https:\/\/katarek.pl\/wp-content\/uploads\/2022\/04\/katar-sienny-co-to.webp","contentUrl":"https:\/\/katarek.pl\/wp-content\/uploads\/2022\/04\/katar-sienny-co-to.webp","width":1200,"height":800,"caption":"Katar sienny co to"},{"@type":"BreadcrumbList","@id":"https:\/\/katarek.pl\/katar-sienny-co-to\/#breadcrumb","itemListElement":[{"@type":"ListItem","position":1,"name":"Home","item":"https:\/\/katarek.pl\/"},{"@type":"ListItem","position":2,"name":"Blog","item":"https:\/\/katarek.pl\/blog\/"},{"@type":"ListItem","position":3,"name":"Katar sienny &#8211; co to?"}]},{"@type":"WebSite","@id":"https:\/\/katarek.pl\/#website","url":"https:\/\/katarek.pl\/","name":"katarek.pl","description":"","potentialAction":[{"@type":"SearchAction","target":{"@type":"EntryPoint","urlTemplate":"https:\/\/katarek.pl\/?s={search_term_string}"},"query-input":{"@type":"PropertyValueSpecification","valueRequired":true,"valueName":"search_term_string"}}],"inLanguage":"pl-PL"},{"@type":"Person","@id":"https:\/\/katarek.pl\/#\/schema\/person\/c7267555b2aaad4c6d15146a155bc430","name":"katarek","url":"https:\/\/katarek.pl\/author\/katarek\/"}]}},"acf":[],"gutenberg_blocks":[{"blockName":"custom-styles","attrs":{"styles":""}}],"meta_data":false,"featured_image":{"url":"https:\/\/katarek.pl\/wp-content\/uploads\/2022\/04\/katar-sienny-co-to-1024x683.webp"},"main_category":{"name":"Dziecko"},"prev_page":{"slug":"jaki-olejek-na-katar"},"next_page":{"slug":"bol-glowy-przy-katarze"},"_links":{"self":[{"href":"https:\/\/katarek.pl\/index.php\/wp-json\/wp\/v2\/posts\/2346","targetHints":{"allow":["GET"]}}],"collection":[{"href":"https:\/\/katarek.pl\/index.php\/wp-json\/wp\/v2\/posts"}],"about":[{"href":"https:\/\/katarek.pl\/index.php\/wp-json\/wp\/v2\/types\/post"}],"author":[{"embeddable":true,"href":"https:\/\/katarek.pl\/index.php\/wp-json\/wp\/v2\/users\/7"}],"replies":[{"embeddable":true,"href":"https:\/\/katarek.pl\/index.php\/wp-json\/wp\/v2\/comments?post=2346"}],"version-history":[{"count":0,"href":"https:\/\/katarek.pl\/index.php\/wp-json\/wp\/v2\/posts\/2346\/revisions"}],"wp:featuredmedia":[{"embeddable":true,"href":"https:\/\/katarek.pl\/index.php\/wp-json\/wp\/v2\/media\/2347"}],"wp:attachment":[{"href":"https:\/\/katarek.pl\/index.php\/wp-json\/wp\/v2\/media?parent=2346"}],"wp:term":[{"taxonomy":"category","embeddable":true,"href":"https:\/\/katarek.pl\/index.php\/wp-json\/wp\/v2\/categories?post=2346"},{"taxonomy":"post_tag","embeddable":true,"href":"https:\/\/katarek.pl\/index.php\/wp-json\/wp\/v2\/tags?post=2346"}],"curies":[{"name":"wp","href":"https:\/\/api.w.org\/{rel}","templated":true}]}}