{"id":2292,"date":"2021-12-22T08:35:46","date_gmt":"2021-12-22T07:35:46","guid":{"rendered":"https:\/\/katarek.pl\/blog\/?p=2292"},"modified":"2021-12-22T08:35:46","modified_gmt":"2021-12-22T07:35:46","slug":"czy-katar-to-objaw-covid","status":"publish","type":"post","link":"https:\/\/katarek.pl\/czy-katar-to-objaw-covid\/","title":{"rendered":"Czy katar to objaw COVID?"},"content":{"rendered":"<p>Odk\u0105d w Polsce zacz\u0119li\u015bmy mie\u0107 do czynienia z wirusem COVID-19 na pocz\u0105tku 2020 roku, zd\u0105\u017cy\u0142 on przej\u015b\u0107 szereg mutacji, dostosowuj\u0105c si\u0119 stopniowo coraz lepiej do ludzkiego organizmu. Do pocz\u0105tkowych objaw\u00f3w, dot\u0105d najcz\u0119\u015bciej podobnych do objaw\u00f3w grypy, do\u0142\u0105czaj\u0105 coraz to nowsze, a kolejne mutacje wirusa staj\u0105 si\u0119 jeszcze bardziej zara\u017aliwe. Bardzo cz\u0119sto zadajemy sobie pytanie o to, czy objawy chorobowe, kt\u00f3re odczuwamy, s\u0105 objawami koronawirusa? <strong>Czy katar to objaw COVID-19?<\/strong> I co w przypadku, kiedy podejrzewamy u siebie zaka\u017cenie? Przyjrzyjmy si\u0119 tematowi z bliska.<\/p>\n<h2>Katar a COVID &#8211; lista objaw\u00f3w wirusa COVID-19<\/h2>\n<p>Koronawirus z 2019 roku oraz jego p\u00f3\u017aniejsze mutacje s\u0105 nieustannie badane przez naukowc\u00f3w. Kolejne fale pandemii przynosz\u0105 nowe symptomy &#8211; odpowiedzmy wi\u0119c sobie na pytanie, jaka relacja \u0142\u0105czy <strong>katar i COVID <\/strong>oraz czy powiniene\u015b si\u0119 martwi\u0107.<\/p>\n<p>Brytyjskie National Health Services zalicza do g\u0142\u00f3wnych objaw\u00f3w zaka\u017cenia COVID-19 3 symptomy. S\u0105 nimi:<\/p>\n<ul>\n<li><em>mocny, ci\u0105g\u0142y suchy kaszel<\/em> (nie sporadyczne pokas\u0142ywanie, raczej ataki kaszlu cz\u0119\u015bciej ni\u017c raz na godzin\u0119 lub intensywne napady min. 3 razy w ci\u0105gu doby),<\/li>\n<li><em>wysoka temperatura<\/em>,<\/li>\n<li><em>utrata w\u0119chu lub smaku<\/em>.<\/li>\n<\/ul>\n<p>Jednocze\u015bnie coraz cz\u0119\u015bciej sugeruje si\u0119 poszerzy\u0107 t\u0119 oficjaln\u0105 list\u0119 o kolejne objawy &#8211; podobne do \u0142agodnego nawet przezi\u0119bienia symptomy, kt\u00f3re, jak si\u0119 okazuje, s\u0105 coraz cz\u0119stsze.\u00a0<\/p>\n<p><img loading=\"lazy\" decoding=\"async\" class=\"aligncenter size-full wp-image-2293\" src=\"https:\/\/katarek.pl\/wp-content\/uploads\/2021\/12\/katar-a-covid.jpg\" alt=\"Katar a covid-19\" width=\"1000\" height=\"667\" srcset=\"https:\/\/katarek.pl\/wp-content\/uploads\/2021\/12\/katar-a-covid.jpg 1000w, https:\/\/katarek.pl\/wp-content\/uploads\/2021\/12\/katar-a-covid-600x400.jpg 600w, https:\/\/katarek.pl\/wp-content\/uploads\/2021\/12\/katar-a-covid-450x300.jpg 450w, https:\/\/katarek.pl\/wp-content\/uploads\/2021\/12\/katar-a-covid-768x512.jpg 768w, https:\/\/katarek.pl\/wp-content\/uploads\/2021\/12\/katar-a-covid-500x334.jpg 500w, https:\/\/katarek.pl\/wp-content\/uploads\/2021\/12\/katar-a-covid-300x200.jpg 300w\" sizes=\"(max-width: 1000px) 100vw, 1000px\" \/><\/p>\n<h3>Objawy COVID &#8211; czy katar jest jednym z nich?<\/h3>\n<p>Lekarze twierdz\u0105, \u017ce <strong>w kolejnych falach pandemii katar jako objaw koronawirusa jest coraz bardziej powszechny i cz\u0119sto bywa mylony z alergicznym nie\u017cytem nosa<\/strong>. Objaw ten wyprzedza niejednokrotnie utrat\u0119 w\u0119chu i smaku, kt\u00f3re by\u0142y wcze\u015bniej jednymi z najbardziej charakterystycznych pocz\u0105tkowych symptom\u00f3w zachorowania. W pierwszych dniach mo\u017cna spodziewa\u0107 si\u0119 wi\u0119c objaw\u00f3w takich jak:<\/p>\n<ul>\n<li>nie\u017cyt nosa (powszechnie zwany katarem),<\/li>\n<li>b\u00f3l g\u0142owy,<\/li>\n<li>zapalenie zatok.<\/li>\n<\/ul>\n<p>Wci\u0105\u017c warto mie\u0107 na uwadze tak\u017ce og\u00f3lne pogorszenie samopoczucia, w tym gor\u0105czk\u0119, kt\u00f3rej towarzysz\u0105 dreszcze, zm\u0119czenie i uci\u0105\u017cliwy suchy kaszel. Mo\u017ce zdarzy\u0107 si\u0119 r\u00f3wnie\u017c b\u00f3l gard\u0142a, zaczerwienienie oczu, problemy \u017co\u0142\u0105dkowe (biegunka, nudno\u015bci, wymioty), a nawet zmiany sk\u00f3rne &#8211; nie ignoruj \u017cadnych niepokoj\u0105cych symptom\u00f3w.<\/p>\n<h2>Katar a COVID-19<\/h2>\n<p>Dot\u0105d s\u0105dzono, \u017ce <strong>katar i COVID<\/strong> nie maj\u0105 wiele wsp\u00f3lnego, a nie\u017cyt nosa nie jest objawem zachorowania na wirus COVID-19. Jednak w dynamicznie zmieniaj\u0105cej si\u0119 sytuacji <strong>nie mo\u017cna d\u0142u\u017cej go wyklucza\u0107<\/strong>. Badania pokazuj\u0105, \u017ce sygnalizowa\u0107 zaka\u017cenie mog\u0105 objawy zbli\u017cone ju\u017c nie tylko do grypy, lecz tak\u017ce do przezi\u0119bienia, w tym w\u0142a\u015bnie nie\u017cytu nosa. Warto doda\u0107, \u017ce o ile wspominane wy\u017cej National Health Services wymienia tylko trzy symptomy zaka\u017cenia wirusem, <strong>\u015awiatowa Organizacja Zdrowia (WHO) uwzgl\u0119dnia katar i inne objawy przezi\u0119bienia w swoim spisie objaw\u00f3w koronawirusa<\/strong>. Szybko\u015b\u0107 kolejnych mutacji sprawia, \u017ce trudno \u015bledzi\u0107 ka\u017cdy nowy objaw. A je\u015bli zbywasz w\u0105tpliwo\u015b\u0107 o to, <em>czy katar to objaw COVID<\/em> odpowiedzi\u0105, \u017ce nie dotkn\u0105\u0142 ci\u0119 kaszel ani utrata w\u0119chu czy smaku, pami\u0119taj, \u017ce wed\u0142ug bada\u0144 londy\u0144skich naukowc\u00f3w zm\u0119czenie i b\u00f3le g\u0142owy by\u0142y u pacjent\u00f3w z COVID cz\u0119stszymi objawami ni\u017c te oficjalne.<\/p>\n<h3><strong>Co zrobi\u0107, je\u015bli podejrzewasz u siebie koronawirusa?<\/strong><\/h3>\n<p>Je\u015bli w\u015br\u00f3d <strong>objaw\u00f3w COVID katar<\/strong> martwi Ci\u0119 najbardziej, przede wszystkim unikaj wszelkich okoliczno\u015bci, kt\u00f3re mog\u0105 sprawi\u0107, \u017ce zarazisz innych drog\u0105 kropelkow\u0105 (czemu nie\u017cyt nosa szczeg\u00f3lnie sprzyja). Je\u015bli jeste\u015b alergikiem, pami\u0119taj, \u017ce ten objaw mo\u017ce by\u0107 dla Ciebie mniej zauwa\u017calny &#8211; koniecznie no\u015b maseczk\u0119, je\u015bli tylko stan zdrowia Ci na to pozwala, by uchroni\u0107 siebie i innych. A gdy pojawi\u0105 si\u0119 jakiekolwiek w\u0105tpliwo\u015bci, wykonaj test na koronawirusa i odizoluj si\u0119 do momentu otrzymania jego wynik\u00f3w &#8211; wsp\u00f3lna odpowiedzialno\u015b\u0107 to podstawa.<\/p>\n<p>Na naszym blogu mo\u017cesz przeczyta\u0107 tak\u017ce: <a href=\"\/blog\/jak-dzieci-przechodza-covid-19\/\">jak dzieci przechodz\u0105 covid<\/a> oraz jakie s\u0105 <a href=\"\/blog\/powiklania-covid-19-u-dzieci\/\">powik\u0142ania po covid-19 u dzieci<\/a>.<\/p>\n","protected":false},"excerpt":"Masz katar i zastanawiasz si\u0119 czy jest on jednym z objaw\u00f3w mog\u0105cych \u015bwiadczy\u0107 o zara\u017ceniu COVID-19? Odpowiadamy jak jest w rzeczywisto\u015bci.","author":7,"featured_media":2294,"comment_status":"open","ping_status":"open","sticky":false,"template":"","format":"standard","meta":{"_acf_changed":false,"inline_featured_image":false,"editor_plus_copied_stylings":"{}","footnotes":""},"categories":[41],"tags":[],"class_list":["post-2292","post","type-post","status-publish","format-standard","has-post-thumbnail","hentry","category-zdrowie-dziecko"],"yoast_head":"<!-- This site is optimized with the Yoast SEO plugin v27.4 - https:\/\/yoast.com\/product\/yoast-seo-wordpress\/ -->\n<title>Czy katar to objaw Covid? Czy \u015bwiadczy o zara\u017ceniu? - blog Katarek<\/title>\n<meta name=\"description\" content=\"Masz katar i zastanawiasz si\u0119 czy jest on jednym z objaw\u00f3w mog\u0105cych \u015bwiadczy\u0107 o zara\u017ceniu COVID-19? Odpowiadamy jak jest w rzeczywisto\u015bci.\" \/>\n<meta name=\"robots\" content=\"index, follow, max-snippet:-1, max-image-preview:large, max-video-preview:-1\" \/>\n<link rel=\"canonical\" href=\"https:\/\/katarek.pl\/czy-katar-to-objaw-covid\/\" \/>\n<meta property=\"og:locale\" content=\"pl_PL\" \/>\n<meta property=\"og:type\" content=\"article\" \/>\n<meta property=\"og:title\" content=\"Czy katar to objaw Covid? Czy \u015bwiadczy o zara\u017ceniu? - blog Katarek\" \/>\n<meta property=\"og:description\" content=\"Masz katar i zastanawiasz si\u0119 czy jest on jednym z objaw\u00f3w mog\u0105cych \u015bwiadczy\u0107 o zara\u017ceniu COVID-19? Odpowiadamy jak jest w rzeczywisto\u015bci.\" \/>\n<meta property=\"og:url\" content=\"https:\/\/katarek.pl\/czy-katar-to-objaw-covid\/\" \/>\n<meta property=\"og:site_name\" content=\"katarek.pl\" \/>\n<meta property=\"article:published_time\" content=\"2021-12-22T07:35:46+00:00\" \/>\n<meta property=\"og:image\" content=\"https:\/\/katarek.pl\/wp-content\/uploads\/2021\/12\/czy-katar-to-objaw-covid-19.jpg\" \/>\n\t<meta property=\"og:image:width\" content=\"1000\" \/>\n\t<meta property=\"og:image:height\" content=\"667\" \/>\n\t<meta property=\"og:image:type\" content=\"image\/jpeg\" \/>\n<meta name=\"author\" content=\"katarek\" \/>\n<meta name=\"twitter:card\" content=\"summary_large_image\" \/>\n<meta name=\"twitter:label1\" content=\"Napisane przez\" \/>\n\t<meta name=\"twitter:data1\" content=\"katarek\" \/>\n\t<meta name=\"twitter:label2\" content=\"Szacowany czas czytania\" \/>\n\t<meta name=\"twitter:data2\" content=\"3 minuty\" \/>\n<script type=\"application\/ld+json\" class=\"yoast-schema-graph\">{\"@context\":\"https:\\\/\\\/schema.org\",\"@graph\":[{\"@type\":\"Article\",\"@id\":\"https:\\\/\\\/katarek.pl\\\/czy-katar-to-objaw-covid\\\/#article\",\"isPartOf\":{\"@id\":\"https:\\\/\\\/katarek.pl\\\/czy-katar-to-objaw-covid\\\/\"},\"author\":{\"name\":\"katarek\",\"@id\":\"https:\\\/\\\/katarek.pl\\\/#\\\/schema\\\/person\\\/c7267555b2aaad4c6d15146a155bc430\"},\"headline\":\"Czy katar to objaw COVID?\",\"datePublished\":\"2021-12-22T07:35:46+00:00\",\"mainEntityOfPage\":{\"@id\":\"https:\\\/\\\/katarek.pl\\\/czy-katar-to-objaw-covid\\\/\"},\"wordCount\":671,\"commentCount\":0,\"image\":{\"@id\":\"https:\\\/\\\/katarek.pl\\\/czy-katar-to-objaw-covid\\\/#primaryimage\"},\"thumbnailUrl\":\"https:\\\/\\\/katarek.pl\\\/wp-content\\\/uploads\\\/2021\\\/12\\\/czy-katar-to-objaw-covid-19.jpg\",\"articleSection\":[\"Zdrowie\"],\"inLanguage\":\"pl-PL\"},{\"@type\":\"WebPage\",\"@id\":\"https:\\\/\\\/katarek.pl\\\/czy-katar-to-objaw-covid\\\/\",\"url\":\"https:\\\/\\\/katarek.pl\\\/czy-katar-to-objaw-covid\\\/\",\"name\":\"Czy katar to objaw Covid? Czy \u015bwiadczy o zara\u017ceniu? - blog Katarek\",\"isPartOf\":{\"@id\":\"https:\\\/\\\/katarek.pl\\\/#website\"},\"primaryImageOfPage\":{\"@id\":\"https:\\\/\\\/katarek.pl\\\/czy-katar-to-objaw-covid\\\/#primaryimage\"},\"image\":{\"@id\":\"https:\\\/\\\/katarek.pl\\\/czy-katar-to-objaw-covid\\\/#primaryimage\"},\"thumbnailUrl\":\"https:\\\/\\\/katarek.pl\\\/wp-content\\\/uploads\\\/2021\\\/12\\\/czy-katar-to-objaw-covid-19.jpg\",\"datePublished\":\"2021-12-22T07:35:46+00:00\",\"author\":{\"@id\":\"https:\\\/\\\/katarek.pl\\\/#\\\/schema\\\/person\\\/c7267555b2aaad4c6d15146a155bc430\"},\"description\":\"Masz katar i zastanawiasz si\u0119 czy jest on jednym z objaw\u00f3w mog\u0105cych \u015bwiadczy\u0107 o zara\u017ceniu COVID-19? Odpowiadamy jak jest w rzeczywisto\u015bci.\",\"breadcrumb\":{\"@id\":\"https:\\\/\\\/katarek.pl\\\/czy-katar-to-objaw-covid\\\/#breadcrumb\"},\"inLanguage\":\"pl-PL\",\"potentialAction\":[{\"@type\":\"ReadAction\",\"target\":[\"https:\\\/\\\/katarek.pl\\\/czy-katar-to-objaw-covid\\\/\"]}]},{\"@type\":\"ImageObject\",\"inLanguage\":\"pl-PL\",\"@id\":\"https:\\\/\\\/katarek.pl\\\/czy-katar-to-objaw-covid\\\/#primaryimage\",\"url\":\"https:\\\/\\\/katarek.pl\\\/wp-content\\\/uploads\\\/2021\\\/12\\\/czy-katar-to-objaw-covid-19.jpg\",\"contentUrl\":\"https:\\\/\\\/katarek.pl\\\/wp-content\\\/uploads\\\/2021\\\/12\\\/czy-katar-to-objaw-covid-19.jpg\",\"width\":1000,\"height\":667,\"caption\":\"Czy katar to objaw covid-19\"},{\"@type\":\"BreadcrumbList\",\"@id\":\"https:\\\/\\\/katarek.pl\\\/czy-katar-to-objaw-covid\\\/#breadcrumb\",\"itemListElement\":[{\"@type\":\"ListItem\",\"position\":1,\"name\":\"Home\",\"item\":\"https:\\\/\\\/katarek.pl\\\/\"},{\"@type\":\"ListItem\",\"position\":2,\"name\":\"Blog\",\"item\":\"https:\\\/\\\/katarek.pl\\\/blog\\\/\"},{\"@type\":\"ListItem\",\"position\":3,\"name\":\"Czy katar to objaw COVID?\"}]},{\"@type\":\"WebSite\",\"@id\":\"https:\\\/\\\/katarek.pl\\\/#website\",\"url\":\"https:\\\/\\\/katarek.pl\\\/\",\"name\":\"katarek.pl\",\"description\":\"\",\"potentialAction\":[{\"@type\":\"SearchAction\",\"target\":{\"@type\":\"EntryPoint\",\"urlTemplate\":\"https:\\\/\\\/katarek.pl\\\/?s={search_term_string}\"},\"query-input\":{\"@type\":\"PropertyValueSpecification\",\"valueRequired\":true,\"valueName\":\"search_term_string\"}}],\"inLanguage\":\"pl-PL\"},{\"@type\":\"Person\",\"@id\":\"https:\\\/\\\/katarek.pl\\\/#\\\/schema\\\/person\\\/c7267555b2aaad4c6d15146a155bc430\",\"name\":\"katarek\",\"url\":\"https:\\\/\\\/katarek.pl\\\/author\\\/katarek\\\/\"}]}<\/script>\n<!-- \/ Yoast SEO plugin. -->","yoast_head_json":{"title":"Czy katar to objaw Covid? Czy \u015bwiadczy o zara\u017ceniu? - blog Katarek","description":"Masz katar i zastanawiasz si\u0119 czy jest on jednym z objaw\u00f3w mog\u0105cych \u015bwiadczy\u0107 o zara\u017ceniu COVID-19? Odpowiadamy jak jest w rzeczywisto\u015bci.","robots":{"index":"index","follow":"follow","max-snippet":"max-snippet:-1","max-image-preview":"max-image-preview:large","max-video-preview":"max-video-preview:-1"},"canonical":"https:\/\/katarek.pl\/czy-katar-to-objaw-covid\/","og_locale":"pl_PL","og_type":"article","og_title":"Czy katar to objaw Covid? Czy \u015bwiadczy o zara\u017ceniu? - blog Katarek","og_description":"Masz katar i zastanawiasz si\u0119 czy jest on jednym z objaw\u00f3w mog\u0105cych \u015bwiadczy\u0107 o zara\u017ceniu COVID-19? Odpowiadamy jak jest w rzeczywisto\u015bci.","og_url":"https:\/\/katarek.pl\/czy-katar-to-objaw-covid\/","og_site_name":"katarek.pl","article_published_time":"2021-12-22T07:35:46+00:00","og_image":[{"width":1000,"height":667,"url":"https:\/\/katarek.pl\/wp-content\/uploads\/2021\/12\/czy-katar-to-objaw-covid-19.jpg","type":"image\/jpeg"}],"author":"katarek","twitter_card":"summary_large_image","twitter_misc":{"Napisane przez":"katarek","Szacowany czas czytania":"3 minuty"},"schema":{"@context":"https:\/\/schema.org","@graph":[{"@type":"Article","@id":"https:\/\/katarek.pl\/czy-katar-to-objaw-covid\/#article","isPartOf":{"@id":"https:\/\/katarek.pl\/czy-katar-to-objaw-covid\/"},"author":{"name":"katarek","@id":"https:\/\/katarek.pl\/#\/schema\/person\/c7267555b2aaad4c6d15146a155bc430"},"headline":"Czy katar to objaw COVID?","datePublished":"2021-12-22T07:35:46+00:00","mainEntityOfPage":{"@id":"https:\/\/katarek.pl\/czy-katar-to-objaw-covid\/"},"wordCount":671,"commentCount":0,"image":{"@id":"https:\/\/katarek.pl\/czy-katar-to-objaw-covid\/#primaryimage"},"thumbnailUrl":"https:\/\/katarek.pl\/wp-content\/uploads\/2021\/12\/czy-katar-to-objaw-covid-19.jpg","articleSection":["Zdrowie"],"inLanguage":"pl-PL"},{"@type":"WebPage","@id":"https:\/\/katarek.pl\/czy-katar-to-objaw-covid\/","url":"https:\/\/katarek.pl\/czy-katar-to-objaw-covid\/","name":"Czy katar to objaw Covid? Czy \u015bwiadczy o zara\u017ceniu? - blog Katarek","isPartOf":{"@id":"https:\/\/katarek.pl\/#website"},"primaryImageOfPage":{"@id":"https:\/\/katarek.pl\/czy-katar-to-objaw-covid\/#primaryimage"},"image":{"@id":"https:\/\/katarek.pl\/czy-katar-to-objaw-covid\/#primaryimage"},"thumbnailUrl":"https:\/\/katarek.pl\/wp-content\/uploads\/2021\/12\/czy-katar-to-objaw-covid-19.jpg","datePublished":"2021-12-22T07:35:46+00:00","author":{"@id":"https:\/\/katarek.pl\/#\/schema\/person\/c7267555b2aaad4c6d15146a155bc430"},"description":"Masz katar i zastanawiasz si\u0119 czy jest on jednym z objaw\u00f3w mog\u0105cych \u015bwiadczy\u0107 o zara\u017ceniu COVID-19? Odpowiadamy jak jest w rzeczywisto\u015bci.","breadcrumb":{"@id":"https:\/\/katarek.pl\/czy-katar-to-objaw-covid\/#breadcrumb"},"inLanguage":"pl-PL","potentialAction":[{"@type":"ReadAction","target":["https:\/\/katarek.pl\/czy-katar-to-objaw-covid\/"]}]},{"@type":"ImageObject","inLanguage":"pl-PL","@id":"https:\/\/katarek.pl\/czy-katar-to-objaw-covid\/#primaryimage","url":"https:\/\/katarek.pl\/wp-content\/uploads\/2021\/12\/czy-katar-to-objaw-covid-19.jpg","contentUrl":"https:\/\/katarek.pl\/wp-content\/uploads\/2021\/12\/czy-katar-to-objaw-covid-19.jpg","width":1000,"height":667,"caption":"Czy katar to objaw covid-19"},{"@type":"BreadcrumbList","@id":"https:\/\/katarek.pl\/czy-katar-to-objaw-covid\/#breadcrumb","itemListElement":[{"@type":"ListItem","position":1,"name":"Home","item":"https:\/\/katarek.pl\/"},{"@type":"ListItem","position":2,"name":"Blog","item":"https:\/\/katarek.pl\/blog\/"},{"@type":"ListItem","position":3,"name":"Czy katar to objaw COVID?"}]},{"@type":"WebSite","@id":"https:\/\/katarek.pl\/#website","url":"https:\/\/katarek.pl\/","name":"katarek.pl","description":"","potentialAction":[{"@type":"SearchAction","target":{"@type":"EntryPoint","urlTemplate":"https:\/\/katarek.pl\/?s={search_term_string}"},"query-input":{"@type":"PropertyValueSpecification","valueRequired":true,"valueName":"search_term_string"}}],"inLanguage":"pl-PL"},{"@type":"Person","@id":"https:\/\/katarek.pl\/#\/schema\/person\/c7267555b2aaad4c6d15146a155bc430","name":"katarek","url":"https:\/\/katarek.pl\/author\/katarek\/"}]}},"acf":[],"gutenberg_blocks":[{"blockName":"custom-styles","attrs":{"styles":""}}],"meta_data":false,"featured_image":{"url":"https:\/\/katarek.pl\/wp-content\/uploads\/2021\/12\/czy-katar-to-objaw-covid-19.jpg"},"main_category":{"name":"Zdrowie"},"prev_page":{"slug":"czy-przy-katarze-mozna-stracic-wech"},"next_page":{"slug":"choroby-w-przedszkolu"},"_links":{"self":[{"href":"https:\/\/katarek.pl\/index.php\/wp-json\/wp\/v2\/posts\/2292","targetHints":{"allow":["GET"]}}],"collection":[{"href":"https:\/\/katarek.pl\/index.php\/wp-json\/wp\/v2\/posts"}],"about":[{"href":"https:\/\/katarek.pl\/index.php\/wp-json\/wp\/v2\/types\/post"}],"author":[{"embeddable":true,"href":"https:\/\/katarek.pl\/index.php\/wp-json\/wp\/v2\/users\/7"}],"replies":[{"embeddable":true,"href":"https:\/\/katarek.pl\/index.php\/wp-json\/wp\/v2\/comments?post=2292"}],"version-history":[{"count":0,"href":"https:\/\/katarek.pl\/index.php\/wp-json\/wp\/v2\/posts\/2292\/revisions"}],"wp:featuredmedia":[{"embeddable":true,"href":"https:\/\/katarek.pl\/index.php\/wp-json\/wp\/v2\/media\/2294"}],"wp:attachment":[{"href":"https:\/\/katarek.pl\/index.php\/wp-json\/wp\/v2\/media?parent=2292"}],"wp:term":[{"taxonomy":"category","embeddable":true,"href":"https:\/\/katarek.pl\/index.php\/wp-json\/wp\/v2\/categories?post=2292"},{"taxonomy":"post_tag","embeddable":true,"href":"https:\/\/katarek.pl\/index.php\/wp-json\/wp\/v2\/tags?post=2292"}],"curies":[{"name":"wp","href":"https:\/\/api.w.org\/{rel}","templated":true}]}}