{"id":2275,"date":"2021-11-24T14:46:03","date_gmt":"2021-11-24T13:46:03","guid":{"rendered":"https:\/\/katarek.pl\/blog\/?p=2275"},"modified":"2021-11-24T14:46:03","modified_gmt":"2021-11-24T13:46:03","slug":"choroby-w-przedszkolu","status":"publish","type":"post","link":"https:\/\/katarek.pl\/choroby-w-przedszkolu\/","title":{"rendered":"Choroby w przedszkolu"},"content":{"rendered":"<p><strong>Ci\u0105g\u0142e choroby w przedszkolu<\/strong> to zmora rodzic\u00f3w i dzieci. Dane statystyczne pokazuj\u0105, \u017ce maluchy, kt\u00f3re chodz\u0105 do \u017c\u0142obk\u00f3w oraz przedszkoli choruj\u0105 wi\u0119cej ni\u017c ich r\u00f3wie\u015bnicy, ale jednocze\u015bnie szybciej rozwijaj\u0105 sw\u00f3j uk\u0142ad odporno\u015bciowy. Choroby zaka\u017ane wieku dzieci\u0119cego, notoryczne przezi\u0119bienia, nieko\u0144cz\u0105cy si\u0119 katar i lokalne ogniska paso\u017cyt\u00f3w stanowi\u0105 problem dla ca\u0142ej rodziny, szczeg\u00f3lnie gdy pociecha wi\u0119cej choruje ni\u017c rzeczywi\u015bcie chodzi do przedszkola. <strong>Jak uchroni\u0107 dziecko przed chorobami w przedszkolu<\/strong>, by maluch m\u00f3g\u0142 cieszy\u0107 si\u0119 zabaw\u0105, a rodzice mogli zostawi\u0107 urlop na przyjemniejsze sprawy?<\/p>\n<h2>Ci\u0105g\u0142e choroby w przedszkolu &#8211; czego si\u0119 spodziewa\u0107?<\/h2>\n<p>Statystyki m\u00f3wi\u0105 same za siebie: <strong>pierwszy rok w przedszkolu<\/strong> = <strong>choroby<\/strong>. To nieuniknione. Pierwsze tygodnie, a nawet miesi\u0105ce, to prawdziwe wyzwanie dla systemu immunologicznego dziecka. Cho\u0107 najcz\u0119\u015bciej zdarzaj\u0105 si\u0119 zwyk\u0142e, niegro\u017ane przezi\u0119bienia, to istnieje szereg chor\u00f3b w\u0142a\u015bciwych wieku dzieci\u0119cym i \u015brodowisku przedszkolnemu, na kt\u00f3re dobrze si\u0119 w por\u0119 przygotowa\u0107.<\/p>\n<h3>Odra<\/h3>\n<p>Gdy m\u00f3wimy o <strong>chorobach zaka\u017anych w przedszkolu<\/strong>, nie spos\u00f3b pomin\u0105\u0107 odry, jednej z najbardziej zara\u017aliwych i trudnych chor\u00f3b, z kt\u00f3rymi zmagaj\u0105 si\u0119 dzieci. Jej objawom towarzyszy specyficzna wysypka. Wykwity (grudki o nier\u00f3wnych kraw\u0119dziach) pojawiaj\u0105 si\u0119 pocz\u0105tkowo za uszami, a potem rozlewaj\u0105 na twarz, szyj\u0119, tu\u0142\u00f3w oraz ko\u0144czyny, a po pewnym czasie zaczynaj\u0105 \u0142uszczy\u0107. Innymi objawami mo\u017ce by\u0107 gor\u0105czka, b\u00f3l gard\u0142a, suchy kaszel, katar i \u015bwiat\u0142owstr\u0119t.<\/p>\n<h3>Ospa wietrzna<\/h3>\n<p>Za pojawienie si\u0119 ospy odpowiadaj\u0105 te same wirusy co za p\u00f3\u0142pa\u015bca u doros\u0142ych (VZV, czyli <em>varicella-zoster virus<\/em>). Po pocz\u0105tkowych objawach, do kt\u00f3rych nale\u017c\u0105 b\u00f3le mi\u0119\u015bni, gor\u0105czka i pogorszone samopoczucie, pojawia si\u0119 wysypka &#8211; wiele ma\u0142ych czerwonych plamek na ciele (tak\u017ce na sk\u00f3rze g\u0142owy).\u00a0<\/p>\n<h3>R\u00f3\u017cyczka<\/h3>\n<p>Dzi\u0119ki szczepieniom r\u00f3\u017cyczka coraz rzadziej pojawia si\u0119 u dzieci, ale warto mie\u0107 na uwadze, \u017ce mo\u017ce si\u0119 pojawi\u0107 &#8211; podobnie jak inne choroby zaka\u017ane charakteryzuje si\u0119 wysypk\u0105, kt\u00f3rej towarzyszy wysoka temperatura.<\/p>\n<h3>\u015awinka<\/h3>\n<p>\u015awinka to jedna z <strong>chor\u00f3b zaka\u017anych w przedszkolu<\/strong>, kt\u00f3re na szcz\u0119\u015bcie r\u00f3wnie\u017c pojawiaj\u0105 si\u0119 coraz rzadziej. Jej typowy objaw to znacznie powi\u0119kszone \u015blinianki przyuszne (powoduj\u0105ce du\u017cy obrz\u0119k utrudniaj\u0105cy jedzenie i gryzienie). Poza tym pojawiaj\u0105 si\u0119 gor\u0105czka, b\u00f3le g\u0142owy i mi\u0119\u015bni.<\/p>\n<h3>Choroba bosto\u0144ska (bostonka)<\/h3>\n<p>To choroba, kt\u00f3ra rozprzestrzenia si\u0119 bardzo szybko i objawia gor\u0105czk\u0105, dreszczami, b\u00f3lami staw\u00f3w. Potem pojawiaj\u0105 si\u0119 charakterystyczne dla choroby objawy: wysypka typu grudkowego lub grudkowo-p\u0119cherzykowego od wewn\u0119trznej strony st\u00f3p oraz d\u0142oni. Cz\u0119sto dochodzi do stanu zapalnego migda\u0142k\u00f3w czy gard\u0142a oraz owrzodze\u0144 podniebienia.<\/p>\n<h3>Wszy<\/h3>\n<p>Wszawica to cz\u0119sto prawdziwa plaga u maluch\u00f3w. Warto zaznaczy\u0107, \u017ce przenosi si\u0119 nie tylko przez dzieci\u0119ce zabawy we fryzjera czy korzystanie z tych samych nakry\u0107 g\u0142owy, lecz tak\u017ce ka\u017cdy kontakt fizyczny z osob\u0105 chor\u0105 na wszawic\u0119 (a wi\u0119c mo\u017ce przenie\u015b\u0107 si\u0119 z ubrania na ubranie czy z ubrania na sk\u00f3r\u0119, np. w komunikacji miejskiej). Widoczne na karku i sk\u00f3rze g\u0142owy grudki to ugryzienia wesz, po kt\u00f3rych mo\u017cna rozpozna\u0107 obecno\u015b\u0107 sw\u0119dz\u0105cych paso\u017cyt\u00f3w.<\/p>\n<h3>Owsiki i inne paso\u017cyty wewn\u0119trzne<\/h3>\n<p><em>Dzieci w przedszkolu<\/em> miewaj\u0105 problem z higien\u0105 r\u0105k, czego owocem s\u0105 zara\u017cenia owsikami, lambli\u0105 czy glist\u0105 ludzk\u0105. Do objaw\u00f3w ataku paso\u017cyt\u00f3w mo\u017cna zaliczy\u0107 obni\u017cony apetyt, os\u0142abienie, a w przypadku owsik\u00f3w tak\u017ce sw\u0119dzenie w okolicach odbytu (szczeg\u00f3lnie noc\u0105). Do zdiagnozowania obecno\u015bci paso\u017cyt\u00f3w niezb\u0119dne s\u0105 badania ka\u0142u.<\/p>\n<h3>Inne choroby<\/h3>\n<p>Opr\u00f3cz tego nale\u017cy wymieni\u0107 chocia\u017cby mononukleoz\u0119 czy gryp\u0119 \u017co\u0142\u0105dkow\u0105 oraz infekcje, kt\u00f3rych przyczyn\u0105 s\u0105:<\/p>\n<ul>\n<li>rotawirusy,<\/li>\n<li>pneumokoki,<\/li>\n<li>meningokoki.<\/li>\n<\/ul>\n<p><img loading=\"lazy\" decoding=\"async\" class=\"aligncenter size-large wp-image-2277\" src=\"https:\/\/katarek.pl\/wp-content\/uploads\/2021\/11\/choroby-dzieci-w-przedszkolu-1024x576.jpg\" alt=\"Choroby w\u015br\u00f3d dzieci w przedszkolu\" width=\"1024\" height=\"576\" srcset=\"https:\/\/katarek.pl\/wp-content\/uploads\/2021\/11\/choroby-dzieci-w-przedszkolu-1024x576.jpg 1024w, https:\/\/katarek.pl\/wp-content\/uploads\/2021\/11\/choroby-dzieci-w-przedszkolu-600x338.jpg 600w, https:\/\/katarek.pl\/wp-content\/uploads\/2021\/11\/choroby-dzieci-w-przedszkolu-450x253.jpg 450w, https:\/\/katarek.pl\/wp-content\/uploads\/2021\/11\/choroby-dzieci-w-przedszkolu-768x432.jpg 768w, https:\/\/katarek.pl\/wp-content\/uploads\/2021\/11\/choroby-dzieci-w-przedszkolu-500x281.jpg 500w, https:\/\/katarek.pl\/wp-content\/uploads\/2021\/11\/choroby-dzieci-w-przedszkolu-300x169.jpg 300w, https:\/\/katarek.pl\/wp-content\/uploads\/2021\/11\/choroby-dzieci-w-przedszkolu.jpg 1200w\" sizes=\"(max-width: 1024px) 100vw, 1024px\" \/><\/p>\n<h2>Jak uchroni\u0107 dziecko przed chorobami w przedszkolu?<\/h2>\n<p>Je\u015bli martwi\u0105 ci\u0119 <strong>ci\u0105g\u0142e choroby w przedszkolu<\/strong>, musisz wzmocni\u0107 odporno\u015b\u0107 malucha. Pami\u0119taj, \u017ce konieczna jest dobra dieta bogata w zdrowe t\u0142uszcze i cynk, du\u017co snu i ewentualna suplementacja (szczeg\u00f3lnie witaminy D zim\u0105). D\u0142ugie spacery i regularna aktywno\u015b\u0107 fizyczna s\u0105 nie mniej wa\u017cne, podobnie jak utrzymywanie higieny r\u0105k, pilnowanie, by dzieci nie bra\u0142y ich do buzi, oraz mycie d\u0142oni przed ka\u017cdym posi\u0142kiem. Nie zapomnij o szczepieniach na choroby zaka\u017ane!<\/p>\n<p>Przeczytaj tak\u017ce nasz artyku\u0142: <a href=\"https:\/\/katarek.pl\/blog\/z-katarek-do-szkoly-przedszkola-czy-wysylac-dziecko\/\">czy dziecko z katarem mo\u017ce i\u015b\u0107 do przedszkola?<\/a><\/p>\n","protected":false},"excerpt":"Ci\u0105g\u0142e choroby w przedszkolu to zmora rodzic\u00f3w i dzieci. Dane statystyczne pokazuj\u0105, \u017ce maluchy, kt\u00f3re chodz\u0105 do \u017c\u0142obk\u00f3w oraz przedszkoli choruj\u0105 wi\u0119cej ni\u017c ich r\u00f3wie\u015bnicy, ale jednocze\u015bnie szybciej rozwijaj\u0105 sw\u00f3j uk\u0142ad odporno\u015bciowy. Choroby zaka\u017ane wieku dzieci\u0119cego, notoryczne przezi\u0119bienia, nieko\u0144cz\u0105cy si\u0119 katar i lokalne ogniska paso\u017cyt\u00f3w stanowi\u0105 problem dla ca\u0142ej rodziny, szczeg\u00f3lnie gdy pociecha wi\u0119cej choruje [&hellip;]","author":7,"featured_media":2276,"comment_status":"open","ping_status":"open","sticky":false,"template":"","format":"standard","meta":{"_acf_changed":false,"inline_featured_image":false,"editor_plus_copied_stylings":"{}","footnotes":""},"categories":[28,41],"tags":[],"class_list":["post-2275","post","type-post","status-publish","format-standard","has-post-thumbnail","hentry","category-dziecko","category-zdrowie-dziecko"],"yoast_head":"<!-- This site is optimized with the Yoast SEO plugin v27.4 - https:\/\/yoast.com\/product\/yoast-seo-wordpress\/ -->\n<title>Choroby w przedszkolu. Na co choruj\u0105 dzieci? - blog Katarek<\/title>\n<meta name=\"description\" content=\"Statystyki m\u00f3wi\u0105 same za siebie: pierwszy rok w przedszkolu = choroby. Odpowiadamy jakie choroby zaka\u017ane s\u0105 najcz\u0119stsze w\u015br\u00f3d dzieci przedszkolnych.\" \/>\n<meta name=\"robots\" content=\"index, follow, max-snippet:-1, max-image-preview:large, max-video-preview:-1\" \/>\n<link rel=\"canonical\" href=\"https:\/\/katarek.pl\/choroby-w-przedszkolu\/\" \/>\n<meta property=\"og:locale\" content=\"pl_PL\" \/>\n<meta property=\"og:type\" content=\"article\" \/>\n<meta property=\"og:title\" content=\"Choroby w przedszkolu. Na co choruj\u0105 dzieci? - blog Katarek\" \/>\n<meta property=\"og:description\" content=\"Statystyki m\u00f3wi\u0105 same za siebie: pierwszy rok w przedszkolu = choroby. Odpowiadamy jakie choroby zaka\u017ane s\u0105 najcz\u0119stsze w\u015br\u00f3d dzieci przedszkolnych.\" \/>\n<meta property=\"og:url\" content=\"https:\/\/katarek.pl\/choroby-w-przedszkolu\/\" \/>\n<meta property=\"og:site_name\" content=\"katarek.pl\" \/>\n<meta property=\"article:published_time\" content=\"2021-11-24T13:46:03+00:00\" \/>\n<meta property=\"og:image\" content=\"https:\/\/katarek.pl\/wp-content\/uploads\/2021\/11\/choroby-w-przedszkolu.jpg\" \/>\n\t<meta property=\"og:image:width\" content=\"1200\" \/>\n\t<meta property=\"og:image:height\" content=\"675\" \/>\n\t<meta property=\"og:image:type\" content=\"image\/jpeg\" \/>\n<meta name=\"author\" content=\"katarek\" \/>\n<meta name=\"twitter:card\" content=\"summary_large_image\" \/>\n<meta name=\"twitter:label1\" content=\"Napisane przez\" \/>\n\t<meta name=\"twitter:data1\" content=\"katarek\" \/>\n\t<meta name=\"twitter:label2\" content=\"Szacowany czas czytania\" \/>\n\t<meta name=\"twitter:data2\" content=\"4 minuty\" \/>\n<script type=\"application\/ld+json\" class=\"yoast-schema-graph\">{\"@context\":\"https:\\\/\\\/schema.org\",\"@graph\":[{\"@type\":\"Article\",\"@id\":\"https:\\\/\\\/katarek.pl\\\/choroby-w-przedszkolu\\\/#article\",\"isPartOf\":{\"@id\":\"https:\\\/\\\/katarek.pl\\\/choroby-w-przedszkolu\\\/\"},\"author\":{\"name\":\"katarek\",\"@id\":\"https:\\\/\\\/katarek.pl\\\/#\\\/schema\\\/person\\\/c7267555b2aaad4c6d15146a155bc430\"},\"headline\":\"Choroby w przedszkolu\",\"datePublished\":\"2021-11-24T13:46:03+00:00\",\"mainEntityOfPage\":{\"@id\":\"https:\\\/\\\/katarek.pl\\\/choroby-w-przedszkolu\\\/\"},\"wordCount\":754,\"commentCount\":0,\"image\":{\"@id\":\"https:\\\/\\\/katarek.pl\\\/choroby-w-przedszkolu\\\/#primaryimage\"},\"thumbnailUrl\":\"https:\\\/\\\/katarek.pl\\\/wp-content\\\/uploads\\\/2021\\\/11\\\/choroby-w-przedszkolu.jpg\",\"articleSection\":[\"Dziecko\",\"Zdrowie\"],\"inLanguage\":\"pl-PL\"},{\"@type\":\"WebPage\",\"@id\":\"https:\\\/\\\/katarek.pl\\\/choroby-w-przedszkolu\\\/\",\"url\":\"https:\\\/\\\/katarek.pl\\\/choroby-w-przedszkolu\\\/\",\"name\":\"Choroby w przedszkolu. Na co choruj\u0105 dzieci? - blog Katarek\",\"isPartOf\":{\"@id\":\"https:\\\/\\\/katarek.pl\\\/#website\"},\"primaryImageOfPage\":{\"@id\":\"https:\\\/\\\/katarek.pl\\\/choroby-w-przedszkolu\\\/#primaryimage\"},\"image\":{\"@id\":\"https:\\\/\\\/katarek.pl\\\/choroby-w-przedszkolu\\\/#primaryimage\"},\"thumbnailUrl\":\"https:\\\/\\\/katarek.pl\\\/wp-content\\\/uploads\\\/2021\\\/11\\\/choroby-w-przedszkolu.jpg\",\"datePublished\":\"2021-11-24T13:46:03+00:00\",\"author\":{\"@id\":\"https:\\\/\\\/katarek.pl\\\/#\\\/schema\\\/person\\\/c7267555b2aaad4c6d15146a155bc430\"},\"description\":\"Statystyki m\u00f3wi\u0105 same za siebie: pierwszy rok w przedszkolu = choroby. Odpowiadamy jakie choroby zaka\u017ane s\u0105 najcz\u0119stsze w\u015br\u00f3d dzieci przedszkolnych.\",\"breadcrumb\":{\"@id\":\"https:\\\/\\\/katarek.pl\\\/choroby-w-przedszkolu\\\/#breadcrumb\"},\"inLanguage\":\"pl-PL\",\"potentialAction\":[{\"@type\":\"ReadAction\",\"target\":[\"https:\\\/\\\/katarek.pl\\\/choroby-w-przedszkolu\\\/\"]}]},{\"@type\":\"ImageObject\",\"inLanguage\":\"pl-PL\",\"@id\":\"https:\\\/\\\/katarek.pl\\\/choroby-w-przedszkolu\\\/#primaryimage\",\"url\":\"https:\\\/\\\/katarek.pl\\\/wp-content\\\/uploads\\\/2021\\\/11\\\/choroby-w-przedszkolu.jpg\",\"contentUrl\":\"https:\\\/\\\/katarek.pl\\\/wp-content\\\/uploads\\\/2021\\\/11\\\/choroby-w-przedszkolu.jpg\",\"width\":1200,\"height\":675,\"caption\":\"Choroby w przedszkolu\"},{\"@type\":\"BreadcrumbList\",\"@id\":\"https:\\\/\\\/katarek.pl\\\/choroby-w-przedszkolu\\\/#breadcrumb\",\"itemListElement\":[{\"@type\":\"ListItem\",\"position\":1,\"name\":\"Home\",\"item\":\"https:\\\/\\\/katarek.pl\\\/\"},{\"@type\":\"ListItem\",\"position\":2,\"name\":\"Blog\",\"item\":\"https:\\\/\\\/katarek.pl\\\/blog\\\/\"},{\"@type\":\"ListItem\",\"position\":3,\"name\":\"Choroby w przedszkolu\"}]},{\"@type\":\"WebSite\",\"@id\":\"https:\\\/\\\/katarek.pl\\\/#website\",\"url\":\"https:\\\/\\\/katarek.pl\\\/\",\"name\":\"katarek.pl\",\"description\":\"\",\"potentialAction\":[{\"@type\":\"SearchAction\",\"target\":{\"@type\":\"EntryPoint\",\"urlTemplate\":\"https:\\\/\\\/katarek.pl\\\/?s={search_term_string}\"},\"query-input\":{\"@type\":\"PropertyValueSpecification\",\"valueRequired\":true,\"valueName\":\"search_term_string\"}}],\"inLanguage\":\"pl-PL\"},{\"@type\":\"Person\",\"@id\":\"https:\\\/\\\/katarek.pl\\\/#\\\/schema\\\/person\\\/c7267555b2aaad4c6d15146a155bc430\",\"name\":\"katarek\",\"url\":\"https:\\\/\\\/katarek.pl\\\/author\\\/katarek\\\/\"}]}<\/script>\n<!-- \/ Yoast SEO plugin. -->","yoast_head_json":{"title":"Choroby w przedszkolu. Na co choruj\u0105 dzieci? - blog Katarek","description":"Statystyki m\u00f3wi\u0105 same za siebie: pierwszy rok w przedszkolu = choroby. Odpowiadamy jakie choroby zaka\u017ane s\u0105 najcz\u0119stsze w\u015br\u00f3d dzieci przedszkolnych.","robots":{"index":"index","follow":"follow","max-snippet":"max-snippet:-1","max-image-preview":"max-image-preview:large","max-video-preview":"max-video-preview:-1"},"canonical":"https:\/\/katarek.pl\/choroby-w-przedszkolu\/","og_locale":"pl_PL","og_type":"article","og_title":"Choroby w przedszkolu. Na co choruj\u0105 dzieci? - blog Katarek","og_description":"Statystyki m\u00f3wi\u0105 same za siebie: pierwszy rok w przedszkolu = choroby. Odpowiadamy jakie choroby zaka\u017ane s\u0105 najcz\u0119stsze w\u015br\u00f3d dzieci przedszkolnych.","og_url":"https:\/\/katarek.pl\/choroby-w-przedszkolu\/","og_site_name":"katarek.pl","article_published_time":"2021-11-24T13:46:03+00:00","og_image":[{"width":1200,"height":675,"url":"https:\/\/katarek.pl\/wp-content\/uploads\/2021\/11\/choroby-w-przedszkolu.jpg","type":"image\/jpeg"}],"author":"katarek","twitter_card":"summary_large_image","twitter_misc":{"Napisane przez":"katarek","Szacowany czas czytania":"4 minuty"},"schema":{"@context":"https:\/\/schema.org","@graph":[{"@type":"Article","@id":"https:\/\/katarek.pl\/choroby-w-przedszkolu\/#article","isPartOf":{"@id":"https:\/\/katarek.pl\/choroby-w-przedszkolu\/"},"author":{"name":"katarek","@id":"https:\/\/katarek.pl\/#\/schema\/person\/c7267555b2aaad4c6d15146a155bc430"},"headline":"Choroby w przedszkolu","datePublished":"2021-11-24T13:46:03+00:00","mainEntityOfPage":{"@id":"https:\/\/katarek.pl\/choroby-w-przedszkolu\/"},"wordCount":754,"commentCount":0,"image":{"@id":"https:\/\/katarek.pl\/choroby-w-przedszkolu\/#primaryimage"},"thumbnailUrl":"https:\/\/katarek.pl\/wp-content\/uploads\/2021\/11\/choroby-w-przedszkolu.jpg","articleSection":["Dziecko","Zdrowie"],"inLanguage":"pl-PL"},{"@type":"WebPage","@id":"https:\/\/katarek.pl\/choroby-w-przedszkolu\/","url":"https:\/\/katarek.pl\/choroby-w-przedszkolu\/","name":"Choroby w przedszkolu. Na co choruj\u0105 dzieci? - blog Katarek","isPartOf":{"@id":"https:\/\/katarek.pl\/#website"},"primaryImageOfPage":{"@id":"https:\/\/katarek.pl\/choroby-w-przedszkolu\/#primaryimage"},"image":{"@id":"https:\/\/katarek.pl\/choroby-w-przedszkolu\/#primaryimage"},"thumbnailUrl":"https:\/\/katarek.pl\/wp-content\/uploads\/2021\/11\/choroby-w-przedszkolu.jpg","datePublished":"2021-11-24T13:46:03+00:00","author":{"@id":"https:\/\/katarek.pl\/#\/schema\/person\/c7267555b2aaad4c6d15146a155bc430"},"description":"Statystyki m\u00f3wi\u0105 same za siebie: pierwszy rok w przedszkolu = choroby. Odpowiadamy jakie choroby zaka\u017ane s\u0105 najcz\u0119stsze w\u015br\u00f3d dzieci przedszkolnych.","breadcrumb":{"@id":"https:\/\/katarek.pl\/choroby-w-przedszkolu\/#breadcrumb"},"inLanguage":"pl-PL","potentialAction":[{"@type":"ReadAction","target":["https:\/\/katarek.pl\/choroby-w-przedszkolu\/"]}]},{"@type":"ImageObject","inLanguage":"pl-PL","@id":"https:\/\/katarek.pl\/choroby-w-przedszkolu\/#primaryimage","url":"https:\/\/katarek.pl\/wp-content\/uploads\/2021\/11\/choroby-w-przedszkolu.jpg","contentUrl":"https:\/\/katarek.pl\/wp-content\/uploads\/2021\/11\/choroby-w-przedszkolu.jpg","width":1200,"height":675,"caption":"Choroby w przedszkolu"},{"@type":"BreadcrumbList","@id":"https:\/\/katarek.pl\/choroby-w-przedszkolu\/#breadcrumb","itemListElement":[{"@type":"ListItem","position":1,"name":"Home","item":"https:\/\/katarek.pl\/"},{"@type":"ListItem","position":2,"name":"Blog","item":"https:\/\/katarek.pl\/blog\/"},{"@type":"ListItem","position":3,"name":"Choroby w przedszkolu"}]},{"@type":"WebSite","@id":"https:\/\/katarek.pl\/#website","url":"https:\/\/katarek.pl\/","name":"katarek.pl","description":"","potentialAction":[{"@type":"SearchAction","target":{"@type":"EntryPoint","urlTemplate":"https:\/\/katarek.pl\/?s={search_term_string}"},"query-input":{"@type":"PropertyValueSpecification","valueRequired":true,"valueName":"search_term_string"}}],"inLanguage":"pl-PL"},{"@type":"Person","@id":"https:\/\/katarek.pl\/#\/schema\/person\/c7267555b2aaad4c6d15146a155bc430","name":"katarek","url":"https:\/\/katarek.pl\/author\/katarek\/"}]}},"acf":[],"gutenberg_blocks":[{"blockName":"custom-styles","attrs":{"styles":""}}],"meta_data":false,"featured_image":{"url":"https:\/\/katarek.pl\/wp-content\/uploads\/2021\/11\/choroby-w-przedszkolu-1024x576.jpg"},"main_category":{"name":"Dziecko"},"prev_page":{"slug":"czy-katar-to-objaw-covid"},"next_page":{"slug":"czy-mozna-szczepic-dziecko-z-katarem"},"_links":{"self":[{"href":"https:\/\/katarek.pl\/index.php\/wp-json\/wp\/v2\/posts\/2275","targetHints":{"allow":["GET"]}}],"collection":[{"href":"https:\/\/katarek.pl\/index.php\/wp-json\/wp\/v2\/posts"}],"about":[{"href":"https:\/\/katarek.pl\/index.php\/wp-json\/wp\/v2\/types\/post"}],"author":[{"embeddable":true,"href":"https:\/\/katarek.pl\/index.php\/wp-json\/wp\/v2\/users\/7"}],"replies":[{"embeddable":true,"href":"https:\/\/katarek.pl\/index.php\/wp-json\/wp\/v2\/comments?post=2275"}],"version-history":[{"count":0,"href":"https:\/\/katarek.pl\/index.php\/wp-json\/wp\/v2\/posts\/2275\/revisions"}],"wp:featuredmedia":[{"embeddable":true,"href":"https:\/\/katarek.pl\/index.php\/wp-json\/wp\/v2\/media\/2276"}],"wp:attachment":[{"href":"https:\/\/katarek.pl\/index.php\/wp-json\/wp\/v2\/media?parent=2275"}],"wp:term":[{"taxonomy":"category","embeddable":true,"href":"https:\/\/katarek.pl\/index.php\/wp-json\/wp\/v2\/categories?post=2275"},{"taxonomy":"post_tag","embeddable":true,"href":"https:\/\/katarek.pl\/index.php\/wp-json\/wp\/v2\/tags?post=2275"}],"curies":[{"name":"wp","href":"https:\/\/api.w.org\/{rel}","templated":true}]}}