{"id":2232,"date":"2021-08-25T13:46:23","date_gmt":"2021-08-25T11:46:23","guid":{"rendered":"https:\/\/katarek.pl\/blog\/?p=2227"},"modified":"2021-08-25T13:46:23","modified_gmt":"2021-08-25T11:46:23","slug":"z-katarem-do-zlobka","status":"publish","type":"post","link":"https:\/\/katarek.pl\/z-katarem-do-zlobka\/","title":{"rendered":"Czy pu\u015bci\u0107 dziecko z katarem do \u017c\u0142obka?"},"content":{"rendered":"<p>Tw\u00f3j maluch obudzi\u0142 si\u0119 z katarem i nie jeste\u015b pewna, czy mo\u017cesz wys\u0142a\u0107 go \u017c\u0142obka? Zar\u00f3wno rodzice, jak i lekarze maj\u0105 na ten temat bardzo zr\u00f3\u017cnicowane opinie &#8211; w dzisiejszym wpisie przyjrzymy si\u0119 temu tematowi i odpowiemy na pytanie, <strong>jak maj\u0105 si\u0119 do siebie katar i \u017c\u0142obek<\/strong>, a tak\u017ce czy wydzielina z nosa powinna wi\u0105za\u0107 si\u0119 z definitywn\u0105 decyzj\u0105 o zatrzymaniu dziecka w domu.<\/p>\n<h2>Z katarem do \u017c\u0142obka &#8211; czy to dobry pomys\u0142?<\/h2>\n<p><strong>Katar u dziecka a \u017c\u0142obek?<\/strong> Dzieci w \u017c\u0142obku bardzo szybko zara\u017caj\u0105 si\u0119 od siebie, dlatego cz\u0119sto zdarzaj\u0105 si\u0119 sytuacje, w kt\u00f3rej maluchy w ci\u0105gu miesi\u0105ca cz\u0119\u015bciej zostaj\u0105 w domu ni\u017c id\u0105 do \u017c\u0142obka. Jest to wyj\u0105tkowo niewygodne dla rodzic\u00f3w, kt\u00f3rzy musz\u0105 szuka\u0107 alternatywnych metod opieki nad dzie\u0107mi tylko dlatego, \u017ce ich pociecha zarazi\u0142a si\u0119 od kolegi czy kole\u017canki ze \u017c\u0142obka. W sezonie jesienno-zimowym \u0142atwo o drobne przezi\u0119bienie, kt\u00f3re szybko przeradza si\u0119 w wi\u0119kszy problem &#8211; jak sobie z tym radzi\u0107 i czy katar to ju\u017c choroba?<\/p>\n<p>Przede wszystkim, nale\u017cy pami\u0119ta\u0107, \u017ce katar nie jest chorob\u0105, ale mo\u017ce by\u0107 jednym z jej objaw\u00f3w. Dlatego przed wybraniem si\u0119 do \u017c\u0142obka nale\u017cy dok\u0142adnie przyjrze\u0107 si\u0119 rodzajowi kataru, by oceni\u0107 jego charakter i zrozumie\u0107 lepiej, czy zwiastuje zaka\u017cenie bakteryjne lub wirusowe, czy mo\u017ce jest po prostu reakcj\u0105 na stan powietrza albo alergeny.<\/p>\n<h3>Jak rozpozna\u0107 rodzaj kataru?<\/h3>\n<p><a href=\"https:\/\/katarek.pl\/blog\/zwykly-katar-czy-alergia-jak-rozpoznac\/\">Katar alergiczny<\/a> jest bardzo rzadki, przezroczysty, ciekn\u0105cy &#8211; b\u0119dzie przeszkadza\u0142 dziecku, ale nie powinien powodowa\u0107 znacz\u0105cego pogorszenia samopoczucia (chyba \u017ce idzie w parze z innymi objawami alergii, np. \u0142zawieniem, opuchlizn\u0105). Z kolei katar wirusowy na pocz\u0105tku najcz\u0119\u015bciej jest bezbarwny, ale niemal zawsze zostaje pr\u0119dzej czy p\u00f3\u017aniej nadka\u017cony bakteryjnie, dlatego w rozwa\u017caniach <em>katar a \u017c\u0142obek,<\/em> ka\u017cdy katar inny ni\u017c alergiczny powinien stanowi\u0107 ju\u017c pow\u00f3d do d\u0142u\u017cszego zastanowienia.<\/p>\n<p><img loading=\"lazy\" decoding=\"async\" class=\"aligncenter size-full wp-image-2229\" src=\"https:\/\/katarek.pl\/wp-content\/uploads\/2021\/08\/katar-a-zlobek.jpg\" alt=\"katar a \u017c\u0142obek\" width=\"640\" height=\"427\" \/><\/p>\n<h2>Jakie objawy m\u00f3wi\u0105, \u017ce dziecko NIE powinno i\u015b\u0107 z katarem do \u017c\u0142obka?<\/h2>\n<p>S\u0105 jednak inne objawy, kt\u00f3re &#8211; je\u015bli wyst\u0119puj\u0105 obok kataru, o kt\u00f3rym mowa &#8211; ca\u0142kowicie dyskwalifikuj\u0105 dziecko z uczestniczenia w zaj\u0119ciach w \u017c\u0142obku &#8211; i to nie tylko ze wzgl\u0119du na dobro innych maluch\u00f3w, lecz tak\u017ce chorego.<\/p>\n<ul>\n<li><strong>wysoka gor\u0105czka<\/strong> &#8211; dziecko z podwy\u017cszon\u0105 temperatur\u0105 b\u0119dzie apatyczne i rozdra\u017cnione, wi\u0119c szybko j\u0105 zauwa\u017cysz. Je\u015bli maluch ma i katar, i gor\u0105czk\u0119, z ca\u0142\u0105 pewno\u015bci\u0105 mo\u017cesz podejrzewa\u0107 infekcj\u0119 &#8211; dlatego nigdy nie puszczaj dziecka z gor\u0105czk\u0105 i <strong>katarem do \u017c\u0142obka<\/strong>!<\/li>\n<li><strong>wysypka<\/strong> &#8211; jest pierwszym objawem wielu chor\u00f3b zaka\u017anych, kt\u00f3re rozprzestrzeniaj\u0105 si\u0119 niesamowicie szybko i stanowi\u0105 zagro\u017cenie dla innych dzieci &#8211; mowa m.in. o ospie, r\u00f3\u017cyczce czy odrze. Je\u015bli maluch ma katar, wysypk\u0119 i podwy\u017cszon\u0105 temperatur\u0119, koniecznie udaj si\u0119 do pediatry, nie do \u017c\u0142obka.<\/li>\n<li><strong>b\u00f3l ucha<\/strong> &#8211; u dzieci w tym wieku mo\u017ce by\u0107 trudno go rozpozna\u0107, ale zwr\u00f3\u0107 uwag\u0119 na wszelkie sygna\u0142y od malucha: mo\u017ce ono dotyka\u0107 okolic ucha, pociera\u0107 g\u0142ow\u0105 o d\u0142o\u0144 czy poduszk\u0119. Mo\u017ce by\u0107 on jednym z objaw\u00f3w stanu zapalnego w ciele dziecka, zwi\u0105zanego z zapaleniem zatok i nie tylko.<\/li>\n<li><strong>b\u00f3l brzucha, biegunka, wymioty<\/strong> &#8211; to syndromy, kt\u00f3re s\u0105 du\u017co bardziej niepokoj\u0105ce ni\u017c sam katar, poniewa\u017c \u015bwiadcz\u0105 najcz\u0119\u015bciej o infekcji wirusowej. \u0141atwo zarazi\u0107 ni\u0105 inne dzieci, dlatego du\u017co lepiej b\u0119dzie je\u015bli Tw\u00f3j maluch zostanie w domu.<\/li>\n<li><strong>kaszel i g\u0119sty, \u017c\u00f3\u0142ty katar<\/strong> &#8211; to kolejne symptomy zaawansowanej infekcji wirusowej, kt\u00f3re zdecydowanie powinny zawa\u017cy\u0107 o tym, czy dziecko p\u00f3jdzie do \u017c\u0142obka.<\/li>\n<\/ul>\n","protected":false},"excerpt":"Tw\u00f3j maluch obudzi\u0142 si\u0119 z katarem i nie jeste\u015b pewna, czy mo\u017cesz wys\u0142a\u0107 go \u017c\u0142obka? Zar\u00f3wno rodzice, jak i lekarze maj\u0105 na ten temat bardzo zr\u00f3\u017cnicowane opinie &#8211; w dzisiejszym wpisie przyjrzymy si\u0119 temu tematowi i odpowiemy na pytanie, jak maj\u0105 si\u0119 do siebie katar i \u017c\u0142obek, a tak\u017ce czy wydzielina z nosa powinna wi\u0105za\u0107 [&hellip;]","author":7,"featured_media":2982,"comment_status":"open","ping_status":"open","sticky":false,"template":"","format":"standard","meta":{"_acf_changed":false,"inline_featured_image":false,"editor_plus_copied_stylings":"{}","footnotes":""},"categories":[41],"tags":[],"class_list":["post-2232","post","type-post","status-publish","format-standard","has-post-thumbnail","hentry","category-zdrowie-dziecko"],"yoast_head":"<!-- This site is optimized with the Yoast SEO plugin v27.4 - https:\/\/yoast.com\/product\/yoast-seo-wordpress\/ -->\n<title>Z katarem do \u017c\u0142obka. Czy to dobry pomys\u0142? - Blog katarek.pl<\/title>\n<meta name=\"description\" content=\"Tw\u00f3j maluch obudzi\u0142 si\u0119 z katarem i nie jeste\u015b pewna, czy mo\u017cesz wys\u0142a\u0107 go \u017c\u0142obka? W naszym wpisie przyjrzymy si\u0119 temu tematowi. Sprawd\u017a!\" \/>\n<meta name=\"robots\" content=\"index, follow, max-snippet:-1, max-image-preview:large, max-video-preview:-1\" \/>\n<link rel=\"canonical\" href=\"https:\/\/katarek.pl\/z-katarem-do-zlobka\/\" \/>\n<meta property=\"og:locale\" content=\"pl_PL\" \/>\n<meta property=\"og:type\" content=\"article\" \/>\n<meta property=\"og:title\" content=\"Z katarem do \u017c\u0142obka. Czy to dobry pomys\u0142? - Blog katarek.pl\" \/>\n<meta property=\"og:description\" content=\"Tw\u00f3j maluch obudzi\u0142 si\u0119 z katarem i nie jeste\u015b pewna, czy mo\u017cesz wys\u0142a\u0107 go \u017c\u0142obka? W naszym wpisie przyjrzymy si\u0119 temu tematowi. Sprawd\u017a!\" \/>\n<meta property=\"og:url\" content=\"https:\/\/katarek.pl\/z-katarem-do-zlobka\/\" \/>\n<meta property=\"og:site_name\" content=\"katarek.pl\" \/>\n<meta property=\"article:published_time\" content=\"2021-08-25T11:46:23+00:00\" \/>\n<meta property=\"og:image\" content=\"https:\/\/katarek.pl\/wp-content\/uploads\/2021\/08\/z-katarem-do-zlobka.jpg\" \/>\n\t<meta property=\"og:image:width\" content=\"640\" \/>\n\t<meta property=\"og:image:height\" content=\"427\" \/>\n\t<meta property=\"og:image:type\" content=\"image\/jpeg\" \/>\n<meta name=\"author\" content=\"katarek\" \/>\n<meta name=\"twitter:card\" content=\"summary_large_image\" \/>\n<meta name=\"twitter:label1\" content=\"Napisane przez\" \/>\n\t<meta name=\"twitter:data1\" content=\"katarek\" \/>\n\t<meta name=\"twitter:label2\" content=\"Szacowany czas czytania\" \/>\n\t<meta name=\"twitter:data2\" content=\"3 minuty\" \/>\n<script type=\"application\/ld+json\" class=\"yoast-schema-graph\">{\"@context\":\"https:\\\/\\\/schema.org\",\"@graph\":[{\"@type\":\"Article\",\"@id\":\"https:\\\/\\\/katarek.pl\\\/z-katarem-do-zlobka\\\/#article\",\"isPartOf\":{\"@id\":\"https:\\\/\\\/katarek.pl\\\/z-katarem-do-zlobka\\\/\"},\"author\":{\"name\":\"katarek\",\"@id\":\"https:\\\/\\\/katarek.pl\\\/#\\\/schema\\\/person\\\/c7267555b2aaad4c6d15146a155bc430\"},\"headline\":\"Czy pu\u015bci\u0107 dziecko z katarem do \u017c\u0142obka?\",\"datePublished\":\"2021-08-25T11:46:23+00:00\",\"mainEntityOfPage\":{\"@id\":\"https:\\\/\\\/katarek.pl\\\/z-katarem-do-zlobka\\\/\"},\"wordCount\":624,\"commentCount\":0,\"image\":{\"@id\":\"https:\\\/\\\/katarek.pl\\\/z-katarem-do-zlobka\\\/#primaryimage\"},\"thumbnailUrl\":\"https:\\\/\\\/katarek.pl\\\/wp-content\\\/uploads\\\/2021\\\/08\\\/z-katarem-do-zlobka.jpg\",\"articleSection\":[\"Zdrowie\"],\"inLanguage\":\"pl-PL\"},{\"@type\":\"WebPage\",\"@id\":\"https:\\\/\\\/katarek.pl\\\/z-katarem-do-zlobka\\\/\",\"url\":\"https:\\\/\\\/katarek.pl\\\/z-katarem-do-zlobka\\\/\",\"name\":\"Z katarem do \u017c\u0142obka. Czy to dobry pomys\u0142? - Blog katarek.pl\",\"isPartOf\":{\"@id\":\"https:\\\/\\\/katarek.pl\\\/#website\"},\"primaryImageOfPage\":{\"@id\":\"https:\\\/\\\/katarek.pl\\\/z-katarem-do-zlobka\\\/#primaryimage\"},\"image\":{\"@id\":\"https:\\\/\\\/katarek.pl\\\/z-katarem-do-zlobka\\\/#primaryimage\"},\"thumbnailUrl\":\"https:\\\/\\\/katarek.pl\\\/wp-content\\\/uploads\\\/2021\\\/08\\\/z-katarem-do-zlobka.jpg\",\"datePublished\":\"2021-08-25T11:46:23+00:00\",\"author\":{\"@id\":\"https:\\\/\\\/katarek.pl\\\/#\\\/schema\\\/person\\\/c7267555b2aaad4c6d15146a155bc430\"},\"description\":\"Tw\u00f3j maluch obudzi\u0142 si\u0119 z katarem i nie jeste\u015b pewna, czy mo\u017cesz wys\u0142a\u0107 go \u017c\u0142obka? W naszym wpisie przyjrzymy si\u0119 temu tematowi. Sprawd\u017a!\",\"breadcrumb\":{\"@id\":\"https:\\\/\\\/katarek.pl\\\/z-katarem-do-zlobka\\\/#breadcrumb\"},\"inLanguage\":\"pl-PL\",\"potentialAction\":[{\"@type\":\"ReadAction\",\"target\":[\"https:\\\/\\\/katarek.pl\\\/z-katarem-do-zlobka\\\/\"]}]},{\"@type\":\"ImageObject\",\"inLanguage\":\"pl-PL\",\"@id\":\"https:\\\/\\\/katarek.pl\\\/z-katarem-do-zlobka\\\/#primaryimage\",\"url\":\"https:\\\/\\\/katarek.pl\\\/wp-content\\\/uploads\\\/2021\\\/08\\\/z-katarem-do-zlobka.jpg\",\"contentUrl\":\"https:\\\/\\\/katarek.pl\\\/wp-content\\\/uploads\\\/2021\\\/08\\\/z-katarem-do-zlobka.jpg\",\"width\":640,\"height\":427,\"caption\":\"z katarem do \u017c\u0142obka\"},{\"@type\":\"BreadcrumbList\",\"@id\":\"https:\\\/\\\/katarek.pl\\\/z-katarem-do-zlobka\\\/#breadcrumb\",\"itemListElement\":[{\"@type\":\"ListItem\",\"position\":1,\"name\":\"Home\",\"item\":\"https:\\\/\\\/katarek.pl\\\/\"},{\"@type\":\"ListItem\",\"position\":2,\"name\":\"Blog\",\"item\":\"https:\\\/\\\/katarek.pl\\\/blog\\\/\"},{\"@type\":\"ListItem\",\"position\":3,\"name\":\"Czy pu\u015bci\u0107 dziecko z katarem do \u017c\u0142obka?\"}]},{\"@type\":\"WebSite\",\"@id\":\"https:\\\/\\\/katarek.pl\\\/#website\",\"url\":\"https:\\\/\\\/katarek.pl\\\/\",\"name\":\"katarek.pl\",\"description\":\"\",\"potentialAction\":[{\"@type\":\"SearchAction\",\"target\":{\"@type\":\"EntryPoint\",\"urlTemplate\":\"https:\\\/\\\/katarek.pl\\\/?s={search_term_string}\"},\"query-input\":{\"@type\":\"PropertyValueSpecification\",\"valueRequired\":true,\"valueName\":\"search_term_string\"}}],\"inLanguage\":\"pl-PL\"},{\"@type\":\"Person\",\"@id\":\"https:\\\/\\\/katarek.pl\\\/#\\\/schema\\\/person\\\/c7267555b2aaad4c6d15146a155bc430\",\"name\":\"katarek\",\"url\":\"https:\\\/\\\/katarek.pl\\\/author\\\/katarek\\\/\"}]}<\/script>\n<!-- \/ Yoast SEO plugin. -->","yoast_head_json":{"title":"Z katarem do \u017c\u0142obka. Czy to dobry pomys\u0142? - Blog katarek.pl","description":"Tw\u00f3j maluch obudzi\u0142 si\u0119 z katarem i nie jeste\u015b pewna, czy mo\u017cesz wys\u0142a\u0107 go \u017c\u0142obka? W naszym wpisie przyjrzymy si\u0119 temu tematowi. Sprawd\u017a!","robots":{"index":"index","follow":"follow","max-snippet":"max-snippet:-1","max-image-preview":"max-image-preview:large","max-video-preview":"max-video-preview:-1"},"canonical":"https:\/\/katarek.pl\/z-katarem-do-zlobka\/","og_locale":"pl_PL","og_type":"article","og_title":"Z katarem do \u017c\u0142obka. Czy to dobry pomys\u0142? - Blog katarek.pl","og_description":"Tw\u00f3j maluch obudzi\u0142 si\u0119 z katarem i nie jeste\u015b pewna, czy mo\u017cesz wys\u0142a\u0107 go \u017c\u0142obka? W naszym wpisie przyjrzymy si\u0119 temu tematowi. Sprawd\u017a!","og_url":"https:\/\/katarek.pl\/z-katarem-do-zlobka\/","og_site_name":"katarek.pl","article_published_time":"2021-08-25T11:46:23+00:00","og_image":[{"width":640,"height":427,"url":"https:\/\/katarek.pl\/wp-content\/uploads\/2021\/08\/z-katarem-do-zlobka.jpg","type":"image\/jpeg"}],"author":"katarek","twitter_card":"summary_large_image","twitter_misc":{"Napisane przez":"katarek","Szacowany czas czytania":"3 minuty"},"schema":{"@context":"https:\/\/schema.org","@graph":[{"@type":"Article","@id":"https:\/\/katarek.pl\/z-katarem-do-zlobka\/#article","isPartOf":{"@id":"https:\/\/katarek.pl\/z-katarem-do-zlobka\/"},"author":{"name":"katarek","@id":"https:\/\/katarek.pl\/#\/schema\/person\/c7267555b2aaad4c6d15146a155bc430"},"headline":"Czy pu\u015bci\u0107 dziecko z katarem do \u017c\u0142obka?","datePublished":"2021-08-25T11:46:23+00:00","mainEntityOfPage":{"@id":"https:\/\/katarek.pl\/z-katarem-do-zlobka\/"},"wordCount":624,"commentCount":0,"image":{"@id":"https:\/\/katarek.pl\/z-katarem-do-zlobka\/#primaryimage"},"thumbnailUrl":"https:\/\/katarek.pl\/wp-content\/uploads\/2021\/08\/z-katarem-do-zlobka.jpg","articleSection":["Zdrowie"],"inLanguage":"pl-PL"},{"@type":"WebPage","@id":"https:\/\/katarek.pl\/z-katarem-do-zlobka\/","url":"https:\/\/katarek.pl\/z-katarem-do-zlobka\/","name":"Z katarem do \u017c\u0142obka. Czy to dobry pomys\u0142? - Blog katarek.pl","isPartOf":{"@id":"https:\/\/katarek.pl\/#website"},"primaryImageOfPage":{"@id":"https:\/\/katarek.pl\/z-katarem-do-zlobka\/#primaryimage"},"image":{"@id":"https:\/\/katarek.pl\/z-katarem-do-zlobka\/#primaryimage"},"thumbnailUrl":"https:\/\/katarek.pl\/wp-content\/uploads\/2021\/08\/z-katarem-do-zlobka.jpg","datePublished":"2021-08-25T11:46:23+00:00","author":{"@id":"https:\/\/katarek.pl\/#\/schema\/person\/c7267555b2aaad4c6d15146a155bc430"},"description":"Tw\u00f3j maluch obudzi\u0142 si\u0119 z katarem i nie jeste\u015b pewna, czy mo\u017cesz wys\u0142a\u0107 go \u017c\u0142obka? W naszym wpisie przyjrzymy si\u0119 temu tematowi. Sprawd\u017a!","breadcrumb":{"@id":"https:\/\/katarek.pl\/z-katarem-do-zlobka\/#breadcrumb"},"inLanguage":"pl-PL","potentialAction":[{"@type":"ReadAction","target":["https:\/\/katarek.pl\/z-katarem-do-zlobka\/"]}]},{"@type":"ImageObject","inLanguage":"pl-PL","@id":"https:\/\/katarek.pl\/z-katarem-do-zlobka\/#primaryimage","url":"https:\/\/katarek.pl\/wp-content\/uploads\/2021\/08\/z-katarem-do-zlobka.jpg","contentUrl":"https:\/\/katarek.pl\/wp-content\/uploads\/2021\/08\/z-katarem-do-zlobka.jpg","width":640,"height":427,"caption":"z katarem do \u017c\u0142obka"},{"@type":"BreadcrumbList","@id":"https:\/\/katarek.pl\/z-katarem-do-zlobka\/#breadcrumb","itemListElement":[{"@type":"ListItem","position":1,"name":"Home","item":"https:\/\/katarek.pl\/"},{"@type":"ListItem","position":2,"name":"Blog","item":"https:\/\/katarek.pl\/blog\/"},{"@type":"ListItem","position":3,"name":"Czy pu\u015bci\u0107 dziecko z katarem do \u017c\u0142obka?"}]},{"@type":"WebSite","@id":"https:\/\/katarek.pl\/#website","url":"https:\/\/katarek.pl\/","name":"katarek.pl","description":"","potentialAction":[{"@type":"SearchAction","target":{"@type":"EntryPoint","urlTemplate":"https:\/\/katarek.pl\/?s={search_term_string}"},"query-input":{"@type":"PropertyValueSpecification","valueRequired":true,"valueName":"search_term_string"}}],"inLanguage":"pl-PL"},{"@type":"Person","@id":"https:\/\/katarek.pl\/#\/schema\/person\/c7267555b2aaad4c6d15146a155bc430","name":"katarek","url":"https:\/\/katarek.pl\/author\/katarek\/"}]}},"acf":[],"gutenberg_blocks":[{"blockName":"custom-styles","attrs":{"styles":""}}],"meta_data":false,"featured_image":{"url":"https:\/\/katarek.pl\/wp-content\/uploads\/2021\/08\/z-katarem-do-zlobka.jpg"},"main_category":{"name":"Zdrowie"},"prev_page":{"slug":"sezon-przeziebien-jesien-2021"},"next_page":{"slug":"przyczyny-kataru-u-dzieci"},"_links":{"self":[{"href":"https:\/\/katarek.pl\/index.php\/wp-json\/wp\/v2\/posts\/2232","targetHints":{"allow":["GET"]}}],"collection":[{"href":"https:\/\/katarek.pl\/index.php\/wp-json\/wp\/v2\/posts"}],"about":[{"href":"https:\/\/katarek.pl\/index.php\/wp-json\/wp\/v2\/types\/post"}],"author":[{"embeddable":true,"href":"https:\/\/katarek.pl\/index.php\/wp-json\/wp\/v2\/users\/7"}],"replies":[{"embeddable":true,"href":"https:\/\/katarek.pl\/index.php\/wp-json\/wp\/v2\/comments?post=2232"}],"version-history":[{"count":0,"href":"https:\/\/katarek.pl\/index.php\/wp-json\/wp\/v2\/posts\/2232\/revisions"}],"wp:featuredmedia":[{"embeddable":true,"href":"https:\/\/katarek.pl\/index.php\/wp-json\/wp\/v2\/media\/2982"}],"wp:attachment":[{"href":"https:\/\/katarek.pl\/index.php\/wp-json\/wp\/v2\/media?parent=2232"}],"wp:term":[{"taxonomy":"category","embeddable":true,"href":"https:\/\/katarek.pl\/index.php\/wp-json\/wp\/v2\/categories?post=2232"},{"taxonomy":"post_tag","embeddable":true,"href":"https:\/\/katarek.pl\/index.php\/wp-json\/wp\/v2\/tags?post=2232"}],"curies":[{"name":"wp","href":"https:\/\/api.w.org\/{rel}","templated":true}]}}