{"id":2230,"date":"2021-07-05T15:17:37","date_gmt":"2021-07-05T13:17:37","guid":{"rendered":"https:\/\/katarek.pl\/blog\/?p=2206"},"modified":"2021-07-05T15:17:37","modified_gmt":"2021-07-05T13:17:37","slug":"przeziebienie-od-klimatyzacji-jak-leczyc","status":"publish","type":"post","link":"https:\/\/katarek.pl\/przeziebienie-od-klimatyzacji-jak-leczyc\/","title":{"rendered":"Przezi\u0119bienie od klimatyzacji \u2013 jak leczy\u0107"},"content":{"rendered":"<p>Okres letni wi\u0105\u017ce si\u0119 z cz\u0119stym przebywaniem w pomieszczeniach klimatyzowanych. Klimatyzacja sch\u0142adza nas w samochodzie, w sklepach, w biurach a coraz wi\u0119cej os\u00f3b decyduje si\u0119 na ni\u0105 tak\u017ce w domu. Jest ona wybawieniem w upalne dni i wiele os\u00f3b zgodzi si\u0119, \u017ce u\u0142atwia codzienne funkcjonowanie, gdy za oknem jest skwar. Poza niew\u0105tpliwie wieloma zaletami jakie niesie za sob\u0105 klimatyzacja \u2013 mo\u017ce ona tak\u017ce powodowa\u0107 infekcj\u0119. Dowiedz si\u0119 jak sobie z ni\u0105 poradzi\u0107, gdy pojawi si\u0119 u Twojego dziecka.<\/p>\n<h2>Uroki klimatyzacji czyli mo\u017cliwo\u015b\u0107 wyst\u0105pienia przezi\u0119bienia u dzieci i doros\u0142ych<\/h2>\n<p>Nie ma chyba nic gorszego ni\u017c sytuacja, w kt\u00f3rej podczas wyjazdu na wakacje nasze dziecko \u0142apie przezi\u0119bienie. Mo\u017ce to skutecznie zepsu\u0107 wakacyjny wypoczynek. Niestety taka sytuacja nie jest rzadko\u015bci\u0105. <strong>Najcz\u0119stsz\u0105 przyczyn\u0105 infekcji u dziecka w lecie jest klimatyzacja samochodowa<\/strong>. Kiedy korzystamy z niej nieumiej\u0119tnie mo\u017ce doprowadzi\u0107 do choroby. Je\u015bli nie przegl\u0105damy regularnie klimatyzacji a tak\u017ce zbytnio och\u0142adzamy pomieszczenie, w kt\u00f3rym jest dziecko mo\u017cemy mie\u0107 niemal\u017ce pewno\u015b\u0107, \u017ce nasz malec zachoruje. Klimatyzacja mo\u017ce by\u0107 wybawieniem jednak trzeba si\u0119 z ni\u0105 dobrze obchodzi\u0107. Podstaw\u0105 dbania o klimatyzacj\u0119 powinien by\u0107 regularny przegl\u0105d u specjalisty, kt\u00f3ry wyczy\u015bci j\u0105, wymieni cz\u0119\u015bci je\u015bli tego wymagaj\u0105.<\/p>\n<p>Druga kwestia to regulacja temperatury \u2013 by klimatyzacja nie szkodzi\u0142a ani Tobie ani Twojemu maluchowi. R\u00f3\u017cnica temperatury na zewn\u0105trz i w pomieszczeniu nie powinna przekracza\u0107 5-6\u00b0C. Je\u015bli wi\u0119c na zewn\u0105trz panuj\u0105 tropikalne upa\u0142y powy\u017cej 30\u00b0C to w samochodzie powinni\u015bmy ustawi\u0107 temperatur\u0119 na 24-25\u00b0C. Wybieraj\u0105c si\u0119 w podr\u00f3\u017c nale\u017cy najpierw otworzy\u0107 drzwi i przewietrzy\u0107 wn\u0119trze. Gdy ju\u017c si\u0119 nieco sch\u0142odzi w\u00f3wczas mo\u017cemy usi\u0105\u015b\u0107 z dzieckiem i w\u0142\u0105czy\u0107 klimatyzacj\u0119 na temperatur\u0119 ni\u017csz\u0105 o 5\u00b0C od tej, kt\u00f3ra panuje za oknem. Na kilkana\u015bcie minut przed dojazdem na miejsce warto wy\u0142\u0105czy\u0107 klimatyzacj\u0119 albo zwi\u0119kszy\u0107 temperatur\u0119, by wyr\u00f3wna\u0107 j\u0105 pomi\u0119dzy t\u0105, jaka jest we wn\u0119trzu auta a t\u0105, jak panuje na zewn\u0105trz. Podczas jazdy samochodem z w\u0142\u0105czon\u0105 klimatyzacj\u0105 kieruj strumie\u0144 powietrza na szyb\u0119 lub dach, <em>unikaj podmuchu klimatyzowanego powietrza bezpo\u015brednio na g\u0142ow\u0119 Twoj\u0105 czy dziecka<\/em>. \u00a0W przeciwnym wypadku zapalenie ucha gotowe.<\/p>\n<p>Podobne zasady dotycz\u0105 pomieszcze\u0144. Wsz\u0119dzie tam, gdzie masz mo\u017cliwo\u015b\u0107 sterowania temperatur\u0105, stosuj si\u0119 do powy\u017cszych zalece\u0144 zar\u00f3wno w kontek\u015bcie temperatury jak i kierunku nawiewu. W miejscach gdzie nie masz mo\u017cliwo\u015bci samodzielnie zmieni\u0107 kierunku nawiewu i temperatury np. w restauracji, zakryj g\u0142\u00f3wk\u0119 oraz uszy malucha bawe\u0142nian\u0105 czapeczk\u0105. Podczas przebywania w klimatyzowanych pomieszczeniach co jaki\u015b czas sprawdzaj czy dziecku nie jest za zimno albo za gor\u0105co. Wystarczy, \u017ce po\u0142o\u017cysz mu d\u0142o\u0144 na karku. Je\u015bli jest suchy i ciep\u0142y, to znak, \u017ce wszystko jest ok. Kiedy kark jest spocony i mokry to znak, \u017ce temperatura jest zbyt wysoka, natomiast zimny kark oznacza, \u017ce w pomieszczeniu jest za zimno.<\/p>\n<p><img loading=\"lazy\" decoding=\"async\" class=\"alignnone wp-image-2207 size-large\" src=\"https:\/\/katarek.pl\/wp-content\/uploads\/2021\/07\/pexels-kaboompics-com-6130-1024x683.jpg\" alt=\"Jak leczy\u0107 przezi\u0119bienie od klimatyzacji\" width=\"1024\" height=\"683\" \/><\/p>\n<p>Jad\u0105c z dzieckiem w podr\u00f3\u017c zawsze miej ze sob\u0105 kocyk, kt\u00f3rym b\u0119dziesz mog\u0142a przykry\u0107 dziecko gdy np. za\u015bnie w samochodzie. W apteczce wakacyjnej nie powinno tak\u017ce zabrakn\u0105\u0107 soli fizjologicznej, u\u017cywaj jej do nawil\u017cenia \u015bluz\u00f3wki nosa. W ten spos\u00f3b <strong>unikniesz kataru od klimatyzacji<\/strong>. Kiedy podr\u00f3\u017cujesz z dzieckiem powy\u017cej roku dobrze sprawdz\u0105 si\u0119 specjalne ma\u015bci do nosa, kt\u00f3re nawil\u017caj\u0105 b\u0142on\u0119 \u015bluzow\u0105 nosa. Mo\u017cesz tak\u017ce \u015bmia\u0142o sama jej u\u017cywa\u0107.<\/p>\n<p>&nbsp;<\/p>\n<h2>Przezi\u0119bienie od klimatyzacji<\/h2>\n<p><strong>Infekcja od klimatyzacji<\/strong> to nie b\u0142ahostka. Mo\u017ce si\u0119 ono objawia\u0107 kaszlem, katarem, b\u00f3lem gard\u0142a, drapaniem w gardle, chrypk\u0105, gor\u0105czk\u0105 a tak\u017ce b\u00f3lem zatok. Do tego dochodz\u0105: wysuszenie sk\u00f3ry, wysuszenie \u015bluz\u00f3wek, czasem wr\u0119cz duszno\u015bci spowodowane obni\u017ceniem wilgotno\u015bci powietrza. Takie dolegliwo\u015bci skutecznie powal\u0105 doros\u0142ego i wy\u0142\u0105cz\u0105 na kilka dni z normalnego funkcjonowania a co dopiero dziecko. Dodatkowo <strong>zaniedbana klimatyzacja to dobre \u015brodowisko do namna\u017cania si\u0119 drobnoustroj\u00f3w<\/strong>, kt\u00f3re wdychane przyczyniaj\u0105 si\u0119 do z\u0142ego samopoczucia i rozwoju przezi\u0119bienia a tak\u017ce pot\u0119guj\u0105 wyst\u0119powania alergii.<\/p>\n<p>Kiedy ju\u017c nasze dziecko zachoruje podczas wakacyjnego wyjazdu trzeba szybko dzia\u0142a\u0107, aby nie dopu\u015bci\u0107 do rozwoju choroby. Przede wszystkim nale\u017cy zadba\u0107 o diet\u0119 aby by\u0142a ona lekkostrawna oraz aby dziecko wypija\u0142o du\u017c\u0105 ilo\u015b\u0107 p\u0142yn\u00f3w. W zale\u017cno\u015bci od objaw\u00f3w, jakie ma dziecko, mo\u017cna zastosowa\u0107 \u015brodki na przezi\u0119bienie lub preparaty dost\u0119pne w aptece dostosowane do wieku dziecka. Wzmocni\u0105 jego uk\u0142ad odporno\u015bciowy i pomog\u0105 w walce z infekcj\u0105. Cz\u0119sto pierwszym objawem infekcji jest katar. Nie inaczej jest w przypadku <em>infekcji od klimatyzacji<\/em>.<\/p>\n<p>Kiedy wi\u0119c widzisz, \u017ce maluch ma zatkany nos staraj si\u0119 go udro\u017cni\u0107. Kiedy dziecko samo smarka ju\u017c nosek pilnuj aby maluch robi\u0142 to dobrze i zawsze kiedy tylko pojawi\u0105 si\u0119 problemy z oddychaniem. <\/p>\n<p>W przypadku niemowl\u0105t i ma\u0142ych dzieci, kt\u00f3re nie potrafi\u0105 samodzielnie wydmucha\u0107 nosa z pomoc\u0105 przychodz\u0105 <strong>aspiratory kataru<\/strong>, kt\u00f3re w ci\u0105gu kilku sekund pozbywaj\u0105 si\u0119 wydzieliny. Najlepsze aspiratory to te pod\u0142\u0105czane do odkurzacza jak<a href=\"https:\/\/katarek.pl\/produkt\/katarek-complete\/?blog-text\"> Katarek Complete<\/a> &#8211; umo\u017cliwia on przeprowadzenie zabiegu oczyszczania nosa dziecka zgodnie ze standardem EPOS rekomendowanym przez lekarzy. Aspiracja nosa Kantarkiem sprawdzi si\u0119 u nawet najm\u0142odszych dzieci.\u00a0Pami\u0119taj tak\u017ce aby przed i po oczyszczaniu noska u\u017cywa\u0107 soli fizjologicznej. Przed oczyszczaniem rozpu\u015bci ona wydzielin\u0119, natomiast po &#8211; nawil\u017cy \u015bluz\u00f3wk\u0119. Podczas infekcji wa\u017cne s\u0105 tak\u017ce inhalacje \u2013 obecnie na rynku coraz popularniejsze staj\u0105 si\u0119 <a href=\"https:\/\/helpmedi.com.pl\/produkt\/nebucare-zestaw-do-nebulizacji-niemowlat-i-dzieci\/\"><strong>nebulizatory siateczkowe<\/strong><\/a>, kt\u00f3rych ma\u0142e rozmiary s\u0105 idealnym rozwi\u0105zaniem w podr\u00f3\u017cy. Nebulizatory te doskonale sprawdzaj\u0105 si\u0119 zar\u00f3wno w przypadku lek\u00f3w jak r\u00f3wnie\u017c w przypadku <a href=\"\/blog\/inhalacje-z-soli-fizjologicznej-u-dzieci\/\">inhalacji sol\u0105 fizjologiczn\u0105<\/a>.<\/p>\n<p>Wakacje z maluchem mog\u0105 by\u0107 radosnym czasem. Nale\u017cy jednak odpowiednio przygotowa\u0107 si\u0119 do wyjazdu i zadba\u0107 o odpowiednie warunki. Przegl\u0105d klimatyzacji powinien by\u0107 na pierwszym miejscu. Kiedy ju\u017c ruszymy w drog\u0119 warto stosowa\u0107 si\u0119 do powy\u017cszych zasad, by nie dopu\u015bci\u0107 do przezi\u0119bienia. Na wszelki wypadek do apteczki warto spakowa\u0107 produkty, kt\u00f3re pomog\u0105 kiedy ju\u017c wyst\u0105pi infekcja.<\/p>\n<p><\/br><\/p>\n<div class=\"banerfront\"> <a href=\"https:\/\/katarek.pl\/produkt\/katarek-complete\/?blog-single-top\"> <img decoding=\"async\" src=\"https:\/\/katarek.pl\/blog\/wp-content\/uploads\/2022\/07\/comple1920x250-v1-1.jpg\"> <\/a><\/div>\n","protected":false},"excerpt":"Okres letni wi\u0105\u017ce si\u0119 z cz\u0119stym przebywaniem w pomieszczeniach klimatyzowanych. Klimatyzacja sch\u0142adza nas w samochodzie, w sklepach, w biurach a coraz wi\u0119cej os\u00f3b decyduje si\u0119 na ni\u0105 tak\u017ce w domu. Jest ona wybawieniem w upalne dni i wiele os\u00f3b zgodzi si\u0119, \u017ce u\u0142atwia codzienne funkcjonowanie, gdy za oknem jest skwar. Poza niew\u0105tpliwie wieloma zaletami jakie [&hellip;]","author":7,"featured_media":2979,"comment_status":"open","ping_status":"open","sticky":false,"template":"","format":"standard","meta":{"_acf_changed":false,"inline_featured_image":false,"editor_plus_copied_stylings":"{}","footnotes":""},"categories":[30,41],"tags":[56,89,57,93,62],"class_list":["post-2230","post","type-post","status-publish","format-standard","has-post-thumbnail","hentry","category-pielegnacja","category-zdrowie-dziecko","tag-dziecko","tag-infekcja","tag-katar","tag-klimatyzacja","tag-niemowle"],"yoast_head":"<!-- This site is optimized with the Yoast SEO plugin v27.4 - https:\/\/yoast.com\/product\/yoast-seo-wordpress\/ -->\n<title>Przezi\u0119bienie od klimatyzacji. Jak leczy\u0107? Jakie s\u0105 jego przyczyny? - blog Katarek<\/title>\n<meta name=\"description\" content=\"Infekcja od klimatyzacji mo\u017ce objawia\u0107 si\u0119 kaszlem, katarem, b\u00f3lem gard\u0142a, drapaniem w gardle, chrypk\u0105, gor\u0105czk\u0105 a tak\u017ce b\u00f3lem zatok. Dowiedz si\u0119 wi\u0119cej!\" \/>\n<meta name=\"robots\" content=\"index, follow, max-snippet:-1, max-image-preview:large, max-video-preview:-1\" \/>\n<link rel=\"canonical\" href=\"https:\/\/katarek.pl\/przeziebienie-od-klimatyzacji-jak-leczyc\/\" \/>\n<meta property=\"og:locale\" content=\"pl_PL\" \/>\n<meta property=\"og:type\" content=\"article\" \/>\n<meta property=\"og:title\" content=\"Przezi\u0119bienie od klimatyzacji. Jak leczy\u0107? Jakie s\u0105 jego przyczyny? - blog Katarek\" \/>\n<meta property=\"og:description\" content=\"Infekcja od klimatyzacji mo\u017ce objawia\u0107 si\u0119 kaszlem, katarem, b\u00f3lem gard\u0142a, drapaniem w gardle, chrypk\u0105, gor\u0105czk\u0105 a tak\u017ce b\u00f3lem zatok. Dowiedz si\u0119 wi\u0119cej!\" \/>\n<meta property=\"og:url\" content=\"https:\/\/katarek.pl\/przeziebienie-od-klimatyzacji-jak-leczyc\/\" \/>\n<meta property=\"og:site_name\" content=\"katarek.pl\" \/>\n<meta property=\"article:published_time\" content=\"2021-07-05T13:17:37+00:00\" \/>\n<meta property=\"og:image\" content=\"https:\/\/katarek.pl\/wp-content\/uploads\/2021\/07\/pexels-kaboompics-com-6130-scaled.webp\" \/>\n\t<meta property=\"og:image:width\" content=\"2560\" \/>\n\t<meta property=\"og:image:height\" content=\"1707\" \/>\n\t<meta property=\"og:image:type\" content=\"image\/webp\" \/>\n<meta name=\"author\" content=\"katarek\" \/>\n<meta name=\"twitter:card\" content=\"summary_large_image\" \/>\n<meta name=\"twitter:label1\" content=\"Napisane przez\" \/>\n\t<meta name=\"twitter:data1\" content=\"katarek\" \/>\n\t<meta name=\"twitter:label2\" content=\"Szacowany czas czytania\" \/>\n\t<meta name=\"twitter:data2\" content=\"5 minut\" \/>\n<script type=\"application\/ld+json\" class=\"yoast-schema-graph\">{\"@context\":\"https:\\\/\\\/schema.org\",\"@graph\":[{\"@type\":\"Article\",\"@id\":\"https:\\\/\\\/katarek.pl\\\/przeziebienie-od-klimatyzacji-jak-leczyc\\\/#article\",\"isPartOf\":{\"@id\":\"https:\\\/\\\/katarek.pl\\\/przeziebienie-od-klimatyzacji-jak-leczyc\\\/\"},\"author\":{\"name\":\"katarek\",\"@id\":\"https:\\\/\\\/katarek.pl\\\/#\\\/schema\\\/person\\\/c7267555b2aaad4c6d15146a155bc430\"},\"headline\":\"Przezi\u0119bienie od klimatyzacji \u2013 jak leczy\u0107\",\"datePublished\":\"2021-07-05T13:17:37+00:00\",\"mainEntityOfPage\":{\"@id\":\"https:\\\/\\\/katarek.pl\\\/przeziebienie-od-klimatyzacji-jak-leczyc\\\/\"},\"wordCount\":1041,\"commentCount\":0,\"image\":{\"@id\":\"https:\\\/\\\/katarek.pl\\\/przeziebienie-od-klimatyzacji-jak-leczyc\\\/#primaryimage\"},\"thumbnailUrl\":\"https:\\\/\\\/katarek.pl\\\/wp-content\\\/uploads\\\/2021\\\/07\\\/pexels-kaboompics-com-6130-scaled.webp\",\"keywords\":[\"dziecko\",\"infekcja\",\"katar\",\"klimatyzacja\",\"niemowl\u0119\"],\"articleSection\":[\"Piel\u0119gnacja\",\"Zdrowie\"],\"inLanguage\":\"pl-PL\"},{\"@type\":\"WebPage\",\"@id\":\"https:\\\/\\\/katarek.pl\\\/przeziebienie-od-klimatyzacji-jak-leczyc\\\/\",\"url\":\"https:\\\/\\\/katarek.pl\\\/przeziebienie-od-klimatyzacji-jak-leczyc\\\/\",\"name\":\"Przezi\u0119bienie od klimatyzacji. Jak leczy\u0107? Jakie s\u0105 jego przyczyny? - blog Katarek\",\"isPartOf\":{\"@id\":\"https:\\\/\\\/katarek.pl\\\/#website\"},\"primaryImageOfPage\":{\"@id\":\"https:\\\/\\\/katarek.pl\\\/przeziebienie-od-klimatyzacji-jak-leczyc\\\/#primaryimage\"},\"image\":{\"@id\":\"https:\\\/\\\/katarek.pl\\\/przeziebienie-od-klimatyzacji-jak-leczyc\\\/#primaryimage\"},\"thumbnailUrl\":\"https:\\\/\\\/katarek.pl\\\/wp-content\\\/uploads\\\/2021\\\/07\\\/pexels-kaboompics-com-6130-scaled.webp\",\"datePublished\":\"2021-07-05T13:17:37+00:00\",\"author\":{\"@id\":\"https:\\\/\\\/katarek.pl\\\/#\\\/schema\\\/person\\\/c7267555b2aaad4c6d15146a155bc430\"},\"description\":\"Infekcja od klimatyzacji mo\u017ce objawia\u0107 si\u0119 kaszlem, katarem, b\u00f3lem gard\u0142a, drapaniem w gardle, chrypk\u0105, gor\u0105czk\u0105 a tak\u017ce b\u00f3lem zatok. Dowiedz si\u0119 wi\u0119cej!\",\"breadcrumb\":{\"@id\":\"https:\\\/\\\/katarek.pl\\\/przeziebienie-od-klimatyzacji-jak-leczyc\\\/#breadcrumb\"},\"inLanguage\":\"pl-PL\",\"potentialAction\":[{\"@type\":\"ReadAction\",\"target\":[\"https:\\\/\\\/katarek.pl\\\/przeziebienie-od-klimatyzacji-jak-leczyc\\\/\"]}]},{\"@type\":\"ImageObject\",\"inLanguage\":\"pl-PL\",\"@id\":\"https:\\\/\\\/katarek.pl\\\/przeziebienie-od-klimatyzacji-jak-leczyc\\\/#primaryimage\",\"url\":\"https:\\\/\\\/katarek.pl\\\/wp-content\\\/uploads\\\/2021\\\/07\\\/pexels-kaboompics-com-6130-scaled.webp\",\"contentUrl\":\"https:\\\/\\\/katarek.pl\\\/wp-content\\\/uploads\\\/2021\\\/07\\\/pexels-kaboompics-com-6130-scaled.webp\",\"width\":2560,\"height\":1707,\"caption\":\"Przezi\u0119bienie od klimatyzacji - jak leczy\u0107?\"},{\"@type\":\"BreadcrumbList\",\"@id\":\"https:\\\/\\\/katarek.pl\\\/przeziebienie-od-klimatyzacji-jak-leczyc\\\/#breadcrumb\",\"itemListElement\":[{\"@type\":\"ListItem\",\"position\":1,\"name\":\"Home\",\"item\":\"https:\\\/\\\/katarek.pl\\\/\"},{\"@type\":\"ListItem\",\"position\":2,\"name\":\"Blog\",\"item\":\"https:\\\/\\\/katarek.pl\\\/blog\\\/\"},{\"@type\":\"ListItem\",\"position\":3,\"name\":\"Przezi\u0119bienie od klimatyzacji \u2013 jak leczy\u0107\"}]},{\"@type\":\"WebSite\",\"@id\":\"https:\\\/\\\/katarek.pl\\\/#website\",\"url\":\"https:\\\/\\\/katarek.pl\\\/\",\"name\":\"katarek.pl\",\"description\":\"\",\"potentialAction\":[{\"@type\":\"SearchAction\",\"target\":{\"@type\":\"EntryPoint\",\"urlTemplate\":\"https:\\\/\\\/katarek.pl\\\/?s={search_term_string}\"},\"query-input\":{\"@type\":\"PropertyValueSpecification\",\"valueRequired\":true,\"valueName\":\"search_term_string\"}}],\"inLanguage\":\"pl-PL\"},{\"@type\":\"Person\",\"@id\":\"https:\\\/\\\/katarek.pl\\\/#\\\/schema\\\/person\\\/c7267555b2aaad4c6d15146a155bc430\",\"name\":\"katarek\",\"url\":\"https:\\\/\\\/katarek.pl\\\/author\\\/katarek\\\/\"}]}<\/script>\n<!-- \/ Yoast SEO plugin. -->","yoast_head_json":{"title":"Przezi\u0119bienie od klimatyzacji. Jak leczy\u0107? Jakie s\u0105 jego przyczyny? - blog Katarek","description":"Infekcja od klimatyzacji mo\u017ce objawia\u0107 si\u0119 kaszlem, katarem, b\u00f3lem gard\u0142a, drapaniem w gardle, chrypk\u0105, gor\u0105czk\u0105 a tak\u017ce b\u00f3lem zatok. Dowiedz si\u0119 wi\u0119cej!","robots":{"index":"index","follow":"follow","max-snippet":"max-snippet:-1","max-image-preview":"max-image-preview:large","max-video-preview":"max-video-preview:-1"},"canonical":"https:\/\/katarek.pl\/przeziebienie-od-klimatyzacji-jak-leczyc\/","og_locale":"pl_PL","og_type":"article","og_title":"Przezi\u0119bienie od klimatyzacji. Jak leczy\u0107? Jakie s\u0105 jego przyczyny? - blog Katarek","og_description":"Infekcja od klimatyzacji mo\u017ce objawia\u0107 si\u0119 kaszlem, katarem, b\u00f3lem gard\u0142a, drapaniem w gardle, chrypk\u0105, gor\u0105czk\u0105 a tak\u017ce b\u00f3lem zatok. Dowiedz si\u0119 wi\u0119cej!","og_url":"https:\/\/katarek.pl\/przeziebienie-od-klimatyzacji-jak-leczyc\/","og_site_name":"katarek.pl","article_published_time":"2021-07-05T13:17:37+00:00","og_image":[{"width":2560,"height":1707,"url":"https:\/\/katarek.pl\/wp-content\/uploads\/2021\/07\/pexels-kaboompics-com-6130-scaled.webp","type":"image\/webp"}],"author":"katarek","twitter_card":"summary_large_image","twitter_misc":{"Napisane przez":"katarek","Szacowany czas czytania":"5 minut"},"schema":{"@context":"https:\/\/schema.org","@graph":[{"@type":"Article","@id":"https:\/\/katarek.pl\/przeziebienie-od-klimatyzacji-jak-leczyc\/#article","isPartOf":{"@id":"https:\/\/katarek.pl\/przeziebienie-od-klimatyzacji-jak-leczyc\/"},"author":{"name":"katarek","@id":"https:\/\/katarek.pl\/#\/schema\/person\/c7267555b2aaad4c6d15146a155bc430"},"headline":"Przezi\u0119bienie od klimatyzacji \u2013 jak leczy\u0107","datePublished":"2021-07-05T13:17:37+00:00","mainEntityOfPage":{"@id":"https:\/\/katarek.pl\/przeziebienie-od-klimatyzacji-jak-leczyc\/"},"wordCount":1041,"commentCount":0,"image":{"@id":"https:\/\/katarek.pl\/przeziebienie-od-klimatyzacji-jak-leczyc\/#primaryimage"},"thumbnailUrl":"https:\/\/katarek.pl\/wp-content\/uploads\/2021\/07\/pexels-kaboompics-com-6130-scaled.webp","keywords":["dziecko","infekcja","katar","klimatyzacja","niemowl\u0119"],"articleSection":["Piel\u0119gnacja","Zdrowie"],"inLanguage":"pl-PL"},{"@type":"WebPage","@id":"https:\/\/katarek.pl\/przeziebienie-od-klimatyzacji-jak-leczyc\/","url":"https:\/\/katarek.pl\/przeziebienie-od-klimatyzacji-jak-leczyc\/","name":"Przezi\u0119bienie od klimatyzacji. Jak leczy\u0107? Jakie s\u0105 jego przyczyny? - blog Katarek","isPartOf":{"@id":"https:\/\/katarek.pl\/#website"},"primaryImageOfPage":{"@id":"https:\/\/katarek.pl\/przeziebienie-od-klimatyzacji-jak-leczyc\/#primaryimage"},"image":{"@id":"https:\/\/katarek.pl\/przeziebienie-od-klimatyzacji-jak-leczyc\/#primaryimage"},"thumbnailUrl":"https:\/\/katarek.pl\/wp-content\/uploads\/2021\/07\/pexels-kaboompics-com-6130-scaled.webp","datePublished":"2021-07-05T13:17:37+00:00","author":{"@id":"https:\/\/katarek.pl\/#\/schema\/person\/c7267555b2aaad4c6d15146a155bc430"},"description":"Infekcja od klimatyzacji mo\u017ce objawia\u0107 si\u0119 kaszlem, katarem, b\u00f3lem gard\u0142a, drapaniem w gardle, chrypk\u0105, gor\u0105czk\u0105 a tak\u017ce b\u00f3lem zatok. Dowiedz si\u0119 wi\u0119cej!","breadcrumb":{"@id":"https:\/\/katarek.pl\/przeziebienie-od-klimatyzacji-jak-leczyc\/#breadcrumb"},"inLanguage":"pl-PL","potentialAction":[{"@type":"ReadAction","target":["https:\/\/katarek.pl\/przeziebienie-od-klimatyzacji-jak-leczyc\/"]}]},{"@type":"ImageObject","inLanguage":"pl-PL","@id":"https:\/\/katarek.pl\/przeziebienie-od-klimatyzacji-jak-leczyc\/#primaryimage","url":"https:\/\/katarek.pl\/wp-content\/uploads\/2021\/07\/pexels-kaboompics-com-6130-scaled.webp","contentUrl":"https:\/\/katarek.pl\/wp-content\/uploads\/2021\/07\/pexels-kaboompics-com-6130-scaled.webp","width":2560,"height":1707,"caption":"Przezi\u0119bienie od klimatyzacji - jak leczy\u0107?"},{"@type":"BreadcrumbList","@id":"https:\/\/katarek.pl\/przeziebienie-od-klimatyzacji-jak-leczyc\/#breadcrumb","itemListElement":[{"@type":"ListItem","position":1,"name":"Home","item":"https:\/\/katarek.pl\/"},{"@type":"ListItem","position":2,"name":"Blog","item":"https:\/\/katarek.pl\/blog\/"},{"@type":"ListItem","position":3,"name":"Przezi\u0119bienie od klimatyzacji \u2013 jak leczy\u0107"}]},{"@type":"WebSite","@id":"https:\/\/katarek.pl\/#website","url":"https:\/\/katarek.pl\/","name":"katarek.pl","description":"","potentialAction":[{"@type":"SearchAction","target":{"@type":"EntryPoint","urlTemplate":"https:\/\/katarek.pl\/?s={search_term_string}"},"query-input":{"@type":"PropertyValueSpecification","valueRequired":true,"valueName":"search_term_string"}}],"inLanguage":"pl-PL"},{"@type":"Person","@id":"https:\/\/katarek.pl\/#\/schema\/person\/c7267555b2aaad4c6d15146a155bc430","name":"katarek","url":"https:\/\/katarek.pl\/author\/katarek\/"}]}},"acf":[],"gutenberg_blocks":[{"blockName":"custom-styles","attrs":{"styles":""}}],"meta_data":false,"featured_image":{"url":"https:\/\/katarek.pl\/wp-content\/uploads\/2021\/07\/pexels-kaboompics-com-6130-1024x683.webp"},"main_category":{"name":"Piel\u0119gnacja"},"prev_page":{"slug":"przyczyny-kataru-u-dzieci"},"next_page":{"slug":"6-faktow-ktore-powinnas-wiedziec-o-nebulizacji"},"_links":{"self":[{"href":"https:\/\/katarek.pl\/index.php\/wp-json\/wp\/v2\/posts\/2230","targetHints":{"allow":["GET"]}}],"collection":[{"href":"https:\/\/katarek.pl\/index.php\/wp-json\/wp\/v2\/posts"}],"about":[{"href":"https:\/\/katarek.pl\/index.php\/wp-json\/wp\/v2\/types\/post"}],"author":[{"embeddable":true,"href":"https:\/\/katarek.pl\/index.php\/wp-json\/wp\/v2\/users\/7"}],"replies":[{"embeddable":true,"href":"https:\/\/katarek.pl\/index.php\/wp-json\/wp\/v2\/comments?post=2230"}],"version-history":[{"count":0,"href":"https:\/\/katarek.pl\/index.php\/wp-json\/wp\/v2\/posts\/2230\/revisions"}],"wp:featuredmedia":[{"embeddable":true,"href":"https:\/\/katarek.pl\/index.php\/wp-json\/wp\/v2\/media\/2979"}],"wp:attachment":[{"href":"https:\/\/katarek.pl\/index.php\/wp-json\/wp\/v2\/media?parent=2230"}],"wp:term":[{"taxonomy":"category","embeddable":true,"href":"https:\/\/katarek.pl\/index.php\/wp-json\/wp\/v2\/categories?post=2230"},{"taxonomy":"post_tag","embeddable":true,"href":"https:\/\/katarek.pl\/index.php\/wp-json\/wp\/v2\/tags?post=2230"}],"curies":[{"name":"wp","href":"https:\/\/api.w.org\/{rel}","templated":true}]}}