{"id":2222,"date":"2018-01-16T12:35:58","date_gmt":"2018-01-16T11:35:58","guid":{"rendered":"https:\/\/katarek.pl\/blog\/?p=1042"},"modified":"2018-01-16T12:35:58","modified_gmt":"2018-01-16T11:35:58","slug":"pasta-zebow-dla-dzieci-fluorem-bez","status":"publish","type":"post","link":"https:\/\/katarek.pl\/pasta-zebow-dla-dzieci-fluorem-bez\/","title":{"rendered":"Pasta do z\u0119b\u00f3w dla dzieci &#8211; z fluorem czy bez?"},"content":{"rendered":"<p>To ju\u017c czas na nauk\u0119 mycia z\u0119b\u00f3w?! Przecie\u017c dopiero co robi\u0142am list\u0119 <a href=\"http:\/\/www.idealnawyprawka.pl\" rel=\"nofollow\">\u201ewyprawka dla noworodka\u201d<\/a>\u2026! Taka my\u015bl pr\u0119dzej czy p\u00f3\u017aniej na pewno pojawi si\u0119 w g\u0142owie ka\u017cdej mamy. Czas biegnie bardzo szybko, ale to przecie\u017c mi\u0142e, widzie\u0107 rozw\u00f3j w\u0142asnego dziecka. Oto nadszed\u0142 etap, gdy piel\u0119gnacja malutkich z\u0105bk\u00f3w przestaje by\u0107 takim prostym zadaniem. Mleczaki rosn\u0105 coraz szybciej i pora odpowiedzie\u0107 sobie na wa\u017cne pytanie: jaka <strong>pasta do z\u0119b\u00f3w dla dzieci<\/strong> b\u0119dzie najlepsza? Czy powinna zawiera\u0107 fluor? <!--more--><\/p>\n<p>W okresie niemowl\u0119cym wystarczy\u0142o przeciera\u0107 dzi\u0105s\u0142a gazikiem. Potem delikatnie czy\u015bci\u0107 je mi\u0119kk\u0105 szczoteczk\u0105 zak\u0142adaj\u0105 na palec. Jednak kiedy pojawiaj\u0105 si\u0119 z\u0105bki, konieczna staje si\u0119 pasta. Smak pasty, kt\u00f3rej sama u\u017cywasz, wydaje ci si\u0119 zbyt intensywny dla dziecka? Masz racj\u0119, dlatego pasty do z\u0119b\u00f3w dla dzieci maj\u0105 ca\u0142kiem inny sk\u0142ad ni\u017c te dla doros\u0142ych.<\/p>\n<h2>Najlepsza <span data-sheets-value=\"{&quot;1&quot;:2,&quot;2&quot;:&quot;pasta do z\u0119b\u00f3w dla dzieci&quot;}\" data-sheets-userformat=\"{&quot;2&quot;:6721,&quot;3&quot;:{&quot;1&quot;:0},&quot;9&quot;:0,&quot;12&quot;:0,&quot;14&quot;:{&quot;1&quot;:2,&quot;2&quot;:-570425344},&quot;15&quot;:&quot;Roboto, RobotoDraft, Helvetica, Arial, sans-serif&quot;}\">pasta do z\u0119b\u00f3w dla dzieci, czyli k<\/span>ontrowersje wok\u00f3\u0142 fluoru<\/h2>\n<p><span data-sheets-value=\"{&quot;1&quot;:2,&quot;2&quot;:&quot;pasta do z\u0119b\u00f3w dla dzieci z fluorem czy bez&quot;}\" data-sheets-userformat=\"{&quot;2&quot;:6721,&quot;3&quot;:{&quot;1&quot;:0},&quot;9&quot;:0,&quot;12&quot;:0,&quot;14&quot;:{&quot;1&quot;:2,&quot;2&quot;:-570425344},&quot;15&quot;:&quot;Roboto, RobotoDraft, Helvetica, Arial, sans-serif&quot;}\"><em>Pasta do z\u0119b\u00f3w dla dzieci z fluorem czy bez<\/em>? To pytanie jest cz\u0119sto zadawane przez m\u0142ode mamy.\u00a0<\/span>Pierwsza pasta przede wszystkim nie powinna zawiera\u0107 fluoru. Chodzi o to, \u017ce maluszek nie potrafi jeszcze prawid\u0142owo wypluwa\u0107 pasty po umyciu z\u0105bk\u00f3w. Ba, on nawet jeszcze nie wie, nie rozumie, po co mama szczotkuje mu z\u0105bki. W\u0142a\u015bnie dlatego, \u017ce u kilku-, kilkunastomiesi\u0119cznego dziecka istnieje wysokie ryzyko po\u0142kni\u0119cia piany z pasty, nie mo\u017cemy u\u017cywa\u0107 produkt\u00f3w z fluorem. Fluor wzmacnia z\u0119by, ale tylko w odpowiednich, ma\u0142ych ilo\u015bciach. W nadmiarze jest bardzo szkodliwy! Prowadzi do zatrucia okre\u015blanego mianem fluorozy, kt\u00f3re odpowiedzialne jest za krucho\u015b\u0107 ko\u015bci, ograniczenie wch\u0142aniania magnezu, zaburzenia pracy uk\u0142adu nerwowego i wiele innych. Granica mi\u0119dzy dawk\u0105 lecznicz\u0105 a szkodliw\u0105 fluoru jest niezwykle cienka, dlatego lepiej nie ryzykowa\u0107 z <strong>past\u0105 z fluorem dla dzieci.<\/strong><\/p>\n<h3>Mentol, cukier i inni nieprzyjaciele<\/h3>\n<p>Czego jeszcze nie powinna zawiera\u0107 <em>pasta do z\u0119b\u00f3w dla niemowl\u0105t<\/em>? Zwr\u00f3\u0107 uwag\u0119, czy w sk\u0142adzie nie ma czasem dwutlenku tytanu, paraben\u00f3w, barwnik\u00f3w i konserwant\u00f3w, mentolu, sacharyny oraz substancji okre\u015blonej skr\u00f3tem SLS. Je\u015bli tak \u2013 od\u0142\u00f3\u017c produkt z powrotem na p\u00f3\u0142k\u0119.<\/p>\n<h2><span data-sheets-value=\"{&quot;1&quot;:2,&quot;2&quot;:&quot;pasta dla niemowl\u0105t z fluorem czy bez&quot;}\" data-sheets-userformat=\"{&quot;2&quot;:6721,&quot;3&quot;:{&quot;1&quot;:0},&quot;9&quot;:0,&quot;12&quot;:0,&quot;14&quot;:{&quot;1&quot;:2,&quot;2&quot;:-570425344},&quot;15&quot;:&quot;Roboto, RobotoDraft, Helvetica, Arial, sans-serif&quot;}\">Pasta dla niemowl\u0105t z fluorem czy bez? Postaw na natur\u0119<\/span><\/h2>\n<p>U najm\u0142odszych dzieci warto stosowa\u0107 pasty na bazie \u0142agodnego \u017celu krzemowego. Po\u017c\u0105danym sk\u0142adnikiem jest tak\u017ce ksylitol (naturalnie wyst\u0119puj\u0105cy w naturze cukier o w\u0142a\u015bciwo\u015bciach antybakteryjnych i przeciwpr\u00f3chniczych). Pasta dla dzieci w og\u00f3le powinna sk\u0142ada\u0107 si\u0119 z ekologicznych substancji. Bezpieczne s\u0105 m.in. kreda, gliceryna ro\u015blinna, olejki eteryczne takie jak olejek z kopru w\u0142oskiego.<\/p>\n<p>W sprzeda\u017cy s\u0105 tak\u017ce pasty stworzone specjalnie z my\u015bl\u0105 o najmniejszych dzieciach. Maj\u0105 zwykle \u017celow\u0105, przyjazn\u0105 konsystencj\u0119, owocowy smak i zapach, a producenci polecaj\u0105 je szczeg\u00f3lnie dzieciom mieszkaj\u0105cym na terenach, gdzie do wody wodoci\u0105gowej dodawany jest fluor (to nadal zdarza si\u0119 tak\u017ce w Polsce! Jako\u015b\u0107 wody pitnej mo\u017cemy monitorowa\u0107 na stronach internetowych przedsi\u0119biorstw wodoci\u0105gowych).<\/p>\n<p>Kiedy wprowadzi\u0107 <strong>past\u0119 dla dzieci z fluorem<\/strong>? Dopiero wtedy, gdy dziecko potrafi samodzielnie my\u0107 z\u0119by. Pami\u0119taj, by produkt dostosowywa\u0107 do wieku dziecka. Wybieraj zaufane marki w wariancie \u201edla dzieci\u201d. Sprawd\u017a te\u017c jak wygl\u0105da i kiedy zaczyna si\u0119\u00a0<a href=\"https:\/\/katarek.pl\/blog\/zabkowanie-czy-jest-sie-czego-bac\/\">z\u0105bkowanie u niemowl\u0105t.<\/a><\/p>\n","protected":false},"excerpt":"Pasta do z\u0119b\u00f3w dla dzieci - wyb\u00f3r dost\u0119pnych produkt\u00f3w do mycia z\u0119b\u00f3w dla maluch\u00f3w jest spory, ale czy wszystkie pasty s\u0105 dobre i nie spowoduj\u0105 wi\u0119cej szkody ni\u017c po\u017cytku? Czy maluchy powinny stosowa\u0107 pasty z fluorem? \n","author":7,"featured_media":2970,"comment_status":"open","ping_status":"open","sticky":false,"template":"","format":"standard","meta":{"_acf_changed":false,"inline_featured_image":false,"editor_plus_copied_stylings":"{}","footnotes":""},"categories":[28,41],"tags":[],"class_list":["post-2222","post","type-post","status-publish","format-standard","has-post-thumbnail","hentry","category-dziecko","category-zdrowie-dziecko"],"yoast_head":"<!-- This site is optimized with the Yoast SEO plugin v27.4 - https:\/\/yoast.com\/product\/yoast-seo-wordpress\/ -->\n<title>Pasta do z\u0119b\u00f3w dla dzieci z fluorem czy bez? - Blog katarek.pl<\/title>\n<meta name=\"description\" content=\"Zastanawiasz si\u0119 jak\u0105 pasta do z\u0119b\u00f3w dla dzieci wybra\u0107? Na rynku znajduje si\u0119 wiele rodzai. Jednak warto postawi\u0107 na te z fluorem czy bez? Sprawd\u017a w artykule!\" \/>\n<meta name=\"robots\" content=\"index, follow, max-snippet:-1, max-image-preview:large, max-video-preview:-1\" \/>\n<link rel=\"canonical\" href=\"https:\/\/katarek.pl\/pasta-zebow-dla-dzieci-fluorem-bez\/\" \/>\n<meta property=\"og:locale\" content=\"pl_PL\" \/>\n<meta property=\"og:type\" content=\"article\" \/>\n<meta property=\"og:title\" content=\"Pasta do z\u0119b\u00f3w dla dzieci z fluorem czy bez? - Blog katarek.pl\" \/>\n<meta property=\"og:description\" content=\"Zastanawiasz si\u0119 jak\u0105 pasta do z\u0119b\u00f3w dla dzieci wybra\u0107? Na rynku znajduje si\u0119 wiele rodzai. Jednak warto postawi\u0107 na te z fluorem czy bez? Sprawd\u017a w artykule!\" \/>\n<meta property=\"og:url\" content=\"https:\/\/katarek.pl\/pasta-zebow-dla-dzieci-fluorem-bez\/\" \/>\n<meta property=\"og:site_name\" content=\"katarek.pl\" \/>\n<meta property=\"article:published_time\" content=\"2018-01-16T11:35:58+00:00\" \/>\n<meta property=\"og:image\" content=\"https:\/\/katarek.pl\/wp-content\/uploads\/2018\/01\/pasta-do-zebow-dla-dzieci-1024x683.jpg\" \/>\n\t<meta property=\"og:image:width\" content=\"1024\" \/>\n\t<meta property=\"og:image:height\" content=\"683\" \/>\n\t<meta property=\"og:image:type\" content=\"image\/jpeg\" \/>\n<meta name=\"author\" content=\"katarek\" \/>\n<meta name=\"twitter:card\" content=\"summary_large_image\" \/>\n<meta name=\"twitter:label1\" content=\"Napisane przez\" \/>\n\t<meta name=\"twitter:data1\" content=\"katarek\" \/>\n\t<meta name=\"twitter:label2\" content=\"Szacowany czas czytania\" \/>\n\t<meta name=\"twitter:data2\" content=\"3 minuty\" \/>\n<script type=\"application\/ld+json\" class=\"yoast-schema-graph\">{\"@context\":\"https:\\\/\\\/schema.org\",\"@graph\":[{\"@type\":\"Article\",\"@id\":\"https:\\\/\\\/katarek.pl\\\/pasta-zebow-dla-dzieci-fluorem-bez\\\/#article\",\"isPartOf\":{\"@id\":\"https:\\\/\\\/katarek.pl\\\/pasta-zebow-dla-dzieci-fluorem-bez\\\/\"},\"author\":{\"name\":\"katarek\",\"@id\":\"https:\\\/\\\/katarek.pl\\\/#\\\/schema\\\/person\\\/c7267555b2aaad4c6d15146a155bc430\"},\"headline\":\"Pasta do z\u0119b\u00f3w dla dzieci &#8211; z fluorem czy bez?\",\"datePublished\":\"2018-01-16T11:35:58+00:00\",\"mainEntityOfPage\":{\"@id\":\"https:\\\/\\\/katarek.pl\\\/pasta-zebow-dla-dzieci-fluorem-bez\\\/\"},\"wordCount\":580,\"commentCount\":1,\"image\":{\"@id\":\"https:\\\/\\\/katarek.pl\\\/pasta-zebow-dla-dzieci-fluorem-bez\\\/#primaryimage\"},\"thumbnailUrl\":\"https:\\\/\\\/katarek.pl\\\/wp-content\\\/uploads\\\/2018\\\/01\\\/pasta-do-zebow-dla-dzieci.jpg\",\"articleSection\":[\"Dziecko\",\"Zdrowie\"],\"inLanguage\":\"pl-PL\"},{\"@type\":\"WebPage\",\"@id\":\"https:\\\/\\\/katarek.pl\\\/pasta-zebow-dla-dzieci-fluorem-bez\\\/\",\"url\":\"https:\\\/\\\/katarek.pl\\\/pasta-zebow-dla-dzieci-fluorem-bez\\\/\",\"name\":\"Pasta do z\u0119b\u00f3w dla dzieci z fluorem czy bez? - Blog katarek.pl\",\"isPartOf\":{\"@id\":\"https:\\\/\\\/katarek.pl\\\/#website\"},\"primaryImageOfPage\":{\"@id\":\"https:\\\/\\\/katarek.pl\\\/pasta-zebow-dla-dzieci-fluorem-bez\\\/#primaryimage\"},\"image\":{\"@id\":\"https:\\\/\\\/katarek.pl\\\/pasta-zebow-dla-dzieci-fluorem-bez\\\/#primaryimage\"},\"thumbnailUrl\":\"https:\\\/\\\/katarek.pl\\\/wp-content\\\/uploads\\\/2018\\\/01\\\/pasta-do-zebow-dla-dzieci.jpg\",\"datePublished\":\"2018-01-16T11:35:58+00:00\",\"author\":{\"@id\":\"https:\\\/\\\/katarek.pl\\\/#\\\/schema\\\/person\\\/c7267555b2aaad4c6d15146a155bc430\"},\"description\":\"Zastanawiasz si\u0119 jak\u0105 pasta do z\u0119b\u00f3w dla dzieci wybra\u0107? Na rynku znajduje si\u0119 wiele rodzai. Jednak warto postawi\u0107 na te z fluorem czy bez? Sprawd\u017a w artykule!\",\"breadcrumb\":{\"@id\":\"https:\\\/\\\/katarek.pl\\\/pasta-zebow-dla-dzieci-fluorem-bez\\\/#breadcrumb\"},\"inLanguage\":\"pl-PL\",\"potentialAction\":[{\"@type\":\"ReadAction\",\"target\":[\"https:\\\/\\\/katarek.pl\\\/pasta-zebow-dla-dzieci-fluorem-bez\\\/\"]}]},{\"@type\":\"ImageObject\",\"inLanguage\":\"pl-PL\",\"@id\":\"https:\\\/\\\/katarek.pl\\\/pasta-zebow-dla-dzieci-fluorem-bez\\\/#primaryimage\",\"url\":\"https:\\\/\\\/katarek.pl\\\/wp-content\\\/uploads\\\/2018\\\/01\\\/pasta-do-zebow-dla-dzieci.jpg\",\"contentUrl\":\"https:\\\/\\\/katarek.pl\\\/wp-content\\\/uploads\\\/2018\\\/01\\\/pasta-do-zebow-dla-dzieci.jpg\",\"width\":2356,\"height\":1571,\"caption\":\"niemowlak myje z\u0119by, jaka pasta dla dzieci jest najlepsza\"},{\"@type\":\"BreadcrumbList\",\"@id\":\"https:\\\/\\\/katarek.pl\\\/pasta-zebow-dla-dzieci-fluorem-bez\\\/#breadcrumb\",\"itemListElement\":[{\"@type\":\"ListItem\",\"position\":1,\"name\":\"Home\",\"item\":\"https:\\\/\\\/katarek.pl\\\/\"},{\"@type\":\"ListItem\",\"position\":2,\"name\":\"Blog\",\"item\":\"https:\\\/\\\/katarek.pl\\\/blog\\\/\"},{\"@type\":\"ListItem\",\"position\":3,\"name\":\"Pasta do z\u0119b\u00f3w dla dzieci &#8211; z fluorem czy bez?\"}]},{\"@type\":\"WebSite\",\"@id\":\"https:\\\/\\\/katarek.pl\\\/#website\",\"url\":\"https:\\\/\\\/katarek.pl\\\/\",\"name\":\"katarek.pl\",\"description\":\"\",\"potentialAction\":[{\"@type\":\"SearchAction\",\"target\":{\"@type\":\"EntryPoint\",\"urlTemplate\":\"https:\\\/\\\/katarek.pl\\\/?s={search_term_string}\"},\"query-input\":{\"@type\":\"PropertyValueSpecification\",\"valueRequired\":true,\"valueName\":\"search_term_string\"}}],\"inLanguage\":\"pl-PL\"},{\"@type\":\"Person\",\"@id\":\"https:\\\/\\\/katarek.pl\\\/#\\\/schema\\\/person\\\/c7267555b2aaad4c6d15146a155bc430\",\"name\":\"katarek\",\"url\":\"https:\\\/\\\/katarek.pl\\\/author\\\/katarek\\\/\"}]}<\/script>\n<!-- \/ Yoast SEO plugin. -->","yoast_head_json":{"title":"Pasta do z\u0119b\u00f3w dla dzieci z fluorem czy bez? - Blog katarek.pl","description":"Zastanawiasz si\u0119 jak\u0105 pasta do z\u0119b\u00f3w dla dzieci wybra\u0107? Na rynku znajduje si\u0119 wiele rodzai. Jednak warto postawi\u0107 na te z fluorem czy bez? Sprawd\u017a w artykule!","robots":{"index":"index","follow":"follow","max-snippet":"max-snippet:-1","max-image-preview":"max-image-preview:large","max-video-preview":"max-video-preview:-1"},"canonical":"https:\/\/katarek.pl\/pasta-zebow-dla-dzieci-fluorem-bez\/","og_locale":"pl_PL","og_type":"article","og_title":"Pasta do z\u0119b\u00f3w dla dzieci z fluorem czy bez? - Blog katarek.pl","og_description":"Zastanawiasz si\u0119 jak\u0105 pasta do z\u0119b\u00f3w dla dzieci wybra\u0107? Na rynku znajduje si\u0119 wiele rodzai. Jednak warto postawi\u0107 na te z fluorem czy bez? Sprawd\u017a w artykule!","og_url":"https:\/\/katarek.pl\/pasta-zebow-dla-dzieci-fluorem-bez\/","og_site_name":"katarek.pl","article_published_time":"2018-01-16T11:35:58+00:00","og_image":[{"width":1024,"height":683,"url":"https:\/\/katarek.pl\/wp-content\/uploads\/2018\/01\/pasta-do-zebow-dla-dzieci-1024x683.jpg","type":"image\/jpeg"}],"author":"katarek","twitter_card":"summary_large_image","twitter_misc":{"Napisane przez":"katarek","Szacowany czas czytania":"3 minuty"},"schema":{"@context":"https:\/\/schema.org","@graph":[{"@type":"Article","@id":"https:\/\/katarek.pl\/pasta-zebow-dla-dzieci-fluorem-bez\/#article","isPartOf":{"@id":"https:\/\/katarek.pl\/pasta-zebow-dla-dzieci-fluorem-bez\/"},"author":{"name":"katarek","@id":"https:\/\/katarek.pl\/#\/schema\/person\/c7267555b2aaad4c6d15146a155bc430"},"headline":"Pasta do z\u0119b\u00f3w dla dzieci &#8211; z fluorem czy bez?","datePublished":"2018-01-16T11:35:58+00:00","mainEntityOfPage":{"@id":"https:\/\/katarek.pl\/pasta-zebow-dla-dzieci-fluorem-bez\/"},"wordCount":580,"commentCount":1,"image":{"@id":"https:\/\/katarek.pl\/pasta-zebow-dla-dzieci-fluorem-bez\/#primaryimage"},"thumbnailUrl":"https:\/\/katarek.pl\/wp-content\/uploads\/2018\/01\/pasta-do-zebow-dla-dzieci.jpg","articleSection":["Dziecko","Zdrowie"],"inLanguage":"pl-PL"},{"@type":"WebPage","@id":"https:\/\/katarek.pl\/pasta-zebow-dla-dzieci-fluorem-bez\/","url":"https:\/\/katarek.pl\/pasta-zebow-dla-dzieci-fluorem-bez\/","name":"Pasta do z\u0119b\u00f3w dla dzieci z fluorem czy bez? - Blog katarek.pl","isPartOf":{"@id":"https:\/\/katarek.pl\/#website"},"primaryImageOfPage":{"@id":"https:\/\/katarek.pl\/pasta-zebow-dla-dzieci-fluorem-bez\/#primaryimage"},"image":{"@id":"https:\/\/katarek.pl\/pasta-zebow-dla-dzieci-fluorem-bez\/#primaryimage"},"thumbnailUrl":"https:\/\/katarek.pl\/wp-content\/uploads\/2018\/01\/pasta-do-zebow-dla-dzieci.jpg","datePublished":"2018-01-16T11:35:58+00:00","author":{"@id":"https:\/\/katarek.pl\/#\/schema\/person\/c7267555b2aaad4c6d15146a155bc430"},"description":"Zastanawiasz si\u0119 jak\u0105 pasta do z\u0119b\u00f3w dla dzieci wybra\u0107? Na rynku znajduje si\u0119 wiele rodzai. Jednak warto postawi\u0107 na te z fluorem czy bez? Sprawd\u017a w artykule!","breadcrumb":{"@id":"https:\/\/katarek.pl\/pasta-zebow-dla-dzieci-fluorem-bez\/#breadcrumb"},"inLanguage":"pl-PL","potentialAction":[{"@type":"ReadAction","target":["https:\/\/katarek.pl\/pasta-zebow-dla-dzieci-fluorem-bez\/"]}]},{"@type":"ImageObject","inLanguage":"pl-PL","@id":"https:\/\/katarek.pl\/pasta-zebow-dla-dzieci-fluorem-bez\/#primaryimage","url":"https:\/\/katarek.pl\/wp-content\/uploads\/2018\/01\/pasta-do-zebow-dla-dzieci.jpg","contentUrl":"https:\/\/katarek.pl\/wp-content\/uploads\/2018\/01\/pasta-do-zebow-dla-dzieci.jpg","width":2356,"height":1571,"caption":"niemowlak myje z\u0119by, jaka pasta dla dzieci jest najlepsza"},{"@type":"BreadcrumbList","@id":"https:\/\/katarek.pl\/pasta-zebow-dla-dzieci-fluorem-bez\/#breadcrumb","itemListElement":[{"@type":"ListItem","position":1,"name":"Home","item":"https:\/\/katarek.pl\/"},{"@type":"ListItem","position":2,"name":"Blog","item":"https:\/\/katarek.pl\/blog\/"},{"@type":"ListItem","position":3,"name":"Pasta do z\u0119b\u00f3w dla dzieci &#8211; z fluorem czy bez?"}]},{"@type":"WebSite","@id":"https:\/\/katarek.pl\/#website","url":"https:\/\/katarek.pl\/","name":"katarek.pl","description":"","potentialAction":[{"@type":"SearchAction","target":{"@type":"EntryPoint","urlTemplate":"https:\/\/katarek.pl\/?s={search_term_string}"},"query-input":{"@type":"PropertyValueSpecification","valueRequired":true,"valueName":"search_term_string"}}],"inLanguage":"pl-PL"},{"@type":"Person","@id":"https:\/\/katarek.pl\/#\/schema\/person\/c7267555b2aaad4c6d15146a155bc430","name":"katarek","url":"https:\/\/katarek.pl\/author\/katarek\/"}]}},"acf":[],"gutenberg_blocks":[{"blockName":"custom-styles","attrs":{"styles":""}}],"meta_data":false,"featured_image":{"url":"https:\/\/katarek.pl\/wp-content\/uploads\/2018\/01\/pasta-do-zebow-dla-dzieci-1024x683.jpg"},"main_category":{"name":"Dziecko"},"prev_page":{"slug":"zakloca-sen-dziecka"},"next_page":{"slug":"niezalecane-najpopularniejsze-imiona-2017-roku"},"_links":{"self":[{"href":"https:\/\/katarek.pl\/index.php\/wp-json\/wp\/v2\/posts\/2222","targetHints":{"allow":["GET"]}}],"collection":[{"href":"https:\/\/katarek.pl\/index.php\/wp-json\/wp\/v2\/posts"}],"about":[{"href":"https:\/\/katarek.pl\/index.php\/wp-json\/wp\/v2\/types\/post"}],"author":[{"embeddable":true,"href":"https:\/\/katarek.pl\/index.php\/wp-json\/wp\/v2\/users\/7"}],"replies":[{"embeddable":true,"href":"https:\/\/katarek.pl\/index.php\/wp-json\/wp\/v2\/comments?post=2222"}],"version-history":[{"count":0,"href":"https:\/\/katarek.pl\/index.php\/wp-json\/wp\/v2\/posts\/2222\/revisions"}],"wp:featuredmedia":[{"embeddable":true,"href":"https:\/\/katarek.pl\/index.php\/wp-json\/wp\/v2\/media\/2970"}],"wp:attachment":[{"href":"https:\/\/katarek.pl\/index.php\/wp-json\/wp\/v2\/media?parent=2222"}],"wp:term":[{"taxonomy":"category","embeddable":true,"href":"https:\/\/katarek.pl\/index.php\/wp-json\/wp\/v2\/categories?post=2222"},{"taxonomy":"post_tag","embeddable":true,"href":"https:\/\/katarek.pl\/index.php\/wp-json\/wp\/v2\/tags?post=2222"}],"curies":[{"name":"wp","href":"https:\/\/api.w.org\/{rel}","templated":true}]}}