{"id":222,"date":"2016-03-15T08:30:19","date_gmt":"2016-03-15T08:30:19","guid":{"rendered":"https:\/\/katarek.pl\/blog\/?p=222"},"modified":"2016-03-15T08:30:19","modified_gmt":"2016-03-15T08:30:19","slug":"lot-samolotem-z-malym-dzieckiem","status":"publish","type":"post","link":"https:\/\/katarek.pl\/lot-samolotem-z-malym-dzieckiem\/","title":{"rendered":"Lot samolotem z ma\u0142ym dzieckiem"},"content":{"rendered":"<p><b>Podr\u00f3\u017c z dzieckiem to niesamowite prze\u017cycie dla ka\u017cdej mamy. Dopiero z czasem zdajemy sobie spraw\u0119, \u017ce im mniejsze dziecko, tym mniejszy k\u0142opot.<\/b><\/p>\n<p><!--more--><\/p>\n<p>Ja\u015b pierwszy raz lecia\u0142, maj\u0105c dwa miesi\u0105ce. Dzi\u015b ma 26 miesi\u0119cy i podr\u00f3\u017cowa\u0142 ju\u017c 18 razy!<\/p>\n<h2>Pierwszy lot z dzieckiem<\/h2>\n<p><strong>Pierwszy lot z dzieckiem<\/strong> by\u0142 najgorszy, poniewa\u017c byli\u015bmy niedoinformowani, szczeg\u00f3lnie co mo\u017cemy wzi\u0105\u0107 a czego nie. M\u00f3j m\u0105\u017c od samego wej\u015bcia na lotnisko, a\u017c do pok\u0142adu samolotu ni\u00f3s\u0142 dziecko na r\u0119kach.<\/p>\n<p>Nie wiedzieli\u015bmy wtedy, \u017ce <b>dziecku do 2 roku \u017cycia przys\u0142uguje darmowy baga\u017c w postaci fotelika samochodowego i w\u00f3zka<\/b> (w Rayanair). Dlatego koniecznie zobacz w regulaminie przewo\u017anika, z kt\u00f3rym podr\u00f3\u017cujesz, jakie macie prawa dodatkowe ze swoim maluchem!<\/p>\n<h2>Baga\u017c podr\u0119czny Mamy<\/h2>\n<p>Przygotowanie torby do samolotu to standardowo: <b>pampersy, chusteczki, pielucha tetrowa, dla maluszka dwumiesi\u0119cznego wystarczy grzechotka,<\/b> karmi\u0142am piersi\u0105 wiec nie przejmowa\u0142am si\u0119 ze pokarmu mi zabraknie, ale na wszelki wypadek <b>mia\u0142am spakowana butelk\u0119 odci\u0105gni\u0119tego mleka<\/b>. Generalnie <strong>pierwszy lot z dzieckiem<\/strong> wspominamy bardzo dobrze, poniewa\u017c Jasio tylko spa\u0142 i jad\u0142 na zmian\u0119. Jednak mamo nie zapominaj, podr\u00f3\u017c z dzieckiem, kt\u00f3re jeszcze nie siedzi, jest ci\u0119\u017cka, gdy\u017c trzymasz je ca\u0142y czas na r\u0119kach.<\/p>\n<h2>Z kolejny razem nie jest \u0142atwiej Mamo<\/h2>\n<p>Oj nie \u2026 nie my\u015bl, \u017ce do\u015bwiadczenie poprzednich lot\u00f3w Ci pomo\u017ce. <b>Ka\u017cdy kolejny lot by\u0142 ju\u017c tylko gorszy.<\/b> Kiedy m\u00f3j synek mia\u0142 5 miesi\u0119cy, polecia\u0142 po raz drugi, wtedy wiedzia\u0142am ju\u017c, \u017ce w\u00f3zek mog\u0119 mie\u0107 ze sob\u0105 a\u017c do samego ko\u0144ca, tzn. oddaje si\u0119 go przed samym odlotem samolotu. Du\u017co zale\u017cy jednak od lotniska \u2014 na jednym mo\u017cna podjecha\u0107 pod samolot, a na drugim po sprawdzeniu bilet\u00f3w trzeba go z\u0142o\u017cy\u0107. Wtedy \u00a0w jednej r\u0119ce trzymasz dziecko, w drugiej w\u00f3zek, a do tego jeszcze jakim\u015b sposobem musisz wzi\u0105\u0107 baga\u017c.<\/p>\n<p><strong>Radz\u0119 Ci: najlepiej zaopatrz si\u0119 w torb\u0119 podr\u0119czn\u0105 \u2014 plecak, wtedy problem z g\u0142owy.<\/strong><\/p>\n<h2>Lot z dzieckiem: jak maluch przyzwyczaja si\u0119 do podr\u00f3\u017cy?<\/h2>\n<p>Im Jasio by\u0142 wi\u0119kszy, tym podr\u00f3\u017ce stawa\u0142y si\u0119 ci\u0119\u017csze, gdy\u017c nie przestawa\u0142 p\u0142aka\u0107, dodatkowo nie chcia\u0142 pi\u0107 podczas startowania czy l\u0105dowania. <b>Pami\u0119taj, \u017ce picie podczas lotu zapobiega zatykaniu si\u0119 uszu u maluszka.<\/b> P\u0142aka\u0142 g\u0142o\u015bno i d\u0142ugo&#8230; Ja zestresowana spojrzeniami i komentarzami ludzi stara\u0142am si\u0119 go uspokoi\u0107 co i tak nie przynosi\u0142o \u017cadnych efekt\u00f3w&#8230; A po oceniaj\u0105cych spojrzeniach innych pasa\u017cer\u00f3w widzia\u0142am, \u017ce musz\u0119 to zrobi\u0107 jak najszybciej. Jednak jak to w podr\u00f3\u017cy bywa: \u00a0kiedy szczeg\u00f3lnie Ci zale\u017cy, Twoje dziecko nie ma najmniejszego zamiaru z Tob\u0105 wsp\u00f3\u0142pracowa\u0107.\u00a0<\/p>\n<p>Jasio przewa\u017cnie po godzinie, p\u00f3\u0142torej uspokaja\u0142 si\u0119 i usypia\u0142, ale to ju\u017c by\u0142 prawie czas l\u0105dowania &#8230; I znowu problem, \u00a0jak ja to wszystko zabior\u0119, gdy on \u015bpi? Zawsze pod g\u00f3r\u0119. Tak podr\u00f3\u017ce wygl\u0105da\u0142y gdzie\u015b do uko\u0144czenia przez Jasia roczku.<\/p>\n<p>Ok, \u017cartowa\u0142am, po roku jest troch\u0119 l\u017cej<\/p>\n<p>O ile dobrze pami\u0119tam, po tym czasie by\u0142o lepiej. P\u0142acz, na zmian\u0119 z g\u0142o\u015bnym lamentem cz\u0119\u015bciowo ust\u0105pi\u0142. Ale Jasio sta\u0142 si\u0119 bardzo ruchliwy i nie mog\u0142am go utrzyma\u0107 na kolanach, wszystko w samolocie zacz\u0119\u0142o go ciekawi\u0107. Wtedy 2-godzinny <strong>lot samolotem z dzieckiem<\/strong> trwa\u0142 dla mnie wieki. Na podr\u00f3\u017c z takim dzieckiem trzeba wzi\u0105\u0107 ze sob\u0105 du\u017co r\u00f3\u017cnego rodzaju przek\u0105sek, zabawki, ksi\u0105\u017ceczki. Tak, \u017ceby czym\u015b malucha zainteresowa\u0107.<\/p>\n<h2>Podr\u00f3\u017c samolotem z niemowlakiem \u2014 jakie dokumenty mam ze sob\u0105 zabra\u0107?<\/h2>\n<p>Potrzebny jest przede wszystkim\u00a0paszport, b\u0105d\u017a tymczasowy dow\u00f3d osobisty. Wa\u017cne jednak \u017ceby przed podr\u00f3\u017c\u0105 za\u0142o\u017cy\u0107 dla dziecka Europejska Kart\u0119 Zdrowia, kt\u00f3ra uprawnia do korzystania z opieki medycznej w innym kraju. Je\u015bli dziecko ma inne nazwisko ni\u017c matka, ojciec koniecznie musisz mie\u0107 akt urodzenia.<\/p>\n<p><b>NIE ZAPOMNIJ:<\/b><\/p>\n<ul>\n<li>DOWODU TYMCZASOWEGO DZIECKA LUB PASZPORTU<\/li>\n<li>AKTU URODZENIA, GDY DZIECKO MA INNE NAZWISKO NI\u017b OJCIEC, B\u0104D\u0179 MATKA<\/li>\n<li>WYROBI\u0106 EUROPEJSKIEJ KARTY ZDROWOTNEJ DLA DZIECKA<\/li>\n<li>SPRAWD\u0179, CO MO\u017bESZ MIE\u0106 NA LOTNISKU!<\/li>\n<\/ul>\n<h2>Podr\u00f3\u017c z samolotem z dwulatkiem<\/h2>\n<p>Z dwulatkiem podr\u00f3\u017cuje si\u0119 ci\u0119\u017cko, ale \u00a0zaczynaj\u0105 pojawia\u0107 si\u0119 plusy: coraz wi\u0119cej rozumie i potrafi skupi\u0107 swoj\u0105 uwag\u0119 na d\u0142u\u017cej. Najlepiej gdy znajdzie kole\u017cank\u0119 b\u0105d\u017a koleg\u0119. We dwoje zawsze jest ra\u017aniej, a i mama b\u0119dzie mniej si\u0119 stresowa\u0107!<\/p>\n<p>Z moich do\u015bwiadcze\u0144 wynika, \u017ce bardzo du\u017cy wp\u0142yw na to jak przebiega lot z dzieckiem ma chyba godzina lotu. Wczesno poranne i p\u00f3\u017ano wieczorne dla dziecka s\u0105 bardzo ci\u0119\u017ckie, dlatego lepiej decydowa\u0107 si\u0119 na podr\u00f3\u017c w ci\u0105gu dnia.<\/p>\n<h2>Co zrobi\u0107 gdy inni pasa\u017cerowie maj\u0105 Ci\u0119 za wyrodn\u0105 matk\u0119?<\/h2>\n<p>Po dw\u00f3ch latach podr\u00f3\u017cowania z dzieckiem i r\u00f3\u017cnych prze\u017cyciach mog\u0119 \u015bmia\u0142o napisa\u0107, \u017ce <b>nie nale\u017cy si\u0119 przejmowa\u0107 spojrzeniami i komentarzami innych pasa\u017cer\u00f3w.<\/b> To dziecko jest najwa\u017cniejsze, pami\u0119taj o tym. A my, chocia\u017c staramy si\u0119, \u017ceby podr\u00f3\u017c dla niego przebieg\u0142a jak najlepiej to i tak nie mamy wp\u0142ywu na to jak b\u0119dzie. Pasa\u017cerowie oceniaj\u0105cy Ci\u0119 jako najgorsz\u0105 matk\u0119 na \u015bwiecie to na szcz\u0119\u015bcie niejedyna grupa w samolocie. Oczywi\u015bcie jest te\u017c ca\u0142e mn\u00f3stwo os\u00f3b przyjaznych i pomocnych.<\/p>\n<p>Zdarzy\u0142o \u00a0mi si\u0119, \u017ce podczas<strong> lotu z dzieckiem<\/strong> pewna pani trzyma\u0142a Jasia na swoich r\u0119kach przez 1,5 h lotu (tak to mo\u017cliwe!). U mnie nie m\u00f3g\u0142 si\u0119 uspokoi\u0107 i przesta\u0107 p\u0142aka\u0107. Ta kobieta zapyta\u0142a mnie po jakim\u015b czasie czy mo\u017ce go wzi\u0105\u0107, kiedy jej go poda\u0142am, Ja\u015b ju\u017c po chwili uspokoi\u0142 si\u0119 i przesta\u0142 p\u0142aka\u0107. Pani na szcz\u0119\u015bcie si\u0119 spodoba\u0142o i zaproponowa\u0142a, \u017ce b\u0119dzie go trzyma\u0107 do ko\u0144ca podr\u00f3\u017cy. C\u00f3\u017c mia\u0142am zrobi\u0107? Nie p\u0142acze, jest bezpieczny, ca\u0142y czas go widz\u0119, to dlaczego nie? Dziecko spokojne to i mama spokojniejsza.<\/p>\n<p><strong>P\u00f3ki co tak wygl\u0105daj\u0105 moje wspomnienia z dw\u00f3ch lat podr\u00f3\u017cowania, ciekawe jak b\u0119dzie dalej.<\/strong><\/p>\n<p>A jakie s\u0105 Wasze wspomnienia z podr\u00f3\u017cy z maluchem?<\/p>\n<p>Autorka<\/p>\n<p><em>Anna Zi\u00f3\u0142ek (@aniaziolek)<\/em>, mama 2-letniego Jasia<\/p>\n","protected":false},"excerpt":"Podr\u00f3\u017c z dzieckiem to niesamowite prze\u017cycie dla ka\u017cdej mamy. Dopiero z czasem zdajemy sobie spraw\u0119, \u017ce im mniejsze dziecko, tym mniejszy k\u0142opot.","author":7,"featured_media":2923,"comment_status":"open","ping_status":"open","sticky":false,"template":"","format":"standard","meta":{"_acf_changed":false,"inline_featured_image":false,"editor_plus_copied_stylings":"{}","footnotes":""},"categories":[28],"tags":[],"class_list":["post-222","post","type-post","status-publish","format-standard","has-post-thumbnail","hentry","category-dziecko"],"yoast_head":"<!-- This site is optimized with the Yoast SEO plugin v27.4 - https:\/\/yoast.com\/product\/yoast-seo-wordpress\/ -->\n<title>Podr\u00f3\u017c samolotem z niemowlakiem. Lot z dzieckiem a katar \u2014 blog Katarek<\/title>\n<meta name=\"description\" content=\"Podr\u00f3\u017c z dzieckiem to niesamowite prze\u017cycie dla ka\u017cdej mamy. Jak przygotowa\u0107 si\u0119 do podr\u00f3\u017cy z maluchem i zadba\u0107 o jego komfort? - Podpowiadamy!\" \/>\n<meta name=\"robots\" content=\"index, follow, max-snippet:-1, max-image-preview:large, max-video-preview:-1\" \/>\n<link rel=\"canonical\" href=\"https:\/\/katarek.pl\/lot-samolotem-z-malym-dzieckiem\/\" \/>\n<meta property=\"og:locale\" content=\"pl_PL\" \/>\n<meta property=\"og:type\" content=\"article\" \/>\n<meta property=\"og:title\" content=\"Podr\u00f3\u017c samolotem z niemowlakiem. Lot z dzieckiem a katar \u2014 blog Katarek\" \/>\n<meta property=\"og:description\" content=\"Podr\u00f3\u017c z dzieckiem to niesamowite prze\u017cycie dla ka\u017cdej mamy. Jak przygotowa\u0107 si\u0119 do podr\u00f3\u017cy z maluchem i zadba\u0107 o jego komfort? - Podpowiadamy!\" \/>\n<meta property=\"og:url\" content=\"https:\/\/katarek.pl\/lot-samolotem-z-malym-dzieckiem\/\" \/>\n<meta property=\"og:site_name\" content=\"katarek.pl\" \/>\n<meta property=\"article:published_time\" content=\"2016-03-15T08:30:19+00:00\" \/>\n<meta property=\"og:image\" content=\"https:\/\/katarek.pl\/wp-content\/uploads\/2016\/03\/pierwszy-lot-dziecka.jpg\" \/>\n\t<meta property=\"og:image:width\" content=\"2356\" \/>\n\t<meta property=\"og:image:height\" content=\"1571\" \/>\n\t<meta property=\"og:image:type\" content=\"image\/jpeg\" \/>\n<meta name=\"author\" content=\"katarek\" \/>\n<meta name=\"twitter:card\" content=\"summary_large_image\" \/>\n<meta name=\"twitter:label1\" content=\"Napisane przez\" \/>\n\t<meta name=\"twitter:data1\" content=\"katarek\" \/>\n\t<meta name=\"twitter:label2\" content=\"Szacowany czas czytania\" \/>\n\t<meta name=\"twitter:data2\" content=\"5 minut\" \/>\n<script type=\"application\/ld+json\" class=\"yoast-schema-graph\">{\"@context\":\"https:\\\/\\\/schema.org\",\"@graph\":[{\"@type\":\"Article\",\"@id\":\"https:\\\/\\\/katarek.pl\\\/lot-samolotem-z-malym-dzieckiem\\\/#article\",\"isPartOf\":{\"@id\":\"https:\\\/\\\/katarek.pl\\\/lot-samolotem-z-malym-dzieckiem\\\/\"},\"author\":{\"name\":\"katarek\",\"@id\":\"https:\\\/\\\/katarek.pl\\\/#\\\/schema\\\/person\\\/c7267555b2aaad4c6d15146a155bc430\"},\"headline\":\"Lot samolotem z ma\u0142ym dzieckiem\",\"datePublished\":\"2016-03-15T08:30:19+00:00\",\"mainEntityOfPage\":{\"@id\":\"https:\\\/\\\/katarek.pl\\\/lot-samolotem-z-malym-dzieckiem\\\/\"},\"wordCount\":1032,\"commentCount\":4,\"image\":{\"@id\":\"https:\\\/\\\/katarek.pl\\\/lot-samolotem-z-malym-dzieckiem\\\/#primaryimage\"},\"thumbnailUrl\":\"https:\\\/\\\/katarek.pl\\\/wp-content\\\/uploads\\\/2016\\\/03\\\/pierwszy-lot-dziecka.jpg\",\"articleSection\":[\"Dziecko\"],\"inLanguage\":\"pl-PL\"},{\"@type\":\"WebPage\",\"@id\":\"https:\\\/\\\/katarek.pl\\\/lot-samolotem-z-malym-dzieckiem\\\/\",\"url\":\"https:\\\/\\\/katarek.pl\\\/lot-samolotem-z-malym-dzieckiem\\\/\",\"name\":\"Podr\u00f3\u017c samolotem z niemowlakiem. Lot z dzieckiem a katar \u2014 blog Katarek\",\"isPartOf\":{\"@id\":\"https:\\\/\\\/katarek.pl\\\/#website\"},\"primaryImageOfPage\":{\"@id\":\"https:\\\/\\\/katarek.pl\\\/lot-samolotem-z-malym-dzieckiem\\\/#primaryimage\"},\"image\":{\"@id\":\"https:\\\/\\\/katarek.pl\\\/lot-samolotem-z-malym-dzieckiem\\\/#primaryimage\"},\"thumbnailUrl\":\"https:\\\/\\\/katarek.pl\\\/wp-content\\\/uploads\\\/2016\\\/03\\\/pierwszy-lot-dziecka.jpg\",\"datePublished\":\"2016-03-15T08:30:19+00:00\",\"author\":{\"@id\":\"https:\\\/\\\/katarek.pl\\\/#\\\/schema\\\/person\\\/c7267555b2aaad4c6d15146a155bc430\"},\"description\":\"Podr\u00f3\u017c z dzieckiem to niesamowite prze\u017cycie dla ka\u017cdej mamy. Jak przygotowa\u0107 si\u0119 do podr\u00f3\u017cy z maluchem i zadba\u0107 o jego komfort? - Podpowiadamy!\",\"breadcrumb\":{\"@id\":\"https:\\\/\\\/katarek.pl\\\/lot-samolotem-z-malym-dzieckiem\\\/#breadcrumb\"},\"inLanguage\":\"pl-PL\",\"potentialAction\":[{\"@type\":\"ReadAction\",\"target\":[\"https:\\\/\\\/katarek.pl\\\/lot-samolotem-z-malym-dzieckiem\\\/\"]}]},{\"@type\":\"ImageObject\",\"inLanguage\":\"pl-PL\",\"@id\":\"https:\\\/\\\/katarek.pl\\\/lot-samolotem-z-malym-dzieckiem\\\/#primaryimage\",\"url\":\"https:\\\/\\\/katarek.pl\\\/wp-content\\\/uploads\\\/2016\\\/03\\\/pierwszy-lot-dziecka.jpg\",\"contentUrl\":\"https:\\\/\\\/katarek.pl\\\/wp-content\\\/uploads\\\/2016\\\/03\\\/pierwszy-lot-dziecka.jpg\",\"width\":2356,\"height\":1571,\"caption\":\"lot z dzieckiem\"},{\"@type\":\"BreadcrumbList\",\"@id\":\"https:\\\/\\\/katarek.pl\\\/lot-samolotem-z-malym-dzieckiem\\\/#breadcrumb\",\"itemListElement\":[{\"@type\":\"ListItem\",\"position\":1,\"name\":\"Home\",\"item\":\"https:\\\/\\\/katarek.pl\\\/\"},{\"@type\":\"ListItem\",\"position\":2,\"name\":\"Blog\",\"item\":\"https:\\\/\\\/katarek.pl\\\/blog\\\/\"},{\"@type\":\"ListItem\",\"position\":3,\"name\":\"Lot samolotem z ma\u0142ym dzieckiem\"}]},{\"@type\":\"WebSite\",\"@id\":\"https:\\\/\\\/katarek.pl\\\/#website\",\"url\":\"https:\\\/\\\/katarek.pl\\\/\",\"name\":\"katarek.pl\",\"description\":\"\",\"potentialAction\":[{\"@type\":\"SearchAction\",\"target\":{\"@type\":\"EntryPoint\",\"urlTemplate\":\"https:\\\/\\\/katarek.pl\\\/?s={search_term_string}\"},\"query-input\":{\"@type\":\"PropertyValueSpecification\",\"valueRequired\":true,\"valueName\":\"search_term_string\"}}],\"inLanguage\":\"pl-PL\"},{\"@type\":\"Person\",\"@id\":\"https:\\\/\\\/katarek.pl\\\/#\\\/schema\\\/person\\\/c7267555b2aaad4c6d15146a155bc430\",\"name\":\"katarek\",\"url\":\"https:\\\/\\\/katarek.pl\\\/author\\\/katarek\\\/\"}]}<\/script>\n<!-- \/ Yoast SEO plugin. -->","yoast_head_json":{"title":"Podr\u00f3\u017c samolotem z niemowlakiem. Lot z dzieckiem a katar \u2014 blog Katarek","description":"Podr\u00f3\u017c z dzieckiem to niesamowite prze\u017cycie dla ka\u017cdej mamy. Jak przygotowa\u0107 si\u0119 do podr\u00f3\u017cy z maluchem i zadba\u0107 o jego komfort? - Podpowiadamy!","robots":{"index":"index","follow":"follow","max-snippet":"max-snippet:-1","max-image-preview":"max-image-preview:large","max-video-preview":"max-video-preview:-1"},"canonical":"https:\/\/katarek.pl\/lot-samolotem-z-malym-dzieckiem\/","og_locale":"pl_PL","og_type":"article","og_title":"Podr\u00f3\u017c samolotem z niemowlakiem. Lot z dzieckiem a katar \u2014 blog Katarek","og_description":"Podr\u00f3\u017c z dzieckiem to niesamowite prze\u017cycie dla ka\u017cdej mamy. Jak przygotowa\u0107 si\u0119 do podr\u00f3\u017cy z maluchem i zadba\u0107 o jego komfort? - Podpowiadamy!","og_url":"https:\/\/katarek.pl\/lot-samolotem-z-malym-dzieckiem\/","og_site_name":"katarek.pl","article_published_time":"2016-03-15T08:30:19+00:00","og_image":[{"width":2356,"height":1571,"url":"https:\/\/katarek.pl\/wp-content\/uploads\/2016\/03\/pierwszy-lot-dziecka.jpg","type":"image\/jpeg"}],"author":"katarek","twitter_card":"summary_large_image","twitter_misc":{"Napisane przez":"katarek","Szacowany czas czytania":"5 minut"},"schema":{"@context":"https:\/\/schema.org","@graph":[{"@type":"Article","@id":"https:\/\/katarek.pl\/lot-samolotem-z-malym-dzieckiem\/#article","isPartOf":{"@id":"https:\/\/katarek.pl\/lot-samolotem-z-malym-dzieckiem\/"},"author":{"name":"katarek","@id":"https:\/\/katarek.pl\/#\/schema\/person\/c7267555b2aaad4c6d15146a155bc430"},"headline":"Lot samolotem z ma\u0142ym dzieckiem","datePublished":"2016-03-15T08:30:19+00:00","mainEntityOfPage":{"@id":"https:\/\/katarek.pl\/lot-samolotem-z-malym-dzieckiem\/"},"wordCount":1032,"commentCount":4,"image":{"@id":"https:\/\/katarek.pl\/lot-samolotem-z-malym-dzieckiem\/#primaryimage"},"thumbnailUrl":"https:\/\/katarek.pl\/wp-content\/uploads\/2016\/03\/pierwszy-lot-dziecka.jpg","articleSection":["Dziecko"],"inLanguage":"pl-PL"},{"@type":"WebPage","@id":"https:\/\/katarek.pl\/lot-samolotem-z-malym-dzieckiem\/","url":"https:\/\/katarek.pl\/lot-samolotem-z-malym-dzieckiem\/","name":"Podr\u00f3\u017c samolotem z niemowlakiem. Lot z dzieckiem a katar \u2014 blog Katarek","isPartOf":{"@id":"https:\/\/katarek.pl\/#website"},"primaryImageOfPage":{"@id":"https:\/\/katarek.pl\/lot-samolotem-z-malym-dzieckiem\/#primaryimage"},"image":{"@id":"https:\/\/katarek.pl\/lot-samolotem-z-malym-dzieckiem\/#primaryimage"},"thumbnailUrl":"https:\/\/katarek.pl\/wp-content\/uploads\/2016\/03\/pierwszy-lot-dziecka.jpg","datePublished":"2016-03-15T08:30:19+00:00","author":{"@id":"https:\/\/katarek.pl\/#\/schema\/person\/c7267555b2aaad4c6d15146a155bc430"},"description":"Podr\u00f3\u017c z dzieckiem to niesamowite prze\u017cycie dla ka\u017cdej mamy. Jak przygotowa\u0107 si\u0119 do podr\u00f3\u017cy z maluchem i zadba\u0107 o jego komfort? - Podpowiadamy!","breadcrumb":{"@id":"https:\/\/katarek.pl\/lot-samolotem-z-malym-dzieckiem\/#breadcrumb"},"inLanguage":"pl-PL","potentialAction":[{"@type":"ReadAction","target":["https:\/\/katarek.pl\/lot-samolotem-z-malym-dzieckiem\/"]}]},{"@type":"ImageObject","inLanguage":"pl-PL","@id":"https:\/\/katarek.pl\/lot-samolotem-z-malym-dzieckiem\/#primaryimage","url":"https:\/\/katarek.pl\/wp-content\/uploads\/2016\/03\/pierwszy-lot-dziecka.jpg","contentUrl":"https:\/\/katarek.pl\/wp-content\/uploads\/2016\/03\/pierwszy-lot-dziecka.jpg","width":2356,"height":1571,"caption":"lot z dzieckiem"},{"@type":"BreadcrumbList","@id":"https:\/\/katarek.pl\/lot-samolotem-z-malym-dzieckiem\/#breadcrumb","itemListElement":[{"@type":"ListItem","position":1,"name":"Home","item":"https:\/\/katarek.pl\/"},{"@type":"ListItem","position":2,"name":"Blog","item":"https:\/\/katarek.pl\/blog\/"},{"@type":"ListItem","position":3,"name":"Lot samolotem z ma\u0142ym dzieckiem"}]},{"@type":"WebSite","@id":"https:\/\/katarek.pl\/#website","url":"https:\/\/katarek.pl\/","name":"katarek.pl","description":"","potentialAction":[{"@type":"SearchAction","target":{"@type":"EntryPoint","urlTemplate":"https:\/\/katarek.pl\/?s={search_term_string}"},"query-input":{"@type":"PropertyValueSpecification","valueRequired":true,"valueName":"search_term_string"}}],"inLanguage":"pl-PL"},{"@type":"Person","@id":"https:\/\/katarek.pl\/#\/schema\/person\/c7267555b2aaad4c6d15146a155bc430","name":"katarek","url":"https:\/\/katarek.pl\/author\/katarek\/"}]}},"acf":[],"gutenberg_blocks":[{"blockName":"custom-styles","attrs":{"styles":""}}],"meta_data":false,"featured_image":{"url":"https:\/\/katarek.pl\/wp-content\/uploads\/2016\/03\/pierwszy-lot-dziecka-1024x683.jpg"},"main_category":{"name":"Dziecko"},"prev_page":{"slug":"sposoby-na-odstawienie-dziecka-od-piersi"},"next_page":{"slug":"co-zrobic-gdy-dziecko-przeklina"},"_links":{"self":[{"href":"https:\/\/katarek.pl\/index.php\/wp-json\/wp\/v2\/posts\/222","targetHints":{"allow":["GET"]}}],"collection":[{"href":"https:\/\/katarek.pl\/index.php\/wp-json\/wp\/v2\/posts"}],"about":[{"href":"https:\/\/katarek.pl\/index.php\/wp-json\/wp\/v2\/types\/post"}],"author":[{"embeddable":true,"href":"https:\/\/katarek.pl\/index.php\/wp-json\/wp\/v2\/users\/7"}],"replies":[{"embeddable":true,"href":"https:\/\/katarek.pl\/index.php\/wp-json\/wp\/v2\/comments?post=222"}],"version-history":[{"count":0,"href":"https:\/\/katarek.pl\/index.php\/wp-json\/wp\/v2\/posts\/222\/revisions"}],"wp:featuredmedia":[{"embeddable":true,"href":"https:\/\/katarek.pl\/index.php\/wp-json\/wp\/v2\/media\/2923"}],"wp:attachment":[{"href":"https:\/\/katarek.pl\/index.php\/wp-json\/wp\/v2\/media?parent=222"}],"wp:term":[{"taxonomy":"category","embeddable":true,"href":"https:\/\/katarek.pl\/index.php\/wp-json\/wp\/v2\/categories?post=222"},{"taxonomy":"post_tag","embeddable":true,"href":"https:\/\/katarek.pl\/index.php\/wp-json\/wp\/v2\/tags?post=222"}],"curies":[{"name":"wp","href":"https:\/\/api.w.org\/{rel}","templated":true}]}}