{"id":2218,"date":"2017-07-11T08:58:35","date_gmt":"2017-07-11T06:58:35","guid":{"rendered":"https:\/\/katarek.pl\/blog\/?p=894"},"modified":"2025-09-26T14:45:50","modified_gmt":"2025-09-26T12:45:50","slug":"filtry-dla-dziecka","status":"publish","type":"post","link":"https:\/\/katarek.pl\/filtry-dla-dziecka\/","title":{"rendered":"Filtry dla dziecka. Jak d\u0142ugo wolno przebywa\u0107 dziecku na s\u0142o\u0144cu?"},"content":{"rendered":"<p><strong>W ostatnim czasie du\u017co si\u0119 m\u00f3wi<a href=\"https:\/\/katarek.pl\/blog\/witamina-d-niedobor\/\"> o znaczeniu witaminy D<\/a> dla zdrowia. Lekarze alarmuj\u0105, \u017ce sp\u0119dzamy za ma\u0142o czasu na s\u0142o\u0144cu, w zwi\u0105zku z czym przez wi\u0119kszo\u015b\u0107 cz\u0119\u015b\u0107 roku cierpimy na deficyty \u201es\u0142onecznej witaminy\u201d. Tymczasem w\u0142a\u015bnie rozpocz\u0119\u0142o si\u0119 lato, a wi\u0119c s\u0142o\u0144ca mamy pod dostatkiem. O tej porze roku jest go na tyle du\u017co, \u017ce pojawia si\u0119 problem zupe\u0142nie odwrotny \u2013 zamiast deficytu mamy nadmiar, a w konsekwencji poparzenia. My, doro\u015bli, nie ulegamy im a\u017c tak \u0142atwo, inaczej jest z dzie\u0107mi. Jak d\u0142ugo na s\u0142o\u0144cu mo\u017ce przebywa\u0107 twoja pociecha, by by\u0142o to dla niej w pe\u0142ni bezpieczne?<\/strong> <!--more--><\/p>\n<p>O tym, \u017ce dzieci\u0119ca sk\u00f3ra jest bardzo wra\u017cliwa, chyba nie musz\u0119 ci\u0119 specjalnie przekonywa\u0107. Pomy\u015bl sama, ile uwagi po\u015bwi\u0119casz jej piel\u0119gnacji podczas codziennych k\u0105pieli i przewijania. Ma\u0142e dziecko nie mo\u017ce si\u0119 opala\u0107. Pami\u0119taj jednak, \u017ce ochrona przed opalenizn\u0105 to nie wszystko. To, \u017ce sk\u00f3ra twojego maluszka pozostaje blada, nie oznacza pe\u0142ni bezpiecze\u0144stwa.<\/p>\n<h2>Nie wychod\u017a z male\u0144stwem w samo po\u0142udnie!<\/h2>\n<p>Dlaczego? Za zaczerwienie sk\u00f3ry przechodz\u0105ce nast\u0119pnie w z\u0142ocist\u0105 opalenizn\u0119 odpowiadaj\u0105 promienie UVB. Jednak gro\u017aniejsze od nich s\u0105 promienie UVA. Dzia\u0142aj\u0105 nie tylko powierzchniowo, ale wnikaj\u0105 te\u017c w g\u0142\u0105b sk\u00f3ry, powoduj\u0105c trwa\u0142e uszkodzenia. Nie zostawiaj\u0105 przy tym \u017cadnych zauwa\u017calnych go\u0142ym okiem \u015blad\u00f3w \u2013 s\u0105 podst\u0119pne, szkodz\u0105 zdrowiu, gdy my \u2013 niczego nie\u015bwiadomi \u2013 beztrosko bawimy si\u0119 z dzie\u0107mi na s\u0142o\u0144cu.<\/p>\n<p>Aby zapewni\u0107 dziecku wystarczaj\u0105cy poziom produkowanej przez sk\u00f3r\u0119 witaminy D, wystarczy, by zabiera\u0107 je na zewn\u0105trz\u2026 tylko raz na pi\u0119\u0107 dni w godzinach od 10 do 14, na zaledwie 10-20 minut! Latem przed wyj\u015bciem z domu nale\u017cy smarowa\u0107 sk\u00f3r\u0119 dziecka kremem z wysokim filtrem. Taki kosmetyk nie blokuje ca\u0142kowicie dost\u0119pu promieni s\u0142onecznych do sk\u00f3ry. W pochmurne dni wystarczy nie posmarowa\u0107 mniej wra\u017cliwego kawa\u0142ka sk\u00f3ry dziecka \u2013 dzi\u0119ki temu s\u0142o\u0144ce zrobi swoje, a jednocze\u015bnie nie zaszkodzi.<\/p>\n<h2>Filtry dla dziecka &#8211; mineralny czy chemiczny?<\/h2>\n<ul>\n<li>UVB- odpowiada za opalenizn\u0119 i oparzenia<\/li>\n<li>UVA- wnika g\u0142\u0119boko w kolagen, powoduje nieodwracalne zmiany odpowiedzialne za nowotwory sk\u00f3ry<\/li>\n<li>Filtry mineralne s\u0105 trwalsze ni\u017c chemiczne<\/li>\n<li>Filtry mineralne odbijaj\u0105 promienie s\u0142oneczne niczym lustro, chemiczne je poch\u0142aniaj\u0105<\/li>\n<li>Filtry chemiczne musisz nak\u0142ada\u0107 30 min przed wyj\u015bciem, mineralne, tu\u017c przed<\/li>\n<\/ul>\n<p>Spos\u00f3b post\u0119powania zale\u017cy te\u017c od wieku dziecka. Maluszk\u00f3w do 6. miesi\u0105ca \u017cycia nie trzeba smarowa\u0107 kremem z filtrem, bo zabezpiecza si\u0119 je w inny spos\u00f3b. Dziecko powinno le\u017ce\u0107 w w\u00f3zku z parasolk\u0105 przeciws\u0142oneczn\u0105 w zacienionym miejscu. Wi\u0119ksze dziecko to ju\u017c (jak mawiaj\u0105) wi\u0119kszy problem. Trudno zmusi\u0107 je do siedzenia w jednym miejscu, dlatego podczas zabawy na s\u0142o\u0144cu powinno mie\u0107 na sobie koszulk\u0119 z kr\u00f3tkim r\u0119kawkiem, spodenki oraz koniecznie nakrycie g\u0142owy. Najlepszy b\u0119dzie kapelusz, bo szerokie rondo ochroni tak\u017ce twarz i oczy dziecka. Oczywi\u015bcie niezas\u0142oni\u0119te przez ubranie cz\u0119\u015bci cia\u0142a smarujemy kremem ochronnym. Robimy to jednak na p\u00f3\u0142 godziny przed wyj\u015bciem z domu, nie dopiero na podw\u00f3rku czy na pla\u017cy. Zabieg powtarzamy mniej wi\u0119cej co 2 godziny i po ka\u017cdym wyj\u015bciu malucha z wody.<\/p>\n<p>20 minut s\u0142o\u0144ca co pi\u0119\u0107 dni to oczywi\u015bcie tylko teoria, wynik u\u015bredniony. Latem nie zabronimy przecie\u017c maluchowi zabaw na \u015bwie\u017cym powietrzu! Jednak przebywania na s\u0142o\u0144cu w ciep\u0142e dni lepiej wystrzega\u0107 si\u0119 we wskazanych godzinach \u2013 od 10 do 14. W\u00f3wczas promienie s\u0105 najsilniejsze i nawet krem mo\u017ce okaza\u0107 si\u0119 niewystarczaj\u0105c\u0105 ochron\u0105.<\/p>\n<p><strong>Pami\u0119taj, \u017ce letnie s\u0142o\u0144ce zagra\u017ca nie tylko sk\u00f3rze. Zbyt d\u0142uga ekspozycja mo\u017ce skutkowa\u0107 odwodnieniem, og\u00f3lnym os\u0142abieniem, b\u00f3lem g\u0142owy<\/strong>. Zredukuj czas przebywania dziecka na s\u0142o\u0144cu, je\u015bli co\u015b mu dolega, a ju\u017c zw\u0142aszcza, gdy jest przezi\u0119bione. Latem infekcje te\u017c si\u0119 zdarzaj\u0105, a suche, gor\u0105ce powietrze wcale nie wspomaga leczenia <a href=\"https:\/\/katarek.pl\/blog\/dziecko-nie-moze-spac-przez-katar\/\">zatkanego nosa u dziecka.<\/a><\/p>\n","protected":false},"excerpt":"W ostatnim czasie du\u017co si\u0119 m\u00f3wi o znaczeniu witaminy D dla zdrowia. Lekarze alarmuj\u0105, \u017ce sp\u0119dzamy za ma\u0142o czasu na s\u0142o\u0144cu, w zwi\u0105zku z czym przez wi\u0119kszo\u015b\u0107 cz\u0119\u015b\u0107 roku cierpimy na deficyty \u201es\u0142onecznej witaminy\u201d. Tymczasem w\u0142a\u015bnie rozpocz\u0119\u0142o si\u0119 lato, a wi\u0119c s\u0142o\u0144ca mamy pod dostatkiem. O tej porze roku jest go na tyle du\u017co, \u017ce [&hellip;]","author":7,"featured_media":895,"comment_status":"open","ping_status":"open","sticky":false,"template":"","format":"standard","meta":{"_acf_changed":false,"inline_featured_image":false,"editor_plus_copied_stylings":"{}","footnotes":""},"categories":[28,41],"tags":[],"class_list":["post-2218","post","type-post","status-publish","format-standard","has-post-thumbnail","hentry","category-dziecko","category-zdrowie-dziecko"],"yoast_head":"<!-- This site is optimized with the Yoast SEO plugin v27.4 - https:\/\/yoast.com\/product\/yoast-seo-wordpress\/ -->\n<title>Filtry dla dziecka. Jak d\u0142ugo wolno przebywa\u0107 dziecku na s\u0142o\u0144cu? - katarek.pl<\/title>\n<meta name=\"description\" content=\"Filtry do aspiratora Katarek - dlaczego ich stosowanie jest tak wa\u017cne? Zapewnij higien\u0119 i bezpiecze\u0144stwo podczas odci\u0105gania kataru. Dowiedz si\u0119 wi\u0119cej!\" \/>\n<meta name=\"robots\" content=\"index, follow, max-snippet:-1, max-image-preview:large, max-video-preview:-1\" \/>\n<link rel=\"canonical\" href=\"https:\/\/katarek.pl\/filtry-dla-dziecka\/\" \/>\n<meta property=\"og:locale\" content=\"pl_PL\" \/>\n<meta property=\"og:type\" content=\"article\" \/>\n<meta property=\"og:title\" content=\"Filtry dla dziecka. Jak d\u0142ugo wolno przebywa\u0107 dziecku na s\u0142o\u0144cu? - katarek.pl\" \/>\n<meta property=\"og:description\" content=\"Filtry do aspiratora Katarek - dlaczego ich stosowanie jest tak wa\u017cne? Zapewnij higien\u0119 i bezpiecze\u0144stwo podczas odci\u0105gania kataru. Dowiedz si\u0119 wi\u0119cej!\" \/>\n<meta property=\"og:url\" content=\"https:\/\/katarek.pl\/filtry-dla-dziecka\/\" \/>\n<meta property=\"og:site_name\" content=\"katarek.pl\" \/>\n<meta property=\"article:published_time\" content=\"2017-07-11T06:58:35+00:00\" \/>\n<meta property=\"article:modified_time\" content=\"2025-09-26T12:45:50+00:00\" \/>\n<meta property=\"og:image\" content=\"https:\/\/katarek.pl\/wp-content\/uploads\/2017\/07\/filtry-dla-dzieci.jpg\" \/>\n\t<meta property=\"og:image:width\" content=\"2225\" \/>\n\t<meta property=\"og:image:height\" content=\"1663\" \/>\n\t<meta property=\"og:image:type\" content=\"image\/jpeg\" \/>\n<meta name=\"author\" content=\"katarek\" \/>\n<meta name=\"twitter:card\" content=\"summary_large_image\" \/>\n<meta name=\"twitter:label1\" content=\"Napisane przez\" \/>\n\t<meta name=\"twitter:data1\" content=\"katarek\" \/>\n\t<meta name=\"twitter:label2\" content=\"Szacowany czas czytania\" \/>\n\t<meta name=\"twitter:data2\" content=\"4 minuty\" \/>\n<script type=\"application\/ld+json\" class=\"yoast-schema-graph\">{\"@context\":\"https:\\\/\\\/schema.org\",\"@graph\":[{\"@type\":\"Article\",\"@id\":\"https:\\\/\\\/katarek.pl\\\/filtry-dla-dziecka\\\/#article\",\"isPartOf\":{\"@id\":\"https:\\\/\\\/katarek.pl\\\/filtry-dla-dziecka\\\/\"},\"author\":{\"name\":\"katarek\",\"@id\":\"https:\\\/\\\/katarek.pl\\\/#\\\/schema\\\/person\\\/c7267555b2aaad4c6d15146a155bc430\"},\"headline\":\"Filtry dla dziecka. Jak d\u0142ugo wolno przebywa\u0107 dziecku na s\u0142o\u0144cu?\",\"datePublished\":\"2017-07-11T06:58:35+00:00\",\"dateModified\":\"2025-09-26T12:45:50+00:00\",\"mainEntityOfPage\":{\"@id\":\"https:\\\/\\\/katarek.pl\\\/filtry-dla-dziecka\\\/\"},\"wordCount\":704,\"commentCount\":0,\"image\":{\"@id\":\"https:\\\/\\\/katarek.pl\\\/filtry-dla-dziecka\\\/#primaryimage\"},\"thumbnailUrl\":\"https:\\\/\\\/katarek.pl\\\/wp-content\\\/uploads\\\/2017\\\/07\\\/filtry-dla-dzieci.jpg\",\"articleSection\":[\"Dziecko\",\"Zdrowie\"],\"inLanguage\":\"pl-PL\"},{\"@type\":\"WebPage\",\"@id\":\"https:\\\/\\\/katarek.pl\\\/filtry-dla-dziecka\\\/\",\"url\":\"https:\\\/\\\/katarek.pl\\\/filtry-dla-dziecka\\\/\",\"name\":\"Filtry dla dziecka. Jak d\u0142ugo wolno przebywa\u0107 dziecku na s\u0142o\u0144cu? - katarek.pl\",\"isPartOf\":{\"@id\":\"https:\\\/\\\/katarek.pl\\\/#website\"},\"primaryImageOfPage\":{\"@id\":\"https:\\\/\\\/katarek.pl\\\/filtry-dla-dziecka\\\/#primaryimage\"},\"image\":{\"@id\":\"https:\\\/\\\/katarek.pl\\\/filtry-dla-dziecka\\\/#primaryimage\"},\"thumbnailUrl\":\"https:\\\/\\\/katarek.pl\\\/wp-content\\\/uploads\\\/2017\\\/07\\\/filtry-dla-dzieci.jpg\",\"datePublished\":\"2017-07-11T06:58:35+00:00\",\"dateModified\":\"2025-09-26T12:45:50+00:00\",\"author\":{\"@id\":\"https:\\\/\\\/katarek.pl\\\/#\\\/schema\\\/person\\\/c7267555b2aaad4c6d15146a155bc430\"},\"description\":\"Filtry do aspiratora Katarek - dlaczego ich stosowanie jest tak wa\u017cne? Zapewnij higien\u0119 i bezpiecze\u0144stwo podczas odci\u0105gania kataru. Dowiedz si\u0119 wi\u0119cej!\",\"breadcrumb\":{\"@id\":\"https:\\\/\\\/katarek.pl\\\/filtry-dla-dziecka\\\/#breadcrumb\"},\"inLanguage\":\"pl-PL\",\"potentialAction\":[{\"@type\":\"ReadAction\",\"target\":[\"https:\\\/\\\/katarek.pl\\\/filtry-dla-dziecka\\\/\"]}]},{\"@type\":\"ImageObject\",\"inLanguage\":\"pl-PL\",\"@id\":\"https:\\\/\\\/katarek.pl\\\/filtry-dla-dziecka\\\/#primaryimage\",\"url\":\"https:\\\/\\\/katarek.pl\\\/wp-content\\\/uploads\\\/2017\\\/07\\\/filtry-dla-dzieci.jpg\",\"contentUrl\":\"https:\\\/\\\/katarek.pl\\\/wp-content\\\/uploads\\\/2017\\\/07\\\/filtry-dla-dzieci.jpg\",\"width\":2225,\"height\":1663,\"caption\":\"filtry dla dzieci opalanie\"},{\"@type\":\"BreadcrumbList\",\"@id\":\"https:\\\/\\\/katarek.pl\\\/filtry-dla-dziecka\\\/#breadcrumb\",\"itemListElement\":[{\"@type\":\"ListItem\",\"position\":1,\"name\":\"Home\",\"item\":\"https:\\\/\\\/katarek.pl\\\/\"},{\"@type\":\"ListItem\",\"position\":2,\"name\":\"Blog\",\"item\":\"https:\\\/\\\/katarek.pl\\\/blog\\\/\"},{\"@type\":\"ListItem\",\"position\":3,\"name\":\"Filtry dla dziecka. Jak d\u0142ugo wolno przebywa\u0107 dziecku na s\u0142o\u0144cu?\"}]},{\"@type\":\"WebSite\",\"@id\":\"https:\\\/\\\/katarek.pl\\\/#website\",\"url\":\"https:\\\/\\\/katarek.pl\\\/\",\"name\":\"katarek.pl\",\"description\":\"\",\"potentialAction\":[{\"@type\":\"SearchAction\",\"target\":{\"@type\":\"EntryPoint\",\"urlTemplate\":\"https:\\\/\\\/katarek.pl\\\/?s={search_term_string}\"},\"query-input\":{\"@type\":\"PropertyValueSpecification\",\"valueRequired\":true,\"valueName\":\"search_term_string\"}}],\"inLanguage\":\"pl-PL\"},{\"@type\":\"Person\",\"@id\":\"https:\\\/\\\/katarek.pl\\\/#\\\/schema\\\/person\\\/c7267555b2aaad4c6d15146a155bc430\",\"name\":\"katarek\",\"url\":\"https:\\\/\\\/katarek.pl\\\/author\\\/katarek\\\/\"}]}<\/script>\n<!-- \/ Yoast SEO plugin. -->","yoast_head_json":{"title":"Filtry dla dziecka. Jak d\u0142ugo wolno przebywa\u0107 dziecku na s\u0142o\u0144cu? - katarek.pl","description":"Filtry do aspiratora Katarek - dlaczego ich stosowanie jest tak wa\u017cne? Zapewnij higien\u0119 i bezpiecze\u0144stwo podczas odci\u0105gania kataru. Dowiedz si\u0119 wi\u0119cej!","robots":{"index":"index","follow":"follow","max-snippet":"max-snippet:-1","max-image-preview":"max-image-preview:large","max-video-preview":"max-video-preview:-1"},"canonical":"https:\/\/katarek.pl\/filtry-dla-dziecka\/","og_locale":"pl_PL","og_type":"article","og_title":"Filtry dla dziecka. Jak d\u0142ugo wolno przebywa\u0107 dziecku na s\u0142o\u0144cu? - katarek.pl","og_description":"Filtry do aspiratora Katarek - dlaczego ich stosowanie jest tak wa\u017cne? Zapewnij higien\u0119 i bezpiecze\u0144stwo podczas odci\u0105gania kataru. Dowiedz si\u0119 wi\u0119cej!","og_url":"https:\/\/katarek.pl\/filtry-dla-dziecka\/","og_site_name":"katarek.pl","article_published_time":"2017-07-11T06:58:35+00:00","article_modified_time":"2025-09-26T12:45:50+00:00","og_image":[{"width":2225,"height":1663,"url":"https:\/\/katarek.pl\/wp-content\/uploads\/2017\/07\/filtry-dla-dzieci.jpg","type":"image\/jpeg"}],"author":"katarek","twitter_card":"summary_large_image","twitter_misc":{"Napisane przez":"katarek","Szacowany czas czytania":"4 minuty"},"schema":{"@context":"https:\/\/schema.org","@graph":[{"@type":"Article","@id":"https:\/\/katarek.pl\/filtry-dla-dziecka\/#article","isPartOf":{"@id":"https:\/\/katarek.pl\/filtry-dla-dziecka\/"},"author":{"name":"katarek","@id":"https:\/\/katarek.pl\/#\/schema\/person\/c7267555b2aaad4c6d15146a155bc430"},"headline":"Filtry dla dziecka. Jak d\u0142ugo wolno przebywa\u0107 dziecku na s\u0142o\u0144cu?","datePublished":"2017-07-11T06:58:35+00:00","dateModified":"2025-09-26T12:45:50+00:00","mainEntityOfPage":{"@id":"https:\/\/katarek.pl\/filtry-dla-dziecka\/"},"wordCount":704,"commentCount":0,"image":{"@id":"https:\/\/katarek.pl\/filtry-dla-dziecka\/#primaryimage"},"thumbnailUrl":"https:\/\/katarek.pl\/wp-content\/uploads\/2017\/07\/filtry-dla-dzieci.jpg","articleSection":["Dziecko","Zdrowie"],"inLanguage":"pl-PL"},{"@type":"WebPage","@id":"https:\/\/katarek.pl\/filtry-dla-dziecka\/","url":"https:\/\/katarek.pl\/filtry-dla-dziecka\/","name":"Filtry dla dziecka. Jak d\u0142ugo wolno przebywa\u0107 dziecku na s\u0142o\u0144cu? - katarek.pl","isPartOf":{"@id":"https:\/\/katarek.pl\/#website"},"primaryImageOfPage":{"@id":"https:\/\/katarek.pl\/filtry-dla-dziecka\/#primaryimage"},"image":{"@id":"https:\/\/katarek.pl\/filtry-dla-dziecka\/#primaryimage"},"thumbnailUrl":"https:\/\/katarek.pl\/wp-content\/uploads\/2017\/07\/filtry-dla-dzieci.jpg","datePublished":"2017-07-11T06:58:35+00:00","dateModified":"2025-09-26T12:45:50+00:00","author":{"@id":"https:\/\/katarek.pl\/#\/schema\/person\/c7267555b2aaad4c6d15146a155bc430"},"description":"Filtry do aspiratora Katarek - dlaczego ich stosowanie jest tak wa\u017cne? Zapewnij higien\u0119 i bezpiecze\u0144stwo podczas odci\u0105gania kataru. Dowiedz si\u0119 wi\u0119cej!","breadcrumb":{"@id":"https:\/\/katarek.pl\/filtry-dla-dziecka\/#breadcrumb"},"inLanguage":"pl-PL","potentialAction":[{"@type":"ReadAction","target":["https:\/\/katarek.pl\/filtry-dla-dziecka\/"]}]},{"@type":"ImageObject","inLanguage":"pl-PL","@id":"https:\/\/katarek.pl\/filtry-dla-dziecka\/#primaryimage","url":"https:\/\/katarek.pl\/wp-content\/uploads\/2017\/07\/filtry-dla-dzieci.jpg","contentUrl":"https:\/\/katarek.pl\/wp-content\/uploads\/2017\/07\/filtry-dla-dzieci.jpg","width":2225,"height":1663,"caption":"filtry dla dzieci opalanie"},{"@type":"BreadcrumbList","@id":"https:\/\/katarek.pl\/filtry-dla-dziecka\/#breadcrumb","itemListElement":[{"@type":"ListItem","position":1,"name":"Home","item":"https:\/\/katarek.pl\/"},{"@type":"ListItem","position":2,"name":"Blog","item":"https:\/\/katarek.pl\/blog\/"},{"@type":"ListItem","position":3,"name":"Filtry dla dziecka. Jak d\u0142ugo wolno przebywa\u0107 dziecku na s\u0142o\u0144cu?"}]},{"@type":"WebSite","@id":"https:\/\/katarek.pl\/#website","url":"https:\/\/katarek.pl\/","name":"katarek.pl","description":"","potentialAction":[{"@type":"SearchAction","target":{"@type":"EntryPoint","urlTemplate":"https:\/\/katarek.pl\/?s={search_term_string}"},"query-input":{"@type":"PropertyValueSpecification","valueRequired":true,"valueName":"search_term_string"}}],"inLanguage":"pl-PL"},{"@type":"Person","@id":"https:\/\/katarek.pl\/#\/schema\/person\/c7267555b2aaad4c6d15146a155bc430","name":"katarek","url":"https:\/\/katarek.pl\/author\/katarek\/"}]}},"acf":[],"gutenberg_blocks":[{"blockName":"custom-styles","attrs":{"styles":""}}],"meta_data":false,"featured_image":{"url":"https:\/\/katarek.pl\/wp-content\/uploads\/2017\/07\/filtry-dla-dzieci-1024x765.jpg"},"main_category":{"name":"Dziecko"},"prev_page":{"slug":"dziecko-samochodzie-upal-dlaczego-temat-nas-porusza"},"next_page":{"slug":"wypadanie-wlosow-po-ciazy"},"_links":{"self":[{"href":"https:\/\/katarek.pl\/index.php\/wp-json\/wp\/v2\/posts\/2218","targetHints":{"allow":["GET"]}}],"collection":[{"href":"https:\/\/katarek.pl\/index.php\/wp-json\/wp\/v2\/posts"}],"about":[{"href":"https:\/\/katarek.pl\/index.php\/wp-json\/wp\/v2\/types\/post"}],"author":[{"embeddable":true,"href":"https:\/\/katarek.pl\/index.php\/wp-json\/wp\/v2\/users\/7"}],"replies":[{"embeddable":true,"href":"https:\/\/katarek.pl\/index.php\/wp-json\/wp\/v2\/comments?post=2218"}],"version-history":[{"count":1,"href":"https:\/\/katarek.pl\/index.php\/wp-json\/wp\/v2\/posts\/2218\/revisions"}],"predecessor-version":[{"id":3745,"href":"https:\/\/katarek.pl\/index.php\/wp-json\/wp\/v2\/posts\/2218\/revisions\/3745"}],"wp:featuredmedia":[{"embeddable":true,"href":"https:\/\/katarek.pl\/index.php\/wp-json\/wp\/v2\/media\/895"}],"wp:attachment":[{"href":"https:\/\/katarek.pl\/index.php\/wp-json\/wp\/v2\/media?parent=2218"}],"wp:term":[{"taxonomy":"category","embeddable":true,"href":"https:\/\/katarek.pl\/index.php\/wp-json\/wp\/v2\/categories?post=2218"},{"taxonomy":"post_tag","embeddable":true,"href":"https:\/\/katarek.pl\/index.php\/wp-json\/wp\/v2\/tags?post=2218"}],"curies":[{"name":"wp","href":"https:\/\/api.w.org\/{rel}","templated":true}]}}