{"id":2217,"date":"2017-07-04T09:53:46","date_gmt":"2017-07-04T07:53:46","guid":{"rendered":"https:\/\/katarek.pl\/blog\/?p=891"},"modified":"2017-07-04T09:53:46","modified_gmt":"2017-07-04T07:53:46","slug":"wypadanie-wlosow-po-ciazy","status":"publish","type":"post","link":"https:\/\/katarek.pl\/wypadanie-wlosow-po-ciazy\/","title":{"rendered":"Wypadanie w\u0142os\u00f3w w po\u0142ogu"},"content":{"rendered":"<p><strong>Po\u0142\u00f3g to kolejny po ci\u0105\u017cy wyj\u0105tkowy czas w \u017cyciu kobiety. Oto kilka pi\u0119knych tygodni, w kt\u00f3rych wdra\u017camy si\u0119 w now\u0105 rol\u0119, rol\u0119 matki, a nasz organizm powoli powraca do stanu sprzed ci\u0105\u017cy. Wiele \u015bwie\u017co upieczonych matek my\u015bli, \u017ce teraz b\u0119dzie tylko lepiej \u2013 ust\u0105pi zgaga, trudno\u015bci ze snem, b\u00f3le l\u0119d\u017awi itd. To dlatego tak bardzo zaskakuje nas nag\u0142e nasilenie wypadania w\u0142os\u00f3w w tym czasie. Dlaczego tak si\u0119 dzieje? Jak ograniczy\u0107 to zjawisko?<\/strong> <!--more--><\/p>\n<p><strong>Wypadanie w\u0142os\u00f3w w po\u0142ogu jest dodatkowo zaskakuj\u0105ce, bo pojawia si\u0119 zwykle dopiero oko\u0142o trzeciego miesi\u0105ca po porodzie.<\/strong> A wydawa\u0142o si\u0119, \u017ce czas regeneracji ju\u017c za tob\u0105\u2026 Musisz wiedzie\u0107, \u017ce problem ten \u2013 wed\u0142ug statystyk \u2013 przytrafia si\u0119 a\u017c co pi\u0105tej m\u0142odej mamie i jest czym\u015b zupe\u0142nie normalnym. <strong>Wypadaj\u0105ce podczas po\u0142ogu w\u0142osy to po prostu te w\u0142osy\u2026 kt\u00f3re nie wypad\u0142y ci w trakcie ci\u0105\u017cy.<\/strong> Naturalny proces utraty w\u0142os\u00f3w by\u0142 w\u00f3wczas hamowany przez wysoki poziom estrogen\u00f3w. Teraz organizm wraca do normalno\u015bci i pozbywa si\u0119 nadmiaru, kt\u00f3ry zgromadzi\u0142 podczas ci\u0105\u017cy.<\/p>\n<h2>Przyczyny wypadania w\u0142os\u00f3w po ci\u0105\u017cy<\/h2>\n<p><strong>W\u0142a\u015bnie przeczyta\u0142a\u015b, \u017ce wypadanie w\u0142os\u00f3w po ci\u0105\u017cy jest normalne, ale nie oznacza to wcale, \u017ce masz zignorowa\u0107 t\u0119 spraw\u0119.<\/strong> Fakt, w pierwszych tygodniach z dzieckiem b\u0119dziesz chcia\u0142a po\u015bwi\u0119ci\u0107 si\u0119 w\u0142a\u015bciwie tylko jemu. W ko\u0144cu niemowl\u0119 potrzebuje mn\u00f3stwa uwagi, zw\u0142aszcza, \u017ce w pocz\u0105tkowym okresie \u017cycia zdarza mu si\u0119 \u0142apa\u0107 r\u00f3\u017cne infekcje. Ka\u017cdy p\u0142acz, ka\u017cdy katar u noworodka sprawiaj\u0105, \u017ce jeste\u015b gotowa zapomnie\u0107 o reszcie \u015bwiata. To pokazuje twoj\u0105 mi\u0142o\u015b\u0107, ale nie mo\u017cesz te\u017c przesadza\u0107 i ca\u0142kowicie zapomina\u0107 o sobie.<\/p>\n<p>Zw\u0142aszcza, \u017ce nie wszystko mo\u017cna zrzuci\u0107 na karb \u201enaturalnych proces\u00f3w\u201d. <strong>Nasilone wypadanie w\u0142os\u00f3w po ci\u0105\u017cy mo\u017ce by\u0107 te\u017c spowodowane og\u00f3lnym os\u0142abieniem organizmu<\/strong> np. w zwi\u0105zku z karmieniem piersi\u0105. Wiele cennych sk\u0142adnik\u00f3w od\u017cywczych oddajesz dziecku wraz z mlekiem, dlatego sk\u00f3ra g\u0142owy mo\u017ce nie by\u0107 wystarczaj\u0105co od\u017cywiona. Poza tym podczas karmienia zwi\u0119ksza si\u0119 wydzielanie prolaktyny, a wysokie st\u0119\u017cenie tego hormonu powoduje wypadanie w\u0142os\u00f3w.<\/p>\n<h2>Co mo\u017cesz zrobi\u0107, by zapobiec wypadaniu w\u0142os\u00f3w po ci\u0105\u017cy?<\/h2>\n<p><strong>Przede wszystkim dieta!<\/strong> Zadbaj o jak najwi\u0119ksz\u0105 liczb\u0119 warzyw w codziennym menu. To w\u0142a\u015bnie na nich powinien opiera\u0107 si\u0119 jad\u0142ospis ka\u017cdego cz\u0142owieka, wi\u0119c tw\u00f3j tym bardziej. Jedz tak\u017ce owoce. Oczywi\u015bcie w rozs\u0105dnych ilo\u015bciach, bo to tak\u017ce cukier.<\/p>\n<ul>\n<li>W ci\u0105\u017cy masz podwy\u017cszony poziom estrogenu, dlatego Twoje w\u0142osy s\u0105 grubsze i g\u0119stsze<\/li>\n<li>W po\u0142ogu poziom ten si\u0119 normalizuje, przez co wypadaj\u0105 w\u0142osy<\/li>\n<li>Problem wypadania w\u0142os\u00f3w najcz\u0119\u015bciej zanika w 6-9 miesi\u0119cy po porodzie<\/li>\n<li>Po 9-miesi\u0105cach (wypadanie w\u0142os\u00f3w to wynik podniesionej prolaktyny i stresu)<\/li>\n<li>Jedz du\u017co mikro i makroelement\u00f3w oraz produkty z witamin\u0105 B<\/li>\n<li>Spo\u017cywaj du\u017co ryb, jaj i owoc\u00f3w morza<\/li>\n<li>Je\u015bli problem b\u0119dzie trwa\u0142 powy\u017cej 9-go miesi\u0105ca udaj si\u0119 do dermatologa i trychologa<\/li>\n<\/ul>\n<p><strong>\u00a0Dla kondycji sk\u00f3ry i w\u0142os\u00f3w kluczowe s\u0105 witaminy z grupy B oraz \u017celazo.<\/strong> Znajdziesz je w dobrej jako\u015bci mi\u0119sie, rybach i kaszach. Jedz przede wszystkim kasz\u0119 jaglan\u0105 oraz gryczan\u0105 (zw\u0142aszcza niepalon\u0105). Do tego w\u0142\u0105cz produkty z pe\u0142nego ziarna zb\u00f3\u017c, a wi\u0119c razowe makarony, pieczywo razowe, ry\u017c br\u0105zowy. Dostarczaj sobie tak\u017ce cynku i miedzi. Znajdziesz je w gorzkim kakao, orzechach i nasionach (s\u0142onecznik, dynia, orzech laskowy, migda\u0142y), natce pietruszki czy w ro\u015blinach str\u0105czkowych.<\/p>\n<p>Poza tym dbaj o w\u0142osy z zewn\u0105trz. U\u017cywaj ampu\u0142ek z serum do wcierania sk\u00f3r\u0119 g\u0142owy (dzia\u0142aj\u0105 zdecydowanie lepiej ni\u017c zwyk\u0142e od\u017cywki do sp\u0142ukiwania). Mo\u017cesz te\u017c u\u017cywa\u0107 naturalnego oleju rycynowego. Traktuj go jako maseczk\u0119, podgrzej, wmasuj w sk\u00f3r\u0119 g\u0142owy i pozostaw na dwie godziny. W\u0142osy myj delikatnie, masuj sk\u00f3r\u0119 opuszkami palc\u00f3w. Staraj si\u0119 unika\u0107 suszarki, lok\u00f3wki i prostownicy. Na naszym blogu znajdziesz r\u00f3wnie\u017c informacje\u00a0<a href=\"https:\/\/katarek.pl\/blog\/co-warunkuje-odpornosc-dziecka\/\">co wp\u0142ywa na odporno\u015b\u0107 dziecka<\/a> oraz\u00a0<a href=\"https:\/\/katarek.pl\/blog\/jak-czyscic-nosek-noworodka-niemowlaka\/\">jak czy\u015bci\u0107 nosek noworodka<\/a>.\u00a0<\/p>\n<p>&nbsp;<\/p>\n","protected":false},"excerpt":"Po\u0142\u00f3g to kolejny po ci\u0105\u017cy wyj\u0105tkowy czas w \u017cyciu kobiety. Oto kilka pi\u0119knych tygodni, w kt\u00f3rych wdra\u017camy si\u0119 w now\u0105 rol\u0119, rol\u0119 matki, a nasz organizm powoli powraca do stanu sprzed ci\u0105\u017cy. Wiele \u015bwie\u017co upieczonych matek my\u015bli, \u017ce teraz b\u0119dzie tylko lepiej \u2013 ust\u0105pi zgaga, trudno\u015bci ze snem, b\u00f3le l\u0119d\u017awi itd. To dlatego tak bardzo [&hellip;]","author":7,"featured_media":892,"comment_status":"open","ping_status":"open","sticky":false,"template":"","format":"standard","meta":{"_acf_changed":false,"inline_featured_image":false,"editor_plus_copied_stylings":"{}","footnotes":""},"categories":[43,51],"tags":[],"class_list":["post-2217","post","type-post","status-publish","format-standard","has-post-thumbnail","hentry","category-ciaza","category-porod-i-polog"],"yoast_head":"<!-- This site is optimized with the Yoast SEO plugin v27.4 - https:\/\/yoast.com\/product\/yoast-seo-wordpress\/ -->\n<title>Wypadanie w\u0142os\u00f3w po ci\u0105\u017cy: przyczyny, jak zaradzi\u0107? - blog Katarek<\/title>\n<meta name=\"description\" content=\"Masz problem z wypadaniem w\u0142os\u00f3w po ci\u0105\u017cy? Nie jeste\u015b jedyna! Dowiedz si\u0119 co jest tego przyczyn\u0105 oraz co mo\u017ce pom\u00f3c. Zapraszamy do zapoznania si\u0119 z tematem.\" \/>\n<meta name=\"robots\" content=\"index, follow, max-snippet:-1, max-image-preview:large, max-video-preview:-1\" \/>\n<link rel=\"canonical\" href=\"https:\/\/katarek.pl\/wypadanie-wlosow-po-ciazy\/\" \/>\n<meta property=\"og:locale\" content=\"pl_PL\" \/>\n<meta property=\"og:type\" content=\"article\" \/>\n<meta property=\"og:title\" content=\"Wypadanie w\u0142os\u00f3w po ci\u0105\u017cy: przyczyny, jak zaradzi\u0107? - blog Katarek\" \/>\n<meta property=\"og:description\" content=\"Masz problem z wypadaniem w\u0142os\u00f3w po ci\u0105\u017cy? Nie jeste\u015b jedyna! Dowiedz si\u0119 co jest tego przyczyn\u0105 oraz co mo\u017ce pom\u00f3c. Zapraszamy do zapoznania si\u0119 z tematem.\" \/>\n<meta property=\"og:url\" content=\"https:\/\/katarek.pl\/wypadanie-wlosow-po-ciazy\/\" \/>\n<meta property=\"og:site_name\" content=\"katarek.pl\" \/>\n<meta property=\"article:published_time\" content=\"2017-07-04T07:53:46+00:00\" \/>\n<meta property=\"og:image\" content=\"https:\/\/katarek.pl\/wp-content\/uploads\/2017\/07\/wypadajace-wlosy-po-ciazy-scaled.jpg\" \/>\n\t<meta property=\"og:image:width\" content=\"2560\" \/>\n\t<meta property=\"og:image:height\" content=\"1707\" \/>\n\t<meta property=\"og:image:type\" content=\"image\/jpeg\" \/>\n<meta name=\"author\" content=\"katarek\" \/>\n<meta name=\"twitter:card\" content=\"summary_large_image\" \/>\n<meta name=\"twitter:label1\" content=\"Napisane przez\" \/>\n\t<meta name=\"twitter:data1\" content=\"katarek\" \/>\n\t<meta name=\"twitter:label2\" content=\"Szacowany czas czytania\" \/>\n\t<meta name=\"twitter:data2\" content=\"4 minuty\" \/>\n<script type=\"application\/ld+json\" class=\"yoast-schema-graph\">{\"@context\":\"https:\\\/\\\/schema.org\",\"@graph\":[{\"@type\":\"Article\",\"@id\":\"https:\\\/\\\/katarek.pl\\\/wypadanie-wlosow-po-ciazy\\\/#article\",\"isPartOf\":{\"@id\":\"https:\\\/\\\/katarek.pl\\\/wypadanie-wlosow-po-ciazy\\\/\"},\"author\":{\"name\":\"katarek\",\"@id\":\"https:\\\/\\\/katarek.pl\\\/#\\\/schema\\\/person\\\/c7267555b2aaad4c6d15146a155bc430\"},\"headline\":\"Wypadanie w\u0142os\u00f3w w po\u0142ogu\",\"datePublished\":\"2017-07-04T07:53:46+00:00\",\"mainEntityOfPage\":{\"@id\":\"https:\\\/\\\/katarek.pl\\\/wypadanie-wlosow-po-ciazy\\\/\"},\"wordCount\":738,\"commentCount\":0,\"image\":{\"@id\":\"https:\\\/\\\/katarek.pl\\\/wypadanie-wlosow-po-ciazy\\\/#primaryimage\"},\"thumbnailUrl\":\"https:\\\/\\\/katarek.pl\\\/wp-content\\\/uploads\\\/2017\\\/07\\\/wypadajace-wlosy-po-ciazy-scaled.jpg\",\"articleSection\":[\"Ci\u0105\u017ca\",\"Por\u00f3d i po\u0142\u00f3g\"],\"inLanguage\":\"pl-PL\"},{\"@type\":\"WebPage\",\"@id\":\"https:\\\/\\\/katarek.pl\\\/wypadanie-wlosow-po-ciazy\\\/\",\"url\":\"https:\\\/\\\/katarek.pl\\\/wypadanie-wlosow-po-ciazy\\\/\",\"name\":\"Wypadanie w\u0142os\u00f3w po ci\u0105\u017cy: przyczyny, jak zaradzi\u0107? - blog Katarek\",\"isPartOf\":{\"@id\":\"https:\\\/\\\/katarek.pl\\\/#website\"},\"primaryImageOfPage\":{\"@id\":\"https:\\\/\\\/katarek.pl\\\/wypadanie-wlosow-po-ciazy\\\/#primaryimage\"},\"image\":{\"@id\":\"https:\\\/\\\/katarek.pl\\\/wypadanie-wlosow-po-ciazy\\\/#primaryimage\"},\"thumbnailUrl\":\"https:\\\/\\\/katarek.pl\\\/wp-content\\\/uploads\\\/2017\\\/07\\\/wypadajace-wlosy-po-ciazy-scaled.jpg\",\"datePublished\":\"2017-07-04T07:53:46+00:00\",\"author\":{\"@id\":\"https:\\\/\\\/katarek.pl\\\/#\\\/schema\\\/person\\\/c7267555b2aaad4c6d15146a155bc430\"},\"description\":\"Masz problem z wypadaniem w\u0142os\u00f3w po ci\u0105\u017cy? Nie jeste\u015b jedyna! Dowiedz si\u0119 co jest tego przyczyn\u0105 oraz co mo\u017ce pom\u00f3c. Zapraszamy do zapoznania si\u0119 z tematem.\",\"breadcrumb\":{\"@id\":\"https:\\\/\\\/katarek.pl\\\/wypadanie-wlosow-po-ciazy\\\/#breadcrumb\"},\"inLanguage\":\"pl-PL\",\"potentialAction\":[{\"@type\":\"ReadAction\",\"target\":[\"https:\\\/\\\/katarek.pl\\\/wypadanie-wlosow-po-ciazy\\\/\"]}]},{\"@type\":\"ImageObject\",\"inLanguage\":\"pl-PL\",\"@id\":\"https:\\\/\\\/katarek.pl\\\/wypadanie-wlosow-po-ciazy\\\/#primaryimage\",\"url\":\"https:\\\/\\\/katarek.pl\\\/wp-content\\\/uploads\\\/2017\\\/07\\\/wypadajace-wlosy-po-ciazy-scaled.jpg\",\"contentUrl\":\"https:\\\/\\\/katarek.pl\\\/wp-content\\\/uploads\\\/2017\\\/07\\\/wypadajace-wlosy-po-ciazy-scaled.jpg\",\"width\":2560,\"height\":1707,\"caption\":\"Wypadanie w\u0142os\u00f3w w po\u0142ogu\"},{\"@type\":\"BreadcrumbList\",\"@id\":\"https:\\\/\\\/katarek.pl\\\/wypadanie-wlosow-po-ciazy\\\/#breadcrumb\",\"itemListElement\":[{\"@type\":\"ListItem\",\"position\":1,\"name\":\"Home\",\"item\":\"https:\\\/\\\/katarek.pl\\\/\"},{\"@type\":\"ListItem\",\"position\":2,\"name\":\"Blog\",\"item\":\"https:\\\/\\\/katarek.pl\\\/blog\\\/\"},{\"@type\":\"ListItem\",\"position\":3,\"name\":\"Wypadanie w\u0142os\u00f3w w po\u0142ogu\"}]},{\"@type\":\"WebSite\",\"@id\":\"https:\\\/\\\/katarek.pl\\\/#website\",\"url\":\"https:\\\/\\\/katarek.pl\\\/\",\"name\":\"katarek.pl\",\"description\":\"\",\"potentialAction\":[{\"@type\":\"SearchAction\",\"target\":{\"@type\":\"EntryPoint\",\"urlTemplate\":\"https:\\\/\\\/katarek.pl\\\/?s={search_term_string}\"},\"query-input\":{\"@type\":\"PropertyValueSpecification\",\"valueRequired\":true,\"valueName\":\"search_term_string\"}}],\"inLanguage\":\"pl-PL\"},{\"@type\":\"Person\",\"@id\":\"https:\\\/\\\/katarek.pl\\\/#\\\/schema\\\/person\\\/c7267555b2aaad4c6d15146a155bc430\",\"name\":\"katarek\",\"url\":\"https:\\\/\\\/katarek.pl\\\/author\\\/katarek\\\/\"}]}<\/script>\n<!-- \/ Yoast SEO plugin. -->","yoast_head_json":{"title":"Wypadanie w\u0142os\u00f3w po ci\u0105\u017cy: przyczyny, jak zaradzi\u0107? - blog Katarek","description":"Masz problem z wypadaniem w\u0142os\u00f3w po ci\u0105\u017cy? Nie jeste\u015b jedyna! Dowiedz si\u0119 co jest tego przyczyn\u0105 oraz co mo\u017ce pom\u00f3c. Zapraszamy do zapoznania si\u0119 z tematem.","robots":{"index":"index","follow":"follow","max-snippet":"max-snippet:-1","max-image-preview":"max-image-preview:large","max-video-preview":"max-video-preview:-1"},"canonical":"https:\/\/katarek.pl\/wypadanie-wlosow-po-ciazy\/","og_locale":"pl_PL","og_type":"article","og_title":"Wypadanie w\u0142os\u00f3w po ci\u0105\u017cy: przyczyny, jak zaradzi\u0107? - blog Katarek","og_description":"Masz problem z wypadaniem w\u0142os\u00f3w po ci\u0105\u017cy? Nie jeste\u015b jedyna! Dowiedz si\u0119 co jest tego przyczyn\u0105 oraz co mo\u017ce pom\u00f3c. Zapraszamy do zapoznania si\u0119 z tematem.","og_url":"https:\/\/katarek.pl\/wypadanie-wlosow-po-ciazy\/","og_site_name":"katarek.pl","article_published_time":"2017-07-04T07:53:46+00:00","og_image":[{"width":2560,"height":1707,"url":"https:\/\/katarek.pl\/wp-content\/uploads\/2017\/07\/wypadajace-wlosy-po-ciazy-scaled.jpg","type":"image\/jpeg"}],"author":"katarek","twitter_card":"summary_large_image","twitter_misc":{"Napisane przez":"katarek","Szacowany czas czytania":"4 minuty"},"schema":{"@context":"https:\/\/schema.org","@graph":[{"@type":"Article","@id":"https:\/\/katarek.pl\/wypadanie-wlosow-po-ciazy\/#article","isPartOf":{"@id":"https:\/\/katarek.pl\/wypadanie-wlosow-po-ciazy\/"},"author":{"name":"katarek","@id":"https:\/\/katarek.pl\/#\/schema\/person\/c7267555b2aaad4c6d15146a155bc430"},"headline":"Wypadanie w\u0142os\u00f3w w po\u0142ogu","datePublished":"2017-07-04T07:53:46+00:00","mainEntityOfPage":{"@id":"https:\/\/katarek.pl\/wypadanie-wlosow-po-ciazy\/"},"wordCount":738,"commentCount":0,"image":{"@id":"https:\/\/katarek.pl\/wypadanie-wlosow-po-ciazy\/#primaryimage"},"thumbnailUrl":"https:\/\/katarek.pl\/wp-content\/uploads\/2017\/07\/wypadajace-wlosy-po-ciazy-scaled.jpg","articleSection":["Ci\u0105\u017ca","Por\u00f3d i po\u0142\u00f3g"],"inLanguage":"pl-PL"},{"@type":"WebPage","@id":"https:\/\/katarek.pl\/wypadanie-wlosow-po-ciazy\/","url":"https:\/\/katarek.pl\/wypadanie-wlosow-po-ciazy\/","name":"Wypadanie w\u0142os\u00f3w po ci\u0105\u017cy: przyczyny, jak zaradzi\u0107? - blog Katarek","isPartOf":{"@id":"https:\/\/katarek.pl\/#website"},"primaryImageOfPage":{"@id":"https:\/\/katarek.pl\/wypadanie-wlosow-po-ciazy\/#primaryimage"},"image":{"@id":"https:\/\/katarek.pl\/wypadanie-wlosow-po-ciazy\/#primaryimage"},"thumbnailUrl":"https:\/\/katarek.pl\/wp-content\/uploads\/2017\/07\/wypadajace-wlosy-po-ciazy-scaled.jpg","datePublished":"2017-07-04T07:53:46+00:00","author":{"@id":"https:\/\/katarek.pl\/#\/schema\/person\/c7267555b2aaad4c6d15146a155bc430"},"description":"Masz problem z wypadaniem w\u0142os\u00f3w po ci\u0105\u017cy? Nie jeste\u015b jedyna! Dowiedz si\u0119 co jest tego przyczyn\u0105 oraz co mo\u017ce pom\u00f3c. Zapraszamy do zapoznania si\u0119 z tematem.","breadcrumb":{"@id":"https:\/\/katarek.pl\/wypadanie-wlosow-po-ciazy\/#breadcrumb"},"inLanguage":"pl-PL","potentialAction":[{"@type":"ReadAction","target":["https:\/\/katarek.pl\/wypadanie-wlosow-po-ciazy\/"]}]},{"@type":"ImageObject","inLanguage":"pl-PL","@id":"https:\/\/katarek.pl\/wypadanie-wlosow-po-ciazy\/#primaryimage","url":"https:\/\/katarek.pl\/wp-content\/uploads\/2017\/07\/wypadajace-wlosy-po-ciazy-scaled.jpg","contentUrl":"https:\/\/katarek.pl\/wp-content\/uploads\/2017\/07\/wypadajace-wlosy-po-ciazy-scaled.jpg","width":2560,"height":1707,"caption":"Wypadanie w\u0142os\u00f3w w po\u0142ogu"},{"@type":"BreadcrumbList","@id":"https:\/\/katarek.pl\/wypadanie-wlosow-po-ciazy\/#breadcrumb","itemListElement":[{"@type":"ListItem","position":1,"name":"Home","item":"https:\/\/katarek.pl\/"},{"@type":"ListItem","position":2,"name":"Blog","item":"https:\/\/katarek.pl\/blog\/"},{"@type":"ListItem","position":3,"name":"Wypadanie w\u0142os\u00f3w w po\u0142ogu"}]},{"@type":"WebSite","@id":"https:\/\/katarek.pl\/#website","url":"https:\/\/katarek.pl\/","name":"katarek.pl","description":"","potentialAction":[{"@type":"SearchAction","target":{"@type":"EntryPoint","urlTemplate":"https:\/\/katarek.pl\/?s={search_term_string}"},"query-input":{"@type":"PropertyValueSpecification","valueRequired":true,"valueName":"search_term_string"}}],"inLanguage":"pl-PL"},{"@type":"Person","@id":"https:\/\/katarek.pl\/#\/schema\/person\/c7267555b2aaad4c6d15146a155bc430","name":"katarek","url":"https:\/\/katarek.pl\/author\/katarek\/"}]}},"acf":[],"gutenberg_blocks":[{"blockName":"custom-styles","attrs":{"styles":""}}],"meta_data":false,"featured_image":{"url":"https:\/\/katarek.pl\/wp-content\/uploads\/2017\/07\/wypadajace-wlosy-po-ciazy-scaled-1024x683.jpg"},"main_category":{"name":"Ci\u0105\u017ca"},"prev_page":{"slug":"filtry-dla-dziecka"},"next_page":{"slug":"stawianie-baniek-u-dzieci"},"_links":{"self":[{"href":"https:\/\/katarek.pl\/index.php\/wp-json\/wp\/v2\/posts\/2217","targetHints":{"allow":["GET"]}}],"collection":[{"href":"https:\/\/katarek.pl\/index.php\/wp-json\/wp\/v2\/posts"}],"about":[{"href":"https:\/\/katarek.pl\/index.php\/wp-json\/wp\/v2\/types\/post"}],"author":[{"embeddable":true,"href":"https:\/\/katarek.pl\/index.php\/wp-json\/wp\/v2\/users\/7"}],"replies":[{"embeddable":true,"href":"https:\/\/katarek.pl\/index.php\/wp-json\/wp\/v2\/comments?post=2217"}],"version-history":[{"count":0,"href":"https:\/\/katarek.pl\/index.php\/wp-json\/wp\/v2\/posts\/2217\/revisions"}],"wp:featuredmedia":[{"embeddable":true,"href":"https:\/\/katarek.pl\/index.php\/wp-json\/wp\/v2\/media\/892"}],"wp:attachment":[{"href":"https:\/\/katarek.pl\/index.php\/wp-json\/wp\/v2\/media?parent=2217"}],"wp:term":[{"taxonomy":"category","embeddable":true,"href":"https:\/\/katarek.pl\/index.php\/wp-json\/wp\/v2\/categories?post=2217"},{"taxonomy":"post_tag","embeddable":true,"href":"https:\/\/katarek.pl\/index.php\/wp-json\/wp\/v2\/tags?post=2217"}],"curies":[{"name":"wp","href":"https:\/\/api.w.org\/{rel}","templated":true}]}}