{"id":2206,"date":"2016-12-14T12:44:52","date_gmt":"2016-12-14T12:44:52","guid":{"rendered":"https:\/\/katarek.pl\/blog\/?p=442"},"modified":"2026-01-29T16:04:15","modified_gmt":"2026-01-29T15:04:15","slug":"sny-w-ciazy-dziwne-realistyczne-koszmary","status":"publish","type":"post","link":"https:\/\/katarek.pl\/sny-w-ciazy-dziwne-realistyczne-koszmary\/","title":{"rendered":"Sny w ci\u0105\u017cy &#8211; dziwne, a jak realne"},"content":{"rendered":"<p>Ufff! Znowu to samo! Budzisz si\u0119\u00a0rano i nie mo\u017cesz uwierzy\u0107 w to, co ci si\u0119 \u015bni\u0142o! Kilka r\u00f3\u017cnych sn\u00f3w w ci\u0105gu\u00a0jednej nocy, a ka\u017cdy z nich \u015bwietnie pami\u0119tasz. Zdarza si\u0119, \u017ce s\u0105 \u015bmieszne, niewiarygodne, albo wr\u0119cz przeciwnie &#8211; to koszmary, kt\u00f3re m\u0119cz\u0105 ci\u0119 co noc. Nie wystarczy rosn\u0105cy\u00a0brzuch, kt\u00f3ry utrudnia znalezienie wygodnej pozycji do spania, nie wystarczaj\u0105 cz\u0119ste nocne pobudki, kt\u00f3re urz\u0105dza ci p\u0119cherz. <strong>Sny w ci\u0105\u017cy<\/strong> to dodatkowa nocna przygoda dla wi\u0119kszo\u015bci przysz\u0142ych mam. Jak to mo\u017cliwe, skoro normalnie trudno ci przypomnie\u0107 sobie o czym \u015bni\u0142a\u015b\u00a0nawet zaraz po przebudzeniu? <!--more--><\/p>\n<h2>Dziwne sny w pierwszych tygodniach ci\u0105\u017cy<\/h2>\n<p>Zazwyczaj intensywne\u00a0 sny zaczynaj\u0105 si\u0119 ju\u017c na pocz\u0105tku ci\u0105\u017cy i towarzysz\u0105 ci przez ca\u0142y czas jej trwania. Ze wzgl\u0119du na zm\u0119czenie w pierwszym trymestrze k\u0142adziemy si\u0119 spa\u0107 wcze\u015bniej, a potem s\u0142uchaj\u0105c rad lekarzy staramy si\u0119 wysypia\u0107. Pod koniec trzeciego trymestru noce staj\u0105 si\u0119 bardziej uci\u0105\u017cliwe, a pobudki cz\u0119stsze. Statystycznie ci\u0119\u017carne \u015bpi\u0105 wi\u0119c o wiele d\u0142u\u017cej ni\u017c kobiety nie b\u0119d\u0105ce w ci\u0105\u017cy. To pierwszy czynnik, kt\u00f3ry sprzyja \u015bnieniu. Wi\u0119cej \u015bpimy wi\u0119c wi\u0119cej \u015bnimy! Za\u017cywaj\u0105c suplementy i witaminy dla ci\u0119\u017carnych dostarczamy te\u017c organizmowi wi\u0119ksz\u0105 ni\u017c zazwyczaj dawk\u0119 witamin z grupy B, kt\u00f3re wp\u0142ywaj\u0105 korzystnie na prac\u0119 m\u00f3zgu, kt\u00f3ry produkuje bardziej wyraziste sny.<\/p>\n<p>Nawet je\u015bli do tej pory nie przywi\u0105zywa\u0142a\u015b du\u017cej wagi do nocnych marze\u0144, twoje <strong>sny w<\/strong> czasie <strong>ci\u0105\u017cy<\/strong> mog\u0105 ci\u0119 zaskoczy\u0107. Przede wszystkim niezwyk\u0142e jest to, jak dok\u0142adnie je pami\u0119tamy, czasem s\u0105 tak realistyczne i wyra\u017ane, ze d\u0142ugo po obudzeniu o nich my\u015blimy. Cz\u0119\u015b\u0107 z nas boryka si\u0119 w czasie ci\u0105\u017cy z powracaj\u0105cymi koszmarami, kt\u00f3re mog\u0105 wp\u0142yn\u0105\u0107 na nasz nastr\u00f3j i\u00a0 niepotrzebnie wystraszy\u0107.<\/p>\n<h2>Dlaczego te koszmary w ci\u0105\u017cy s\u0105 takie realne?<\/h2>\n<p>Musimy u\u015bwiadomi\u0107 sobie, ze te niezwyk\u0142e realistyczne sny to przede wszystkim sprawka buzuj\u0105cych hormon\u00f3w ci\u0105\u017cowych, a przede wszystkim progesteronu. To w\u0142a\u015bnie on wp\u0142ywa na faz\u0119 REM, kiedy mamy marzenia senne &#8211; wyd\u0142u\u017ca j\u0105 i sprawia, \u017ce jest bardziej intensywna.<\/p>\n<p>W czasie ci\u0105\u017cy jeste\u015bmy bardziej rozchwiane emocjonalnie &#8211; to nie tylko burza hormon\u00f3w, ale te\u017c naturalny niepok\u00f3j i podekscytowanie t\u0105 now\u0105 sytuacj\u0105. Sny s\u0105 doskona\u0142ym filtrem rzeczywisto\u015bci &#8211; przez nie przepuszczane s\u0105 wszystkie emocje, zar\u00f3wno te dobre i z\u0142e. Umys\u0142 w nocy porz\u0105dkuje emocje &#8211; st\u0105d te\u017c bardziej intensywne i <strong>dziwne sny w ci\u0105\u017cy<\/strong>.<\/p>\n<p>Dlaczego lepiej pami\u0119tamy to, o czym \u015bni\u0142y\u015bmy? Przez ca\u0142\u0105 ci\u0105\u017c\u0119 zazwyczaj budzimy si\u0119 w nocy kilka razy, \u017ceby p\u00f3j\u015b\u0107 do toalety. Naukowcy udowodnili, ze sen jest lepiej zapami\u0119tywany od razu po obudzeniu, dlatego w\u0142a\u015bnie budz\u0105c si\u0119 tak cz\u0119sto, jeste\u015bmy w stanie lepiej go odtworzy\u0107 rano.<\/p>\n<h3>Czy mam si\u0119 czego obawia\u0107?<\/h3>\n<p>Je\u015bli jednak co wiecz\u00f3r idziesz do \u0142\u00f3\u017cka z niepokojem, a w nocy n\u0119kaj\u0105 ci\u0119 wyj\u0105tkowo realistyczne koszmary, sny o dziecku czy te\u017c o zdradzie, warto porozmawia\u0107 o tym z partnerem albo przyjaci\u00f3\u0142k\u0105. Wypowiedziane na g\u0142os obawy i nocne strachy zazwyczaj trac\u0105 swoj\u0105 moc w ci\u0105gu dnia, a wsparcie bliskiej osoby pomo\u017ce ci zrozumie\u0107, \u017ce tylko to, co w realu naprawd\u0119 si\u0119 liczy. Pami\u0119taj te\u017c o tym, \u017ce <strong>realistyczne sny w ci\u0105\u017cy<\/strong> z motywem zdradzaj\u0105cego partnera i dziecka, kt\u00f3remu dzieje si\u0119 krzywda to najcz\u0119\u015bciej powtarzaj\u0105ce si\u0119 koszmary u wi\u0119kszo\u015bci ci\u0119\u017carnych. To odbicie zupe\u0142nie naturalnej troski i tego, ze non stop my\u015blisz o dziecku w twoim brzuchu. Nie martw si\u0119!- kiedy tylko urodzisz dziecko, twoje sny strac\u0105 na intensywno\u015bci i przejd\u0105 na dalszy plan. Od tego czasu b\u0119dziesz marzy\u0107 o kolorowych snach i d\u0142uugiej przespanej nocy \ud83d\ude42 Przeczytaj o tym jak wygl\u0105da\u00a0<a href=\"https:\/\/katarek.pl\/blog\/pierwszy-trymestr-ciazy-objawy-nudnosci-brak-sil\/\">pierwszy trymestr ci\u0105\u017cy<\/a> i czego mo\u017cesz si\u0119 spodziewa\u0107, a tak\u017ce jakie powinna\u015b wykona\u0107 <a href=\"https:\/\/katarek.pl\/blog\/pierwsze-tygodnie-ciazy-badania-od-1-do-14-tygodnia\/\">pierwsze badania w ci\u0105\u017cy<\/a>.<\/p>\n\n<section class=\"product-tabs alignfull section-mb-xxs \">\n\t<div class=\"container container--mobile-overflow\">\n\t\t\t\t\t\n\t\t\n\t\t\n\t\t\t<nav class=\"py-spacer-32 w-full border-b-1 border-primary-300 overflow-x-auto\">\n\t\t\t\t<ul class=\"flex items-center md:justify-center gap-spacer-32 flex-nowrap\">\n\t\t\t\t\t\t\t\t\t\t\t<li>\n\t\t\t\t\t\t\t<button class=\"product-tabs__tab link-underline title-sm !text-primary-700 font-bold active\" data-target=\"category-16\">\n\t\t\t\t\t\t\t\tAspiratory\n\t\t\t\t\t\t\t<\/button>\n\t\t\t\t\t\t<\/li>\n\t\t\t\t\t\t\t\t\t\t\t<li>\n\t\t\t\t\t\t\t<button class=\"product-tabs__tab link-underline title-sm !text-primary-700 font-bold \" data-target=\"category-19\">\n\t\t\t\t\t\t\t\tNebulizatory\n\t\t\t\t\t\t\t<\/button>\n\t\t\t\t\t\t<\/li>\n\t\t\t\t\t\t\t\t\t\t\t<li>\n\t\t\t\t\t\t\t<button class=\"product-tabs__tab link-underline title-sm !text-primary-700 font-bold \" data-target=\"category-21\">\n\t\t\t\t\t\t\t\tSole\n\t\t\t\t\t\t\t<\/button>\n\t\t\t\t\t\t<\/li>\n\t\t\t\t\t\t\t\t\t<\/ul>\n\t\t\t<\/nav>\n\n\t\t\t<div class=\"product-tabs\">\n\t\t\t\t\t\t\t\t\t<div data-content=\"category-16\" class=\"product-tabs__content active\">\n\t\t\t\t\t\t<div class=\"overflow-x-auto flex flex-nowrap gap-32 py-spacer-48 mb-32 lg:mb-0\">\n\t\t\t\t\t\t\t\t\t\t\t\t\t\t\t\t\t\t\t\t\t\t\t\t                              \n\n<div class=\"product-card product-card-trustmate-container flex flex-col relative group min-w-[90vw] lg:min-w-0 lg:w-[calc(100%_\/_3_-_1.5rem)]\">\n\n      <div class=\"bg-secondary-200 rounded-t-20 relative\">\n              <div class=\"post-tags absolute z-10 top-14 left-16 flex flex-wrap gap-8\">\n\n                      \t\t\n\t\t\t\t\t\t\t\t<span class=\"tag pink\">Promocja<\/span>\n\t\t\t\n                    \t\t\n\t\t\t\t\t\t\t\t\t\t\t\t\t<span class=\"tag yellow\">z kodem -15%<\/span>\n\t\t\t\n        <\/div>\n            <div class=\"post-image rounded-t-20 overflow-hidden relative aspect-[6\/5]\">\n        <a class=\"stretched-link\" href=\"https:\/\/katarek.pl\/produkt\/zestaw-katarek-travel-2w1-adapter-do-odkurzaczy-pionowych\/\">\n          <span class=\"sr-only\">Zestaw Katarek Travel 2w1 + Adapter do odkurzaczy pionowych<\/span>\n        <\/a>\n        <div class=\"transition-opacity   group-hover:opacity-0 \">\n          <img loading=\"lazy\" decoding=\"async\" width=\"768\" height=\"768\" src=\"https:\/\/katarek.pl\/wp-content\/uploads\/2025\/11\/3-768x768.png\" class=\"h-full w-full object-cover aspect-[6\/5]\" alt=\"Zestaw Katarek Travel + Adapter do odkurzaczy pionowych - zestaw 3 w 1 na katar w tym ustnie\" srcset=\"https:\/\/katarek.pl\/wp-content\/uploads\/2025\/11\/3-768x768.png 768w, https:\/\/katarek.pl\/wp-content\/uploads\/2025\/11\/3-450x450.png 450w, https:\/\/katarek.pl\/wp-content\/uploads\/2025\/11\/3-250x250.png 250w, https:\/\/katarek.pl\/wp-content\/uploads\/2025\/11\/3-500x500.png 500w, https:\/\/katarek.pl\/wp-content\/uploads\/2025\/11\/3-485x485.png 485w, https:\/\/katarek.pl\/wp-content\/uploads\/2025\/11\/3-600x600.png 600w, https:\/\/katarek.pl\/wp-content\/uploads\/2025\/11\/3-100x100.png 100w, https:\/\/katarek.pl\/wp-content\/uploads\/2025\/11\/3.png 900w\" sizes=\"(max-width: 768px) 100vw, 768px\" \/>\n\n        <\/div>\n\n                  <div class=\"absolute inset-0 opacity-0 transition-opacity group-hover:opacity-100\">\n            <img loading=\"lazy\" decoding=\"async\" width=\"768\" height=\"768\" src=\"https:\/\/katarek.pl\/wp-content\/uploads\/2025\/11\/2-768x768.png\" class=\"h-full w-full object-cover aspect-[6\/5]\" alt=\"Zestaw zawiera katarek Travel aspirator kataru dla dzieci oraz adapter do odkurzaczy pionowych\" srcset=\"https:\/\/katarek.pl\/wp-content\/uploads\/2025\/11\/2-768x768.png 768w, https:\/\/katarek.pl\/wp-content\/uploads\/2025\/11\/2-450x450.png 450w, https:\/\/katarek.pl\/wp-content\/uploads\/2025\/11\/2-250x250.png 250w, https:\/\/katarek.pl\/wp-content\/uploads\/2025\/11\/2-500x500.png 500w, https:\/\/katarek.pl\/wp-content\/uploads\/2025\/11\/2-485x485.png 485w, https:\/\/katarek.pl\/wp-content\/uploads\/2025\/11\/2-600x600.png 600w, https:\/\/katarek.pl\/wp-content\/uploads\/2025\/11\/2-100x100.png 100w, https:\/\/katarek.pl\/wp-content\/uploads\/2025\/11\/2.png 900w\" sizes=\"(max-width: 768px) 100vw, 768px\" \/>\n\n          <\/div>\n        \n      <\/div>\n    <\/div>\n\n    <div class=\"product-card__details bg-white p-12 lg:p-24 flex flex-col gap-20 rounded-b-20 h-full\" data-product-id=\"4298\">\n    <div class=\"inline-block self-start product-card-trustmate__rating\">\n      <a class=\"product-card__title !text-primary-700  inline link-underline h5 font-medium\" href=\"https:\/\/katarek.pl\/produkt\/zestaw-katarek-travel-2w1-adapter-do-odkurzaczy-pionowych\/\">\n        Zestaw Katarek Travel 2w1 + Adapter do odkurzaczy pionowych\n      <\/a>\n    <\/div>\n\n          <div class=\"product-card__description line-clamp-3 text-md text-gray-500\"><p>odci\u0105ganiesz katar odkurzaczem poziomym, pionowym oraz wyj\u0105tkowo ustami. Must have do wyprawki!<\/p><\/div>\n    \n          <div class=\"flex justify-between gap-14 flex-wrap mt-auto\">\n        <div class=\"product-price h4 font-semibold self-end text-pink-800\">\n          <span class=\"woocommerce-Price-amount amount\"><bdi>111,99&nbsp;<span class=\"woocommerce-Price-currencySymbol\">&#122;&#322;<\/span><\/bdi><\/span>\n        <\/div>\n        <div class=\"product-card__button\">\n\n          <a href=\"\/?add-to-cart=4298\" data-product_id=\"4298\" target=\"_self\" class=\"button primary add_to_cart_button ajax_add_to_cart\">\n            <span>\n              Dodaj do koszyka\n            <\/span>\n\n            <svg xmlns=\"http:\/\/www.w3.org\/2000\/svg\" width=\"24\" height=\"24\" viewbox=\"0 0 24 24\" fill=\"none\">\n\t<path d=\"M4 12H20M20 12L14.6667 7M20 12L14.6667 17\" stroke=\"currentColor\" stroke-width=\"1.5\" stroke-linecap=\"round\"\/>\n<\/svg>\n\n          <\/a>\n\n        <\/div>\n      <\/div>\n      <\/div>\n<\/div>\n\t\t\t\t\t\t\t\t\t\t\t\t\t\t\t\t\t                              \n\n<div class=\"product-card product-card-trustmate-container flex flex-col relative group min-w-[90vw] lg:min-w-0 lg:w-[calc(100%_\/_3_-_1.5rem)]\">\n\n      <div class=\"bg-secondary-200 rounded-t-20 relative\">\n              <div class=\"post-tags absolute z-10 top-14 left-16 flex flex-wrap gap-8\">\n\n                      \t\t\n\t\t\t\t\t\t\t\t<span class=\"tag pink\">Promocja<\/span>\n\t\t\t\n                            <\/div>\n            <div class=\"post-image rounded-t-20 overflow-hidden relative aspect-[6\/5]\">\n        <a class=\"stretched-link\" href=\"https:\/\/katarek.pl\/produkt\/katarek-standard\/\">\n          <span class=\"sr-only\">Katarek Standard<\/span>\n        <\/a>\n        <div class=\"transition-opacity   group-hover:opacity-0 \">\n          <img loading=\"lazy\" decoding=\"async\" width=\"768\" height=\"768\" src=\"https:\/\/katarek.pl\/wp-content\/uploads\/2025\/09\/6-768x768.png\" class=\"h-full w-full object-cover aspect-[6\/5]\" alt=\"Aspirator do kataru dla dzieci Katarek Standard\" srcset=\"https:\/\/katarek.pl\/wp-content\/uploads\/2025\/09\/6-768x768.png 768w, https:\/\/katarek.pl\/wp-content\/uploads\/2025\/09\/6-450x450.png 450w, https:\/\/katarek.pl\/wp-content\/uploads\/2025\/09\/6-250x250.png 250w, https:\/\/katarek.pl\/wp-content\/uploads\/2025\/09\/6-500x500.png 500w, https:\/\/katarek.pl\/wp-content\/uploads\/2025\/09\/6-485x485.png 485w, https:\/\/katarek.pl\/wp-content\/uploads\/2025\/09\/6-600x600.png 600w, https:\/\/katarek.pl\/wp-content\/uploads\/2025\/09\/6-100x100.png 100w, https:\/\/katarek.pl\/wp-content\/uploads\/2025\/09\/6.png 1000w\" sizes=\"(max-width: 768px) 100vw, 768px\" \/>\n\n        <\/div>\n\n                  <div class=\"absolute inset-0 opacity-0 transition-opacity group-hover:opacity-100\">\n            <img loading=\"lazy\" decoding=\"async\" width=\"768\" height=\"768\" src=\"https:\/\/katarek.pl\/wp-content\/uploads\/2025\/07\/Projekt-bez-nazwy-52-768x768.png\" class=\"h-full w-full object-cover aspect-[6\/5]\" alt=\"Aspirator Katarek Standard z 2 ko\u0144c\u00f3wkami\" srcset=\"https:\/\/katarek.pl\/wp-content\/uploads\/2025\/07\/Projekt-bez-nazwy-52-768x768.png 768w, https:\/\/katarek.pl\/wp-content\/uploads\/2025\/07\/Projekt-bez-nazwy-52-450x450.png 450w, https:\/\/katarek.pl\/wp-content\/uploads\/2025\/07\/Projekt-bez-nazwy-52-250x250.png 250w, https:\/\/katarek.pl\/wp-content\/uploads\/2025\/07\/Projekt-bez-nazwy-52-500x500.png 500w, https:\/\/katarek.pl\/wp-content\/uploads\/2025\/07\/Projekt-bez-nazwy-52-485x485.png 485w, https:\/\/katarek.pl\/wp-content\/uploads\/2025\/07\/Projekt-bez-nazwy-52-600x600.png 600w, https:\/\/katarek.pl\/wp-content\/uploads\/2025\/07\/Projekt-bez-nazwy-52-100x100.png 100w, https:\/\/katarek.pl\/wp-content\/uploads\/2025\/07\/Projekt-bez-nazwy-52.png 1000w\" sizes=\"(max-width: 768px) 100vw, 768px\" \/>\n\n          <\/div>\n        \n      <\/div>\n    <\/div>\n\n    <div class=\"product-card__details bg-white p-12 lg:p-24 flex flex-col gap-20 rounded-b-20 h-full\" data-product-id=\"3142\">\n    <div class=\"inline-block self-start product-card-trustmate__rating\">\n      <a class=\"product-card__title !text-primary-700  inline link-underline h5 font-medium\" href=\"https:\/\/katarek.pl\/produkt\/katarek-standard\/\">\n        Katarek Standard\n      <\/a>\n    <\/div>\n\n          <div class=\"product-card__description line-clamp-3 text-md text-gray-500\"><p>prosty ale bardzo pomocny. Aspirator kataru do odkurzacza, kt\u00f3ry pokona nawet g\u0119st\u0105, zielon\u0105 wydzielin\u0119!<\/p><\/div>\n    \n          <div class=\"flex justify-between gap-14 flex-wrap mt-auto\">\n        <div class=\"product-price h4 font-semibold self-end text-pink-800\">\n          <span class=\"woocommerce-Price-amount amount\"><bdi>53,00&nbsp;<span class=\"woocommerce-Price-currencySymbol\">&#122;&#322;<\/span><\/bdi><\/span>\n        <\/div>\n        <div class=\"product-card__button\">\n\n          <a href=\"\/?add-to-cart=3142\" data-product_id=\"3142\" target=\"_self\" class=\"button primary add_to_cart_button ajax_add_to_cart\">\n            <span>\n              Dodaj do koszyka\n            <\/span>\n\n            <svg xmlns=\"http:\/\/www.w3.org\/2000\/svg\" width=\"24\" height=\"24\" viewbox=\"0 0 24 24\" fill=\"none\">\n\t<path d=\"M4 12H20M20 12L14.6667 7M20 12L14.6667 17\" stroke=\"currentColor\" stroke-width=\"1.5\" stroke-linecap=\"round\"\/>\n<\/svg>\n\n          <\/a>\n\n        <\/div>\n      <\/div>\n      <\/div>\n<\/div>\n\t\t\t\t\t\t\t\t\t\t\t\t\t\t\t\t\t                              \n\n<div class=\"product-card product-card-trustmate-container flex flex-col relative group min-w-[90vw] lg:min-w-0 lg:w-[calc(100%_\/_3_-_1.5rem)]\">\n\n      <div class=\"bg-secondary-200 rounded-t-20 relative\">\n              <div class=\"post-tags absolute z-10 top-14 left-16 flex flex-wrap gap-8\">\n\n                      \t\t\n\t\t\t\t\t\t\t\t<span class=\"tag pink\">Promocja<\/span>\n\t\t\t\n                            <\/div>\n            <div class=\"post-image rounded-t-20 overflow-hidden relative aspect-[6\/5]\">\n        <a class=\"stretched-link\" href=\"https:\/\/katarek.pl\/produkt\/katarek-simple\/\">\n          <span class=\"sr-only\">Katarek Simple<\/span>\n        <\/a>\n        <div class=\"transition-opacity   group-hover:opacity-0 \">\n          <img loading=\"lazy\" decoding=\"async\" width=\"768\" height=\"768\" src=\"https:\/\/katarek.pl\/wp-content\/uploads\/2025\/07\/Projekt-bez-nazwy-83-768x768.png\" class=\"h-full w-full object-cover aspect-[6\/5]\" alt=\"Prosty, tani aspirator kataru do odkurzacza Katarek Simple\" srcset=\"https:\/\/katarek.pl\/wp-content\/uploads\/2025\/07\/Projekt-bez-nazwy-83-768x768.png 768w, https:\/\/katarek.pl\/wp-content\/uploads\/2025\/07\/Projekt-bez-nazwy-83-450x450.png 450w, https:\/\/katarek.pl\/wp-content\/uploads\/2025\/07\/Projekt-bez-nazwy-83-250x250.png 250w, https:\/\/katarek.pl\/wp-content\/uploads\/2025\/07\/Projekt-bez-nazwy-83-500x500.png 500w, https:\/\/katarek.pl\/wp-content\/uploads\/2025\/07\/Projekt-bez-nazwy-83-485x485.png 485w, https:\/\/katarek.pl\/wp-content\/uploads\/2025\/07\/Projekt-bez-nazwy-83-600x600.png 600w, https:\/\/katarek.pl\/wp-content\/uploads\/2025\/07\/Projekt-bez-nazwy-83-100x100.png 100w, https:\/\/katarek.pl\/wp-content\/uploads\/2025\/07\/Projekt-bez-nazwy-83.png 1000w\" sizes=\"(max-width: 768px) 100vw, 768px\" \/>\n\n        <\/div>\n\n                  <div class=\"absolute inset-0 opacity-0 transition-opacity group-hover:opacity-100\">\n            <img loading=\"lazy\" decoding=\"async\" width=\"768\" height=\"768\" src=\"https:\/\/katarek.pl\/wp-content\/uploads\/2025\/07\/Projekt-bez-nazwy-53-768x768.png\" class=\"h-full w-full object-cover aspect-[6\/5]\" alt=\"Podstawowy Katarek Simple - aspirator kataru do odkurzacza dla dzieci\" srcset=\"https:\/\/katarek.pl\/wp-content\/uploads\/2025\/07\/Projekt-bez-nazwy-53-768x768.png 768w, https:\/\/katarek.pl\/wp-content\/uploads\/2025\/07\/Projekt-bez-nazwy-53-450x450.png 450w, https:\/\/katarek.pl\/wp-content\/uploads\/2025\/07\/Projekt-bez-nazwy-53-250x250.png 250w, https:\/\/katarek.pl\/wp-content\/uploads\/2025\/07\/Projekt-bez-nazwy-53-500x500.png 500w, https:\/\/katarek.pl\/wp-content\/uploads\/2025\/07\/Projekt-bez-nazwy-53-485x485.png 485w, https:\/\/katarek.pl\/wp-content\/uploads\/2025\/07\/Projekt-bez-nazwy-53-600x600.png 600w, https:\/\/katarek.pl\/wp-content\/uploads\/2025\/07\/Projekt-bez-nazwy-53-100x100.png 100w, https:\/\/katarek.pl\/wp-content\/uploads\/2025\/07\/Projekt-bez-nazwy-53.png 1000w\" sizes=\"(max-width: 768px) 100vw, 768px\" \/>\n\n          <\/div>\n        \n      <\/div>\n    <\/div>\n\n    <div class=\"product-card__details bg-white p-12 lg:p-24 flex flex-col gap-20 rounded-b-20 h-full\" data-product-id=\"3120\">\n    <div class=\"inline-block self-start product-card-trustmate__rating\">\n      <a class=\"product-card__title !text-primary-700  inline link-underline h5 font-medium\" href=\"https:\/\/katarek.pl\/produkt\/katarek-simple\/\">\n        Katarek Simple\n      <\/a>\n    <\/div>\n\n          <div class=\"product-card__description line-clamp-3 text-md text-gray-500\"><p>podstawowy aspirator, kt\u00f3ry efektywnie \u015bci\u0105ga katar od pierwszego dnia dziecka<\/p><\/div>\n    \n          <div class=\"flex justify-between gap-14 flex-wrap mt-auto\">\n        <div class=\"product-price h4 font-semibold self-end text-pink-800\">\n          <span class=\"woocommerce-Price-amount amount\"><bdi>42,40&nbsp;<span class=\"woocommerce-Price-currencySymbol\">&#122;&#322;<\/span><\/bdi><\/span>\n        <\/div>\n        <div class=\"product-card__button\">\n\n          <a href=\"\/?add-to-cart=3120\" data-product_id=\"3120\" target=\"_self\" class=\"button primary add_to_cart_button ajax_add_to_cart\">\n            <span>\n              Dodaj do koszyka\n            <\/span>\n\n            <svg xmlns=\"http:\/\/www.w3.org\/2000\/svg\" width=\"24\" height=\"24\" viewbox=\"0 0 24 24\" fill=\"none\">\n\t<path d=\"M4 12H20M20 12L14.6667 7M20 12L14.6667 17\" stroke=\"currentColor\" stroke-width=\"1.5\" stroke-linecap=\"round\"\/>\n<\/svg>\n\n          <\/a>\n\n        <\/div>\n      <\/div>\n      <\/div>\n<\/div>\n\t\t\t\t\t\t\t\t\t\t\t\t\t\t\t\t\t\t\t\t\t<\/div>\n\t\t\t\t\t\t<div class=\"flex place-content-center\">\n\t\t\t\t\t\t\t\t\n\t\n\t\n\t\t\n\t\t\t<a href=\"https:\/\/katarek.pl\/kategoria-produktu\/aspiratory\/\" target=\"_self\"  class=\"button outlined   \">\n\t\t\t\t<span>\n\t\t\t\t\tZobacz wi\u0119cej\n\t\t\t\t<\/span>\n\n\t\t\t\t\t\t\t\t\t<svg xmlns=\"http:\/\/www.w3.org\/2000\/svg\" width=\"24\" height=\"24\" viewbox=\"0 0 24 24\" fill=\"none\">\n\t<path d=\"M4 12H20M20 12L14.6667 7M20 12L14.6667 17\" stroke=\"currentColor\" stroke-width=\"1.5\" stroke-linecap=\"round\"\/>\n<\/svg>\n\n\t\t\t\t\n\t\t\t<\/a>\n\n\t\t\n\t\n\t\t\t\t\t\t<\/div>\n\t\t\t\t\t<\/div>\n\t\t\t\t\t\t\t\t\t<div data-content=\"category-19\" class=\"product-tabs__content \">\n\t\t\t\t\t\t<div class=\"overflow-x-auto flex flex-nowrap gap-32 py-spacer-48 mb-32 lg:mb-0\">\n\t\t\t\t\t\t\t\t\t\t\t\t\t\t\t\t\t\t\t\t\t\t\t\t                              \n\n<div class=\"product-card product-card-trustmate-container flex flex-col relative group min-w-[90vw] lg:min-w-0 lg:w-[calc(100%_\/_3_-_1.5rem)]\">\n\n      <div class=\"bg-secondary-200 rounded-t-20 relative\">\n              <div class=\"post-tags absolute z-10 top-14 left-16 flex flex-wrap gap-8\">\n\n                      \t\t\n\t\t\t\t\t\t\t\t<span class=\"tag pink\">Promocja<\/span>\n\t\t\t\n                    \t\t\n\t\t\t\t\t\t\t\t\t\t\t\t\t<span class=\"tag yellow\">Nowo\u015b\u0107<\/span>\n\t\t\t\t\t\t\t\t\t\t\t\t\t\t\t<span class=\"tag yellow\">z kodem -15%<\/span>\n\t\t\t\n        <\/div>\n            <div class=\"post-image rounded-t-20 overflow-hidden relative aspect-[6\/5]\">\n        <a class=\"stretched-link\" href=\"https:\/\/katarek.pl\/produkt\/helpmedi-nebucare-secure\/\">\n          <span class=\"sr-only\">Helpmedi NebuCare.Secure<\/span>\n        <\/a>\n        <div class=\"transition-opacity   group-hover:opacity-0 \">\n          <img loading=\"lazy\" decoding=\"async\" width=\"768\" height=\"768\" src=\"https:\/\/katarek.pl\/wp-content\/uploads\/2026\/03\/1-768x768.webp\" class=\"h-full w-full object-cover aspect-[6\/5]\" alt=\"Ne_03C\" srcset=\"https:\/\/katarek.pl\/wp-content\/uploads\/2026\/03\/1-768x768.webp 768w, https:\/\/katarek.pl\/wp-content\/uploads\/2026\/03\/1-450x450.webp 450w, https:\/\/katarek.pl\/wp-content\/uploads\/2026\/03\/1-250x250.webp 250w, https:\/\/katarek.pl\/wp-content\/uploads\/2026\/03\/1-500x500.webp 500w, https:\/\/katarek.pl\/wp-content\/uploads\/2026\/03\/1-485x485.webp 485w, https:\/\/katarek.pl\/wp-content\/uploads\/2026\/03\/1-600x600.webp 600w, https:\/\/katarek.pl\/wp-content\/uploads\/2026\/03\/1-100x100.webp 100w, https:\/\/katarek.pl\/wp-content\/uploads\/2026\/03\/1.webp 900w\" sizes=\"(max-width: 768px) 100vw, 768px\" \/>\n\n        <\/div>\n\n                  <div class=\"absolute inset-0 opacity-0 transition-opacity group-hover:opacity-100\">\n            <img loading=\"lazy\" decoding=\"async\" width=\"768\" height=\"768\" src=\"https:\/\/katarek.pl\/wp-content\/uploads\/2026\/03\/7-768x768.webp\" class=\"h-full w-full object-cover aspect-[6\/5]\" alt=\"Ne-03C_ty\u0142_maska\" srcset=\"https:\/\/katarek.pl\/wp-content\/uploads\/2026\/03\/7-768x768.webp 768w, https:\/\/katarek.pl\/wp-content\/uploads\/2026\/03\/7-450x450.webp 450w, https:\/\/katarek.pl\/wp-content\/uploads\/2026\/03\/7-250x250.webp 250w, https:\/\/katarek.pl\/wp-content\/uploads\/2026\/03\/7-500x500.webp 500w, https:\/\/katarek.pl\/wp-content\/uploads\/2026\/03\/7-485x485.webp 485w, https:\/\/katarek.pl\/wp-content\/uploads\/2026\/03\/7-600x600.webp 600w, https:\/\/katarek.pl\/wp-content\/uploads\/2026\/03\/7-100x100.webp 100w, https:\/\/katarek.pl\/wp-content\/uploads\/2026\/03\/7.webp 900w\" sizes=\"(max-width: 768px) 100vw, 768px\" \/>\n\n          <\/div>\n        \n      <\/div>\n    <\/div>\n\n    <div class=\"product-card__details bg-white p-12 lg:p-24 flex flex-col gap-20 rounded-b-20 h-full\" data-product-id=\"5689\">\n    <div class=\"inline-block self-start product-card-trustmate__rating\">\n      <a class=\"product-card__title !text-primary-700  inline link-underline h5 font-medium\" href=\"https:\/\/katarek.pl\/produkt\/helpmedi-nebucare-secure\/\">\n        Helpmedi NebuCare.Secure\n      <\/a>\n    <\/div>\n\n          <div class=\"product-card__description line-clamp-3 text-md text-gray-500\"><p>Ultracichy, mobilny nebulizator siateczkowy z trybem czyszczenia g\u0142owicy<\/p><\/div>\n    \n          <div class=\"flex justify-between gap-14 flex-wrap mt-auto\">\n        <div class=\"product-price h4 font-semibold self-end text-pink-800\">\n          <span class=\"woocommerce-Price-amount amount\"><bdi>179,00&nbsp;<span class=\"woocommerce-Price-currencySymbol\">&#122;&#322;<\/span><\/bdi><\/span>\n        <\/div>\n        <div class=\"product-card__button\">\n\n          <a href=\"\/?add-to-cart=5689\" data-product_id=\"5689\" target=\"_self\" class=\"button primary add_to_cart_button ajax_add_to_cart\">\n            <span>\n              Dodaj do koszyka\n            <\/span>\n\n            <svg xmlns=\"http:\/\/www.w3.org\/2000\/svg\" width=\"24\" height=\"24\" viewbox=\"0 0 24 24\" fill=\"none\">\n\t<path d=\"M4 12H20M20 12L14.6667 7M20 12L14.6667 17\" stroke=\"currentColor\" stroke-width=\"1.5\" stroke-linecap=\"round\"\/>\n<\/svg>\n\n          <\/a>\n\n        <\/div>\n      <\/div>\n      <\/div>\n<\/div>\n\t\t\t\t\t\t\t\t\t\t\t\t\t\t\t\t\t              \n\n<div class=\"product-card product-card-trustmate-container flex flex-col relative group min-w-[90vw] lg:min-w-0 lg:w-[calc(100%_\/_3_-_1.5rem)]\">\n\n      <div class=\"bg-secondary-200 rounded-t-20 relative\">\n            <div class=\"post-image rounded-t-20 overflow-hidden relative aspect-[6\/5]\">\n        <a class=\"stretched-link\" href=\"https:\/\/katarek.pl\/produkt\/zestaw-czesci-zamiennych-basic-cnb69010a-katarek-nebulizator-kompresorowy\/\">\n          <span class=\"sr-only\">Uniwersalny zestaw cz\u0119\u015bci zamiennych BASIC (A), KATAREK Nebulizator kompresorowy<\/span>\n        <\/a>\n        <div class=\"transition-opacity   group-hover:opacity-0 \">\n          <img loading=\"lazy\" decoding=\"async\" width=\"768\" height=\"768\" src=\"https:\/\/katarek.pl\/wp-content\/uploads\/2025\/07\/Uniwersalny-komplet-czesci-zamiennych-BASICA_KATAREK-Nebulizator-kompresorowy-768x768.png\" class=\"h-full w-full object-cover aspect-[6\/5]\" alt=\"Uniwersalny-komplet-czesci-zamiennych-BASIC-A-KATAREK-Nebulizator-kompresorowy\" srcset=\"https:\/\/katarek.pl\/wp-content\/uploads\/2025\/07\/Uniwersalny-komplet-czesci-zamiennych-BASICA_KATAREK-Nebulizator-kompresorowy-768x768.png 768w, https:\/\/katarek.pl\/wp-content\/uploads\/2025\/07\/Uniwersalny-komplet-czesci-zamiennych-BASICA_KATAREK-Nebulizator-kompresorowy-450x450.png 450w, https:\/\/katarek.pl\/wp-content\/uploads\/2025\/07\/Uniwersalny-komplet-czesci-zamiennych-BASICA_KATAREK-Nebulizator-kompresorowy-1024x1024.png 1024w, https:\/\/katarek.pl\/wp-content\/uploads\/2025\/07\/Uniwersalny-komplet-czesci-zamiennych-BASICA_KATAREK-Nebulizator-kompresorowy-250x250.png 250w, https:\/\/katarek.pl\/wp-content\/uploads\/2025\/07\/Uniwersalny-komplet-czesci-zamiennych-BASICA_KATAREK-Nebulizator-kompresorowy-500x500.png 500w, https:\/\/katarek.pl\/wp-content\/uploads\/2025\/07\/Uniwersalny-komplet-czesci-zamiennych-BASICA_KATAREK-Nebulizator-kompresorowy-485x485.png 485w, https:\/\/katarek.pl\/wp-content\/uploads\/2025\/07\/Uniwersalny-komplet-czesci-zamiennych-BASICA_KATAREK-Nebulizator-kompresorowy-600x600.png 600w, https:\/\/katarek.pl\/wp-content\/uploads\/2025\/07\/Uniwersalny-komplet-czesci-zamiennych-BASICA_KATAREK-Nebulizator-kompresorowy-100x100.png 100w, https:\/\/katarek.pl\/wp-content\/uploads\/2025\/07\/Uniwersalny-komplet-czesci-zamiennych-BASICA_KATAREK-Nebulizator-kompresorowy.png 1500w\" sizes=\"(max-width: 768px) 100vw, 768px\" \/>\n\n        <\/div>\n\n                  <div class=\"absolute inset-0 opacity-0 transition-opacity group-hover:opacity-100\">\n            <img loading=\"lazy\" decoding=\"async\" width=\"768\" height=\"768\" src=\"https:\/\/katarek.pl\/wp-content\/uploads\/2025\/07\/katarek-uniwersalny-zestaw-czesci-zamiennych-basic-a-768x768.png\" class=\"h-full w-full object-cover aspect-[6\/5]\" alt=\"Katarek nebulizator - cz\u0119\u015bci zamienne i maseczki\" srcset=\"https:\/\/katarek.pl\/wp-content\/uploads\/2025\/07\/katarek-uniwersalny-zestaw-czesci-zamiennych-basic-a-768x768.png 768w, https:\/\/katarek.pl\/wp-content\/uploads\/2025\/07\/katarek-uniwersalny-zestaw-czesci-zamiennych-basic-a-485x485.png 485w, https:\/\/katarek.pl\/wp-content\/uploads\/2025\/07\/katarek-uniwersalny-zestaw-czesci-zamiennych-basic-a-100x100.png 100w, https:\/\/katarek.pl\/wp-content\/uploads\/2025\/07\/katarek-uniwersalny-zestaw-czesci-zamiennych-basic-a-600x600.png 600w, https:\/\/katarek.pl\/wp-content\/uploads\/2025\/07\/katarek-uniwersalny-zestaw-czesci-zamiennych-basic-a-300x300.png 300w, https:\/\/katarek.pl\/wp-content\/uploads\/2025\/07\/katarek-uniwersalny-zestaw-czesci-zamiennych-basic-a-1024x1024.png 1024w, https:\/\/katarek.pl\/wp-content\/uploads\/2025\/07\/katarek-uniwersalny-zestaw-czesci-zamiennych-basic-a-150x150.png 150w, https:\/\/katarek.pl\/wp-content\/uploads\/2025\/07\/katarek-uniwersalny-zestaw-czesci-zamiennych-basic-a-500x500.png 500w, https:\/\/katarek.pl\/wp-content\/uploads\/2025\/07\/katarek-uniwersalny-zestaw-czesci-zamiennych-basic-a-450x450.png 450w, https:\/\/katarek.pl\/wp-content\/uploads\/2025\/07\/katarek-uniwersalny-zestaw-czesci-zamiennych-basic-a.png 1080w\" sizes=\"(max-width: 768px) 100vw, 768px\" \/>\n\n          <\/div>\n        \n      <\/div>\n    <\/div>\n\n    <div class=\"product-card__details bg-white p-12 lg:p-24 flex flex-col gap-20 rounded-b-20 h-full\" data-product-id=\"3117\">\n    <div class=\"inline-block self-start product-card-trustmate__rating\">\n      <a class=\"product-card__title !text-primary-700  inline link-underline h5 font-medium\" href=\"https:\/\/katarek.pl\/produkt\/zestaw-czesci-zamiennych-basic-cnb69010a-katarek-nebulizator-kompresorowy\/\">\n        Uniwersalny zestaw cz\u0119\u015bci zamiennych BASIC (A), KATAREK Nebulizator kompresorowy\n      <\/a>\n    <\/div>\n\n          <div class=\"product-card__description line-clamp-3 text-md text-gray-500\"><!-- wp:paragraph {\"className\":\"\",\"epAnimationGeneratedClass\":\"edplus_anim-cLL2IQ\",\"epGeneratedClass\":\"eplus-wrapper\"} -->\r\n<p class=\" eplus-wrapper\">zestaw cz\u0119\u015bci zamiennych zawiera: filtr powietrza (5 szt.), maska inhalacyjna ma\u0142a, maska inhalacyjna du\u017ca, ustnik, przew\u00f3d powietrzny<\/p>\r\n<!-- \/wp:paragraph -->\r\n\r\n<!-- wp:paragraph {\"className\":\"\",\"epAnimationGeneratedClass\":\"edplus_anim-cLL2IQ\",\"epGeneratedClass\":\"eplus-wrapper\"} --><!-- \/wp:paragraph --><\/div>\n    \n          <div class=\"flex justify-between gap-14 flex-wrap mt-auto\">\n        <div class=\"product-price h4 font-semibold self-end text-primary-600\">\n          <span class=\"woocommerce-Price-amount amount\"><bdi>35,00&nbsp;<span class=\"woocommerce-Price-currencySymbol\">&#122;&#322;<\/span><\/bdi><\/span>\n        <\/div>\n        <div class=\"product-card__button\">\n\n          <a href=\"\/?add-to-cart=3117\" data-product_id=\"3117\" target=\"_self\" class=\"button primary add_to_cart_button ajax_add_to_cart\">\n            <span>\n              Dodaj do koszyka\n            <\/span>\n\n            <svg xmlns=\"http:\/\/www.w3.org\/2000\/svg\" width=\"24\" height=\"24\" viewbox=\"0 0 24 24\" fill=\"none\">\n\t<path d=\"M4 12H20M20 12L14.6667 7M20 12L14.6667 17\" stroke=\"currentColor\" stroke-width=\"1.5\" stroke-linecap=\"round\"\/>\n<\/svg>\n\n          <\/a>\n\n        <\/div>\n      <\/div>\n      <\/div>\n<\/div>\n\t\t\t\t\t\t\t\t\t\t\t\t\t\t\t\t\t                              \n\n<div class=\"product-card product-card-trustmate-container flex flex-col relative group min-w-[90vw] lg:min-w-0 lg:w-[calc(100%_\/_3_-_1.5rem)]\">\n\n      <div class=\"bg-secondary-200 rounded-t-20 relative\">\n              <div class=\"post-tags absolute z-10 top-14 left-16 flex flex-wrap gap-8\">\n\n                      \t\t\n\t\t\t\t\t\t\t\t<span class=\"tag pink\">Promocja<\/span>\n\t\t\t\n                    \t\t\n\t\t\t\t\t\t\t\t\t\t\t\t\t<span class=\"tag hidden\">nebulizator<\/span>\n\t\t\t\n        <\/div>\n            <div class=\"post-image rounded-t-20 overflow-hidden relative aspect-[6\/5]\">\n        <a class=\"stretched-link\" href=\"https:\/\/katarek.pl\/produkt\/katarek-inhalo\/\">\n          <span class=\"sr-only\">Katarek Inhalo<\/span>\n        <\/a>\n        <div class=\"transition-opacity   group-hover:opacity-0 \">\n          <img loading=\"lazy\" decoding=\"async\" width=\"768\" height=\"768\" src=\"https:\/\/katarek.pl\/wp-content\/uploads\/2025\/06\/Inhalo-1200x1200-v1.1-768x768.png\" class=\"h-full w-full object-cover aspect-[6\/5]\" alt=\"Katarek Inhalo - zestaw do nebulizacji z sol\u0105 fizjologiczna i hipertoniczna dla ca\u0142ej rodziny\" srcset=\"https:\/\/katarek.pl\/wp-content\/uploads\/2025\/06\/Inhalo-1200x1200-v1.1-768x768.png 768w, https:\/\/katarek.pl\/wp-content\/uploads\/2025\/06\/Inhalo-1200x1200-v1.1-450x450.png 450w, https:\/\/katarek.pl\/wp-content\/uploads\/2025\/06\/Inhalo-1200x1200-v1.1-1024x1024.png 1024w, https:\/\/katarek.pl\/wp-content\/uploads\/2025\/06\/Inhalo-1200x1200-v1.1-250x250.png 250w, https:\/\/katarek.pl\/wp-content\/uploads\/2025\/06\/Inhalo-1200x1200-v1.1-500x500.png 500w, https:\/\/katarek.pl\/wp-content\/uploads\/2025\/06\/Inhalo-1200x1200-v1.1-485x485.png 485w, https:\/\/katarek.pl\/wp-content\/uploads\/2025\/06\/Inhalo-1200x1200-v1.1-600x600.png 600w, https:\/\/katarek.pl\/wp-content\/uploads\/2025\/06\/Inhalo-1200x1200-v1.1-100x100.png 100w, https:\/\/katarek.pl\/wp-content\/uploads\/2025\/06\/Inhalo-1200x1200-v1.1.png 1200w\" sizes=\"(max-width: 768px) 100vw, 768px\" \/>\n\n        <\/div>\n\n                  <div class=\"absolute inset-0 opacity-0 transition-opacity group-hover:opacity-100\">\n            <img loading=\"lazy\" decoding=\"async\" width=\"768\" height=\"511\" src=\"https:\/\/katarek.pl\/wp-content\/uploads\/2025\/06\/DSC_6993-scaled-768x511.jpg\" class=\"h-full w-full object-cover aspect-[6\/5]\" alt=\"Zestaw do nebulizacji Katarek Inhalo\" srcset=\"https:\/\/katarek.pl\/wp-content\/uploads\/2025\/06\/DSC_6993-scaled-768x511.jpg 768w, https:\/\/katarek.pl\/wp-content\/uploads\/2025\/06\/DSC_6993-scaled-600x399.jpg 600w, https:\/\/katarek.pl\/wp-content\/uploads\/2025\/06\/DSC_6993-scaled-450x299.jpg 450w, https:\/\/katarek.pl\/wp-content\/uploads\/2025\/06\/DSC_6993-scaled-1024x681.jpg 1024w, https:\/\/katarek.pl\/wp-content\/uploads\/2025\/06\/DSC_6993-scaled-1536x1022.jpg 1536w, https:\/\/katarek.pl\/wp-content\/uploads\/2025\/06\/DSC_6993-scaled-2048x1362.jpg 2048w, https:\/\/katarek.pl\/wp-content\/uploads\/2025\/06\/DSC_6993-scaled-500x333.jpg 500w, https:\/\/katarek.pl\/wp-content\/uploads\/2025\/06\/DSC_6993-300x200.jpg 300w\" sizes=\"(max-width: 768px) 100vw, 768px\" \/>\n\n          <\/div>\n        \n      <\/div>\n    <\/div>\n\n    <div class=\"product-card__details bg-white p-12 lg:p-24 flex flex-col gap-20 rounded-b-20 h-full\" data-product-id=\"1173\">\n    <div class=\"inline-block self-start product-card-trustmate__rating\">\n      <a class=\"product-card__title !text-primary-700  inline link-underline h5 font-medium\" href=\"https:\/\/katarek.pl\/produkt\/katarek-inhalo\/\">\n        Katarek Inhalo\n      <\/a>\n    <\/div>\n\n          <div class=\"product-card__description line-clamp-3 text-md text-gray-500\"><p>zestaw do nebulizacji\u00a0 &#8211; cichy nebulizator kompresorowy w zestawie z solami fizjologicznymi i hipertonicznymi\u00a0<\/p><\/div>\n    \n          <div class=\"flex justify-between gap-14 flex-wrap mt-auto\">\n        <div class=\"product-price h4 font-semibold self-end text-pink-800\">\n          <span class=\"woocommerce-Price-amount amount\"><bdi>179,00&nbsp;<span class=\"woocommerce-Price-currencySymbol\">&#122;&#322;<\/span><\/bdi><\/span>\n        <\/div>\n        <div class=\"product-card__button\">\n\n          <a href=\"\/?add-to-cart=1173\" data-product_id=\"1173\" target=\"_self\" class=\"button primary add_to_cart_button ajax_add_to_cart\">\n            <span>\n              Dodaj do koszyka\n            <\/span>\n\n            <svg xmlns=\"http:\/\/www.w3.org\/2000\/svg\" width=\"24\" height=\"24\" viewbox=\"0 0 24 24\" fill=\"none\">\n\t<path d=\"M4 12H20M20 12L14.6667 7M20 12L14.6667 17\" stroke=\"currentColor\" stroke-width=\"1.5\" stroke-linecap=\"round\"\/>\n<\/svg>\n\n          <\/a>\n\n        <\/div>\n      <\/div>\n      <\/div>\n<\/div>\n\t\t\t\t\t\t\t\t\t\t\t\t\t\t\t\t\t\t\t\t\t<\/div>\n\t\t\t\t\t\t<div class=\"flex place-content-center\">\n\t\t\t\t\t\t\t\t\n\t\n\t\n\t\t\n\t\t\t<a href=\"https:\/\/katarek.pl\/kategoria-produktu\/nebulizatory\/\" target=\"_self\"  class=\"button outlined   \">\n\t\t\t\t<span>\n\t\t\t\t\tZobacz wi\u0119cej\n\t\t\t\t<\/span>\n\n\t\t\t\t\t\t\t\t\t<svg xmlns=\"http:\/\/www.w3.org\/2000\/svg\" width=\"24\" height=\"24\" viewbox=\"0 0 24 24\" fill=\"none\">\n\t<path d=\"M4 12H20M20 12L14.6667 7M20 12L14.6667 17\" stroke=\"currentColor\" stroke-width=\"1.5\" stroke-linecap=\"round\"\/>\n<\/svg>\n\n\t\t\t\t\n\t\t\t<\/a>\n\n\t\t\n\t\n\t\t\t\t\t\t<\/div>\n\t\t\t\t\t<\/div>\n\t\t\t\t\t\t\t\t\t<div data-content=\"category-21\" class=\"product-tabs__content \">\n\t\t\t\t\t\t<div class=\"overflow-x-auto flex flex-nowrap gap-32 py-spacer-48 mb-32 lg:mb-0\">\n\t\t\t\t\t\t\t\t\t\t\t\t\t\t\t\t\t\t\t\t\t\t\t\t        \n\n<div class=\"product-card product-card-trustmate-container flex flex-col relative group min-w-[90vw] lg:min-w-0 lg:w-[calc(100%_\/_3_-_1.5rem)]\">\n\n      <div class=\"bg-secondary-200 rounded-t-20 relative\">\n              <div class=\"post-tags absolute z-10 top-14 left-16 flex flex-wrap gap-8\">\n\n                    \t\t\n\t\t\t\t\t\t\t\t\t\t\t\t\t<span class=\"tag yellow\">Nowo\u015b\u0107<\/span>\n\t\t\t\n        <\/div>\n            <div class=\"post-image rounded-t-20 overflow-hidden relative aspect-[6\/5]\">\n        <a class=\"stretched-link\" href=\"https:\/\/katarek.pl\/produkt\/katarek-woda-morska-izotoniczna-30-ml\/\">\n          <span class=\"sr-only\">Katarek Woda Morska izotoniczna 30 ml<\/span>\n        <\/a>\n        <div class=\"transition-opacity \">\n          <img loading=\"lazy\" decoding=\"async\" width=\"768\" height=\"768\" src=\"https:\/\/katarek.pl\/wp-content\/uploads\/2026\/01\/Projekt-bez-nazwy-5-768x768.png\" class=\"h-full w-full object-cover aspect-[6\/5]\" alt=\"Katarek Woda Morska Izotoniczna 0,9 %, spray do nosa\" srcset=\"https:\/\/katarek.pl\/wp-content\/uploads\/2026\/01\/Projekt-bez-nazwy-5-768x768.png 768w, https:\/\/katarek.pl\/wp-content\/uploads\/2026\/01\/Projekt-bez-nazwy-5-450x450.png 450w, https:\/\/katarek.pl\/wp-content\/uploads\/2026\/01\/Projekt-bez-nazwy-5-250x250.png 250w, https:\/\/katarek.pl\/wp-content\/uploads\/2026\/01\/Projekt-bez-nazwy-5-500x500.png 500w, https:\/\/katarek.pl\/wp-content\/uploads\/2026\/01\/Projekt-bez-nazwy-5-485x485.png 485w, https:\/\/katarek.pl\/wp-content\/uploads\/2026\/01\/Projekt-bez-nazwy-5-600x600.png 600w, https:\/\/katarek.pl\/wp-content\/uploads\/2026\/01\/Projekt-bez-nazwy-5-100x100.png 100w, https:\/\/katarek.pl\/wp-content\/uploads\/2026\/01\/Projekt-bez-nazwy-5.png 900w\" sizes=\"(max-width: 768px) 100vw, 768px\" \/>\n\n        <\/div>\n\n        \n      <\/div>\n    <\/div>\n\n    <div class=\"product-card__details bg-white p-12 lg:p-24 flex flex-col gap-20 rounded-b-20 h-full\" data-product-id=\"4143\">\n    <div class=\"inline-block self-start product-card-trustmate__rating\">\n      <a class=\"product-card__title !text-primary-700  inline link-underline h5 font-medium\" href=\"https:\/\/katarek.pl\/produkt\/katarek-woda-morska-izotoniczna-30-ml\/\">\n        Katarek Woda Morska izotoniczna 30 ml\n      <\/a>\n    <\/div>\n\n          <div class=\"product-card__description line-clamp-3 text-md text-gray-500\"><p>naturalna ulga dla nosa. Bez konserwant\u00f3w, bez kompromis\u00f3w<\/p><\/div>\n    \n          <div class=\"flex justify-between gap-14 flex-wrap mt-auto\">\n        <div class=\"product-price h4 font-semibold self-end text-primary-600\">\n          <span class=\"woocommerce-Price-amount amount\"><bdi>15,90&nbsp;<span class=\"woocommerce-Price-currencySymbol\">&#122;&#322;<\/span><\/bdi><\/span>\n        <\/div>\n        <div class=\"product-card__button\">\n\n          <a href=\"\/?add-to-cart=4143\" data-product_id=\"4143\" target=\"_self\" class=\"button primary add_to_cart_button ajax_add_to_cart\">\n            <span>\n              Dodaj do koszyka\n            <\/span>\n\n            <svg xmlns=\"http:\/\/www.w3.org\/2000\/svg\" width=\"24\" height=\"24\" viewbox=\"0 0 24 24\" fill=\"none\">\n\t<path d=\"M4 12H20M20 12L14.6667 7M20 12L14.6667 17\" stroke=\"currentColor\" stroke-width=\"1.5\" stroke-linecap=\"round\"\/>\n<\/svg>\n\n          <\/a>\n\n        <\/div>\n      <\/div>\n      <\/div>\n<\/div>\n\t\t\t\t\t\t\t\t\t\t\t\t\t\t\t\t\t                              \n\n<div class=\"product-card product-card-trustmate-container flex flex-col relative group min-w-[90vw] lg:min-w-0 lg:w-[calc(100%_\/_3_-_1.5rem)]\">\n\n      <div class=\"bg-secondary-200 rounded-t-20 relative\">\n              <div class=\"post-tags absolute z-10 top-14 left-16 flex flex-wrap gap-8\">\n\n                      \t\t\n\t\t\t\t\t\t\t\t<span class=\"tag pink\">Promocja<\/span>\n\t\t\t\n                            <\/div>\n            <div class=\"post-image rounded-t-20 overflow-hidden relative aspect-[6\/5]\">\n        <a class=\"stretched-link\" href=\"https:\/\/katarek.pl\/produkt\/katarek-fizjologiczny-roztwor-soli\/\">\n          <span class=\"sr-only\">Katarek s\u00f3l fizjologiczna 0,9%<\/span>\n        <\/a>\n        <div class=\"transition-opacity   group-hover:opacity-0 \">\n          <img loading=\"lazy\" decoding=\"async\" width=\"768\" height=\"768\" src=\"https:\/\/katarek.pl\/wp-content\/uploads\/2025\/07\/Projekt-bez-nazwy-45-768x768.png\" class=\"h-full w-full object-cover aspect-[6\/5]\" alt=\"Katarek roztw\u00f3r fizjologiczny soli 0,9%\" srcset=\"https:\/\/katarek.pl\/wp-content\/uploads\/2025\/07\/Projekt-bez-nazwy-45-768x768.png 768w, https:\/\/katarek.pl\/wp-content\/uploads\/2025\/07\/Projekt-bez-nazwy-45-485x485.png 485w, https:\/\/katarek.pl\/wp-content\/uploads\/2025\/07\/Projekt-bez-nazwy-45-100x100.png 100w, https:\/\/katarek.pl\/wp-content\/uploads\/2025\/07\/Projekt-bez-nazwy-45-600x600.png 600w, https:\/\/katarek.pl\/wp-content\/uploads\/2025\/07\/Projekt-bez-nazwy-45-450x450.png 450w, https:\/\/katarek.pl\/wp-content\/uploads\/2025\/07\/Projekt-bez-nazwy-45-250x250.png 250w, https:\/\/katarek.pl\/wp-content\/uploads\/2025\/07\/Projekt-bez-nazwy-45-500x500.png 500w, https:\/\/katarek.pl\/wp-content\/uploads\/2025\/07\/Projekt-bez-nazwy-45.png 1000w\" sizes=\"(max-width: 768px) 100vw, 768px\" \/>\n\n        <\/div>\n\n                  <div class=\"absolute inset-0 opacity-0 transition-opacity group-hover:opacity-100\">\n            <img loading=\"lazy\" decoding=\"async\" width=\"600\" height=\"600\" src=\"https:\/\/katarek.pl\/wp-content\/uploads\/2025\/07\/3.png\" class=\"h-full w-full object-cover aspect-[6\/5]\" alt=\"Katarek roztw\u00f3r fizjologiczny soli 0,9%\" srcset=\"https:\/\/katarek.pl\/wp-content\/uploads\/2025\/07\/3.png 600w, https:\/\/katarek.pl\/wp-content\/uploads\/2025\/07\/3-485x485.png 485w, https:\/\/katarek.pl\/wp-content\/uploads\/2025\/07\/3-100x100.png 100w, https:\/\/katarek.pl\/wp-content\/uploads\/2025\/07\/3-300x300.png 300w, https:\/\/katarek.pl\/wp-content\/uploads\/2025\/07\/3-150x150.png 150w, https:\/\/katarek.pl\/wp-content\/uploads\/2025\/07\/3-500x500.png 500w, https:\/\/katarek.pl\/wp-content\/uploads\/2025\/07\/3-450x450.png 450w\" sizes=\"(max-width: 600px) 100vw, 600px\" \/>\n\n          <\/div>\n        \n      <\/div>\n    <\/div>\n\n    <div class=\"product-card__details bg-white p-12 lg:p-24 flex flex-col gap-20 rounded-b-20 h-full\" data-product-id=\"3148\">\n    <div class=\"inline-block self-start product-card-trustmate__rating\">\n      <a class=\"product-card__title !text-primary-700  inline link-underline h5 font-medium\" href=\"https:\/\/katarek.pl\/produkt\/katarek-fizjologiczny-roztwor-soli\/\">\n        Katarek s\u00f3l fizjologiczna 0,9%\n      <\/a>\n    <\/div>\n\n          <div class=\"product-card__description line-clamp-3 text-md text-gray-500\"><p>do nebulizacji i piel\u0119gnacji noska, oka, ucha, przemywania ran\u00a0<\/p><\/div>\n    \n          <div class=\"flex justify-between gap-14 flex-wrap mt-auto\">\n        <div class=\"product-price h4 font-semibold self-end text-pink-800\">\n          <span class=\"woocommerce-Price-amount amount\"><bdi>10,50&nbsp;<span class=\"woocommerce-Price-currencySymbol\">&#122;&#322;<\/span><\/bdi><\/span>\n        <\/div>\n        <div class=\"product-card__button\">\n\n          <a href=\"\/?add-to-cart=3148\" data-product_id=\"3148\" target=\"_self\" class=\"button primary add_to_cart_button ajax_add_to_cart\">\n            <span>\n              Dodaj do koszyka\n            <\/span>\n\n            <svg xmlns=\"http:\/\/www.w3.org\/2000\/svg\" width=\"24\" height=\"24\" viewbox=\"0 0 24 24\" fill=\"none\">\n\t<path d=\"M4 12H20M20 12L14.6667 7M20 12L14.6667 17\" stroke=\"currentColor\" stroke-width=\"1.5\" stroke-linecap=\"round\"\/>\n<\/svg>\n\n          <\/a>\n\n        <\/div>\n      <\/div>\n      <\/div>\n<\/div>\n\t\t\t\t\t\t\t\t\t\t\t\t\t\t\t\t\t                              \n\n<div class=\"product-card product-card-trustmate-container flex flex-col relative group min-w-[90vw] lg:min-w-0 lg:w-[calc(100%_\/_3_-_1.5rem)]\">\n\n      <div class=\"bg-secondary-200 rounded-t-20 relative\">\n              <div class=\"post-tags absolute z-10 top-14 left-16 flex flex-wrap gap-8\">\n\n                      \t\t\n\t\t\t\t\t\t\t\t<span class=\"tag pink\">Promocja<\/span>\n\t\t\t\n                            <\/div>\n            <div class=\"post-image rounded-t-20 overflow-hidden relative aspect-[6\/5]\">\n        <a class=\"stretched-link\" href=\"https:\/\/katarek.pl\/produkt\/sol-hipertoniczna\/\">\n          <span class=\"sr-only\">Katarek s\u00f3l hipertoniczna 3%<\/span>\n        <\/a>\n        <div class=\"transition-opacity \">\n          <img loading=\"lazy\" decoding=\"async\" width=\"768\" height=\"768\" src=\"https:\/\/katarek.pl\/wp-content\/uploads\/2025\/07\/Projekt-bez-nazwy-46-768x768.png\" class=\"h-full w-full object-cover aspect-[6\/5]\" alt=\"Katarek s\u00f3l hipertoniczna 3% do nebulizacji dla dzieci - roztw\u00f3r w ampu\u0142kach\" srcset=\"https:\/\/katarek.pl\/wp-content\/uploads\/2025\/07\/Projekt-bez-nazwy-46-768x768.png 768w, https:\/\/katarek.pl\/wp-content\/uploads\/2025\/07\/Projekt-bez-nazwy-46-485x485.png 485w, https:\/\/katarek.pl\/wp-content\/uploads\/2025\/07\/Projekt-bez-nazwy-46-100x100.png 100w, https:\/\/katarek.pl\/wp-content\/uploads\/2025\/07\/Projekt-bez-nazwy-46-600x600.png 600w, https:\/\/katarek.pl\/wp-content\/uploads\/2025\/07\/Projekt-bez-nazwy-46-450x450.png 450w, https:\/\/katarek.pl\/wp-content\/uploads\/2025\/07\/Projekt-bez-nazwy-46-250x250.png 250w, https:\/\/katarek.pl\/wp-content\/uploads\/2025\/07\/Projekt-bez-nazwy-46-500x500.png 500w, https:\/\/katarek.pl\/wp-content\/uploads\/2025\/07\/Projekt-bez-nazwy-46.png 1000w\" sizes=\"(max-width: 768px) 100vw, 768px\" \/>\n\n        <\/div>\n\n        \n      <\/div>\n    <\/div>\n\n    <div class=\"product-card__details bg-white p-12 lg:p-24 flex flex-col gap-20 rounded-b-20 h-full\" data-product-id=\"3044\">\n    <div class=\"inline-block self-start product-card-trustmate__rating\">\n      <a class=\"product-card__title !text-primary-700  inline link-underline h5 font-medium\" href=\"https:\/\/katarek.pl\/produkt\/sol-hipertoniczna\/\">\n        Katarek s\u00f3l hipertoniczna 3%\n      <\/a>\n    <\/div>\n\n          <div class=\"product-card__description line-clamp-3 text-md text-gray-500\"><p>naturalna pomoc w oczyszczaniu dr\u00f3g oddechowych. Idealna do nebulizacji \u2013 zar\u00f3wno dla dzieci i doros\u0142ych &#8211; najlepiej po konsultacji z lekarzem<\/p><\/div>\n    \n          <div class=\"flex justify-between gap-14 flex-wrap mt-auto\">\n        <div class=\"product-price h4 font-semibold self-end text-pink-800\">\n          <span class=\"woocommerce-Price-amount amount\"><bdi>21,00&nbsp;<span class=\"woocommerce-Price-currencySymbol\">&#122;&#322;<\/span><\/bdi><\/span>\n        <\/div>\n        <div class=\"product-card__button\">\n\n          <a href=\"\/?add-to-cart=3044\" data-product_id=\"3044\" target=\"_self\" class=\"button primary add_to_cart_button ajax_add_to_cart\">\n            <span>\n              Dodaj do koszyka\n            <\/span>\n\n            <svg xmlns=\"http:\/\/www.w3.org\/2000\/svg\" width=\"24\" height=\"24\" viewbox=\"0 0 24 24\" fill=\"none\">\n\t<path d=\"M4 12H20M20 12L14.6667 7M20 12L14.6667 17\" stroke=\"currentColor\" stroke-width=\"1.5\" stroke-linecap=\"round\"\/>\n<\/svg>\n\n          <\/a>\n\n        <\/div>\n      <\/div>\n      <\/div>\n<\/div>\n\t\t\t\t\t\t\t\t\t\t\t\t\t\t\t\t\t\t\t\t\t<\/div>\n\t\t\t\t\t\t<div class=\"flex place-content-center\">\n\t\t\t\t\t\t\t\t\n\t\n\t\n\t\t\n\t\t\t<a href=\"https:\/\/katarek.pl\/kategoria-produktu\/sole\/\" target=\"_self\"  class=\"button outlined   \">\n\t\t\t\t<span>\n\t\t\t\t\tZobacz wi\u0119cej\n\t\t\t\t<\/span>\n\n\t\t\t\t\t\t\t\t\t<svg xmlns=\"http:\/\/www.w3.org\/2000\/svg\" width=\"24\" height=\"24\" viewbox=\"0 0 24 24\" fill=\"none\">\n\t<path d=\"M4 12H20M20 12L14.6667 7M20 12L14.6667 17\" stroke=\"currentColor\" stroke-width=\"1.5\" stroke-linecap=\"round\"\/>\n<\/svg>\n\n\t\t\t\t\n\t\t\t<\/a>\n\n\t\t\n\t\n\t\t\t\t\t\t<\/div>\n\t\t\t\t\t<\/div>\n\t\t\t\t\t\t\t<\/div>\n\t\t\t<\/div>\n\n\n<\/section>\n","protected":false},"excerpt":"Ufff! Znowu to samo! Budzisz si\u0119\u00a0rano i nie mo\u017cesz uwierzy\u0107 w to, co ci si\u0119 \u015bni\u0142o! Kilka r\u00f3\u017cnych sn\u00f3w w ci\u0105gu\u00a0jednej nocy, a ka\u017cdy z nich \u015bwietnie pami\u0119tasz. Zdarza si\u0119, \u017ce s\u0105 \u015bmieszne, niewiarygodne, albo wr\u0119cz przeciwnie &#8211; to koszmary, kt\u00f3re m\u0119cz\u0105 ci\u0119 co noc. Nie wystarczy rosn\u0105cy\u00a0brzuch, kt\u00f3ry utrudnia znalezienie wygodnej pozycji do spania, [&hellip;]","author":7,"featured_media":810,"comment_status":"open","ping_status":"open","sticky":false,"template":"","format":"standard","meta":{"_acf_changed":false,"inline_featured_image":false,"editor_plus_copied_stylings":"{}","footnotes":""},"categories":[43,50],"tags":[],"class_list":["post-2206","post","type-post","status-publish","format-standard","has-post-thumbnail","hentry","category-ciaza","category-emocje"],"yoast_head":"<!-- This site is optimized with the Yoast SEO plugin v27.4 - https:\/\/yoast.com\/product\/yoast-seo-wordpress\/ -->\n<title>Sny w ci\u0105\u017cy: dziwne koszmary, realistyczne scenariusze - blog Katarek<\/title>\n<meta name=\"description\" content=\"Dr\u0119cz\u0105 Ci\u0119 w nocy dziwne i realistyczne koszmary? Intensywne sny w pierwszym trymestrze ci\u0105\u017cy spotyka wiele kobiet. Dlaczego? Sprawd\u017a i przeczytaj na blogu Katarek!\" \/>\n<meta name=\"robots\" content=\"index, follow, max-snippet:-1, max-image-preview:large, max-video-preview:-1\" \/>\n<link rel=\"canonical\" href=\"https:\/\/katarek.pl\/sny-w-ciazy-dziwne-realistyczne-koszmary\/\" \/>\n<meta property=\"og:locale\" content=\"pl_PL\" \/>\n<meta property=\"og:type\" content=\"article\" \/>\n<meta property=\"og:title\" content=\"Sny w ci\u0105\u017cy: dziwne koszmary, realistyczne scenariusze - blog Katarek\" \/>\n<meta property=\"og:description\" content=\"Dr\u0119cz\u0105 Ci\u0119 w nocy dziwne i realistyczne koszmary? Intensywne sny w pierwszym trymestrze ci\u0105\u017cy spotyka wiele kobiet. Dlaczego? Sprawd\u017a i przeczytaj na blogu Katarek!\" \/>\n<meta property=\"og:url\" content=\"https:\/\/katarek.pl\/sny-w-ciazy-dziwne-realistyczne-koszmary\/\" \/>\n<meta property=\"og:site_name\" content=\"katarek.pl\" \/>\n<meta property=\"article:published_time\" content=\"2016-12-14T12:44:52+00:00\" \/>\n<meta property=\"article:modified_time\" content=\"2026-01-29T15:04:15+00:00\" \/>\n<meta property=\"og:image\" content=\"https:\/\/katarek.pl\/wp-content\/uploads\/2016\/12\/sny-w-ciacca8zcc87y-1024x683-1.jpg\" \/>\n\t<meta property=\"og:image:width\" content=\"1024\" \/>\n\t<meta property=\"og:image:height\" content=\"683\" \/>\n\t<meta property=\"og:image:type\" content=\"image\/jpeg\" \/>\n<meta name=\"author\" content=\"katarek\" \/>\n<meta name=\"twitter:card\" content=\"summary_large_image\" \/>\n<meta name=\"twitter:label1\" content=\"Napisane przez\" \/>\n\t<meta name=\"twitter:data1\" content=\"katarek\" \/>\n\t<meta name=\"twitter:label2\" content=\"Szacowany czas czytania\" \/>\n\t<meta name=\"twitter:data2\" content=\"4 minuty\" \/>\n<script type=\"application\/ld+json\" class=\"yoast-schema-graph\">{\"@context\":\"https:\\\/\\\/schema.org\",\"@graph\":[{\"@type\":\"Article\",\"@id\":\"https:\\\/\\\/katarek.pl\\\/sny-w-ciazy-dziwne-realistyczne-koszmary\\\/#article\",\"isPartOf\":{\"@id\":\"https:\\\/\\\/katarek.pl\\\/sny-w-ciazy-dziwne-realistyczne-koszmary\\\/\"},\"author\":{\"name\":\"katarek\",\"@id\":\"https:\\\/\\\/katarek.pl\\\/#\\\/schema\\\/person\\\/c7267555b2aaad4c6d15146a155bc430\"},\"headline\":\"Sny w ci\u0105\u017cy &#8211; dziwne, a jak realne\",\"datePublished\":\"2016-12-14T12:44:52+00:00\",\"dateModified\":\"2026-01-29T15:04:15+00:00\",\"mainEntityOfPage\":{\"@id\":\"https:\\\/\\\/katarek.pl\\\/sny-w-ciazy-dziwne-realistyczne-koszmary\\\/\"},\"wordCount\":707,\"commentCount\":0,\"image\":{\"@id\":\"https:\\\/\\\/katarek.pl\\\/sny-w-ciazy-dziwne-realistyczne-koszmary\\\/#primaryimage\"},\"thumbnailUrl\":\"https:\\\/\\\/katarek.pl\\\/wp-content\\\/uploads\\\/2016\\\/12\\\/sny-w-ciacca8zcc87y-1024x683-1.jpg\",\"articleSection\":[\"Ci\u0105\u017ca\",\"Emocje\"],\"inLanguage\":\"pl-PL\"},{\"@type\":\"WebPage\",\"@id\":\"https:\\\/\\\/katarek.pl\\\/sny-w-ciazy-dziwne-realistyczne-koszmary\\\/\",\"url\":\"https:\\\/\\\/katarek.pl\\\/sny-w-ciazy-dziwne-realistyczne-koszmary\\\/\",\"name\":\"Sny w ci\u0105\u017cy: dziwne koszmary, realistyczne scenariusze - blog Katarek\",\"isPartOf\":{\"@id\":\"https:\\\/\\\/katarek.pl\\\/#website\"},\"primaryImageOfPage\":{\"@id\":\"https:\\\/\\\/katarek.pl\\\/sny-w-ciazy-dziwne-realistyczne-koszmary\\\/#primaryimage\"},\"image\":{\"@id\":\"https:\\\/\\\/katarek.pl\\\/sny-w-ciazy-dziwne-realistyczne-koszmary\\\/#primaryimage\"},\"thumbnailUrl\":\"https:\\\/\\\/katarek.pl\\\/wp-content\\\/uploads\\\/2016\\\/12\\\/sny-w-ciacca8zcc87y-1024x683-1.jpg\",\"datePublished\":\"2016-12-14T12:44:52+00:00\",\"dateModified\":\"2026-01-29T15:04:15+00:00\",\"author\":{\"@id\":\"https:\\\/\\\/katarek.pl\\\/#\\\/schema\\\/person\\\/c7267555b2aaad4c6d15146a155bc430\"},\"description\":\"Dr\u0119cz\u0105 Ci\u0119 w nocy dziwne i realistyczne koszmary? Intensywne sny w pierwszym trymestrze ci\u0105\u017cy spotyka wiele kobiet. Dlaczego? Sprawd\u017a i przeczytaj na blogu Katarek!\",\"breadcrumb\":{\"@id\":\"https:\\\/\\\/katarek.pl\\\/sny-w-ciazy-dziwne-realistyczne-koszmary\\\/#breadcrumb\"},\"inLanguage\":\"pl-PL\",\"potentialAction\":[{\"@type\":\"ReadAction\",\"target\":[\"https:\\\/\\\/katarek.pl\\\/sny-w-ciazy-dziwne-realistyczne-koszmary\\\/\"]}]},{\"@type\":\"ImageObject\",\"inLanguage\":\"pl-PL\",\"@id\":\"https:\\\/\\\/katarek.pl\\\/sny-w-ciazy-dziwne-realistyczne-koszmary\\\/#primaryimage\",\"url\":\"https:\\\/\\\/katarek.pl\\\/wp-content\\\/uploads\\\/2016\\\/12\\\/sny-w-ciacca8zcc87y-1024x683-1.jpg\",\"contentUrl\":\"https:\\\/\\\/katarek.pl\\\/wp-content\\\/uploads\\\/2016\\\/12\\\/sny-w-ciacca8zcc87y-1024x683-1.jpg\",\"width\":1024,\"height\":683,\"caption\":\"Sny w ci\u0105\u017cy realistyczne koszmary\"},{\"@type\":\"BreadcrumbList\",\"@id\":\"https:\\\/\\\/katarek.pl\\\/sny-w-ciazy-dziwne-realistyczne-koszmary\\\/#breadcrumb\",\"itemListElement\":[{\"@type\":\"ListItem\",\"position\":1,\"name\":\"Home\",\"item\":\"https:\\\/\\\/katarek.pl\\\/\"},{\"@type\":\"ListItem\",\"position\":2,\"name\":\"Blog\",\"item\":\"https:\\\/\\\/katarek.pl\\\/blog\\\/\"},{\"@type\":\"ListItem\",\"position\":3,\"name\":\"Sny w ci\u0105\u017cy &#8211; dziwne, a jak realne\"}]},{\"@type\":\"WebSite\",\"@id\":\"https:\\\/\\\/katarek.pl\\\/#website\",\"url\":\"https:\\\/\\\/katarek.pl\\\/\",\"name\":\"katarek.pl\",\"description\":\"\",\"potentialAction\":[{\"@type\":\"SearchAction\",\"target\":{\"@type\":\"EntryPoint\",\"urlTemplate\":\"https:\\\/\\\/katarek.pl\\\/?s={search_term_string}\"},\"query-input\":{\"@type\":\"PropertyValueSpecification\",\"valueRequired\":true,\"valueName\":\"search_term_string\"}}],\"inLanguage\":\"pl-PL\"},{\"@type\":\"Person\",\"@id\":\"https:\\\/\\\/katarek.pl\\\/#\\\/schema\\\/person\\\/c7267555b2aaad4c6d15146a155bc430\",\"name\":\"katarek\",\"url\":\"https:\\\/\\\/katarek.pl\\\/author\\\/katarek\\\/\"}]}<\/script>\n<!-- \/ Yoast SEO plugin. -->","yoast_head_json":{"title":"Sny w ci\u0105\u017cy: dziwne koszmary, realistyczne scenariusze - blog Katarek","description":"Dr\u0119cz\u0105 Ci\u0119 w nocy dziwne i realistyczne koszmary? Intensywne sny w pierwszym trymestrze ci\u0105\u017cy spotyka wiele kobiet. Dlaczego? Sprawd\u017a i przeczytaj na blogu Katarek!","robots":{"index":"index","follow":"follow","max-snippet":"max-snippet:-1","max-image-preview":"max-image-preview:large","max-video-preview":"max-video-preview:-1"},"canonical":"https:\/\/katarek.pl\/sny-w-ciazy-dziwne-realistyczne-koszmary\/","og_locale":"pl_PL","og_type":"article","og_title":"Sny w ci\u0105\u017cy: dziwne koszmary, realistyczne scenariusze - blog Katarek","og_description":"Dr\u0119cz\u0105 Ci\u0119 w nocy dziwne i realistyczne koszmary? Intensywne sny w pierwszym trymestrze ci\u0105\u017cy spotyka wiele kobiet. Dlaczego? Sprawd\u017a i przeczytaj na blogu Katarek!","og_url":"https:\/\/katarek.pl\/sny-w-ciazy-dziwne-realistyczne-koszmary\/","og_site_name":"katarek.pl","article_published_time":"2016-12-14T12:44:52+00:00","article_modified_time":"2026-01-29T15:04:15+00:00","og_image":[{"width":1024,"height":683,"url":"https:\/\/katarek.pl\/wp-content\/uploads\/2016\/12\/sny-w-ciacca8zcc87y-1024x683-1.jpg","type":"image\/jpeg"}],"author":"katarek","twitter_card":"summary_large_image","twitter_misc":{"Napisane przez":"katarek","Szacowany czas czytania":"4 minuty"},"schema":{"@context":"https:\/\/schema.org","@graph":[{"@type":"Article","@id":"https:\/\/katarek.pl\/sny-w-ciazy-dziwne-realistyczne-koszmary\/#article","isPartOf":{"@id":"https:\/\/katarek.pl\/sny-w-ciazy-dziwne-realistyczne-koszmary\/"},"author":{"name":"katarek","@id":"https:\/\/katarek.pl\/#\/schema\/person\/c7267555b2aaad4c6d15146a155bc430"},"headline":"Sny w ci\u0105\u017cy &#8211; dziwne, a jak realne","datePublished":"2016-12-14T12:44:52+00:00","dateModified":"2026-01-29T15:04:15+00:00","mainEntityOfPage":{"@id":"https:\/\/katarek.pl\/sny-w-ciazy-dziwne-realistyczne-koszmary\/"},"wordCount":707,"commentCount":0,"image":{"@id":"https:\/\/katarek.pl\/sny-w-ciazy-dziwne-realistyczne-koszmary\/#primaryimage"},"thumbnailUrl":"https:\/\/katarek.pl\/wp-content\/uploads\/2016\/12\/sny-w-ciacca8zcc87y-1024x683-1.jpg","articleSection":["Ci\u0105\u017ca","Emocje"],"inLanguage":"pl-PL"},{"@type":"WebPage","@id":"https:\/\/katarek.pl\/sny-w-ciazy-dziwne-realistyczne-koszmary\/","url":"https:\/\/katarek.pl\/sny-w-ciazy-dziwne-realistyczne-koszmary\/","name":"Sny w ci\u0105\u017cy: dziwne koszmary, realistyczne scenariusze - blog Katarek","isPartOf":{"@id":"https:\/\/katarek.pl\/#website"},"primaryImageOfPage":{"@id":"https:\/\/katarek.pl\/sny-w-ciazy-dziwne-realistyczne-koszmary\/#primaryimage"},"image":{"@id":"https:\/\/katarek.pl\/sny-w-ciazy-dziwne-realistyczne-koszmary\/#primaryimage"},"thumbnailUrl":"https:\/\/katarek.pl\/wp-content\/uploads\/2016\/12\/sny-w-ciacca8zcc87y-1024x683-1.jpg","datePublished":"2016-12-14T12:44:52+00:00","dateModified":"2026-01-29T15:04:15+00:00","author":{"@id":"https:\/\/katarek.pl\/#\/schema\/person\/c7267555b2aaad4c6d15146a155bc430"},"description":"Dr\u0119cz\u0105 Ci\u0119 w nocy dziwne i realistyczne koszmary? Intensywne sny w pierwszym trymestrze ci\u0105\u017cy spotyka wiele kobiet. Dlaczego? Sprawd\u017a i przeczytaj na blogu Katarek!","breadcrumb":{"@id":"https:\/\/katarek.pl\/sny-w-ciazy-dziwne-realistyczne-koszmary\/#breadcrumb"},"inLanguage":"pl-PL","potentialAction":[{"@type":"ReadAction","target":["https:\/\/katarek.pl\/sny-w-ciazy-dziwne-realistyczne-koszmary\/"]}]},{"@type":"ImageObject","inLanguage":"pl-PL","@id":"https:\/\/katarek.pl\/sny-w-ciazy-dziwne-realistyczne-koszmary\/#primaryimage","url":"https:\/\/katarek.pl\/wp-content\/uploads\/2016\/12\/sny-w-ciacca8zcc87y-1024x683-1.jpg","contentUrl":"https:\/\/katarek.pl\/wp-content\/uploads\/2016\/12\/sny-w-ciacca8zcc87y-1024x683-1.jpg","width":1024,"height":683,"caption":"Sny w ci\u0105\u017cy realistyczne koszmary"},{"@type":"BreadcrumbList","@id":"https:\/\/katarek.pl\/sny-w-ciazy-dziwne-realistyczne-koszmary\/#breadcrumb","itemListElement":[{"@type":"ListItem","position":1,"name":"Home","item":"https:\/\/katarek.pl\/"},{"@type":"ListItem","position":2,"name":"Blog","item":"https:\/\/katarek.pl\/blog\/"},{"@type":"ListItem","position":3,"name":"Sny w ci\u0105\u017cy &#8211; dziwne, a jak realne"}]},{"@type":"WebSite","@id":"https:\/\/katarek.pl\/#website","url":"https:\/\/katarek.pl\/","name":"katarek.pl","description":"","potentialAction":[{"@type":"SearchAction","target":{"@type":"EntryPoint","urlTemplate":"https:\/\/katarek.pl\/?s={search_term_string}"},"query-input":{"@type":"PropertyValueSpecification","valueRequired":true,"valueName":"search_term_string"}}],"inLanguage":"pl-PL"},{"@type":"Person","@id":"https:\/\/katarek.pl\/#\/schema\/person\/c7267555b2aaad4c6d15146a155bc430","name":"katarek","url":"https:\/\/katarek.pl\/author\/katarek\/"}]}},"acf":[],"gutenberg_blocks":[{"blockName":"custom-styles","attrs":{"styles":""}},{"blockName":"acf\/productlistswithnavigation","attrs":{"name":"acf\/productlistswithnavigation","data":{"title_heading_label":"","_title_heading_label":"field_680f5de7d3992","title_heading_text":"","_title_heading_text":"field_638627ccced84","title_heading_level":"h2","_title_heading_level":"field_638627e7ced85","title_heading_variant":"default","_title_heading_variant":"field_63862847ced86","title_extra_classes":"","_title_extra_classes":"field_638628eeced88","title":"","_title":"field_67f635c24ab4f","type_section":"manual","_type_section":"field_67f6367c80390","relationship":["16","19","21"],"_relationship":"field_67f636438038f"},"mode":"edit"},"innerBlocks":[],"innerHTML":"","innerContent":[]}],"meta_data":false,"featured_image":{"url":"https:\/\/katarek.pl\/wp-content\/uploads\/2016\/12\/sny-w-ciacca8zcc87y-1024x683-1.jpg"},"main_category":{"name":"Ci\u0105\u017ca"},"prev_page":{"slug":"witamina-d-niedobor"},"next_page":{"slug":"co-warunkuje-odpornosc-dziecka"},"_links":{"self":[{"href":"https:\/\/katarek.pl\/index.php\/wp-json\/wp\/v2\/posts\/2206","targetHints":{"allow":["GET"]}}],"collection":[{"href":"https:\/\/katarek.pl\/index.php\/wp-json\/wp\/v2\/posts"}],"about":[{"href":"https:\/\/katarek.pl\/index.php\/wp-json\/wp\/v2\/types\/post"}],"author":[{"embeddable":true,"href":"https:\/\/katarek.pl\/index.php\/wp-json\/wp\/v2\/users\/7"}],"replies":[{"embeddable":true,"href":"https:\/\/katarek.pl\/index.php\/wp-json\/wp\/v2\/comments?post=2206"}],"version-history":[{"count":1,"href":"https:\/\/katarek.pl\/index.php\/wp-json\/wp\/v2\/posts\/2206\/revisions"}],"predecessor-version":[{"id":4898,"href":"https:\/\/katarek.pl\/index.php\/wp-json\/wp\/v2\/posts\/2206\/revisions\/4898"}],"wp:featuredmedia":[{"embeddable":true,"href":"https:\/\/katarek.pl\/index.php\/wp-json\/wp\/v2\/media\/810"}],"wp:attachment":[{"href":"https:\/\/katarek.pl\/index.php\/wp-json\/wp\/v2\/media?parent=2206"}],"wp:term":[{"taxonomy":"category","embeddable":true,"href":"https:\/\/katarek.pl\/index.php\/wp-json\/wp\/v2\/categories?post=2206"},{"taxonomy":"post_tag","embeddable":true,"href":"https:\/\/katarek.pl\/index.php\/wp-json\/wp\/v2\/tags?post=2206"}],"curies":[{"name":"wp","href":"https:\/\/api.w.org\/{rel}","templated":true}]}}