{"id":2202,"date":"2016-11-12T11:06:25","date_gmt":"2016-11-12T11:06:25","guid":{"rendered":"https:\/\/katarek.pl\/blog\/?p=405"},"modified":"2016-11-12T11:06:25","modified_gmt":"2016-11-12T11:06:25","slug":"co-niepokoi-w-ciazy","status":"publish","type":"post","link":"https:\/\/katarek.pl\/co-niepokoi-w-ciazy\/","title":{"rendered":"Co niepokoi\u0142o mnie w ci\u0105\u017cy, a nie powinno"},"content":{"rendered":"<p><strong>Jak wiadomo ci\u0105\u017ca trwa (podr\u0119cznikowo) dziewi\u0119\u0107 d\u0142ugich miesi\u0119cy. Nadmiar czasu, a w niekt\u00f3rych przypadkach wrodzona hipochondria powoduj\u0105, \u017ce do g\u0142owy mog\u0105 wpa\u015b\u0107 najr\u00f3\u017cniejsze w\u0105tpliwo\u015bci:) A co Ciebie martwi podczas ci\u0105\u017cy?<\/strong> <!--more--><\/p>\n<p>Na ka\u017cdym etapie ci\u0105\u017cy niepokoi\u0142y mnie r\u00f3\u017cne rzeczy. W pierwszym trymestrze tych w\u0105tpliwo\u015bci mia\u0142am najmniej. Niestety, im dalej, tym by\u0142o ich wi\u0119cej (swoj\u0105 drog\u0105 czy pasuje tu powiedzenie ma\u0142e dzieci ma\u0142e problemy, du\u017ce dzieci du\u017ce problemy?:)). \u00a0Poni\u017cej przytaczam te, kt\u00f3re zapami\u0119ta\u0142am najbardziej.<\/p>\n<h2>Problemy w ci\u0105\u017cy<\/h2>\n<p>W\u0105tpliwo\u015b\u0107, kt\u00f3ra towarzyszy\u0142a mi w zasadzie przez ca\u0142y okres ci\u0105\u017cy to <strong>kwestia szkodliwo\u015bci bada\u0144 ultrasonograficznych.<\/strong> W moim przypadku USG by\u0142o wykonywane w trakcie ka\u017cdej wizyty, ale lekarz prowadz\u0105cy wyja\u015bni\u0142, \u017ce w przypadku ci\u0105\u017cy wykorzystuje si\u0119 fale o niskiej cz\u0119stotliwo\u015bci, kt\u00f3re nie stwarzaj\u0105 zagro\u017cenia dla malucha.<\/p>\n<p>\u201eSen z powiek\u201d sp\u0119dza\u0142a mi kwestia spania na lewym boku. Czy aby na pewno nie przekr\u0119c\u0119 si\u0119 nie\u015bwiadomie na brzuch? Z biegiem czasu u\u015bwiadomi\u0142am sobie, \u017ce to po prostu niemo\u017cliwe i wreszcie mog\u0142am spa\u0107 spokojnie (do momentu, a\u017c pojawi\u0142a si\u0119 zgaga, ale to inna historia).<\/p>\n<p>W trzecim trymestrze najbardziej niepokoi\u0142 mnie <strong>zbli\u017caj\u0105cy si\u0119 por\u00f3d<\/strong>. \u00a0Pami\u0119tam, \u017ce ka\u017cdy skurcz traktowa\u0142am niemal jak skurcz porodowy, a torb\u0119 do szpitala mia\u0142am spakowan\u0105 ju\u017c dwa miesi\u0105ce wcze\u015bniej:) \u00a0Nie chcia\u0142am da\u0107 si\u0119 zaskoczy\u0107, tymczasem syn, ku mojej uldze postanowi\u0142 wytrzyma\u0107 do wyliczonego terminu porodu:)<\/p>\n<p>Czasami niepokoi\u0142 mnie <strong>brak aktywno\u015bci malucha<\/strong>, jednego dnia czu\u0142am wiele ruch\u00f3w, drugiego o wiele mniej. Dobrym sposobem na to, aby dzidziu\u015b da\u0142 o sobie zna\u0107 by\u0142o zjedzenie czego\u015b s\u0142odkiego \u2013 fiko\u0142ki gwarantowane.<\/p>\n<p>Pami\u0119taj, je\u017celi co\u015b ci\u0119 niepokoi, zawsze<strong> mo\u017cesz wybra\u0107 si\u0119 na izb\u0119\u00a0przyj\u0119\u0107 wybranego szpitala<\/strong>.\u00a0 Tam przebada ci\u0119 lekarz dy\u017curuj\u0105cy, zostanie wykonane badanie usg i ktg i zar\u0119czam, \u017ce poczujesz si\u0119 bezpieczniej, a twoje ewentualne w\u0105tpliwo\u015bci zostan\u0105 rozwiane. Je\u017celi jednak obawy oka\u017c\u0105 si\u0119 uzasadnione otrzymasz fachow\u0105 porad\u0119 i pomoc. Dlatego czasami nie warto si\u0119 waha\u0107 i po prostu uda\u0107 si\u0119 do szpitala \u2013 przyznam, \u017ce i ja tu\u017c przed porodem skorzysta\u0142am z tej mo\u017cliwo\u015bci.<\/p>\n<p>Teraz ju\u017c wiem, \u017ce w\u0105tpliwo\u015bci oko\u0142oporodowe nijak si\u0119 maj\u0105 do tych, kt\u00f3re pojawiaj\u0105 si\u0119 wraz z nadej\u015bciem malucha:) Dlatego radz\u0119 ka\u017cdej mamie, \u017ceby wyluzowa\u0142a i odpoczywa\u0142a p\u00f3ki mo\u017ce:)<\/p>\n<p>Autorka:<\/p>\n<p>Filiz Sulejman<\/p>\n","protected":false},"excerpt":"Jak wiadomo ci\u0105\u017ca trwa (podr\u0119cznikowo) dziewi\u0119\u0107 d\u0142ugich miesi\u0119cy. Nadmiar czasu, a w niekt\u00f3rych przypadkach wrodzona hipochondria powoduj\u0105, \u017ce do g\u0142owy mog\u0105 wpa\u015b\u0107 najr\u00f3\u017cniejsze w\u0105tpliwo\u015bci:) A co Ciebie martwi podczas ci\u0105\u017cy?","author":7,"featured_media":735,"comment_status":"open","ping_status":"open","sticky":false,"template":"","format":"standard","meta":{"_acf_changed":false,"inline_featured_image":false,"editor_plus_copied_stylings":"{}","footnotes":""},"categories":[43,50],"tags":[],"class_list":["post-2202","post","type-post","status-publish","format-standard","has-post-thumbnail","hentry","category-ciaza","category-emocje"],"yoast_head":"<!-- This site is optimized with the Yoast SEO plugin v27.4 - https:\/\/yoast.com\/product\/yoast-seo-wordpress\/ -->\n<title>Co niepokoi\u0142o mnie w ci\u0105\u017cy, a nie powinno - katarek.pl<\/title>\n<meta name=\"description\" content=\"Jak wiadomo ci\u0105\u017ca trwa (podr\u0119cznikowo) dziewi\u0119\u0107 d\u0142ugich miesi\u0119cy. Nadmiar czasu, a w niekt\u00f3rych przypadkach wrodzona hipochondria powoduj\u0105, \u017ce do g\u0142owy mog\u0105 wpa\u015b\u0107 najr\u00f3\u017cniejsze w\u0105tpliwo\u015bci:) A co Ciebie martwi podczas ci\u0105\u017cy?\" \/>\n<meta name=\"robots\" content=\"index, follow, max-snippet:-1, max-image-preview:large, max-video-preview:-1\" \/>\n<link rel=\"canonical\" href=\"https:\/\/katarek.pl\/co-niepokoi-w-ciazy\/\" \/>\n<meta property=\"og:locale\" content=\"pl_PL\" \/>\n<meta property=\"og:type\" content=\"article\" \/>\n<meta property=\"og:title\" content=\"Co niepokoi\u0142o mnie w ci\u0105\u017cy, a nie powinno - katarek.pl\" \/>\n<meta property=\"og:description\" content=\"Jak wiadomo ci\u0105\u017ca trwa (podr\u0119cznikowo) dziewi\u0119\u0107 d\u0142ugich miesi\u0119cy. Nadmiar czasu, a w niekt\u00f3rych przypadkach wrodzona hipochondria powoduj\u0105, \u017ce do g\u0142owy mog\u0105 wpa\u015b\u0107 najr\u00f3\u017cniejsze w\u0105tpliwo\u015bci:) A co Ciebie martwi podczas ci\u0105\u017cy?\" \/>\n<meta property=\"og:url\" content=\"https:\/\/katarek.pl\/co-niepokoi-w-ciazy\/\" \/>\n<meta property=\"og:site_name\" content=\"katarek.pl\" \/>\n<meta property=\"article:published_time\" content=\"2016-11-12T11:06:25+00:00\" \/>\n<meta property=\"og:image\" content=\"https:\/\/katarek.pl\/wp-content\/uploads\/2016\/11\/obawy-w-ciazy.jpg\" \/>\n\t<meta property=\"og:image:width\" content=\"2289\" \/>\n\t<meta property=\"og:image:height\" content=\"1616\" \/>\n\t<meta property=\"og:image:type\" content=\"image\/jpeg\" \/>\n<meta name=\"author\" content=\"katarek\" \/>\n<meta name=\"twitter:card\" content=\"summary_large_image\" \/>\n<meta name=\"twitter:label1\" content=\"Napisane przez\" \/>\n\t<meta name=\"twitter:data1\" content=\"katarek\" \/>\n\t<meta name=\"twitter:label2\" content=\"Szacowany czas czytania\" \/>\n\t<meta name=\"twitter:data2\" content=\"2 minuty\" \/>\n<script type=\"application\/ld+json\" class=\"yoast-schema-graph\">{\"@context\":\"https:\\\/\\\/schema.org\",\"@graph\":[{\"@type\":\"Article\",\"@id\":\"https:\\\/\\\/katarek.pl\\\/co-niepokoi-w-ciazy\\\/#article\",\"isPartOf\":{\"@id\":\"https:\\\/\\\/katarek.pl\\\/co-niepokoi-w-ciazy\\\/\"},\"author\":{\"name\":\"katarek\",\"@id\":\"https:\\\/\\\/katarek.pl\\\/#\\\/schema\\\/person\\\/c7267555b2aaad4c6d15146a155bc430\"},\"headline\":\"Co niepokoi\u0142o mnie w ci\u0105\u017cy, a nie powinno\",\"datePublished\":\"2016-11-12T11:06:25+00:00\",\"mainEntityOfPage\":{\"@id\":\"https:\\\/\\\/katarek.pl\\\/co-niepokoi-w-ciazy\\\/\"},\"wordCount\":443,\"commentCount\":0,\"image\":{\"@id\":\"https:\\\/\\\/katarek.pl\\\/co-niepokoi-w-ciazy\\\/#primaryimage\"},\"thumbnailUrl\":\"https:\\\/\\\/katarek.pl\\\/wp-content\\\/uploads\\\/2016\\\/11\\\/obawy-w-ciazy.jpg\",\"articleSection\":[\"Ci\u0105\u017ca\",\"Emocje\"],\"inLanguage\":\"pl-PL\"},{\"@type\":\"WebPage\",\"@id\":\"https:\\\/\\\/katarek.pl\\\/co-niepokoi-w-ciazy\\\/\",\"url\":\"https:\\\/\\\/katarek.pl\\\/co-niepokoi-w-ciazy\\\/\",\"name\":\"Co niepokoi\u0142o mnie w ci\u0105\u017cy, a nie powinno - katarek.pl\",\"isPartOf\":{\"@id\":\"https:\\\/\\\/katarek.pl\\\/#website\"},\"primaryImageOfPage\":{\"@id\":\"https:\\\/\\\/katarek.pl\\\/co-niepokoi-w-ciazy\\\/#primaryimage\"},\"image\":{\"@id\":\"https:\\\/\\\/katarek.pl\\\/co-niepokoi-w-ciazy\\\/#primaryimage\"},\"thumbnailUrl\":\"https:\\\/\\\/katarek.pl\\\/wp-content\\\/uploads\\\/2016\\\/11\\\/obawy-w-ciazy.jpg\",\"datePublished\":\"2016-11-12T11:06:25+00:00\",\"author\":{\"@id\":\"https:\\\/\\\/katarek.pl\\\/#\\\/schema\\\/person\\\/c7267555b2aaad4c6d15146a155bc430\"},\"description\":\"Jak wiadomo ci\u0105\u017ca trwa (podr\u0119cznikowo) dziewi\u0119\u0107 d\u0142ugich miesi\u0119cy. Nadmiar czasu, a w niekt\u00f3rych przypadkach wrodzona hipochondria powoduj\u0105, \u017ce do g\u0142owy mog\u0105 wpa\u015b\u0107 najr\u00f3\u017cniejsze w\u0105tpliwo\u015bci:) A co Ciebie martwi podczas ci\u0105\u017cy?\",\"breadcrumb\":{\"@id\":\"https:\\\/\\\/katarek.pl\\\/co-niepokoi-w-ciazy\\\/#breadcrumb\"},\"inLanguage\":\"pl-PL\",\"potentialAction\":[{\"@type\":\"ReadAction\",\"target\":[\"https:\\\/\\\/katarek.pl\\\/co-niepokoi-w-ciazy\\\/\"]}]},{\"@type\":\"ImageObject\",\"inLanguage\":\"pl-PL\",\"@id\":\"https:\\\/\\\/katarek.pl\\\/co-niepokoi-w-ciazy\\\/#primaryimage\",\"url\":\"https:\\\/\\\/katarek.pl\\\/wp-content\\\/uploads\\\/2016\\\/11\\\/obawy-w-ciazy.jpg\",\"contentUrl\":\"https:\\\/\\\/katarek.pl\\\/wp-content\\\/uploads\\\/2016\\\/11\\\/obawy-w-ciazy.jpg\",\"width\":2289,\"height\":1616,\"caption\":\"boje si\u0119 w ci\u0105\u017cy\"},{\"@type\":\"BreadcrumbList\",\"@id\":\"https:\\\/\\\/katarek.pl\\\/co-niepokoi-w-ciazy\\\/#breadcrumb\",\"itemListElement\":[{\"@type\":\"ListItem\",\"position\":1,\"name\":\"Home\",\"item\":\"https:\\\/\\\/katarek.pl\\\/\"},{\"@type\":\"ListItem\",\"position\":2,\"name\":\"Blog\",\"item\":\"https:\\\/\\\/katarek.pl\\\/blog\\\/\"},{\"@type\":\"ListItem\",\"position\":3,\"name\":\"Co niepokoi\u0142o mnie w ci\u0105\u017cy, a nie powinno\"}]},{\"@type\":\"WebSite\",\"@id\":\"https:\\\/\\\/katarek.pl\\\/#website\",\"url\":\"https:\\\/\\\/katarek.pl\\\/\",\"name\":\"katarek.pl\",\"description\":\"\",\"potentialAction\":[{\"@type\":\"SearchAction\",\"target\":{\"@type\":\"EntryPoint\",\"urlTemplate\":\"https:\\\/\\\/katarek.pl\\\/?s={search_term_string}\"},\"query-input\":{\"@type\":\"PropertyValueSpecification\",\"valueRequired\":true,\"valueName\":\"search_term_string\"}}],\"inLanguage\":\"pl-PL\"},{\"@type\":\"Person\",\"@id\":\"https:\\\/\\\/katarek.pl\\\/#\\\/schema\\\/person\\\/c7267555b2aaad4c6d15146a155bc430\",\"name\":\"katarek\",\"url\":\"https:\\\/\\\/katarek.pl\\\/author\\\/katarek\\\/\"}]}<\/script>\n<!-- \/ Yoast SEO plugin. -->","yoast_head_json":{"title":"Co niepokoi\u0142o mnie w ci\u0105\u017cy, a nie powinno - katarek.pl","description":"Jak wiadomo ci\u0105\u017ca trwa (podr\u0119cznikowo) dziewi\u0119\u0107 d\u0142ugich miesi\u0119cy. Nadmiar czasu, a w niekt\u00f3rych przypadkach wrodzona hipochondria powoduj\u0105, \u017ce do g\u0142owy mog\u0105 wpa\u015b\u0107 najr\u00f3\u017cniejsze w\u0105tpliwo\u015bci:) A co Ciebie martwi podczas ci\u0105\u017cy?","robots":{"index":"index","follow":"follow","max-snippet":"max-snippet:-1","max-image-preview":"max-image-preview:large","max-video-preview":"max-video-preview:-1"},"canonical":"https:\/\/katarek.pl\/co-niepokoi-w-ciazy\/","og_locale":"pl_PL","og_type":"article","og_title":"Co niepokoi\u0142o mnie w ci\u0105\u017cy, a nie powinno - katarek.pl","og_description":"Jak wiadomo ci\u0105\u017ca trwa (podr\u0119cznikowo) dziewi\u0119\u0107 d\u0142ugich miesi\u0119cy. Nadmiar czasu, a w niekt\u00f3rych przypadkach wrodzona hipochondria powoduj\u0105, \u017ce do g\u0142owy mog\u0105 wpa\u015b\u0107 najr\u00f3\u017cniejsze w\u0105tpliwo\u015bci:) A co Ciebie martwi podczas ci\u0105\u017cy?","og_url":"https:\/\/katarek.pl\/co-niepokoi-w-ciazy\/","og_site_name":"katarek.pl","article_published_time":"2016-11-12T11:06:25+00:00","og_image":[{"width":2289,"height":1616,"url":"https:\/\/katarek.pl\/wp-content\/uploads\/2016\/11\/obawy-w-ciazy.jpg","type":"image\/jpeg"}],"author":"katarek","twitter_card":"summary_large_image","twitter_misc":{"Napisane przez":"katarek","Szacowany czas czytania":"2 minuty"},"schema":{"@context":"https:\/\/schema.org","@graph":[{"@type":"Article","@id":"https:\/\/katarek.pl\/co-niepokoi-w-ciazy\/#article","isPartOf":{"@id":"https:\/\/katarek.pl\/co-niepokoi-w-ciazy\/"},"author":{"name":"katarek","@id":"https:\/\/katarek.pl\/#\/schema\/person\/c7267555b2aaad4c6d15146a155bc430"},"headline":"Co niepokoi\u0142o mnie w ci\u0105\u017cy, a nie powinno","datePublished":"2016-11-12T11:06:25+00:00","mainEntityOfPage":{"@id":"https:\/\/katarek.pl\/co-niepokoi-w-ciazy\/"},"wordCount":443,"commentCount":0,"image":{"@id":"https:\/\/katarek.pl\/co-niepokoi-w-ciazy\/#primaryimage"},"thumbnailUrl":"https:\/\/katarek.pl\/wp-content\/uploads\/2016\/11\/obawy-w-ciazy.jpg","articleSection":["Ci\u0105\u017ca","Emocje"],"inLanguage":"pl-PL"},{"@type":"WebPage","@id":"https:\/\/katarek.pl\/co-niepokoi-w-ciazy\/","url":"https:\/\/katarek.pl\/co-niepokoi-w-ciazy\/","name":"Co niepokoi\u0142o mnie w ci\u0105\u017cy, a nie powinno - katarek.pl","isPartOf":{"@id":"https:\/\/katarek.pl\/#website"},"primaryImageOfPage":{"@id":"https:\/\/katarek.pl\/co-niepokoi-w-ciazy\/#primaryimage"},"image":{"@id":"https:\/\/katarek.pl\/co-niepokoi-w-ciazy\/#primaryimage"},"thumbnailUrl":"https:\/\/katarek.pl\/wp-content\/uploads\/2016\/11\/obawy-w-ciazy.jpg","datePublished":"2016-11-12T11:06:25+00:00","author":{"@id":"https:\/\/katarek.pl\/#\/schema\/person\/c7267555b2aaad4c6d15146a155bc430"},"description":"Jak wiadomo ci\u0105\u017ca trwa (podr\u0119cznikowo) dziewi\u0119\u0107 d\u0142ugich miesi\u0119cy. Nadmiar czasu, a w niekt\u00f3rych przypadkach wrodzona hipochondria powoduj\u0105, \u017ce do g\u0142owy mog\u0105 wpa\u015b\u0107 najr\u00f3\u017cniejsze w\u0105tpliwo\u015bci:) A co Ciebie martwi podczas ci\u0105\u017cy?","breadcrumb":{"@id":"https:\/\/katarek.pl\/co-niepokoi-w-ciazy\/#breadcrumb"},"inLanguage":"pl-PL","potentialAction":[{"@type":"ReadAction","target":["https:\/\/katarek.pl\/co-niepokoi-w-ciazy\/"]}]},{"@type":"ImageObject","inLanguage":"pl-PL","@id":"https:\/\/katarek.pl\/co-niepokoi-w-ciazy\/#primaryimage","url":"https:\/\/katarek.pl\/wp-content\/uploads\/2016\/11\/obawy-w-ciazy.jpg","contentUrl":"https:\/\/katarek.pl\/wp-content\/uploads\/2016\/11\/obawy-w-ciazy.jpg","width":2289,"height":1616,"caption":"boje si\u0119 w ci\u0105\u017cy"},{"@type":"BreadcrumbList","@id":"https:\/\/katarek.pl\/co-niepokoi-w-ciazy\/#breadcrumb","itemListElement":[{"@type":"ListItem","position":1,"name":"Home","item":"https:\/\/katarek.pl\/"},{"@type":"ListItem","position":2,"name":"Blog","item":"https:\/\/katarek.pl\/blog\/"},{"@type":"ListItem","position":3,"name":"Co niepokoi\u0142o mnie w ci\u0105\u017cy, a nie powinno"}]},{"@type":"WebSite","@id":"https:\/\/katarek.pl\/#website","url":"https:\/\/katarek.pl\/","name":"katarek.pl","description":"","potentialAction":[{"@type":"SearchAction","target":{"@type":"EntryPoint","urlTemplate":"https:\/\/katarek.pl\/?s={search_term_string}"},"query-input":{"@type":"PropertyValueSpecification","valueRequired":true,"valueName":"search_term_string"}}],"inLanguage":"pl-PL"},{"@type":"Person","@id":"https:\/\/katarek.pl\/#\/schema\/person\/c7267555b2aaad4c6d15146a155bc430","name":"katarek","url":"https:\/\/katarek.pl\/author\/katarek\/"}]}},"acf":[],"gutenberg_blocks":[{"blockName":"custom-styles","attrs":{"styles":""}}],"meta_data":false,"featured_image":{"url":"https:\/\/katarek.pl\/wp-content\/uploads\/2016\/11\/obawy-w-ciazy-1024x723.jpg"},"main_category":{"name":"Ci\u0105\u017ca"},"prev_page":{"slug":"jak-poznac-ze-dziecko-jest-odwodnione"},"next_page":{"slug":"jak-leczyc-katar-u-niemowlaka-domowe-sposoby"},"_links":{"self":[{"href":"https:\/\/katarek.pl\/index.php\/wp-json\/wp\/v2\/posts\/2202","targetHints":{"allow":["GET"]}}],"collection":[{"href":"https:\/\/katarek.pl\/index.php\/wp-json\/wp\/v2\/posts"}],"about":[{"href":"https:\/\/katarek.pl\/index.php\/wp-json\/wp\/v2\/types\/post"}],"author":[{"embeddable":true,"href":"https:\/\/katarek.pl\/index.php\/wp-json\/wp\/v2\/users\/7"}],"replies":[{"embeddable":true,"href":"https:\/\/katarek.pl\/index.php\/wp-json\/wp\/v2\/comments?post=2202"}],"version-history":[{"count":0,"href":"https:\/\/katarek.pl\/index.php\/wp-json\/wp\/v2\/posts\/2202\/revisions"}],"wp:featuredmedia":[{"embeddable":true,"href":"https:\/\/katarek.pl\/index.php\/wp-json\/wp\/v2\/media\/735"}],"wp:attachment":[{"href":"https:\/\/katarek.pl\/index.php\/wp-json\/wp\/v2\/media?parent=2202"}],"wp:term":[{"taxonomy":"category","embeddable":true,"href":"https:\/\/katarek.pl\/index.php\/wp-json\/wp\/v2\/categories?post=2202"},{"taxonomy":"post_tag","embeddable":true,"href":"https:\/\/katarek.pl\/index.php\/wp-json\/wp\/v2\/tags?post=2202"}],"curies":[{"name":"wp","href":"https:\/\/api.w.org\/{rel}","templated":true}]}}