{"id":2200,"date":"2016-10-27T05:16:58","date_gmt":"2016-10-27T05:16:58","guid":{"rendered":"https:\/\/katarek.pl\/blog\/?p=380"},"modified":"2016-10-27T05:16:58","modified_gmt":"2016-10-27T05:16:58","slug":"wyprawka-dla-noworodka-kiedy-zaczac-kompletowac","status":"publish","type":"post","link":"https:\/\/katarek.pl\/wyprawka-dla-noworodka-kiedy-zaczac-kompletowac\/","title":{"rendered":"Wyprawka dla noworodka &#8211; kiedy zacz\u0105\u0107 kompletowa\u0107"},"content":{"rendered":"<p><strong>Z pakowaniem si\u0119 do szpitala na por\u00f3d jest troch\u0119 tak, jak z\u2026 deszczem i parasolem. Je\u015bli wychodz\u0105c rano z domu we\u017amiesz ze sob\u0105 parasol, prawdopodobnie deszcz wcale nie spadnie. Jednak kiedy go zapomnisz\u2026<\/strong> <!--more--><\/p>\n<p><b>Spis tre\u015bci:<\/b><\/p>\n<ul>\n<li><a href=\"#zle-dobrego-poczatki\">Kiedy zacz\u0105\u0107 kompletowa\u0107 wyprawk\u0119 dla noworodka? Z\u0142e dobrego pocz\u0105tki?<\/a><\/li>\n<li><a href=\"#spakuj-dwie-osobne-torby\">Spakuj dwie osobne torby! (dla siebie i dla dzidziusia)<\/a><\/li>\n<\/ul>\n<p>Sk\u0105d to por\u00f3wnanie? Znam kilka mam, kt\u00f3re nie mog\u0142y doczeka\u0107 si\u0119 porodu. Kompletnie wyposa\u017cona torba do szpitala czeka\u0142a w ich sypialniach na d\u0142ugo przed wyznaczonym terminem. Termin si\u0119 zbli\u017ca\u0142 i zbli\u017ca\u0142, a\u017c w ko\u0144cu min\u0105\u0142. A b\u00f3le nie przychodzi\u0142y. Inne kobiety wcale nie spiesz\u0105 si\u0119 z wyprawk\u0105 \u2013 w ko\u0144cu jeszcze dwa tygodnie do porodu. I wtedy akcja zaczyna si\u0119 znienacka, teoretycznie o wiele za wcze\u015bnie. <strong>Zatem kiedy zacz\u0105\u0107 kompletowa\u0107 wyprawk\u0119<\/strong>? Sprawd\u017amy to!<\/p>\n<h2 id=\"zle-dobrego-poczatki\">Kiedy zacz\u0105\u0107 kompletowa\u0107 wyprawk\u0119 dla noworodka? Z\u0142e dobrego pocz\u0105tki?<\/h2>\n<p>Zdecydowanie! Tym \u201edobrym\u201d jest oczywi\u015bcie przyj\u015bcie na \u015bwiat naszego maluszka. \u017bycie pe\u0142ne jest podobnych paradoks\u00f3w, a z tego dotycz\u0105cego wyprawki do szpitala ju\u017c za kilka tygodni z pewno\u015bci\u0105 b\u0119dziesz si\u0119 \u015bmia\u0142a. Wspomnienia i anegdoty s\u0105 ciekawe w\u0142a\u015bnie dlatego, \u017ce nie wszystko w \u017cyciu da si\u0119 zaplanowa\u0107 i przewidzie\u0107 na sto procent. Dostrze\u017cmy w tym warto\u015b\u0107!<\/p>\n<p>W porz\u0105dku, ostatecznego terminu porodu rzeczywi\u015bcie nie mo\u017cemy zaplanowa\u0107 (ale mo\u017cemy wyliczy\u0107 <a href=\"https:\/\/katarek.pl\/blog\/jak-wyliczyc-termin-porodu\/\">termin porodu<\/a>), ale to, co znajdzie si\u0119 w torbie do szpitala ju\u017c tak. Oto przegl\u0105d akcesori\u00f3w dla mamy i dziecka, kt\u00f3re przydadz\u0105 si\u0119 podczas pierwszych wsp\u00f3lnych dni przed powrotem do domu.<\/p>\n<h2 id=\"spakuj-dwie-osobne-torby\">Spakuj dwie osobne torby! (dla siebie i dla dzidziusia)<\/h2>\n<p>Na pocz\u0105tek mama. Tutaj najlepiej jest pos\u0142ucha\u0107 siebie i wyprawk\u0119 dostosowa\u0107 do w\u0142asnych potrzeb, pami\u0119taj\u0105c o zasadzie minimalizmu (tylko najpotrzebniejsze rzeczy). <strong>Na pewno potrzebne b\u0119d\u0105 szlafrok, kapcie, pi\u017cama (najlepiej w formie koszuli nocnej; jedna do porodu oraz dwie, w kt\u00f3rych wygodnie b\u0119dzie ci karmi\u0107) i przybory toaletowe<\/strong>. Niezb\u0119dna jest oczywi\u015bcie bielizna osobista (w tym majtki poporodowe i staniki do karmienia), podk\u0142ady higieniczne i podpaski. Nie zapomnij o r\u0119czniku (tak\u017ce tym papierowym), chusteczkach i wk\u0142adkach laktacyjnych. Na wszelki wypadek mo\u017cesz te\u017c wrzuci\u0107 ma\u0142\u0105 tubk\u0119 ma\u015bci na brodawki (np. bephanten &#8211; i dla dziecka i na brodawki).<\/p>\n<p>Druga torba to <a title=\"wyprawka dla niemowl\u0119cia\" href=\"http:\/\/idealnawyprawka.pl\/\" target=\"_blank\" rel=\"noopener\">wyprawka dla niemowl\u0119cia<\/a>. Je\u015bli chodzi o ubranka, wybierz nast\u0119puj\u0105cy zestaw: <strong>2 czapeczki, 3 pary \u015bpioszk\u00f3w, 3 kaftaniki\/body z d\u0142ugimi r\u0119kawami (r\u00f3\u017cnej grubo\u015bci), 2 pary skarpetek, kocyk\/ro\u017cek, r\u0119cznik i pieluchy tetrowe<\/strong>. Pami\u0119taj, \u017ceby zabra\u0107 rzeczy bez print\u00f3w oraz sztucznych twardych nadruk\u00f3w, najlepiej bia\u0142e. Nast\u0119pne w kolejno\u015bci s\u0105 oczywi\u015bcie pieluszki jednorazowe i kosmetyki niemowl\u0119ce: chusteczki nawil\u017cane oraz krem ochronny na po\u015bladki.<\/p>\n<p>To podstawowy zestaw. Ka\u017cda z nas mo\u017ce dorzuci\u0107 do tego co\u015b wedle w\u0142asnego uznania i potrzeb. Pami\u0119tajmy jednak o rozs\u0105dku \u2013 dziecku nie s\u0105 jeszcze potrzebne przytulanki, a noside\u0142ko przyniesie do szpitala tata, gdy ju\u017c nadejdzie pora powrotu do domu.<\/p>\n<p><strong>W osobn\u0105 przegr\u00f3dk\u0119 zapakuj dokumenty potrzebne do przyj\u0119cia do szpitala oraz aktualne wyniki bada\u0144<\/strong>.<\/p>\n","protected":false},"excerpt":"Z pakowaniem si\u0119 do szpitala na por\u00f3d jest troch\u0119 tak, jak z\u2026 deszczem i parasolem. Je\u015bli wychodz\u0105c rano z domu we\u017amiesz ze sob\u0105 parasol, prawdopodobnie deszcz wcale nie spadnie. Jednak kiedy go zapomnisz\u2026","author":7,"featured_media":731,"comment_status":"open","ping_status":"open","sticky":false,"template":"","format":"standard","meta":{"_acf_changed":false,"inline_featured_image":false,"editor_plus_copied_stylings":"{}","footnotes":""},"categories":[43,51],"tags":[],"class_list":["post-2200","post","type-post","status-publish","format-standard","has-post-thumbnail","hentry","category-ciaza","category-porod-i-polog"],"yoast_head":"<!-- This site is optimized with the Yoast SEO plugin v27.4 - https:\/\/yoast.com\/product\/yoast-seo-wordpress\/ -->\n<title>Kiedy kompletowa\u0107 wyprawk\u0119 dla noworodka? - Blog Katarek<\/title>\n<meta name=\"description\" content=\"Por\u00f3d to stresuj\u0105ca chwila, dlatego lepiej przygotowa\u0107 si\u0119 wcze\u015bniej. Zastanawiasz si\u0119, kiedy zacz\u0105\u0107 kompletowa\u0107 wyprawk\u0119 dla noworodka? Sprawd\u017a!\" \/>\n<meta name=\"robots\" content=\"index, follow, max-snippet:-1, max-image-preview:large, max-video-preview:-1\" \/>\n<link rel=\"canonical\" href=\"https:\/\/katarek.pl\/wyprawka-dla-noworodka-kiedy-zaczac-kompletowac\/\" \/>\n<meta property=\"og:locale\" content=\"pl_PL\" \/>\n<meta property=\"og:type\" content=\"article\" \/>\n<meta property=\"og:title\" content=\"Kiedy kompletowa\u0107 wyprawk\u0119 dla noworodka? - Blog Katarek\" \/>\n<meta property=\"og:description\" content=\"Por\u00f3d to stresuj\u0105ca chwila, dlatego lepiej przygotowa\u0107 si\u0119 wcze\u015bniej. Zastanawiasz si\u0119, kiedy zacz\u0105\u0107 kompletowa\u0107 wyprawk\u0119 dla noworodka? Sprawd\u017a!\" \/>\n<meta property=\"og:url\" content=\"https:\/\/katarek.pl\/wyprawka-dla-noworodka-kiedy-zaczac-kompletowac\/\" \/>\n<meta property=\"og:site_name\" content=\"katarek.pl\" \/>\n<meta property=\"article:published_time\" content=\"2016-10-27T05:16:58+00:00\" \/>\n<meta property=\"og:image\" content=\"https:\/\/katarek.pl\/wp-content\/uploads\/2016\/10\/4933135133_74d295d217.jpg\" \/>\n\t<meta property=\"og:image:width\" content=\"500\" \/>\n\t<meta property=\"og:image:height\" content=\"342\" \/>\n\t<meta property=\"og:image:type\" content=\"image\/jpeg\" \/>\n<meta name=\"author\" content=\"katarek\" \/>\n<meta name=\"twitter:card\" content=\"summary_large_image\" \/>\n<meta name=\"twitter:label1\" content=\"Napisane przez\" \/>\n\t<meta name=\"twitter:data1\" content=\"katarek\" \/>\n\t<meta name=\"twitter:label2\" content=\"Szacowany czas czytania\" \/>\n\t<meta name=\"twitter:data2\" content=\"3 minuty\" \/>\n<script type=\"application\/ld+json\" class=\"yoast-schema-graph\">{\"@context\":\"https:\\\/\\\/schema.org\",\"@graph\":[{\"@type\":\"Article\",\"@id\":\"https:\\\/\\\/katarek.pl\\\/wyprawka-dla-noworodka-kiedy-zaczac-kompletowac\\\/#article\",\"isPartOf\":{\"@id\":\"https:\\\/\\\/katarek.pl\\\/wyprawka-dla-noworodka-kiedy-zaczac-kompletowac\\\/\"},\"author\":{\"name\":\"katarek\",\"@id\":\"https:\\\/\\\/katarek.pl\\\/#\\\/schema\\\/person\\\/c7267555b2aaad4c6d15146a155bc430\"},\"headline\":\"Wyprawka dla noworodka &#8211; kiedy zacz\u0105\u0107 kompletowa\u0107\",\"datePublished\":\"2016-10-27T05:16:58+00:00\",\"mainEntityOfPage\":{\"@id\":\"https:\\\/\\\/katarek.pl\\\/wyprawka-dla-noworodka-kiedy-zaczac-kompletowac\\\/\"},\"wordCount\":545,\"commentCount\":1,\"image\":{\"@id\":\"https:\\\/\\\/katarek.pl\\\/wyprawka-dla-noworodka-kiedy-zaczac-kompletowac\\\/#primaryimage\"},\"thumbnailUrl\":\"https:\\\/\\\/katarek.pl\\\/wp-content\\\/uploads\\\/2016\\\/10\\\/4933135133_74d295d217.jpg\",\"articleSection\":[\"Ci\u0105\u017ca\",\"Por\u00f3d i po\u0142\u00f3g\"],\"inLanguage\":\"pl-PL\"},{\"@type\":\"WebPage\",\"@id\":\"https:\\\/\\\/katarek.pl\\\/wyprawka-dla-noworodka-kiedy-zaczac-kompletowac\\\/\",\"url\":\"https:\\\/\\\/katarek.pl\\\/wyprawka-dla-noworodka-kiedy-zaczac-kompletowac\\\/\",\"name\":\"Kiedy kompletowa\u0107 wyprawk\u0119 dla noworodka? - Blog Katarek\",\"isPartOf\":{\"@id\":\"https:\\\/\\\/katarek.pl\\\/#website\"},\"primaryImageOfPage\":{\"@id\":\"https:\\\/\\\/katarek.pl\\\/wyprawka-dla-noworodka-kiedy-zaczac-kompletowac\\\/#primaryimage\"},\"image\":{\"@id\":\"https:\\\/\\\/katarek.pl\\\/wyprawka-dla-noworodka-kiedy-zaczac-kompletowac\\\/#primaryimage\"},\"thumbnailUrl\":\"https:\\\/\\\/katarek.pl\\\/wp-content\\\/uploads\\\/2016\\\/10\\\/4933135133_74d295d217.jpg\",\"datePublished\":\"2016-10-27T05:16:58+00:00\",\"author\":{\"@id\":\"https:\\\/\\\/katarek.pl\\\/#\\\/schema\\\/person\\\/c7267555b2aaad4c6d15146a155bc430\"},\"description\":\"Por\u00f3d to stresuj\u0105ca chwila, dlatego lepiej przygotowa\u0107 si\u0119 wcze\u015bniej. Zastanawiasz si\u0119, kiedy zacz\u0105\u0107 kompletowa\u0107 wyprawk\u0119 dla noworodka? Sprawd\u017a!\",\"breadcrumb\":{\"@id\":\"https:\\\/\\\/katarek.pl\\\/wyprawka-dla-noworodka-kiedy-zaczac-kompletowac\\\/#breadcrumb\"},\"inLanguage\":\"pl-PL\",\"potentialAction\":[{\"@type\":\"ReadAction\",\"target\":[\"https:\\\/\\\/katarek.pl\\\/wyprawka-dla-noworodka-kiedy-zaczac-kompletowac\\\/\"]}]},{\"@type\":\"ImageObject\",\"inLanguage\":\"pl-PL\",\"@id\":\"https:\\\/\\\/katarek.pl\\\/wyprawka-dla-noworodka-kiedy-zaczac-kompletowac\\\/#primaryimage\",\"url\":\"https:\\\/\\\/katarek.pl\\\/wp-content\\\/uploads\\\/2016\\\/10\\\/4933135133_74d295d217.jpg\",\"contentUrl\":\"https:\\\/\\\/katarek.pl\\\/wp-content\\\/uploads\\\/2016\\\/10\\\/4933135133_74d295d217.jpg\",\"width\":500,\"height\":342,\"caption\":\"wyprawka do szpitala\"},{\"@type\":\"BreadcrumbList\",\"@id\":\"https:\\\/\\\/katarek.pl\\\/wyprawka-dla-noworodka-kiedy-zaczac-kompletowac\\\/#breadcrumb\",\"itemListElement\":[{\"@type\":\"ListItem\",\"position\":1,\"name\":\"Home\",\"item\":\"https:\\\/\\\/katarek.pl\\\/\"},{\"@type\":\"ListItem\",\"position\":2,\"name\":\"Blog\",\"item\":\"https:\\\/\\\/katarek.pl\\\/blog\\\/\"},{\"@type\":\"ListItem\",\"position\":3,\"name\":\"Wyprawka dla noworodka &#8211; kiedy zacz\u0105\u0107 kompletowa\u0107\"}]},{\"@type\":\"WebSite\",\"@id\":\"https:\\\/\\\/katarek.pl\\\/#website\",\"url\":\"https:\\\/\\\/katarek.pl\\\/\",\"name\":\"katarek.pl\",\"description\":\"\",\"potentialAction\":[{\"@type\":\"SearchAction\",\"target\":{\"@type\":\"EntryPoint\",\"urlTemplate\":\"https:\\\/\\\/katarek.pl\\\/?s={search_term_string}\"},\"query-input\":{\"@type\":\"PropertyValueSpecification\",\"valueRequired\":true,\"valueName\":\"search_term_string\"}}],\"inLanguage\":\"pl-PL\"},{\"@type\":\"Person\",\"@id\":\"https:\\\/\\\/katarek.pl\\\/#\\\/schema\\\/person\\\/c7267555b2aaad4c6d15146a155bc430\",\"name\":\"katarek\",\"url\":\"https:\\\/\\\/katarek.pl\\\/author\\\/katarek\\\/\"}]}<\/script>\n<!-- \/ Yoast SEO plugin. -->","yoast_head_json":{"title":"Kiedy kompletowa\u0107 wyprawk\u0119 dla noworodka? - Blog Katarek","description":"Por\u00f3d to stresuj\u0105ca chwila, dlatego lepiej przygotowa\u0107 si\u0119 wcze\u015bniej. Zastanawiasz si\u0119, kiedy zacz\u0105\u0107 kompletowa\u0107 wyprawk\u0119 dla noworodka? Sprawd\u017a!","robots":{"index":"index","follow":"follow","max-snippet":"max-snippet:-1","max-image-preview":"max-image-preview:large","max-video-preview":"max-video-preview:-1"},"canonical":"https:\/\/katarek.pl\/wyprawka-dla-noworodka-kiedy-zaczac-kompletowac\/","og_locale":"pl_PL","og_type":"article","og_title":"Kiedy kompletowa\u0107 wyprawk\u0119 dla noworodka? - Blog Katarek","og_description":"Por\u00f3d to stresuj\u0105ca chwila, dlatego lepiej przygotowa\u0107 si\u0119 wcze\u015bniej. Zastanawiasz si\u0119, kiedy zacz\u0105\u0107 kompletowa\u0107 wyprawk\u0119 dla noworodka? Sprawd\u017a!","og_url":"https:\/\/katarek.pl\/wyprawka-dla-noworodka-kiedy-zaczac-kompletowac\/","og_site_name":"katarek.pl","article_published_time":"2016-10-27T05:16:58+00:00","og_image":[{"width":500,"height":342,"url":"https:\/\/katarek.pl\/wp-content\/uploads\/2016\/10\/4933135133_74d295d217.jpg","type":"image\/jpeg"}],"author":"katarek","twitter_card":"summary_large_image","twitter_misc":{"Napisane przez":"katarek","Szacowany czas czytania":"3 minuty"},"schema":{"@context":"https:\/\/schema.org","@graph":[{"@type":"Article","@id":"https:\/\/katarek.pl\/wyprawka-dla-noworodka-kiedy-zaczac-kompletowac\/#article","isPartOf":{"@id":"https:\/\/katarek.pl\/wyprawka-dla-noworodka-kiedy-zaczac-kompletowac\/"},"author":{"name":"katarek","@id":"https:\/\/katarek.pl\/#\/schema\/person\/c7267555b2aaad4c6d15146a155bc430"},"headline":"Wyprawka dla noworodka &#8211; kiedy zacz\u0105\u0107 kompletowa\u0107","datePublished":"2016-10-27T05:16:58+00:00","mainEntityOfPage":{"@id":"https:\/\/katarek.pl\/wyprawka-dla-noworodka-kiedy-zaczac-kompletowac\/"},"wordCount":545,"commentCount":1,"image":{"@id":"https:\/\/katarek.pl\/wyprawka-dla-noworodka-kiedy-zaczac-kompletowac\/#primaryimage"},"thumbnailUrl":"https:\/\/katarek.pl\/wp-content\/uploads\/2016\/10\/4933135133_74d295d217.jpg","articleSection":["Ci\u0105\u017ca","Por\u00f3d i po\u0142\u00f3g"],"inLanguage":"pl-PL"},{"@type":"WebPage","@id":"https:\/\/katarek.pl\/wyprawka-dla-noworodka-kiedy-zaczac-kompletowac\/","url":"https:\/\/katarek.pl\/wyprawka-dla-noworodka-kiedy-zaczac-kompletowac\/","name":"Kiedy kompletowa\u0107 wyprawk\u0119 dla noworodka? - Blog Katarek","isPartOf":{"@id":"https:\/\/katarek.pl\/#website"},"primaryImageOfPage":{"@id":"https:\/\/katarek.pl\/wyprawka-dla-noworodka-kiedy-zaczac-kompletowac\/#primaryimage"},"image":{"@id":"https:\/\/katarek.pl\/wyprawka-dla-noworodka-kiedy-zaczac-kompletowac\/#primaryimage"},"thumbnailUrl":"https:\/\/katarek.pl\/wp-content\/uploads\/2016\/10\/4933135133_74d295d217.jpg","datePublished":"2016-10-27T05:16:58+00:00","author":{"@id":"https:\/\/katarek.pl\/#\/schema\/person\/c7267555b2aaad4c6d15146a155bc430"},"description":"Por\u00f3d to stresuj\u0105ca chwila, dlatego lepiej przygotowa\u0107 si\u0119 wcze\u015bniej. Zastanawiasz si\u0119, kiedy zacz\u0105\u0107 kompletowa\u0107 wyprawk\u0119 dla noworodka? Sprawd\u017a!","breadcrumb":{"@id":"https:\/\/katarek.pl\/wyprawka-dla-noworodka-kiedy-zaczac-kompletowac\/#breadcrumb"},"inLanguage":"pl-PL","potentialAction":[{"@type":"ReadAction","target":["https:\/\/katarek.pl\/wyprawka-dla-noworodka-kiedy-zaczac-kompletowac\/"]}]},{"@type":"ImageObject","inLanguage":"pl-PL","@id":"https:\/\/katarek.pl\/wyprawka-dla-noworodka-kiedy-zaczac-kompletowac\/#primaryimage","url":"https:\/\/katarek.pl\/wp-content\/uploads\/2016\/10\/4933135133_74d295d217.jpg","contentUrl":"https:\/\/katarek.pl\/wp-content\/uploads\/2016\/10\/4933135133_74d295d217.jpg","width":500,"height":342,"caption":"wyprawka do szpitala"},{"@type":"BreadcrumbList","@id":"https:\/\/katarek.pl\/wyprawka-dla-noworodka-kiedy-zaczac-kompletowac\/#breadcrumb","itemListElement":[{"@type":"ListItem","position":1,"name":"Home","item":"https:\/\/katarek.pl\/"},{"@type":"ListItem","position":2,"name":"Blog","item":"https:\/\/katarek.pl\/blog\/"},{"@type":"ListItem","position":3,"name":"Wyprawka dla noworodka &#8211; kiedy zacz\u0105\u0107 kompletowa\u0107"}]},{"@type":"WebSite","@id":"https:\/\/katarek.pl\/#website","url":"https:\/\/katarek.pl\/","name":"katarek.pl","description":"","potentialAction":[{"@type":"SearchAction","target":{"@type":"EntryPoint","urlTemplate":"https:\/\/katarek.pl\/?s={search_term_string}"},"query-input":{"@type":"PropertyValueSpecification","valueRequired":true,"valueName":"search_term_string"}}],"inLanguage":"pl-PL"},{"@type":"Person","@id":"https:\/\/katarek.pl\/#\/schema\/person\/c7267555b2aaad4c6d15146a155bc430","name":"katarek","url":"https:\/\/katarek.pl\/author\/katarek\/"}]}},"acf":[],"gutenberg_blocks":[{"blockName":"custom-styles","attrs":{"styles":""}}],"meta_data":false,"featured_image":{"url":"https:\/\/katarek.pl\/wp-content\/uploads\/2016\/10\/4933135133_74d295d217.jpg"},"main_category":{"name":"Ci\u0105\u017ca"},"prev_page":{"slug":"znieczulenie-przy-porodzie"},"next_page":{"slug":"druga-ciaza-zazdrosc-u-jedynaka"},"_links":{"self":[{"href":"https:\/\/katarek.pl\/index.php\/wp-json\/wp\/v2\/posts\/2200","targetHints":{"allow":["GET"]}}],"collection":[{"href":"https:\/\/katarek.pl\/index.php\/wp-json\/wp\/v2\/posts"}],"about":[{"href":"https:\/\/katarek.pl\/index.php\/wp-json\/wp\/v2\/types\/post"}],"author":[{"embeddable":true,"href":"https:\/\/katarek.pl\/index.php\/wp-json\/wp\/v2\/users\/7"}],"replies":[{"embeddable":true,"href":"https:\/\/katarek.pl\/index.php\/wp-json\/wp\/v2\/comments?post=2200"}],"version-history":[{"count":0,"href":"https:\/\/katarek.pl\/index.php\/wp-json\/wp\/v2\/posts\/2200\/revisions"}],"wp:featuredmedia":[{"embeddable":true,"href":"https:\/\/katarek.pl\/index.php\/wp-json\/wp\/v2\/media\/731"}],"wp:attachment":[{"href":"https:\/\/katarek.pl\/index.php\/wp-json\/wp\/v2\/media?parent=2200"}],"wp:term":[{"taxonomy":"category","embeddable":true,"href":"https:\/\/katarek.pl\/index.php\/wp-json\/wp\/v2\/categories?post=2200"},{"taxonomy":"post_tag","embeddable":true,"href":"https:\/\/katarek.pl\/index.php\/wp-json\/wp\/v2\/tags?post=2200"}],"curies":[{"name":"wp","href":"https:\/\/api.w.org\/{rel}","templated":true}]}}