{"id":2195,"date":"2016-07-18T09:42:47","date_gmt":"2016-07-18T07:42:47","guid":{"rendered":"https:\/\/katarek.pl\/blog\/?p=317"},"modified":"2026-01-29T14:56:17","modified_gmt":"2026-01-29T13:56:17","slug":"krew-w-kupce-dziecka","status":"publish","type":"post","link":"https:\/\/katarek.pl\/krew-w-kupce-dziecka\/","title":{"rendered":"Krew w kupce dziecka \u2013 i co teraz?"},"content":{"rendered":"<p style=\"font-weight: bold;\">Niewielkie krwawienie z przewodu pokarmowego to do\u015b\u0107 cz\u0119ste znalezisko w kupce maluszka. Co mo\u017ce oznacza\u0107? Jak post\u0119powa\u0107, je\u015bli przyczyn\u0105 jest infekcja, alergia lub zaparcia?<\/p>\n<p>Spis tre\u015bci:<\/p>\n<ul>\n<li><a href=\"#infekcja-przyczyna-krwi-w-kupie-niemowlaka\">Infekcja jako przyczyna krwi w kupce niemowlaka<\/a>\n<ul>\n<li><a href=\"#co-robic-w-przypadku-infekcji\">Co robi\u0107 w przypadku infekcji u dziecka?<\/a><\/li>\n<\/ul>\n<\/li>\n<li><a href=\"#alergia-jako-powod-krwi-w-kupie-niemowlaka\">Alergia a krew w kupce niemowlaka<\/a>\n<ul>\n<li><a href=\"#postepowanie-w-przypadku-alergii-pokarmowej\">Co robi\u0107 w przypadku alergii u dziecka?<\/a><\/li>\n<\/ul>\n<\/li>\n<li><a href=\"#zaparcia-a-krew-w-kupce-dziecka\">Zaparcia przyczyn\u0105 krwi w kupce<\/a>\n<ul>\n<li><a href=\"#zaparcia-u-dziecka-co-robic\">Co robi\u0107 w przypadku zapar\u0107 u dziecka?<\/a><\/li>\n<\/ul>\n<\/li>\n<li><a href=\"#inne-przyczyny-wystepowania-krwi-w-kupce\">Pozosta\u0142e przyczyny wyst\u0119powania krwi w kupce dziecka<\/a><\/li>\n<\/ul>\n<h2 id=\"infekcja-przyczyna-krwi-w-kupie-niemowlaka\">Przyczyna pierwsza obecno\u015bci krwi w kupie niemowlaka &#8211; infekcja<\/h2>\n<p>Bez wzgl\u0119du na wiek, <strong>krew w kupie niemowlaka to najcz\u0119\u015bciej wina infekcji przewodu pokarmowego<\/strong>. Zwykle biegunk\u0119 wywo\u0142uje jaki\u015b wirus. Wbrew powszechnej opinii nie s\u0105 to tylko &#8222;s\u0142awne&#8221; rotawirusy, ale te\u017c adenowirusy, norowirusy, wirus Norwalk i inne. Do rzadszych przyczyn nale\u017c\u0105 bakterie. <strong>Biegunka z krwi\u0105 u dziecka mo\u017ce by\u0107 wynikiem zaka\u017cenia Salmonell\u0105 lub Shigell\u0105, Campylobacter jejuni czy Escherichia coli<\/strong>. Dlatego je\u015bli dziecko oddaje wi\u0119ksz\u0105 ilo\u015b\u0107 stolc\u00f3w lub s\u0105 one p\u00f3\u0142p\u0142ynne lub p\u0142ynne, a wida\u0107 w nich krew to najprawdopodobniej winowajc\u0105 jest jedna z tych bakterii.<\/p>\n<h3 id=\"co-robic-w-przypadku-infekcji\">Co robi\u0107 w przypadku infekcji?<\/h3>\n<p>Podawanie p\u0142yn\u00f3w to podstawowe &#8222;lekarstwo&#8221; stosowane w biegunce \u2013 r\u00f3wnie\u017c tej, z domieszk\u0105 krwi. Mamo! Dawaj dziecku pi\u0107. Nie tak jak zwykle, ale wi\u0119cej. Pami\u0119taj, \u017ce ka\u017cde wymioty i ka\u017cdy lu\u017any stolec to utrata wody z organizmu. Trzeba j\u0105 uzupe\u0142nia\u0107, bo dziecko bardzo \u0142atwo si\u0119 odwadnia. A odwodnienie jest g\u0142\u00f3wnym powik\u0142aniem biegunki. Dziecko, kt\u00f3re wa\u017cy 10 kg powinno wypija\u0107 1 litr p\u0142yn\u00f3w na dob\u0119, a po ka\u017cdej lu\u017anej kupce dodatkowe 100 ml p\u0142yn\u00f3w.<\/p>\n<p>Razem z wod\u0105 dziecko traci elektrolity, dlatego najlepiej jest podawa\u0107 <strong>doustne p\u0142yny nawadniaj\u0105ce, kt\u00f3re s\u0105 w stanie uzupe\u0142ni\u0107 te braki<\/strong> (kupisz je w aptece). Ponadto udowodniono pewn\u0105 skuteczno\u015b\u0107 niekt\u00f3rych\u00a0probiotyk\u00f3w\u00a0w skracaniu czasu trwania ostrej biegunki u dzieci. Mowa o tak zwanych &#8222;dobrych bakteriach&#8221;, a konkretniej o: Lactobacillus rhamnosus GG i Sacharomyces boulardii (ten drugi to de facto grzybek, ale po\u017cyteczny). Zwykle skracaj\u0105 one jednak czas trwania biegunki o jeden dzie\u0144. Zaleca si\u0119 je, bo wp\u0142ywaj\u0105 dobrze na mikroflor\u0119 jelita, a w biegunce to przydatna sprawa. Niekt\u00f3re z bakteryjnych biegunek, kt\u00f3re przebiegaj\u0105 z domieszk\u0105 krwi wymaga poda\u017cy antybiotyku. Takie sytuacje zdarzaj\u0105 si\u0119 rzadko, <strong>ale lekarz w przypadku krwistej biegunki u dziecka, mo\u017ce\u00a0 rozwa\u017cy\u0107 wykonanie dodatkowych bada\u0144 i zlecenie lek\u00f3w<\/strong>.<\/p>\n<h4>Wa\u017cne zalecenie &#8211; uzupe\u0142niaj p\u0142yny!<\/h4>\n<p>Konieczne jest wprowadzenie wi\u0119kszej ilo\u015bci p\u0142yn\u00f3w wed\u0142ug zasad: na ka\u017cde 10 kg wagi dziecka &#8211; 1 litr na dob\u0119, 1 lu\u017ana kupka &#8211; dodatkowe 100 ml p\u0142ynu.<\/p>\n<h2 id=\"alergia-jako-powod-krwi-w-kupie-niemowlaka\">Przyczyna druga krwi w kupie dziecka &#8211; alergia<\/h2>\n<p>U niemowl\u0105t zaraz po biegunce infekcyjnej krew w kupce powinna nasun\u0105\u0107 podejrzenie <strong>alergii na bia\u0142ko mleka krowiego<\/strong> (nie myli\u0107 z nietolerancj\u0105 laktozy). Przyczyna choroby zawsze tkwi w uk\u0142adzie immunologicznym. Zwykle jest to sprawa przemijaj\u0105ca. Niemowl\u0119ta mi\u0119dzy 8-12 miesi\u0105cem \u017cycia &#8222;wyrastaj\u0105&#8221; z objaw\u00f3w alergii na bia\u0142ko mleka. <strong>Poza domieszk\u0105 krwi w kale dziecko mo\u017ce demonstrowa\u0107 ca\u0142\u0105 gam\u0119 innych objaw\u00f3w<\/strong> (\u015bwi\u0105d, zaczerwienienie sk\u00f3ry, b\u00f3le brzucha, napady kolki, zaparcia, kichanie, wyciek z nosa, kaszel, duszno\u015b\u0107).<\/p>\n<p>Podstaw\u0105 leczenia w takiej alergii jest dieta eliminacyjna, czyli\u00a0wykluczenie mleka krowiego i jego pochodnych. Jednocze\u015bnie nie mo\u017cna zapomnie\u0107 o dostarczeniu substancji od\u017cywczych, kt\u00f3re nie zaburzaj\u0105 normalnego wzrostu i rozwoju niemowl\u0119cia! U dzieci butelkowych \u2013 mieszkanki sojowe (tylko powy\u017cej 6 miesi\u0105ca \u017cycia), mieszanki mleczne o wysokim stopniu hydrolizy (Pepti, Nutramigen), mieszanki aminokwasowe (-Amino lub Neocate).<\/p>\n<p>Mleko kozie nie jest dobrym rozwi\u0105zaniem. Mieszanki -HA \u2013 tylko profilaktycznie, kiedy s\u0105 objawy to ju\u017c nie powinno si\u0119 ich stosowa\u0107. W przypadku matek karmi\u0105cych (nawet pomimo alergii na bia\u0142ko mleka \u2013 zaleca si\u0119 kontynuacj\u0119 karmienia piersi\u0105!) \u2013 leczenie polega na rezygnacji z mleka krowiego przez matk\u0119. W tym okresie konieczna jest suplementacja witaminy D i wapnia!<\/p>\n<h3 id=\"postepowanie-w-przypadku-alergii-pokarmowej\">Co robi\u0107 w przypadku alergii pokarmowej? Dieta eliminacyjna<\/h3>\n<p>W trakcie stosowania diety eliminacyjnej nale\u017cy unika\u0107 nast\u0119puj\u0105cych produkt\u00f3w:<\/p>\n<ul>\n<li>mas\u0142a i wi\u0119kszo\u015bci t\u0142uszcz\u00f3w do smarowania, w tym mas\u0142a klarowanego,<\/li>\n<li>sera,<\/li>\n<li>krowiego, owczego i koziego mleka,<\/li>\n<li>mleka w proszku i mleka skondensowanego,<\/li>\n<li>\u015bmietany, jogurtu, lod\u00f3w, polew,<\/li>\n<li>deser\u00f3w mlecznych i innych produkt\u00f3w spo\u017cywczych, kt\u00f3re w swoim sk\u0142adzie zawieraj\u0105 mleko lub mas\u0142o.<\/li>\n<\/ul>\n<p>Bia\u0142ko mleka krowiego mo\u017cna znale\u017a\u0107 te\u017c\u00a0w wielu przetworzonych produktach spo\u017cywczych\u00a0(produkty zbo\u017cowe, zupy, dania gotowe oraz produkty dla niemowl\u0105t \u2013\u00a0na etykiecie: kazeina, kazeiniany, twar\u00f3g, laktoglobulina, laktoza, masa mleczna, serwatka, ma\u015blanka, cukier mleczny, cukier serwatkowy, serwatkowy syrop s\u0142odz\u0105cy).<\/p>\n<p>Je\u015bli dieta eliminacyjna przynios\u0142a oczekiwany skutek \u2013 to oznacza, \u017ce rozpoznanie alergii by\u0142o s\u0142uszne.<\/p>\n<h2 id=\"zaparcia-a-krew-w-kupce-dziecka\">Zaparcia przyczyn\u0105 krwi w kupce dziecka<\/h2>\n<p><strong>Zaparcia u dziecka r\u00f3wnie\u017c mog\u0105 powodowa\u0107 krew w kupie niemowlaka<\/strong>. Krwawienie nie jest tutaj zwykle jedynym objawem. Dziecko mo\u017ce si\u0119 skar\u017cy\u0107 na b\u00f3l brzucha, wzd\u0119cie\u00a0(nie dopina si\u0119 w spodenki, sukienka jest za ciasna). Zdarza si\u0119, \u017ce wyst\u0119puje plamienie bielizny ka\u0142em, co niekiedy uwa\u017ca si\u0119 za biegunk\u0119.<\/p>\n<h3 id=\"zaparcia-u-dziecka-co-robic\">Co robi\u0107, gdy dziecko cierpi na zaparcia?<\/h3>\n<p>Podstawowym sposobem walki z zaparciami jest dieta. Dla przyk\u0142adu. Unikaj podawania dziecku serk\u00f3w typu \u201eDanio\u201d i zamie\u0144 je na jogurty naturalne. Pieczywo bia\u0142e zamie\u0144 na takie z ziarnami lub razowe. Zamiast wieprzowiny podawaj indyka lub kurczaka. Zamiast wysokos\u0142odzonych konfitur podawaj dziecku du\u017co owoc\u00f3w. Unikaj wzdymaj\u0105cych warzyw (groch, kapusta, fasola, b\u00f3b, \u015bwie\u017cy og\u00f3rek). Zamiast czekolady i napoj\u00f3w gazowanych podawaj\u00a0\u00a0 pestki s\u0142onecznika, dyni i domowej roboty kompoty lub soki. I przede wszystkim \u2013 dbaj o to by dziecko du\u017co pi\u0142o w ci\u0105gu dnia. Zwykle to w ilo\u015bci p\u0142yn\u00f3w tkwi przyczyna zapar\u0107 dziecka. Im jest ich wi\u0119cej tym zaparcia s\u0105 mniejsze.<\/p>\n<p>Probiotyki, laktuloza, makrogole, czopki, wlewki \u2013 to inne sposoby na zaparcia, kt\u00f3re maj\u0105 jednak drugorz\u0119dne znaczenie, bo bez odpowiedniej diety nie dadz\u0105 cudownych rezultat\u00f3w.<\/p>\n<h2 id=\"inne-przyczyny-wystepowania-krwi-w-kupce\">Krew w kupce niemowlaka &#8211; pozosta\u0142e przyczyny<\/h2>\n<p><strong>Krew w stolcu<\/strong> mo\u017ce by\u0107 wywo\u0142ana r\u00f3wnie\u017c <strong>powa\u017cniejszymi, chirurgicznymi przyczynami<\/strong>. Je\u015bli dodatkowo dziecko gor\u0105czkuje, obficie wymiotuje, nie przyjmuje p\u0142yn\u00f3w, inaczej si\u0119 zachowuje (ca\u0142y czas \u015bpi, albo jest &#8222;nieobecne&#8221;, jest bardzo niespokojne) to udaj si\u0119 natychmiast do lekarza. Lekarz oceni czy dziecko nie wymaga natychmiastowej interwencji.<\/p>\n<p>Cz\u0119sto spotykany jest tak\u017ce <a href=\"https:\/\/katarek.pl\/blog\/sluz-w-kupce-dziecka-czy-to-infekcja\/\">\u015bluz w kupie niemowlaka<\/a>, o kt\u00f3rym informacje znajdziesz w naszym innym artykule.<\/p>\n<p>Autorka: Mama Pediatra<\/p>\n<p>Dagmara Chmurzy\u0144ska- Rutkowska<\/p>\n<p><a href=\"www.mamapediatra.blog.pl\" target=\"_blank\" rel=\"nofollow noopener\">www.mamapediatra.blog.pl<\/a><\/p>\n<div class=\"banerfront\"><a href=\"https:\/\/katarek.pl\/produkt\/katarek-complete\/?blog-single-top\"> <img decoding=\"async\" src=\"https:\/\/katarek.pl\/blog\/wp-content\/uploads\/2022\/07\/comple1920x250-v1-1.jpg\" \/> <\/a><\/div>\n\n<section class=\"product-tabs alignfull section-mb-xxs \">\n\t<div class=\"container container--mobile-overflow\">\n\t\t\t\t\t\n\t\t\n\t\t\n\t\t\t<nav class=\"py-spacer-32 w-full border-b-1 border-primary-300 overflow-x-auto\">\n\t\t\t\t<ul class=\"flex items-center md:justify-center gap-spacer-32 flex-nowrap\">\n\t\t\t\t\t\t\t\t\t\t\t<li>\n\t\t\t\t\t\t\t<button class=\"product-tabs__tab link-underline title-sm !text-primary-700 font-bold active\" data-target=\"category-16\">\n\t\t\t\t\t\t\t\tAspiratory\n\t\t\t\t\t\t\t<\/button>\n\t\t\t\t\t\t<\/li>\n\t\t\t\t\t\t\t\t\t\t\t<li>\n\t\t\t\t\t\t\t<button class=\"product-tabs__tab link-underline title-sm !text-primary-700 font-bold \" data-target=\"category-19\">\n\t\t\t\t\t\t\t\tNebulizatory\n\t\t\t\t\t\t\t<\/button>\n\t\t\t\t\t\t<\/li>\n\t\t\t\t\t\t\t\t\t\t\t<li>\n\t\t\t\t\t\t\t<button class=\"product-tabs__tab link-underline title-sm !text-primary-700 font-bold \" data-target=\"category-21\">\n\t\t\t\t\t\t\t\tSole\n\t\t\t\t\t\t\t<\/button>\n\t\t\t\t\t\t<\/li>\n\t\t\t\t\t\t\t\t\t<\/ul>\n\t\t\t<\/nav>\n\n\t\t\t<div class=\"product-tabs\">\n\t\t\t\t\t\t\t\t\t<div data-content=\"category-16\" class=\"product-tabs__content active\">\n\t\t\t\t\t\t<div class=\"overflow-x-auto flex flex-nowrap gap-32 py-spacer-48 mb-32 lg:mb-0\">\n\t\t\t\t\t\t\t\t\t\t\t\t\t\t\t\t\t\t\t\t\t\t\t\t                              \n\n<div class=\"product-card product-card-trustmate-container flex flex-col relative group min-w-[90vw] lg:min-w-0 lg:w-[calc(100%_\/_3_-_1.5rem)]\">\n\n      <div class=\"bg-secondary-200 rounded-t-20 relative\">\n              <div class=\"post-tags absolute z-10 top-14 left-16 flex flex-wrap gap-8\">\n\n                      \t\t\n\t\t\t\t\t\t\t\t<span class=\"tag pink\">Promocja<\/span>\n\t\t\t\n                    \t\t\n\t\t\t\t\t\t\t\t\t\t\t\t\t<span class=\"tag yellow\">z kodem -15%<\/span>\n\t\t\t\n        <\/div>\n            <div class=\"post-image rounded-t-20 overflow-hidden relative aspect-[6\/5]\">\n        <a class=\"stretched-link\" href=\"https:\/\/katarek.pl\/produkt\/zestaw-katarek-travel-2w1-adapter-do-odkurzaczy-pionowych\/\">\n          <span class=\"sr-only\">Zestaw Katarek Travel 2w1 + Adapter do odkurzaczy pionowych<\/span>\n        <\/a>\n        <div class=\"transition-opacity   group-hover:opacity-0 \">\n          <img loading=\"lazy\" decoding=\"async\" width=\"768\" height=\"768\" src=\"https:\/\/katarek.pl\/wp-content\/uploads\/2025\/11\/3-768x768.png\" class=\"h-full w-full object-cover aspect-[6\/5]\" alt=\"Zestaw Katarek Travel + Adapter do odkurzaczy pionowych - zestaw 3 w 1 na katar w tym ustnie\" srcset=\"https:\/\/katarek.pl\/wp-content\/uploads\/2025\/11\/3-768x768.png 768w, https:\/\/katarek.pl\/wp-content\/uploads\/2025\/11\/3-450x450.png 450w, https:\/\/katarek.pl\/wp-content\/uploads\/2025\/11\/3-250x250.png 250w, https:\/\/katarek.pl\/wp-content\/uploads\/2025\/11\/3-500x500.png 500w, https:\/\/katarek.pl\/wp-content\/uploads\/2025\/11\/3-485x485.png 485w, https:\/\/katarek.pl\/wp-content\/uploads\/2025\/11\/3-600x600.png 600w, https:\/\/katarek.pl\/wp-content\/uploads\/2025\/11\/3-100x100.png 100w, https:\/\/katarek.pl\/wp-content\/uploads\/2025\/11\/3.png 900w\" sizes=\"(max-width: 768px) 100vw, 768px\" \/>\n\n        <\/div>\n\n                  <div class=\"absolute inset-0 opacity-0 transition-opacity group-hover:opacity-100\">\n            <img loading=\"lazy\" decoding=\"async\" width=\"768\" height=\"768\" src=\"https:\/\/katarek.pl\/wp-content\/uploads\/2025\/11\/2-768x768.png\" class=\"h-full w-full object-cover aspect-[6\/5]\" alt=\"Zestaw zawiera katarek Travel aspirator kataru dla dzieci oraz adapter do odkurzaczy pionowych\" srcset=\"https:\/\/katarek.pl\/wp-content\/uploads\/2025\/11\/2-768x768.png 768w, https:\/\/katarek.pl\/wp-content\/uploads\/2025\/11\/2-450x450.png 450w, https:\/\/katarek.pl\/wp-content\/uploads\/2025\/11\/2-250x250.png 250w, https:\/\/katarek.pl\/wp-content\/uploads\/2025\/11\/2-500x500.png 500w, https:\/\/katarek.pl\/wp-content\/uploads\/2025\/11\/2-485x485.png 485w, https:\/\/katarek.pl\/wp-content\/uploads\/2025\/11\/2-600x600.png 600w, https:\/\/katarek.pl\/wp-content\/uploads\/2025\/11\/2-100x100.png 100w, https:\/\/katarek.pl\/wp-content\/uploads\/2025\/11\/2.png 900w\" sizes=\"(max-width: 768px) 100vw, 768px\" \/>\n\n          <\/div>\n        \n      <\/div>\n    <\/div>\n\n    <div class=\"product-card__details bg-white p-12 lg:p-24 flex flex-col gap-20 rounded-b-20 h-full\" data-product-id=\"4298\">\n    <div class=\"inline-block self-start product-card-trustmate__rating\">\n      <a class=\"product-card__title !text-primary-700  inline link-underline h5 font-medium\" href=\"https:\/\/katarek.pl\/produkt\/zestaw-katarek-travel-2w1-adapter-do-odkurzaczy-pionowych\/\">\n        Zestaw Katarek Travel 2w1 + Adapter do odkurzaczy pionowych\n      <\/a>\n    <\/div>\n\n          <div class=\"product-card__description line-clamp-3 text-md text-gray-500\"><p>odci\u0105ganiesz katar odkurzaczem poziomym, pionowym oraz wyj\u0105tkowo ustami. Must have do wyprawki!<\/p><\/div>\n    \n          <div class=\"flex justify-between gap-14 flex-wrap mt-auto\">\n        <div class=\"product-price h4 font-semibold self-end text-pink-800\">\n          <span class=\"woocommerce-Price-amount amount\"><bdi>111,99&nbsp;<span class=\"woocommerce-Price-currencySymbol\">&#122;&#322;<\/span><\/bdi><\/span>\n        <\/div>\n        <div class=\"product-card__button\">\n\n          <a href=\"\/?add-to-cart=4298\" data-product_id=\"4298\" target=\"_self\" class=\"button primary add_to_cart_button ajax_add_to_cart\">\n            <span>\n              Dodaj do koszyka\n            <\/span>\n\n            <svg xmlns=\"http:\/\/www.w3.org\/2000\/svg\" width=\"24\" height=\"24\" viewbox=\"0 0 24 24\" fill=\"none\">\n\t<path d=\"M4 12H20M20 12L14.6667 7M20 12L14.6667 17\" stroke=\"currentColor\" stroke-width=\"1.5\" stroke-linecap=\"round\"\/>\n<\/svg>\n\n          <\/a>\n\n        <\/div>\n      <\/div>\n      <\/div>\n<\/div>\n\t\t\t\t\t\t\t\t\t\t\t\t\t\t\t\t\t                              \n\n<div class=\"product-card product-card-trustmate-container flex flex-col relative group min-w-[90vw] lg:min-w-0 lg:w-[calc(100%_\/_3_-_1.5rem)]\">\n\n      <div class=\"bg-secondary-200 rounded-t-20 relative\">\n              <div class=\"post-tags absolute z-10 top-14 left-16 flex flex-wrap gap-8\">\n\n                      \t\t\n\t\t\t\t\t\t\t\t<span class=\"tag pink\">Promocja<\/span>\n\t\t\t\n                            <\/div>\n            <div class=\"post-image rounded-t-20 overflow-hidden relative aspect-[6\/5]\">\n        <a class=\"stretched-link\" href=\"https:\/\/katarek.pl\/produkt\/katarek-standard\/\">\n          <span class=\"sr-only\">Katarek Standard<\/span>\n        <\/a>\n        <div class=\"transition-opacity   group-hover:opacity-0 \">\n          <img loading=\"lazy\" decoding=\"async\" width=\"768\" height=\"768\" src=\"https:\/\/katarek.pl\/wp-content\/uploads\/2025\/09\/6-768x768.png\" class=\"h-full w-full object-cover aspect-[6\/5]\" alt=\"Aspirator do kataru dla dzieci Katarek Standard\" srcset=\"https:\/\/katarek.pl\/wp-content\/uploads\/2025\/09\/6-768x768.png 768w, https:\/\/katarek.pl\/wp-content\/uploads\/2025\/09\/6-450x450.png 450w, https:\/\/katarek.pl\/wp-content\/uploads\/2025\/09\/6-250x250.png 250w, https:\/\/katarek.pl\/wp-content\/uploads\/2025\/09\/6-500x500.png 500w, https:\/\/katarek.pl\/wp-content\/uploads\/2025\/09\/6-485x485.png 485w, https:\/\/katarek.pl\/wp-content\/uploads\/2025\/09\/6-600x600.png 600w, https:\/\/katarek.pl\/wp-content\/uploads\/2025\/09\/6-100x100.png 100w, https:\/\/katarek.pl\/wp-content\/uploads\/2025\/09\/6.png 1000w\" sizes=\"(max-width: 768px) 100vw, 768px\" \/>\n\n        <\/div>\n\n                  <div class=\"absolute inset-0 opacity-0 transition-opacity group-hover:opacity-100\">\n            <img loading=\"lazy\" decoding=\"async\" width=\"768\" height=\"768\" src=\"https:\/\/katarek.pl\/wp-content\/uploads\/2025\/07\/Projekt-bez-nazwy-52-768x768.png\" class=\"h-full w-full object-cover aspect-[6\/5]\" alt=\"Aspirator Katarek Standard z 2 ko\u0144c\u00f3wkami\" srcset=\"https:\/\/katarek.pl\/wp-content\/uploads\/2025\/07\/Projekt-bez-nazwy-52-768x768.png 768w, https:\/\/katarek.pl\/wp-content\/uploads\/2025\/07\/Projekt-bez-nazwy-52-450x450.png 450w, https:\/\/katarek.pl\/wp-content\/uploads\/2025\/07\/Projekt-bez-nazwy-52-250x250.png 250w, https:\/\/katarek.pl\/wp-content\/uploads\/2025\/07\/Projekt-bez-nazwy-52-500x500.png 500w, https:\/\/katarek.pl\/wp-content\/uploads\/2025\/07\/Projekt-bez-nazwy-52-485x485.png 485w, https:\/\/katarek.pl\/wp-content\/uploads\/2025\/07\/Projekt-bez-nazwy-52-600x600.png 600w, https:\/\/katarek.pl\/wp-content\/uploads\/2025\/07\/Projekt-bez-nazwy-52-100x100.png 100w, https:\/\/katarek.pl\/wp-content\/uploads\/2025\/07\/Projekt-bez-nazwy-52.png 1000w\" sizes=\"(max-width: 768px) 100vw, 768px\" \/>\n\n          <\/div>\n        \n      <\/div>\n    <\/div>\n\n    <div class=\"product-card__details bg-white p-12 lg:p-24 flex flex-col gap-20 rounded-b-20 h-full\" data-product-id=\"3142\">\n    <div class=\"inline-block self-start product-card-trustmate__rating\">\n      <a class=\"product-card__title !text-primary-700  inline link-underline h5 font-medium\" href=\"https:\/\/katarek.pl\/produkt\/katarek-standard\/\">\n        Katarek Standard\n      <\/a>\n    <\/div>\n\n          <div class=\"product-card__description line-clamp-3 text-md text-gray-500\"><p>prosty ale bardzo pomocny. Aspirator kataru do odkurzacza, kt\u00f3ry pokona nawet g\u0119st\u0105, zielon\u0105 wydzielin\u0119!<\/p><\/div>\n    \n          <div class=\"flex justify-between gap-14 flex-wrap mt-auto\">\n        <div class=\"product-price h4 font-semibold self-end text-pink-800\">\n          <span class=\"woocommerce-Price-amount amount\"><bdi>53,00&nbsp;<span class=\"woocommerce-Price-currencySymbol\">&#122;&#322;<\/span><\/bdi><\/span>\n        <\/div>\n        <div class=\"product-card__button\">\n\n          <a href=\"\/?add-to-cart=3142\" data-product_id=\"3142\" target=\"_self\" class=\"button primary add_to_cart_button ajax_add_to_cart\">\n            <span>\n              Dodaj do koszyka\n            <\/span>\n\n            <svg xmlns=\"http:\/\/www.w3.org\/2000\/svg\" width=\"24\" height=\"24\" viewbox=\"0 0 24 24\" fill=\"none\">\n\t<path d=\"M4 12H20M20 12L14.6667 7M20 12L14.6667 17\" stroke=\"currentColor\" stroke-width=\"1.5\" stroke-linecap=\"round\"\/>\n<\/svg>\n\n          <\/a>\n\n        <\/div>\n      <\/div>\n      <\/div>\n<\/div>\n\t\t\t\t\t\t\t\t\t\t\t\t\t\t\t\t\t                              \n\n<div class=\"product-card product-card-trustmate-container flex flex-col relative group min-w-[90vw] lg:min-w-0 lg:w-[calc(100%_\/_3_-_1.5rem)]\">\n\n      <div class=\"bg-secondary-200 rounded-t-20 relative\">\n              <div class=\"post-tags absolute z-10 top-14 left-16 flex flex-wrap gap-8\">\n\n                      \t\t\n\t\t\t\t\t\t\t\t<span class=\"tag pink\">Promocja<\/span>\n\t\t\t\n                            <\/div>\n            <div class=\"post-image rounded-t-20 overflow-hidden relative aspect-[6\/5]\">\n        <a class=\"stretched-link\" href=\"https:\/\/katarek.pl\/produkt\/katarek-simple\/\">\n          <span class=\"sr-only\">Katarek Simple<\/span>\n        <\/a>\n        <div class=\"transition-opacity   group-hover:opacity-0 \">\n          <img loading=\"lazy\" decoding=\"async\" width=\"768\" height=\"768\" src=\"https:\/\/katarek.pl\/wp-content\/uploads\/2025\/07\/Projekt-bez-nazwy-83-768x768.png\" class=\"h-full w-full object-cover aspect-[6\/5]\" alt=\"Prosty, tani aspirator kataru do odkurzacza Katarek Simple\" srcset=\"https:\/\/katarek.pl\/wp-content\/uploads\/2025\/07\/Projekt-bez-nazwy-83-768x768.png 768w, https:\/\/katarek.pl\/wp-content\/uploads\/2025\/07\/Projekt-bez-nazwy-83-450x450.png 450w, https:\/\/katarek.pl\/wp-content\/uploads\/2025\/07\/Projekt-bez-nazwy-83-250x250.png 250w, https:\/\/katarek.pl\/wp-content\/uploads\/2025\/07\/Projekt-bez-nazwy-83-500x500.png 500w, https:\/\/katarek.pl\/wp-content\/uploads\/2025\/07\/Projekt-bez-nazwy-83-485x485.png 485w, https:\/\/katarek.pl\/wp-content\/uploads\/2025\/07\/Projekt-bez-nazwy-83-600x600.png 600w, https:\/\/katarek.pl\/wp-content\/uploads\/2025\/07\/Projekt-bez-nazwy-83-100x100.png 100w, https:\/\/katarek.pl\/wp-content\/uploads\/2025\/07\/Projekt-bez-nazwy-83.png 1000w\" sizes=\"(max-width: 768px) 100vw, 768px\" \/>\n\n        <\/div>\n\n                  <div class=\"absolute inset-0 opacity-0 transition-opacity group-hover:opacity-100\">\n            <img loading=\"lazy\" decoding=\"async\" width=\"768\" height=\"768\" src=\"https:\/\/katarek.pl\/wp-content\/uploads\/2025\/07\/Projekt-bez-nazwy-53-768x768.png\" class=\"h-full w-full object-cover aspect-[6\/5]\" alt=\"Podstawowy Katarek Simple - aspirator kataru do odkurzacza dla dzieci\" srcset=\"https:\/\/katarek.pl\/wp-content\/uploads\/2025\/07\/Projekt-bez-nazwy-53-768x768.png 768w, https:\/\/katarek.pl\/wp-content\/uploads\/2025\/07\/Projekt-bez-nazwy-53-450x450.png 450w, https:\/\/katarek.pl\/wp-content\/uploads\/2025\/07\/Projekt-bez-nazwy-53-250x250.png 250w, https:\/\/katarek.pl\/wp-content\/uploads\/2025\/07\/Projekt-bez-nazwy-53-500x500.png 500w, https:\/\/katarek.pl\/wp-content\/uploads\/2025\/07\/Projekt-bez-nazwy-53-485x485.png 485w, https:\/\/katarek.pl\/wp-content\/uploads\/2025\/07\/Projekt-bez-nazwy-53-600x600.png 600w, https:\/\/katarek.pl\/wp-content\/uploads\/2025\/07\/Projekt-bez-nazwy-53-100x100.png 100w, https:\/\/katarek.pl\/wp-content\/uploads\/2025\/07\/Projekt-bez-nazwy-53.png 1000w\" sizes=\"(max-width: 768px) 100vw, 768px\" \/>\n\n          <\/div>\n        \n      <\/div>\n    <\/div>\n\n    <div class=\"product-card__details bg-white p-12 lg:p-24 flex flex-col gap-20 rounded-b-20 h-full\" data-product-id=\"3120\">\n    <div class=\"inline-block self-start product-card-trustmate__rating\">\n      <a class=\"product-card__title !text-primary-700  inline link-underline h5 font-medium\" href=\"https:\/\/katarek.pl\/produkt\/katarek-simple\/\">\n        Katarek Simple\n      <\/a>\n    <\/div>\n\n          <div class=\"product-card__description line-clamp-3 text-md text-gray-500\"><p>podstawowy aspirator, kt\u00f3ry efektywnie \u015bci\u0105ga katar od pierwszego dnia dziecka<\/p><\/div>\n    \n          <div class=\"flex justify-between gap-14 flex-wrap mt-auto\">\n        <div class=\"product-price h4 font-semibold self-end text-pink-800\">\n          <span class=\"woocommerce-Price-amount amount\"><bdi>42,40&nbsp;<span class=\"woocommerce-Price-currencySymbol\">&#122;&#322;<\/span><\/bdi><\/span>\n        <\/div>\n        <div class=\"product-card__button\">\n\n          <a href=\"\/?add-to-cart=3120\" data-product_id=\"3120\" target=\"_self\" class=\"button primary add_to_cart_button ajax_add_to_cart\">\n            <span>\n              Dodaj do koszyka\n            <\/span>\n\n            <svg xmlns=\"http:\/\/www.w3.org\/2000\/svg\" width=\"24\" height=\"24\" viewbox=\"0 0 24 24\" fill=\"none\">\n\t<path d=\"M4 12H20M20 12L14.6667 7M20 12L14.6667 17\" stroke=\"currentColor\" stroke-width=\"1.5\" stroke-linecap=\"round\"\/>\n<\/svg>\n\n          <\/a>\n\n        <\/div>\n      <\/div>\n      <\/div>\n<\/div>\n\t\t\t\t\t\t\t\t\t\t\t\t\t\t\t\t\t\t\t\t\t<\/div>\n\t\t\t\t\t\t<div class=\"flex place-content-center\">\n\t\t\t\t\t\t\t\t\n\t\n\t\n\t\t\n\t\t\t<a href=\"https:\/\/katarek.pl\/kategoria-produktu\/aspiratory\/\" target=\"_self\"  class=\"button outlined   \">\n\t\t\t\t<span>\n\t\t\t\t\tZobacz wi\u0119cej\n\t\t\t\t<\/span>\n\n\t\t\t\t\t\t\t\t\t<svg xmlns=\"http:\/\/www.w3.org\/2000\/svg\" width=\"24\" height=\"24\" viewbox=\"0 0 24 24\" fill=\"none\">\n\t<path d=\"M4 12H20M20 12L14.6667 7M20 12L14.6667 17\" stroke=\"currentColor\" stroke-width=\"1.5\" stroke-linecap=\"round\"\/>\n<\/svg>\n\n\t\t\t\t\n\t\t\t<\/a>\n\n\t\t\n\t\n\t\t\t\t\t\t<\/div>\n\t\t\t\t\t<\/div>\n\t\t\t\t\t\t\t\t\t<div data-content=\"category-19\" class=\"product-tabs__content \">\n\t\t\t\t\t\t<div class=\"overflow-x-auto flex flex-nowrap gap-32 py-spacer-48 mb-32 lg:mb-0\">\n\t\t\t\t\t\t\t\t\t\t\t\t\t\t\t\t\t\t\t\t\t\t\t\t                              \n\n<div class=\"product-card product-card-trustmate-container flex flex-col relative group min-w-[90vw] lg:min-w-0 lg:w-[calc(100%_\/_3_-_1.5rem)]\">\n\n      <div class=\"bg-secondary-200 rounded-t-20 relative\">\n              <div class=\"post-tags absolute z-10 top-14 left-16 flex flex-wrap gap-8\">\n\n                      \t\t\n\t\t\t\t\t\t\t\t<span class=\"tag pink\">Promocja<\/span>\n\t\t\t\n                    \t\t\n\t\t\t\t\t\t\t\t\t\t\t\t\t<span class=\"tag yellow\">Nowo\u015b\u0107<\/span>\n\t\t\t\t\t\t\t\t\t\t\t\t\t\t\t<span class=\"tag yellow\">z kodem -15%<\/span>\n\t\t\t\n        <\/div>\n            <div class=\"post-image rounded-t-20 overflow-hidden relative aspect-[6\/5]\">\n        <a class=\"stretched-link\" href=\"https:\/\/katarek.pl\/produkt\/helpmedi-nebucare-secure\/\">\n          <span class=\"sr-only\">Helpmedi NebuCare.Secure<\/span>\n        <\/a>\n        <div class=\"transition-opacity   group-hover:opacity-0 \">\n          <img loading=\"lazy\" decoding=\"async\" width=\"768\" height=\"768\" src=\"https:\/\/katarek.pl\/wp-content\/uploads\/2026\/03\/1-768x768.webp\" class=\"h-full w-full object-cover aspect-[6\/5]\" alt=\"Ne_03C\" srcset=\"https:\/\/katarek.pl\/wp-content\/uploads\/2026\/03\/1-768x768.webp 768w, https:\/\/katarek.pl\/wp-content\/uploads\/2026\/03\/1-450x450.webp 450w, https:\/\/katarek.pl\/wp-content\/uploads\/2026\/03\/1-250x250.webp 250w, https:\/\/katarek.pl\/wp-content\/uploads\/2026\/03\/1-500x500.webp 500w, https:\/\/katarek.pl\/wp-content\/uploads\/2026\/03\/1-485x485.webp 485w, https:\/\/katarek.pl\/wp-content\/uploads\/2026\/03\/1-600x600.webp 600w, https:\/\/katarek.pl\/wp-content\/uploads\/2026\/03\/1-100x100.webp 100w, https:\/\/katarek.pl\/wp-content\/uploads\/2026\/03\/1.webp 900w\" sizes=\"(max-width: 768px) 100vw, 768px\" \/>\n\n        <\/div>\n\n                  <div class=\"absolute inset-0 opacity-0 transition-opacity group-hover:opacity-100\">\n            <img loading=\"lazy\" decoding=\"async\" width=\"768\" height=\"768\" src=\"https:\/\/katarek.pl\/wp-content\/uploads\/2026\/03\/7-768x768.webp\" class=\"h-full w-full object-cover aspect-[6\/5]\" alt=\"Ne-03C_ty\u0142_maska\" srcset=\"https:\/\/katarek.pl\/wp-content\/uploads\/2026\/03\/7-768x768.webp 768w, https:\/\/katarek.pl\/wp-content\/uploads\/2026\/03\/7-450x450.webp 450w, https:\/\/katarek.pl\/wp-content\/uploads\/2026\/03\/7-250x250.webp 250w, https:\/\/katarek.pl\/wp-content\/uploads\/2026\/03\/7-500x500.webp 500w, https:\/\/katarek.pl\/wp-content\/uploads\/2026\/03\/7-485x485.webp 485w, https:\/\/katarek.pl\/wp-content\/uploads\/2026\/03\/7-600x600.webp 600w, https:\/\/katarek.pl\/wp-content\/uploads\/2026\/03\/7-100x100.webp 100w, https:\/\/katarek.pl\/wp-content\/uploads\/2026\/03\/7.webp 900w\" sizes=\"(max-width: 768px) 100vw, 768px\" \/>\n\n          <\/div>\n        \n      <\/div>\n    <\/div>\n\n    <div class=\"product-card__details bg-white p-12 lg:p-24 flex flex-col gap-20 rounded-b-20 h-full\" data-product-id=\"5689\">\n    <div class=\"inline-block self-start product-card-trustmate__rating\">\n      <a class=\"product-card__title !text-primary-700  inline link-underline h5 font-medium\" href=\"https:\/\/katarek.pl\/produkt\/helpmedi-nebucare-secure\/\">\n        Helpmedi NebuCare.Secure\n      <\/a>\n    <\/div>\n\n          <div class=\"product-card__description line-clamp-3 text-md text-gray-500\"><p>Ultracichy, mobilny nebulizator siateczkowy z trybem czyszczenia g\u0142owicy<\/p><\/div>\n    \n          <div class=\"flex justify-between gap-14 flex-wrap mt-auto\">\n        <div class=\"product-price h4 font-semibold self-end text-pink-800\">\n          <span class=\"woocommerce-Price-amount amount\"><bdi>179,00&nbsp;<span class=\"woocommerce-Price-currencySymbol\">&#122;&#322;<\/span><\/bdi><\/span>\n        <\/div>\n        <div class=\"product-card__button\">\n\n          <a href=\"\/?add-to-cart=5689\" data-product_id=\"5689\" target=\"_self\" class=\"button primary add_to_cart_button ajax_add_to_cart\">\n            <span>\n              Dodaj do koszyka\n            <\/span>\n\n            <svg xmlns=\"http:\/\/www.w3.org\/2000\/svg\" width=\"24\" height=\"24\" viewbox=\"0 0 24 24\" fill=\"none\">\n\t<path d=\"M4 12H20M20 12L14.6667 7M20 12L14.6667 17\" stroke=\"currentColor\" stroke-width=\"1.5\" stroke-linecap=\"round\"\/>\n<\/svg>\n\n          <\/a>\n\n        <\/div>\n      <\/div>\n      <\/div>\n<\/div>\n\t\t\t\t\t\t\t\t\t\t\t\t\t\t\t\t\t              \n\n<div class=\"product-card product-card-trustmate-container flex flex-col relative group min-w-[90vw] lg:min-w-0 lg:w-[calc(100%_\/_3_-_1.5rem)]\">\n\n      <div class=\"bg-secondary-200 rounded-t-20 relative\">\n            <div class=\"post-image rounded-t-20 overflow-hidden relative aspect-[6\/5]\">\n        <a class=\"stretched-link\" href=\"https:\/\/katarek.pl\/produkt\/zestaw-czesci-zamiennych-basic-cnb69010a-katarek-nebulizator-kompresorowy\/\">\n          <span class=\"sr-only\">Uniwersalny zestaw cz\u0119\u015bci zamiennych BASIC (A), KATAREK Nebulizator kompresorowy<\/span>\n        <\/a>\n        <div class=\"transition-opacity   group-hover:opacity-0 \">\n          <img loading=\"lazy\" decoding=\"async\" width=\"768\" height=\"768\" src=\"https:\/\/katarek.pl\/wp-content\/uploads\/2025\/07\/Uniwersalny-komplet-czesci-zamiennych-BASICA_KATAREK-Nebulizator-kompresorowy-768x768.png\" class=\"h-full w-full object-cover aspect-[6\/5]\" alt=\"Uniwersalny-komplet-czesci-zamiennych-BASIC-A-KATAREK-Nebulizator-kompresorowy\" srcset=\"https:\/\/katarek.pl\/wp-content\/uploads\/2025\/07\/Uniwersalny-komplet-czesci-zamiennych-BASICA_KATAREK-Nebulizator-kompresorowy-768x768.png 768w, https:\/\/katarek.pl\/wp-content\/uploads\/2025\/07\/Uniwersalny-komplet-czesci-zamiennych-BASICA_KATAREK-Nebulizator-kompresorowy-450x450.png 450w, https:\/\/katarek.pl\/wp-content\/uploads\/2025\/07\/Uniwersalny-komplet-czesci-zamiennych-BASICA_KATAREK-Nebulizator-kompresorowy-1024x1024.png 1024w, https:\/\/katarek.pl\/wp-content\/uploads\/2025\/07\/Uniwersalny-komplet-czesci-zamiennych-BASICA_KATAREK-Nebulizator-kompresorowy-250x250.png 250w, https:\/\/katarek.pl\/wp-content\/uploads\/2025\/07\/Uniwersalny-komplet-czesci-zamiennych-BASICA_KATAREK-Nebulizator-kompresorowy-500x500.png 500w, https:\/\/katarek.pl\/wp-content\/uploads\/2025\/07\/Uniwersalny-komplet-czesci-zamiennych-BASICA_KATAREK-Nebulizator-kompresorowy-485x485.png 485w, https:\/\/katarek.pl\/wp-content\/uploads\/2025\/07\/Uniwersalny-komplet-czesci-zamiennych-BASICA_KATAREK-Nebulizator-kompresorowy-600x600.png 600w, https:\/\/katarek.pl\/wp-content\/uploads\/2025\/07\/Uniwersalny-komplet-czesci-zamiennych-BASICA_KATAREK-Nebulizator-kompresorowy-100x100.png 100w, https:\/\/katarek.pl\/wp-content\/uploads\/2025\/07\/Uniwersalny-komplet-czesci-zamiennych-BASICA_KATAREK-Nebulizator-kompresorowy.png 1500w\" sizes=\"(max-width: 768px) 100vw, 768px\" \/>\n\n        <\/div>\n\n                  <div class=\"absolute inset-0 opacity-0 transition-opacity group-hover:opacity-100\">\n            <img loading=\"lazy\" decoding=\"async\" width=\"768\" height=\"768\" src=\"https:\/\/katarek.pl\/wp-content\/uploads\/2025\/07\/katarek-uniwersalny-zestaw-czesci-zamiennych-basic-a-768x768.png\" class=\"h-full w-full object-cover aspect-[6\/5]\" alt=\"Katarek nebulizator - cz\u0119\u015bci zamienne i maseczki\" srcset=\"https:\/\/katarek.pl\/wp-content\/uploads\/2025\/07\/katarek-uniwersalny-zestaw-czesci-zamiennych-basic-a-768x768.png 768w, https:\/\/katarek.pl\/wp-content\/uploads\/2025\/07\/katarek-uniwersalny-zestaw-czesci-zamiennych-basic-a-485x485.png 485w, https:\/\/katarek.pl\/wp-content\/uploads\/2025\/07\/katarek-uniwersalny-zestaw-czesci-zamiennych-basic-a-100x100.png 100w, https:\/\/katarek.pl\/wp-content\/uploads\/2025\/07\/katarek-uniwersalny-zestaw-czesci-zamiennych-basic-a-600x600.png 600w, https:\/\/katarek.pl\/wp-content\/uploads\/2025\/07\/katarek-uniwersalny-zestaw-czesci-zamiennych-basic-a-300x300.png 300w, https:\/\/katarek.pl\/wp-content\/uploads\/2025\/07\/katarek-uniwersalny-zestaw-czesci-zamiennych-basic-a-1024x1024.png 1024w, https:\/\/katarek.pl\/wp-content\/uploads\/2025\/07\/katarek-uniwersalny-zestaw-czesci-zamiennych-basic-a-150x150.png 150w, https:\/\/katarek.pl\/wp-content\/uploads\/2025\/07\/katarek-uniwersalny-zestaw-czesci-zamiennych-basic-a-500x500.png 500w, https:\/\/katarek.pl\/wp-content\/uploads\/2025\/07\/katarek-uniwersalny-zestaw-czesci-zamiennych-basic-a-450x450.png 450w, https:\/\/katarek.pl\/wp-content\/uploads\/2025\/07\/katarek-uniwersalny-zestaw-czesci-zamiennych-basic-a.png 1080w\" sizes=\"(max-width: 768px) 100vw, 768px\" \/>\n\n          <\/div>\n        \n      <\/div>\n    <\/div>\n\n    <div class=\"product-card__details bg-white p-12 lg:p-24 flex flex-col gap-20 rounded-b-20 h-full\" data-product-id=\"3117\">\n    <div class=\"inline-block self-start product-card-trustmate__rating\">\n      <a class=\"product-card__title !text-primary-700  inline link-underline h5 font-medium\" href=\"https:\/\/katarek.pl\/produkt\/zestaw-czesci-zamiennych-basic-cnb69010a-katarek-nebulizator-kompresorowy\/\">\n        Uniwersalny zestaw cz\u0119\u015bci zamiennych BASIC (A), KATAREK Nebulizator kompresorowy\n      <\/a>\n    <\/div>\n\n          <div class=\"product-card__description line-clamp-3 text-md text-gray-500\"><!-- wp:paragraph {\"className\":\"\",\"epAnimationGeneratedClass\":\"edplus_anim-cLL2IQ\",\"epGeneratedClass\":\"eplus-wrapper\"} -->\r\n<p class=\" eplus-wrapper\">zestaw cz\u0119\u015bci zamiennych zawiera: filtr powietrza (5 szt.), maska inhalacyjna ma\u0142a, maska inhalacyjna du\u017ca, ustnik, przew\u00f3d powietrzny<\/p>\r\n<!-- \/wp:paragraph -->\r\n\r\n<!-- wp:paragraph {\"className\":\"\",\"epAnimationGeneratedClass\":\"edplus_anim-cLL2IQ\",\"epGeneratedClass\":\"eplus-wrapper\"} --><!-- \/wp:paragraph --><\/div>\n    \n          <div class=\"flex justify-between gap-14 flex-wrap mt-auto\">\n        <div class=\"product-price h4 font-semibold self-end text-primary-600\">\n          <span class=\"woocommerce-Price-amount amount\"><bdi>35,00&nbsp;<span class=\"woocommerce-Price-currencySymbol\">&#122;&#322;<\/span><\/bdi><\/span>\n        <\/div>\n        <div class=\"product-card__button\">\n\n          <a href=\"\/?add-to-cart=3117\" data-product_id=\"3117\" target=\"_self\" class=\"button primary add_to_cart_button ajax_add_to_cart\">\n            <span>\n              Dodaj do koszyka\n            <\/span>\n\n            <svg xmlns=\"http:\/\/www.w3.org\/2000\/svg\" width=\"24\" height=\"24\" viewbox=\"0 0 24 24\" fill=\"none\">\n\t<path d=\"M4 12H20M20 12L14.6667 7M20 12L14.6667 17\" stroke=\"currentColor\" stroke-width=\"1.5\" stroke-linecap=\"round\"\/>\n<\/svg>\n\n          <\/a>\n\n        <\/div>\n      <\/div>\n      <\/div>\n<\/div>\n\t\t\t\t\t\t\t\t\t\t\t\t\t\t\t\t\t                              \n\n<div class=\"product-card product-card-trustmate-container flex flex-col relative group min-w-[90vw] lg:min-w-0 lg:w-[calc(100%_\/_3_-_1.5rem)]\">\n\n      <div class=\"bg-secondary-200 rounded-t-20 relative\">\n              <div class=\"post-tags absolute z-10 top-14 left-16 flex flex-wrap gap-8\">\n\n                      \t\t\n\t\t\t\t\t\t\t\t<span class=\"tag pink\">Promocja<\/span>\n\t\t\t\n                    \t\t\n\t\t\t\t\t\t\t\t\t\t\t\t\t<span class=\"tag hidden\">nebulizator<\/span>\n\t\t\t\n        <\/div>\n            <div class=\"post-image rounded-t-20 overflow-hidden relative aspect-[6\/5]\">\n        <a class=\"stretched-link\" href=\"https:\/\/katarek.pl\/produkt\/katarek-inhalo\/\">\n          <span class=\"sr-only\">Katarek Inhalo<\/span>\n        <\/a>\n        <div class=\"transition-opacity   group-hover:opacity-0 \">\n          <img loading=\"lazy\" decoding=\"async\" width=\"768\" height=\"768\" src=\"https:\/\/katarek.pl\/wp-content\/uploads\/2025\/06\/Inhalo-1200x1200-v1.1-768x768.png\" class=\"h-full w-full object-cover aspect-[6\/5]\" alt=\"Katarek Inhalo - zestaw do nebulizacji z sol\u0105 fizjologiczna i hipertoniczna dla ca\u0142ej rodziny\" srcset=\"https:\/\/katarek.pl\/wp-content\/uploads\/2025\/06\/Inhalo-1200x1200-v1.1-768x768.png 768w, https:\/\/katarek.pl\/wp-content\/uploads\/2025\/06\/Inhalo-1200x1200-v1.1-450x450.png 450w, https:\/\/katarek.pl\/wp-content\/uploads\/2025\/06\/Inhalo-1200x1200-v1.1-1024x1024.png 1024w, https:\/\/katarek.pl\/wp-content\/uploads\/2025\/06\/Inhalo-1200x1200-v1.1-250x250.png 250w, https:\/\/katarek.pl\/wp-content\/uploads\/2025\/06\/Inhalo-1200x1200-v1.1-500x500.png 500w, https:\/\/katarek.pl\/wp-content\/uploads\/2025\/06\/Inhalo-1200x1200-v1.1-485x485.png 485w, https:\/\/katarek.pl\/wp-content\/uploads\/2025\/06\/Inhalo-1200x1200-v1.1-600x600.png 600w, https:\/\/katarek.pl\/wp-content\/uploads\/2025\/06\/Inhalo-1200x1200-v1.1-100x100.png 100w, https:\/\/katarek.pl\/wp-content\/uploads\/2025\/06\/Inhalo-1200x1200-v1.1.png 1200w\" sizes=\"(max-width: 768px) 100vw, 768px\" \/>\n\n        <\/div>\n\n                  <div class=\"absolute inset-0 opacity-0 transition-opacity group-hover:opacity-100\">\n            <img loading=\"lazy\" decoding=\"async\" width=\"768\" height=\"511\" src=\"https:\/\/katarek.pl\/wp-content\/uploads\/2025\/06\/DSC_6993-scaled-768x511.jpg\" class=\"h-full w-full object-cover aspect-[6\/5]\" alt=\"Zestaw do nebulizacji Katarek Inhalo\" srcset=\"https:\/\/katarek.pl\/wp-content\/uploads\/2025\/06\/DSC_6993-scaled-768x511.jpg 768w, https:\/\/katarek.pl\/wp-content\/uploads\/2025\/06\/DSC_6993-scaled-600x399.jpg 600w, https:\/\/katarek.pl\/wp-content\/uploads\/2025\/06\/DSC_6993-scaled-450x299.jpg 450w, https:\/\/katarek.pl\/wp-content\/uploads\/2025\/06\/DSC_6993-scaled-1024x681.jpg 1024w, https:\/\/katarek.pl\/wp-content\/uploads\/2025\/06\/DSC_6993-scaled-1536x1022.jpg 1536w, https:\/\/katarek.pl\/wp-content\/uploads\/2025\/06\/DSC_6993-scaled-2048x1362.jpg 2048w, https:\/\/katarek.pl\/wp-content\/uploads\/2025\/06\/DSC_6993-scaled-500x333.jpg 500w, https:\/\/katarek.pl\/wp-content\/uploads\/2025\/06\/DSC_6993-300x200.jpg 300w\" sizes=\"(max-width: 768px) 100vw, 768px\" \/>\n\n          <\/div>\n        \n      <\/div>\n    <\/div>\n\n    <div class=\"product-card__details bg-white p-12 lg:p-24 flex flex-col gap-20 rounded-b-20 h-full\" data-product-id=\"1173\">\n    <div class=\"inline-block self-start product-card-trustmate__rating\">\n      <a class=\"product-card__title !text-primary-700  inline link-underline h5 font-medium\" href=\"https:\/\/katarek.pl\/produkt\/katarek-inhalo\/\">\n        Katarek Inhalo\n      <\/a>\n    <\/div>\n\n          <div class=\"product-card__description line-clamp-3 text-md text-gray-500\"><p>zestaw do nebulizacji\u00a0 &#8211; cichy nebulizator kompresorowy w zestawie z solami fizjologicznymi i hipertonicznymi\u00a0<\/p><\/div>\n    \n          <div class=\"flex justify-between gap-14 flex-wrap mt-auto\">\n        <div class=\"product-price h4 font-semibold self-end text-pink-800\">\n          <span class=\"woocommerce-Price-amount amount\"><bdi>179,00&nbsp;<span class=\"woocommerce-Price-currencySymbol\">&#122;&#322;<\/span><\/bdi><\/span>\n        <\/div>\n        <div class=\"product-card__button\">\n\n          <a href=\"\/?add-to-cart=1173\" data-product_id=\"1173\" target=\"_self\" class=\"button primary add_to_cart_button ajax_add_to_cart\">\n            <span>\n              Dodaj do koszyka\n            <\/span>\n\n            <svg xmlns=\"http:\/\/www.w3.org\/2000\/svg\" width=\"24\" height=\"24\" viewbox=\"0 0 24 24\" fill=\"none\">\n\t<path d=\"M4 12H20M20 12L14.6667 7M20 12L14.6667 17\" stroke=\"currentColor\" stroke-width=\"1.5\" stroke-linecap=\"round\"\/>\n<\/svg>\n\n          <\/a>\n\n        <\/div>\n      <\/div>\n      <\/div>\n<\/div>\n\t\t\t\t\t\t\t\t\t\t\t\t\t\t\t\t\t\t\t\t\t<\/div>\n\t\t\t\t\t\t<div class=\"flex place-content-center\">\n\t\t\t\t\t\t\t\t\n\t\n\t\n\t\t\n\t\t\t<a href=\"https:\/\/katarek.pl\/kategoria-produktu\/nebulizatory\/\" target=\"_self\"  class=\"button outlined   \">\n\t\t\t\t<span>\n\t\t\t\t\tZobacz wi\u0119cej\n\t\t\t\t<\/span>\n\n\t\t\t\t\t\t\t\t\t<svg xmlns=\"http:\/\/www.w3.org\/2000\/svg\" width=\"24\" height=\"24\" viewbox=\"0 0 24 24\" fill=\"none\">\n\t<path d=\"M4 12H20M20 12L14.6667 7M20 12L14.6667 17\" stroke=\"currentColor\" stroke-width=\"1.5\" stroke-linecap=\"round\"\/>\n<\/svg>\n\n\t\t\t\t\n\t\t\t<\/a>\n\n\t\t\n\t\n\t\t\t\t\t\t<\/div>\n\t\t\t\t\t<\/div>\n\t\t\t\t\t\t\t\t\t<div data-content=\"category-21\" class=\"product-tabs__content \">\n\t\t\t\t\t\t<div class=\"overflow-x-auto flex flex-nowrap gap-32 py-spacer-48 mb-32 lg:mb-0\">\n\t\t\t\t\t\t\t\t\t\t\t\t\t\t\t\t\t\t\t\t\t\t\t\t        \n\n<div class=\"product-card product-card-trustmate-container flex flex-col relative group min-w-[90vw] lg:min-w-0 lg:w-[calc(100%_\/_3_-_1.5rem)]\">\n\n      <div class=\"bg-secondary-200 rounded-t-20 relative\">\n              <div class=\"post-tags absolute z-10 top-14 left-16 flex flex-wrap gap-8\">\n\n                    \t\t\n\t\t\t\t\t\t\t\t\t\t\t\t\t<span class=\"tag yellow\">Nowo\u015b\u0107<\/span>\n\t\t\t\n        <\/div>\n            <div class=\"post-image rounded-t-20 overflow-hidden relative aspect-[6\/5]\">\n        <a class=\"stretched-link\" href=\"https:\/\/katarek.pl\/produkt\/katarek-woda-morska-izotoniczna-30-ml\/\">\n          <span class=\"sr-only\">Katarek Woda Morska izotoniczna 30 ml<\/span>\n        <\/a>\n        <div class=\"transition-opacity \">\n          <img loading=\"lazy\" decoding=\"async\" width=\"768\" height=\"768\" src=\"https:\/\/katarek.pl\/wp-content\/uploads\/2026\/01\/Projekt-bez-nazwy-5-768x768.png\" class=\"h-full w-full object-cover aspect-[6\/5]\" alt=\"Katarek Woda Morska Izotoniczna 0,9 %, spray do nosa\" srcset=\"https:\/\/katarek.pl\/wp-content\/uploads\/2026\/01\/Projekt-bez-nazwy-5-768x768.png 768w, https:\/\/katarek.pl\/wp-content\/uploads\/2026\/01\/Projekt-bez-nazwy-5-450x450.png 450w, https:\/\/katarek.pl\/wp-content\/uploads\/2026\/01\/Projekt-bez-nazwy-5-250x250.png 250w, https:\/\/katarek.pl\/wp-content\/uploads\/2026\/01\/Projekt-bez-nazwy-5-500x500.png 500w, https:\/\/katarek.pl\/wp-content\/uploads\/2026\/01\/Projekt-bez-nazwy-5-485x485.png 485w, https:\/\/katarek.pl\/wp-content\/uploads\/2026\/01\/Projekt-bez-nazwy-5-600x600.png 600w, https:\/\/katarek.pl\/wp-content\/uploads\/2026\/01\/Projekt-bez-nazwy-5-100x100.png 100w, https:\/\/katarek.pl\/wp-content\/uploads\/2026\/01\/Projekt-bez-nazwy-5.png 900w\" sizes=\"(max-width: 768px) 100vw, 768px\" \/>\n\n        <\/div>\n\n        \n      <\/div>\n    <\/div>\n\n    <div class=\"product-card__details bg-white p-12 lg:p-24 flex flex-col gap-20 rounded-b-20 h-full\" data-product-id=\"4143\">\n    <div class=\"inline-block self-start product-card-trustmate__rating\">\n      <a class=\"product-card__title !text-primary-700  inline link-underline h5 font-medium\" href=\"https:\/\/katarek.pl\/produkt\/katarek-woda-morska-izotoniczna-30-ml\/\">\n        Katarek Woda Morska izotoniczna 30 ml\n      <\/a>\n    <\/div>\n\n          <div class=\"product-card__description line-clamp-3 text-md text-gray-500\"><p>naturalna ulga dla nosa. Bez konserwant\u00f3w, bez kompromis\u00f3w<\/p><\/div>\n    \n          <div class=\"flex justify-between gap-14 flex-wrap mt-auto\">\n        <div class=\"product-price h4 font-semibold self-end text-primary-600\">\n          <span class=\"woocommerce-Price-amount amount\"><bdi>15,90&nbsp;<span class=\"woocommerce-Price-currencySymbol\">&#122;&#322;<\/span><\/bdi><\/span>\n        <\/div>\n        <div class=\"product-card__button\">\n\n          <a href=\"\/?add-to-cart=4143\" data-product_id=\"4143\" target=\"_self\" class=\"button primary add_to_cart_button ajax_add_to_cart\">\n            <span>\n              Dodaj do koszyka\n            <\/span>\n\n            <svg xmlns=\"http:\/\/www.w3.org\/2000\/svg\" width=\"24\" height=\"24\" viewbox=\"0 0 24 24\" fill=\"none\">\n\t<path d=\"M4 12H20M20 12L14.6667 7M20 12L14.6667 17\" stroke=\"currentColor\" stroke-width=\"1.5\" stroke-linecap=\"round\"\/>\n<\/svg>\n\n          <\/a>\n\n        <\/div>\n      <\/div>\n      <\/div>\n<\/div>\n\t\t\t\t\t\t\t\t\t\t\t\t\t\t\t\t\t                              \n\n<div class=\"product-card product-card-trustmate-container flex flex-col relative group min-w-[90vw] lg:min-w-0 lg:w-[calc(100%_\/_3_-_1.5rem)]\">\n\n      <div class=\"bg-secondary-200 rounded-t-20 relative\">\n              <div class=\"post-tags absolute z-10 top-14 left-16 flex flex-wrap gap-8\">\n\n                      \t\t\n\t\t\t\t\t\t\t\t<span class=\"tag pink\">Promocja<\/span>\n\t\t\t\n                            <\/div>\n            <div class=\"post-image rounded-t-20 overflow-hidden relative aspect-[6\/5]\">\n        <a class=\"stretched-link\" href=\"https:\/\/katarek.pl\/produkt\/katarek-fizjologiczny-roztwor-soli\/\">\n          <span class=\"sr-only\">Katarek s\u00f3l fizjologiczna 0,9%<\/span>\n        <\/a>\n        <div class=\"transition-opacity   group-hover:opacity-0 \">\n          <img loading=\"lazy\" decoding=\"async\" width=\"768\" height=\"768\" src=\"https:\/\/katarek.pl\/wp-content\/uploads\/2025\/07\/Projekt-bez-nazwy-45-768x768.png\" class=\"h-full w-full object-cover aspect-[6\/5]\" alt=\"Katarek roztw\u00f3r fizjologiczny soli 0,9%\" srcset=\"https:\/\/katarek.pl\/wp-content\/uploads\/2025\/07\/Projekt-bez-nazwy-45-768x768.png 768w, https:\/\/katarek.pl\/wp-content\/uploads\/2025\/07\/Projekt-bez-nazwy-45-485x485.png 485w, https:\/\/katarek.pl\/wp-content\/uploads\/2025\/07\/Projekt-bez-nazwy-45-100x100.png 100w, https:\/\/katarek.pl\/wp-content\/uploads\/2025\/07\/Projekt-bez-nazwy-45-600x600.png 600w, https:\/\/katarek.pl\/wp-content\/uploads\/2025\/07\/Projekt-bez-nazwy-45-450x450.png 450w, https:\/\/katarek.pl\/wp-content\/uploads\/2025\/07\/Projekt-bez-nazwy-45-250x250.png 250w, https:\/\/katarek.pl\/wp-content\/uploads\/2025\/07\/Projekt-bez-nazwy-45-500x500.png 500w, https:\/\/katarek.pl\/wp-content\/uploads\/2025\/07\/Projekt-bez-nazwy-45.png 1000w\" sizes=\"(max-width: 768px) 100vw, 768px\" \/>\n\n        <\/div>\n\n                  <div class=\"absolute inset-0 opacity-0 transition-opacity group-hover:opacity-100\">\n            <img loading=\"lazy\" decoding=\"async\" width=\"600\" height=\"600\" src=\"https:\/\/katarek.pl\/wp-content\/uploads\/2025\/07\/3.png\" class=\"h-full w-full object-cover aspect-[6\/5]\" alt=\"Katarek roztw\u00f3r fizjologiczny soli 0,9%\" srcset=\"https:\/\/katarek.pl\/wp-content\/uploads\/2025\/07\/3.png 600w, https:\/\/katarek.pl\/wp-content\/uploads\/2025\/07\/3-485x485.png 485w, https:\/\/katarek.pl\/wp-content\/uploads\/2025\/07\/3-100x100.png 100w, https:\/\/katarek.pl\/wp-content\/uploads\/2025\/07\/3-300x300.png 300w, https:\/\/katarek.pl\/wp-content\/uploads\/2025\/07\/3-150x150.png 150w, https:\/\/katarek.pl\/wp-content\/uploads\/2025\/07\/3-500x500.png 500w, https:\/\/katarek.pl\/wp-content\/uploads\/2025\/07\/3-450x450.png 450w\" sizes=\"(max-width: 600px) 100vw, 600px\" \/>\n\n          <\/div>\n        \n      <\/div>\n    <\/div>\n\n    <div class=\"product-card__details bg-white p-12 lg:p-24 flex flex-col gap-20 rounded-b-20 h-full\" data-product-id=\"3148\">\n    <div class=\"inline-block self-start product-card-trustmate__rating\">\n      <a class=\"product-card__title !text-primary-700  inline link-underline h5 font-medium\" href=\"https:\/\/katarek.pl\/produkt\/katarek-fizjologiczny-roztwor-soli\/\">\n        Katarek s\u00f3l fizjologiczna 0,9%\n      <\/a>\n    <\/div>\n\n          <div class=\"product-card__description line-clamp-3 text-md text-gray-500\"><p>do nebulizacji i piel\u0119gnacji noska, oka, ucha, przemywania ran\u00a0<\/p><\/div>\n    \n          <div class=\"flex justify-between gap-14 flex-wrap mt-auto\">\n        <div class=\"product-price h4 font-semibold self-end text-pink-800\">\n          <span class=\"woocommerce-Price-amount amount\"><bdi>10,50&nbsp;<span class=\"woocommerce-Price-currencySymbol\">&#122;&#322;<\/span><\/bdi><\/span>\n        <\/div>\n        <div class=\"product-card__button\">\n\n          <a href=\"\/?add-to-cart=3148\" data-product_id=\"3148\" target=\"_self\" class=\"button primary add_to_cart_button ajax_add_to_cart\">\n            <span>\n              Dodaj do koszyka\n            <\/span>\n\n            <svg xmlns=\"http:\/\/www.w3.org\/2000\/svg\" width=\"24\" height=\"24\" viewbox=\"0 0 24 24\" fill=\"none\">\n\t<path d=\"M4 12H20M20 12L14.6667 7M20 12L14.6667 17\" stroke=\"currentColor\" stroke-width=\"1.5\" stroke-linecap=\"round\"\/>\n<\/svg>\n\n          <\/a>\n\n        <\/div>\n      <\/div>\n      <\/div>\n<\/div>\n\t\t\t\t\t\t\t\t\t\t\t\t\t\t\t\t\t                              \n\n<div class=\"product-card product-card-trustmate-container flex flex-col relative group min-w-[90vw] lg:min-w-0 lg:w-[calc(100%_\/_3_-_1.5rem)]\">\n\n      <div class=\"bg-secondary-200 rounded-t-20 relative\">\n              <div class=\"post-tags absolute z-10 top-14 left-16 flex flex-wrap gap-8\">\n\n                      \t\t\n\t\t\t\t\t\t\t\t<span class=\"tag pink\">Promocja<\/span>\n\t\t\t\n                            <\/div>\n            <div class=\"post-image rounded-t-20 overflow-hidden relative aspect-[6\/5]\">\n        <a class=\"stretched-link\" href=\"https:\/\/katarek.pl\/produkt\/sol-hipertoniczna\/\">\n          <span class=\"sr-only\">Katarek s\u00f3l hipertoniczna 3%<\/span>\n        <\/a>\n        <div class=\"transition-opacity \">\n          <img loading=\"lazy\" decoding=\"async\" width=\"768\" height=\"768\" src=\"https:\/\/katarek.pl\/wp-content\/uploads\/2025\/07\/Projekt-bez-nazwy-46-768x768.png\" class=\"h-full w-full object-cover aspect-[6\/5]\" alt=\"Katarek s\u00f3l hipertoniczna 3% do nebulizacji dla dzieci - roztw\u00f3r w ampu\u0142kach\" srcset=\"https:\/\/katarek.pl\/wp-content\/uploads\/2025\/07\/Projekt-bez-nazwy-46-768x768.png 768w, https:\/\/katarek.pl\/wp-content\/uploads\/2025\/07\/Projekt-bez-nazwy-46-485x485.png 485w, https:\/\/katarek.pl\/wp-content\/uploads\/2025\/07\/Projekt-bez-nazwy-46-100x100.png 100w, https:\/\/katarek.pl\/wp-content\/uploads\/2025\/07\/Projekt-bez-nazwy-46-600x600.png 600w, https:\/\/katarek.pl\/wp-content\/uploads\/2025\/07\/Projekt-bez-nazwy-46-450x450.png 450w, https:\/\/katarek.pl\/wp-content\/uploads\/2025\/07\/Projekt-bez-nazwy-46-250x250.png 250w, https:\/\/katarek.pl\/wp-content\/uploads\/2025\/07\/Projekt-bez-nazwy-46-500x500.png 500w, https:\/\/katarek.pl\/wp-content\/uploads\/2025\/07\/Projekt-bez-nazwy-46.png 1000w\" sizes=\"(max-width: 768px) 100vw, 768px\" \/>\n\n        <\/div>\n\n        \n      <\/div>\n    <\/div>\n\n    <div class=\"product-card__details bg-white p-12 lg:p-24 flex flex-col gap-20 rounded-b-20 h-full\" data-product-id=\"3044\">\n    <div class=\"inline-block self-start product-card-trustmate__rating\">\n      <a class=\"product-card__title !text-primary-700  inline link-underline h5 font-medium\" href=\"https:\/\/katarek.pl\/produkt\/sol-hipertoniczna\/\">\n        Katarek s\u00f3l hipertoniczna 3%\n      <\/a>\n    <\/div>\n\n          <div class=\"product-card__description line-clamp-3 text-md text-gray-500\"><p>naturalna pomoc w oczyszczaniu dr\u00f3g oddechowych. Idealna do nebulizacji \u2013 zar\u00f3wno dla dzieci i doros\u0142ych &#8211; najlepiej po konsultacji z lekarzem<\/p><\/div>\n    \n          <div class=\"flex justify-between gap-14 flex-wrap mt-auto\">\n        <div class=\"product-price h4 font-semibold self-end text-pink-800\">\n          <span class=\"woocommerce-Price-amount amount\"><bdi>21,00&nbsp;<span class=\"woocommerce-Price-currencySymbol\">&#122;&#322;<\/span><\/bdi><\/span>\n        <\/div>\n        <div class=\"product-card__button\">\n\n          <a href=\"\/?add-to-cart=3044\" data-product_id=\"3044\" target=\"_self\" class=\"button primary add_to_cart_button ajax_add_to_cart\">\n            <span>\n              Dodaj do koszyka\n            <\/span>\n\n            <svg xmlns=\"http:\/\/www.w3.org\/2000\/svg\" width=\"24\" height=\"24\" viewbox=\"0 0 24 24\" fill=\"none\">\n\t<path d=\"M4 12H20M20 12L14.6667 7M20 12L14.6667 17\" stroke=\"currentColor\" stroke-width=\"1.5\" stroke-linecap=\"round\"\/>\n<\/svg>\n\n          <\/a>\n\n        <\/div>\n      <\/div>\n      <\/div>\n<\/div>\n\t\t\t\t\t\t\t\t\t\t\t\t\t\t\t\t\t\t\t\t\t<\/div>\n\t\t\t\t\t\t<div class=\"flex place-content-center\">\n\t\t\t\t\t\t\t\t\n\t\n\t\n\t\t\n\t\t\t<a href=\"https:\/\/katarek.pl\/kategoria-produktu\/sole\/\" target=\"_self\"  class=\"button outlined   \">\n\t\t\t\t<span>\n\t\t\t\t\tZobacz wi\u0119cej\n\t\t\t\t<\/span>\n\n\t\t\t\t\t\t\t\t\t<svg xmlns=\"http:\/\/www.w3.org\/2000\/svg\" width=\"24\" height=\"24\" viewbox=\"0 0 24 24\" fill=\"none\">\n\t<path d=\"M4 12H20M20 12L14.6667 7M20 12L14.6667 17\" stroke=\"currentColor\" stroke-width=\"1.5\" stroke-linecap=\"round\"\/>\n<\/svg>\n\n\t\t\t\t\n\t\t\t<\/a>\n\n\t\t\n\t\n\t\t\t\t\t\t<\/div>\n\t\t\t\t\t<\/div>\n\t\t\t\t\t\t\t<\/div>\n\t\t\t<\/div>\n\n\n<\/section>\n","protected":false},"excerpt":"Niewielkie krwawienie z przewodu pokarmowego to do\u015b\u0107 cz\u0119ste znalezisko w kupce maluszka. Co mo\u017ce oznacza\u0107? Jak post\u0119powa\u0107, je\u015bli przyczyn\u0105 jest infekcja, alergia lub zaparcia? Spis tre\u015bci: Infekcja jako przyczyna krwi w kupce niemowlaka Co robi\u0107 w przypadku infekcji u dziecka? Alergia a krew w kupce niemowlaka Co robi\u0107 w przypadku alergii u dziecka? Zaparcia przyczyn\u0105 [&hellip;]","author":7,"featured_media":2935,"comment_status":"open","ping_status":"open","sticky":false,"template":"","format":"standard","meta":{"_acf_changed":false,"inline_featured_image":false,"editor_plus_copied_stylings":"{}","footnotes":""},"categories":[28,41],"tags":[],"class_list":["post-2195","post","type-post","status-publish","format-standard","has-post-thumbnail","hentry","category-dziecko","category-zdrowie-dziecko"],"yoast_head":"<!-- This site is optimized with the Yoast SEO plugin v27.4 - https:\/\/yoast.com\/product\/yoast-seo-wordpress\/ -->\n<title>Krew w kupie niemowlaka - najcz\u0119stsze przyczyny - blog Katarek<\/title>\n<meta name=\"description\" content=\"Niewielkie krwawienie z przewodu pokarmowego to do\u015b\u0107 cz\u0119ste znalezisko w kupce maluszka. Podpowiadamy jak post\u0119powa\u0107, je\u015bli przyczyn\u0105 jest infekcja, alergia lub zaparcia.\" \/>\n<meta name=\"robots\" content=\"index, follow, max-snippet:-1, max-image-preview:large, max-video-preview:-1\" \/>\n<link rel=\"canonical\" href=\"https:\/\/katarek.pl\/krew-w-kupce-dziecka\/\" \/>\n<meta property=\"og:locale\" content=\"pl_PL\" \/>\n<meta property=\"og:type\" content=\"article\" \/>\n<meta property=\"og:title\" content=\"Krew w kupie niemowlaka - najcz\u0119stsze przyczyny - blog Katarek\" \/>\n<meta property=\"og:description\" content=\"Niewielkie krwawienie z przewodu pokarmowego to do\u015b\u0107 cz\u0119ste znalezisko w kupce maluszka. Podpowiadamy jak post\u0119powa\u0107, je\u015bli przyczyn\u0105 jest infekcja, alergia lub zaparcia.\" \/>\n<meta property=\"og:url\" content=\"https:\/\/katarek.pl\/krew-w-kupce-dziecka\/\" \/>\n<meta property=\"og:site_name\" content=\"katarek.pl\" \/>\n<meta property=\"article:published_time\" content=\"2016-07-18T07:42:47+00:00\" \/>\n<meta property=\"article:modified_time\" content=\"2026-01-29T13:56:17+00:00\" \/>\n<meta property=\"og:image\" content=\"https:\/\/katarek.pl\/wp-content\/uploads\/2016\/07\/krew-w-kupie.jpg\" \/>\n\t<meta property=\"og:image:width\" content=\"1688\" \/>\n\t<meta property=\"og:image:height\" content=\"1125\" \/>\n\t<meta property=\"og:image:type\" content=\"image\/jpeg\" \/>\n<meta name=\"author\" content=\"katarek\" \/>\n<meta name=\"twitter:card\" content=\"summary_large_image\" \/>\n<meta name=\"twitter:label1\" content=\"Napisane przez\" \/>\n\t<meta name=\"twitter:data1\" content=\"katarek\" \/>\n\t<meta name=\"twitter:label2\" content=\"Szacowany czas czytania\" \/>\n\t<meta name=\"twitter:data2\" content=\"7 minut\" \/>\n<script type=\"application\/ld+json\" class=\"yoast-schema-graph\">{\"@context\":\"https:\\\/\\\/schema.org\",\"@graph\":[{\"@type\":\"Article\",\"@id\":\"https:\\\/\\\/katarek.pl\\\/krew-w-kupce-dziecka\\\/#article\",\"isPartOf\":{\"@id\":\"https:\\\/\\\/katarek.pl\\\/krew-w-kupce-dziecka\\\/\"},\"author\":{\"name\":\"katarek\",\"@id\":\"https:\\\/\\\/katarek.pl\\\/#\\\/schema\\\/person\\\/c7267555b2aaad4c6d15146a155bc430\"},\"headline\":\"Krew w kupce dziecka \u2013 i co teraz?\",\"datePublished\":\"2016-07-18T07:42:47+00:00\",\"dateModified\":\"2026-01-29T13:56:17+00:00\",\"mainEntityOfPage\":{\"@id\":\"https:\\\/\\\/katarek.pl\\\/krew-w-kupce-dziecka\\\/\"},\"wordCount\":1108,\"commentCount\":1,\"image\":{\"@id\":\"https:\\\/\\\/katarek.pl\\\/krew-w-kupce-dziecka\\\/#primaryimage\"},\"thumbnailUrl\":\"https:\\\/\\\/katarek.pl\\\/wp-content\\\/uploads\\\/2016\\\/07\\\/krew-w-kupie.jpg\",\"articleSection\":[\"Dziecko\",\"Zdrowie\"],\"inLanguage\":\"pl-PL\"},{\"@type\":\"WebPage\",\"@id\":\"https:\\\/\\\/katarek.pl\\\/krew-w-kupce-dziecka\\\/\",\"url\":\"https:\\\/\\\/katarek.pl\\\/krew-w-kupce-dziecka\\\/\",\"name\":\"Krew w kupie niemowlaka - najcz\u0119stsze przyczyny - blog Katarek\",\"isPartOf\":{\"@id\":\"https:\\\/\\\/katarek.pl\\\/#website\"},\"primaryImageOfPage\":{\"@id\":\"https:\\\/\\\/katarek.pl\\\/krew-w-kupce-dziecka\\\/#primaryimage\"},\"image\":{\"@id\":\"https:\\\/\\\/katarek.pl\\\/krew-w-kupce-dziecka\\\/#primaryimage\"},\"thumbnailUrl\":\"https:\\\/\\\/katarek.pl\\\/wp-content\\\/uploads\\\/2016\\\/07\\\/krew-w-kupie.jpg\",\"datePublished\":\"2016-07-18T07:42:47+00:00\",\"dateModified\":\"2026-01-29T13:56:17+00:00\",\"author\":{\"@id\":\"https:\\\/\\\/katarek.pl\\\/#\\\/schema\\\/person\\\/c7267555b2aaad4c6d15146a155bc430\"},\"description\":\"Niewielkie krwawienie z przewodu pokarmowego to do\u015b\u0107 cz\u0119ste znalezisko w kupce maluszka. Podpowiadamy jak post\u0119powa\u0107, je\u015bli przyczyn\u0105 jest infekcja, alergia lub zaparcia.\",\"breadcrumb\":{\"@id\":\"https:\\\/\\\/katarek.pl\\\/krew-w-kupce-dziecka\\\/#breadcrumb\"},\"inLanguage\":\"pl-PL\",\"potentialAction\":[{\"@type\":\"ReadAction\",\"target\":[\"https:\\\/\\\/katarek.pl\\\/krew-w-kupce-dziecka\\\/\"]}]},{\"@type\":\"ImageObject\",\"inLanguage\":\"pl-PL\",\"@id\":\"https:\\\/\\\/katarek.pl\\\/krew-w-kupce-dziecka\\\/#primaryimage\",\"url\":\"https:\\\/\\\/katarek.pl\\\/wp-content\\\/uploads\\\/2016\\\/07\\\/krew-w-kupie.jpg\",\"contentUrl\":\"https:\\\/\\\/katarek.pl\\\/wp-content\\\/uploads\\\/2016\\\/07\\\/krew-w-kupie.jpg\",\"width\":1688,\"height\":1125,\"caption\":\"krew w stolcu dziecka\"},{\"@type\":\"BreadcrumbList\",\"@id\":\"https:\\\/\\\/katarek.pl\\\/krew-w-kupce-dziecka\\\/#breadcrumb\",\"itemListElement\":[{\"@type\":\"ListItem\",\"position\":1,\"name\":\"Home\",\"item\":\"https:\\\/\\\/katarek.pl\\\/\"},{\"@type\":\"ListItem\",\"position\":2,\"name\":\"Blog\",\"item\":\"https:\\\/\\\/katarek.pl\\\/blog\\\/\"},{\"@type\":\"ListItem\",\"position\":3,\"name\":\"Krew w kupce dziecka \u2013 i co teraz?\"}]},{\"@type\":\"WebSite\",\"@id\":\"https:\\\/\\\/katarek.pl\\\/#website\",\"url\":\"https:\\\/\\\/katarek.pl\\\/\",\"name\":\"katarek.pl\",\"description\":\"\",\"potentialAction\":[{\"@type\":\"SearchAction\",\"target\":{\"@type\":\"EntryPoint\",\"urlTemplate\":\"https:\\\/\\\/katarek.pl\\\/?s={search_term_string}\"},\"query-input\":{\"@type\":\"PropertyValueSpecification\",\"valueRequired\":true,\"valueName\":\"search_term_string\"}}],\"inLanguage\":\"pl-PL\"},{\"@type\":\"Person\",\"@id\":\"https:\\\/\\\/katarek.pl\\\/#\\\/schema\\\/person\\\/c7267555b2aaad4c6d15146a155bc430\",\"name\":\"katarek\",\"url\":\"https:\\\/\\\/katarek.pl\\\/author\\\/katarek\\\/\"}]}<\/script>\n<!-- \/ Yoast SEO plugin. -->","yoast_head_json":{"title":"Krew w kupie niemowlaka - najcz\u0119stsze przyczyny - blog Katarek","description":"Niewielkie krwawienie z przewodu pokarmowego to do\u015b\u0107 cz\u0119ste znalezisko w kupce maluszka. Podpowiadamy jak post\u0119powa\u0107, je\u015bli przyczyn\u0105 jest infekcja, alergia lub zaparcia.","robots":{"index":"index","follow":"follow","max-snippet":"max-snippet:-1","max-image-preview":"max-image-preview:large","max-video-preview":"max-video-preview:-1"},"canonical":"https:\/\/katarek.pl\/krew-w-kupce-dziecka\/","og_locale":"pl_PL","og_type":"article","og_title":"Krew w kupie niemowlaka - najcz\u0119stsze przyczyny - blog Katarek","og_description":"Niewielkie krwawienie z przewodu pokarmowego to do\u015b\u0107 cz\u0119ste znalezisko w kupce maluszka. Podpowiadamy jak post\u0119powa\u0107, je\u015bli przyczyn\u0105 jest infekcja, alergia lub zaparcia.","og_url":"https:\/\/katarek.pl\/krew-w-kupce-dziecka\/","og_site_name":"katarek.pl","article_published_time":"2016-07-18T07:42:47+00:00","article_modified_time":"2026-01-29T13:56:17+00:00","og_image":[{"width":1688,"height":1125,"url":"https:\/\/katarek.pl\/wp-content\/uploads\/2016\/07\/krew-w-kupie.jpg","type":"image\/jpeg"}],"author":"katarek","twitter_card":"summary_large_image","twitter_misc":{"Napisane przez":"katarek","Szacowany czas czytania":"7 minut"},"schema":{"@context":"https:\/\/schema.org","@graph":[{"@type":"Article","@id":"https:\/\/katarek.pl\/krew-w-kupce-dziecka\/#article","isPartOf":{"@id":"https:\/\/katarek.pl\/krew-w-kupce-dziecka\/"},"author":{"name":"katarek","@id":"https:\/\/katarek.pl\/#\/schema\/person\/c7267555b2aaad4c6d15146a155bc430"},"headline":"Krew w kupce dziecka \u2013 i co teraz?","datePublished":"2016-07-18T07:42:47+00:00","dateModified":"2026-01-29T13:56:17+00:00","mainEntityOfPage":{"@id":"https:\/\/katarek.pl\/krew-w-kupce-dziecka\/"},"wordCount":1108,"commentCount":1,"image":{"@id":"https:\/\/katarek.pl\/krew-w-kupce-dziecka\/#primaryimage"},"thumbnailUrl":"https:\/\/katarek.pl\/wp-content\/uploads\/2016\/07\/krew-w-kupie.jpg","articleSection":["Dziecko","Zdrowie"],"inLanguage":"pl-PL"},{"@type":"WebPage","@id":"https:\/\/katarek.pl\/krew-w-kupce-dziecka\/","url":"https:\/\/katarek.pl\/krew-w-kupce-dziecka\/","name":"Krew w kupie niemowlaka - najcz\u0119stsze przyczyny - blog Katarek","isPartOf":{"@id":"https:\/\/katarek.pl\/#website"},"primaryImageOfPage":{"@id":"https:\/\/katarek.pl\/krew-w-kupce-dziecka\/#primaryimage"},"image":{"@id":"https:\/\/katarek.pl\/krew-w-kupce-dziecka\/#primaryimage"},"thumbnailUrl":"https:\/\/katarek.pl\/wp-content\/uploads\/2016\/07\/krew-w-kupie.jpg","datePublished":"2016-07-18T07:42:47+00:00","dateModified":"2026-01-29T13:56:17+00:00","author":{"@id":"https:\/\/katarek.pl\/#\/schema\/person\/c7267555b2aaad4c6d15146a155bc430"},"description":"Niewielkie krwawienie z przewodu pokarmowego to do\u015b\u0107 cz\u0119ste znalezisko w kupce maluszka. Podpowiadamy jak post\u0119powa\u0107, je\u015bli przyczyn\u0105 jest infekcja, alergia lub zaparcia.","breadcrumb":{"@id":"https:\/\/katarek.pl\/krew-w-kupce-dziecka\/#breadcrumb"},"inLanguage":"pl-PL","potentialAction":[{"@type":"ReadAction","target":["https:\/\/katarek.pl\/krew-w-kupce-dziecka\/"]}]},{"@type":"ImageObject","inLanguage":"pl-PL","@id":"https:\/\/katarek.pl\/krew-w-kupce-dziecka\/#primaryimage","url":"https:\/\/katarek.pl\/wp-content\/uploads\/2016\/07\/krew-w-kupie.jpg","contentUrl":"https:\/\/katarek.pl\/wp-content\/uploads\/2016\/07\/krew-w-kupie.jpg","width":1688,"height":1125,"caption":"krew w stolcu dziecka"},{"@type":"BreadcrumbList","@id":"https:\/\/katarek.pl\/krew-w-kupce-dziecka\/#breadcrumb","itemListElement":[{"@type":"ListItem","position":1,"name":"Home","item":"https:\/\/katarek.pl\/"},{"@type":"ListItem","position":2,"name":"Blog","item":"https:\/\/katarek.pl\/blog\/"},{"@type":"ListItem","position":3,"name":"Krew w kupce dziecka \u2013 i co teraz?"}]},{"@type":"WebSite","@id":"https:\/\/katarek.pl\/#website","url":"https:\/\/katarek.pl\/","name":"katarek.pl","description":"","potentialAction":[{"@type":"SearchAction","target":{"@type":"EntryPoint","urlTemplate":"https:\/\/katarek.pl\/?s={search_term_string}"},"query-input":{"@type":"PropertyValueSpecification","valueRequired":true,"valueName":"search_term_string"}}],"inLanguage":"pl-PL"},{"@type":"Person","@id":"https:\/\/katarek.pl\/#\/schema\/person\/c7267555b2aaad4c6d15146a155bc430","name":"katarek","url":"https:\/\/katarek.pl\/author\/katarek\/"}]}},"acf":[],"gutenberg_blocks":[{"blockName":"custom-styles","attrs":{"styles":""}},{"blockName":"acf\/productlistswithnavigation","attrs":{"name":"acf\/productlistswithnavigation","data":{"title_heading_label":"","_title_heading_label":"field_680f5de7d3992","title_heading_text":"","_title_heading_text":"field_638627ccced84","title_heading_level":"h2","_title_heading_level":"field_638627e7ced85","title_heading_variant":"default","_title_heading_variant":"field_63862847ced86","title_extra_classes":"","_title_extra_classes":"field_638628eeced88","title":"","_title":"field_67f635c24ab4f","type_section":"manual","_type_section":"field_67f6367c80390","relationship":["16","19","21"],"_relationship":"field_67f636438038f"},"mode":"edit"},"innerBlocks":[],"innerHTML":"","innerContent":[]}],"meta_data":false,"featured_image":{"url":"https:\/\/katarek.pl\/wp-content\/uploads\/2016\/07\/krew-w-kupie-1024x682.jpg"},"main_category":{"name":"Dziecko"},"prev_page":{"slug":"stres-przed-porodem"},"next_page":{"slug":"zabawy-dla-dziecka"},"_links":{"self":[{"href":"https:\/\/katarek.pl\/index.php\/wp-json\/wp\/v2\/posts\/2195","targetHints":{"allow":["GET"]}}],"collection":[{"href":"https:\/\/katarek.pl\/index.php\/wp-json\/wp\/v2\/posts"}],"about":[{"href":"https:\/\/katarek.pl\/index.php\/wp-json\/wp\/v2\/types\/post"}],"author":[{"embeddable":true,"href":"https:\/\/katarek.pl\/index.php\/wp-json\/wp\/v2\/users\/7"}],"replies":[{"embeddable":true,"href":"https:\/\/katarek.pl\/index.php\/wp-json\/wp\/v2\/comments?post=2195"}],"version-history":[{"count":1,"href":"https:\/\/katarek.pl\/index.php\/wp-json\/wp\/v2\/posts\/2195\/revisions"}],"predecessor-version":[{"id":4879,"href":"https:\/\/katarek.pl\/index.php\/wp-json\/wp\/v2\/posts\/2195\/revisions\/4879"}],"wp:featuredmedia":[{"embeddable":true,"href":"https:\/\/katarek.pl\/index.php\/wp-json\/wp\/v2\/media\/2935"}],"wp:attachment":[{"href":"https:\/\/katarek.pl\/index.php\/wp-json\/wp\/v2\/media?parent=2195"}],"wp:term":[{"taxonomy":"category","embeddable":true,"href":"https:\/\/katarek.pl\/index.php\/wp-json\/wp\/v2\/categories?post=2195"},{"taxonomy":"post_tag","embeddable":true,"href":"https:\/\/katarek.pl\/index.php\/wp-json\/wp\/v2\/tags?post=2195"}],"curies":[{"name":"wp","href":"https:\/\/api.w.org\/{rel}","templated":true}]}}