{"id":219,"date":"2016-03-11T10:13:11","date_gmt":"2016-03-11T10:13:11","guid":{"rendered":"https:\/\/katarek.pl\/blog\/?p=219"},"modified":"2016-03-11T10:13:11","modified_gmt":"2016-03-11T10:13:11","slug":"co-zrobic-gdy-dziecko-przeklina","status":"publish","type":"post","link":"https:\/\/katarek.pl\/co-zrobic-gdy-dziecko-przeklina\/","title":{"rendered":"Co zrobi\u0107, gdy dziecko przeklina?"},"content":{"rendered":"<p><strong>Przez pierwsze p\u00f3\u0142tora roku \u017cycia mojej c\u00f3reczki, zastanawia\u0142am si\u0119, kiedy wreszcie us\u0142ysz\u0119 ten anielski g\u0142osik, jaki on b\u0119dzie, jak b\u0119dzie brzmia\u0142, jak ona b\u0119dzie m\u00f3wi\u0107. Nie mog\u0142am si\u0119 doczeka\u0107, a\u017c zacznie wypowiada\u0107 pierwsze zdania, \u015bpiewa\u0107 piosenki i tak zwyczajnie ze mn\u0105 rozmawia\u0107.<\/strong> <!--more--><\/p>\n<p>W ko\u0144cu ten dzie\u0144 nadszed\u0142, z ka\u017cdym s\u0142owem kamera w moim telefonie w\u0142\u0105cza\u0142a si\u0119 samoczynnie, \u017ceby uwieczni\u0107 ten moment. Do czasu, a\u017c przyszed\u0142 jeden felerny dzie\u0144, w k\u00f3rym mamie wyrwa\u0142o si\u0119 powszechne, acz niecenzuralne s\u0142owo.<\/p>\n<p>Nie musia\u0142am si\u0119 zastanawia\u0107, sk\u0105d m\u00f3j ma\u0142y anio\u0142ek zna tak brzydkie s\u0142owo, gdy\u017c sama nie\u015bwiadomomie je \u201eofiarowa\u0142am\u201d. A ona, jak przysta\u0142o na rezolutn\u0105 dwulatk\u0119 bardzo szybko je przyswoi\u0142a, biegaj\u0105c rado\u015bnie i wykrzykuj\u0105c w k\u00f3\u0142ko. Zacz\u0119\u0142am si\u0119 zastanawia\u0107 co zrobi\u0107, jak temu zapobiec, czy powinnam j\u0105 ukara\u0107, czy ca\u0142kowicie odpu\u015bci\u0107 i pozwoli\u0107 by sama zapomnia\u0142a. Co zrobi\u0107, gdy dziecko zaczyna przeklina\u0107 i niczym szewc rzuca na wiatr niecenzuralne s\u0142owa?<\/p>\n<h2>Co zrobi\u0107, by dziecko nie zacz\u0119\u0142o przeklina\u0107?<\/h2>\n<p>Od najm\u0142odszych lat dzieci ucz\u0105 si\u0119 \u017cycia i zachowania poprzez na\u015bladowanie rodzic\u00f3w. Niczym ma\u0142e papugi \u0142api\u0105 to, co dobre, zachowuj\u0105 pozytywne wzroce i zachowania, a jednocze\u015bcie z t\u0105 sam\u0105 \u0142atwo\u015bci\u0105 ucz\u0105 si\u0119 tego, co z\u0142e. Najcz\u0119\u015bciej jako rodzice kontrolujemy to, co pokazujemy i czego do\u015bwiadcza przy nas dziecko, chc\u0105c jednocze\u015bnie przekaza\u0107 jak najlepsze i najcenniejsze wzroce. Nie zawsze jednak zauwa\u017camy, \u017ce i pomi\u0119dzy tym, zdarza nam si\u0119 powiedzie\u0107 i pokaza\u0107 co\u015b, co niekoniecznie chcieliby\u015bmy zobaczy\u0107 w wykonaniu naszych maluch\u00f3w. Najcz\u0119\u015bciej jest to dob\u00f3r nieodpowiednich s\u0142\u00f3w. I cho\u0107 wydaje nam si\u0119, \u017ce mo\u017ce ma\u0142e uszka nie zarejestrowa\u0142y tego wszystkiego i nie zapisa\u0142y w pami\u0119ci, <strong>to one doskonale wiedz\u0105, co us\u0142ysza\u0142y i na pewno b\u0119d\u0105 umia\u0142y u\u017cy\u0107 nowego s\u0142ownictwa w\u00a0 idealnych warunkach.<\/strong> Cz\u0119sto jest r\u00f3wnie\u017c tak, \u017ce cho\u0107 my byli by\u015bmy idea\u0142ami, kt\u00f3re ani razu przy dziecku si\u0119 nie zapomnia\u0142y, to z telewizji, czy na spacerze, mo\u017cna wynie\u015b\u0107 du\u017co niekorzystnej nauki. Wystarczy, \u017ce gdzie\u015b padnie s\u0142owo,a wtedy co, uszu nie zakryjemy, s\u0142owo ju\u017c tam wpad\u0142o.<\/p>\n<p>Dzieci nie zdaj\u0105 sobie do ko\u0144ca sprawy z powagi, z brzmienia, a przede wszystkim ze znaczenia s\u0142\u00f3w, kt\u00f3re wypowiadaj\u0105. Dla nich wypowiedziane przekle\u0144stwo, kt\u00f3re kiedy\u015b wywo\u0142a\u0142o \u015bmiech u mamusi, bo tak \u015bmiesznie to powiedzia\u0142o po raz pierwszy, mo\u017ce oznacza\u0107 co\u015b fajnego, co\u015b co sprawia, \u017ce mamusia ma dobry humor. Mo\u017ce wi\u0119c warto b\u0119dzie powiedzie\u0107 to samo tatusiowi i babci? Niech si\u0119 r\u00f3wnie\u017c po\u015bmiej\u0105. Podobnie w drug\u0105 stron\u0119, je\u017celi mamusia zdenerwowa\u0142a si\u0119, kiedy powiedzia\u0142o TO s\u0142owo, to mo\u017ce to idealny spos\u00f3b, \u017ceby j\u0105 denerwowa\u0107, kiedy zabroni mi czego\u015b zrobi\u0107? Dziecko wi\u0119c mo\u017ce odbiera\u0107 stosowanie wulgaryzm\u00f3w na wiele sposob\u00f3w: jako zabaw\u0119, jako ch\u0119\u0107 pokazania, \u017ce jest wa\u017cne, jako spos\u00f3b na zwr\u00f3cenie na siebie uwagi, ale te\u017c po to, by by\u0107 doros\u0142ymi, jak my \u2013 rodzice. Warto wi\u0119c zastanowi\u0107 si\u0119 przede wszystkim, jaki wzorzec idzie od nas. Je\u017celi zdarzy\u0142o si\u0119 to raz czy dwa, trudno, jeste\u015bmy tylko lud\u017ami, ale nigdy nie mo\u017cemy pozwoli\u0107, dla dobra naszych dzieci, by takie s\u0142owa stosowane by\u0142y nagminnie.<\/p>\n<p><iframe loading=\"lazy\" title=\"Baby says frog.. &quot;fuck&quot;\" width=\"500\" height=\"375\" src=\"https:\/\/www.youtube.com\/embed\/3U52ubaCpEw?feature=oembed\" frameborder=\"0\" allow=\"accelerometer; autoplay; clipboard-write; encrypted-media; gyroscope; picture-in-picture; web-share\" referrerpolicy=\"strict-origin-when-cross-origin\" allowfullscreen><\/iframe><\/p>\n<h2>Co zrobi\u0107, by dziecko nie u\u017cywa\u0142o wulgaryzm\u00f3w?<\/h2>\n<p>Je\u017celi mamy malutkie dzieci, jeste\u015bmy wi\u0119c w najlepszej sytuacji, bo idealnym sposobem na unikni\u0119cie stosowania wulgaryzm\u00f3w jest niedopuszczenie do ich zas\u0142yszenia. Jednak, jak wiadomo, to si\u0119 zdarza nawet w idelanych rodzinach, dlatego przede wszystkim ka\u017cde brzydkie s\u0142owo nale\u017cy zignorowa\u0107. Nie \u015bmia\u0107 si\u0119, nie denerwowa\u0107, nie rozpami\u0119tywa\u0107. Zwyczajnie zignorowa\u0107 tak, jakby nigdy go nie by\u0142o. Po pewnym czasie, a mo\u017ce i po stu powt\u00f3rzeniach, nasz malec widz\u0105c, za zupe\u0142nie na nikim nie robi to wra\u017cenie, zwyczajnie si\u0119 znudzi tak\u0105 zabaw\u0105. Powtarzanie nie b\u0119dzie mia\u0142o sensu, poniewa\u017c nie da \u017cadnego efektu: nie roz\u015bmieszy, nie zdenerwuje, nie poci\u0105gnie za sob\u0105 konsekwencji. Tak, jak szybko wpad\u0142o do g\u0142owy, tak samo szybko z niej wypadnie.<\/p>\n<p>Natomiast kiedy dziecko jest starsze, a wulgaryzm\u00f3w u\u017cywa nagminnie, bo gdzie\u015b na podw\u00f3rku je zas\u0142ysza\u0142o, warto przeprowadzi\u0107 z nim rozmow\u0119. Sk\u0105d zna takie s\u0142owa, gdzie us\u0142ysza\u0142o, czy zna ich znaczenie. Nale\u017cy wyt\u0142umaczy\u0107 dziecku, \u017ce jest to bardzo brzydkie zachowanie, kt\u00f3re cz\u0119sto mo\u017ce doprowadzi\u0107 do zranienienia i sprawienia smutku innym. Warto r\u00f3wnie\u017c by\u0107 stanowczym i da\u0107 wyra\u017anie do zrozumienia, \u017ce u nas w domu nie u\u017cywa si\u0119 takich sformu\u0142owa\u0144, \u017ce jest to niegrzeczne i my tak nie robimy. Starsze dzieci powinny zna\u0107 konsekwencje swoich zachowa\u0144, bo je\u017celi robi\u0105 to z premedytacj\u0105, doskonale wiedz\u0105c, jak u\u017cy\u0107 niecenzuralnych s\u0142\u00f3w, nale\u017cy pokaza\u0107 im, \u017ce bycie niegrzecznym ci\u0105gnie za sob\u0105 konsekwencje kary.<\/p>\n<p><strong>Najwa\u017cniejsz\u0105 nasz\u0105 rol\u0105, jako rodzic\u00f3w, jest to, by da\u0107 idealny przyk\u0142ad z g\u00f3ry. Je\u017celi my stosujemy si\u0119 do norm, post\u0119pujemy zgodnie z zasadami, a nasze s\u0142ownictwo jest bogate we wszystko, tylko nie w przekle\u0144stwa, takie te\u017c b\u0119dzie s\u0142ownictwo naszych dzieci. Zadbajmy o to od ko\u0142yski, by p\u00f3\u017aniej nie mie\u0107 problemu i nie zastanawia\u0107 si\u0119, co zrobi\u0107, gdy moje dziecko przeklina.<\/strong><\/p>\n<p>Autorka<\/p>\n<p>Monika Kampczyk<\/p>\n<p>www.kamperki.com<\/p>\n","protected":false},"excerpt":"Przez pierwsze p\u00f3\u0142tora roku \u017cycia mojej c\u00f3reczki, zastanawia\u0142am si\u0119, kiedy wreszcie us\u0142ysz\u0119 ten anielski g\u0142osik, jaki on b\u0119dzie, jak b\u0119dzie brzmia\u0142, jak ona b\u0119dzie m\u00f3wi\u0107. Nie mog\u0142am si\u0119 doczeka\u0107, a\u017c zacznie wypowiada\u0107 pierwsze zdania, \u015bpiewa\u0107 piosenki i tak zwyczajnie ze mn\u0105 rozmawia\u0107.","author":7,"featured_media":220,"comment_status":"open","ping_status":"open","sticky":false,"template":"","format":"standard","meta":{"_acf_changed":false,"inline_featured_image":false,"editor_plus_copied_stylings":"{}","footnotes":""},"categories":[28,40],"tags":[],"class_list":["post-219","post","type-post","status-publish","format-standard","has-post-thumbnail","hentry","category-dziecko","category-rozwoj-i-wychowanie"],"yoast_head":"<!-- This site is optimized with the Yoast SEO plugin v27.4 - https:\/\/yoast.com\/product\/yoast-seo-wordpress\/ -->\n<title>Co zrobi\u0107, gdy dziecko przeklina? - katarek.pl<\/title>\n<meta name=\"description\" content=\"Dzieci nie zdaj\u0105 sobie do ko\u0144ca sprawy z powagi, z brzmienia, a przede wszystkim ze znaczenia s\u0142\u00f3w, kt\u00f3re wypowiadaj\u0105. Dla nich wypowiedziane przekle\u0144stwo mo\u017ce oznacza\u0107 co\u015b fajnego. Jak poradzi\u0107 sobie z przekle\u0144stwami u malucha?\" \/>\n<meta name=\"robots\" content=\"index, follow, max-snippet:-1, max-image-preview:large, max-video-preview:-1\" \/>\n<link rel=\"canonical\" href=\"https:\/\/katarek.pl\/co-zrobic-gdy-dziecko-przeklina\/\" \/>\n<meta property=\"og:locale\" content=\"pl_PL\" \/>\n<meta property=\"og:type\" content=\"article\" \/>\n<meta property=\"og:title\" content=\"Co zrobi\u0107, gdy dziecko przeklina? - katarek.pl\" \/>\n<meta property=\"og:description\" content=\"Dzieci nie zdaj\u0105 sobie do ko\u0144ca sprawy z powagi, z brzmienia, a przede wszystkim ze znaczenia s\u0142\u00f3w, kt\u00f3re wypowiadaj\u0105. Dla nich wypowiedziane przekle\u0144stwo mo\u017ce oznacza\u0107 co\u015b fajnego. Jak poradzi\u0107 sobie z przekle\u0144stwami u malucha?\" \/>\n<meta property=\"og:url\" content=\"https:\/\/katarek.pl\/co-zrobic-gdy-dziecko-przeklina\/\" \/>\n<meta property=\"og:site_name\" content=\"katarek.pl\" \/>\n<meta property=\"article:published_time\" content=\"2016-03-11T10:13:11+00:00\" \/>\n<meta property=\"og:image\" content=\"https:\/\/katarek.pl\/wp-content\/uploads\/2016\/03\/dziecko-przeklina.jpg\" \/>\n\t<meta property=\"og:image:width\" content=\"2356\" \/>\n\t<meta property=\"og:image:height\" content=\"1570\" \/>\n\t<meta property=\"og:image:type\" content=\"image\/jpeg\" \/>\n<meta name=\"author\" content=\"katarek\" \/>\n<meta name=\"twitter:card\" content=\"summary_large_image\" \/>\n<meta name=\"twitter:label1\" content=\"Napisane przez\" \/>\n\t<meta name=\"twitter:data1\" content=\"katarek\" \/>\n\t<meta name=\"twitter:label2\" content=\"Szacowany czas czytania\" \/>\n\t<meta name=\"twitter:data2\" content=\"5 minut\" \/>\n<script type=\"application\/ld+json\" class=\"yoast-schema-graph\">{\"@context\":\"https:\\\/\\\/schema.org\",\"@graph\":[{\"@type\":\"Article\",\"@id\":\"https:\\\/\\\/katarek.pl\\\/co-zrobic-gdy-dziecko-przeklina\\\/#article\",\"isPartOf\":{\"@id\":\"https:\\\/\\\/katarek.pl\\\/co-zrobic-gdy-dziecko-przeklina\\\/\"},\"author\":{\"name\":\"katarek\",\"@id\":\"https:\\\/\\\/katarek.pl\\\/#\\\/schema\\\/person\\\/c7267555b2aaad4c6d15146a155bc430\"},\"headline\":\"Co zrobi\u0107, gdy dziecko przeklina?\",\"datePublished\":\"2016-03-11T10:13:11+00:00\",\"mainEntityOfPage\":{\"@id\":\"https:\\\/\\\/katarek.pl\\\/co-zrobic-gdy-dziecko-przeklina\\\/\"},\"wordCount\":953,\"commentCount\":1,\"image\":{\"@id\":\"https:\\\/\\\/katarek.pl\\\/co-zrobic-gdy-dziecko-przeklina\\\/#primaryimage\"},\"thumbnailUrl\":\"https:\\\/\\\/katarek.pl\\\/wp-content\\\/uploads\\\/2016\\\/03\\\/dziecko-przeklina.jpg\",\"articleSection\":[\"Dziecko\",\"Rozw\u00f3j i wychowanie\"],\"inLanguage\":\"pl-PL\"},{\"@type\":\"WebPage\",\"@id\":\"https:\\\/\\\/katarek.pl\\\/co-zrobic-gdy-dziecko-przeklina\\\/\",\"url\":\"https:\\\/\\\/katarek.pl\\\/co-zrobic-gdy-dziecko-przeklina\\\/\",\"name\":\"Co zrobi\u0107, gdy dziecko przeklina? - katarek.pl\",\"isPartOf\":{\"@id\":\"https:\\\/\\\/katarek.pl\\\/#website\"},\"primaryImageOfPage\":{\"@id\":\"https:\\\/\\\/katarek.pl\\\/co-zrobic-gdy-dziecko-przeklina\\\/#primaryimage\"},\"image\":{\"@id\":\"https:\\\/\\\/katarek.pl\\\/co-zrobic-gdy-dziecko-przeklina\\\/#primaryimage\"},\"thumbnailUrl\":\"https:\\\/\\\/katarek.pl\\\/wp-content\\\/uploads\\\/2016\\\/03\\\/dziecko-przeklina.jpg\",\"datePublished\":\"2016-03-11T10:13:11+00:00\",\"author\":{\"@id\":\"https:\\\/\\\/katarek.pl\\\/#\\\/schema\\\/person\\\/c7267555b2aaad4c6d15146a155bc430\"},\"description\":\"Dzieci nie zdaj\u0105 sobie do ko\u0144ca sprawy z powagi, z brzmienia, a przede wszystkim ze znaczenia s\u0142\u00f3w, kt\u00f3re wypowiadaj\u0105. Dla nich wypowiedziane przekle\u0144stwo mo\u017ce oznacza\u0107 co\u015b fajnego. Jak poradzi\u0107 sobie z przekle\u0144stwami u malucha?\",\"breadcrumb\":{\"@id\":\"https:\\\/\\\/katarek.pl\\\/co-zrobic-gdy-dziecko-przeklina\\\/#breadcrumb\"},\"inLanguage\":\"pl-PL\",\"potentialAction\":[{\"@type\":\"ReadAction\",\"target\":[\"https:\\\/\\\/katarek.pl\\\/co-zrobic-gdy-dziecko-przeklina\\\/\"]}]},{\"@type\":\"ImageObject\",\"inLanguage\":\"pl-PL\",\"@id\":\"https:\\\/\\\/katarek.pl\\\/co-zrobic-gdy-dziecko-przeklina\\\/#primaryimage\",\"url\":\"https:\\\/\\\/katarek.pl\\\/wp-content\\\/uploads\\\/2016\\\/03\\\/dziecko-przeklina.jpg\",\"contentUrl\":\"https:\\\/\\\/katarek.pl\\\/wp-content\\\/uploads\\\/2016\\\/03\\\/dziecko-przeklina.jpg\",\"width\":2356,\"height\":1570,\"caption\":\"katar z krwi\u0105 u dziecka - co zrobi\u0107\"},{\"@type\":\"BreadcrumbList\",\"@id\":\"https:\\\/\\\/katarek.pl\\\/co-zrobic-gdy-dziecko-przeklina\\\/#breadcrumb\",\"itemListElement\":[{\"@type\":\"ListItem\",\"position\":1,\"name\":\"Home\",\"item\":\"https:\\\/\\\/katarek.pl\\\/\"},{\"@type\":\"ListItem\",\"position\":2,\"name\":\"Blog\",\"item\":\"https:\\\/\\\/katarek.pl\\\/blog\\\/\"},{\"@type\":\"ListItem\",\"position\":3,\"name\":\"Co zrobi\u0107, gdy dziecko przeklina?\"}]},{\"@type\":\"WebSite\",\"@id\":\"https:\\\/\\\/katarek.pl\\\/#website\",\"url\":\"https:\\\/\\\/katarek.pl\\\/\",\"name\":\"katarek.pl\",\"description\":\"\",\"potentialAction\":[{\"@type\":\"SearchAction\",\"target\":{\"@type\":\"EntryPoint\",\"urlTemplate\":\"https:\\\/\\\/katarek.pl\\\/?s={search_term_string}\"},\"query-input\":{\"@type\":\"PropertyValueSpecification\",\"valueRequired\":true,\"valueName\":\"search_term_string\"}}],\"inLanguage\":\"pl-PL\"},{\"@type\":\"Person\",\"@id\":\"https:\\\/\\\/katarek.pl\\\/#\\\/schema\\\/person\\\/c7267555b2aaad4c6d15146a155bc430\",\"name\":\"katarek\",\"url\":\"https:\\\/\\\/katarek.pl\\\/author\\\/katarek\\\/\"}]}<\/script>\n<!-- \/ Yoast SEO plugin. -->","yoast_head_json":{"title":"Co zrobi\u0107, gdy dziecko przeklina? - katarek.pl","description":"Dzieci nie zdaj\u0105 sobie do ko\u0144ca sprawy z powagi, z brzmienia, a przede wszystkim ze znaczenia s\u0142\u00f3w, kt\u00f3re wypowiadaj\u0105. Dla nich wypowiedziane przekle\u0144stwo mo\u017ce oznacza\u0107 co\u015b fajnego. Jak poradzi\u0107 sobie z przekle\u0144stwami u malucha?","robots":{"index":"index","follow":"follow","max-snippet":"max-snippet:-1","max-image-preview":"max-image-preview:large","max-video-preview":"max-video-preview:-1"},"canonical":"https:\/\/katarek.pl\/co-zrobic-gdy-dziecko-przeklina\/","og_locale":"pl_PL","og_type":"article","og_title":"Co zrobi\u0107, gdy dziecko przeklina? - katarek.pl","og_description":"Dzieci nie zdaj\u0105 sobie do ko\u0144ca sprawy z powagi, z brzmienia, a przede wszystkim ze znaczenia s\u0142\u00f3w, kt\u00f3re wypowiadaj\u0105. Dla nich wypowiedziane przekle\u0144stwo mo\u017ce oznacza\u0107 co\u015b fajnego. Jak poradzi\u0107 sobie z przekle\u0144stwami u malucha?","og_url":"https:\/\/katarek.pl\/co-zrobic-gdy-dziecko-przeklina\/","og_site_name":"katarek.pl","article_published_time":"2016-03-11T10:13:11+00:00","og_image":[{"width":2356,"height":1570,"url":"https:\/\/katarek.pl\/wp-content\/uploads\/2016\/03\/dziecko-przeklina.jpg","type":"image\/jpeg"}],"author":"katarek","twitter_card":"summary_large_image","twitter_misc":{"Napisane przez":"katarek","Szacowany czas czytania":"5 minut"},"schema":{"@context":"https:\/\/schema.org","@graph":[{"@type":"Article","@id":"https:\/\/katarek.pl\/co-zrobic-gdy-dziecko-przeklina\/#article","isPartOf":{"@id":"https:\/\/katarek.pl\/co-zrobic-gdy-dziecko-przeklina\/"},"author":{"name":"katarek","@id":"https:\/\/katarek.pl\/#\/schema\/person\/c7267555b2aaad4c6d15146a155bc430"},"headline":"Co zrobi\u0107, gdy dziecko przeklina?","datePublished":"2016-03-11T10:13:11+00:00","mainEntityOfPage":{"@id":"https:\/\/katarek.pl\/co-zrobic-gdy-dziecko-przeklina\/"},"wordCount":953,"commentCount":1,"image":{"@id":"https:\/\/katarek.pl\/co-zrobic-gdy-dziecko-przeklina\/#primaryimage"},"thumbnailUrl":"https:\/\/katarek.pl\/wp-content\/uploads\/2016\/03\/dziecko-przeklina.jpg","articleSection":["Dziecko","Rozw\u00f3j i wychowanie"],"inLanguage":"pl-PL"},{"@type":"WebPage","@id":"https:\/\/katarek.pl\/co-zrobic-gdy-dziecko-przeklina\/","url":"https:\/\/katarek.pl\/co-zrobic-gdy-dziecko-przeklina\/","name":"Co zrobi\u0107, gdy dziecko przeklina? - katarek.pl","isPartOf":{"@id":"https:\/\/katarek.pl\/#website"},"primaryImageOfPage":{"@id":"https:\/\/katarek.pl\/co-zrobic-gdy-dziecko-przeklina\/#primaryimage"},"image":{"@id":"https:\/\/katarek.pl\/co-zrobic-gdy-dziecko-przeklina\/#primaryimage"},"thumbnailUrl":"https:\/\/katarek.pl\/wp-content\/uploads\/2016\/03\/dziecko-przeklina.jpg","datePublished":"2016-03-11T10:13:11+00:00","author":{"@id":"https:\/\/katarek.pl\/#\/schema\/person\/c7267555b2aaad4c6d15146a155bc430"},"description":"Dzieci nie zdaj\u0105 sobie do ko\u0144ca sprawy z powagi, z brzmienia, a przede wszystkim ze znaczenia s\u0142\u00f3w, kt\u00f3re wypowiadaj\u0105. Dla nich wypowiedziane przekle\u0144stwo mo\u017ce oznacza\u0107 co\u015b fajnego. Jak poradzi\u0107 sobie z przekle\u0144stwami u malucha?","breadcrumb":{"@id":"https:\/\/katarek.pl\/co-zrobic-gdy-dziecko-przeklina\/#breadcrumb"},"inLanguage":"pl-PL","potentialAction":[{"@type":"ReadAction","target":["https:\/\/katarek.pl\/co-zrobic-gdy-dziecko-przeklina\/"]}]},{"@type":"ImageObject","inLanguage":"pl-PL","@id":"https:\/\/katarek.pl\/co-zrobic-gdy-dziecko-przeklina\/#primaryimage","url":"https:\/\/katarek.pl\/wp-content\/uploads\/2016\/03\/dziecko-przeklina.jpg","contentUrl":"https:\/\/katarek.pl\/wp-content\/uploads\/2016\/03\/dziecko-przeklina.jpg","width":2356,"height":1570,"caption":"katar z krwi\u0105 u dziecka - co zrobi\u0107"},{"@type":"BreadcrumbList","@id":"https:\/\/katarek.pl\/co-zrobic-gdy-dziecko-przeklina\/#breadcrumb","itemListElement":[{"@type":"ListItem","position":1,"name":"Home","item":"https:\/\/katarek.pl\/"},{"@type":"ListItem","position":2,"name":"Blog","item":"https:\/\/katarek.pl\/blog\/"},{"@type":"ListItem","position":3,"name":"Co zrobi\u0107, gdy dziecko przeklina?"}]},{"@type":"WebSite","@id":"https:\/\/katarek.pl\/#website","url":"https:\/\/katarek.pl\/","name":"katarek.pl","description":"","potentialAction":[{"@type":"SearchAction","target":{"@type":"EntryPoint","urlTemplate":"https:\/\/katarek.pl\/?s={search_term_string}"},"query-input":{"@type":"PropertyValueSpecification","valueRequired":true,"valueName":"search_term_string"}}],"inLanguage":"pl-PL"},{"@type":"Person","@id":"https:\/\/katarek.pl\/#\/schema\/person\/c7267555b2aaad4c6d15146a155bc430","name":"katarek","url":"https:\/\/katarek.pl\/author\/katarek\/"}]}},"acf":[],"gutenberg_blocks":[{"blockName":"custom-styles","attrs":{"styles":""}}],"meta_data":false,"featured_image":{"url":"https:\/\/katarek.pl\/wp-content\/uploads\/2016\/03\/dziecko-przeklina-1024x682.jpg"},"main_category":{"name":"Dziecko"},"prev_page":{"slug":"lot-samolotem-z-malym-dzieckiem"},"next_page":{"slug":"zaakceptowanie-ciala-po-ciazy"},"_links":{"self":[{"href":"https:\/\/katarek.pl\/index.php\/wp-json\/wp\/v2\/posts\/219","targetHints":{"allow":["GET"]}}],"collection":[{"href":"https:\/\/katarek.pl\/index.php\/wp-json\/wp\/v2\/posts"}],"about":[{"href":"https:\/\/katarek.pl\/index.php\/wp-json\/wp\/v2\/types\/post"}],"author":[{"embeddable":true,"href":"https:\/\/katarek.pl\/index.php\/wp-json\/wp\/v2\/users\/7"}],"replies":[{"embeddable":true,"href":"https:\/\/katarek.pl\/index.php\/wp-json\/wp\/v2\/comments?post=219"}],"version-history":[{"count":0,"href":"https:\/\/katarek.pl\/index.php\/wp-json\/wp\/v2\/posts\/219\/revisions"}],"wp:featuredmedia":[{"embeddable":true,"href":"https:\/\/katarek.pl\/index.php\/wp-json\/wp\/v2\/media\/220"}],"wp:attachment":[{"href":"https:\/\/katarek.pl\/index.php\/wp-json\/wp\/v2\/media?parent=219"}],"wp:term":[{"taxonomy":"category","embeddable":true,"href":"https:\/\/katarek.pl\/index.php\/wp-json\/wp\/v2\/categories?post=219"},{"taxonomy":"post_tag","embeddable":true,"href":"https:\/\/katarek.pl\/index.php\/wp-json\/wp\/v2\/tags?post=219"}],"curies":[{"name":"wp","href":"https:\/\/api.w.org\/{rel}","templated":true}]}}