{"id":2182,"date":"2021-06-17T11:51:48","date_gmt":"2021-06-17T09:51:48","guid":{"rendered":"https:\/\/katarek.pl\/blog\/?p=2182"},"modified":"2021-06-17T11:51:48","modified_gmt":"2021-06-17T09:51:48","slug":"powiklania-covid-19-u-dzieci","status":"publish","type":"post","link":"https:\/\/katarek.pl\/powiklania-covid-19-u-dzieci\/","title":{"rendered":"Powik\u0142ania po covid-19 u dzieci"},"content":{"rendered":"<p>Faktem jest, \u017ce dzieci z regu\u0142y przechodz\u0105 chorob\u0119 wywo\u0142ywan\u0105 wirusem SARS-COV-2 l\u017cej ni\u017c doro\u015bli oraz rzadziej si\u0119 zra\u017caj\u0105. Bezobjawowy lub \u0142agodny przebieg zaka\u017cenia nie oznacza jednak braku powik\u0142a\u0144 &#8211; coraz cz\u0119\u015bciej obserwuje si\u0119 u najm\u0142odszych pacjent\u00f3w PIMS, czyli zesp\u00f3\u0142 pocovidowy u dzieci. <strong>Powik\u0142ania po covidzie <\/strong>mog\u0105 by\u0107 nieznaczne, ale mog\u0105 rozwin\u0105\u0107 si\u0119 w bardziej skomplikowane zespo\u0142y zapalne. Co robi\u0107 w przypadku podejrze\u0144 <strong>powik\u0142a\u0144 po COVID u dzieci<\/strong>?<\/p>\n<h2>Czym jest PIMS i jak go rozpozna\u0107?<\/h2>\n<p>Warto pami\u0119ta\u0107, \u017ce na PIMS, czyli zesp\u00f3\u0142 pocovidowy, choruj\u0105 nie tylko dzieci w wieku wczesnoszkolnym, lecz nawet te najm\u0142odsze. Poniewa\u017c zaka\u017cenie koronawirusem u niemowl\u0105t okazuje si\u0119 cz\u0119sto bardzo niebezpieczne, a wszelkiego rodzaju zmiany zapalne w p\u0142ucach, kt\u00f3re jeszcze nie zd\u0105\u017cy\u0142y si\u0119 do ko\u0144ca rozwin\u0105\u0107, mog\u0105 by\u0107 gro\u017ane dla zdrowia i \u017cycia dziecka, nale\u017cy szczeg\u00f3lnie uwa\u017ca\u0107 na proces rekonwalescencji i obserwowa\u0107 dziecko, by wykluczy\u0107 PIMS.<\/p>\n<h3>Co to PIMS?<\/h3>\n<p>PIMS to Pediatric Inflammatory Multisystem Syndrome, czyli zesp\u00f3\u0142 <strong>powik\u0142a\u0144 po COVID u dzieci<\/strong>. W j\u0119zyku polskim t\u0142umaczy si\u0119 go jako wielouk\u0142adowy zesp\u00f3\u0142 zapalny. G\u0142\u00f3wnym przyczynkiem do rozwini\u0119cia si\u0119 PIMS jest specyficzna reakcja uk\u0142adu immunologicznego dziecka na wirusa, kt\u00f3ra pojawia si\u0119 nie od razu, a po dw\u00f3ch do czterech tygodni od momentu zaka\u017cenia. Nale\u017cy podkre\u015bli\u0107, \u017ce PIMS mo\u017ce pojawi\u0107 si\u0119 tak\u017ce u dzieci, kt\u00f3re przesz\u0142y zaka\u017cenie ca\u0142kowicie bezobjawowo. Cho\u0107 zesp\u00f3\u0142 mo\u017ce przypomina\u0107 infekcj\u0119, to nie jest w \u017caden spos\u00f3b zaka\u017any.<\/p>\n<h3>Jakie s\u0105 objawy PIMS?<\/h3>\n<p>Do najcz\u0119stszych i najbardziej charakterystycznych objaw\u00f3w PIMS nale\u017c\u0105:<\/p>\n<ul>\n<li>wysoka gor\u0105czka;<\/li>\n<li>silny b\u00f3l brzucha;<\/li>\n<li>dolegliwo\u015bci \u017co\u0142\u0105dkowe, biegunka, wymioty;<\/li>\n<li>wysypka (najcz\u0119\u015bciej w formie r\u00f3\u017cowych, przypominaj\u0105cych pier\u015bcienie plam, jednak nie jest to zasad\u0105)<\/li>\n<li>zapalenie spoj\u00f3wek (z zaczerwienieniem oczu, ale bez wydzieliny)<\/li>\n<li>wysuszone, czerwone usta (spierzchni\u0119te);<\/li>\n<li>zmiany na j\u0119zyku (mocny, czerwony kolor, mog\u0105 wyst\u0105pi\u0107 drobne krostki);<\/li>\n<li>obrz\u0119k ko\u0144czyn g\u00f3rnych i dolnych;<\/li>\n<li>os\u0142abienie organizmu;<\/li>\n<li>powi\u0119kszone w\u0119z\u0142y ch\u0142onne;<\/li>\n<li>b\u00f3l g\u0142owy, karku, szyi;<\/li>\n<li>b\u00f3l gard\u0142a.<\/li>\n<\/ul>\n<p><img loading=\"lazy\" decoding=\"async\" class=\"aligncenter size-large wp-image-2183\" src=\"https:\/\/katarek.pl\/wp-content\/uploads\/2021\/06\/powiklania-u-dzieci-po-covid-1024x683.jpg\" alt=\"Powik\u0142ania u dzieci po covidzie\" width=\"1024\" height=\"683\" srcset=\"https:\/\/katarek.pl\/wp-content\/uploads\/2021\/06\/powiklania-u-dzieci-po-covid-1024x683.jpg 1024w, https:\/\/katarek.pl\/wp-content\/uploads\/2021\/06\/powiklania-u-dzieci-po-covid-600x400.jpg 600w, https:\/\/katarek.pl\/wp-content\/uploads\/2021\/06\/powiklania-u-dzieci-po-covid-450x300.jpg 450w, https:\/\/katarek.pl\/wp-content\/uploads\/2021\/06\/powiklania-u-dzieci-po-covid-768x512.jpg 768w, https:\/\/katarek.pl\/wp-content\/uploads\/2021\/06\/powiklania-u-dzieci-po-covid-500x333.jpg 500w, https:\/\/katarek.pl\/wp-content\/uploads\/2021\/06\/powiklania-u-dzieci-po-covid-300x200.jpg 300w, https:\/\/katarek.pl\/wp-content\/uploads\/2021\/06\/powiklania-u-dzieci-po-covid.jpg 1200w\" sizes=\"(max-width: 1024px) 100vw, 1024px\" \/><\/p>\n<h2>COVID powik\u0142ania u dzieci &#8211; jak przebiega PIMS?<\/h2>\n<p>Nie wszystkie objawy, kt\u00f3re wymienili\u015bmy powy\u017cej, musz\u0105 si\u0119 pojawi\u0107, by zdiagnozowanie PIMS by\u0142o mo\u017cliwe. Zar\u00f3wno <strong>koronawirus u dzieci<\/strong>, <strong>powik\u0142ania <\/strong>po nim, jak i proces rekonwalescencji u ka\u017cdego dziecka wygl\u0105daj\u0105 inaczej. Objawy PIMS mog\u0105 pojawia\u0107 si\u0119 w kolejnych dniach choroby, a jej przebieg ocenia si\u0119 na skali od \u0142agodnego do ci\u0119\u017ckiego (nie ma zasady, jak gro\u017ane powik\u0142ania mog\u0105 wyst\u0105pi\u0107 po lekkim czy ci\u0119\u017ckim przej\u015bciu choroby). Ze wzgl\u0119du na specyfik\u0119 PIMS, <strong>powik\u0142ania po COVID u dzieci <\/strong>mog\u0105 dotyka\u0107 r\u00f3\u017cnych uk\u0142ad\u00f3w cia\u0142a (st\u0105d nazwa). B\u00f3l brzucha czy biegunka wi\u0105\u017c\u0105 si\u0119 z uk\u0142adem pokarmowym, z oddechowym &#8211; kaszel i duszno\u015bci, neurologicznym &#8211; senno\u015b\u0107 i b\u00f3le g\u0142owy. Szczeg\u00f3lnie problematyczny mo\u017ce by\u0107 uk\u0142ad kr\u0105\u017cenia: zbyt niskie lub zbyt wysokie ci\u015bnienie, a tak\u017ce nieuregulowane t\u0119tno mog\u0105 prowadzi\u0107 do powa\u017cnych powik\u0142a\u0144, tak\u017ce zwi\u0105zanych z prac\u0105 serca. Istnieje ryzyko omdle\u0144 i krwawienia.<\/p>\n<h2>Jak diagnozowa\u0107 PIMS?<\/h2>\n<p>Je\u015bli w badaniach laboratoryjnych zostan\u0105 wykazane m.in.: obni\u017cenie st\u0119\u017cenia limfocyt\u00f3w, stan zapalny, a tak\u017ce zaburzenia jon\u00f3w i bia\u0142ek, zaleca si\u0119 dalsz\u0105 diagnostyk\u0119. Co wa\u017cne, ka\u017cde dziecko z wykrytym PIMS powinno zosta\u0107 skierowane do szpitala ze wzgl\u0119du na wysokie ryzyko. W celu diagnozy <strong>powik\u0142a\u0144 po COVIDzie u dzieci <\/strong>lekarz mo\u017ce zaleci\u0107:<\/p>\n<ul>\n<li>test lub wymaz w kierunku obecno\u015bci wirusa SARS-CoV-2;<\/li>\n<li>badania krwi i moczu;<\/li>\n<li>wymazy z gard\u0142a;<\/li>\n<li>EKG, ECHO serca.<\/li>\n<\/ul>\n<p>Na stronie pacjent.gov.pl mo\u017cna znale\u017a\u0107 informacyjny PDF dotycz\u0105cy post\u0119powania z dzieckiem z PIMS &#8211; <a href=\"https:\/\/przegladpediatryczny.pl\/files\/4305.pdf\" rel=\"nofollow\">https:\/\/przegladpediatryczny.pl\/files\/4305.pdf<\/a><\/p>\n<p>Zach\u0119camy tak\u017ce do zapoznania si\u0119 z artyku\u0142em zawieraj\u0105cego informacje, <a href=\"\/blog\/jak-dzieci-przechodza-covid-19\/\">jak dzieci przechodz\u0105 covid<\/a>.<\/p>\n","protected":false},"excerpt":"Faktem jest, \u017ce dzieci z regu\u0142y przechodz\u0105 chorob\u0119 wywo\u0142ywan\u0105 wirusem SARS-COV-2 l\u017cej ni\u017c doro\u015bli oraz rzadziej si\u0119 zra\u017caj\u0105. Bezobjawowy lub \u0142agodny przebieg zaka\u017cenia nie oznacza jednak braku powik\u0142a\u0144 &#8211; coraz cz\u0119\u015bciej obserwuje si\u0119 u najm\u0142odszych pacjent\u00f3w PIMS, czyli zesp\u00f3\u0142 pocovidowy u dzieci. Powik\u0142ania po covidzie mog\u0105 by\u0107 nieznaczne, ale mog\u0105 rozwin\u0105\u0107 si\u0119 w bardziej skomplikowane [&hellip;]","author":7,"featured_media":2184,"comment_status":"open","ping_status":"open","sticky":false,"template":"","format":"standard","meta":{"_acf_changed":false,"inline_featured_image":false,"editor_plus_copied_stylings":"{}","footnotes":""},"categories":[28,41],"tags":[],"class_list":["post-2182","post","type-post","status-publish","format-standard","has-post-thumbnail","hentry","category-dziecko","category-zdrowie-dziecko"],"yoast_head":"<!-- This site is optimized with the Yoast SEO plugin v27.4 - https:\/\/yoast.com\/product\/yoast-seo-wordpress\/ -->\n<title>Powik\u0142ania po covid-19 u dzieci. Jak rozpozna\u0107 PIMS? - blog Katarek<\/title>\n<meta name=\"description\" content=\"Bezobjawowy lub \u0142agodny przebieg zaka\u017cenia nie oznacza jednak braku powik\u0142a\u0144 - coraz cz\u0119\u015bciej obserwuje si\u0119 u najm\u0142odszych pacjent\u00f3w PIMS, czyli zesp\u00f3\u0142 pocovidowy u dzieci. Sprawd\u017a!\" \/>\n<meta name=\"robots\" content=\"index, follow, max-snippet:-1, max-image-preview:large, max-video-preview:-1\" \/>\n<link rel=\"canonical\" href=\"https:\/\/katarek.pl\/powiklania-covid-19-u-dzieci\/\" \/>\n<meta property=\"og:locale\" content=\"pl_PL\" \/>\n<meta property=\"og:type\" content=\"article\" \/>\n<meta property=\"og:title\" content=\"Powik\u0142ania po covid-19 u dzieci. Jak rozpozna\u0107 PIMS? - blog Katarek\" \/>\n<meta property=\"og:description\" content=\"Bezobjawowy lub \u0142agodny przebieg zaka\u017cenia nie oznacza jednak braku powik\u0142a\u0144 - coraz cz\u0119\u015bciej obserwuje si\u0119 u najm\u0142odszych pacjent\u00f3w PIMS, czyli zesp\u00f3\u0142 pocovidowy u dzieci. Sprawd\u017a!\" \/>\n<meta property=\"og:url\" content=\"https:\/\/katarek.pl\/powiklania-covid-19-u-dzieci\/\" \/>\n<meta property=\"og:site_name\" content=\"katarek.pl\" \/>\n<meta property=\"article:published_time\" content=\"2021-06-17T09:51:48+00:00\" \/>\n<meta property=\"og:image\" content=\"https:\/\/katarek.pl\/wp-content\/uploads\/2021\/06\/powiklania-po-covid-u-dzieci.jpg\" \/>\n\t<meta property=\"og:image:width\" content=\"1200\" \/>\n\t<meta property=\"og:image:height\" content=\"801\" \/>\n\t<meta property=\"og:image:type\" content=\"image\/jpeg\" \/>\n<meta name=\"author\" content=\"katarek\" \/>\n<meta name=\"twitter:card\" content=\"summary_large_image\" \/>\n<meta name=\"twitter:label1\" content=\"Napisane przez\" \/>\n\t<meta name=\"twitter:data1\" content=\"katarek\" \/>\n\t<meta name=\"twitter:label2\" content=\"Szacowany czas czytania\" \/>\n\t<meta name=\"twitter:data2\" content=\"3 minuty\" \/>\n<script type=\"application\/ld+json\" class=\"yoast-schema-graph\">{\"@context\":\"https:\\\/\\\/schema.org\",\"@graph\":[{\"@type\":\"Article\",\"@id\":\"https:\\\/\\\/katarek.pl\\\/powiklania-covid-19-u-dzieci\\\/#article\",\"isPartOf\":{\"@id\":\"https:\\\/\\\/katarek.pl\\\/powiklania-covid-19-u-dzieci\\\/\"},\"author\":{\"name\":\"katarek\",\"@id\":\"https:\\\/\\\/katarek.pl\\\/#\\\/schema\\\/person\\\/c7267555b2aaad4c6d15146a155bc430\"},\"headline\":\"Powik\u0142ania po covid-19 u dzieci\",\"datePublished\":\"2021-06-17T09:51:48+00:00\",\"mainEntityOfPage\":{\"@id\":\"https:\\\/\\\/katarek.pl\\\/powiklania-covid-19-u-dzieci\\\/\"},\"wordCount\":679,\"commentCount\":0,\"image\":{\"@id\":\"https:\\\/\\\/katarek.pl\\\/powiklania-covid-19-u-dzieci\\\/#primaryimage\"},\"thumbnailUrl\":\"https:\\\/\\\/katarek.pl\\\/wp-content\\\/uploads\\\/2021\\\/06\\\/powiklania-po-covid-u-dzieci.jpg\",\"articleSection\":[\"Dziecko\",\"Zdrowie\"],\"inLanguage\":\"pl-PL\"},{\"@type\":\"WebPage\",\"@id\":\"https:\\\/\\\/katarek.pl\\\/powiklania-covid-19-u-dzieci\\\/\",\"url\":\"https:\\\/\\\/katarek.pl\\\/powiklania-covid-19-u-dzieci\\\/\",\"name\":\"Powik\u0142ania po covid-19 u dzieci. Jak rozpozna\u0107 PIMS? - blog Katarek\",\"isPartOf\":{\"@id\":\"https:\\\/\\\/katarek.pl\\\/#website\"},\"primaryImageOfPage\":{\"@id\":\"https:\\\/\\\/katarek.pl\\\/powiklania-covid-19-u-dzieci\\\/#primaryimage\"},\"image\":{\"@id\":\"https:\\\/\\\/katarek.pl\\\/powiklania-covid-19-u-dzieci\\\/#primaryimage\"},\"thumbnailUrl\":\"https:\\\/\\\/katarek.pl\\\/wp-content\\\/uploads\\\/2021\\\/06\\\/powiklania-po-covid-u-dzieci.jpg\",\"datePublished\":\"2021-06-17T09:51:48+00:00\",\"author\":{\"@id\":\"https:\\\/\\\/katarek.pl\\\/#\\\/schema\\\/person\\\/c7267555b2aaad4c6d15146a155bc430\"},\"description\":\"Bezobjawowy lub \u0142agodny przebieg zaka\u017cenia nie oznacza jednak braku powik\u0142a\u0144 - coraz cz\u0119\u015bciej obserwuje si\u0119 u najm\u0142odszych pacjent\u00f3w PIMS, czyli zesp\u00f3\u0142 pocovidowy u dzieci. Sprawd\u017a!\",\"breadcrumb\":{\"@id\":\"https:\\\/\\\/katarek.pl\\\/powiklania-covid-19-u-dzieci\\\/#breadcrumb\"},\"inLanguage\":\"pl-PL\",\"potentialAction\":[{\"@type\":\"ReadAction\",\"target\":[\"https:\\\/\\\/katarek.pl\\\/powiklania-covid-19-u-dzieci\\\/\"]}]},{\"@type\":\"ImageObject\",\"inLanguage\":\"pl-PL\",\"@id\":\"https:\\\/\\\/katarek.pl\\\/powiklania-covid-19-u-dzieci\\\/#primaryimage\",\"url\":\"https:\\\/\\\/katarek.pl\\\/wp-content\\\/uploads\\\/2021\\\/06\\\/powiklania-po-covid-u-dzieci.jpg\",\"contentUrl\":\"https:\\\/\\\/katarek.pl\\\/wp-content\\\/uploads\\\/2021\\\/06\\\/powiklania-po-covid-u-dzieci.jpg\",\"width\":1200,\"height\":801,\"caption\":\"Powik\u0142ania po covid-19 u dzieci\"},{\"@type\":\"BreadcrumbList\",\"@id\":\"https:\\\/\\\/katarek.pl\\\/powiklania-covid-19-u-dzieci\\\/#breadcrumb\",\"itemListElement\":[{\"@type\":\"ListItem\",\"position\":1,\"name\":\"Home\",\"item\":\"https:\\\/\\\/katarek.pl\\\/\"},{\"@type\":\"ListItem\",\"position\":2,\"name\":\"Blog\",\"item\":\"https:\\\/\\\/katarek.pl\\\/blog\\\/\"},{\"@type\":\"ListItem\",\"position\":3,\"name\":\"Powik\u0142ania po covid-19 u dzieci\"}]},{\"@type\":\"WebSite\",\"@id\":\"https:\\\/\\\/katarek.pl\\\/#website\",\"url\":\"https:\\\/\\\/katarek.pl\\\/\",\"name\":\"katarek.pl\",\"description\":\"\",\"potentialAction\":[{\"@type\":\"SearchAction\",\"target\":{\"@type\":\"EntryPoint\",\"urlTemplate\":\"https:\\\/\\\/katarek.pl\\\/?s={search_term_string}\"},\"query-input\":{\"@type\":\"PropertyValueSpecification\",\"valueRequired\":true,\"valueName\":\"search_term_string\"}}],\"inLanguage\":\"pl-PL\"},{\"@type\":\"Person\",\"@id\":\"https:\\\/\\\/katarek.pl\\\/#\\\/schema\\\/person\\\/c7267555b2aaad4c6d15146a155bc430\",\"name\":\"katarek\",\"url\":\"https:\\\/\\\/katarek.pl\\\/author\\\/katarek\\\/\"}]}<\/script>\n<!-- \/ Yoast SEO plugin. -->","yoast_head_json":{"title":"Powik\u0142ania po covid-19 u dzieci. Jak rozpozna\u0107 PIMS? - blog Katarek","description":"Bezobjawowy lub \u0142agodny przebieg zaka\u017cenia nie oznacza jednak braku powik\u0142a\u0144 - coraz cz\u0119\u015bciej obserwuje si\u0119 u najm\u0142odszych pacjent\u00f3w PIMS, czyli zesp\u00f3\u0142 pocovidowy u dzieci. Sprawd\u017a!","robots":{"index":"index","follow":"follow","max-snippet":"max-snippet:-1","max-image-preview":"max-image-preview:large","max-video-preview":"max-video-preview:-1"},"canonical":"https:\/\/katarek.pl\/powiklania-covid-19-u-dzieci\/","og_locale":"pl_PL","og_type":"article","og_title":"Powik\u0142ania po covid-19 u dzieci. Jak rozpozna\u0107 PIMS? - blog Katarek","og_description":"Bezobjawowy lub \u0142agodny przebieg zaka\u017cenia nie oznacza jednak braku powik\u0142a\u0144 - coraz cz\u0119\u015bciej obserwuje si\u0119 u najm\u0142odszych pacjent\u00f3w PIMS, czyli zesp\u00f3\u0142 pocovidowy u dzieci. Sprawd\u017a!","og_url":"https:\/\/katarek.pl\/powiklania-covid-19-u-dzieci\/","og_site_name":"katarek.pl","article_published_time":"2021-06-17T09:51:48+00:00","og_image":[{"width":1200,"height":801,"url":"https:\/\/katarek.pl\/wp-content\/uploads\/2021\/06\/powiklania-po-covid-u-dzieci.jpg","type":"image\/jpeg"}],"author":"katarek","twitter_card":"summary_large_image","twitter_misc":{"Napisane przez":"katarek","Szacowany czas czytania":"3 minuty"},"schema":{"@context":"https:\/\/schema.org","@graph":[{"@type":"Article","@id":"https:\/\/katarek.pl\/powiklania-covid-19-u-dzieci\/#article","isPartOf":{"@id":"https:\/\/katarek.pl\/powiklania-covid-19-u-dzieci\/"},"author":{"name":"katarek","@id":"https:\/\/katarek.pl\/#\/schema\/person\/c7267555b2aaad4c6d15146a155bc430"},"headline":"Powik\u0142ania po covid-19 u dzieci","datePublished":"2021-06-17T09:51:48+00:00","mainEntityOfPage":{"@id":"https:\/\/katarek.pl\/powiklania-covid-19-u-dzieci\/"},"wordCount":679,"commentCount":0,"image":{"@id":"https:\/\/katarek.pl\/powiklania-covid-19-u-dzieci\/#primaryimage"},"thumbnailUrl":"https:\/\/katarek.pl\/wp-content\/uploads\/2021\/06\/powiklania-po-covid-u-dzieci.jpg","articleSection":["Dziecko","Zdrowie"],"inLanguage":"pl-PL"},{"@type":"WebPage","@id":"https:\/\/katarek.pl\/powiklania-covid-19-u-dzieci\/","url":"https:\/\/katarek.pl\/powiklania-covid-19-u-dzieci\/","name":"Powik\u0142ania po covid-19 u dzieci. Jak rozpozna\u0107 PIMS? - blog Katarek","isPartOf":{"@id":"https:\/\/katarek.pl\/#website"},"primaryImageOfPage":{"@id":"https:\/\/katarek.pl\/powiklania-covid-19-u-dzieci\/#primaryimage"},"image":{"@id":"https:\/\/katarek.pl\/powiklania-covid-19-u-dzieci\/#primaryimage"},"thumbnailUrl":"https:\/\/katarek.pl\/wp-content\/uploads\/2021\/06\/powiklania-po-covid-u-dzieci.jpg","datePublished":"2021-06-17T09:51:48+00:00","author":{"@id":"https:\/\/katarek.pl\/#\/schema\/person\/c7267555b2aaad4c6d15146a155bc430"},"description":"Bezobjawowy lub \u0142agodny przebieg zaka\u017cenia nie oznacza jednak braku powik\u0142a\u0144 - coraz cz\u0119\u015bciej obserwuje si\u0119 u najm\u0142odszych pacjent\u00f3w PIMS, czyli zesp\u00f3\u0142 pocovidowy u dzieci. Sprawd\u017a!","breadcrumb":{"@id":"https:\/\/katarek.pl\/powiklania-covid-19-u-dzieci\/#breadcrumb"},"inLanguage":"pl-PL","potentialAction":[{"@type":"ReadAction","target":["https:\/\/katarek.pl\/powiklania-covid-19-u-dzieci\/"]}]},{"@type":"ImageObject","inLanguage":"pl-PL","@id":"https:\/\/katarek.pl\/powiklania-covid-19-u-dzieci\/#primaryimage","url":"https:\/\/katarek.pl\/wp-content\/uploads\/2021\/06\/powiklania-po-covid-u-dzieci.jpg","contentUrl":"https:\/\/katarek.pl\/wp-content\/uploads\/2021\/06\/powiklania-po-covid-u-dzieci.jpg","width":1200,"height":801,"caption":"Powik\u0142ania po covid-19 u dzieci"},{"@type":"BreadcrumbList","@id":"https:\/\/katarek.pl\/powiklania-covid-19-u-dzieci\/#breadcrumb","itemListElement":[{"@type":"ListItem","position":1,"name":"Home","item":"https:\/\/katarek.pl\/"},{"@type":"ListItem","position":2,"name":"Blog","item":"https:\/\/katarek.pl\/blog\/"},{"@type":"ListItem","position":3,"name":"Powik\u0142ania po covid-19 u dzieci"}]},{"@type":"WebSite","@id":"https:\/\/katarek.pl\/#website","url":"https:\/\/katarek.pl\/","name":"katarek.pl","description":"","potentialAction":[{"@type":"SearchAction","target":{"@type":"EntryPoint","urlTemplate":"https:\/\/katarek.pl\/?s={search_term_string}"},"query-input":{"@type":"PropertyValueSpecification","valueRequired":true,"valueName":"search_term_string"}}],"inLanguage":"pl-PL"},{"@type":"Person","@id":"https:\/\/katarek.pl\/#\/schema\/person\/c7267555b2aaad4c6d15146a155bc430","name":"katarek","url":"https:\/\/katarek.pl\/author\/katarek\/"}]}},"acf":[],"gutenberg_blocks":[{"blockName":"custom-styles","attrs":{"styles":""}}],"meta_data":false,"featured_image":{"url":"https:\/\/katarek.pl\/wp-content\/uploads\/2021\/06\/powiklania-po-covid-u-dzieci-1024x684.jpg"},"main_category":{"name":"Dziecko"},"prev_page":{"slug":"6-faktow-ktore-powinnas-wiedziec-o-nebulizacji"},"next_page":{"slug":"jak-dzieci-przechodza-covid-19"},"_links":{"self":[{"href":"https:\/\/katarek.pl\/index.php\/wp-json\/wp\/v2\/posts\/2182","targetHints":{"allow":["GET"]}}],"collection":[{"href":"https:\/\/katarek.pl\/index.php\/wp-json\/wp\/v2\/posts"}],"about":[{"href":"https:\/\/katarek.pl\/index.php\/wp-json\/wp\/v2\/types\/post"}],"author":[{"embeddable":true,"href":"https:\/\/katarek.pl\/index.php\/wp-json\/wp\/v2\/users\/7"}],"replies":[{"embeddable":true,"href":"https:\/\/katarek.pl\/index.php\/wp-json\/wp\/v2\/comments?post=2182"}],"version-history":[{"count":0,"href":"https:\/\/katarek.pl\/index.php\/wp-json\/wp\/v2\/posts\/2182\/revisions"}],"wp:featuredmedia":[{"embeddable":true,"href":"https:\/\/katarek.pl\/index.php\/wp-json\/wp\/v2\/media\/2184"}],"wp:attachment":[{"href":"https:\/\/katarek.pl\/index.php\/wp-json\/wp\/v2\/media?parent=2182"}],"wp:term":[{"taxonomy":"category","embeddable":true,"href":"https:\/\/katarek.pl\/index.php\/wp-json\/wp\/v2\/categories?post=2182"},{"taxonomy":"post_tag","embeddable":true,"href":"https:\/\/katarek.pl\/index.php\/wp-json\/wp\/v2\/tags?post=2182"}],"curies":[{"name":"wp","href":"https:\/\/api.w.org\/{rel}","templated":true}]}}