{"id":2170,"date":"2021-05-25T09:19:37","date_gmt":"2021-05-25T07:19:37","guid":{"rendered":"https:\/\/katarek.pl\/blog\/?p=2170"},"modified":"2021-05-25T09:19:37","modified_gmt":"2021-05-25T07:19:37","slug":"jak-dzieci-przechodza-covid-19","status":"publish","type":"post","link":"https:\/\/katarek.pl\/jak-dzieci-przechodza-covid-19\/","title":{"rendered":"Jak dzieci przechodz\u0105 covid?"},"content":{"rendered":"<p>Wraz z nowymi falami koronawirusa w mediach pojawi\u0142y si\u0119 doniesienia o tym, \u017ce nowe mutacje powoduj\u0105 cz\u0119stsze i bardziej niebezpieczne zaka\u017cenia tak\u017ce u dzieci. Czy prawd\u0105 jest, \u017ce coraz wi\u0119cej dzieci choruj\u0105cych na covid wymaga hospitalizacji? I jakie objawy daje <strong>koronawirus u dzieci<\/strong>?<\/p>\n<h2>Jak dzieci przechodz\u0105 COVID? Czy jest pow\u00f3d do zmartwie\u0144?<\/h2>\n<p>Lekarze uspokajaj\u0105, \u017ce mimo cz\u0119stszych i bardziej widocznych objaw\u00f3w zaka\u017ce\u0144 koronawirusem w\u015br\u00f3d dzieci i nastolatk\u00f3w, zara\u017cenia wci\u0105\u017c nie s\u0105 lawinowe, a przypadki hospitalizacji &#8211; pojedyncze. Nie oznacza to, \u017ce najm\u0142odszych problem pandemii nie dotyczy, i zar\u00f3wno oni, jak i rodzice powinni prowadzi\u0107 wszelkie dzia\u0142ania profilaktyczne na miar\u0119 mo\u017cliwo\u015bci, jednak bez zb\u0119dnego strachu.<\/p>\n<p><strong>COVID-19 u dzieci <\/strong>w dalszym ci\u0105gu najcz\u0119\u015bciej ma \u0142agodny przebieg, a przypadki hospitalizacji s\u0105 pojedyncze, co wi\u0119cej &#8211; cz\u0119sto spowodowane chorob\u0105 towarzysz\u0105c\u0105, np. zapaleniem ucha, gdzie to jest g\u0142\u00f3wnym powodem skierowania dziecka do szpitala, nie dodatni wynik testu. Warto te\u017c zwr\u00f3ci\u0107 uwag\u0119 na to, \u017ce cz\u0119sto gor\u0105czkuj\u0105ce z jakiejkolwiek przyczyny d\u0142u\u017cej ni\u017c 2-3 dni dzieci, w szczeg\u00f3lno\u015bci niemowl\u0119ta, wysy\u0142a si\u0119 do szpitala dla ich bezpiecze\u0144stwa, gdy lekarz rodzinny nie jest w stanie pom\u00f3c.<\/p>\n<h3>Koronawirus u dzieci &#8211; co mo\u017ce powodowa\u0107 ci\u0119\u017cszy przebieg?<\/h3>\n<p>Mimo \u017ce odsetek dzieci ci\u0119\u017cko przechodz\u0105cych koronawirusa jest niewielki, istniej\u0105 przyczyny mog\u0105ce zwi\u0119ksza\u0107 ryzyko wyst\u0105pienia konieczno\u015bci hospitalizacji. Zaliczaj\u0105 si\u0119 do nich z pewno\u015bci\u0105:<\/p>\n<ul>\n<li>cukrzyca,<\/li>\n<li>astma,<\/li>\n<li>oty\u0142o\u015b\u0107,<\/li>\n<li>wrodzone wady serca,<\/li>\n<li>choroby genetyczne,<\/li>\n<li>ma\u0142o rozwini\u0119ty uk\u0142ad odporno\u015bciowy (szczeg\u00f3lnie u dzieci poni\u017cej 1. roku \u017cycia),<\/li>\n<li>problemy z uk\u0142adem nerwowym,<\/li>\n<li>zaburzenia metabolizmu.<\/li>\n<\/ul>\n<p><img loading=\"lazy\" decoding=\"async\" class=\"aligncenter wp-image-2172 size-large\" src=\"https:\/\/katarek.pl\/wp-content\/uploads\/2021\/05\/jak-dzieci-przechodza-covid-1024x683.jpg\" alt=\"Jak dzieci przechodz\u0105 covid\" width=\"1024\" height=\"683\" srcset=\"https:\/\/katarek.pl\/wp-content\/uploads\/2021\/05\/jak-dzieci-przechodza-covid-1024x683.jpg 1024w, https:\/\/katarek.pl\/wp-content\/uploads\/2021\/05\/jak-dzieci-przechodza-covid-600x400.jpg 600w, https:\/\/katarek.pl\/wp-content\/uploads\/2021\/05\/jak-dzieci-przechodza-covid-450x300.jpg 450w, https:\/\/katarek.pl\/wp-content\/uploads\/2021\/05\/jak-dzieci-przechodza-covid-768x512.jpg 768w, https:\/\/katarek.pl\/wp-content\/uploads\/2021\/05\/jak-dzieci-przechodza-covid-500x333.jpg 500w, https:\/\/katarek.pl\/wp-content\/uploads\/2021\/05\/jak-dzieci-przechodza-covid-300x200.jpg 300w, https:\/\/katarek.pl\/wp-content\/uploads\/2021\/05\/jak-dzieci-przechodza-covid.jpg 1200w\" sizes=\"(max-width: 1024px) 100vw, 1024px\" \/><\/p>\n<h2>COVID-19 &#8211; objawy u dzieci, na kt\u00f3re warto zwr\u00f3ci\u0107 uwag\u0119<\/h2>\n<p><strong>Jak dzieci przechodz\u0105 COVID? <\/strong>Na podstawie bada\u0144 mo\u017cna stwierdzi\u0107, \u017ce nawet 90% dzieci ma \u0142agodny przebieg choroby, a przebieg ci\u0119\u017cki i krytyczny nawet 3 razy rzadziej ni\u017c u doros\u0142ych. Najcz\u0119stsze objawy u dzieci przypominaj\u0105 przezi\u0119bienie lub lekk\u0105 gryp\u0119 i s\u0105 to:<\/p>\n<ul>\n<li>gor\u0105czka,<\/li>\n<li>dreszcze,<\/li>\n<li>zm\u0119czenie,<\/li>\n<li>duszno\u015bci,<\/li>\n<li>kaszel,<\/li>\n<li>katar,<\/li>\n<li>b\u00f3l gard\u0142a,<\/li>\n<li>utrata apetytu,<\/li>\n<li>nudno\u015bci lub wymioty,<\/li>\n<li>b\u00f3le mi\u0119\u015bni lub cia\u0142a,<\/li>\n<li>b\u00f3le g\u0142owy.<\/li>\n<\/ul>\n<h3>Co to PIMS?<\/h3>\n<p>PIMS to pediatryczny wielouk\u0142adowy zesp\u00f3\u0142 zapalny, kt\u00f3ry mo\u017ce wyst\u0105pi\u0107 w ci\u0105gu kilku tygodni od ust\u0105pienia infekcji jako nast\u0119pstwo zaka\u017cenia wirusem <strong>COVID-19 u dzieci<\/strong> i cz\u0119sto prowadzi do wi\u0119kszych problem\u00f3w ni\u017c sam wirus. Szczeg\u00f3lnie warto mie\u0107 na uwadze fakt, \u017ce PIMS mo\u017ce wyst\u0105pi\u0107 tak\u017ce u dzieci, kt\u00f3re zaka\u017cenie przesz\u0142y bezobjawowo. PIMS powoduje mikrozatory, kt\u00f3re z kolei zaburzaj\u0105 kr\u0105\u017cenie, objawiaj\u0105 si\u0119 w postaci obrz\u0119k\u00f3w czy pogorszenia funkcjonowania nerek. Opr\u00f3cz uk\u0142adu kr\u0105\u017cenia ofiar\u0105 PIMS mo\u017ce pa\u015b\u0107 tak\u017ce uk\u0142ad nerwowy, co u dzieci objawia\u0107 b\u0119dzie si\u0119 b\u00f3lami g\u0142owy, a nawet drgawkami czy mikrozatorami w m\u00f3zgu. Mog\u0105 pojawia\u0107 si\u0119 ostre problemy \u017co\u0142\u0105dkowo-jelitowe czy wysypka.<\/p>\n<h2>Zmniejsz ryzyko zachorowania dziecka na koronawirusa<\/h2>\n<p>Mimo \u017ce dzieci poni\u017cej 5 roku \u017cycia nie s\u0105 zobowi\u0105zane do noszenia maseczek (zgodnie z zaleceniami WHO), jest szereg innych czynno\u015bci profilaktycznych, kt\u00f3re mog\u0105 wykonywa\u0107 zar\u00f3wno dzieci, jak i rodzice, by jak najbardziej zmniejszy\u0107 ryzyko wyst\u0105pienia <strong>COVID-19 u najm\u0142odszych<\/strong>. Mo\u017cna do tego zaliczy\u0107 nawet tak proste rady jak cz\u0119ste mycie r\u0105k (i pilnowanie dzieci, by my\u0142y r\u0119ce!), codziennie czy\u015bci\u0107 powierzchnie wsp\u00f3lnego u\u017cytku czy do minimum ograniczy\u0107 kontakt z osobami z zewn\u0105trz. Wa\u017cne jest tak\u017ce, \u017ceby samemu nosi\u0107 maseczk\u0119 i zmniejszy\u0107 ryzyko zara\u017cenia w\u0142asnego dziecka.<\/p>\n","protected":false},"excerpt":"Wraz z nowymi falami koronawirusa w mediach pojawi\u0142y si\u0119 doniesienia o tym, \u017ce nowe mutacje powoduj\u0105 cz\u0119stsze i bardziej niebezpieczne zaka\u017cenia tak\u017ce u dzieci. Czy prawd\u0105 jest, \u017ce coraz wi\u0119cej dzieci choruj\u0105cych na covid wymaga hospitalizacji? I jakie objawy daje koronawirus u dzieci? Jak dzieci przechodz\u0105 COVID? Czy jest pow\u00f3d do zmartwie\u0144? Lekarze uspokajaj\u0105, \u017ce [&hellip;]","author":7,"featured_media":2171,"comment_status":"open","ping_status":"open","sticky":false,"template":"","format":"standard","meta":{"_acf_changed":false,"inline_featured_image":false,"editor_plus_copied_stylings":"{}","footnotes":""},"categories":[28,41],"tags":[],"class_list":["post-2170","post","type-post","status-publish","format-standard","has-post-thumbnail","hentry","category-dziecko","category-zdrowie-dziecko"],"yoast_head":"<!-- This site is optimized with the Yoast SEO plugin v27.4 - https:\/\/yoast.com\/product\/yoast-seo-wordpress\/ -->\n<title>Jak dzieci przechodz\u0105 covid-19? Objawy koronawirusa - blog Katarek<\/title>\n<meta name=\"description\" content=\"Nie tylko doro\u015bli choruj\u0105 na covid-19. Poznaj mo\u017cliwe objawy koronawirusa u dzieci oraz czynniki, kt\u00f3re mog\u0105 wp\u0142yn\u0105\u0107 na ci\u0119\u017cszy przebieg choroby.\" \/>\n<meta name=\"robots\" content=\"index, follow, max-snippet:-1, max-image-preview:large, max-video-preview:-1\" \/>\n<link rel=\"canonical\" href=\"https:\/\/katarek.pl\/jak-dzieci-przechodza-covid-19\/\" \/>\n<meta property=\"og:locale\" content=\"pl_PL\" \/>\n<meta property=\"og:type\" content=\"article\" \/>\n<meta property=\"og:title\" content=\"Jak dzieci przechodz\u0105 covid-19? Objawy koronawirusa - blog Katarek\" \/>\n<meta property=\"og:description\" content=\"Nie tylko doro\u015bli choruj\u0105 na covid-19. Poznaj mo\u017cliwe objawy koronawirusa u dzieci oraz czynniki, kt\u00f3re mog\u0105 wp\u0142yn\u0105\u0107 na ci\u0119\u017cszy przebieg choroby.\" \/>\n<meta property=\"og:url\" content=\"https:\/\/katarek.pl\/jak-dzieci-przechodza-covid-19\/\" \/>\n<meta property=\"og:site_name\" content=\"katarek.pl\" \/>\n<meta property=\"article:published_time\" content=\"2021-05-25T07:19:37+00:00\" \/>\n<meta property=\"og:image\" content=\"https:\/\/katarek.pl\/wp-content\/uploads\/2021\/05\/jak-dzieci-przechodza-covid-19.webp\" \/>\n\t<meta property=\"og:image:width\" content=\"1200\" \/>\n\t<meta property=\"og:image:height\" content=\"801\" \/>\n\t<meta property=\"og:image:type\" content=\"image\/webp\" \/>\n<meta name=\"author\" content=\"katarek\" \/>\n<meta name=\"twitter:card\" content=\"summary_large_image\" \/>\n<meta name=\"twitter:label1\" content=\"Napisane przez\" \/>\n\t<meta name=\"twitter:data1\" content=\"katarek\" \/>\n\t<meta name=\"twitter:label2\" content=\"Szacowany czas czytania\" \/>\n\t<meta name=\"twitter:data2\" content=\"3 minuty\" \/>\n<script type=\"application\/ld+json\" class=\"yoast-schema-graph\">{\"@context\":\"https:\\\/\\\/schema.org\",\"@graph\":[{\"@type\":\"Article\",\"@id\":\"https:\\\/\\\/katarek.pl\\\/jak-dzieci-przechodza-covid-19\\\/#article\",\"isPartOf\":{\"@id\":\"https:\\\/\\\/katarek.pl\\\/jak-dzieci-przechodza-covid-19\\\/\"},\"author\":{\"name\":\"katarek\",\"@id\":\"https:\\\/\\\/katarek.pl\\\/#\\\/schema\\\/person\\\/c7267555b2aaad4c6d15146a155bc430\"},\"headline\":\"Jak dzieci przechodz\u0105 covid?\",\"datePublished\":\"2021-05-25T07:19:37+00:00\",\"mainEntityOfPage\":{\"@id\":\"https:\\\/\\\/katarek.pl\\\/jak-dzieci-przechodza-covid-19\\\/\"},\"wordCount\":622,\"commentCount\":0,\"image\":{\"@id\":\"https:\\\/\\\/katarek.pl\\\/jak-dzieci-przechodza-covid-19\\\/#primaryimage\"},\"thumbnailUrl\":\"https:\\\/\\\/katarek.pl\\\/wp-content\\\/uploads\\\/2021\\\/05\\\/jak-dzieci-przechodza-covid-19.webp\",\"articleSection\":[\"Dziecko\",\"Zdrowie\"],\"inLanguage\":\"pl-PL\"},{\"@type\":\"WebPage\",\"@id\":\"https:\\\/\\\/katarek.pl\\\/jak-dzieci-przechodza-covid-19\\\/\",\"url\":\"https:\\\/\\\/katarek.pl\\\/jak-dzieci-przechodza-covid-19\\\/\",\"name\":\"Jak dzieci przechodz\u0105 covid-19? Objawy koronawirusa - blog Katarek\",\"isPartOf\":{\"@id\":\"https:\\\/\\\/katarek.pl\\\/#website\"},\"primaryImageOfPage\":{\"@id\":\"https:\\\/\\\/katarek.pl\\\/jak-dzieci-przechodza-covid-19\\\/#primaryimage\"},\"image\":{\"@id\":\"https:\\\/\\\/katarek.pl\\\/jak-dzieci-przechodza-covid-19\\\/#primaryimage\"},\"thumbnailUrl\":\"https:\\\/\\\/katarek.pl\\\/wp-content\\\/uploads\\\/2021\\\/05\\\/jak-dzieci-przechodza-covid-19.webp\",\"datePublished\":\"2021-05-25T07:19:37+00:00\",\"author\":{\"@id\":\"https:\\\/\\\/katarek.pl\\\/#\\\/schema\\\/person\\\/c7267555b2aaad4c6d15146a155bc430\"},\"description\":\"Nie tylko doro\u015bli choruj\u0105 na covid-19. Poznaj mo\u017cliwe objawy koronawirusa u dzieci oraz czynniki, kt\u00f3re mog\u0105 wp\u0142yn\u0105\u0107 na ci\u0119\u017cszy przebieg choroby.\",\"breadcrumb\":{\"@id\":\"https:\\\/\\\/katarek.pl\\\/jak-dzieci-przechodza-covid-19\\\/#breadcrumb\"},\"inLanguage\":\"pl-PL\",\"potentialAction\":[{\"@type\":\"ReadAction\",\"target\":[\"https:\\\/\\\/katarek.pl\\\/jak-dzieci-przechodza-covid-19\\\/\"]}]},{\"@type\":\"ImageObject\",\"inLanguage\":\"pl-PL\",\"@id\":\"https:\\\/\\\/katarek.pl\\\/jak-dzieci-przechodza-covid-19\\\/#primaryimage\",\"url\":\"https:\\\/\\\/katarek.pl\\\/wp-content\\\/uploads\\\/2021\\\/05\\\/jak-dzieci-przechodza-covid-19.webp\",\"contentUrl\":\"https:\\\/\\\/katarek.pl\\\/wp-content\\\/uploads\\\/2021\\\/05\\\/jak-dzieci-przechodza-covid-19.webp\",\"width\":1200,\"height\":801,\"caption\":\"Jak dzieci przechodz\u0105 covid-19\"},{\"@type\":\"BreadcrumbList\",\"@id\":\"https:\\\/\\\/katarek.pl\\\/jak-dzieci-przechodza-covid-19\\\/#breadcrumb\",\"itemListElement\":[{\"@type\":\"ListItem\",\"position\":1,\"name\":\"Home\",\"item\":\"https:\\\/\\\/katarek.pl\\\/\"},{\"@type\":\"ListItem\",\"position\":2,\"name\":\"Blog\",\"item\":\"https:\\\/\\\/katarek.pl\\\/blog\\\/\"},{\"@type\":\"ListItem\",\"position\":3,\"name\":\"Jak dzieci przechodz\u0105 covid?\"}]},{\"@type\":\"WebSite\",\"@id\":\"https:\\\/\\\/katarek.pl\\\/#website\",\"url\":\"https:\\\/\\\/katarek.pl\\\/\",\"name\":\"katarek.pl\",\"description\":\"\",\"potentialAction\":[{\"@type\":\"SearchAction\",\"target\":{\"@type\":\"EntryPoint\",\"urlTemplate\":\"https:\\\/\\\/katarek.pl\\\/?s={search_term_string}\"},\"query-input\":{\"@type\":\"PropertyValueSpecification\",\"valueRequired\":true,\"valueName\":\"search_term_string\"}}],\"inLanguage\":\"pl-PL\"},{\"@type\":\"Person\",\"@id\":\"https:\\\/\\\/katarek.pl\\\/#\\\/schema\\\/person\\\/c7267555b2aaad4c6d15146a155bc430\",\"name\":\"katarek\",\"url\":\"https:\\\/\\\/katarek.pl\\\/author\\\/katarek\\\/\"}]}<\/script>\n<!-- \/ Yoast SEO plugin. -->","yoast_head_json":{"title":"Jak dzieci przechodz\u0105 covid-19? Objawy koronawirusa - blog Katarek","description":"Nie tylko doro\u015bli choruj\u0105 na covid-19. Poznaj mo\u017cliwe objawy koronawirusa u dzieci oraz czynniki, kt\u00f3re mog\u0105 wp\u0142yn\u0105\u0107 na ci\u0119\u017cszy przebieg choroby.","robots":{"index":"index","follow":"follow","max-snippet":"max-snippet:-1","max-image-preview":"max-image-preview:large","max-video-preview":"max-video-preview:-1"},"canonical":"https:\/\/katarek.pl\/jak-dzieci-przechodza-covid-19\/","og_locale":"pl_PL","og_type":"article","og_title":"Jak dzieci przechodz\u0105 covid-19? Objawy koronawirusa - blog Katarek","og_description":"Nie tylko doro\u015bli choruj\u0105 na covid-19. Poznaj mo\u017cliwe objawy koronawirusa u dzieci oraz czynniki, kt\u00f3re mog\u0105 wp\u0142yn\u0105\u0107 na ci\u0119\u017cszy przebieg choroby.","og_url":"https:\/\/katarek.pl\/jak-dzieci-przechodza-covid-19\/","og_site_name":"katarek.pl","article_published_time":"2021-05-25T07:19:37+00:00","og_image":[{"width":1200,"height":801,"url":"https:\/\/katarek.pl\/wp-content\/uploads\/2021\/05\/jak-dzieci-przechodza-covid-19.webp","type":"image\/webp"}],"author":"katarek","twitter_card":"summary_large_image","twitter_misc":{"Napisane przez":"katarek","Szacowany czas czytania":"3 minuty"},"schema":{"@context":"https:\/\/schema.org","@graph":[{"@type":"Article","@id":"https:\/\/katarek.pl\/jak-dzieci-przechodza-covid-19\/#article","isPartOf":{"@id":"https:\/\/katarek.pl\/jak-dzieci-przechodza-covid-19\/"},"author":{"name":"katarek","@id":"https:\/\/katarek.pl\/#\/schema\/person\/c7267555b2aaad4c6d15146a155bc430"},"headline":"Jak dzieci przechodz\u0105 covid?","datePublished":"2021-05-25T07:19:37+00:00","mainEntityOfPage":{"@id":"https:\/\/katarek.pl\/jak-dzieci-przechodza-covid-19\/"},"wordCount":622,"commentCount":0,"image":{"@id":"https:\/\/katarek.pl\/jak-dzieci-przechodza-covid-19\/#primaryimage"},"thumbnailUrl":"https:\/\/katarek.pl\/wp-content\/uploads\/2021\/05\/jak-dzieci-przechodza-covid-19.webp","articleSection":["Dziecko","Zdrowie"],"inLanguage":"pl-PL"},{"@type":"WebPage","@id":"https:\/\/katarek.pl\/jak-dzieci-przechodza-covid-19\/","url":"https:\/\/katarek.pl\/jak-dzieci-przechodza-covid-19\/","name":"Jak dzieci przechodz\u0105 covid-19? Objawy koronawirusa - blog Katarek","isPartOf":{"@id":"https:\/\/katarek.pl\/#website"},"primaryImageOfPage":{"@id":"https:\/\/katarek.pl\/jak-dzieci-przechodza-covid-19\/#primaryimage"},"image":{"@id":"https:\/\/katarek.pl\/jak-dzieci-przechodza-covid-19\/#primaryimage"},"thumbnailUrl":"https:\/\/katarek.pl\/wp-content\/uploads\/2021\/05\/jak-dzieci-przechodza-covid-19.webp","datePublished":"2021-05-25T07:19:37+00:00","author":{"@id":"https:\/\/katarek.pl\/#\/schema\/person\/c7267555b2aaad4c6d15146a155bc430"},"description":"Nie tylko doro\u015bli choruj\u0105 na covid-19. Poznaj mo\u017cliwe objawy koronawirusa u dzieci oraz czynniki, kt\u00f3re mog\u0105 wp\u0142yn\u0105\u0107 na ci\u0119\u017cszy przebieg choroby.","breadcrumb":{"@id":"https:\/\/katarek.pl\/jak-dzieci-przechodza-covid-19\/#breadcrumb"},"inLanguage":"pl-PL","potentialAction":[{"@type":"ReadAction","target":["https:\/\/katarek.pl\/jak-dzieci-przechodza-covid-19\/"]}]},{"@type":"ImageObject","inLanguage":"pl-PL","@id":"https:\/\/katarek.pl\/jak-dzieci-przechodza-covid-19\/#primaryimage","url":"https:\/\/katarek.pl\/wp-content\/uploads\/2021\/05\/jak-dzieci-przechodza-covid-19.webp","contentUrl":"https:\/\/katarek.pl\/wp-content\/uploads\/2021\/05\/jak-dzieci-przechodza-covid-19.webp","width":1200,"height":801,"caption":"Jak dzieci przechodz\u0105 covid-19"},{"@type":"BreadcrumbList","@id":"https:\/\/katarek.pl\/jak-dzieci-przechodza-covid-19\/#breadcrumb","itemListElement":[{"@type":"ListItem","position":1,"name":"Home","item":"https:\/\/katarek.pl\/"},{"@type":"ListItem","position":2,"name":"Blog","item":"https:\/\/katarek.pl\/blog\/"},{"@type":"ListItem","position":3,"name":"Jak dzieci przechodz\u0105 covid?"}]},{"@type":"WebSite","@id":"https:\/\/katarek.pl\/#website","url":"https:\/\/katarek.pl\/","name":"katarek.pl","description":"","potentialAction":[{"@type":"SearchAction","target":{"@type":"EntryPoint","urlTemplate":"https:\/\/katarek.pl\/?s={search_term_string}"},"query-input":{"@type":"PropertyValueSpecification","valueRequired":true,"valueName":"search_term_string"}}],"inLanguage":"pl-PL"},{"@type":"Person","@id":"https:\/\/katarek.pl\/#\/schema\/person\/c7267555b2aaad4c6d15146a155bc430","name":"katarek","url":"https:\/\/katarek.pl\/author\/katarek\/"}]}},"acf":[],"gutenberg_blocks":[{"blockName":"custom-styles","attrs":{"styles":""}}],"meta_data":false,"featured_image":{"url":"https:\/\/katarek.pl\/wp-content\/uploads\/2021\/05\/jak-dzieci-przechodza-covid-19-1024x684.webp"},"main_category":{"name":"Dziecko"},"prev_page":{"slug":"powiklania-covid-19-u-dzieci"},"next_page":{"slug":"jak-czyscic-aspirator-katarek-czyszczenie-rurki"},"_links":{"self":[{"href":"https:\/\/katarek.pl\/index.php\/wp-json\/wp\/v2\/posts\/2170","targetHints":{"allow":["GET"]}}],"collection":[{"href":"https:\/\/katarek.pl\/index.php\/wp-json\/wp\/v2\/posts"}],"about":[{"href":"https:\/\/katarek.pl\/index.php\/wp-json\/wp\/v2\/types\/post"}],"author":[{"embeddable":true,"href":"https:\/\/katarek.pl\/index.php\/wp-json\/wp\/v2\/users\/7"}],"replies":[{"embeddable":true,"href":"https:\/\/katarek.pl\/index.php\/wp-json\/wp\/v2\/comments?post=2170"}],"version-history":[{"count":0,"href":"https:\/\/katarek.pl\/index.php\/wp-json\/wp\/v2\/posts\/2170\/revisions"}],"wp:featuredmedia":[{"embeddable":true,"href":"https:\/\/katarek.pl\/index.php\/wp-json\/wp\/v2\/media\/2171"}],"wp:attachment":[{"href":"https:\/\/katarek.pl\/index.php\/wp-json\/wp\/v2\/media?parent=2170"}],"wp:term":[{"taxonomy":"category","embeddable":true,"href":"https:\/\/katarek.pl\/index.php\/wp-json\/wp\/v2\/categories?post=2170"},{"taxonomy":"post_tag","embeddable":true,"href":"https:\/\/katarek.pl\/index.php\/wp-json\/wp\/v2\/tags?post=2170"}],"curies":[{"name":"wp","href":"https:\/\/api.w.org\/{rel}","templated":true}]}}