{"id":2161,"date":"2021-05-20T09:48:56","date_gmt":"2021-05-20T07:48:56","guid":{"rendered":"https:\/\/katarek.pl\/blog\/?p=2161"},"modified":"2026-01-29T15:15:24","modified_gmt":"2026-01-29T14:15:24","slug":"odciaganie-kataru-odkurzaczem-jak-czesto-ile-razy-dziennie","status":"publish","type":"post","link":"https:\/\/katarek.pl\/odciaganie-kataru-odkurzaczem-jak-czesto-ile-razy-dziennie\/","title":{"rendered":"Jak cz\u0119sto odci\u0105ga\u0107 katar aspiratorem?"},"content":{"rendered":"<p>Ka\u017cdy m\u0142ody rodzic ma w swojej apteczce aspirator, kt\u00f3ry s\u0142u\u017cy do odci\u0105gania kataru u dziecka. Na rynku jest szereg r\u00f3\u017cnych rozwi\u0105za\u0144 tego typu urz\u0105dze\u0144 wi\u0119c ka\u017cdy znajdzie co\u015b dla siebie. Sam proces aspiracji jest prosty, to co nurtuje cz\u0119sto mamy to pytanie<strong> jak cz\u0119sto odci\u0105ga\u0107 katar aspiratorem<\/strong>? Dowiedz si\u0119 z artyku\u0142u.<\/p>\n<h3>Katar a Katarek<\/h3>\n<p>Katar dla osoby doros\u0142ej nie stanowi wi\u0119kszego problemu. Cz\u0119sto bagatelizujemy go i je\u015bli nie mamy \u017cadnych innych objaw\u00f3w normalnie funkcjonujemy. Kiedy jednak katar dopada niemowl\u0119 nie mo\u017cna go lekcewa\u017cy\u0107. Dziecko do pierwszego roku \u017cycia oddycha wy\u0142\u0105cznie przez nos. Zalegaj\u0105ca w nosie wydzielina utrudnia maluchowi oddychanie, jedzenie, dziecko staje si\u0119 marudne i p\u0142aczliwe. Nieusuni\u0119ty katar mo\u017ce tak\u017ce by\u0107 powodem szeregu powik\u0142a\u0144 jak zapalenie ucha, oskrzeli czy p\u0142uc, kt\u00f3re dla tak ma\u0142ego dziecka mog\u0105 zako\u0144czy\u0107 si\u0119 wizyt\u0105 w szpitalu. Warto tak\u017ce wiedzie\u0107, <a href=\"https:\/\/katarek.pl\/blog\/zwykly-katar-czy-alergia-jak-rozpoznac\/\">jak rozpozna\u0107 katar alergiczny<\/a>! Aby zapobiec tego typu sytuacjom i przywr\u00f3ci\u0107 dziecku swobodny oddech powsta\u0142y aspiratory.<\/p>\n<p>Najpierw wydzielin\u0119 usuwano gruszk\u0105, kt\u00f3ra z racji swojej nieskuteczno\u015bci odchodzi powoli do lamusa. Obecnie na rynku dost\u0119pne s\u0105 aspiratory, kt\u00f3re <strong>wzorowane s\u0105 na dzia\u0142aniu ssaka<\/strong> laryngologicznego u\u017cywanego na oddzia\u0142ach szpitalnych. W\u015br\u00f3d nich s\u0105 aspiratory ustne \u2013 aby odci\u0105gn\u0105\u0107 wydzielin\u0119 z noska dziecka rodzic za pomoc\u0105 specjalnego ustnika wyci\u0105ga katar z ma\u0142ego noska. Nie ka\u017cdy rodzic jest w stanie to wykona\u0107, u wielu pojawia si\u0119 skrzywienie na twarzy na sam\u0105 my\u015bl o wykonaniu takiego zabiegu. Ale czego nie robi si\u0119 dla dziecka.<\/p>\n<p>Alternatyw\u0105 tego rozwi\u0105zania s\u0105 aspiratory pod\u0142\u0105czane do odkurzacza. <strong>Aby odessa\u0107 katar, wystarczy pod\u0142\u0105czy\u0107 aspirator do rury ss\u0105cej domowego odkurzacza i usun\u0105\u0107 katar przyk\u0142adaj\u0105c ko\u0144c\u00f3wk\u0119 aspiratora do ka\u017cdej z dziurek noska.<\/strong> Ogromnym atutem tego typu rozwi\u0105zania jest si\u0142a ss\u0105ca. W komorze aspiratora jest reduktor mocy, kt\u00f3ry minimalizuje si\u0142\u0119 ss\u0105c\u0105 odkurzacza do stopnia bezpiecznego nawet dla noworodk\u00f3w. Jest ona jednak wystarczaj\u0105ca do usuni\u0119cia nawet g\u0142\u0119boko zalegaj\u0105cej, g\u0119stej wydzieliny. S\u0105 tak\u017ce aspiratory elektryczne, kt\u00f3re dzia\u0142aj\u0105 albo na baterie albo posiadaj\u0105 akumulator \u0142adowany \u0142adowark\u0105.<\/p>\n<h2>Jak cz\u0119sto odci\u0105ga\u0107 katar aspiratorem?<\/h2>\n<p>Zanim odpowiemy na to pytanie najpierw warto przypomnie\u0107, w jaki spos\u00f3b w\u0142a\u015bciwie usun\u0105\u0107 wydzielin\u0119 z noska i w jakich okoliczno\u015bciach powinno si\u0119 si\u0119ga\u0107 po tego typu urz\u0105dzenia.<\/p>\n<p style=\"text-align: center;\"><strong>Proces aspiracji sk\u0142ada si\u0119 z 3 krok\u00f3w tzw. <a href=\"https:\/\/katarek.pl\/metoda-3-krokow\/\">Metoda 3 Krok\u00f3w<\/a>:<\/strong><\/p>\n<p><a href=\"https:\/\/katarek.pl\/metoda-3-krokow\/\"><img loading=\"lazy\" decoding=\"async\" class=\"size-large wp-image-2163 aligncenter\" src=\"https:\/\/katarek.pl\/wp-content\/uploads\/2021\/05\/untitled-design-37-1024x410.png\" alt=\"Jak cz\u0119sto odci\u0105ga\u0107 katar aspiratorem - metoda 3 krok\u00f3w\" width=\"1024\" height=\"410\" \/><\/a><\/p>\n<p>1. Na pocz\u0105tku wpuszczamy kilka kropel soli fizjologicznej do ka\u017cdej z dziurek noska aby rozrzedzi\u0107 wydzielin\u0119. <br \/>\n2. Chwilk\u0119 czekamy a\u017c s\u00f3l zrobi robot\u0119 a nast\u0119pnie za pomoc\u0105 aspiratora odci\u0105gamy katar. <br \/>\n3. W kroku 3 znowu si\u0119gamy po s\u00f3l fizjologiczn\u0105 aby nawil\u017cy\u0107 \u015bluz\u00f3wk\u0119 noska. Post\u0119pujemy analogicznie jak w kroku 1. <\/p>\n<p>\u00a0Aspirator\u00f3w u\u017cywamy kiedy dziecko ma katar ale tak\u017ce aby usun\u0105\u0107 ulewny pokarm, kt\u00f3ry tak\u017ce mo\u017ce wyj\u015b\u0107 nosem. Urz\u0105dzenie przyda si\u0119 tak\u017ce podczas codziennej higieny noska do usuni\u0119cia paproszk\u00f3w, k\u00f3zek. Tu przechodzimy do kluczowego pytania czyli <em>ile razy dziennie odci\u0105ga\u0107 katar u niemowlaka<\/em>.<\/p>\n<p>Zanim zaczniemy u\u017cywa\u0107 jakiegokolwiek aspiratora, nale\u017cy zawsze zapozna\u0107 si\u0119 z instrukcj\u0105 u\u017cywania i je\u015bli producent okre\u015bla cz\u0119stotliwo\u015b\u0107 to trzyma\u0107 si\u0119 jego rekomendacji. Je\u015bli takowych nie ma trzeba zda\u0107 si\u0119 na sw\u00f3j rozs\u0105dek. W przypadku kataru u dziecka nale\u017cy aspirowa\u0107 go tyle razy ile potrzeba \u2013 nosek powinien by\u0107 dro\u017cny. Wa\u017cne jest, aby pami\u0119ta\u0107 o 3 krokach post\u0119powania, o kt\u00f3rych pisali\u015bmy wcze\u015bniej.<\/p>\n<p>&nbsp;<\/p>\n<div class=\"banerfront\"><a href=\"https:\/\/katarek.pl\/produkt\/katarek-complete\/?blog-single-top\"> <img decoding=\"async\" src=\"https:\/\/katarek.pl\/blog\/wp-content\/uploads\/2022\/07\/comple1920x250-v1-1.jpg\" \/> <\/a><\/div>\n<h2>Ile razy dziennie odci\u0105ga\u0107 katar u niemowlaka?<\/h2>\n<p><strong>A jak cz\u0119sto odci\u0105ga\u0107 katar odkurzaczem?<\/strong> Podobnie jak ka\u017cdym innym aspiratorem pami\u0119taj\u0105c o zasadach w\u0142a\u015bciwego przeprowadzenia zabiegu. Je\u015bli nie b\u0119dziemy si\u0119 ich trzyma\u0107, mo\u017cemy spowodowa\u0107 <strong>wysuszenie \u015bluz\u00f3wki<\/strong> co jest normalnym efektem usuni\u0119cia wydzieliny. Kiedy dziecko nie ma kataru a aspiratora u\u017cywamy do codziennej piel\u0119gnacji wystarczy kiedy zrobimy to podczas wieczornej rutynowej higieny czy w razie potrzeby kiedy w ci\u0105gu dnia zauwa\u017cymy, \u017ce maluchowi co\u015b przeszkadza w nosku. W tym przypadku nale\u017cy zachowa\u0107 umiar i tak\u017ce warto po wyczyszczeniu noska nawil\u017cy\u0107 go sol\u0105 fizjologiczn\u0105. Dobrym pomys\u0142em jest u\u017cywanie aspiratora do odkurzacza w przypadku kataru, <strong>nie ma bowiem skuteczniejszego urz\u0105dzenia radz\u0105cego sobie z ka\u017cdym rodzajem wydzieliny<\/strong>. Do codziennej piel\u0119gnacji z kolei wystarczy aspirator ustny czy elektryczny, kt\u00f3ry nie wymaga wyci\u0105gania odkurzacza i wi\u0119kszej si\u0142y. Na szcz\u0119\u015bcie na rynku s\u0105 rozwi\u0105zania 2w1 jak np. <a href=\"https:\/\/katarek.pl\/produkt\/aspirator-katarek-travel-2w1\/\">Katarek Travel<\/a> aspirator do odkurzacza z opcj\u0105 aspiracji ustnej.<\/p>\n<p>&nbsp;<\/p>\n<p>&nbsp;<\/p>\n\n<section class=\"product-tabs alignfull section-mb-xxs \">\n\t<div class=\"container container--mobile-overflow\">\n\t\t\t\t\t\n\t\t\n\t\t\n\t\t\t<nav class=\"py-spacer-32 w-full border-b-1 border-primary-300 overflow-x-auto\">\n\t\t\t\t<ul class=\"flex items-center md:justify-center gap-spacer-32 flex-nowrap\">\n\t\t\t\t\t\t\t\t\t\t\t<li>\n\t\t\t\t\t\t\t<button class=\"product-tabs__tab link-underline title-sm !text-primary-700 font-bold active\" data-target=\"category-16\">\n\t\t\t\t\t\t\t\tAspiratory\n\t\t\t\t\t\t\t<\/button>\n\t\t\t\t\t\t<\/li>\n\t\t\t\t\t\t\t\t\t\t\t<li>\n\t\t\t\t\t\t\t<button class=\"product-tabs__tab link-underline title-sm !text-primary-700 font-bold \" data-target=\"category-19\">\n\t\t\t\t\t\t\t\tNebulizatory\n\t\t\t\t\t\t\t<\/button>\n\t\t\t\t\t\t<\/li>\n\t\t\t\t\t\t\t\t\t\t\t<li>\n\t\t\t\t\t\t\t<button class=\"product-tabs__tab link-underline title-sm !text-primary-700 font-bold \" data-target=\"category-21\">\n\t\t\t\t\t\t\t\tSole\n\t\t\t\t\t\t\t<\/button>\n\t\t\t\t\t\t<\/li>\n\t\t\t\t\t\t\t\t\t<\/ul>\n\t\t\t<\/nav>\n\n\t\t\t<div class=\"product-tabs\">\n\t\t\t\t\t\t\t\t\t<div data-content=\"category-16\" class=\"product-tabs__content active\">\n\t\t\t\t\t\t<div class=\"overflow-x-auto flex flex-nowrap gap-32 py-spacer-48 mb-32 lg:mb-0\">\n\t\t\t\t\t\t\t\t\t\t\t\t\t\t\t\t\t\t\t\t\t\t\t\t                              \n\n<div class=\"product-card product-card-trustmate-container flex flex-col relative group min-w-[90vw] lg:min-w-0 lg:w-[calc(100%_\/_3_-_1.5rem)]\">\n\n      <div class=\"bg-secondary-200 rounded-t-20 relative\">\n              <div class=\"post-tags absolute z-10 top-14 left-16 flex flex-wrap gap-8\">\n\n                      \t\t\n\t\t\t\t\t\t\t\t<span class=\"tag pink\">Promocja<\/span>\n\t\t\t\n                    \t\t\n\t\t\t\t\t\t\t\t\t\t\t\t\t<span class=\"tag yellow\">z kodem -15%<\/span>\n\t\t\t\n        <\/div>\n            <div class=\"post-image rounded-t-20 overflow-hidden relative aspect-[6\/5]\">\n        <a class=\"stretched-link\" href=\"https:\/\/katarek.pl\/produkt\/zestaw-katarek-travel-2w1-adapter-do-odkurzaczy-pionowych\/\">\n          <span class=\"sr-only\">Zestaw Katarek Travel 2w1 + Adapter do odkurzaczy pionowych<\/span>\n        <\/a>\n        <div class=\"transition-opacity   group-hover:opacity-0 \">\n          <img loading=\"lazy\" decoding=\"async\" width=\"768\" height=\"768\" src=\"https:\/\/katarek.pl\/wp-content\/uploads\/2025\/11\/3-768x768.png\" class=\"h-full w-full object-cover aspect-[6\/5]\" alt=\"Zestaw Katarek Travel + Adapter do odkurzaczy pionowych - zestaw 3 w 1 na katar w tym ustnie\" srcset=\"https:\/\/katarek.pl\/wp-content\/uploads\/2025\/11\/3-768x768.png 768w, https:\/\/katarek.pl\/wp-content\/uploads\/2025\/11\/3-450x450.png 450w, https:\/\/katarek.pl\/wp-content\/uploads\/2025\/11\/3-250x250.png 250w, https:\/\/katarek.pl\/wp-content\/uploads\/2025\/11\/3-500x500.png 500w, https:\/\/katarek.pl\/wp-content\/uploads\/2025\/11\/3-485x485.png 485w, https:\/\/katarek.pl\/wp-content\/uploads\/2025\/11\/3-600x600.png 600w, https:\/\/katarek.pl\/wp-content\/uploads\/2025\/11\/3-100x100.png 100w, https:\/\/katarek.pl\/wp-content\/uploads\/2025\/11\/3.png 900w\" sizes=\"(max-width: 768px) 100vw, 768px\" \/>\n\n        <\/div>\n\n                  <div class=\"absolute inset-0 opacity-0 transition-opacity group-hover:opacity-100\">\n            <img loading=\"lazy\" decoding=\"async\" width=\"768\" height=\"768\" src=\"https:\/\/katarek.pl\/wp-content\/uploads\/2025\/11\/2-768x768.png\" class=\"h-full w-full object-cover aspect-[6\/5]\" alt=\"Zestaw zawiera katarek Travel aspirator kataru dla dzieci oraz adapter do odkurzaczy pionowych\" srcset=\"https:\/\/katarek.pl\/wp-content\/uploads\/2025\/11\/2-768x768.png 768w, https:\/\/katarek.pl\/wp-content\/uploads\/2025\/11\/2-450x450.png 450w, https:\/\/katarek.pl\/wp-content\/uploads\/2025\/11\/2-250x250.png 250w, https:\/\/katarek.pl\/wp-content\/uploads\/2025\/11\/2-500x500.png 500w, https:\/\/katarek.pl\/wp-content\/uploads\/2025\/11\/2-485x485.png 485w, https:\/\/katarek.pl\/wp-content\/uploads\/2025\/11\/2-600x600.png 600w, https:\/\/katarek.pl\/wp-content\/uploads\/2025\/11\/2-100x100.png 100w, https:\/\/katarek.pl\/wp-content\/uploads\/2025\/11\/2.png 900w\" sizes=\"(max-width: 768px) 100vw, 768px\" \/>\n\n          <\/div>\n        \n      <\/div>\n    <\/div>\n\n    <div class=\"product-card__details bg-white p-12 lg:p-24 flex flex-col gap-20 rounded-b-20 h-full\" data-product-id=\"4298\">\n    <div class=\"inline-block self-start product-card-trustmate__rating\">\n      <a class=\"product-card__title !text-primary-700  inline link-underline h5 font-medium\" href=\"https:\/\/katarek.pl\/produkt\/zestaw-katarek-travel-2w1-adapter-do-odkurzaczy-pionowych\/\">\n        Zestaw Katarek Travel 2w1 + Adapter do odkurzaczy pionowych\n      <\/a>\n    <\/div>\n\n          <div class=\"product-card__description line-clamp-3 text-md text-gray-500\"><p>odci\u0105ganiesz katar odkurzaczem poziomym, pionowym oraz wyj\u0105tkowo ustami. Must have do wyprawki!<\/p><\/div>\n    \n          <div class=\"flex justify-between gap-14 flex-wrap mt-auto\">\n        <div class=\"product-price h4 font-semibold self-end text-pink-800\">\n          <span class=\"woocommerce-Price-amount amount\"><bdi>111,99&nbsp;<span class=\"woocommerce-Price-currencySymbol\">&#122;&#322;<\/span><\/bdi><\/span>\n        <\/div>\n        <div class=\"product-card__button\">\n\n          <a href=\"\/?add-to-cart=4298\" data-product_id=\"4298\" target=\"_self\" class=\"button primary add_to_cart_button ajax_add_to_cart\">\n            <span>\n              Dodaj do koszyka\n            <\/span>\n\n            <svg xmlns=\"http:\/\/www.w3.org\/2000\/svg\" width=\"24\" height=\"24\" viewbox=\"0 0 24 24\" fill=\"none\">\n\t<path d=\"M4 12H20M20 12L14.6667 7M20 12L14.6667 17\" stroke=\"currentColor\" stroke-width=\"1.5\" stroke-linecap=\"round\"\/>\n<\/svg>\n\n          <\/a>\n\n        <\/div>\n      <\/div>\n      <\/div>\n<\/div>\n\t\t\t\t\t\t\t\t\t\t\t\t\t\t\t\t\t                              \n\n<div class=\"product-card product-card-trustmate-container flex flex-col relative group min-w-[90vw] lg:min-w-0 lg:w-[calc(100%_\/_3_-_1.5rem)]\">\n\n      <div class=\"bg-secondary-200 rounded-t-20 relative\">\n              <div class=\"post-tags absolute z-10 top-14 left-16 flex flex-wrap gap-8\">\n\n                      \t\t\n\t\t\t\t\t\t\t\t<span class=\"tag pink\">Promocja<\/span>\n\t\t\t\n                            <\/div>\n            <div class=\"post-image rounded-t-20 overflow-hidden relative aspect-[6\/5]\">\n        <a class=\"stretched-link\" href=\"https:\/\/katarek.pl\/produkt\/katarek-standard\/\">\n          <span class=\"sr-only\">Katarek Standard<\/span>\n        <\/a>\n        <div class=\"transition-opacity   group-hover:opacity-0 \">\n          <img loading=\"lazy\" decoding=\"async\" width=\"768\" height=\"768\" src=\"https:\/\/katarek.pl\/wp-content\/uploads\/2025\/09\/6-768x768.png\" class=\"h-full w-full object-cover aspect-[6\/5]\" alt=\"Aspirator do kataru dla dzieci Katarek Standard\" srcset=\"https:\/\/katarek.pl\/wp-content\/uploads\/2025\/09\/6-768x768.png 768w, https:\/\/katarek.pl\/wp-content\/uploads\/2025\/09\/6-450x450.png 450w, https:\/\/katarek.pl\/wp-content\/uploads\/2025\/09\/6-250x250.png 250w, https:\/\/katarek.pl\/wp-content\/uploads\/2025\/09\/6-500x500.png 500w, https:\/\/katarek.pl\/wp-content\/uploads\/2025\/09\/6-485x485.png 485w, https:\/\/katarek.pl\/wp-content\/uploads\/2025\/09\/6-600x600.png 600w, https:\/\/katarek.pl\/wp-content\/uploads\/2025\/09\/6-100x100.png 100w, https:\/\/katarek.pl\/wp-content\/uploads\/2025\/09\/6.png 1000w\" sizes=\"(max-width: 768px) 100vw, 768px\" \/>\n\n        <\/div>\n\n                  <div class=\"absolute inset-0 opacity-0 transition-opacity group-hover:opacity-100\">\n            <img loading=\"lazy\" decoding=\"async\" width=\"768\" height=\"768\" src=\"https:\/\/katarek.pl\/wp-content\/uploads\/2025\/07\/Projekt-bez-nazwy-52-768x768.png\" class=\"h-full w-full object-cover aspect-[6\/5]\" alt=\"Aspirator Katarek Standard z 2 ko\u0144c\u00f3wkami\" srcset=\"https:\/\/katarek.pl\/wp-content\/uploads\/2025\/07\/Projekt-bez-nazwy-52-768x768.png 768w, https:\/\/katarek.pl\/wp-content\/uploads\/2025\/07\/Projekt-bez-nazwy-52-450x450.png 450w, https:\/\/katarek.pl\/wp-content\/uploads\/2025\/07\/Projekt-bez-nazwy-52-250x250.png 250w, https:\/\/katarek.pl\/wp-content\/uploads\/2025\/07\/Projekt-bez-nazwy-52-500x500.png 500w, https:\/\/katarek.pl\/wp-content\/uploads\/2025\/07\/Projekt-bez-nazwy-52-485x485.png 485w, https:\/\/katarek.pl\/wp-content\/uploads\/2025\/07\/Projekt-bez-nazwy-52-600x600.png 600w, https:\/\/katarek.pl\/wp-content\/uploads\/2025\/07\/Projekt-bez-nazwy-52-100x100.png 100w, https:\/\/katarek.pl\/wp-content\/uploads\/2025\/07\/Projekt-bez-nazwy-52.png 1000w\" sizes=\"(max-width: 768px) 100vw, 768px\" \/>\n\n          <\/div>\n        \n      <\/div>\n    <\/div>\n\n    <div class=\"product-card__details bg-white p-12 lg:p-24 flex flex-col gap-20 rounded-b-20 h-full\" data-product-id=\"3142\">\n    <div class=\"inline-block self-start product-card-trustmate__rating\">\n      <a class=\"product-card__title !text-primary-700  inline link-underline h5 font-medium\" href=\"https:\/\/katarek.pl\/produkt\/katarek-standard\/\">\n        Katarek Standard\n      <\/a>\n    <\/div>\n\n          <div class=\"product-card__description line-clamp-3 text-md text-gray-500\"><p>prosty ale bardzo pomocny. Aspirator kataru do odkurzacza, kt\u00f3ry pokona nawet g\u0119st\u0105, zielon\u0105 wydzielin\u0119!<\/p><\/div>\n    \n          <div class=\"flex justify-between gap-14 flex-wrap mt-auto\">\n        <div class=\"product-price h4 font-semibold self-end text-pink-800\">\n          <span class=\"woocommerce-Price-amount amount\"><bdi>53,00&nbsp;<span class=\"woocommerce-Price-currencySymbol\">&#122;&#322;<\/span><\/bdi><\/span>\n        <\/div>\n        <div class=\"product-card__button\">\n\n          <a href=\"\/?add-to-cart=3142\" data-product_id=\"3142\" target=\"_self\" class=\"button primary add_to_cart_button ajax_add_to_cart\">\n            <span>\n              Dodaj do koszyka\n            <\/span>\n\n            <svg xmlns=\"http:\/\/www.w3.org\/2000\/svg\" width=\"24\" height=\"24\" viewbox=\"0 0 24 24\" fill=\"none\">\n\t<path d=\"M4 12H20M20 12L14.6667 7M20 12L14.6667 17\" stroke=\"currentColor\" stroke-width=\"1.5\" stroke-linecap=\"round\"\/>\n<\/svg>\n\n          <\/a>\n\n        <\/div>\n      <\/div>\n      <\/div>\n<\/div>\n\t\t\t\t\t\t\t\t\t\t\t\t\t\t\t\t\t                              \n\n<div class=\"product-card product-card-trustmate-container flex flex-col relative group min-w-[90vw] lg:min-w-0 lg:w-[calc(100%_\/_3_-_1.5rem)]\">\n\n      <div class=\"bg-secondary-200 rounded-t-20 relative\">\n              <div class=\"post-tags absolute z-10 top-14 left-16 flex flex-wrap gap-8\">\n\n                      \t\t\n\t\t\t\t\t\t\t\t<span class=\"tag pink\">Promocja<\/span>\n\t\t\t\n                            <\/div>\n            <div class=\"post-image rounded-t-20 overflow-hidden relative aspect-[6\/5]\">\n        <a class=\"stretched-link\" href=\"https:\/\/katarek.pl\/produkt\/katarek-simple\/\">\n          <span class=\"sr-only\">Katarek Simple<\/span>\n        <\/a>\n        <div class=\"transition-opacity   group-hover:opacity-0 \">\n          <img loading=\"lazy\" decoding=\"async\" width=\"768\" height=\"768\" src=\"https:\/\/katarek.pl\/wp-content\/uploads\/2025\/07\/Projekt-bez-nazwy-83-768x768.png\" class=\"h-full w-full object-cover aspect-[6\/5]\" alt=\"Prosty, tani aspirator kataru do odkurzacza Katarek Simple\" srcset=\"https:\/\/katarek.pl\/wp-content\/uploads\/2025\/07\/Projekt-bez-nazwy-83-768x768.png 768w, https:\/\/katarek.pl\/wp-content\/uploads\/2025\/07\/Projekt-bez-nazwy-83-450x450.png 450w, https:\/\/katarek.pl\/wp-content\/uploads\/2025\/07\/Projekt-bez-nazwy-83-250x250.png 250w, https:\/\/katarek.pl\/wp-content\/uploads\/2025\/07\/Projekt-bez-nazwy-83-500x500.png 500w, https:\/\/katarek.pl\/wp-content\/uploads\/2025\/07\/Projekt-bez-nazwy-83-485x485.png 485w, https:\/\/katarek.pl\/wp-content\/uploads\/2025\/07\/Projekt-bez-nazwy-83-600x600.png 600w, https:\/\/katarek.pl\/wp-content\/uploads\/2025\/07\/Projekt-bez-nazwy-83-100x100.png 100w, https:\/\/katarek.pl\/wp-content\/uploads\/2025\/07\/Projekt-bez-nazwy-83.png 1000w\" sizes=\"(max-width: 768px) 100vw, 768px\" \/>\n\n        <\/div>\n\n                  <div class=\"absolute inset-0 opacity-0 transition-opacity group-hover:opacity-100\">\n            <img loading=\"lazy\" decoding=\"async\" width=\"768\" height=\"768\" src=\"https:\/\/katarek.pl\/wp-content\/uploads\/2025\/07\/Projekt-bez-nazwy-53-768x768.png\" class=\"h-full w-full object-cover aspect-[6\/5]\" alt=\"Podstawowy Katarek Simple - aspirator kataru do odkurzacza dla dzieci\" srcset=\"https:\/\/katarek.pl\/wp-content\/uploads\/2025\/07\/Projekt-bez-nazwy-53-768x768.png 768w, https:\/\/katarek.pl\/wp-content\/uploads\/2025\/07\/Projekt-bez-nazwy-53-450x450.png 450w, https:\/\/katarek.pl\/wp-content\/uploads\/2025\/07\/Projekt-bez-nazwy-53-250x250.png 250w, https:\/\/katarek.pl\/wp-content\/uploads\/2025\/07\/Projekt-bez-nazwy-53-500x500.png 500w, https:\/\/katarek.pl\/wp-content\/uploads\/2025\/07\/Projekt-bez-nazwy-53-485x485.png 485w, https:\/\/katarek.pl\/wp-content\/uploads\/2025\/07\/Projekt-bez-nazwy-53-600x600.png 600w, https:\/\/katarek.pl\/wp-content\/uploads\/2025\/07\/Projekt-bez-nazwy-53-100x100.png 100w, https:\/\/katarek.pl\/wp-content\/uploads\/2025\/07\/Projekt-bez-nazwy-53.png 1000w\" sizes=\"(max-width: 768px) 100vw, 768px\" \/>\n\n          <\/div>\n        \n      <\/div>\n    <\/div>\n\n    <div class=\"product-card__details bg-white p-12 lg:p-24 flex flex-col gap-20 rounded-b-20 h-full\" data-product-id=\"3120\">\n    <div class=\"inline-block self-start product-card-trustmate__rating\">\n      <a class=\"product-card__title !text-primary-700  inline link-underline h5 font-medium\" href=\"https:\/\/katarek.pl\/produkt\/katarek-simple\/\">\n        Katarek Simple\n      <\/a>\n    <\/div>\n\n          <div class=\"product-card__description line-clamp-3 text-md text-gray-500\"><p>podstawowy aspirator, kt\u00f3ry efektywnie \u015bci\u0105ga katar od pierwszego dnia dziecka<\/p><\/div>\n    \n          <div class=\"flex justify-between gap-14 flex-wrap mt-auto\">\n        <div class=\"product-price h4 font-semibold self-end text-pink-800\">\n          <span class=\"woocommerce-Price-amount amount\"><bdi>42,40&nbsp;<span class=\"woocommerce-Price-currencySymbol\">&#122;&#322;<\/span><\/bdi><\/span>\n        <\/div>\n        <div class=\"product-card__button\">\n\n          <a href=\"\/?add-to-cart=3120\" data-product_id=\"3120\" target=\"_self\" class=\"button primary add_to_cart_button ajax_add_to_cart\">\n            <span>\n              Dodaj do koszyka\n            <\/span>\n\n            <svg xmlns=\"http:\/\/www.w3.org\/2000\/svg\" width=\"24\" height=\"24\" viewbox=\"0 0 24 24\" fill=\"none\">\n\t<path d=\"M4 12H20M20 12L14.6667 7M20 12L14.6667 17\" stroke=\"currentColor\" stroke-width=\"1.5\" stroke-linecap=\"round\"\/>\n<\/svg>\n\n          <\/a>\n\n        <\/div>\n      <\/div>\n      <\/div>\n<\/div>\n\t\t\t\t\t\t\t\t\t\t\t\t\t\t\t\t\t\t\t\t\t<\/div>\n\t\t\t\t\t\t<div class=\"flex place-content-center\">\n\t\t\t\t\t\t\t\t\n\t\n\t\n\t\t\n\t\t\t<a href=\"https:\/\/katarek.pl\/kategoria-produktu\/aspiratory\/\" target=\"_self\"  class=\"button outlined   \">\n\t\t\t\t<span>\n\t\t\t\t\tZobacz wi\u0119cej\n\t\t\t\t<\/span>\n\n\t\t\t\t\t\t\t\t\t<svg xmlns=\"http:\/\/www.w3.org\/2000\/svg\" width=\"24\" height=\"24\" viewbox=\"0 0 24 24\" fill=\"none\">\n\t<path d=\"M4 12H20M20 12L14.6667 7M20 12L14.6667 17\" stroke=\"currentColor\" stroke-width=\"1.5\" stroke-linecap=\"round\"\/>\n<\/svg>\n\n\t\t\t\t\n\t\t\t<\/a>\n\n\t\t\n\t\n\t\t\t\t\t\t<\/div>\n\t\t\t\t\t<\/div>\n\t\t\t\t\t\t\t\t\t<div data-content=\"category-19\" class=\"product-tabs__content \">\n\t\t\t\t\t\t<div class=\"overflow-x-auto flex flex-nowrap gap-32 py-spacer-48 mb-32 lg:mb-0\">\n\t\t\t\t\t\t\t\t\t\t\t\t\t\t\t\t\t\t\t\t\t\t\t\t                              \n\n<div class=\"product-card product-card-trustmate-container flex flex-col relative group min-w-[90vw] lg:min-w-0 lg:w-[calc(100%_\/_3_-_1.5rem)]\">\n\n      <div class=\"bg-secondary-200 rounded-t-20 relative\">\n              <div class=\"post-tags absolute z-10 top-14 left-16 flex flex-wrap gap-8\">\n\n                      \t\t\n\t\t\t\t\t\t\t\t<span class=\"tag pink\">Promocja<\/span>\n\t\t\t\n                    \t\t\n\t\t\t\t\t\t\t\t\t\t\t\t\t<span class=\"tag yellow\">Nowo\u015b\u0107<\/span>\n\t\t\t\t\t\t\t\t\t\t\t\t\t\t\t<span class=\"tag yellow\">z kodem -15%<\/span>\n\t\t\t\n        <\/div>\n            <div class=\"post-image rounded-t-20 overflow-hidden relative aspect-[6\/5]\">\n        <a class=\"stretched-link\" href=\"https:\/\/katarek.pl\/produkt\/helpmedi-nebucare-secure\/\">\n          <span class=\"sr-only\">Helpmedi NebuCare.Secure<\/span>\n        <\/a>\n        <div class=\"transition-opacity   group-hover:opacity-0 \">\n          <img loading=\"lazy\" decoding=\"async\" width=\"768\" height=\"768\" src=\"https:\/\/katarek.pl\/wp-content\/uploads\/2026\/03\/1-768x768.webp\" class=\"h-full w-full object-cover aspect-[6\/5]\" alt=\"Ne_03C\" srcset=\"https:\/\/katarek.pl\/wp-content\/uploads\/2026\/03\/1-768x768.webp 768w, https:\/\/katarek.pl\/wp-content\/uploads\/2026\/03\/1-450x450.webp 450w, https:\/\/katarek.pl\/wp-content\/uploads\/2026\/03\/1-250x250.webp 250w, https:\/\/katarek.pl\/wp-content\/uploads\/2026\/03\/1-500x500.webp 500w, https:\/\/katarek.pl\/wp-content\/uploads\/2026\/03\/1-485x485.webp 485w, https:\/\/katarek.pl\/wp-content\/uploads\/2026\/03\/1-600x600.webp 600w, https:\/\/katarek.pl\/wp-content\/uploads\/2026\/03\/1-100x100.webp 100w, https:\/\/katarek.pl\/wp-content\/uploads\/2026\/03\/1.webp 900w\" sizes=\"(max-width: 768px) 100vw, 768px\" \/>\n\n        <\/div>\n\n                  <div class=\"absolute inset-0 opacity-0 transition-opacity group-hover:opacity-100\">\n            <img loading=\"lazy\" decoding=\"async\" width=\"768\" height=\"768\" src=\"https:\/\/katarek.pl\/wp-content\/uploads\/2026\/03\/7-768x768.webp\" class=\"h-full w-full object-cover aspect-[6\/5]\" alt=\"Ne-03C_ty\u0142_maska\" srcset=\"https:\/\/katarek.pl\/wp-content\/uploads\/2026\/03\/7-768x768.webp 768w, https:\/\/katarek.pl\/wp-content\/uploads\/2026\/03\/7-450x450.webp 450w, https:\/\/katarek.pl\/wp-content\/uploads\/2026\/03\/7-250x250.webp 250w, https:\/\/katarek.pl\/wp-content\/uploads\/2026\/03\/7-500x500.webp 500w, https:\/\/katarek.pl\/wp-content\/uploads\/2026\/03\/7-485x485.webp 485w, https:\/\/katarek.pl\/wp-content\/uploads\/2026\/03\/7-600x600.webp 600w, https:\/\/katarek.pl\/wp-content\/uploads\/2026\/03\/7-100x100.webp 100w, https:\/\/katarek.pl\/wp-content\/uploads\/2026\/03\/7.webp 900w\" sizes=\"(max-width: 768px) 100vw, 768px\" \/>\n\n          <\/div>\n        \n      <\/div>\n    <\/div>\n\n    <div class=\"product-card__details bg-white p-12 lg:p-24 flex flex-col gap-20 rounded-b-20 h-full\" data-product-id=\"5689\">\n    <div class=\"inline-block self-start product-card-trustmate__rating\">\n      <a class=\"product-card__title !text-primary-700  inline link-underline h5 font-medium\" href=\"https:\/\/katarek.pl\/produkt\/helpmedi-nebucare-secure\/\">\n        Helpmedi NebuCare.Secure\n      <\/a>\n    <\/div>\n\n          <div class=\"product-card__description line-clamp-3 text-md text-gray-500\"><p>Ultracichy, mobilny nebulizator siateczkowy z trybem czyszczenia g\u0142owicy<\/p><\/div>\n    \n          <div class=\"flex justify-between gap-14 flex-wrap mt-auto\">\n        <div class=\"product-price h4 font-semibold self-end text-pink-800\">\n          <span class=\"woocommerce-Price-amount amount\"><bdi>179,00&nbsp;<span class=\"woocommerce-Price-currencySymbol\">&#122;&#322;<\/span><\/bdi><\/span>\n        <\/div>\n        <div class=\"product-card__button\">\n\n          <a href=\"\/?add-to-cart=5689\" data-product_id=\"5689\" target=\"_self\" class=\"button primary add_to_cart_button ajax_add_to_cart\">\n            <span>\n              Dodaj do koszyka\n            <\/span>\n\n            <svg xmlns=\"http:\/\/www.w3.org\/2000\/svg\" width=\"24\" height=\"24\" viewbox=\"0 0 24 24\" fill=\"none\">\n\t<path d=\"M4 12H20M20 12L14.6667 7M20 12L14.6667 17\" stroke=\"currentColor\" stroke-width=\"1.5\" stroke-linecap=\"round\"\/>\n<\/svg>\n\n          <\/a>\n\n        <\/div>\n      <\/div>\n      <\/div>\n<\/div>\n\t\t\t\t\t\t\t\t\t\t\t\t\t\t\t\t\t              \n\n<div class=\"product-card product-card-trustmate-container flex flex-col relative group min-w-[90vw] lg:min-w-0 lg:w-[calc(100%_\/_3_-_1.5rem)]\">\n\n      <div class=\"bg-secondary-200 rounded-t-20 relative\">\n            <div class=\"post-image rounded-t-20 overflow-hidden relative aspect-[6\/5]\">\n        <a class=\"stretched-link\" href=\"https:\/\/katarek.pl\/produkt\/zestaw-czesci-zamiennych-basic-cnb69010a-katarek-nebulizator-kompresorowy\/\">\n          <span class=\"sr-only\">Uniwersalny zestaw cz\u0119\u015bci zamiennych BASIC (A), KATAREK Nebulizator kompresorowy<\/span>\n        <\/a>\n        <div class=\"transition-opacity   group-hover:opacity-0 \">\n          <img loading=\"lazy\" decoding=\"async\" width=\"768\" height=\"768\" src=\"https:\/\/katarek.pl\/wp-content\/uploads\/2025\/07\/Uniwersalny-komplet-czesci-zamiennych-BASICA_KATAREK-Nebulizator-kompresorowy-768x768.png\" class=\"h-full w-full object-cover aspect-[6\/5]\" alt=\"Uniwersalny-komplet-czesci-zamiennych-BASIC-A-KATAREK-Nebulizator-kompresorowy\" srcset=\"https:\/\/katarek.pl\/wp-content\/uploads\/2025\/07\/Uniwersalny-komplet-czesci-zamiennych-BASICA_KATAREK-Nebulizator-kompresorowy-768x768.png 768w, https:\/\/katarek.pl\/wp-content\/uploads\/2025\/07\/Uniwersalny-komplet-czesci-zamiennych-BASICA_KATAREK-Nebulizator-kompresorowy-450x450.png 450w, https:\/\/katarek.pl\/wp-content\/uploads\/2025\/07\/Uniwersalny-komplet-czesci-zamiennych-BASICA_KATAREK-Nebulizator-kompresorowy-1024x1024.png 1024w, https:\/\/katarek.pl\/wp-content\/uploads\/2025\/07\/Uniwersalny-komplet-czesci-zamiennych-BASICA_KATAREK-Nebulizator-kompresorowy-250x250.png 250w, https:\/\/katarek.pl\/wp-content\/uploads\/2025\/07\/Uniwersalny-komplet-czesci-zamiennych-BASICA_KATAREK-Nebulizator-kompresorowy-500x500.png 500w, https:\/\/katarek.pl\/wp-content\/uploads\/2025\/07\/Uniwersalny-komplet-czesci-zamiennych-BASICA_KATAREK-Nebulizator-kompresorowy-485x485.png 485w, https:\/\/katarek.pl\/wp-content\/uploads\/2025\/07\/Uniwersalny-komplet-czesci-zamiennych-BASICA_KATAREK-Nebulizator-kompresorowy-600x600.png 600w, https:\/\/katarek.pl\/wp-content\/uploads\/2025\/07\/Uniwersalny-komplet-czesci-zamiennych-BASICA_KATAREK-Nebulizator-kompresorowy-100x100.png 100w, https:\/\/katarek.pl\/wp-content\/uploads\/2025\/07\/Uniwersalny-komplet-czesci-zamiennych-BASICA_KATAREK-Nebulizator-kompresorowy.png 1500w\" sizes=\"(max-width: 768px) 100vw, 768px\" \/>\n\n        <\/div>\n\n                  <div class=\"absolute inset-0 opacity-0 transition-opacity group-hover:opacity-100\">\n            <img loading=\"lazy\" decoding=\"async\" width=\"768\" height=\"768\" src=\"https:\/\/katarek.pl\/wp-content\/uploads\/2025\/07\/katarek-uniwersalny-zestaw-czesci-zamiennych-basic-a-768x768.png\" class=\"h-full w-full object-cover aspect-[6\/5]\" alt=\"Katarek nebulizator - cz\u0119\u015bci zamienne i maseczki\" srcset=\"https:\/\/katarek.pl\/wp-content\/uploads\/2025\/07\/katarek-uniwersalny-zestaw-czesci-zamiennych-basic-a-768x768.png 768w, https:\/\/katarek.pl\/wp-content\/uploads\/2025\/07\/katarek-uniwersalny-zestaw-czesci-zamiennych-basic-a-485x485.png 485w, https:\/\/katarek.pl\/wp-content\/uploads\/2025\/07\/katarek-uniwersalny-zestaw-czesci-zamiennych-basic-a-100x100.png 100w, https:\/\/katarek.pl\/wp-content\/uploads\/2025\/07\/katarek-uniwersalny-zestaw-czesci-zamiennych-basic-a-600x600.png 600w, https:\/\/katarek.pl\/wp-content\/uploads\/2025\/07\/katarek-uniwersalny-zestaw-czesci-zamiennych-basic-a-300x300.png 300w, https:\/\/katarek.pl\/wp-content\/uploads\/2025\/07\/katarek-uniwersalny-zestaw-czesci-zamiennych-basic-a-1024x1024.png 1024w, https:\/\/katarek.pl\/wp-content\/uploads\/2025\/07\/katarek-uniwersalny-zestaw-czesci-zamiennych-basic-a-150x150.png 150w, https:\/\/katarek.pl\/wp-content\/uploads\/2025\/07\/katarek-uniwersalny-zestaw-czesci-zamiennych-basic-a-500x500.png 500w, https:\/\/katarek.pl\/wp-content\/uploads\/2025\/07\/katarek-uniwersalny-zestaw-czesci-zamiennych-basic-a-450x450.png 450w, https:\/\/katarek.pl\/wp-content\/uploads\/2025\/07\/katarek-uniwersalny-zestaw-czesci-zamiennych-basic-a.png 1080w\" sizes=\"(max-width: 768px) 100vw, 768px\" \/>\n\n          <\/div>\n        \n      <\/div>\n    <\/div>\n\n    <div class=\"product-card__details bg-white p-12 lg:p-24 flex flex-col gap-20 rounded-b-20 h-full\" data-product-id=\"3117\">\n    <div class=\"inline-block self-start product-card-trustmate__rating\">\n      <a class=\"product-card__title !text-primary-700  inline link-underline h5 font-medium\" href=\"https:\/\/katarek.pl\/produkt\/zestaw-czesci-zamiennych-basic-cnb69010a-katarek-nebulizator-kompresorowy\/\">\n        Uniwersalny zestaw cz\u0119\u015bci zamiennych BASIC (A), KATAREK Nebulizator kompresorowy\n      <\/a>\n    <\/div>\n\n          <div class=\"product-card__description line-clamp-3 text-md text-gray-500\"><!-- wp:paragraph {\"className\":\"\",\"epAnimationGeneratedClass\":\"edplus_anim-cLL2IQ\",\"epGeneratedClass\":\"eplus-wrapper\"} -->\r\n<p class=\" eplus-wrapper\">zestaw cz\u0119\u015bci zamiennych zawiera: filtr powietrza (5 szt.), maska inhalacyjna ma\u0142a, maska inhalacyjna du\u017ca, ustnik, przew\u00f3d powietrzny<\/p>\r\n<!-- \/wp:paragraph -->\r\n\r\n<!-- wp:paragraph {\"className\":\"\",\"epAnimationGeneratedClass\":\"edplus_anim-cLL2IQ\",\"epGeneratedClass\":\"eplus-wrapper\"} --><!-- \/wp:paragraph --><\/div>\n    \n          <div class=\"flex justify-between gap-14 flex-wrap mt-auto\">\n        <div class=\"product-price h4 font-semibold self-end text-primary-600\">\n          <span class=\"woocommerce-Price-amount amount\"><bdi>35,00&nbsp;<span class=\"woocommerce-Price-currencySymbol\">&#122;&#322;<\/span><\/bdi><\/span>\n        <\/div>\n        <div class=\"product-card__button\">\n\n          <a href=\"\/?add-to-cart=3117\" data-product_id=\"3117\" target=\"_self\" class=\"button primary add_to_cart_button ajax_add_to_cart\">\n            <span>\n              Dodaj do koszyka\n            <\/span>\n\n            <svg xmlns=\"http:\/\/www.w3.org\/2000\/svg\" width=\"24\" height=\"24\" viewbox=\"0 0 24 24\" fill=\"none\">\n\t<path d=\"M4 12H20M20 12L14.6667 7M20 12L14.6667 17\" stroke=\"currentColor\" stroke-width=\"1.5\" stroke-linecap=\"round\"\/>\n<\/svg>\n\n          <\/a>\n\n        <\/div>\n      <\/div>\n      <\/div>\n<\/div>\n\t\t\t\t\t\t\t\t\t\t\t\t\t\t\t\t\t                              \n\n<div class=\"product-card product-card-trustmate-container flex flex-col relative group min-w-[90vw] lg:min-w-0 lg:w-[calc(100%_\/_3_-_1.5rem)]\">\n\n      <div class=\"bg-secondary-200 rounded-t-20 relative\">\n              <div class=\"post-tags absolute z-10 top-14 left-16 flex flex-wrap gap-8\">\n\n                      \t\t\n\t\t\t\t\t\t\t\t<span class=\"tag pink\">Promocja<\/span>\n\t\t\t\n                    \t\t\n\t\t\t\t\t\t\t\t\t\t\t\t\t<span class=\"tag hidden\">nebulizator<\/span>\n\t\t\t\n        <\/div>\n            <div class=\"post-image rounded-t-20 overflow-hidden relative aspect-[6\/5]\">\n        <a class=\"stretched-link\" href=\"https:\/\/katarek.pl\/produkt\/katarek-inhalo\/\">\n          <span class=\"sr-only\">Katarek Inhalo<\/span>\n        <\/a>\n        <div class=\"transition-opacity   group-hover:opacity-0 \">\n          <img loading=\"lazy\" decoding=\"async\" width=\"768\" height=\"768\" src=\"https:\/\/katarek.pl\/wp-content\/uploads\/2025\/06\/Inhalo-1200x1200-v1.1-768x768.png\" class=\"h-full w-full object-cover aspect-[6\/5]\" alt=\"Katarek Inhalo - zestaw do nebulizacji z sol\u0105 fizjologiczna i hipertoniczna dla ca\u0142ej rodziny\" srcset=\"https:\/\/katarek.pl\/wp-content\/uploads\/2025\/06\/Inhalo-1200x1200-v1.1-768x768.png 768w, https:\/\/katarek.pl\/wp-content\/uploads\/2025\/06\/Inhalo-1200x1200-v1.1-450x450.png 450w, https:\/\/katarek.pl\/wp-content\/uploads\/2025\/06\/Inhalo-1200x1200-v1.1-1024x1024.png 1024w, https:\/\/katarek.pl\/wp-content\/uploads\/2025\/06\/Inhalo-1200x1200-v1.1-250x250.png 250w, https:\/\/katarek.pl\/wp-content\/uploads\/2025\/06\/Inhalo-1200x1200-v1.1-500x500.png 500w, https:\/\/katarek.pl\/wp-content\/uploads\/2025\/06\/Inhalo-1200x1200-v1.1-485x485.png 485w, https:\/\/katarek.pl\/wp-content\/uploads\/2025\/06\/Inhalo-1200x1200-v1.1-600x600.png 600w, https:\/\/katarek.pl\/wp-content\/uploads\/2025\/06\/Inhalo-1200x1200-v1.1-100x100.png 100w, https:\/\/katarek.pl\/wp-content\/uploads\/2025\/06\/Inhalo-1200x1200-v1.1.png 1200w\" sizes=\"(max-width: 768px) 100vw, 768px\" \/>\n\n        <\/div>\n\n                  <div class=\"absolute inset-0 opacity-0 transition-opacity group-hover:opacity-100\">\n            <img loading=\"lazy\" decoding=\"async\" width=\"768\" height=\"511\" src=\"https:\/\/katarek.pl\/wp-content\/uploads\/2025\/06\/DSC_6993-scaled-768x511.jpg\" class=\"h-full w-full object-cover aspect-[6\/5]\" alt=\"Zestaw do nebulizacji Katarek Inhalo\" srcset=\"https:\/\/katarek.pl\/wp-content\/uploads\/2025\/06\/DSC_6993-scaled-768x511.jpg 768w, https:\/\/katarek.pl\/wp-content\/uploads\/2025\/06\/DSC_6993-scaled-600x399.jpg 600w, https:\/\/katarek.pl\/wp-content\/uploads\/2025\/06\/DSC_6993-scaled-450x299.jpg 450w, https:\/\/katarek.pl\/wp-content\/uploads\/2025\/06\/DSC_6993-scaled-1024x681.jpg 1024w, https:\/\/katarek.pl\/wp-content\/uploads\/2025\/06\/DSC_6993-scaled-1536x1022.jpg 1536w, https:\/\/katarek.pl\/wp-content\/uploads\/2025\/06\/DSC_6993-scaled-2048x1362.jpg 2048w, https:\/\/katarek.pl\/wp-content\/uploads\/2025\/06\/DSC_6993-scaled-500x333.jpg 500w, https:\/\/katarek.pl\/wp-content\/uploads\/2025\/06\/DSC_6993-300x200.jpg 300w\" sizes=\"(max-width: 768px) 100vw, 768px\" \/>\n\n          <\/div>\n        \n      <\/div>\n    <\/div>\n\n    <div class=\"product-card__details bg-white p-12 lg:p-24 flex flex-col gap-20 rounded-b-20 h-full\" data-product-id=\"1173\">\n    <div class=\"inline-block self-start product-card-trustmate__rating\">\n      <a class=\"product-card__title !text-primary-700  inline link-underline h5 font-medium\" href=\"https:\/\/katarek.pl\/produkt\/katarek-inhalo\/\">\n        Katarek Inhalo\n      <\/a>\n    <\/div>\n\n          <div class=\"product-card__description line-clamp-3 text-md text-gray-500\"><p>zestaw do nebulizacji\u00a0 &#8211; cichy nebulizator kompresorowy w zestawie z solami fizjologicznymi i hipertonicznymi\u00a0<\/p><\/div>\n    \n          <div class=\"flex justify-between gap-14 flex-wrap mt-auto\">\n        <div class=\"product-price h4 font-semibold self-end text-pink-800\">\n          <span class=\"woocommerce-Price-amount amount\"><bdi>179,00&nbsp;<span class=\"woocommerce-Price-currencySymbol\">&#122;&#322;<\/span><\/bdi><\/span>\n        <\/div>\n        <div class=\"product-card__button\">\n\n          <a href=\"\/?add-to-cart=1173\" data-product_id=\"1173\" target=\"_self\" class=\"button primary add_to_cart_button ajax_add_to_cart\">\n            <span>\n              Dodaj do koszyka\n            <\/span>\n\n            <svg xmlns=\"http:\/\/www.w3.org\/2000\/svg\" width=\"24\" height=\"24\" viewbox=\"0 0 24 24\" fill=\"none\">\n\t<path d=\"M4 12H20M20 12L14.6667 7M20 12L14.6667 17\" stroke=\"currentColor\" stroke-width=\"1.5\" stroke-linecap=\"round\"\/>\n<\/svg>\n\n          <\/a>\n\n        <\/div>\n      <\/div>\n      <\/div>\n<\/div>\n\t\t\t\t\t\t\t\t\t\t\t\t\t\t\t\t\t\t\t\t\t<\/div>\n\t\t\t\t\t\t<div class=\"flex place-content-center\">\n\t\t\t\t\t\t\t\t\n\t\n\t\n\t\t\n\t\t\t<a href=\"https:\/\/katarek.pl\/kategoria-produktu\/nebulizatory\/\" target=\"_self\"  class=\"button outlined   \">\n\t\t\t\t<span>\n\t\t\t\t\tZobacz wi\u0119cej\n\t\t\t\t<\/span>\n\n\t\t\t\t\t\t\t\t\t<svg xmlns=\"http:\/\/www.w3.org\/2000\/svg\" width=\"24\" height=\"24\" viewbox=\"0 0 24 24\" fill=\"none\">\n\t<path d=\"M4 12H20M20 12L14.6667 7M20 12L14.6667 17\" stroke=\"currentColor\" stroke-width=\"1.5\" stroke-linecap=\"round\"\/>\n<\/svg>\n\n\t\t\t\t\n\t\t\t<\/a>\n\n\t\t\n\t\n\t\t\t\t\t\t<\/div>\n\t\t\t\t\t<\/div>\n\t\t\t\t\t\t\t\t\t<div data-content=\"category-21\" class=\"product-tabs__content \">\n\t\t\t\t\t\t<div class=\"overflow-x-auto flex flex-nowrap gap-32 py-spacer-48 mb-32 lg:mb-0\">\n\t\t\t\t\t\t\t\t\t\t\t\t\t\t\t\t\t\t\t\t\t\t\t\t        \n\n<div class=\"product-card product-card-trustmate-container flex flex-col relative group min-w-[90vw] lg:min-w-0 lg:w-[calc(100%_\/_3_-_1.5rem)]\">\n\n      <div class=\"bg-secondary-200 rounded-t-20 relative\">\n              <div class=\"post-tags absolute z-10 top-14 left-16 flex flex-wrap gap-8\">\n\n                    \t\t\n\t\t\t\t\t\t\t\t\t\t\t\t\t<span class=\"tag yellow\">Nowo\u015b\u0107<\/span>\n\t\t\t\n        <\/div>\n            <div class=\"post-image rounded-t-20 overflow-hidden relative aspect-[6\/5]\">\n        <a class=\"stretched-link\" href=\"https:\/\/katarek.pl\/produkt\/katarek-woda-morska-izotoniczna-30-ml\/\">\n          <span class=\"sr-only\">Katarek Woda Morska izotoniczna 30 ml<\/span>\n        <\/a>\n        <div class=\"transition-opacity \">\n          <img loading=\"lazy\" decoding=\"async\" width=\"768\" height=\"768\" src=\"https:\/\/katarek.pl\/wp-content\/uploads\/2026\/01\/Projekt-bez-nazwy-5-768x768.png\" class=\"h-full w-full object-cover aspect-[6\/5]\" alt=\"Katarek Woda Morska Izotoniczna 0,9 %, spray do nosa\" srcset=\"https:\/\/katarek.pl\/wp-content\/uploads\/2026\/01\/Projekt-bez-nazwy-5-768x768.png 768w, https:\/\/katarek.pl\/wp-content\/uploads\/2026\/01\/Projekt-bez-nazwy-5-450x450.png 450w, https:\/\/katarek.pl\/wp-content\/uploads\/2026\/01\/Projekt-bez-nazwy-5-250x250.png 250w, https:\/\/katarek.pl\/wp-content\/uploads\/2026\/01\/Projekt-bez-nazwy-5-500x500.png 500w, https:\/\/katarek.pl\/wp-content\/uploads\/2026\/01\/Projekt-bez-nazwy-5-485x485.png 485w, https:\/\/katarek.pl\/wp-content\/uploads\/2026\/01\/Projekt-bez-nazwy-5-600x600.png 600w, https:\/\/katarek.pl\/wp-content\/uploads\/2026\/01\/Projekt-bez-nazwy-5-100x100.png 100w, https:\/\/katarek.pl\/wp-content\/uploads\/2026\/01\/Projekt-bez-nazwy-5.png 900w\" sizes=\"(max-width: 768px) 100vw, 768px\" \/>\n\n        <\/div>\n\n        \n      <\/div>\n    <\/div>\n\n    <div class=\"product-card__details bg-white p-12 lg:p-24 flex flex-col gap-20 rounded-b-20 h-full\" data-product-id=\"4143\">\n    <div class=\"inline-block self-start product-card-trustmate__rating\">\n      <a class=\"product-card__title !text-primary-700  inline link-underline h5 font-medium\" href=\"https:\/\/katarek.pl\/produkt\/katarek-woda-morska-izotoniczna-30-ml\/\">\n        Katarek Woda Morska izotoniczna 30 ml\n      <\/a>\n    <\/div>\n\n          <div class=\"product-card__description line-clamp-3 text-md text-gray-500\"><p>naturalna ulga dla nosa. Bez konserwant\u00f3w, bez kompromis\u00f3w<\/p><\/div>\n    \n          <div class=\"flex justify-between gap-14 flex-wrap mt-auto\">\n        <div class=\"product-price h4 font-semibold self-end text-primary-600\">\n          <span class=\"woocommerce-Price-amount amount\"><bdi>15,90&nbsp;<span class=\"woocommerce-Price-currencySymbol\">&#122;&#322;<\/span><\/bdi><\/span>\n        <\/div>\n        <div class=\"product-card__button\">\n\n          <a href=\"\/?add-to-cart=4143\" data-product_id=\"4143\" target=\"_self\" class=\"button primary add_to_cart_button ajax_add_to_cart\">\n            <span>\n              Dodaj do koszyka\n            <\/span>\n\n            <svg xmlns=\"http:\/\/www.w3.org\/2000\/svg\" width=\"24\" height=\"24\" viewbox=\"0 0 24 24\" fill=\"none\">\n\t<path d=\"M4 12H20M20 12L14.6667 7M20 12L14.6667 17\" stroke=\"currentColor\" stroke-width=\"1.5\" stroke-linecap=\"round\"\/>\n<\/svg>\n\n          <\/a>\n\n        <\/div>\n      <\/div>\n      <\/div>\n<\/div>\n\t\t\t\t\t\t\t\t\t\t\t\t\t\t\t\t\t                              \n\n<div class=\"product-card product-card-trustmate-container flex flex-col relative group min-w-[90vw] lg:min-w-0 lg:w-[calc(100%_\/_3_-_1.5rem)]\">\n\n      <div class=\"bg-secondary-200 rounded-t-20 relative\">\n              <div class=\"post-tags absolute z-10 top-14 left-16 flex flex-wrap gap-8\">\n\n                      \t\t\n\t\t\t\t\t\t\t\t<span class=\"tag pink\">Promocja<\/span>\n\t\t\t\n                            <\/div>\n            <div class=\"post-image rounded-t-20 overflow-hidden relative aspect-[6\/5]\">\n        <a class=\"stretched-link\" href=\"https:\/\/katarek.pl\/produkt\/katarek-fizjologiczny-roztwor-soli\/\">\n          <span class=\"sr-only\">Katarek s\u00f3l fizjologiczna 0,9%<\/span>\n        <\/a>\n        <div class=\"transition-opacity   group-hover:opacity-0 \">\n          <img loading=\"lazy\" decoding=\"async\" width=\"768\" height=\"768\" src=\"https:\/\/katarek.pl\/wp-content\/uploads\/2025\/07\/Projekt-bez-nazwy-45-768x768.png\" class=\"h-full w-full object-cover aspect-[6\/5]\" alt=\"Katarek roztw\u00f3r fizjologiczny soli 0,9%\" srcset=\"https:\/\/katarek.pl\/wp-content\/uploads\/2025\/07\/Projekt-bez-nazwy-45-768x768.png 768w, https:\/\/katarek.pl\/wp-content\/uploads\/2025\/07\/Projekt-bez-nazwy-45-485x485.png 485w, https:\/\/katarek.pl\/wp-content\/uploads\/2025\/07\/Projekt-bez-nazwy-45-100x100.png 100w, https:\/\/katarek.pl\/wp-content\/uploads\/2025\/07\/Projekt-bez-nazwy-45-600x600.png 600w, https:\/\/katarek.pl\/wp-content\/uploads\/2025\/07\/Projekt-bez-nazwy-45-450x450.png 450w, https:\/\/katarek.pl\/wp-content\/uploads\/2025\/07\/Projekt-bez-nazwy-45-250x250.png 250w, https:\/\/katarek.pl\/wp-content\/uploads\/2025\/07\/Projekt-bez-nazwy-45-500x500.png 500w, https:\/\/katarek.pl\/wp-content\/uploads\/2025\/07\/Projekt-bez-nazwy-45.png 1000w\" sizes=\"(max-width: 768px) 100vw, 768px\" \/>\n\n        <\/div>\n\n                  <div class=\"absolute inset-0 opacity-0 transition-opacity group-hover:opacity-100\">\n            <img loading=\"lazy\" decoding=\"async\" width=\"600\" height=\"600\" src=\"https:\/\/katarek.pl\/wp-content\/uploads\/2025\/07\/3.png\" class=\"h-full w-full object-cover aspect-[6\/5]\" alt=\"Katarek roztw\u00f3r fizjologiczny soli 0,9%\" srcset=\"https:\/\/katarek.pl\/wp-content\/uploads\/2025\/07\/3.png 600w, https:\/\/katarek.pl\/wp-content\/uploads\/2025\/07\/3-485x485.png 485w, https:\/\/katarek.pl\/wp-content\/uploads\/2025\/07\/3-100x100.png 100w, https:\/\/katarek.pl\/wp-content\/uploads\/2025\/07\/3-300x300.png 300w, https:\/\/katarek.pl\/wp-content\/uploads\/2025\/07\/3-150x150.png 150w, https:\/\/katarek.pl\/wp-content\/uploads\/2025\/07\/3-500x500.png 500w, https:\/\/katarek.pl\/wp-content\/uploads\/2025\/07\/3-450x450.png 450w\" sizes=\"(max-width: 600px) 100vw, 600px\" \/>\n\n          <\/div>\n        \n      <\/div>\n    <\/div>\n\n    <div class=\"product-card__details bg-white p-12 lg:p-24 flex flex-col gap-20 rounded-b-20 h-full\" data-product-id=\"3148\">\n    <div class=\"inline-block self-start product-card-trustmate__rating\">\n      <a class=\"product-card__title !text-primary-700  inline link-underline h5 font-medium\" href=\"https:\/\/katarek.pl\/produkt\/katarek-fizjologiczny-roztwor-soli\/\">\n        Katarek s\u00f3l fizjologiczna 0,9%\n      <\/a>\n    <\/div>\n\n          <div class=\"product-card__description line-clamp-3 text-md text-gray-500\"><p>do nebulizacji i piel\u0119gnacji noska, oka, ucha, przemywania ran\u00a0<\/p><\/div>\n    \n          <div class=\"flex justify-between gap-14 flex-wrap mt-auto\">\n        <div class=\"product-price h4 font-semibold self-end text-pink-800\">\n          <span class=\"woocommerce-Price-amount amount\"><bdi>10,50&nbsp;<span class=\"woocommerce-Price-currencySymbol\">&#122;&#322;<\/span><\/bdi><\/span>\n        <\/div>\n        <div class=\"product-card__button\">\n\n          <a href=\"\/?add-to-cart=3148\" data-product_id=\"3148\" target=\"_self\" class=\"button primary add_to_cart_button ajax_add_to_cart\">\n            <span>\n              Dodaj do koszyka\n            <\/span>\n\n            <svg xmlns=\"http:\/\/www.w3.org\/2000\/svg\" width=\"24\" height=\"24\" viewbox=\"0 0 24 24\" fill=\"none\">\n\t<path d=\"M4 12H20M20 12L14.6667 7M20 12L14.6667 17\" stroke=\"currentColor\" stroke-width=\"1.5\" stroke-linecap=\"round\"\/>\n<\/svg>\n\n          <\/a>\n\n        <\/div>\n      <\/div>\n      <\/div>\n<\/div>\n\t\t\t\t\t\t\t\t\t\t\t\t\t\t\t\t\t                              \n\n<div class=\"product-card product-card-trustmate-container flex flex-col relative group min-w-[90vw] lg:min-w-0 lg:w-[calc(100%_\/_3_-_1.5rem)]\">\n\n      <div class=\"bg-secondary-200 rounded-t-20 relative\">\n              <div class=\"post-tags absolute z-10 top-14 left-16 flex flex-wrap gap-8\">\n\n                      \t\t\n\t\t\t\t\t\t\t\t<span class=\"tag pink\">Promocja<\/span>\n\t\t\t\n                            <\/div>\n            <div class=\"post-image rounded-t-20 overflow-hidden relative aspect-[6\/5]\">\n        <a class=\"stretched-link\" href=\"https:\/\/katarek.pl\/produkt\/sol-hipertoniczna\/\">\n          <span class=\"sr-only\">Katarek s\u00f3l hipertoniczna 3%<\/span>\n        <\/a>\n        <div class=\"transition-opacity \">\n          <img loading=\"lazy\" decoding=\"async\" width=\"768\" height=\"768\" src=\"https:\/\/katarek.pl\/wp-content\/uploads\/2025\/07\/Projekt-bez-nazwy-46-768x768.png\" class=\"h-full w-full object-cover aspect-[6\/5]\" alt=\"Katarek s\u00f3l hipertoniczna 3% do nebulizacji dla dzieci - roztw\u00f3r w ampu\u0142kach\" srcset=\"https:\/\/katarek.pl\/wp-content\/uploads\/2025\/07\/Projekt-bez-nazwy-46-768x768.png 768w, https:\/\/katarek.pl\/wp-content\/uploads\/2025\/07\/Projekt-bez-nazwy-46-485x485.png 485w, https:\/\/katarek.pl\/wp-content\/uploads\/2025\/07\/Projekt-bez-nazwy-46-100x100.png 100w, https:\/\/katarek.pl\/wp-content\/uploads\/2025\/07\/Projekt-bez-nazwy-46-600x600.png 600w, https:\/\/katarek.pl\/wp-content\/uploads\/2025\/07\/Projekt-bez-nazwy-46-450x450.png 450w, https:\/\/katarek.pl\/wp-content\/uploads\/2025\/07\/Projekt-bez-nazwy-46-250x250.png 250w, https:\/\/katarek.pl\/wp-content\/uploads\/2025\/07\/Projekt-bez-nazwy-46-500x500.png 500w, https:\/\/katarek.pl\/wp-content\/uploads\/2025\/07\/Projekt-bez-nazwy-46.png 1000w\" sizes=\"(max-width: 768px) 100vw, 768px\" \/>\n\n        <\/div>\n\n        \n      <\/div>\n    <\/div>\n\n    <div class=\"product-card__details bg-white p-12 lg:p-24 flex flex-col gap-20 rounded-b-20 h-full\" data-product-id=\"3044\">\n    <div class=\"inline-block self-start product-card-trustmate__rating\">\n      <a class=\"product-card__title !text-primary-700  inline link-underline h5 font-medium\" href=\"https:\/\/katarek.pl\/produkt\/sol-hipertoniczna\/\">\n        Katarek s\u00f3l hipertoniczna 3%\n      <\/a>\n    <\/div>\n\n          <div class=\"product-card__description line-clamp-3 text-md text-gray-500\"><p>naturalna pomoc w oczyszczaniu dr\u00f3g oddechowych. Idealna do nebulizacji \u2013 zar\u00f3wno dla dzieci i doros\u0142ych &#8211; najlepiej po konsultacji z lekarzem<\/p><\/div>\n    \n          <div class=\"flex justify-between gap-14 flex-wrap mt-auto\">\n        <div class=\"product-price h4 font-semibold self-end text-pink-800\">\n          <span class=\"woocommerce-Price-amount amount\"><bdi>21,00&nbsp;<span class=\"woocommerce-Price-currencySymbol\">&#122;&#322;<\/span><\/bdi><\/span>\n        <\/div>\n        <div class=\"product-card__button\">\n\n          <a href=\"\/?add-to-cart=3044\" data-product_id=\"3044\" target=\"_self\" class=\"button primary add_to_cart_button ajax_add_to_cart\">\n            <span>\n              Dodaj do koszyka\n            <\/span>\n\n            <svg xmlns=\"http:\/\/www.w3.org\/2000\/svg\" width=\"24\" height=\"24\" viewbox=\"0 0 24 24\" fill=\"none\">\n\t<path d=\"M4 12H20M20 12L14.6667 7M20 12L14.6667 17\" stroke=\"currentColor\" stroke-width=\"1.5\" stroke-linecap=\"round\"\/>\n<\/svg>\n\n          <\/a>\n\n        <\/div>\n      <\/div>\n      <\/div>\n<\/div>\n\t\t\t\t\t\t\t\t\t\t\t\t\t\t\t\t\t\t\t\t\t<\/div>\n\t\t\t\t\t\t<div class=\"flex place-content-center\">\n\t\t\t\t\t\t\t\t\n\t\n\t\n\t\t\n\t\t\t<a href=\"https:\/\/katarek.pl\/kategoria-produktu\/sole\/\" target=\"_self\"  class=\"button outlined   \">\n\t\t\t\t<span>\n\t\t\t\t\tZobacz wi\u0119cej\n\t\t\t\t<\/span>\n\n\t\t\t\t\t\t\t\t\t<svg xmlns=\"http:\/\/www.w3.org\/2000\/svg\" width=\"24\" height=\"24\" viewbox=\"0 0 24 24\" fill=\"none\">\n\t<path d=\"M4 12H20M20 12L14.6667 7M20 12L14.6667 17\" stroke=\"currentColor\" stroke-width=\"1.5\" stroke-linecap=\"round\"\/>\n<\/svg>\n\n\t\t\t\t\n\t\t\t<\/a>\n\n\t\t\n\t\n\t\t\t\t\t\t<\/div>\n\t\t\t\t\t<\/div>\n\t\t\t\t\t\t\t<\/div>\n\t\t\t<\/div>\n\n\n<\/section>\n","protected":false},"excerpt":"Ka\u017cdy m\u0142ody rodzic ma w swojej apteczce aspirator, kt\u00f3ry s\u0142u\u017cy do odci\u0105gania kataru u dziecka. Na rynku jest szereg r\u00f3\u017cnych rozwi\u0105za\u0144 tego typu urz\u0105dze\u0144 wi\u0119c ka\u017cdy znajdzie co\u015b dla siebie. Sam proces aspiracji jest prosty, to co nurtuje cz\u0119sto mamy to pytanie jak cz\u0119sto odci\u0105ga\u0107 katar aspiratorem? Dowiedz si\u0119 z artyku\u0142u. Katar a Katarek Katar [&hellip;]","author":7,"featured_media":2945,"comment_status":"open","ping_status":"open","sticky":false,"template":"","format":"standard","meta":{"_acf_changed":false,"inline_featured_image":false,"editor_plus_copied_stylings":"{}","footnotes":""},"categories":[28,30],"tags":[53,89,57,60],"class_list":["post-2161","post","type-post","status-publish","format-standard","has-post-thumbnail","hentry","category-dziecko","category-pielegnacja","tag-aspirator","tag-infekcja","tag-katar","tag-katarek"],"yoast_head":"<!-- This site is optimized with the Yoast SEO plugin v27.4 - https:\/\/yoast.com\/product\/yoast-seo-wordpress\/ -->\n<title>Odci\u0105ganie kataru odkurzaczem: jak cz\u0119sto i ile razy dziennie? - blog Katarek<\/title>\n<meta name=\"description\" content=\"Sprawd\u017a jak cz\u0119sto odci\u0105ga\u0107 katar aspiratorem dziecku i ile razy dziennie mo\u017cna to robi\u0107! Praktyczne porady i wskaz\u00f3wki dla ka\u017cej mamy. Zapraszamy!\" \/>\n<meta name=\"robots\" content=\"index, follow, max-snippet:-1, max-image-preview:large, max-video-preview:-1\" \/>\n<link rel=\"canonical\" href=\"https:\/\/katarek.pl\/odciaganie-kataru-odkurzaczem-jak-czesto-ile-razy-dziennie\/\" \/>\n<meta property=\"og:locale\" content=\"pl_PL\" \/>\n<meta property=\"og:type\" content=\"article\" \/>\n<meta property=\"og:title\" content=\"Odci\u0105ganie kataru odkurzaczem: jak cz\u0119sto i ile razy dziennie? - blog Katarek\" \/>\n<meta property=\"og:description\" content=\"Sprawd\u017a jak cz\u0119sto odci\u0105ga\u0107 katar aspiratorem dziecku i ile razy dziennie mo\u017cna to robi\u0107! Praktyczne porady i wskaz\u00f3wki dla ka\u017cej mamy. Zapraszamy!\" \/>\n<meta property=\"og:url\" content=\"https:\/\/katarek.pl\/odciaganie-kataru-odkurzaczem-jak-czesto-ile-razy-dziennie\/\" \/>\n<meta property=\"og:site_name\" content=\"katarek.pl\" \/>\n<meta property=\"article:published_time\" content=\"2021-05-20T07:48:56+00:00\" \/>\n<meta property=\"article:modified_time\" content=\"2026-01-29T14:15:24+00:00\" \/>\n<meta property=\"og:image\" content=\"https:\/\/katarek.pl\/wp-content\/uploads\/2016\/10\/wyobrazenia-po-ciazy.jpg\" \/>\n\t<meta property=\"og:image:width\" content=\"2356\" \/>\n\t<meta property=\"og:image:height\" content=\"1571\" \/>\n\t<meta property=\"og:image:type\" content=\"image\/jpeg\" \/>\n<meta name=\"author\" content=\"katarek\" \/>\n<meta name=\"twitter:card\" content=\"summary_large_image\" \/>\n<meta name=\"twitter:label1\" content=\"Napisane przez\" \/>\n\t<meta name=\"twitter:data1\" content=\"katarek\" \/>\n\t<meta name=\"twitter:label2\" content=\"Szacowany czas czytania\" \/>\n\t<meta name=\"twitter:data2\" content=\"5 minut\" \/>\n<script type=\"application\/ld+json\" class=\"yoast-schema-graph\">{\"@context\":\"https:\\\/\\\/schema.org\",\"@graph\":[{\"@type\":\"Article\",\"@id\":\"https:\\\/\\\/katarek.pl\\\/odciaganie-kataru-odkurzaczem-jak-czesto-ile-razy-dziennie\\\/#article\",\"isPartOf\":{\"@id\":\"https:\\\/\\\/katarek.pl\\\/odciaganie-kataru-odkurzaczem-jak-czesto-ile-razy-dziennie\\\/\"},\"author\":{\"name\":\"katarek\",\"@id\":\"https:\\\/\\\/katarek.pl\\\/#\\\/schema\\\/person\\\/c7267555b2aaad4c6d15146a155bc430\"},\"headline\":\"Jak cz\u0119sto odci\u0105ga\u0107 katar aspiratorem?\",\"datePublished\":\"2021-05-20T07:48:56+00:00\",\"dateModified\":\"2026-01-29T14:15:24+00:00\",\"mainEntityOfPage\":{\"@id\":\"https:\\\/\\\/katarek.pl\\\/odciaganie-kataru-odkurzaczem-jak-czesto-ile-razy-dziennie\\\/\"},\"wordCount\":808,\"commentCount\":0,\"image\":{\"@id\":\"https:\\\/\\\/katarek.pl\\\/odciaganie-kataru-odkurzaczem-jak-czesto-ile-razy-dziennie\\\/#primaryimage\"},\"thumbnailUrl\":\"https:\\\/\\\/katarek.pl\\\/wp-content\\\/uploads\\\/2016\\\/10\\\/wyobrazenia-po-ciazy.jpg\",\"keywords\":[\"aspirator\",\"infekcja\",\"katar\",\"katarek\"],\"articleSection\":[\"Dziecko\",\"Piel\u0119gnacja\"],\"inLanguage\":\"pl-PL\"},{\"@type\":\"WebPage\",\"@id\":\"https:\\\/\\\/katarek.pl\\\/odciaganie-kataru-odkurzaczem-jak-czesto-ile-razy-dziennie\\\/\",\"url\":\"https:\\\/\\\/katarek.pl\\\/odciaganie-kataru-odkurzaczem-jak-czesto-ile-razy-dziennie\\\/\",\"name\":\"Odci\u0105ganie kataru odkurzaczem: jak cz\u0119sto i ile razy dziennie? - blog Katarek\",\"isPartOf\":{\"@id\":\"https:\\\/\\\/katarek.pl\\\/#website\"},\"primaryImageOfPage\":{\"@id\":\"https:\\\/\\\/katarek.pl\\\/odciaganie-kataru-odkurzaczem-jak-czesto-ile-razy-dziennie\\\/#primaryimage\"},\"image\":{\"@id\":\"https:\\\/\\\/katarek.pl\\\/odciaganie-kataru-odkurzaczem-jak-czesto-ile-razy-dziennie\\\/#primaryimage\"},\"thumbnailUrl\":\"https:\\\/\\\/katarek.pl\\\/wp-content\\\/uploads\\\/2016\\\/10\\\/wyobrazenia-po-ciazy.jpg\",\"datePublished\":\"2021-05-20T07:48:56+00:00\",\"dateModified\":\"2026-01-29T14:15:24+00:00\",\"author\":{\"@id\":\"https:\\\/\\\/katarek.pl\\\/#\\\/schema\\\/person\\\/c7267555b2aaad4c6d15146a155bc430\"},\"description\":\"Sprawd\u017a jak cz\u0119sto odci\u0105ga\u0107 katar aspiratorem dziecku i ile razy dziennie mo\u017cna to robi\u0107! Praktyczne porady i wskaz\u00f3wki dla ka\u017cej mamy. Zapraszamy!\",\"breadcrumb\":{\"@id\":\"https:\\\/\\\/katarek.pl\\\/odciaganie-kataru-odkurzaczem-jak-czesto-ile-razy-dziennie\\\/#breadcrumb\"},\"inLanguage\":\"pl-PL\",\"potentialAction\":[{\"@type\":\"ReadAction\",\"target\":[\"https:\\\/\\\/katarek.pl\\\/odciaganie-kataru-odkurzaczem-jak-czesto-ile-razy-dziennie\\\/\"]}]},{\"@type\":\"ImageObject\",\"inLanguage\":\"pl-PL\",\"@id\":\"https:\\\/\\\/katarek.pl\\\/odciaganie-kataru-odkurzaczem-jak-czesto-ile-razy-dziennie\\\/#primaryimage\",\"url\":\"https:\\\/\\\/katarek.pl\\\/wp-content\\\/uploads\\\/2016\\\/10\\\/wyobrazenia-po-ciazy.jpg\",\"contentUrl\":\"https:\\\/\\\/katarek.pl\\\/wp-content\\\/uploads\\\/2016\\\/10\\\/wyobrazenia-po-ciazy.jpg\",\"width\":2356,\"height\":1571,\"caption\":\"moje wyobra\u017cenia po ci\u0105\u017cy\"},{\"@type\":\"BreadcrumbList\",\"@id\":\"https:\\\/\\\/katarek.pl\\\/odciaganie-kataru-odkurzaczem-jak-czesto-ile-razy-dziennie\\\/#breadcrumb\",\"itemListElement\":[{\"@type\":\"ListItem\",\"position\":1,\"name\":\"Home\",\"item\":\"https:\\\/\\\/katarek.pl\\\/\"},{\"@type\":\"ListItem\",\"position\":2,\"name\":\"Blog\",\"item\":\"https:\\\/\\\/katarek.pl\\\/blog\\\/\"},{\"@type\":\"ListItem\",\"position\":3,\"name\":\"Jak cz\u0119sto odci\u0105ga\u0107 katar aspiratorem?\"}]},{\"@type\":\"WebSite\",\"@id\":\"https:\\\/\\\/katarek.pl\\\/#website\",\"url\":\"https:\\\/\\\/katarek.pl\\\/\",\"name\":\"katarek.pl\",\"description\":\"\",\"potentialAction\":[{\"@type\":\"SearchAction\",\"target\":{\"@type\":\"EntryPoint\",\"urlTemplate\":\"https:\\\/\\\/katarek.pl\\\/?s={search_term_string}\"},\"query-input\":{\"@type\":\"PropertyValueSpecification\",\"valueRequired\":true,\"valueName\":\"search_term_string\"}}],\"inLanguage\":\"pl-PL\"},{\"@type\":\"Person\",\"@id\":\"https:\\\/\\\/katarek.pl\\\/#\\\/schema\\\/person\\\/c7267555b2aaad4c6d15146a155bc430\",\"name\":\"katarek\",\"url\":\"https:\\\/\\\/katarek.pl\\\/author\\\/katarek\\\/\"}]}<\/script>\n<!-- \/ Yoast SEO plugin. -->","yoast_head_json":{"title":"Odci\u0105ganie kataru odkurzaczem: jak cz\u0119sto i ile razy dziennie? - blog Katarek","description":"Sprawd\u017a jak cz\u0119sto odci\u0105ga\u0107 katar aspiratorem dziecku i ile razy dziennie mo\u017cna to robi\u0107! Praktyczne porady i wskaz\u00f3wki dla ka\u017cej mamy. Zapraszamy!","robots":{"index":"index","follow":"follow","max-snippet":"max-snippet:-1","max-image-preview":"max-image-preview:large","max-video-preview":"max-video-preview:-1"},"canonical":"https:\/\/katarek.pl\/odciaganie-kataru-odkurzaczem-jak-czesto-ile-razy-dziennie\/","og_locale":"pl_PL","og_type":"article","og_title":"Odci\u0105ganie kataru odkurzaczem: jak cz\u0119sto i ile razy dziennie? - blog Katarek","og_description":"Sprawd\u017a jak cz\u0119sto odci\u0105ga\u0107 katar aspiratorem dziecku i ile razy dziennie mo\u017cna to robi\u0107! Praktyczne porady i wskaz\u00f3wki dla ka\u017cej mamy. Zapraszamy!","og_url":"https:\/\/katarek.pl\/odciaganie-kataru-odkurzaczem-jak-czesto-ile-razy-dziennie\/","og_site_name":"katarek.pl","article_published_time":"2021-05-20T07:48:56+00:00","article_modified_time":"2026-01-29T14:15:24+00:00","og_image":[{"width":2356,"height":1571,"url":"https:\/\/katarek.pl\/wp-content\/uploads\/2016\/10\/wyobrazenia-po-ciazy.jpg","type":"image\/jpeg"}],"author":"katarek","twitter_card":"summary_large_image","twitter_misc":{"Napisane przez":"katarek","Szacowany czas czytania":"5 minut"},"schema":{"@context":"https:\/\/schema.org","@graph":[{"@type":"Article","@id":"https:\/\/katarek.pl\/odciaganie-kataru-odkurzaczem-jak-czesto-ile-razy-dziennie\/#article","isPartOf":{"@id":"https:\/\/katarek.pl\/odciaganie-kataru-odkurzaczem-jak-czesto-ile-razy-dziennie\/"},"author":{"name":"katarek","@id":"https:\/\/katarek.pl\/#\/schema\/person\/c7267555b2aaad4c6d15146a155bc430"},"headline":"Jak cz\u0119sto odci\u0105ga\u0107 katar aspiratorem?","datePublished":"2021-05-20T07:48:56+00:00","dateModified":"2026-01-29T14:15:24+00:00","mainEntityOfPage":{"@id":"https:\/\/katarek.pl\/odciaganie-kataru-odkurzaczem-jak-czesto-ile-razy-dziennie\/"},"wordCount":808,"commentCount":0,"image":{"@id":"https:\/\/katarek.pl\/odciaganie-kataru-odkurzaczem-jak-czesto-ile-razy-dziennie\/#primaryimage"},"thumbnailUrl":"https:\/\/katarek.pl\/wp-content\/uploads\/2016\/10\/wyobrazenia-po-ciazy.jpg","keywords":["aspirator","infekcja","katar","katarek"],"articleSection":["Dziecko","Piel\u0119gnacja"],"inLanguage":"pl-PL"},{"@type":"WebPage","@id":"https:\/\/katarek.pl\/odciaganie-kataru-odkurzaczem-jak-czesto-ile-razy-dziennie\/","url":"https:\/\/katarek.pl\/odciaganie-kataru-odkurzaczem-jak-czesto-ile-razy-dziennie\/","name":"Odci\u0105ganie kataru odkurzaczem: jak cz\u0119sto i ile razy dziennie? - blog Katarek","isPartOf":{"@id":"https:\/\/katarek.pl\/#website"},"primaryImageOfPage":{"@id":"https:\/\/katarek.pl\/odciaganie-kataru-odkurzaczem-jak-czesto-ile-razy-dziennie\/#primaryimage"},"image":{"@id":"https:\/\/katarek.pl\/odciaganie-kataru-odkurzaczem-jak-czesto-ile-razy-dziennie\/#primaryimage"},"thumbnailUrl":"https:\/\/katarek.pl\/wp-content\/uploads\/2016\/10\/wyobrazenia-po-ciazy.jpg","datePublished":"2021-05-20T07:48:56+00:00","dateModified":"2026-01-29T14:15:24+00:00","author":{"@id":"https:\/\/katarek.pl\/#\/schema\/person\/c7267555b2aaad4c6d15146a155bc430"},"description":"Sprawd\u017a jak cz\u0119sto odci\u0105ga\u0107 katar aspiratorem dziecku i ile razy dziennie mo\u017cna to robi\u0107! Praktyczne porady i wskaz\u00f3wki dla ka\u017cej mamy. Zapraszamy!","breadcrumb":{"@id":"https:\/\/katarek.pl\/odciaganie-kataru-odkurzaczem-jak-czesto-ile-razy-dziennie\/#breadcrumb"},"inLanguage":"pl-PL","potentialAction":[{"@type":"ReadAction","target":["https:\/\/katarek.pl\/odciaganie-kataru-odkurzaczem-jak-czesto-ile-razy-dziennie\/"]}]},{"@type":"ImageObject","inLanguage":"pl-PL","@id":"https:\/\/katarek.pl\/odciaganie-kataru-odkurzaczem-jak-czesto-ile-razy-dziennie\/#primaryimage","url":"https:\/\/katarek.pl\/wp-content\/uploads\/2016\/10\/wyobrazenia-po-ciazy.jpg","contentUrl":"https:\/\/katarek.pl\/wp-content\/uploads\/2016\/10\/wyobrazenia-po-ciazy.jpg","width":2356,"height":1571,"caption":"moje wyobra\u017cenia po ci\u0105\u017cy"},{"@type":"BreadcrumbList","@id":"https:\/\/katarek.pl\/odciaganie-kataru-odkurzaczem-jak-czesto-ile-razy-dziennie\/#breadcrumb","itemListElement":[{"@type":"ListItem","position":1,"name":"Home","item":"https:\/\/katarek.pl\/"},{"@type":"ListItem","position":2,"name":"Blog","item":"https:\/\/katarek.pl\/blog\/"},{"@type":"ListItem","position":3,"name":"Jak cz\u0119sto odci\u0105ga\u0107 katar aspiratorem?"}]},{"@type":"WebSite","@id":"https:\/\/katarek.pl\/#website","url":"https:\/\/katarek.pl\/","name":"katarek.pl","description":"","potentialAction":[{"@type":"SearchAction","target":{"@type":"EntryPoint","urlTemplate":"https:\/\/katarek.pl\/?s={search_term_string}"},"query-input":{"@type":"PropertyValueSpecification","valueRequired":true,"valueName":"search_term_string"}}],"inLanguage":"pl-PL"},{"@type":"Person","@id":"https:\/\/katarek.pl\/#\/schema\/person\/c7267555b2aaad4c6d15146a155bc430","name":"katarek","url":"https:\/\/katarek.pl\/author\/katarek\/"}]}},"acf":[],"gutenberg_blocks":[{"blockName":"custom-styles","attrs":{"styles":""}},{"blockName":"acf\/productlistswithnavigation","attrs":{"name":"acf\/productlistswithnavigation","data":{"title_heading_label":"","_title_heading_label":"field_680f5de7d3992","title_heading_text":"","_title_heading_text":"field_638627ccced84","title_heading_level":"h2","_title_heading_level":"field_638627e7ced85","title_heading_variant":"default","_title_heading_variant":"field_63862847ced86","title_extra_classes":"","_title_extra_classes":"field_638628eeced88","title":"","_title":"field_67f635c24ab4f","type_section":"manual","_type_section":"field_67f6367c80390","relationship":["16","19","21"],"_relationship":"field_67f636438038f"},"mode":"edit"},"innerBlocks":[],"innerHTML":"","innerContent":[]}],"meta_data":false,"featured_image":{"url":"https:\/\/katarek.pl\/wp-content\/uploads\/2016\/10\/wyobrazenia-po-ciazy-1024x683.jpg"},"main_category":{"name":"Dziecko"},"prev_page":{"slug":"jak-czyscic-aspirator-katarek-czyszczenie-rurki"},"next_page":{"slug":"inhalacje-z-soli-fizjologicznej-u-dzieci"},"_links":{"self":[{"href":"https:\/\/katarek.pl\/index.php\/wp-json\/wp\/v2\/posts\/2161","targetHints":{"allow":["GET"]}}],"collection":[{"href":"https:\/\/katarek.pl\/index.php\/wp-json\/wp\/v2\/posts"}],"about":[{"href":"https:\/\/katarek.pl\/index.php\/wp-json\/wp\/v2\/types\/post"}],"author":[{"embeddable":true,"href":"https:\/\/katarek.pl\/index.php\/wp-json\/wp\/v2\/users\/7"}],"replies":[{"embeddable":true,"href":"https:\/\/katarek.pl\/index.php\/wp-json\/wp\/v2\/comments?post=2161"}],"version-history":[{"count":1,"href":"https:\/\/katarek.pl\/index.php\/wp-json\/wp\/v2\/posts\/2161\/revisions"}],"predecessor-version":[{"id":4889,"href":"https:\/\/katarek.pl\/index.php\/wp-json\/wp\/v2\/posts\/2161\/revisions\/4889"}],"wp:featuredmedia":[{"embeddable":true,"href":"https:\/\/katarek.pl\/index.php\/wp-json\/wp\/v2\/media\/2945"}],"wp:attachment":[{"href":"https:\/\/katarek.pl\/index.php\/wp-json\/wp\/v2\/media?parent=2161"}],"wp:term":[{"taxonomy":"category","embeddable":true,"href":"https:\/\/katarek.pl\/index.php\/wp-json\/wp\/v2\/categories?post=2161"},{"taxonomy":"post_tag","embeddable":true,"href":"https:\/\/katarek.pl\/index.php\/wp-json\/wp\/v2\/tags?post=2161"}],"curies":[{"name":"wp","href":"https:\/\/api.w.org\/{rel}","templated":true}]}}