{"id":1999,"date":"2020-07-21T14:49:48","date_gmt":"2020-07-21T12:49:48","guid":{"rendered":"https:\/\/katarek.pl\/blog\/?p=1999"},"modified":"2025-09-26T14:45:27","modified_gmt":"2025-09-26T12:45:27","slug":"pierwsze-wakacje-niemowlakiem","status":"publish","type":"post","link":"https:\/\/katarek.pl\/pierwsze-wakacje-niemowlakiem\/","title":{"rendered":"Pierwsze wakacje z niemowlakiem"},"content":{"rendered":"<p>Decyzja zapad\u0142a \u2013 jedziemy na wakacje, trzeba odpocz\u0105\u0107 i na\u0142adowa\u0107 akumulatory dobr\u0105 energi\u0105. We dw\u00f3jk\u0119 by\u0142o \u0142atwiej bo wystarczy\u0142o spakowa\u0107 plecaki czy torby a nawet je\u015bli si\u0119 czego\u015b zapomnia\u0142o to w sumie zawsze jako\u015b mo\u017cna sobie by\u0142o poradzi\u0107. Jednak kiedy wybieramy si\u0119 w podr\u00f3\u017c z niemowlakiem musimy si\u0119 do takiej wycieczki porz\u0105dnie przygotowa\u0107. Dzi\u0119ki naszym podpowiedzi\u0105 z pewno\u015bci\u0105 wymarzony urlop b\u0119dzie udany.<\/p>\n<h2><strong>Kiedy jecha\u0107 z niemowlakiem w podr\u00f3\u017c?<\/strong><\/h2>\n<p>Zaraz po porodzie i w sumie a\u017c do 3 miesi\u0105ca \u017cycia dziecka zar\u00f3wno Ty jak i maluch nie b\u0119dziecie w stanie podr\u00f3\u017cowa\u0107. Musisz doj\u015b\u0107 do siebie, oswoi\u0107 si\u0119 z nowym cz\u0142onkiem rodziny a on ze \u015bwiatem kt\u00f3ry go otacza. Jednak mi\u0119dzy 3-7 miesi\u0105cem \u017cycia niemowlaka nic nie stoi na przeszkodzie aby ruszy\u0107 z male\u0144stwem w podr\u00f3\u017c. W tym okresie wi\u0119kszo\u015b\u0107 dzieci dobrze znosi jazd\u0119 samochodem i przez wi\u0119kszo\u015b\u0107 czasu \u015bpi. Je\u015bli jednak chcemy si\u0119 przekona\u0107 czy nasz malec nie nale\u017cy czasem do wrog\u00f3w podr\u00f3\u017cy warto zrobi\u0107 ma\u0142\u0105 pr\u00f3b\u0119 i\u00a0 pojecha\u0107 z dzieckiem na kr\u00f3tk\u0105 przeja\u017cd\u017ck\u0119 po okolicy. Najlepiej je\u015bli zrobimy to przed jego drzemk\u0105 \u2013 je\u015bli podczas tej kr\u00f3tkiej wycieczki maluch b\u0119dzie spa\u0142 to mo\u017cesz z du\u017cym prawdopodobie\u0144stwem przyj\u0105\u0107, \u017ce podobnie b\u0119dzie podczas dalszej podr\u00f3\u017cy. Kiedy nasza pociecha sko\u0144czy ju\u017c 7 miesi\u0119cy staje si\u0119 bardziej ruchliwa i mniej \u015bpi. W\u00f3wczas powinna\u015b mie\u0107 plan zapewnienia mu rozrywek, gdy\u017c bez tego mo\u017cesz szybko mie\u0107 do\u015b\u0107 tego wyjazdu.<\/p>\n<p>Aby nasza podr\u00f3\u017c z dzieckiem przebieg\u0142a bez wi\u0119kszych niespodzianek warto wyjecha\u0107 tu\u017c przed por\u0105 codziennej d\u0142ugiej drzemki malucha. Szum silnika oraz lekkie ko\u0142ysanie samochodu na pewno zadzia\u0142a na niemowlaka dodatkowo usypiaj\u0105co i zapewne ca\u0142\u0105 podr\u00f3\u017c smacznie prze\u015bpi. Aby wycieczka by\u0142a udana warto tak\u017ce wzi\u0105\u0107 pod uwag\u0119 pogod\u0119 \u2013 je\u015bli panuj\u0105 nieziemskie upa\u0142y w\u00f3wczas warto wyjecha\u0107 albo wcze\u015bnie rano albo p\u00f3\u017ano w nocy by unikn\u0105\u0107 zbyt intensywnego s\u0142o\u0144ca, kt\u00f3re mo\u017ce przeszkadza\u0107 maluchowi. Taka pora jest tak\u017ce bezpieczniejsza ze wzgl\u0119du na mniejszy ruch na drogach. Ostatnia rzecz a jednocze\u015bnie najwa\u017cniejsza \u2013 na wakacje bierzemy tylko i wy\u0142\u0105cznie dziecko zdrowe. Je\u015bli widzisz, \u017ce Tw\u00f3j maluch jest niesw\u00f3j i mo\u017ce go co\u015b bra\u0107 zrezygnujcie z wakacji. Jest du\u017ca szansa, \u017ce rozwija si\u0119 w nim jaka\u015b infekcja i wakacje zamiast odpoczynkiem mog\u0105 by\u0107 zmor\u0105. Warto przed wyjazdem uda\u0107 si\u0119 z dzieckiem do pediatry, \u017ceby stwierdzi\u0142, czy nie ma przeciwwskaza\u0144 do wyjazdu. Doradzi tak\u017ce jakie leki przydadz\u0105 si\u0119 w podr\u00f3\u017cy.<\/p>\n<p><img loading=\"lazy\" decoding=\"async\" class=\"alignnone size-large wp-image-2003\" src=\"https:\/\/katarek.pl\/wp-content\/uploads\/2020\/07\/shutterstock_1693320331_easy-resize-com-1024x682.jpg\" alt=\"\" width=\"1024\" height=\"682\" srcset=\"https:\/\/katarek.pl\/wp-content\/uploads\/2020\/07\/shutterstock_1693320331_easy-resize-com-1024x682.jpg 1024w, https:\/\/katarek.pl\/wp-content\/uploads\/2020\/07\/shutterstock_1693320331_easy-resize-com-600x400.jpg 600w, https:\/\/katarek.pl\/wp-content\/uploads\/2020\/07\/shutterstock_1693320331_easy-resize-com-450x300.jpg 450w, https:\/\/katarek.pl\/wp-content\/uploads\/2020\/07\/shutterstock_1693320331_easy-resize-com-768x512.jpg 768w, https:\/\/katarek.pl\/wp-content\/uploads\/2020\/07\/shutterstock_1693320331_easy-resize-com-500x333.jpg 500w, https:\/\/katarek.pl\/wp-content\/uploads\/2020\/07\/shutterstock_1693320331_easy-resize-com-300x200.jpg 300w, https:\/\/katarek.pl\/wp-content\/uploads\/2020\/07\/shutterstock_1693320331_easy-resize-com.jpg 1280w\" sizes=\"(max-width: 1024px) 100vw, 1024px\" \/><\/p>\n<h2><strong>Komfortowa i bezpieczna jazda<\/strong><\/h2>\n<p>Je\u015bli wybieramy si\u0119 w podr\u00f3\u017c z niemowlakiem musimy zadba\u0107 aby jazda by\u0142a komfortowa i bezpieczna. Warto przed wyjazdem sprawdzi\u0107 samoch\u00f3d u mechanika i naprawi\u0107 ewentualne niedoci\u0105gni\u0119cia. Przed samym wyjazdem wywietrzmy dobrze samoch\u00f3d, zrezygnujmy z mocno alkoholowych spryskiwaczy na rzecz tych o nieco \u0142agodniejszym zapachu. Tylne szyby samochodu, gdzie b\u0119dzie siedzia\u0142o dziecko zaopatrzmy w os\u0142onki przeciws\u0142oneczne. Na siedzeniu gdzie przewidziane jest miejsce dla naszego ma\u0142ego pasa\u017cera roz\u015bcielmy koc lub inne zabezpieczenie na wypadek wszelkich zabrudze\u0144, kt\u00f3re przy taki ma\u0142ym dziecku s\u0105 wielce prawdopodobne. Komfort jazdy na pewno uzyskamy dzi\u0119ki klimatyzacji, przy czym r\u00f3\u017cnica pomi\u0119dzy wn\u0119trzem samochodu a temperatur\u0105 na zewn\u0105trz nie powinna przekracza\u0107 4 st. C. Nie dmuchajmy tak\u017ce klimatyzacj\u0105 na dziecko, to najcz\u0119stsza przyczyna infekcji u maluch\u00f3w podczas wakacji. Niezb\u0119dnym wyposa\u017ceniem samochodu jest tak\u017ce fotelik dla niemowlaka. Bez tego kategorycznie nie ruszaj z dzieckiem w drog\u0119. Jest to niebezpieczne i mo\u017ce zako\u0144czy\u0107 si\u0119 tragicznie. Przy wyborze dobrego fotelika pomocny mo\u017ce by\u0107 Internet a tak\u017ce rozmowa ze sprzedawcami tego typu produkt\u00f3w. Warto zasi\u0119gn\u0105\u0107 tak\u017ce opinii znajomych, kt\u00f3rzy taki wyb\u00f3r maj\u0105 ju\u017c za sob\u0105. Kiedy ju\u017c mamy fotelik trzeba zamontowa\u0107 go ty\u0142em do kierunku jazdy. Wg. bada\u0144 najbezpieczniejszym miejscem w samochodzie jest miejsce po\u015brodku tylnego siedzenia. Kiedy ju\u017c mamy przygotowany samoch\u00f3d mo\u017cemy rusza\u0107 w drog\u0119. Je\u015bli podr\u00f3\u017c trwa d\u0142ugo warto co 2-3 godziny robi\u0107 post\u00f3j \u2013 mo\u017cemy ten czas wykorzysta\u0107 na zmian\u0119 pieluchy malcowi czy upewnienie si\u0119, \u017ce nie jest spocone lub wych\u0142odzone od zbyt mocno podkr\u0119conej klimatyzacji. Post\u00f3j wykorzystajmy tak\u017ce na przewietrzenie samochodu. To czego nie wolno nam robi\u0107 pod \u017cadnym pozorem to zostawia\u0107 dziecko samo podczas postoju. Je\u015bli na polu jest gor\u0105co, taki nagrzany samoch\u00f3d stanowi dla dziecka niebezpiecze\u0144stwo udaru cieplnego.<\/p>\n<p><img loading=\"lazy\" decoding=\"async\" class=\"alignnone size-large wp-image-2000\" src=\"https:\/\/katarek.pl\/wp-content\/uploads\/2020\/07\/shutterstock_649523722_easy-resize-com-1024x682.jpg\" alt=\"\" width=\"1024\" height=\"682\" srcset=\"https:\/\/katarek.pl\/wp-content\/uploads\/2020\/07\/shutterstock_649523722_easy-resize-com-1024x682.jpg 1024w, https:\/\/katarek.pl\/wp-content\/uploads\/2020\/07\/shutterstock_649523722_easy-resize-com-600x400.jpg 600w, https:\/\/katarek.pl\/wp-content\/uploads\/2020\/07\/shutterstock_649523722_easy-resize-com-450x300.jpg 450w, https:\/\/katarek.pl\/wp-content\/uploads\/2020\/07\/shutterstock_649523722_easy-resize-com-768x512.jpg 768w, https:\/\/katarek.pl\/wp-content\/uploads\/2020\/07\/shutterstock_649523722_easy-resize-com-500x333.jpg 500w, https:\/\/katarek.pl\/wp-content\/uploads\/2020\/07\/shutterstock_649523722_easy-resize-com-300x200.jpg 300w, https:\/\/katarek.pl\/wp-content\/uploads\/2020\/07\/shutterstock_649523722_easy-resize-com.jpg 1280w\" sizes=\"(max-width: 1024px) 100vw, 1024px\" \/><\/p>\n<h2><strong>Wakacyjna torba niemowlaka<\/strong><\/h2>\n<p>Zanim zaczniemy pakowanie warto wcze\u015bniej zrobi\u0107 list\u0119 potrzebnych rzeczy, aby niczego nie zapomnie\u0107. Powinni\u015bmy spakowa\u0107 dwie torby \u2013 jedn\u0105 podr\u0119czn\u0105, z rzeczami pierwszej potrzeby, kt\u00f3r\u0105 b\u0119dziemy mie\u0107 w samochodzie oraz drug\u0105, z pozosta\u0142ymi rzeczami, kt\u00f3ra mo\u017ce spokojnie wyl\u0105dowa\u0107 w baga\u017cniku wraz z w\u00f3zkiem i innymi sprz\u0119tami. \u00a0W torbie podr\u0119cznej powinny znale\u017a\u0107 si\u0119:<\/p>\n<p>&#8211; pieluszki jednorazowe<\/p>\n<p>&#8211; nawil\u017cane chusteczki<\/p>\n<p>&#8211; podk\u0142ad do przewijania<\/p>\n<p>&#8211; krem na odparzenia<\/p>\n<p>&#8211; chusteczki higieniczne<\/p>\n<p>&#8211; r\u0119czniki papierowe<\/p>\n<p>&#8211; przegotowana woda w butelce, kt\u00f3r\u0105 mo\u017cna u\u017cy\u0107 do mycia<\/p>\n<p>&#8211; ubranka: najlepiej po 2 pary body, kaftanik\u00f3w, \u015bpioszk\u00f3w, cienka czapeczka, a je\u015bli jest ch\u0142odniej tak\u017ce cieplejsze ubranka<\/p>\n<p>&#8211; smoczki \u2013 je\u015bli dziecko ich u\u017cywa<\/p>\n<p>&#8211; krem ochrony z filtrem UV<\/p>\n<p>&#8211; leki: czopki przeciwgor\u0105czkowe i przeciwb\u00f3lowe, syrop, \u015brodek przeciw wzd\u0119ciom<\/p>\n<p>&#8211; jedzenie je\u015bli nie karmimy piersi\u0105, wraz z butelkami, podgrzewaczem<\/p>\n<p>&#8211; woda do picia<\/p>\n<p>&#8211; przytulanka lub inne zabawki, kt\u00f3re umil\u0105 dziecku czas podr\u00f3\u017cy<\/p>\n<p>&#8211; worki na brudne pieluszki czy inne \u015bmieci<\/p>\n<p>W drugiej torbie powinna\u015b zapakowa\u0107:<\/p>\n<p>&#8211; ksi\u0105\u017ceczk\u0119 zdrowia, legitymacj\u0119 ubezpieczeniow\u0105, numer do lekarza a je\u015bli wyje\u017cd\u017camy za granic\u0119 paszport lub dow\u00f3d tymczasowy<\/p>\n<p>&#8211; ciuszki w ilo\u015bci w zale\u017cno\u015bci od czasu jaki chcemy sp\u0119dzi\u0107 na wyje\u017adzie, warto pami\u0119ta\u0107 o kapelusiku od s\u0142o\u0144ca lub czapeczce, okularach przeciws\u0142onecznych oraz pieluszkach k\u0105pielowych<\/p>\n<p>&#8211; kocyk<\/p>\n<p>&#8211; smoczki<\/p>\n<p>&#8211; chusta do noszenia<\/p>\n<p>&#8211; kosmetyki i przybory piel\u0119gnacyjne: oliwka do k\u0105pieli, krem do piel\u0119gnacji pupy, waciki do podmywania, no\u017cyczki do paznokci, pampersy, r\u0119cznik, podk\u0142ady do przewijania, woreczki na zu\u017cyte pieluchy<\/p>\n<p>&#8211; jedzenie \u2013 je\u015bli karmisz piersi\u0105 przyda si\u0119 laktator, butelka do mleka i wk\u0142adki laktacyjne, je\u015bli dziecko je mleko modyfikowane w\u00f3wczas powinna\u015b si\u0119 w nie zaopatrzy\u0107<\/p>\n<p>&#8211; apteczka: witamina D3, probiotyki, gaza, s\u00f3l fizjologiczna, aspirator kataru, kt\u00f3ry mo\u017cesz u\u017cywa\u0107 w podr\u00f3\u017cy np.<a href=\"https:\/\/katarek.pl\/produkt\/aspirator-katarek-travel-2w1\/\"> Katarek Travel<\/a>, leki przeciwgor\u0105czkowe, termometr, plastry, woda utleniona w \u017celu<\/p>\n<p>&#8211; zabawki: w zale\u017cno\u015bci w jakim wieku jest malec zabierz mu takie zabawki kt\u00f3re lubi ale tak\u017ce nowe, kt\u00f3re go zaciekawi\u0105 i wype\u0142ni\u0105 czas podr\u00f3\u017cy.<\/p>\n<p>Wyjazd z dzieckiem mo\u017ce by\u0107 fajnym wspomnieniem pod warunkiem, \u017ce dobrze zaplanujesz i przygotujesz si\u0119 na wyjazd. Unikniesz w\u00f3wczas wszelkich mo\u017cliwych sytuacji stresuj\u0105cych i b\u0119dziesz mog\u0142a skorzysta\u0107 z urlopu.<\/p>\n","protected":false},"excerpt":"Decyzja zapad\u0142a \u2013 jedziemy na wakacje, trzeba odpocz\u0105\u0107 i na\u0142adowa\u0107 akumulatory dobr\u0105 energi\u0105. We dw\u00f3jk\u0119 by\u0142o \u0142atwiej bo wystarczy\u0142o spakowa\u0107 plecaki czy torby a nawet je\u015bli si\u0119 czego\u015b zapomnia\u0142o to w sumie zawsze jako\u015b mo\u017cna sobie by\u0142o poradzi\u0107. Jednak kiedy wybieramy si\u0119 w podr\u00f3\u017c z niemowlakiem musimy si\u0119 do takiej wycieczki porz\u0105dnie przygotowa\u0107. Dzi\u0119ki naszym [&hellip;]","author":7,"featured_media":2001,"comment_status":"open","ping_status":"open","sticky":false,"template":"","format":"standard","meta":{"_acf_changed":false,"inline_featured_image":false,"editor_plus_copied_stylings":"{}","footnotes":""},"categories":[28],"tags":[],"class_list":["post-1999","post","type-post","status-publish","format-standard","has-post-thumbnail","hentry","category-dziecko"],"yoast_head":"<!-- This site is optimized with the Yoast SEO plugin v27.4 - https:\/\/yoast.com\/product\/yoast-seo-wordpress\/ -->\n<title>Pierwsze wakacje z niemowlakiem - katarek.pl<\/title>\n<meta name=\"description\" content=\"Pierwsze wakacje z niemowlakiem - jak si\u0119 do nich przygotowa\u0107? Zobacz nasz\u0105 list\u0119 must have i ciesz si\u0119 udanym wyjazdem. Przeczytaj artyku\u0142!\" \/>\n<meta name=\"robots\" content=\"index, follow, max-snippet:-1, max-image-preview:large, max-video-preview:-1\" \/>\n<link rel=\"canonical\" href=\"https:\/\/katarek.pl\/pierwsze-wakacje-niemowlakiem\/\" \/>\n<meta property=\"og:locale\" content=\"pl_PL\" \/>\n<meta property=\"og:type\" content=\"article\" \/>\n<meta property=\"og:title\" content=\"Pierwsze wakacje z niemowlakiem - katarek.pl\" \/>\n<meta property=\"og:description\" content=\"Pierwsze wakacje z niemowlakiem - jak si\u0119 do nich przygotowa\u0107? Zobacz nasz\u0105 list\u0119 must have i ciesz si\u0119 udanym wyjazdem. Przeczytaj artyku\u0142!\" \/>\n<meta property=\"og:url\" content=\"https:\/\/katarek.pl\/pierwsze-wakacje-niemowlakiem\/\" \/>\n<meta property=\"og:site_name\" content=\"katarek.pl\" \/>\n<meta property=\"article:published_time\" content=\"2020-07-21T12:49:48+00:00\" \/>\n<meta property=\"article:modified_time\" content=\"2025-09-26T12:45:27+00:00\" \/>\n<meta property=\"og:image\" content=\"https:\/\/katarek.pl\/wp-content\/uploads\/2020\/07\/shutterstock_668255887_easy-resize-com.jpg\" \/>\n\t<meta property=\"og:image:width\" content=\"1280\" \/>\n\t<meta property=\"og:image:height\" content=\"908\" \/>\n\t<meta property=\"og:image:type\" content=\"image\/jpeg\" \/>\n<meta name=\"author\" content=\"katarek\" \/>\n<meta name=\"twitter:card\" content=\"summary_large_image\" \/>\n<meta name=\"twitter:label1\" content=\"Napisane przez\" \/>\n\t<meta name=\"twitter:data1\" content=\"katarek\" \/>\n\t<meta name=\"twitter:label2\" content=\"Szacowany czas czytania\" \/>\n\t<meta name=\"twitter:data2\" content=\"7 minut\" \/>\n<script type=\"application\/ld+json\" class=\"yoast-schema-graph\">{\"@context\":\"https:\\\/\\\/schema.org\",\"@graph\":[{\"@type\":\"Article\",\"@id\":\"https:\\\/\\\/katarek.pl\\\/pierwsze-wakacje-niemowlakiem\\\/#article\",\"isPartOf\":{\"@id\":\"https:\\\/\\\/katarek.pl\\\/pierwsze-wakacje-niemowlakiem\\\/\"},\"author\":{\"name\":\"katarek\",\"@id\":\"https:\\\/\\\/katarek.pl\\\/#\\\/schema\\\/person\\\/c7267555b2aaad4c6d15146a155bc430\"},\"headline\":\"Pierwsze wakacje z niemowlakiem\",\"datePublished\":\"2020-07-21T12:49:48+00:00\",\"dateModified\":\"2025-09-26T12:45:27+00:00\",\"mainEntityOfPage\":{\"@id\":\"https:\\\/\\\/katarek.pl\\\/pierwsze-wakacje-niemowlakiem\\\/\"},\"wordCount\":1194,\"commentCount\":0,\"image\":{\"@id\":\"https:\\\/\\\/katarek.pl\\\/pierwsze-wakacje-niemowlakiem\\\/#primaryimage\"},\"thumbnailUrl\":\"https:\\\/\\\/katarek.pl\\\/wp-content\\\/uploads\\\/2020\\\/07\\\/shutterstock_668255887_easy-resize-com.jpg\",\"articleSection\":[\"Dziecko\"],\"inLanguage\":\"pl-PL\"},{\"@type\":\"WebPage\",\"@id\":\"https:\\\/\\\/katarek.pl\\\/pierwsze-wakacje-niemowlakiem\\\/\",\"url\":\"https:\\\/\\\/katarek.pl\\\/pierwsze-wakacje-niemowlakiem\\\/\",\"name\":\"Pierwsze wakacje z niemowlakiem - katarek.pl\",\"isPartOf\":{\"@id\":\"https:\\\/\\\/katarek.pl\\\/#website\"},\"primaryImageOfPage\":{\"@id\":\"https:\\\/\\\/katarek.pl\\\/pierwsze-wakacje-niemowlakiem\\\/#primaryimage\"},\"image\":{\"@id\":\"https:\\\/\\\/katarek.pl\\\/pierwsze-wakacje-niemowlakiem\\\/#primaryimage\"},\"thumbnailUrl\":\"https:\\\/\\\/katarek.pl\\\/wp-content\\\/uploads\\\/2020\\\/07\\\/shutterstock_668255887_easy-resize-com.jpg\",\"datePublished\":\"2020-07-21T12:49:48+00:00\",\"dateModified\":\"2025-09-26T12:45:27+00:00\",\"author\":{\"@id\":\"https:\\\/\\\/katarek.pl\\\/#\\\/schema\\\/person\\\/c7267555b2aaad4c6d15146a155bc430\"},\"description\":\"Pierwsze wakacje z niemowlakiem - jak si\u0119 do nich przygotowa\u0107? Zobacz nasz\u0105 list\u0119 must have i ciesz si\u0119 udanym wyjazdem. Przeczytaj artyku\u0142!\",\"breadcrumb\":{\"@id\":\"https:\\\/\\\/katarek.pl\\\/pierwsze-wakacje-niemowlakiem\\\/#breadcrumb\"},\"inLanguage\":\"pl-PL\",\"potentialAction\":[{\"@type\":\"ReadAction\",\"target\":[\"https:\\\/\\\/katarek.pl\\\/pierwsze-wakacje-niemowlakiem\\\/\"]}]},{\"@type\":\"ImageObject\",\"inLanguage\":\"pl-PL\",\"@id\":\"https:\\\/\\\/katarek.pl\\\/pierwsze-wakacje-niemowlakiem\\\/#primaryimage\",\"url\":\"https:\\\/\\\/katarek.pl\\\/wp-content\\\/uploads\\\/2020\\\/07\\\/shutterstock_668255887_easy-resize-com.jpg\",\"contentUrl\":\"https:\\\/\\\/katarek.pl\\\/wp-content\\\/uploads\\\/2020\\\/07\\\/shutterstock_668255887_easy-resize-com.jpg\",\"width\":1280,\"height\":908},{\"@type\":\"BreadcrumbList\",\"@id\":\"https:\\\/\\\/katarek.pl\\\/pierwsze-wakacje-niemowlakiem\\\/#breadcrumb\",\"itemListElement\":[{\"@type\":\"ListItem\",\"position\":1,\"name\":\"Home\",\"item\":\"https:\\\/\\\/katarek.pl\\\/\"},{\"@type\":\"ListItem\",\"position\":2,\"name\":\"Blog\",\"item\":\"https:\\\/\\\/katarek.pl\\\/blog\\\/\"},{\"@type\":\"ListItem\",\"position\":3,\"name\":\"Pierwsze wakacje z niemowlakiem\"}]},{\"@type\":\"WebSite\",\"@id\":\"https:\\\/\\\/katarek.pl\\\/#website\",\"url\":\"https:\\\/\\\/katarek.pl\\\/\",\"name\":\"katarek.pl\",\"description\":\"\",\"potentialAction\":[{\"@type\":\"SearchAction\",\"target\":{\"@type\":\"EntryPoint\",\"urlTemplate\":\"https:\\\/\\\/katarek.pl\\\/?s={search_term_string}\"},\"query-input\":{\"@type\":\"PropertyValueSpecification\",\"valueRequired\":true,\"valueName\":\"search_term_string\"}}],\"inLanguage\":\"pl-PL\"},{\"@type\":\"Person\",\"@id\":\"https:\\\/\\\/katarek.pl\\\/#\\\/schema\\\/person\\\/c7267555b2aaad4c6d15146a155bc430\",\"name\":\"katarek\",\"url\":\"https:\\\/\\\/katarek.pl\\\/author\\\/katarek\\\/\"}]}<\/script>\n<!-- \/ Yoast SEO plugin. -->","yoast_head_json":{"title":"Pierwsze wakacje z niemowlakiem - katarek.pl","description":"Pierwsze wakacje z niemowlakiem - jak si\u0119 do nich przygotowa\u0107? Zobacz nasz\u0105 list\u0119 must have i ciesz si\u0119 udanym wyjazdem. Przeczytaj artyku\u0142!","robots":{"index":"index","follow":"follow","max-snippet":"max-snippet:-1","max-image-preview":"max-image-preview:large","max-video-preview":"max-video-preview:-1"},"canonical":"https:\/\/katarek.pl\/pierwsze-wakacje-niemowlakiem\/","og_locale":"pl_PL","og_type":"article","og_title":"Pierwsze wakacje z niemowlakiem - katarek.pl","og_description":"Pierwsze wakacje z niemowlakiem - jak si\u0119 do nich przygotowa\u0107? Zobacz nasz\u0105 list\u0119 must have i ciesz si\u0119 udanym wyjazdem. Przeczytaj artyku\u0142!","og_url":"https:\/\/katarek.pl\/pierwsze-wakacje-niemowlakiem\/","og_site_name":"katarek.pl","article_published_time":"2020-07-21T12:49:48+00:00","article_modified_time":"2025-09-26T12:45:27+00:00","og_image":[{"width":1280,"height":908,"url":"https:\/\/katarek.pl\/wp-content\/uploads\/2020\/07\/shutterstock_668255887_easy-resize-com.jpg","type":"image\/jpeg"}],"author":"katarek","twitter_card":"summary_large_image","twitter_misc":{"Napisane przez":"katarek","Szacowany czas czytania":"7 minut"},"schema":{"@context":"https:\/\/schema.org","@graph":[{"@type":"Article","@id":"https:\/\/katarek.pl\/pierwsze-wakacje-niemowlakiem\/#article","isPartOf":{"@id":"https:\/\/katarek.pl\/pierwsze-wakacje-niemowlakiem\/"},"author":{"name":"katarek","@id":"https:\/\/katarek.pl\/#\/schema\/person\/c7267555b2aaad4c6d15146a155bc430"},"headline":"Pierwsze wakacje z niemowlakiem","datePublished":"2020-07-21T12:49:48+00:00","dateModified":"2025-09-26T12:45:27+00:00","mainEntityOfPage":{"@id":"https:\/\/katarek.pl\/pierwsze-wakacje-niemowlakiem\/"},"wordCount":1194,"commentCount":0,"image":{"@id":"https:\/\/katarek.pl\/pierwsze-wakacje-niemowlakiem\/#primaryimage"},"thumbnailUrl":"https:\/\/katarek.pl\/wp-content\/uploads\/2020\/07\/shutterstock_668255887_easy-resize-com.jpg","articleSection":["Dziecko"],"inLanguage":"pl-PL"},{"@type":"WebPage","@id":"https:\/\/katarek.pl\/pierwsze-wakacje-niemowlakiem\/","url":"https:\/\/katarek.pl\/pierwsze-wakacje-niemowlakiem\/","name":"Pierwsze wakacje z niemowlakiem - katarek.pl","isPartOf":{"@id":"https:\/\/katarek.pl\/#website"},"primaryImageOfPage":{"@id":"https:\/\/katarek.pl\/pierwsze-wakacje-niemowlakiem\/#primaryimage"},"image":{"@id":"https:\/\/katarek.pl\/pierwsze-wakacje-niemowlakiem\/#primaryimage"},"thumbnailUrl":"https:\/\/katarek.pl\/wp-content\/uploads\/2020\/07\/shutterstock_668255887_easy-resize-com.jpg","datePublished":"2020-07-21T12:49:48+00:00","dateModified":"2025-09-26T12:45:27+00:00","author":{"@id":"https:\/\/katarek.pl\/#\/schema\/person\/c7267555b2aaad4c6d15146a155bc430"},"description":"Pierwsze wakacje z niemowlakiem - jak si\u0119 do nich przygotowa\u0107? Zobacz nasz\u0105 list\u0119 must have i ciesz si\u0119 udanym wyjazdem. Przeczytaj artyku\u0142!","breadcrumb":{"@id":"https:\/\/katarek.pl\/pierwsze-wakacje-niemowlakiem\/#breadcrumb"},"inLanguage":"pl-PL","potentialAction":[{"@type":"ReadAction","target":["https:\/\/katarek.pl\/pierwsze-wakacje-niemowlakiem\/"]}]},{"@type":"ImageObject","inLanguage":"pl-PL","@id":"https:\/\/katarek.pl\/pierwsze-wakacje-niemowlakiem\/#primaryimage","url":"https:\/\/katarek.pl\/wp-content\/uploads\/2020\/07\/shutterstock_668255887_easy-resize-com.jpg","contentUrl":"https:\/\/katarek.pl\/wp-content\/uploads\/2020\/07\/shutterstock_668255887_easy-resize-com.jpg","width":1280,"height":908},{"@type":"BreadcrumbList","@id":"https:\/\/katarek.pl\/pierwsze-wakacje-niemowlakiem\/#breadcrumb","itemListElement":[{"@type":"ListItem","position":1,"name":"Home","item":"https:\/\/katarek.pl\/"},{"@type":"ListItem","position":2,"name":"Blog","item":"https:\/\/katarek.pl\/blog\/"},{"@type":"ListItem","position":3,"name":"Pierwsze wakacje z niemowlakiem"}]},{"@type":"WebSite","@id":"https:\/\/katarek.pl\/#website","url":"https:\/\/katarek.pl\/","name":"katarek.pl","description":"","potentialAction":[{"@type":"SearchAction","target":{"@type":"EntryPoint","urlTemplate":"https:\/\/katarek.pl\/?s={search_term_string}"},"query-input":{"@type":"PropertyValueSpecification","valueRequired":true,"valueName":"search_term_string"}}],"inLanguage":"pl-PL"},{"@type":"Person","@id":"https:\/\/katarek.pl\/#\/schema\/person\/c7267555b2aaad4c6d15146a155bc430","name":"katarek","url":"https:\/\/katarek.pl\/author\/katarek\/"}]}},"acf":[],"gutenberg_blocks":[{"blockName":"custom-styles","attrs":{"styles":""}}],"meta_data":false,"featured_image":{"url":"https:\/\/katarek.pl\/wp-content\/uploads\/2020\/07\/shutterstock_668255887_easy-resize-com-1024x726.jpg"},"main_category":{"name":"Dziecko"},"prev_page":{"slug":"jak-rozrzedzic-katar-u-dziecka"},"next_page":{"slug":"katar-u-dziecka-a-basen"},"_links":{"self":[{"href":"https:\/\/katarek.pl\/index.php\/wp-json\/wp\/v2\/posts\/1999","targetHints":{"allow":["GET"]}}],"collection":[{"href":"https:\/\/katarek.pl\/index.php\/wp-json\/wp\/v2\/posts"}],"about":[{"href":"https:\/\/katarek.pl\/index.php\/wp-json\/wp\/v2\/types\/post"}],"author":[{"embeddable":true,"href":"https:\/\/katarek.pl\/index.php\/wp-json\/wp\/v2\/users\/7"}],"replies":[{"embeddable":true,"href":"https:\/\/katarek.pl\/index.php\/wp-json\/wp\/v2\/comments?post=1999"}],"version-history":[{"count":1,"href":"https:\/\/katarek.pl\/index.php\/wp-json\/wp\/v2\/posts\/1999\/revisions"}],"predecessor-version":[{"id":3737,"href":"https:\/\/katarek.pl\/index.php\/wp-json\/wp\/v2\/posts\/1999\/revisions\/3737"}],"wp:featuredmedia":[{"embeddable":true,"href":"https:\/\/katarek.pl\/index.php\/wp-json\/wp\/v2\/media\/2001"}],"wp:attachment":[{"href":"https:\/\/katarek.pl\/index.php\/wp-json\/wp\/v2\/media?parent=1999"}],"wp:term":[{"taxonomy":"category","embeddable":true,"href":"https:\/\/katarek.pl\/index.php\/wp-json\/wp\/v2\/categories?post=1999"},{"taxonomy":"post_tag","embeddable":true,"href":"https:\/\/katarek.pl\/index.php\/wp-json\/wp\/v2\/tags?post=1999"}],"curies":[{"name":"wp","href":"https:\/\/api.w.org\/{rel}","templated":true}]}}