{"id":1798,"date":"2019-11-25T17:01:19","date_gmt":"2019-11-25T16:01:19","guid":{"rendered":"https:\/\/katarek.pl\/blog\/?p=1798"},"modified":"2019-11-25T17:01:19","modified_gmt":"2019-11-25T16:01:19","slug":"czy-dziecko-z-katarem-moze-isc-do-szkoly-przedszkola","status":"publish","type":"post","link":"https:\/\/katarek.pl\/czy-dziecko-z-katarem-moze-isc-do-szkoly-przedszkola\/","title":{"rendered":"Czy dziecko z katarem mo\u017ce i\u015b\u0107 do szko\u0142y \/ przedszkola?"},"content":{"rendered":"<p><em>Kiedy dziecko z katarem nale\u017cy zostawi\u0107 w domu?<\/em> &#8211; To pytanie zadaj\u0105 sobie chyba wszyscy rodzice odk\u0105d tylko ich dzieci zaczynaj\u0105 chodzi\u0107 do \u017c\u0142obka, przedszkola czy szko\u0142y. I tak naprawd\u0119 trudno znale\u017a\u0107 na nie jednoznaczn\u0105 odpowied\u017a &#8211; ka\u017cdy lekarz ma inne zdanie na ten temat, r\u00f3wnie\u017c rodzice podzielili si\u0119 w tej kwestii. Jak to w ko\u0144cu jest z tym katarem? I jakie argumenty wysuwaj\u0105 obie strony? <strong>Czy dziecko z katarem mo\u017ce i\u015b\u0107 do przedszkola czy szko\u0142y?<\/strong><\/p>\n<h2>Czym tak naprawd\u0119 jest katar?<\/h2>\n<p>Przede wszystkim warto pami\u0119ta\u0107, \u017ce <b>katar to nie choroba<\/b> i niekoniecznie jego \u017ar\u00f3d\u0142em musi by\u0107 infekcja. Tym argumentem pos\u0142uguj\u0105 si\u0119 zwolennicy tezy, \u017ce dzieci z katarem nale\u017cy posy\u0142a\u0107 do szko\u0142y czy przedszkola i nie ma ku temu przeciwwskaza\u0144. Natomiast druga strona sporu twierdzi, \u017ce katar to w\u0142a\u015bnie pierwszy objaw choroby, kt\u00f3ra na tym etapie mo\u017ce ju\u017c przenosi\u0107 si\u0119 na inne dzieci i powodowa\u0107 typow\u0105 w \u015brodowisku, przedszkoln\u0105 epidemi\u0119, kt\u00f3ra w zasadzie nie ko\u0144czy si\u0119 przez ca\u0142y sezon jesienno-zimowy, a zatem mo\u017ce trwa\u0107 nawet przez kilka d\u0142ugich miesi\u0119cy.<\/p>\n<p>Mimo to <em>rodzice cz\u0119sto posy\u0142aj\u0105 dziecko z katarem do przedszkola<\/em>, cz\u0119sto argumentuj\u0105c to &#8222;zimnym chowem&#8221; praktykowanym w innych krajach (w szczeg\u00f3lno\u015bci w Skandynawii i Wielkiej Brytanii), gdzie dzieci ciesz\u0105 si\u0119 dzi\u0119ki temu wi\u0119ksz\u0105 odporno\u015bci\u0105. \u017beby jednak zbada\u0107 faktyczn\u0105 zale\u017cno\u015b\u0107 mi\u0119dzy jednym a drugim sposobem radzenia sobie z przezi\u0119bieniami, nale\u017ca\u0142oby si\u0119gn\u0105\u0107 do powa\u017cnych bada\u0144. Bez tego dyskusja jest bezowocna, jako \u017ce argumenty anegdotyczne jednej i drugiej strony nie maj\u0105 \u017cadnego uzasadnienia biologicznego.<\/p>\n<h2>Kiedy dziecko powinno zosta\u0107 w domu?<\/h2>\n<p>Pediatrzy najcz\u0119\u015bciej podaj\u0105 kilka objaw\u00f3w, kt\u00f3re zdecydowanie skre\u015blaj\u0105 mo\u017cliwo\u015b\u0107 puszczenia dziecka do szko\u0142y i nie powinno si\u0119 ich w \u017cadnym wypadku kwestionowa\u0107. Nale\u017c\u0105 do nich:<\/p>\n<ul>\n<li>gor\u0105czka powy\u017cej 37.5 stopni. Po pierwsze dzieci z tak\u0105 temperatur\u0105 b\u0119d\u0105 czu\u0142y si\u0119 naprawd\u0119 \u017ale i pobyt w przedszkolu czy szkole b\u0119dzie dla nich zwyczajnie nieprzyjemny i m\u0119cz\u0105cy. Apatia i rozdra\u017cnienie powoduj\u0105 brak ochoty na jak\u0105kolwiek aktywno\u015b\u0107 u dziecka. Jednak co jeszcze wa\u017cniejsze, <b>podwy\u017cszona temperatura w po\u0142\u0105czeniu z katarem prawie na pewno oznaczaj\u0105 infekcj\u0119<\/b>.<\/li>\n<li>biegunka i wymioty, czyli problemy z uk\u0142adem pokarmowym. To najcz\u0119\u015bciej symptomy infekcji wirusowej. Mog\u0105 spowodowa\u0107 os\u0142abienie i odwodnienie organizmu, a do tego zara\u017cenie innych dzieci jest prawie pewne &#8211; dziecko zdecydowanie powinno zosta\u0107 w\u00f3wczas w domu.<\/li>\n<li>wysypka. Mo\u017ce by\u0107 zwyk\u0142\u0105 reakcj\u0105 alergiczn\u0105, ale cz\u0119sto okazuje si\u0119, \u017ce jest pierwszym objawem chor\u00f3b zaka\u017anych (takich jak ospa, odra czy r\u00f3\u017cyczka). W razie jakichkolwiek w\u0105tpliwo\u015bci konieczna b\u0119dzie konsultacja z lekarzem. <b>Dziecko z katarem i powy\u017cszymi objawami w przedszkolu mo\u017ce stanowi\u0107 naprawd\u0119 du\u017ce zagro\u017cenie dla r\u00f3wie\u015bnik\u00f3w<\/b>.<\/li>\n<li>b\u00f3l ucha. Dziecko z b\u00f3lem ucha i g\u0142owy uczy si\u0119 z trudem i nie mo\u017ce si\u0119 skupi\u0107, a do tego mo\u017ce si\u0119 okaza\u0107, \u017ce b\u00f3l spowodowany jest zapaleniem ucha czy zatok. Im wcze\u015bniej rozpoznasz chorob\u0119, tym szybciej pozb\u0119dziesz si\u0119 jej przyczyny.<\/li>\n<\/ul>\n<p><img loading=\"lazy\" decoding=\"async\" class=\"alignnone size-full wp-image-1802\" src=\"https:\/\/katarek.pl\/wp-content\/uploads\/2019\/11\/dziecko-z-katarem-w-przedszkolu.jpg\" alt=\"Katar w przedszkolu\" width=\"1200\" height=\"797\" srcset=\"https:\/\/katarek.pl\/wp-content\/uploads\/2019\/11\/dziecko-z-katarem-w-przedszkolu.jpg 1200w, https:\/\/katarek.pl\/wp-content\/uploads\/2019\/11\/dziecko-z-katarem-w-przedszkolu-600x399.jpg 600w, https:\/\/katarek.pl\/wp-content\/uploads\/2019\/11\/dziecko-z-katarem-w-przedszkolu-450x299.jpg 450w, https:\/\/katarek.pl\/wp-content\/uploads\/2019\/11\/dziecko-z-katarem-w-przedszkolu-768x510.jpg 768w, https:\/\/katarek.pl\/wp-content\/uploads\/2019\/11\/dziecko-z-katarem-w-przedszkolu-1024x680.jpg 1024w, https:\/\/katarek.pl\/wp-content\/uploads\/2019\/11\/dziecko-z-katarem-w-przedszkolu-500x332.jpg 500w, https:\/\/katarek.pl\/wp-content\/uploads\/2019\/11\/dziecko-z-katarem-w-przedszkolu-300x199.jpg 300w\" sizes=\"(max-width: 1200px) 100vw, 1200px\" \/><\/p>\n<h2>Czy dziecko z katarem mo\u017ce i\u015b\u0107 do przedszkola?<\/h2>\n<p>Owszem, mo\u017ce. Natomiast od tego, co jest przyczyn\u0105 kataru zale\u017cy, czy inne dzieci z\u0142api\u0105 przezi\u0119bienie, gryp\u0119 lub inn\u0105 chorob\u0119, kt\u00f3ra spowodowa\u0142a katar. Cz\u0119sto w przypadku gdy katar jest objawem nadchodz\u0105cej infekcji, nie wyst\u0119puje samodzielnie. Dlatego warto zwr\u00f3ci\u0107 uwag\u0119 na wszystkie symptomy opisane powy\u017cej i dopiero zadecydowa\u0107, czy puszcza\u0107 dziecko z katarem do przedszkola czy jednak zostawi\u0107 na dzie\u0144 czy dwa w domu. <em>Katar a p\u00f3j\u015bcie do przedszkola<\/em> to nie taka prosta sprawa, dlatego nale\u017cy si\u0119 porz\u0105dnie zastanowi\u0107 przed podj\u0119ciem decyzji i wzi\u0105\u0107 pod uwag\u0119 indywidualne predyspozycje oraz potrzeby malucha.<\/p>\n<h3>Jak dba\u0107 o odporno\u015b\u0107 malucha?<\/h3>\n<p><a href=\"https:\/\/katarek.pl\/blog\/wzmocnic-naturalna-odpornosc-dziecka\/\">Jak zatem wzmocni\u0107 odporno\u015b\u0107 dziecka<\/a>? Zostawia\u0107 je w domu czy wysy\u0142a\u0107 do przedszkola z katarem czy b\u00f3lem g\u0142owy? Dzia\u0142a\u0107 profilaktycznie, objawowo czy eksponowa\u0107 na dzia\u0142anie zarazk\u00f3w, by uodporni\u0142o si\u0119 w naturalny spos\u00f3b?<\/p>\n<p>Prawda jest taka, \u017ce ka\u017cda przebyta infekcja wzmacnia uk\u0142ad odporno\u015bciowy. Dzieje si\u0119 tak, poniewa\u017c organizm wytwarza wtedy wa\u017cne przeciwcia\u0142a. Katar nie jest wcale szkodliwy &#8211; stymuluje uk\u0142ad immunologiczny do tego, by skutecznie walczy\u0142 z chorob\u0105. Opr\u00f3cz tego uczy go prawid\u0142owych reakcji obronnych. Dlatego dziecko, kt\u00f3re sp\u0119dza ca\u0142y czas w domu, nie wykszta\u0142ci odpowiednich mechanizm\u00f3w. Zadbaj o jego aktywno\u015b\u0107 fizyczn\u0105 i przebywanie na \u015bwie\u017cym powietrzu, a do tego zdrow\u0105 diet\u0119. I \u017caden katar nie b\u0119dzie mu gro\u017any!<\/p>\n","protected":false},"excerpt":"Kiedy dziecko z katarem nale\u017cy zostawi\u0107 w domu? &#8211; To pytanie zadaj\u0105 sobie chyba wszyscy rodzice odk\u0105d tylko ich dzieci zaczynaj\u0105 chodzi\u0107 do \u017c\u0142obka, przedszkola czy szko\u0142y. I tak naprawd\u0119 trudno znale\u017a\u0107 na nie jednoznaczn\u0105 odpowied\u017a &#8211; ka\u017cdy lekarz ma inne zdanie na ten temat, r\u00f3wnie\u017c rodzice podzielili si\u0119 w tej kwestii. Jak to w [&hellip;]","author":7,"featured_media":1801,"comment_status":"open","ping_status":"open","sticky":false,"template":"","format":"standard","meta":{"_acf_changed":false,"inline_featured_image":false,"editor_plus_copied_stylings":"{}","footnotes":""},"categories":[28,40],"tags":[],"class_list":["post-1798","post","type-post","status-publish","format-standard","has-post-thumbnail","hentry","category-dziecko","category-rozwoj-i-wychowanie"],"yoast_head":"<!-- This site is optimized with the Yoast SEO plugin v27.4 - https:\/\/yoast.com\/product\/yoast-seo-wordpress\/ -->\n<title>Czy dziecko z katarem mo\u017ce i\u015b\u0107 do szko\u0142y lub przedszkola? - blog Katarek<\/title>\n<meta name=\"description\" content=\"Kiedy dziecko z katarem nale\u017cy zostawi\u0107 w domu? Podpowiadamy jak podj\u0105\u0107 decyzj\u0119, czy wysy\u0142a\u0107 dziecko z katarem do szko\u0142y lub przedszkola.\" \/>\n<meta name=\"robots\" content=\"index, follow, max-snippet:-1, max-image-preview:large, max-video-preview:-1\" \/>\n<link rel=\"canonical\" href=\"https:\/\/katarek.pl\/czy-dziecko-z-katarem-moze-isc-do-szkoly-przedszkola\/\" \/>\n<meta property=\"og:locale\" content=\"pl_PL\" \/>\n<meta property=\"og:type\" content=\"article\" \/>\n<meta property=\"og:title\" content=\"Czy dziecko z katarem mo\u017ce i\u015b\u0107 do szko\u0142y lub przedszkola? - blog Katarek\" \/>\n<meta property=\"og:description\" content=\"Kiedy dziecko z katarem nale\u017cy zostawi\u0107 w domu? Podpowiadamy jak podj\u0105\u0107 decyzj\u0119, czy wysy\u0142a\u0107 dziecko z katarem do szko\u0142y lub przedszkola.\" \/>\n<meta property=\"og:url\" content=\"https:\/\/katarek.pl\/czy-dziecko-z-katarem-moze-isc-do-szkoly-przedszkola\/\" \/>\n<meta property=\"og:site_name\" content=\"katarek.pl\" \/>\n<meta property=\"article:published_time\" content=\"2019-11-25T16:01:19+00:00\" \/>\n<meta property=\"og:image\" content=\"https:\/\/katarek.pl\/wp-content\/uploads\/2019\/11\/do-przedszkola-z-katarem.jpg\" \/>\n\t<meta property=\"og:image:width\" content=\"1200\" \/>\n\t<meta property=\"og:image:height\" content=\"800\" \/>\n\t<meta property=\"og:image:type\" content=\"image\/jpeg\" \/>\n<meta name=\"author\" content=\"katarek\" \/>\n<meta name=\"twitter:card\" content=\"summary_large_image\" \/>\n<meta name=\"twitter:label1\" content=\"Napisane przez\" \/>\n\t<meta name=\"twitter:data1\" content=\"katarek\" \/>\n\t<meta name=\"twitter:label2\" content=\"Szacowany czas czytania\" \/>\n\t<meta name=\"twitter:data2\" content=\"4 minuty\" \/>\n<script type=\"application\/ld+json\" class=\"yoast-schema-graph\">{\"@context\":\"https:\\\/\\\/schema.org\",\"@graph\":[{\"@type\":\"Article\",\"@id\":\"https:\\\/\\\/katarek.pl\\\/czy-dziecko-z-katarem-moze-isc-do-szkoly-przedszkola\\\/#article\",\"isPartOf\":{\"@id\":\"https:\\\/\\\/katarek.pl\\\/czy-dziecko-z-katarem-moze-isc-do-szkoly-przedszkola\\\/\"},\"author\":{\"name\":\"katarek\",\"@id\":\"https:\\\/\\\/katarek.pl\\\/#\\\/schema\\\/person\\\/c7267555b2aaad4c6d15146a155bc430\"},\"headline\":\"Czy dziecko z katarem mo\u017ce i\u015b\u0107 do szko\u0142y \\\/ przedszkola?\",\"datePublished\":\"2019-11-25T16:01:19+00:00\",\"mainEntityOfPage\":{\"@id\":\"https:\\\/\\\/katarek.pl\\\/czy-dziecko-z-katarem-moze-isc-do-szkoly-przedszkola\\\/\"},\"wordCount\":795,\"commentCount\":0,\"image\":{\"@id\":\"https:\\\/\\\/katarek.pl\\\/czy-dziecko-z-katarem-moze-isc-do-szkoly-przedszkola\\\/#primaryimage\"},\"thumbnailUrl\":\"https:\\\/\\\/katarek.pl\\\/wp-content\\\/uploads\\\/2019\\\/11\\\/do-przedszkola-z-katarem.jpg\",\"articleSection\":[\"Dziecko\",\"Rozw\u00f3j i wychowanie\"],\"inLanguage\":\"pl-PL\"},{\"@type\":\"WebPage\",\"@id\":\"https:\\\/\\\/katarek.pl\\\/czy-dziecko-z-katarem-moze-isc-do-szkoly-przedszkola\\\/\",\"url\":\"https:\\\/\\\/katarek.pl\\\/czy-dziecko-z-katarem-moze-isc-do-szkoly-przedszkola\\\/\",\"name\":\"Czy dziecko z katarem mo\u017ce i\u015b\u0107 do szko\u0142y lub przedszkola? - blog Katarek\",\"isPartOf\":{\"@id\":\"https:\\\/\\\/katarek.pl\\\/#website\"},\"primaryImageOfPage\":{\"@id\":\"https:\\\/\\\/katarek.pl\\\/czy-dziecko-z-katarem-moze-isc-do-szkoly-przedszkola\\\/#primaryimage\"},\"image\":{\"@id\":\"https:\\\/\\\/katarek.pl\\\/czy-dziecko-z-katarem-moze-isc-do-szkoly-przedszkola\\\/#primaryimage\"},\"thumbnailUrl\":\"https:\\\/\\\/katarek.pl\\\/wp-content\\\/uploads\\\/2019\\\/11\\\/do-przedszkola-z-katarem.jpg\",\"datePublished\":\"2019-11-25T16:01:19+00:00\",\"author\":{\"@id\":\"https:\\\/\\\/katarek.pl\\\/#\\\/schema\\\/person\\\/c7267555b2aaad4c6d15146a155bc430\"},\"description\":\"Kiedy dziecko z katarem nale\u017cy zostawi\u0107 w domu? Podpowiadamy jak podj\u0105\u0107 decyzj\u0119, czy wysy\u0142a\u0107 dziecko z katarem do szko\u0142y lub przedszkola.\",\"breadcrumb\":{\"@id\":\"https:\\\/\\\/katarek.pl\\\/czy-dziecko-z-katarem-moze-isc-do-szkoly-przedszkola\\\/#breadcrumb\"},\"inLanguage\":\"pl-PL\",\"potentialAction\":[{\"@type\":\"ReadAction\",\"target\":[\"https:\\\/\\\/katarek.pl\\\/czy-dziecko-z-katarem-moze-isc-do-szkoly-przedszkola\\\/\"]}]},{\"@type\":\"ImageObject\",\"inLanguage\":\"pl-PL\",\"@id\":\"https:\\\/\\\/katarek.pl\\\/czy-dziecko-z-katarem-moze-isc-do-szkoly-przedszkola\\\/#primaryimage\",\"url\":\"https:\\\/\\\/katarek.pl\\\/wp-content\\\/uploads\\\/2019\\\/11\\\/do-przedszkola-z-katarem.jpg\",\"contentUrl\":\"https:\\\/\\\/katarek.pl\\\/wp-content\\\/uploads\\\/2019\\\/11\\\/do-przedszkola-z-katarem.jpg\",\"width\":1200,\"height\":800,\"caption\":\"Wysy\u0142anie dziecka z katarem do przedszkola\"},{\"@type\":\"BreadcrumbList\",\"@id\":\"https:\\\/\\\/katarek.pl\\\/czy-dziecko-z-katarem-moze-isc-do-szkoly-przedszkola\\\/#breadcrumb\",\"itemListElement\":[{\"@type\":\"ListItem\",\"position\":1,\"name\":\"Home\",\"item\":\"https:\\\/\\\/katarek.pl\\\/\"},{\"@type\":\"ListItem\",\"position\":2,\"name\":\"Blog\",\"item\":\"https:\\\/\\\/katarek.pl\\\/blog\\\/\"},{\"@type\":\"ListItem\",\"position\":3,\"name\":\"Czy dziecko z katarem mo\u017ce i\u015b\u0107 do szko\u0142y \\\/ przedszkola?\"}]},{\"@type\":\"WebSite\",\"@id\":\"https:\\\/\\\/katarek.pl\\\/#website\",\"url\":\"https:\\\/\\\/katarek.pl\\\/\",\"name\":\"katarek.pl\",\"description\":\"\",\"potentialAction\":[{\"@type\":\"SearchAction\",\"target\":{\"@type\":\"EntryPoint\",\"urlTemplate\":\"https:\\\/\\\/katarek.pl\\\/?s={search_term_string}\"},\"query-input\":{\"@type\":\"PropertyValueSpecification\",\"valueRequired\":true,\"valueName\":\"search_term_string\"}}],\"inLanguage\":\"pl-PL\"},{\"@type\":\"Person\",\"@id\":\"https:\\\/\\\/katarek.pl\\\/#\\\/schema\\\/person\\\/c7267555b2aaad4c6d15146a155bc430\",\"name\":\"katarek\",\"url\":\"https:\\\/\\\/katarek.pl\\\/author\\\/katarek\\\/\"}]}<\/script>\n<!-- \/ Yoast SEO plugin. -->","yoast_head_json":{"title":"Czy dziecko z katarem mo\u017ce i\u015b\u0107 do szko\u0142y lub przedszkola? - blog Katarek","description":"Kiedy dziecko z katarem nale\u017cy zostawi\u0107 w domu? Podpowiadamy jak podj\u0105\u0107 decyzj\u0119, czy wysy\u0142a\u0107 dziecko z katarem do szko\u0142y lub przedszkola.","robots":{"index":"index","follow":"follow","max-snippet":"max-snippet:-1","max-image-preview":"max-image-preview:large","max-video-preview":"max-video-preview:-1"},"canonical":"https:\/\/katarek.pl\/czy-dziecko-z-katarem-moze-isc-do-szkoly-przedszkola\/","og_locale":"pl_PL","og_type":"article","og_title":"Czy dziecko z katarem mo\u017ce i\u015b\u0107 do szko\u0142y lub przedszkola? - blog Katarek","og_description":"Kiedy dziecko z katarem nale\u017cy zostawi\u0107 w domu? Podpowiadamy jak podj\u0105\u0107 decyzj\u0119, czy wysy\u0142a\u0107 dziecko z katarem do szko\u0142y lub przedszkola.","og_url":"https:\/\/katarek.pl\/czy-dziecko-z-katarem-moze-isc-do-szkoly-przedszkola\/","og_site_name":"katarek.pl","article_published_time":"2019-11-25T16:01:19+00:00","og_image":[{"width":1200,"height":800,"url":"https:\/\/katarek.pl\/wp-content\/uploads\/2019\/11\/do-przedszkola-z-katarem.jpg","type":"image\/jpeg"}],"author":"katarek","twitter_card":"summary_large_image","twitter_misc":{"Napisane przez":"katarek","Szacowany czas czytania":"4 minuty"},"schema":{"@context":"https:\/\/schema.org","@graph":[{"@type":"Article","@id":"https:\/\/katarek.pl\/czy-dziecko-z-katarem-moze-isc-do-szkoly-przedszkola\/#article","isPartOf":{"@id":"https:\/\/katarek.pl\/czy-dziecko-z-katarem-moze-isc-do-szkoly-przedszkola\/"},"author":{"name":"katarek","@id":"https:\/\/katarek.pl\/#\/schema\/person\/c7267555b2aaad4c6d15146a155bc430"},"headline":"Czy dziecko z katarem mo\u017ce i\u015b\u0107 do szko\u0142y \/ przedszkola?","datePublished":"2019-11-25T16:01:19+00:00","mainEntityOfPage":{"@id":"https:\/\/katarek.pl\/czy-dziecko-z-katarem-moze-isc-do-szkoly-przedszkola\/"},"wordCount":795,"commentCount":0,"image":{"@id":"https:\/\/katarek.pl\/czy-dziecko-z-katarem-moze-isc-do-szkoly-przedszkola\/#primaryimage"},"thumbnailUrl":"https:\/\/katarek.pl\/wp-content\/uploads\/2019\/11\/do-przedszkola-z-katarem.jpg","articleSection":["Dziecko","Rozw\u00f3j i wychowanie"],"inLanguage":"pl-PL"},{"@type":"WebPage","@id":"https:\/\/katarek.pl\/czy-dziecko-z-katarem-moze-isc-do-szkoly-przedszkola\/","url":"https:\/\/katarek.pl\/czy-dziecko-z-katarem-moze-isc-do-szkoly-przedszkola\/","name":"Czy dziecko z katarem mo\u017ce i\u015b\u0107 do szko\u0142y lub przedszkola? - blog Katarek","isPartOf":{"@id":"https:\/\/katarek.pl\/#website"},"primaryImageOfPage":{"@id":"https:\/\/katarek.pl\/czy-dziecko-z-katarem-moze-isc-do-szkoly-przedszkola\/#primaryimage"},"image":{"@id":"https:\/\/katarek.pl\/czy-dziecko-z-katarem-moze-isc-do-szkoly-przedszkola\/#primaryimage"},"thumbnailUrl":"https:\/\/katarek.pl\/wp-content\/uploads\/2019\/11\/do-przedszkola-z-katarem.jpg","datePublished":"2019-11-25T16:01:19+00:00","author":{"@id":"https:\/\/katarek.pl\/#\/schema\/person\/c7267555b2aaad4c6d15146a155bc430"},"description":"Kiedy dziecko z katarem nale\u017cy zostawi\u0107 w domu? Podpowiadamy jak podj\u0105\u0107 decyzj\u0119, czy wysy\u0142a\u0107 dziecko z katarem do szko\u0142y lub przedszkola.","breadcrumb":{"@id":"https:\/\/katarek.pl\/czy-dziecko-z-katarem-moze-isc-do-szkoly-przedszkola\/#breadcrumb"},"inLanguage":"pl-PL","potentialAction":[{"@type":"ReadAction","target":["https:\/\/katarek.pl\/czy-dziecko-z-katarem-moze-isc-do-szkoly-przedszkola\/"]}]},{"@type":"ImageObject","inLanguage":"pl-PL","@id":"https:\/\/katarek.pl\/czy-dziecko-z-katarem-moze-isc-do-szkoly-przedszkola\/#primaryimage","url":"https:\/\/katarek.pl\/wp-content\/uploads\/2019\/11\/do-przedszkola-z-katarem.jpg","contentUrl":"https:\/\/katarek.pl\/wp-content\/uploads\/2019\/11\/do-przedszkola-z-katarem.jpg","width":1200,"height":800,"caption":"Wysy\u0142anie dziecka z katarem do przedszkola"},{"@type":"BreadcrumbList","@id":"https:\/\/katarek.pl\/czy-dziecko-z-katarem-moze-isc-do-szkoly-przedszkola\/#breadcrumb","itemListElement":[{"@type":"ListItem","position":1,"name":"Home","item":"https:\/\/katarek.pl\/"},{"@type":"ListItem","position":2,"name":"Blog","item":"https:\/\/katarek.pl\/blog\/"},{"@type":"ListItem","position":3,"name":"Czy dziecko z katarem mo\u017ce i\u015b\u0107 do szko\u0142y \/ przedszkola?"}]},{"@type":"WebSite","@id":"https:\/\/katarek.pl\/#website","url":"https:\/\/katarek.pl\/","name":"katarek.pl","description":"","potentialAction":[{"@type":"SearchAction","target":{"@type":"EntryPoint","urlTemplate":"https:\/\/katarek.pl\/?s={search_term_string}"},"query-input":{"@type":"PropertyValueSpecification","valueRequired":true,"valueName":"search_term_string"}}],"inLanguage":"pl-PL"},{"@type":"Person","@id":"https:\/\/katarek.pl\/#\/schema\/person\/c7267555b2aaad4c6d15146a155bc430","name":"katarek","url":"https:\/\/katarek.pl\/author\/katarek\/"}]}},"acf":[],"gutenberg_blocks":[{"blockName":"custom-styles","attrs":{"styles":""}}],"meta_data":false,"featured_image":{"url":"https:\/\/katarek.pl\/wp-content\/uploads\/2019\/11\/do-przedszkola-z-katarem-1024x683.jpg"},"main_category":{"name":"Dziecko"},"prev_page":{"slug":"katarek-u-niemowlaka-a-spacer"},"next_page":{"slug":"dlaczego-jesienia-lapiemy-katar"},"_links":{"self":[{"href":"https:\/\/katarek.pl\/index.php\/wp-json\/wp\/v2\/posts\/1798","targetHints":{"allow":["GET"]}}],"collection":[{"href":"https:\/\/katarek.pl\/index.php\/wp-json\/wp\/v2\/posts"}],"about":[{"href":"https:\/\/katarek.pl\/index.php\/wp-json\/wp\/v2\/types\/post"}],"author":[{"embeddable":true,"href":"https:\/\/katarek.pl\/index.php\/wp-json\/wp\/v2\/users\/7"}],"replies":[{"embeddable":true,"href":"https:\/\/katarek.pl\/index.php\/wp-json\/wp\/v2\/comments?post=1798"}],"version-history":[{"count":0,"href":"https:\/\/katarek.pl\/index.php\/wp-json\/wp\/v2\/posts\/1798\/revisions"}],"wp:featuredmedia":[{"embeddable":true,"href":"https:\/\/katarek.pl\/index.php\/wp-json\/wp\/v2\/media\/1801"}],"wp:attachment":[{"href":"https:\/\/katarek.pl\/index.php\/wp-json\/wp\/v2\/media?parent=1798"}],"wp:term":[{"taxonomy":"category","embeddable":true,"href":"https:\/\/katarek.pl\/index.php\/wp-json\/wp\/v2\/categories?post=1798"},{"taxonomy":"post_tag","embeddable":true,"href":"https:\/\/katarek.pl\/index.php\/wp-json\/wp\/v2\/tags?post=1798"}],"curies":[{"name":"wp","href":"https:\/\/api.w.org\/{rel}","templated":true}]}}