{"id":1792,"date":"2019-10-23T10:54:14","date_gmt":"2019-10-23T08:54:14","guid":{"rendered":"https:\/\/katarek.pl\/blog\/?p=1792"},"modified":"2025-09-26T14:48:05","modified_gmt":"2025-09-26T12:48:05","slug":"najczesciej-zadawane-pytania-dotyczace-niemowlat-czesc-2","status":"publish","type":"post","link":"https:\/\/katarek.pl\/najczesciej-zadawane-pytania-dotyczace-niemowlat-czesc-2\/","title":{"rendered":"Najcz\u0119\u015bciej zadawane pytania dotycz\u0105ce niemowl\u0105t &#8211; cz\u0119\u015b\u0107 2"},"content":{"rendered":"<p><span style=\"font-weight: 400;\">W pierwszej cz\u0119\u015bci artyku\u0142u dotycz\u0105cego najcz\u0119stszych pyta\u0144 przysz\u0142ych mam, skupili\u015bmy si\u0119 g\u0142\u00f3wnie na kwestiach dotycz\u0105cych maluszka. Jest te\u017c jednak sporo pyta\u0144, kt\u00f3re nurtuj\u0105 mamy w odniesieniu do tego, jak b\u0119dzie wygl\u0105da\u0142o ich \u017cycie w pierwszych dniach po porodzie. I w\u0142a\u015bnie trzy do\u015b\u0107 cz\u0119sto pojawiaj\u0105ce si\u0119 pytania w tym zakresie, chcieliby\u015bmy dzisiaj poruszy\u0107.\u00a0<\/span><\/p>\n<p>&nbsp;<\/p>\n<h2><b>Dieta mamy w czasie karmienia<\/b><\/h2>\n<p><span style=\"font-weight: 400;\">Na ten temat kr\u0105\u017cy wiele mit\u00f3w i wiele m\u0142odych mam ma problem z tym jak powinno je\u015b\u0107 w czasie kiedy karmi piersi\u0105. Wi\u0119kszo\u015b\u0107 z nich skupia si\u0119 na tym czego im nie wolno, a nie na tym co powinny i to jest w\u0142a\u015bnie podstawowy b\u0142\u0105d. Przede wszystkim trzeba dba\u0107 o to, \u017ceby dieta by\u0142a r\u00f3\u017cnorodna i dostarcza\u0142a kobiecie jak najwi\u0119cej warto\u015bciowych sk\u0142adnik\u00f3w. W tym czasie w\u0142a\u015bnie idealnie sprawdza si\u0119 zasada, \u017ce liczy si\u0119 jako\u015b\u0107, a nie ilo\u015b\u0107. Nie trzeba absolutnie je\u015b\u0107 za dwoje, zapotrzebowanie energetyczne w okresie karmienia wzrasta tylko o 500 kcl, czyli jak\u0105\u015b \u00bc normalnego zapotrzebowania.\u00a0<\/span><\/p>\n<p><span style=\"font-weight: 400;\">A co z mitycznymi produktami zakazanymi? Takimi jak ro\u015bliny str\u0105czkowe czy warzywa kapustne? Wed\u0142ug obecnych obserwacji nie maj\u0105 one tak naprawd\u0119 wp\u0142ywu na wzd\u0119cia u dzieci. Pojawiaj\u0105ce si\u0119 u maluch\u00f3w kolki s\u0105 naturalnym procesem rozwoju jelit u noworodk\u00f3w i wyst\u0119puj\u0105 samoistnie. Oczywi\u015bcie cz\u0119\u015b\u0107 dzieci przechodzi ten proces \u0142agodniej, a u innych jest to bardziej bolesne, ale dieta mamy nie ma na to wp\u0142ywu. Cz\u0119\u015b\u0107 mam obawia si\u0119 te\u017c alergii, dlatego eliminuje produkty takie jak mleko, pszenica czy niekt\u00f3re owoce, np. truskawki. Faktem jest, \u017ce alergeny przedostaj\u0105 si\u0119 do mleka matki, ale na ten moment nie udowodniono, \u017ce ma to jakikolwiek wp\u0142yw na rozw\u00f3j alergii u niemowl\u0105t.\u00a0<\/span><\/p>\n<p><span style=\"font-weight: 400;\">Tak naprawd\u0119 powinno si\u0119 unika\u0107 tylko alkoholu i papieros\u00f3w i tutaj nie ma \u017cadnych odst\u0119pstw ani wyj\u0105tk\u00f3w. Nawet kawa jest dozwolona, oczywi\u015bcie w ograniczonych ilo\u015bciach, ale 1-2 fili\u017canki dziennie nie zaszkodz\u0105 dziecku.\u00a0<\/span><\/p>\n<p>&nbsp;<\/p>\n<h3><b>Odci\u0105ganie i przechowywanie pokarmu<\/b><\/h3>\n<p><span style=\"font-weight: 400;\">Jak si\u0119 okazuje karmienie piersi\u0105 generuje wi\u0119ksz\u0105 ilo\u015b\u0107 w\u0105tpliwo\u015bci ni\u017c tylko prawid\u0142owa dieta. Cz\u0119\u015b\u0107 mam chce bowiem mie\u0107 troch\u0119 swobody, ale nie kosztem wprowadzenia do diety dziecka mleka modyfikowanego. Faktycznie mo\u017cliwo\u015b\u0107 nakarmienia dziecka butelk\u0105 sprawia, \u017ce m\u0142oda mama nie musi wstawa\u0107 w nocy za ka\u017cdym razem jak male\u0144stwo przebudzi si\u0119 g\u0142odne i mo\u017ce bez problemu wyj\u015b\u0107 z domu na kilka godzin. S\u0105 r\u00f3\u017cne teorie na temat karmienia butelk\u0105 i piersi\u0105 naprzemiennie, ale nie jest to temat, kt\u00f3ry b\u0119dziemy dzisiaj porusza\u0107. Mo\u017cecie poszuka\u0107 w internecie informacji na temat smoczk\u00f3w do butelek, kt\u00f3re maj\u0105 imitowa\u0107 pier\u015b mamy lub alternatywnych metod karmienia niemowlaka, niekoniecznie za pomoc\u0105 butelki.\u00a0<\/span><\/p>\n<p><span style=\"font-weight: 400;\">Je\u015bli chodzi o samo odci\u0105ganie, to pierwsza pojawiaj\u0105ca si\u0119 w\u0105tpliwo\u015b\u0107, to kiedy najlepiej odci\u0105ga\u0107 pokarm. To zale\u017cy od tego czy mama wychodzi z domu regularnie, np. codziennie do pracy czy s\u0105 to wyj\u015bcia okazjonalne. Je\u015bli wyj\u015bcie jest jednorazowe, to najlepiej odci\u0105ga\u0107 mleko rano lub w nocy, bo wtedy wyst\u0119puje najwi\u0119ksze st\u0119\u017cenie prolaktyny i laktacja jest najmocniejsza. Mo\u017cna to zrobi\u0107 zar\u00f3wno pomi\u0119dzy karmieniami (odci\u0105ganie pe\u0142ne) jak i zastosowa\u0107 odci\u0105ganie cz\u0119\u015bciowe po karmieniu male\u0144stwa. Zazwyczaj przy odci\u0105ganiu cz\u0119\u015bciowym ci\u0119\u017cko jest zebra\u0107 pe\u0142n\u0105 porcj\u0119 mleka na raz. Po sch\u0142odzeniu jednak mleko mo\u017cna ze sob\u0105 \u0142\u0105czy\u0107 w ci\u0105gu 12-24 godzin. Je\u015bli mama wychodzi z domu regularnie, to powinna odci\u0105ga\u0107 mleko zawsze wtedy, kiedy przychodzi czas karmienia. Nie powinno by\u0107 wtedy problemu z tym, \u017ceby jednorazowo odci\u0105gn\u0105\u0107 ca\u0142\u0105 porcj\u0119.\u00a0<\/span><\/p>\n<p><span style=\"font-weight: 400;\">Po odci\u0105gni\u0119ciu mleko powinno si\u0119 przechowywa\u0107 w lod\u00f3wce b\u0105d\u017a zamrozi\u0107. W tym celu u\u017cywamy specjalnych szklanych lub plastikowych pojemnik\u00f3w. Mleko mo\u017ce w lod\u00f3wce sp\u0119dzi\u0107 do 96 godzin, a w zamra\u017calniku oko\u0142o 3 miesi\u0119cy.\u00a0<\/span><\/p>\n<p>&nbsp;<\/p>\n<h4><b>Pozwala\u0107 na odwiedziny czy odczeka\u0107?\u00a0<\/b><\/h4>\n<p><span style=\"font-weight: 400;\">To jeden z cz\u0119sto pojawiaj\u0105cych si\u0119 dylemat\u00f3w m\u0142odych mam. Faktem jest, \u017ce noworodek ma bardzo s\u0142abo rozwini\u0119ty system immunologiczny i bardzo \u0142atwo u niego o infekcj\u0119. Je\u015bli jednak osoby, kt\u00f3re chc\u0105 Was odwiedzi\u0107 s\u0105 zdrowe, to po pierwszych kilku dniach adaptacji w nowych warunkach, mo\u017cecie zgodzi\u0107 si\u0119 na wizyt\u0119. Najwa\u017cniejsze jest, \u017ceby wszyscy go\u015bcie byli zdrowi, \u017ceby nie przychodzi\u0142o za du\u017co os\u00f3b na raz, a wizyty nie by\u0142y zbyt d\u0142ugie. Dzieci s\u0105 bardzo r\u00f3\u017cne, jedne dobrze czuj\u0105 si\u0119 maj\u0105c towarzystwo ju\u017c od pierwszych tygodni \u017cycia i d\u017awi\u0119k toczonych wok\u00f3\u0142 rozm\u00f3w wp\u0142ywa na nie uspakajaj\u0105ce, a inne wprost przeciwnie, potrzebuj\u0105 ciszy i spokoju. Pami\u0119taj te\u017c, \u017ce to od Ciebie przede wszystkim zale\u017cy czy jeste\u015b gotowa na to, \u017ceby spotka\u0107 si\u0119 z rodzin\u0105 lub przyjaci\u00f3\u0142mi. Musisz czu\u0107 si\u0119 na si\u0142ach, \u017ceby przyj\u0105\u0107 go\u015bci. Je\u015bli wiesz, \u017ce potrzebujecie na pocz\u0105tku czasu tylko dla siebie, to nie b\u00f3j si\u0119 odm\u00f3wi\u0107. Zar\u00f3wno w trakcie ci\u0105\u017cy jak i po\u0142ogu asertywno\u015b\u0107 jest bardzo wa\u017cna, bo pozwala Ci zadba\u0107 o siebie i male\u0144stwo.\u00a0<\/span><\/p>\n<p>&nbsp;<\/p>\n","protected":false},"excerpt":"W pierwszej cz\u0119\u015bci artyku\u0142u dotycz\u0105cego najcz\u0119stszych pyta\u0144 przysz\u0142ych mam, skupili\u015bmy si\u0119 g\u0142\u00f3wnie na kwestiach dotycz\u0105cych maluszka. Jest te\u017c jednak sporo pyta\u0144, kt\u00f3re nurtuj\u0105 mamy w odniesieniu do tego, jak b\u0119dzie wygl\u0105da\u0142o ich \u017cycie w pierwszych dniach po porodzie. I w\u0142a\u015bnie trzy do\u015b\u0107 cz\u0119sto pojawiaj\u0105ce si\u0119 pytania w tym zakresie, chcieliby\u015bmy dzisiaj poruszy\u0107.\u00a0 &nbsp; Dieta mamy [&hellip;]","author":7,"featured_media":1793,"comment_status":"open","ping_status":"open","sticky":false,"template":"","format":"standard","meta":{"_acf_changed":false,"inline_featured_image":false,"editor_plus_copied_stylings":"{}","footnotes":""},"categories":[43,28,30],"tags":[],"class_list":["post-1792","post","type-post","status-publish","format-standard","has-post-thumbnail","hentry","category-ciaza","category-dziecko","category-pielegnacja"],"yoast_head":"<!-- This site is optimized with the Yoast SEO plugin v27.4 - https:\/\/yoast.com\/product\/yoast-seo-wordpress\/ -->\n<title>Najcz\u0119\u015bciej zadawane pytania dotycz\u0105ce niemowl\u0105t - cz\u0119\u015b\u0107 2 - katarek.pl<\/title>\n<meta name=\"description\" content=\"Najcz\u0119\u015bciej zadawane pytania o niemowl\u0119ta - cz. 2. Kolejna porcja wiedzy dla rodzic\u00f3w. Rozwiej swoje w\u0105tpliwo\u015bci. Czytaj teraz!\" \/>\n<meta name=\"robots\" content=\"index, follow, max-snippet:-1, max-image-preview:large, max-video-preview:-1\" \/>\n<link rel=\"canonical\" href=\"https:\/\/katarek.pl\/najczesciej-zadawane-pytania-dotyczace-niemowlat-czesc-2\/\" \/>\n<meta property=\"og:locale\" content=\"pl_PL\" \/>\n<meta property=\"og:type\" content=\"article\" \/>\n<meta property=\"og:title\" content=\"Najcz\u0119\u015bciej zadawane pytania dotycz\u0105ce niemowl\u0105t - cz\u0119\u015b\u0107 2 - katarek.pl\" \/>\n<meta property=\"og:description\" content=\"Najcz\u0119\u015bciej zadawane pytania o niemowl\u0119ta - cz. 2. Kolejna porcja wiedzy dla rodzic\u00f3w. Rozwiej swoje w\u0105tpliwo\u015bci. Czytaj teraz!\" \/>\n<meta property=\"og:url\" content=\"https:\/\/katarek.pl\/najczesciej-zadawane-pytania-dotyczace-niemowlat-czesc-2\/\" \/>\n<meta property=\"og:site_name\" content=\"katarek.pl\" \/>\n<meta property=\"article:published_time\" content=\"2019-10-23T08:54:14+00:00\" \/>\n<meta property=\"article:modified_time\" content=\"2025-09-26T12:48:05+00:00\" \/>\n<meta property=\"og:image\" content=\"https:\/\/katarek.pl\/wp-content\/uploads\/2019\/11\/shutterstock_771606127-e1574236693577.jpg\" \/>\n\t<meta property=\"og:image:width\" content=\"1280\" \/>\n\t<meta property=\"og:image:height\" content=\"853\" \/>\n\t<meta property=\"og:image:type\" content=\"image\/jpeg\" \/>\n<meta name=\"author\" content=\"katarek\" \/>\n<meta name=\"twitter:card\" content=\"summary_large_image\" \/>\n<meta name=\"twitter:label1\" content=\"Napisane przez\" \/>\n\t<meta name=\"twitter:data1\" content=\"katarek\" \/>\n\t<meta name=\"twitter:label2\" content=\"Szacowany czas czytania\" \/>\n\t<meta name=\"twitter:data2\" content=\"5 minut\" \/>\n<script type=\"application\/ld+json\" class=\"yoast-schema-graph\">{\"@context\":\"https:\\\/\\\/schema.org\",\"@graph\":[{\"@type\":\"Article\",\"@id\":\"https:\\\/\\\/katarek.pl\\\/najczesciej-zadawane-pytania-dotyczace-niemowlat-czesc-2\\\/#article\",\"isPartOf\":{\"@id\":\"https:\\\/\\\/katarek.pl\\\/najczesciej-zadawane-pytania-dotyczace-niemowlat-czesc-2\\\/\"},\"author\":{\"name\":\"katarek\",\"@id\":\"https:\\\/\\\/katarek.pl\\\/#\\\/schema\\\/person\\\/c7267555b2aaad4c6d15146a155bc430\"},\"headline\":\"Najcz\u0119\u015bciej zadawane pytania dotycz\u0105ce niemowl\u0105t &#8211; cz\u0119\u015b\u0107 2\",\"datePublished\":\"2019-10-23T08:54:14+00:00\",\"dateModified\":\"2025-09-26T12:48:05+00:00\",\"mainEntityOfPage\":{\"@id\":\"https:\\\/\\\/katarek.pl\\\/najczesciej-zadawane-pytania-dotyczace-niemowlat-czesc-2\\\/\"},\"wordCount\":890,\"commentCount\":0,\"image\":{\"@id\":\"https:\\\/\\\/katarek.pl\\\/najczesciej-zadawane-pytania-dotyczace-niemowlat-czesc-2\\\/#primaryimage\"},\"thumbnailUrl\":\"https:\\\/\\\/katarek.pl\\\/wp-content\\\/uploads\\\/2019\\\/11\\\/shutterstock_771606127-e1574236693577.jpg\",\"articleSection\":[\"Ci\u0105\u017ca\",\"Dziecko\",\"Piel\u0119gnacja\"],\"inLanguage\":\"pl-PL\"},{\"@type\":\"WebPage\",\"@id\":\"https:\\\/\\\/katarek.pl\\\/najczesciej-zadawane-pytania-dotyczace-niemowlat-czesc-2\\\/\",\"url\":\"https:\\\/\\\/katarek.pl\\\/najczesciej-zadawane-pytania-dotyczace-niemowlat-czesc-2\\\/\",\"name\":\"Najcz\u0119\u015bciej zadawane pytania dotycz\u0105ce niemowl\u0105t - cz\u0119\u015b\u0107 2 - katarek.pl\",\"isPartOf\":{\"@id\":\"https:\\\/\\\/katarek.pl\\\/#website\"},\"primaryImageOfPage\":{\"@id\":\"https:\\\/\\\/katarek.pl\\\/najczesciej-zadawane-pytania-dotyczace-niemowlat-czesc-2\\\/#primaryimage\"},\"image\":{\"@id\":\"https:\\\/\\\/katarek.pl\\\/najczesciej-zadawane-pytania-dotyczace-niemowlat-czesc-2\\\/#primaryimage\"},\"thumbnailUrl\":\"https:\\\/\\\/katarek.pl\\\/wp-content\\\/uploads\\\/2019\\\/11\\\/shutterstock_771606127-e1574236693577.jpg\",\"datePublished\":\"2019-10-23T08:54:14+00:00\",\"dateModified\":\"2025-09-26T12:48:05+00:00\",\"author\":{\"@id\":\"https:\\\/\\\/katarek.pl\\\/#\\\/schema\\\/person\\\/c7267555b2aaad4c6d15146a155bc430\"},\"description\":\"Najcz\u0119\u015bciej zadawane pytania o niemowl\u0119ta - cz. 2. Kolejna porcja wiedzy dla rodzic\u00f3w. Rozwiej swoje w\u0105tpliwo\u015bci. Czytaj teraz!\",\"breadcrumb\":{\"@id\":\"https:\\\/\\\/katarek.pl\\\/najczesciej-zadawane-pytania-dotyczace-niemowlat-czesc-2\\\/#breadcrumb\"},\"inLanguage\":\"pl-PL\",\"potentialAction\":[{\"@type\":\"ReadAction\",\"target\":[\"https:\\\/\\\/katarek.pl\\\/najczesciej-zadawane-pytania-dotyczace-niemowlat-czesc-2\\\/\"]}]},{\"@type\":\"ImageObject\",\"inLanguage\":\"pl-PL\",\"@id\":\"https:\\\/\\\/katarek.pl\\\/najczesciej-zadawane-pytania-dotyczace-niemowlat-czesc-2\\\/#primaryimage\",\"url\":\"https:\\\/\\\/katarek.pl\\\/wp-content\\\/uploads\\\/2019\\\/11\\\/shutterstock_771606127-e1574236693577.jpg\",\"contentUrl\":\"https:\\\/\\\/katarek.pl\\\/wp-content\\\/uploads\\\/2019\\\/11\\\/shutterstock_771606127-e1574236693577.jpg\",\"width\":1280,\"height\":853},{\"@type\":\"BreadcrumbList\",\"@id\":\"https:\\\/\\\/katarek.pl\\\/najczesciej-zadawane-pytania-dotyczace-niemowlat-czesc-2\\\/#breadcrumb\",\"itemListElement\":[{\"@type\":\"ListItem\",\"position\":1,\"name\":\"Home\",\"item\":\"https:\\\/\\\/katarek.pl\\\/\"},{\"@type\":\"ListItem\",\"position\":2,\"name\":\"Blog\",\"item\":\"https:\\\/\\\/katarek.pl\\\/blog\\\/\"},{\"@type\":\"ListItem\",\"position\":3,\"name\":\"Najcz\u0119\u015bciej zadawane pytania dotycz\u0105ce niemowl\u0105t &#8211; cz\u0119\u015b\u0107 2\"}]},{\"@type\":\"WebSite\",\"@id\":\"https:\\\/\\\/katarek.pl\\\/#website\",\"url\":\"https:\\\/\\\/katarek.pl\\\/\",\"name\":\"katarek.pl\",\"description\":\"\",\"potentialAction\":[{\"@type\":\"SearchAction\",\"target\":{\"@type\":\"EntryPoint\",\"urlTemplate\":\"https:\\\/\\\/katarek.pl\\\/?s={search_term_string}\"},\"query-input\":{\"@type\":\"PropertyValueSpecification\",\"valueRequired\":true,\"valueName\":\"search_term_string\"}}],\"inLanguage\":\"pl-PL\"},{\"@type\":\"Person\",\"@id\":\"https:\\\/\\\/katarek.pl\\\/#\\\/schema\\\/person\\\/c7267555b2aaad4c6d15146a155bc430\",\"name\":\"katarek\",\"url\":\"https:\\\/\\\/katarek.pl\\\/author\\\/katarek\\\/\"}]}<\/script>\n<!-- \/ Yoast SEO plugin. -->","yoast_head_json":{"title":"Najcz\u0119\u015bciej zadawane pytania dotycz\u0105ce niemowl\u0105t - cz\u0119\u015b\u0107 2 - katarek.pl","description":"Najcz\u0119\u015bciej zadawane pytania o niemowl\u0119ta - cz. 2. Kolejna porcja wiedzy dla rodzic\u00f3w. Rozwiej swoje w\u0105tpliwo\u015bci. Czytaj teraz!","robots":{"index":"index","follow":"follow","max-snippet":"max-snippet:-1","max-image-preview":"max-image-preview:large","max-video-preview":"max-video-preview:-1"},"canonical":"https:\/\/katarek.pl\/najczesciej-zadawane-pytania-dotyczace-niemowlat-czesc-2\/","og_locale":"pl_PL","og_type":"article","og_title":"Najcz\u0119\u015bciej zadawane pytania dotycz\u0105ce niemowl\u0105t - cz\u0119\u015b\u0107 2 - katarek.pl","og_description":"Najcz\u0119\u015bciej zadawane pytania o niemowl\u0119ta - cz. 2. Kolejna porcja wiedzy dla rodzic\u00f3w. Rozwiej swoje w\u0105tpliwo\u015bci. Czytaj teraz!","og_url":"https:\/\/katarek.pl\/najczesciej-zadawane-pytania-dotyczace-niemowlat-czesc-2\/","og_site_name":"katarek.pl","article_published_time":"2019-10-23T08:54:14+00:00","article_modified_time":"2025-09-26T12:48:05+00:00","og_image":[{"width":1280,"height":853,"url":"https:\/\/katarek.pl\/wp-content\/uploads\/2019\/11\/shutterstock_771606127-e1574236693577.jpg","type":"image\/jpeg"}],"author":"katarek","twitter_card":"summary_large_image","twitter_misc":{"Napisane przez":"katarek","Szacowany czas czytania":"5 minut"},"schema":{"@context":"https:\/\/schema.org","@graph":[{"@type":"Article","@id":"https:\/\/katarek.pl\/najczesciej-zadawane-pytania-dotyczace-niemowlat-czesc-2\/#article","isPartOf":{"@id":"https:\/\/katarek.pl\/najczesciej-zadawane-pytania-dotyczace-niemowlat-czesc-2\/"},"author":{"name":"katarek","@id":"https:\/\/katarek.pl\/#\/schema\/person\/c7267555b2aaad4c6d15146a155bc430"},"headline":"Najcz\u0119\u015bciej zadawane pytania dotycz\u0105ce niemowl\u0105t &#8211; cz\u0119\u015b\u0107 2","datePublished":"2019-10-23T08:54:14+00:00","dateModified":"2025-09-26T12:48:05+00:00","mainEntityOfPage":{"@id":"https:\/\/katarek.pl\/najczesciej-zadawane-pytania-dotyczace-niemowlat-czesc-2\/"},"wordCount":890,"commentCount":0,"image":{"@id":"https:\/\/katarek.pl\/najczesciej-zadawane-pytania-dotyczace-niemowlat-czesc-2\/#primaryimage"},"thumbnailUrl":"https:\/\/katarek.pl\/wp-content\/uploads\/2019\/11\/shutterstock_771606127-e1574236693577.jpg","articleSection":["Ci\u0105\u017ca","Dziecko","Piel\u0119gnacja"],"inLanguage":"pl-PL"},{"@type":"WebPage","@id":"https:\/\/katarek.pl\/najczesciej-zadawane-pytania-dotyczace-niemowlat-czesc-2\/","url":"https:\/\/katarek.pl\/najczesciej-zadawane-pytania-dotyczace-niemowlat-czesc-2\/","name":"Najcz\u0119\u015bciej zadawane pytania dotycz\u0105ce niemowl\u0105t - cz\u0119\u015b\u0107 2 - katarek.pl","isPartOf":{"@id":"https:\/\/katarek.pl\/#website"},"primaryImageOfPage":{"@id":"https:\/\/katarek.pl\/najczesciej-zadawane-pytania-dotyczace-niemowlat-czesc-2\/#primaryimage"},"image":{"@id":"https:\/\/katarek.pl\/najczesciej-zadawane-pytania-dotyczace-niemowlat-czesc-2\/#primaryimage"},"thumbnailUrl":"https:\/\/katarek.pl\/wp-content\/uploads\/2019\/11\/shutterstock_771606127-e1574236693577.jpg","datePublished":"2019-10-23T08:54:14+00:00","dateModified":"2025-09-26T12:48:05+00:00","author":{"@id":"https:\/\/katarek.pl\/#\/schema\/person\/c7267555b2aaad4c6d15146a155bc430"},"description":"Najcz\u0119\u015bciej zadawane pytania o niemowl\u0119ta - cz. 2. Kolejna porcja wiedzy dla rodzic\u00f3w. Rozwiej swoje w\u0105tpliwo\u015bci. Czytaj teraz!","breadcrumb":{"@id":"https:\/\/katarek.pl\/najczesciej-zadawane-pytania-dotyczace-niemowlat-czesc-2\/#breadcrumb"},"inLanguage":"pl-PL","potentialAction":[{"@type":"ReadAction","target":["https:\/\/katarek.pl\/najczesciej-zadawane-pytania-dotyczace-niemowlat-czesc-2\/"]}]},{"@type":"ImageObject","inLanguage":"pl-PL","@id":"https:\/\/katarek.pl\/najczesciej-zadawane-pytania-dotyczace-niemowlat-czesc-2\/#primaryimage","url":"https:\/\/katarek.pl\/wp-content\/uploads\/2019\/11\/shutterstock_771606127-e1574236693577.jpg","contentUrl":"https:\/\/katarek.pl\/wp-content\/uploads\/2019\/11\/shutterstock_771606127-e1574236693577.jpg","width":1280,"height":853},{"@type":"BreadcrumbList","@id":"https:\/\/katarek.pl\/najczesciej-zadawane-pytania-dotyczace-niemowlat-czesc-2\/#breadcrumb","itemListElement":[{"@type":"ListItem","position":1,"name":"Home","item":"https:\/\/katarek.pl\/"},{"@type":"ListItem","position":2,"name":"Blog","item":"https:\/\/katarek.pl\/blog\/"},{"@type":"ListItem","position":3,"name":"Najcz\u0119\u015bciej zadawane pytania dotycz\u0105ce niemowl\u0105t &#8211; cz\u0119\u015b\u0107 2"}]},{"@type":"WebSite","@id":"https:\/\/katarek.pl\/#website","url":"https:\/\/katarek.pl\/","name":"katarek.pl","description":"","potentialAction":[{"@type":"SearchAction","target":{"@type":"EntryPoint","urlTemplate":"https:\/\/katarek.pl\/?s={search_term_string}"},"query-input":{"@type":"PropertyValueSpecification","valueRequired":true,"valueName":"search_term_string"}}],"inLanguage":"pl-PL"},{"@type":"Person","@id":"https:\/\/katarek.pl\/#\/schema\/person\/c7267555b2aaad4c6d15146a155bc430","name":"katarek","url":"https:\/\/katarek.pl\/author\/katarek\/"}]}},"acf":[],"gutenberg_blocks":[{"blockName":"custom-styles","attrs":{"styles":""}}],"meta_data":false,"featured_image":{"url":"https:\/\/katarek.pl\/wp-content\/uploads\/2019\/11\/shutterstock_771606127-e1574236693577-1024x682.jpg"},"main_category":{"name":"Ci\u0105\u017ca"},"prev_page":{"slug":"dlaczego-jesienia-lapiemy-katar"},"next_page":{"slug":"najczesciej-zadawane-pytania-dotyczace-niemowlat-czesc-1"},"_links":{"self":[{"href":"https:\/\/katarek.pl\/index.php\/wp-json\/wp\/v2\/posts\/1792","targetHints":{"allow":["GET"]}}],"collection":[{"href":"https:\/\/katarek.pl\/index.php\/wp-json\/wp\/v2\/posts"}],"about":[{"href":"https:\/\/katarek.pl\/index.php\/wp-json\/wp\/v2\/types\/post"}],"author":[{"embeddable":true,"href":"https:\/\/katarek.pl\/index.php\/wp-json\/wp\/v2\/users\/7"}],"replies":[{"embeddable":true,"href":"https:\/\/katarek.pl\/index.php\/wp-json\/wp\/v2\/comments?post=1792"}],"version-history":[{"count":1,"href":"https:\/\/katarek.pl\/index.php\/wp-json\/wp\/v2\/posts\/1792\/revisions"}],"predecessor-version":[{"id":3755,"href":"https:\/\/katarek.pl\/index.php\/wp-json\/wp\/v2\/posts\/1792\/revisions\/3755"}],"wp:featuredmedia":[{"embeddable":true,"href":"https:\/\/katarek.pl\/index.php\/wp-json\/wp\/v2\/media\/1793"}],"wp:attachment":[{"href":"https:\/\/katarek.pl\/index.php\/wp-json\/wp\/v2\/media?parent=1792"}],"wp:term":[{"taxonomy":"category","embeddable":true,"href":"https:\/\/katarek.pl\/index.php\/wp-json\/wp\/v2\/categories?post=1792"},{"taxonomy":"post_tag","embeddable":true,"href":"https:\/\/katarek.pl\/index.php\/wp-json\/wp\/v2\/tags?post=1792"}],"curies":[{"name":"wp","href":"https:\/\/api.w.org\/{rel}","templated":true}]}}