{"id":1789,"date":"2019-10-20T08:46:25","date_gmt":"2019-10-20T06:46:25","guid":{"rendered":"https:\/\/katarek.pl\/blog\/?p=1789"},"modified":"2025-09-26T14:48:11","modified_gmt":"2025-09-26T12:48:11","slug":"najczesciej-zadawane-pytania-dotyczace-niemowlat-czesc-1","status":"publish","type":"post","link":"https:\/\/katarek.pl\/najczesciej-zadawane-pytania-dotyczace-niemowlat-czesc-1\/","title":{"rendered":"Najcz\u0119\u015bciej zadawane pytania dotycz\u0105ce niemowl\u0105t &#8211; cz\u0119\u015b\u0107 1"},"content":{"rendered":"<p><span style=\"font-weight: 400;\">Termin porodu coraz bli\u017cej, a Ty chcia\u0142aby\u015b by\u0107 jak najlepiej przygotowana na powitanie maluszka. Wszystkie po\u0142o\u017cne wskazuj\u0105, \u017ce jest kilka pyta\u0144, kt\u00f3re zadaj\u0105 prawie wszystkie mamy. Postanowili\u015bmy je zebra\u0107 i troch\u0119 Ci pom\u00f3c. Nie na ka\u017cde odpowiadamy wprost, bo s\u0105 tematy, w kt\u00f3rych sama b\u0119dziesz musia\u0142a podj\u0105\u0107 decyzj\u0119, a rozwi\u0105zanie nie zawsze jest jedno. <\/span><\/p>\n<h2><b>Jak cz\u0119sto k\u0105pa\u0107 niemowlaka? Czy rytua\u0142 codziennej k\u0105pieli jest dla niego dobry?\u00a0<\/b><\/h2>\n<p><span style=\"font-weight: 400;\">K\u0105piel niemowlaka to bardzo cz\u0119sty temat, poczynaj\u0105c od tego jak\u0105 wanienk\u0119 kupi\u0107, poprzez najlepsze kosmetyki, a ko\u0144cz\u0105c w\u0142a\u015bnie na cz\u0119stotliwo\u015bci.\u00a0<\/span><\/p>\n<p><span style=\"font-weight: 400;\">W cz\u0119\u015bci szpitali po porodzie b\u0119dzie on myty codziennie, chocia\u017c s\u0105 ju\u017c plac\u00f3wki, kt\u00f3re pytaj\u0105 mamy jak cz\u0119sto my\u0107 niemowl\u0119 i czy w og\u00f3le to robi\u0107. Co Ty powinna\u015b to praktykowa\u0107 po powrocie do domu? K\u0105piel niemowlaka traktowana jest nie tylko jako zabieg piel\u0119gnacyjny, ale r\u00f3wnie\u017c swoisty rytua\u0142, kt\u00f3ry pomaga w budowaniu wi\u0119zi i uspokaja maluszka przed snem. Jak wskazuje jednak coraz wi\u0119cej pediatr\u00f3w, sk\u00f3ra maluszka przy codziennych k\u0105pielach mo\u017ce ulega\u0107 podra\u017cnieniom, dlatego tak ma\u0142emu dziecku wystarczy k\u0105piel 3 razy w tygodniu. Je\u015bli chodzi o budowanie wi\u0119zi, to k\u0105piel co drugi dzie\u0144 mo\u017cna zast\u0105pi\u0107 wieczornym masa\u017cem cia\u0142a dziecka, kt\u00f3ry r\u00f3wnie\u017c b\u0119dzie dawa\u0142 poczucie blisko\u015bci. Przy czym nale\u017cy pami\u0119ta\u0107 o codziennej toalecie miejsc intymnych, kt\u00f3ra jest bardzo wa\u017cna, ze wzgl\u0119du na to, \u017ce niemowl\u0119 ca\u0142e dni sp\u0119dza w pieluszce. Sama wobec tego musisz obserwuj\u0105c sk\u00f3r\u0119 swojego dziecka zdecydowa\u0107 czy k\u0105pa\u0107 je codziennie, czy jednak zmniejszy\u0107 ilo\u015b\u0107 takich zabieg\u00f3w.\u00a0<\/span><\/p>\n<p>&nbsp;<\/p>\n<h3><b>Jak ubiera\u0107 niemowl\u0119 na spacer?<\/b><\/h3>\n<p><span style=\"font-weight: 400;\">Na ten temat powsta\u0142o ju\u017c wiele tekst\u00f3w, niekt\u00f3rych wr\u0119cz filozoficznych \ud83d\ude42 Nie ma te\u017c chyba tematu, kt\u00f3ry cz\u0119\u015bciej doprowadza\u0142by do k\u0142\u00f3tni pomi\u0119dzy rodzicami, albo pomi\u0119dzy mam\u0105 a babci\u0105. Co my mo\u017cemy dorzuci\u0107 od siebie? Przede wszystkim zachowajcie umiar, nie bez powodu wi\u0119kszo\u015b\u0107 pediatr\u00f3w m\u00f3wi, \u017ce gorsze jest przegrzanie malucha ni\u017c wyzi\u0119bienie. Pomimo tego Polki (tak, podobno my jeste\u015bmy w tym mistrzyniami) nadal ubieraj\u0105 dzieci za ciep\u0142o. Jest jedna prosta zasada, kt\u00f3rej najlepiej si\u0119 trzyma\u0107 &#8211; dziecku zak\u0142adamy jedn\u0105 warstw\u0119 wi\u0119cej ni\u017c sobie. A jak to w praktyce ma wygl\u0105da\u0107? Musisz sama ubra\u0107 si\u0119 stosownie do danej pogody, tak \u017ceby nie by\u0142o Ci ani za ciep\u0142o ani za zimno, \u017ceby m\u00f3c odpowiednio dopasowa\u0107 dziecku jedn\u0105 warstw\u0119 wi\u0119cej. Co wa\u017cne, jest to zasada, kt\u00f3ra dotyczy ch\u0142odnych b\u0105d\u017a ca\u0142kiem zimnych dni. W trakcie upa\u0142\u00f3w, kiedy same macie na sobie cienk\u0105 koszulk\u0119 bez r\u0119kaw\u00f3w, nie zak\u0142adacie oczywi\u015bcie maluszkowi drugiego kaftanika. Dodatkowa warstwa powinna by\u0107 te\u017c podobna do tej podstawowej. Je\u015bli wi\u0119c wy jeste\u015bcie w podkoszulku i bluzie, to maluszkowi do\u0142\u00f3\u017ccie dodatkow\u0105 bluz\u0119 albo cienk\u0105 kurtk\u0119.\u00a0<\/span><\/p>\n<p><span style=\"font-weight: 400;\">Tematem do\u015b\u0107 kontrowersyjnym jest te\u017c czapka. Ile mam i pediatr\u00f3w tyle opinii, dlatego te\u017c opierajcie si\u0119 na tych, kt\u00f3re pochodz\u0105 ze \u017ar\u00f3d\u0142a, kt\u00f3remu ufacie. Oczywi\u015bcie m\u00f3wimy tu o czapce w ciep\u0142e dni, bo w te zimne temat nie podlega dyskusji. Ze swojej strony mo\u017cemy powiedzie\u0107 tylko jedno. \u201cPrzewianie g\u0142owy\u201d, kt\u00f3re powoduje zapalenie uszu to mit. Mo\u017cecie nam wierzy\u0107, \u017ce zapalenie ucha bierze si\u0119 z kataru, nie z przewianych uszu. Po cz\u0119\u015bci mo\u017cna si\u0119 zgodzi\u0107, \u017ce zapalenie ucha mo\u017ce by\u0107 konsekwencj\u0105 popularnego \u201cprzewiania\u201d. Wyst\u0119puje ono zazwyczaj u dzieci, kt\u00f3re si\u0119 przegrza\u0142y z powodu za ciep\u0142ego ubrania, spoci\u0142y, a nast\u0119pnie temperatura spad\u0142a, co doprowadzi\u0142o do tego, \u017ce by\u0142y mniej odporne na zimno. Wtedy mo\u017ce si\u0119 pojawi\u0107 katar, kt\u00f3ry faktycznie w konsekwencji prowadzi do zapalenia uszu. Dlatego tak wa\u017cne jest rozs\u0105dne ubieranie dziecka i odci\u0105ganie kataru, jak tylko si\u0119 pojawi.\u00a0\u00a0<\/span><\/p>\n<p>&nbsp;<\/p>\n<h4><b>Jak ubiera\u0107 dziecko do snu<\/b><\/h4>\n<p><span style=\"font-weight: 400;\">W tym temacie zacz\u0105\u0107 trzeba od zupe\u0142nie innego problemu, a mianowicie przegrzewania pokoju, w kt\u00f3rym \u015bpi male\u0144stwo. Zasada jest prosta. Optymalna temperatura do snu to 18-22 stopnie C. To, \u017ce maluch ma katar, na zewn\u0105trz jest zimno czy pada \u015bnieg, to nie oznacza, \u017ce w domu powinni\u015bcie grza\u0107 tak, \u017ce temperatura przekracza 25 stopni C.\u00a0<\/span><\/p>\n<p><span style=\"font-weight: 400;\">Kolejna zasada jest taka sama, jak w przypadku ubierania dziecka na spacer. Powinno mie\u0107 jedn\u0105 warstw\u0119 wi\u0119cej ni\u017c osoba doros\u0142a. Dlaczego r\u00f3wnie\u017c do snu dziecko powinno by\u0107 ubrane cieplej? Bo noworodek powinien spa\u0107 bez przykrycia, wyj\u0105tkiem s\u0105 tylko \u015bpiworki nocne. Brak jakichkolwiek ko\u0142derek, poduszek, kocyk\u00f3w, to jedno z zalece\u0144 Ameryka\u0144skiej Akademii Pediatrii, kt\u00f3re ma zapobiega\u0107 \u015bmierci \u0142\u00f3\u017ceczkowej. Dlatego lepiej ubierz maluszka cieplej, ale niczym go nie przykrywaj. Chyba \u017ce maluch nie ma problemu ze \u015bpiworkiem, kt\u00f3ry dla cz\u0119\u015bci niemowl\u0105t jest niewygodny, bo kr\u0119puje mu ruchy. Czapeczka jest wskazana tylko u wcze\u015bniak\u00f3w, kt\u00f3re maj\u0105 problemy z termoregulacj\u0105 i faktycznie za du\u017ca ilo\u015b\u0107 ciep\u0142a mo\u017ce im przez g\u0142\u00f3wk\u0119 w czasie snu ucieka\u0107.\u00a0<\/span><\/p>\n<p>&nbsp;<\/p>\n","protected":false},"excerpt":"Termin porodu coraz bli\u017cej, a Ty chcia\u0142aby\u015b by\u0107 jak najlepiej przygotowana na powitanie maluszka. Wszystkie po\u0142o\u017cne wskazuj\u0105, \u017ce jest kilka pyta\u0144, kt\u00f3re zadaj\u0105 prawie wszystkie mamy. Postanowili\u015bmy je zebra\u0107 i troch\u0119 Ci pom\u00f3c. Nie na ka\u017cde odpowiadamy wprost, bo s\u0105 tematy, w kt\u00f3rych sama b\u0119dziesz musia\u0142a podj\u0105\u0107 decyzj\u0119, a rozwi\u0105zanie nie zawsze jest jedno. Jak [&hellip;]","author":7,"featured_media":1790,"comment_status":"open","ping_status":"open","sticky":false,"template":"","format":"standard","meta":{"_acf_changed":false,"inline_featured_image":false,"editor_plus_copied_stylings":"{}","footnotes":""},"categories":[31,30],"tags":[],"class_list":["post-1789","post","type-post","status-publish","format-standard","has-post-thumbnail","hentry","category-mama","category-pielegnacja"],"yoast_head":"<!-- This site is optimized with the Yoast SEO plugin v27.4 - https:\/\/yoast.com\/product\/yoast-seo-wordpress\/ -->\n<title>Najcz\u0119\u015bciej zadawane pytania dotycz\u0105ce niemowl\u0105t - cz\u0119\u015b\u0107 1 - katarek.pl<\/title>\n<meta name=\"description\" content=\"Najcz\u0119\u015bciej zadawane pytania o niemowl\u0119ta - cz. 1. Odpowiedzi na nurtuj\u0105ce pytania m\u0142odych rodzic\u00f3w. Sprawd\u017a, czy znasz odpowiedzi!\" \/>\n<meta name=\"robots\" content=\"index, follow, max-snippet:-1, max-image-preview:large, max-video-preview:-1\" \/>\n<link rel=\"canonical\" href=\"https:\/\/katarek.pl\/najczesciej-zadawane-pytania-dotyczace-niemowlat-czesc-1\/\" \/>\n<meta property=\"og:locale\" content=\"pl_PL\" \/>\n<meta property=\"og:type\" content=\"article\" \/>\n<meta property=\"og:title\" content=\"Najcz\u0119\u015bciej zadawane pytania dotycz\u0105ce niemowl\u0105t - cz\u0119\u015b\u0107 1 - katarek.pl\" \/>\n<meta property=\"og:description\" content=\"Najcz\u0119\u015bciej zadawane pytania o niemowl\u0119ta - cz. 1. Odpowiedzi na nurtuj\u0105ce pytania m\u0142odych rodzic\u00f3w. Sprawd\u017a, czy znasz odpowiedzi!\" \/>\n<meta property=\"og:url\" content=\"https:\/\/katarek.pl\/najczesciej-zadawane-pytania-dotyczace-niemowlat-czesc-1\/\" \/>\n<meta property=\"og:site_name\" content=\"katarek.pl\" \/>\n<meta property=\"article:published_time\" content=\"2019-10-20T06:46:25+00:00\" \/>\n<meta property=\"article:modified_time\" content=\"2025-09-26T12:48:11+00:00\" \/>\n<meta property=\"og:image\" content=\"https:\/\/katarek.pl\/wp-content\/uploads\/2019\/11\/shutterstock_1507070348-e1574236339721.jpg\" \/>\n\t<meta property=\"og:image:width\" content=\"1280\" \/>\n\t<meta property=\"og:image:height\" content=\"853\" \/>\n\t<meta property=\"og:image:type\" content=\"image\/jpeg\" \/>\n<meta name=\"author\" content=\"katarek\" \/>\n<meta name=\"twitter:card\" content=\"summary_large_image\" \/>\n<meta name=\"twitter:label1\" content=\"Napisane przez\" \/>\n\t<meta name=\"twitter:data1\" content=\"katarek\" \/>\n\t<meta name=\"twitter:label2\" content=\"Szacowany czas czytania\" \/>\n\t<meta name=\"twitter:data2\" content=\"5 minut\" \/>\n<script type=\"application\/ld+json\" class=\"yoast-schema-graph\">{\"@context\":\"https:\\\/\\\/schema.org\",\"@graph\":[{\"@type\":\"Article\",\"@id\":\"https:\\\/\\\/katarek.pl\\\/najczesciej-zadawane-pytania-dotyczace-niemowlat-czesc-1\\\/#article\",\"isPartOf\":{\"@id\":\"https:\\\/\\\/katarek.pl\\\/najczesciej-zadawane-pytania-dotyczace-niemowlat-czesc-1\\\/\"},\"author\":{\"name\":\"katarek\",\"@id\":\"https:\\\/\\\/katarek.pl\\\/#\\\/schema\\\/person\\\/c7267555b2aaad4c6d15146a155bc430\"},\"headline\":\"Najcz\u0119\u015bciej zadawane pytania dotycz\u0105ce niemowl\u0105t &#8211; cz\u0119\u015b\u0107 1\",\"datePublished\":\"2019-10-20T06:46:25+00:00\",\"dateModified\":\"2025-09-26T12:48:11+00:00\",\"mainEntityOfPage\":{\"@id\":\"https:\\\/\\\/katarek.pl\\\/najczesciej-zadawane-pytania-dotyczace-niemowlat-czesc-1\\\/\"},\"wordCount\":883,\"commentCount\":0,\"image\":{\"@id\":\"https:\\\/\\\/katarek.pl\\\/najczesciej-zadawane-pytania-dotyczace-niemowlat-czesc-1\\\/#primaryimage\"},\"thumbnailUrl\":\"https:\\\/\\\/katarek.pl\\\/wp-content\\\/uploads\\\/2019\\\/11\\\/shutterstock_1507070348-e1574236339721.jpg\",\"articleSection\":[\"Mama\",\"Piel\u0119gnacja\"],\"inLanguage\":\"pl-PL\"},{\"@type\":\"WebPage\",\"@id\":\"https:\\\/\\\/katarek.pl\\\/najczesciej-zadawane-pytania-dotyczace-niemowlat-czesc-1\\\/\",\"url\":\"https:\\\/\\\/katarek.pl\\\/najczesciej-zadawane-pytania-dotyczace-niemowlat-czesc-1\\\/\",\"name\":\"Najcz\u0119\u015bciej zadawane pytania dotycz\u0105ce niemowl\u0105t - cz\u0119\u015b\u0107 1 - katarek.pl\",\"isPartOf\":{\"@id\":\"https:\\\/\\\/katarek.pl\\\/#website\"},\"primaryImageOfPage\":{\"@id\":\"https:\\\/\\\/katarek.pl\\\/najczesciej-zadawane-pytania-dotyczace-niemowlat-czesc-1\\\/#primaryimage\"},\"image\":{\"@id\":\"https:\\\/\\\/katarek.pl\\\/najczesciej-zadawane-pytania-dotyczace-niemowlat-czesc-1\\\/#primaryimage\"},\"thumbnailUrl\":\"https:\\\/\\\/katarek.pl\\\/wp-content\\\/uploads\\\/2019\\\/11\\\/shutterstock_1507070348-e1574236339721.jpg\",\"datePublished\":\"2019-10-20T06:46:25+00:00\",\"dateModified\":\"2025-09-26T12:48:11+00:00\",\"author\":{\"@id\":\"https:\\\/\\\/katarek.pl\\\/#\\\/schema\\\/person\\\/c7267555b2aaad4c6d15146a155bc430\"},\"description\":\"Najcz\u0119\u015bciej zadawane pytania o niemowl\u0119ta - cz. 1. Odpowiedzi na nurtuj\u0105ce pytania m\u0142odych rodzic\u00f3w. Sprawd\u017a, czy znasz odpowiedzi!\",\"breadcrumb\":{\"@id\":\"https:\\\/\\\/katarek.pl\\\/najczesciej-zadawane-pytania-dotyczace-niemowlat-czesc-1\\\/#breadcrumb\"},\"inLanguage\":\"pl-PL\",\"potentialAction\":[{\"@type\":\"ReadAction\",\"target\":[\"https:\\\/\\\/katarek.pl\\\/najczesciej-zadawane-pytania-dotyczace-niemowlat-czesc-1\\\/\"]}]},{\"@type\":\"ImageObject\",\"inLanguage\":\"pl-PL\",\"@id\":\"https:\\\/\\\/katarek.pl\\\/najczesciej-zadawane-pytania-dotyczace-niemowlat-czesc-1\\\/#primaryimage\",\"url\":\"https:\\\/\\\/katarek.pl\\\/wp-content\\\/uploads\\\/2019\\\/11\\\/shutterstock_1507070348-e1574236339721.jpg\",\"contentUrl\":\"https:\\\/\\\/katarek.pl\\\/wp-content\\\/uploads\\\/2019\\\/11\\\/shutterstock_1507070348-e1574236339721.jpg\",\"width\":1280,\"height\":853},{\"@type\":\"BreadcrumbList\",\"@id\":\"https:\\\/\\\/katarek.pl\\\/najczesciej-zadawane-pytania-dotyczace-niemowlat-czesc-1\\\/#breadcrumb\",\"itemListElement\":[{\"@type\":\"ListItem\",\"position\":1,\"name\":\"Home\",\"item\":\"https:\\\/\\\/katarek.pl\\\/\"},{\"@type\":\"ListItem\",\"position\":2,\"name\":\"Blog\",\"item\":\"https:\\\/\\\/katarek.pl\\\/blog\\\/\"},{\"@type\":\"ListItem\",\"position\":3,\"name\":\"Najcz\u0119\u015bciej zadawane pytania dotycz\u0105ce niemowl\u0105t &#8211; cz\u0119\u015b\u0107 1\"}]},{\"@type\":\"WebSite\",\"@id\":\"https:\\\/\\\/katarek.pl\\\/#website\",\"url\":\"https:\\\/\\\/katarek.pl\\\/\",\"name\":\"katarek.pl\",\"description\":\"\",\"potentialAction\":[{\"@type\":\"SearchAction\",\"target\":{\"@type\":\"EntryPoint\",\"urlTemplate\":\"https:\\\/\\\/katarek.pl\\\/?s={search_term_string}\"},\"query-input\":{\"@type\":\"PropertyValueSpecification\",\"valueRequired\":true,\"valueName\":\"search_term_string\"}}],\"inLanguage\":\"pl-PL\"},{\"@type\":\"Person\",\"@id\":\"https:\\\/\\\/katarek.pl\\\/#\\\/schema\\\/person\\\/c7267555b2aaad4c6d15146a155bc430\",\"name\":\"katarek\",\"url\":\"https:\\\/\\\/katarek.pl\\\/author\\\/katarek\\\/\"}]}<\/script>\n<!-- \/ Yoast SEO plugin. -->","yoast_head_json":{"title":"Najcz\u0119\u015bciej zadawane pytania dotycz\u0105ce niemowl\u0105t - cz\u0119\u015b\u0107 1 - katarek.pl","description":"Najcz\u0119\u015bciej zadawane pytania o niemowl\u0119ta - cz. 1. Odpowiedzi na nurtuj\u0105ce pytania m\u0142odych rodzic\u00f3w. Sprawd\u017a, czy znasz odpowiedzi!","robots":{"index":"index","follow":"follow","max-snippet":"max-snippet:-1","max-image-preview":"max-image-preview:large","max-video-preview":"max-video-preview:-1"},"canonical":"https:\/\/katarek.pl\/najczesciej-zadawane-pytania-dotyczace-niemowlat-czesc-1\/","og_locale":"pl_PL","og_type":"article","og_title":"Najcz\u0119\u015bciej zadawane pytania dotycz\u0105ce niemowl\u0105t - cz\u0119\u015b\u0107 1 - katarek.pl","og_description":"Najcz\u0119\u015bciej zadawane pytania o niemowl\u0119ta - cz. 1. Odpowiedzi na nurtuj\u0105ce pytania m\u0142odych rodzic\u00f3w. Sprawd\u017a, czy znasz odpowiedzi!","og_url":"https:\/\/katarek.pl\/najczesciej-zadawane-pytania-dotyczace-niemowlat-czesc-1\/","og_site_name":"katarek.pl","article_published_time":"2019-10-20T06:46:25+00:00","article_modified_time":"2025-09-26T12:48:11+00:00","og_image":[{"width":1280,"height":853,"url":"https:\/\/katarek.pl\/wp-content\/uploads\/2019\/11\/shutterstock_1507070348-e1574236339721.jpg","type":"image\/jpeg"}],"author":"katarek","twitter_card":"summary_large_image","twitter_misc":{"Napisane przez":"katarek","Szacowany czas czytania":"5 minut"},"schema":{"@context":"https:\/\/schema.org","@graph":[{"@type":"Article","@id":"https:\/\/katarek.pl\/najczesciej-zadawane-pytania-dotyczace-niemowlat-czesc-1\/#article","isPartOf":{"@id":"https:\/\/katarek.pl\/najczesciej-zadawane-pytania-dotyczace-niemowlat-czesc-1\/"},"author":{"name":"katarek","@id":"https:\/\/katarek.pl\/#\/schema\/person\/c7267555b2aaad4c6d15146a155bc430"},"headline":"Najcz\u0119\u015bciej zadawane pytania dotycz\u0105ce niemowl\u0105t &#8211; cz\u0119\u015b\u0107 1","datePublished":"2019-10-20T06:46:25+00:00","dateModified":"2025-09-26T12:48:11+00:00","mainEntityOfPage":{"@id":"https:\/\/katarek.pl\/najczesciej-zadawane-pytania-dotyczace-niemowlat-czesc-1\/"},"wordCount":883,"commentCount":0,"image":{"@id":"https:\/\/katarek.pl\/najczesciej-zadawane-pytania-dotyczace-niemowlat-czesc-1\/#primaryimage"},"thumbnailUrl":"https:\/\/katarek.pl\/wp-content\/uploads\/2019\/11\/shutterstock_1507070348-e1574236339721.jpg","articleSection":["Mama","Piel\u0119gnacja"],"inLanguage":"pl-PL"},{"@type":"WebPage","@id":"https:\/\/katarek.pl\/najczesciej-zadawane-pytania-dotyczace-niemowlat-czesc-1\/","url":"https:\/\/katarek.pl\/najczesciej-zadawane-pytania-dotyczace-niemowlat-czesc-1\/","name":"Najcz\u0119\u015bciej zadawane pytania dotycz\u0105ce niemowl\u0105t - cz\u0119\u015b\u0107 1 - katarek.pl","isPartOf":{"@id":"https:\/\/katarek.pl\/#website"},"primaryImageOfPage":{"@id":"https:\/\/katarek.pl\/najczesciej-zadawane-pytania-dotyczace-niemowlat-czesc-1\/#primaryimage"},"image":{"@id":"https:\/\/katarek.pl\/najczesciej-zadawane-pytania-dotyczace-niemowlat-czesc-1\/#primaryimage"},"thumbnailUrl":"https:\/\/katarek.pl\/wp-content\/uploads\/2019\/11\/shutterstock_1507070348-e1574236339721.jpg","datePublished":"2019-10-20T06:46:25+00:00","dateModified":"2025-09-26T12:48:11+00:00","author":{"@id":"https:\/\/katarek.pl\/#\/schema\/person\/c7267555b2aaad4c6d15146a155bc430"},"description":"Najcz\u0119\u015bciej zadawane pytania o niemowl\u0119ta - cz. 1. Odpowiedzi na nurtuj\u0105ce pytania m\u0142odych rodzic\u00f3w. Sprawd\u017a, czy znasz odpowiedzi!","breadcrumb":{"@id":"https:\/\/katarek.pl\/najczesciej-zadawane-pytania-dotyczace-niemowlat-czesc-1\/#breadcrumb"},"inLanguage":"pl-PL","potentialAction":[{"@type":"ReadAction","target":["https:\/\/katarek.pl\/najczesciej-zadawane-pytania-dotyczace-niemowlat-czesc-1\/"]}]},{"@type":"ImageObject","inLanguage":"pl-PL","@id":"https:\/\/katarek.pl\/najczesciej-zadawane-pytania-dotyczace-niemowlat-czesc-1\/#primaryimage","url":"https:\/\/katarek.pl\/wp-content\/uploads\/2019\/11\/shutterstock_1507070348-e1574236339721.jpg","contentUrl":"https:\/\/katarek.pl\/wp-content\/uploads\/2019\/11\/shutterstock_1507070348-e1574236339721.jpg","width":1280,"height":853},{"@type":"BreadcrumbList","@id":"https:\/\/katarek.pl\/najczesciej-zadawane-pytania-dotyczace-niemowlat-czesc-1\/#breadcrumb","itemListElement":[{"@type":"ListItem","position":1,"name":"Home","item":"https:\/\/katarek.pl\/"},{"@type":"ListItem","position":2,"name":"Blog","item":"https:\/\/katarek.pl\/blog\/"},{"@type":"ListItem","position":3,"name":"Najcz\u0119\u015bciej zadawane pytania dotycz\u0105ce niemowl\u0105t &#8211; cz\u0119\u015b\u0107 1"}]},{"@type":"WebSite","@id":"https:\/\/katarek.pl\/#website","url":"https:\/\/katarek.pl\/","name":"katarek.pl","description":"","potentialAction":[{"@type":"SearchAction","target":{"@type":"EntryPoint","urlTemplate":"https:\/\/katarek.pl\/?s={search_term_string}"},"query-input":{"@type":"PropertyValueSpecification","valueRequired":true,"valueName":"search_term_string"}}],"inLanguage":"pl-PL"},{"@type":"Person","@id":"https:\/\/katarek.pl\/#\/schema\/person\/c7267555b2aaad4c6d15146a155bc430","name":"katarek","url":"https:\/\/katarek.pl\/author\/katarek\/"}]}},"acf":[],"gutenberg_blocks":[{"blockName":"custom-styles","attrs":{"styles":""}}],"meta_data":false,"featured_image":{"url":"https:\/\/katarek.pl\/wp-content\/uploads\/2019\/11\/shutterstock_1507070348-e1574236339721-1024x682.jpg"},"main_category":{"name":"Mama"},"prev_page":{"slug":"najczesciej-zadawane-pytania-dotyczace-niemowlat-czesc-2"},"next_page":{"slug":"nawracajacy-katar-jak-sobie-z-nim-radzic"},"_links":{"self":[{"href":"https:\/\/katarek.pl\/index.php\/wp-json\/wp\/v2\/posts\/1789","targetHints":{"allow":["GET"]}}],"collection":[{"href":"https:\/\/katarek.pl\/index.php\/wp-json\/wp\/v2\/posts"}],"about":[{"href":"https:\/\/katarek.pl\/index.php\/wp-json\/wp\/v2\/types\/post"}],"author":[{"embeddable":true,"href":"https:\/\/katarek.pl\/index.php\/wp-json\/wp\/v2\/users\/7"}],"replies":[{"embeddable":true,"href":"https:\/\/katarek.pl\/index.php\/wp-json\/wp\/v2\/comments?post=1789"}],"version-history":[{"count":1,"href":"https:\/\/katarek.pl\/index.php\/wp-json\/wp\/v2\/posts\/1789\/revisions"}],"predecessor-version":[{"id":3757,"href":"https:\/\/katarek.pl\/index.php\/wp-json\/wp\/v2\/posts\/1789\/revisions\/3757"}],"wp:featuredmedia":[{"embeddable":true,"href":"https:\/\/katarek.pl\/index.php\/wp-json\/wp\/v2\/media\/1790"}],"wp:attachment":[{"href":"https:\/\/katarek.pl\/index.php\/wp-json\/wp\/v2\/media?parent=1789"}],"wp:term":[{"taxonomy":"category","embeddable":true,"href":"https:\/\/katarek.pl\/index.php\/wp-json\/wp\/v2\/categories?post=1789"},{"taxonomy":"post_tag","embeddable":true,"href":"https:\/\/katarek.pl\/index.php\/wp-json\/wp\/v2\/tags?post=1789"}],"curies":[{"name":"wp","href":"https:\/\/api.w.org\/{rel}","templated":true}]}}