{"id":1766,"date":"2019-10-29T13:00:51","date_gmt":"2019-10-29T12:00:51","guid":{"rendered":"https:\/\/katarek.pl\/blog\/?p=1766"},"modified":"2019-10-29T13:00:51","modified_gmt":"2019-10-29T12:00:51","slug":"dlaczego-jesienia-lapiemy-katar","status":"publish","type":"post","link":"https:\/\/katarek.pl\/dlaczego-jesienia-lapiemy-katar\/","title":{"rendered":"Dlaczego jesieni\u0105 \u0142apiemy katar?"},"content":{"rendered":"<p>Jesie\u0144 to z jednej strony czas przytulnych wieczor\u00f3w z herbat\u0105, ciep\u0142ych koc\u00f3w i szalik\u00f3w, a z drugiej &#8211; nieko\u0144cz\u0105cych si\u0119 przezi\u0119bie\u0144, kichania i syrop\u00f3w na kaszel. Najwy\u017csza pora zadba\u0107 o to, by w organizmie nie zabrak\u0142o witamin, a ubrania by\u0142y dopasowane do zmiennej pogody. Nie jest to jednak tak \u0142atwe, jak mog\u0142oby si\u0119 wydawa\u0107, dlatego sezon grypowy ju\u017c nied\u0142ugo b\u0119dzie w pe\u0142ni. <strong>Dlaczego jesieni\u0105 \u0142apiemy katar?<\/strong> Czy da si\u0119 co\u015b zrobi\u0107, by si\u0119 przed tym uchroni\u0107? I co z jesiennymi alergiami?<\/p>\n<h2>Katar sienny jesieni\u0105 &#8211; wina rinowirus\u00f3w<\/h2>\n<p>Warto wiedzie\u0107, \u017ce przezi\u0119bienie nie jest skutkiem ataku tylko jednego typu wirusa, wr\u0119cz przeciwnie: naukowcy okre\u015blili ju\u017c ponad 200 wirus\u00f3w, kt\u00f3re wywo\u0142uj\u0105 przezi\u0119bienie czy gryp\u0119, a co za tym idzie &#8211; katar. Do tej grupy nale\u017c\u0105 mi\u0119dzy innymi rinowirusy, o kt\u00f3rych opowiemy nieco wi\u0119cej.<\/p>\n<p>Rinowirusy s\u0105 powodem co drugiego przezi\u0119bienia. Dlaczego ich dzia\u0142alno\u015b\u0107 nasila si\u0119 jesieni\u0105? To bardzo proste: s\u0105 hamowane przez wysok\u0105 temperatur\u0119, a gdy ta spada, wszystkie zarazki uderzaj\u0105 ze zdwojon\u0105 si\u0142\u0105. Dop\u00f3ki trwa\u0142y upa\u0142y, wirusy wegetowa\u0142y w g\u00f3rnych drogach oddechowych &#8211; teraz budz\u0105 si\u0119 i zaczynaj\u0105 atakowa\u0107 uk\u0142ad odporno\u015bciowy. Ciep\u0142o spowalnia ich aktywno\u015b\u0107, a organizm dostaje nieco wi\u0119cej czasu, by si\u0119 zmobilizowa\u0107 i zacz\u0105\u0107 walczy\u0107 z przezi\u0119bieniem i wszelkimi jego objawami. <strong>Katar jesieni\u0105 to prawdziwa zmora zar\u00f3wno dla dzieci, jak i doros\u0142ych<\/strong>.<\/p>\n<p>Je\u015bli zapewnimy rinowirusom odpowiednie warunki do rozwoju, mo\u017cemy by\u0107 pewni, \u017ce b\u0142yskawicznie pokonaj\u0105 nasz uk\u0142ad odporno\u015bciowy. Wystarczy, \u017ce wnikn\u0105 do \u015bluz\u00f3wki nosa, a po kilkunastu minutach zaczn\u0105 namna\u017ca\u0107 si\u0119 w drogach oddechowych. To naprawd\u0119 szalone tempo, przez kt\u00f3re osoba poddana dzia\u0142aniu zarazk\u00f3w ma wszelkie objawy przezi\u0119bienia ju\u017c nast\u0119pnego dnia. Co gorsza &#8211; nawet zanim sama wie, \u017ce jest chora, mo\u017ce ju\u017c zacz\u0105\u0107 zara\u017ca\u0107 osoby z otoczenia.<\/p>\n<h3>Zara\u017camy si\u0119 nawzajem<\/h3>\n<p>Liczne badania pokazuj\u0105, \u017ce ponad po\u0142owa Polak\u00f3w chodzi do pracy mimo przezi\u0119bienia i choroby. A to skutkuje tym, \u017ce kolejne osoby zaczynaj\u0105 kicha\u0107 i kaszle\u0107 i lokalnym epidemiom nie ma ko\u0144ca. Wystarczy\u0142oby wzi\u0105\u0107 dzie\u0144 czy dwa wolnego, by zapobiec tak negatywnym skutkom, jednak przekonanie o tym, \u017ce pracodawca b\u0119dzie patrzy\u0142 nieprzychylnie na osoby bior\u0105ce zwolnienia lekarskie, sprawia, \u017ce s\u0105 one rzadko\u015bci\u0105.<\/p>\n<h3>Niepogoda, deszcze, zmienne temperatury\u2026<\/h3>\n<p>Jesieni\u0105 wszystko zdaje si\u0119 sprzyja\u0107 z\u0142emu samopoczuciu. Cz\u0119sto jeszcze zapominamy, \u017ce lato ju\u017c si\u0119 sko\u0144czy\u0142o, i wychodzimy rano z domu bez cieplejszego p\u0142aszcza czy kurtki &#8211; a na zewn\u0105trz wita nas zaledwie kilka stopni powy\u017cej zera, wilgotne, mro\u017ane powietrze, a w najgorszym wypadku &#8211; nieprzyjemny deszcz.<\/p>\n<p>S\u0105 te\u017c tacy, kt\u00f3rzy zaraz na pocz\u0105tku wrze\u015bnia zaczynaj\u0105 nosi\u0107 szaliki i czapki &#8211; a to r\u00f3wnie\u017c nie najlepiej! Je\u015bli przegrzejemy organizm, a potem w biurze czy na uczelni zn\u00f3w znajdziemy si\u0119 w ch\u0142odnej temperaturze, \u0142atwo o przewianie i nieprzyjemne konsekwencje. Dlatego trzeba znale\u017a\u0107 z\u0142oty \u015brodek, by <em>katar jesieni\u0105<\/em> nie by\u0142 nam gro\u017any.<\/p>\n<p><img loading=\"lazy\" decoding=\"async\" class=\"alignnone size-full wp-image-1769\" src=\"https:\/\/katarek.pl\/wp-content\/uploads\/2019\/10\/katar-jesienia.jpg\" alt=\"Katar jesieni\u0105\" width=\"1000\" height=\"667\" srcset=\"https:\/\/katarek.pl\/wp-content\/uploads\/2019\/10\/katar-jesienia.jpg 1000w, https:\/\/katarek.pl\/wp-content\/uploads\/2019\/10\/katar-jesienia-600x400.jpg 600w, https:\/\/katarek.pl\/wp-content\/uploads\/2019\/10\/katar-jesienia-450x300.jpg 450w, https:\/\/katarek.pl\/wp-content\/uploads\/2019\/10\/katar-jesienia-768x512.jpg 768w, https:\/\/katarek.pl\/wp-content\/uploads\/2019\/10\/katar-jesienia-500x334.jpg 500w, https:\/\/katarek.pl\/wp-content\/uploads\/2019\/10\/katar-jesienia-300x200.jpg 300w\" sizes=\"(max-width: 1000px) 100vw, 1000px\" \/><\/p>\n<h2>Katar alergiczny jesieni\u0105 &#8211; czy to mo\u017cliwe?<\/h2>\n<p>Oczywi\u015bcie, \u017ce tak! Cho\u0107 mog\u0142oby wydawa\u0107 si\u0119, \u017ce jesie\u0144 to ju\u017c koniec py\u0142k\u00f3w i alergicznego kataru, nic bardziej mylnego. Co wi\u0119c uczula nas jesieni\u0105?<\/p>\n<p><strong>Zarodniki ple\u015bni<\/strong>. Je\u015bli jeste\u015b alergikiem, z ca\u0142\u0105 pewno\u015bci\u0105 widzia\u0142e\u015b, \u017ce w kalendarzu pylenia ro\u015blin w okresie jesiennym pojawiaj\u0105 si\u0119 nie do ko\u0144ca zrozumia\u0142e \u0142aci\u0144skie nazwy. Alternaria i Cladosporium to terminy, kt\u00f3rymi okre\u015bla si\u0119 konkretne rodziny grzyb\u00f3w ple\u015bniowych. Jesieni\u0105 mamy do czynienia z wysok\u0105 wilgotno\u015bci\u0105 powietrza, cz\u0119sto nawet przekraczaj\u0105c\u0105 70%. Jak \u0142atwo si\u0119 domy\u015bli\u0107, to warunki idealne dla namna\u017cania si\u0119 grzyb\u00f3w.<\/p>\n<p><strong>Bylica<\/strong>. To ogromnie popularny alergen &#8211; znajduje si\u0119 na 3. miejscu najcz\u0119stszych alergii, zaraz za trawami i brzoz\u0105. Do tego jest jedn\u0105 z najbardziej rozpowszechnionych przyczyn alergicznego zapalenia b\u0142ony \u015bluzowej nosa czy spoj\u00f3wek. Co prawda najmocniej pyli latem, jednak ryzyko ich wyst\u0105pienia jest stosunkowo wysokie nawet do pa\u017adziernika.<\/p>\n<p><strong>Ambrozja<\/strong>. Co prawda kwitnie w sierpniu, ale podobnie jak bylica utrzymuje si\u0119 w powietrzu do ko\u0144ca pa\u017adziernika. Najwi\u0119ksz\u0105 zmor\u0105 jest dla mieszka\u0144c\u00f3w Stan\u00f3w Zjednoczonych, ale pojawia si\u0119 r\u00f3wnie\u017c w Polsce, w tym w Szczecinie, Lublinie, Krakowie, Rzeszowie, Sosnowcu, Opolu czy Wroc\u0142awiu.<\/p>\n<p><b>Alergia jesieni\u0105 to nic niespotykanego! Co jeszcze pyli?<\/b><\/p>\n<ul>\n<li>komosa<\/li>\n<li>\u0142ubin<\/li>\n<li>babka lancetowata<\/li>\n<li>pokrzywa<\/li>\n<li>perz<\/li>\n<\/ul>\n<h2>Jak zadba\u0107 o odporno\u015b\u0107 maluch\u00f3w jesieni\u0105?<\/h2>\n<p>To odwieczny dylemat wszystkich rodzic\u00f3w: pozwala\u0107 dziecku wychodzi\u0107? Pu\u015bci\u0107 przezi\u0119bione dziecko do przedszkola? U niemowl\u0105t i ma\u0142ych dzieci katar przebiega cz\u0119sto z gor\u0105czk\u0105, a wydzielina gromadz\u0105ca si\u0119 w nosku utrudnia oddychanie i sen. Oczywi\u015bcie nie mo\u017cna bagatelizowa\u0107 kataru u dzieci &#8211; wizyta u pediatry jest jak najbardziej wskazana. Je\u015bli katar sienny jesieni\u0105 dopadnie maluszka, niezb\u0119dne b\u0119dzie wdro\u017cenie Metody 3 Krok\u00f3w, kt\u00f3r\u0105 niejednokrotnie ju\u017c opisywali\u015bmy. Wi\u0119cej o tym, jak dba\u0107 o odporno\u015b\u0107 u dzieci, wspomnieli\u015bmy we wpisie o tym, <a href=\"https:\/\/katarek.pl\/blog\/jak-chronic-niemowle-przed-katarem\/\">jak chroni\u0107 niemowl\u0119 przed katarem<\/a>. Mn\u00f3stwo sprawdzonych sposob\u00f3w od Mam z ca\u0142\u0105 pewno\u015bci\u0105 Ci pomo\u017ce!<\/p>\n<p>Pami\u0119taj, \u017ce wirusem przezi\u0119bienia mo\u017cemy si\u0119 zarazi\u0107 nie tylko drog\u0105 kropelkow\u0105. Kichanie i katar to jedno, ale nale\u017cy te\u017c uwa\u017ca\u0107 na podawanie d\u0142oni, dotykanie klamek, a nawet korzystanie z tej samej klawiatury czy telefonu w miejscach publicznych. <b>Czy da si\u0119 uchroni\u0107 przed wirusem, zachowuj\u0105c odpowiedni\u0105 odleg\u0142o\u015b\u0107 od osoby zara\u017conej?<\/b> Mo\u017cna pr\u00f3bowa\u0107. Warto jednak wiedzie\u0107, \u017ce podczas kichni\u0119cia wirus p\u0119dzi z pr\u0119dko\u015bci\u0105 oko\u0142o 160 km\/h. W przeliczeniu: pokonuje 50 metr\u00f3w w sekund\u0119. Marne szanse, \u017ce uda nam si\u0119 uchroni\u0107.<\/p>\n<p>Uwa\u017cajmy wi\u0119c na wszelkie pierwsze objawy, dbajmy o swoj\u0105 odporno\u015b\u0107 na co dzie\u0144 i nie dajmy si\u0119 chorobom na jesie\u0144!<\/p>\n<p><img loading=\"lazy\" decoding=\"async\" class=\"alignnone size-full wp-image-1768\" src=\"https:\/\/katarek.pl\/wp-content\/uploads\/2019\/10\/jesienny-katar-u-dziecka.jpg\" alt=\"Jesienny katar u dziecka\" width=\"1000\" height=\"667\" srcset=\"https:\/\/katarek.pl\/wp-content\/uploads\/2019\/10\/jesienny-katar-u-dziecka.jpg 1000w, https:\/\/katarek.pl\/wp-content\/uploads\/2019\/10\/jesienny-katar-u-dziecka-600x400.jpg 600w, https:\/\/katarek.pl\/wp-content\/uploads\/2019\/10\/jesienny-katar-u-dziecka-450x300.jpg 450w, https:\/\/katarek.pl\/wp-content\/uploads\/2019\/10\/jesienny-katar-u-dziecka-768x512.jpg 768w, https:\/\/katarek.pl\/wp-content\/uploads\/2019\/10\/jesienny-katar-u-dziecka-500x334.jpg 500w, https:\/\/katarek.pl\/wp-content\/uploads\/2019\/10\/jesienny-katar-u-dziecka-300x200.jpg 300w\" sizes=\"(max-width: 1000px) 100vw, 1000px\" \/><\/p>\n","protected":false},"excerpt":"Jesie\u0144 to z jednej strony czas przytulnych wieczor\u00f3w z herbat\u0105, ciep\u0142ych koc\u00f3w i szalik\u00f3w, a z drugiej &#8211; nieko\u0144cz\u0105cych si\u0119 przezi\u0119bie\u0144, kichania i syrop\u00f3w na kaszel. Najwy\u017csza pora zadba\u0107 o to, by w organizmie nie zabrak\u0142o witamin, a ubrania by\u0142y dopasowane do zmiennej pogody. Nie jest to jednak tak \u0142atwe, jak mog\u0142oby si\u0119 wydawa\u0107, dlatego [&hellip;]","author":7,"featured_media":1767,"comment_status":"open","ping_status":"open","sticky":false,"template":"","format":"standard","meta":{"_acf_changed":false,"inline_featured_image":false,"editor_plus_copied_stylings":"{}","footnotes":""},"categories":[41],"tags":[],"class_list":["post-1766","post","type-post","status-publish","format-standard","has-post-thumbnail","hentry","category-zdrowie-dziecko"],"yoast_head":"<!-- This site is optimized with the Yoast SEO plugin v27.4 - https:\/\/yoast.com\/product\/yoast-seo-wordpress\/ -->\n<title>Dlaczego jesieni\u0105 \u0142apiemy katar? Alergia dzieci i doros\u0142ych - blog Katarek<\/title>\n<meta name=\"description\" content=\"Jakie s\u0105 przyczyny \u0142apania kataru przez dzieci i doros\u0142ych na jesie\u0144? Dowiedz si\u0119 co ma na niego wp\u0142yw. Sprawd\u017a na naszym blogu!\" \/>\n<meta name=\"robots\" content=\"index, follow, max-snippet:-1, max-image-preview:large, max-video-preview:-1\" \/>\n<link rel=\"canonical\" href=\"https:\/\/katarek.pl\/dlaczego-jesienia-lapiemy-katar\/\" \/>\n<meta property=\"og:locale\" content=\"pl_PL\" \/>\n<meta property=\"og:type\" content=\"article\" \/>\n<meta property=\"og:title\" content=\"Dlaczego jesieni\u0105 \u0142apiemy katar? Alergia dzieci i doros\u0142ych - blog Katarek\" \/>\n<meta property=\"og:description\" content=\"Jakie s\u0105 przyczyny \u0142apania kataru przez dzieci i doros\u0142ych na jesie\u0144? Dowiedz si\u0119 co ma na niego wp\u0142yw. Sprawd\u017a na naszym blogu!\" \/>\n<meta property=\"og:url\" content=\"https:\/\/katarek.pl\/dlaczego-jesienia-lapiemy-katar\/\" \/>\n<meta property=\"og:site_name\" content=\"katarek.pl\" \/>\n<meta property=\"article:published_time\" content=\"2019-10-29T12:00:51+00:00\" \/>\n<meta property=\"og:image\" content=\"https:\/\/katarek.pl\/wp-content\/uploads\/2019\/10\/dlaczego-jesienia-lapiemy-katar.jpg\" \/>\n\t<meta property=\"og:image:width\" content=\"1280\" \/>\n\t<meta property=\"og:image:height\" content=\"853\" \/>\n\t<meta property=\"og:image:type\" content=\"image\/jpeg\" \/>\n<meta name=\"author\" content=\"katarek\" \/>\n<meta name=\"twitter:card\" content=\"summary_large_image\" \/>\n<meta name=\"twitter:label1\" content=\"Napisane przez\" \/>\n\t<meta name=\"twitter:data1\" content=\"katarek\" \/>\n\t<meta name=\"twitter:label2\" content=\"Szacowany czas czytania\" \/>\n\t<meta name=\"twitter:data2\" content=\"5 minut\" \/>\n<script type=\"application\/ld+json\" class=\"yoast-schema-graph\">{\"@context\":\"https:\\\/\\\/schema.org\",\"@graph\":[{\"@type\":\"Article\",\"@id\":\"https:\\\/\\\/katarek.pl\\\/dlaczego-jesienia-lapiemy-katar\\\/#article\",\"isPartOf\":{\"@id\":\"https:\\\/\\\/katarek.pl\\\/dlaczego-jesienia-lapiemy-katar\\\/\"},\"author\":{\"name\":\"katarek\",\"@id\":\"https:\\\/\\\/katarek.pl\\\/#\\\/schema\\\/person\\\/c7267555b2aaad4c6d15146a155bc430\"},\"headline\":\"Dlaczego jesieni\u0105 \u0142apiemy katar?\",\"datePublished\":\"2019-10-29T12:00:51+00:00\",\"mainEntityOfPage\":{\"@id\":\"https:\\\/\\\/katarek.pl\\\/dlaczego-jesienia-lapiemy-katar\\\/\"},\"wordCount\":995,\"commentCount\":0,\"image\":{\"@id\":\"https:\\\/\\\/katarek.pl\\\/dlaczego-jesienia-lapiemy-katar\\\/#primaryimage\"},\"thumbnailUrl\":\"https:\\\/\\\/katarek.pl\\\/wp-content\\\/uploads\\\/2019\\\/10\\\/dlaczego-jesienia-lapiemy-katar.jpg\",\"articleSection\":[\"Zdrowie\"],\"inLanguage\":\"pl-PL\"},{\"@type\":\"WebPage\",\"@id\":\"https:\\\/\\\/katarek.pl\\\/dlaczego-jesienia-lapiemy-katar\\\/\",\"url\":\"https:\\\/\\\/katarek.pl\\\/dlaczego-jesienia-lapiemy-katar\\\/\",\"name\":\"Dlaczego jesieni\u0105 \u0142apiemy katar? Alergia dzieci i doros\u0142ych - blog Katarek\",\"isPartOf\":{\"@id\":\"https:\\\/\\\/katarek.pl\\\/#website\"},\"primaryImageOfPage\":{\"@id\":\"https:\\\/\\\/katarek.pl\\\/dlaczego-jesienia-lapiemy-katar\\\/#primaryimage\"},\"image\":{\"@id\":\"https:\\\/\\\/katarek.pl\\\/dlaczego-jesienia-lapiemy-katar\\\/#primaryimage\"},\"thumbnailUrl\":\"https:\\\/\\\/katarek.pl\\\/wp-content\\\/uploads\\\/2019\\\/10\\\/dlaczego-jesienia-lapiemy-katar.jpg\",\"datePublished\":\"2019-10-29T12:00:51+00:00\",\"author\":{\"@id\":\"https:\\\/\\\/katarek.pl\\\/#\\\/schema\\\/person\\\/c7267555b2aaad4c6d15146a155bc430\"},\"description\":\"Jakie s\u0105 przyczyny \u0142apania kataru przez dzieci i doros\u0142ych na jesie\u0144? Dowiedz si\u0119 co ma na niego wp\u0142yw. Sprawd\u017a na naszym blogu!\",\"breadcrumb\":{\"@id\":\"https:\\\/\\\/katarek.pl\\\/dlaczego-jesienia-lapiemy-katar\\\/#breadcrumb\"},\"inLanguage\":\"pl-PL\",\"potentialAction\":[{\"@type\":\"ReadAction\",\"target\":[\"https:\\\/\\\/katarek.pl\\\/dlaczego-jesienia-lapiemy-katar\\\/\"]}]},{\"@type\":\"ImageObject\",\"inLanguage\":\"pl-PL\",\"@id\":\"https:\\\/\\\/katarek.pl\\\/dlaczego-jesienia-lapiemy-katar\\\/#primaryimage\",\"url\":\"https:\\\/\\\/katarek.pl\\\/wp-content\\\/uploads\\\/2019\\\/10\\\/dlaczego-jesienia-lapiemy-katar.jpg\",\"contentUrl\":\"https:\\\/\\\/katarek.pl\\\/wp-content\\\/uploads\\\/2019\\\/10\\\/dlaczego-jesienia-lapiemy-katar.jpg\",\"width\":1280,\"height\":853,\"caption\":\"Dlaczego jesieni\u0105 \u0142apiemy katar\"},{\"@type\":\"BreadcrumbList\",\"@id\":\"https:\\\/\\\/katarek.pl\\\/dlaczego-jesienia-lapiemy-katar\\\/#breadcrumb\",\"itemListElement\":[{\"@type\":\"ListItem\",\"position\":1,\"name\":\"Home\",\"item\":\"https:\\\/\\\/katarek.pl\\\/\"},{\"@type\":\"ListItem\",\"position\":2,\"name\":\"Blog\",\"item\":\"https:\\\/\\\/katarek.pl\\\/blog\\\/\"},{\"@type\":\"ListItem\",\"position\":3,\"name\":\"Dlaczego jesieni\u0105 \u0142apiemy katar?\"}]},{\"@type\":\"WebSite\",\"@id\":\"https:\\\/\\\/katarek.pl\\\/#website\",\"url\":\"https:\\\/\\\/katarek.pl\\\/\",\"name\":\"katarek.pl\",\"description\":\"\",\"potentialAction\":[{\"@type\":\"SearchAction\",\"target\":{\"@type\":\"EntryPoint\",\"urlTemplate\":\"https:\\\/\\\/katarek.pl\\\/?s={search_term_string}\"},\"query-input\":{\"@type\":\"PropertyValueSpecification\",\"valueRequired\":true,\"valueName\":\"search_term_string\"}}],\"inLanguage\":\"pl-PL\"},{\"@type\":\"Person\",\"@id\":\"https:\\\/\\\/katarek.pl\\\/#\\\/schema\\\/person\\\/c7267555b2aaad4c6d15146a155bc430\",\"name\":\"katarek\",\"url\":\"https:\\\/\\\/katarek.pl\\\/author\\\/katarek\\\/\"}]}<\/script>\n<!-- \/ Yoast SEO plugin. -->","yoast_head_json":{"title":"Dlaczego jesieni\u0105 \u0142apiemy katar? Alergia dzieci i doros\u0142ych - blog Katarek","description":"Jakie s\u0105 przyczyny \u0142apania kataru przez dzieci i doros\u0142ych na jesie\u0144? Dowiedz si\u0119 co ma na niego wp\u0142yw. Sprawd\u017a na naszym blogu!","robots":{"index":"index","follow":"follow","max-snippet":"max-snippet:-1","max-image-preview":"max-image-preview:large","max-video-preview":"max-video-preview:-1"},"canonical":"https:\/\/katarek.pl\/dlaczego-jesienia-lapiemy-katar\/","og_locale":"pl_PL","og_type":"article","og_title":"Dlaczego jesieni\u0105 \u0142apiemy katar? Alergia dzieci i doros\u0142ych - blog Katarek","og_description":"Jakie s\u0105 przyczyny \u0142apania kataru przez dzieci i doros\u0142ych na jesie\u0144? Dowiedz si\u0119 co ma na niego wp\u0142yw. Sprawd\u017a na naszym blogu!","og_url":"https:\/\/katarek.pl\/dlaczego-jesienia-lapiemy-katar\/","og_site_name":"katarek.pl","article_published_time":"2019-10-29T12:00:51+00:00","og_image":[{"width":1280,"height":853,"url":"https:\/\/katarek.pl\/wp-content\/uploads\/2019\/10\/dlaczego-jesienia-lapiemy-katar.jpg","type":"image\/jpeg"}],"author":"katarek","twitter_card":"summary_large_image","twitter_misc":{"Napisane przez":"katarek","Szacowany czas czytania":"5 minut"},"schema":{"@context":"https:\/\/schema.org","@graph":[{"@type":"Article","@id":"https:\/\/katarek.pl\/dlaczego-jesienia-lapiemy-katar\/#article","isPartOf":{"@id":"https:\/\/katarek.pl\/dlaczego-jesienia-lapiemy-katar\/"},"author":{"name":"katarek","@id":"https:\/\/katarek.pl\/#\/schema\/person\/c7267555b2aaad4c6d15146a155bc430"},"headline":"Dlaczego jesieni\u0105 \u0142apiemy katar?","datePublished":"2019-10-29T12:00:51+00:00","mainEntityOfPage":{"@id":"https:\/\/katarek.pl\/dlaczego-jesienia-lapiemy-katar\/"},"wordCount":995,"commentCount":0,"image":{"@id":"https:\/\/katarek.pl\/dlaczego-jesienia-lapiemy-katar\/#primaryimage"},"thumbnailUrl":"https:\/\/katarek.pl\/wp-content\/uploads\/2019\/10\/dlaczego-jesienia-lapiemy-katar.jpg","articleSection":["Zdrowie"],"inLanguage":"pl-PL"},{"@type":"WebPage","@id":"https:\/\/katarek.pl\/dlaczego-jesienia-lapiemy-katar\/","url":"https:\/\/katarek.pl\/dlaczego-jesienia-lapiemy-katar\/","name":"Dlaczego jesieni\u0105 \u0142apiemy katar? Alergia dzieci i doros\u0142ych - blog Katarek","isPartOf":{"@id":"https:\/\/katarek.pl\/#website"},"primaryImageOfPage":{"@id":"https:\/\/katarek.pl\/dlaczego-jesienia-lapiemy-katar\/#primaryimage"},"image":{"@id":"https:\/\/katarek.pl\/dlaczego-jesienia-lapiemy-katar\/#primaryimage"},"thumbnailUrl":"https:\/\/katarek.pl\/wp-content\/uploads\/2019\/10\/dlaczego-jesienia-lapiemy-katar.jpg","datePublished":"2019-10-29T12:00:51+00:00","author":{"@id":"https:\/\/katarek.pl\/#\/schema\/person\/c7267555b2aaad4c6d15146a155bc430"},"description":"Jakie s\u0105 przyczyny \u0142apania kataru przez dzieci i doros\u0142ych na jesie\u0144? Dowiedz si\u0119 co ma na niego wp\u0142yw. Sprawd\u017a na naszym blogu!","breadcrumb":{"@id":"https:\/\/katarek.pl\/dlaczego-jesienia-lapiemy-katar\/#breadcrumb"},"inLanguage":"pl-PL","potentialAction":[{"@type":"ReadAction","target":["https:\/\/katarek.pl\/dlaczego-jesienia-lapiemy-katar\/"]}]},{"@type":"ImageObject","inLanguage":"pl-PL","@id":"https:\/\/katarek.pl\/dlaczego-jesienia-lapiemy-katar\/#primaryimage","url":"https:\/\/katarek.pl\/wp-content\/uploads\/2019\/10\/dlaczego-jesienia-lapiemy-katar.jpg","contentUrl":"https:\/\/katarek.pl\/wp-content\/uploads\/2019\/10\/dlaczego-jesienia-lapiemy-katar.jpg","width":1280,"height":853,"caption":"Dlaczego jesieni\u0105 \u0142apiemy katar"},{"@type":"BreadcrumbList","@id":"https:\/\/katarek.pl\/dlaczego-jesienia-lapiemy-katar\/#breadcrumb","itemListElement":[{"@type":"ListItem","position":1,"name":"Home","item":"https:\/\/katarek.pl\/"},{"@type":"ListItem","position":2,"name":"Blog","item":"https:\/\/katarek.pl\/blog\/"},{"@type":"ListItem","position":3,"name":"Dlaczego jesieni\u0105 \u0142apiemy katar?"}]},{"@type":"WebSite","@id":"https:\/\/katarek.pl\/#website","url":"https:\/\/katarek.pl\/","name":"katarek.pl","description":"","potentialAction":[{"@type":"SearchAction","target":{"@type":"EntryPoint","urlTemplate":"https:\/\/katarek.pl\/?s={search_term_string}"},"query-input":{"@type":"PropertyValueSpecification","valueRequired":true,"valueName":"search_term_string"}}],"inLanguage":"pl-PL"},{"@type":"Person","@id":"https:\/\/katarek.pl\/#\/schema\/person\/c7267555b2aaad4c6d15146a155bc430","name":"katarek","url":"https:\/\/katarek.pl\/author\/katarek\/"}]}},"acf":[],"gutenberg_blocks":[{"blockName":"custom-styles","attrs":{"styles":""}}],"meta_data":false,"featured_image":{"url":"https:\/\/katarek.pl\/wp-content\/uploads\/2019\/10\/dlaczego-jesienia-lapiemy-katar-1024x682.jpg"},"main_category":{"name":"Zdrowie"},"prev_page":{"slug":"czy-dziecko-z-katarem-moze-isc-do-szkoly-przedszkola"},"next_page":{"slug":"najczesciej-zadawane-pytania-dotyczace-niemowlat-czesc-2"},"_links":{"self":[{"href":"https:\/\/katarek.pl\/index.php\/wp-json\/wp\/v2\/posts\/1766","targetHints":{"allow":["GET"]}}],"collection":[{"href":"https:\/\/katarek.pl\/index.php\/wp-json\/wp\/v2\/posts"}],"about":[{"href":"https:\/\/katarek.pl\/index.php\/wp-json\/wp\/v2\/types\/post"}],"author":[{"embeddable":true,"href":"https:\/\/katarek.pl\/index.php\/wp-json\/wp\/v2\/users\/7"}],"replies":[{"embeddable":true,"href":"https:\/\/katarek.pl\/index.php\/wp-json\/wp\/v2\/comments?post=1766"}],"version-history":[{"count":0,"href":"https:\/\/katarek.pl\/index.php\/wp-json\/wp\/v2\/posts\/1766\/revisions"}],"wp:featuredmedia":[{"embeddable":true,"href":"https:\/\/katarek.pl\/index.php\/wp-json\/wp\/v2\/media\/1767"}],"wp:attachment":[{"href":"https:\/\/katarek.pl\/index.php\/wp-json\/wp\/v2\/media?parent=1766"}],"wp:term":[{"taxonomy":"category","embeddable":true,"href":"https:\/\/katarek.pl\/index.php\/wp-json\/wp\/v2\/categories?post=1766"},{"taxonomy":"post_tag","embeddable":true,"href":"https:\/\/katarek.pl\/index.php\/wp-json\/wp\/v2\/tags?post=1766"}],"curies":[{"name":"wp","href":"https:\/\/api.w.org\/{rel}","templated":true}]}}