{"id":1684,"date":"2019-07-19T09:20:05","date_gmt":"2019-07-19T07:20:05","guid":{"rendered":"https:\/\/katarek.pl\/blog\/?p=1684"},"modified":"2019-07-19T09:20:05","modified_gmt":"2019-07-19T07:20:05","slug":"5-mitow-temat-kataru-u-dzieci","status":"publish","type":"post","link":"https:\/\/katarek.pl\/5-mitow-temat-kataru-u-dzieci\/","title":{"rendered":"5 mit\u00f3w na temat kataru u dzieci. W co nie nale\u017cy wierzy\u0107?"},"content":{"rendered":"<p>Wszyscy go znamy. Atakuje, gdy mamy obni\u017con\u0105 odporno\u015b\u0107, albo zupe\u0142nie bez powodu. Jedni m\u0119cz\u0105 si\u0119 z nim ca\u0142y rok, inni \u2013 szcz\u0119\u015bciarze \u2013 rzadko. Katar przytrafi\u0142 si\u0119 ka\u017cdemu i zdaje si\u0119, \u017ce zewsz\u0105d otaczaj\u0105 nas eksperci, kt\u00f3rzy wiedz\u0105 o nim wszystko. <em>Na temat kataru<\/em> kr\u0105\u017cy <em>wiele mit\u00f3w<\/em>. Dzi\u015b rozprawimy si\u0119 z najpopularniejszymi! Jakie twierdzenia nale\u017cy odes\u0142a\u0107 do lamusa?<\/p>\n<h2>5 nieprawdziwych informacji o katarze, o kt\u00f3rych mo\u017cesz nie wiedzie\u0107<\/h2>\n<p>Bez zb\u0119dnych wst\u0119p\u00f3w: oto lista najcz\u0119stszych <em>mit\u00f3w o katarze<\/em>!<\/p>\n<h3>Mit 1. Katar to choroba<\/h3>\n<p>Katar sam w sobie chorob\u0105 nie jest, cz\u0119sto bywa jednak jej objawem czy zapowiedzi\u0105. Je\u015bli szybko zareagujemy, widz\u0105c pierwsze objawy, ewentualna infekcja si\u0119 nie rozwinie. Przez co katar jest powodowany? Rhinowirusy, czyli jeden z najcz\u0119\u015bciej wyst\u0119puj\u0105cych czynnik\u00f3w zaka\u017anych. To one odpowiadaj\u0105 za niemal po\u0142ow\u0119 zachorowa\u0144 na przezi\u0119bienia. Oznacza to wi\u0119c, \u017ce katar jest zara\u017aliwy. Czy mo\u017cna przed nim ustrzec siebie i dziecko? Tak. Pisali\u015bmy o tym w artykule &#8222;<a href=\"\/blog\/jak-chronic-niemowle-przed-katarem\/\">Jak chroni\u0107 niemowl\u0119 przed katarem<\/a>?&#8221;.<\/p>\n<h3>Mit 2. Katar przejdzie sam<\/h3>\n<p>I tak, i nie. Po pierwsze \u2013 wszystko zale\u017cy od tego, na jaki rodzaj kataru cierpimy. Po drugie \u2013 warto przyspieszy\u0107 powr\u00f3t do pe\u0142nego zdrowia. To konieczne zw\u0142aszcza w przypadku ma\u0142ych dzieci. W osobnym artykule pisali\u015bmy <a href=\"\/blog\/nieleczony-katar-mozliwe-powiklania\/\">o powik\u0142aniach po katarze<\/a>. Tu warto jeszcze wspomnie\u0107, \u017ce niedro\u017cny nos u niemowl\u0119cia sprawia, \u017ce maluszek nie mo\u017ce ssa\u0107 piersi mamy. W\u0142a\u015bnie dlatego tak wa\u017cne jest leczenie kataru u noworodk\u00f3w i w\u0142a\u015bciwa higiena noska dziecka. Pomaga tu na przyk\u0142ad nasza <a href=\"\/metoda-3-krokow\/\">Metoda 3 Krok\u00f3w<\/a>.<\/p>\n<p><img loading=\"lazy\" decoding=\"async\" class=\"alignnone size-full wp-image-1686\" src=\"https:\/\/katarek.pl\/wp-content\/uploads\/2019\/07\/mity-o-dzieciecym-katarze.jpg\" alt=\"mity dotycz\u0105ce dzieci\u0119cego kataru\" width=\"960\" height=\"681\" srcset=\"https:\/\/katarek.pl\/wp-content\/uploads\/2019\/07\/mity-o-dzieciecym-katarze.jpg 960w, https:\/\/katarek.pl\/wp-content\/uploads\/2019\/07\/mity-o-dzieciecym-katarze-600x426.jpg 600w, https:\/\/katarek.pl\/wp-content\/uploads\/2019\/07\/mity-o-dzieciecym-katarze-450x319.jpg 450w, https:\/\/katarek.pl\/wp-content\/uploads\/2019\/07\/mity-o-dzieciecym-katarze-768x545.jpg 768w, https:\/\/katarek.pl\/wp-content\/uploads\/2019\/07\/mity-o-dzieciecym-katarze-500x355.jpg 500w, https:\/\/katarek.pl\/wp-content\/uploads\/2019\/07\/mity-o-dzieciecym-katarze-300x213.jpg 300w\" sizes=\"(max-width: 960px) 100vw, 960px\" \/><\/p>\n<h3>Mit 3. Nieustanny katar to alergia<\/h3>\n<p>Katar, kt\u00f3ry utrzymuje si\u0119 d\u0142u\u017cej ni\u017c 3 tygodnie, powinien by\u0107 alarmuj\u0105cy. Czy jest jednoznaczny z alergi\u0105? Nie. Oczywi\u015bcie mo\u017ce by\u0107 z ni\u0105 zwi\u0105zany, jednak inne powody d\u0142ugotrwale utrzymuj\u0105cego si\u0119 nie\u017cytu nosa to na przyk\u0142ad:<\/p>\n<ul>\n<li>choroby migda\u0142k\u00f3w,<\/li>\n<li>zapalenie zatok przynosowych.<\/li>\n<\/ul>\n<p>I zn\u00f3w: wszelkie nieprawid\u0142owo\u015bci trzeba zg\u0142asza\u0107 lekarzowi specjali\u015bcie, bez kt\u00f3rego fachowej diagnozy si\u0119 nie obejdzie, je\u015bli chcemy bezpiecznie pozby\u0107 si\u0119 kataru.<\/p>\n<h3>Mit 4. Odci\u0105ganie dziecku kataru nie jest konieczne<\/h3>\n<p>To kolejny mit zwi\u0105zany z b\u0142\u0119dnym prze\u015bwiadczeniem, \u017ce katar minie sam. Jest powszechny zw\u0142aszcza u tych rodzic\u00f3w, kt\u00f3rzy z r\u00f3\u017cnych powod\u00f3w maj\u0105 opory przed odci\u0105ganiem kataru u dziecka. Tymczasem oczyszczanie nosa jest konieczne. Co by si\u0119 sta\u0142o, gdyby\u015bmy pozostawili nosek niemowlaka zatkany? Doprowadzi\u0142oby to do gro\u017anych powik\u0142a\u0144, o kt\u00f3rych przypominamy na ka\u017cdym kroku. Najgorszym mo\u017cliwym scenariuszem jest zapalenie opon m\u00f3zgowych.<\/p>\n<p>Jak wi\u0119c oczyszcza\u0107 nos u dziecka, kt\u00f3re nie umie jeszcze samo go wydmucha\u0107? Wspomnian\u0105 ju\u017c Metod\u0105 3 Krok\u00f3w, opracowan\u0105 przez naszych specjalist\u00f3w we wsp\u00f3\u0142pracy z lekarzami.<\/p>\n<p><img loading=\"lazy\" decoding=\"async\" class=\"alignnone size-full wp-image-1687\" src=\"https:\/\/katarek.pl\/wp-content\/uploads\/2019\/07\/dzieciecy-katar-mity.jpg\" alt=\"dzieci\u0119cy katar - 5 mit\u00f3w\" width=\"960\" height=\"640\" srcset=\"https:\/\/katarek.pl\/wp-content\/uploads\/2019\/07\/dzieciecy-katar-mity.jpg 960w, https:\/\/katarek.pl\/wp-content\/uploads\/2019\/07\/dzieciecy-katar-mity-600x400.jpg 600w, https:\/\/katarek.pl\/wp-content\/uploads\/2019\/07\/dzieciecy-katar-mity-450x300.jpg 450w, https:\/\/katarek.pl\/wp-content\/uploads\/2019\/07\/dzieciecy-katar-mity-768x512.jpg 768w, https:\/\/katarek.pl\/wp-content\/uploads\/2019\/07\/dzieciecy-katar-mity-500x333.jpg 500w, https:\/\/katarek.pl\/wp-content\/uploads\/2019\/07\/dzieciecy-katar-mity-300x200.jpg 300w\" sizes=\"(max-width: 960px) 100vw, 960px\" \/><\/p>\n<h3>Mit 5. Katar w ci\u0105\u017cy szkodzi dziecku w \u0142onie matki<\/h3>\n<p>Naturalne jest, \u017ce kobiety w ci\u0105\u017cy staraj\u0105 si\u0119 unika\u0107 infekcji. Czasem jednak katar i tak si\u0119 pojawia. Czy ten w ci\u0105\u017cy jest gro\u017any dla dziecka? Nie. Przede wszystkim nie zawsze zatkany czy ciekn\u0105cy nos w ci\u0105\u017cy jest zwi\u0105zany z infekcj\u0105. Mo\u017ce wynika\u0107 ze zmienionej gospodarki hormonalnej w tym okresie lub z alergii. <b>Rozwijaj\u0105cemu si\u0119 pod sercem mamy dziecku mog\u0105 za to zaszkodzi\u0107 leki, kt\u00f3re zostan\u0105 zastosowane w kuracji<\/b>. Dlatego wszelkiego rodzaju terapie nie\u017cytu nosa nale\u017cy w takiej sytuacji konsultowa\u0107 z lekarzem.<\/p>\n<h2>Niezale\u017cnie od fakt\u00f3w i mit\u00f3w \u2013 informacje w pigu\u0142ce<\/h2>\n<p>Nie\u017cyt nosa, cho\u0107 wydaje si\u0119 niegro\u017any, bywa powa\u017cnym problemem. Tym bardziej, \u017ce na temat kataru kr\u0105\u017cy wiele mit\u00f3w. Dlatego warto rozprawi\u0107 si\u0119 z nim szybko i jak najbezpieczniej. Kr\u00f3tko m\u00f3wi\u0105c:<\/p>\n<ul>\n<li>katar to nie choroba, ale jej zapowied\u017a lub objaw \u2013 mo\u017ce by\u0107 zara\u017aliwy;<\/li>\n<li>szybkie wyleczenie kataru pomo\u017ce unikn\u0105\u0107 powik\u0142a\u0144;<\/li>\n<li>d\u0142ugotrwa\u0142y katar to nie zawsze alergia;<\/li>\n<li>to, w jaki spos\u00f3b udra\u017cniasz nos, ma znaczenie;<\/li>\n<li>odci\u0105ganie kataru u dzieci, kt\u00f3re nie potrafi\u0105 samodzielnie wydmucha\u0107 nosa jest konieczne;<\/li>\n<li>katar u mamy w ci\u0105\u017cy nie szkodzi dziecku \u2013 gro\u017ane mog\u0105 by\u0107 stosowane przez ni\u0105 leki.<\/li>\n<\/ul>\n<p>\u017byczymy du\u017co zdrowia!<\/p>\n","protected":false},"excerpt":"Wszyscy go znamy. Atakuje, gdy mamy obni\u017con\u0105 odporno\u015b\u0107, albo zupe\u0142nie bez powodu. Jedni m\u0119cz\u0105 si\u0119 z nim ca\u0142y rok, inni \u2013 szcz\u0119\u015bciarze \u2013 rzadko. Katar przytrafi\u0142 si\u0119 ka\u017cdemu i zdaje si\u0119, \u017ce zewsz\u0105d otaczaj\u0105 nas eksperci, kt\u00f3rzy wiedz\u0105 o nim wszystko. Na temat kataru kr\u0105\u017cy wiele mit\u00f3w. Dzi\u015b rozprawimy si\u0119 z najpopularniejszymi! Jakie twierdzenia nale\u017cy [&hellip;]","author":7,"featured_media":1685,"comment_status":"open","ping_status":"open","sticky":false,"template":"","format":"standard","meta":{"_acf_changed":false,"inline_featured_image":false,"editor_plus_copied_stylings":"{}","footnotes":""},"categories":[28,41],"tags":[],"class_list":["post-1684","post","type-post","status-publish","format-standard","has-post-thumbnail","hentry","category-dziecko","category-zdrowie-dziecko"],"yoast_head":"<!-- This site is optimized with the Yoast SEO plugin v27.4 - https:\/\/yoast.com\/product\/yoast-seo-wordpress\/ -->\n<title>5 mit\u00f3w na temat kataru u dzieci. W co nie nale\u017cy wierzy\u0107? - katarek.pl<\/title>\n<meta name=\"description\" content=\"Przedstawiamy 5 mit\u00f3w dotycz\u0105cych kataru u dzieci. Dowiedz si\u0119, w co nie nale\u017cy wierzy\u0107 z naszego artyku\u0142u. Sprawd\u017a na blogu Katarek!\" \/>\n<meta name=\"robots\" content=\"index, follow, max-snippet:-1, max-image-preview:large, max-video-preview:-1\" \/>\n<link rel=\"canonical\" href=\"https:\/\/katarek.pl\/5-mitow-temat-kataru-u-dzieci\/\" \/>\n<meta property=\"og:locale\" content=\"pl_PL\" \/>\n<meta property=\"og:type\" content=\"article\" \/>\n<meta property=\"og:title\" content=\"5 mit\u00f3w na temat kataru u dzieci. W co nie nale\u017cy wierzy\u0107? - katarek.pl\" \/>\n<meta property=\"og:description\" content=\"Przedstawiamy 5 mit\u00f3w dotycz\u0105cych kataru u dzieci. Dowiedz si\u0119, w co nie nale\u017cy wierzy\u0107 z naszego artyku\u0142u. Sprawd\u017a na blogu Katarek!\" \/>\n<meta property=\"og:url\" content=\"https:\/\/katarek.pl\/5-mitow-temat-kataru-u-dzieci\/\" \/>\n<meta property=\"og:site_name\" content=\"katarek.pl\" \/>\n<meta property=\"article:published_time\" content=\"2019-07-19T07:20:05+00:00\" \/>\n<meta property=\"og:image\" content=\"https:\/\/katarek.pl\/wp-content\/uploads\/2019\/07\/mity-o-katarze-u-dzieci.jpg\" \/>\n\t<meta property=\"og:image:width\" content=\"960\" \/>\n\t<meta property=\"og:image:height\" content=\"720\" \/>\n\t<meta property=\"og:image:type\" content=\"image\/jpeg\" \/>\n<meta name=\"author\" content=\"katarek\" \/>\n<meta name=\"twitter:card\" content=\"summary_large_image\" \/>\n<meta name=\"twitter:label1\" content=\"Napisane przez\" \/>\n\t<meta name=\"twitter:data1\" content=\"katarek\" \/>\n\t<meta name=\"twitter:label2\" content=\"Szacowany czas czytania\" \/>\n\t<meta name=\"twitter:data2\" content=\"4 minuty\" \/>\n<script type=\"application\/ld+json\" class=\"yoast-schema-graph\">{\"@context\":\"https:\\\/\\\/schema.org\",\"@graph\":[{\"@type\":\"Article\",\"@id\":\"https:\\\/\\\/katarek.pl\\\/5-mitow-temat-kataru-u-dzieci\\\/#article\",\"isPartOf\":{\"@id\":\"https:\\\/\\\/katarek.pl\\\/5-mitow-temat-kataru-u-dzieci\\\/\"},\"author\":{\"name\":\"katarek\",\"@id\":\"https:\\\/\\\/katarek.pl\\\/#\\\/schema\\\/person\\\/c7267555b2aaad4c6d15146a155bc430\"},\"headline\":\"5 mit\u00f3w na temat kataru u dzieci. W co nie nale\u017cy wierzy\u0107?\",\"datePublished\":\"2019-07-19T07:20:05+00:00\",\"mainEntityOfPage\":{\"@id\":\"https:\\\/\\\/katarek.pl\\\/5-mitow-temat-kataru-u-dzieci\\\/\"},\"wordCount\":722,\"commentCount\":0,\"image\":{\"@id\":\"https:\\\/\\\/katarek.pl\\\/5-mitow-temat-kataru-u-dzieci\\\/#primaryimage\"},\"thumbnailUrl\":\"https:\\\/\\\/katarek.pl\\\/wp-content\\\/uploads\\\/2019\\\/07\\\/mity-o-katarze-u-dzieci.jpg\",\"articleSection\":[\"Dziecko\",\"Zdrowie\"],\"inLanguage\":\"pl-PL\"},{\"@type\":\"WebPage\",\"@id\":\"https:\\\/\\\/katarek.pl\\\/5-mitow-temat-kataru-u-dzieci\\\/\",\"url\":\"https:\\\/\\\/katarek.pl\\\/5-mitow-temat-kataru-u-dzieci\\\/\",\"name\":\"5 mit\u00f3w na temat kataru u dzieci. W co nie nale\u017cy wierzy\u0107? - katarek.pl\",\"isPartOf\":{\"@id\":\"https:\\\/\\\/katarek.pl\\\/#website\"},\"primaryImageOfPage\":{\"@id\":\"https:\\\/\\\/katarek.pl\\\/5-mitow-temat-kataru-u-dzieci\\\/#primaryimage\"},\"image\":{\"@id\":\"https:\\\/\\\/katarek.pl\\\/5-mitow-temat-kataru-u-dzieci\\\/#primaryimage\"},\"thumbnailUrl\":\"https:\\\/\\\/katarek.pl\\\/wp-content\\\/uploads\\\/2019\\\/07\\\/mity-o-katarze-u-dzieci.jpg\",\"datePublished\":\"2019-07-19T07:20:05+00:00\",\"author\":{\"@id\":\"https:\\\/\\\/katarek.pl\\\/#\\\/schema\\\/person\\\/c7267555b2aaad4c6d15146a155bc430\"},\"description\":\"Przedstawiamy 5 mit\u00f3w dotycz\u0105cych kataru u dzieci. Dowiedz si\u0119, w co nie nale\u017cy wierzy\u0107 z naszego artyku\u0142u. Sprawd\u017a na blogu Katarek!\",\"breadcrumb\":{\"@id\":\"https:\\\/\\\/katarek.pl\\\/5-mitow-temat-kataru-u-dzieci\\\/#breadcrumb\"},\"inLanguage\":\"pl-PL\",\"potentialAction\":[{\"@type\":\"ReadAction\",\"target\":[\"https:\\\/\\\/katarek.pl\\\/5-mitow-temat-kataru-u-dzieci\\\/\"]}]},{\"@type\":\"ImageObject\",\"inLanguage\":\"pl-PL\",\"@id\":\"https:\\\/\\\/katarek.pl\\\/5-mitow-temat-kataru-u-dzieci\\\/#primaryimage\",\"url\":\"https:\\\/\\\/katarek.pl\\\/wp-content\\\/uploads\\\/2019\\\/07\\\/mity-o-katarze-u-dzieci.jpg\",\"contentUrl\":\"https:\\\/\\\/katarek.pl\\\/wp-content\\\/uploads\\\/2019\\\/07\\\/mity-o-katarze-u-dzieci.jpg\",\"width\":960,\"height\":720,\"caption\":\"5 mit\u00f3w o katarze u dzieci\"},{\"@type\":\"BreadcrumbList\",\"@id\":\"https:\\\/\\\/katarek.pl\\\/5-mitow-temat-kataru-u-dzieci\\\/#breadcrumb\",\"itemListElement\":[{\"@type\":\"ListItem\",\"position\":1,\"name\":\"Home\",\"item\":\"https:\\\/\\\/katarek.pl\\\/\"},{\"@type\":\"ListItem\",\"position\":2,\"name\":\"Blog\",\"item\":\"https:\\\/\\\/katarek.pl\\\/blog\\\/\"},{\"@type\":\"ListItem\",\"position\":3,\"name\":\"5 mit\u00f3w na temat kataru u dzieci. W co nie nale\u017cy wierzy\u0107?\"}]},{\"@type\":\"WebSite\",\"@id\":\"https:\\\/\\\/katarek.pl\\\/#website\",\"url\":\"https:\\\/\\\/katarek.pl\\\/\",\"name\":\"katarek.pl\",\"description\":\"\",\"potentialAction\":[{\"@type\":\"SearchAction\",\"target\":{\"@type\":\"EntryPoint\",\"urlTemplate\":\"https:\\\/\\\/katarek.pl\\\/?s={search_term_string}\"},\"query-input\":{\"@type\":\"PropertyValueSpecification\",\"valueRequired\":true,\"valueName\":\"search_term_string\"}}],\"inLanguage\":\"pl-PL\"},{\"@type\":\"Person\",\"@id\":\"https:\\\/\\\/katarek.pl\\\/#\\\/schema\\\/person\\\/c7267555b2aaad4c6d15146a155bc430\",\"name\":\"katarek\",\"url\":\"https:\\\/\\\/katarek.pl\\\/author\\\/katarek\\\/\"}]}<\/script>\n<!-- \/ Yoast SEO plugin. -->","yoast_head_json":{"title":"5 mit\u00f3w na temat kataru u dzieci. W co nie nale\u017cy wierzy\u0107? - katarek.pl","description":"Przedstawiamy 5 mit\u00f3w dotycz\u0105cych kataru u dzieci. Dowiedz si\u0119, w co nie nale\u017cy wierzy\u0107 z naszego artyku\u0142u. Sprawd\u017a na blogu Katarek!","robots":{"index":"index","follow":"follow","max-snippet":"max-snippet:-1","max-image-preview":"max-image-preview:large","max-video-preview":"max-video-preview:-1"},"canonical":"https:\/\/katarek.pl\/5-mitow-temat-kataru-u-dzieci\/","og_locale":"pl_PL","og_type":"article","og_title":"5 mit\u00f3w na temat kataru u dzieci. W co nie nale\u017cy wierzy\u0107? - katarek.pl","og_description":"Przedstawiamy 5 mit\u00f3w dotycz\u0105cych kataru u dzieci. Dowiedz si\u0119, w co nie nale\u017cy wierzy\u0107 z naszego artyku\u0142u. Sprawd\u017a na blogu Katarek!","og_url":"https:\/\/katarek.pl\/5-mitow-temat-kataru-u-dzieci\/","og_site_name":"katarek.pl","article_published_time":"2019-07-19T07:20:05+00:00","og_image":[{"width":960,"height":720,"url":"https:\/\/katarek.pl\/wp-content\/uploads\/2019\/07\/mity-o-katarze-u-dzieci.jpg","type":"image\/jpeg"}],"author":"katarek","twitter_card":"summary_large_image","twitter_misc":{"Napisane przez":"katarek","Szacowany czas czytania":"4 minuty"},"schema":{"@context":"https:\/\/schema.org","@graph":[{"@type":"Article","@id":"https:\/\/katarek.pl\/5-mitow-temat-kataru-u-dzieci\/#article","isPartOf":{"@id":"https:\/\/katarek.pl\/5-mitow-temat-kataru-u-dzieci\/"},"author":{"name":"katarek","@id":"https:\/\/katarek.pl\/#\/schema\/person\/c7267555b2aaad4c6d15146a155bc430"},"headline":"5 mit\u00f3w na temat kataru u dzieci. W co nie nale\u017cy wierzy\u0107?","datePublished":"2019-07-19T07:20:05+00:00","mainEntityOfPage":{"@id":"https:\/\/katarek.pl\/5-mitow-temat-kataru-u-dzieci\/"},"wordCount":722,"commentCount":0,"image":{"@id":"https:\/\/katarek.pl\/5-mitow-temat-kataru-u-dzieci\/#primaryimage"},"thumbnailUrl":"https:\/\/katarek.pl\/wp-content\/uploads\/2019\/07\/mity-o-katarze-u-dzieci.jpg","articleSection":["Dziecko","Zdrowie"],"inLanguage":"pl-PL"},{"@type":"WebPage","@id":"https:\/\/katarek.pl\/5-mitow-temat-kataru-u-dzieci\/","url":"https:\/\/katarek.pl\/5-mitow-temat-kataru-u-dzieci\/","name":"5 mit\u00f3w na temat kataru u dzieci. W co nie nale\u017cy wierzy\u0107? - katarek.pl","isPartOf":{"@id":"https:\/\/katarek.pl\/#website"},"primaryImageOfPage":{"@id":"https:\/\/katarek.pl\/5-mitow-temat-kataru-u-dzieci\/#primaryimage"},"image":{"@id":"https:\/\/katarek.pl\/5-mitow-temat-kataru-u-dzieci\/#primaryimage"},"thumbnailUrl":"https:\/\/katarek.pl\/wp-content\/uploads\/2019\/07\/mity-o-katarze-u-dzieci.jpg","datePublished":"2019-07-19T07:20:05+00:00","author":{"@id":"https:\/\/katarek.pl\/#\/schema\/person\/c7267555b2aaad4c6d15146a155bc430"},"description":"Przedstawiamy 5 mit\u00f3w dotycz\u0105cych kataru u dzieci. Dowiedz si\u0119, w co nie nale\u017cy wierzy\u0107 z naszego artyku\u0142u. Sprawd\u017a na blogu Katarek!","breadcrumb":{"@id":"https:\/\/katarek.pl\/5-mitow-temat-kataru-u-dzieci\/#breadcrumb"},"inLanguage":"pl-PL","potentialAction":[{"@type":"ReadAction","target":["https:\/\/katarek.pl\/5-mitow-temat-kataru-u-dzieci\/"]}]},{"@type":"ImageObject","inLanguage":"pl-PL","@id":"https:\/\/katarek.pl\/5-mitow-temat-kataru-u-dzieci\/#primaryimage","url":"https:\/\/katarek.pl\/wp-content\/uploads\/2019\/07\/mity-o-katarze-u-dzieci.jpg","contentUrl":"https:\/\/katarek.pl\/wp-content\/uploads\/2019\/07\/mity-o-katarze-u-dzieci.jpg","width":960,"height":720,"caption":"5 mit\u00f3w o katarze u dzieci"},{"@type":"BreadcrumbList","@id":"https:\/\/katarek.pl\/5-mitow-temat-kataru-u-dzieci\/#breadcrumb","itemListElement":[{"@type":"ListItem","position":1,"name":"Home","item":"https:\/\/katarek.pl\/"},{"@type":"ListItem","position":2,"name":"Blog","item":"https:\/\/katarek.pl\/blog\/"},{"@type":"ListItem","position":3,"name":"5 mit\u00f3w na temat kataru u dzieci. W co nie nale\u017cy wierzy\u0107?"}]},{"@type":"WebSite","@id":"https:\/\/katarek.pl\/#website","url":"https:\/\/katarek.pl\/","name":"katarek.pl","description":"","potentialAction":[{"@type":"SearchAction","target":{"@type":"EntryPoint","urlTemplate":"https:\/\/katarek.pl\/?s={search_term_string}"},"query-input":{"@type":"PropertyValueSpecification","valueRequired":true,"valueName":"search_term_string"}}],"inLanguage":"pl-PL"},{"@type":"Person","@id":"https:\/\/katarek.pl\/#\/schema\/person\/c7267555b2aaad4c6d15146a155bc430","name":"katarek","url":"https:\/\/katarek.pl\/author\/katarek\/"}]}},"acf":[],"gutenberg_blocks":[{"blockName":"custom-styles","attrs":{"styles":""}}],"meta_data":false,"featured_image":{"url":"https:\/\/katarek.pl\/wp-content\/uploads\/2019\/07\/mity-o-katarze-u-dzieci.jpg"},"main_category":{"name":"Dziecko"},"prev_page":{"slug":"dlaczego-nie-leczyc-kataru-u-dzieci-kroplami-nosa"},"next_page":{"slug":"aspirator-ustny-czy-do-odkurzacza-roznice"},"_links":{"self":[{"href":"https:\/\/katarek.pl\/index.php\/wp-json\/wp\/v2\/posts\/1684","targetHints":{"allow":["GET"]}}],"collection":[{"href":"https:\/\/katarek.pl\/index.php\/wp-json\/wp\/v2\/posts"}],"about":[{"href":"https:\/\/katarek.pl\/index.php\/wp-json\/wp\/v2\/types\/post"}],"author":[{"embeddable":true,"href":"https:\/\/katarek.pl\/index.php\/wp-json\/wp\/v2\/users\/7"}],"replies":[{"embeddable":true,"href":"https:\/\/katarek.pl\/index.php\/wp-json\/wp\/v2\/comments?post=1684"}],"version-history":[{"count":0,"href":"https:\/\/katarek.pl\/index.php\/wp-json\/wp\/v2\/posts\/1684\/revisions"}],"wp:featuredmedia":[{"embeddable":true,"href":"https:\/\/katarek.pl\/index.php\/wp-json\/wp\/v2\/media\/1685"}],"wp:attachment":[{"href":"https:\/\/katarek.pl\/index.php\/wp-json\/wp\/v2\/media?parent=1684"}],"wp:term":[{"taxonomy":"category","embeddable":true,"href":"https:\/\/katarek.pl\/index.php\/wp-json\/wp\/v2\/categories?post=1684"},{"taxonomy":"post_tag","embeddable":true,"href":"https:\/\/katarek.pl\/index.php\/wp-json\/wp\/v2\/tags?post=1684"}],"curies":[{"name":"wp","href":"https:\/\/api.w.org\/{rel}","templated":true}]}}