{"id":1609,"date":"2023-03-29T09:59:04","date_gmt":"2023-03-29T07:59:04","guid":{"rendered":"https:\/\/katarek.pl\/blog\/?p=1609"},"modified":"2023-03-29T09:59:04","modified_gmt":"2023-03-29T07:59:04","slug":"nieleczony-katar-mozliwe-powiklania","status":"publish","type":"post","link":"https:\/\/katarek.pl\/nieleczony-katar-mozliwe-powiklania\/","title":{"rendered":"Nieleczony katar i mo\u017cliwe powik\u0142ania"},"content":{"rendered":"<p><b>Spis tre\u015bci<\/b><\/p>\n<ul>\n<li><a href=\"#jakie-powikania-powoduje-nieleczony-katar\">Jakie powik\u0142ania powoduje nieleczony katar?<\/a><\/li>\n<li><a href=\"#jak-samodzielnie-wyleczyc-katar-u-dziecka\">Jak samodzielnie wyleczy\u0107 katar u dziecka?<\/a><\/li>\n<\/ul>\n<p>Ka\u017cde przewlek\u0142e schorzenie, o ile nie jest leczone, mo\u017ce przyczyni\u0107 si\u0119 do powstania powik\u0142a\u0144, mniej lub bardziej gro\u017anych dla organizmu. Podobnie jest z <strong>nieleczonym katarem<\/strong>. Piszemy dzi\u015b o tym, do czego mo\u017ce doprowadzi\u0107 jego lekcewa\u017cenie, oraz jak rozpozna\u0107 zagro\u017cenie, nim przybierze ostre formy. Naturalnie nie z ka\u017cd\u0105 przypad\u0142o\u015bci\u0105 musisz wybiera\u0107 si\u0119 do lekarza specjalisty, jednak s\u0105 przypadki, kiedy to konieczne. W tym artykule przeczytasz tak\u017ce, jak poradzi\u0107 sobie z katarem u dziecka samodzielnie i nie doprowadzi\u0107 do zaognienia stanu chorobowego.<\/p>\n<h2 id=\"jakie-powikania-powoduje-nieleczony-katar\">Jakie powik\u0142ania powoduje nieleczony katar?<\/h2>\n<p><em>Przed\u0142u\u017caj\u0105cy si\u0119 katar<\/em>, o kt\u00f3rego leczenie nie zadbasz, mo\u017ce przerodzi\u0107 si\u0119 w szereg powa\u017cniejszych chor\u00f3b. B\u0119d\u0105 to na przyk\u0142ad:<\/p>\n<ul>\n<li>rozprzestrzenienie si\u0119 infekcji tak\u017ce na dolny uk\u0142ad oddechowy;<\/li>\n<li>powstanie polip\u00f3w w g\u00f3rnym uk\u0142adzie oddechowym, kt\u00f3re w efekcie utrudniaj\u0105 oddychanie;<\/li>\n<li>szczeg\u00f3lnie uci\u0105\u017cliwe i trudne do wyleczenia zapalenie zatok;<\/li>\n<li>gro\u017ane zapalenie ucha \u015brodkowego;<\/li>\n<li>zapalenie gard\u0142a;<\/li>\n<li>zapalenie spoj\u00f3wek;<\/li>\n<li>zapalenie krtani i tchawicy;<\/li>\n<li>mo\u017cliwe, \u017ce tak\u017ce nawet zapalenie p\u0142uc.<\/li>\n<\/ul>\n<p>Cho\u0107 mog\u0142oby si\u0119 wydawa\u0107, \u017ce gorzej by\u0107 nie mo\u017ce, nale\u017cy powiedzie\u0107 jeszcze o <strong>powik\u0142aniach nieleczonego kataru u dzieci<\/strong>, kt\u00f3re s\u0105 jeszcze powa\u017cniejsze. U noworodk\u00f3w d\u0142ugotrwa\u0142y katar mo\u017ce spowodowa\u0107 gro\u017ane zapalenie ucha \u015brodkowego. U pociech mi\u0119dzy 6 a 18 miesi\u0105cem \u2013 r\u00f3wnie\u017c. U maluch\u00f3w do 3 roku \u017cycia najgro\u017aniejsze jest zapalenie zatok. Oba mog\u0105 prowadzi\u0107 do kolejnych, zagra\u017caj\u0105cych dziecku schorze\u0144: zapalenie ucha do pora\u017cenia nerwu twarzowego albo zapalenia b\u0142\u0119dnika czy niedos\u0142uchu, zapalenie zatok do zapalenia opon m\u00f3zgowych, ropnia m\u00f3zgu i oczodo\u0142u. W\u0142a\u015bnie dlatego zw\u0142aszcza w przypadku dzieci nie mo\u017cna lekcewa\u017cy\u0107 kataru i liczy\u0107 na to, \u017ce przejdzie sam.<\/p>\n<h3>Kiedy pomoc specjalisty w wyleczeniu kataru i jego nast\u0119pstw jest konieczna?<\/h3>\n<p>Jak rozpozna\u0107, \u017ce <strong>katar jest przewlek\u0142y<\/strong>? Kiedy zdrowienie trwa za d\u0142ugo? M\u00f3wi si\u0119, \u017ce typowo katar utrzymuje si\u0119 7 dni. Ka\u017cdy przeci\u0105gaj\u0105cy si\u0119, utrzymuj\u0105cy po infekcjach, mo\u017ce by\u0107 oznak\u0105 powa\u017cniejszych problem\u00f3w. Je\u015bli zauwa\u017casz u siebie lub swojego dziecka nawracaj\u0105ce napady kataru, objawiaj\u0105ce si\u0119 w postaci wodnistej, ciekn\u0105cej wydzieliny i obrz\u0119ku nosa, albo ca\u0142kowicie zatkanego nosa, koniecznie wybierz si\u0119 do lekarza rodzinnego, kt\u00f3ry skieruje Ci\u0119 do specjalisty.<\/p>\n<h2 id=\"jak-samodzielnie-wyleczyc-katar-u-dziecka\">Jak samodzielnie wyleczy\u0107 katar u dziecka?<\/h2>\n<p>By nie dopu\u015bci\u0107 do rozwoju powik\u0142a\u0144 po <em>nieleczonej infekcji g\u00f3rnych dr\u00f3g oddechowych<\/em>, nale\u017cy przede wszystkim regularnie oczyszcza\u0107 nosek z wydzieliny. Tu mo\u017ce pom\u00f3c jeden z naszych aspirator\u00f3w, poniewa\u017c male\u0144stwo cz\u0119sto albo jeszcze nie potrafi, albo nie chce samo wydmucha\u0107 noska. Po usuni\u0119ciu kataru trzeba nawil\u017cy\u0107 nos, na przyk\u0142ad sol\u0105 fizjologiczn\u0105. By ca\u0142a \u201eoperacja\u201d przebieg\u0142a sprawnie i nie obci\u0105\u017cy\u0142a noska dziecka, warto zacz\u0105\u0107 od rozrzedzenia kataru. Na stronie Katarka <a href=\"https:\/\/katarek.pl\/produkty\/\">https:\/\/katarek.pl\/produkty\/<\/a> znajdziesz zestawy i aspiratory, kt\u00f3re dopasujesz do potrzeb swoich i swojego dziecka. Je\u015bli masz jakiekolwiek pytania, nie wahaj si\u0119 do nas napisa\u0107 &#8211; rozwiejemy wszelkie Twoje w\u0105tpliwo\u015bci.<\/p>\n<h3>Podsumowanie<\/h3>\n<p>Cho\u0107 mo\u017ce si\u0119 wydawa\u0107 b\u0142ahostk\u0105, <strong>nieleczony katar<\/strong> mo\u017ce prowadzi\u0107 do gro\u017anych powik\u0142a\u0144, zar\u00f3wno u doros\u0142ych, jak i u dzieci. Warto poprzez odpowiedni\u0105 profilaktyk\u0119 i szybkie reagowanie na schorzenia zabezpieczy\u0107 si\u0119 przed wyst\u0105pieniem d\u0142ugotrwa\u0142ych skutk\u00f3w ubocznych. Niewyleczony katar mo\u017ce by\u0107 tragiczny w skutkach zw\u0142aszcza dla niemowl\u0105t, dlatego zawsze, je\u015bli tylko wyst\u0105pi\u0105 przes\u0142anki pozwalaj\u0105ce twierdzi\u0107, \u017ce wydzielina za d\u0142ugo utrzymuje si\u0119 u Twojego dziecka &#8211; skontaktuj si\u0119 z lekarzem.<\/p>\n","protected":false},"excerpt":"Spis tre\u015bci Jakie powik\u0142ania powoduje nieleczony katar? Jak samodzielnie wyleczy\u0107 katar u dziecka? Ka\u017cde przewlek\u0142e schorzenie, o ile nie jest leczone, mo\u017ce przyczyni\u0107 si\u0119 do powstania powik\u0142a\u0144, mniej lub bardziej gro\u017anych dla organizmu. Podobnie jest z nieleczonym katarem. Piszemy dzi\u015b o tym, do czego mo\u017ce doprowadzi\u0107 jego lekcewa\u017cenie, oraz jak rozpozna\u0107 zagro\u017cenie, nim przybierze ostre [&hellip;]","author":7,"featured_media":1611,"comment_status":"open","ping_status":"open","sticky":false,"template":"","format":"standard","meta":{"_acf_changed":false,"inline_featured_image":false,"editor_plus_copied_stylings":"{}","footnotes":""},"categories":[41],"tags":[],"class_list":["post-1609","post","type-post","status-publish","format-standard","has-post-thumbnail","hentry","category-zdrowie-dziecko"],"yoast_head":"<!-- This site is optimized with the Yoast SEO plugin v27.4 - https:\/\/yoast.com\/product\/yoast-seo-wordpress\/ -->\n<title>Nieleczony katar i mo\u017cliwe powik\u0142ania - blog Katarek<\/title>\n<meta name=\"description\" content=\"Przewlek\u0142e, nieleczone schodzenia mog\u0105 przyczyni\u0107 si\u0119 do powstania powik\u0142a\u0144. Podobnie jest z nieleczonym katarem. Dowiedz si\u0119 do czego mo\u017ce prowadzi\u0107 jego lekcewa\u017cenie.\" \/>\n<meta name=\"robots\" content=\"index, follow, max-snippet:-1, max-image-preview:large, max-video-preview:-1\" \/>\n<link rel=\"canonical\" href=\"https:\/\/katarek.pl\/nieleczony-katar-mozliwe-powiklania\/\" \/>\n<meta property=\"og:locale\" content=\"pl_PL\" \/>\n<meta property=\"og:type\" content=\"article\" \/>\n<meta property=\"og:title\" content=\"Nieleczony katar i mo\u017cliwe powik\u0142ania - blog Katarek\" \/>\n<meta property=\"og:description\" content=\"Przewlek\u0142e, nieleczone schodzenia mog\u0105 przyczyni\u0107 si\u0119 do powstania powik\u0142a\u0144. Podobnie jest z nieleczonym katarem. Dowiedz si\u0119 do czego mo\u017ce prowadzi\u0107 jego lekcewa\u017cenie.\" \/>\n<meta property=\"og:url\" content=\"https:\/\/katarek.pl\/nieleczony-katar-mozliwe-powiklania\/\" \/>\n<meta property=\"og:site_name\" content=\"katarek.pl\" \/>\n<meta property=\"article:published_time\" content=\"2023-03-29T07:59:04+00:00\" \/>\n<meta property=\"og:image\" content=\"https:\/\/katarek.pl\/wp-content\/uploads\/2019\/03\/nieleczony-katar.jpg\" \/>\n\t<meta property=\"og:image:width\" content=\"1000\" \/>\n\t<meta property=\"og:image:height\" content=\"440\" \/>\n\t<meta property=\"og:image:type\" content=\"image\/jpeg\" \/>\n<meta name=\"author\" content=\"katarek\" \/>\n<meta name=\"twitter:card\" content=\"summary_large_image\" \/>\n<meta name=\"twitter:label1\" content=\"Napisane przez\" \/>\n\t<meta name=\"twitter:data1\" content=\"katarek\" \/>\n\t<meta name=\"twitter:label2\" content=\"Szacowany czas czytania\" \/>\n\t<meta name=\"twitter:data2\" content=\"3 minuty\" \/>\n<script type=\"application\/ld+json\" class=\"yoast-schema-graph\">{\"@context\":\"https:\\\/\\\/schema.org\",\"@graph\":[{\"@type\":\"Article\",\"@id\":\"https:\\\/\\\/katarek.pl\\\/nieleczony-katar-mozliwe-powiklania\\\/#article\",\"isPartOf\":{\"@id\":\"https:\\\/\\\/katarek.pl\\\/nieleczony-katar-mozliwe-powiklania\\\/\"},\"author\":{\"name\":\"katarek\",\"@id\":\"https:\\\/\\\/katarek.pl\\\/#\\\/schema\\\/person\\\/c7267555b2aaad4c6d15146a155bc430\"},\"headline\":\"Nieleczony katar i mo\u017cliwe powik\u0142ania\",\"datePublished\":\"2023-03-29T07:59:04+00:00\",\"mainEntityOfPage\":{\"@id\":\"https:\\\/\\\/katarek.pl\\\/nieleczony-katar-mozliwe-powiklania\\\/\"},\"wordCount\":637,\"commentCount\":0,\"image\":{\"@id\":\"https:\\\/\\\/katarek.pl\\\/nieleczony-katar-mozliwe-powiklania\\\/#primaryimage\"},\"thumbnailUrl\":\"https:\\\/\\\/katarek.pl\\\/wp-content\\\/uploads\\\/2019\\\/03\\\/nieleczony-katar.jpg\",\"articleSection\":[\"Zdrowie\"],\"inLanguage\":\"pl-PL\"},{\"@type\":\"WebPage\",\"@id\":\"https:\\\/\\\/katarek.pl\\\/nieleczony-katar-mozliwe-powiklania\\\/\",\"url\":\"https:\\\/\\\/katarek.pl\\\/nieleczony-katar-mozliwe-powiklania\\\/\",\"name\":\"Nieleczony katar i mo\u017cliwe powik\u0142ania - blog Katarek\",\"isPartOf\":{\"@id\":\"https:\\\/\\\/katarek.pl\\\/#website\"},\"primaryImageOfPage\":{\"@id\":\"https:\\\/\\\/katarek.pl\\\/nieleczony-katar-mozliwe-powiklania\\\/#primaryimage\"},\"image\":{\"@id\":\"https:\\\/\\\/katarek.pl\\\/nieleczony-katar-mozliwe-powiklania\\\/#primaryimage\"},\"thumbnailUrl\":\"https:\\\/\\\/katarek.pl\\\/wp-content\\\/uploads\\\/2019\\\/03\\\/nieleczony-katar.jpg\",\"datePublished\":\"2023-03-29T07:59:04+00:00\",\"author\":{\"@id\":\"https:\\\/\\\/katarek.pl\\\/#\\\/schema\\\/person\\\/c7267555b2aaad4c6d15146a155bc430\"},\"description\":\"Przewlek\u0142e, nieleczone schodzenia mog\u0105 przyczyni\u0107 si\u0119 do powstania powik\u0142a\u0144. Podobnie jest z nieleczonym katarem. Dowiedz si\u0119 do czego mo\u017ce prowadzi\u0107 jego lekcewa\u017cenie.\",\"breadcrumb\":{\"@id\":\"https:\\\/\\\/katarek.pl\\\/nieleczony-katar-mozliwe-powiklania\\\/#breadcrumb\"},\"inLanguage\":\"pl-PL\",\"potentialAction\":[{\"@type\":\"ReadAction\",\"target\":[\"https:\\\/\\\/katarek.pl\\\/nieleczony-katar-mozliwe-powiklania\\\/\"]}]},{\"@type\":\"ImageObject\",\"inLanguage\":\"pl-PL\",\"@id\":\"https:\\\/\\\/katarek.pl\\\/nieleczony-katar-mozliwe-powiklania\\\/#primaryimage\",\"url\":\"https:\\\/\\\/katarek.pl\\\/wp-content\\\/uploads\\\/2019\\\/03\\\/nieleczony-katar.jpg\",\"contentUrl\":\"https:\\\/\\\/katarek.pl\\\/wp-content\\\/uploads\\\/2019\\\/03\\\/nieleczony-katar.jpg\",\"width\":1000,\"height\":440,\"caption\":\"Nieleczony katar i mo\u017cliwe powik\u0142ania u dzieci\"},{\"@type\":\"BreadcrumbList\",\"@id\":\"https:\\\/\\\/katarek.pl\\\/nieleczony-katar-mozliwe-powiklania\\\/#breadcrumb\",\"itemListElement\":[{\"@type\":\"ListItem\",\"position\":1,\"name\":\"Home\",\"item\":\"https:\\\/\\\/katarek.pl\\\/\"},{\"@type\":\"ListItem\",\"position\":2,\"name\":\"Blog\",\"item\":\"https:\\\/\\\/katarek.pl\\\/blog\\\/\"},{\"@type\":\"ListItem\",\"position\":3,\"name\":\"Nieleczony katar i mo\u017cliwe powik\u0142ania\"}]},{\"@type\":\"WebSite\",\"@id\":\"https:\\\/\\\/katarek.pl\\\/#website\",\"url\":\"https:\\\/\\\/katarek.pl\\\/\",\"name\":\"katarek.pl\",\"description\":\"\",\"potentialAction\":[{\"@type\":\"SearchAction\",\"target\":{\"@type\":\"EntryPoint\",\"urlTemplate\":\"https:\\\/\\\/katarek.pl\\\/?s={search_term_string}\"},\"query-input\":{\"@type\":\"PropertyValueSpecification\",\"valueRequired\":true,\"valueName\":\"search_term_string\"}}],\"inLanguage\":\"pl-PL\"},{\"@type\":\"Person\",\"@id\":\"https:\\\/\\\/katarek.pl\\\/#\\\/schema\\\/person\\\/c7267555b2aaad4c6d15146a155bc430\",\"name\":\"katarek\",\"url\":\"https:\\\/\\\/katarek.pl\\\/author\\\/katarek\\\/\"}]}<\/script>\n<!-- \/ Yoast SEO plugin. -->","yoast_head_json":{"title":"Nieleczony katar i mo\u017cliwe powik\u0142ania - blog Katarek","description":"Przewlek\u0142e, nieleczone schodzenia mog\u0105 przyczyni\u0107 si\u0119 do powstania powik\u0142a\u0144. Podobnie jest z nieleczonym katarem. Dowiedz si\u0119 do czego mo\u017ce prowadzi\u0107 jego lekcewa\u017cenie.","robots":{"index":"index","follow":"follow","max-snippet":"max-snippet:-1","max-image-preview":"max-image-preview:large","max-video-preview":"max-video-preview:-1"},"canonical":"https:\/\/katarek.pl\/nieleczony-katar-mozliwe-powiklania\/","og_locale":"pl_PL","og_type":"article","og_title":"Nieleczony katar i mo\u017cliwe powik\u0142ania - blog Katarek","og_description":"Przewlek\u0142e, nieleczone schodzenia mog\u0105 przyczyni\u0107 si\u0119 do powstania powik\u0142a\u0144. Podobnie jest z nieleczonym katarem. Dowiedz si\u0119 do czego mo\u017ce prowadzi\u0107 jego lekcewa\u017cenie.","og_url":"https:\/\/katarek.pl\/nieleczony-katar-mozliwe-powiklania\/","og_site_name":"katarek.pl","article_published_time":"2023-03-29T07:59:04+00:00","og_image":[{"width":1000,"height":440,"url":"https:\/\/katarek.pl\/wp-content\/uploads\/2019\/03\/nieleczony-katar.jpg","type":"image\/jpeg"}],"author":"katarek","twitter_card":"summary_large_image","twitter_misc":{"Napisane przez":"katarek","Szacowany czas czytania":"3 minuty"},"schema":{"@context":"https:\/\/schema.org","@graph":[{"@type":"Article","@id":"https:\/\/katarek.pl\/nieleczony-katar-mozliwe-powiklania\/#article","isPartOf":{"@id":"https:\/\/katarek.pl\/nieleczony-katar-mozliwe-powiklania\/"},"author":{"name":"katarek","@id":"https:\/\/katarek.pl\/#\/schema\/person\/c7267555b2aaad4c6d15146a155bc430"},"headline":"Nieleczony katar i mo\u017cliwe powik\u0142ania","datePublished":"2023-03-29T07:59:04+00:00","mainEntityOfPage":{"@id":"https:\/\/katarek.pl\/nieleczony-katar-mozliwe-powiklania\/"},"wordCount":637,"commentCount":0,"image":{"@id":"https:\/\/katarek.pl\/nieleczony-katar-mozliwe-powiklania\/#primaryimage"},"thumbnailUrl":"https:\/\/katarek.pl\/wp-content\/uploads\/2019\/03\/nieleczony-katar.jpg","articleSection":["Zdrowie"],"inLanguage":"pl-PL"},{"@type":"WebPage","@id":"https:\/\/katarek.pl\/nieleczony-katar-mozliwe-powiklania\/","url":"https:\/\/katarek.pl\/nieleczony-katar-mozliwe-powiklania\/","name":"Nieleczony katar i mo\u017cliwe powik\u0142ania - blog Katarek","isPartOf":{"@id":"https:\/\/katarek.pl\/#website"},"primaryImageOfPage":{"@id":"https:\/\/katarek.pl\/nieleczony-katar-mozliwe-powiklania\/#primaryimage"},"image":{"@id":"https:\/\/katarek.pl\/nieleczony-katar-mozliwe-powiklania\/#primaryimage"},"thumbnailUrl":"https:\/\/katarek.pl\/wp-content\/uploads\/2019\/03\/nieleczony-katar.jpg","datePublished":"2023-03-29T07:59:04+00:00","author":{"@id":"https:\/\/katarek.pl\/#\/schema\/person\/c7267555b2aaad4c6d15146a155bc430"},"description":"Przewlek\u0142e, nieleczone schodzenia mog\u0105 przyczyni\u0107 si\u0119 do powstania powik\u0142a\u0144. Podobnie jest z nieleczonym katarem. Dowiedz si\u0119 do czego mo\u017ce prowadzi\u0107 jego lekcewa\u017cenie.","breadcrumb":{"@id":"https:\/\/katarek.pl\/nieleczony-katar-mozliwe-powiklania\/#breadcrumb"},"inLanguage":"pl-PL","potentialAction":[{"@type":"ReadAction","target":["https:\/\/katarek.pl\/nieleczony-katar-mozliwe-powiklania\/"]}]},{"@type":"ImageObject","inLanguage":"pl-PL","@id":"https:\/\/katarek.pl\/nieleczony-katar-mozliwe-powiklania\/#primaryimage","url":"https:\/\/katarek.pl\/wp-content\/uploads\/2019\/03\/nieleczony-katar.jpg","contentUrl":"https:\/\/katarek.pl\/wp-content\/uploads\/2019\/03\/nieleczony-katar.jpg","width":1000,"height":440,"caption":"Nieleczony katar i mo\u017cliwe powik\u0142ania u dzieci"},{"@type":"BreadcrumbList","@id":"https:\/\/katarek.pl\/nieleczony-katar-mozliwe-powiklania\/#breadcrumb","itemListElement":[{"@type":"ListItem","position":1,"name":"Home","item":"https:\/\/katarek.pl\/"},{"@type":"ListItem","position":2,"name":"Blog","item":"https:\/\/katarek.pl\/blog\/"},{"@type":"ListItem","position":3,"name":"Nieleczony katar i mo\u017cliwe powik\u0142ania"}]},{"@type":"WebSite","@id":"https:\/\/katarek.pl\/#website","url":"https:\/\/katarek.pl\/","name":"katarek.pl","description":"","potentialAction":[{"@type":"SearchAction","target":{"@type":"EntryPoint","urlTemplate":"https:\/\/katarek.pl\/?s={search_term_string}"},"query-input":{"@type":"PropertyValueSpecification","valueRequired":true,"valueName":"search_term_string"}}],"inLanguage":"pl-PL"},{"@type":"Person","@id":"https:\/\/katarek.pl\/#\/schema\/person\/c7267555b2aaad4c6d15146a155bc430","name":"katarek","url":"https:\/\/katarek.pl\/author\/katarek\/"}]}},"acf":[],"gutenberg_blocks":[{"blockName":"custom-styles","attrs":{"styles":""}}],"meta_data":false,"featured_image":{"url":"https:\/\/katarek.pl\/wp-content\/uploads\/2019\/03\/nieleczony-katar.jpg"},"main_category":{"name":"Zdrowie"},"prev_page":{"slug":"naturalne-metody-leczenia-kataru-u-malego-dziecka-warto-rozwazyc"},"next_page":{"slug":"sa-najczestsze-choroby-dzieciece"},"_links":{"self":[{"href":"https:\/\/katarek.pl\/index.php\/wp-json\/wp\/v2\/posts\/1609","targetHints":{"allow":["GET"]}}],"collection":[{"href":"https:\/\/katarek.pl\/index.php\/wp-json\/wp\/v2\/posts"}],"about":[{"href":"https:\/\/katarek.pl\/index.php\/wp-json\/wp\/v2\/types\/post"}],"author":[{"embeddable":true,"href":"https:\/\/katarek.pl\/index.php\/wp-json\/wp\/v2\/users\/7"}],"replies":[{"embeddable":true,"href":"https:\/\/katarek.pl\/index.php\/wp-json\/wp\/v2\/comments?post=1609"}],"version-history":[{"count":0,"href":"https:\/\/katarek.pl\/index.php\/wp-json\/wp\/v2\/posts\/1609\/revisions"}],"wp:featuredmedia":[{"embeddable":true,"href":"https:\/\/katarek.pl\/index.php\/wp-json\/wp\/v2\/media\/1611"}],"wp:attachment":[{"href":"https:\/\/katarek.pl\/index.php\/wp-json\/wp\/v2\/media?parent=1609"}],"wp:term":[{"taxonomy":"category","embeddable":true,"href":"https:\/\/katarek.pl\/index.php\/wp-json\/wp\/v2\/categories?post=1609"},{"taxonomy":"post_tag","embeddable":true,"href":"https:\/\/katarek.pl\/index.php\/wp-json\/wp\/v2\/tags?post=1609"}],"curies":[{"name":"wp","href":"https:\/\/api.w.org\/{rel}","templated":true}]}}