{"id":157,"date":"2016-02-17T10:38:38","date_gmt":"2016-02-17T10:38:38","guid":{"rendered":"https:\/\/katarek.pl\/blog\/?p=157"},"modified":"2016-02-17T10:38:38","modified_gmt":"2016-02-17T10:38:38","slug":"o-czym-marzy-kazda-mama","status":"publish","type":"post","link":"https:\/\/katarek.pl\/o-czym-marzy-kazda-mama\/","title":{"rendered":"O czym marzy ka\u017cda mama?"},"content":{"rendered":"<p>Kiedy kobieta widzi na te\u015bcie ci\u0105\u017cowym dwie kreseczki i prawie jest ju\u017c mam\u0105, pojawia si\u0119 pierwsze marzenie: oby moje dziecko by\u0142o zdrowe. To w\u0142a\u015bnie zdrowie i szcz\u0119\u015bcie przysz\u0142ego dziecka, s\u0105 pierwsz\u0105 my\u015bl\u0105, kiedy zadasz przysz\u0142ej <em>mamie<\/em> pytanie: <em>o czym marzy<\/em>?<\/p>\n<p><!--more--><\/p>\n<p>Ale czy mamy my\u015bl\u0105 tylko o innych? Czy maj\u0105 swoje niespe\u0142nione sny i pragnienia? O czym my\u015bl\u0105, kiedy ju\u017c ca\u0142y dom k\u0142adzie si\u0119 spa\u0107? Co chcia\u0142y by mie\u0107 dla siebie?<\/p>\n<h2>Moja mama marzy o&#8230;? Najwi\u0119ksze pragnienia mam<\/h2>\n<p>Dyskutowa\u0142am z moimi kole\u017cankami na temat marze\u0144, jakie mamy,<b> pierwsze i najwa\u017cniejsze okaza\u0142o si\u0119 by\u0107 zdrowie, co nie powinno Was mamy zaskoczy\u0107<\/b>. Nie ma nic wa\u017cniejszego, ni\u017c rumiane, u\u015bmiechni\u0119te i zadowolone dzieci, kt\u00f3rych nie gryzie \u017cadne zmartwienie, \u017cadna choroba, a bakterie i zarazki odbijaj\u0105 si\u0119 od nich, jak od czarodziejskiej tarczy. Wszelkie przeszkody s\u0105 wtedy mniejsze i nie ma rzeczy niemo\u017cliwej, byle by tylko w domu dopisywa\u0142o zdrowie.<\/p>\n<p>To jest jedno z najwa\u017cniejszych i oczywistych akspekt\u00f3w. <strong>O czym<\/strong> jeszcze <strong>marzy mama<\/strong>?\u00a0<\/p>\n<h3>Mamy chc\u0105 mie\u0107 prac\u0119<\/h3>\n<p>Mamy chc\u0105 mie\u0107 prac\u0119, kt\u00f3ra zrozumie to, \u017ce w domu czekaj\u0105 dzieci. Z szefem, kt\u00f3ry nie b\u0119dzie zaciera\u0142 r\u0105k, jak ta b\u0119dzie potrzebowa\u0142\u0105 zwolnienia, bo dziecko zachoruje.\u00a0 Chc\u0105 mie\u0107 pewno\u015b\u0107, \u017ce po okresie macierzy\u0144stwa, kiedy b\u0119d\u0105 gotowe pu\u015bci\u0107 swoje male\u0144stwa w wir przedszkolnych zaj\u0119\u0107, praca b\u0119dzie na nie czeka\u0107. Mamy chc\u0105 si\u0119 rozwija\u0107, doskonali\u0107 swoje umiej\u0119tno\u015bci, bior\u0105c udzia\u0142 w kursach i szkoleniach. Mimo powszechnej opinii, mamy chc\u0105 zdobywa\u0107 nowe umiej\u0119tno\u015bci i poszerza\u0107 swoje horyzonty, nie tylko te dotycz\u0105ce rodzaj\u00f3w pieluszek.<b> Mama to wci\u0105\u017c cz\u0142owiek i kobieta<\/b>, a mam wra\u017cenie czasem, \u017ce wszyscy w oko\u0142o o tym zapominaj\u0105 i musz\u0119 spe\u0142nia\u0107 ich oczekiwania.<\/p>\n<h3>Mamy chc\u0105 podr\u00f3\u017cowa\u0107<\/h3>\n<p>Nawet je\u017celi ta podr\u00f3\u017c mia\u0142a by trwa\u0107 30 minut i sko\u0144czy\u0107 si\u0119 w pobliskim spa, to w\u0142a\u015bnie tego nam trzeba. Chwili rozlu\u017anienia, oddechu, paru minut\u00a0 w relaksuj\u0105cym i cichym miejscu. Masa\u017cy, maseczek, nowej fryzury, pomalowanych paznokci. Bo cho\u0107 \u015bmiech dziecka, to najpi\u0119kniejsza melodia dla uszu, czasami dobrze jest w ciszy pozbiera\u0107 my\u015bli i na\u0142adowa\u0107 akumulatory.<\/p>\n<h3>Mamy chc\u0105 czasu tylko i wy\u0142\u0105cznie z tat\u0105<\/h3>\n<p>Weekendu, kolacji, kina czy cho\u0107by spaceru. Bo cho\u0107 cudownie sp\u0119dza si\u0119 czas ca\u0142\u0105 rodzin\u0105, mi\u0142o jest zwolni\u0107 umys\u0142 od ogl\u0105dania si\u0119, czy maluch idzie obok, czy czasami si\u0119 nie przewr\u00f3ci\u0142, czy nie trzeba go zawo\u0142a\u0107 i pilnowa\u0107 na ka\u017cdym kroku. W zabieganym rodzinnym czasie brakuje chwili na bycie we dwoje, na celebrowanie mi\u0142o\u015bci. <strong>O\u00a0czym marzy mama<\/strong> w takim momencie?\u00a0O powolnej kolacji, patrzeniu sobie w oczy i prze\u017cywaniu mi\u0142o\u015bci na nowo. A dzieci na pewno by\u0142y by zadowolone mog\u0105c sp\u0119dzi\u0107 czas z ukochanymi dziadkami i cho\u0107 przez par\u0119 godzin nie musz\u0105c s\u0142ucha\u0107 marudzenia rodzic\u00f3w. Same plusy.<\/p>\n<h3>Mamy chc\u0105 i\u015b\u0107 na zakupy i kupi\u0107 sobie co\u015b<\/h3>\n<p>Nie tacie, kt\u00f3remu jak zwykle brakuje skarpetek, a i koszula do pracy przyda\u0142aby si\u0119 nowa. Nie dziecku, kt\u00f3re wyros\u0142o ze spodni, a do szko\u0142y zn\u00f3w potrzebuje przybor\u00f3w plastycznych, bo si\u0119 poko\u0144czy\u0142y. Nie p\u0142ynu do mycia naczy\u0144 i nie proszku. <b>Czego\u015b dla siebie. Wydatku, kt\u00f3ry b\u0119dzie tylko i wy\u0142\u0105cznie dla mamy.<\/b> Cho\u0107by malutkiej torebeczki, czy szpilek, o kt\u00f3rych my\u015bl\u0105 od zesz\u0142ego miesi\u0105ca.<\/p>\n<h3>Mamy marz\u0105 o wdzi\u0119czno\u015bci<\/h3>\n<p>O mi\u0142ym ge\u015bcie podzi\u0119kowania: za dobry obiad, za to, \u017ce ca\u0142y dom wygl\u0105da pi\u0119knie, za to, \u017ce pachnie w domu \u015bwie\u017cym ciastem, za to, \u017ce panuje \u0142ad i porz\u0105dek. Bo cho\u0107 utar\u0142o si\u0119, \u017ce to s\u0105 w\u0142a\u015bnie zadania nale\u017c\u0105ce do mamy, to wyobra\u017amy sobie, gdyby tak ka\u017cda powiedzia\u0142a: do\u015b\u0107, od dzisiaj nic nie robi\u0119. To tak niewiele trzeba, skromne dzi\u0119kuj\u0119, przytulenie i buziak. Ma\u0142y gest, kt\u00f3ry dzia\u0142a cuda.<\/p>\n<h2>O czym jeszcze marz\u0105 mamy?<\/h2>\n<p>A tak naprawd\u0119 najbardziej, ponad materialnymi aspektami, szcz\u0119\u015bciem i pomy\u015blno\u015bci\u0105, <strong>mamy marz\u0105<\/strong> jeszcze <strong>o<\/strong> tym:<\/p>\n<ul>\n<li>by dywan, a tak\u017ce kanapa by\u0142y magiczne i same si\u0119 czy\u015bci\u0142y z kredek, plasteliny, pisak\u00f3w oraz wszelkich zabrudze\u0144.<\/li>\n<li>\u017beby istnia\u0142y skarpetki, kt\u00f3rych dziecko, cho\u0107by nie wiem jak chcia\u0142o, to nie \u015bci\u0105gnie.<\/li>\n<li>\u017beby wszystko by\u0142o z gumy, bo na siniaki powsta\u0142e podczas gonitw ju\u017c nie da si\u0119 spokojnie patrze\u0107.<\/li>\n<li>I jeszcze b\u0142agam \u017ceby mo\u017cna by\u0142o w samotno\u015bci p\u00f3j\u015b\u0107 do toalety.<\/li>\n<li>I samoczyszcz\u0105cej si\u0119 zmywarki, i pralki co sama si\u0119 nastawia, pierze a pranie wychodzi wyprasowane.<\/li>\n<li>I wyd\u0142u\u017cenia doby o 3 godziny, tak, by mo\u017cna by\u0142o si\u0119 spokojnie WYSPA\u0106!<\/li>\n<\/ul>\n<p>A Ty <strong>moja mama<\/strong> kochana, <strong>o<\/strong> czym <strong>marzysz<\/strong>?\u00a0<\/p>\n<p>Autorka:<\/p>\n<p>Monika Kampczyk<\/p>\n<p>www.kamperki.com<\/p>\n","protected":false},"excerpt":"Kiedy kobieta widzi na te\u015bcie ci\u0105\u017cowym dwie kreseczki i prawie jest ju\u017c mam\u0105, pojawia si\u0119 pierwsze marzenie: oby moje dziecko by\u0142o zdrowe. To w\u0142a\u015bnie zdrowie i szcz\u0119\u015bcie przysz\u0142ego dziecka, s\u0105 pierwsz\u0105 my\u015bl\u0105, kiedy zadasz przysz\u0142ej mamie pytanie: o czym marzy?","author":7,"featured_media":2922,"comment_status":"open","ping_status":"open","sticky":false,"template":"","format":"standard","meta":{"_acf_changed":false,"inline_featured_image":false,"editor_plus_copied_stylings":"{}","footnotes":""},"categories":[31,39],"tags":[],"class_list":["post-157","post","type-post","status-publish","format-standard","has-post-thumbnail","hentry","category-mama","category-psychologia"],"yoast_head":"<!-- This site is optimized with the Yoast SEO plugin v27.4 - https:\/\/yoast.com\/product\/yoast-seo-wordpress\/ -->\n<title>O czym marzy mama? Codzienne pragnienia ka\u017cdej z nas - blog Katarek<\/title>\n<meta name=\"description\" content=\"Kiedy stajemy si\u0119 mamami, nasze \u017cycie zmienia si\u0119 o 180 stopni, wraz z naszymi celami i warto\u015bciami. Warto wiedzie\u0107 o czym marzy mama i spe\u0142ni\u0107 jej pragnienia!\" \/>\n<meta name=\"robots\" content=\"index, follow, max-snippet:-1, max-image-preview:large, max-video-preview:-1\" \/>\n<link rel=\"canonical\" href=\"https:\/\/katarek.pl\/o-czym-marzy-kazda-mama\/\" \/>\n<meta property=\"og:locale\" content=\"pl_PL\" \/>\n<meta property=\"og:type\" content=\"article\" \/>\n<meta property=\"og:title\" content=\"O czym marzy mama? Codzienne pragnienia ka\u017cdej z nas - blog Katarek\" \/>\n<meta property=\"og:description\" content=\"Kiedy stajemy si\u0119 mamami, nasze \u017cycie zmienia si\u0119 o 180 stopni, wraz z naszymi celami i warto\u015bciami. Warto wiedzie\u0107 o czym marzy mama i spe\u0142ni\u0107 jej pragnienia!\" \/>\n<meta property=\"og:url\" content=\"https:\/\/katarek.pl\/o-czym-marzy-kazda-mama\/\" \/>\n<meta property=\"og:site_name\" content=\"katarek.pl\" \/>\n<meta property=\"article:published_time\" content=\"2016-02-17T10:38:38+00:00\" \/>\n<meta property=\"og:image\" content=\"https:\/\/katarek.pl\/wp-content\/uploads\/2016\/02\/radosna-mama.jpg\" \/>\n\t<meta property=\"og:image:width\" content=\"2356\" \/>\n\t<meta property=\"og:image:height\" content=\"1571\" \/>\n\t<meta property=\"og:image:type\" content=\"image\/jpeg\" \/>\n<meta name=\"author\" content=\"katarek\" \/>\n<meta name=\"twitter:card\" content=\"summary_large_image\" \/>\n<meta name=\"twitter:label1\" content=\"Napisane przez\" \/>\n\t<meta name=\"twitter:data1\" content=\"katarek\" \/>\n\t<meta name=\"twitter:label2\" content=\"Szacowany czas czytania\" \/>\n\t<meta name=\"twitter:data2\" content=\"4 minuty\" \/>\n<script type=\"application\/ld+json\" class=\"yoast-schema-graph\">{\"@context\":\"https:\\\/\\\/schema.org\",\"@graph\":[{\"@type\":\"Article\",\"@id\":\"https:\\\/\\\/katarek.pl\\\/o-czym-marzy-kazda-mama\\\/#article\",\"isPartOf\":{\"@id\":\"https:\\\/\\\/katarek.pl\\\/o-czym-marzy-kazda-mama\\\/\"},\"author\":{\"name\":\"katarek\",\"@id\":\"https:\\\/\\\/katarek.pl\\\/#\\\/schema\\\/person\\\/c7267555b2aaad4c6d15146a155bc430\"},\"headline\":\"O czym marzy ka\u017cda mama?\",\"datePublished\":\"2016-02-17T10:38:38+00:00\",\"mainEntityOfPage\":{\"@id\":\"https:\\\/\\\/katarek.pl\\\/o-czym-marzy-kazda-mama\\\/\"},\"wordCount\":838,\"commentCount\":1,\"image\":{\"@id\":\"https:\\\/\\\/katarek.pl\\\/o-czym-marzy-kazda-mama\\\/#primaryimage\"},\"thumbnailUrl\":\"https:\\\/\\\/katarek.pl\\\/wp-content\\\/uploads\\\/2016\\\/02\\\/radosna-mama.jpg\",\"articleSection\":[\"Mama\",\"Psychologia\"],\"inLanguage\":\"pl-PL\"},{\"@type\":\"WebPage\",\"@id\":\"https:\\\/\\\/katarek.pl\\\/o-czym-marzy-kazda-mama\\\/\",\"url\":\"https:\\\/\\\/katarek.pl\\\/o-czym-marzy-kazda-mama\\\/\",\"name\":\"O czym marzy mama? Codzienne pragnienia ka\u017cdej z nas - blog Katarek\",\"isPartOf\":{\"@id\":\"https:\\\/\\\/katarek.pl\\\/#website\"},\"primaryImageOfPage\":{\"@id\":\"https:\\\/\\\/katarek.pl\\\/o-czym-marzy-kazda-mama\\\/#primaryimage\"},\"image\":{\"@id\":\"https:\\\/\\\/katarek.pl\\\/o-czym-marzy-kazda-mama\\\/#primaryimage\"},\"thumbnailUrl\":\"https:\\\/\\\/katarek.pl\\\/wp-content\\\/uploads\\\/2016\\\/02\\\/radosna-mama.jpg\",\"datePublished\":\"2016-02-17T10:38:38+00:00\",\"author\":{\"@id\":\"https:\\\/\\\/katarek.pl\\\/#\\\/schema\\\/person\\\/c7267555b2aaad4c6d15146a155bc430\"},\"description\":\"Kiedy stajemy si\u0119 mamami, nasze \u017cycie zmienia si\u0119 o 180 stopni, wraz z naszymi celami i warto\u015bciami. Warto wiedzie\u0107 o czym marzy mama i spe\u0142ni\u0107 jej pragnienia!\",\"breadcrumb\":{\"@id\":\"https:\\\/\\\/katarek.pl\\\/o-czym-marzy-kazda-mama\\\/#breadcrumb\"},\"inLanguage\":\"pl-PL\",\"potentialAction\":[{\"@type\":\"ReadAction\",\"target\":[\"https:\\\/\\\/katarek.pl\\\/o-czym-marzy-kazda-mama\\\/\"]}]},{\"@type\":\"ImageObject\",\"inLanguage\":\"pl-PL\",\"@id\":\"https:\\\/\\\/katarek.pl\\\/o-czym-marzy-kazda-mama\\\/#primaryimage\",\"url\":\"https:\\\/\\\/katarek.pl\\\/wp-content\\\/uploads\\\/2016\\\/02\\\/radosna-mama.jpg\",\"contentUrl\":\"https:\\\/\\\/katarek.pl\\\/wp-content\\\/uploads\\\/2016\\\/02\\\/radosna-mama.jpg\",\"width\":2356,\"height\":1571,\"caption\":\"373679\"},{\"@type\":\"BreadcrumbList\",\"@id\":\"https:\\\/\\\/katarek.pl\\\/o-czym-marzy-kazda-mama\\\/#breadcrumb\",\"itemListElement\":[{\"@type\":\"ListItem\",\"position\":1,\"name\":\"Home\",\"item\":\"https:\\\/\\\/katarek.pl\\\/\"},{\"@type\":\"ListItem\",\"position\":2,\"name\":\"Blog\",\"item\":\"https:\\\/\\\/katarek.pl\\\/blog\\\/\"},{\"@type\":\"ListItem\",\"position\":3,\"name\":\"O czym marzy ka\u017cda mama?\"}]},{\"@type\":\"WebSite\",\"@id\":\"https:\\\/\\\/katarek.pl\\\/#website\",\"url\":\"https:\\\/\\\/katarek.pl\\\/\",\"name\":\"katarek.pl\",\"description\":\"\",\"potentialAction\":[{\"@type\":\"SearchAction\",\"target\":{\"@type\":\"EntryPoint\",\"urlTemplate\":\"https:\\\/\\\/katarek.pl\\\/?s={search_term_string}\"},\"query-input\":{\"@type\":\"PropertyValueSpecification\",\"valueRequired\":true,\"valueName\":\"search_term_string\"}}],\"inLanguage\":\"pl-PL\"},{\"@type\":\"Person\",\"@id\":\"https:\\\/\\\/katarek.pl\\\/#\\\/schema\\\/person\\\/c7267555b2aaad4c6d15146a155bc430\",\"name\":\"katarek\",\"url\":\"https:\\\/\\\/katarek.pl\\\/author\\\/katarek\\\/\"}]}<\/script>\n<!-- \/ Yoast SEO plugin. -->","yoast_head_json":{"title":"O czym marzy mama? Codzienne pragnienia ka\u017cdej z nas - blog Katarek","description":"Kiedy stajemy si\u0119 mamami, nasze \u017cycie zmienia si\u0119 o 180 stopni, wraz z naszymi celami i warto\u015bciami. Warto wiedzie\u0107 o czym marzy mama i spe\u0142ni\u0107 jej pragnienia!","robots":{"index":"index","follow":"follow","max-snippet":"max-snippet:-1","max-image-preview":"max-image-preview:large","max-video-preview":"max-video-preview:-1"},"canonical":"https:\/\/katarek.pl\/o-czym-marzy-kazda-mama\/","og_locale":"pl_PL","og_type":"article","og_title":"O czym marzy mama? Codzienne pragnienia ka\u017cdej z nas - blog Katarek","og_description":"Kiedy stajemy si\u0119 mamami, nasze \u017cycie zmienia si\u0119 o 180 stopni, wraz z naszymi celami i warto\u015bciami. Warto wiedzie\u0107 o czym marzy mama i spe\u0142ni\u0107 jej pragnienia!","og_url":"https:\/\/katarek.pl\/o-czym-marzy-kazda-mama\/","og_site_name":"katarek.pl","article_published_time":"2016-02-17T10:38:38+00:00","og_image":[{"width":2356,"height":1571,"url":"https:\/\/katarek.pl\/wp-content\/uploads\/2016\/02\/radosna-mama.jpg","type":"image\/jpeg"}],"author":"katarek","twitter_card":"summary_large_image","twitter_misc":{"Napisane przez":"katarek","Szacowany czas czytania":"4 minuty"},"schema":{"@context":"https:\/\/schema.org","@graph":[{"@type":"Article","@id":"https:\/\/katarek.pl\/o-czym-marzy-kazda-mama\/#article","isPartOf":{"@id":"https:\/\/katarek.pl\/o-czym-marzy-kazda-mama\/"},"author":{"name":"katarek","@id":"https:\/\/katarek.pl\/#\/schema\/person\/c7267555b2aaad4c6d15146a155bc430"},"headline":"O czym marzy ka\u017cda mama?","datePublished":"2016-02-17T10:38:38+00:00","mainEntityOfPage":{"@id":"https:\/\/katarek.pl\/o-czym-marzy-kazda-mama\/"},"wordCount":838,"commentCount":1,"image":{"@id":"https:\/\/katarek.pl\/o-czym-marzy-kazda-mama\/#primaryimage"},"thumbnailUrl":"https:\/\/katarek.pl\/wp-content\/uploads\/2016\/02\/radosna-mama.jpg","articleSection":["Mama","Psychologia"],"inLanguage":"pl-PL"},{"@type":"WebPage","@id":"https:\/\/katarek.pl\/o-czym-marzy-kazda-mama\/","url":"https:\/\/katarek.pl\/o-czym-marzy-kazda-mama\/","name":"O czym marzy mama? Codzienne pragnienia ka\u017cdej z nas - blog Katarek","isPartOf":{"@id":"https:\/\/katarek.pl\/#website"},"primaryImageOfPage":{"@id":"https:\/\/katarek.pl\/o-czym-marzy-kazda-mama\/#primaryimage"},"image":{"@id":"https:\/\/katarek.pl\/o-czym-marzy-kazda-mama\/#primaryimage"},"thumbnailUrl":"https:\/\/katarek.pl\/wp-content\/uploads\/2016\/02\/radosna-mama.jpg","datePublished":"2016-02-17T10:38:38+00:00","author":{"@id":"https:\/\/katarek.pl\/#\/schema\/person\/c7267555b2aaad4c6d15146a155bc430"},"description":"Kiedy stajemy si\u0119 mamami, nasze \u017cycie zmienia si\u0119 o 180 stopni, wraz z naszymi celami i warto\u015bciami. Warto wiedzie\u0107 o czym marzy mama i spe\u0142ni\u0107 jej pragnienia!","breadcrumb":{"@id":"https:\/\/katarek.pl\/o-czym-marzy-kazda-mama\/#breadcrumb"},"inLanguage":"pl-PL","potentialAction":[{"@type":"ReadAction","target":["https:\/\/katarek.pl\/o-czym-marzy-kazda-mama\/"]}]},{"@type":"ImageObject","inLanguage":"pl-PL","@id":"https:\/\/katarek.pl\/o-czym-marzy-kazda-mama\/#primaryimage","url":"https:\/\/katarek.pl\/wp-content\/uploads\/2016\/02\/radosna-mama.jpg","contentUrl":"https:\/\/katarek.pl\/wp-content\/uploads\/2016\/02\/radosna-mama.jpg","width":2356,"height":1571,"caption":"373679"},{"@type":"BreadcrumbList","@id":"https:\/\/katarek.pl\/o-czym-marzy-kazda-mama\/#breadcrumb","itemListElement":[{"@type":"ListItem","position":1,"name":"Home","item":"https:\/\/katarek.pl\/"},{"@type":"ListItem","position":2,"name":"Blog","item":"https:\/\/katarek.pl\/blog\/"},{"@type":"ListItem","position":3,"name":"O czym marzy ka\u017cda mama?"}]},{"@type":"WebSite","@id":"https:\/\/katarek.pl\/#website","url":"https:\/\/katarek.pl\/","name":"katarek.pl","description":"","potentialAction":[{"@type":"SearchAction","target":{"@type":"EntryPoint","urlTemplate":"https:\/\/katarek.pl\/?s={search_term_string}"},"query-input":{"@type":"PropertyValueSpecification","valueRequired":true,"valueName":"search_term_string"}}],"inLanguage":"pl-PL"},{"@type":"Person","@id":"https:\/\/katarek.pl\/#\/schema\/person\/c7267555b2aaad4c6d15146a155bc430","name":"katarek","url":"https:\/\/katarek.pl\/author\/katarek\/"}]}},"acf":[],"gutenberg_blocks":[{"blockName":"custom-styles","attrs":{"styles":""}}],"meta_data":false,"featured_image":{"url":"https:\/\/katarek.pl\/wp-content\/uploads\/2016\/02\/radosna-mama-1024x683.jpg"},"main_category":{"name":"Mama"},"prev_page":{"slug":"nietolerancja-laktozy-u-dzieci"},"next_page":{"slug":"dawkowanie-zelazo-i-magnez-w-ciazy"},"_links":{"self":[{"href":"https:\/\/katarek.pl\/index.php\/wp-json\/wp\/v2\/posts\/157","targetHints":{"allow":["GET"]}}],"collection":[{"href":"https:\/\/katarek.pl\/index.php\/wp-json\/wp\/v2\/posts"}],"about":[{"href":"https:\/\/katarek.pl\/index.php\/wp-json\/wp\/v2\/types\/post"}],"author":[{"embeddable":true,"href":"https:\/\/katarek.pl\/index.php\/wp-json\/wp\/v2\/users\/7"}],"replies":[{"embeddable":true,"href":"https:\/\/katarek.pl\/index.php\/wp-json\/wp\/v2\/comments?post=157"}],"version-history":[{"count":0,"href":"https:\/\/katarek.pl\/index.php\/wp-json\/wp\/v2\/posts\/157\/revisions"}],"wp:featuredmedia":[{"embeddable":true,"href":"https:\/\/katarek.pl\/index.php\/wp-json\/wp\/v2\/media\/2922"}],"wp:attachment":[{"href":"https:\/\/katarek.pl\/index.php\/wp-json\/wp\/v2\/media?parent=157"}],"wp:term":[{"taxonomy":"category","embeddable":true,"href":"https:\/\/katarek.pl\/index.php\/wp-json\/wp\/v2\/categories?post=157"},{"taxonomy":"post_tag","embeddable":true,"href":"https:\/\/katarek.pl\/index.php\/wp-json\/wp\/v2\/tags?post=157"}],"curies":[{"name":"wp","href":"https:\/\/api.w.org\/{rel}","templated":true}]}}