{"id":1521,"date":"2018-08-10T12:23:29","date_gmt":"2018-08-10T10:23:29","guid":{"rendered":"https:\/\/katarek.pl\/blog\/?p=1521"},"modified":"2018-08-10T12:23:29","modified_gmt":"2018-08-10T10:23:29","slug":"kolor-kataru-u-dziecka-o-czym-swiadczy","status":"publish","type":"post","link":"https:\/\/katarek.pl\/kolor-kataru-u-dziecka-o-czym-swiadczy\/","title":{"rendered":"Kolor kataru u dziecka &#8211; o czym \u015bwiadczy i kiedy uda\u0107 si\u0119 do lekarza?"},"content":{"rendered":"<p>Nie\u017cyt nosa to uci\u0105\u017cliwa, a zarazem bardzo powszechna dolegliwo\u015b\u0107 u maluch\u00f3w. Na szcz\u0119\u015bcie obserwuj\u0105c rodzaj oraz <strong>kolor kataru u dziecka<\/strong>,\u00a0w du\u017cej mierze okre\u015bli\u0107 mo\u017cemy przyczyn\u0119 infekcji, a co za tym idzie &#8211; wdro\u017cy\u0107 odpowiednie leczenie. Podpowiadamy, co oznacza kolor kataru oraz czym zielony katar, \u017c\u00f3\u0142ty katar oraz bia\u0142y katar r\u00f3\u017cni\u0105 si\u0119 od bezbarwnej wydzieliny z nosa. Radzimy tak\u017ce, kiedy skorzysta\u0107 nale\u017cy z pomocy specjalisty.<\/p>\n<h2>Kolor kataru u dziecka: co zonacza?<\/h2>\n<p><em>Kolor kataru u dziecka<\/em> oraz jego g\u0119sto\u015b\u0107 stanowi\u0105 wa\u017cne wskaz\u00f3wki diagnostyczne. Na ich podstawie stwierdzi\u0107 mo\u017cemy, czy stan zapalny w obr\u0119bie b\u0142ony \u015bluzowej nosa spowodowany zosta\u0142 przez wirusy, bakterie czy alergeny.<\/p>\n<h3>Bezbarwny katar<\/h3>\n<p>Wodnisty, bezbarwny katar jest najcz\u0119\u015bciej objawem alergicznego nie\u017cytu nosa . Zazwyczaj pojawia si\u0119 podczas kontaktu z alergenami &#8211; py\u0142kami ro\u015blin, roztoczami, ple\u015bni\u0105 oraz pierzem i sier\u015bci\u0105 zwierz\u0105t. Opr\u00f3cz bezbarwnej wydzieliny z nosa u dziecka wyst\u0119puje kichanie oraz sw\u0119dzenie, \u0142zawienie i zaczerwienienie oczu. Dochodzi ponadto do upo\u015bledzenia dro\u017cno\u015bci lub zatkania przewod\u00f3w nosowych, temperatura cia\u0142a nie jest jednak podwy\u017cszona. Je\u015bli podejrzewamy, \u017ce u malucha wyst\u0119puje katar alergiczny, skonsultujmy si\u0119 z pediatr\u0105 . Zdecyduje on, czy konieczne jest wykonanie test\u00f3w alergicznych, na podstawie kt\u00f3rych mo\u017cliwe b\u0119dzie wykrycie alergen\u00f3w powoduj\u0105cych katar.<\/p>\n<h3>Bia\u0142y katar<\/h3>\n<p>Obfity, bezbarwny katar jest r\u00f3wnie\u017c jednym z objaw\u00f3w pocz\u0105tkowej fazy ostrego nie\u017cytu nosa . W tym przypadku jednak pod wp\u0142ywem du\u017cej ilo\u015bci leukocyt\u00f3w, czyli kom\u00f3rek uk\u0142adu odporno\u015bciowego walcz\u0105cych z wirusem, wodnisto-\u015bluzowata wydzielina staje si\u0119 g\u0119sta i bia\u0142a. Gdy mamy do czynienia z infekcj\u0105 wirusow\u0105, opr\u00f3cz <strong>bia\u0142ego kataru u dziecka<\/strong> pojawia si\u0119 tak\u017ce z\u0142e samopoczucie oraz &#8211; nierzadko &#8211; lekko podwy\u017cszona temperatura . Infekcji wirusowej u malucha nie nale\u017cy lekcewa\u017cy\u0107. W przeciwnym razie przekszta\u0142ci\u0107 mo\u017ce si\u0119 ona w infekcj\u0119 bakteryjn\u0105, kt\u00f3rej objawy s\u0105 du\u017co bardziej uci\u0105\u017cliwe dla dziecka i trudniejsze do wyleczenia. W wi\u0119kszo\u015bci wypadku z wirusowym nie\u017cytem nosa poradzi\u0107 mo\u017cemy sobie bez konieczno\u015bci wizyty u lekarza. Wystarczy zastosowa\u0107 domowe metody oraz zadba\u0107 o staranne i systematyczne oczyszczanie zatkanych przewod\u00f3w nosowych malucha &#8211; zw\u0142aszcza je\u015bli nie umie on jeszcze samodzielnie wydmuchiwa\u0107 nosa. Specjali\u015bci zalecaj\u0105 stosowanie metody trzech krok\u00f3w , sk\u0142adaj\u0105cej si\u0119 z trzech kolejno nast\u0119puj\u0105cych po sobie etap\u00f3w: rozrzedzania, odci\u0105gania i nawil\u017cania. Najpierw rozrzedzamy zalegaj\u0105cy w nosie malucha bia\u0142y katar poprzez aplikacj\u0119 dw\u00f3ch, trzech kropli soli fizjologicznej do ka\u017cdego z otwor\u00f3w nosowych dziecka, a nast\u0119pnie odci\u0105gamy j\u0105 przy pomocy aspiratora do nosa . Na zako\u0144czenie &#8211; nawil\u017camy delikatn\u0105 \u015bluz\u00f3wk\u0119 nosa poprzez powt\u00f3rne zastosowanie soli fizjologicznej.<\/p>\n<p><img loading=\"lazy\" decoding=\"async\" class=\"size-full wp-image-1754 aligncenter\" src=\"https:\/\/katarek.pl\/wp-content\/uploads\/2018\/08\/katar-u-dziecka.webp\" alt=\"Bia\u0142y katar u dziecka - co oznacza?\" width=\"1350\" height=\"900\" srcset=\"https:\/\/katarek.pl\/wp-content\/uploads\/2018\/08\/katar-u-dziecka.webp 1350w, https:\/\/katarek.pl\/wp-content\/uploads\/2018\/08\/katar-u-dziecka-600x400.webp 600w, https:\/\/katarek.pl\/wp-content\/uploads\/2018\/08\/katar-u-dziecka-450x300.webp 450w, https:\/\/katarek.pl\/wp-content\/uploads\/2018\/08\/katar-u-dziecka-768x512.webp 768w, https:\/\/katarek.pl\/wp-content\/uploads\/2018\/08\/katar-u-dziecka-1024x683.webp 1024w, https:\/\/katarek.pl\/wp-content\/uploads\/2018\/08\/katar-u-dziecka-500x333.webp 500w, https:\/\/katarek.pl\/wp-content\/uploads\/2018\/08\/katar-u-dziecka-300x200.webp 300w\" sizes=\"(max-width: 1350px) 100vw, 1350px\" \/><\/p>\n<h2>\u017b\u00f3\u0142ty katar oraz zielony katar u dziecka<\/h2>\n<p>\u017b\u00f3\u0142ty katar oraz <em>zielony katar u dziecka<\/em> \u015bwiadcz\u0105 o wyst\u0105pieniu u dziecka infekcji o pod\u0142o\u017cu bakteryjnym. Dochodzi do niej najcz\u0119\u015bciej na skutek powik\u0142a\u0144 po niew\u0142a\u015bciwie leczonym katarze wirusowym. Leczenie w tym przypadku ka\u017cdorazowo powinno by\u0107 prowadzone pod kontrol\u0105 pediatry . Terapia nierzadko wymaga w\u0142\u0105czenia antybiotyk\u00f3w &#8211; infekcja bakteryjna mo\u017ce prowadzi\u0107 bowiem do powa\u017cnych powik\u0142a\u0144, rozprzestrzeniaj\u0105c si\u0119 na oskrzela lub p\u0142uca.<\/p>\n<h3>Oczyszczanie nosa to konieczno\u015b\u0107<\/h3>\n<p>Bez wzgl\u0119du na to, jaki rodzaj kataru ma Tw\u00f3j maluch, niezb\u0119dne b\u0119dzie oczyszczanie noska. Najlepiej proces ten przeprowadzi\u0107 wed\u0142ug sprawdzonego schematu, jakim jest <a href=\"https:\/\/katarek.pl\/metoda-3-krokow\/\">metoda 3 krok\u00f3w<\/a>, z u\u017cyciem aspiratora. Musisz pami\u0119ta\u0107, \u017ce maluch nie potrafi samodzielnie wydmucha\u0107 kataru, a najm\u0142odsze dzieci dodatkowo nie potrafi\u0105 te\u017c oddycha\u0107 ustami, co sprawia, \u017ce maj\u0105 problem z jedzeniem i spaniem. Dlatego odci\u0105gaj wydzielin\u0119 z nosa swojego male\u0144stwa, \u017ceby zapewni\u0107 mu wi\u0119kszy komfort w trakcie infekcji i zapobiec ewentualnym powik\u0142aniom.\u00a0<\/p>\n","protected":false},"excerpt":"Nie\u017cyt nosa to uci\u0105\u017cliwa, a zarazem bardzo powszechna dolegliwo\u015b\u0107 u maluch\u00f3w. Na szcz\u0119\u015bcie obserwuj\u0105c rodzaj oraz kolor kataru u dziecka,\u00a0w du\u017cej mierze okre\u015bli\u0107 mo\u017cemy przyczyn\u0119 infekcji, a co za tym idzie &#8211; wdro\u017cy\u0107 odpowiednie leczenie. Podpowiadamy, co oznacza kolor kataru oraz czym zielony katar, \u017c\u00f3\u0142ty katar oraz bia\u0142y katar r\u00f3\u017cni\u0105 si\u0119 od bezbarwnej wydzieliny z [&hellip;]","author":7,"featured_media":1523,"comment_status":"open","ping_status":"open","sticky":false,"template":"","format":"standard","meta":{"_acf_changed":false,"inline_featured_image":false,"editor_plus_copied_stylings":"{}","footnotes":""},"categories":[28,41],"tags":[],"class_list":["post-1521","post","type-post","status-publish","format-standard","has-post-thumbnail","hentry","category-dziecko","category-zdrowie-dziecko"],"yoast_head":"<!-- This site is optimized with the Yoast SEO plugin v27.4 - https:\/\/yoast.com\/product\/yoast-seo-wordpress\/ -->\n<title>Katar u dziecka: co oznacza kolor zielony, \u017c\u00f3\u0142ty, bia\u0142y? - Blog katarek.pl<\/title>\n<meta name=\"description\" content=\"Co oznacza konkretny kolor kataru u dziecka? Dowiedz si\u0119, co robi\u0107 w przypadku \u017c\u00f3\u0142tej, zielonej lub bia\u0142ej wydzieliny z noska niemowlaka, z bloga katarek.pl.\" \/>\n<meta name=\"robots\" content=\"index, follow, max-snippet:-1, max-image-preview:large, max-video-preview:-1\" \/>\n<link rel=\"canonical\" href=\"https:\/\/katarek.pl\/kolor-kataru-u-dziecka-o-czym-swiadczy\/\" \/>\n<meta property=\"og:locale\" content=\"pl_PL\" \/>\n<meta property=\"og:type\" content=\"article\" \/>\n<meta property=\"og:title\" content=\"Katar u dziecka: co oznacza kolor zielony, \u017c\u00f3\u0142ty, bia\u0142y? - Blog katarek.pl\" \/>\n<meta property=\"og:description\" content=\"Co oznacza konkretny kolor kataru u dziecka? Dowiedz si\u0119, co robi\u0107 w przypadku \u017c\u00f3\u0142tej, zielonej lub bia\u0142ej wydzieliny z noska niemowlaka, z bloga katarek.pl.\" \/>\n<meta property=\"og:url\" content=\"https:\/\/katarek.pl\/kolor-kataru-u-dziecka-o-czym-swiadczy\/\" \/>\n<meta property=\"og:site_name\" content=\"katarek.pl\" \/>\n<meta property=\"article:published_time\" content=\"2018-08-10T10:23:29+00:00\" \/>\n<meta property=\"og:image\" content=\"https:\/\/katarek.pl\/wp-content\/uploads\/2018\/08\/kolor_kataru.webp\" \/>\n\t<meta property=\"og:image:width\" content=\"2356\" \/>\n\t<meta property=\"og:image:height\" content=\"1571\" \/>\n\t<meta property=\"og:image:type\" content=\"image\/webp\" \/>\n<meta name=\"author\" content=\"katarek\" \/>\n<meta name=\"twitter:card\" content=\"summary_large_image\" \/>\n<meta name=\"twitter:label1\" content=\"Napisane przez\" \/>\n\t<meta name=\"twitter:data1\" content=\"katarek\" \/>\n\t<meta name=\"twitter:label2\" content=\"Szacowany czas czytania\" \/>\n\t<meta name=\"twitter:data2\" content=\"3 minuty\" \/>\n<script type=\"application\/ld+json\" class=\"yoast-schema-graph\">{\"@context\":\"https:\\\/\\\/schema.org\",\"@graph\":[{\"@type\":\"Article\",\"@id\":\"https:\\\/\\\/katarek.pl\\\/kolor-kataru-u-dziecka-o-czym-swiadczy\\\/#article\",\"isPartOf\":{\"@id\":\"https:\\\/\\\/katarek.pl\\\/kolor-kataru-u-dziecka-o-czym-swiadczy\\\/\"},\"author\":{\"name\":\"katarek\",\"@id\":\"https:\\\/\\\/katarek.pl\\\/#\\\/schema\\\/person\\\/c7267555b2aaad4c6d15146a155bc430\"},\"headline\":\"Kolor kataru u dziecka &#8211; o czym \u015bwiadczy i kiedy uda\u0107 si\u0119 do lekarza?\",\"datePublished\":\"2018-08-10T10:23:29+00:00\",\"mainEntityOfPage\":{\"@id\":\"https:\\\/\\\/katarek.pl\\\/kolor-kataru-u-dziecka-o-czym-swiadczy\\\/\"},\"wordCount\":666,\"commentCount\":1,\"image\":{\"@id\":\"https:\\\/\\\/katarek.pl\\\/kolor-kataru-u-dziecka-o-czym-swiadczy\\\/#primaryimage\"},\"thumbnailUrl\":\"https:\\\/\\\/katarek.pl\\\/wp-content\\\/uploads\\\/2018\\\/08\\\/kolor_kataru.webp\",\"articleSection\":[\"Dziecko\",\"Zdrowie\"],\"inLanguage\":\"pl-PL\"},{\"@type\":\"WebPage\",\"@id\":\"https:\\\/\\\/katarek.pl\\\/kolor-kataru-u-dziecka-o-czym-swiadczy\\\/\",\"url\":\"https:\\\/\\\/katarek.pl\\\/kolor-kataru-u-dziecka-o-czym-swiadczy\\\/\",\"name\":\"Katar u dziecka: co oznacza kolor zielony, \u017c\u00f3\u0142ty, bia\u0142y? - Blog katarek.pl\",\"isPartOf\":{\"@id\":\"https:\\\/\\\/katarek.pl\\\/#website\"},\"primaryImageOfPage\":{\"@id\":\"https:\\\/\\\/katarek.pl\\\/kolor-kataru-u-dziecka-o-czym-swiadczy\\\/#primaryimage\"},\"image\":{\"@id\":\"https:\\\/\\\/katarek.pl\\\/kolor-kataru-u-dziecka-o-czym-swiadczy\\\/#primaryimage\"},\"thumbnailUrl\":\"https:\\\/\\\/katarek.pl\\\/wp-content\\\/uploads\\\/2018\\\/08\\\/kolor_kataru.webp\",\"datePublished\":\"2018-08-10T10:23:29+00:00\",\"author\":{\"@id\":\"https:\\\/\\\/katarek.pl\\\/#\\\/schema\\\/person\\\/c7267555b2aaad4c6d15146a155bc430\"},\"description\":\"Co oznacza konkretny kolor kataru u dziecka? Dowiedz si\u0119, co robi\u0107 w przypadku \u017c\u00f3\u0142tej, zielonej lub bia\u0142ej wydzieliny z noska niemowlaka, z bloga katarek.pl.\",\"breadcrumb\":{\"@id\":\"https:\\\/\\\/katarek.pl\\\/kolor-kataru-u-dziecka-o-czym-swiadczy\\\/#breadcrumb\"},\"inLanguage\":\"pl-PL\",\"potentialAction\":[{\"@type\":\"ReadAction\",\"target\":[\"https:\\\/\\\/katarek.pl\\\/kolor-kataru-u-dziecka-o-czym-swiadczy\\\/\"]}]},{\"@type\":\"ImageObject\",\"inLanguage\":\"pl-PL\",\"@id\":\"https:\\\/\\\/katarek.pl\\\/kolor-kataru-u-dziecka-o-czym-swiadczy\\\/#primaryimage\",\"url\":\"https:\\\/\\\/katarek.pl\\\/wp-content\\\/uploads\\\/2018\\\/08\\\/kolor_kataru.webp\",\"contentUrl\":\"https:\\\/\\\/katarek.pl\\\/wp-content\\\/uploads\\\/2018\\\/08\\\/kolor_kataru.webp\",\"width\":2356,\"height\":1571,\"caption\":\"katar z krwi\u0105 u dziecka\"},{\"@type\":\"BreadcrumbList\",\"@id\":\"https:\\\/\\\/katarek.pl\\\/kolor-kataru-u-dziecka-o-czym-swiadczy\\\/#breadcrumb\",\"itemListElement\":[{\"@type\":\"ListItem\",\"position\":1,\"name\":\"Home\",\"item\":\"https:\\\/\\\/katarek.pl\\\/\"},{\"@type\":\"ListItem\",\"position\":2,\"name\":\"Blog\",\"item\":\"https:\\\/\\\/katarek.pl\\\/blog\\\/\"},{\"@type\":\"ListItem\",\"position\":3,\"name\":\"Kolor kataru u dziecka &#8211; o czym \u015bwiadczy i kiedy uda\u0107 si\u0119 do lekarza?\"}]},{\"@type\":\"WebSite\",\"@id\":\"https:\\\/\\\/katarek.pl\\\/#website\",\"url\":\"https:\\\/\\\/katarek.pl\\\/\",\"name\":\"katarek.pl\",\"description\":\"\",\"potentialAction\":[{\"@type\":\"SearchAction\",\"target\":{\"@type\":\"EntryPoint\",\"urlTemplate\":\"https:\\\/\\\/katarek.pl\\\/?s={search_term_string}\"},\"query-input\":{\"@type\":\"PropertyValueSpecification\",\"valueRequired\":true,\"valueName\":\"search_term_string\"}}],\"inLanguage\":\"pl-PL\"},{\"@type\":\"Person\",\"@id\":\"https:\\\/\\\/katarek.pl\\\/#\\\/schema\\\/person\\\/c7267555b2aaad4c6d15146a155bc430\",\"name\":\"katarek\",\"url\":\"https:\\\/\\\/katarek.pl\\\/author\\\/katarek\\\/\"}]}<\/script>\n<!-- \/ Yoast SEO plugin. -->","yoast_head_json":{"title":"Katar u dziecka: co oznacza kolor zielony, \u017c\u00f3\u0142ty, bia\u0142y? - Blog katarek.pl","description":"Co oznacza konkretny kolor kataru u dziecka? Dowiedz si\u0119, co robi\u0107 w przypadku \u017c\u00f3\u0142tej, zielonej lub bia\u0142ej wydzieliny z noska niemowlaka, z bloga katarek.pl.","robots":{"index":"index","follow":"follow","max-snippet":"max-snippet:-1","max-image-preview":"max-image-preview:large","max-video-preview":"max-video-preview:-1"},"canonical":"https:\/\/katarek.pl\/kolor-kataru-u-dziecka-o-czym-swiadczy\/","og_locale":"pl_PL","og_type":"article","og_title":"Katar u dziecka: co oznacza kolor zielony, \u017c\u00f3\u0142ty, bia\u0142y? - Blog katarek.pl","og_description":"Co oznacza konkretny kolor kataru u dziecka? Dowiedz si\u0119, co robi\u0107 w przypadku \u017c\u00f3\u0142tej, zielonej lub bia\u0142ej wydzieliny z noska niemowlaka, z bloga katarek.pl.","og_url":"https:\/\/katarek.pl\/kolor-kataru-u-dziecka-o-czym-swiadczy\/","og_site_name":"katarek.pl","article_published_time":"2018-08-10T10:23:29+00:00","og_image":[{"width":2356,"height":1571,"url":"https:\/\/katarek.pl\/wp-content\/uploads\/2018\/08\/kolor_kataru.webp","type":"image\/webp"}],"author":"katarek","twitter_card":"summary_large_image","twitter_misc":{"Napisane przez":"katarek","Szacowany czas czytania":"3 minuty"},"schema":{"@context":"https:\/\/schema.org","@graph":[{"@type":"Article","@id":"https:\/\/katarek.pl\/kolor-kataru-u-dziecka-o-czym-swiadczy\/#article","isPartOf":{"@id":"https:\/\/katarek.pl\/kolor-kataru-u-dziecka-o-czym-swiadczy\/"},"author":{"name":"katarek","@id":"https:\/\/katarek.pl\/#\/schema\/person\/c7267555b2aaad4c6d15146a155bc430"},"headline":"Kolor kataru u dziecka &#8211; o czym \u015bwiadczy i kiedy uda\u0107 si\u0119 do lekarza?","datePublished":"2018-08-10T10:23:29+00:00","mainEntityOfPage":{"@id":"https:\/\/katarek.pl\/kolor-kataru-u-dziecka-o-czym-swiadczy\/"},"wordCount":666,"commentCount":1,"image":{"@id":"https:\/\/katarek.pl\/kolor-kataru-u-dziecka-o-czym-swiadczy\/#primaryimage"},"thumbnailUrl":"https:\/\/katarek.pl\/wp-content\/uploads\/2018\/08\/kolor_kataru.webp","articleSection":["Dziecko","Zdrowie"],"inLanguage":"pl-PL"},{"@type":"WebPage","@id":"https:\/\/katarek.pl\/kolor-kataru-u-dziecka-o-czym-swiadczy\/","url":"https:\/\/katarek.pl\/kolor-kataru-u-dziecka-o-czym-swiadczy\/","name":"Katar u dziecka: co oznacza kolor zielony, \u017c\u00f3\u0142ty, bia\u0142y? - Blog katarek.pl","isPartOf":{"@id":"https:\/\/katarek.pl\/#website"},"primaryImageOfPage":{"@id":"https:\/\/katarek.pl\/kolor-kataru-u-dziecka-o-czym-swiadczy\/#primaryimage"},"image":{"@id":"https:\/\/katarek.pl\/kolor-kataru-u-dziecka-o-czym-swiadczy\/#primaryimage"},"thumbnailUrl":"https:\/\/katarek.pl\/wp-content\/uploads\/2018\/08\/kolor_kataru.webp","datePublished":"2018-08-10T10:23:29+00:00","author":{"@id":"https:\/\/katarek.pl\/#\/schema\/person\/c7267555b2aaad4c6d15146a155bc430"},"description":"Co oznacza konkretny kolor kataru u dziecka? Dowiedz si\u0119, co robi\u0107 w przypadku \u017c\u00f3\u0142tej, zielonej lub bia\u0142ej wydzieliny z noska niemowlaka, z bloga katarek.pl.","breadcrumb":{"@id":"https:\/\/katarek.pl\/kolor-kataru-u-dziecka-o-czym-swiadczy\/#breadcrumb"},"inLanguage":"pl-PL","potentialAction":[{"@type":"ReadAction","target":["https:\/\/katarek.pl\/kolor-kataru-u-dziecka-o-czym-swiadczy\/"]}]},{"@type":"ImageObject","inLanguage":"pl-PL","@id":"https:\/\/katarek.pl\/kolor-kataru-u-dziecka-o-czym-swiadczy\/#primaryimage","url":"https:\/\/katarek.pl\/wp-content\/uploads\/2018\/08\/kolor_kataru.webp","contentUrl":"https:\/\/katarek.pl\/wp-content\/uploads\/2018\/08\/kolor_kataru.webp","width":2356,"height":1571,"caption":"katar z krwi\u0105 u dziecka"},{"@type":"BreadcrumbList","@id":"https:\/\/katarek.pl\/kolor-kataru-u-dziecka-o-czym-swiadczy\/#breadcrumb","itemListElement":[{"@type":"ListItem","position":1,"name":"Home","item":"https:\/\/katarek.pl\/"},{"@type":"ListItem","position":2,"name":"Blog","item":"https:\/\/katarek.pl\/blog\/"},{"@type":"ListItem","position":3,"name":"Kolor kataru u dziecka &#8211; o czym \u015bwiadczy i kiedy uda\u0107 si\u0119 do lekarza?"}]},{"@type":"WebSite","@id":"https:\/\/katarek.pl\/#website","url":"https:\/\/katarek.pl\/","name":"katarek.pl","description":"","potentialAction":[{"@type":"SearchAction","target":{"@type":"EntryPoint","urlTemplate":"https:\/\/katarek.pl\/?s={search_term_string}"},"query-input":{"@type":"PropertyValueSpecification","valueRequired":true,"valueName":"search_term_string"}}],"inLanguage":"pl-PL"},{"@type":"Person","@id":"https:\/\/katarek.pl\/#\/schema\/person\/c7267555b2aaad4c6d15146a155bc430","name":"katarek","url":"https:\/\/katarek.pl\/author\/katarek\/"}]}},"acf":[],"gutenberg_blocks":[{"blockName":"custom-styles","attrs":{"styles":""}}],"meta_data":false,"featured_image":{"url":"https:\/\/katarek.pl\/wp-content\/uploads\/2018\/08\/kolor_kataru-1024x683.webp"},"main_category":{"name":"Dziecko"},"prev_page":{"slug":"apteczka-podrozna-dla-dziecka-zawierac"},"next_page":{"slug":"gruszka-do-nosa-czy-aspirator-2"},"_links":{"self":[{"href":"https:\/\/katarek.pl\/index.php\/wp-json\/wp\/v2\/posts\/1521","targetHints":{"allow":["GET"]}}],"collection":[{"href":"https:\/\/katarek.pl\/index.php\/wp-json\/wp\/v2\/posts"}],"about":[{"href":"https:\/\/katarek.pl\/index.php\/wp-json\/wp\/v2\/types\/post"}],"author":[{"embeddable":true,"href":"https:\/\/katarek.pl\/index.php\/wp-json\/wp\/v2\/users\/7"}],"replies":[{"embeddable":true,"href":"https:\/\/katarek.pl\/index.php\/wp-json\/wp\/v2\/comments?post=1521"}],"version-history":[{"count":0,"href":"https:\/\/katarek.pl\/index.php\/wp-json\/wp\/v2\/posts\/1521\/revisions"}],"wp:featuredmedia":[{"embeddable":true,"href":"https:\/\/katarek.pl\/index.php\/wp-json\/wp\/v2\/media\/1523"}],"wp:attachment":[{"href":"https:\/\/katarek.pl\/index.php\/wp-json\/wp\/v2\/media?parent=1521"}],"wp:term":[{"taxonomy":"category","embeddable":true,"href":"https:\/\/katarek.pl\/index.php\/wp-json\/wp\/v2\/categories?post=1521"},{"taxonomy":"post_tag","embeddable":true,"href":"https:\/\/katarek.pl\/index.php\/wp-json\/wp\/v2\/tags?post=1521"}],"curies":[{"name":"wp","href":"https:\/\/api.w.org\/{rel}","templated":true}]}}