{"id":1492,"date":"2018-06-21T07:34:25","date_gmt":"2018-06-21T05:34:25","guid":{"rendered":"https:\/\/katarek.pl\/blog\/?p=1492"},"modified":"2018-06-21T07:34:25","modified_gmt":"2018-06-21T05:34:25","slug":"kiedy-dziecko-powinno-zaczac-mowic","status":"publish","type":"post","link":"https:\/\/katarek.pl\/kiedy-dziecko-powinno-zaczac-mowic\/","title":{"rendered":"Kiedy dziecko zaczyna m\u00f3wi\u0107? &#8211; pierwsze s\u0142owa dziecka"},"content":{"rendered":"<p>Rozw\u00f3j mowy u cz\u0142owieka zaczyna si\u0119 ju\u017c oko\u0142o drugiego miesi\u0105ca \u017cycia, jednak na pierwsze s\u0142owa dziecka b\u0119dziemy musieli jeszcze poczeka\u0107. <strong>Kiedy dziecko zaczyna m\u00f3wi\u0107?<\/strong> Wypowie je oko\u0142o drugiego roku \u017cycia. Wcze\u015bniej jednak us\u0142yszymy, jak nasz maluch trenuje, czyli <strong>g\u0142u\u017cy<\/strong> i <strong>gaworzy<\/strong>. Obserwacja rozwoju mowy u dziecka jest fascynuj\u0105ca!<\/p>\n<p><!--more--><\/p>\n<p><b>Spis tre\u015bci:<\/b><\/p>\n<ul>\n<li><a href=\"#etapy-rozwoju-mowy-dziecka\">Kiedy dziecko powinno zacz\u0105\u0107 m\u00f3wi\u0107 &#8211; etapy rozwoju mowy<\/a>\n<ul>\n<li><a href=\"#okres-melodii-rozwoj-mowy-dziecka\">Okres melodii<\/a><\/li>\n<li><a href=\"#okres-wyrazu-pierwsze-slowa-dziecka\">Okres wyrazu<\/a><\/li>\n<li><a href=\"#okres-zdania-kiedy-dziecko-zaczyna-mowic\">Okres zdania<\/a><\/li>\n<li><a href=\"#okres-mowy-swoistej-u-dzieci\">Okres mowy swoistej<\/a><\/li>\n<\/ul>\n<\/li>\n<li><a href=\"#ocena-poprawnosci-rozwoju-mowy-u-dziecka\">Co mo\u017ce wzbudzi\u0107 niepok\u00f3j dotycz\u0105cy nieprawid\u0142owego rozwoju mowy?<\/a><\/li>\n<\/ul>\n<h2 id=\"etapy-rozwoju-mowy-dziecka\">Kiedy dziecko powinno zacz\u0105\u0107 m\u00f3wi\u0107? Etapy rozwoju mowy<\/h2>\n<p>Rozw\u00f3j mowy, podobnie jak np.nauka chodzenia, jest procesem, a wi\u0119c przebiega w nast\u0119puj\u0105cych po sobie etapach, w kt\u00f3rych jeden przygotowuje do kolejnego. Zdefiniowano cztery takie okresy, <strong>kiedy dziecko zaczyna m\u00f3wi\u0107<\/strong>:<\/p>\n<ul>\n<li>okres melodii &#8211; do 1 roku \u017cycia dziecka,<\/li>\n<li>okres wyrazu &#8211; od 1 do 2 roku \u017cycia,<\/li>\n<li>okres zdania &#8211; od 1.5 &#8211; 2 do 3 roku,<\/li>\n<li>okres mowy swoistej &#8211; do 7 roku \u017cycia.<\/li>\n<\/ul>\n<p>Nie zawsze rozw\u00f3j mowy b\u0119dzie przebiega\u0142 u wszystkich dzieci jednakowo. <strong>To kiedy\u00a0pierwsze s\u0142owa dziecka wypadn\u0105 z jego ust, zwi\u0105zane jest z prawid\u0142owym rozwojem narz\u0105d\u00f3w artykulacyjnych, percepcji s\u0142uchowej i rozwojem intelektualnym<\/strong>.<\/p>\n<h3 id=\"okres-melodii-rozwoj-mowy-dziecka\">Okres melodii, czyli czas, gdy dziecko zaczyna gaworzy\u0107<\/h3>\n<p><b>Pierwszym d\u017awi\u0119kiem, jaki wydobywa si\u0119 z ust dziecka, jest krzyk<\/b>, kt\u00f3ry mo\u017cemy us\u0142ysze\u0107 zaraz po porodzie. B\u0119dzie ono wykorzystywa\u0142o ten spos\u00f3b komunikacji jeszcze przez jaki\u015b czas, \u017ceby wyra\u017ca\u0107 swoje potrzeby lub\u2026 kontrolowa\u0107 opiekun\u00f3w, kt\u00f3rzy nie b\u0119d\u0105 potrafili przej\u015b\u0107 oboj\u0119tnie obok krzycz\u0105cej pociechy.<\/p>\n<p>Oko\u0142o drugiego, czasem trzeciego miesi\u0105ca \u017cycia, us\u0142yszymy <strong>pierwsze d\u017awi\u0119ki gard\u0142owe<\/strong>, tylnoj\u0119zykowe i tym podobne. Przypominaj\u0105 one odg\u0142osy &#8222;gli&#8221;, &#8222;bli&#8221;, &#8222;ebw&#8221;, &#8222;agu&#8221;. <strong>To zjawisko nazywamy g\u0142u\u017ceniem<\/strong>. Zazwyczaj pojawia si\u0119 wraz z rozwojem mi\u0119\u015bni szyi i nauczeniem si\u0119 przez dziecko trzymania g\u0142owy samodzielnie. Pocz\u0105tkowo d\u017awi\u0119ki te pojawiaj\u0105 si\u0119 samoistnie, nawet u dzieci g\u0142uchych, co dowodzi, \u017ce nie s\u0105 one wynikiem na\u015bladowania zas\u0142yszanych d\u017awi\u0119k\u00f3w. Nie s\u0105 one te\u017c uwarunkowane kulturowo czy j\u0119zykowo &#8211; wszystkie dzieci wydaj\u0105 z siebie d\u017awi\u0119ki w tym czasie w podobny spos\u00f3b.<\/p>\n<p>G\u0142u\u017cenie z czasem zanika, zazwyczaj kiedy dziecko zaczyna gaworzy\u0107. Okres ten zaczyna si\u0119 od oko\u0142o sz\u00f3stego miesi\u0105ca \u017cycia, czasem p\u00f3\u017aniej, ale powinien pojawi\u0107 si\u0119 do \u00f3smego miesi\u0105ca. W tym czasie mo\u017cemy r\u00f3wnie\u017c zaobserwowa\u0107, \u017ce dziecko rozumie pewne wyrazy, reaguje na mow\u0119, intonacj\u0119 i nastroje opiekun\u00f3w, a na podniesiony ton g\u0142osu rodzic\u00f3w mo\u017ce reagowa\u0107 p\u0142aczem. Gaworzenie to \u015bwiadome powtarzanie zas\u0142yszanych d\u017awi\u0119k\u00f3w wraz z intonacj\u0105. B\u0119d\u0105 to sylaby typu \u201cba\u201d, \u201cma\u201d, \u201cla\u201d czy \u201cta\u201d, kt\u00f3re jeszcze niewiele dla dziecka znacz\u0105.<\/p>\n<p>Dopiero oko\u0142o dziesi\u0105tego miesi\u0105ca \u017cycia zacznie je powtarza\u0107 bardziej \u015bwiadomie oraz \u0107wiczy\u0107 si\u0119 w tworzeniu w\u0142asnych s\u0142\u00f3w, zacznie wymawia\u0107 r\u00f3wnie\u017c samog\u0142oski i pierwsze sp\u00f3\u0142g\u0142oski. <strong>Ten etap w rozwoju mowy dziecka nazywa si\u0119 echolali\u0105<\/strong> i b\u0119dzie trwa\u0107 do oko\u0142o pierwszego roku \u017cycia dziecka.<\/p>\n<h3 id=\"okres-wyrazu-pierwsze-slowa-dziecka\">Pierwsze s\u0142owa dziecka, kiedy zaczyna m\u00f3wi\u0107 &#8211; okres wyrazu<\/h3>\n<p><strong>\u201cMama\u201d, \u201ctata\u201d, \u201cpapa\u201d to pierwsze s\u0142owa dziecka, kt\u00f3re zapocz\u0105tkuj\u0105 okres wyrazu w jego \u017cyciu<\/strong>, trwaj\u0105cy od pierwszego do drugiego roku \u017cycia. Kiedy dziecko m\u00f3wi mama, jest to wspania\u0142y czas, kt\u00f3ry powoduje wiele chwil wzruszenia i rado\u015bci. W tym czasie dziecko nauczy si\u0119 rozumie\u0107 oko\u0142o 300 s\u0142\u00f3w i pozna kolejne sp\u00f3\u0142g\u0142oski. Te zbyt trudne b\u0119dzie zast\u0119powa\u0107 \u0142atwiejsz\u0105 dla siebie do wym\u00f3wienia wersj\u0105 &#8211; dzieci w tym wieku maj\u0105 tendencj\u0119 do skracania i upraszczania wyraz\u00f3w. W tym okresie dziecko porozumiewa si\u0119 g\u0142\u00f3wnie za pomoc\u0105 wypowiedzi jednowyrazowych.<\/p>\n<h3 id=\"okres-zdania-kiedy-dziecko-zaczyna-mowic\">Mam swoje zdanie<\/h3>\n<p>Dwulatek zna ju\u017c i wymawia wszystkie samog\u0142oski oraz wi\u0119kszo\u015b\u0107 sp\u00f3\u0142g\u0142osek. Tworzy r\u00f3wnie\u017c pierwsze zdania dwuwyrazowe, cz\u0119sto pozbawiaj\u0105c wypowiadane s\u0142owa sylab, szczeg\u00f3lnie tych trudnych do wym\u00f3wienia, na pocz\u0105tku lub ko\u0144cu wyraz\u00f3w. Rozr\u00f3\u017cnia znaczenia przeciwstawne.<\/p>\n<p><strong>Nim sko\u0144czy trzy lata, b\u0119dzie u\u017cywa\u0107 kilku wyraz\u00f3w w zdaniach na pocz\u0105tku wy\u0142\u0105cznie twierdz\u0105cych<\/strong>, ale w trakcie tego okresu pojawi\u0105 si\u0119 r\u00f3wnie\u017c pytania i zdania rozkazuj\u0105ce. Mi\u0119dzy drugim a trzecim rokiem \u017cycia nasz maluch nauczy si\u0119 nawet do 1800 s\u0142\u00f3w, chocia\u017c b\u0119dzie si\u0119 pos\u0142ugiwa\u0142 oko\u0142o tysi\u0105cem.<\/p>\n<p>Rozwija si\u0119 u niego r\u00f3wnie\u017c s\u0142uch fonematyczny, co oznacza, \u017ce nawet je\u015bli dziecko nie wymawia prawid\u0142owo r\u00f3\u017cnych g\u0142osek, to wie, jak prawid\u0142owo one powinny brzmie\u0107. Najcz\u0119stszym b\u0142\u0119dem w wymowie dziecka jest zamiana g\u0142oski r na j lub l. Kiedy tylko je wypowie, warto <a href=\"https:\/\/katarek.pl\/blog\/jak-chwalic-dziecko-madrze\/\">m\u0105drze dziecko pochwali\u0107<\/a>.<\/p>\n<p>Trzylatek wie, jak si\u0119 nazywa, potrafi nauczy\u0107 si\u0119 prostej zwrotki piosenki lub wierszyka i tworzy\u0107 proste zdania przyczynowe lub przyczynowo-skutkowe.<\/p>\n<h3 id=\"okres-mowy-swoistej-u-dzieci\">Okres mowy swoistej<\/h3>\n<p>To czas rozwoju mowy, kt\u00f3ry przypada na wiek od trzech do siedmiu lat, <strong>kiedy dziecko zaczyna m\u00f3wi\u0107 w spos\u00f3b zupe\u0142nie zrozumia\u0142y<\/strong>, dziecko przestaje zmi\u0119kcza\u0107 s, z, c i dz oraz zaczyna si\u0119 wypowiada\u0107 gramatycznie. Oczywi\u015bcie nie wszystko dzieje si\u0119 od razu.<\/p>\n<p>W tym okresie dziecko tworzy dzieci\u0119ce neologizmy w postaci upodobnie\u0144, metatazy, czyli przestawiania g\u0142osek lub sylab oraz kontaminacji, czyli zlepiania kilku s\u0142\u00f3w w jedno, na przyk\u0142ad \u201ccukrowa\u0107\u201d czy \u201czabawkownia\u201d. Jest ciekawy \u015bwiata, zadaje wiele pyta\u0144, opanowuje technik\u0119 m\u00f3wienia, buduje zdania z\u0142o\u017cone i zauwa\u017ca pomy\u0142ki s\u0142owne.<\/p>\n<h2 id=\"ocena-poprawnosci-rozwoju-mowy-u-dziecka\">Co mo\u017ce wzbudzi\u0107 niepok\u00f3j dotycz\u0105cy nieprawid\u0142owego rozwoju mowy?<\/h2>\n<p>Rodzice czy opiekunowie cz\u0119sto maj\u0105 w\u0105tpliwo\u015bci, czy ich dziecko rozwija si\u0119 prawid\u0142owo. Zadaj\u0105 pytania o to, kiedy seplenienie jest jeszcze w normie, a kiedy nale\u017cy uda\u0107 si\u0119 do logopedy. W wi\u0119kszo\u015bci sytuacji nasze obawy okazuj\u0105 si\u0119 nieuzasadnione. Na kilka symptom\u00f3w warto jednak zwr\u00f3ci\u0107 uwag\u0119.<\/p>\n<p>Je\u015bli w okresie melodii dziecko nie p\u0142acze, nie wodzi oczami, nie g\u0142u\u017cy i nie gaworzy, powinni\u015bmy uda\u0107 si\u0119 do lekarza. Podobnie, gdy dziecko nie pr\u00f3buje na\u015bladowa\u0107 sylab.<\/p>\n<p>W okresie wyrazu brak mimiki i reakcji na ni\u0105 mo\u017ce wzbudzi\u0107 nasz\u0105 uwag\u0119, a w okresie zdania, brak zadawania pyta\u0144 i brak pr\u00f3b budowania prostych zda\u0144.<\/p>\n<p>W okresie mowy swoistej j\u0105kanie u pi\u0119ciolatka mo\u017ce by\u0107 oznak\u0105 nieprawid\u0142owo\u015bci, a u sze\u015bciolatka nieumiej\u0119tno\u015b\u0107 wymawiania r.<\/p>\n<p>Je\u015bli zauwa\u017cymy, \u017ce nie wyst\u0119puje okres, <em>kiedy dziecko zaczyna gaworzy\u0107 lub m\u00f3wi\u0107<\/em>, nie pojawiaj\u0105 si\u0119 pierwsze s\u0142owa, dziecko krzyczy, zamiast p\u0142aka\u0107 lub s\u0142abiej komunikuje si\u0119 od r\u00f3wie\u015bnik\u00f3w, nie panikujmy. W wi\u0119kszo\u015bci przypadk\u00f3w mo\u017ce by\u0107 to op\u00f3\u017anienie, kt\u00f3re jest w normie rozwojowej. Przyjmuje si\u0119, \u017ce <strong>pewne odst\u0119pstwa mog\u0105 wynosi\u0107 nawet sze\u015b\u0107 miesi\u0119cy<\/strong>. Problemy cz\u0119\u015bciej pojawiaj\u0105 si\u0119 u wcze\u015bniak\u00f3w. Najlepiej w takiej sytuacji uda\u0107 si\u0119 do lekarza pierwszego kontaktu lub logopedy, kt\u00f3rzy rozwiej\u0105 nasze w\u0105tpliwo\u015bci, skieruj\u0105 do neurologa lub zalec\u0105 odpowiednie \u0107wiczenia dla naszego malucha.<\/p>\n","protected":false},"excerpt":"Rozw\u00f3j mowy u cz\u0142owieka zaczyna si\u0119 ju\u017c oko\u0142o drugiego miesi\u0105ca \u017cycia, jednak na pierwsze s\u0142owa dziecka b\u0119dziemy musieli jeszcze poczeka\u0107. Kiedy dziecko zaczyna m\u00f3wi\u0107? Wypowie je oko\u0142o drugiego roku \u017cycia. Wcze\u015bniej jednak us\u0142yszymy, jak nasz maluch trenuje, czyli g\u0142u\u017cy i gaworzy. Obserwacja rozwoju mowy u dziecka jest fascynuj\u0105ca!","author":7,"featured_media":1493,"comment_status":"open","ping_status":"open","sticky":false,"template":"","format":"standard","meta":{"_acf_changed":false,"inline_featured_image":false,"editor_plus_copied_stylings":"{}","footnotes":""},"categories":[28,40],"tags":[],"class_list":["post-1492","post","type-post","status-publish","format-standard","has-post-thumbnail","hentry","category-dziecko","category-rozwoj-i-wychowanie"],"yoast_head":"<!-- This site is optimized with the Yoast SEO plugin v27.4 - https:\/\/yoast.com\/product\/yoast-seo-wordpress\/ -->\n<title>Kiedy dzieci zaczynaj\u0105 m\u00f3wi\u0107? Kiedy pierwsze s\u0142owa dziecka? - Blog Katarek<\/title>\n<meta name=\"description\" content=\"Zastanawiasz si\u0119 kiedy Twoje dziecko powinno zacz\u0105\u0107 m\u00f3wi\u0107? Dowiedz si\u0119, jakie s\u0105 okresy rozwoju mowy dziecka i jak powinny prawid\u0142owo przebiega\u0107!\" \/>\n<meta name=\"robots\" content=\"index, follow, max-snippet:-1, max-image-preview:large, max-video-preview:-1\" \/>\n<link rel=\"canonical\" href=\"https:\/\/katarek.pl\/kiedy-dziecko-powinno-zaczac-mowic\/\" \/>\n<meta property=\"og:locale\" content=\"pl_PL\" \/>\n<meta property=\"og:type\" content=\"article\" \/>\n<meta property=\"og:title\" content=\"Kiedy dzieci zaczynaj\u0105 m\u00f3wi\u0107? Kiedy pierwsze s\u0142owa dziecka? - Blog Katarek\" \/>\n<meta property=\"og:description\" content=\"Zastanawiasz si\u0119 kiedy Twoje dziecko powinno zacz\u0105\u0107 m\u00f3wi\u0107? Dowiedz si\u0119, jakie s\u0105 okresy rozwoju mowy dziecka i jak powinny prawid\u0142owo przebiega\u0107!\" \/>\n<meta property=\"og:url\" content=\"https:\/\/katarek.pl\/kiedy-dziecko-powinno-zaczac-mowic\/\" \/>\n<meta property=\"og:site_name\" content=\"katarek.pl\" \/>\n<meta property=\"article:published_time\" content=\"2018-06-21T05:34:25+00:00\" \/>\n<meta property=\"og:image\" content=\"https:\/\/katarek.pl\/wp-content\/uploads\/2018\/06\/pierwsze_slowa_dziecka-kiedy_dzieci_zaczynaja_mowic-i_gaworzyc.webp\" \/>\n\t<meta property=\"og:image:width\" content=\"2287\" \/>\n\t<meta property=\"og:image:height\" content=\"1618\" \/>\n\t<meta property=\"og:image:type\" content=\"image\/webp\" \/>\n<meta name=\"author\" content=\"katarek\" \/>\n<meta name=\"twitter:card\" content=\"summary_large_image\" \/>\n<meta name=\"twitter:label1\" content=\"Napisane przez\" \/>\n\t<meta name=\"twitter:data1\" content=\"katarek\" \/>\n\t<meta name=\"twitter:label2\" content=\"Szacowany czas czytania\" \/>\n\t<meta name=\"twitter:data2\" content=\"6 minut\" \/>\n<script type=\"application\/ld+json\" class=\"yoast-schema-graph\">{\"@context\":\"https:\\\/\\\/schema.org\",\"@graph\":[{\"@type\":\"Article\",\"@id\":\"https:\\\/\\\/katarek.pl\\\/kiedy-dziecko-powinno-zaczac-mowic\\\/#article\",\"isPartOf\":{\"@id\":\"https:\\\/\\\/katarek.pl\\\/kiedy-dziecko-powinno-zaczac-mowic\\\/\"},\"author\":{\"name\":\"katarek\",\"@id\":\"https:\\\/\\\/katarek.pl\\\/#\\\/schema\\\/person\\\/c7267555b2aaad4c6d15146a155bc430\"},\"headline\":\"Kiedy dziecko zaczyna m\u00f3wi\u0107? &#8211; pierwsze s\u0142owa dziecka\",\"datePublished\":\"2018-06-21T05:34:25+00:00\",\"mainEntityOfPage\":{\"@id\":\"https:\\\/\\\/katarek.pl\\\/kiedy-dziecko-powinno-zaczac-mowic\\\/\"},\"wordCount\":1202,\"commentCount\":0,\"image\":{\"@id\":\"https:\\\/\\\/katarek.pl\\\/kiedy-dziecko-powinno-zaczac-mowic\\\/#primaryimage\"},\"thumbnailUrl\":\"https:\\\/\\\/katarek.pl\\\/wp-content\\\/uploads\\\/2018\\\/06\\\/pierwsze_slowa_dziecka-kiedy_dzieci_zaczynaja_mowic-i_gaworzyc.webp\",\"articleSection\":[\"Dziecko\",\"Rozw\u00f3j i wychowanie\"],\"inLanguage\":\"pl-PL\"},{\"@type\":\"WebPage\",\"@id\":\"https:\\\/\\\/katarek.pl\\\/kiedy-dziecko-powinno-zaczac-mowic\\\/\",\"url\":\"https:\\\/\\\/katarek.pl\\\/kiedy-dziecko-powinno-zaczac-mowic\\\/\",\"name\":\"Kiedy dzieci zaczynaj\u0105 m\u00f3wi\u0107? Kiedy pierwsze s\u0142owa dziecka? - Blog Katarek\",\"isPartOf\":{\"@id\":\"https:\\\/\\\/katarek.pl\\\/#website\"},\"primaryImageOfPage\":{\"@id\":\"https:\\\/\\\/katarek.pl\\\/kiedy-dziecko-powinno-zaczac-mowic\\\/#primaryimage\"},\"image\":{\"@id\":\"https:\\\/\\\/katarek.pl\\\/kiedy-dziecko-powinno-zaczac-mowic\\\/#primaryimage\"},\"thumbnailUrl\":\"https:\\\/\\\/katarek.pl\\\/wp-content\\\/uploads\\\/2018\\\/06\\\/pierwsze_slowa_dziecka-kiedy_dzieci_zaczynaja_mowic-i_gaworzyc.webp\",\"datePublished\":\"2018-06-21T05:34:25+00:00\",\"author\":{\"@id\":\"https:\\\/\\\/katarek.pl\\\/#\\\/schema\\\/person\\\/c7267555b2aaad4c6d15146a155bc430\"},\"description\":\"Zastanawiasz si\u0119 kiedy Twoje dziecko powinno zacz\u0105\u0107 m\u00f3wi\u0107? Dowiedz si\u0119, jakie s\u0105 okresy rozwoju mowy dziecka i jak powinny prawid\u0142owo przebiega\u0107!\",\"breadcrumb\":{\"@id\":\"https:\\\/\\\/katarek.pl\\\/kiedy-dziecko-powinno-zaczac-mowic\\\/#breadcrumb\"},\"inLanguage\":\"pl-PL\",\"potentialAction\":[{\"@type\":\"ReadAction\",\"target\":[\"https:\\\/\\\/katarek.pl\\\/kiedy-dziecko-powinno-zaczac-mowic\\\/\"]}]},{\"@type\":\"ImageObject\",\"inLanguage\":\"pl-PL\",\"@id\":\"https:\\\/\\\/katarek.pl\\\/kiedy-dziecko-powinno-zaczac-mowic\\\/#primaryimage\",\"url\":\"https:\\\/\\\/katarek.pl\\\/wp-content\\\/uploads\\\/2018\\\/06\\\/pierwsze_slowa_dziecka-kiedy_dzieci_zaczynaja_mowic-i_gaworzyc.webp\",\"contentUrl\":\"https:\\\/\\\/katarek.pl\\\/wp-content\\\/uploads\\\/2018\\\/06\\\/pierwsze_slowa_dziecka-kiedy_dzieci_zaczynaja_mowic-i_gaworzyc.webp\",\"width\":2287,\"height\":1618,\"caption\":\"gaworzenie, nauka mowy, rozw\u00f3j mowy, okres melodii, pierwsze s\u0142owo, g\u0142u\u017cenie\"},{\"@type\":\"BreadcrumbList\",\"@id\":\"https:\\\/\\\/katarek.pl\\\/kiedy-dziecko-powinno-zaczac-mowic\\\/#breadcrumb\",\"itemListElement\":[{\"@type\":\"ListItem\",\"position\":1,\"name\":\"Home\",\"item\":\"https:\\\/\\\/katarek.pl\\\/\"},{\"@type\":\"ListItem\",\"position\":2,\"name\":\"Blog\",\"item\":\"https:\\\/\\\/katarek.pl\\\/blog\\\/\"},{\"@type\":\"ListItem\",\"position\":3,\"name\":\"Kiedy dziecko zaczyna m\u00f3wi\u0107? &#8211; pierwsze s\u0142owa dziecka\"}]},{\"@type\":\"WebSite\",\"@id\":\"https:\\\/\\\/katarek.pl\\\/#website\",\"url\":\"https:\\\/\\\/katarek.pl\\\/\",\"name\":\"katarek.pl\",\"description\":\"\",\"potentialAction\":[{\"@type\":\"SearchAction\",\"target\":{\"@type\":\"EntryPoint\",\"urlTemplate\":\"https:\\\/\\\/katarek.pl\\\/?s={search_term_string}\"},\"query-input\":{\"@type\":\"PropertyValueSpecification\",\"valueRequired\":true,\"valueName\":\"search_term_string\"}}],\"inLanguage\":\"pl-PL\"},{\"@type\":\"Person\",\"@id\":\"https:\\\/\\\/katarek.pl\\\/#\\\/schema\\\/person\\\/c7267555b2aaad4c6d15146a155bc430\",\"name\":\"katarek\",\"url\":\"https:\\\/\\\/katarek.pl\\\/author\\\/katarek\\\/\"}]}<\/script>\n<!-- \/ Yoast SEO plugin. -->","yoast_head_json":{"title":"Kiedy dzieci zaczynaj\u0105 m\u00f3wi\u0107? Kiedy pierwsze s\u0142owa dziecka? - Blog Katarek","description":"Zastanawiasz si\u0119 kiedy Twoje dziecko powinno zacz\u0105\u0107 m\u00f3wi\u0107? Dowiedz si\u0119, jakie s\u0105 okresy rozwoju mowy dziecka i jak powinny prawid\u0142owo przebiega\u0107!","robots":{"index":"index","follow":"follow","max-snippet":"max-snippet:-1","max-image-preview":"max-image-preview:large","max-video-preview":"max-video-preview:-1"},"canonical":"https:\/\/katarek.pl\/kiedy-dziecko-powinno-zaczac-mowic\/","og_locale":"pl_PL","og_type":"article","og_title":"Kiedy dzieci zaczynaj\u0105 m\u00f3wi\u0107? Kiedy pierwsze s\u0142owa dziecka? - Blog Katarek","og_description":"Zastanawiasz si\u0119 kiedy Twoje dziecko powinno zacz\u0105\u0107 m\u00f3wi\u0107? Dowiedz si\u0119, jakie s\u0105 okresy rozwoju mowy dziecka i jak powinny prawid\u0142owo przebiega\u0107!","og_url":"https:\/\/katarek.pl\/kiedy-dziecko-powinno-zaczac-mowic\/","og_site_name":"katarek.pl","article_published_time":"2018-06-21T05:34:25+00:00","og_image":[{"width":2287,"height":1618,"url":"https:\/\/katarek.pl\/wp-content\/uploads\/2018\/06\/pierwsze_slowa_dziecka-kiedy_dzieci_zaczynaja_mowic-i_gaworzyc.webp","type":"image\/webp"}],"author":"katarek","twitter_card":"summary_large_image","twitter_misc":{"Napisane przez":"katarek","Szacowany czas czytania":"6 minut"},"schema":{"@context":"https:\/\/schema.org","@graph":[{"@type":"Article","@id":"https:\/\/katarek.pl\/kiedy-dziecko-powinno-zaczac-mowic\/#article","isPartOf":{"@id":"https:\/\/katarek.pl\/kiedy-dziecko-powinno-zaczac-mowic\/"},"author":{"name":"katarek","@id":"https:\/\/katarek.pl\/#\/schema\/person\/c7267555b2aaad4c6d15146a155bc430"},"headline":"Kiedy dziecko zaczyna m\u00f3wi\u0107? &#8211; pierwsze s\u0142owa dziecka","datePublished":"2018-06-21T05:34:25+00:00","mainEntityOfPage":{"@id":"https:\/\/katarek.pl\/kiedy-dziecko-powinno-zaczac-mowic\/"},"wordCount":1202,"commentCount":0,"image":{"@id":"https:\/\/katarek.pl\/kiedy-dziecko-powinno-zaczac-mowic\/#primaryimage"},"thumbnailUrl":"https:\/\/katarek.pl\/wp-content\/uploads\/2018\/06\/pierwsze_slowa_dziecka-kiedy_dzieci_zaczynaja_mowic-i_gaworzyc.webp","articleSection":["Dziecko","Rozw\u00f3j i wychowanie"],"inLanguage":"pl-PL"},{"@type":"WebPage","@id":"https:\/\/katarek.pl\/kiedy-dziecko-powinno-zaczac-mowic\/","url":"https:\/\/katarek.pl\/kiedy-dziecko-powinno-zaczac-mowic\/","name":"Kiedy dzieci zaczynaj\u0105 m\u00f3wi\u0107? Kiedy pierwsze s\u0142owa dziecka? - Blog Katarek","isPartOf":{"@id":"https:\/\/katarek.pl\/#website"},"primaryImageOfPage":{"@id":"https:\/\/katarek.pl\/kiedy-dziecko-powinno-zaczac-mowic\/#primaryimage"},"image":{"@id":"https:\/\/katarek.pl\/kiedy-dziecko-powinno-zaczac-mowic\/#primaryimage"},"thumbnailUrl":"https:\/\/katarek.pl\/wp-content\/uploads\/2018\/06\/pierwsze_slowa_dziecka-kiedy_dzieci_zaczynaja_mowic-i_gaworzyc.webp","datePublished":"2018-06-21T05:34:25+00:00","author":{"@id":"https:\/\/katarek.pl\/#\/schema\/person\/c7267555b2aaad4c6d15146a155bc430"},"description":"Zastanawiasz si\u0119 kiedy Twoje dziecko powinno zacz\u0105\u0107 m\u00f3wi\u0107? Dowiedz si\u0119, jakie s\u0105 okresy rozwoju mowy dziecka i jak powinny prawid\u0142owo przebiega\u0107!","breadcrumb":{"@id":"https:\/\/katarek.pl\/kiedy-dziecko-powinno-zaczac-mowic\/#breadcrumb"},"inLanguage":"pl-PL","potentialAction":[{"@type":"ReadAction","target":["https:\/\/katarek.pl\/kiedy-dziecko-powinno-zaczac-mowic\/"]}]},{"@type":"ImageObject","inLanguage":"pl-PL","@id":"https:\/\/katarek.pl\/kiedy-dziecko-powinno-zaczac-mowic\/#primaryimage","url":"https:\/\/katarek.pl\/wp-content\/uploads\/2018\/06\/pierwsze_slowa_dziecka-kiedy_dzieci_zaczynaja_mowic-i_gaworzyc.webp","contentUrl":"https:\/\/katarek.pl\/wp-content\/uploads\/2018\/06\/pierwsze_slowa_dziecka-kiedy_dzieci_zaczynaja_mowic-i_gaworzyc.webp","width":2287,"height":1618,"caption":"gaworzenie, nauka mowy, rozw\u00f3j mowy, okres melodii, pierwsze s\u0142owo, g\u0142u\u017cenie"},{"@type":"BreadcrumbList","@id":"https:\/\/katarek.pl\/kiedy-dziecko-powinno-zaczac-mowic\/#breadcrumb","itemListElement":[{"@type":"ListItem","position":1,"name":"Home","item":"https:\/\/katarek.pl\/"},{"@type":"ListItem","position":2,"name":"Blog","item":"https:\/\/katarek.pl\/blog\/"},{"@type":"ListItem","position":3,"name":"Kiedy dziecko zaczyna m\u00f3wi\u0107? &#8211; pierwsze s\u0142owa dziecka"}]},{"@type":"WebSite","@id":"https:\/\/katarek.pl\/#website","url":"https:\/\/katarek.pl\/","name":"katarek.pl","description":"","potentialAction":[{"@type":"SearchAction","target":{"@type":"EntryPoint","urlTemplate":"https:\/\/katarek.pl\/?s={search_term_string}"},"query-input":{"@type":"PropertyValueSpecification","valueRequired":true,"valueName":"search_term_string"}}],"inLanguage":"pl-PL"},{"@type":"Person","@id":"https:\/\/katarek.pl\/#\/schema\/person\/c7267555b2aaad4c6d15146a155bc430","name":"katarek","url":"https:\/\/katarek.pl\/author\/katarek\/"}]}},"acf":[],"gutenberg_blocks":[{"blockName":"custom-styles","attrs":{"styles":""}}],"meta_data":false,"featured_image":{"url":"https:\/\/katarek.pl\/wp-content\/uploads\/2018\/06\/pierwsze_slowa_dziecka-kiedy_dzieci_zaczynaja_mowic-i_gaworzyc-1024x724.webp"},"main_category":{"name":"Dziecko"},"prev_page":{"slug":"kiedy-rozszerzac-diete-niemowlaka-w-jakiej-kolejnosci-wprowadzac-nowe-produkty"},"next_page":{"slug":"jak-uspic-niemowlaka-najskuteczniejsze-metody"},"_links":{"self":[{"href":"https:\/\/katarek.pl\/index.php\/wp-json\/wp\/v2\/posts\/1492","targetHints":{"allow":["GET"]}}],"collection":[{"href":"https:\/\/katarek.pl\/index.php\/wp-json\/wp\/v2\/posts"}],"about":[{"href":"https:\/\/katarek.pl\/index.php\/wp-json\/wp\/v2\/types\/post"}],"author":[{"embeddable":true,"href":"https:\/\/katarek.pl\/index.php\/wp-json\/wp\/v2\/users\/7"}],"replies":[{"embeddable":true,"href":"https:\/\/katarek.pl\/index.php\/wp-json\/wp\/v2\/comments?post=1492"}],"version-history":[{"count":0,"href":"https:\/\/katarek.pl\/index.php\/wp-json\/wp\/v2\/posts\/1492\/revisions"}],"wp:featuredmedia":[{"embeddable":true,"href":"https:\/\/katarek.pl\/index.php\/wp-json\/wp\/v2\/media\/1493"}],"wp:attachment":[{"href":"https:\/\/katarek.pl\/index.php\/wp-json\/wp\/v2\/media?parent=1492"}],"wp:term":[{"taxonomy":"category","embeddable":true,"href":"https:\/\/katarek.pl\/index.php\/wp-json\/wp\/v2\/categories?post=1492"},{"taxonomy":"post_tag","embeddable":true,"href":"https:\/\/katarek.pl\/index.php\/wp-json\/wp\/v2\/tags?post=1492"}],"curies":[{"name":"wp","href":"https:\/\/api.w.org\/{rel}","templated":true}]}}