{"id":1374,"date":"2018-04-09T15:34:46","date_gmt":"2018-04-09T13:34:46","guid":{"rendered":"https:\/\/katarek.pl\/blog\/?p=1374"},"modified":"2018-04-09T15:34:46","modified_gmt":"2018-04-09T13:34:46","slug":"alergia-u-dzieci-czym-ja-rozpoznac","status":"publish","type":"post","link":"https:\/\/katarek.pl\/alergia-u-dzieci-czym-ja-rozpoznac\/","title":{"rendered":"Alergia u dzieci &#8211; po czym j\u0105 rozpozna\u0107?"},"content":{"rendered":"<p><strong>Twoja pociecha od pocz\u0105tku wiosny ma katar? Po zjedzeniu niekt\u00f3rych produkt\u00f3w spo\u017cywczych zauwa\u017casz, \u017ce ma problemy trawienne lub wysypk\u0119? Takie objawy mog\u0105 sygnalizowa\u0107 rozwijaj\u0105c\u0105 si\u0119 infekcje, ale r\u00f3wnie dobrze mo\u017ce to by\u0107 alergia, czy uczulenie. Nie jest prawd\u0105, \u017ce alergie s\u0105 tylko wrodzone \u2013 na ka\u017cdym etapie naszego \u017cycia mo\u017ce nas uczuli\u0107 kt\u00f3ry\u015b z alergen\u00f3w. W tym wpisie zag\u0142\u0119biamy temat &#8211; alergia objawy u dzieci.<\/strong><\/p>\n<p><!--more--><\/p>\n<p>Najtrudniej zdiagnozowa\u0107 alergie u noworodka i niemowlaka. Cz\u0119sto objawy s\u0105 podobne do zwyk\u0142ego przezi\u0119bienia np. katar czy \u0142zawienie oczu. Pierwszym krokiem do sukcesu jest zaobserwowanie oznak reakcji alergicznej, kt\u00f3re towarzysz\u0105 Twojemu dziecku i skonsultowanie ich ze swoim lekarzem.<\/p>\n<h2>Alergia u dzieci objawy, czyli 50 twarzy alergii<\/h2>\n<p>Lista alergen\u00f3w jest bardzo d\u0142uga, w\u0142a\u015bciwie mo\u017ce nas uczuli\u0107 praktycznie wszystko! Niestety bywa i tak, \u017ce maluch ju\u017c rodzi si\u0119 z alergi\u0105, kt\u00f3r\u0105 odziedziczy\u0142 po swoich rodzicach. W pierwszych dniach \u017cycia cz\u0119sto wyst\u0119puj\u0105 objawy sk\u00f3rne, mi\u0119dzy innymi wysypki, stany zapalne w zgi\u0119ciu \u0142okci i kolan, sucha, \u0142uszcz\u0105ca si\u0119 sk\u00f3ra lub \u015bwi\u0105d. <strong>Takie objawy nale\u017cy skonsultowa\u0107 z lekarzem, poniewa\u017c wcale nie musz\u0105 one oznacza\u0107 alergii.<\/strong> Od strony uk\u0142adu oddechowego g\u0142\u00f3wnym symptomem jest \u0142zawienie oczu, kichanie i wodnisty katar. Mo\u017cemy z nim walczy\u0107 z pomoc\u0105 <a href=\"https:\/\/katarek.pl\/metoda-3-krokow\/\">Metody 3 Krok\u00f3w<\/a>, gdy\u017c przy tym typie alergii odci\u0105ganie wydzieliny z nosa i nawil\u017canie \u015bluz\u00f3wki jest kluczowym krokiem do ulgi Twojego malucha. <strong>Alergia objawy u dzieci &#8211; jak odr\u00f3\u017cni\u0107 te objawy od przezi\u0119bienia?<\/strong> Charakterystyczne jest to, \u017ce podczas reakcji alergicznej nie wyst\u0119puje gor\u0105czka. Zerknijmy teraz od strony brzuszka. Uk\u0142ad pokarmowy maluszka jest bardzo delikatny i musimy o niego szczeg\u00f3lnie zadba\u0107. Cz\u0119ste ulewanie, brak apetytu, zaparcia i biegunki to g\u0142\u00f3wne symptomy alergii od strony uk\u0142adu pokarmowego.<\/p>\n<h2>Wiosna, kwiaty i py\u0142ki\u2026<\/h2>\n<p>Ka\u017cda mama uwielbia spacery przy ciep\u0142ym wiosennym wiaterku. Wszystko budzi si\u0119 do \u017cycia, a wraz z nadlatuj\u0105cymi bocianami pojawiaj\u0105 si\u0119 niestety te\u017c py\u0142ki. Okres od marca do pa\u017adziernika jest najbardziej intensywny w kalendarzu py\u0142k\u00f3w alergicznych. Wtedy mog\u0105 pojawi\u0107 si\u0119 \u0142zawi\u0105ce oczy, wodnisty katar, czy kichanie. Je\u015bli te objawy pojawiaj\u0105 si\u0119 bez wyst\u0105pienia gor\u0105czki, to mo\u017ce (ale nie musi!) oznacza\u0107, \u017ce nasz maluch jest na co\u015b uczulony. <strong>Konieczna jest w\u00f3wczas wizyta u lekarza, kt\u00f3ry zdiagnozuje lub wykluczy wyst\u0119powanie alergii.<\/strong> Spacer nie w\u0105tpliwie jest wa\u017cny w rozwoju dziecka, lecz je\u015bli Twoja pociecha ma uczulenie na py\u0142ki, to staraj si\u0119 wychodzi\u0107 z nim wieczorami, kiedy st\u0119\u017cenie py\u0142\u00f3w jest mniejsze. Po ka\u017cdym spacerze dok\u0142adnie umyj dziecku twarz i r\u0105czki, a przy ciekn\u0105cym nosie wa\u017cne jest, aby zachowa\u0107 odpowiednie nawil\u017cenie \u015bluz\u00f3wki i okolic nosa. W tym celu \u015bwietnie sprawdzi si\u0119 <a href=\"https:\/\/katarek.pl\/katarek-masc-nawilzajaca-do-nosa-z-prebiotykiem\/\">katarek ma\u015b\u0107 nawil\u017caj\u0105ca do nosa z prebiotykiem<\/a>, kt\u00f3ra na pewno przyniesie maluchowi du\u017cy komfort oddychania.<\/p>\n<h2>Alergia u dziecka pod lup\u0105 lekarsk\u0105<\/h2>\n<p>Ka\u017cd\u0105 alergi\u0119 lub jej objawy nale\u017cy skonsultowa\u0107 z lekarzem, kt\u00f3ry mo\u017ce zleci\u0107 przeprowadzenie dodatkowych test\u00f3w czy bada\u0144. <strong>G\u0142\u00f3wnymi metodami stwierdzania alergii s\u0105 badania krwi, testy sk\u00f3rne i testy prowokacyjne.<\/strong> Je\u015bli zidentyfikujemy naszego wroga, mo\u017cemy przyst\u0105pi\u0107 z nim do walki, a lekarz zaleci odpowiedni\u0105 kuracj\u0119. U wi\u0119kszych dzieci, kt\u00f3re uko\u0144czy\u0142y 5 rok \u017cycia, je\u015bli nie ma przeciwwskaza\u0144 lekarskich, mo\u017cna spr\u00f3bowa\u0107 odczuli\u0107 malucha i uwolni\u0107 go od uci\u0105\u017cliwej alergii.<\/p>\n","protected":false},"excerpt":"Twoja pociecha od pocz\u0105tku wiosny ma katar? Po zjedzeniu niekt\u00f3rych produkt\u00f3w spo\u017cywczych zauwa\u017casz, \u017ce ma problemy trawienne lub wysypk\u0119? Takie objawy mog\u0105 sygnalizowa\u0107 rozwijaj\u0105c\u0105 si\u0119 infekcje, ale r\u00f3wnie dobrze mo\u017ce to by\u0107 alergia, czy uczulenie. Nie jest prawd\u0105, \u017ce alergie s\u0105 tylko wrodzone \u2013 na ka\u017cdym etapie naszego \u017cycia mo\u017ce nas uczuli\u0107 kt\u00f3ry\u015b z alergen\u00f3w. [&hellip;]","author":7,"featured_media":1375,"comment_status":"open","ping_status":"open","sticky":false,"template":"","format":"standard","meta":{"_acf_changed":false,"inline_featured_image":false,"editor_plus_copied_stylings":"{}","footnotes":""},"categories":[28,41],"tags":[],"class_list":["post-1374","post","type-post","status-publish","format-standard","has-post-thumbnail","hentry","category-dziecko","category-zdrowie-dziecko"],"yoast_head":"<!-- This site is optimized with the Yoast SEO plugin v27.4 - https:\/\/yoast.com\/product\/yoast-seo-wordpress\/ -->\n<title>Alergia u dzieci objawy: jak rozpozna\u0107? - Blog katarek.pl<\/title>\n<meta name=\"description\" content=\"Twoja pociecha od pocz\u0105tku wiosny ma katar? Zastanawia Ci\u0119 alergia u dzieci jak rozpozna\u0107 i jak sobie z ni\u0105 poradzi\u0107? Zapraszamy do naszego wpisu!\" \/>\n<meta name=\"robots\" content=\"index, follow, max-snippet:-1, max-image-preview:large, max-video-preview:-1\" \/>\n<link rel=\"canonical\" href=\"https:\/\/katarek.pl\/alergia-u-dzieci-czym-ja-rozpoznac\/\" \/>\n<meta property=\"og:locale\" content=\"pl_PL\" \/>\n<meta property=\"og:type\" content=\"article\" \/>\n<meta property=\"og:title\" content=\"Alergia u dzieci objawy: jak rozpozna\u0107? - Blog katarek.pl\" \/>\n<meta property=\"og:description\" content=\"Twoja pociecha od pocz\u0105tku wiosny ma katar? Zastanawia Ci\u0119 alergia u dzieci jak rozpozna\u0107 i jak sobie z ni\u0105 poradzi\u0107? Zapraszamy do naszego wpisu!\" \/>\n<meta property=\"og:url\" content=\"https:\/\/katarek.pl\/alergia-u-dzieci-czym-ja-rozpoznac\/\" \/>\n<meta property=\"og:site_name\" content=\"katarek.pl\" \/>\n<meta property=\"article:published_time\" content=\"2018-04-09T13:34:46+00:00\" \/>\n<meta property=\"og:image\" content=\"https:\/\/katarek.pl\/wp-content\/uploads\/2018\/04\/alergia_u_dziecka_-_jak_ja_rozpoznac.jpg\" \/>\n\t<meta property=\"og:image:width\" content=\"2360\" \/>\n\t<meta property=\"og:image:height\" content=\"1568\" \/>\n\t<meta property=\"og:image:type\" content=\"image\/jpeg\" \/>\n<meta name=\"author\" content=\"katarek\" \/>\n<meta name=\"twitter:card\" content=\"summary_large_image\" \/>\n<meta name=\"twitter:label1\" content=\"Napisane przez\" \/>\n\t<meta name=\"twitter:data1\" content=\"katarek\" \/>\n\t<meta name=\"twitter:label2\" content=\"Szacowany czas czytania\" \/>\n\t<meta name=\"twitter:data2\" content=\"3 minuty\" \/>\n<script type=\"application\/ld+json\" class=\"yoast-schema-graph\">{\"@context\":\"https:\\\/\\\/schema.org\",\"@graph\":[{\"@type\":\"Article\",\"@id\":\"https:\\\/\\\/katarek.pl\\\/alergia-u-dzieci-czym-ja-rozpoznac\\\/#article\",\"isPartOf\":{\"@id\":\"https:\\\/\\\/katarek.pl\\\/alergia-u-dzieci-czym-ja-rozpoznac\\\/\"},\"author\":{\"name\":\"katarek\",\"@id\":\"https:\\\/\\\/katarek.pl\\\/#\\\/schema\\\/person\\\/c7267555b2aaad4c6d15146a155bc430\"},\"headline\":\"Alergia u dzieci &#8211; po czym j\u0105 rozpozna\u0107?\",\"datePublished\":\"2018-04-09T13:34:46+00:00\",\"mainEntityOfPage\":{\"@id\":\"https:\\\/\\\/katarek.pl\\\/alergia-u-dzieci-czym-ja-rozpoznac\\\/\"},\"wordCount\":599,\"commentCount\":0,\"image\":{\"@id\":\"https:\\\/\\\/katarek.pl\\\/alergia-u-dzieci-czym-ja-rozpoznac\\\/#primaryimage\"},\"thumbnailUrl\":\"https:\\\/\\\/katarek.pl\\\/wp-content\\\/uploads\\\/2018\\\/04\\\/alergia_u_dziecka_-_jak_ja_rozpoznac.jpg\",\"articleSection\":[\"Dziecko\",\"Zdrowie\"],\"inLanguage\":\"pl-PL\"},{\"@type\":\"WebPage\",\"@id\":\"https:\\\/\\\/katarek.pl\\\/alergia-u-dzieci-czym-ja-rozpoznac\\\/\",\"url\":\"https:\\\/\\\/katarek.pl\\\/alergia-u-dzieci-czym-ja-rozpoznac\\\/\",\"name\":\"Alergia u dzieci objawy: jak rozpozna\u0107? - Blog katarek.pl\",\"isPartOf\":{\"@id\":\"https:\\\/\\\/katarek.pl\\\/#website\"},\"primaryImageOfPage\":{\"@id\":\"https:\\\/\\\/katarek.pl\\\/alergia-u-dzieci-czym-ja-rozpoznac\\\/#primaryimage\"},\"image\":{\"@id\":\"https:\\\/\\\/katarek.pl\\\/alergia-u-dzieci-czym-ja-rozpoznac\\\/#primaryimage\"},\"thumbnailUrl\":\"https:\\\/\\\/katarek.pl\\\/wp-content\\\/uploads\\\/2018\\\/04\\\/alergia_u_dziecka_-_jak_ja_rozpoznac.jpg\",\"datePublished\":\"2018-04-09T13:34:46+00:00\",\"author\":{\"@id\":\"https:\\\/\\\/katarek.pl\\\/#\\\/schema\\\/person\\\/c7267555b2aaad4c6d15146a155bc430\"},\"description\":\"Twoja pociecha od pocz\u0105tku wiosny ma katar? Zastanawia Ci\u0119 alergia u dzieci jak rozpozna\u0107 i jak sobie z ni\u0105 poradzi\u0107? Zapraszamy do naszego wpisu!\",\"breadcrumb\":{\"@id\":\"https:\\\/\\\/katarek.pl\\\/alergia-u-dzieci-czym-ja-rozpoznac\\\/#breadcrumb\"},\"inLanguage\":\"pl-PL\",\"potentialAction\":[{\"@type\":\"ReadAction\",\"target\":[\"https:\\\/\\\/katarek.pl\\\/alergia-u-dzieci-czym-ja-rozpoznac\\\/\"]}]},{\"@type\":\"ImageObject\",\"inLanguage\":\"pl-PL\",\"@id\":\"https:\\\/\\\/katarek.pl\\\/alergia-u-dzieci-czym-ja-rozpoznac\\\/#primaryimage\",\"url\":\"https:\\\/\\\/katarek.pl\\\/wp-content\\\/uploads\\\/2018\\\/04\\\/alergia_u_dziecka_-_jak_ja_rozpoznac.jpg\",\"contentUrl\":\"https:\\\/\\\/katarek.pl\\\/wp-content\\\/uploads\\\/2018\\\/04\\\/alergia_u_dziecka_-_jak_ja_rozpoznac.jpg\",\"width\":2360,\"height\":1568,\"caption\":\"Alergia u dziecka, leczenie alergii, objawy alergii u dziecka, alergia sk\u00f3rna, alergia pokarmowa, alergia na py\u0142ki\"},{\"@type\":\"BreadcrumbList\",\"@id\":\"https:\\\/\\\/katarek.pl\\\/alergia-u-dzieci-czym-ja-rozpoznac\\\/#breadcrumb\",\"itemListElement\":[{\"@type\":\"ListItem\",\"position\":1,\"name\":\"Home\",\"item\":\"https:\\\/\\\/katarek.pl\\\/\"},{\"@type\":\"ListItem\",\"position\":2,\"name\":\"Blog\",\"item\":\"https:\\\/\\\/katarek.pl\\\/blog\\\/\"},{\"@type\":\"ListItem\",\"position\":3,\"name\":\"Alergia u dzieci &#8211; po czym j\u0105 rozpozna\u0107?\"}]},{\"@type\":\"WebSite\",\"@id\":\"https:\\\/\\\/katarek.pl\\\/#website\",\"url\":\"https:\\\/\\\/katarek.pl\\\/\",\"name\":\"katarek.pl\",\"description\":\"\",\"potentialAction\":[{\"@type\":\"SearchAction\",\"target\":{\"@type\":\"EntryPoint\",\"urlTemplate\":\"https:\\\/\\\/katarek.pl\\\/?s={search_term_string}\"},\"query-input\":{\"@type\":\"PropertyValueSpecification\",\"valueRequired\":true,\"valueName\":\"search_term_string\"}}],\"inLanguage\":\"pl-PL\"},{\"@type\":\"Person\",\"@id\":\"https:\\\/\\\/katarek.pl\\\/#\\\/schema\\\/person\\\/c7267555b2aaad4c6d15146a155bc430\",\"name\":\"katarek\",\"url\":\"https:\\\/\\\/katarek.pl\\\/author\\\/katarek\\\/\"}]}<\/script>\n<!-- \/ Yoast SEO plugin. -->","yoast_head_json":{"title":"Alergia u dzieci objawy: jak rozpozna\u0107? - Blog katarek.pl","description":"Twoja pociecha od pocz\u0105tku wiosny ma katar? Zastanawia Ci\u0119 alergia u dzieci jak rozpozna\u0107 i jak sobie z ni\u0105 poradzi\u0107? Zapraszamy do naszego wpisu!","robots":{"index":"index","follow":"follow","max-snippet":"max-snippet:-1","max-image-preview":"max-image-preview:large","max-video-preview":"max-video-preview:-1"},"canonical":"https:\/\/katarek.pl\/alergia-u-dzieci-czym-ja-rozpoznac\/","og_locale":"pl_PL","og_type":"article","og_title":"Alergia u dzieci objawy: jak rozpozna\u0107? - Blog katarek.pl","og_description":"Twoja pociecha od pocz\u0105tku wiosny ma katar? Zastanawia Ci\u0119 alergia u dzieci jak rozpozna\u0107 i jak sobie z ni\u0105 poradzi\u0107? Zapraszamy do naszego wpisu!","og_url":"https:\/\/katarek.pl\/alergia-u-dzieci-czym-ja-rozpoznac\/","og_site_name":"katarek.pl","article_published_time":"2018-04-09T13:34:46+00:00","og_image":[{"width":2360,"height":1568,"url":"https:\/\/katarek.pl\/wp-content\/uploads\/2018\/04\/alergia_u_dziecka_-_jak_ja_rozpoznac.jpg","type":"image\/jpeg"}],"author":"katarek","twitter_card":"summary_large_image","twitter_misc":{"Napisane przez":"katarek","Szacowany czas czytania":"3 minuty"},"schema":{"@context":"https:\/\/schema.org","@graph":[{"@type":"Article","@id":"https:\/\/katarek.pl\/alergia-u-dzieci-czym-ja-rozpoznac\/#article","isPartOf":{"@id":"https:\/\/katarek.pl\/alergia-u-dzieci-czym-ja-rozpoznac\/"},"author":{"name":"katarek","@id":"https:\/\/katarek.pl\/#\/schema\/person\/c7267555b2aaad4c6d15146a155bc430"},"headline":"Alergia u dzieci &#8211; po czym j\u0105 rozpozna\u0107?","datePublished":"2018-04-09T13:34:46+00:00","mainEntityOfPage":{"@id":"https:\/\/katarek.pl\/alergia-u-dzieci-czym-ja-rozpoznac\/"},"wordCount":599,"commentCount":0,"image":{"@id":"https:\/\/katarek.pl\/alergia-u-dzieci-czym-ja-rozpoznac\/#primaryimage"},"thumbnailUrl":"https:\/\/katarek.pl\/wp-content\/uploads\/2018\/04\/alergia_u_dziecka_-_jak_ja_rozpoznac.jpg","articleSection":["Dziecko","Zdrowie"],"inLanguage":"pl-PL"},{"@type":"WebPage","@id":"https:\/\/katarek.pl\/alergia-u-dzieci-czym-ja-rozpoznac\/","url":"https:\/\/katarek.pl\/alergia-u-dzieci-czym-ja-rozpoznac\/","name":"Alergia u dzieci objawy: jak rozpozna\u0107? - Blog katarek.pl","isPartOf":{"@id":"https:\/\/katarek.pl\/#website"},"primaryImageOfPage":{"@id":"https:\/\/katarek.pl\/alergia-u-dzieci-czym-ja-rozpoznac\/#primaryimage"},"image":{"@id":"https:\/\/katarek.pl\/alergia-u-dzieci-czym-ja-rozpoznac\/#primaryimage"},"thumbnailUrl":"https:\/\/katarek.pl\/wp-content\/uploads\/2018\/04\/alergia_u_dziecka_-_jak_ja_rozpoznac.jpg","datePublished":"2018-04-09T13:34:46+00:00","author":{"@id":"https:\/\/katarek.pl\/#\/schema\/person\/c7267555b2aaad4c6d15146a155bc430"},"description":"Twoja pociecha od pocz\u0105tku wiosny ma katar? Zastanawia Ci\u0119 alergia u dzieci jak rozpozna\u0107 i jak sobie z ni\u0105 poradzi\u0107? Zapraszamy do naszego wpisu!","breadcrumb":{"@id":"https:\/\/katarek.pl\/alergia-u-dzieci-czym-ja-rozpoznac\/#breadcrumb"},"inLanguage":"pl-PL","potentialAction":[{"@type":"ReadAction","target":["https:\/\/katarek.pl\/alergia-u-dzieci-czym-ja-rozpoznac\/"]}]},{"@type":"ImageObject","inLanguage":"pl-PL","@id":"https:\/\/katarek.pl\/alergia-u-dzieci-czym-ja-rozpoznac\/#primaryimage","url":"https:\/\/katarek.pl\/wp-content\/uploads\/2018\/04\/alergia_u_dziecka_-_jak_ja_rozpoznac.jpg","contentUrl":"https:\/\/katarek.pl\/wp-content\/uploads\/2018\/04\/alergia_u_dziecka_-_jak_ja_rozpoznac.jpg","width":2360,"height":1568,"caption":"Alergia u dziecka, leczenie alergii, objawy alergii u dziecka, alergia sk\u00f3rna, alergia pokarmowa, alergia na py\u0142ki"},{"@type":"BreadcrumbList","@id":"https:\/\/katarek.pl\/alergia-u-dzieci-czym-ja-rozpoznac\/#breadcrumb","itemListElement":[{"@type":"ListItem","position":1,"name":"Home","item":"https:\/\/katarek.pl\/"},{"@type":"ListItem","position":2,"name":"Blog","item":"https:\/\/katarek.pl\/blog\/"},{"@type":"ListItem","position":3,"name":"Alergia u dzieci &#8211; po czym j\u0105 rozpozna\u0107?"}]},{"@type":"WebSite","@id":"https:\/\/katarek.pl\/#website","url":"https:\/\/katarek.pl\/","name":"katarek.pl","description":"","potentialAction":[{"@type":"SearchAction","target":{"@type":"EntryPoint","urlTemplate":"https:\/\/katarek.pl\/?s={search_term_string}"},"query-input":{"@type":"PropertyValueSpecification","valueRequired":true,"valueName":"search_term_string"}}],"inLanguage":"pl-PL"},{"@type":"Person","@id":"https:\/\/katarek.pl\/#\/schema\/person\/c7267555b2aaad4c6d15146a155bc430","name":"katarek","url":"https:\/\/katarek.pl\/author\/katarek\/"}]}},"acf":[],"gutenberg_blocks":[{"blockName":"custom-styles","attrs":{"styles":""}}],"meta_data":false,"featured_image":{"url":"https:\/\/katarek.pl\/wp-content\/uploads\/2018\/04\/alergia_u_dziecka_-_jak_ja_rozpoznac-1024x680.jpg"},"main_category":{"name":"Dziecko"},"prev_page":{"slug":"najpopularniejsze-zachcianki-ciazowe"},"next_page":{"slug":"podrazniony-nos-od-kataru-u-dziecka"},"_links":{"self":[{"href":"https:\/\/katarek.pl\/index.php\/wp-json\/wp\/v2\/posts\/1374","targetHints":{"allow":["GET"]}}],"collection":[{"href":"https:\/\/katarek.pl\/index.php\/wp-json\/wp\/v2\/posts"}],"about":[{"href":"https:\/\/katarek.pl\/index.php\/wp-json\/wp\/v2\/types\/post"}],"author":[{"embeddable":true,"href":"https:\/\/katarek.pl\/index.php\/wp-json\/wp\/v2\/users\/7"}],"replies":[{"embeddable":true,"href":"https:\/\/katarek.pl\/index.php\/wp-json\/wp\/v2\/comments?post=1374"}],"version-history":[{"count":0,"href":"https:\/\/katarek.pl\/index.php\/wp-json\/wp\/v2\/posts\/1374\/revisions"}],"wp:featuredmedia":[{"embeddable":true,"href":"https:\/\/katarek.pl\/index.php\/wp-json\/wp\/v2\/media\/1375"}],"wp:attachment":[{"href":"https:\/\/katarek.pl\/index.php\/wp-json\/wp\/v2\/media?parent=1374"}],"wp:term":[{"taxonomy":"category","embeddable":true,"href":"https:\/\/katarek.pl\/index.php\/wp-json\/wp\/v2\/categories?post=1374"},{"taxonomy":"post_tag","embeddable":true,"href":"https:\/\/katarek.pl\/index.php\/wp-json\/wp\/v2\/tags?post=1374"}],"curies":[{"name":"wp","href":"https:\/\/api.w.org\/{rel}","templated":true}]}}