{"id":1281,"date":"2018-03-18T07:38:40","date_gmt":"2018-03-18T06:38:40","guid":{"rendered":"https:\/\/katarek.pl\/blog\/?p=1281"},"modified":"2018-03-18T07:38:40","modified_gmt":"2018-03-18T06:38:40","slug":"podrazniony-nos-od-kataru-u-dziecka","status":"publish","type":"post","link":"https:\/\/katarek.pl\/podrazniony-nos-od-kataru-u-dziecka\/","title":{"rendered":"Jak unikn\u0105\u0107 podra\u017cnie\u0144 i bolesno\u015bci wok\u00f3\u0142 nosa podczas kataru?"},"content":{"rendered":"<p>Za oknem plucha, a tw\u00f3j maluszek od kilku dni poci\u0105ga nosem? Co chwil\u0119 biegniesz do niego z chusteczk\u0105, a on i tak wci\u0105\u017c pociera r\u0105czk\u0105 twarz. W domu dbasz o udro\u017cnienie nosa, mimo to po kilku dniach zauwa\u017casz niepokoj\u0105ce objawy. Sk\u00f3ra nozdrzy staje si\u0119 sucha, zaczerwieniona, zaczyna si\u0119 \u0142uszczy\u0107, a Ty przeszukujesz Internet w poszukiwaniu cudownego sposobu na z\u0142agodzenie tych dolegliwo\u015bci. <!--more--><\/p>\n<p>Okres jesienno-zimowy to czas, w kt\u00f3rym nasze pociechy nara\u017cone s\u0105 na liczne infekcje i przezi\u0119bienie. Jednak jedn\u0105 z najcz\u0119stszych i najbardziej uporczywych dolegliwo\u015bci, kt\u00f3re spotyka ma\u0142e dzieci jest katar. Wraz z pierwszymi ch\u0142odami, u ka\u017cdego dziecka pr\u0119dzej czy p\u00f3\u017aniej pojawia si\u0119 wyciek z noska. Szczeg\u00f3lnie podatne na zachorowanie s\u0105 dzieci ucz\u0119szczaj\u0105ce do \u017c\u0142obk\u00f3w i przedszkoli. Wystarczy jeden maluch, aby po kilku dniach, katar mia\u0142a ju\u017c po\u0142owa grupy. <strong>Dowiedz si\u0119,\u00a0co na podra\u017cniony nos od kataru stosowa\u0107!<\/strong><\/p>\n<p>&nbsp;<\/p>\n<h2>Czym smarowa\u0107 podra\u017cniony nos od kataru u dziecka?<\/h2>\n<p><strong>Czym smarowa\u0107 nos przy katarze?<\/strong> W aptece, mamy najcz\u0119\u015bciej pytaj\u0105 nas o \u201ejakie\u015b\u201d ma\u015bci lub preparaty, kt\u00f3re pozwol\u0105 z\u0142agodzi\u0107 b\u00f3l i zmniejszy\u0107 tkliwo\u015b\u0107 noska. Wiele z nich prosi o kremy z pantenolem, ewentualnie ma\u015bci zawieraj\u0105ce na przyk\u0142ad wazelin\u0119, poniewa\u017c s\u0105dz\u0105, \u017ce wystarczy smarowa\u0107 zmienione miejsca zwyk\u0142ym dzieci\u0119cym kremem ochronnym lub nat\u0142uszczaj\u0105cym. Niekt\u00f3rzy rodzice, kieruj\u0105c si\u0119 w\u0142asnym, do\u015bwiadczeniami w chorobie, prosz\u0105 nas o ma\u015bci witaminowe. Owszem, wszystkie te produkty zadzia\u0142aj\u0105 \u0142agodz\u0105co na wysuszon\u0105 sk\u00f3r\u0119, jednak nie zapewni\u0105 pe\u0142nej ochrony i w\u0142a\u015bciwego wsparcia procesu regeneracji \u015bluz\u00f3wki wewn\u0105trz nosa. Uwaga! <strong>Warto mie\u0107 \u015bwiadomo\u015b\u0107, \u017ce niekt\u00f3re ma\u015bci, powszechnie uznane za ochronne i piel\u0119gnacyjne, mog\u0105 wr\u0119cz zaszkodzi\u0107<\/strong> \u2013 ma\u015bci zawieraj\u0105ce cynk dzia\u0142aj\u0105 osuszaj\u0105co i mog\u0105 zaogni\u0107 zmiany.<\/p>\n<p>&nbsp;<\/p>\n<h2>Zamiast leczy\u0107 zapobiegaj &#8211; zastosuj ma\u015b\u0107 do nosa<\/h2>\n<p>Wraz z pierwszymi ch\u0142odami, nawet u najzdrowszych dzieci, katar wydaj\u0105 si\u0119 nieunikniony, dlatego wa\u017cne jest, aby zawczasu przeciwdzia\u0142a\u0107 ewentualnym komplikacjom. Odpowiedni\u0105 ma\u015b\u0107 nale\u017cy stosowa\u0107 ju\u017c od pierwszych dni trwania kataru, jako uzupe\u0142nienie codziennej higieny, czyli po odci\u0105gni\u0119ciu wydzieliny u malucha lub wydmuchaniu noska u starszaka. W przypadku, gdy dojdzie ju\u017c do <em>podra\u017cnienia sk\u00f3ry od kataru<\/em>, stosowanie ma\u015bci o w\u0142a\u015bciwym kompleksowym dzia\u0142aniu staje si\u0119 nieodzowne. W tej sytuacji, jako farmaceuci, rodzicom zdecydowanie polecamy specjalistyczne preparaty, dedykowane dzieciom, takie jak <a href=\"https:\/\/katarek.pl\/katarek-masc-nawilzajaca-do-nosa-z-prebiotykiem\/\">Katarek, nawil\u017caj\u0105ca ma\u015b\u0107 do nosa<\/a>.<\/p>\n<p>Ma\u015b\u0107 \u0142\u0105czy w sobie zar\u00f3wno dzia\u0142anie \u0142agodz\u0105ce, przeciwzapalne, od\u017cywcze, ale przede wszystkim wspieraj\u0105ce regeneracj\u0119, kt\u00f3rego nie zapewniaj\u0105 inne popularne preparaty. Dzi\u0119ki zawartemu w swoim sk\u0142adzie olejowi z og\u00f3recznika lekarskiego, dzia\u0142a przeciwzapalnie i pomaga zwalcza\u0107 wolne rodniki. Oliwa z oliwek pomaga \u0142agodzi\u0107<strong> podra\u017cniony nos od kataru<\/strong>, za\u015b octan tokoferylu, inaczej witamina E, dzia\u0142a od\u017cywczo i regeneruj\u0105co. Starannie dobrane sk\u0142adniki, zapewniaj\u0105 doskona\u0142e nawil\u017cenie sk\u00f3ry. Z racji zawodu, proponujemy t\u0119 ma\u015b\u0107 innym rodzicom, szczeg\u00f3lnie zwracaj\u0105c ich uwag\u0119 na to, \u017ce jest to jedyny na naszym rynku produkt medyczny, kt\u00f3ry zawiera w swoim sk\u0142adzie prebiotyk Biolin P<strong>.<\/strong> Jest to szczeg\u00f3lnie wa\u017cne, poniewa\u017c prebiotyk stymuluje odnow\u0119 i rozrost fizjologicznej mikroflory bakteryjnej, stanowi\u0105cej naturaln\u0105 barier\u0119 naszego organizmu. Dzi\u0119ki temu ma\u015b\u0107 pomaga sk\u00f3rze dziecka zwalczy\u0107 objawy istniej\u0105cej infekcji i zapobiega pojawieniu si\u0119 kolejnej poprzez ograniczenie wp\u0142ywu czynnik\u00f3w dra\u017cni\u0105cych.<\/p>\n<p>W odr\u00f3\u017cnieniu od popularnych preparat\u00f3w, <a href=\"https:\/\/katarek.pl\/produkt\/katarek-nawilzajaca-masc-do-nosa-z-prebiotykiem\/\">ma\u015b\u0107 Katarek<\/a> mo\u017ce by\u0107 stosowana nie tylko na sk\u00f3r\u0119 wok\u00f3\u0142 nosa, lecz bezpo\u015brednio na b\u0142ony \u015bluzowe wewn\u0105trz. Pozwala to na du\u017co szybsz\u0105 regeneracj\u0119 noska i znacz\u0105 popraw\u0119 komfortu oddychania u dziecka. Kiedy nasza c\u00f3reczka ma katar, nieoceniony staje si\u0119 fakt, \u017ce przy ca\u0142ym dyskomforcie zwi\u0105zanym z infekcj\u0105 lub podawaniem lek\u00f3w, np. przeciwgor\u0105czkowych, nie musimy dodatkowo dra\u017cni\u0107 jej aplikacj\u0105 kilku kolejnych ma\u015bci na bolesn\u0105 sk\u00f3r\u0119 noska. Delikatna konsystencja, sprawia, \u017ce szybko si\u0119 wch\u0142ania, u\u0142atwiaj\u0105c aplikacj\u0119 u wierc\u0105cego si\u0119 niecierpliwie dziecka.<\/p>\n","protected":false},"excerpt":"Bol\u0105cy, podra\u017cniony i czerwony nos przy katarze pojawia si\u0119 prawie zawsze. W doros\u0142ych jest to spowodowane cz\u0119stym u\u017cywaniem chusteczek, natomiast u dzieci powodem jest wycieranie nosa r\u0105czk\u0105 podczas wysi\u0119ku wydzieliny z nosa. Takim sytuacjom mo\u017cna jednak zapobiec!","author":7,"featured_media":1284,"comment_status":"open","ping_status":"open","sticky":false,"template":"","format":"standard","meta":{"_acf_changed":false,"inline_featured_image":false,"editor_plus_copied_stylings":"{}","footnotes":""},"categories":[28,41],"tags":[],"class_list":["post-1281","post","type-post","status-publish","format-standard","has-post-thumbnail","hentry","category-dziecko","category-zdrowie-dziecko"],"yoast_head":"<!-- This site is optimized with the Yoast SEO plugin v27.4 - https:\/\/yoast.com\/product\/yoast-seo-wordpress\/ -->\n<title>Czym smarowa\u0107 podra\u017cniony nos od kataru u dziecka? - Blog katarek.pl<\/title>\n<meta name=\"description\" content=\"Okres jesienno-zimowy to czas, w kt\u00f3rym nasze pociechy nara\u017cone s\u0105 na liczne infekcje i przezi\u0119bienie. Dowiedz si\u0119 jak unikn\u0105\u0107 podra\u017cnie\u0144 sk\u00f3ry nosa!\" \/>\n<meta name=\"robots\" content=\"index, follow, max-snippet:-1, max-image-preview:large, max-video-preview:-1\" \/>\n<link rel=\"canonical\" href=\"https:\/\/katarek.pl\/podrazniony-nos-od-kataru-u-dziecka\/\" \/>\n<meta property=\"og:locale\" content=\"pl_PL\" \/>\n<meta property=\"og:type\" content=\"article\" \/>\n<meta property=\"og:title\" content=\"Czym smarowa\u0107 podra\u017cniony nos od kataru u dziecka? - Blog katarek.pl\" \/>\n<meta property=\"og:description\" content=\"Okres jesienno-zimowy to czas, w kt\u00f3rym nasze pociechy nara\u017cone s\u0105 na liczne infekcje i przezi\u0119bienie. Dowiedz si\u0119 jak unikn\u0105\u0107 podra\u017cnie\u0144 sk\u00f3ry nosa!\" \/>\n<meta property=\"og:url\" content=\"https:\/\/katarek.pl\/podrazniony-nos-od-kataru-u-dziecka\/\" \/>\n<meta property=\"og:site_name\" content=\"katarek.pl\" \/>\n<meta property=\"article:published_time\" content=\"2018-03-18T06:38:40+00:00\" \/>\n<meta property=\"og:image\" content=\"https:\/\/katarek.pl\/wp-content\/uploads\/2018\/03\/masc_do_nosa-scaled.webp\" \/>\n\t<meta property=\"og:image:width\" content=\"2560\" \/>\n\t<meta property=\"og:image:height\" content=\"1704\" \/>\n\t<meta property=\"og:image:type\" content=\"image\/webp\" \/>\n<meta name=\"author\" content=\"katarek\" \/>\n<meta name=\"twitter:card\" content=\"summary_large_image\" \/>\n<meta name=\"twitter:label1\" content=\"Napisane przez\" \/>\n\t<meta name=\"twitter:data1\" content=\"katarek\" \/>\n\t<meta name=\"twitter:label2\" content=\"Szacowany czas czytania\" \/>\n\t<meta name=\"twitter:data2\" content=\"3 minuty\" \/>\n<script type=\"application\/ld+json\" class=\"yoast-schema-graph\">{\"@context\":\"https:\\\/\\\/schema.org\",\"@graph\":[{\"@type\":\"Article\",\"@id\":\"https:\\\/\\\/katarek.pl\\\/podrazniony-nos-od-kataru-u-dziecka\\\/#article\",\"isPartOf\":{\"@id\":\"https:\\\/\\\/katarek.pl\\\/podrazniony-nos-od-kataru-u-dziecka\\\/\"},\"author\":{\"name\":\"katarek\",\"@id\":\"https:\\\/\\\/katarek.pl\\\/#\\\/schema\\\/person\\\/c7267555b2aaad4c6d15146a155bc430\"},\"headline\":\"Jak unikn\u0105\u0107 podra\u017cnie\u0144 i bolesno\u015bci wok\u00f3\u0142 nosa podczas kataru?\",\"datePublished\":\"2018-03-18T06:38:40+00:00\",\"mainEntityOfPage\":{\"@id\":\"https:\\\/\\\/katarek.pl\\\/podrazniony-nos-od-kataru-u-dziecka\\\/\"},\"wordCount\":704,\"commentCount\":0,\"image\":{\"@id\":\"https:\\\/\\\/katarek.pl\\\/podrazniony-nos-od-kataru-u-dziecka\\\/#primaryimage\"},\"thumbnailUrl\":\"https:\\\/\\\/katarek.pl\\\/wp-content\\\/uploads\\\/2018\\\/03\\\/masc_do_nosa-scaled.webp\",\"articleSection\":[\"Dziecko\",\"Zdrowie\"],\"inLanguage\":\"pl-PL\"},{\"@type\":\"WebPage\",\"@id\":\"https:\\\/\\\/katarek.pl\\\/podrazniony-nos-od-kataru-u-dziecka\\\/\",\"url\":\"https:\\\/\\\/katarek.pl\\\/podrazniony-nos-od-kataru-u-dziecka\\\/\",\"name\":\"Czym smarowa\u0107 podra\u017cniony nos od kataru u dziecka? - Blog katarek.pl\",\"isPartOf\":{\"@id\":\"https:\\\/\\\/katarek.pl\\\/#website\"},\"primaryImageOfPage\":{\"@id\":\"https:\\\/\\\/katarek.pl\\\/podrazniony-nos-od-kataru-u-dziecka\\\/#primaryimage\"},\"image\":{\"@id\":\"https:\\\/\\\/katarek.pl\\\/podrazniony-nos-od-kataru-u-dziecka\\\/#primaryimage\"},\"thumbnailUrl\":\"https:\\\/\\\/katarek.pl\\\/wp-content\\\/uploads\\\/2018\\\/03\\\/masc_do_nosa-scaled.webp\",\"datePublished\":\"2018-03-18T06:38:40+00:00\",\"author\":{\"@id\":\"https:\\\/\\\/katarek.pl\\\/#\\\/schema\\\/person\\\/c7267555b2aaad4c6d15146a155bc430\"},\"description\":\"Okres jesienno-zimowy to czas, w kt\u00f3rym nasze pociechy nara\u017cone s\u0105 na liczne infekcje i przezi\u0119bienie. Dowiedz si\u0119 jak unikn\u0105\u0107 podra\u017cnie\u0144 sk\u00f3ry nosa!\",\"breadcrumb\":{\"@id\":\"https:\\\/\\\/katarek.pl\\\/podrazniony-nos-od-kataru-u-dziecka\\\/#breadcrumb\"},\"inLanguage\":\"pl-PL\",\"potentialAction\":[{\"@type\":\"ReadAction\",\"target\":[\"https:\\\/\\\/katarek.pl\\\/podrazniony-nos-od-kataru-u-dziecka\\\/\"]}]},{\"@type\":\"ImageObject\",\"inLanguage\":\"pl-PL\",\"@id\":\"https:\\\/\\\/katarek.pl\\\/podrazniony-nos-od-kataru-u-dziecka\\\/#primaryimage\",\"url\":\"https:\\\/\\\/katarek.pl\\\/wp-content\\\/uploads\\\/2018\\\/03\\\/masc_do_nosa-scaled.webp\",\"contentUrl\":\"https:\\\/\\\/katarek.pl\\\/wp-content\\\/uploads\\\/2018\\\/03\\\/masc_do_nosa-scaled.webp\",\"width\":2560,\"height\":1704,\"caption\":\"Podra\u017cnienia od chusteczki, bolesno\u015b\u0107 nosa,\"},{\"@type\":\"BreadcrumbList\",\"@id\":\"https:\\\/\\\/katarek.pl\\\/podrazniony-nos-od-kataru-u-dziecka\\\/#breadcrumb\",\"itemListElement\":[{\"@type\":\"ListItem\",\"position\":1,\"name\":\"Home\",\"item\":\"https:\\\/\\\/katarek.pl\\\/\"},{\"@type\":\"ListItem\",\"position\":2,\"name\":\"Blog\",\"item\":\"https:\\\/\\\/katarek.pl\\\/blog\\\/\"},{\"@type\":\"ListItem\",\"position\":3,\"name\":\"Jak unikn\u0105\u0107 podra\u017cnie\u0144 i bolesno\u015bci wok\u00f3\u0142 nosa podczas kataru?\"}]},{\"@type\":\"WebSite\",\"@id\":\"https:\\\/\\\/katarek.pl\\\/#website\",\"url\":\"https:\\\/\\\/katarek.pl\\\/\",\"name\":\"katarek.pl\",\"description\":\"\",\"potentialAction\":[{\"@type\":\"SearchAction\",\"target\":{\"@type\":\"EntryPoint\",\"urlTemplate\":\"https:\\\/\\\/katarek.pl\\\/?s={search_term_string}\"},\"query-input\":{\"@type\":\"PropertyValueSpecification\",\"valueRequired\":true,\"valueName\":\"search_term_string\"}}],\"inLanguage\":\"pl-PL\"},{\"@type\":\"Person\",\"@id\":\"https:\\\/\\\/katarek.pl\\\/#\\\/schema\\\/person\\\/c7267555b2aaad4c6d15146a155bc430\",\"name\":\"katarek\",\"url\":\"https:\\\/\\\/katarek.pl\\\/author\\\/katarek\\\/\"}]}<\/script>\n<!-- \/ Yoast SEO plugin. -->","yoast_head_json":{"title":"Czym smarowa\u0107 podra\u017cniony nos od kataru u dziecka? - Blog katarek.pl","description":"Okres jesienno-zimowy to czas, w kt\u00f3rym nasze pociechy nara\u017cone s\u0105 na liczne infekcje i przezi\u0119bienie. Dowiedz si\u0119 jak unikn\u0105\u0107 podra\u017cnie\u0144 sk\u00f3ry nosa!","robots":{"index":"index","follow":"follow","max-snippet":"max-snippet:-1","max-image-preview":"max-image-preview:large","max-video-preview":"max-video-preview:-1"},"canonical":"https:\/\/katarek.pl\/podrazniony-nos-od-kataru-u-dziecka\/","og_locale":"pl_PL","og_type":"article","og_title":"Czym smarowa\u0107 podra\u017cniony nos od kataru u dziecka? - Blog katarek.pl","og_description":"Okres jesienno-zimowy to czas, w kt\u00f3rym nasze pociechy nara\u017cone s\u0105 na liczne infekcje i przezi\u0119bienie. Dowiedz si\u0119 jak unikn\u0105\u0107 podra\u017cnie\u0144 sk\u00f3ry nosa!","og_url":"https:\/\/katarek.pl\/podrazniony-nos-od-kataru-u-dziecka\/","og_site_name":"katarek.pl","article_published_time":"2018-03-18T06:38:40+00:00","og_image":[{"width":2560,"height":1704,"url":"https:\/\/katarek.pl\/wp-content\/uploads\/2018\/03\/masc_do_nosa-scaled.webp","type":"image\/webp"}],"author":"katarek","twitter_card":"summary_large_image","twitter_misc":{"Napisane przez":"katarek","Szacowany czas czytania":"3 minuty"},"schema":{"@context":"https:\/\/schema.org","@graph":[{"@type":"Article","@id":"https:\/\/katarek.pl\/podrazniony-nos-od-kataru-u-dziecka\/#article","isPartOf":{"@id":"https:\/\/katarek.pl\/podrazniony-nos-od-kataru-u-dziecka\/"},"author":{"name":"katarek","@id":"https:\/\/katarek.pl\/#\/schema\/person\/c7267555b2aaad4c6d15146a155bc430"},"headline":"Jak unikn\u0105\u0107 podra\u017cnie\u0144 i bolesno\u015bci wok\u00f3\u0142 nosa podczas kataru?","datePublished":"2018-03-18T06:38:40+00:00","mainEntityOfPage":{"@id":"https:\/\/katarek.pl\/podrazniony-nos-od-kataru-u-dziecka\/"},"wordCount":704,"commentCount":0,"image":{"@id":"https:\/\/katarek.pl\/podrazniony-nos-od-kataru-u-dziecka\/#primaryimage"},"thumbnailUrl":"https:\/\/katarek.pl\/wp-content\/uploads\/2018\/03\/masc_do_nosa-scaled.webp","articleSection":["Dziecko","Zdrowie"],"inLanguage":"pl-PL"},{"@type":"WebPage","@id":"https:\/\/katarek.pl\/podrazniony-nos-od-kataru-u-dziecka\/","url":"https:\/\/katarek.pl\/podrazniony-nos-od-kataru-u-dziecka\/","name":"Czym smarowa\u0107 podra\u017cniony nos od kataru u dziecka? - Blog katarek.pl","isPartOf":{"@id":"https:\/\/katarek.pl\/#website"},"primaryImageOfPage":{"@id":"https:\/\/katarek.pl\/podrazniony-nos-od-kataru-u-dziecka\/#primaryimage"},"image":{"@id":"https:\/\/katarek.pl\/podrazniony-nos-od-kataru-u-dziecka\/#primaryimage"},"thumbnailUrl":"https:\/\/katarek.pl\/wp-content\/uploads\/2018\/03\/masc_do_nosa-scaled.webp","datePublished":"2018-03-18T06:38:40+00:00","author":{"@id":"https:\/\/katarek.pl\/#\/schema\/person\/c7267555b2aaad4c6d15146a155bc430"},"description":"Okres jesienno-zimowy to czas, w kt\u00f3rym nasze pociechy nara\u017cone s\u0105 na liczne infekcje i przezi\u0119bienie. Dowiedz si\u0119 jak unikn\u0105\u0107 podra\u017cnie\u0144 sk\u00f3ry nosa!","breadcrumb":{"@id":"https:\/\/katarek.pl\/podrazniony-nos-od-kataru-u-dziecka\/#breadcrumb"},"inLanguage":"pl-PL","potentialAction":[{"@type":"ReadAction","target":["https:\/\/katarek.pl\/podrazniony-nos-od-kataru-u-dziecka\/"]}]},{"@type":"ImageObject","inLanguage":"pl-PL","@id":"https:\/\/katarek.pl\/podrazniony-nos-od-kataru-u-dziecka\/#primaryimage","url":"https:\/\/katarek.pl\/wp-content\/uploads\/2018\/03\/masc_do_nosa-scaled.webp","contentUrl":"https:\/\/katarek.pl\/wp-content\/uploads\/2018\/03\/masc_do_nosa-scaled.webp","width":2560,"height":1704,"caption":"Podra\u017cnienia od chusteczki, bolesno\u015b\u0107 nosa,"},{"@type":"BreadcrumbList","@id":"https:\/\/katarek.pl\/podrazniony-nos-od-kataru-u-dziecka\/#breadcrumb","itemListElement":[{"@type":"ListItem","position":1,"name":"Home","item":"https:\/\/katarek.pl\/"},{"@type":"ListItem","position":2,"name":"Blog","item":"https:\/\/katarek.pl\/blog\/"},{"@type":"ListItem","position":3,"name":"Jak unikn\u0105\u0107 podra\u017cnie\u0144 i bolesno\u015bci wok\u00f3\u0142 nosa podczas kataru?"}]},{"@type":"WebSite","@id":"https:\/\/katarek.pl\/#website","url":"https:\/\/katarek.pl\/","name":"katarek.pl","description":"","potentialAction":[{"@type":"SearchAction","target":{"@type":"EntryPoint","urlTemplate":"https:\/\/katarek.pl\/?s={search_term_string}"},"query-input":{"@type":"PropertyValueSpecification","valueRequired":true,"valueName":"search_term_string"}}],"inLanguage":"pl-PL"},{"@type":"Person","@id":"https:\/\/katarek.pl\/#\/schema\/person\/c7267555b2aaad4c6d15146a155bc430","name":"katarek","url":"https:\/\/katarek.pl\/author\/katarek\/"}]}},"acf":[],"gutenberg_blocks":[{"blockName":"custom-styles","attrs":{"styles":""}}],"meta_data":false,"featured_image":{"url":"https:\/\/katarek.pl\/wp-content\/uploads\/2018\/03\/masc_do_nosa-scaled-1024x682.webp"},"main_category":{"name":"Dziecko"},"prev_page":{"slug":"alergia-u-dzieci-czym-ja-rozpoznac"},"next_page":{"slug":"charakter-dziecka-a-znak-zodiaku-czesc-druga"},"_links":{"self":[{"href":"https:\/\/katarek.pl\/index.php\/wp-json\/wp\/v2\/posts\/1281","targetHints":{"allow":["GET"]}}],"collection":[{"href":"https:\/\/katarek.pl\/index.php\/wp-json\/wp\/v2\/posts"}],"about":[{"href":"https:\/\/katarek.pl\/index.php\/wp-json\/wp\/v2\/types\/post"}],"author":[{"embeddable":true,"href":"https:\/\/katarek.pl\/index.php\/wp-json\/wp\/v2\/users\/7"}],"replies":[{"embeddable":true,"href":"https:\/\/katarek.pl\/index.php\/wp-json\/wp\/v2\/comments?post=1281"}],"version-history":[{"count":0,"href":"https:\/\/katarek.pl\/index.php\/wp-json\/wp\/v2\/posts\/1281\/revisions"}],"wp:featuredmedia":[{"embeddable":true,"href":"https:\/\/katarek.pl\/index.php\/wp-json\/wp\/v2\/media\/1284"}],"wp:attachment":[{"href":"https:\/\/katarek.pl\/index.php\/wp-json\/wp\/v2\/media?parent=1281"}],"wp:term":[{"taxonomy":"category","embeddable":true,"href":"https:\/\/katarek.pl\/index.php\/wp-json\/wp\/v2\/categories?post=1281"},{"taxonomy":"post_tag","embeddable":true,"href":"https:\/\/katarek.pl\/index.php\/wp-json\/wp\/v2\/tags?post=1281"}],"curies":[{"name":"wp","href":"https:\/\/api.w.org\/{rel}","templated":true}]}}