{"id":1259,"date":"2015-11-04T11:13:31","date_gmt":"2015-11-04T11:13:31","guid":{"rendered":"https:\/\/katarek.pl\/blog\/?p=53"},"modified":"2015-11-04T11:13:31","modified_gmt":"2015-11-04T11:13:31","slug":"jak-nauczyc-dziecko-zyc-tabu-w-bajkach-dla-dzieci","status":"publish","type":"post","link":"https:\/\/katarek.pl\/jak-nauczyc-dziecko-zyc-tabu-w-bajkach-dla-dzieci\/","title":{"rendered":"Jak nauczy\u0107 dziecko \u017cy\u0107? Tabu w bajkach dla dzieci"},"content":{"rendered":"<p><strong>W ka\u017cdym spo\u0142ecze\u0144stwie istnieje zakres temat\u00f3w, kt\u00f3rych nie warto porusza\u0107. Mo\u017ce pami\u0119tacie ze swojego do\u015bwiadczenia jak mama czy Babcia szepta\u0142y Wam do ucha: Ciii, nie pytaj to nie wypada\u2026! lub po prostu nie odpowiada\u0142y na wasze pytania, nie kryj\u0105c swojego za\u017cenowania, czy zmieszania. Samo poj\u0119cie tabu okre\u015bla zjawiska \u015bwi\u0119te, zakazane oraz tematy niech\u0119tnie poruszane w spo\u0142ecze\u0144stwie.<\/strong><\/p>\n<p><!--more--><\/p>\n<h2>Rola bajek w wychowywaniu dzieci<\/h2>\n<p>Jak wa\u017cne s\u0105 bajki podczas wychowywania dzieci wie chyba ka\u017cda Mama i Tata. Towarzysz\u0105 one w z\u0142ych chwilach, podczas d\u0142ugich nieprzespanych nocy, ale rzede wszystkim <strong>powoduj\u0105 tworzenie si\u0119 wi\u0119zi mi\u0119dzy dzieckiem, a rodzicem<\/strong>. I tu pojawia si\u0119 kluczowe pytanie: <strong>jakie bajki powinni\u015bmy czyta\u0107 swoim pociechom?<\/strong> Czy musz\u0105 by\u0107 to tylko opowie\u015bci ko\u0144cz\u0105ce si\u0119 mora\u0142em lub dobrym zako\u0144czeniem? Zdania na ten temat s\u0105 podzielone.<\/p>\n<p><a href=\"https:\/\/katarek.pl\/wp-content\/uploads\/2015\/11\/czytanie-dla-dziecka-1.jpg\"><img loading=\"lazy\" decoding=\"async\" class=\"wp-image-77 aligncenter\" src=\"https:\/\/katarek.pl\/wp-content\/uploads\/2015\/11\/czytanie-dla-dziecka-1.jpg\" alt=\"\" width=\"686\" height=\"441\" \/><\/a><\/p>\n<h2>Tabu obyczajowe w bajkach dla dzieci<\/h2>\n<p>W jaki\u015b sensie ogranicza nas tabu obyczajowe oraz my sami ustanawiaj\u0105cy niepotrzebne granice we wzajemnym dialogu. Bajka przecie\u017c powinna zaciekawi\u0107 dziecko, tak aby uruchomi\u0142a si\u0119 jego wyobra\u017ania. Kreowanie \u015bwiata czytanego, wyobra\u017canie sobie pewnych historii, postaci, wcielanie si\u0119 w g\u0142\u00f3wnego bohatera- tak powinny kojarzy\u0107 si\u0119 ba\u015bnie z okresu dzieci\u0144stwa. Jest to przecie\u017c niesamowite do\u015bwiadczenie, gdy jednego wieczoru mo\u017cesz zosta\u0107 kr\u00f3lewn\u0105 walcz\u0105c\u0105 ze smokiem, a drugiego posiadasz mo\u017cliwo\u015b\u0107 przeniesienia si\u0119 do magicznej krainy lodu.<\/p>\n<p>To bajki porz\u0105dkuj\u0105 uczucia dziecka, dlatego s\u0105 nieocenion\u0105 form\u0105 terapii. Bajkoterapia pomaga dziecku odpowiednio odebra\u0107 zjawiska z kt\u00f3rymi bezpo\u015brednio ma styczno\u015b\u0107. G\u0142\u00f3wny bohater opowie\u015bci potrafi przezwyci\u0119\u017cy\u0107 l\u0119ki zwi\u0105zane z danymi problemami, odnajduj\u0105c szybko wyj\u015bcie z sytuacji stresowej. Maluch zauwa\u017ca swoje uczucia, dlaczego robi co\u015b tak, a nie inaczej. Bajk\u0105 mo\u017cemy ograniczy\u0107 przede wszystkim stres dziecka.<\/p>\n<p>Pocz\u0105tkowo za tematy trudne uznano w\u0142a\u015bnie \u015bmier\u0107, cierpienie, a tak\u017ce chorob\u0119. Ba\u015bnie Andersena oraz braci Grimm obfituj\u0105 przecie\u017c w elementy czasami przera\u017caj\u0105ce. Du\u0144ski autor celowo nie oszcz\u0119dza m\u0142odego czytelnika. Jak twierdzi Oskar K. pisarz skandynawski to \u201e ksi\u0105\u017cki maj\u0105 zach\u0119ci\u0107 do rozumienia\u201d. Nie mo\u017cna wprowadza\u0107 w wyobra\u017cenia dziecka niepotrzebnych granic. Bracia Grimm w orygina\u0142ach swoich prac przedstawiaj\u0105 \u015bwiat pe\u0142ny okrucie\u0144stwa, przemocy i l\u0119ku. Jednak nie zapominajmy, \u017ce zosta\u0142y one pocz\u0105tkowo napisane dla doros\u0142ych, daj\u0105c im now\u0105 form\u0119 relaksu po ci\u0119\u017ckim dniu pracy. Dlaczego wi\u0119c ich okrojone wersje spotykaj\u0105 si\u0119 z tak wielk\u0105 popularno\u015bci\u0105 i zrozumieniem w\u015br\u00f3d dzieci? Ot\u00f3\u017c odpowiedz jest prosta: <strong>S\u0105 prawdziwe<\/strong>. Dziecko to widzi nawet pod\u015bwiadomie. Dostrzega przecie\u017c w swoim otoczeniu ludzi innych ni\u017c mama i tata, ich problemy, czy okre\u015blone zachowania, r\u00f3\u017cne od zachowa\u0144 typowych dla domu.<\/p>\n<h2>Trudne tematy<\/h2>\n<p>W sieci spotka\u0142am si\u0119 ze \u015bwietnym stwierdzeniem, \u017ce:<\/p>\n<p>\u201d<strong>\u015awiat dzieci jest opanowany przez te same demony, co \u015bwiat doros\u0142ego. Jednak demony dziecka mo\u017cemy zmieni\u0107 w Przytulanki\u201d <\/strong><\/p>\n<p>Jak to prawid\u0142owo zrobi\u0107? Pami\u0119tajmy, \u017ce nasze dziecko ma coraz wi\u0119cej przeszk\u00f3d oraz problem\u00f3w z kt\u00f3rymi musi si\u0119 zmierzy\u0107 ju\u017c we wczesnym okresie swojego \u017cycia. Do sta\u0142ych i uniwersalnych temat\u00f3w: jak \u015bmier\u0107 czy smutek, do\u0142\u0105czy\u0142y nowe: tolerancja, religia czyli szeroko poj\u0119ta odmienno\u015b\u0107.<\/p>\n<p>Styczno\u015b\u0107 z ni\u0105 ma ju\u017c ma\u0142e dziecko id\u0105ce do przedszkola, a tak\u017ce \u017c\u0142obka, gdzie maluchy wychowuj\u0105 si\u0119 coraz cz\u0119\u015bciej w grupach wielokulturowych, a sytuacja ka\u017cdego z nich jest inna. Co nagle mo\u017cna powiedzie\u0107 dziecku, kt\u00f3re zapyta <em>dlaczego Ola nie mam taty<\/em>? albo jak unikn\u0105\u0107 sytuacji w kt\u00f3rej nasze dziecko nie b\u0119dzie si\u0119 chcia\u0142o bawi\u0107 z maluchem o innym kolorze sk\u00f3ry, poniewa\u017c si\u0119 go boi? Odpowiedz jest jak zwykle prosta: pokonujmy dzieci\u0119ce problemy bajkami.<\/p>\n<p>Mo\u017cna wprowadza\u0107 pewne tematy oczywi\u015bcie stopniowo. Nale\u017cy zobaczy\u0107 problem, s\u0142uchaj\u0105c w\u0142asnego dziecka, jego opowiada\u0144 i wychodzi\u0107 temu naprzeciw. Nie jest to \u0142atwe, ale ka\u017cdy rodzi\u0107 musi si\u0119 z tym zmierzy\u0107. Wprowadzajmy tematy problemowe stopniowo,\u00a0 nie mo\u017cemy przecie\u017c\u00a0 ich ca\u0142kowicie ignorowa\u0107! \u015awiat zakazany kreuje dla dziecka niepotrzebn\u0105 pokus\u0119 oraz wizj\u0119 z\u0142udnego l\u0119ku. Nie opowiadaj\u0105c dziecku o problemie pokazujemy, \u017ce sami nie umiemy sobie z nim poradzi\u0107.<\/p>\n<p>Nie zalecam oczywi\u015bcie aby dziecku niepotrzebnie zepsu\u0107 dzieci\u0144stwo otaczaj\u0105c go wizjami cierpienia, l\u0119ku czy choroby. R\u00f3bmy to z rozwag\u0105, -przezwyci\u0119\u017cajmy traumy dnia codziennego w spos\u00f3b przyjazny i jasny. \u00a0Zwr\u00f3\u0107my uwag\u0119, \u017ce cz\u0119sto l\u0119ki naszego dziecka to l\u0119ki towarzysz\u0105ce nam samym.\u00a0 Nieraz to w\u0142a\u015bnie rodzice maj\u0105 problemy z tolerancj\u0105, odrzuceniem czy zdrad\u0105.\u00a0 Pokonuj\u0105c jednak swoje bariery mo\u017cemy znacz\u0105co pom\u00f3c swojemu dziecku.\u00a0 Dlatego Mamo, Tato wybierz odpowiedni\u0105 bajk\u0119 ju\u017c dzi\u015b dla swojego dziecka!<\/p>\n<h2>Propozycje mniej popularnych bajek<\/h2>\n<p>Oto kilka propozycji bajek mniej popularnych opisuj\u0105cych zjawiska specyficzne w \u015bwiecie dziecka:<\/p>\n<h3>&#8222;Grzeczna&#8221; Svena Nyhusa<\/h3>\n<p><a href=\"https:\/\/katarek.pl\/wp-content\/uploads\/2015\/11\/dziewczynka-blog-1.jpg\"><img loading=\"lazy\" decoding=\"async\" class=\"wp-image-153 alignleft\" src=\"https:\/\/katarek.pl\/wp-content\/uploads\/2015\/11\/dziewczynka-blog-1.jpg\" alt=\"dziewczynka blog\" width=\"301\" height=\"306\" \/><\/a><\/p>\n<p>To opowie\u015b\u0107 o dziewczynce, kt\u00f3ra by\u0142a perfekcyjna i \u2026 znikn\u0119\u0142a. Pod\u0105\u017caj\u0105c za mam\u0105 z bloga mamaczyta.pl powiem \u201ePozw\u00f3lmy dzieciom by\u0107 niegrzecznymi, bo inaczej nam znikn\u0105.\u201d G\u0142\u00f3wna bohaterka Lusia jest ma\u0142\u0105 u\u0142o\u017con\u0105 dziewczynk\u0105, kt\u00f3ra nie robi problem\u00f3w doros\u0142ym. Zawsze przygotowana, czy\u015bciutka, nie zadaj\u0105ca zb\u0119dnych pyta\u0144 znika w \u015bcianie. Rodzice po jakim\u015b czasie orientuj\u0105 si\u0119, \u017ce dziecka nie ma. Lusia nie potrafi zaznaczy\u0107 jednak swojej obecno\u015bci, stopniowo z jej dot\u0105d \u201e grzecznego garde\u0142ka\u201d wydobywa si\u0119 przera\u017aliwy krzyk i przebija \u015bcian\u0119. Bajka pokazuje, \u017ceby pozwoli\u0107 dziecku by\u0107 niedoskona\u0142ym, \u017ce mo\u017ce wr\u00f3ci\u0107 z dziur\u0105 w spodniach po szalonej zabawie w piaskownicy, umorusane w b\u0142ocie po k\u0105pieli w ka\u0142u\u017cy. Pami\u0119taj Mamo, Tato, \u017ce nie ka\u017cdy jest doskona\u0142y!<\/p>\n<h3>&#8222;Pan Bello&#8221; Paul Maar<\/h3>\n<p><a href=\"https:\/\/katarek.pl\/wp-content\/uploads\/2015\/11\/pan-bello-1.jpg\"><img loading=\"lazy\" decoding=\"async\" class=\" wp-image-154 alignleft\" src=\"https:\/\/katarek.pl\/wp-content\/uploads\/2015\/11\/pan-bello-1.jpg\" alt=\"pan bello\" width=\"321\" height=\"321\" \/><\/a><\/p>\n<p>Ojciec samotnie wychowuje syna. Pewnego dnia poznaje on pi\u0119kn\u0105 s\u0105siadk\u0119, a jego syn zaczyna by\u0107 o ni\u0105 bardzo zazdrosny, gdy\u017c boi si\u0119, \u017ce straci swojego Tat\u0119. T\u0119 bajk\u0119 warto przeczyta\u0107 wszystkim dzieciom.<\/p>\n","protected":false},"excerpt":"W ka\u017cdym spo\u0142ecze\u0144stwie istnieje zakres temat\u00f3w, kt\u00f3rych nie warto porusza\u0107. Mo\u017ce pami\u0119tacie ze swojego do\u015bwiadczenia jak mama czy Babcia szepta\u0142y Wam do ucha: Ciii, nie pytaj to nie wypada\u2026! lub po prostu nie odpowiada\u0142y na wasze pytania, nie kryj\u0105c swojego za\u017cenowania, czy zmieszania. Samo poj\u0119cie tabu okre\u015bla zjawiska \u015bwi\u0119te, zakazane oraz tematy niech\u0119tnie poruszane w [&hellip;]","author":7,"featured_media":2916,"comment_status":"open","ping_status":"open","sticky":false,"template":"","format":"standard","meta":{"_acf_changed":false,"inline_featured_image":false,"editor_plus_copied_stylings":"{}","footnotes":""},"categories":[28,40],"tags":[],"class_list":["post-1259","post","type-post","status-publish","format-standard","has-post-thumbnail","hentry","category-dziecko","category-rozwoj-i-wychowanie"],"yoast_head":"<!-- This site is optimized with the Yoast SEO plugin v27.4 - https:\/\/yoast.com\/product\/yoast-seo-wordpress\/ -->\n<title>Jak nauczy\u0107 dziecko \u017cy\u0107? Tabu w bajkach dla dzieci - katarek.pl<\/title>\n<meta name=\"description\" content=\"Jakie bajki powinni\u015bmy czyta\u0107 swoim pociechom? Czy musz\u0105 by\u0107 to tylko opowie\u015bci ko\u0144cz\u0105ce si\u0119 mora\u0142em lub dobrym zako\u0144czeniem? Zdania na ten temat s\u0105 podzielone. Zapraszamy do lektury.\" \/>\n<meta name=\"robots\" content=\"index, follow, max-snippet:-1, max-image-preview:large, max-video-preview:-1\" \/>\n<link rel=\"canonical\" href=\"https:\/\/katarek.pl\/jak-nauczyc-dziecko-zyc-tabu-w-bajkach-dla-dzieci\/\" \/>\n<meta property=\"og:locale\" content=\"pl_PL\" \/>\n<meta property=\"og:type\" content=\"article\" \/>\n<meta property=\"og:title\" content=\"Jak nauczy\u0107 dziecko \u017cy\u0107? Tabu w bajkach dla dzieci - katarek.pl\" \/>\n<meta property=\"og:description\" content=\"Jakie bajki powinni\u015bmy czyta\u0107 swoim pociechom? Czy musz\u0105 by\u0107 to tylko opowie\u015bci ko\u0144cz\u0105ce si\u0119 mora\u0142em lub dobrym zako\u0144czeniem? Zdania na ten temat s\u0105 podzielone. Zapraszamy do lektury.\" \/>\n<meta property=\"og:url\" content=\"https:\/\/katarek.pl\/jak-nauczyc-dziecko-zyc-tabu-w-bajkach-dla-dzieci\/\" \/>\n<meta property=\"og:site_name\" content=\"katarek.pl\" \/>\n<meta property=\"article:published_time\" content=\"2015-11-04T11:13:31+00:00\" \/>\n<meta property=\"og:image\" content=\"https:\/\/katarek.pl\/wp-content\/uploads\/2015\/11\/czytanie-dziecku.jpg\" \/>\n\t<meta property=\"og:image:width\" content=\"2221\" \/>\n\t<meta property=\"og:image:height\" content=\"1666\" \/>\n\t<meta property=\"og:image:type\" content=\"image\/jpeg\" \/>\n<meta name=\"author\" content=\"katarek\" \/>\n<meta name=\"twitter:card\" content=\"summary_large_image\" \/>\n<meta name=\"twitter:label1\" content=\"Napisane przez\" \/>\n\t<meta name=\"twitter:data1\" content=\"katarek\" \/>\n\t<meta name=\"twitter:label2\" content=\"Szacowany czas czytania\" \/>\n\t<meta name=\"twitter:data2\" content=\"5 minut\" \/>\n<script type=\"application\/ld+json\" class=\"yoast-schema-graph\">{\"@context\":\"https:\\\/\\\/schema.org\",\"@graph\":[{\"@type\":\"Article\",\"@id\":\"https:\\\/\\\/katarek.pl\\\/jak-nauczyc-dziecko-zyc-tabu-w-bajkach-dla-dzieci\\\/#article\",\"isPartOf\":{\"@id\":\"https:\\\/\\\/katarek.pl\\\/jak-nauczyc-dziecko-zyc-tabu-w-bajkach-dla-dzieci\\\/\"},\"author\":{\"name\":\"katarek\",\"@id\":\"https:\\\/\\\/katarek.pl\\\/#\\\/schema\\\/person\\\/c7267555b2aaad4c6d15146a155bc430\"},\"headline\":\"Jak nauczy\u0107 dziecko \u017cy\u0107? Tabu w bajkach dla dzieci\",\"datePublished\":\"2015-11-04T11:13:31+00:00\",\"mainEntityOfPage\":{\"@id\":\"https:\\\/\\\/katarek.pl\\\/jak-nauczyc-dziecko-zyc-tabu-w-bajkach-dla-dzieci\\\/\"},\"wordCount\":1012,\"commentCount\":0,\"image\":{\"@id\":\"https:\\\/\\\/katarek.pl\\\/jak-nauczyc-dziecko-zyc-tabu-w-bajkach-dla-dzieci\\\/#primaryimage\"},\"thumbnailUrl\":\"https:\\\/\\\/katarek.pl\\\/wp-content\\\/uploads\\\/2015\\\/11\\\/czytanie-dziecku.jpg\",\"articleSection\":[\"Dziecko\",\"Rozw\u00f3j i wychowanie\"],\"inLanguage\":\"pl-PL\"},{\"@type\":\"WebPage\",\"@id\":\"https:\\\/\\\/katarek.pl\\\/jak-nauczyc-dziecko-zyc-tabu-w-bajkach-dla-dzieci\\\/\",\"url\":\"https:\\\/\\\/katarek.pl\\\/jak-nauczyc-dziecko-zyc-tabu-w-bajkach-dla-dzieci\\\/\",\"name\":\"Jak nauczy\u0107 dziecko \u017cy\u0107? Tabu w bajkach dla dzieci - katarek.pl\",\"isPartOf\":{\"@id\":\"https:\\\/\\\/katarek.pl\\\/#website\"},\"primaryImageOfPage\":{\"@id\":\"https:\\\/\\\/katarek.pl\\\/jak-nauczyc-dziecko-zyc-tabu-w-bajkach-dla-dzieci\\\/#primaryimage\"},\"image\":{\"@id\":\"https:\\\/\\\/katarek.pl\\\/jak-nauczyc-dziecko-zyc-tabu-w-bajkach-dla-dzieci\\\/#primaryimage\"},\"thumbnailUrl\":\"https:\\\/\\\/katarek.pl\\\/wp-content\\\/uploads\\\/2015\\\/11\\\/czytanie-dziecku.jpg\",\"datePublished\":\"2015-11-04T11:13:31+00:00\",\"author\":{\"@id\":\"https:\\\/\\\/katarek.pl\\\/#\\\/schema\\\/person\\\/c7267555b2aaad4c6d15146a155bc430\"},\"description\":\"Jakie bajki powinni\u015bmy czyta\u0107 swoim pociechom? Czy musz\u0105 by\u0107 to tylko opowie\u015bci ko\u0144cz\u0105ce si\u0119 mora\u0142em lub dobrym zako\u0144czeniem? Zdania na ten temat s\u0105 podzielone. Zapraszamy do lektury.\",\"breadcrumb\":{\"@id\":\"https:\\\/\\\/katarek.pl\\\/jak-nauczyc-dziecko-zyc-tabu-w-bajkach-dla-dzieci\\\/#breadcrumb\"},\"inLanguage\":\"pl-PL\",\"potentialAction\":[{\"@type\":\"ReadAction\",\"target\":[\"https:\\\/\\\/katarek.pl\\\/jak-nauczyc-dziecko-zyc-tabu-w-bajkach-dla-dzieci\\\/\"]}]},{\"@type\":\"ImageObject\",\"inLanguage\":\"pl-PL\",\"@id\":\"https:\\\/\\\/katarek.pl\\\/jak-nauczyc-dziecko-zyc-tabu-w-bajkach-dla-dzieci\\\/#primaryimage\",\"url\":\"https:\\\/\\\/katarek.pl\\\/wp-content\\\/uploads\\\/2015\\\/11\\\/czytanie-dziecku.jpg\",\"contentUrl\":\"https:\\\/\\\/katarek.pl\\\/wp-content\\\/uploads\\\/2015\\\/11\\\/czytanie-dziecku.jpg\",\"width\":2221,\"height\":1666,\"caption\":\"Closeup of Mother and daughter spending time together\"},{\"@type\":\"BreadcrumbList\",\"@id\":\"https:\\\/\\\/katarek.pl\\\/jak-nauczyc-dziecko-zyc-tabu-w-bajkach-dla-dzieci\\\/#breadcrumb\",\"itemListElement\":[{\"@type\":\"ListItem\",\"position\":1,\"name\":\"Home\",\"item\":\"https:\\\/\\\/katarek.pl\\\/\"},{\"@type\":\"ListItem\",\"position\":2,\"name\":\"Blog\",\"item\":\"https:\\\/\\\/katarek.pl\\\/blog\\\/\"},{\"@type\":\"ListItem\",\"position\":3,\"name\":\"Jak nauczy\u0107 dziecko \u017cy\u0107? Tabu w bajkach dla dzieci\"}]},{\"@type\":\"WebSite\",\"@id\":\"https:\\\/\\\/katarek.pl\\\/#website\",\"url\":\"https:\\\/\\\/katarek.pl\\\/\",\"name\":\"katarek.pl\",\"description\":\"\",\"potentialAction\":[{\"@type\":\"SearchAction\",\"target\":{\"@type\":\"EntryPoint\",\"urlTemplate\":\"https:\\\/\\\/katarek.pl\\\/?s={search_term_string}\"},\"query-input\":{\"@type\":\"PropertyValueSpecification\",\"valueRequired\":true,\"valueName\":\"search_term_string\"}}],\"inLanguage\":\"pl-PL\"},{\"@type\":\"Person\",\"@id\":\"https:\\\/\\\/katarek.pl\\\/#\\\/schema\\\/person\\\/c7267555b2aaad4c6d15146a155bc430\",\"name\":\"katarek\",\"url\":\"https:\\\/\\\/katarek.pl\\\/author\\\/katarek\\\/\"}]}<\/script>\n<!-- \/ Yoast SEO plugin. -->","yoast_head_json":{"title":"Jak nauczy\u0107 dziecko \u017cy\u0107? Tabu w bajkach dla dzieci - katarek.pl","description":"Jakie bajki powinni\u015bmy czyta\u0107 swoim pociechom? Czy musz\u0105 by\u0107 to tylko opowie\u015bci ko\u0144cz\u0105ce si\u0119 mora\u0142em lub dobrym zako\u0144czeniem? Zdania na ten temat s\u0105 podzielone. Zapraszamy do lektury.","robots":{"index":"index","follow":"follow","max-snippet":"max-snippet:-1","max-image-preview":"max-image-preview:large","max-video-preview":"max-video-preview:-1"},"canonical":"https:\/\/katarek.pl\/jak-nauczyc-dziecko-zyc-tabu-w-bajkach-dla-dzieci\/","og_locale":"pl_PL","og_type":"article","og_title":"Jak nauczy\u0107 dziecko \u017cy\u0107? Tabu w bajkach dla dzieci - katarek.pl","og_description":"Jakie bajki powinni\u015bmy czyta\u0107 swoim pociechom? Czy musz\u0105 by\u0107 to tylko opowie\u015bci ko\u0144cz\u0105ce si\u0119 mora\u0142em lub dobrym zako\u0144czeniem? Zdania na ten temat s\u0105 podzielone. Zapraszamy do lektury.","og_url":"https:\/\/katarek.pl\/jak-nauczyc-dziecko-zyc-tabu-w-bajkach-dla-dzieci\/","og_site_name":"katarek.pl","article_published_time":"2015-11-04T11:13:31+00:00","og_image":[{"width":2221,"height":1666,"url":"https:\/\/katarek.pl\/wp-content\/uploads\/2015\/11\/czytanie-dziecku.jpg","type":"image\/jpeg"}],"author":"katarek","twitter_card":"summary_large_image","twitter_misc":{"Napisane przez":"katarek","Szacowany czas czytania":"5 minut"},"schema":{"@context":"https:\/\/schema.org","@graph":[{"@type":"Article","@id":"https:\/\/katarek.pl\/jak-nauczyc-dziecko-zyc-tabu-w-bajkach-dla-dzieci\/#article","isPartOf":{"@id":"https:\/\/katarek.pl\/jak-nauczyc-dziecko-zyc-tabu-w-bajkach-dla-dzieci\/"},"author":{"name":"katarek","@id":"https:\/\/katarek.pl\/#\/schema\/person\/c7267555b2aaad4c6d15146a155bc430"},"headline":"Jak nauczy\u0107 dziecko \u017cy\u0107? Tabu w bajkach dla dzieci","datePublished":"2015-11-04T11:13:31+00:00","mainEntityOfPage":{"@id":"https:\/\/katarek.pl\/jak-nauczyc-dziecko-zyc-tabu-w-bajkach-dla-dzieci\/"},"wordCount":1012,"commentCount":0,"image":{"@id":"https:\/\/katarek.pl\/jak-nauczyc-dziecko-zyc-tabu-w-bajkach-dla-dzieci\/#primaryimage"},"thumbnailUrl":"https:\/\/katarek.pl\/wp-content\/uploads\/2015\/11\/czytanie-dziecku.jpg","articleSection":["Dziecko","Rozw\u00f3j i wychowanie"],"inLanguage":"pl-PL"},{"@type":"WebPage","@id":"https:\/\/katarek.pl\/jak-nauczyc-dziecko-zyc-tabu-w-bajkach-dla-dzieci\/","url":"https:\/\/katarek.pl\/jak-nauczyc-dziecko-zyc-tabu-w-bajkach-dla-dzieci\/","name":"Jak nauczy\u0107 dziecko \u017cy\u0107? Tabu w bajkach dla dzieci - katarek.pl","isPartOf":{"@id":"https:\/\/katarek.pl\/#website"},"primaryImageOfPage":{"@id":"https:\/\/katarek.pl\/jak-nauczyc-dziecko-zyc-tabu-w-bajkach-dla-dzieci\/#primaryimage"},"image":{"@id":"https:\/\/katarek.pl\/jak-nauczyc-dziecko-zyc-tabu-w-bajkach-dla-dzieci\/#primaryimage"},"thumbnailUrl":"https:\/\/katarek.pl\/wp-content\/uploads\/2015\/11\/czytanie-dziecku.jpg","datePublished":"2015-11-04T11:13:31+00:00","author":{"@id":"https:\/\/katarek.pl\/#\/schema\/person\/c7267555b2aaad4c6d15146a155bc430"},"description":"Jakie bajki powinni\u015bmy czyta\u0107 swoim pociechom? Czy musz\u0105 by\u0107 to tylko opowie\u015bci ko\u0144cz\u0105ce si\u0119 mora\u0142em lub dobrym zako\u0144czeniem? Zdania na ten temat s\u0105 podzielone. Zapraszamy do lektury.","breadcrumb":{"@id":"https:\/\/katarek.pl\/jak-nauczyc-dziecko-zyc-tabu-w-bajkach-dla-dzieci\/#breadcrumb"},"inLanguage":"pl-PL","potentialAction":[{"@type":"ReadAction","target":["https:\/\/katarek.pl\/jak-nauczyc-dziecko-zyc-tabu-w-bajkach-dla-dzieci\/"]}]},{"@type":"ImageObject","inLanguage":"pl-PL","@id":"https:\/\/katarek.pl\/jak-nauczyc-dziecko-zyc-tabu-w-bajkach-dla-dzieci\/#primaryimage","url":"https:\/\/katarek.pl\/wp-content\/uploads\/2015\/11\/czytanie-dziecku.jpg","contentUrl":"https:\/\/katarek.pl\/wp-content\/uploads\/2015\/11\/czytanie-dziecku.jpg","width":2221,"height":1666,"caption":"Closeup of Mother and daughter spending time together"},{"@type":"BreadcrumbList","@id":"https:\/\/katarek.pl\/jak-nauczyc-dziecko-zyc-tabu-w-bajkach-dla-dzieci\/#breadcrumb","itemListElement":[{"@type":"ListItem","position":1,"name":"Home","item":"https:\/\/katarek.pl\/"},{"@type":"ListItem","position":2,"name":"Blog","item":"https:\/\/katarek.pl\/blog\/"},{"@type":"ListItem","position":3,"name":"Jak nauczy\u0107 dziecko \u017cy\u0107? Tabu w bajkach dla dzieci"}]},{"@type":"WebSite","@id":"https:\/\/katarek.pl\/#website","url":"https:\/\/katarek.pl\/","name":"katarek.pl","description":"","potentialAction":[{"@type":"SearchAction","target":{"@type":"EntryPoint","urlTemplate":"https:\/\/katarek.pl\/?s={search_term_string}"},"query-input":{"@type":"PropertyValueSpecification","valueRequired":true,"valueName":"search_term_string"}}],"inLanguage":"pl-PL"},{"@type":"Person","@id":"https:\/\/katarek.pl\/#\/schema\/person\/c7267555b2aaad4c6d15146a155bc430","name":"katarek","url":"https:\/\/katarek.pl\/author\/katarek\/"}]}},"acf":[],"gutenberg_blocks":[{"blockName":"custom-styles","attrs":{"styles":""}}],"meta_data":false,"featured_image":{"url":"https:\/\/katarek.pl\/wp-content\/uploads\/2015\/11\/czytanie-dziecku-1024x768.jpg"},"main_category":{"name":"Dziecko"},"prev_page":{"slug":"czy-katarem-mozna-zarazic-dziecko"},"next_page":{"slug":"przeziebienie-w-ciazy-2"},"_links":{"self":[{"href":"https:\/\/katarek.pl\/index.php\/wp-json\/wp\/v2\/posts\/1259","targetHints":{"allow":["GET"]}}],"collection":[{"href":"https:\/\/katarek.pl\/index.php\/wp-json\/wp\/v2\/posts"}],"about":[{"href":"https:\/\/katarek.pl\/index.php\/wp-json\/wp\/v2\/types\/post"}],"author":[{"embeddable":true,"href":"https:\/\/katarek.pl\/index.php\/wp-json\/wp\/v2\/users\/7"}],"replies":[{"embeddable":true,"href":"https:\/\/katarek.pl\/index.php\/wp-json\/wp\/v2\/comments?post=1259"}],"version-history":[{"count":0,"href":"https:\/\/katarek.pl\/index.php\/wp-json\/wp\/v2\/posts\/1259\/revisions"}],"wp:featuredmedia":[{"embeddable":true,"href":"https:\/\/katarek.pl\/index.php\/wp-json\/wp\/v2\/media\/2916"}],"wp:attachment":[{"href":"https:\/\/katarek.pl\/index.php\/wp-json\/wp\/v2\/media?parent=1259"}],"wp:term":[{"taxonomy":"category","embeddable":true,"href":"https:\/\/katarek.pl\/index.php\/wp-json\/wp\/v2\/categories?post=1259"},{"taxonomy":"post_tag","embeddable":true,"href":"https:\/\/katarek.pl\/index.php\/wp-json\/wp\/v2\/tags?post=1259"}],"curies":[{"name":"wp","href":"https:\/\/api.w.org\/{rel}","templated":true}]}}